{"id":341642,"date":"2023-01-05T16:54:21","date_gmt":"2023-01-05T15:54:21","guid":{"rendered":"https:\/\/dicodusport.fr\/blog\/?p=341642&#038;preview=true&#038;preview_id=341642"},"modified":"2023-01-05T18:41:18","modified_gmt":"2023-01-05T17:41:18","slug":"inquietude-pour-mathieu-van-der-poel-qui-souffre-a-nouveau-du-dos","status":"publish","type":"post","link":"https:\/\/dicodusport.fr\/blog\/inquietude-pour-mathieu-van-der-poel-qui-souffre-a-nouveau-du-dos\/","title":{"rendered":"Inqui\u00e9tude pour Mathieu van der Poel qui souffre \u00e0 nouveau du dos"},"content":{"rendered":"<p style=\"text-align: justify;\" align=\"justify\"><em><strong>CYCLO-CROSS &#8211; Deuxi\u00e8me sur l&rsquo;X2O Badkamers Trofee de Coxyde mais loin derri\u00e8re Wout Van Aert (1:38)<\/strong><\/em><em><strong>, Mathieu van der Poel (Alpecin-Fenix) a confi\u00e9 \u00e0 Eurosport qu&rsquo;il souffrait \u00e0 nouveau du dos.\u00a0<\/strong><\/em><\/p>\n<p style=\"text-align: justify;\" align=\"justify\">D\u00e9cid\u00e9ment, les probl\u00e8mes de dos du double vainqueur du <strong>Tour des Flandres<\/strong> ne sont toujours pas derri\u00e8re lui. <strong>Mathieu van der Poel<\/strong> se dit lui-m\u00eame inquiet du retour de ses douleurs au dos qu&rsquo;il tra\u00eene depuis sa chute lors des <strong>Jeux<\/strong> <strong>Olympiques<\/strong> de Tokyo, sur l&rsquo;\u00e9preuve de VTT. S&rsquo;il prend la deuxi\u00e8me place sur la cinqui\u00e8me manche du X2O Trofee, il \u00e9tait incapable de rivaliser avec <strong>Wout Van Aert<\/strong>. \u00c0 l&rsquo;arriv\u00e9e, MVDP s&rsquo;est expliqu\u00e9.<\/p>\n<blockquote>\n<p style=\"text-align: justify;\" align=\"justify\">J&rsquo;ai encore eu beaucoup de mal avec mon dos aujourd&rsquo;hui. C&rsquo;est chiant, mais c&rsquo;est comme \u00e7a&#8230; J&rsquo;attendais beaucoup de la course d&rsquo;aujourd&rsquo;hui et les jambes \u00e9taient bonnes, mais je n&rsquo;ai pas pu tout donner. Je suis un peu inquiet pour mon dos en ce moment.<em><br \/>\n<\/em><\/p>\n<\/blockquote>\n<p style=\"text-align: justify;\" align=\"justify\">Pour l&rsquo;instant, le <strong>N\u00e9erlandais<\/strong> devrait continuer son programme jusqu&rsquo;aux <strong>Mondiaux<\/strong> de cyclo-cross, mais ses sensations lors des prochaines courses pourraient le faire changer d&rsquo;avis, afin qu&rsquo;il n&rsquo;hypoth\u00e8que pas sa saison 2023 sur route.<\/p>\n<blockquote class=\"twitter-tweet\">\n<p dir=\"ltr\" lang=\"en\">\ud83c\uddf3\ud83c\uddf1 Mathieu van der Poel<\/p>\n<p>\ud83d\udde3\ufe0f \u00ab\u00a0I struggled a lot with my back again today. It sucks, but it&rsquo;s like that&#8230; I had big expectations of today&rsquo;s race and the legs were good, but I wasn&rsquo;t able to give it my all. I&rsquo;m a little worried about my back at this moment.\u00a0\u00bb<a href=\"https:\/\/twitter.com\/hashtag\/X20BadkamersTrofee?src=hash&amp;ref_src=twsrc%5Etfw\">#X20BadkamersTrofee<\/a><\/p>\n<p>\u2014 Domestique (@Domestique___) <a href=\"https:\/\/twitter.com\/Domestique___\/status\/1611019021448527872?ref_src=twsrc%5Etfw\">January 5, 2023<\/a><\/p><\/blockquote>\n<p style=\"text-align: justify;\"><script async src=\"https:\/\/platform.twitter.com\/widgets.js\" charset=\"utf-8\"><\/script><\/p>\n","protected":false},"excerpt":{"rendered":"<p>CYCLO-CROSS &#8211; Deuxi\u00e8me \u00e0 Coxyde mais loin derri\u00e8re Wout Van Aert, Mathieu van der Poel a confi\u00e9 \u00e0 Eurosport qu&rsquo;il souffrait \u00e0 nouveau du dos.\u00a0<\/p>\n","protected":false},"author":1,"featured_media":341650,"comment_status":"open","ping_status":"closed","sticky":false,"template":"","format":"standard","meta":{"_acf_changed":false,"_daextam_enable_autolinks":"","footnotes":""},"categories":[9611],"tags":[6666,6597,9202],"class_list":["post-341642","post","type-post","status-publish","format-standard","has-post-thumbnail","hentry","category-cyclo-cross","tag-cyclo-cross","tag-mathieu-van-der-poel","tag-van-der-poel"],"acf":[],"yoast_head":"<!-- This site is optimized with the Yoast SEO Premium plugin v26.7 (Yoast SEO v26.7) - https:\/\/yoast.com\/wordpress\/plugins\/seo\/ -->\n<title>Inqui\u00e9tude pour Mathieu van der Poel qui souffre \u00e0 nouveau du dos<\/title>\n<meta name=\"description\" content=\"CYCLO-CROSS - Deuxi\u00e8me \u00e0 Coxyde mais loin derri\u00e8re Wout Van Aert, Mathieu van der Poel a confi\u00e9 \u00e0 Eurosport qu&#039;il souffrait \u00e0 nouveau du dos.\u00a0\" \/>\n<meta name=\"robots\" content=\"index, follow, max-snippet:-1, max-image-preview:large, max-video-preview:-1\" \/>\n<link rel=\"canonical\" href=\"https:\/\/dicodusport.fr\/blog\/inquietude-pour-mathieu-van-der-poel-qui-souffre-a-nouveau-du-dos\/\" \/>\n<meta property=\"og:locale\" content=\"fr_FR\" \/>\n<meta property=\"og:type\" content=\"article\" \/>\n<meta property=\"og:title\" content=\"Inqui\u00e9tude pour Mathieu van der Poel qui souffre \u00e0 nouveau du dos\" \/>\n<meta property=\"og:description\" content=\"CYCLO-CROSS - Deuxi\u00e8me \u00e0 Coxyde mais loin derri\u00e8re Wout Van Aert, Mathieu van der Poel a confi\u00e9 \u00e0 Eurosport qu&#039;il souffrait \u00e0 nouveau du dos.\u00a0\" \/>\n<meta property=\"og:url\" content=\"https:\/\/dicodusport.fr\/blog\/inquietude-pour-mathieu-van-der-poel-qui-souffre-a-nouveau-du-dos\/\" \/>\n<meta property=\"og:site_name\" content=\"Dicodusport\" \/>\n<meta property=\"article:publisher\" content=\"https:\/\/www.facebook.com\/dicodusport\" \/>\n<meta property=\"article:author\" content=\"https:\/\/www.facebook.com\/dicodusport\" \/>\n<meta property=\"article:published_time\" content=\"2023-01-05T15:54:21+00:00\" \/>\n<meta property=\"article:modified_time\" content=\"2023-01-05T17:41:18+00:00\" \/>\n<meta property=\"og:image\" content=\"https:\/\/dicodusport.fr\/blog\/wp-content\/uploads\/2023\/01\/Inquietude-pour-Mathieu-van-der-Poel-qui-souffre-a-nouveau-du-dos.png\" \/>\n\t<meta property=\"og:image:width\" content=\"800\" \/>\n\t<meta property=\"og:image:height\" content=\"445\" \/>\n\t<meta property=\"og:image:type\" content=\"image\/png\" \/>\n<meta name=\"author\" content=\"Nicolas Jacquemard\" \/>\n<meta name=\"twitter:card\" content=\"summary_large_image\" \/>\n<meta name=\"twitter:title\" content=\"Inqui\u00e9tude pour Mathieu van der Poel qui souffre \u00e0 nouveau du dos\" \/>\n<meta name=\"twitter:creator\" content=\"@https:\/\/twitter.com\/Nico_Jacquemard\" \/>\n<meta name=\"twitter:site\" content=\"@dicodusport\" \/>\n<script type=\"application\/ld+json\" class=\"yoast-schema-graph\">{\"@context\":\"https:\/\/schema.org\",\"@graph\":[{\"@type\":\"NewsArticle\",\"@id\":\"https:\/\/dicodusport.fr\/blog\/inquietude-pour-mathieu-van-der-poel-qui-souffre-a-nouveau-du-dos\/#article\",\"isPartOf\":{\"@id\":\"https:\/\/dicodusport.fr\/blog\/inquietude-pour-mathieu-van-der-poel-qui-souffre-a-nouveau-du-dos\/\"},\"author\":{\"name\":\"Nicolas Jacquemard\",\"@id\":\"https:\/\/dicodusport.fr\/blog\/#\/schema\/person\/55dcb50ad410894e431ed812bbb70191\"},\"headline\":\"Inqui\u00e9tude pour Mathieu van der Poel qui souffre \u00e0 nouveau du dos\",\"datePublished\":\"2023-01-05T15:54:21+00:00\",\"dateModified\":\"2023-01-05T17:41:18+00:00\",\"mainEntityOfPage\":{\"@id\":\"https:\/\/dicodusport.fr\/blog\/inquietude-pour-mathieu-van-der-poel-qui-souffre-a-nouveau-du-dos\/\"},\"wordCount\":284,\"commentCount\":0,\"publisher\":{\"@id\":\"https:\/\/dicodusport.fr\/blog\/#organization\"},\"image\":{\"@id\":\"https:\/\/dicodusport.fr\/blog\/inquietude-pour-mathieu-van-der-poel-qui-souffre-a-nouveau-du-dos\/#primaryimage\"},\"thumbnailUrl\":\"https:\/\/dicodusport.fr\/blog\/wp-content\/uploads\/2023\/01\/Inquietude-pour-Mathieu-van-der-Poel-qui-souffre-a-nouveau-du-dos.png\",\"keywords\":[\"Cyclo-cross\",\"Mathieu van der Poel\",\"van der Poel\"],\"articleSection\":[\"Cyclo-cross\"],\"inLanguage\":\"fr-FR\",\"potentialAction\":[{\"@type\":\"CommentAction\",\"name\":\"Comment\",\"target\":[\"https:\/\/dicodusport.fr\/blog\/inquietude-pour-mathieu-van-der-poel-qui-souffre-a-nouveau-du-dos\/#respond\"]}],\"copyrightYear\":\"2023\",\"copyrightHolder\":{\"@id\":\"https:\/\/dicodusport.fr\/blog\/#organization\"}},{\"@type\":\"WebPage\",\"@id\":\"https:\/\/dicodusport.fr\/blog\/inquietude-pour-mathieu-van-der-poel-qui-souffre-a-nouveau-du-dos\/\",\"url\":\"https:\/\/dicodusport.fr\/blog\/inquietude-pour-mathieu-van-der-poel-qui-souffre-a-nouveau-du-dos\/\",\"name\":\"Inqui\u00e9tude pour Mathieu van der Poel qui souffre \u00e0 nouveau du dos\",\"isPartOf\":{\"@id\":\"https:\/\/dicodusport.fr\/blog\/#website\"},\"primaryImageOfPage\":{\"@id\":\"https:\/\/dicodusport.fr\/blog\/inquietude-pour-mathieu-van-der-poel-qui-souffre-a-nouveau-du-dos\/#primaryimage\"},\"image\":{\"@id\":\"https:\/\/dicodusport.fr\/blog\/inquietude-pour-mathieu-van-der-poel-qui-souffre-a-nouveau-du-dos\/#primaryimage\"},\"thumbnailUrl\":\"https:\/\/dicodusport.fr\/blog\/wp-content\/uploads\/2023\/01\/Inquietude-pour-Mathieu-van-der-Poel-qui-souffre-a-nouveau-du-dos.png\",\"datePublished\":\"2023-01-05T15:54:21+00:00\",\"dateModified\":\"2023-01-05T17:41:18+00:00\",\"description\":\"CYCLO-CROSS - Deuxi\u00e8me \u00e0 Coxyde mais loin derri\u00e8re Wout Van Aert, Mathieu van der Poel a confi\u00e9 \u00e0 Eurosport qu'il souffrait \u00e0 nouveau du dos.\u00a0\",\"breadcrumb\":{\"@id\":\"https:\/\/dicodusport.fr\/blog\/inquietude-pour-mathieu-van-der-poel-qui-souffre-a-nouveau-du-dos\/#breadcrumb\"},\"inLanguage\":\"fr-FR\",\"potentialAction\":[{\"@type\":\"ReadAction\",\"target\":[\"https:\/\/dicodusport.fr\/blog\/inquietude-pour-mathieu-van-der-poel-qui-souffre-a-nouveau-du-dos\/\"]}]},{\"@type\":\"ImageObject\",\"inLanguage\":\"fr-FR\",\"@id\":\"https:\/\/dicodusport.fr\/blog\/inquietude-pour-mathieu-van-der-poel-qui-souffre-a-nouveau-du-dos\/#primaryimage\",\"url\":\"https:\/\/dicodusport.fr\/blog\/wp-content\/uploads\/2023\/01\/Inquietude-pour-Mathieu-van-der-Poel-qui-souffre-a-nouveau-du-dos.png\",\"contentUrl\":\"https:\/\/dicodusport.fr\/blog\/wp-content\/uploads\/2023\/01\/Inquietude-pour-Mathieu-van-der-Poel-qui-souffre-a-nouveau-du-dos.png\",\"width\":800,\"height\":445},{\"@type\":\"BreadcrumbList\",\"@id\":\"https:\/\/dicodusport.fr\/blog\/inquietude-pour-mathieu-van-der-poel-qui-souffre-a-nouveau-du-dos\/#breadcrumb\",\"itemListElement\":[{\"@type\":\"ListItem\",\"position\":1,\"name\":\"Accueil\",\"item\":\"https:\/\/dicodusport.fr\/blog\/\"},{\"@type\":\"ListItem\",\"position\":2,\"name\":\"Inqui\u00e9tude pour Mathieu van der Poel qui souffre \u00e0 nouveau du dos\"}]},{\"@type\":\"WebSite\",\"@id\":\"https:\/\/dicodusport.fr\/blog\/#website\",\"url\":\"https:\/\/dicodusport.fr\/blog\/\",\"name\":\"Dicodusport\",\"description\":\"L&#039;encyclop\u00e9die de l&#039;actualit\u00e9 sportive\",\"publisher\":{\"@id\":\"https:\/\/dicodusport.fr\/blog\/#organization\"},\"potentialAction\":[{\"@type\":\"SearchAction\",\"target\":{\"@type\":\"EntryPoint\",\"urlTemplate\":\"https:\/\/dicodusport.fr\/blog\/?s={search_term_string}\"},\"query-input\":{\"@type\":\"PropertyValueSpecification\",\"valueRequired\":true,\"valueName\":\"search_term_string\"}}],\"inLanguage\":\"fr-FR\"},{\"@type\":\"NewsMediaOrganization\",\"@id\":\"https:\/\/dicodusport.fr\/blog\/#organization\",\"name\":\"Dicodusport\",\"url\":\"https:\/\/dicodusport.fr\/blog\/\",\"logo\":{\"@type\":\"ImageObject\",\"inLanguage\":\"fr-FR\",\"@id\":\"https:\/\/dicodusport.fr\/blog\/#\/schema\/logo\/image\/\",\"url\":\"https:\/\/dicodusport.fr\/blog\/wp-content\/uploads\/2020\/06\/cropped-LOGO-DICODUSPORT-2020-SANS-FOND-SANS-TEXTE.png\",\"contentUrl\":\"https:\/\/dicodusport.fr\/blog\/wp-content\/uploads\/2020\/06\/cropped-LOGO-DICODUSPORT-2020-SANS-FOND-SANS-TEXTE.png\",\"width\":512,\"height\":512,\"caption\":\"Dicodusport\"},\"image\":{\"@id\":\"https:\/\/dicodusport.fr\/blog\/#\/schema\/logo\/image\/\"},\"sameAs\":[\"https:\/\/www.facebook.com\/dicodusport\",\"https:\/\/x.com\/dicodusport\",\"https:\/\/www.instagram.com\/dicodusport\/\",\"https:\/\/www.youtube.com\/channel\/UC7V2KZ5sd3htJivAbA4ZG3w\"],\"description\":\"Dicodusport est l'encyclop\u00e9die de l'actualit\u00e9 sportive.\",\"email\":\"bonjour@dicodusport.fr\",\"legalName\":\"DICODUSPORT\",\"foundingDate\":\"2018-01-14\",\"vatID\":\"FR71834470973\",\"taxID\":\"83447097300043\",\"numberOfEmployees\":{\"@type\":\"QuantitativeValue\",\"minValue\":\"1\",\"maxValue\":\"10\"}},{\"@type\":\"Person\",\"@id\":\"https:\/\/dicodusport.fr\/blog\/#\/schema\/person\/55dcb50ad410894e431ed812bbb70191\",\"name\":\"Nicolas Jacquemard\",\"image\":{\"@type\":\"ImageObject\",\"inLanguage\":\"fr-FR\",\"@id\":\"https:\/\/dicodusport.fr\/blog\/#\/schema\/person\/image\/\",\"url\":\"https:\/\/dicodusport.fr\/blog\/wp-content\/uploads\/2021\/05\/Nicolas-Jacquemard-150x150.jpeg\",\"contentUrl\":\"https:\/\/dicodusport.fr\/blog\/wp-content\/uploads\/2021\/05\/Nicolas-Jacquemard-150x150.jpeg\",\"caption\":\"Nicolas Jacquemard\"},\"description\":\"Passionn\u00e9 de sport et entrepreneur depuis mes 18 ans, la cr\u00e9ation de Dicodusport m'a sembl\u00e9 \u00e9vidente pour participer \u00e0 la m\u00e9diatisation d'un plus grand nombre de sports. Le chemin est long mais avec une \u00e9quipe des plus motiv\u00e9es et les Jeux Olympiques de Paris 2024 en point de mire, nous y arriverons ! Journaliste dans le monde du sport depuis plus de 5 ans, je traite aussi bien de football, de rugby, de biathlon que de cyclisme.\",\"sameAs\":[\"https:\/\/www.facebook.com\/dicodusport\",\"https:\/\/x.com\/https:\/\/twitter.com\/Nico_Jacquemard\"],\"url\":\"https:\/\/dicodusport.fr\/blog\/author\/dicodusport\/\"}]}<\/script>\n<!-- \/ Yoast SEO Premium plugin. -->","yoast_head_json":{"title":"Inqui\u00e9tude pour Mathieu van der Poel qui souffre \u00e0 nouveau du dos","description":"CYCLO-CROSS - Deuxi\u00e8me \u00e0 Coxyde mais loin derri\u00e8re Wout Van Aert, Mathieu van der Poel a confi\u00e9 \u00e0 Eurosport qu'il souffrait \u00e0 nouveau du dos.\u00a0","robots":{"index":"index","follow":"follow","max-snippet":"max-snippet:-1","max-image-preview":"max-image-preview:large","max-video-preview":"max-video-preview:-1"},"canonical":"https:\/\/dicodusport.fr\/blog\/inquietude-pour-mathieu-van-der-poel-qui-souffre-a-nouveau-du-dos\/","og_locale":"fr_FR","og_type":"article","og_title":"Inqui\u00e9tude pour Mathieu van der Poel qui souffre \u00e0 nouveau du dos","og_description":"CYCLO-CROSS - Deuxi\u00e8me \u00e0 Coxyde mais loin derri\u00e8re Wout Van Aert, Mathieu van der Poel a confi\u00e9 \u00e0 Eurosport qu'il souffrait \u00e0 nouveau du dos.\u00a0","og_url":"https:\/\/dicodusport.fr\/blog\/inquietude-pour-mathieu-van-der-poel-qui-souffre-a-nouveau-du-dos\/","og_site_name":"Dicodusport","article_publisher":"https:\/\/www.facebook.com\/dicodusport","article_author":"https:\/\/www.facebook.com\/dicodusport","article_published_time":"2023-01-05T15:54:21+00:00","article_modified_time":"2023-01-05T17:41:18+00:00","og_image":[{"width":800,"height":445,"url":"https:\/\/dicodusport.fr\/blog\/wp-content\/uploads\/2023\/01\/Inquietude-pour-Mathieu-van-der-Poel-qui-souffre-a-nouveau-du-dos.png","type":"image\/png"}],"author":"Nicolas Jacquemard","twitter_card":"summary_large_image","twitter_title":"Inqui\u00e9tude pour Mathieu van der Poel qui souffre \u00e0 nouveau du dos","twitter_creator":"@https:\/\/twitter.com\/Nico_Jacquemard","twitter_site":"@dicodusport","schema":{"@context":"https:\/\/schema.org","@graph":[{"@type":"NewsArticle","@id":"https:\/\/dicodusport.fr\/blog\/inquietude-pour-mathieu-van-der-poel-qui-souffre-a-nouveau-du-dos\/#article","isPartOf":{"@id":"https:\/\/dicodusport.fr\/blog\/inquietude-pour-mathieu-van-der-poel-qui-souffre-a-nouveau-du-dos\/"},"author":{"name":"Nicolas Jacquemard","@id":"https:\/\/dicodusport.fr\/blog\/#\/schema\/person\/55dcb50ad410894e431ed812bbb70191"},"headline":"Inqui\u00e9tude pour Mathieu van der Poel qui souffre \u00e0 nouveau du dos","datePublished":"2023-01-05T15:54:21+00:00","dateModified":"2023-01-05T17:41:18+00:00","mainEntityOfPage":{"@id":"https:\/\/dicodusport.fr\/blog\/inquietude-pour-mathieu-van-der-poel-qui-souffre-a-nouveau-du-dos\/"},"wordCount":284,"commentCount":0,"publisher":{"@id":"https:\/\/dicodusport.fr\/blog\/#organization"},"image":{"@id":"https:\/\/dicodusport.fr\/blog\/inquietude-pour-mathieu-van-der-poel-qui-souffre-a-nouveau-du-dos\/#primaryimage"},"thumbnailUrl":"https:\/\/dicodusport.fr\/blog\/wp-content\/uploads\/2023\/01\/Inquietude-pour-Mathieu-van-der-Poel-qui-souffre-a-nouveau-du-dos.png","keywords":["Cyclo-cross","Mathieu van der Poel","van der Poel"],"articleSection":["Cyclo-cross"],"inLanguage":"fr-FR","potentialAction":[{"@type":"CommentAction","name":"Comment","target":["https:\/\/dicodusport.fr\/blog\/inquietude-pour-mathieu-van-der-poel-qui-souffre-a-nouveau-du-dos\/#respond"]}],"copyrightYear":"2023","copyrightHolder":{"@id":"https:\/\/dicodusport.fr\/blog\/#organization"}},{"@type":"WebPage","@id":"https:\/\/dicodusport.fr\/blog\/inquietude-pour-mathieu-van-der-poel-qui-souffre-a-nouveau-du-dos\/","url":"https:\/\/dicodusport.fr\/blog\/inquietude-pour-mathieu-van-der-poel-qui-souffre-a-nouveau-du-dos\/","name":"Inqui\u00e9tude pour Mathieu van der Poel qui souffre \u00e0 nouveau du dos","isPartOf":{"@id":"https:\/\/dicodusport.fr\/blog\/#website"},"primaryImageOfPage":{"@id":"https:\/\/dicodusport.fr\/blog\/inquietude-pour-mathieu-van-der-poel-qui-souffre-a-nouveau-du-dos\/#primaryimage"},"image":{"@id":"https:\/\/dicodusport.fr\/blog\/inquietude-pour-mathieu-van-der-poel-qui-souffre-a-nouveau-du-dos\/#primaryimage"},"thumbnailUrl":"https:\/\/dicodusport.fr\/blog\/wp-content\/uploads\/2023\/01\/Inquietude-pour-Mathieu-van-der-Poel-qui-souffre-a-nouveau-du-dos.png","datePublished":"2023-01-05T15:54:21+00:00","dateModified":"2023-01-05T17:41:18+00:00","description":"CYCLO-CROSS - Deuxi\u00e8me \u00e0 Coxyde mais loin derri\u00e8re Wout Van Aert, Mathieu van der Poel a confi\u00e9 \u00e0 Eurosport qu'il souffrait \u00e0 nouveau du dos.\u00a0","breadcrumb":{"@id":"https:\/\/dicodusport.fr\/blog\/inquietude-pour-mathieu-van-der-poel-qui-souffre-a-nouveau-du-dos\/#breadcrumb"},"inLanguage":"fr-FR","potentialAction":[{"@type":"ReadAction","target":["https:\/\/dicodusport.fr\/blog\/inquietude-pour-mathieu-van-der-poel-qui-souffre-a-nouveau-du-dos\/"]}]},{"@type":"ImageObject","inLanguage":"fr-FR","@id":"https:\/\/dicodusport.fr\/blog\/inquietude-pour-mathieu-van-der-poel-qui-souffre-a-nouveau-du-dos\/#primaryimage","url":"https:\/\/dicodusport.fr\/blog\/wp-content\/uploads\/2023\/01\/Inquietude-pour-Mathieu-van-der-Poel-qui-souffre-a-nouveau-du-dos.png","contentUrl":"https:\/\/dicodusport.fr\/blog\/wp-content\/uploads\/2023\/01\/Inquietude-pour-Mathieu-van-der-Poel-qui-souffre-a-nouveau-du-dos.png","width":800,"height":445},{"@type":"BreadcrumbList","@id":"https:\/\/dicodusport.fr\/blog\/inquietude-pour-mathieu-van-der-poel-qui-souffre-a-nouveau-du-dos\/#breadcrumb","itemListElement":[{"@type":"ListItem","position":1,"name":"Accueil","item":"https:\/\/dicodusport.fr\/blog\/"},{"@type":"ListItem","position":2,"name":"Inqui\u00e9tude pour Mathieu van der Poel qui souffre \u00e0 nouveau du dos"}]},{"@type":"WebSite","@id":"https:\/\/dicodusport.fr\/blog\/#website","url":"https:\/\/dicodusport.fr\/blog\/","name":"Dicodusport","description":"L&#039;encyclop\u00e9die de l&#039;actualit\u00e9 sportive","publisher":{"@id":"https:\/\/dicodusport.fr\/blog\/#organization"},"potentialAction":[{"@type":"SearchAction","target":{"@type":"EntryPoint","urlTemplate":"https:\/\/dicodusport.fr\/blog\/?s={search_term_string}"},"query-input":{"@type":"PropertyValueSpecification","valueRequired":true,"valueName":"search_term_string"}}],"inLanguage":"fr-FR"},{"@type":"NewsMediaOrganization","@id":"https:\/\/dicodusport.fr\/blog\/#organization","name":"Dicodusport","url":"https:\/\/dicodusport.fr\/blog\/","logo":{"@type":"ImageObject","inLanguage":"fr-FR","@id":"https:\/\/dicodusport.fr\/blog\/#\/schema\/logo\/image\/","url":"https:\/\/dicodusport.fr\/blog\/wp-content\/uploads\/2020\/06\/cropped-LOGO-DICODUSPORT-2020-SANS-FOND-SANS-TEXTE.png","contentUrl":"https:\/\/dicodusport.fr\/blog\/wp-content\/uploads\/2020\/06\/cropped-LOGO-DICODUSPORT-2020-SANS-FOND-SANS-TEXTE.png","width":512,"height":512,"caption":"Dicodusport"},"image":{"@id":"https:\/\/dicodusport.fr\/blog\/#\/schema\/logo\/image\/"},"sameAs":["https:\/\/www.facebook.com\/dicodusport","https:\/\/x.com\/dicodusport","https:\/\/www.instagram.com\/dicodusport\/","https:\/\/www.youtube.com\/channel\/UC7V2KZ5sd3htJivAbA4ZG3w"],"description":"Dicodusport est l'encyclop\u00e9die de l'actualit\u00e9 sportive.","email":"bonjour@dicodusport.fr","legalName":"DICODUSPORT","foundingDate":"2018-01-14","vatID":"FR71834470973","taxID":"83447097300043","numberOfEmployees":{"@type":"QuantitativeValue","minValue":"1","maxValue":"10"}},{"@type":"Person","@id":"https:\/\/dicodusport.fr\/blog\/#\/schema\/person\/55dcb50ad410894e431ed812bbb70191","name":"Nicolas Jacquemard","image":{"@type":"ImageObject","inLanguage":"fr-FR","@id":"https:\/\/dicodusport.fr\/blog\/#\/schema\/person\/image\/","url":"https:\/\/dicodusport.fr\/blog\/wp-content\/uploads\/2021\/05\/Nicolas-Jacquemard-150x150.jpeg","contentUrl":"https:\/\/dicodusport.fr\/blog\/wp-content\/uploads\/2021\/05\/Nicolas-Jacquemard-150x150.jpeg","caption":"Nicolas Jacquemard"},"description":"Passionn\u00e9 de sport et entrepreneur depuis mes 18 ans, la cr\u00e9ation de Dicodusport m'a sembl\u00e9 \u00e9vidente pour participer \u00e0 la m\u00e9diatisation d'un plus grand nombre de sports. Le chemin est long mais avec une \u00e9quipe des plus motiv\u00e9es et les Jeux Olympiques de Paris 2024 en point de mire, nous y arriverons ! Journaliste dans le monde du sport depuis plus de 5 ans, je traite aussi bien de football, de rugby, de biathlon que de cyclisme.","sameAs":["https:\/\/www.facebook.com\/dicodusport","https:\/\/x.com\/https:\/\/twitter.com\/Nico_Jacquemard"],"url":"https:\/\/dicodusport.fr\/blog\/author\/dicodusport\/"}]}},"_links":{"self":[{"href":"https:\/\/dicodusport.fr\/blog\/wp-json\/wp\/v2\/posts\/341642","targetHints":{"allow":["GET"]}}],"collection":[{"href":"https:\/\/dicodusport.fr\/blog\/wp-json\/wp\/v2\/posts"}],"about":[{"href":"https:\/\/dicodusport.fr\/blog\/wp-json\/wp\/v2\/types\/post"}],"author":[{"embeddable":true,"href":"https:\/\/dicodusport.fr\/blog\/wp-json\/wp\/v2\/users\/1"}],"replies":[{"embeddable":true,"href":"https:\/\/dicodusport.fr\/blog\/wp-json\/wp\/v2\/comments?post=341642"}],"version-history":[{"count":0,"href":"https:\/\/dicodusport.fr\/blog\/wp-json\/wp\/v2\/posts\/341642\/revisions"}],"wp:featuredmedia":[{"embeddable":true,"href":"https:\/\/dicodusport.fr\/blog\/wp-json\/wp\/v2\/media\/341650"}],"wp:attachment":[{"href":"https:\/\/dicodusport.fr\/blog\/wp-json\/wp\/v2\/media?parent=341642"}],"wp:term":[{"taxonomy":"category","embeddable":true,"href":"https:\/\/dicodusport.fr\/blog\/wp-json\/wp\/v2\/categories?post=341642"},{"taxonomy":"post_tag","embeddable":true,"href":"https:\/\/dicodusport.fr\/blog\/wp-json\/wp\/v2\/tags?post=341642"}],"curies":[{"name":"wp","href":"https:\/\/api.w.org\/{rel}","templated":true}]}}