{"id":341751,"date":"2023-01-06T09:09:58","date_gmt":"2023-01-06T08:09:58","guid":{"rendered":"https:\/\/dicodusport.fr\/blog\/?p=341751&#038;preview=true&#038;preview_id=341751"},"modified":"2023-01-06T09:31:56","modified_gmt":"2023-01-06T08:31:56","slug":"sophie-chauveau-jai-ete-malade-a-noel-jai-vraiment-eu-du-mal-a-men-remettre","status":"publish","type":"post","link":"https:\/\/dicodusport.fr\/blog\/sophie-chauveau-jai-ete-malade-a-noel-jai-vraiment-eu-du-mal-a-men-remettre\/","title":{"rendered":"Sophie Chauveau : \u00ab\u00a0J\u2019ai \u00e9t\u00e9 malade \u00e0 No\u00ebl, j\u2019ai vraiment eu du mal \u00e0 m\u2019en remettre\u00a0\u00bb"},"content":{"rendered":"<p align=\"justify\"><em><strong><b><i><a href=\"https:\/\/dicodusport.fr\/blog\/biathlon-pokljuka-2023-programme-complet-et-resultats\/\">BIATHLON COUPE DU MONDE DE POKLJUKA 2023<\/a><\/i><\/b> &#8211; Huiti\u00e8me du <a href=\"https:\/\/dicodusport.fr\/blog\/sprint-de-pokljuka-elvira-oeberg-simpose-julia-simon-termine-2eme\/\" target=\"_blank\" rel=\"noopener\">sprint de Pokljuka<\/a>, Sophie Chauveau confirme son bon d\u00e9but de saison malgr\u00e9 une forme incertaine.<\/strong><\/em><\/p>\n<p align=\"justify\">Une faute au tir, sur le debout, mais un tr\u00e8s bon temps de ski qui lui permet de prendre une belle huiti\u00e8me place et d&rsquo;\u00eatre plac\u00e9e pour la poursuite samedi. Au micro de <em>La Cha\u00eene L&rsquo;\u00c9quipe<\/em>, <strong>Sophie<\/strong> <strong>Chauveau<\/strong> a en plus confi\u00e9 qu&rsquo;elle avait \u00e9t\u00e9 malade pendant la coupure, et qu&rsquo;elle n&rsquo;avait pas pu s&rsquo;entra\u00eener comme elle le souhaitait.<\/p>\n<blockquote>\n<p style=\"text-align: justify;\" align=\"justify\">J\u2019ai \u00e9t\u00e9 malade \u00e0 No\u00ebl, j\u2019ai vraiment eu du mal \u00e0 m\u2019en remettre. Je n\u2019ai pas pu faire tous les entrainements et les intenses qui \u00e9taient programm\u00e9s. J\u2019arrive ici en me demandant si \u00e7a allait le faire. Finalement \u00e7a fait un bon temps de ski, je suis contente. Je suis super contente, j\u2019esp\u00e8re que \u00e7a va devenir habituel. Je me sentais capable de faire le 10\/10, j\u2019en sors une, ce n\u2019est pas tr\u00e8s grave \u00e7a reste correct. Je suis contente de r\u00e9ussir \u00e0 devenir r\u00e9guli\u00e8re au tir. C\u2019est vraiment une satisfaction, c\u2019\u00e9tait l\u2019objectif de l\u2019hiver. C\u2019est cool. J\u2019ai gal\u00e9r\u00e9 pendant des ann\u00e9es et l\u00e0 j\u2019ai l\u2019impression d\u2019avoir pass\u00e9 un cap. On m\u2019a dit, \u00ab un jour tu verras il y aura un d\u00e9clic et puis \u00e7a va aller \u00bb. Et l\u00e0 j\u2019ai vraiment l\u2019impression que le d\u00e9clic est arriv\u00e9. C\u2019est agr\u00e9able \u00e0 vivre.<\/p>\n<\/blockquote>\n<p align=\"justify\">Proche du podium au <strong>Grand-Bornand<\/strong>, <strong>Sophie<\/strong> <strong>Chauveau<\/strong> est arriv\u00e9e en Coupe du monde \u00e0 la faveur d&rsquo;un quota suppl\u00e9mentaire \u00e0 <strong>Kontiolahti<\/strong>, mais a r\u00e9ussi \u00e0 convaincre le staff de la conserver au plus haut niveau. Malgr\u00e9 un manque de rythme, la Tricolore confirme en tout cas qu&rsquo;elle est capable de rivaliser avec les meilleures biathl\u00e8tes mondiales et pointe au 16\u00e8me rang du <a href=\"https:\/\/dicodusport.fr\/blog\/coupe-du-monde-biathlon-classement-general-femmes\/\" target=\"_blank\" rel=\"noopener\">classement g\u00e9n\u00e9ral de la Coupe du monde<\/a>.<\/p>\n<blockquote class=\"twitter-tweet\">\n<p dir=\"ltr\" lang=\"fr\">\ud83d\udcaa\ud83c\uddeb\ud83c\uddf7 Huiti\u00e8me du sprint de Pokljuka, Sophie Chauveau a franchi plusieurs paliers en ce d\u00e9but de saison. La Bornandine est d\u00e9sormais bien install\u00e9e sur le circuit de la Coupe du Monde. <a href=\"https:\/\/t.co\/MCKaL2Oh7W\">https:\/\/t.co\/MCKaL2Oh7W<\/a><\/p>\n<p>\u2014 Biathlon Live (@BiathlonLivefr) <a href=\"https:\/\/twitter.com\/BiathlonLivefr\/status\/1611042527900991508?ref_src=twsrc%5Etfw\">January 5, 2023<\/a><\/p><\/blockquote>\n<p><script async src=\"https:\/\/platform.twitter.com\/widgets.js\" charset=\"utf-8\"><\/script><\/p>\n","protected":false},"excerpt":{"rendered":"<p>BIATHLON COUPE DU MONDE DE POKLJUKA 2023 &#8211; Huiti\u00e8me du sprint de Pokljuka, Sophie Chauveau confirme son bon d\u00e9but de saison malgr\u00e9 une forme incertaine.<\/p>\n","protected":false},"author":1,"featured_media":341752,"comment_status":"open","ping_status":"closed","sticky":false,"template":"","format":"standard","meta":{"_acf_changed":false,"_daextam_enable_autolinks":"","footnotes":""},"categories":[47040],"tags":[2427,6741,27943],"class_list":["post-341751","post","type-post","status-publish","format-standard","has-post-thumbnail","hentry","category-coupe-du-monde-de-biathlon","tag-biathlon","tag-pokljuka","tag-sophie-chauveau"],"acf":[],"yoast_head":"<!-- This site is optimized with the Yoast SEO Premium plugin v26.7 (Yoast SEO v26.7) - https:\/\/yoast.com\/wordpress\/plugins\/seo\/ -->\n<title>Sophie Chauveau : &quot;J\u2019ai \u00e9t\u00e9 malade \u00e0 No\u00ebl, j\u2019ai vraiment eu du mal \u00e0 m\u2019en remettre&quot;<\/title>\n<meta name=\"description\" content=\"BIATHLON COUPE DU MONDE DE POKLJUKA 2023 - Huiti\u00e8me du sprint de Pokljuka, Sophie Chauveau confirme son bon d\u00e9but de saison malgr\u00e9 une forme incertaine.\" \/>\n<meta name=\"robots\" content=\"index, follow, max-snippet:-1, max-image-preview:large, max-video-preview:-1\" \/>\n<link rel=\"canonical\" href=\"https:\/\/dicodusport.fr\/blog\/sophie-chauveau-jai-ete-malade-a-noel-jai-vraiment-eu-du-mal-a-men-remettre\/\" \/>\n<meta property=\"og:locale\" content=\"fr_FR\" \/>\n<meta property=\"og:type\" content=\"article\" \/>\n<meta property=\"og:title\" content=\"Sophie Chauveau : &quot;J\u2019ai \u00e9t\u00e9 malade \u00e0 No\u00ebl, j\u2019ai vraiment eu du mal \u00e0 m\u2019en remettre&quot;\" \/>\n<meta property=\"og:description\" content=\"BIATHLON COUPE DU MONDE DE POKLJUKA 2023 - Huiti\u00e8me du sprint de Pokljuka, Sophie Chauveau confirme son bon d\u00e9but de saison malgr\u00e9 une forme incertaine.\" \/>\n<meta property=\"og:url\" content=\"https:\/\/dicodusport.fr\/blog\/sophie-chauveau-jai-ete-malade-a-noel-jai-vraiment-eu-du-mal-a-men-remettre\/\" \/>\n<meta property=\"og:site_name\" content=\"Dicodusport\" \/>\n<meta property=\"article:publisher\" content=\"https:\/\/www.facebook.com\/dicodusport\" \/>\n<meta property=\"article:author\" content=\"https:\/\/www.facebook.com\/dicodusport\" \/>\n<meta property=\"article:published_time\" content=\"2023-01-06T08:09:58+00:00\" \/>\n<meta property=\"article:modified_time\" content=\"2023-01-06T08:31:56+00:00\" \/>\n<meta property=\"og:image\" content=\"https:\/\/dicodusport.fr\/blog\/wp-content\/uploads\/2023\/01\/Sophie-Chauveau-Jai-ete-malade-a-Noel-jai-vraiment-eu-du-mal-a-men-remettre.png\" \/>\n\t<meta property=\"og:image:width\" content=\"800\" \/>\n\t<meta property=\"og:image:height\" content=\"445\" \/>\n\t<meta property=\"og:image:type\" content=\"image\/png\" \/>\n<meta name=\"author\" content=\"Nicolas Jacquemard\" \/>\n<meta name=\"twitter:card\" content=\"summary_large_image\" \/>\n<meta name=\"twitter:title\" content=\"Sophie Chauveau : &quot;J\u2019ai \u00e9t\u00e9 malade \u00e0 No\u00ebl, j\u2019ai vraiment eu du mal \u00e0 m\u2019en remettre&quot;\" \/>\n<meta name=\"twitter:creator\" content=\"@https:\/\/twitter.com\/Nico_Jacquemard\" \/>\n<meta name=\"twitter:site\" content=\"@dicodusport\" \/>\n<script type=\"application\/ld+json\" class=\"yoast-schema-graph\">{\"@context\":\"https:\/\/schema.org\",\"@graph\":[{\"@type\":\"NewsArticle\",\"@id\":\"https:\/\/dicodusport.fr\/blog\/sophie-chauveau-jai-ete-malade-a-noel-jai-vraiment-eu-du-mal-a-men-remettre\/#article\",\"isPartOf\":{\"@id\":\"https:\/\/dicodusport.fr\/blog\/sophie-chauveau-jai-ete-malade-a-noel-jai-vraiment-eu-du-mal-a-men-remettre\/\"},\"author\":{\"name\":\"Nicolas Jacquemard\",\"@id\":\"https:\/\/dicodusport.fr\/blog\/#\/schema\/person\/55dcb50ad410894e431ed812bbb70191\"},\"headline\":\"Sophie Chauveau : \u00ab\u00a0J\u2019ai \u00e9t\u00e9 malade \u00e0 No\u00ebl, j\u2019ai vraiment eu du mal \u00e0 m\u2019en remettre\u00a0\u00bb\",\"datePublished\":\"2023-01-06T08:09:58+00:00\",\"dateModified\":\"2023-01-06T08:31:56+00:00\",\"mainEntityOfPage\":{\"@id\":\"https:\/\/dicodusport.fr\/blog\/sophie-chauveau-jai-ete-malade-a-noel-jai-vraiment-eu-du-mal-a-men-remettre\/\"},\"wordCount\":400,\"commentCount\":0,\"publisher\":{\"@id\":\"https:\/\/dicodusport.fr\/blog\/#organization\"},\"image\":{\"@id\":\"https:\/\/dicodusport.fr\/blog\/sophie-chauveau-jai-ete-malade-a-noel-jai-vraiment-eu-du-mal-a-men-remettre\/#primaryimage\"},\"thumbnailUrl\":\"https:\/\/dicodusport.fr\/blog\/wp-content\/uploads\/2023\/01\/Sophie-Chauveau-Jai-ete-malade-a-Noel-jai-vraiment-eu-du-mal-a-men-remettre.png\",\"keywords\":[\"Biathlon\",\"Pokljuka\",\"Sophie Chauveau\"],\"articleSection\":[\"Coupe du monde de biathlon\"],\"inLanguage\":\"fr-FR\",\"potentialAction\":[{\"@type\":\"CommentAction\",\"name\":\"Comment\",\"target\":[\"https:\/\/dicodusport.fr\/blog\/sophie-chauveau-jai-ete-malade-a-noel-jai-vraiment-eu-du-mal-a-men-remettre\/#respond\"]}],\"copyrightYear\":\"2023\",\"copyrightHolder\":{\"@id\":\"https:\/\/dicodusport.fr\/blog\/#organization\"}},{\"@type\":\"WebPage\",\"@id\":\"https:\/\/dicodusport.fr\/blog\/sophie-chauveau-jai-ete-malade-a-noel-jai-vraiment-eu-du-mal-a-men-remettre\/\",\"url\":\"https:\/\/dicodusport.fr\/blog\/sophie-chauveau-jai-ete-malade-a-noel-jai-vraiment-eu-du-mal-a-men-remettre\/\",\"name\":\"Sophie Chauveau : \\\"J\u2019ai \u00e9t\u00e9 malade \u00e0 No\u00ebl, j\u2019ai vraiment eu du mal \u00e0 m\u2019en remettre\\\"\",\"isPartOf\":{\"@id\":\"https:\/\/dicodusport.fr\/blog\/#website\"},\"primaryImageOfPage\":{\"@id\":\"https:\/\/dicodusport.fr\/blog\/sophie-chauveau-jai-ete-malade-a-noel-jai-vraiment-eu-du-mal-a-men-remettre\/#primaryimage\"},\"image\":{\"@id\":\"https:\/\/dicodusport.fr\/blog\/sophie-chauveau-jai-ete-malade-a-noel-jai-vraiment-eu-du-mal-a-men-remettre\/#primaryimage\"},\"thumbnailUrl\":\"https:\/\/dicodusport.fr\/blog\/wp-content\/uploads\/2023\/01\/Sophie-Chauveau-Jai-ete-malade-a-Noel-jai-vraiment-eu-du-mal-a-men-remettre.png\",\"datePublished\":\"2023-01-06T08:09:58+00:00\",\"dateModified\":\"2023-01-06T08:31:56+00:00\",\"description\":\"BIATHLON COUPE DU MONDE DE POKLJUKA 2023 - Huiti\u00e8me du sprint de Pokljuka, Sophie Chauveau confirme son bon d\u00e9but de saison malgr\u00e9 une forme incertaine.\",\"breadcrumb\":{\"@id\":\"https:\/\/dicodusport.fr\/blog\/sophie-chauveau-jai-ete-malade-a-noel-jai-vraiment-eu-du-mal-a-men-remettre\/#breadcrumb\"},\"inLanguage\":\"fr-FR\",\"potentialAction\":[{\"@type\":\"ReadAction\",\"target\":[\"https:\/\/dicodusport.fr\/blog\/sophie-chauveau-jai-ete-malade-a-noel-jai-vraiment-eu-du-mal-a-men-remettre\/\"]}]},{\"@type\":\"ImageObject\",\"inLanguage\":\"fr-FR\",\"@id\":\"https:\/\/dicodusport.fr\/blog\/sophie-chauveau-jai-ete-malade-a-noel-jai-vraiment-eu-du-mal-a-men-remettre\/#primaryimage\",\"url\":\"https:\/\/dicodusport.fr\/blog\/wp-content\/uploads\/2023\/01\/Sophie-Chauveau-Jai-ete-malade-a-Noel-jai-vraiment-eu-du-mal-a-men-remettre.png\",\"contentUrl\":\"https:\/\/dicodusport.fr\/blog\/wp-content\/uploads\/2023\/01\/Sophie-Chauveau-Jai-ete-malade-a-Noel-jai-vraiment-eu-du-mal-a-men-remettre.png\",\"width\":800,\"height\":445},{\"@type\":\"BreadcrumbList\",\"@id\":\"https:\/\/dicodusport.fr\/blog\/sophie-chauveau-jai-ete-malade-a-noel-jai-vraiment-eu-du-mal-a-men-remettre\/#breadcrumb\",\"itemListElement\":[{\"@type\":\"ListItem\",\"position\":1,\"name\":\"Accueil\",\"item\":\"https:\/\/dicodusport.fr\/blog\/\"},{\"@type\":\"ListItem\",\"position\":2,\"name\":\"Sophie Chauveau : \u00ab\u00a0J\u2019ai \u00e9t\u00e9 malade \u00e0 No\u00ebl, j\u2019ai vraiment eu du mal \u00e0 m\u2019en remettre\u00a0\u00bb\"}]},{\"@type\":\"WebSite\",\"@id\":\"https:\/\/dicodusport.fr\/blog\/#website\",\"url\":\"https:\/\/dicodusport.fr\/blog\/\",\"name\":\"Dicodusport\",\"description\":\"L&#039;encyclop\u00e9die de l&#039;actualit\u00e9 sportive\",\"publisher\":{\"@id\":\"https:\/\/dicodusport.fr\/blog\/#organization\"},\"potentialAction\":[{\"@type\":\"SearchAction\",\"target\":{\"@type\":\"EntryPoint\",\"urlTemplate\":\"https:\/\/dicodusport.fr\/blog\/?s={search_term_string}\"},\"query-input\":{\"@type\":\"PropertyValueSpecification\",\"valueRequired\":true,\"valueName\":\"search_term_string\"}}],\"inLanguage\":\"fr-FR\"},{\"@type\":\"NewsMediaOrganization\",\"@id\":\"https:\/\/dicodusport.fr\/blog\/#organization\",\"name\":\"Dicodusport\",\"url\":\"https:\/\/dicodusport.fr\/blog\/\",\"logo\":{\"@type\":\"ImageObject\",\"inLanguage\":\"fr-FR\",\"@id\":\"https:\/\/dicodusport.fr\/blog\/#\/schema\/logo\/image\/\",\"url\":\"https:\/\/dicodusport.fr\/blog\/wp-content\/uploads\/2020\/06\/cropped-LOGO-DICODUSPORT-2020-SANS-FOND-SANS-TEXTE.png\",\"contentUrl\":\"https:\/\/dicodusport.fr\/blog\/wp-content\/uploads\/2020\/06\/cropped-LOGO-DICODUSPORT-2020-SANS-FOND-SANS-TEXTE.png\",\"width\":512,\"height\":512,\"caption\":\"Dicodusport\"},\"image\":{\"@id\":\"https:\/\/dicodusport.fr\/blog\/#\/schema\/logo\/image\/\"},\"sameAs\":[\"https:\/\/www.facebook.com\/dicodusport\",\"https:\/\/x.com\/dicodusport\",\"https:\/\/www.instagram.com\/dicodusport\/\",\"https:\/\/www.youtube.com\/channel\/UC7V2KZ5sd3htJivAbA4ZG3w\"],\"description\":\"Dicodusport est l'encyclop\u00e9die de l'actualit\u00e9 sportive.\",\"email\":\"bonjour@dicodusport.fr\",\"legalName\":\"DICODUSPORT\",\"foundingDate\":\"2018-01-14\",\"vatID\":\"FR71834470973\",\"taxID\":\"83447097300043\",\"numberOfEmployees\":{\"@type\":\"QuantitativeValue\",\"minValue\":\"1\",\"maxValue\":\"10\"}},{\"@type\":\"Person\",\"@id\":\"https:\/\/dicodusport.fr\/blog\/#\/schema\/person\/55dcb50ad410894e431ed812bbb70191\",\"name\":\"Nicolas Jacquemard\",\"image\":{\"@type\":\"ImageObject\",\"inLanguage\":\"fr-FR\",\"@id\":\"https:\/\/dicodusport.fr\/blog\/#\/schema\/person\/image\/\",\"url\":\"https:\/\/dicodusport.fr\/blog\/wp-content\/uploads\/2021\/05\/Nicolas-Jacquemard-150x150.jpeg\",\"contentUrl\":\"https:\/\/dicodusport.fr\/blog\/wp-content\/uploads\/2021\/05\/Nicolas-Jacquemard-150x150.jpeg\",\"caption\":\"Nicolas Jacquemard\"},\"description\":\"Passionn\u00e9 de sport et entrepreneur depuis mes 18 ans, la cr\u00e9ation de Dicodusport m'a sembl\u00e9 \u00e9vidente pour participer \u00e0 la m\u00e9diatisation d'un plus grand nombre de sports. Le chemin est long mais avec une \u00e9quipe des plus motiv\u00e9es et les Jeux Olympiques de Paris 2024 en point de mire, nous y arriverons ! Journaliste dans le monde du sport depuis plus de 5 ans, je traite aussi bien de football, de rugby, de biathlon que de cyclisme.\",\"sameAs\":[\"https:\/\/www.facebook.com\/dicodusport\",\"https:\/\/x.com\/https:\/\/twitter.com\/Nico_Jacquemard\"],\"url\":\"https:\/\/dicodusport.fr\/blog\/author\/dicodusport\/\"}]}<\/script>\n<!-- \/ Yoast SEO Premium plugin. -->","yoast_head_json":{"title":"Sophie Chauveau : \"J\u2019ai \u00e9t\u00e9 malade \u00e0 No\u00ebl, j\u2019ai vraiment eu du mal \u00e0 m\u2019en remettre\"","description":"BIATHLON COUPE DU MONDE DE POKLJUKA 2023 - Huiti\u00e8me du sprint de Pokljuka, Sophie Chauveau confirme son bon d\u00e9but de saison malgr\u00e9 une forme incertaine.","robots":{"index":"index","follow":"follow","max-snippet":"max-snippet:-1","max-image-preview":"max-image-preview:large","max-video-preview":"max-video-preview:-1"},"canonical":"https:\/\/dicodusport.fr\/blog\/sophie-chauveau-jai-ete-malade-a-noel-jai-vraiment-eu-du-mal-a-men-remettre\/","og_locale":"fr_FR","og_type":"article","og_title":"Sophie Chauveau : \"J\u2019ai \u00e9t\u00e9 malade \u00e0 No\u00ebl, j\u2019ai vraiment eu du mal \u00e0 m\u2019en remettre\"","og_description":"BIATHLON COUPE DU MONDE DE POKLJUKA 2023 - Huiti\u00e8me du sprint de Pokljuka, Sophie Chauveau confirme son bon d\u00e9but de saison malgr\u00e9 une forme incertaine.","og_url":"https:\/\/dicodusport.fr\/blog\/sophie-chauveau-jai-ete-malade-a-noel-jai-vraiment-eu-du-mal-a-men-remettre\/","og_site_name":"Dicodusport","article_publisher":"https:\/\/www.facebook.com\/dicodusport","article_author":"https:\/\/www.facebook.com\/dicodusport","article_published_time":"2023-01-06T08:09:58+00:00","article_modified_time":"2023-01-06T08:31:56+00:00","og_image":[{"width":800,"height":445,"url":"https:\/\/dicodusport.fr\/blog\/wp-content\/uploads\/2023\/01\/Sophie-Chauveau-Jai-ete-malade-a-Noel-jai-vraiment-eu-du-mal-a-men-remettre.png","type":"image\/png"}],"author":"Nicolas Jacquemard","twitter_card":"summary_large_image","twitter_title":"Sophie Chauveau : \"J\u2019ai \u00e9t\u00e9 malade \u00e0 No\u00ebl, j\u2019ai vraiment eu du mal \u00e0 m\u2019en remettre\"","twitter_creator":"@https:\/\/twitter.com\/Nico_Jacquemard","twitter_site":"@dicodusport","schema":{"@context":"https:\/\/schema.org","@graph":[{"@type":"NewsArticle","@id":"https:\/\/dicodusport.fr\/blog\/sophie-chauveau-jai-ete-malade-a-noel-jai-vraiment-eu-du-mal-a-men-remettre\/#article","isPartOf":{"@id":"https:\/\/dicodusport.fr\/blog\/sophie-chauveau-jai-ete-malade-a-noel-jai-vraiment-eu-du-mal-a-men-remettre\/"},"author":{"name":"Nicolas Jacquemard","@id":"https:\/\/dicodusport.fr\/blog\/#\/schema\/person\/55dcb50ad410894e431ed812bbb70191"},"headline":"Sophie Chauveau : \u00ab\u00a0J\u2019ai \u00e9t\u00e9 malade \u00e0 No\u00ebl, j\u2019ai vraiment eu du mal \u00e0 m\u2019en remettre\u00a0\u00bb","datePublished":"2023-01-06T08:09:58+00:00","dateModified":"2023-01-06T08:31:56+00:00","mainEntityOfPage":{"@id":"https:\/\/dicodusport.fr\/blog\/sophie-chauveau-jai-ete-malade-a-noel-jai-vraiment-eu-du-mal-a-men-remettre\/"},"wordCount":400,"commentCount":0,"publisher":{"@id":"https:\/\/dicodusport.fr\/blog\/#organization"},"image":{"@id":"https:\/\/dicodusport.fr\/blog\/sophie-chauveau-jai-ete-malade-a-noel-jai-vraiment-eu-du-mal-a-men-remettre\/#primaryimage"},"thumbnailUrl":"https:\/\/dicodusport.fr\/blog\/wp-content\/uploads\/2023\/01\/Sophie-Chauveau-Jai-ete-malade-a-Noel-jai-vraiment-eu-du-mal-a-men-remettre.png","keywords":["Biathlon","Pokljuka","Sophie Chauveau"],"articleSection":["Coupe du monde de biathlon"],"inLanguage":"fr-FR","potentialAction":[{"@type":"CommentAction","name":"Comment","target":["https:\/\/dicodusport.fr\/blog\/sophie-chauveau-jai-ete-malade-a-noel-jai-vraiment-eu-du-mal-a-men-remettre\/#respond"]}],"copyrightYear":"2023","copyrightHolder":{"@id":"https:\/\/dicodusport.fr\/blog\/#organization"}},{"@type":"WebPage","@id":"https:\/\/dicodusport.fr\/blog\/sophie-chauveau-jai-ete-malade-a-noel-jai-vraiment-eu-du-mal-a-men-remettre\/","url":"https:\/\/dicodusport.fr\/blog\/sophie-chauveau-jai-ete-malade-a-noel-jai-vraiment-eu-du-mal-a-men-remettre\/","name":"Sophie Chauveau : \"J\u2019ai \u00e9t\u00e9 malade \u00e0 No\u00ebl, j\u2019ai vraiment eu du mal \u00e0 m\u2019en remettre\"","isPartOf":{"@id":"https:\/\/dicodusport.fr\/blog\/#website"},"primaryImageOfPage":{"@id":"https:\/\/dicodusport.fr\/blog\/sophie-chauveau-jai-ete-malade-a-noel-jai-vraiment-eu-du-mal-a-men-remettre\/#primaryimage"},"image":{"@id":"https:\/\/dicodusport.fr\/blog\/sophie-chauveau-jai-ete-malade-a-noel-jai-vraiment-eu-du-mal-a-men-remettre\/#primaryimage"},"thumbnailUrl":"https:\/\/dicodusport.fr\/blog\/wp-content\/uploads\/2023\/01\/Sophie-Chauveau-Jai-ete-malade-a-Noel-jai-vraiment-eu-du-mal-a-men-remettre.png","datePublished":"2023-01-06T08:09:58+00:00","dateModified":"2023-01-06T08:31:56+00:00","description":"BIATHLON COUPE DU MONDE DE POKLJUKA 2023 - Huiti\u00e8me du sprint de Pokljuka, Sophie Chauveau confirme son bon d\u00e9but de saison malgr\u00e9 une forme incertaine.","breadcrumb":{"@id":"https:\/\/dicodusport.fr\/blog\/sophie-chauveau-jai-ete-malade-a-noel-jai-vraiment-eu-du-mal-a-men-remettre\/#breadcrumb"},"inLanguage":"fr-FR","potentialAction":[{"@type":"ReadAction","target":["https:\/\/dicodusport.fr\/blog\/sophie-chauveau-jai-ete-malade-a-noel-jai-vraiment-eu-du-mal-a-men-remettre\/"]}]},{"@type":"ImageObject","inLanguage":"fr-FR","@id":"https:\/\/dicodusport.fr\/blog\/sophie-chauveau-jai-ete-malade-a-noel-jai-vraiment-eu-du-mal-a-men-remettre\/#primaryimage","url":"https:\/\/dicodusport.fr\/blog\/wp-content\/uploads\/2023\/01\/Sophie-Chauveau-Jai-ete-malade-a-Noel-jai-vraiment-eu-du-mal-a-men-remettre.png","contentUrl":"https:\/\/dicodusport.fr\/blog\/wp-content\/uploads\/2023\/01\/Sophie-Chauveau-Jai-ete-malade-a-Noel-jai-vraiment-eu-du-mal-a-men-remettre.png","width":800,"height":445},{"@type":"BreadcrumbList","@id":"https:\/\/dicodusport.fr\/blog\/sophie-chauveau-jai-ete-malade-a-noel-jai-vraiment-eu-du-mal-a-men-remettre\/#breadcrumb","itemListElement":[{"@type":"ListItem","position":1,"name":"Accueil","item":"https:\/\/dicodusport.fr\/blog\/"},{"@type":"ListItem","position":2,"name":"Sophie Chauveau : \u00ab\u00a0J\u2019ai \u00e9t\u00e9 malade \u00e0 No\u00ebl, j\u2019ai vraiment eu du mal \u00e0 m\u2019en remettre\u00a0\u00bb"}]},{"@type":"WebSite","@id":"https:\/\/dicodusport.fr\/blog\/#website","url":"https:\/\/dicodusport.fr\/blog\/","name":"Dicodusport","description":"L&#039;encyclop\u00e9die de l&#039;actualit\u00e9 sportive","publisher":{"@id":"https:\/\/dicodusport.fr\/blog\/#organization"},"potentialAction":[{"@type":"SearchAction","target":{"@type":"EntryPoint","urlTemplate":"https:\/\/dicodusport.fr\/blog\/?s={search_term_string}"},"query-input":{"@type":"PropertyValueSpecification","valueRequired":true,"valueName":"search_term_string"}}],"inLanguage":"fr-FR"},{"@type":"NewsMediaOrganization","@id":"https:\/\/dicodusport.fr\/blog\/#organization","name":"Dicodusport","url":"https:\/\/dicodusport.fr\/blog\/","logo":{"@type":"ImageObject","inLanguage":"fr-FR","@id":"https:\/\/dicodusport.fr\/blog\/#\/schema\/logo\/image\/","url":"https:\/\/dicodusport.fr\/blog\/wp-content\/uploads\/2020\/06\/cropped-LOGO-DICODUSPORT-2020-SANS-FOND-SANS-TEXTE.png","contentUrl":"https:\/\/dicodusport.fr\/blog\/wp-content\/uploads\/2020\/06\/cropped-LOGO-DICODUSPORT-2020-SANS-FOND-SANS-TEXTE.png","width":512,"height":512,"caption":"Dicodusport"},"image":{"@id":"https:\/\/dicodusport.fr\/blog\/#\/schema\/logo\/image\/"},"sameAs":["https:\/\/www.facebook.com\/dicodusport","https:\/\/x.com\/dicodusport","https:\/\/www.instagram.com\/dicodusport\/","https:\/\/www.youtube.com\/channel\/UC7V2KZ5sd3htJivAbA4ZG3w"],"description":"Dicodusport est l'encyclop\u00e9die de l'actualit\u00e9 sportive.","email":"bonjour@dicodusport.fr","legalName":"DICODUSPORT","foundingDate":"2018-01-14","vatID":"FR71834470973","taxID":"83447097300043","numberOfEmployees":{"@type":"QuantitativeValue","minValue":"1","maxValue":"10"}},{"@type":"Person","@id":"https:\/\/dicodusport.fr\/blog\/#\/schema\/person\/55dcb50ad410894e431ed812bbb70191","name":"Nicolas Jacquemard","image":{"@type":"ImageObject","inLanguage":"fr-FR","@id":"https:\/\/dicodusport.fr\/blog\/#\/schema\/person\/image\/","url":"https:\/\/dicodusport.fr\/blog\/wp-content\/uploads\/2021\/05\/Nicolas-Jacquemard-150x150.jpeg","contentUrl":"https:\/\/dicodusport.fr\/blog\/wp-content\/uploads\/2021\/05\/Nicolas-Jacquemard-150x150.jpeg","caption":"Nicolas Jacquemard"},"description":"Passionn\u00e9 de sport et entrepreneur depuis mes 18 ans, la cr\u00e9ation de Dicodusport m'a sembl\u00e9 \u00e9vidente pour participer \u00e0 la m\u00e9diatisation d'un plus grand nombre de sports. Le chemin est long mais avec une \u00e9quipe des plus motiv\u00e9es et les Jeux Olympiques de Paris 2024 en point de mire, nous y arriverons ! Journaliste dans le monde du sport depuis plus de 5 ans, je traite aussi bien de football, de rugby, de biathlon que de cyclisme.","sameAs":["https:\/\/www.facebook.com\/dicodusport","https:\/\/x.com\/https:\/\/twitter.com\/Nico_Jacquemard"],"url":"https:\/\/dicodusport.fr\/blog\/author\/dicodusport\/"}]}},"_links":{"self":[{"href":"https:\/\/dicodusport.fr\/blog\/wp-json\/wp\/v2\/posts\/341751","targetHints":{"allow":["GET"]}}],"collection":[{"href":"https:\/\/dicodusport.fr\/blog\/wp-json\/wp\/v2\/posts"}],"about":[{"href":"https:\/\/dicodusport.fr\/blog\/wp-json\/wp\/v2\/types\/post"}],"author":[{"embeddable":true,"href":"https:\/\/dicodusport.fr\/blog\/wp-json\/wp\/v2\/users\/1"}],"replies":[{"embeddable":true,"href":"https:\/\/dicodusport.fr\/blog\/wp-json\/wp\/v2\/comments?post=341751"}],"version-history":[{"count":0,"href":"https:\/\/dicodusport.fr\/blog\/wp-json\/wp\/v2\/posts\/341751\/revisions"}],"wp:featuredmedia":[{"embeddable":true,"href":"https:\/\/dicodusport.fr\/blog\/wp-json\/wp\/v2\/media\/341752"}],"wp:attachment":[{"href":"https:\/\/dicodusport.fr\/blog\/wp-json\/wp\/v2\/media?parent=341751"}],"wp:term":[{"taxonomy":"category","embeddable":true,"href":"https:\/\/dicodusport.fr\/blog\/wp-json\/wp\/v2\/categories?post=341751"},{"taxonomy":"post_tag","embeddable":true,"href":"https:\/\/dicodusport.fr\/blog\/wp-json\/wp\/v2\/tags?post=341751"}],"curies":[{"name":"wp","href":"https:\/\/api.w.org\/{rel}","templated":true}]}}