{"id":341795,"date":"2023-01-06T13:06:38","date_gmt":"2023-01-06T12:06:38","guid":{"rendered":"https:\/\/dicodusport.fr\/blog\/?p=341795&#038;preview=true&#038;preview_id=341795"},"modified":"2023-01-06T14:36:01","modified_gmt":"2023-01-06T13:36:01","slug":"pierre-gasly-a-propos-dalpine-cest-assez-impressionnant-de-voir-comment-ils-progressent","status":"publish","type":"post","link":"https:\/\/dicodusport.fr\/blog\/pierre-gasly-a-propos-dalpine-cest-assez-impressionnant-de-voir-comment-ils-progressent\/","title":{"rendered":"Pierre Gasly \u00e0 propos d&rsquo;Alpine : \u00ab C&rsquo;est assez impressionnant de voir comment ils progressent \u00bb"},"content":{"rendered":"<p align=\"justify\"><em><strong><a href=\"https:\/\/dicodusport.fr\/blog\/actualites\/sports-mecaniques\/formule-1\/f1-2023\/\">F1 2023<\/a> &#8211; Dans les colonnes du m\u00e9dia allemand Auto Motor und Sport, le Fran\u00e7ais Pierre Gasly, arriv\u00e9 chez Alpine durant l&rsquo;intersaison apr\u00e8s six saisons au sein de la structure Red Bull, a vant\u00e9 les progr\u00e8s r\u00e9alis\u00e9s par l&rsquo;\u00e9curie fran\u00e7aise cet hiver.<\/strong><\/em><\/p>\n<p align=\"justify\"><strong>Pierre Gasly<\/strong> x <strong>Esteban Ocon<\/strong>, ce sera donc le duo de pilotes de l&rsquo;\u00e9curie <strong>Alpine<\/strong> pour cette saison 2023. Une association 100% tricolore, qui risque de faire des \u00e9tincelles. En attendant les premiers tests hivernaux du 23 au 25 f\u00e9vrier \u00e0 Bahre\u00efn et le d\u00e9but de saison sur le circuit de Sakhir (3 au 5 mars), <strong>Pierre Gasly<\/strong> s&rsquo;acclimate \u00e0 un nouvel environnement chez <strong>Alpine<\/strong>, apr\u00e8s six saisons sous le giron Red Bull. Et \u00e0 en croire le Normand de 26 ans, qui s&rsquo;est exprim\u00e9 dans les colonnes de nos confr\u00e8res allemands <em>Auto Motor und Sport<\/em>, les progr\u00e8s r\u00e9alis\u00e9s par la structure tricolore sont impressionnants<em>.\u00a0<\/em><\/p>\n<blockquote>\n<p style=\"text-align: justify;\" align=\"justify\">C&rsquo;est assez impressionnant de voir comment ils progressent. [&#8230;] Chaque fois qu&rsquo;ils apportent de nouvelles pi\u00e8ces, ils progressent. Ils ont une tr\u00e8s bonne corr\u00e9lation entre l&rsquo;usine et la piste. Je vois un \u00e9norme potentiel.<\/p>\n<\/blockquote>\n<p align=\"justify\">Le son de cloche est donc le m\u00eame que chez <strong>Laurent Rossi<\/strong>. Fin d\u00e9cembre, dans des propos rapport\u00e9s par <em>Auto Hebdo<\/em>, le directeur d&rsquo;Alpine annon\u00e7ait que <em>\u00ab la monoplace 2023 est d\u00e9j\u00e0 plus rapide que celle de cette ann\u00e9e, malgr\u00e9 le pas en arri\u00e8re impos\u00e9 par la r\u00e9glementation technique, avec notamment une modification du fond plat \u00bb<\/em>. Autant dire que les \u00e9quipes de Viry-Ch\u00e2tillon et d&rsquo;Enstone semblent faire du bon boulot, afin d&rsquo;offrir une monoplace des plus comp\u00e9titivit\u00e9s au duo fran\u00e7ais. Suffisant pour rivaliser avec les Red Bull, Ferrari et autres Mercedes ? Premiers \u00e9l\u00e9ments de r\u00e9ponse dans deux mois.<\/p>\n<h2 style=\"text-align: justify;\" align=\"justify\">\u00c0 lire aussi<\/h2>\n<div class=\"vlp-link-container vlp-layout-article\"><a href=\"https:\/\/dicodusport.fr\/blog\/f1-salaire-duree-on-en-sait-plus-sur-le-contrat-de-pierre-gasly-chez-alpine\/\" class=\"vlp-link\" title=\"F1 : Salaire, dur\u00e9e, on en sait plus sur le contrat de Pierre Gasly chez Alpine\"><\/a><div class=\"vlp-layout-zone-side\"><div class=\"vlp-block-4 vlp-link-image\"><img loading=\"lazy\" decoding=\"async\" style=\"max-width: 800px;\" width=\"800\" height=\"445\" src=\"https:\/\/dicodusport.fr\/blog\/wp-content\/uploads\/2022\/10\/F1-Salaire-duree-on-en-sait-plus-sur-le-contrat-de-Pierre-Gasly-chez-Alpine.png\" class=\"attachment-800x445 size-800x445\" alt=\"F1 Salaire, dur\u00e9e, on en sait plus sur le contrat de Pierre Gasly chez Alpine\" srcset=\"https:\/\/dicodusport.fr\/blog\/wp-content\/uploads\/2022\/10\/F1-Salaire-duree-on-en-sait-plus-sur-le-contrat-de-Pierre-Gasly-chez-Alpine.png 800w, https:\/\/dicodusport.fr\/blog\/wp-content\/uploads\/2022\/10\/F1-Salaire-duree-on-en-sait-plus-sur-le-contrat-de-Pierre-Gasly-chez-Alpine-300x167.png 300w, https:\/\/dicodusport.fr\/blog\/wp-content\/uploads\/2022\/10\/F1-Salaire-duree-on-en-sait-plus-sur-le-contrat-de-Pierre-Gasly-chez-Alpine-768x427.png 768w\" sizes=\"auto, (max-width: 800px) 100vw, 800px\" \/><\/div><\/div><div class=\"vlp-layout-zone-main\"><div class=\"vlp-block-0 vlp-link-title\">F1 : Salaire, dur\u00e9e, on en sait plus sur le contrat de Pierre Gasly chez Alpine<\/div><div class=\"vlp-block-1 vlp-link-summary\">F1 2023 - Salaire, dur\u00e9e du contrat : ce que l'on sait sur l'arriv\u00e9e de Pierre Gasly chez Alpine.<\/div><div class=\"vlp-block-2 vlp-link-button\">Lire l'article<\/div><div class=\"vlp-block-3 vlp-link-url\">dicodusport.fr<\/div><\/div><\/div>\n<p align=\"justify\">\n","protected":false},"excerpt":{"rendered":"<p>F1 2023 &#8211; Dans les colonnes du m\u00e9dia allemand Auto Motor und Sport, le Fran\u00e7ais Pierre Gasly, arriv\u00e9 chez Alpine durant l&rsquo;intersaison apr\u00e8s six saisons au sein de la structure Red Bull, a vant\u00e9 les progr\u00e8s r\u00e9alis\u00e9s par l&rsquo;\u00e9curie fran\u00e7aise cet hiver.<\/p>\n","protected":false},"author":4,"featured_media":341819,"comment_status":"open","ping_status":"closed","sticky":false,"template":"","format":"standard","meta":{"_acf_changed":false,"_daextam_enable_autolinks":"","footnotes":""},"categories":[8653],"tags":[11586,3166,4216],"class_list":["post-341795","post","type-post","status-publish","format-standard","has-post-thumbnail","hentry","category-formule-1","tag-alpine","tag-f1","tag-pierre-gasly"],"acf":[],"yoast_head":"<!-- This site is optimized with the Yoast SEO Premium plugin v26.7 (Yoast SEO v26.7) - https:\/\/yoast.com\/wordpress\/plugins\/seo\/ -->\n<title>Pierre Gasly \u00e0 propos d&#039;Alpine : \u00ab C&#039;est assez impressionnant de voir comment ils progressent \u00bb<\/title>\n<meta name=\"description\" content=\"F1 2023 - Dans les colonnes du m\u00e9dia allemand Auto Motor und Sport, le Fran\u00e7ais Pierre Gasly, a vant\u00e9 les progr\u00e8s r\u00e9alis\u00e9s par Alpine.\" \/>\n<meta name=\"robots\" content=\"index, follow, max-snippet:-1, max-image-preview:large, max-video-preview:-1\" \/>\n<link rel=\"canonical\" href=\"https:\/\/dicodusport.fr\/blog\/pierre-gasly-a-propos-dalpine-cest-assez-impressionnant-de-voir-comment-ils-progressent\/\" \/>\n<meta property=\"og:locale\" content=\"fr_FR\" \/>\n<meta property=\"og:type\" content=\"article\" \/>\n<meta property=\"og:title\" content=\"Pierre Gasly \u00e0 propos d&#039;Alpine : \u00ab C&#039;est assez impressionnant de voir comment ils progressent \u00bb\" \/>\n<meta property=\"og:description\" content=\"F1 2023 - Dans les colonnes du m\u00e9dia allemand Auto Motor und Sport, le Fran\u00e7ais Pierre Gasly, a vant\u00e9 les progr\u00e8s r\u00e9alis\u00e9s par Alpine.\" \/>\n<meta property=\"og:url\" content=\"https:\/\/dicodusport.fr\/blog\/pierre-gasly-a-propos-dalpine-cest-assez-impressionnant-de-voir-comment-ils-progressent\/\" \/>\n<meta property=\"og:site_name\" content=\"Dicodusport\" \/>\n<meta property=\"article:publisher\" content=\"https:\/\/www.facebook.com\/dicodusport\" \/>\n<meta property=\"article:author\" content=\"https:\/\/www.facebook.com\/florent.ostermann\" \/>\n<meta property=\"article:published_time\" content=\"2023-01-06T12:06:38+00:00\" \/>\n<meta property=\"article:modified_time\" content=\"2023-01-06T13:36:01+00:00\" \/>\n<meta property=\"og:image\" content=\"https:\/\/dicodusport.fr\/blog\/wp-content\/uploads\/2023\/01\/Pierre-Gasly-a-propos-dAlpine-Cest-assez-impressionnant-de-voir-comment-ils-progressent-.png\" \/>\n\t<meta property=\"og:image:width\" content=\"800\" \/>\n\t<meta property=\"og:image:height\" content=\"445\" \/>\n\t<meta property=\"og:image:type\" content=\"image\/png\" \/>\n<meta name=\"author\" content=\"Flo Ostermann\" \/>\n<meta name=\"twitter:card\" content=\"summary_large_image\" \/>\n<meta name=\"twitter:title\" content=\"Pierre Gasly \u00e0 propos d&#039;Alpine : \u00ab C&#039;est assez impressionnant de voir comment ils progressent \u00bb\" \/>\n<meta name=\"twitter:creator\" content=\"@https:\/\/twitter.com\/FlOstermann\" \/>\n<meta name=\"twitter:site\" content=\"@dicodusport\" \/>\n<script type=\"application\/ld+json\" class=\"yoast-schema-graph\">{\"@context\":\"https:\/\/schema.org\",\"@graph\":[{\"@type\":\"NewsArticle\",\"@id\":\"https:\/\/dicodusport.fr\/blog\/pierre-gasly-a-propos-dalpine-cest-assez-impressionnant-de-voir-comment-ils-progressent\/#article\",\"isPartOf\":{\"@id\":\"https:\/\/dicodusport.fr\/blog\/pierre-gasly-a-propos-dalpine-cest-assez-impressionnant-de-voir-comment-ils-progressent\/\"},\"author\":{\"name\":\"Flo Ostermann\",\"@id\":\"https:\/\/dicodusport.fr\/blog\/#\/schema\/person\/cb02af4c173ce4a653b55e9baf388d4a\"},\"headline\":\"Pierre Gasly \u00e0 propos d&rsquo;Alpine : \u00ab C&rsquo;est assez impressionnant de voir comment ils progressent \u00bb\",\"datePublished\":\"2023-01-06T12:06:38+00:00\",\"dateModified\":\"2023-01-06T13:36:01+00:00\",\"mainEntityOfPage\":{\"@id\":\"https:\/\/dicodusport.fr\/blog\/pierre-gasly-a-propos-dalpine-cest-assez-impressionnant-de-voir-comment-ils-progressent\/\"},\"wordCount\":394,\"commentCount\":0,\"publisher\":{\"@id\":\"https:\/\/dicodusport.fr\/blog\/#organization\"},\"image\":{\"@id\":\"https:\/\/dicodusport.fr\/blog\/pierre-gasly-a-propos-dalpine-cest-assez-impressionnant-de-voir-comment-ils-progressent\/#primaryimage\"},\"thumbnailUrl\":\"https:\/\/dicodusport.fr\/blog\/wp-content\/uploads\/2023\/01\/Pierre-Gasly-a-propos-dAlpine-Cest-assez-impressionnant-de-voir-comment-ils-progressent-.png\",\"keywords\":[\"Alpine\",\"F1\",\"Pierre Gasly\"],\"articleSection\":[\"Formule 1\"],\"inLanguage\":\"fr-FR\",\"potentialAction\":[{\"@type\":\"CommentAction\",\"name\":\"Comment\",\"target\":[\"https:\/\/dicodusport.fr\/blog\/pierre-gasly-a-propos-dalpine-cest-assez-impressionnant-de-voir-comment-ils-progressent\/#respond\"]}],\"copyrightYear\":\"2023\",\"copyrightHolder\":{\"@id\":\"https:\/\/dicodusport.fr\/blog\/#organization\"}},{\"@type\":\"WebPage\",\"@id\":\"https:\/\/dicodusport.fr\/blog\/pierre-gasly-a-propos-dalpine-cest-assez-impressionnant-de-voir-comment-ils-progressent\/\",\"url\":\"https:\/\/dicodusport.fr\/blog\/pierre-gasly-a-propos-dalpine-cest-assez-impressionnant-de-voir-comment-ils-progressent\/\",\"name\":\"Pierre Gasly \u00e0 propos d'Alpine : \u00ab C'est assez impressionnant de voir comment ils progressent \u00bb\",\"isPartOf\":{\"@id\":\"https:\/\/dicodusport.fr\/blog\/#website\"},\"primaryImageOfPage\":{\"@id\":\"https:\/\/dicodusport.fr\/blog\/pierre-gasly-a-propos-dalpine-cest-assez-impressionnant-de-voir-comment-ils-progressent\/#primaryimage\"},\"image\":{\"@id\":\"https:\/\/dicodusport.fr\/blog\/pierre-gasly-a-propos-dalpine-cest-assez-impressionnant-de-voir-comment-ils-progressent\/#primaryimage\"},\"thumbnailUrl\":\"https:\/\/dicodusport.fr\/blog\/wp-content\/uploads\/2023\/01\/Pierre-Gasly-a-propos-dAlpine-Cest-assez-impressionnant-de-voir-comment-ils-progressent-.png\",\"datePublished\":\"2023-01-06T12:06:38+00:00\",\"dateModified\":\"2023-01-06T13:36:01+00:00\",\"description\":\"F1 2023 - Dans les colonnes du m\u00e9dia allemand Auto Motor und Sport, le Fran\u00e7ais Pierre Gasly, a vant\u00e9 les progr\u00e8s r\u00e9alis\u00e9s par Alpine.\",\"breadcrumb\":{\"@id\":\"https:\/\/dicodusport.fr\/blog\/pierre-gasly-a-propos-dalpine-cest-assez-impressionnant-de-voir-comment-ils-progressent\/#breadcrumb\"},\"inLanguage\":\"fr-FR\",\"potentialAction\":[{\"@type\":\"ReadAction\",\"target\":[\"https:\/\/dicodusport.fr\/blog\/pierre-gasly-a-propos-dalpine-cest-assez-impressionnant-de-voir-comment-ils-progressent\/\"]}]},{\"@type\":\"ImageObject\",\"inLanguage\":\"fr-FR\",\"@id\":\"https:\/\/dicodusport.fr\/blog\/pierre-gasly-a-propos-dalpine-cest-assez-impressionnant-de-voir-comment-ils-progressent\/#primaryimage\",\"url\":\"https:\/\/dicodusport.fr\/blog\/wp-content\/uploads\/2023\/01\/Pierre-Gasly-a-propos-dAlpine-Cest-assez-impressionnant-de-voir-comment-ils-progressent-.png\",\"contentUrl\":\"https:\/\/dicodusport.fr\/blog\/wp-content\/uploads\/2023\/01\/Pierre-Gasly-a-propos-dAlpine-Cest-assez-impressionnant-de-voir-comment-ils-progressent-.png\",\"width\":800,\"height\":445,\"caption\":\"Pierre Gasly \u00e0 propos d'Alpine \u00ab C'est assez impressionnant de voir comment ils progressent \u00bb\"},{\"@type\":\"BreadcrumbList\",\"@id\":\"https:\/\/dicodusport.fr\/blog\/pierre-gasly-a-propos-dalpine-cest-assez-impressionnant-de-voir-comment-ils-progressent\/#breadcrumb\",\"itemListElement\":[{\"@type\":\"ListItem\",\"position\":1,\"name\":\"Accueil\",\"item\":\"https:\/\/dicodusport.fr\/blog\/\"},{\"@type\":\"ListItem\",\"position\":2,\"name\":\"Pierre Gasly \u00e0 propos d&rsquo;Alpine : \u00ab C&rsquo;est assez impressionnant de voir comment ils progressent \u00bb\"}]},{\"@type\":\"WebSite\",\"@id\":\"https:\/\/dicodusport.fr\/blog\/#website\",\"url\":\"https:\/\/dicodusport.fr\/blog\/\",\"name\":\"Dicodusport\",\"description\":\"L&#039;encyclop\u00e9die de l&#039;actualit\u00e9 sportive\",\"publisher\":{\"@id\":\"https:\/\/dicodusport.fr\/blog\/#organization\"},\"potentialAction\":[{\"@type\":\"SearchAction\",\"target\":{\"@type\":\"EntryPoint\",\"urlTemplate\":\"https:\/\/dicodusport.fr\/blog\/?s={search_term_string}\"},\"query-input\":{\"@type\":\"PropertyValueSpecification\",\"valueRequired\":true,\"valueName\":\"search_term_string\"}}],\"inLanguage\":\"fr-FR\"},{\"@type\":\"NewsMediaOrganization\",\"@id\":\"https:\/\/dicodusport.fr\/blog\/#organization\",\"name\":\"Dicodusport\",\"url\":\"https:\/\/dicodusport.fr\/blog\/\",\"logo\":{\"@type\":\"ImageObject\",\"inLanguage\":\"fr-FR\",\"@id\":\"https:\/\/dicodusport.fr\/blog\/#\/schema\/logo\/image\/\",\"url\":\"https:\/\/dicodusport.fr\/blog\/wp-content\/uploads\/2020\/06\/cropped-LOGO-DICODUSPORT-2020-SANS-FOND-SANS-TEXTE.png\",\"contentUrl\":\"https:\/\/dicodusport.fr\/blog\/wp-content\/uploads\/2020\/06\/cropped-LOGO-DICODUSPORT-2020-SANS-FOND-SANS-TEXTE.png\",\"width\":512,\"height\":512,\"caption\":\"Dicodusport\"},\"image\":{\"@id\":\"https:\/\/dicodusport.fr\/blog\/#\/schema\/logo\/image\/\"},\"sameAs\":[\"https:\/\/www.facebook.com\/dicodusport\",\"https:\/\/x.com\/dicodusport\",\"https:\/\/www.instagram.com\/dicodusport\/\",\"https:\/\/www.youtube.com\/channel\/UC7V2KZ5sd3htJivAbA4ZG3w\"],\"description\":\"Dicodusport est l'encyclop\u00e9die de l'actualit\u00e9 sportive.\",\"email\":\"bonjour@dicodusport.fr\",\"legalName\":\"DICODUSPORT\",\"foundingDate\":\"2018-01-14\",\"vatID\":\"FR71834470973\",\"taxID\":\"83447097300043\",\"numberOfEmployees\":{\"@type\":\"QuantitativeValue\",\"minValue\":\"1\",\"maxValue\":\"10\"}},{\"@type\":\"Person\",\"@id\":\"https:\/\/dicodusport.fr\/blog\/#\/schema\/person\/cb02af4c173ce4a653b55e9baf388d4a\",\"name\":\"Flo Ostermann\",\"image\":{\"@type\":\"ImageObject\",\"inLanguage\":\"fr-FR\",\"@id\":\"https:\/\/dicodusport.fr\/blog\/#\/schema\/person\/image\/\",\"url\":\"https:\/\/dicodusport.fr\/blog\/wp-content\/uploads\/2021\/05\/Flo-Ostermann-150x150.jpg\",\"contentUrl\":\"https:\/\/dicodusport.fr\/blog\/wp-content\/uploads\/2021\/05\/Flo-Ostermann-150x150.jpg\",\"caption\":\"Flo Ostermann\"},\"description\":\"Journaliste\/R\u00e9dacteur depuis septembre 2015 - Mes premiers souvenirs dans le sport ? Les envol\u00e9es du Stade Toulousain et les duels Villeneuve-Schumacher et H\u00e4kkinen-Schumacher \u00e0 la fin des ann\u00e9es 90, la Coupe du monde de football en 1998, l\u2019exploit du XV de France face aux All Blacks en 1999, mais aussi Richard C\u0153ur de Lion qui vole sur les montagnes du Tour de France. Bien parti pour devenir professeur d\u2019EPS, les \u00e9v\u00e9nements de la vie (et la flemme d\u2019animer des s\u00e9ances de 3x500 m\u00e8tres toute ma vie) m\u2019ont conduit \u00e0 revoir mes plans. Me voil\u00e0 depuis fin 2017 sur Dicodusport, m\u00e9dia gr\u00e2ce (et pour) lequel je partage ma passion : le sport dans tous ses \u00e9tats. Le tout accompagn\u00e9 par les fous furieux et folles furieuses cit\u00e9s sur cette page !\",\"sameAs\":[\"https:\/\/www.facebook.com\/florent.ostermann\",\"https:\/\/x.com\/https:\/\/twitter.com\/FlOstermann\",\"admin\"],\"url\":\"https:\/\/dicodusport.fr\/blog\/author\/flo\/\"}]}<\/script>\n<!-- \/ Yoast SEO Premium plugin. -->","yoast_head_json":{"title":"Pierre Gasly \u00e0 propos d'Alpine : \u00ab C'est assez impressionnant de voir comment ils progressent \u00bb","description":"F1 2023 - Dans les colonnes du m\u00e9dia allemand Auto Motor und Sport, le Fran\u00e7ais Pierre Gasly, a vant\u00e9 les progr\u00e8s r\u00e9alis\u00e9s par Alpine.","robots":{"index":"index","follow":"follow","max-snippet":"max-snippet:-1","max-image-preview":"max-image-preview:large","max-video-preview":"max-video-preview:-1"},"canonical":"https:\/\/dicodusport.fr\/blog\/pierre-gasly-a-propos-dalpine-cest-assez-impressionnant-de-voir-comment-ils-progressent\/","og_locale":"fr_FR","og_type":"article","og_title":"Pierre Gasly \u00e0 propos d'Alpine : \u00ab C'est assez impressionnant de voir comment ils progressent \u00bb","og_description":"F1 2023 - Dans les colonnes du m\u00e9dia allemand Auto Motor und Sport, le Fran\u00e7ais Pierre Gasly, a vant\u00e9 les progr\u00e8s r\u00e9alis\u00e9s par Alpine.","og_url":"https:\/\/dicodusport.fr\/blog\/pierre-gasly-a-propos-dalpine-cest-assez-impressionnant-de-voir-comment-ils-progressent\/","og_site_name":"Dicodusport","article_publisher":"https:\/\/www.facebook.com\/dicodusport","article_author":"https:\/\/www.facebook.com\/florent.ostermann","article_published_time":"2023-01-06T12:06:38+00:00","article_modified_time":"2023-01-06T13:36:01+00:00","og_image":[{"width":800,"height":445,"url":"https:\/\/dicodusport.fr\/blog\/wp-content\/uploads\/2023\/01\/Pierre-Gasly-a-propos-dAlpine-Cest-assez-impressionnant-de-voir-comment-ils-progressent-.png","type":"image\/png"}],"author":"Flo Ostermann","twitter_card":"summary_large_image","twitter_title":"Pierre Gasly \u00e0 propos d'Alpine : \u00ab C'est assez impressionnant de voir comment ils progressent \u00bb","twitter_creator":"@https:\/\/twitter.com\/FlOstermann","twitter_site":"@dicodusport","schema":{"@context":"https:\/\/schema.org","@graph":[{"@type":"NewsArticle","@id":"https:\/\/dicodusport.fr\/blog\/pierre-gasly-a-propos-dalpine-cest-assez-impressionnant-de-voir-comment-ils-progressent\/#article","isPartOf":{"@id":"https:\/\/dicodusport.fr\/blog\/pierre-gasly-a-propos-dalpine-cest-assez-impressionnant-de-voir-comment-ils-progressent\/"},"author":{"name":"Flo Ostermann","@id":"https:\/\/dicodusport.fr\/blog\/#\/schema\/person\/cb02af4c173ce4a653b55e9baf388d4a"},"headline":"Pierre Gasly \u00e0 propos d&rsquo;Alpine : \u00ab C&rsquo;est assez impressionnant de voir comment ils progressent \u00bb","datePublished":"2023-01-06T12:06:38+00:00","dateModified":"2023-01-06T13:36:01+00:00","mainEntityOfPage":{"@id":"https:\/\/dicodusport.fr\/blog\/pierre-gasly-a-propos-dalpine-cest-assez-impressionnant-de-voir-comment-ils-progressent\/"},"wordCount":394,"commentCount":0,"publisher":{"@id":"https:\/\/dicodusport.fr\/blog\/#organization"},"image":{"@id":"https:\/\/dicodusport.fr\/blog\/pierre-gasly-a-propos-dalpine-cest-assez-impressionnant-de-voir-comment-ils-progressent\/#primaryimage"},"thumbnailUrl":"https:\/\/dicodusport.fr\/blog\/wp-content\/uploads\/2023\/01\/Pierre-Gasly-a-propos-dAlpine-Cest-assez-impressionnant-de-voir-comment-ils-progressent-.png","keywords":["Alpine","F1","Pierre Gasly"],"articleSection":["Formule 1"],"inLanguage":"fr-FR","potentialAction":[{"@type":"CommentAction","name":"Comment","target":["https:\/\/dicodusport.fr\/blog\/pierre-gasly-a-propos-dalpine-cest-assez-impressionnant-de-voir-comment-ils-progressent\/#respond"]}],"copyrightYear":"2023","copyrightHolder":{"@id":"https:\/\/dicodusport.fr\/blog\/#organization"}},{"@type":"WebPage","@id":"https:\/\/dicodusport.fr\/blog\/pierre-gasly-a-propos-dalpine-cest-assez-impressionnant-de-voir-comment-ils-progressent\/","url":"https:\/\/dicodusport.fr\/blog\/pierre-gasly-a-propos-dalpine-cest-assez-impressionnant-de-voir-comment-ils-progressent\/","name":"Pierre Gasly \u00e0 propos d'Alpine : \u00ab C'est assez impressionnant de voir comment ils progressent \u00bb","isPartOf":{"@id":"https:\/\/dicodusport.fr\/blog\/#website"},"primaryImageOfPage":{"@id":"https:\/\/dicodusport.fr\/blog\/pierre-gasly-a-propos-dalpine-cest-assez-impressionnant-de-voir-comment-ils-progressent\/#primaryimage"},"image":{"@id":"https:\/\/dicodusport.fr\/blog\/pierre-gasly-a-propos-dalpine-cest-assez-impressionnant-de-voir-comment-ils-progressent\/#primaryimage"},"thumbnailUrl":"https:\/\/dicodusport.fr\/blog\/wp-content\/uploads\/2023\/01\/Pierre-Gasly-a-propos-dAlpine-Cest-assez-impressionnant-de-voir-comment-ils-progressent-.png","datePublished":"2023-01-06T12:06:38+00:00","dateModified":"2023-01-06T13:36:01+00:00","description":"F1 2023 - Dans les colonnes du m\u00e9dia allemand Auto Motor und Sport, le Fran\u00e7ais Pierre Gasly, a vant\u00e9 les progr\u00e8s r\u00e9alis\u00e9s par Alpine.","breadcrumb":{"@id":"https:\/\/dicodusport.fr\/blog\/pierre-gasly-a-propos-dalpine-cest-assez-impressionnant-de-voir-comment-ils-progressent\/#breadcrumb"},"inLanguage":"fr-FR","potentialAction":[{"@type":"ReadAction","target":["https:\/\/dicodusport.fr\/blog\/pierre-gasly-a-propos-dalpine-cest-assez-impressionnant-de-voir-comment-ils-progressent\/"]}]},{"@type":"ImageObject","inLanguage":"fr-FR","@id":"https:\/\/dicodusport.fr\/blog\/pierre-gasly-a-propos-dalpine-cest-assez-impressionnant-de-voir-comment-ils-progressent\/#primaryimage","url":"https:\/\/dicodusport.fr\/blog\/wp-content\/uploads\/2023\/01\/Pierre-Gasly-a-propos-dAlpine-Cest-assez-impressionnant-de-voir-comment-ils-progressent-.png","contentUrl":"https:\/\/dicodusport.fr\/blog\/wp-content\/uploads\/2023\/01\/Pierre-Gasly-a-propos-dAlpine-Cest-assez-impressionnant-de-voir-comment-ils-progressent-.png","width":800,"height":445,"caption":"Pierre Gasly \u00e0 propos d'Alpine \u00ab C'est assez impressionnant de voir comment ils progressent \u00bb"},{"@type":"BreadcrumbList","@id":"https:\/\/dicodusport.fr\/blog\/pierre-gasly-a-propos-dalpine-cest-assez-impressionnant-de-voir-comment-ils-progressent\/#breadcrumb","itemListElement":[{"@type":"ListItem","position":1,"name":"Accueil","item":"https:\/\/dicodusport.fr\/blog\/"},{"@type":"ListItem","position":2,"name":"Pierre Gasly \u00e0 propos d&rsquo;Alpine : \u00ab C&rsquo;est assez impressionnant de voir comment ils progressent \u00bb"}]},{"@type":"WebSite","@id":"https:\/\/dicodusport.fr\/blog\/#website","url":"https:\/\/dicodusport.fr\/blog\/","name":"Dicodusport","description":"L&#039;encyclop\u00e9die de l&#039;actualit\u00e9 sportive","publisher":{"@id":"https:\/\/dicodusport.fr\/blog\/#organization"},"potentialAction":[{"@type":"SearchAction","target":{"@type":"EntryPoint","urlTemplate":"https:\/\/dicodusport.fr\/blog\/?s={search_term_string}"},"query-input":{"@type":"PropertyValueSpecification","valueRequired":true,"valueName":"search_term_string"}}],"inLanguage":"fr-FR"},{"@type":"NewsMediaOrganization","@id":"https:\/\/dicodusport.fr\/blog\/#organization","name":"Dicodusport","url":"https:\/\/dicodusport.fr\/blog\/","logo":{"@type":"ImageObject","inLanguage":"fr-FR","@id":"https:\/\/dicodusport.fr\/blog\/#\/schema\/logo\/image\/","url":"https:\/\/dicodusport.fr\/blog\/wp-content\/uploads\/2020\/06\/cropped-LOGO-DICODUSPORT-2020-SANS-FOND-SANS-TEXTE.png","contentUrl":"https:\/\/dicodusport.fr\/blog\/wp-content\/uploads\/2020\/06\/cropped-LOGO-DICODUSPORT-2020-SANS-FOND-SANS-TEXTE.png","width":512,"height":512,"caption":"Dicodusport"},"image":{"@id":"https:\/\/dicodusport.fr\/blog\/#\/schema\/logo\/image\/"},"sameAs":["https:\/\/www.facebook.com\/dicodusport","https:\/\/x.com\/dicodusport","https:\/\/www.instagram.com\/dicodusport\/","https:\/\/www.youtube.com\/channel\/UC7V2KZ5sd3htJivAbA4ZG3w"],"description":"Dicodusport est l'encyclop\u00e9die de l'actualit\u00e9 sportive.","email":"bonjour@dicodusport.fr","legalName":"DICODUSPORT","foundingDate":"2018-01-14","vatID":"FR71834470973","taxID":"83447097300043","numberOfEmployees":{"@type":"QuantitativeValue","minValue":"1","maxValue":"10"}},{"@type":"Person","@id":"https:\/\/dicodusport.fr\/blog\/#\/schema\/person\/cb02af4c173ce4a653b55e9baf388d4a","name":"Flo Ostermann","image":{"@type":"ImageObject","inLanguage":"fr-FR","@id":"https:\/\/dicodusport.fr\/blog\/#\/schema\/person\/image\/","url":"https:\/\/dicodusport.fr\/blog\/wp-content\/uploads\/2021\/05\/Flo-Ostermann-150x150.jpg","contentUrl":"https:\/\/dicodusport.fr\/blog\/wp-content\/uploads\/2021\/05\/Flo-Ostermann-150x150.jpg","caption":"Flo Ostermann"},"description":"Journaliste\/R\u00e9dacteur depuis septembre 2015 - Mes premiers souvenirs dans le sport ? Les envol\u00e9es du Stade Toulousain et les duels Villeneuve-Schumacher et H\u00e4kkinen-Schumacher \u00e0 la fin des ann\u00e9es 90, la Coupe du monde de football en 1998, l\u2019exploit du XV de France face aux All Blacks en 1999, mais aussi Richard C\u0153ur de Lion qui vole sur les montagnes du Tour de France. Bien parti pour devenir professeur d\u2019EPS, les \u00e9v\u00e9nements de la vie (et la flemme d\u2019animer des s\u00e9ances de 3x500 m\u00e8tres toute ma vie) m\u2019ont conduit \u00e0 revoir mes plans. Me voil\u00e0 depuis fin 2017 sur Dicodusport, m\u00e9dia gr\u00e2ce (et pour) lequel je partage ma passion : le sport dans tous ses \u00e9tats. Le tout accompagn\u00e9 par les fous furieux et folles furieuses cit\u00e9s sur cette page !","sameAs":["https:\/\/www.facebook.com\/florent.ostermann","https:\/\/x.com\/https:\/\/twitter.com\/FlOstermann","admin"],"url":"https:\/\/dicodusport.fr\/blog\/author\/flo\/"}]}},"_links":{"self":[{"href":"https:\/\/dicodusport.fr\/blog\/wp-json\/wp\/v2\/posts\/341795","targetHints":{"allow":["GET"]}}],"collection":[{"href":"https:\/\/dicodusport.fr\/blog\/wp-json\/wp\/v2\/posts"}],"about":[{"href":"https:\/\/dicodusport.fr\/blog\/wp-json\/wp\/v2\/types\/post"}],"author":[{"embeddable":true,"href":"https:\/\/dicodusport.fr\/blog\/wp-json\/wp\/v2\/users\/4"}],"replies":[{"embeddable":true,"href":"https:\/\/dicodusport.fr\/blog\/wp-json\/wp\/v2\/comments?post=341795"}],"version-history":[{"count":0,"href":"https:\/\/dicodusport.fr\/blog\/wp-json\/wp\/v2\/posts\/341795\/revisions"}],"wp:featuredmedia":[{"embeddable":true,"href":"https:\/\/dicodusport.fr\/blog\/wp-json\/wp\/v2\/media\/341819"}],"wp:attachment":[{"href":"https:\/\/dicodusport.fr\/blog\/wp-json\/wp\/v2\/media?parent=341795"}],"wp:term":[{"taxonomy":"category","embeddable":true,"href":"https:\/\/dicodusport.fr\/blog\/wp-json\/wp\/v2\/categories?post=341795"},{"taxonomy":"post_tag","embeddable":true,"href":"https:\/\/dicodusport.fr\/blog\/wp-json\/wp\/v2\/tags?post=341795"}],"curies":[{"name":"wp","href":"https:\/\/api.w.org\/{rel}","templated":true}]}}