{"id":341844,"date":"2023-01-06T15:18:42","date_gmt":"2023-01-06T14:18:42","guid":{"rendered":"https:\/\/dicodusport.fr\/blog\/?p=341844&#038;preview=true&#038;preview_id=341844"},"modified":"2023-01-06T20:30:00","modified_gmt":"2023-01-06T19:30:00","slug":"sprint-de-pokljuka-sixieme-victoire-de-la-saison-pour-johannes-boe-triple-norvegien","status":"publish","type":"post","link":"https:\/\/dicodusport.fr\/blog\/sprint-de-pokljuka-sixieme-victoire-de-la-saison-pour-johannes-boe-triple-norvegien\/","title":{"rendered":"Sprint de Pokljuka : Sixi\u00e8me victoire de la saison pour Johannes Boe qui m\u00e8ne un tripl\u00e9 norv\u00e9gien"},"content":{"rendered":"<p style=\"text-align: justify;\" align=\"justify\"><em><strong><b><i><a href=\"https:\/\/dicodusport.fr\/blog\/biathlon-pokljuka-2023-programme-complet-et-resultats\/\">BIATHLON COUPE DU MONDE DE POKLJUKA 2023<\/a><\/i><\/b> &#8211; Ahurissant sur les skis et auteur d&rsquo;un 9\/10 face aux cibles, Johannes Boe a remport\u00e9 le sprint de Pokljuka (Slov\u00e9nie) ce vendredi. Le Norv\u00e9gien, leader du g\u00e9n\u00e9ral de la Coupe du monde, a devanc\u00e9 ses deux compatriotes, son fr\u00e8re Tarjei Boe et son dauphin Sturla Laegreid.<\/strong><\/em><\/p>\n<p style=\"text-align: justify;\" align=\"justify\">Il est \u00e9poustouflant. <strong>Johannes Boe<\/strong> a une nouvelle fois surclass\u00e9 la concurrence ce vendredi, sur le <strong>sprint de Pokljuka<\/strong>. Un probl\u00e8me de carabine lors des r\u00e9glages n&rsquo;aura pas emp\u00each\u00e9 l&rsquo;ogre norv\u00e9gien de s&rsquo;imposer pour la sixi\u00e8me fois cette saison, avec une quatri\u00e8me victoire en quatre sprints. Un 9\/10 face aux cibles, mais surtout, une performance stratosph\u00e9rique sur les skis, avec le meilleur temps, 42 secondes devant son compatriote . Ahurissant.<\/p>\n<p style=\"text-align: justify;\" align=\"justify\">Plus que jamais, le cadet des fr\u00e8res <strong>Boe<\/strong> marche sur la concurrence. D&rsquo;autant plus que son frangin, <strong>Tarjei<\/strong>, s&rsquo;offre la deuxi\u00e8me place pour un <em>Boedium<\/em>, \u00e0 48 secondes et avec un 10\/10 derri\u00e8re la carabine. Cerise sur le g\u00e2teau, un troisi\u00e8me biathl\u00e8te norv\u00e9gien compl\u00e8te le podium : <strong>Sturla Laegreid<\/strong>, dauphin de <strong>Johannes Boe<\/strong> au g\u00e9n\u00e9ral, est parti une fois \u00e0 la faute, et partira \u00e0 58 secondes de ce dernier sur la poursuite. Si ce vendredi, nous y avons vu que du Norv\u00e9gien, cela risque d&rsquo;\u00eatre le cas, une fois de plus, sur la poursuite ce samedi.<\/p>\n<blockquote class=\"twitter-tweet\">\n<p dir=\"ltr\" lang=\"fr\">\ud83c\uddf3\ud83c\uddf4\ud83d\udcac Johannes Boe revient sur sa d\u00e9monstration sur le sprint<\/p>\n<p>\ud83d\udcf2\ud83d\udcbb\ud83d\udcfa Le direct &gt; <a href=\"https:\/\/t.co\/9nKzq5HgHt\">https:\/\/t.co\/9nKzq5HgHt<\/a><a href=\"https:\/\/twitter.com\/hashtag\/lequipeBIATHLON?src=hash&amp;ref_src=twsrc%5Etfw\">#lequipeBIATHLON<\/a> <a href=\"https:\/\/t.co\/noDDbM7HWI\">pic.twitter.com\/noDDbM7HWI<\/a><\/p>\n<p>\u2014 la chaine L&rsquo;\u00c9quipe (@lachainelequipe) <a href=\"https:\/\/twitter.com\/lachainelequipe\/status\/1611367462326468608?ref_src=twsrc%5Etfw\">January 6, 2023<\/a><\/p><\/blockquote>\n<p><script async src=\"https:\/\/platform.twitter.com\/widgets.js\" charset=\"utf-8\"><\/script><\/p>\n<h2 style=\"text-align: justify;\" align=\"justify\">Les Fran\u00e7ais en retrait, la craquante pour Jacquelin<\/h2>\n<p style=\"text-align: justify;\">Derri\u00e8re, la concurrence ne peut que constater les d\u00e9g\u00e2ts. \u00c0 commencer par une \u00e9quipe de France toujours sur courant alternatif. Si <strong>Quentin Fillon Maillet<\/strong>, 9\u00e8me \u00e0 9\/10 mais avec toujours des difficult\u00e9s sur les skis, et <strong>Antonin Guigonnat<\/strong> (10\u00e8me, 9\/10), sauvent les meubles. <strong>Fabien Claude<\/strong> et <strong>\u00c9milien Jacquelin<\/strong> se sont totalement rat\u00e9s. Le Vosgien, \u00e0 5\/10, sauve sa place sur la poursuite avec une 37\u00e8me place.<\/p>\n<p style=\"text-align: justify;\">En revanche, l&rsquo;Is\u00e9rois, troisi\u00e8me du g\u00e9n\u00e9ral ce matin, ne sera pas de la partie demain. Lui aussi \u00e0 5\/10, mais avec, en prime, un temps de ski loin de ses standards (30\u00e8me), pour une 64\u00e8me place finale. \u00c0 l&rsquo;heure o\u00f9 les Norv\u00e9giens ne laissent que des miettes aux autres, les Fran\u00e7ais marquent le pas sur cette Coupe du monde.<\/p>\n<div id=\"attachment_341895\" style=\"width: 810px\" class=\"wp-caption aligncenter\"><a href=\"https:\/\/dicodusport.fr\/blog\/wp-content\/uploads\/2023\/01\/La-tete-des-mauvais-jours-pour-Emilien-Jacquelin-sur-le-sprint-de-Pokljuka.png\"><img loading=\"lazy\" decoding=\"async\" aria-describedby=\"caption-attachment-341895\" class=\"size-full wp-image-341895\" src=\"https:\/\/dicodusport.fr\/blog\/wp-content\/uploads\/2023\/01\/La-tete-des-mauvais-jours-pour-Emilien-Jacquelin-sur-le-sprint-de-Pokljuka.png\" alt=\"La t\u00eate des mauvais jours pour \u00c9milien Jacquelin sur le sprint de Pokljuka\" width=\"800\" height=\"445\" srcset=\"https:\/\/dicodusport.fr\/blog\/wp-content\/uploads\/2023\/01\/La-tete-des-mauvais-jours-pour-Emilien-Jacquelin-sur-le-sprint-de-Pokljuka.png 800w, https:\/\/dicodusport.fr\/blog\/wp-content\/uploads\/2023\/01\/La-tete-des-mauvais-jours-pour-Emilien-Jacquelin-sur-le-sprint-de-Pokljuka-300x167.png 300w, https:\/\/dicodusport.fr\/blog\/wp-content\/uploads\/2023\/01\/La-tete-des-mauvais-jours-pour-Emilien-Jacquelin-sur-le-sprint-de-Pokljuka-768x427.png 768w\" sizes=\"auto, (max-width: 800px) 100vw, 800px\" \/><\/a><p id=\"caption-attachment-341895\" class=\"wp-caption-text\">La t\u00eate des mauvais jours pour \u00c9milien Jacquelin sur le sprint de Pokljuka &#8211; Photo Icon Sport<\/p><\/div>\n<h2 style=\"text-align: justify;\">Le classement des Fran\u00e7ais<\/h2>\n<p><strong>9. Q. Fillon Maillet<\/strong> &#8211; \u00e0 1:21.2 (0-1)<br \/>\n<strong>10. A. Guigonnat<\/strong> &#8211; \u00e0 1:27.7 (1-0)<br \/>\n<strong>37. F. Claude<\/strong> &#8211; \u00e0 2:37.5 (2-3)<br \/>\n<strong>43. O. Lombardot<\/strong> &#8211; \u00e0 2:42.2 (0-2)<br \/>\n<strong>64. \u00c9. Jacquelin<\/strong> &#8211; \u00e0 3:26.7 (2-3)<br \/>\n<strong>83. \u00c9. Claude<\/strong> &#8211; \u00e0 4:23.0 (2-3)<\/p>\n<h2 style=\"text-align: justify;\"><strong>\u00c0 lire aussi<\/strong><\/h2>\n<ul>\n<li style=\"text-align: justify;\"><strong><a href=\"https:\/\/dicodusport.fr\/blog\/biathlon-pokljuka-2023-classement-sprint-hommes\/\">Le classement complet du sprint hommes<\/a>\u00a0<\/strong><\/li>\n<li style=\"text-align: justify;\"><a href=\"https:\/\/dicodusport.fr\/blog\/coupe-du-monde-biathlon-classement-general-hommes\/\"><strong>Le classement g\u00e9n\u00e9ral de la Coupe du monde de biathlon<\/strong><\/a><\/li>\n<li style=\"text-align: justify;\"><a href=\"https:\/\/dicodusport.fr\/blog\/coupe-du-monde-biathlon-classement-petit-globe-sprint-hommes\/\"><strong>Le classement du petit globe du sprint<\/strong><\/a><\/li>\n<li style=\"text-align: justify;\"><a href=\"https:\/\/dicodusport.fr\/blog\/biathlon-kontiolahti-2022-programme-complet-et-resultats\/\"><strong>Le calendrier complet de la Coupe du monde de biathlon 2022-2023<\/strong><\/a><\/li>\n<\/ul>\n","protected":false},"excerpt":{"rendered":"<p>BIATHLON COUPE DU MONDE DE POKLJUKA 2023 &#8211; Ahurissant sur les skis et auteur d&rsquo;un 9\/10 face aux cibles, Johannes Boe a remport\u00e9 le sprint de Pokljuka (Slov\u00e9nie) ce vendredi. Le Norv\u00e9gien, leader du g\u00e9n\u00e9ral de la Coupe du monde, a devanc\u00e9 ses deux compatriotes, son fr\u00e8re Tarjei Boe et son dauphin Sturla Laegreid.<\/p>\n","protected":false},"author":4,"featured_media":341869,"comment_status":"open","ping_status":"closed","sticky":false,"template":"","format":"standard","meta":{"_acf_changed":false,"_daextam_enable_autolinks":"","footnotes":""},"categories":[47040],"tags":[24],"class_list":["post-341844","post","type-post","status-publish","format-standard","has-post-thumbnail","hentry","category-coupe-du-monde-de-biathlon","tag-sport"],"acf":[],"yoast_head":"<!-- This site is optimized with the Yoast SEO Premium plugin v26.7 (Yoast SEO v26.7) - https:\/\/yoast.com\/wordpress\/plugins\/seo\/ -->\n<title>Sprint de Pokljuka : Sixi\u00e8me victoire de la saison pour Johannes Boe qui m\u00e8ne un tripl\u00e9 norv\u00e9gien<\/title>\n<meta name=\"description\" content=\"BIATHLON COUPE DU MONDE DE POKLJUKA 2023 - Ahurissant sur les skis, Johannes Boe a remport\u00e9 le sprint de Pokljuka (Slov\u00e9nie) ce vendredi.\" \/>\n<meta name=\"robots\" content=\"index, follow, max-snippet:-1, max-image-preview:large, max-video-preview:-1\" \/>\n<link rel=\"canonical\" href=\"https:\/\/dicodusport.fr\/blog\/sprint-de-pokljuka-sixieme-victoire-de-la-saison-pour-johannes-boe-triple-norvegien\/\" \/>\n<meta property=\"og:locale\" content=\"fr_FR\" \/>\n<meta property=\"og:type\" content=\"article\" \/>\n<meta property=\"og:title\" content=\"Sprint de Pokljuka : Sixi\u00e8me victoire de la saison pour Johannes Boe qui m\u00e8ne un tripl\u00e9 norv\u00e9gien\" \/>\n<meta property=\"og:description\" content=\"BIATHLON COUPE DU MONDE DE POKLJUKA 2023 - Ahurissant sur les skis, Johannes Boe a remport\u00e9 le sprint de Pokljuka (Slov\u00e9nie) ce vendredi.\" \/>\n<meta property=\"og:url\" content=\"https:\/\/dicodusport.fr\/blog\/sprint-de-pokljuka-sixieme-victoire-de-la-saison-pour-johannes-boe-triple-norvegien\/\" \/>\n<meta property=\"og:site_name\" content=\"Dicodusport\" \/>\n<meta property=\"article:publisher\" content=\"https:\/\/www.facebook.com\/dicodusport\" \/>\n<meta property=\"article:author\" content=\"https:\/\/www.facebook.com\/florent.ostermann\" \/>\n<meta property=\"article:published_time\" content=\"2023-01-06T14:18:42+00:00\" \/>\n<meta property=\"article:modified_time\" content=\"2023-01-06T19:30:00+00:00\" \/>\n<meta property=\"og:image\" content=\"https:\/\/dicodusport.fr\/blog\/wp-content\/uploads\/2023\/01\/Sprint-de-Pokljuka-Sixieme-victoire-de-la-saison-pour-Johannes-Boe.png\" \/>\n\t<meta property=\"og:image:width\" content=\"800\" \/>\n\t<meta property=\"og:image:height\" content=\"445\" \/>\n\t<meta property=\"og:image:type\" content=\"image\/png\" \/>\n<meta name=\"author\" content=\"Flo Ostermann\" \/>\n<meta name=\"twitter:card\" content=\"summary_large_image\" \/>\n<meta name=\"twitter:title\" content=\"Sprint de Pokljuka : Sixi\u00e8me victoire de la saison pour Johannes Boe qui m\u00e8ne un tripl\u00e9 norv\u00e9gien\" \/>\n<meta name=\"twitter:creator\" content=\"@https:\/\/twitter.com\/FlOstermann\" \/>\n<meta name=\"twitter:site\" content=\"@dicodusport\" \/>\n<script type=\"application\/ld+json\" class=\"yoast-schema-graph\">{\"@context\":\"https:\/\/schema.org\",\"@graph\":[{\"@type\":\"NewsArticle\",\"@id\":\"https:\/\/dicodusport.fr\/blog\/sprint-de-pokljuka-sixieme-victoire-de-la-saison-pour-johannes-boe-triple-norvegien\/#article\",\"isPartOf\":{\"@id\":\"https:\/\/dicodusport.fr\/blog\/sprint-de-pokljuka-sixieme-victoire-de-la-saison-pour-johannes-boe-triple-norvegien\/\"},\"author\":{\"name\":\"Flo Ostermann\",\"@id\":\"https:\/\/dicodusport.fr\/blog\/#\/schema\/person\/cb02af4c173ce4a653b55e9baf388d4a\"},\"headline\":\"Sprint de Pokljuka : Sixi\u00e8me victoire de la saison pour Johannes Boe qui m\u00e8ne un tripl\u00e9 norv\u00e9gien\",\"datePublished\":\"2023-01-06T14:18:42+00:00\",\"dateModified\":\"2023-01-06T19:30:00+00:00\",\"mainEntityOfPage\":{\"@id\":\"https:\/\/dicodusport.fr\/blog\/sprint-de-pokljuka-sixieme-victoire-de-la-saison-pour-johannes-boe-triple-norvegien\/\"},\"wordCount\":517,\"commentCount\":0,\"publisher\":{\"@id\":\"https:\/\/dicodusport.fr\/blog\/#organization\"},\"image\":{\"@id\":\"https:\/\/dicodusport.fr\/blog\/sprint-de-pokljuka-sixieme-victoire-de-la-saison-pour-johannes-boe-triple-norvegien\/#primaryimage\"},\"thumbnailUrl\":\"https:\/\/dicodusport.fr\/blog\/wp-content\/uploads\/2023\/01\/Sprint-de-Pokljuka-Sixieme-victoire-de-la-saison-pour-Johannes-Boe.png\",\"keywords\":[\"sport\"],\"articleSection\":[\"Coupe du monde de biathlon\"],\"inLanguage\":\"fr-FR\",\"potentialAction\":[{\"@type\":\"CommentAction\",\"name\":\"Comment\",\"target\":[\"https:\/\/dicodusport.fr\/blog\/sprint-de-pokljuka-sixieme-victoire-de-la-saison-pour-johannes-boe-triple-norvegien\/#respond\"]}],\"copyrightYear\":\"2023\",\"copyrightHolder\":{\"@id\":\"https:\/\/dicodusport.fr\/blog\/#organization\"}},{\"@type\":\"WebPage\",\"@id\":\"https:\/\/dicodusport.fr\/blog\/sprint-de-pokljuka-sixieme-victoire-de-la-saison-pour-johannes-boe-triple-norvegien\/\",\"url\":\"https:\/\/dicodusport.fr\/blog\/sprint-de-pokljuka-sixieme-victoire-de-la-saison-pour-johannes-boe-triple-norvegien\/\",\"name\":\"Sprint de Pokljuka : Sixi\u00e8me victoire de la saison pour Johannes Boe qui m\u00e8ne un tripl\u00e9 norv\u00e9gien\",\"isPartOf\":{\"@id\":\"https:\/\/dicodusport.fr\/blog\/#website\"},\"primaryImageOfPage\":{\"@id\":\"https:\/\/dicodusport.fr\/blog\/sprint-de-pokljuka-sixieme-victoire-de-la-saison-pour-johannes-boe-triple-norvegien\/#primaryimage\"},\"image\":{\"@id\":\"https:\/\/dicodusport.fr\/blog\/sprint-de-pokljuka-sixieme-victoire-de-la-saison-pour-johannes-boe-triple-norvegien\/#primaryimage\"},\"thumbnailUrl\":\"https:\/\/dicodusport.fr\/blog\/wp-content\/uploads\/2023\/01\/Sprint-de-Pokljuka-Sixieme-victoire-de-la-saison-pour-Johannes-Boe.png\",\"datePublished\":\"2023-01-06T14:18:42+00:00\",\"dateModified\":\"2023-01-06T19:30:00+00:00\",\"description\":\"BIATHLON COUPE DU MONDE DE POKLJUKA 2023 - Ahurissant sur les skis, Johannes Boe a remport\u00e9 le sprint de Pokljuka (Slov\u00e9nie) ce vendredi.\",\"breadcrumb\":{\"@id\":\"https:\/\/dicodusport.fr\/blog\/sprint-de-pokljuka-sixieme-victoire-de-la-saison-pour-johannes-boe-triple-norvegien\/#breadcrumb\"},\"inLanguage\":\"fr-FR\",\"potentialAction\":[{\"@type\":\"ReadAction\",\"target\":[\"https:\/\/dicodusport.fr\/blog\/sprint-de-pokljuka-sixieme-victoire-de-la-saison-pour-johannes-boe-triple-norvegien\/\"]}]},{\"@type\":\"ImageObject\",\"inLanguage\":\"fr-FR\",\"@id\":\"https:\/\/dicodusport.fr\/blog\/sprint-de-pokljuka-sixieme-victoire-de-la-saison-pour-johannes-boe-triple-norvegien\/#primaryimage\",\"url\":\"https:\/\/dicodusport.fr\/blog\/wp-content\/uploads\/2023\/01\/Sprint-de-Pokljuka-Sixieme-victoire-de-la-saison-pour-Johannes-Boe.png\",\"contentUrl\":\"https:\/\/dicodusport.fr\/blog\/wp-content\/uploads\/2023\/01\/Sprint-de-Pokljuka-Sixieme-victoire-de-la-saison-pour-Johannes-Boe.png\",\"width\":800,\"height\":445,\"caption\":\"Sprint de Pokljuka Sixi\u00e8me victoire de la saison pour Johannes Boe\"},{\"@type\":\"BreadcrumbList\",\"@id\":\"https:\/\/dicodusport.fr\/blog\/sprint-de-pokljuka-sixieme-victoire-de-la-saison-pour-johannes-boe-triple-norvegien\/#breadcrumb\",\"itemListElement\":[{\"@type\":\"ListItem\",\"position\":1,\"name\":\"Accueil\",\"item\":\"https:\/\/dicodusport.fr\/blog\/\"},{\"@type\":\"ListItem\",\"position\":2,\"name\":\"Sprint de Pokljuka : Sixi\u00e8me victoire de la saison pour Johannes Boe qui m\u00e8ne un tripl\u00e9 norv\u00e9gien\"}]},{\"@type\":\"WebSite\",\"@id\":\"https:\/\/dicodusport.fr\/blog\/#website\",\"url\":\"https:\/\/dicodusport.fr\/blog\/\",\"name\":\"Dicodusport\",\"description\":\"L&#039;encyclop\u00e9die de l&#039;actualit\u00e9 sportive\",\"publisher\":{\"@id\":\"https:\/\/dicodusport.fr\/blog\/#organization\"},\"potentialAction\":[{\"@type\":\"SearchAction\",\"target\":{\"@type\":\"EntryPoint\",\"urlTemplate\":\"https:\/\/dicodusport.fr\/blog\/?s={search_term_string}\"},\"query-input\":{\"@type\":\"PropertyValueSpecification\",\"valueRequired\":true,\"valueName\":\"search_term_string\"}}],\"inLanguage\":\"fr-FR\"},{\"@type\":\"NewsMediaOrganization\",\"@id\":\"https:\/\/dicodusport.fr\/blog\/#organization\",\"name\":\"Dicodusport\",\"url\":\"https:\/\/dicodusport.fr\/blog\/\",\"logo\":{\"@type\":\"ImageObject\",\"inLanguage\":\"fr-FR\",\"@id\":\"https:\/\/dicodusport.fr\/blog\/#\/schema\/logo\/image\/\",\"url\":\"https:\/\/dicodusport.fr\/blog\/wp-content\/uploads\/2020\/06\/cropped-LOGO-DICODUSPORT-2020-SANS-FOND-SANS-TEXTE.png\",\"contentUrl\":\"https:\/\/dicodusport.fr\/blog\/wp-content\/uploads\/2020\/06\/cropped-LOGO-DICODUSPORT-2020-SANS-FOND-SANS-TEXTE.png\",\"width\":512,\"height\":512,\"caption\":\"Dicodusport\"},\"image\":{\"@id\":\"https:\/\/dicodusport.fr\/blog\/#\/schema\/logo\/image\/\"},\"sameAs\":[\"https:\/\/www.facebook.com\/dicodusport\",\"https:\/\/x.com\/dicodusport\",\"https:\/\/www.instagram.com\/dicodusport\/\",\"https:\/\/www.youtube.com\/channel\/UC7V2KZ5sd3htJivAbA4ZG3w\"],\"description\":\"Dicodusport est l'encyclop\u00e9die de l'actualit\u00e9 sportive.\",\"email\":\"bonjour@dicodusport.fr\",\"legalName\":\"DICODUSPORT\",\"foundingDate\":\"2018-01-14\",\"vatID\":\"FR71834470973\",\"taxID\":\"83447097300043\",\"numberOfEmployees\":{\"@type\":\"QuantitativeValue\",\"minValue\":\"1\",\"maxValue\":\"10\"}},{\"@type\":\"Person\",\"@id\":\"https:\/\/dicodusport.fr\/blog\/#\/schema\/person\/cb02af4c173ce4a653b55e9baf388d4a\",\"name\":\"Flo Ostermann\",\"image\":{\"@type\":\"ImageObject\",\"inLanguage\":\"fr-FR\",\"@id\":\"https:\/\/dicodusport.fr\/blog\/#\/schema\/person\/image\/\",\"url\":\"https:\/\/dicodusport.fr\/blog\/wp-content\/uploads\/2021\/05\/Flo-Ostermann-150x150.jpg\",\"contentUrl\":\"https:\/\/dicodusport.fr\/blog\/wp-content\/uploads\/2021\/05\/Flo-Ostermann-150x150.jpg\",\"caption\":\"Flo Ostermann\"},\"description\":\"Journaliste\/R\u00e9dacteur depuis septembre 2015 - Mes premiers souvenirs dans le sport ? Les envol\u00e9es du Stade Toulousain et les duels Villeneuve-Schumacher et H\u00e4kkinen-Schumacher \u00e0 la fin des ann\u00e9es 90, la Coupe du monde de football en 1998, l\u2019exploit du XV de France face aux All Blacks en 1999, mais aussi Richard C\u0153ur de Lion qui vole sur les montagnes du Tour de France. Bien parti pour devenir professeur d\u2019EPS, les \u00e9v\u00e9nements de la vie (et la flemme d\u2019animer des s\u00e9ances de 3x500 m\u00e8tres toute ma vie) m\u2019ont conduit \u00e0 revoir mes plans. Me voil\u00e0 depuis fin 2017 sur Dicodusport, m\u00e9dia gr\u00e2ce (et pour) lequel je partage ma passion : le sport dans tous ses \u00e9tats. Le tout accompagn\u00e9 par les fous furieux et folles furieuses cit\u00e9s sur cette page !\",\"sameAs\":[\"https:\/\/www.facebook.com\/florent.ostermann\",\"https:\/\/x.com\/https:\/\/twitter.com\/FlOstermann\",\"admin\"],\"url\":\"https:\/\/dicodusport.fr\/blog\/author\/flo\/\"}]}<\/script>\n<!-- \/ Yoast SEO Premium plugin. -->","yoast_head_json":{"title":"Sprint de Pokljuka : Sixi\u00e8me victoire de la saison pour Johannes Boe qui m\u00e8ne un tripl\u00e9 norv\u00e9gien","description":"BIATHLON COUPE DU MONDE DE POKLJUKA 2023 - Ahurissant sur les skis, Johannes Boe a remport\u00e9 le sprint de Pokljuka (Slov\u00e9nie) ce vendredi.","robots":{"index":"index","follow":"follow","max-snippet":"max-snippet:-1","max-image-preview":"max-image-preview:large","max-video-preview":"max-video-preview:-1"},"canonical":"https:\/\/dicodusport.fr\/blog\/sprint-de-pokljuka-sixieme-victoire-de-la-saison-pour-johannes-boe-triple-norvegien\/","og_locale":"fr_FR","og_type":"article","og_title":"Sprint de Pokljuka : Sixi\u00e8me victoire de la saison pour Johannes Boe qui m\u00e8ne un tripl\u00e9 norv\u00e9gien","og_description":"BIATHLON COUPE DU MONDE DE POKLJUKA 2023 - Ahurissant sur les skis, Johannes Boe a remport\u00e9 le sprint de Pokljuka (Slov\u00e9nie) ce vendredi.","og_url":"https:\/\/dicodusport.fr\/blog\/sprint-de-pokljuka-sixieme-victoire-de-la-saison-pour-johannes-boe-triple-norvegien\/","og_site_name":"Dicodusport","article_publisher":"https:\/\/www.facebook.com\/dicodusport","article_author":"https:\/\/www.facebook.com\/florent.ostermann","article_published_time":"2023-01-06T14:18:42+00:00","article_modified_time":"2023-01-06T19:30:00+00:00","og_image":[{"width":800,"height":445,"url":"https:\/\/dicodusport.fr\/blog\/wp-content\/uploads\/2023\/01\/Sprint-de-Pokljuka-Sixieme-victoire-de-la-saison-pour-Johannes-Boe.png","type":"image\/png"}],"author":"Flo Ostermann","twitter_card":"summary_large_image","twitter_title":"Sprint de Pokljuka : Sixi\u00e8me victoire de la saison pour Johannes Boe qui m\u00e8ne un tripl\u00e9 norv\u00e9gien","twitter_creator":"@https:\/\/twitter.com\/FlOstermann","twitter_site":"@dicodusport","schema":{"@context":"https:\/\/schema.org","@graph":[{"@type":"NewsArticle","@id":"https:\/\/dicodusport.fr\/blog\/sprint-de-pokljuka-sixieme-victoire-de-la-saison-pour-johannes-boe-triple-norvegien\/#article","isPartOf":{"@id":"https:\/\/dicodusport.fr\/blog\/sprint-de-pokljuka-sixieme-victoire-de-la-saison-pour-johannes-boe-triple-norvegien\/"},"author":{"name":"Flo Ostermann","@id":"https:\/\/dicodusport.fr\/blog\/#\/schema\/person\/cb02af4c173ce4a653b55e9baf388d4a"},"headline":"Sprint de Pokljuka : Sixi\u00e8me victoire de la saison pour Johannes Boe qui m\u00e8ne un tripl\u00e9 norv\u00e9gien","datePublished":"2023-01-06T14:18:42+00:00","dateModified":"2023-01-06T19:30:00+00:00","mainEntityOfPage":{"@id":"https:\/\/dicodusport.fr\/blog\/sprint-de-pokljuka-sixieme-victoire-de-la-saison-pour-johannes-boe-triple-norvegien\/"},"wordCount":517,"commentCount":0,"publisher":{"@id":"https:\/\/dicodusport.fr\/blog\/#organization"},"image":{"@id":"https:\/\/dicodusport.fr\/blog\/sprint-de-pokljuka-sixieme-victoire-de-la-saison-pour-johannes-boe-triple-norvegien\/#primaryimage"},"thumbnailUrl":"https:\/\/dicodusport.fr\/blog\/wp-content\/uploads\/2023\/01\/Sprint-de-Pokljuka-Sixieme-victoire-de-la-saison-pour-Johannes-Boe.png","keywords":["sport"],"articleSection":["Coupe du monde de biathlon"],"inLanguage":"fr-FR","potentialAction":[{"@type":"CommentAction","name":"Comment","target":["https:\/\/dicodusport.fr\/blog\/sprint-de-pokljuka-sixieme-victoire-de-la-saison-pour-johannes-boe-triple-norvegien\/#respond"]}],"copyrightYear":"2023","copyrightHolder":{"@id":"https:\/\/dicodusport.fr\/blog\/#organization"}},{"@type":"WebPage","@id":"https:\/\/dicodusport.fr\/blog\/sprint-de-pokljuka-sixieme-victoire-de-la-saison-pour-johannes-boe-triple-norvegien\/","url":"https:\/\/dicodusport.fr\/blog\/sprint-de-pokljuka-sixieme-victoire-de-la-saison-pour-johannes-boe-triple-norvegien\/","name":"Sprint de Pokljuka : Sixi\u00e8me victoire de la saison pour Johannes Boe qui m\u00e8ne un tripl\u00e9 norv\u00e9gien","isPartOf":{"@id":"https:\/\/dicodusport.fr\/blog\/#website"},"primaryImageOfPage":{"@id":"https:\/\/dicodusport.fr\/blog\/sprint-de-pokljuka-sixieme-victoire-de-la-saison-pour-johannes-boe-triple-norvegien\/#primaryimage"},"image":{"@id":"https:\/\/dicodusport.fr\/blog\/sprint-de-pokljuka-sixieme-victoire-de-la-saison-pour-johannes-boe-triple-norvegien\/#primaryimage"},"thumbnailUrl":"https:\/\/dicodusport.fr\/blog\/wp-content\/uploads\/2023\/01\/Sprint-de-Pokljuka-Sixieme-victoire-de-la-saison-pour-Johannes-Boe.png","datePublished":"2023-01-06T14:18:42+00:00","dateModified":"2023-01-06T19:30:00+00:00","description":"BIATHLON COUPE DU MONDE DE POKLJUKA 2023 - Ahurissant sur les skis, Johannes Boe a remport\u00e9 le sprint de Pokljuka (Slov\u00e9nie) ce vendredi.","breadcrumb":{"@id":"https:\/\/dicodusport.fr\/blog\/sprint-de-pokljuka-sixieme-victoire-de-la-saison-pour-johannes-boe-triple-norvegien\/#breadcrumb"},"inLanguage":"fr-FR","potentialAction":[{"@type":"ReadAction","target":["https:\/\/dicodusport.fr\/blog\/sprint-de-pokljuka-sixieme-victoire-de-la-saison-pour-johannes-boe-triple-norvegien\/"]}]},{"@type":"ImageObject","inLanguage":"fr-FR","@id":"https:\/\/dicodusport.fr\/blog\/sprint-de-pokljuka-sixieme-victoire-de-la-saison-pour-johannes-boe-triple-norvegien\/#primaryimage","url":"https:\/\/dicodusport.fr\/blog\/wp-content\/uploads\/2023\/01\/Sprint-de-Pokljuka-Sixieme-victoire-de-la-saison-pour-Johannes-Boe.png","contentUrl":"https:\/\/dicodusport.fr\/blog\/wp-content\/uploads\/2023\/01\/Sprint-de-Pokljuka-Sixieme-victoire-de-la-saison-pour-Johannes-Boe.png","width":800,"height":445,"caption":"Sprint de Pokljuka Sixi\u00e8me victoire de la saison pour Johannes Boe"},{"@type":"BreadcrumbList","@id":"https:\/\/dicodusport.fr\/blog\/sprint-de-pokljuka-sixieme-victoire-de-la-saison-pour-johannes-boe-triple-norvegien\/#breadcrumb","itemListElement":[{"@type":"ListItem","position":1,"name":"Accueil","item":"https:\/\/dicodusport.fr\/blog\/"},{"@type":"ListItem","position":2,"name":"Sprint de Pokljuka : Sixi\u00e8me victoire de la saison pour Johannes Boe qui m\u00e8ne un tripl\u00e9 norv\u00e9gien"}]},{"@type":"WebSite","@id":"https:\/\/dicodusport.fr\/blog\/#website","url":"https:\/\/dicodusport.fr\/blog\/","name":"Dicodusport","description":"L&#039;encyclop\u00e9die de l&#039;actualit\u00e9 sportive","publisher":{"@id":"https:\/\/dicodusport.fr\/blog\/#organization"},"potentialAction":[{"@type":"SearchAction","target":{"@type":"EntryPoint","urlTemplate":"https:\/\/dicodusport.fr\/blog\/?s={search_term_string}"},"query-input":{"@type":"PropertyValueSpecification","valueRequired":true,"valueName":"search_term_string"}}],"inLanguage":"fr-FR"},{"@type":"NewsMediaOrganization","@id":"https:\/\/dicodusport.fr\/blog\/#organization","name":"Dicodusport","url":"https:\/\/dicodusport.fr\/blog\/","logo":{"@type":"ImageObject","inLanguage":"fr-FR","@id":"https:\/\/dicodusport.fr\/blog\/#\/schema\/logo\/image\/","url":"https:\/\/dicodusport.fr\/blog\/wp-content\/uploads\/2020\/06\/cropped-LOGO-DICODUSPORT-2020-SANS-FOND-SANS-TEXTE.png","contentUrl":"https:\/\/dicodusport.fr\/blog\/wp-content\/uploads\/2020\/06\/cropped-LOGO-DICODUSPORT-2020-SANS-FOND-SANS-TEXTE.png","width":512,"height":512,"caption":"Dicodusport"},"image":{"@id":"https:\/\/dicodusport.fr\/blog\/#\/schema\/logo\/image\/"},"sameAs":["https:\/\/www.facebook.com\/dicodusport","https:\/\/x.com\/dicodusport","https:\/\/www.instagram.com\/dicodusport\/","https:\/\/www.youtube.com\/channel\/UC7V2KZ5sd3htJivAbA4ZG3w"],"description":"Dicodusport est l'encyclop\u00e9die de l'actualit\u00e9 sportive.","email":"bonjour@dicodusport.fr","legalName":"DICODUSPORT","foundingDate":"2018-01-14","vatID":"FR71834470973","taxID":"83447097300043","numberOfEmployees":{"@type":"QuantitativeValue","minValue":"1","maxValue":"10"}},{"@type":"Person","@id":"https:\/\/dicodusport.fr\/blog\/#\/schema\/person\/cb02af4c173ce4a653b55e9baf388d4a","name":"Flo Ostermann","image":{"@type":"ImageObject","inLanguage":"fr-FR","@id":"https:\/\/dicodusport.fr\/blog\/#\/schema\/person\/image\/","url":"https:\/\/dicodusport.fr\/blog\/wp-content\/uploads\/2021\/05\/Flo-Ostermann-150x150.jpg","contentUrl":"https:\/\/dicodusport.fr\/blog\/wp-content\/uploads\/2021\/05\/Flo-Ostermann-150x150.jpg","caption":"Flo Ostermann"},"description":"Journaliste\/R\u00e9dacteur depuis septembre 2015 - Mes premiers souvenirs dans le sport ? Les envol\u00e9es du Stade Toulousain et les duels Villeneuve-Schumacher et H\u00e4kkinen-Schumacher \u00e0 la fin des ann\u00e9es 90, la Coupe du monde de football en 1998, l\u2019exploit du XV de France face aux All Blacks en 1999, mais aussi Richard C\u0153ur de Lion qui vole sur les montagnes du Tour de France. Bien parti pour devenir professeur d\u2019EPS, les \u00e9v\u00e9nements de la vie (et la flemme d\u2019animer des s\u00e9ances de 3x500 m\u00e8tres toute ma vie) m\u2019ont conduit \u00e0 revoir mes plans. Me voil\u00e0 depuis fin 2017 sur Dicodusport, m\u00e9dia gr\u00e2ce (et pour) lequel je partage ma passion : le sport dans tous ses \u00e9tats. Le tout accompagn\u00e9 par les fous furieux et folles furieuses cit\u00e9s sur cette page !","sameAs":["https:\/\/www.facebook.com\/florent.ostermann","https:\/\/x.com\/https:\/\/twitter.com\/FlOstermann","admin"],"url":"https:\/\/dicodusport.fr\/blog\/author\/flo\/"}]}},"_links":{"self":[{"href":"https:\/\/dicodusport.fr\/blog\/wp-json\/wp\/v2\/posts\/341844","targetHints":{"allow":["GET"]}}],"collection":[{"href":"https:\/\/dicodusport.fr\/blog\/wp-json\/wp\/v2\/posts"}],"about":[{"href":"https:\/\/dicodusport.fr\/blog\/wp-json\/wp\/v2\/types\/post"}],"author":[{"embeddable":true,"href":"https:\/\/dicodusport.fr\/blog\/wp-json\/wp\/v2\/users\/4"}],"replies":[{"embeddable":true,"href":"https:\/\/dicodusport.fr\/blog\/wp-json\/wp\/v2\/comments?post=341844"}],"version-history":[{"count":0,"href":"https:\/\/dicodusport.fr\/blog\/wp-json\/wp\/v2\/posts\/341844\/revisions"}],"wp:featuredmedia":[{"embeddable":true,"href":"https:\/\/dicodusport.fr\/blog\/wp-json\/wp\/v2\/media\/341869"}],"wp:attachment":[{"href":"https:\/\/dicodusport.fr\/blog\/wp-json\/wp\/v2\/media?parent=341844"}],"wp:term":[{"taxonomy":"category","embeddable":true,"href":"https:\/\/dicodusport.fr\/blog\/wp-json\/wp\/v2\/categories?post=341844"},{"taxonomy":"post_tag","embeddable":true,"href":"https:\/\/dicodusport.fr\/blog\/wp-json\/wp\/v2\/tags?post=341844"}],"curies":[{"name":"wp","href":"https:\/\/api.w.org\/{rel}","templated":true}]}}