{"id":342014,"date":"2023-01-07T09:53:38","date_gmt":"2023-01-07T08:53:38","guid":{"rendered":"https:\/\/dicodusport.fr\/blog\/?p=342014&#038;preview=true&#038;preview_id=342014"},"modified":"2023-01-07T12:26:55","modified_gmt":"2023-01-07T11:26:55","slug":"julian-alaphilippe-patrick-lefevere-ouvre-la-porte-a-un-depart","status":"publish","type":"post","link":"https:\/\/dicodusport.fr\/blog\/julian-alaphilippe-patrick-lefevere-ouvre-la-porte-a-un-depart\/","title":{"rendered":"Julian Alaphilippe : Patrick Lefevere ouvre la porte \u00e0 un d\u00e9part"},"content":{"rendered":"<p align=\"justify\"><em><strong>CYCLISME SUR ROUTE 2023 &#8211; Dans les colonnes de DH Net, Patrick Lefevere a expliqu\u00e9 qu&rsquo;il avait propos\u00e9 \u00e0 Julian Alaphilippe de quitter l&rsquo;\u00e9quipe cet hiver.\u00a0<\/strong><\/em><\/p>\n<p align=\"justify\">Bien que sous contrat encore deux saisons avec la <strong>Soudal &#8211; Quick Step<\/strong>, le double champion du monde aurait pu quitter l&rsquo;\u00e9quipe cet hiver. <strong>Patrick<\/strong> <strong>Lefevere<\/strong> lui en a fait la proposition, mais <strong>Julian<\/strong> <strong>Alaphilippe<\/strong> l&rsquo;a refus\u00e9e.<\/p>\n<blockquote>\n<p align=\"justify\">Il a eu de la malchance, c\u2019est vrai, mais on ne peut pas se cacher derri\u00e8re cela trop longtemps. Je veux revoir le Julian d\u2019il y a deux ans. J\u2019ai eu une discussion franche et sinc\u00e8re avec lui et lui ai fait comprendre que s\u2019il \u00e9tait fatigu\u00e9 d\u2019un environnement dans lequel il \u00e9volue depuis ses 17 ans il pouvait nous quitter, mais il m\u2019a dit vouloir rester dans l\u2019\u00e9quipe.<\/p>\n<\/blockquote>\n<p align=\"justify\">Si les <strong>Ardennaises<\/strong> sont dans son <a href=\"https:\/\/dicodusport.fr\/blog\/julian-alaphilippe-son-programme-pour-la-saison-2023\/\" target=\"_blank\" rel=\"noopener\">programme de la saison 2023<\/a>, sa participation \u00e0 ces courses n&rsquo;est pas garantie selon son manager. <strong>Julian<\/strong> <strong>Alaphilippe<\/strong> pourrait les zapper pour se concentrer sur sa pr\u00e9paration du <strong>Tour de France<\/strong>, mais aussi peut-\u00eatre pour ne pas g\u00eaner <strong>Remco<\/strong> <strong>Evenepoel<\/strong> dans sa qu\u00eate d&rsquo;une nouvelle Doyenne. Pour sa participation \u00e0 la<strong> Fl\u00e8che Wallonne<\/strong> et \u00e0 <strong>Li\u00e8ge-Bastogne-Li\u00e8ge<\/strong>, une d\u00e9cision sera prise apr\u00e8s les premi\u00e8res courses de la saison.<\/p>\n<blockquote class=\"twitter-tweet\">\n<p dir=\"ltr\" lang=\"fr\">Lefevere sur Alaphilippe:\u00a0\u00bbJ\u2019ai eu une discussion franche et sinc\u00e8re avec lui et lui ai fait comprendre que s\u2019il \u00e9tait fatigu\u00e9 d\u2019un environnement dans lequel il \u00e9volue depuis ses 17 ans il pouvait nous quitter, mais il m\u2019a dit vouloir rester dans l\u2019\u00e9quipe.\u201d<a href=\"https:\/\/t.co\/kNMGc3FOHp\">https:\/\/t.co\/kNMGc3FOHp<\/a><\/p>\n<p>\u2014 Le Gruppetto (@LeGruppetto) <a href=\"https:\/\/twitter.com\/LeGruppetto\/status\/1611408165806948353?ref_src=twsrc%5Etfw\">January 6, 2023<\/a><\/p><\/blockquote>\n<p><script async src=\"https:\/\/platform.twitter.com\/widgets.js\" charset=\"utf-8\"><\/script><\/p>\n","protected":false},"excerpt":{"rendered":"<p>CYCLISME SUR ROUTE 2023 &#8211; Dans les colonnes de DH Net, Patrick Lefevere a expliqu\u00e9 qu&rsquo;il avait propos\u00e9 \u00e0 Julian Alaphilippe de quitter l&rsquo;\u00e9quipe cet hiver.\u00a0<\/p>\n","protected":false},"author":1,"featured_media":342016,"comment_status":"open","ping_status":"closed","sticky":false,"template":"","format":"standard","meta":{"_acf_changed":false,"_daextam_enable_autolinks":"","footnotes":""},"categories":[46994],"tags":[1719,11100],"class_list":["post-342014","post","type-post","status-publish","format-standard","has-post-thumbnail","hentry","category-cyclisme-sur-route","tag-julian-alaphilippe","tag-patrick-lefevere"],"acf":[],"yoast_head":"<!-- This site is optimized with the Yoast SEO Premium plugin v26.7 (Yoast SEO v26.7) - https:\/\/yoast.com\/wordpress\/plugins\/seo\/ -->\n<title>Julian Alaphilippe : Patrick Lefevere ouvre la porte \u00e0 un d\u00e9part<\/title>\n<meta name=\"description\" content=\"CYCLISME SUR ROUTE 2023 - Dans les colonnes de DH Net, Patrick Lefevere a expliqu\u00e9 qu&#039;il avait propos\u00e9 \u00e0 Julian Alaphilippe de quitter l&#039;\u00e9quipe cet hiver.\u00a0\" \/>\n<meta name=\"robots\" content=\"index, follow, max-snippet:-1, max-image-preview:large, max-video-preview:-1\" \/>\n<link rel=\"canonical\" href=\"https:\/\/dicodusport.fr\/blog\/julian-alaphilippe-patrick-lefevere-ouvre-la-porte-a-un-depart\/\" \/>\n<meta property=\"og:locale\" content=\"fr_FR\" \/>\n<meta property=\"og:type\" content=\"article\" \/>\n<meta property=\"og:title\" content=\"Julian Alaphilippe : Patrick Lefevere ouvre la porte \u00e0 un d\u00e9part\" \/>\n<meta property=\"og:description\" content=\"CYCLISME SUR ROUTE 2023 - Dans les colonnes de DH Net, Patrick Lefevere a expliqu\u00e9 qu&#039;il avait propos\u00e9 \u00e0 Julian Alaphilippe de quitter l&#039;\u00e9quipe cet hiver.\u00a0\" \/>\n<meta property=\"og:url\" content=\"https:\/\/dicodusport.fr\/blog\/julian-alaphilippe-patrick-lefevere-ouvre-la-porte-a-un-depart\/\" \/>\n<meta property=\"og:site_name\" content=\"Dicodusport\" \/>\n<meta property=\"article:publisher\" content=\"https:\/\/www.facebook.com\/dicodusport\" \/>\n<meta property=\"article:author\" content=\"https:\/\/www.facebook.com\/dicodusport\" \/>\n<meta property=\"article:published_time\" content=\"2023-01-07T08:53:38+00:00\" \/>\n<meta property=\"article:modified_time\" content=\"2023-01-07T11:26:55+00:00\" \/>\n<meta property=\"og:image\" content=\"https:\/\/dicodusport.fr\/blog\/wp-content\/uploads\/2023\/01\/Julian-Alaphilippe-Patrick-Lefevere-ouvre-la-porte-a-un-depart.png\" \/>\n\t<meta property=\"og:image:width\" content=\"800\" \/>\n\t<meta property=\"og:image:height\" content=\"445\" \/>\n\t<meta property=\"og:image:type\" content=\"image\/png\" \/>\n<meta name=\"author\" content=\"Nicolas Jacquemard\" \/>\n<meta name=\"twitter:card\" content=\"summary_large_image\" \/>\n<meta name=\"twitter:title\" content=\"Julian Alaphilippe : Patrick Lefevere ouvre la porte \u00e0 un d\u00e9part\" \/>\n<meta name=\"twitter:creator\" content=\"@https:\/\/twitter.com\/Nico_Jacquemard\" \/>\n<meta name=\"twitter:site\" content=\"@dicodusport\" \/>\n<script type=\"application\/ld+json\" class=\"yoast-schema-graph\">{\"@context\":\"https:\/\/schema.org\",\"@graph\":[{\"@type\":\"NewsArticle\",\"@id\":\"https:\/\/dicodusport.fr\/blog\/julian-alaphilippe-patrick-lefevere-ouvre-la-porte-a-un-depart\/#article\",\"isPartOf\":{\"@id\":\"https:\/\/dicodusport.fr\/blog\/julian-alaphilippe-patrick-lefevere-ouvre-la-porte-a-un-depart\/\"},\"author\":{\"name\":\"Nicolas Jacquemard\",\"@id\":\"https:\/\/dicodusport.fr\/blog\/#\/schema\/person\/55dcb50ad410894e431ed812bbb70191\"},\"headline\":\"Julian Alaphilippe : Patrick Lefevere ouvre la porte \u00e0 un d\u00e9part\",\"datePublished\":\"2023-01-07T08:53:38+00:00\",\"dateModified\":\"2023-01-07T11:26:55+00:00\",\"mainEntityOfPage\":{\"@id\":\"https:\/\/dicodusport.fr\/blog\/julian-alaphilippe-patrick-lefevere-ouvre-la-porte-a-un-depart\/\"},\"wordCount\":291,\"commentCount\":1,\"publisher\":{\"@id\":\"https:\/\/dicodusport.fr\/blog\/#organization\"},\"image\":{\"@id\":\"https:\/\/dicodusport.fr\/blog\/julian-alaphilippe-patrick-lefevere-ouvre-la-porte-a-un-depart\/#primaryimage\"},\"thumbnailUrl\":\"https:\/\/dicodusport.fr\/blog\/wp-content\/uploads\/2023\/01\/Julian-Alaphilippe-Patrick-Lefevere-ouvre-la-porte-a-un-depart.png\",\"keywords\":[\"Julian Alaphilippe\",\"Patrick Lefevere\"],\"articleSection\":[\"Cyclisme sur route\"],\"inLanguage\":\"fr-FR\",\"potentialAction\":[{\"@type\":\"CommentAction\",\"name\":\"Comment\",\"target\":[\"https:\/\/dicodusport.fr\/blog\/julian-alaphilippe-patrick-lefevere-ouvre-la-porte-a-un-depart\/#respond\"]}],\"copyrightYear\":\"2023\",\"copyrightHolder\":{\"@id\":\"https:\/\/dicodusport.fr\/blog\/#organization\"}},{\"@type\":\"WebPage\",\"@id\":\"https:\/\/dicodusport.fr\/blog\/julian-alaphilippe-patrick-lefevere-ouvre-la-porte-a-un-depart\/\",\"url\":\"https:\/\/dicodusport.fr\/blog\/julian-alaphilippe-patrick-lefevere-ouvre-la-porte-a-un-depart\/\",\"name\":\"Julian Alaphilippe : Patrick Lefevere ouvre la porte \u00e0 un d\u00e9part\",\"isPartOf\":{\"@id\":\"https:\/\/dicodusport.fr\/blog\/#website\"},\"primaryImageOfPage\":{\"@id\":\"https:\/\/dicodusport.fr\/blog\/julian-alaphilippe-patrick-lefevere-ouvre-la-porte-a-un-depart\/#primaryimage\"},\"image\":{\"@id\":\"https:\/\/dicodusport.fr\/blog\/julian-alaphilippe-patrick-lefevere-ouvre-la-porte-a-un-depart\/#primaryimage\"},\"thumbnailUrl\":\"https:\/\/dicodusport.fr\/blog\/wp-content\/uploads\/2023\/01\/Julian-Alaphilippe-Patrick-Lefevere-ouvre-la-porte-a-un-depart.png\",\"datePublished\":\"2023-01-07T08:53:38+00:00\",\"dateModified\":\"2023-01-07T11:26:55+00:00\",\"description\":\"CYCLISME SUR ROUTE 2023 - Dans les colonnes de DH Net, Patrick Lefevere a expliqu\u00e9 qu'il avait propos\u00e9 \u00e0 Julian Alaphilippe de quitter l'\u00e9quipe cet hiver.\u00a0\",\"breadcrumb\":{\"@id\":\"https:\/\/dicodusport.fr\/blog\/julian-alaphilippe-patrick-lefevere-ouvre-la-porte-a-un-depart\/#breadcrumb\"},\"inLanguage\":\"fr-FR\",\"potentialAction\":[{\"@type\":\"ReadAction\",\"target\":[\"https:\/\/dicodusport.fr\/blog\/julian-alaphilippe-patrick-lefevere-ouvre-la-porte-a-un-depart\/\"]}]},{\"@type\":\"ImageObject\",\"inLanguage\":\"fr-FR\",\"@id\":\"https:\/\/dicodusport.fr\/blog\/julian-alaphilippe-patrick-lefevere-ouvre-la-porte-a-un-depart\/#primaryimage\",\"url\":\"https:\/\/dicodusport.fr\/blog\/wp-content\/uploads\/2023\/01\/Julian-Alaphilippe-Patrick-Lefevere-ouvre-la-porte-a-un-depart.png\",\"contentUrl\":\"https:\/\/dicodusport.fr\/blog\/wp-content\/uploads\/2023\/01\/Julian-Alaphilippe-Patrick-Lefevere-ouvre-la-porte-a-un-depart.png\",\"width\":800,\"height\":445,\"caption\":\"Julian Alaphilippe, le rebond en 2023 ? - Photo Icon Sport\"},{\"@type\":\"BreadcrumbList\",\"@id\":\"https:\/\/dicodusport.fr\/blog\/julian-alaphilippe-patrick-lefevere-ouvre-la-porte-a-un-depart\/#breadcrumb\",\"itemListElement\":[{\"@type\":\"ListItem\",\"position\":1,\"name\":\"Accueil\",\"item\":\"https:\/\/dicodusport.fr\/blog\/\"},{\"@type\":\"ListItem\",\"position\":2,\"name\":\"Julian Alaphilippe : Patrick Lefevere ouvre la porte \u00e0 un d\u00e9part\"}]},{\"@type\":\"WebSite\",\"@id\":\"https:\/\/dicodusport.fr\/blog\/#website\",\"url\":\"https:\/\/dicodusport.fr\/blog\/\",\"name\":\"Dicodusport\",\"description\":\"L&#039;encyclop\u00e9die de l&#039;actualit\u00e9 sportive\",\"publisher\":{\"@id\":\"https:\/\/dicodusport.fr\/blog\/#organization\"},\"potentialAction\":[{\"@type\":\"SearchAction\",\"target\":{\"@type\":\"EntryPoint\",\"urlTemplate\":\"https:\/\/dicodusport.fr\/blog\/?s={search_term_string}\"},\"query-input\":{\"@type\":\"PropertyValueSpecification\",\"valueRequired\":true,\"valueName\":\"search_term_string\"}}],\"inLanguage\":\"fr-FR\"},{\"@type\":\"NewsMediaOrganization\",\"@id\":\"https:\/\/dicodusport.fr\/blog\/#organization\",\"name\":\"Dicodusport\",\"url\":\"https:\/\/dicodusport.fr\/blog\/\",\"logo\":{\"@type\":\"ImageObject\",\"inLanguage\":\"fr-FR\",\"@id\":\"https:\/\/dicodusport.fr\/blog\/#\/schema\/logo\/image\/\",\"url\":\"https:\/\/dicodusport.fr\/blog\/wp-content\/uploads\/2020\/06\/cropped-LOGO-DICODUSPORT-2020-SANS-FOND-SANS-TEXTE.png\",\"contentUrl\":\"https:\/\/dicodusport.fr\/blog\/wp-content\/uploads\/2020\/06\/cropped-LOGO-DICODUSPORT-2020-SANS-FOND-SANS-TEXTE.png\",\"width\":512,\"height\":512,\"caption\":\"Dicodusport\"},\"image\":{\"@id\":\"https:\/\/dicodusport.fr\/blog\/#\/schema\/logo\/image\/\"},\"sameAs\":[\"https:\/\/www.facebook.com\/dicodusport\",\"https:\/\/x.com\/dicodusport\",\"https:\/\/www.instagram.com\/dicodusport\/\",\"https:\/\/www.youtube.com\/channel\/UC7V2KZ5sd3htJivAbA4ZG3w\"],\"description\":\"Dicodusport est l'encyclop\u00e9die de l'actualit\u00e9 sportive.\",\"email\":\"bonjour@dicodusport.fr\",\"legalName\":\"DICODUSPORT\",\"foundingDate\":\"2018-01-14\",\"vatID\":\"FR71834470973\",\"taxID\":\"83447097300043\",\"numberOfEmployees\":{\"@type\":\"QuantitativeValue\",\"minValue\":\"1\",\"maxValue\":\"10\"}},{\"@type\":\"Person\",\"@id\":\"https:\/\/dicodusport.fr\/blog\/#\/schema\/person\/55dcb50ad410894e431ed812bbb70191\",\"name\":\"Nicolas Jacquemard\",\"image\":{\"@type\":\"ImageObject\",\"inLanguage\":\"fr-FR\",\"@id\":\"https:\/\/dicodusport.fr\/blog\/#\/schema\/person\/image\/\",\"url\":\"https:\/\/dicodusport.fr\/blog\/wp-content\/uploads\/2021\/05\/Nicolas-Jacquemard-150x150.jpeg\",\"contentUrl\":\"https:\/\/dicodusport.fr\/blog\/wp-content\/uploads\/2021\/05\/Nicolas-Jacquemard-150x150.jpeg\",\"caption\":\"Nicolas Jacquemard\"},\"description\":\"Passionn\u00e9 de sport et entrepreneur depuis mes 18 ans, la cr\u00e9ation de Dicodusport m'a sembl\u00e9 \u00e9vidente pour participer \u00e0 la m\u00e9diatisation d'un plus grand nombre de sports. Le chemin est long mais avec une \u00e9quipe des plus motiv\u00e9es et les Jeux Olympiques de Paris 2024 en point de mire, nous y arriverons ! Journaliste dans le monde du sport depuis plus de 5 ans, je traite aussi bien de football, de rugby, de biathlon que de cyclisme.\",\"sameAs\":[\"https:\/\/www.facebook.com\/dicodusport\",\"https:\/\/x.com\/https:\/\/twitter.com\/Nico_Jacquemard\"],\"url\":\"https:\/\/dicodusport.fr\/blog\/author\/dicodusport\/\"}]}<\/script>\n<!-- \/ Yoast SEO Premium plugin. -->","yoast_head_json":{"title":"Julian Alaphilippe : Patrick Lefevere ouvre la porte \u00e0 un d\u00e9part","description":"CYCLISME SUR ROUTE 2023 - Dans les colonnes de DH Net, Patrick Lefevere a expliqu\u00e9 qu'il avait propos\u00e9 \u00e0 Julian Alaphilippe de quitter l'\u00e9quipe cet hiver.\u00a0","robots":{"index":"index","follow":"follow","max-snippet":"max-snippet:-1","max-image-preview":"max-image-preview:large","max-video-preview":"max-video-preview:-1"},"canonical":"https:\/\/dicodusport.fr\/blog\/julian-alaphilippe-patrick-lefevere-ouvre-la-porte-a-un-depart\/","og_locale":"fr_FR","og_type":"article","og_title":"Julian Alaphilippe : Patrick Lefevere ouvre la porte \u00e0 un d\u00e9part","og_description":"CYCLISME SUR ROUTE 2023 - Dans les colonnes de DH Net, Patrick Lefevere a expliqu\u00e9 qu'il avait propos\u00e9 \u00e0 Julian Alaphilippe de quitter l'\u00e9quipe cet hiver.\u00a0","og_url":"https:\/\/dicodusport.fr\/blog\/julian-alaphilippe-patrick-lefevere-ouvre-la-porte-a-un-depart\/","og_site_name":"Dicodusport","article_publisher":"https:\/\/www.facebook.com\/dicodusport","article_author":"https:\/\/www.facebook.com\/dicodusport","article_published_time":"2023-01-07T08:53:38+00:00","article_modified_time":"2023-01-07T11:26:55+00:00","og_image":[{"width":800,"height":445,"url":"https:\/\/dicodusport.fr\/blog\/wp-content\/uploads\/2023\/01\/Julian-Alaphilippe-Patrick-Lefevere-ouvre-la-porte-a-un-depart.png","type":"image\/png"}],"author":"Nicolas Jacquemard","twitter_card":"summary_large_image","twitter_title":"Julian Alaphilippe : Patrick Lefevere ouvre la porte \u00e0 un d\u00e9part","twitter_creator":"@https:\/\/twitter.com\/Nico_Jacquemard","twitter_site":"@dicodusport","schema":{"@context":"https:\/\/schema.org","@graph":[{"@type":"NewsArticle","@id":"https:\/\/dicodusport.fr\/blog\/julian-alaphilippe-patrick-lefevere-ouvre-la-porte-a-un-depart\/#article","isPartOf":{"@id":"https:\/\/dicodusport.fr\/blog\/julian-alaphilippe-patrick-lefevere-ouvre-la-porte-a-un-depart\/"},"author":{"name":"Nicolas Jacquemard","@id":"https:\/\/dicodusport.fr\/blog\/#\/schema\/person\/55dcb50ad410894e431ed812bbb70191"},"headline":"Julian Alaphilippe : Patrick Lefevere ouvre la porte \u00e0 un d\u00e9part","datePublished":"2023-01-07T08:53:38+00:00","dateModified":"2023-01-07T11:26:55+00:00","mainEntityOfPage":{"@id":"https:\/\/dicodusport.fr\/blog\/julian-alaphilippe-patrick-lefevere-ouvre-la-porte-a-un-depart\/"},"wordCount":291,"commentCount":1,"publisher":{"@id":"https:\/\/dicodusport.fr\/blog\/#organization"},"image":{"@id":"https:\/\/dicodusport.fr\/blog\/julian-alaphilippe-patrick-lefevere-ouvre-la-porte-a-un-depart\/#primaryimage"},"thumbnailUrl":"https:\/\/dicodusport.fr\/blog\/wp-content\/uploads\/2023\/01\/Julian-Alaphilippe-Patrick-Lefevere-ouvre-la-porte-a-un-depart.png","keywords":["Julian Alaphilippe","Patrick Lefevere"],"articleSection":["Cyclisme sur route"],"inLanguage":"fr-FR","potentialAction":[{"@type":"CommentAction","name":"Comment","target":["https:\/\/dicodusport.fr\/blog\/julian-alaphilippe-patrick-lefevere-ouvre-la-porte-a-un-depart\/#respond"]}],"copyrightYear":"2023","copyrightHolder":{"@id":"https:\/\/dicodusport.fr\/blog\/#organization"}},{"@type":"WebPage","@id":"https:\/\/dicodusport.fr\/blog\/julian-alaphilippe-patrick-lefevere-ouvre-la-porte-a-un-depart\/","url":"https:\/\/dicodusport.fr\/blog\/julian-alaphilippe-patrick-lefevere-ouvre-la-porte-a-un-depart\/","name":"Julian Alaphilippe : Patrick Lefevere ouvre la porte \u00e0 un d\u00e9part","isPartOf":{"@id":"https:\/\/dicodusport.fr\/blog\/#website"},"primaryImageOfPage":{"@id":"https:\/\/dicodusport.fr\/blog\/julian-alaphilippe-patrick-lefevere-ouvre-la-porte-a-un-depart\/#primaryimage"},"image":{"@id":"https:\/\/dicodusport.fr\/blog\/julian-alaphilippe-patrick-lefevere-ouvre-la-porte-a-un-depart\/#primaryimage"},"thumbnailUrl":"https:\/\/dicodusport.fr\/blog\/wp-content\/uploads\/2023\/01\/Julian-Alaphilippe-Patrick-Lefevere-ouvre-la-porte-a-un-depart.png","datePublished":"2023-01-07T08:53:38+00:00","dateModified":"2023-01-07T11:26:55+00:00","description":"CYCLISME SUR ROUTE 2023 - Dans les colonnes de DH Net, Patrick Lefevere a expliqu\u00e9 qu'il avait propos\u00e9 \u00e0 Julian Alaphilippe de quitter l'\u00e9quipe cet hiver.\u00a0","breadcrumb":{"@id":"https:\/\/dicodusport.fr\/blog\/julian-alaphilippe-patrick-lefevere-ouvre-la-porte-a-un-depart\/#breadcrumb"},"inLanguage":"fr-FR","potentialAction":[{"@type":"ReadAction","target":["https:\/\/dicodusport.fr\/blog\/julian-alaphilippe-patrick-lefevere-ouvre-la-porte-a-un-depart\/"]}]},{"@type":"ImageObject","inLanguage":"fr-FR","@id":"https:\/\/dicodusport.fr\/blog\/julian-alaphilippe-patrick-lefevere-ouvre-la-porte-a-un-depart\/#primaryimage","url":"https:\/\/dicodusport.fr\/blog\/wp-content\/uploads\/2023\/01\/Julian-Alaphilippe-Patrick-Lefevere-ouvre-la-porte-a-un-depart.png","contentUrl":"https:\/\/dicodusport.fr\/blog\/wp-content\/uploads\/2023\/01\/Julian-Alaphilippe-Patrick-Lefevere-ouvre-la-porte-a-un-depart.png","width":800,"height":445,"caption":"Julian Alaphilippe, le rebond en 2023 ? - Photo Icon Sport"},{"@type":"BreadcrumbList","@id":"https:\/\/dicodusport.fr\/blog\/julian-alaphilippe-patrick-lefevere-ouvre-la-porte-a-un-depart\/#breadcrumb","itemListElement":[{"@type":"ListItem","position":1,"name":"Accueil","item":"https:\/\/dicodusport.fr\/blog\/"},{"@type":"ListItem","position":2,"name":"Julian Alaphilippe : Patrick Lefevere ouvre la porte \u00e0 un d\u00e9part"}]},{"@type":"WebSite","@id":"https:\/\/dicodusport.fr\/blog\/#website","url":"https:\/\/dicodusport.fr\/blog\/","name":"Dicodusport","description":"L&#039;encyclop\u00e9die de l&#039;actualit\u00e9 sportive","publisher":{"@id":"https:\/\/dicodusport.fr\/blog\/#organization"},"potentialAction":[{"@type":"SearchAction","target":{"@type":"EntryPoint","urlTemplate":"https:\/\/dicodusport.fr\/blog\/?s={search_term_string}"},"query-input":{"@type":"PropertyValueSpecification","valueRequired":true,"valueName":"search_term_string"}}],"inLanguage":"fr-FR"},{"@type":"NewsMediaOrganization","@id":"https:\/\/dicodusport.fr\/blog\/#organization","name":"Dicodusport","url":"https:\/\/dicodusport.fr\/blog\/","logo":{"@type":"ImageObject","inLanguage":"fr-FR","@id":"https:\/\/dicodusport.fr\/blog\/#\/schema\/logo\/image\/","url":"https:\/\/dicodusport.fr\/blog\/wp-content\/uploads\/2020\/06\/cropped-LOGO-DICODUSPORT-2020-SANS-FOND-SANS-TEXTE.png","contentUrl":"https:\/\/dicodusport.fr\/blog\/wp-content\/uploads\/2020\/06\/cropped-LOGO-DICODUSPORT-2020-SANS-FOND-SANS-TEXTE.png","width":512,"height":512,"caption":"Dicodusport"},"image":{"@id":"https:\/\/dicodusport.fr\/blog\/#\/schema\/logo\/image\/"},"sameAs":["https:\/\/www.facebook.com\/dicodusport","https:\/\/x.com\/dicodusport","https:\/\/www.instagram.com\/dicodusport\/","https:\/\/www.youtube.com\/channel\/UC7V2KZ5sd3htJivAbA4ZG3w"],"description":"Dicodusport est l'encyclop\u00e9die de l'actualit\u00e9 sportive.","email":"bonjour@dicodusport.fr","legalName":"DICODUSPORT","foundingDate":"2018-01-14","vatID":"FR71834470973","taxID":"83447097300043","numberOfEmployees":{"@type":"QuantitativeValue","minValue":"1","maxValue":"10"}},{"@type":"Person","@id":"https:\/\/dicodusport.fr\/blog\/#\/schema\/person\/55dcb50ad410894e431ed812bbb70191","name":"Nicolas Jacquemard","image":{"@type":"ImageObject","inLanguage":"fr-FR","@id":"https:\/\/dicodusport.fr\/blog\/#\/schema\/person\/image\/","url":"https:\/\/dicodusport.fr\/blog\/wp-content\/uploads\/2021\/05\/Nicolas-Jacquemard-150x150.jpeg","contentUrl":"https:\/\/dicodusport.fr\/blog\/wp-content\/uploads\/2021\/05\/Nicolas-Jacquemard-150x150.jpeg","caption":"Nicolas Jacquemard"},"description":"Passionn\u00e9 de sport et entrepreneur depuis mes 18 ans, la cr\u00e9ation de Dicodusport m'a sembl\u00e9 \u00e9vidente pour participer \u00e0 la m\u00e9diatisation d'un plus grand nombre de sports. Le chemin est long mais avec une \u00e9quipe des plus motiv\u00e9es et les Jeux Olympiques de Paris 2024 en point de mire, nous y arriverons ! Journaliste dans le monde du sport depuis plus de 5 ans, je traite aussi bien de football, de rugby, de biathlon que de cyclisme.","sameAs":["https:\/\/www.facebook.com\/dicodusport","https:\/\/x.com\/https:\/\/twitter.com\/Nico_Jacquemard"],"url":"https:\/\/dicodusport.fr\/blog\/author\/dicodusport\/"}]}},"_links":{"self":[{"href":"https:\/\/dicodusport.fr\/blog\/wp-json\/wp\/v2\/posts\/342014","targetHints":{"allow":["GET"]}}],"collection":[{"href":"https:\/\/dicodusport.fr\/blog\/wp-json\/wp\/v2\/posts"}],"about":[{"href":"https:\/\/dicodusport.fr\/blog\/wp-json\/wp\/v2\/types\/post"}],"author":[{"embeddable":true,"href":"https:\/\/dicodusport.fr\/blog\/wp-json\/wp\/v2\/users\/1"}],"replies":[{"embeddable":true,"href":"https:\/\/dicodusport.fr\/blog\/wp-json\/wp\/v2\/comments?post=342014"}],"version-history":[{"count":0,"href":"https:\/\/dicodusport.fr\/blog\/wp-json\/wp\/v2\/posts\/342014\/revisions"}],"wp:featuredmedia":[{"embeddable":true,"href":"https:\/\/dicodusport.fr\/blog\/wp-json\/wp\/v2\/media\/342016"}],"wp:attachment":[{"href":"https:\/\/dicodusport.fr\/blog\/wp-json\/wp\/v2\/media?parent=342014"}],"wp:term":[{"taxonomy":"category","embeddable":true,"href":"https:\/\/dicodusport.fr\/blog\/wp-json\/wp\/v2\/categories?post=342014"},{"taxonomy":"post_tag","embeddable":true,"href":"https:\/\/dicodusport.fr\/blog\/wp-json\/wp\/v2\/tags?post=342014"}],"curies":[{"name":"wp","href":"https:\/\/api.w.org\/{rel}","templated":true}]}}