{"id":342027,"date":"2023-01-07T11:33:56","date_gmt":"2023-01-07T10:33:56","guid":{"rendered":"https:\/\/dicodusport.fr\/blog\/?p=342027&#038;preview=true&#038;preview_id=342027"},"modified":"2025-08-24T13:08:57","modified_gmt":"2025-08-24T11:08:57","slug":"ibu-cup-brezno-eleonora-fauner-mene-un-double-italien-sur-le-sprint","status":"publish","type":"post","link":"https:\/\/dicodusport.fr\/blog\/ibu-cup-brezno-eleonora-fauner-mene-un-double-italien-sur-le-sprint\/","title":{"rendered":"IBU Cup Brezno : Eleonora Fauner m\u00e8ne un doubl\u00e9 italien sur le sprint"},"content":{"rendered":"<p style=\"text-align: justify;\"><b><i><a href=\"https:\/\/dicodusport.fr\/blog\/ibu-cup-brezno-2023-programme-complet-et-resultats\/\">BIATHLON &#8211; IBU CUP DE BREZNO 2022<\/a> &#8211; <\/i><\/b><strong><em>Il fallait r\u00e9aliser le tir parfait aujourd\u2019hui pour gagner. Avec un 10\/10 et une forme optimale sur les skis, la jeune Italienne Eleonora Fauner s&rsquo;est impos\u00e9e aujourd&rsquo;hui en Slovaquie, lors du sprint. Elle devance sa compatriote Hannah Auchentaller et la Norv\u00e9gienne Juni Arnekleiv. Toutes les Fran\u00e7aises ont \u00e9t\u00e9 solides avec des 9\/10 au tir et ont termin\u00e9 entre la 7<sup>\u00e8me<\/sup> et la 15<sup>\u00e8me<\/sup> place, Camille Bened \u00e9tant la premi\u00e8re. <\/em><\/strong><\/p>\n<p style=\"text-align: justify;\">A l\u2019occasion de l\u2019\u00e9tape de l\u2019IBU Cup \u00e0 Brezno-Osrblie en Slovaquie, quatre jeunes biathl\u00e8tes fran\u00e7aises \u00e9taient align\u00e9es sur le sprint du jour. On retrouvait d\u2019abord <strong>Gilonne Guigonnat<\/strong> avec le dossard 1, elle qui avait gagn\u00e9 la mass start sur la derni\u00e8re \u00e9tape \u00e0 Ridnaun. Ensuite, <strong>Fany Bertrand<\/strong>, <strong>Paula Botet<\/strong> et <strong>Camille Bened<\/strong> s\u2019\u00e9lancaient pour la course.<\/p>\n<blockquote class=\"twitter-tweet\">\n<p dir=\"ltr\" lang=\"en\">Deja-Vu? Just like on Thursday, Gilonne Guigonnat kicks off the competition and is the first to leave the start gate! \ud83c\uddeb\ud83c\uddf7 \ud83d\ude4c<\/p>\n<p>Follow the Women Sprint in Brezno-Orsblie \ud83c\uddf8\ud83c\uddf0 on <a href=\"https:\/\/t.co\/SPg3pYoKpk\">https:\/\/t.co\/SPg3pYoKpk<\/a> and on the Official IBU App! \ud83d\udcf2 <a href=\"https:\/\/twitter.com\/hashtag\/IBUCup?src=hash&amp;ref_src=twsrc%5Etfw\">#IBUCup<\/a> | <a href=\"https:\/\/twitter.com\/FedFranceSki?ref_src=twsrc%5Etfw\">@FedFranceSki<\/a> <a href=\"https:\/\/t.co\/00i4i8Ei6G\">pic.twitter.com\/00i4i8Ei6G<\/a><\/p>\n<p>\u2014 IBU Cup Biathlon (@IBU_CUP) <a href=\"https:\/\/twitter.com\/IBU_CUP\/status\/1611657185431375872?ref_src=twsrc%5Etfw\">January 7, 2023<\/a><\/p><\/blockquote>\n<p><script async src=\"https:\/\/platform.twitter.com\/widgets.js\" charset=\"utf-8\"><\/script><\/p>\n<h2 style=\"text-align: justify;\">Des Italiennes en pleine forme pour un doubl\u00e9<\/h2>\n<p style=\"text-align: justify;\">Dans une course o\u00f9 peu de biathl\u00e8tes ont r\u00e9alis\u00e9 le tir parfait, c\u2019est l\u2019Italienne <strong>Eleonora Fauner<\/strong> qui est sortie du lot. Ayant r\u00e9ussi le 10\/10, elle n\u2019a laiss\u00e9 que peu d\u2019espoir \u00e0 ses concurrentes sur un pas de tir qui s\u2019est r\u00e9v\u00e9l\u00e9 ne pas \u00eatre aussi simple que pr\u00e9vu. Le classement n\u2019a fait que bouger au fil des arriv\u00e9es puisque cette biathl\u00e8te portait le dossard 44. Elle finit par devancer sa compatriote <strong>Hannah Auchentaller <\/strong>qui a longtemps men\u00e9 la course avec son 10\/10 \u00e9galement. La Norv\u00e9gienne <strong>Juni Arnekleiv<\/strong> compl\u00e8te le podium avec un 9\/10. Sa compatriote et leader du classement g\u00e9n\u00e9ral <strong>Maren Kirkeeide<\/strong> ne termine que 16<sup>\u00e8me<\/sup> aujourd\u2019hui.<\/p>\n<h2>Des Tricolores solides dans le Top 15<\/h2>\n<p style=\"text-align: justify;\">Les 79 biathl\u00e8tes ont pris le d\u00e9part de la course lanc\u00e9e par <strong>Gilonne Guigonnat<\/strong>. Premi\u00e8re \u00e0 tirer, la Fran\u00e7aise a rat\u00e9 sa toute premi\u00e8re balle avant de se rattraper pour assurer un 4\/5. Arriv\u00e9e au tir debout, elle n\u2019a pas trembl\u00e9 pour r\u00e9aliser le plein et se replacer id\u00e9alement. Elle prendra finalement la 12<sup>\u00e8me<\/sup> place aujourd\u2019hui. Dossard 3, sa compatriote <strong>Fany Bertrand<\/strong> l\u2019a imit\u00e9e ! Avec un 9\/10 \u00e9galement, elle a tout donn\u00e9 dans le dernier tour et a r\u00e9ussi \u00e0 s\u00e9curiser la 15<sup>\u00e8me<\/sup> place.<\/p>\n<p style=\"text-align: justify;\">Participante de la premi\u00e8re \u00e9tape de la Coupe du monde, on sait que <strong>Paula Botet <\/strong>a le potentiel pour performer au meilleur niveau. Aujourd\u2019hui, la Fran\u00e7aise a tir\u00e9 \u00e0 9\/10 comme ses compatriotes mais a \u00e9t\u00e9 meilleure en ski. Elle termine finalement 8<sup>\u00e8me<\/sup>, \u00e0 27 secondes de la vainqueur. Enfin, <strong>Camille Bened <\/strong>prenait le d\u00e9part avec le dossard 41. Elle a compl\u00e9tement assur\u00e9 son tir couch\u00e9 pour en ressortir \u00e0 5\/5. Malheureusement, elle a commis une faute sur le debout. N\u00e9anmoins, elle termine meilleure fran\u00e7aise du jour en prenant la 7<sup>\u00e8me<\/sup> place, juste devant <strong>Paula Botet<\/strong>.<\/p>\n<div id=\"attachment_288108\" style=\"width: 810px\" class=\"wp-caption aligncenter\"><a href=\"https:\/\/dicodusport.fr\/blog\/wp-content\/uploads\/2022\/12\/IBU-Cup-Ridnaun-Paula-Botet-troisieme-du-sprint-Federica-Sanfilippo-simpose.png\"><img loading=\"lazy\" decoding=\"async\" aria-describedby=\"caption-attachment-288108\" class=\"size-full wp-image-288108\" src=\"https:\/\/dicodusport.fr\/blog\/wp-content\/uploads\/2022\/12\/IBU-Cup-Ridnaun-Paula-Botet-troisieme-du-sprint-Federica-Sanfilippo-simpose.png\" alt=\"IBU Cup Ridnaun Paula Botet troisi\u00e8me du sprint, Federica Sanfilippo s'impose\" width=\"800\" height=\"445\" srcset=\"https:\/\/dicodusport.fr\/blog\/wp-content\/uploads\/2022\/12\/IBU-Cup-Ridnaun-Paula-Botet-troisieme-du-sprint-Federica-Sanfilippo-simpose.png 800w, https:\/\/dicodusport.fr\/blog\/wp-content\/uploads\/2022\/12\/IBU-Cup-Ridnaun-Paula-Botet-troisieme-du-sprint-Federica-Sanfilippo-simpose-300x167.png 300w, https:\/\/dicodusport.fr\/blog\/wp-content\/uploads\/2022\/12\/IBU-Cup-Ridnaun-Paula-Botet-troisieme-du-sprint-Federica-Sanfilippo-simpose-768x427.png 768w\" sizes=\"auto, (max-width: 800px) 100vw, 800px\" \/><\/a><p id=\"caption-attachment-288108\" class=\"wp-caption-text\">Paula Botet &#8211; Photo Icon Sport<\/p><\/div>\n<h2 style=\"text-align: justify;\"><strong>Le classement des Fran\u00e7aises<\/strong><\/h2>\n<p style=\"text-align: justify;\">7. <strong>Camille Bened<\/strong> (+26.9) 0-1<br \/>\n8. <strong>Paula Botet<\/strong> (+27.3) 1-0<br \/>\n12. <strong>Gilonne Guigonnat <\/strong>(+37.1) 1-0<br \/>\n15. <strong>Fany Bertrand<\/strong> (48.0) 1-0<\/p>\n<h2 style=\"text-align: justify;\">\u00c0 lire aussi<\/h2>\n<ul>\n<li style=\"text-align: justify;\"><a href=\"https:\/\/dicodusport.fr\/blog\/biathlon-ibu-cup-brezno-classement-sprint-femmes\/\"><strong>Le classement du Sprint femmes de Brezno en IBU Cup<\/strong><\/a><\/li>\n<li style=\"text-align: justify;\"><a href=\"https:\/\/dicodusport.fr\/blog\/ibu-cup-2022-2023-classement-general-femmes\/\"><strong>Classement g\u00e9n\u00e9ral de l&rsquo;IBU Cup<\/strong><\/a><\/li>\n<li style=\"text-align: justify;\"><a href=\"https:\/\/dicodusport.fr\/blog\/biathlon-ibu-cup-2022-2023-le-calendrier-complet\/\"><strong>Le calendrier complet de l&rsquo;IBU Cup 2022-2023<\/strong><\/a><\/li>\n<\/ul>\n","protected":false},"excerpt":{"rendered":"<p>BIATHLON &#8211; IBU CUP DE BREZNO 2022 &#8211; Il fallait r\u00e9aliser le tir parfait aujourd\u2019hui pour gagner. Avec un 10\/10 et une forme optimale sur les skis, la jeune Italienne Eleonora Fauner s&rsquo;est impos\u00e9e aujourd&rsquo;hui en Slovaquie, lors du sprint. Elle devance sa compatriote Hannah Auchentaller et la Norv\u00e9gienne Juni Arnekleiv. Toutes les Fran\u00e7aises ont \u00e9t\u00e9 solides avec des 9\/10 au tir et ont termin\u00e9 entre la 7\u00e8me et la 15\u00e8me place, Camille Bened \u00e9tant la premi\u00e8re.<\/p>\n","protected":false},"author":54,"featured_media":342051,"comment_status":"open","ping_status":"closed","sticky":false,"template":"","format":"standard","meta":{"_acf_changed":false,"_daextam_enable_autolinks":"","footnotes":""},"categories":[2426],"tags":[2427,28670,21238,28708,6937],"class_list":["post-342027","post","type-post","status-publish","format-standard","has-post-thumbnail","hentry","category-biathlon","tag-biathlon","tag-biathlon-brezno","tag-brezno-osrblie","tag-ibu-cup-brezno","tag-sprint-femmes"],"acf":[],"yoast_head":"<!-- This site is optimized with the Yoast SEO Premium plugin v26.7 (Yoast SEO v26.7) - https:\/\/yoast.com\/wordpress\/plugins\/seo\/ -->\n<title>IBU Cup Brezno : Eleonora Fauner m\u00e8ne un doubl\u00e9 italien sur le sprint<\/title>\n<meta name=\"description\" content=\"BIATHLON - IBU CUP DE BREZNO 2023 - L&#039;italienne Eleonora Fauner s&#039;impose sur le sprint devant sa compatriote. Les Fran\u00e7aises dans le Top 20.\" \/>\n<meta name=\"robots\" content=\"index, follow, max-snippet:-1, max-image-preview:large, max-video-preview:-1\" \/>\n<link rel=\"canonical\" href=\"https:\/\/dicodusport.fr\/blog\/ibu-cup-brezno-eleonora-fauner-mene-un-double-italien-sur-le-sprint\/\" \/>\n<meta property=\"og:locale\" content=\"fr_FR\" \/>\n<meta property=\"og:type\" content=\"article\" \/>\n<meta property=\"og:title\" content=\"IBU Cup Brezno : Eleonora Fauner m\u00e8ne un doubl\u00e9 italien sur le sprint\" \/>\n<meta property=\"og:description\" content=\"BIATHLON - IBU CUP DE BREZNO 2023 - L&#039;italienne Eleonora Fauner s&#039;impose sur le sprint devant sa compatriote. Les Fran\u00e7aises dans le Top 20.\" \/>\n<meta property=\"og:url\" content=\"https:\/\/dicodusport.fr\/blog\/ibu-cup-brezno-eleonora-fauner-mene-un-double-italien-sur-le-sprint\/\" \/>\n<meta property=\"og:site_name\" content=\"Dicodusport\" \/>\n<meta property=\"article:publisher\" content=\"https:\/\/www.facebook.com\/dicodusport\" \/>\n<meta property=\"article:author\" content=\"https:\/\/www.facebook.com\/roxane.lecacher\" \/>\n<meta property=\"article:published_time\" content=\"2023-01-07T10:33:56+00:00\" \/>\n<meta property=\"article:modified_time\" content=\"2025-08-24T11:08:57+00:00\" \/>\n<meta property=\"og:image\" content=\"https:\/\/dicodusport.fr\/blog\/wp-content\/uploads\/2023\/01\/IBU-Cup-Brezno-Eleonora-Fauner-mene-un-double-italien-sur-le-sprint.png\" \/>\n\t<meta property=\"og:image:width\" content=\"800\" \/>\n\t<meta property=\"og:image:height\" content=\"445\" \/>\n\t<meta property=\"og:image:type\" content=\"image\/png\" \/>\n<meta name=\"author\" content=\"Roxane Lecacher\" \/>\n<meta name=\"twitter:card\" content=\"summary_large_image\" \/>\n<meta name=\"twitter:title\" content=\"IBU Cup Brezno : Eleonora Fauner m\u00e8ne un doubl\u00e9 italien sur le sprint\" \/>\n<meta name=\"twitter:creator\" content=\"@dicodusport\" \/>\n<meta name=\"twitter:site\" content=\"@dicodusport\" \/>\n<script type=\"application\/ld+json\" class=\"yoast-schema-graph\">{\"@context\":\"https:\/\/schema.org\",\"@graph\":[{\"@type\":\"NewsArticle\",\"@id\":\"https:\/\/dicodusport.fr\/blog\/ibu-cup-brezno-eleonora-fauner-mene-un-double-italien-sur-le-sprint\/#article\",\"isPartOf\":{\"@id\":\"https:\/\/dicodusport.fr\/blog\/ibu-cup-brezno-eleonora-fauner-mene-un-double-italien-sur-le-sprint\/\"},\"author\":{\"name\":\"Roxane Lecacher\",\"@id\":\"https:\/\/dicodusport.fr\/blog\/#\/schema\/person\/819fb2545dd2715bd7c0580d6d4b411a\"},\"headline\":\"IBU Cup Brezno : Eleonora Fauner m\u00e8ne un doubl\u00e9 italien sur le sprint\",\"datePublished\":\"2023-01-07T10:33:56+00:00\",\"dateModified\":\"2025-08-24T11:08:57+00:00\",\"mainEntityOfPage\":{\"@id\":\"https:\/\/dicodusport.fr\/blog\/ibu-cup-brezno-eleonora-fauner-mene-un-double-italien-sur-le-sprint\/\"},\"wordCount\":593,\"commentCount\":0,\"publisher\":{\"@id\":\"https:\/\/dicodusport.fr\/blog\/#organization\"},\"image\":{\"@id\":\"https:\/\/dicodusport.fr\/blog\/ibu-cup-brezno-eleonora-fauner-mene-un-double-italien-sur-le-sprint\/#primaryimage\"},\"thumbnailUrl\":\"https:\/\/dicodusport.fr\/blog\/wp-content\/uploads\/2023\/01\/IBU-Cup-Brezno-Eleonora-Fauner-mene-un-double-italien-sur-le-sprint.png\",\"keywords\":[\"Biathlon\",\"Biathlon Brezno\",\"brezno-osrblie\",\"IBU Cup Brezno\",\"Sprint femmes\"],\"articleSection\":[\"Biathlon\"],\"inLanguage\":\"fr-FR\",\"potentialAction\":[{\"@type\":\"CommentAction\",\"name\":\"Comment\",\"target\":[\"https:\/\/dicodusport.fr\/blog\/ibu-cup-brezno-eleonora-fauner-mene-un-double-italien-sur-le-sprint\/#respond\"]}],\"copyrightYear\":\"2023\",\"copyrightHolder\":{\"@id\":\"https:\/\/dicodusport.fr\/blog\/#organization\"}},{\"@type\":\"WebPage\",\"@id\":\"https:\/\/dicodusport.fr\/blog\/ibu-cup-brezno-eleonora-fauner-mene-un-double-italien-sur-le-sprint\/\",\"url\":\"https:\/\/dicodusport.fr\/blog\/ibu-cup-brezno-eleonora-fauner-mene-un-double-italien-sur-le-sprint\/\",\"name\":\"IBU Cup Brezno : Eleonora Fauner m\u00e8ne un doubl\u00e9 italien sur le sprint\",\"isPartOf\":{\"@id\":\"https:\/\/dicodusport.fr\/blog\/#website\"},\"primaryImageOfPage\":{\"@id\":\"https:\/\/dicodusport.fr\/blog\/ibu-cup-brezno-eleonora-fauner-mene-un-double-italien-sur-le-sprint\/#primaryimage\"},\"image\":{\"@id\":\"https:\/\/dicodusport.fr\/blog\/ibu-cup-brezno-eleonora-fauner-mene-un-double-italien-sur-le-sprint\/#primaryimage\"},\"thumbnailUrl\":\"https:\/\/dicodusport.fr\/blog\/wp-content\/uploads\/2023\/01\/IBU-Cup-Brezno-Eleonora-Fauner-mene-un-double-italien-sur-le-sprint.png\",\"datePublished\":\"2023-01-07T10:33:56+00:00\",\"dateModified\":\"2025-08-24T11:08:57+00:00\",\"description\":\"BIATHLON - IBU CUP DE BREZNO 2023 - L'italienne Eleonora Fauner s'impose sur le sprint devant sa compatriote. Les Fran\u00e7aises dans le Top 20.\",\"breadcrumb\":{\"@id\":\"https:\/\/dicodusport.fr\/blog\/ibu-cup-brezno-eleonora-fauner-mene-un-double-italien-sur-le-sprint\/#breadcrumb\"},\"inLanguage\":\"fr-FR\",\"potentialAction\":[{\"@type\":\"ReadAction\",\"target\":[\"https:\/\/dicodusport.fr\/blog\/ibu-cup-brezno-eleonora-fauner-mene-un-double-italien-sur-le-sprint\/\"]}]},{\"@type\":\"ImageObject\",\"inLanguage\":\"fr-FR\",\"@id\":\"https:\/\/dicodusport.fr\/blog\/ibu-cup-brezno-eleonora-fauner-mene-un-double-italien-sur-le-sprint\/#primaryimage\",\"url\":\"https:\/\/dicodusport.fr\/blog\/wp-content\/uploads\/2023\/01\/IBU-Cup-Brezno-Eleonora-Fauner-mene-un-double-italien-sur-le-sprint.png\",\"contentUrl\":\"https:\/\/dicodusport.fr\/blog\/wp-content\/uploads\/2023\/01\/IBU-Cup-Brezno-Eleonora-Fauner-mene-un-double-italien-sur-le-sprint.png\",\"width\":800,\"height\":445,\"caption\":\"IBU Cup Brezno Eleonora Fauner m\u00e8ne un doubl\u00e9 italien sur le sprint\"},{\"@type\":\"BreadcrumbList\",\"@id\":\"https:\/\/dicodusport.fr\/blog\/ibu-cup-brezno-eleonora-fauner-mene-un-double-italien-sur-le-sprint\/#breadcrumb\",\"itemListElement\":[{\"@type\":\"ListItem\",\"position\":1,\"name\":\"Accueil\",\"item\":\"https:\/\/dicodusport.fr\/blog\/\"},{\"@type\":\"ListItem\",\"position\":2,\"name\":\"IBU Cup Brezno : Eleonora Fauner m\u00e8ne un doubl\u00e9 italien sur le sprint\"}]},{\"@type\":\"WebSite\",\"@id\":\"https:\/\/dicodusport.fr\/blog\/#website\",\"url\":\"https:\/\/dicodusport.fr\/blog\/\",\"name\":\"Dicodusport\",\"description\":\"L&#039;encyclop\u00e9die de l&#039;actualit\u00e9 sportive\",\"publisher\":{\"@id\":\"https:\/\/dicodusport.fr\/blog\/#organization\"},\"potentialAction\":[{\"@type\":\"SearchAction\",\"target\":{\"@type\":\"EntryPoint\",\"urlTemplate\":\"https:\/\/dicodusport.fr\/blog\/?s={search_term_string}\"},\"query-input\":{\"@type\":\"PropertyValueSpecification\",\"valueRequired\":true,\"valueName\":\"search_term_string\"}}],\"inLanguage\":\"fr-FR\"},{\"@type\":\"NewsMediaOrganization\",\"@id\":\"https:\/\/dicodusport.fr\/blog\/#organization\",\"name\":\"Dicodusport\",\"url\":\"https:\/\/dicodusport.fr\/blog\/\",\"logo\":{\"@type\":\"ImageObject\",\"inLanguage\":\"fr-FR\",\"@id\":\"https:\/\/dicodusport.fr\/blog\/#\/schema\/logo\/image\/\",\"url\":\"https:\/\/dicodusport.fr\/blog\/wp-content\/uploads\/2020\/06\/cropped-LOGO-DICODUSPORT-2020-SANS-FOND-SANS-TEXTE.png\",\"contentUrl\":\"https:\/\/dicodusport.fr\/blog\/wp-content\/uploads\/2020\/06\/cropped-LOGO-DICODUSPORT-2020-SANS-FOND-SANS-TEXTE.png\",\"width\":512,\"height\":512,\"caption\":\"Dicodusport\"},\"image\":{\"@id\":\"https:\/\/dicodusport.fr\/blog\/#\/schema\/logo\/image\/\"},\"sameAs\":[\"https:\/\/www.facebook.com\/dicodusport\",\"https:\/\/x.com\/dicodusport\",\"https:\/\/www.instagram.com\/dicodusport\/\",\"https:\/\/www.youtube.com\/channel\/UC7V2KZ5sd3htJivAbA4ZG3w\"],\"description\":\"Dicodusport est l'encyclop\u00e9die de l'actualit\u00e9 sportive.\",\"email\":\"bonjour@dicodusport.fr\",\"legalName\":\"DICODUSPORT\",\"foundingDate\":\"2018-01-14\",\"vatID\":\"FR71834470973\",\"taxID\":\"83447097300043\",\"numberOfEmployees\":{\"@type\":\"QuantitativeValue\",\"minValue\":\"1\",\"maxValue\":\"10\"}},{\"@type\":\"Person\",\"@id\":\"https:\/\/dicodusport.fr\/blog\/#\/schema\/person\/819fb2545dd2715bd7c0580d6d4b411a\",\"name\":\"Roxane Lecacher\",\"image\":{\"@type\":\"ImageObject\",\"inLanguage\":\"fr-FR\",\"@id\":\"https:\/\/dicodusport.fr\/blog\/#\/schema\/person\/image\/\",\"url\":\"https:\/\/dicodusport.fr\/blog\/wp-content\/uploads\/2021\/05\/Roxane-Lecacher-150x150.jpg\",\"contentUrl\":\"https:\/\/dicodusport.fr\/blog\/wp-content\/uploads\/2021\/05\/Roxane-Lecacher-150x150.jpg\",\"caption\":\"Roxane Lecacher\"},\"description\":\"Journaliste\/r\u00e9dactrice depuis janvier 2021 - N\u00e9e quelques jours avant la premi\u00e8re \u00e9toile des Bleus, je baigne dans une famille tr\u00e8s sportive. Je n\u2019ai eu d\u2019autres choix que de me passionner pour le sujet. Pratiquante de l\u2019athl\u00e9tisme depuis toute petite, j\u2019ai aussi un attrait tout particulier pour la Formule 1, le biathlon et le foot. Pendant les grands \u00e9v\u00e9nements, il est impossible de d\u00e9crocher de ma t\u00e9l\u00e9. C\u2019est \u00e0 travers Dicodusport que j\u2019aime d\u00e9sormais vous transmettre mes \u00e9motions et ma passion.\",\"sameAs\":[\"https:\/\/www.facebook.com\/roxane.lecacher\",\"https:\/\/fr.linkedin.com\/in\/roxane-lecacher-23368313b\"],\"url\":\"https:\/\/dicodusport.fr\/blog\/author\/roxanel\/\"}]}<\/script>\n<!-- \/ Yoast SEO Premium plugin. -->","yoast_head_json":{"title":"IBU Cup Brezno : Eleonora Fauner m\u00e8ne un doubl\u00e9 italien sur le sprint","description":"BIATHLON - IBU CUP DE BREZNO 2023 - L'italienne Eleonora Fauner s'impose sur le sprint devant sa compatriote. Les Fran\u00e7aises dans le Top 20.","robots":{"index":"index","follow":"follow","max-snippet":"max-snippet:-1","max-image-preview":"max-image-preview:large","max-video-preview":"max-video-preview:-1"},"canonical":"https:\/\/dicodusport.fr\/blog\/ibu-cup-brezno-eleonora-fauner-mene-un-double-italien-sur-le-sprint\/","og_locale":"fr_FR","og_type":"article","og_title":"IBU Cup Brezno : Eleonora Fauner m\u00e8ne un doubl\u00e9 italien sur le sprint","og_description":"BIATHLON - IBU CUP DE BREZNO 2023 - L'italienne Eleonora Fauner s'impose sur le sprint devant sa compatriote. Les Fran\u00e7aises dans le Top 20.","og_url":"https:\/\/dicodusport.fr\/blog\/ibu-cup-brezno-eleonora-fauner-mene-un-double-italien-sur-le-sprint\/","og_site_name":"Dicodusport","article_publisher":"https:\/\/www.facebook.com\/dicodusport","article_author":"https:\/\/www.facebook.com\/roxane.lecacher","article_published_time":"2023-01-07T10:33:56+00:00","article_modified_time":"2025-08-24T11:08:57+00:00","og_image":[{"width":800,"height":445,"url":"https:\/\/dicodusport.fr\/blog\/wp-content\/uploads\/2023\/01\/IBU-Cup-Brezno-Eleonora-Fauner-mene-un-double-italien-sur-le-sprint.png","type":"image\/png"}],"author":"Roxane Lecacher","twitter_card":"summary_large_image","twitter_title":"IBU Cup Brezno : Eleonora Fauner m\u00e8ne un doubl\u00e9 italien sur le sprint","twitter_creator":"@dicodusport","twitter_site":"@dicodusport","schema":{"@context":"https:\/\/schema.org","@graph":[{"@type":"NewsArticle","@id":"https:\/\/dicodusport.fr\/blog\/ibu-cup-brezno-eleonora-fauner-mene-un-double-italien-sur-le-sprint\/#article","isPartOf":{"@id":"https:\/\/dicodusport.fr\/blog\/ibu-cup-brezno-eleonora-fauner-mene-un-double-italien-sur-le-sprint\/"},"author":{"name":"Roxane Lecacher","@id":"https:\/\/dicodusport.fr\/blog\/#\/schema\/person\/819fb2545dd2715bd7c0580d6d4b411a"},"headline":"IBU Cup Brezno : Eleonora Fauner m\u00e8ne un doubl\u00e9 italien sur le sprint","datePublished":"2023-01-07T10:33:56+00:00","dateModified":"2025-08-24T11:08:57+00:00","mainEntityOfPage":{"@id":"https:\/\/dicodusport.fr\/blog\/ibu-cup-brezno-eleonora-fauner-mene-un-double-italien-sur-le-sprint\/"},"wordCount":593,"commentCount":0,"publisher":{"@id":"https:\/\/dicodusport.fr\/blog\/#organization"},"image":{"@id":"https:\/\/dicodusport.fr\/blog\/ibu-cup-brezno-eleonora-fauner-mene-un-double-italien-sur-le-sprint\/#primaryimage"},"thumbnailUrl":"https:\/\/dicodusport.fr\/blog\/wp-content\/uploads\/2023\/01\/IBU-Cup-Brezno-Eleonora-Fauner-mene-un-double-italien-sur-le-sprint.png","keywords":["Biathlon","Biathlon Brezno","brezno-osrblie","IBU Cup Brezno","Sprint femmes"],"articleSection":["Biathlon"],"inLanguage":"fr-FR","potentialAction":[{"@type":"CommentAction","name":"Comment","target":["https:\/\/dicodusport.fr\/blog\/ibu-cup-brezno-eleonora-fauner-mene-un-double-italien-sur-le-sprint\/#respond"]}],"copyrightYear":"2023","copyrightHolder":{"@id":"https:\/\/dicodusport.fr\/blog\/#organization"}},{"@type":"WebPage","@id":"https:\/\/dicodusport.fr\/blog\/ibu-cup-brezno-eleonora-fauner-mene-un-double-italien-sur-le-sprint\/","url":"https:\/\/dicodusport.fr\/blog\/ibu-cup-brezno-eleonora-fauner-mene-un-double-italien-sur-le-sprint\/","name":"IBU Cup Brezno : Eleonora Fauner m\u00e8ne un doubl\u00e9 italien sur le sprint","isPartOf":{"@id":"https:\/\/dicodusport.fr\/blog\/#website"},"primaryImageOfPage":{"@id":"https:\/\/dicodusport.fr\/blog\/ibu-cup-brezno-eleonora-fauner-mene-un-double-italien-sur-le-sprint\/#primaryimage"},"image":{"@id":"https:\/\/dicodusport.fr\/blog\/ibu-cup-brezno-eleonora-fauner-mene-un-double-italien-sur-le-sprint\/#primaryimage"},"thumbnailUrl":"https:\/\/dicodusport.fr\/blog\/wp-content\/uploads\/2023\/01\/IBU-Cup-Brezno-Eleonora-Fauner-mene-un-double-italien-sur-le-sprint.png","datePublished":"2023-01-07T10:33:56+00:00","dateModified":"2025-08-24T11:08:57+00:00","description":"BIATHLON - IBU CUP DE BREZNO 2023 - L'italienne Eleonora Fauner s'impose sur le sprint devant sa compatriote. Les Fran\u00e7aises dans le Top 20.","breadcrumb":{"@id":"https:\/\/dicodusport.fr\/blog\/ibu-cup-brezno-eleonora-fauner-mene-un-double-italien-sur-le-sprint\/#breadcrumb"},"inLanguage":"fr-FR","potentialAction":[{"@type":"ReadAction","target":["https:\/\/dicodusport.fr\/blog\/ibu-cup-brezno-eleonora-fauner-mene-un-double-italien-sur-le-sprint\/"]}]},{"@type":"ImageObject","inLanguage":"fr-FR","@id":"https:\/\/dicodusport.fr\/blog\/ibu-cup-brezno-eleonora-fauner-mene-un-double-italien-sur-le-sprint\/#primaryimage","url":"https:\/\/dicodusport.fr\/blog\/wp-content\/uploads\/2023\/01\/IBU-Cup-Brezno-Eleonora-Fauner-mene-un-double-italien-sur-le-sprint.png","contentUrl":"https:\/\/dicodusport.fr\/blog\/wp-content\/uploads\/2023\/01\/IBU-Cup-Brezno-Eleonora-Fauner-mene-un-double-italien-sur-le-sprint.png","width":800,"height":445,"caption":"IBU Cup Brezno Eleonora Fauner m\u00e8ne un doubl\u00e9 italien sur le sprint"},{"@type":"BreadcrumbList","@id":"https:\/\/dicodusport.fr\/blog\/ibu-cup-brezno-eleonora-fauner-mene-un-double-italien-sur-le-sprint\/#breadcrumb","itemListElement":[{"@type":"ListItem","position":1,"name":"Accueil","item":"https:\/\/dicodusport.fr\/blog\/"},{"@type":"ListItem","position":2,"name":"IBU Cup Brezno : Eleonora Fauner m\u00e8ne un doubl\u00e9 italien sur le sprint"}]},{"@type":"WebSite","@id":"https:\/\/dicodusport.fr\/blog\/#website","url":"https:\/\/dicodusport.fr\/blog\/","name":"Dicodusport","description":"L&#039;encyclop\u00e9die de l&#039;actualit\u00e9 sportive","publisher":{"@id":"https:\/\/dicodusport.fr\/blog\/#organization"},"potentialAction":[{"@type":"SearchAction","target":{"@type":"EntryPoint","urlTemplate":"https:\/\/dicodusport.fr\/blog\/?s={search_term_string}"},"query-input":{"@type":"PropertyValueSpecification","valueRequired":true,"valueName":"search_term_string"}}],"inLanguage":"fr-FR"},{"@type":"NewsMediaOrganization","@id":"https:\/\/dicodusport.fr\/blog\/#organization","name":"Dicodusport","url":"https:\/\/dicodusport.fr\/blog\/","logo":{"@type":"ImageObject","inLanguage":"fr-FR","@id":"https:\/\/dicodusport.fr\/blog\/#\/schema\/logo\/image\/","url":"https:\/\/dicodusport.fr\/blog\/wp-content\/uploads\/2020\/06\/cropped-LOGO-DICODUSPORT-2020-SANS-FOND-SANS-TEXTE.png","contentUrl":"https:\/\/dicodusport.fr\/blog\/wp-content\/uploads\/2020\/06\/cropped-LOGO-DICODUSPORT-2020-SANS-FOND-SANS-TEXTE.png","width":512,"height":512,"caption":"Dicodusport"},"image":{"@id":"https:\/\/dicodusport.fr\/blog\/#\/schema\/logo\/image\/"},"sameAs":["https:\/\/www.facebook.com\/dicodusport","https:\/\/x.com\/dicodusport","https:\/\/www.instagram.com\/dicodusport\/","https:\/\/www.youtube.com\/channel\/UC7V2KZ5sd3htJivAbA4ZG3w"],"description":"Dicodusport est l'encyclop\u00e9die de l'actualit\u00e9 sportive.","email":"bonjour@dicodusport.fr","legalName":"DICODUSPORT","foundingDate":"2018-01-14","vatID":"FR71834470973","taxID":"83447097300043","numberOfEmployees":{"@type":"QuantitativeValue","minValue":"1","maxValue":"10"}},{"@type":"Person","@id":"https:\/\/dicodusport.fr\/blog\/#\/schema\/person\/819fb2545dd2715bd7c0580d6d4b411a","name":"Roxane Lecacher","image":{"@type":"ImageObject","inLanguage":"fr-FR","@id":"https:\/\/dicodusport.fr\/blog\/#\/schema\/person\/image\/","url":"https:\/\/dicodusport.fr\/blog\/wp-content\/uploads\/2021\/05\/Roxane-Lecacher-150x150.jpg","contentUrl":"https:\/\/dicodusport.fr\/blog\/wp-content\/uploads\/2021\/05\/Roxane-Lecacher-150x150.jpg","caption":"Roxane Lecacher"},"description":"Journaliste\/r\u00e9dactrice depuis janvier 2021 - N\u00e9e quelques jours avant la premi\u00e8re \u00e9toile des Bleus, je baigne dans une famille tr\u00e8s sportive. Je n\u2019ai eu d\u2019autres choix que de me passionner pour le sujet. Pratiquante de l\u2019athl\u00e9tisme depuis toute petite, j\u2019ai aussi un attrait tout particulier pour la Formule 1, le biathlon et le foot. Pendant les grands \u00e9v\u00e9nements, il est impossible de d\u00e9crocher de ma t\u00e9l\u00e9. C\u2019est \u00e0 travers Dicodusport que j\u2019aime d\u00e9sormais vous transmettre mes \u00e9motions et ma passion.","sameAs":["https:\/\/www.facebook.com\/roxane.lecacher","https:\/\/fr.linkedin.com\/in\/roxane-lecacher-23368313b"],"url":"https:\/\/dicodusport.fr\/blog\/author\/roxanel\/"}]}},"_links":{"self":[{"href":"https:\/\/dicodusport.fr\/blog\/wp-json\/wp\/v2\/posts\/342027","targetHints":{"allow":["GET"]}}],"collection":[{"href":"https:\/\/dicodusport.fr\/blog\/wp-json\/wp\/v2\/posts"}],"about":[{"href":"https:\/\/dicodusport.fr\/blog\/wp-json\/wp\/v2\/types\/post"}],"author":[{"embeddable":true,"href":"https:\/\/dicodusport.fr\/blog\/wp-json\/wp\/v2\/users\/54"}],"replies":[{"embeddable":true,"href":"https:\/\/dicodusport.fr\/blog\/wp-json\/wp\/v2\/comments?post=342027"}],"version-history":[{"count":1,"href":"https:\/\/dicodusport.fr\/blog\/wp-json\/wp\/v2\/posts\/342027\/revisions"}],"predecessor-version":[{"id":605014,"href":"https:\/\/dicodusport.fr\/blog\/wp-json\/wp\/v2\/posts\/342027\/revisions\/605014"}],"wp:featuredmedia":[{"embeddable":true,"href":"https:\/\/dicodusport.fr\/blog\/wp-json\/wp\/v2\/media\/342051"}],"wp:attachment":[{"href":"https:\/\/dicodusport.fr\/blog\/wp-json\/wp\/v2\/media?parent=342027"}],"wp:term":[{"taxonomy":"category","embeddable":true,"href":"https:\/\/dicodusport.fr\/blog\/wp-json\/wp\/v2\/categories?post=342027"},{"taxonomy":"post_tag","embeddable":true,"href":"https:\/\/dicodusport.fr\/blog\/wp-json\/wp\/v2\/tags?post=342027"}],"curies":[{"name":"wp","href":"https:\/\/api.w.org\/{rel}","templated":true}]}}