{"id":342041,"date":"2023-01-07T11:26:39","date_gmt":"2023-01-07T10:26:39","guid":{"rendered":"https:\/\/dicodusport.fr\/blog\/?p=342041&#038;preview=true&#038;preview_id=342041"},"modified":"2023-01-07T12:56:05","modified_gmt":"2023-01-07T11:56:05","slug":"equipe-de-france-didier-deschamps-prolonge-laventure-avec-les-bleus","status":"publish","type":"post","link":"https:\/\/dicodusport.fr\/blog\/equipe-de-france-didier-deschamps-prolonge-laventure-avec-les-bleus\/","title":{"rendered":"\u00c9quipe de France : Didier Deschamps prolonge l&rsquo;aventure avec les Bleus"},"content":{"rendered":"<p align=\"justify\"><strong><i><a href=\"https:\/\/dicodusport.fr\/blog\/equipe-de-france-de-foot-calendrier-des-bleus-en-2023\/\">\u00c9QUIPE DE FRANCE DE FOOTBALL<\/a> &#8211; C&rsquo;est d\u00e9sormais officiel. La F\u00e9d\u00e9ration Fran\u00e7aise de Football annonce que Didier Deschamps a sign\u00e9 un nouveau contrat jusqu&rsquo;en 2026, pour rester \u00e0 la t\u00eate des Bleus.<\/i><\/strong><\/p>\n<p align=\"justify\">Comme annonc\u00e9 avant la Coupe du monde de football au Qatar, <a href=\"https:\/\/dicodusport.fr\/blog\/equipe-de-france-le-salaire-de-didier-deschamps-revele\/\"><strong>Didier Deschamps<\/strong><\/a> \u00e9tait ma\u00eetre de son destin \u00e0 la t\u00eate des Bleus gr\u00e2ce au bon parcours de ses joueurs. Et il a choisi de rester ! \u00c0 54 ans, <em>DD<\/em> a sign\u00e9 un nouveau contrat qui devrait le voir rester \u00e0 la t\u00eate de l&rsquo;\u00e9quipe de France jusqu&rsquo;en 2026, soit \u00e0 l&rsquo;issue de la Coupe du monde 2026 qui aura lieu au Canada, au Mexique et aux USA.<\/p>\n<p align=\"justify\">S&rsquo;il va au bout de ce bail, <strong>Deschamps<\/strong> aura pass\u00e9 au total 14 ans sur le banc de la s\u00e9lection nationale. Arriv\u00e9 en 2012, Didier Deschamps affiche un bilan de 89 victoires, 28 nuls et 22 d\u00e9faites en 139 matchs \u00e0 la t\u00eate de l&rsquo;<strong>\u00e9quipe de France<\/strong>.<\/p>\n<blockquote class=\"twitter-tweet\">\n<p dir=\"ltr\" lang=\"fr\">La F\u00e9d\u00e9ration Fran\u00e7aise de Football et No\u00ebl Le Gra\u00ebt, son pr\u00e9sident, sont heureux d\u2019annoncer la prolongation de \ud835\uddd7\ud835\uddf6\ud835\uddf1\ud835\uddf6\ud835\uddf2\ud835\uddff \ud835\uddd7\ud835\uddf2\ud835\ude00\ud835\uddf0\ud835\uddf5\ud835\uddee\ud835\uddfa\ud835\uddfd\ud835\ude00 \u00e0 la t\u00eate de l\u2019\u00c9quipe de France jusqu\u2019au mois de juin \ud835\udfee\ud835\udfec\ud835\udfee\ud835\udff2 \u270d\ufe0f<\/p>\n<p>\u27a1\ufe0f <a href=\"https:\/\/t.co\/4CawVszXsS\">https:\/\/t.co\/4CawVszXsS<\/a><a href=\"https:\/\/twitter.com\/hashtag\/FiersdetreBleus?src=hash&amp;ref_src=twsrc%5Etfw\">#FiersdetreBleus<\/a> <a href=\"https:\/\/t.co\/W2YV4bOVf3\">pic.twitter.com\/W2YV4bOVf3<\/a><\/p>\n<p>\u2014 Equipe de France \u2b50\u2b50 (@equipedefrance) <a href=\"https:\/\/twitter.com\/equipedefrance\/status\/1611663753153597440?ref_src=twsrc%5Etfw\">January 7, 2023<\/a><\/p><\/blockquote>\n<p><script async src=\"https:\/\/platform.twitter.com\/widgets.js\" charset=\"utf-8\"><\/script><\/p>\n","protected":false},"excerpt":{"rendered":"<p>\u00c9QUIPE DE FRANCE DE FOOTBALL &#8211; C&rsquo;est d\u00e9sormais officiel. La F\u00e9d\u00e9ration Fran\u00e7aise de Football annonce que Didier Deschamps a sign\u00e9 un nouveau contrat jusqu&rsquo;en 2026, pour rester \u00e0 la t\u00eate des Bleus.<\/p>\n","protected":false},"author":39,"featured_media":342048,"comment_status":"open","ping_status":"closed","sticky":false,"template":"","format":"standard","meta":{"_acf_changed":false,"_daextam_enable_autolinks":"","footnotes":""},"categories":[2301],"tags":[4318,199,4856,75],"class_list":["post-342041","post","type-post","status-publish","format-standard","has-post-thumbnail","hentry","category-football","tag-didier-deschamps","tag-equipe-de-france","tag-fff","tag-football"],"acf":[],"yoast_head":"<!-- This site is optimized with the Yoast SEO Premium plugin v26.7 (Yoast SEO v26.7) - https:\/\/yoast.com\/wordpress\/plugins\/seo\/ -->\n<title>\u00c9quipe de France : Didier Deschamps prolonge l&#039;aventure avec les Bleus<\/title>\n<meta name=\"description\" content=\"\u00c9QUIPE DE FRANCE DE FOOTBALL - La F\u00e9d\u00e9ration Fran\u00e7aise de Football annonce que Didier Deschamps a sign\u00e9 un nouveau contrat jusqu&#039;en 2026.\" \/>\n<meta name=\"robots\" content=\"index, follow, max-snippet:-1, max-image-preview:large, max-video-preview:-1\" \/>\n<link rel=\"canonical\" href=\"https:\/\/dicodusport.fr\/blog\/equipe-de-france-didier-deschamps-prolonge-laventure-avec-les-bleus\/\" \/>\n<meta property=\"og:locale\" content=\"fr_FR\" \/>\n<meta property=\"og:type\" content=\"article\" \/>\n<meta property=\"og:title\" content=\"\u00c9quipe de France : Didier Deschamps prolonge l&#039;aventure avec les Bleus\" \/>\n<meta property=\"og:description\" content=\"\u00c9QUIPE DE FRANCE DE FOOTBALL - La F\u00e9d\u00e9ration Fran\u00e7aise de Football annonce que Didier Deschamps a sign\u00e9 un nouveau contrat jusqu&#039;en 2026.\" \/>\n<meta property=\"og:url\" content=\"https:\/\/dicodusport.fr\/blog\/equipe-de-france-didier-deschamps-prolonge-laventure-avec-les-bleus\/\" \/>\n<meta property=\"og:site_name\" content=\"Dicodusport\" \/>\n<meta property=\"article:publisher\" content=\"https:\/\/www.facebook.com\/dicodusport\" \/>\n<meta property=\"article:published_time\" content=\"2023-01-07T10:26:39+00:00\" \/>\n<meta property=\"article:modified_time\" content=\"2023-01-07T11:56:05+00:00\" \/>\n<meta property=\"og:image\" content=\"https:\/\/dicodusport.fr\/blog\/wp-content\/uploads\/2023\/01\/Equipe-de-France-Didier-Deschamps-prolonge-laventure-avec-les-Bleus.png\" \/>\n\t<meta property=\"og:image:width\" content=\"800\" \/>\n\t<meta property=\"og:image:height\" content=\"445\" \/>\n\t<meta property=\"og:image:type\" content=\"image\/png\" \/>\n<meta name=\"author\" content=\"Idriss Ahamada\" \/>\n<meta name=\"twitter:card\" content=\"summary_large_image\" \/>\n<meta name=\"twitter:title\" content=\"\u00c9quipe de France : Didier Deschamps prolonge l&#039;aventure avec les Bleus\" \/>\n<meta name=\"twitter:creator\" content=\"@https:\/\/twitter.com\/idriss_ia7\" \/>\n<meta name=\"twitter:site\" content=\"@dicodusport\" \/>\n<script type=\"application\/ld+json\" class=\"yoast-schema-graph\">{\"@context\":\"https:\/\/schema.org\",\"@graph\":[{\"@type\":\"NewsArticle\",\"@id\":\"https:\/\/dicodusport.fr\/blog\/equipe-de-france-didier-deschamps-prolonge-laventure-avec-les-bleus\/#article\",\"isPartOf\":{\"@id\":\"https:\/\/dicodusport.fr\/blog\/equipe-de-france-didier-deschamps-prolonge-laventure-avec-les-bleus\/\"},\"author\":{\"name\":\"Idriss Ahamada\",\"@id\":\"https:\/\/dicodusport.fr\/blog\/#\/schema\/person\/f3797823174b5e2975b9efe0302f16f4\"},\"headline\":\"\u00c9quipe de France : Didier Deschamps prolonge l&rsquo;aventure avec les Bleus\",\"datePublished\":\"2023-01-07T10:26:39+00:00\",\"dateModified\":\"2023-01-07T11:56:05+00:00\",\"mainEntityOfPage\":{\"@id\":\"https:\/\/dicodusport.fr\/blog\/equipe-de-france-didier-deschamps-prolonge-laventure-avec-les-bleus\/\"},\"wordCount\":224,\"commentCount\":0,\"publisher\":{\"@id\":\"https:\/\/dicodusport.fr\/blog\/#organization\"},\"image\":{\"@id\":\"https:\/\/dicodusport.fr\/blog\/equipe-de-france-didier-deschamps-prolonge-laventure-avec-les-bleus\/#primaryimage\"},\"thumbnailUrl\":\"https:\/\/dicodusport.fr\/blog\/wp-content\/uploads\/2023\/01\/Equipe-de-France-Didier-Deschamps-prolonge-laventure-avec-les-Bleus.png\",\"keywords\":[\"Didier Deschamps\",\"\u00c9quipe de France\",\"FFF\",\"Football\"],\"articleSection\":[\"Football\"],\"inLanguage\":\"fr-FR\",\"potentialAction\":[{\"@type\":\"CommentAction\",\"name\":\"Comment\",\"target\":[\"https:\/\/dicodusport.fr\/blog\/equipe-de-france-didier-deschamps-prolonge-laventure-avec-les-bleus\/#respond\"]}],\"copyrightYear\":\"2023\",\"copyrightHolder\":{\"@id\":\"https:\/\/dicodusport.fr\/blog\/#organization\"}},{\"@type\":\"WebPage\",\"@id\":\"https:\/\/dicodusport.fr\/blog\/equipe-de-france-didier-deschamps-prolonge-laventure-avec-les-bleus\/\",\"url\":\"https:\/\/dicodusport.fr\/blog\/equipe-de-france-didier-deschamps-prolonge-laventure-avec-les-bleus\/\",\"name\":\"\u00c9quipe de France : Didier Deschamps prolonge l'aventure avec les Bleus\",\"isPartOf\":{\"@id\":\"https:\/\/dicodusport.fr\/blog\/#website\"},\"primaryImageOfPage\":{\"@id\":\"https:\/\/dicodusport.fr\/blog\/equipe-de-france-didier-deschamps-prolonge-laventure-avec-les-bleus\/#primaryimage\"},\"image\":{\"@id\":\"https:\/\/dicodusport.fr\/blog\/equipe-de-france-didier-deschamps-prolonge-laventure-avec-les-bleus\/#primaryimage\"},\"thumbnailUrl\":\"https:\/\/dicodusport.fr\/blog\/wp-content\/uploads\/2023\/01\/Equipe-de-France-Didier-Deschamps-prolonge-laventure-avec-les-Bleus.png\",\"datePublished\":\"2023-01-07T10:26:39+00:00\",\"dateModified\":\"2023-01-07T11:56:05+00:00\",\"description\":\"\u00c9QUIPE DE FRANCE DE FOOTBALL - La F\u00e9d\u00e9ration Fran\u00e7aise de Football annonce que Didier Deschamps a sign\u00e9 un nouveau contrat jusqu'en 2026.\",\"breadcrumb\":{\"@id\":\"https:\/\/dicodusport.fr\/blog\/equipe-de-france-didier-deschamps-prolonge-laventure-avec-les-bleus\/#breadcrumb\"},\"inLanguage\":\"fr-FR\",\"potentialAction\":[{\"@type\":\"ReadAction\",\"target\":[\"https:\/\/dicodusport.fr\/blog\/equipe-de-france-didier-deschamps-prolonge-laventure-avec-les-bleus\/\"]}]},{\"@type\":\"ImageObject\",\"inLanguage\":\"fr-FR\",\"@id\":\"https:\/\/dicodusport.fr\/blog\/equipe-de-france-didier-deschamps-prolonge-laventure-avec-les-bleus\/#primaryimage\",\"url\":\"https:\/\/dicodusport.fr\/blog\/wp-content\/uploads\/2023\/01\/Equipe-de-France-Didier-Deschamps-prolonge-laventure-avec-les-Bleus.png\",\"contentUrl\":\"https:\/\/dicodusport.fr\/blog\/wp-content\/uploads\/2023\/01\/Equipe-de-France-Didier-Deschamps-prolonge-laventure-avec-les-Bleus.png\",\"width\":800,\"height\":445,\"caption\":\"\u00c9quipe de France Didier Deschamps prolonge l'aventure avec les Bleus\"},{\"@type\":\"BreadcrumbList\",\"@id\":\"https:\/\/dicodusport.fr\/blog\/equipe-de-france-didier-deschamps-prolonge-laventure-avec-les-bleus\/#breadcrumb\",\"itemListElement\":[{\"@type\":\"ListItem\",\"position\":1,\"name\":\"Accueil\",\"item\":\"https:\/\/dicodusport.fr\/blog\/\"},{\"@type\":\"ListItem\",\"position\":2,\"name\":\"\u00c9quipe de France : Didier Deschamps prolonge l&rsquo;aventure avec les Bleus\"}]},{\"@type\":\"WebSite\",\"@id\":\"https:\/\/dicodusport.fr\/blog\/#website\",\"url\":\"https:\/\/dicodusport.fr\/blog\/\",\"name\":\"Dicodusport\",\"description\":\"L&#039;encyclop\u00e9die de l&#039;actualit\u00e9 sportive\",\"publisher\":{\"@id\":\"https:\/\/dicodusport.fr\/blog\/#organization\"},\"potentialAction\":[{\"@type\":\"SearchAction\",\"target\":{\"@type\":\"EntryPoint\",\"urlTemplate\":\"https:\/\/dicodusport.fr\/blog\/?s={search_term_string}\"},\"query-input\":{\"@type\":\"PropertyValueSpecification\",\"valueRequired\":true,\"valueName\":\"search_term_string\"}}],\"inLanguage\":\"fr-FR\"},{\"@type\":\"NewsMediaOrganization\",\"@id\":\"https:\/\/dicodusport.fr\/blog\/#organization\",\"name\":\"Dicodusport\",\"url\":\"https:\/\/dicodusport.fr\/blog\/\",\"logo\":{\"@type\":\"ImageObject\",\"inLanguage\":\"fr-FR\",\"@id\":\"https:\/\/dicodusport.fr\/blog\/#\/schema\/logo\/image\/\",\"url\":\"https:\/\/dicodusport.fr\/blog\/wp-content\/uploads\/2020\/06\/cropped-LOGO-DICODUSPORT-2020-SANS-FOND-SANS-TEXTE.png\",\"contentUrl\":\"https:\/\/dicodusport.fr\/blog\/wp-content\/uploads\/2020\/06\/cropped-LOGO-DICODUSPORT-2020-SANS-FOND-SANS-TEXTE.png\",\"width\":512,\"height\":512,\"caption\":\"Dicodusport\"},\"image\":{\"@id\":\"https:\/\/dicodusport.fr\/blog\/#\/schema\/logo\/image\/\"},\"sameAs\":[\"https:\/\/www.facebook.com\/dicodusport\",\"https:\/\/x.com\/dicodusport\",\"https:\/\/www.instagram.com\/dicodusport\/\",\"https:\/\/www.youtube.com\/channel\/UC7V2KZ5sd3htJivAbA4ZG3w\"],\"description\":\"Dicodusport est l'encyclop\u00e9die de l'actualit\u00e9 sportive.\",\"email\":\"bonjour@dicodusport.fr\",\"legalName\":\"DICODUSPORT\",\"foundingDate\":\"2018-01-14\",\"vatID\":\"FR71834470973\",\"taxID\":\"83447097300043\",\"numberOfEmployees\":{\"@type\":\"QuantitativeValue\",\"minValue\":\"1\",\"maxValue\":\"10\"}},{\"@type\":\"Person\",\"@id\":\"https:\/\/dicodusport.fr\/blog\/#\/schema\/person\/f3797823174b5e2975b9efe0302f16f4\",\"name\":\"Idriss Ahamada\",\"image\":{\"@type\":\"ImageObject\",\"inLanguage\":\"fr-FR\",\"@id\":\"https:\/\/dicodusport.fr\/blog\/#\/schema\/person\/image\/\",\"url\":\"https:\/\/dicodusport.fr\/blog\/wp-content\/uploads\/2021\/04\/Maillot-Idriss-Dicodusport-150x150.png\",\"contentUrl\":\"https:\/\/dicodusport.fr\/blog\/wp-content\/uploads\/2021\/04\/Maillot-Idriss-Dicodusport-150x150.png\",\"caption\":\"Idriss Ahamada\"},\"description\":\"Passionn\u00e9 de sport depuis toujours, c\u2019est tout naturellement qu\u2019apr\u00e8s avoir compris que je n\u2019avais pas le niveau pour jouer \u00e0 Manchester United, et pas la force n\u00e9cessaire pour combattre \u00e0 l\u2019UFC que je me suis tourn\u00e9 vers le journalisme pour raconter les exploits et les histoires de ceux qui en sont capables. Le football, surtout quand il est jou\u00e9 en Angleterre, reste mon premier amour. Mais j\u2019aime aussi veiller la nuit pour vous parler de KO et de victoires unanimes \u00e0 l\u2019UFC ou sur les rings de boxe. Mon c\u00f4t\u00e9 fan de Wayne Rooney m\u2019a \u00e9galement pouss\u00e9 \u00e0 devenir polyvalent et \u00e0 parler aussi de rugby (\u00e0 XIII comme \u00e0 XV) et occasionnellement de cyclisme. C\u2019est donc logiquement que j\u2019ai rejoint Dicodusport, pour pouvoir parler de l\u2019actualit\u00e9, sur tous les terrains.\",\"sameAs\":[\"https:\/\/x.com\/https:\/\/twitter.com\/idriss_ia7\"],\"url\":\"https:\/\/dicodusport.fr\/blog\/author\/idriss\/\"}]}<\/script>\n<!-- \/ Yoast SEO Premium plugin. -->","yoast_head_json":{"title":"\u00c9quipe de France : Didier Deschamps prolonge l'aventure avec les Bleus","description":"\u00c9QUIPE DE FRANCE DE FOOTBALL - La F\u00e9d\u00e9ration Fran\u00e7aise de Football annonce que Didier Deschamps a sign\u00e9 un nouveau contrat jusqu'en 2026.","robots":{"index":"index","follow":"follow","max-snippet":"max-snippet:-1","max-image-preview":"max-image-preview:large","max-video-preview":"max-video-preview:-1"},"canonical":"https:\/\/dicodusport.fr\/blog\/equipe-de-france-didier-deschamps-prolonge-laventure-avec-les-bleus\/","og_locale":"fr_FR","og_type":"article","og_title":"\u00c9quipe de France : Didier Deschamps prolonge l'aventure avec les Bleus","og_description":"\u00c9QUIPE DE FRANCE DE FOOTBALL - La F\u00e9d\u00e9ration Fran\u00e7aise de Football annonce que Didier Deschamps a sign\u00e9 un nouveau contrat jusqu'en 2026.","og_url":"https:\/\/dicodusport.fr\/blog\/equipe-de-france-didier-deschamps-prolonge-laventure-avec-les-bleus\/","og_site_name":"Dicodusport","article_publisher":"https:\/\/www.facebook.com\/dicodusport","article_published_time":"2023-01-07T10:26:39+00:00","article_modified_time":"2023-01-07T11:56:05+00:00","og_image":[{"width":800,"height":445,"url":"https:\/\/dicodusport.fr\/blog\/wp-content\/uploads\/2023\/01\/Equipe-de-France-Didier-Deschamps-prolonge-laventure-avec-les-Bleus.png","type":"image\/png"}],"author":"Idriss Ahamada","twitter_card":"summary_large_image","twitter_title":"\u00c9quipe de France : Didier Deschamps prolonge l'aventure avec les Bleus","twitter_creator":"@https:\/\/twitter.com\/idriss_ia7","twitter_site":"@dicodusport","schema":{"@context":"https:\/\/schema.org","@graph":[{"@type":"NewsArticle","@id":"https:\/\/dicodusport.fr\/blog\/equipe-de-france-didier-deschamps-prolonge-laventure-avec-les-bleus\/#article","isPartOf":{"@id":"https:\/\/dicodusport.fr\/blog\/equipe-de-france-didier-deschamps-prolonge-laventure-avec-les-bleus\/"},"author":{"name":"Idriss Ahamada","@id":"https:\/\/dicodusport.fr\/blog\/#\/schema\/person\/f3797823174b5e2975b9efe0302f16f4"},"headline":"\u00c9quipe de France : Didier Deschamps prolonge l&rsquo;aventure avec les Bleus","datePublished":"2023-01-07T10:26:39+00:00","dateModified":"2023-01-07T11:56:05+00:00","mainEntityOfPage":{"@id":"https:\/\/dicodusport.fr\/blog\/equipe-de-france-didier-deschamps-prolonge-laventure-avec-les-bleus\/"},"wordCount":224,"commentCount":0,"publisher":{"@id":"https:\/\/dicodusport.fr\/blog\/#organization"},"image":{"@id":"https:\/\/dicodusport.fr\/blog\/equipe-de-france-didier-deschamps-prolonge-laventure-avec-les-bleus\/#primaryimage"},"thumbnailUrl":"https:\/\/dicodusport.fr\/blog\/wp-content\/uploads\/2023\/01\/Equipe-de-France-Didier-Deschamps-prolonge-laventure-avec-les-Bleus.png","keywords":["Didier Deschamps","\u00c9quipe de France","FFF","Football"],"articleSection":["Football"],"inLanguage":"fr-FR","potentialAction":[{"@type":"CommentAction","name":"Comment","target":["https:\/\/dicodusport.fr\/blog\/equipe-de-france-didier-deschamps-prolonge-laventure-avec-les-bleus\/#respond"]}],"copyrightYear":"2023","copyrightHolder":{"@id":"https:\/\/dicodusport.fr\/blog\/#organization"}},{"@type":"WebPage","@id":"https:\/\/dicodusport.fr\/blog\/equipe-de-france-didier-deschamps-prolonge-laventure-avec-les-bleus\/","url":"https:\/\/dicodusport.fr\/blog\/equipe-de-france-didier-deschamps-prolonge-laventure-avec-les-bleus\/","name":"\u00c9quipe de France : Didier Deschamps prolonge l'aventure avec les Bleus","isPartOf":{"@id":"https:\/\/dicodusport.fr\/blog\/#website"},"primaryImageOfPage":{"@id":"https:\/\/dicodusport.fr\/blog\/equipe-de-france-didier-deschamps-prolonge-laventure-avec-les-bleus\/#primaryimage"},"image":{"@id":"https:\/\/dicodusport.fr\/blog\/equipe-de-france-didier-deschamps-prolonge-laventure-avec-les-bleus\/#primaryimage"},"thumbnailUrl":"https:\/\/dicodusport.fr\/blog\/wp-content\/uploads\/2023\/01\/Equipe-de-France-Didier-Deschamps-prolonge-laventure-avec-les-Bleus.png","datePublished":"2023-01-07T10:26:39+00:00","dateModified":"2023-01-07T11:56:05+00:00","description":"\u00c9QUIPE DE FRANCE DE FOOTBALL - La F\u00e9d\u00e9ration Fran\u00e7aise de Football annonce que Didier Deschamps a sign\u00e9 un nouveau contrat jusqu'en 2026.","breadcrumb":{"@id":"https:\/\/dicodusport.fr\/blog\/equipe-de-france-didier-deschamps-prolonge-laventure-avec-les-bleus\/#breadcrumb"},"inLanguage":"fr-FR","potentialAction":[{"@type":"ReadAction","target":["https:\/\/dicodusport.fr\/blog\/equipe-de-france-didier-deschamps-prolonge-laventure-avec-les-bleus\/"]}]},{"@type":"ImageObject","inLanguage":"fr-FR","@id":"https:\/\/dicodusport.fr\/blog\/equipe-de-france-didier-deschamps-prolonge-laventure-avec-les-bleus\/#primaryimage","url":"https:\/\/dicodusport.fr\/blog\/wp-content\/uploads\/2023\/01\/Equipe-de-France-Didier-Deschamps-prolonge-laventure-avec-les-Bleus.png","contentUrl":"https:\/\/dicodusport.fr\/blog\/wp-content\/uploads\/2023\/01\/Equipe-de-France-Didier-Deschamps-prolonge-laventure-avec-les-Bleus.png","width":800,"height":445,"caption":"\u00c9quipe de France Didier Deschamps prolonge l'aventure avec les Bleus"},{"@type":"BreadcrumbList","@id":"https:\/\/dicodusport.fr\/blog\/equipe-de-france-didier-deschamps-prolonge-laventure-avec-les-bleus\/#breadcrumb","itemListElement":[{"@type":"ListItem","position":1,"name":"Accueil","item":"https:\/\/dicodusport.fr\/blog\/"},{"@type":"ListItem","position":2,"name":"\u00c9quipe de France : Didier Deschamps prolonge l&rsquo;aventure avec les Bleus"}]},{"@type":"WebSite","@id":"https:\/\/dicodusport.fr\/blog\/#website","url":"https:\/\/dicodusport.fr\/blog\/","name":"Dicodusport","description":"L&#039;encyclop\u00e9die de l&#039;actualit\u00e9 sportive","publisher":{"@id":"https:\/\/dicodusport.fr\/blog\/#organization"},"potentialAction":[{"@type":"SearchAction","target":{"@type":"EntryPoint","urlTemplate":"https:\/\/dicodusport.fr\/blog\/?s={search_term_string}"},"query-input":{"@type":"PropertyValueSpecification","valueRequired":true,"valueName":"search_term_string"}}],"inLanguage":"fr-FR"},{"@type":"NewsMediaOrganization","@id":"https:\/\/dicodusport.fr\/blog\/#organization","name":"Dicodusport","url":"https:\/\/dicodusport.fr\/blog\/","logo":{"@type":"ImageObject","inLanguage":"fr-FR","@id":"https:\/\/dicodusport.fr\/blog\/#\/schema\/logo\/image\/","url":"https:\/\/dicodusport.fr\/blog\/wp-content\/uploads\/2020\/06\/cropped-LOGO-DICODUSPORT-2020-SANS-FOND-SANS-TEXTE.png","contentUrl":"https:\/\/dicodusport.fr\/blog\/wp-content\/uploads\/2020\/06\/cropped-LOGO-DICODUSPORT-2020-SANS-FOND-SANS-TEXTE.png","width":512,"height":512,"caption":"Dicodusport"},"image":{"@id":"https:\/\/dicodusport.fr\/blog\/#\/schema\/logo\/image\/"},"sameAs":["https:\/\/www.facebook.com\/dicodusport","https:\/\/x.com\/dicodusport","https:\/\/www.instagram.com\/dicodusport\/","https:\/\/www.youtube.com\/channel\/UC7V2KZ5sd3htJivAbA4ZG3w"],"description":"Dicodusport est l'encyclop\u00e9die de l'actualit\u00e9 sportive.","email":"bonjour@dicodusport.fr","legalName":"DICODUSPORT","foundingDate":"2018-01-14","vatID":"FR71834470973","taxID":"83447097300043","numberOfEmployees":{"@type":"QuantitativeValue","minValue":"1","maxValue":"10"}},{"@type":"Person","@id":"https:\/\/dicodusport.fr\/blog\/#\/schema\/person\/f3797823174b5e2975b9efe0302f16f4","name":"Idriss Ahamada","image":{"@type":"ImageObject","inLanguage":"fr-FR","@id":"https:\/\/dicodusport.fr\/blog\/#\/schema\/person\/image\/","url":"https:\/\/dicodusport.fr\/blog\/wp-content\/uploads\/2021\/04\/Maillot-Idriss-Dicodusport-150x150.png","contentUrl":"https:\/\/dicodusport.fr\/blog\/wp-content\/uploads\/2021\/04\/Maillot-Idriss-Dicodusport-150x150.png","caption":"Idriss Ahamada"},"description":"Passionn\u00e9 de sport depuis toujours, c\u2019est tout naturellement qu\u2019apr\u00e8s avoir compris que je n\u2019avais pas le niveau pour jouer \u00e0 Manchester United, et pas la force n\u00e9cessaire pour combattre \u00e0 l\u2019UFC que je me suis tourn\u00e9 vers le journalisme pour raconter les exploits et les histoires de ceux qui en sont capables. Le football, surtout quand il est jou\u00e9 en Angleterre, reste mon premier amour. Mais j\u2019aime aussi veiller la nuit pour vous parler de KO et de victoires unanimes \u00e0 l\u2019UFC ou sur les rings de boxe. Mon c\u00f4t\u00e9 fan de Wayne Rooney m\u2019a \u00e9galement pouss\u00e9 \u00e0 devenir polyvalent et \u00e0 parler aussi de rugby (\u00e0 XIII comme \u00e0 XV) et occasionnellement de cyclisme. C\u2019est donc logiquement que j\u2019ai rejoint Dicodusport, pour pouvoir parler de l\u2019actualit\u00e9, sur tous les terrains.","sameAs":["https:\/\/x.com\/https:\/\/twitter.com\/idriss_ia7"],"url":"https:\/\/dicodusport.fr\/blog\/author\/idriss\/"}]}},"_links":{"self":[{"href":"https:\/\/dicodusport.fr\/blog\/wp-json\/wp\/v2\/posts\/342041","targetHints":{"allow":["GET"]}}],"collection":[{"href":"https:\/\/dicodusport.fr\/blog\/wp-json\/wp\/v2\/posts"}],"about":[{"href":"https:\/\/dicodusport.fr\/blog\/wp-json\/wp\/v2\/types\/post"}],"author":[{"embeddable":true,"href":"https:\/\/dicodusport.fr\/blog\/wp-json\/wp\/v2\/users\/39"}],"replies":[{"embeddable":true,"href":"https:\/\/dicodusport.fr\/blog\/wp-json\/wp\/v2\/comments?post=342041"}],"version-history":[{"count":0,"href":"https:\/\/dicodusport.fr\/blog\/wp-json\/wp\/v2\/posts\/342041\/revisions"}],"wp:featuredmedia":[{"embeddable":true,"href":"https:\/\/dicodusport.fr\/blog\/wp-json\/wp\/v2\/media\/342048"}],"wp:attachment":[{"href":"https:\/\/dicodusport.fr\/blog\/wp-json\/wp\/v2\/media?parent=342041"}],"wp:term":[{"taxonomy":"category","embeddable":true,"href":"https:\/\/dicodusport.fr\/blog\/wp-json\/wp\/v2\/categories?post=342041"},{"taxonomy":"post_tag","embeddable":true,"href":"https:\/\/dicodusport.fr\/blog\/wp-json\/wp\/v2\/tags?post=342041"}],"curies":[{"name":"wp","href":"https:\/\/api.w.org\/{rel}","templated":true}]}}