{"id":342122,"date":"2023-01-07T13:28:50","date_gmt":"2023-01-07T12:28:50","guid":{"rendered":"https:\/\/dicodusport.fr\/blog\/?p=342122&#038;preview=true&#038;preview_id=342122"},"modified":"2023-01-07T14:06:40","modified_gmt":"2023-01-07T13:06:40","slug":"mercato-mont-de-marsan-romain-latterrade-devrait-aussi-signer-en-top-14","status":"publish","type":"post","link":"https:\/\/dicodusport.fr\/blog\/mercato-mont-de-marsan-romain-latterrade-devrait-aussi-signer-en-top-14\/","title":{"rendered":"Mercato Mont-de-Marsan : Romain Latterrade devrait aussi signer en Top 14"},"content":{"rendered":"<p align=\"justify\"><em><strong>TOP 14 2022-2023 &#8211; Selon L&rsquo;\u00c9quipe, Romain Latterrade devrait quitter Mont-de-Marsan en fin de saison pour s&rsquo;engager avec l&rsquo;Union Bordeaux-B\u00e9gles.\u00a0<\/strong><\/em><\/p>\n<p align=\"justify\">Le <strong>Stade<\/strong> <strong>Montois<\/strong>, qui a manqu\u00e9 l&rsquo;accession en Top 14 la saison pass\u00e9e, va faire face \u00e0 une vague de d\u00e9parts dans quelques mois. <strong>Waime<\/strong> <strong>Naituvi<\/strong> s&rsquo;est d\u00e9j\u00e0 engag\u00e9 avec le Racing 92 alors que <strong>L\u00e9o<\/strong> <strong>Banos<\/strong> est proche de Toulouse. De son c\u00f4t\u00e9,\u00a0<a href=\"https:\/\/dicodusport.fr\/blog\/mercato-alexandre-de-nardi-va-quitter-mont-de-marsan-pour-signer-en-top-14\/\" target=\"_blank\" rel=\"noopener\"><strong>Alexandre<\/strong> <strong>De<\/strong> <strong>Nardi<\/strong> aurait lui donn\u00e9 son accord \u00e0 <strong>Montpellier<\/strong><\/a>. Mais ce n&rsquo;est pas tout, puisque l&rsquo;actuel deuxi\u00e8me de Pro D2 devrait aussi perdre un talonneur form\u00e9 au club, en la personne de <strong>Romain<\/strong> <strong>Latterrade<\/strong>.<\/p>\n<h2 style=\"text-align: justify;\" align=\"justify\">Direction l&rsquo;UBB pour Latterrade<\/h2>\n<p align=\"justify\">\u00c0 26 ans, Latterrade devrait tenter l&rsquo;aventure \u00e0 l&rsquo;\u00e9tage sup\u00e9rieur avec l&rsquo;<strong>Union Bordeaux-B\u00e8gles<\/strong>. Le club girondin, qui a recrut\u00e9 <strong>Damian<\/strong> <strong>Penaud<\/strong> mais aussi <strong>Yannick<\/strong> <strong>Bru<\/strong> et <strong>Thibault<\/strong> <strong>Giroud<\/strong> pour son staff, est au four et au moulin pour constituer son groupe pour la saison prochaine.<\/p>\n<p align=\"justify\"><strong>Romain<\/strong> <strong>Latterrade <\/strong>compte 109 matchs avec<strong> Mont-de-Marsan <\/strong>depuis ses d\u00e9buts professionnels lors de la saison 2017-2018. La saison prochaine, il devrait \u00eatre en concurrence avec <strong>Maxime<\/strong> <strong>Lamothe<\/strong>, <strong>Connor<\/strong> <strong>Sa<\/strong> ou encore <strong>Cl\u00e9ment<\/strong> <strong>Maynadier<\/strong><\/p>\n<blockquote class=\"twitter-tweet\">\n<p dir=\"ltr\" lang=\"fr\">Talonneur de 26 ans et form\u00e9 \u00e0 Mont-de-Marsan, Romain Latterrade devrait rejoindre l&rsquo;Union Bordeaux-B\u00e8gles la saison prochaine. <a href=\"https:\/\/t.co\/pATn3emWPy\">https:\/\/t.co\/pATn3emWPy<\/a> <a href=\"https:\/\/t.co\/QQ8hRtM8IR\">pic.twitter.com\/QQ8hRtM8IR<\/a><\/p>\n<p>\u2014 L&rsquo;\u00c9QUIPE (@lequipe) <a href=\"https:\/\/twitter.com\/lequipe\/status\/1611684114783997952?ref_src=twsrc%5Etfw\">January 7, 2023<\/a><\/p><\/blockquote>\n<p><script async src=\"https:\/\/platform.twitter.com\/widgets.js\" charset=\"utf-8\"><\/script><\/p>\n","protected":false},"excerpt":{"rendered":"<p>TOP 14 2022-2023 &#8211; Selon L&rsquo;\u00c9quipe, Romain Latterrade devrait quitter Mont-de-Marsan en fin de saison pour s&rsquo;engager avec l&rsquo;Union Bordeaux-B\u00e9gles.\u00a0<\/p>\n","protected":false},"author":1,"featured_media":342125,"comment_status":"open","ping_status":"closed","sticky":false,"template":"","format":"standard","meta":{"_acf_changed":false,"_daextam_enable_autolinks":"","footnotes":""},"categories":[9129,47050],"tags":[4513,1567],"class_list":["post-342122","post","type-post","status-publish","format-standard","has-post-thumbnail","hentry","category-rugby-a-xv","category-top-14","tag-mont-de-marsan","tag-ubb"],"acf":[],"yoast_head":"<!-- This site is optimized with the Yoast SEO Premium plugin v26.7 (Yoast SEO v26.7) - https:\/\/yoast.com\/wordpress\/plugins\/seo\/ -->\n<title>Mercato Mont-de-Marsan : Romain Latterrade devrait aussi signer en Top 14<\/title>\n<meta name=\"description\" content=\"TOP 14 2022-2023 - Selon L&#039;\u00c9quipe, Romain Latterrade devrait quitter Mont-de-Marsan en fin de saison pour s&#039;engager avec l&#039;Union Bordeaux-B\u00e9gles.\u00a0\" \/>\n<meta name=\"robots\" content=\"index, follow, max-snippet:-1, max-image-preview:large, max-video-preview:-1\" \/>\n<link rel=\"canonical\" href=\"https:\/\/dicodusport.fr\/blog\/mercato-mont-de-marsan-romain-latterrade-devrait-aussi-signer-en-top-14\/\" \/>\n<meta property=\"og:locale\" content=\"fr_FR\" \/>\n<meta property=\"og:type\" content=\"article\" \/>\n<meta property=\"og:title\" content=\"Mercato Mont-de-Marsan : Romain Latterrade devrait aussi signer en Top 14\" \/>\n<meta property=\"og:description\" content=\"TOP 14 2022-2023 - Selon L&#039;\u00c9quipe, Romain Latterrade devrait quitter Mont-de-Marsan en fin de saison pour s&#039;engager avec l&#039;Union Bordeaux-B\u00e9gles.\u00a0\" \/>\n<meta property=\"og:url\" content=\"https:\/\/dicodusport.fr\/blog\/mercato-mont-de-marsan-romain-latterrade-devrait-aussi-signer-en-top-14\/\" \/>\n<meta property=\"og:site_name\" content=\"Dicodusport\" \/>\n<meta property=\"article:publisher\" content=\"https:\/\/www.facebook.com\/dicodusport\" \/>\n<meta property=\"article:author\" content=\"https:\/\/www.facebook.com\/dicodusport\" \/>\n<meta property=\"article:published_time\" content=\"2023-01-07T12:28:50+00:00\" \/>\n<meta property=\"article:modified_time\" content=\"2023-01-07T13:06:40+00:00\" \/>\n<meta property=\"og:image\" content=\"https:\/\/dicodusport.fr\/blog\/wp-content\/uploads\/2023\/01\/Mercato-Mont-de-Marsan-Romain-Latterrade-devrait-aussi-signer-en-Top-14.png\" \/>\n\t<meta property=\"og:image:width\" content=\"800\" \/>\n\t<meta property=\"og:image:height\" content=\"445\" \/>\n\t<meta property=\"og:image:type\" content=\"image\/png\" \/>\n<meta name=\"author\" content=\"Nicolas Jacquemard\" \/>\n<meta name=\"twitter:card\" content=\"summary_large_image\" \/>\n<meta name=\"twitter:title\" content=\"Mercato Mont-de-Marsan : Romain Latterrade devrait aussi signer en Top 14\" \/>\n<meta name=\"twitter:creator\" content=\"@https:\/\/twitter.com\/Nico_Jacquemard\" \/>\n<meta name=\"twitter:site\" content=\"@dicodusport\" \/>\n<script type=\"application\/ld+json\" class=\"yoast-schema-graph\">{\"@context\":\"https:\/\/schema.org\",\"@graph\":[{\"@type\":\"NewsArticle\",\"@id\":\"https:\/\/dicodusport.fr\/blog\/mercato-mont-de-marsan-romain-latterrade-devrait-aussi-signer-en-top-14\/#article\",\"isPartOf\":{\"@id\":\"https:\/\/dicodusport.fr\/blog\/mercato-mont-de-marsan-romain-latterrade-devrait-aussi-signer-en-top-14\/\"},\"author\":{\"name\":\"Nicolas Jacquemard\",\"@id\":\"https:\/\/dicodusport.fr\/blog\/#\/schema\/person\/55dcb50ad410894e431ed812bbb70191\"},\"headline\":\"Mercato Mont-de-Marsan : Romain Latterrade devrait aussi signer en Top 14\",\"datePublished\":\"2023-01-07T12:28:50+00:00\",\"dateModified\":\"2023-01-07T13:06:40+00:00\",\"mainEntityOfPage\":{\"@id\":\"https:\/\/dicodusport.fr\/blog\/mercato-mont-de-marsan-romain-latterrade-devrait-aussi-signer-en-top-14\/\"},\"wordCount\":235,\"commentCount\":0,\"publisher\":{\"@id\":\"https:\/\/dicodusport.fr\/blog\/#organization\"},\"image\":{\"@id\":\"https:\/\/dicodusport.fr\/blog\/mercato-mont-de-marsan-romain-latterrade-devrait-aussi-signer-en-top-14\/#primaryimage\"},\"thumbnailUrl\":\"https:\/\/dicodusport.fr\/blog\/wp-content\/uploads\/2023\/01\/Mercato-Mont-de-Marsan-Romain-Latterrade-devrait-aussi-signer-en-Top-14.png\",\"keywords\":[\"Mont-de-Marsan\",\"UBB\"],\"articleSection\":[\"Rugby \u00e0 XV\",\"Top 14\"],\"inLanguage\":\"fr-FR\",\"potentialAction\":[{\"@type\":\"CommentAction\",\"name\":\"Comment\",\"target\":[\"https:\/\/dicodusport.fr\/blog\/mercato-mont-de-marsan-romain-latterrade-devrait-aussi-signer-en-top-14\/#respond\"]}],\"copyrightYear\":\"2023\",\"copyrightHolder\":{\"@id\":\"https:\/\/dicodusport.fr\/blog\/#organization\"}},{\"@type\":\"WebPage\",\"@id\":\"https:\/\/dicodusport.fr\/blog\/mercato-mont-de-marsan-romain-latterrade-devrait-aussi-signer-en-top-14\/\",\"url\":\"https:\/\/dicodusport.fr\/blog\/mercato-mont-de-marsan-romain-latterrade-devrait-aussi-signer-en-top-14\/\",\"name\":\"Mercato Mont-de-Marsan : Romain Latterrade devrait aussi signer en Top 14\",\"isPartOf\":{\"@id\":\"https:\/\/dicodusport.fr\/blog\/#website\"},\"primaryImageOfPage\":{\"@id\":\"https:\/\/dicodusport.fr\/blog\/mercato-mont-de-marsan-romain-latterrade-devrait-aussi-signer-en-top-14\/#primaryimage\"},\"image\":{\"@id\":\"https:\/\/dicodusport.fr\/blog\/mercato-mont-de-marsan-romain-latterrade-devrait-aussi-signer-en-top-14\/#primaryimage\"},\"thumbnailUrl\":\"https:\/\/dicodusport.fr\/blog\/wp-content\/uploads\/2023\/01\/Mercato-Mont-de-Marsan-Romain-Latterrade-devrait-aussi-signer-en-Top-14.png\",\"datePublished\":\"2023-01-07T12:28:50+00:00\",\"dateModified\":\"2023-01-07T13:06:40+00:00\",\"description\":\"TOP 14 2022-2023 - Selon L'\u00c9quipe, Romain Latterrade devrait quitter Mont-de-Marsan en fin de saison pour s'engager avec l'Union Bordeaux-B\u00e9gles.\u00a0\",\"breadcrumb\":{\"@id\":\"https:\/\/dicodusport.fr\/blog\/mercato-mont-de-marsan-romain-latterrade-devrait-aussi-signer-en-top-14\/#breadcrumb\"},\"inLanguage\":\"fr-FR\",\"potentialAction\":[{\"@type\":\"ReadAction\",\"target\":[\"https:\/\/dicodusport.fr\/blog\/mercato-mont-de-marsan-romain-latterrade-devrait-aussi-signer-en-top-14\/\"]}]},{\"@type\":\"ImageObject\",\"inLanguage\":\"fr-FR\",\"@id\":\"https:\/\/dicodusport.fr\/blog\/mercato-mont-de-marsan-romain-latterrade-devrait-aussi-signer-en-top-14\/#primaryimage\",\"url\":\"https:\/\/dicodusport.fr\/blog\/wp-content\/uploads\/2023\/01\/Mercato-Mont-de-Marsan-Romain-Latterrade-devrait-aussi-signer-en-Top-14.png\",\"contentUrl\":\"https:\/\/dicodusport.fr\/blog\/wp-content\/uploads\/2023\/01\/Mercato-Mont-de-Marsan-Romain-Latterrade-devrait-aussi-signer-en-Top-14.png\",\"width\":800,\"height\":445},{\"@type\":\"BreadcrumbList\",\"@id\":\"https:\/\/dicodusport.fr\/blog\/mercato-mont-de-marsan-romain-latterrade-devrait-aussi-signer-en-top-14\/#breadcrumb\",\"itemListElement\":[{\"@type\":\"ListItem\",\"position\":1,\"name\":\"Accueil\",\"item\":\"https:\/\/dicodusport.fr\/blog\/\"},{\"@type\":\"ListItem\",\"position\":2,\"name\":\"Mercato Mont-de-Marsan : Romain Latterrade devrait aussi signer en Top 14\"}]},{\"@type\":\"WebSite\",\"@id\":\"https:\/\/dicodusport.fr\/blog\/#website\",\"url\":\"https:\/\/dicodusport.fr\/blog\/\",\"name\":\"Dicodusport\",\"description\":\"L&#039;encyclop\u00e9die de l&#039;actualit\u00e9 sportive\",\"publisher\":{\"@id\":\"https:\/\/dicodusport.fr\/blog\/#organization\"},\"potentialAction\":[{\"@type\":\"SearchAction\",\"target\":{\"@type\":\"EntryPoint\",\"urlTemplate\":\"https:\/\/dicodusport.fr\/blog\/?s={search_term_string}\"},\"query-input\":{\"@type\":\"PropertyValueSpecification\",\"valueRequired\":true,\"valueName\":\"search_term_string\"}}],\"inLanguage\":\"fr-FR\"},{\"@type\":\"NewsMediaOrganization\",\"@id\":\"https:\/\/dicodusport.fr\/blog\/#organization\",\"name\":\"Dicodusport\",\"url\":\"https:\/\/dicodusport.fr\/blog\/\",\"logo\":{\"@type\":\"ImageObject\",\"inLanguage\":\"fr-FR\",\"@id\":\"https:\/\/dicodusport.fr\/blog\/#\/schema\/logo\/image\/\",\"url\":\"https:\/\/dicodusport.fr\/blog\/wp-content\/uploads\/2020\/06\/cropped-LOGO-DICODUSPORT-2020-SANS-FOND-SANS-TEXTE.png\",\"contentUrl\":\"https:\/\/dicodusport.fr\/blog\/wp-content\/uploads\/2020\/06\/cropped-LOGO-DICODUSPORT-2020-SANS-FOND-SANS-TEXTE.png\",\"width\":512,\"height\":512,\"caption\":\"Dicodusport\"},\"image\":{\"@id\":\"https:\/\/dicodusport.fr\/blog\/#\/schema\/logo\/image\/\"},\"sameAs\":[\"https:\/\/www.facebook.com\/dicodusport\",\"https:\/\/x.com\/dicodusport\",\"https:\/\/www.instagram.com\/dicodusport\/\",\"https:\/\/www.youtube.com\/channel\/UC7V2KZ5sd3htJivAbA4ZG3w\"],\"description\":\"Dicodusport est l'encyclop\u00e9die de l'actualit\u00e9 sportive.\",\"email\":\"bonjour@dicodusport.fr\",\"legalName\":\"DICODUSPORT\",\"foundingDate\":\"2018-01-14\",\"vatID\":\"FR71834470973\",\"taxID\":\"83447097300043\",\"numberOfEmployees\":{\"@type\":\"QuantitativeValue\",\"minValue\":\"1\",\"maxValue\":\"10\"}},{\"@type\":\"Person\",\"@id\":\"https:\/\/dicodusport.fr\/blog\/#\/schema\/person\/55dcb50ad410894e431ed812bbb70191\",\"name\":\"Nicolas Jacquemard\",\"image\":{\"@type\":\"ImageObject\",\"inLanguage\":\"fr-FR\",\"@id\":\"https:\/\/dicodusport.fr\/blog\/#\/schema\/person\/image\/\",\"url\":\"https:\/\/dicodusport.fr\/blog\/wp-content\/uploads\/2021\/05\/Nicolas-Jacquemard-150x150.jpeg\",\"contentUrl\":\"https:\/\/dicodusport.fr\/blog\/wp-content\/uploads\/2021\/05\/Nicolas-Jacquemard-150x150.jpeg\",\"caption\":\"Nicolas Jacquemard\"},\"description\":\"Passionn\u00e9 de sport et entrepreneur depuis mes 18 ans, la cr\u00e9ation de Dicodusport m'a sembl\u00e9 \u00e9vidente pour participer \u00e0 la m\u00e9diatisation d'un plus grand nombre de sports. Le chemin est long mais avec une \u00e9quipe des plus motiv\u00e9es et les Jeux Olympiques de Paris 2024 en point de mire, nous y arriverons ! Journaliste dans le monde du sport depuis plus de 5 ans, je traite aussi bien de football, de rugby, de biathlon que de cyclisme.\",\"sameAs\":[\"https:\/\/www.facebook.com\/dicodusport\",\"https:\/\/x.com\/https:\/\/twitter.com\/Nico_Jacquemard\"],\"url\":\"https:\/\/dicodusport.fr\/blog\/author\/dicodusport\/\"}]}<\/script>\n<!-- \/ Yoast SEO Premium plugin. -->","yoast_head_json":{"title":"Mercato Mont-de-Marsan : Romain Latterrade devrait aussi signer en Top 14","description":"TOP 14 2022-2023 - Selon L'\u00c9quipe, Romain Latterrade devrait quitter Mont-de-Marsan en fin de saison pour s'engager avec l'Union Bordeaux-B\u00e9gles.\u00a0","robots":{"index":"index","follow":"follow","max-snippet":"max-snippet:-1","max-image-preview":"max-image-preview:large","max-video-preview":"max-video-preview:-1"},"canonical":"https:\/\/dicodusport.fr\/blog\/mercato-mont-de-marsan-romain-latterrade-devrait-aussi-signer-en-top-14\/","og_locale":"fr_FR","og_type":"article","og_title":"Mercato Mont-de-Marsan : Romain Latterrade devrait aussi signer en Top 14","og_description":"TOP 14 2022-2023 - Selon L'\u00c9quipe, Romain Latterrade devrait quitter Mont-de-Marsan en fin de saison pour s'engager avec l'Union Bordeaux-B\u00e9gles.\u00a0","og_url":"https:\/\/dicodusport.fr\/blog\/mercato-mont-de-marsan-romain-latterrade-devrait-aussi-signer-en-top-14\/","og_site_name":"Dicodusport","article_publisher":"https:\/\/www.facebook.com\/dicodusport","article_author":"https:\/\/www.facebook.com\/dicodusport","article_published_time":"2023-01-07T12:28:50+00:00","article_modified_time":"2023-01-07T13:06:40+00:00","og_image":[{"width":800,"height":445,"url":"https:\/\/dicodusport.fr\/blog\/wp-content\/uploads\/2023\/01\/Mercato-Mont-de-Marsan-Romain-Latterrade-devrait-aussi-signer-en-Top-14.png","type":"image\/png"}],"author":"Nicolas Jacquemard","twitter_card":"summary_large_image","twitter_title":"Mercato Mont-de-Marsan : Romain Latterrade devrait aussi signer en Top 14","twitter_creator":"@https:\/\/twitter.com\/Nico_Jacquemard","twitter_site":"@dicodusport","schema":{"@context":"https:\/\/schema.org","@graph":[{"@type":"NewsArticle","@id":"https:\/\/dicodusport.fr\/blog\/mercato-mont-de-marsan-romain-latterrade-devrait-aussi-signer-en-top-14\/#article","isPartOf":{"@id":"https:\/\/dicodusport.fr\/blog\/mercato-mont-de-marsan-romain-latterrade-devrait-aussi-signer-en-top-14\/"},"author":{"name":"Nicolas Jacquemard","@id":"https:\/\/dicodusport.fr\/blog\/#\/schema\/person\/55dcb50ad410894e431ed812bbb70191"},"headline":"Mercato Mont-de-Marsan : Romain Latterrade devrait aussi signer en Top 14","datePublished":"2023-01-07T12:28:50+00:00","dateModified":"2023-01-07T13:06:40+00:00","mainEntityOfPage":{"@id":"https:\/\/dicodusport.fr\/blog\/mercato-mont-de-marsan-romain-latterrade-devrait-aussi-signer-en-top-14\/"},"wordCount":235,"commentCount":0,"publisher":{"@id":"https:\/\/dicodusport.fr\/blog\/#organization"},"image":{"@id":"https:\/\/dicodusport.fr\/blog\/mercato-mont-de-marsan-romain-latterrade-devrait-aussi-signer-en-top-14\/#primaryimage"},"thumbnailUrl":"https:\/\/dicodusport.fr\/blog\/wp-content\/uploads\/2023\/01\/Mercato-Mont-de-Marsan-Romain-Latterrade-devrait-aussi-signer-en-Top-14.png","keywords":["Mont-de-Marsan","UBB"],"articleSection":["Rugby \u00e0 XV","Top 14"],"inLanguage":"fr-FR","potentialAction":[{"@type":"CommentAction","name":"Comment","target":["https:\/\/dicodusport.fr\/blog\/mercato-mont-de-marsan-romain-latterrade-devrait-aussi-signer-en-top-14\/#respond"]}],"copyrightYear":"2023","copyrightHolder":{"@id":"https:\/\/dicodusport.fr\/blog\/#organization"}},{"@type":"WebPage","@id":"https:\/\/dicodusport.fr\/blog\/mercato-mont-de-marsan-romain-latterrade-devrait-aussi-signer-en-top-14\/","url":"https:\/\/dicodusport.fr\/blog\/mercato-mont-de-marsan-romain-latterrade-devrait-aussi-signer-en-top-14\/","name":"Mercato Mont-de-Marsan : Romain Latterrade devrait aussi signer en Top 14","isPartOf":{"@id":"https:\/\/dicodusport.fr\/blog\/#website"},"primaryImageOfPage":{"@id":"https:\/\/dicodusport.fr\/blog\/mercato-mont-de-marsan-romain-latterrade-devrait-aussi-signer-en-top-14\/#primaryimage"},"image":{"@id":"https:\/\/dicodusport.fr\/blog\/mercato-mont-de-marsan-romain-latterrade-devrait-aussi-signer-en-top-14\/#primaryimage"},"thumbnailUrl":"https:\/\/dicodusport.fr\/blog\/wp-content\/uploads\/2023\/01\/Mercato-Mont-de-Marsan-Romain-Latterrade-devrait-aussi-signer-en-Top-14.png","datePublished":"2023-01-07T12:28:50+00:00","dateModified":"2023-01-07T13:06:40+00:00","description":"TOP 14 2022-2023 - Selon L'\u00c9quipe, Romain Latterrade devrait quitter Mont-de-Marsan en fin de saison pour s'engager avec l'Union Bordeaux-B\u00e9gles.\u00a0","breadcrumb":{"@id":"https:\/\/dicodusport.fr\/blog\/mercato-mont-de-marsan-romain-latterrade-devrait-aussi-signer-en-top-14\/#breadcrumb"},"inLanguage":"fr-FR","potentialAction":[{"@type":"ReadAction","target":["https:\/\/dicodusport.fr\/blog\/mercato-mont-de-marsan-romain-latterrade-devrait-aussi-signer-en-top-14\/"]}]},{"@type":"ImageObject","inLanguage":"fr-FR","@id":"https:\/\/dicodusport.fr\/blog\/mercato-mont-de-marsan-romain-latterrade-devrait-aussi-signer-en-top-14\/#primaryimage","url":"https:\/\/dicodusport.fr\/blog\/wp-content\/uploads\/2023\/01\/Mercato-Mont-de-Marsan-Romain-Latterrade-devrait-aussi-signer-en-Top-14.png","contentUrl":"https:\/\/dicodusport.fr\/blog\/wp-content\/uploads\/2023\/01\/Mercato-Mont-de-Marsan-Romain-Latterrade-devrait-aussi-signer-en-Top-14.png","width":800,"height":445},{"@type":"BreadcrumbList","@id":"https:\/\/dicodusport.fr\/blog\/mercato-mont-de-marsan-romain-latterrade-devrait-aussi-signer-en-top-14\/#breadcrumb","itemListElement":[{"@type":"ListItem","position":1,"name":"Accueil","item":"https:\/\/dicodusport.fr\/blog\/"},{"@type":"ListItem","position":2,"name":"Mercato Mont-de-Marsan : Romain Latterrade devrait aussi signer en Top 14"}]},{"@type":"WebSite","@id":"https:\/\/dicodusport.fr\/blog\/#website","url":"https:\/\/dicodusport.fr\/blog\/","name":"Dicodusport","description":"L&#039;encyclop\u00e9die de l&#039;actualit\u00e9 sportive","publisher":{"@id":"https:\/\/dicodusport.fr\/blog\/#organization"},"potentialAction":[{"@type":"SearchAction","target":{"@type":"EntryPoint","urlTemplate":"https:\/\/dicodusport.fr\/blog\/?s={search_term_string}"},"query-input":{"@type":"PropertyValueSpecification","valueRequired":true,"valueName":"search_term_string"}}],"inLanguage":"fr-FR"},{"@type":"NewsMediaOrganization","@id":"https:\/\/dicodusport.fr\/blog\/#organization","name":"Dicodusport","url":"https:\/\/dicodusport.fr\/blog\/","logo":{"@type":"ImageObject","inLanguage":"fr-FR","@id":"https:\/\/dicodusport.fr\/blog\/#\/schema\/logo\/image\/","url":"https:\/\/dicodusport.fr\/blog\/wp-content\/uploads\/2020\/06\/cropped-LOGO-DICODUSPORT-2020-SANS-FOND-SANS-TEXTE.png","contentUrl":"https:\/\/dicodusport.fr\/blog\/wp-content\/uploads\/2020\/06\/cropped-LOGO-DICODUSPORT-2020-SANS-FOND-SANS-TEXTE.png","width":512,"height":512,"caption":"Dicodusport"},"image":{"@id":"https:\/\/dicodusport.fr\/blog\/#\/schema\/logo\/image\/"},"sameAs":["https:\/\/www.facebook.com\/dicodusport","https:\/\/x.com\/dicodusport","https:\/\/www.instagram.com\/dicodusport\/","https:\/\/www.youtube.com\/channel\/UC7V2KZ5sd3htJivAbA4ZG3w"],"description":"Dicodusport est l'encyclop\u00e9die de l'actualit\u00e9 sportive.","email":"bonjour@dicodusport.fr","legalName":"DICODUSPORT","foundingDate":"2018-01-14","vatID":"FR71834470973","taxID":"83447097300043","numberOfEmployees":{"@type":"QuantitativeValue","minValue":"1","maxValue":"10"}},{"@type":"Person","@id":"https:\/\/dicodusport.fr\/blog\/#\/schema\/person\/55dcb50ad410894e431ed812bbb70191","name":"Nicolas Jacquemard","image":{"@type":"ImageObject","inLanguage":"fr-FR","@id":"https:\/\/dicodusport.fr\/blog\/#\/schema\/person\/image\/","url":"https:\/\/dicodusport.fr\/blog\/wp-content\/uploads\/2021\/05\/Nicolas-Jacquemard-150x150.jpeg","contentUrl":"https:\/\/dicodusport.fr\/blog\/wp-content\/uploads\/2021\/05\/Nicolas-Jacquemard-150x150.jpeg","caption":"Nicolas Jacquemard"},"description":"Passionn\u00e9 de sport et entrepreneur depuis mes 18 ans, la cr\u00e9ation de Dicodusport m'a sembl\u00e9 \u00e9vidente pour participer \u00e0 la m\u00e9diatisation d'un plus grand nombre de sports. Le chemin est long mais avec une \u00e9quipe des plus motiv\u00e9es et les Jeux Olympiques de Paris 2024 en point de mire, nous y arriverons ! Journaliste dans le monde du sport depuis plus de 5 ans, je traite aussi bien de football, de rugby, de biathlon que de cyclisme.","sameAs":["https:\/\/www.facebook.com\/dicodusport","https:\/\/x.com\/https:\/\/twitter.com\/Nico_Jacquemard"],"url":"https:\/\/dicodusport.fr\/blog\/author\/dicodusport\/"}]}},"_links":{"self":[{"href":"https:\/\/dicodusport.fr\/blog\/wp-json\/wp\/v2\/posts\/342122","targetHints":{"allow":["GET"]}}],"collection":[{"href":"https:\/\/dicodusport.fr\/blog\/wp-json\/wp\/v2\/posts"}],"about":[{"href":"https:\/\/dicodusport.fr\/blog\/wp-json\/wp\/v2\/types\/post"}],"author":[{"embeddable":true,"href":"https:\/\/dicodusport.fr\/blog\/wp-json\/wp\/v2\/users\/1"}],"replies":[{"embeddable":true,"href":"https:\/\/dicodusport.fr\/blog\/wp-json\/wp\/v2\/comments?post=342122"}],"version-history":[{"count":0,"href":"https:\/\/dicodusport.fr\/blog\/wp-json\/wp\/v2\/posts\/342122\/revisions"}],"wp:featuredmedia":[{"embeddable":true,"href":"https:\/\/dicodusport.fr\/blog\/wp-json\/wp\/v2\/media\/342125"}],"wp:attachment":[{"href":"https:\/\/dicodusport.fr\/blog\/wp-json\/wp\/v2\/media?parent=342122"}],"wp:term":[{"taxonomy":"category","embeddable":true,"href":"https:\/\/dicodusport.fr\/blog\/wp-json\/wp\/v2\/categories?post=342122"},{"taxonomy":"post_tag","embeddable":true,"href":"https:\/\/dicodusport.fr\/blog\/wp-json\/wp\/v2\/tags?post=342122"}],"curies":[{"name":"wp","href":"https:\/\/api.w.org\/{rel}","templated":true}]}}