{"id":342152,"date":"2023-01-07T15:01:59","date_gmt":"2023-01-07T14:01:59","guid":{"rendered":"https:\/\/dicodusport.fr\/blog\/?p=342152&#038;preview=true&#038;preview_id=342152"},"modified":"2025-08-24T13:08:55","modified_gmt":"2025-08-24T11:08:55","slug":"ibu-cup-brezno-eric-perrot-en-demonstration-sur-le-sprint","status":"publish","type":"post","link":"https:\/\/dicodusport.fr\/blog\/ibu-cup-brezno-eric-perrot-en-demonstration-sur-le-sprint\/","title":{"rendered":"IBU Cup Brezno : \u00c9ric Perrot en d\u00e9monstration sur le sprint"},"content":{"rendered":"<p style=\"text-align: justify;\"><b><i><a href=\"https:\/\/dicodusport.fr\/blog\/ibu-cup-brezno-2023-programme-complet-et-resultats\/\">BIATHLON &#8211; IBU CUP DE BREZNO 2022<\/a> &#8211; Stratosph\u00e9rique aujourd&rsquo;hui, le Fran\u00e7ais Eric Perrot remporte le sprint en Slovaquie, apr\u00e8s avoir gagn\u00e9 le super sprint avant-hier. Un doubl\u00e9 significatif pour le Tricolore qui a \u00e9t\u00e9 r\u00e9trograd\u00e9 de la Coupe du monde \u00e0 l&rsquo;IBU Cup. Il devance la surprise Norv\u00e9gienne Isak Frey et son compatriote leader du classement g\u00e9n\u00e9ral, Endre Stroemsheim. Les autres biathl\u00e8tes fran\u00e7ais se retrouvent plus loin dans le classement.<\/i><\/b><\/p>\n<p style=\"text-align: justify;\">\u00c0 l\u2019occasion de l\u2019\u00e9tape de l\u2019IBU Cup \u00e0 Brezno-Osrblie en Slovaquie, cinq jeunes biathl\u00e8tes fran\u00e7ais \u00e9taient align\u00e9s sur le sprint du jour. R\u00e9trograd\u00e9 de la Coupe du monde \u00e0 l\u2019IBU Cup, on retrouvait d\u2019abord <strong>\u00c9ric Perrot<\/strong> avec le dossard 12. Ce dernier a gagn\u00e9 <a href=\"https:\/\/dicodusport.fr\/blog\/biathlon-ibu-cup-brezno-classement-super-sprint-hommes\/\">le super sprint final<\/a> avant-hier. Ensuite, <strong>R\u00e9mi Broutier<\/strong>, <strong>Ambroise Meunier, Paul Fontaine<\/strong> et <strong>Damien Levet<\/strong> s\u2019\u00e9lan\u00e7aient pour la course.<\/p>\n<h2 style=\"text-align: justify;\">Personne ne pouvait aller chercher \u00c9ric Perrot<\/h2>\n<p style=\"text-align: justify;\">Les 96 biathl\u00e8tes ont pris le d\u00e9part de la course lanc\u00e9e par l\u2019Italien <strong>Daniele Cappellari<\/strong>. Premier Tricolore \u00e0 s\u2019\u00e9lancer, <strong>\u00c9ric Perrot<\/strong> a pris les commandes en ski d\u00e8s le premier interm\u00e9diaire. Malheureusement, il a commis une erreur sur son tir couch\u00e9. Dans une forme stratosph\u00e9rique sur les skis, le Fran\u00e7ais a fait le plein sur le tir debout et pris la t\u00eate de la course. Il a franchi la ligne d\u2019arriv\u00e9e avec un avance cons\u00e9quente. Il devance la petite surprise norv\u00e9gienne <strong>Izak Frey<\/strong> et son compatriote leader du classement g\u00e9n\u00e9ral <strong>Endre Stroemsheim<\/strong> qui compl\u00e8te le podium. Ce dernier a termin\u00e9 a termin\u00e9 a plus de 27 secondes du Fran\u00e7ais.<\/p>\n<p style=\"text-align: justify;\">\u00c0 noter que le Norv\u00e9gien <strong>Mats Overby<\/strong>, deuxi\u00e8me du classement g\u00e9n\u00e9ral, a fini 4<sup>\u00e8me<\/sup> et <strong>Martin Uldal<\/strong>, troisi\u00e8me du classement g\u00e9n\u00e9ral, n\u2019a pas pris le d\u00e9part de la course du jour.<\/p>\n<div id=\"attachment_341617\" style=\"width: 810px\" class=\"wp-caption aligncenter\"><a href=\"https:\/\/dicodusport.fr\/blog\/wp-content\/uploads\/2023\/01\/Biathlon-IBU-Cup-Brezno-Eric-Perrot-remporte-le-super-sprint-.png\"><img loading=\"lazy\" decoding=\"async\" aria-describedby=\"caption-attachment-341617\" class=\"size-full wp-image-341617\" src=\"https:\/\/dicodusport.fr\/blog\/wp-content\/uploads\/2023\/01\/Biathlon-IBU-Cup-Brezno-Eric-Perrot-remporte-le-super-sprint-.png\" alt=\"Biathlon IBU Cup Brezno \u00c9ric Perrot remporte le super sprint !\" width=\"800\" height=\"445\" srcset=\"https:\/\/dicodusport.fr\/blog\/wp-content\/uploads\/2023\/01\/Biathlon-IBU-Cup-Brezno-Eric-Perrot-remporte-le-super-sprint-.png 800w, https:\/\/dicodusport.fr\/blog\/wp-content\/uploads\/2023\/01\/Biathlon-IBU-Cup-Brezno-Eric-Perrot-remporte-le-super-sprint--300x167.png 300w, https:\/\/dicodusport.fr\/blog\/wp-content\/uploads\/2023\/01\/Biathlon-IBU-Cup-Brezno-Eric-Perrot-remporte-le-super-sprint--768x427.png 768w\" sizes=\"auto, (max-width: 800px) 100vw, 800px\" \/><\/a><p id=\"caption-attachment-341617\" class=\"wp-caption-text\">\u00c9ric Perrot &#8211; Photo Icon Sport<\/p><\/div>\n<h2>Fortunes diverses pour les autres Fran\u00e7ais<\/h2>\n<p style=\"text-align: justify;\">Dossard 24, <strong>Remi Broutier <\/strong>a faut\u00e9 une fois sur chaque tir. Son 8\/10 et son temps de ski moyen l\u2019am\u00e8nent en 23<sup>\u00e8me<\/sup> place de la course. Ensuite, <strong>Ambroise Meunier<\/strong> s\u2019est \u00e9lanc\u00e9 avec le dossard 42. Avec une faute sur le tir couch\u00e9 et deux sur le debout, la d\u00e9ception est pr\u00e9sente pour le Fran\u00e7ais qui terminera finalement 30<sup>\u00e8me<\/sup> aujourd\u2019hui.<\/p>\n<p style=\"text-align: justify;\"><strong>Paul Fontaine<\/strong>, dont c\u2019est l\u2019anniversaire pour ses 22 ans aujourd\u2019hui, s\u2019\u00e9lan\u00e7ait avec le dossard 82. Malgr\u00e9 un sans-faute au tir couch\u00e9 et une seule faute sur son debout, il ne terminera que 40<sup>\u00e8me<\/sup> avec une moins bonne forme sur les skis. Enfin, <strong>Damien Levet<\/strong> est pass\u00e9 \u00e0 c\u00f4t\u00e9 de sa course avec un 7\/10 aujourd&rsquo;hui et prendra la 55<sup>\u00e8me <\/sup>place du jour.<\/p>\n<h2>Le classement des Fran\u00e7ais<\/h2>\n<p>1. <strong>\u00c9ric Perrot<\/strong> (+.0.0) 1-0<br \/>\n23. <strong>Remi Broutier<\/strong> (+1:43.5) 1-1<br \/>\n30. <strong>Ambroise Meunier<\/strong> (+2:05.3) 1-2<br \/>\n38. <strong>Paul Fontaine<\/strong> (+2:25.8) 0-1<br \/>\n55. <strong>Damien Levet<\/strong> (+3:07.4) 2-1<\/p>\n<h2 style=\"text-align: justify;\">\u00c0 lire aussi<\/h2>\n<ul>\n<li style=\"text-align: justify;\"><a href=\"https:\/\/dicodusport.fr\/blog\/biathlon-ibu-cup-brezno-classement-sprint-hommes\/\"><strong>Le classement du Sprint hommes de Brezno en IBU Cup<\/strong><\/a><\/li>\n<li style=\"text-align: justify;\"><a href=\"https:\/\/dicodusport.fr\/blog\/ibu-cup-2022-2023-classement-general-femmes\/\"><strong>Classement g\u00e9n\u00e9ral de l&rsquo;IBU Cup<\/strong><\/a><\/li>\n<li style=\"text-align: justify;\"><a href=\"https:\/\/dicodusport.fr\/blog\/biathlon-ibu-cup-2022-2023-le-calendrier-complet\/\"><strong>Le calendrier complet de l&rsquo;IBU Cup 2022-2023<\/strong><\/a><\/li>\n<\/ul>\n","protected":false},"excerpt":{"rendered":"<p>BIATHLON &#8211; IBU CUP DE BREZNO 2022 &#8211; Stratosph\u00e9rique aujourd&rsquo;hui, le Fran\u00e7ais Eric Perrot remporte le sprint en Slovaquie, apr\u00e8s avoir gagn\u00e9 le super sprint avant-hier. Un doubl\u00e9 significatif pour le Tricolore qui a \u00e9t\u00e9 r\u00e9trograd\u00e9 de la Coupe du Monde \u00e0 l&rsquo;IBU Cup. Il devance la surprise Norv\u00e9gienne Isak Frey et son compatriote leader du classement g\u00e9n\u00e9ral, Endre Stroemsheim. Les autres biathl\u00e8tes fran\u00e7ais se retrouvent plus loin dans le classement.<\/p>\n","protected":false},"author":54,"featured_media":342194,"comment_status":"open","ping_status":"closed","sticky":false,"template":"","format":"standard","meta":{"_acf_changed":false,"_daextam_enable_autolinks":"","footnotes":""},"categories":[2426],"tags":[2427,28670,21238,15233,28708,6848],"class_list":["post-342152","post","type-post","status-publish","format-standard","has-post-thumbnail","hentry","category-biathlon","tag-biathlon","tag-biathlon-brezno","tag-brezno-osrblie","tag-eric-perrot","tag-ibu-cup-brezno","tag-sprint-hommes"],"acf":[],"yoast_head":"<!-- This site is optimized with the Yoast SEO Premium plugin v26.7 (Yoast SEO v26.7) - https:\/\/yoast.com\/wordpress\/plugins\/seo\/ -->\n<title>IBU Cup Brezno : \u00c9ric Perrot en d\u00e9monstration sur le sprint<\/title>\n<meta name=\"description\" content=\"BIATHLON - IBU CUP DE BREZNO 2023 - Le Fran\u00e7ais Eric Perrot remporte le sprint aujourd&#039;hui \u00e0 Brezno (Slovaquie).\" \/>\n<meta name=\"robots\" content=\"index, follow, max-snippet:-1, max-image-preview:large, max-video-preview:-1\" \/>\n<link rel=\"canonical\" href=\"https:\/\/dicodusport.fr\/blog\/ibu-cup-brezno-eric-perrot-en-demonstration-sur-le-sprint\/\" \/>\n<meta property=\"og:locale\" content=\"fr_FR\" \/>\n<meta property=\"og:type\" content=\"article\" \/>\n<meta property=\"og:title\" content=\"IBU Cup Brezno : \u00c9ric Perrot en d\u00e9monstration sur le sprint\" \/>\n<meta property=\"og:description\" content=\"BIATHLON - IBU CUP DE BREZNO 2023 - Le Fran\u00e7ais Eric Perrot remporte le sprint aujourd&#039;hui \u00e0 Brezno (Slovaquie).\" \/>\n<meta property=\"og:url\" content=\"https:\/\/dicodusport.fr\/blog\/ibu-cup-brezno-eric-perrot-en-demonstration-sur-le-sprint\/\" \/>\n<meta property=\"og:site_name\" content=\"Dicodusport\" \/>\n<meta property=\"article:publisher\" content=\"https:\/\/www.facebook.com\/dicodusport\" \/>\n<meta property=\"article:author\" content=\"https:\/\/www.facebook.com\/roxane.lecacher\" \/>\n<meta property=\"article:published_time\" content=\"2023-01-07T14:01:59+00:00\" \/>\n<meta property=\"article:modified_time\" content=\"2025-08-24T11:08:55+00:00\" \/>\n<meta property=\"og:image\" content=\"https:\/\/dicodusport.fr\/blog\/wp-content\/uploads\/2023\/01\/IBU-Cup-Brezno-Eric-Perrot-en-demonstration-sur-le-sprint.png\" \/>\n\t<meta property=\"og:image:width\" content=\"800\" \/>\n\t<meta property=\"og:image:height\" content=\"445\" \/>\n\t<meta property=\"og:image:type\" content=\"image\/png\" \/>\n<meta name=\"author\" content=\"Roxane Lecacher\" \/>\n<meta name=\"twitter:card\" content=\"summary_large_image\" \/>\n<meta name=\"twitter:title\" content=\"IBU Cup Brezno : \u00c9ric Perrot en d\u00e9monstration sur le sprint\" \/>\n<meta name=\"twitter:creator\" content=\"@dicodusport\" \/>\n<meta name=\"twitter:site\" content=\"@dicodusport\" \/>\n<script type=\"application\/ld+json\" class=\"yoast-schema-graph\">{\"@context\":\"https:\/\/schema.org\",\"@graph\":[{\"@type\":\"NewsArticle\",\"@id\":\"https:\/\/dicodusport.fr\/blog\/ibu-cup-brezno-eric-perrot-en-demonstration-sur-le-sprint\/#article\",\"isPartOf\":{\"@id\":\"https:\/\/dicodusport.fr\/blog\/ibu-cup-brezno-eric-perrot-en-demonstration-sur-le-sprint\/\"},\"author\":{\"name\":\"Roxane Lecacher\",\"@id\":\"https:\/\/dicodusport.fr\/blog\/#\/schema\/person\/819fb2545dd2715bd7c0580d6d4b411a\"},\"headline\":\"IBU Cup Brezno : \u00c9ric Perrot en d\u00e9monstration sur le sprint\",\"datePublished\":\"2023-01-07T14:01:59+00:00\",\"dateModified\":\"2025-08-24T11:08:55+00:00\",\"mainEntityOfPage\":{\"@id\":\"https:\/\/dicodusport.fr\/blog\/ibu-cup-brezno-eric-perrot-en-demonstration-sur-le-sprint\/\"},\"wordCount\":528,\"commentCount\":0,\"publisher\":{\"@id\":\"https:\/\/dicodusport.fr\/blog\/#organization\"},\"image\":{\"@id\":\"https:\/\/dicodusport.fr\/blog\/ibu-cup-brezno-eric-perrot-en-demonstration-sur-le-sprint\/#primaryimage\"},\"thumbnailUrl\":\"https:\/\/dicodusport.fr\/blog\/wp-content\/uploads\/2023\/01\/IBU-Cup-Brezno-Eric-Perrot-en-demonstration-sur-le-sprint.png\",\"keywords\":[\"Biathlon\",\"Biathlon Brezno\",\"brezno-osrblie\",\"Eric Perrot\",\"IBU Cup Brezno\",\"Sprint hommes\"],\"articleSection\":[\"Biathlon\"],\"inLanguage\":\"fr-FR\",\"potentialAction\":[{\"@type\":\"CommentAction\",\"name\":\"Comment\",\"target\":[\"https:\/\/dicodusport.fr\/blog\/ibu-cup-brezno-eric-perrot-en-demonstration-sur-le-sprint\/#respond\"]}],\"copyrightYear\":\"2023\",\"copyrightHolder\":{\"@id\":\"https:\/\/dicodusport.fr\/blog\/#organization\"}},{\"@type\":\"WebPage\",\"@id\":\"https:\/\/dicodusport.fr\/blog\/ibu-cup-brezno-eric-perrot-en-demonstration-sur-le-sprint\/\",\"url\":\"https:\/\/dicodusport.fr\/blog\/ibu-cup-brezno-eric-perrot-en-demonstration-sur-le-sprint\/\",\"name\":\"IBU Cup Brezno : \u00c9ric Perrot en d\u00e9monstration sur le sprint\",\"isPartOf\":{\"@id\":\"https:\/\/dicodusport.fr\/blog\/#website\"},\"primaryImageOfPage\":{\"@id\":\"https:\/\/dicodusport.fr\/blog\/ibu-cup-brezno-eric-perrot-en-demonstration-sur-le-sprint\/#primaryimage\"},\"image\":{\"@id\":\"https:\/\/dicodusport.fr\/blog\/ibu-cup-brezno-eric-perrot-en-demonstration-sur-le-sprint\/#primaryimage\"},\"thumbnailUrl\":\"https:\/\/dicodusport.fr\/blog\/wp-content\/uploads\/2023\/01\/IBU-Cup-Brezno-Eric-Perrot-en-demonstration-sur-le-sprint.png\",\"datePublished\":\"2023-01-07T14:01:59+00:00\",\"dateModified\":\"2025-08-24T11:08:55+00:00\",\"description\":\"BIATHLON - IBU CUP DE BREZNO 2023 - Le Fran\u00e7ais Eric Perrot remporte le sprint aujourd'hui \u00e0 Brezno (Slovaquie).\",\"breadcrumb\":{\"@id\":\"https:\/\/dicodusport.fr\/blog\/ibu-cup-brezno-eric-perrot-en-demonstration-sur-le-sprint\/#breadcrumb\"},\"inLanguage\":\"fr-FR\",\"potentialAction\":[{\"@type\":\"ReadAction\",\"target\":[\"https:\/\/dicodusport.fr\/blog\/ibu-cup-brezno-eric-perrot-en-demonstration-sur-le-sprint\/\"]}]},{\"@type\":\"ImageObject\",\"inLanguage\":\"fr-FR\",\"@id\":\"https:\/\/dicodusport.fr\/blog\/ibu-cup-brezno-eric-perrot-en-demonstration-sur-le-sprint\/#primaryimage\",\"url\":\"https:\/\/dicodusport.fr\/blog\/wp-content\/uploads\/2023\/01\/IBU-Cup-Brezno-Eric-Perrot-en-demonstration-sur-le-sprint.png\",\"contentUrl\":\"https:\/\/dicodusport.fr\/blog\/wp-content\/uploads\/2023\/01\/IBU-Cup-Brezno-Eric-Perrot-en-demonstration-sur-le-sprint.png\",\"width\":800,\"height\":445,\"caption\":\"IBU Cup Brezno \u00c9ric Perrot en d\u00e9monstration sur le sprint\"},{\"@type\":\"BreadcrumbList\",\"@id\":\"https:\/\/dicodusport.fr\/blog\/ibu-cup-brezno-eric-perrot-en-demonstration-sur-le-sprint\/#breadcrumb\",\"itemListElement\":[{\"@type\":\"ListItem\",\"position\":1,\"name\":\"Accueil\",\"item\":\"https:\/\/dicodusport.fr\/blog\/\"},{\"@type\":\"ListItem\",\"position\":2,\"name\":\"IBU Cup Brezno : \u00c9ric Perrot en d\u00e9monstration sur le sprint\"}]},{\"@type\":\"WebSite\",\"@id\":\"https:\/\/dicodusport.fr\/blog\/#website\",\"url\":\"https:\/\/dicodusport.fr\/blog\/\",\"name\":\"Dicodusport\",\"description\":\"L&#039;encyclop\u00e9die de l&#039;actualit\u00e9 sportive\",\"publisher\":{\"@id\":\"https:\/\/dicodusport.fr\/blog\/#organization\"},\"potentialAction\":[{\"@type\":\"SearchAction\",\"target\":{\"@type\":\"EntryPoint\",\"urlTemplate\":\"https:\/\/dicodusport.fr\/blog\/?s={search_term_string}\"},\"query-input\":{\"@type\":\"PropertyValueSpecification\",\"valueRequired\":true,\"valueName\":\"search_term_string\"}}],\"inLanguage\":\"fr-FR\"},{\"@type\":\"NewsMediaOrganization\",\"@id\":\"https:\/\/dicodusport.fr\/blog\/#organization\",\"name\":\"Dicodusport\",\"url\":\"https:\/\/dicodusport.fr\/blog\/\",\"logo\":{\"@type\":\"ImageObject\",\"inLanguage\":\"fr-FR\",\"@id\":\"https:\/\/dicodusport.fr\/blog\/#\/schema\/logo\/image\/\",\"url\":\"https:\/\/dicodusport.fr\/blog\/wp-content\/uploads\/2020\/06\/cropped-LOGO-DICODUSPORT-2020-SANS-FOND-SANS-TEXTE.png\",\"contentUrl\":\"https:\/\/dicodusport.fr\/blog\/wp-content\/uploads\/2020\/06\/cropped-LOGO-DICODUSPORT-2020-SANS-FOND-SANS-TEXTE.png\",\"width\":512,\"height\":512,\"caption\":\"Dicodusport\"},\"image\":{\"@id\":\"https:\/\/dicodusport.fr\/blog\/#\/schema\/logo\/image\/\"},\"sameAs\":[\"https:\/\/www.facebook.com\/dicodusport\",\"https:\/\/x.com\/dicodusport\",\"https:\/\/www.instagram.com\/dicodusport\/\",\"https:\/\/www.youtube.com\/channel\/UC7V2KZ5sd3htJivAbA4ZG3w\"],\"description\":\"Dicodusport est l'encyclop\u00e9die de l'actualit\u00e9 sportive.\",\"email\":\"bonjour@dicodusport.fr\",\"legalName\":\"DICODUSPORT\",\"foundingDate\":\"2018-01-14\",\"vatID\":\"FR71834470973\",\"taxID\":\"83447097300043\",\"numberOfEmployees\":{\"@type\":\"QuantitativeValue\",\"minValue\":\"1\",\"maxValue\":\"10\"}},{\"@type\":\"Person\",\"@id\":\"https:\/\/dicodusport.fr\/blog\/#\/schema\/person\/819fb2545dd2715bd7c0580d6d4b411a\",\"name\":\"Roxane Lecacher\",\"image\":{\"@type\":\"ImageObject\",\"inLanguage\":\"fr-FR\",\"@id\":\"https:\/\/dicodusport.fr\/blog\/#\/schema\/person\/image\/\",\"url\":\"https:\/\/dicodusport.fr\/blog\/wp-content\/uploads\/2021\/05\/Roxane-Lecacher-150x150.jpg\",\"contentUrl\":\"https:\/\/dicodusport.fr\/blog\/wp-content\/uploads\/2021\/05\/Roxane-Lecacher-150x150.jpg\",\"caption\":\"Roxane Lecacher\"},\"description\":\"Journaliste\/r\u00e9dactrice depuis janvier 2021 - N\u00e9e quelques jours avant la premi\u00e8re \u00e9toile des Bleus, je baigne dans une famille tr\u00e8s sportive. Je n\u2019ai eu d\u2019autres choix que de me passionner pour le sujet. Pratiquante de l\u2019athl\u00e9tisme depuis toute petite, j\u2019ai aussi un attrait tout particulier pour la Formule 1, le biathlon et le foot. Pendant les grands \u00e9v\u00e9nements, il est impossible de d\u00e9crocher de ma t\u00e9l\u00e9. C\u2019est \u00e0 travers Dicodusport que j\u2019aime d\u00e9sormais vous transmettre mes \u00e9motions et ma passion.\",\"sameAs\":[\"https:\/\/www.facebook.com\/roxane.lecacher\",\"https:\/\/fr.linkedin.com\/in\/roxane-lecacher-23368313b\"],\"url\":\"https:\/\/dicodusport.fr\/blog\/author\/roxanel\/\"}]}<\/script>\n<!-- \/ Yoast SEO Premium plugin. -->","yoast_head_json":{"title":"IBU Cup Brezno : \u00c9ric Perrot en d\u00e9monstration sur le sprint","description":"BIATHLON - IBU CUP DE BREZNO 2023 - Le Fran\u00e7ais Eric Perrot remporte le sprint aujourd'hui \u00e0 Brezno (Slovaquie).","robots":{"index":"index","follow":"follow","max-snippet":"max-snippet:-1","max-image-preview":"max-image-preview:large","max-video-preview":"max-video-preview:-1"},"canonical":"https:\/\/dicodusport.fr\/blog\/ibu-cup-brezno-eric-perrot-en-demonstration-sur-le-sprint\/","og_locale":"fr_FR","og_type":"article","og_title":"IBU Cup Brezno : \u00c9ric Perrot en d\u00e9monstration sur le sprint","og_description":"BIATHLON - IBU CUP DE BREZNO 2023 - Le Fran\u00e7ais Eric Perrot remporte le sprint aujourd'hui \u00e0 Brezno (Slovaquie).","og_url":"https:\/\/dicodusport.fr\/blog\/ibu-cup-brezno-eric-perrot-en-demonstration-sur-le-sprint\/","og_site_name":"Dicodusport","article_publisher":"https:\/\/www.facebook.com\/dicodusport","article_author":"https:\/\/www.facebook.com\/roxane.lecacher","article_published_time":"2023-01-07T14:01:59+00:00","article_modified_time":"2025-08-24T11:08:55+00:00","og_image":[{"width":800,"height":445,"url":"https:\/\/dicodusport.fr\/blog\/wp-content\/uploads\/2023\/01\/IBU-Cup-Brezno-Eric-Perrot-en-demonstration-sur-le-sprint.png","type":"image\/png"}],"author":"Roxane Lecacher","twitter_card":"summary_large_image","twitter_title":"IBU Cup Brezno : \u00c9ric Perrot en d\u00e9monstration sur le sprint","twitter_creator":"@dicodusport","twitter_site":"@dicodusport","schema":{"@context":"https:\/\/schema.org","@graph":[{"@type":"NewsArticle","@id":"https:\/\/dicodusport.fr\/blog\/ibu-cup-brezno-eric-perrot-en-demonstration-sur-le-sprint\/#article","isPartOf":{"@id":"https:\/\/dicodusport.fr\/blog\/ibu-cup-brezno-eric-perrot-en-demonstration-sur-le-sprint\/"},"author":{"name":"Roxane Lecacher","@id":"https:\/\/dicodusport.fr\/blog\/#\/schema\/person\/819fb2545dd2715bd7c0580d6d4b411a"},"headline":"IBU Cup Brezno : \u00c9ric Perrot en d\u00e9monstration sur le sprint","datePublished":"2023-01-07T14:01:59+00:00","dateModified":"2025-08-24T11:08:55+00:00","mainEntityOfPage":{"@id":"https:\/\/dicodusport.fr\/blog\/ibu-cup-brezno-eric-perrot-en-demonstration-sur-le-sprint\/"},"wordCount":528,"commentCount":0,"publisher":{"@id":"https:\/\/dicodusport.fr\/blog\/#organization"},"image":{"@id":"https:\/\/dicodusport.fr\/blog\/ibu-cup-brezno-eric-perrot-en-demonstration-sur-le-sprint\/#primaryimage"},"thumbnailUrl":"https:\/\/dicodusport.fr\/blog\/wp-content\/uploads\/2023\/01\/IBU-Cup-Brezno-Eric-Perrot-en-demonstration-sur-le-sprint.png","keywords":["Biathlon","Biathlon Brezno","brezno-osrblie","Eric Perrot","IBU Cup Brezno","Sprint hommes"],"articleSection":["Biathlon"],"inLanguage":"fr-FR","potentialAction":[{"@type":"CommentAction","name":"Comment","target":["https:\/\/dicodusport.fr\/blog\/ibu-cup-brezno-eric-perrot-en-demonstration-sur-le-sprint\/#respond"]}],"copyrightYear":"2023","copyrightHolder":{"@id":"https:\/\/dicodusport.fr\/blog\/#organization"}},{"@type":"WebPage","@id":"https:\/\/dicodusport.fr\/blog\/ibu-cup-brezno-eric-perrot-en-demonstration-sur-le-sprint\/","url":"https:\/\/dicodusport.fr\/blog\/ibu-cup-brezno-eric-perrot-en-demonstration-sur-le-sprint\/","name":"IBU Cup Brezno : \u00c9ric Perrot en d\u00e9monstration sur le sprint","isPartOf":{"@id":"https:\/\/dicodusport.fr\/blog\/#website"},"primaryImageOfPage":{"@id":"https:\/\/dicodusport.fr\/blog\/ibu-cup-brezno-eric-perrot-en-demonstration-sur-le-sprint\/#primaryimage"},"image":{"@id":"https:\/\/dicodusport.fr\/blog\/ibu-cup-brezno-eric-perrot-en-demonstration-sur-le-sprint\/#primaryimage"},"thumbnailUrl":"https:\/\/dicodusport.fr\/blog\/wp-content\/uploads\/2023\/01\/IBU-Cup-Brezno-Eric-Perrot-en-demonstration-sur-le-sprint.png","datePublished":"2023-01-07T14:01:59+00:00","dateModified":"2025-08-24T11:08:55+00:00","description":"BIATHLON - IBU CUP DE BREZNO 2023 - Le Fran\u00e7ais Eric Perrot remporte le sprint aujourd'hui \u00e0 Brezno (Slovaquie).","breadcrumb":{"@id":"https:\/\/dicodusport.fr\/blog\/ibu-cup-brezno-eric-perrot-en-demonstration-sur-le-sprint\/#breadcrumb"},"inLanguage":"fr-FR","potentialAction":[{"@type":"ReadAction","target":["https:\/\/dicodusport.fr\/blog\/ibu-cup-brezno-eric-perrot-en-demonstration-sur-le-sprint\/"]}]},{"@type":"ImageObject","inLanguage":"fr-FR","@id":"https:\/\/dicodusport.fr\/blog\/ibu-cup-brezno-eric-perrot-en-demonstration-sur-le-sprint\/#primaryimage","url":"https:\/\/dicodusport.fr\/blog\/wp-content\/uploads\/2023\/01\/IBU-Cup-Brezno-Eric-Perrot-en-demonstration-sur-le-sprint.png","contentUrl":"https:\/\/dicodusport.fr\/blog\/wp-content\/uploads\/2023\/01\/IBU-Cup-Brezno-Eric-Perrot-en-demonstration-sur-le-sprint.png","width":800,"height":445,"caption":"IBU Cup Brezno \u00c9ric Perrot en d\u00e9monstration sur le sprint"},{"@type":"BreadcrumbList","@id":"https:\/\/dicodusport.fr\/blog\/ibu-cup-brezno-eric-perrot-en-demonstration-sur-le-sprint\/#breadcrumb","itemListElement":[{"@type":"ListItem","position":1,"name":"Accueil","item":"https:\/\/dicodusport.fr\/blog\/"},{"@type":"ListItem","position":2,"name":"IBU Cup Brezno : \u00c9ric Perrot en d\u00e9monstration sur le sprint"}]},{"@type":"WebSite","@id":"https:\/\/dicodusport.fr\/blog\/#website","url":"https:\/\/dicodusport.fr\/blog\/","name":"Dicodusport","description":"L&#039;encyclop\u00e9die de l&#039;actualit\u00e9 sportive","publisher":{"@id":"https:\/\/dicodusport.fr\/blog\/#organization"},"potentialAction":[{"@type":"SearchAction","target":{"@type":"EntryPoint","urlTemplate":"https:\/\/dicodusport.fr\/blog\/?s={search_term_string}"},"query-input":{"@type":"PropertyValueSpecification","valueRequired":true,"valueName":"search_term_string"}}],"inLanguage":"fr-FR"},{"@type":"NewsMediaOrganization","@id":"https:\/\/dicodusport.fr\/blog\/#organization","name":"Dicodusport","url":"https:\/\/dicodusport.fr\/blog\/","logo":{"@type":"ImageObject","inLanguage":"fr-FR","@id":"https:\/\/dicodusport.fr\/blog\/#\/schema\/logo\/image\/","url":"https:\/\/dicodusport.fr\/blog\/wp-content\/uploads\/2020\/06\/cropped-LOGO-DICODUSPORT-2020-SANS-FOND-SANS-TEXTE.png","contentUrl":"https:\/\/dicodusport.fr\/blog\/wp-content\/uploads\/2020\/06\/cropped-LOGO-DICODUSPORT-2020-SANS-FOND-SANS-TEXTE.png","width":512,"height":512,"caption":"Dicodusport"},"image":{"@id":"https:\/\/dicodusport.fr\/blog\/#\/schema\/logo\/image\/"},"sameAs":["https:\/\/www.facebook.com\/dicodusport","https:\/\/x.com\/dicodusport","https:\/\/www.instagram.com\/dicodusport\/","https:\/\/www.youtube.com\/channel\/UC7V2KZ5sd3htJivAbA4ZG3w"],"description":"Dicodusport est l'encyclop\u00e9die de l'actualit\u00e9 sportive.","email":"bonjour@dicodusport.fr","legalName":"DICODUSPORT","foundingDate":"2018-01-14","vatID":"FR71834470973","taxID":"83447097300043","numberOfEmployees":{"@type":"QuantitativeValue","minValue":"1","maxValue":"10"}},{"@type":"Person","@id":"https:\/\/dicodusport.fr\/blog\/#\/schema\/person\/819fb2545dd2715bd7c0580d6d4b411a","name":"Roxane Lecacher","image":{"@type":"ImageObject","inLanguage":"fr-FR","@id":"https:\/\/dicodusport.fr\/blog\/#\/schema\/person\/image\/","url":"https:\/\/dicodusport.fr\/blog\/wp-content\/uploads\/2021\/05\/Roxane-Lecacher-150x150.jpg","contentUrl":"https:\/\/dicodusport.fr\/blog\/wp-content\/uploads\/2021\/05\/Roxane-Lecacher-150x150.jpg","caption":"Roxane Lecacher"},"description":"Journaliste\/r\u00e9dactrice depuis janvier 2021 - N\u00e9e quelques jours avant la premi\u00e8re \u00e9toile des Bleus, je baigne dans une famille tr\u00e8s sportive. Je n\u2019ai eu d\u2019autres choix que de me passionner pour le sujet. Pratiquante de l\u2019athl\u00e9tisme depuis toute petite, j\u2019ai aussi un attrait tout particulier pour la Formule 1, le biathlon et le foot. Pendant les grands \u00e9v\u00e9nements, il est impossible de d\u00e9crocher de ma t\u00e9l\u00e9. C\u2019est \u00e0 travers Dicodusport que j\u2019aime d\u00e9sormais vous transmettre mes \u00e9motions et ma passion.","sameAs":["https:\/\/www.facebook.com\/roxane.lecacher","https:\/\/fr.linkedin.com\/in\/roxane-lecacher-23368313b"],"url":"https:\/\/dicodusport.fr\/blog\/author\/roxanel\/"}]}},"_links":{"self":[{"href":"https:\/\/dicodusport.fr\/blog\/wp-json\/wp\/v2\/posts\/342152","targetHints":{"allow":["GET"]}}],"collection":[{"href":"https:\/\/dicodusport.fr\/blog\/wp-json\/wp\/v2\/posts"}],"about":[{"href":"https:\/\/dicodusport.fr\/blog\/wp-json\/wp\/v2\/types\/post"}],"author":[{"embeddable":true,"href":"https:\/\/dicodusport.fr\/blog\/wp-json\/wp\/v2\/users\/54"}],"replies":[{"embeddable":true,"href":"https:\/\/dicodusport.fr\/blog\/wp-json\/wp\/v2\/comments?post=342152"}],"version-history":[{"count":1,"href":"https:\/\/dicodusport.fr\/blog\/wp-json\/wp\/v2\/posts\/342152\/revisions"}],"predecessor-version":[{"id":605012,"href":"https:\/\/dicodusport.fr\/blog\/wp-json\/wp\/v2\/posts\/342152\/revisions\/605012"}],"wp:featuredmedia":[{"embeddable":true,"href":"https:\/\/dicodusport.fr\/blog\/wp-json\/wp\/v2\/media\/342194"}],"wp:attachment":[{"href":"https:\/\/dicodusport.fr\/blog\/wp-json\/wp\/v2\/media?parent=342152"}],"wp:term":[{"taxonomy":"category","embeddable":true,"href":"https:\/\/dicodusport.fr\/blog\/wp-json\/wp\/v2\/categories?post=342152"},{"taxonomy":"post_tag","embeddable":true,"href":"https:\/\/dicodusport.fr\/blog\/wp-json\/wp\/v2\/tags?post=342152"}],"curies":[{"name":"wp","href":"https:\/\/api.w.org\/{rel}","templated":true}]}}