{"id":342595,"date":"2023-01-08T14:16:47","date_gmt":"2023-01-08T13:16:47","guid":{"rendered":"https:\/\/dicodusport.fr\/blog\/?p=342595&#038;preview=true&#038;preview_id=342595"},"modified":"2025-08-24T13:08:52","modified_gmt":"2025-08-24T11:08:52","slug":"ibu-cup-brezno-france-deuxieme-du-relais-mixte-simple-derriere-norvege","status":"publish","type":"post","link":"https:\/\/dicodusport.fr\/blog\/ibu-cup-brezno-france-deuxieme-du-relais-mixte-simple-derriere-norvege\/","title":{"rendered":"IBU Cup Brezno : La France deuxi\u00e8me du relais mixte simple derri\u00e8re la Norv\u00e8ge"},"content":{"rendered":"<p style=\"text-align: justify;\"><b><i><a href=\"https:\/\/dicodusport.fr\/blog\/ibu-cup-brezno-2023-programme-complet-et-resultats\/\">BIATHLON &#8211; IBU CUP DE BREZNO 2023<\/a> &#8211; Intouchable, la Norv\u00e8ge de Mats Overby et Frida Dokken s&rsquo;est impos\u00e9e sur le relais mixte simple de Brezno, ce dimanche. La France, emmen\u00e9e par Paul Fontaine et Paula Botet, se classe deuxi\u00e8me, devant la Suisse, pour exactement<a href=\"https:\/\/dicodusport.fr\/blog\/relais-mixte-simple-pokljuka-la-norvege-devance-la-france\/\"> le m\u00eame podium que le relais mixte simple de la Coupe du monde<\/a>, ce dimanche matin.<\/i><\/b><\/p>\n<p style=\"text-align: justify;\">Deux relais mixtes simples, deux podiums identiques. Apr\u00e8s la course de la Coupe du monde ce dimanche matin \u00e0 Pokljuka, l&rsquo;<strong>IBU Cup de Brezno<\/strong> (Slovaquie) s&rsquo;achevait par le single mixte. Et comme sur le circuit principal, la Norv\u00e8ge s&rsquo;est impos\u00e9e en patronne, ce dimanche apr\u00e8s-midi. <strong>Mats Overby<\/strong> et <strong>Frida Dokker<\/strong> (4 petites pioches) n&rsquo;ont laiss\u00e9 aucune chance \u00e0 leurs adversaires sur le site slovaque, \u00e0 l&rsquo;instar de leurs co\u00e9quipiers ce dimanche matin, sur le relais mixte.<\/p>\n<p style=\"text-align: justify;\">Le duo scandinave s&rsquo;impose avec une marge de 31 secondes sur la France, emmen\u00e9e par <strong>Paul Fontaine<\/strong> et <strong>Paula Botet<\/strong>, avec 9 pioches au total. La Suisse, repr\u00e9sent\u00e9e par <strong>Gion Stalder<\/strong> et <strong>Flurina Volken<\/strong>, compl\u00e8te le podium \u00e0 34 secondes, et 10 pioches face aux cibles.<\/p>\n<blockquote class=\"twitter-tweet\">\n<p dir=\"ltr\" lang=\"en\">Single Mixed Relay <a href=\"https:\/\/twitter.com\/IBU_WC?ref_src=twsrc%5Etfw\">@IBU_WC<\/a> Top 3: Norway, France, Switzerland<\/p>\n<p>Single Mixed Relay IBU Cup Top 3: Norway, France&#8230; you guessed right, Switzerland! \ud83e\udd73<\/p>\n<p>Watch all competitions live on <a href=\"https:\/\/t.co\/SPg3pYoKpk\">https:\/\/t.co\/SPg3pYoKpk<\/a> and follow along on the IBU App! <a href=\"https:\/\/twitter.com\/swissskiteam?ref_src=twsrc%5Etfw\">@swissskiteam<\/a> <a href=\"https:\/\/t.co\/sQJCYgMBLc\">pic.twitter.com\/sQJCYgMBLc<\/a><\/p>\n<p>\u2014 IBU Cup Biathlon (@IBU_CUP) <a href=\"https:\/\/twitter.com\/IBU_CUP\/status\/1612076489209430017?ref_src=twsrc%5Etfw\">January 8, 2023<\/a><\/p><\/blockquote>\n<p><script async src=\"https:\/\/platform.twitter.com\/widgets.js\" charset=\"utf-8\"><\/script><\/p>\n<h2 style=\"text-align: justify;\">\u00c0 lire aussi<\/h2>\n<ul>\n<li style=\"text-align: justify;\"><a href=\"https:\/\/dicodusport.fr\/blog\/biathlon-ibu-cup-brezno-classement-relais-mixte-simple\/\"><strong>Le classement du relais mixte simple de Brezno en IBU Cup<\/strong><\/a><\/li>\n<li style=\"text-align: justify;\"><a href=\"https:\/\/dicodusport.fr\/blog\/biathlon-ibu-cup-2022-2023-le-calendrier-complet\/\"><strong>Le calendrier complet de l&rsquo;IBU Cup 2022-2023<\/strong><\/a><\/li>\n<\/ul>\n","protected":false},"excerpt":{"rendered":"<p>BIATHLON &#8211; IBU CUP DE BREZNO 2023 &#8211; Intouchable, la Norv\u00e8ge de Mats Overby et Frida Dokken s&rsquo;est impos\u00e9e sur le relais mixte simple de Brezno, ce dimanche. La France, emmen\u00e9e par Paul Fontaine et Paula Botet, se classe deuxi\u00e8me, devant la Suisse, pour exactement le m\u00eame podium que le relais mixte simple de la Coupe du monde, ce dimanche matin.<\/p>\n","protected":false},"author":4,"featured_media":288108,"comment_status":"open","ping_status":"closed","sticky":false,"template":"","format":"standard","meta":{"_acf_changed":false,"_daextam_enable_autolinks":"","footnotes":""},"categories":[2426],"tags":[2427,28670,21238,28708],"class_list":["post-342595","post","type-post","status-publish","format-standard","has-post-thumbnail","hentry","category-biathlon","tag-biathlon","tag-biathlon-brezno","tag-brezno-osrblie","tag-ibu-cup-brezno"],"acf":[],"yoast_head":"<!-- This site is optimized with the Yoast SEO Premium plugin v26.7 (Yoast SEO v26.7) - https:\/\/yoast.com\/wordpress\/plugins\/seo\/ -->\n<title>IBU Cup Brezno : La France deuxi\u00e8me du relais mixte simple derri\u00e8re la Norv\u00e8ge<\/title>\n<meta name=\"description\" content=\"BIATHLON - IBU CUP DE BREZNO 2023 - Intouchable, la Norv\u00e8ge de Mats Overby et Frida Dokken s&#039;est impos\u00e9e sur le relais mixte simple de Brezno.\" \/>\n<meta name=\"robots\" content=\"index, follow, max-snippet:-1, max-image-preview:large, max-video-preview:-1\" \/>\n<link rel=\"canonical\" href=\"https:\/\/dicodusport.fr\/blog\/ibu-cup-brezno-france-deuxieme-du-relais-mixte-simple-derriere-norvege\/\" \/>\n<meta property=\"og:locale\" content=\"fr_FR\" \/>\n<meta property=\"og:type\" content=\"article\" \/>\n<meta property=\"og:title\" content=\"IBU Cup Brezno : La France deuxi\u00e8me du relais mixte simple derri\u00e8re la Norv\u00e8ge\" \/>\n<meta property=\"og:description\" content=\"BIATHLON - IBU CUP DE BREZNO 2023 - Intouchable, la Norv\u00e8ge de Mats Overby et Frida Dokken s&#039;est impos\u00e9e sur le relais mixte simple de Brezno.\" \/>\n<meta property=\"og:url\" content=\"https:\/\/dicodusport.fr\/blog\/ibu-cup-brezno-france-deuxieme-du-relais-mixte-simple-derriere-norvege\/\" \/>\n<meta property=\"og:site_name\" content=\"Dicodusport\" \/>\n<meta property=\"article:publisher\" content=\"https:\/\/www.facebook.com\/dicodusport\" \/>\n<meta property=\"article:author\" content=\"https:\/\/www.facebook.com\/florent.ostermann\" \/>\n<meta property=\"article:published_time\" content=\"2023-01-08T13:16:47+00:00\" \/>\n<meta property=\"article:modified_time\" content=\"2025-08-24T11:08:52+00:00\" \/>\n<meta property=\"og:image\" content=\"https:\/\/dicodusport.fr\/blog\/wp-content\/uploads\/2022\/12\/IBU-Cup-Ridnaun-Paula-Botet-troisieme-du-sprint-Federica-Sanfilippo-simpose.png\" \/>\n\t<meta property=\"og:image:width\" content=\"800\" \/>\n\t<meta property=\"og:image:height\" content=\"445\" \/>\n\t<meta property=\"og:image:type\" content=\"image\/png\" \/>\n<meta name=\"author\" content=\"Flo Ostermann\" \/>\n<meta name=\"twitter:card\" content=\"summary_large_image\" \/>\n<meta name=\"twitter:title\" content=\"IBU Cup Brezno : La France deuxi\u00e8me du relais mixte simple derri\u00e8re la Norv\u00e8ge\" \/>\n<meta name=\"twitter:creator\" content=\"@https:\/\/twitter.com\/FlOstermann\" \/>\n<meta name=\"twitter:site\" content=\"@dicodusport\" \/>\n<script type=\"application\/ld+json\" class=\"yoast-schema-graph\">{\"@context\":\"https:\/\/schema.org\",\"@graph\":[{\"@type\":\"NewsArticle\",\"@id\":\"https:\/\/dicodusport.fr\/blog\/ibu-cup-brezno-france-deuxieme-du-relais-mixte-simple-derriere-norvege\/#article\",\"isPartOf\":{\"@id\":\"https:\/\/dicodusport.fr\/blog\/ibu-cup-brezno-france-deuxieme-du-relais-mixte-simple-derriere-norvege\/\"},\"author\":{\"name\":\"Flo Ostermann\",\"@id\":\"https:\/\/dicodusport.fr\/blog\/#\/schema\/person\/cb02af4c173ce4a653b55e9baf388d4a\"},\"headline\":\"IBU Cup Brezno : La France deuxi\u00e8me du relais mixte simple derri\u00e8re la Norv\u00e8ge\",\"datePublished\":\"2023-01-08T13:16:47+00:00\",\"dateModified\":\"2025-08-24T11:08:52+00:00\",\"mainEntityOfPage\":{\"@id\":\"https:\/\/dicodusport.fr\/blog\/ibu-cup-brezno-france-deuxieme-du-relais-mixte-simple-derriere-norvege\/\"},\"wordCount\":280,\"commentCount\":0,\"publisher\":{\"@id\":\"https:\/\/dicodusport.fr\/blog\/#organization\"},\"image\":{\"@id\":\"https:\/\/dicodusport.fr\/blog\/ibu-cup-brezno-france-deuxieme-du-relais-mixte-simple-derriere-norvege\/#primaryimage\"},\"thumbnailUrl\":\"https:\/\/dicodusport.fr\/blog\/wp-content\/uploads\/2022\/12\/IBU-Cup-Ridnaun-Paula-Botet-troisieme-du-sprint-Federica-Sanfilippo-simpose.png\",\"keywords\":[\"Biathlon\",\"Biathlon Brezno\",\"brezno-osrblie\",\"IBU Cup Brezno\"],\"articleSection\":[\"Biathlon\"],\"inLanguage\":\"fr-FR\",\"potentialAction\":[{\"@type\":\"CommentAction\",\"name\":\"Comment\",\"target\":[\"https:\/\/dicodusport.fr\/blog\/ibu-cup-brezno-france-deuxieme-du-relais-mixte-simple-derriere-norvege\/#respond\"]}],\"copyrightYear\":\"2023\",\"copyrightHolder\":{\"@id\":\"https:\/\/dicodusport.fr\/blog\/#organization\"}},{\"@type\":\"WebPage\",\"@id\":\"https:\/\/dicodusport.fr\/blog\/ibu-cup-brezno-france-deuxieme-du-relais-mixte-simple-derriere-norvege\/\",\"url\":\"https:\/\/dicodusport.fr\/blog\/ibu-cup-brezno-france-deuxieme-du-relais-mixte-simple-derriere-norvege\/\",\"name\":\"IBU Cup Brezno : La France deuxi\u00e8me du relais mixte simple derri\u00e8re la Norv\u00e8ge\",\"isPartOf\":{\"@id\":\"https:\/\/dicodusport.fr\/blog\/#website\"},\"primaryImageOfPage\":{\"@id\":\"https:\/\/dicodusport.fr\/blog\/ibu-cup-brezno-france-deuxieme-du-relais-mixte-simple-derriere-norvege\/#primaryimage\"},\"image\":{\"@id\":\"https:\/\/dicodusport.fr\/blog\/ibu-cup-brezno-france-deuxieme-du-relais-mixte-simple-derriere-norvege\/#primaryimage\"},\"thumbnailUrl\":\"https:\/\/dicodusport.fr\/blog\/wp-content\/uploads\/2022\/12\/IBU-Cup-Ridnaun-Paula-Botet-troisieme-du-sprint-Federica-Sanfilippo-simpose.png\",\"datePublished\":\"2023-01-08T13:16:47+00:00\",\"dateModified\":\"2025-08-24T11:08:52+00:00\",\"description\":\"BIATHLON - IBU CUP DE BREZNO 2023 - Intouchable, la Norv\u00e8ge de Mats Overby et Frida Dokken s'est impos\u00e9e sur le relais mixte simple de Brezno.\",\"breadcrumb\":{\"@id\":\"https:\/\/dicodusport.fr\/blog\/ibu-cup-brezno-france-deuxieme-du-relais-mixte-simple-derriere-norvege\/#breadcrumb\"},\"inLanguage\":\"fr-FR\",\"potentialAction\":[{\"@type\":\"ReadAction\",\"target\":[\"https:\/\/dicodusport.fr\/blog\/ibu-cup-brezno-france-deuxieme-du-relais-mixte-simple-derriere-norvege\/\"]}]},{\"@type\":\"ImageObject\",\"inLanguage\":\"fr-FR\",\"@id\":\"https:\/\/dicodusport.fr\/blog\/ibu-cup-brezno-france-deuxieme-du-relais-mixte-simple-derriere-norvege\/#primaryimage\",\"url\":\"https:\/\/dicodusport.fr\/blog\/wp-content\/uploads\/2022\/12\/IBU-Cup-Ridnaun-Paula-Botet-troisieme-du-sprint-Federica-Sanfilippo-simpose.png\",\"contentUrl\":\"https:\/\/dicodusport.fr\/blog\/wp-content\/uploads\/2022\/12\/IBU-Cup-Ridnaun-Paula-Botet-troisieme-du-sprint-Federica-Sanfilippo-simpose.png\",\"width\":800,\"height\":445,\"caption\":\"Paula Botet - Photo Icon Sport\"},{\"@type\":\"BreadcrumbList\",\"@id\":\"https:\/\/dicodusport.fr\/blog\/ibu-cup-brezno-france-deuxieme-du-relais-mixte-simple-derriere-norvege\/#breadcrumb\",\"itemListElement\":[{\"@type\":\"ListItem\",\"position\":1,\"name\":\"Accueil\",\"item\":\"https:\/\/dicodusport.fr\/blog\/\"},{\"@type\":\"ListItem\",\"position\":2,\"name\":\"IBU Cup Brezno : La France deuxi\u00e8me du relais mixte simple derri\u00e8re la Norv\u00e8ge\"}]},{\"@type\":\"WebSite\",\"@id\":\"https:\/\/dicodusport.fr\/blog\/#website\",\"url\":\"https:\/\/dicodusport.fr\/blog\/\",\"name\":\"Dicodusport\",\"description\":\"L&#039;encyclop\u00e9die de l&#039;actualit\u00e9 sportive\",\"publisher\":{\"@id\":\"https:\/\/dicodusport.fr\/blog\/#organization\"},\"potentialAction\":[{\"@type\":\"SearchAction\",\"target\":{\"@type\":\"EntryPoint\",\"urlTemplate\":\"https:\/\/dicodusport.fr\/blog\/?s={search_term_string}\"},\"query-input\":{\"@type\":\"PropertyValueSpecification\",\"valueRequired\":true,\"valueName\":\"search_term_string\"}}],\"inLanguage\":\"fr-FR\"},{\"@type\":\"NewsMediaOrganization\",\"@id\":\"https:\/\/dicodusport.fr\/blog\/#organization\",\"name\":\"Dicodusport\",\"url\":\"https:\/\/dicodusport.fr\/blog\/\",\"logo\":{\"@type\":\"ImageObject\",\"inLanguage\":\"fr-FR\",\"@id\":\"https:\/\/dicodusport.fr\/blog\/#\/schema\/logo\/image\/\",\"url\":\"https:\/\/dicodusport.fr\/blog\/wp-content\/uploads\/2020\/06\/cropped-LOGO-DICODUSPORT-2020-SANS-FOND-SANS-TEXTE.png\",\"contentUrl\":\"https:\/\/dicodusport.fr\/blog\/wp-content\/uploads\/2020\/06\/cropped-LOGO-DICODUSPORT-2020-SANS-FOND-SANS-TEXTE.png\",\"width\":512,\"height\":512,\"caption\":\"Dicodusport\"},\"image\":{\"@id\":\"https:\/\/dicodusport.fr\/blog\/#\/schema\/logo\/image\/\"},\"sameAs\":[\"https:\/\/www.facebook.com\/dicodusport\",\"https:\/\/x.com\/dicodusport\",\"https:\/\/www.instagram.com\/dicodusport\/\",\"https:\/\/www.youtube.com\/channel\/UC7V2KZ5sd3htJivAbA4ZG3w\"],\"description\":\"Dicodusport est l'encyclop\u00e9die de l'actualit\u00e9 sportive.\",\"email\":\"bonjour@dicodusport.fr\",\"legalName\":\"DICODUSPORT\",\"foundingDate\":\"2018-01-14\",\"vatID\":\"FR71834470973\",\"taxID\":\"83447097300043\",\"numberOfEmployees\":{\"@type\":\"QuantitativeValue\",\"minValue\":\"1\",\"maxValue\":\"10\"}},{\"@type\":\"Person\",\"@id\":\"https:\/\/dicodusport.fr\/blog\/#\/schema\/person\/cb02af4c173ce4a653b55e9baf388d4a\",\"name\":\"Flo Ostermann\",\"image\":{\"@type\":\"ImageObject\",\"inLanguage\":\"fr-FR\",\"@id\":\"https:\/\/dicodusport.fr\/blog\/#\/schema\/person\/image\/\",\"url\":\"https:\/\/dicodusport.fr\/blog\/wp-content\/uploads\/2021\/05\/Flo-Ostermann-150x150.jpg\",\"contentUrl\":\"https:\/\/dicodusport.fr\/blog\/wp-content\/uploads\/2021\/05\/Flo-Ostermann-150x150.jpg\",\"caption\":\"Flo Ostermann\"},\"description\":\"Journaliste\/R\u00e9dacteur depuis septembre 2015 - Mes premiers souvenirs dans le sport ? Les envol\u00e9es du Stade Toulousain et les duels Villeneuve-Schumacher et H\u00e4kkinen-Schumacher \u00e0 la fin des ann\u00e9es 90, la Coupe du monde de football en 1998, l\u2019exploit du XV de France face aux All Blacks en 1999, mais aussi Richard C\u0153ur de Lion qui vole sur les montagnes du Tour de France. Bien parti pour devenir professeur d\u2019EPS, les \u00e9v\u00e9nements de la vie (et la flemme d\u2019animer des s\u00e9ances de 3x500 m\u00e8tres toute ma vie) m\u2019ont conduit \u00e0 revoir mes plans. Me voil\u00e0 depuis fin 2017 sur Dicodusport, m\u00e9dia gr\u00e2ce (et pour) lequel je partage ma passion : le sport dans tous ses \u00e9tats. Le tout accompagn\u00e9 par les fous furieux et folles furieuses cit\u00e9s sur cette page !\",\"sameAs\":[\"https:\/\/www.facebook.com\/florent.ostermann\",\"https:\/\/x.com\/https:\/\/twitter.com\/FlOstermann\",\"admin\"],\"url\":\"https:\/\/dicodusport.fr\/blog\/author\/flo\/\"}]}<\/script>\n<!-- \/ Yoast SEO Premium plugin. -->","yoast_head_json":{"title":"IBU Cup Brezno : La France deuxi\u00e8me du relais mixte simple derri\u00e8re la Norv\u00e8ge","description":"BIATHLON - IBU CUP DE BREZNO 2023 - Intouchable, la Norv\u00e8ge de Mats Overby et Frida Dokken s'est impos\u00e9e sur le relais mixte simple de Brezno.","robots":{"index":"index","follow":"follow","max-snippet":"max-snippet:-1","max-image-preview":"max-image-preview:large","max-video-preview":"max-video-preview:-1"},"canonical":"https:\/\/dicodusport.fr\/blog\/ibu-cup-brezno-france-deuxieme-du-relais-mixte-simple-derriere-norvege\/","og_locale":"fr_FR","og_type":"article","og_title":"IBU Cup Brezno : La France deuxi\u00e8me du relais mixte simple derri\u00e8re la Norv\u00e8ge","og_description":"BIATHLON - IBU CUP DE BREZNO 2023 - Intouchable, la Norv\u00e8ge de Mats Overby et Frida Dokken s'est impos\u00e9e sur le relais mixte simple de Brezno.","og_url":"https:\/\/dicodusport.fr\/blog\/ibu-cup-brezno-france-deuxieme-du-relais-mixte-simple-derriere-norvege\/","og_site_name":"Dicodusport","article_publisher":"https:\/\/www.facebook.com\/dicodusport","article_author":"https:\/\/www.facebook.com\/florent.ostermann","article_published_time":"2023-01-08T13:16:47+00:00","article_modified_time":"2025-08-24T11:08:52+00:00","og_image":[{"width":800,"height":445,"url":"https:\/\/dicodusport.fr\/blog\/wp-content\/uploads\/2022\/12\/IBU-Cup-Ridnaun-Paula-Botet-troisieme-du-sprint-Federica-Sanfilippo-simpose.png","type":"image\/png"}],"author":"Flo Ostermann","twitter_card":"summary_large_image","twitter_title":"IBU Cup Brezno : La France deuxi\u00e8me du relais mixte simple derri\u00e8re la Norv\u00e8ge","twitter_creator":"@https:\/\/twitter.com\/FlOstermann","twitter_site":"@dicodusport","schema":{"@context":"https:\/\/schema.org","@graph":[{"@type":"NewsArticle","@id":"https:\/\/dicodusport.fr\/blog\/ibu-cup-brezno-france-deuxieme-du-relais-mixte-simple-derriere-norvege\/#article","isPartOf":{"@id":"https:\/\/dicodusport.fr\/blog\/ibu-cup-brezno-france-deuxieme-du-relais-mixte-simple-derriere-norvege\/"},"author":{"name":"Flo Ostermann","@id":"https:\/\/dicodusport.fr\/blog\/#\/schema\/person\/cb02af4c173ce4a653b55e9baf388d4a"},"headline":"IBU Cup Brezno : La France deuxi\u00e8me du relais mixte simple derri\u00e8re la Norv\u00e8ge","datePublished":"2023-01-08T13:16:47+00:00","dateModified":"2025-08-24T11:08:52+00:00","mainEntityOfPage":{"@id":"https:\/\/dicodusport.fr\/blog\/ibu-cup-brezno-france-deuxieme-du-relais-mixte-simple-derriere-norvege\/"},"wordCount":280,"commentCount":0,"publisher":{"@id":"https:\/\/dicodusport.fr\/blog\/#organization"},"image":{"@id":"https:\/\/dicodusport.fr\/blog\/ibu-cup-brezno-france-deuxieme-du-relais-mixte-simple-derriere-norvege\/#primaryimage"},"thumbnailUrl":"https:\/\/dicodusport.fr\/blog\/wp-content\/uploads\/2022\/12\/IBU-Cup-Ridnaun-Paula-Botet-troisieme-du-sprint-Federica-Sanfilippo-simpose.png","keywords":["Biathlon","Biathlon Brezno","brezno-osrblie","IBU Cup Brezno"],"articleSection":["Biathlon"],"inLanguage":"fr-FR","potentialAction":[{"@type":"CommentAction","name":"Comment","target":["https:\/\/dicodusport.fr\/blog\/ibu-cup-brezno-france-deuxieme-du-relais-mixte-simple-derriere-norvege\/#respond"]}],"copyrightYear":"2023","copyrightHolder":{"@id":"https:\/\/dicodusport.fr\/blog\/#organization"}},{"@type":"WebPage","@id":"https:\/\/dicodusport.fr\/blog\/ibu-cup-brezno-france-deuxieme-du-relais-mixte-simple-derriere-norvege\/","url":"https:\/\/dicodusport.fr\/blog\/ibu-cup-brezno-france-deuxieme-du-relais-mixte-simple-derriere-norvege\/","name":"IBU Cup Brezno : La France deuxi\u00e8me du relais mixte simple derri\u00e8re la Norv\u00e8ge","isPartOf":{"@id":"https:\/\/dicodusport.fr\/blog\/#website"},"primaryImageOfPage":{"@id":"https:\/\/dicodusport.fr\/blog\/ibu-cup-brezno-france-deuxieme-du-relais-mixte-simple-derriere-norvege\/#primaryimage"},"image":{"@id":"https:\/\/dicodusport.fr\/blog\/ibu-cup-brezno-france-deuxieme-du-relais-mixte-simple-derriere-norvege\/#primaryimage"},"thumbnailUrl":"https:\/\/dicodusport.fr\/blog\/wp-content\/uploads\/2022\/12\/IBU-Cup-Ridnaun-Paula-Botet-troisieme-du-sprint-Federica-Sanfilippo-simpose.png","datePublished":"2023-01-08T13:16:47+00:00","dateModified":"2025-08-24T11:08:52+00:00","description":"BIATHLON - IBU CUP DE BREZNO 2023 - Intouchable, la Norv\u00e8ge de Mats Overby et Frida Dokken s'est impos\u00e9e sur le relais mixte simple de Brezno.","breadcrumb":{"@id":"https:\/\/dicodusport.fr\/blog\/ibu-cup-brezno-france-deuxieme-du-relais-mixte-simple-derriere-norvege\/#breadcrumb"},"inLanguage":"fr-FR","potentialAction":[{"@type":"ReadAction","target":["https:\/\/dicodusport.fr\/blog\/ibu-cup-brezno-france-deuxieme-du-relais-mixte-simple-derriere-norvege\/"]}]},{"@type":"ImageObject","inLanguage":"fr-FR","@id":"https:\/\/dicodusport.fr\/blog\/ibu-cup-brezno-france-deuxieme-du-relais-mixte-simple-derriere-norvege\/#primaryimage","url":"https:\/\/dicodusport.fr\/blog\/wp-content\/uploads\/2022\/12\/IBU-Cup-Ridnaun-Paula-Botet-troisieme-du-sprint-Federica-Sanfilippo-simpose.png","contentUrl":"https:\/\/dicodusport.fr\/blog\/wp-content\/uploads\/2022\/12\/IBU-Cup-Ridnaun-Paula-Botet-troisieme-du-sprint-Federica-Sanfilippo-simpose.png","width":800,"height":445,"caption":"Paula Botet - Photo Icon Sport"},{"@type":"BreadcrumbList","@id":"https:\/\/dicodusport.fr\/blog\/ibu-cup-brezno-france-deuxieme-du-relais-mixte-simple-derriere-norvege\/#breadcrumb","itemListElement":[{"@type":"ListItem","position":1,"name":"Accueil","item":"https:\/\/dicodusport.fr\/blog\/"},{"@type":"ListItem","position":2,"name":"IBU Cup Brezno : La France deuxi\u00e8me du relais mixte simple derri\u00e8re la Norv\u00e8ge"}]},{"@type":"WebSite","@id":"https:\/\/dicodusport.fr\/blog\/#website","url":"https:\/\/dicodusport.fr\/blog\/","name":"Dicodusport","description":"L&#039;encyclop\u00e9die de l&#039;actualit\u00e9 sportive","publisher":{"@id":"https:\/\/dicodusport.fr\/blog\/#organization"},"potentialAction":[{"@type":"SearchAction","target":{"@type":"EntryPoint","urlTemplate":"https:\/\/dicodusport.fr\/blog\/?s={search_term_string}"},"query-input":{"@type":"PropertyValueSpecification","valueRequired":true,"valueName":"search_term_string"}}],"inLanguage":"fr-FR"},{"@type":"NewsMediaOrganization","@id":"https:\/\/dicodusport.fr\/blog\/#organization","name":"Dicodusport","url":"https:\/\/dicodusport.fr\/blog\/","logo":{"@type":"ImageObject","inLanguage":"fr-FR","@id":"https:\/\/dicodusport.fr\/blog\/#\/schema\/logo\/image\/","url":"https:\/\/dicodusport.fr\/blog\/wp-content\/uploads\/2020\/06\/cropped-LOGO-DICODUSPORT-2020-SANS-FOND-SANS-TEXTE.png","contentUrl":"https:\/\/dicodusport.fr\/blog\/wp-content\/uploads\/2020\/06\/cropped-LOGO-DICODUSPORT-2020-SANS-FOND-SANS-TEXTE.png","width":512,"height":512,"caption":"Dicodusport"},"image":{"@id":"https:\/\/dicodusport.fr\/blog\/#\/schema\/logo\/image\/"},"sameAs":["https:\/\/www.facebook.com\/dicodusport","https:\/\/x.com\/dicodusport","https:\/\/www.instagram.com\/dicodusport\/","https:\/\/www.youtube.com\/channel\/UC7V2KZ5sd3htJivAbA4ZG3w"],"description":"Dicodusport est l'encyclop\u00e9die de l'actualit\u00e9 sportive.","email":"bonjour@dicodusport.fr","legalName":"DICODUSPORT","foundingDate":"2018-01-14","vatID":"FR71834470973","taxID":"83447097300043","numberOfEmployees":{"@type":"QuantitativeValue","minValue":"1","maxValue":"10"}},{"@type":"Person","@id":"https:\/\/dicodusport.fr\/blog\/#\/schema\/person\/cb02af4c173ce4a653b55e9baf388d4a","name":"Flo Ostermann","image":{"@type":"ImageObject","inLanguage":"fr-FR","@id":"https:\/\/dicodusport.fr\/blog\/#\/schema\/person\/image\/","url":"https:\/\/dicodusport.fr\/blog\/wp-content\/uploads\/2021\/05\/Flo-Ostermann-150x150.jpg","contentUrl":"https:\/\/dicodusport.fr\/blog\/wp-content\/uploads\/2021\/05\/Flo-Ostermann-150x150.jpg","caption":"Flo Ostermann"},"description":"Journaliste\/R\u00e9dacteur depuis septembre 2015 - Mes premiers souvenirs dans le sport ? Les envol\u00e9es du Stade Toulousain et les duels Villeneuve-Schumacher et H\u00e4kkinen-Schumacher \u00e0 la fin des ann\u00e9es 90, la Coupe du monde de football en 1998, l\u2019exploit du XV de France face aux All Blacks en 1999, mais aussi Richard C\u0153ur de Lion qui vole sur les montagnes du Tour de France. Bien parti pour devenir professeur d\u2019EPS, les \u00e9v\u00e9nements de la vie (et la flemme d\u2019animer des s\u00e9ances de 3x500 m\u00e8tres toute ma vie) m\u2019ont conduit \u00e0 revoir mes plans. Me voil\u00e0 depuis fin 2017 sur Dicodusport, m\u00e9dia gr\u00e2ce (et pour) lequel je partage ma passion : le sport dans tous ses \u00e9tats. Le tout accompagn\u00e9 par les fous furieux et folles furieuses cit\u00e9s sur cette page !","sameAs":["https:\/\/www.facebook.com\/florent.ostermann","https:\/\/x.com\/https:\/\/twitter.com\/FlOstermann","admin"],"url":"https:\/\/dicodusport.fr\/blog\/author\/flo\/"}]}},"_links":{"self":[{"href":"https:\/\/dicodusport.fr\/blog\/wp-json\/wp\/v2\/posts\/342595","targetHints":{"allow":["GET"]}}],"collection":[{"href":"https:\/\/dicodusport.fr\/blog\/wp-json\/wp\/v2\/posts"}],"about":[{"href":"https:\/\/dicodusport.fr\/blog\/wp-json\/wp\/v2\/types\/post"}],"author":[{"embeddable":true,"href":"https:\/\/dicodusport.fr\/blog\/wp-json\/wp\/v2\/users\/4"}],"replies":[{"embeddable":true,"href":"https:\/\/dicodusport.fr\/blog\/wp-json\/wp\/v2\/comments?post=342595"}],"version-history":[{"count":1,"href":"https:\/\/dicodusport.fr\/blog\/wp-json\/wp\/v2\/posts\/342595\/revisions"}],"predecessor-version":[{"id":605008,"href":"https:\/\/dicodusport.fr\/blog\/wp-json\/wp\/v2\/posts\/342595\/revisions\/605008"}],"wp:featuredmedia":[{"embeddable":true,"href":"https:\/\/dicodusport.fr\/blog\/wp-json\/wp\/v2\/media\/288108"}],"wp:attachment":[{"href":"https:\/\/dicodusport.fr\/blog\/wp-json\/wp\/v2\/media?parent=342595"}],"wp:term":[{"taxonomy":"category","embeddable":true,"href":"https:\/\/dicodusport.fr\/blog\/wp-json\/wp\/v2\/categories?post=342595"},{"taxonomy":"post_tag","embeddable":true,"href":"https:\/\/dicodusport.fr\/blog\/wp-json\/wp\/v2\/tags?post=342595"}],"curies":[{"name":"wp","href":"https:\/\/api.w.org\/{rel}","templated":true}]}}