{"id":342642,"date":"2023-01-08T15:48:27","date_gmt":"2023-01-08T14:48:27","guid":{"rendered":"https:\/\/dicodusport.fr\/blog\/?p=342642&#038;preview=true&#038;preview_id=342642"},"modified":"2023-01-08T17:58:52","modified_gmt":"2023-01-08T16:58:52","slug":"relais-mixte-pokljuka-victoire-flamboyante-de-la-france","status":"publish","type":"post","link":"https:\/\/dicodusport.fr\/blog\/relais-mixte-pokljuka-victoire-flamboyante-de-la-france\/","title":{"rendered":"Relais mixte Pokljuka : Victoire de la France devant l&rsquo;Italie et la Su\u00e8de"},"content":{"rendered":"<p align=\"justify\"><em><a style=\"font-weight: bold;\" href=\"https:\/\/dicodusport.fr\/blog\/biathlon-pokljuka-2023-programme-complet-et-resultats\/\">BIATHLON COUPE DU MONDE POKLJUKA 2023<\/a><b> &#8211; Impressionnants, les biathl\u00e8tes de l&rsquo;\u00e9quipe de France ont remport\u00e9 le relais mixte du jour en Slov\u00e9nie. Fabien Claude, Quentin Fillon Maillet, Ana\u00efs Chevalier-Bouchet et Julia Simon constituaient une composition in\u00e9dite. Cette derni\u00e8re a franchi la ligne avec 25 secondes d&rsquo;avance sur L&rsquo;Italie. La Su\u00e8de compl\u00e8te le podium.\u00a0<\/b><\/em><\/p>\n<p style=\"text-align: justify;\">\u00c0 l\u2019occasion du premier relais mixte de la saison, l\u2019\u00e9quipe de France a d\u00e9cid\u00e9 d\u2019aligner un quatuor in\u00e9dit mais assez exp\u00e9riment\u00e9. C\u2019est <strong>Fabien Claude<\/strong> qui lan\u00e7ait les hostilit\u00e9s avant <strong>Quentin Fillon Maillet<\/strong>, <strong>Ana\u00efs Chevalier-Bouchet<\/strong> et <strong>Julia Simon<\/strong>. A noter que la Norv\u00e8ge alignait une \u00ab\u00a0\u00e9quipe B\u00a0\u00bb en l\u2019absence des fr\u00e8res <strong>Boe<\/strong> et de <strong>Sturla Laegreid<\/strong>.<\/p>\n<h2 style=\"text-align: justify;\">Fabien Claude lance parfaitement le relais tricolore<\/h2>\n<p style=\"text-align: justify;\">Sur les skis, <strong>Fabien Claude<\/strong> a pris son r\u00f4le de favori en main pour prendre la t\u00eate des op\u00e9rations d\u00e8s le d\u00e9but. Lors du premier tir, le Fran\u00e7ais a d\u00fb passer par une balle de pioche, mais il a vite blanchi la cible manquante. Arriv\u00e9 au tir debout en t\u00eate avec <strong>Filip Andersen<\/strong> (Norv\u00e8ge), le Fran\u00e7ais a \u00e9t\u00e9 parfait pour r\u00e9aliser le plein et mettre la pression sur son adversaire qui a eu besoin de trois balles de pioche. Finalement, il a pass\u00e9 le relais \u00e0 son compatriote QFM, avec plus de 25 secondes d\u2019avance sur l\u2019Allemagne, la Norv\u00e8ge et la Suisse.<\/p>\n<blockquote class=\"twitter-tweet\">\n<p dir=\"ltr\" lang=\"fr\">Magnifique tir debout de Fabien Claude, qui prend seul la t\u00eate de ce relais mixte alors que le Norv\u00e9gien Filip Andersen a souffert !<\/p>\n<p>Le direct : <a href=\"https:\/\/t.co\/mkGPqT1bsl\">https:\/\/t.co\/mkGPqT1bsl<\/a> <a href=\"https:\/\/twitter.com\/hashtag\/lequipeBIATHLON?src=hash&amp;ref_src=twsrc%5Etfw\">#lequipeBIATHLON<\/a> <a href=\"https:\/\/t.co\/iFFqcecFV4\">pic.twitter.com\/iFFqcecFV4<\/a><\/p>\n<p>\u2014 la chaine L&rsquo;\u00c9quipe (@lachainelequipe) <a href=\"https:\/\/twitter.com\/lachainelequipe\/status\/1612081869528367104?ref_src=twsrc%5Etfw\">January 8, 2023<\/a><\/p><\/blockquote>\n<p><script async src=\"https:\/\/platform.twitter.com\/widgets.js\" charset=\"utf-8\"><\/script><\/p>\n<h2 style=\"text-align: justify;\">Quentin Fillon Maillet en difficult\u00e9 mais solide<\/h2>\n<p style=\"text-align: justify;\"><strong>Quentin Fillon Maillet<\/strong> a su garder son avance sur les skis avant son arriv\u00e9e sur le pas de tir. Malheureusement, le vent semblait avoir chang\u00e9 depuis ses r\u00e9glages et le Fran\u00e7ais s\u2019est m\u00e9lang\u00e9 les pinceaux en voulant r\u00e9gler sa carabine. De ce fait, il a d\u00fb faire un tour de p\u00e9nalit\u00e9 et est ressorti 6<sup>\u00e8me<\/sup> avec 21 secondes de retard sur <strong>Johannes Dale <\/strong>(Norv\u00e8ge). Sur un tir debout o\u00f9 tous les adversaires du top 5 font des fautes, le Jurassien n\u2019a eu qu\u2019une balle de pioche \u00e0 utiliser tandis que le Norv\u00e9gien est pass\u00e9 \u00e0 son tour sur l\u2019anneau de p\u00e9nalit\u00e9. QFM est sorti deuxi\u00e8me avec 4 secondes de retard sur l&rsquo;Italien Giacomel, et a conserv\u00e9 cet \u00e9cart jusqu\u2019au passage de t\u00e9moin aux filles.<\/p>\n<h2>Une excellente Ana\u00efs Chevalier-Bouchet<\/h2>\n<p style=\"text-align: justify;\">Arriv\u00e9e en t\u00eate sur le tir couch\u00e9, <strong>Ana\u00efs Chevalier-Bouchet<\/strong> a r\u00e9ussi \u00e0 garder cette position gr\u00e2ce \u00e0 seulement une balle de pioche. Avec presque 20 secondes d\u2019avance en arrivant sur le tir debout, la Tricolore a r\u00e9alis\u00e9 le plein malgr\u00e9 la pression. Tr\u00e8s en forme sur les skis, elle agrandira l\u2019\u00e9cart avec sa poursuivante <strong>Dorothea Wierer <\/strong>(Italie) de 15 \u00e0 33 secondes. Un tr\u00e8s bon relais de la part de l\u2019Is\u00e9roise qui met sa compatriote Julia Simon dans les meilleures dispositions pour finir cette course.<\/p>\n<blockquote class=\"twitter-tweet\">\n<p dir=\"ltr\" lang=\"fr\">Ana\u00efs Chevalier-Bouchet lance Julia Simon seule en t\u00eate avec 32 secondes d&rsquo;avance pour conclure le relais mixte ! En route vers la victoire ?<\/p>\n<p>Le direct : <a href=\"https:\/\/t.co\/mkGPqT1bsl\">https:\/\/t.co\/mkGPqT1bsl<\/a> <a href=\"https:\/\/twitter.com\/hashtag\/lequipeBIATHLON?src=hash&amp;ref_src=twsrc%5Etfw\">#lequipeBIATHLON<\/a> <a href=\"https:\/\/t.co\/kNcoGQAMQw\">pic.twitter.com\/kNcoGQAMQw<\/a><\/p>\n<p>\u2014 la chaine L&rsquo;\u00c9quipe (@lachainelequipe) <a href=\"https:\/\/twitter.com\/lachainelequipe\/status\/1612093530091970560?ref_src=twsrc%5Etfw\">January 8, 2023<\/a><\/p><\/blockquote>\n<p><script async src=\"https:\/\/platform.twitter.com\/widgets.js\" charset=\"utf-8\"><\/script><\/p>\n<h2 style=\"text-align: justify;\">Julia Simon a tenu son rang pour la victoire<\/h2>\n<p style=\"text-align: justify;\">Toujours presque parfaite sur son tir couch\u00e9, <strong>Julia Simon<\/strong> n\u2019a pas d\u00e9rog\u00e9 \u00e0 son habitude. La leader du classement g\u00e9n\u00e9ral des filles a continu\u00e9 de tenir la France en t\u00eate tandis que l\u2019Italienne <strong>Lisa Vittozzi<\/strong> l\u2019a imit\u00e9e. Prudente sur les skis mais performante, la Tricolore a ensuite d\u00fb passer par une balle de pioche sur le tir debout mais sans \u00eatre inqui\u00e9t\u00e9e. L\u2019\u00e9quipe de France remporte ce relais mixte, de bon augure avant les championnats du Monde dans un mois. L\u2019Italie a r\u00e9alis\u00e9 une belle course aujourd\u2019hui et termine deuxi\u00e8me devant la Su\u00e8de qui \u00e9tait trop loin pour esp\u00e9rer mieux, malgr\u00e9 <strong>Elvira Oeberg<\/strong>. La Norv\u00e8ge termine 6\u00e8me avec plus d&rsquo;une minute et 30 secondes de retard.<\/p>\n<h2 style=\"text-align: justify;\"><strong>\u00c0 lire aussi<\/strong><\/h2>\n<ul>\n<li style=\"text-align: justify;\"><a href=\"https:\/\/dicodusport.fr\/blog\/biathlon-pokljuka-2023-classement-relais-mixte\/\"><strong>Le classement du relais mixte de Pokljuka<\/strong><\/a><\/li>\n<li style=\"text-align: justify;\"><a href=\"https:\/\/dicodusport.fr\/blog\/biathlon-kontiolahti-2022-programme-complet-et-resultats\/\"><strong>Le calendrier complet de la Coupe du monde de biathlon 2022-2023<\/strong><\/a><\/li>\n<\/ul>\n","protected":false},"excerpt":{"rendered":"<p>BIATHLON COUPE DU MONDE POKLJUKA 2023 &#8211; Impressionnants, les biathl\u00e8tes de l&rsquo;\u00e9quipe de France ont remport\u00e9 le relais mixte du jour en Slov\u00e9nie. Fabien Claude, Quentin Fillon Maillet, Ana\u00efs Chevalier-Bouchet et Julia Simon constituaient une composition in\u00e9dite. Cette derni\u00e8re a franchi la ligne avec 25 secondes d&rsquo;avance sur L&rsquo;Italie. La Su\u00e8de compl\u00e8te le podium.\u00a0<\/p>\n","protected":false},"author":54,"featured_media":342747,"comment_status":"open","ping_status":"closed","sticky":false,"template":"","format":"standard","meta":{"_acf_changed":false,"_daextam_enable_autolinks":"","footnotes":""},"categories":[47040],"tags":[19936,6739,30,6893,3745,14225,24],"class_list":["post-342642","post","type-post","status-publish","format-standard","has-post-thumbnail","hentry","category-coupe-du-monde-de-biathlon","tag-anais-chevalier-bouchet","tag-fabien-claude","tag-france","tag-julia-simon","tag-quentin-fillon-maillet","tag-relais-mixte-pokljuka","tag-sport"],"acf":[],"yoast_head":"<!-- This site is optimized with the Yoast SEO Premium plugin v26.7 (Yoast SEO v26.7) - https:\/\/yoast.com\/wordpress\/plugins\/seo\/ -->\n<title>Relais mixte Pokljuka : Victoire de la France devant l&#039;Italie et la Su\u00e8de<\/title>\n<meta name=\"description\" content=\"BIATHLON POKLJUKA 2023 - Tr\u00e8s solide tout au long de la course, la France a remport\u00e9 le relais mixte devant l&#039;Italie et la Su\u00e8de.\" \/>\n<meta name=\"robots\" content=\"index, follow, max-snippet:-1, max-image-preview:large, max-video-preview:-1\" \/>\n<link rel=\"canonical\" href=\"https:\/\/dicodusport.fr\/blog\/relais-mixte-pokljuka-victoire-flamboyante-de-la-france\/\" \/>\n<meta property=\"og:locale\" content=\"fr_FR\" \/>\n<meta property=\"og:type\" content=\"article\" \/>\n<meta property=\"og:title\" content=\"Relais mixte Pokljuka : Victoire de la France devant l&#039;Italie et la Su\u00e8de\" \/>\n<meta property=\"og:description\" content=\"BIATHLON POKLJUKA 2023 - Tr\u00e8s solide tout au long de la course, la France a remport\u00e9 le relais mixte devant l&#039;Italie et la Su\u00e8de.\" \/>\n<meta property=\"og:url\" content=\"https:\/\/dicodusport.fr\/blog\/relais-mixte-pokljuka-victoire-flamboyante-de-la-france\/\" \/>\n<meta property=\"og:site_name\" content=\"Dicodusport\" \/>\n<meta property=\"article:publisher\" content=\"https:\/\/www.facebook.com\/dicodusport\" \/>\n<meta property=\"article:author\" content=\"https:\/\/www.facebook.com\/roxane.lecacher\" \/>\n<meta property=\"article:published_time\" content=\"2023-01-08T14:48:27+00:00\" \/>\n<meta property=\"article:modified_time\" content=\"2023-01-08T16:58:52+00:00\" \/>\n<meta property=\"og:image\" content=\"https:\/\/dicodusport.fr\/blog\/wp-content\/uploads\/2023\/01\/Relais-mixte-Pokljuka-Victoire-de-la-France-devant-lItalie-et-la-Suede-2.png\" \/>\n\t<meta property=\"og:image:width\" content=\"800\" \/>\n\t<meta property=\"og:image:height\" content=\"445\" \/>\n\t<meta property=\"og:image:type\" content=\"image\/png\" \/>\n<meta name=\"author\" content=\"Roxane Lecacher\" \/>\n<meta name=\"twitter:card\" content=\"summary_large_image\" \/>\n<meta name=\"twitter:title\" content=\"Relais mixte Pokljuka : Victoire de la France devant l&#039;Italie et la Su\u00e8de\" \/>\n<meta name=\"twitter:creator\" content=\"@dicodusport\" \/>\n<meta name=\"twitter:site\" content=\"@dicodusport\" \/>\n<script type=\"application\/ld+json\" class=\"yoast-schema-graph\">{\"@context\":\"https:\/\/schema.org\",\"@graph\":[{\"@type\":\"NewsArticle\",\"@id\":\"https:\/\/dicodusport.fr\/blog\/relais-mixte-pokljuka-victoire-flamboyante-de-la-france\/#article\",\"isPartOf\":{\"@id\":\"https:\/\/dicodusport.fr\/blog\/relais-mixte-pokljuka-victoire-flamboyante-de-la-france\/\"},\"author\":{\"name\":\"Roxane Lecacher\",\"@id\":\"https:\/\/dicodusport.fr\/blog\/#\/schema\/person\/819fb2545dd2715bd7c0580d6d4b411a\"},\"headline\":\"Relais mixte Pokljuka : Victoire de la France devant l&rsquo;Italie et la Su\u00e8de\",\"datePublished\":\"2023-01-08T14:48:27+00:00\",\"dateModified\":\"2023-01-08T16:58:52+00:00\",\"mainEntityOfPage\":{\"@id\":\"https:\/\/dicodusport.fr\/blog\/relais-mixte-pokljuka-victoire-flamboyante-de-la-france\/\"},\"wordCount\":749,\"commentCount\":0,\"publisher\":{\"@id\":\"https:\/\/dicodusport.fr\/blog\/#organization\"},\"image\":{\"@id\":\"https:\/\/dicodusport.fr\/blog\/relais-mixte-pokljuka-victoire-flamboyante-de-la-france\/#primaryimage\"},\"thumbnailUrl\":\"https:\/\/dicodusport.fr\/blog\/wp-content\/uploads\/2023\/01\/Relais-mixte-Pokljuka-Victoire-de-la-France-devant-lItalie-et-la-Suede-2.png\",\"keywords\":[\"Ana\u00efs Chevalier-Bouchet\",\"Fabien Claude\",\"France\",\"Julia Simon\",\"Quentin Fillon Maillet\",\"Relais mixte Pokljuka\",\"sport\"],\"articleSection\":[\"Coupe du monde de biathlon\"],\"inLanguage\":\"fr-FR\",\"potentialAction\":[{\"@type\":\"CommentAction\",\"name\":\"Comment\",\"target\":[\"https:\/\/dicodusport.fr\/blog\/relais-mixte-pokljuka-victoire-flamboyante-de-la-france\/#respond\"]}],\"copyrightYear\":\"2023\",\"copyrightHolder\":{\"@id\":\"https:\/\/dicodusport.fr\/blog\/#organization\"}},{\"@type\":\"WebPage\",\"@id\":\"https:\/\/dicodusport.fr\/blog\/relais-mixte-pokljuka-victoire-flamboyante-de-la-france\/\",\"url\":\"https:\/\/dicodusport.fr\/blog\/relais-mixte-pokljuka-victoire-flamboyante-de-la-france\/\",\"name\":\"Relais mixte Pokljuka : Victoire de la France devant l'Italie et la Su\u00e8de\",\"isPartOf\":{\"@id\":\"https:\/\/dicodusport.fr\/blog\/#website\"},\"primaryImageOfPage\":{\"@id\":\"https:\/\/dicodusport.fr\/blog\/relais-mixte-pokljuka-victoire-flamboyante-de-la-france\/#primaryimage\"},\"image\":{\"@id\":\"https:\/\/dicodusport.fr\/blog\/relais-mixte-pokljuka-victoire-flamboyante-de-la-france\/#primaryimage\"},\"thumbnailUrl\":\"https:\/\/dicodusport.fr\/blog\/wp-content\/uploads\/2023\/01\/Relais-mixte-Pokljuka-Victoire-de-la-France-devant-lItalie-et-la-Suede-2.png\",\"datePublished\":\"2023-01-08T14:48:27+00:00\",\"dateModified\":\"2023-01-08T16:58:52+00:00\",\"description\":\"BIATHLON POKLJUKA 2023 - Tr\u00e8s solide tout au long de la course, la France a remport\u00e9 le relais mixte devant l'Italie et la Su\u00e8de.\",\"breadcrumb\":{\"@id\":\"https:\/\/dicodusport.fr\/blog\/relais-mixte-pokljuka-victoire-flamboyante-de-la-france\/#breadcrumb\"},\"inLanguage\":\"fr-FR\",\"potentialAction\":[{\"@type\":\"ReadAction\",\"target\":[\"https:\/\/dicodusport.fr\/blog\/relais-mixte-pokljuka-victoire-flamboyante-de-la-france\/\"]}]},{\"@type\":\"ImageObject\",\"inLanguage\":\"fr-FR\",\"@id\":\"https:\/\/dicodusport.fr\/blog\/relais-mixte-pokljuka-victoire-flamboyante-de-la-france\/#primaryimage\",\"url\":\"https:\/\/dicodusport.fr\/blog\/wp-content\/uploads\/2023\/01\/Relais-mixte-Pokljuka-Victoire-de-la-France-devant-lItalie-et-la-Suede-2.png\",\"contentUrl\":\"https:\/\/dicodusport.fr\/blog\/wp-content\/uploads\/2023\/01\/Relais-mixte-Pokljuka-Victoire-de-la-France-devant-lItalie-et-la-Suede-2.png\",\"width\":800,\"height\":445,\"caption\":\"Relais mixte Pokljuka Victoire de la France devant l'Italie et la Su\u00e8de (2)\"},{\"@type\":\"BreadcrumbList\",\"@id\":\"https:\/\/dicodusport.fr\/blog\/relais-mixte-pokljuka-victoire-flamboyante-de-la-france\/#breadcrumb\",\"itemListElement\":[{\"@type\":\"ListItem\",\"position\":1,\"name\":\"Accueil\",\"item\":\"https:\/\/dicodusport.fr\/blog\/\"},{\"@type\":\"ListItem\",\"position\":2,\"name\":\"Relais mixte Pokljuka : Victoire de la France devant l&rsquo;Italie et la Su\u00e8de\"}]},{\"@type\":\"WebSite\",\"@id\":\"https:\/\/dicodusport.fr\/blog\/#website\",\"url\":\"https:\/\/dicodusport.fr\/blog\/\",\"name\":\"Dicodusport\",\"description\":\"L&#039;encyclop\u00e9die de l&#039;actualit\u00e9 sportive\",\"publisher\":{\"@id\":\"https:\/\/dicodusport.fr\/blog\/#organization\"},\"potentialAction\":[{\"@type\":\"SearchAction\",\"target\":{\"@type\":\"EntryPoint\",\"urlTemplate\":\"https:\/\/dicodusport.fr\/blog\/?s={search_term_string}\"},\"query-input\":{\"@type\":\"PropertyValueSpecification\",\"valueRequired\":true,\"valueName\":\"search_term_string\"}}],\"inLanguage\":\"fr-FR\"},{\"@type\":\"NewsMediaOrganization\",\"@id\":\"https:\/\/dicodusport.fr\/blog\/#organization\",\"name\":\"Dicodusport\",\"url\":\"https:\/\/dicodusport.fr\/blog\/\",\"logo\":{\"@type\":\"ImageObject\",\"inLanguage\":\"fr-FR\",\"@id\":\"https:\/\/dicodusport.fr\/blog\/#\/schema\/logo\/image\/\",\"url\":\"https:\/\/dicodusport.fr\/blog\/wp-content\/uploads\/2020\/06\/cropped-LOGO-DICODUSPORT-2020-SANS-FOND-SANS-TEXTE.png\",\"contentUrl\":\"https:\/\/dicodusport.fr\/blog\/wp-content\/uploads\/2020\/06\/cropped-LOGO-DICODUSPORT-2020-SANS-FOND-SANS-TEXTE.png\",\"width\":512,\"height\":512,\"caption\":\"Dicodusport\"},\"image\":{\"@id\":\"https:\/\/dicodusport.fr\/blog\/#\/schema\/logo\/image\/\"},\"sameAs\":[\"https:\/\/www.facebook.com\/dicodusport\",\"https:\/\/x.com\/dicodusport\",\"https:\/\/www.instagram.com\/dicodusport\/\",\"https:\/\/www.youtube.com\/channel\/UC7V2KZ5sd3htJivAbA4ZG3w\"],\"description\":\"Dicodusport est l'encyclop\u00e9die de l'actualit\u00e9 sportive.\",\"email\":\"bonjour@dicodusport.fr\",\"legalName\":\"DICODUSPORT\",\"foundingDate\":\"2018-01-14\",\"vatID\":\"FR71834470973\",\"taxID\":\"83447097300043\",\"numberOfEmployees\":{\"@type\":\"QuantitativeValue\",\"minValue\":\"1\",\"maxValue\":\"10\"}},{\"@type\":\"Person\",\"@id\":\"https:\/\/dicodusport.fr\/blog\/#\/schema\/person\/819fb2545dd2715bd7c0580d6d4b411a\",\"name\":\"Roxane Lecacher\",\"image\":{\"@type\":\"ImageObject\",\"inLanguage\":\"fr-FR\",\"@id\":\"https:\/\/dicodusport.fr\/blog\/#\/schema\/person\/image\/\",\"url\":\"https:\/\/dicodusport.fr\/blog\/wp-content\/uploads\/2021\/05\/Roxane-Lecacher-150x150.jpg\",\"contentUrl\":\"https:\/\/dicodusport.fr\/blog\/wp-content\/uploads\/2021\/05\/Roxane-Lecacher-150x150.jpg\",\"caption\":\"Roxane Lecacher\"},\"description\":\"Journaliste\/r\u00e9dactrice depuis janvier 2021 - N\u00e9e quelques jours avant la premi\u00e8re \u00e9toile des Bleus, je baigne dans une famille tr\u00e8s sportive. Je n\u2019ai eu d\u2019autres choix que de me passionner pour le sujet. Pratiquante de l\u2019athl\u00e9tisme depuis toute petite, j\u2019ai aussi un attrait tout particulier pour la Formule 1, le biathlon et le foot. Pendant les grands \u00e9v\u00e9nements, il est impossible de d\u00e9crocher de ma t\u00e9l\u00e9. C\u2019est \u00e0 travers Dicodusport que j\u2019aime d\u00e9sormais vous transmettre mes \u00e9motions et ma passion.\",\"sameAs\":[\"https:\/\/www.facebook.com\/roxane.lecacher\",\"https:\/\/fr.linkedin.com\/in\/roxane-lecacher-23368313b\"],\"url\":\"https:\/\/dicodusport.fr\/blog\/author\/roxanel\/\"}]}<\/script>\n<!-- \/ Yoast SEO Premium plugin. -->","yoast_head_json":{"title":"Relais mixte Pokljuka : Victoire de la France devant l'Italie et la Su\u00e8de","description":"BIATHLON POKLJUKA 2023 - Tr\u00e8s solide tout au long de la course, la France a remport\u00e9 le relais mixte devant l'Italie et la Su\u00e8de.","robots":{"index":"index","follow":"follow","max-snippet":"max-snippet:-1","max-image-preview":"max-image-preview:large","max-video-preview":"max-video-preview:-1"},"canonical":"https:\/\/dicodusport.fr\/blog\/relais-mixte-pokljuka-victoire-flamboyante-de-la-france\/","og_locale":"fr_FR","og_type":"article","og_title":"Relais mixte Pokljuka : Victoire de la France devant l'Italie et la Su\u00e8de","og_description":"BIATHLON POKLJUKA 2023 - Tr\u00e8s solide tout au long de la course, la France a remport\u00e9 le relais mixte devant l'Italie et la Su\u00e8de.","og_url":"https:\/\/dicodusport.fr\/blog\/relais-mixte-pokljuka-victoire-flamboyante-de-la-france\/","og_site_name":"Dicodusport","article_publisher":"https:\/\/www.facebook.com\/dicodusport","article_author":"https:\/\/www.facebook.com\/roxane.lecacher","article_published_time":"2023-01-08T14:48:27+00:00","article_modified_time":"2023-01-08T16:58:52+00:00","og_image":[{"width":800,"height":445,"url":"https:\/\/dicodusport.fr\/blog\/wp-content\/uploads\/2023\/01\/Relais-mixte-Pokljuka-Victoire-de-la-France-devant-lItalie-et-la-Suede-2.png","type":"image\/png"}],"author":"Roxane Lecacher","twitter_card":"summary_large_image","twitter_title":"Relais mixte Pokljuka : Victoire de la France devant l'Italie et la Su\u00e8de","twitter_creator":"@dicodusport","twitter_site":"@dicodusport","schema":{"@context":"https:\/\/schema.org","@graph":[{"@type":"NewsArticle","@id":"https:\/\/dicodusport.fr\/blog\/relais-mixte-pokljuka-victoire-flamboyante-de-la-france\/#article","isPartOf":{"@id":"https:\/\/dicodusport.fr\/blog\/relais-mixte-pokljuka-victoire-flamboyante-de-la-france\/"},"author":{"name":"Roxane Lecacher","@id":"https:\/\/dicodusport.fr\/blog\/#\/schema\/person\/819fb2545dd2715bd7c0580d6d4b411a"},"headline":"Relais mixte Pokljuka : Victoire de la France devant l&rsquo;Italie et la Su\u00e8de","datePublished":"2023-01-08T14:48:27+00:00","dateModified":"2023-01-08T16:58:52+00:00","mainEntityOfPage":{"@id":"https:\/\/dicodusport.fr\/blog\/relais-mixte-pokljuka-victoire-flamboyante-de-la-france\/"},"wordCount":749,"commentCount":0,"publisher":{"@id":"https:\/\/dicodusport.fr\/blog\/#organization"},"image":{"@id":"https:\/\/dicodusport.fr\/blog\/relais-mixte-pokljuka-victoire-flamboyante-de-la-france\/#primaryimage"},"thumbnailUrl":"https:\/\/dicodusport.fr\/blog\/wp-content\/uploads\/2023\/01\/Relais-mixte-Pokljuka-Victoire-de-la-France-devant-lItalie-et-la-Suede-2.png","keywords":["Ana\u00efs Chevalier-Bouchet","Fabien Claude","France","Julia Simon","Quentin Fillon Maillet","Relais mixte Pokljuka","sport"],"articleSection":["Coupe du monde de biathlon"],"inLanguage":"fr-FR","potentialAction":[{"@type":"CommentAction","name":"Comment","target":["https:\/\/dicodusport.fr\/blog\/relais-mixte-pokljuka-victoire-flamboyante-de-la-france\/#respond"]}],"copyrightYear":"2023","copyrightHolder":{"@id":"https:\/\/dicodusport.fr\/blog\/#organization"}},{"@type":"WebPage","@id":"https:\/\/dicodusport.fr\/blog\/relais-mixte-pokljuka-victoire-flamboyante-de-la-france\/","url":"https:\/\/dicodusport.fr\/blog\/relais-mixte-pokljuka-victoire-flamboyante-de-la-france\/","name":"Relais mixte Pokljuka : Victoire de la France devant l'Italie et la Su\u00e8de","isPartOf":{"@id":"https:\/\/dicodusport.fr\/blog\/#website"},"primaryImageOfPage":{"@id":"https:\/\/dicodusport.fr\/blog\/relais-mixte-pokljuka-victoire-flamboyante-de-la-france\/#primaryimage"},"image":{"@id":"https:\/\/dicodusport.fr\/blog\/relais-mixte-pokljuka-victoire-flamboyante-de-la-france\/#primaryimage"},"thumbnailUrl":"https:\/\/dicodusport.fr\/blog\/wp-content\/uploads\/2023\/01\/Relais-mixte-Pokljuka-Victoire-de-la-France-devant-lItalie-et-la-Suede-2.png","datePublished":"2023-01-08T14:48:27+00:00","dateModified":"2023-01-08T16:58:52+00:00","description":"BIATHLON POKLJUKA 2023 - Tr\u00e8s solide tout au long de la course, la France a remport\u00e9 le relais mixte devant l'Italie et la Su\u00e8de.","breadcrumb":{"@id":"https:\/\/dicodusport.fr\/blog\/relais-mixte-pokljuka-victoire-flamboyante-de-la-france\/#breadcrumb"},"inLanguage":"fr-FR","potentialAction":[{"@type":"ReadAction","target":["https:\/\/dicodusport.fr\/blog\/relais-mixte-pokljuka-victoire-flamboyante-de-la-france\/"]}]},{"@type":"ImageObject","inLanguage":"fr-FR","@id":"https:\/\/dicodusport.fr\/blog\/relais-mixte-pokljuka-victoire-flamboyante-de-la-france\/#primaryimage","url":"https:\/\/dicodusport.fr\/blog\/wp-content\/uploads\/2023\/01\/Relais-mixte-Pokljuka-Victoire-de-la-France-devant-lItalie-et-la-Suede-2.png","contentUrl":"https:\/\/dicodusport.fr\/blog\/wp-content\/uploads\/2023\/01\/Relais-mixte-Pokljuka-Victoire-de-la-France-devant-lItalie-et-la-Suede-2.png","width":800,"height":445,"caption":"Relais mixte Pokljuka Victoire de la France devant l'Italie et la Su\u00e8de (2)"},{"@type":"BreadcrumbList","@id":"https:\/\/dicodusport.fr\/blog\/relais-mixte-pokljuka-victoire-flamboyante-de-la-france\/#breadcrumb","itemListElement":[{"@type":"ListItem","position":1,"name":"Accueil","item":"https:\/\/dicodusport.fr\/blog\/"},{"@type":"ListItem","position":2,"name":"Relais mixte Pokljuka : Victoire de la France devant l&rsquo;Italie et la Su\u00e8de"}]},{"@type":"WebSite","@id":"https:\/\/dicodusport.fr\/blog\/#website","url":"https:\/\/dicodusport.fr\/blog\/","name":"Dicodusport","description":"L&#039;encyclop\u00e9die de l&#039;actualit\u00e9 sportive","publisher":{"@id":"https:\/\/dicodusport.fr\/blog\/#organization"},"potentialAction":[{"@type":"SearchAction","target":{"@type":"EntryPoint","urlTemplate":"https:\/\/dicodusport.fr\/blog\/?s={search_term_string}"},"query-input":{"@type":"PropertyValueSpecification","valueRequired":true,"valueName":"search_term_string"}}],"inLanguage":"fr-FR"},{"@type":"NewsMediaOrganization","@id":"https:\/\/dicodusport.fr\/blog\/#organization","name":"Dicodusport","url":"https:\/\/dicodusport.fr\/blog\/","logo":{"@type":"ImageObject","inLanguage":"fr-FR","@id":"https:\/\/dicodusport.fr\/blog\/#\/schema\/logo\/image\/","url":"https:\/\/dicodusport.fr\/blog\/wp-content\/uploads\/2020\/06\/cropped-LOGO-DICODUSPORT-2020-SANS-FOND-SANS-TEXTE.png","contentUrl":"https:\/\/dicodusport.fr\/blog\/wp-content\/uploads\/2020\/06\/cropped-LOGO-DICODUSPORT-2020-SANS-FOND-SANS-TEXTE.png","width":512,"height":512,"caption":"Dicodusport"},"image":{"@id":"https:\/\/dicodusport.fr\/blog\/#\/schema\/logo\/image\/"},"sameAs":["https:\/\/www.facebook.com\/dicodusport","https:\/\/x.com\/dicodusport","https:\/\/www.instagram.com\/dicodusport\/","https:\/\/www.youtube.com\/channel\/UC7V2KZ5sd3htJivAbA4ZG3w"],"description":"Dicodusport est l'encyclop\u00e9die de l'actualit\u00e9 sportive.","email":"bonjour@dicodusport.fr","legalName":"DICODUSPORT","foundingDate":"2018-01-14","vatID":"FR71834470973","taxID":"83447097300043","numberOfEmployees":{"@type":"QuantitativeValue","minValue":"1","maxValue":"10"}},{"@type":"Person","@id":"https:\/\/dicodusport.fr\/blog\/#\/schema\/person\/819fb2545dd2715bd7c0580d6d4b411a","name":"Roxane Lecacher","image":{"@type":"ImageObject","inLanguage":"fr-FR","@id":"https:\/\/dicodusport.fr\/blog\/#\/schema\/person\/image\/","url":"https:\/\/dicodusport.fr\/blog\/wp-content\/uploads\/2021\/05\/Roxane-Lecacher-150x150.jpg","contentUrl":"https:\/\/dicodusport.fr\/blog\/wp-content\/uploads\/2021\/05\/Roxane-Lecacher-150x150.jpg","caption":"Roxane Lecacher"},"description":"Journaliste\/r\u00e9dactrice depuis janvier 2021 - N\u00e9e quelques jours avant la premi\u00e8re \u00e9toile des Bleus, je baigne dans une famille tr\u00e8s sportive. Je n\u2019ai eu d\u2019autres choix que de me passionner pour le sujet. Pratiquante de l\u2019athl\u00e9tisme depuis toute petite, j\u2019ai aussi un attrait tout particulier pour la Formule 1, le biathlon et le foot. Pendant les grands \u00e9v\u00e9nements, il est impossible de d\u00e9crocher de ma t\u00e9l\u00e9. C\u2019est \u00e0 travers Dicodusport que j\u2019aime d\u00e9sormais vous transmettre mes \u00e9motions et ma passion.","sameAs":["https:\/\/www.facebook.com\/roxane.lecacher","https:\/\/fr.linkedin.com\/in\/roxane-lecacher-23368313b"],"url":"https:\/\/dicodusport.fr\/blog\/author\/roxanel\/"}]}},"_links":{"self":[{"href":"https:\/\/dicodusport.fr\/blog\/wp-json\/wp\/v2\/posts\/342642","targetHints":{"allow":["GET"]}}],"collection":[{"href":"https:\/\/dicodusport.fr\/blog\/wp-json\/wp\/v2\/posts"}],"about":[{"href":"https:\/\/dicodusport.fr\/blog\/wp-json\/wp\/v2\/types\/post"}],"author":[{"embeddable":true,"href":"https:\/\/dicodusport.fr\/blog\/wp-json\/wp\/v2\/users\/54"}],"replies":[{"embeddable":true,"href":"https:\/\/dicodusport.fr\/blog\/wp-json\/wp\/v2\/comments?post=342642"}],"version-history":[{"count":0,"href":"https:\/\/dicodusport.fr\/blog\/wp-json\/wp\/v2\/posts\/342642\/revisions"}],"wp:featuredmedia":[{"embeddable":true,"href":"https:\/\/dicodusport.fr\/blog\/wp-json\/wp\/v2\/media\/342747"}],"wp:attachment":[{"href":"https:\/\/dicodusport.fr\/blog\/wp-json\/wp\/v2\/media?parent=342642"}],"wp:term":[{"taxonomy":"category","embeddable":true,"href":"https:\/\/dicodusport.fr\/blog\/wp-json\/wp\/v2\/categories?post=342642"},{"taxonomy":"post_tag","embeddable":true,"href":"https:\/\/dicodusport.fr\/blog\/wp-json\/wp\/v2\/tags?post=342642"}],"curies":[{"name":"wp","href":"https:\/\/api.w.org\/{rel}","templated":true}]}}