{"id":342789,"date":"2023-01-08T23:04:13","date_gmt":"2023-01-08T22:04:13","guid":{"rendered":"https:\/\/dicodusport.fr\/blog\/?p=342789&#038;preview=true&#038;preview_id=342789"},"modified":"2023-01-08T23:30:35","modified_gmt":"2023-01-08T22:30:35","slug":"liga-j16-le-barca-consolide-sa-place-de-leader-en-simposant-face-a-latletico-madrid","status":"publish","type":"post","link":"https:\/\/dicodusport.fr\/blog\/liga-j16-le-barca-consolide-sa-place-de-leader-en-simposant-face-a-latletico-madrid\/","title":{"rendered":"Liga (J16) : Le Bar\u00e7a consolide sa place de leader en s&rsquo;imposant face \u00e0 l&rsquo;Atl\u00e9tico Madrid"},"content":{"rendered":"<p align=\"justify\"><em><strong>LIGA &#8211; En profitant de la d\u00e9faite du Real Madrid, le FC Barcelone se d\u00e9tache en prenant seul la t\u00eate du championnat espagnol apr\u00e8s un succ\u00e8s r\u00e9colt\u00e9 sur la pelouse de C\u00edvitas Metropolitano contre l&rsquo;Atl\u00e9tico Madrid dans un duel de haut de tableau (0-1).<\/strong><\/em><\/p>\n<p style=\"text-align: justify;\"><span style=\"font-weight: 400;\">Le <strong>FC Barcelone<\/strong> prend d\u00e9sormais seul la t\u00eate du championnat espagnol ! Apr\u00e8s une confrontation importante dans l&rsquo;optique de tirer profit de la d\u00e9faite du Real Madrid sur la pelouse de Villarreal, les Barcelonais parviennent \u00e0 leurs fins face \u00e0 l&rsquo;Atl\u00e9tico Madrid (0-1). Le Bar\u00e7a s&rsquo;impose sur la plus petite des marges et prend trois points importants dans la course au titre. Pourtant, c&rsquo;est l\u2019Atl\u00e9tico Madrid qui se procure la premi\u00e8re occasion de la rencontre avec une frappe cadr\u00e9e de <strong>Pablo Barrios<\/strong>. Un tir du pied droit repouss\u00e9 par <strong>Marc-Andr\u00e9 ter Stegen<\/strong>, protecteur des cages barcelonaises (6e). <\/span><\/p>\n<p style=\"text-align: justify;\"><span style=\"font-weight: 400;\">La r\u00e9ponse catalane intervient rapidement sur une situation o\u00f9 <strong>Andreas Christensen<\/strong> se procure une opportunit\u00e9 capt\u00e9e par <strong>Jan Oblak<\/strong> (9e). Les Catalans imposent leur jeu et font sauter le verrou des Colchoneros en trouvant l\u2019ouverture du score (22e). Une avance permise \u00e0 l\u2019origine par la bonne perc\u00e9e de <strong>Pedri<\/strong> pour atteindre la surface en se d\u00e9tachant de trois joueurs adverses; avant de transmettre le ballon \u00e0 <strong>Gavi<\/strong>. Le milieu de terrain barcelonais sert<strong> Ousmane Demb\u00e9l\u00e9<\/strong> pour conclure d\u2019une tentative crois\u00e9e du pied droit \u00e0 ras de terre (0-1). L\u2019attaquant fran\u00e7ais signe sa cinqui\u00e8me r\u00e9alisation cette saison sous la tunique catalane.\u00a0<\/span><\/p>\n<div id=\"attachment_342811\" style=\"width: 750px\" class=\"wp-caption aligncenter\"><a href=\"https:\/\/dicodusport.fr\/blog\/wp-content\/uploads\/2023\/01\/La-joie-dOusmane-Dembele-face-a-lAtletico-Madrid-scaled.jpg\"><img loading=\"lazy\" decoding=\"async\" aria-describedby=\"caption-attachment-342811\" class=\"size-large wp-image-342811\" src=\"https:\/\/dicodusport.fr\/blog\/wp-content\/uploads\/2023\/01\/La-joie-dOusmane-Dembele-face-a-lAtletico-Madrid-1024x683.jpg\" alt=\"La joie d'Ousmane Demb\u00e9l\u00e9 face \u00e0 l'Atl\u00e9tico Madrid\" width=\"740\" height=\"494\" srcset=\"https:\/\/dicodusport.fr\/blog\/wp-content\/uploads\/2023\/01\/La-joie-dOusmane-Dembele-face-a-lAtletico-Madrid-1024x683.jpg 1024w, https:\/\/dicodusport.fr\/blog\/wp-content\/uploads\/2023\/01\/La-joie-dOusmane-Dembele-face-a-lAtletico-Madrid-300x200.jpg 300w, https:\/\/dicodusport.fr\/blog\/wp-content\/uploads\/2023\/01\/La-joie-dOusmane-Dembele-face-a-lAtletico-Madrid-768x512.jpg 768w, https:\/\/dicodusport.fr\/blog\/wp-content\/uploads\/2023\/01\/La-joie-dOusmane-Dembele-face-a-lAtletico-Madrid-1536x1024.jpg 1536w, https:\/\/dicodusport.fr\/blog\/wp-content\/uploads\/2023\/01\/La-joie-dOusmane-Dembele-face-a-lAtletico-Madrid-2048x1366.jpg 2048w\" sizes=\"auto, (max-width: 740px) 100vw, 740px\" \/><\/a><p id=\"caption-attachment-342811\" class=\"wp-caption-text\">La joie d&rsquo;Ousmane Demb\u00e9l\u00e9 face \u00e0 l&rsquo;Atl\u00e9tico Madrid &#8211; Photo Icon Sport<\/p><\/div>\n<h2 style=\"text-align: justify;\" align=\"justify\">Le Bar\u00e7a prend rapidement l&rsquo;avantage<\/h2>\n<p style=\"text-align: justify;\"><span style=\"font-weight: 400;\">Au niveau de la demi-heure de jeu, l\u2019Atl\u00e9tico Madrid tente de revenir sous l\u2019impulsion de <strong>Antoine Griezmann<\/strong> en r\u00e9alisant une louche pour servir <strong>Marcos Llorente<\/strong>. Ce dernier s\u2019illustre d\u2019un tir dans un angle ferm\u00e9 dont la trajectoire est d\u00e9vi\u00e9e par <strong>Ronald Ara\u00fajo<\/strong> (31e). Les Colchoneros pressent avec deux situations successives sur corner aboutissant \u00e0 <strong>Nahuel Molina<\/strong>, qui d\u2019un centre, trouve la t\u00eate piqu\u00e9e de Jos\u00e9 <strong>Mar\u00eda Gim\u00e9nez<\/strong>. Une occasion proche de trouver le cadre des cages barcelonaises (33e). <\/span><\/p>\n<p style=\"text-align: justify;\"><span style=\"font-weight: 400;\">L\u2019Atl\u00e9tico Madrid maintient un rythme \u00e9lev\u00e9 et <strong>Antoine Griezmann<\/strong> s\u2019approprie le ballon de <strong>Yannick Carrasco<\/strong> pour tirer de la patte gauche et offrir \u00e0<strong> Marc-Andr\u00e9 ter Stegen<\/strong> un moment de frayeur en d\u00e9tournant cette tentative sur sa barre (42e). Dans la foul\u00e9e sur corner, le portier catalan manque sa sortie du poing et<strong> Reinildo Mandava<\/strong> loupe l\u2019opportunit\u00e9 de b\u00e9n\u00e9ficier de cette erreur (43e).\u00a0<\/span><\/p>\n<h2 style=\"text-align: justify;\">L&rsquo;Atl\u00e9tico Madrid, mena\u00e7ante jusqu&rsquo;au bout !<\/h2>\n<p style=\"text-align: justify;\"><span style=\"font-weight: 400;\">L\u2019heure de jeu est proche de sourire \u00e0 <strong>Ousmane Demb\u00e9l\u00e9<\/strong>, pas loin de r\u00e9aliser un doubl\u00e9. En r\u00e9ceptionnant le ballon transmis par<strong> Jules Kound\u00e9<\/strong>, l\u2019attaquant fran\u00e7ais est poursuivi par deux Colchoneros en entrant dans la surface et tire du pied droit en trouvant le poteau de <strong>Jan Oblak<\/strong> (62e). <strong>Ousmane Demb\u00e9l\u00e9<\/strong> garde le doubl\u00e9 en ligne de mire et b\u00e9n\u00e9ficie d\u2019une occasion en \u00e9tant servi par <strong>Franck Kessi\u00e9<\/strong>. Du pied droit, la trajectoire de son tir passe entre les jambes de<strong> Jos\u00e9 Mar\u00eda Gim\u00e9nez<\/strong> pour terminer sa course \u00e0 nouveau sur le poteau du gardien des Colchoneros (69e). Le Bar\u00e7a pense s\u2019offrir le second but de cette partie sur une situation de <strong>Ferran Torres<\/strong> \u00e0 bout portant, mais ce dernier est ensuite signal\u00e9 en position de hors-jeu (72e). <\/span><\/p>\n<p style=\"text-align: justify;\"><span style=\"font-weight: 400;\">Une bagarre \u00e9clate entre l\u2019attaquant barcelonais et <strong>Stefan Savi\u0107<\/strong> dans le d\u00e9but du temps additionnel. Une altercation qui d\u00e9bouche \u00e0 un carton rouge pour les deux protagonistes. L\u2019Atl\u00e9tico Madrid passe toute proche de l\u2019\u00e9galisation dans le temps additionnel avec une ultime occasion dans les pieds de <strong>Antoine Griezmann<\/strong> qui termine sur <strong>Ronald Ara\u00fajo<\/strong> en sauveur pour effectuer un sauvetage sur sa ligne de but. Un geste qui concr\u00e9tise la victoire barcelonaise sur l\u2019Atl\u00e9tico Madrid. Le FC Barcelone, leader poss\u00e8de d\u00e9sormais trois points d\u2019avance sur le Real Madrid, d\u00e9fait face \u00e0 Villarreal lors de la 16\u00e8me journ\u00e9e de Liga.\u00a0<\/span><\/p>\n<blockquote class=\"twitter-tweet\">\n<p dir=\"ltr\" lang=\"in\">Ben amunt! <a href=\"https:\/\/t.co\/khn0VnOlOs\">pic.twitter.com\/khn0VnOlOs<\/a><\/p>\n<p>\u2014 FC Barcelona (@FCBarcelona_cat) <a href=\"https:\/\/twitter.com\/FCBarcelona_cat\/status\/1612208597156388864?ref_src=twsrc%5Etfw\">January 8, 2023<\/a><\/p><\/blockquote>\n<p><script async src=\"https:\/\/platform.twitter.com\/widgets.js\" charset=\"utf-8\"><\/script><\/p>\n","protected":false},"excerpt":{"rendered":"<p>LIGA &#8211; En profitant de la d\u00e9faite du Real Madrid, le FC Barcelone se d\u00e9tache en prenant seul la t\u00eate du championnat espagnol apr\u00e8s un succ\u00e8s r\u00e9colt\u00e9 sur la pelouse de C\u00edvitas Metropolitano contre l&rsquo;Atl\u00e9tico Madrid dans un duel de haut de tableau (0-1).<\/p>\n","protected":false},"author":62,"featured_media":342794,"comment_status":"open","ping_status":"closed","sticky":false,"template":"","format":"standard","meta":{"_acf_changed":false,"_daextam_enable_autolinks":"","footnotes":""},"categories":[2301],"tags":[4789,912,4203,75,4204],"class_list":["post-342789","post","type-post","status-publish","format-standard","has-post-thumbnail","hentry","category-football","tag-atletico-madrid","tag-barca","tag-fc-barcelone","tag-football","tag-liga"],"acf":[],"yoast_head":"<!-- This site is optimized with the Yoast SEO Premium plugin v26.7 (Yoast SEO v26.7) - https:\/\/yoast.com\/wordpress\/plugins\/seo\/ -->\n<title>Liga (J16) : Le Bar\u00e7a consolide sa place de leader en s&#039;imposant face \u00e0 l&#039;Atl\u00e9tico Madrid<\/title>\n<meta name=\"description\" content=\"LIGA - Le FC Barcelone se d\u00e9tache en prenant seul la t\u00eate du championnat espagnol, en s&#039;imposant contre l&#039;Atl\u00e9tico Madrid (0-1).\" \/>\n<meta name=\"robots\" content=\"index, follow, max-snippet:-1, max-image-preview:large, max-video-preview:-1\" \/>\n<link rel=\"canonical\" href=\"https:\/\/dicodusport.fr\/blog\/liga-j16-le-barca-consolide-sa-place-de-leader-en-simposant-face-a-latletico-madrid\/\" \/>\n<meta property=\"og:locale\" content=\"fr_FR\" \/>\n<meta property=\"og:type\" content=\"article\" \/>\n<meta property=\"og:title\" content=\"Liga (J16) : Le Bar\u00e7a consolide sa place de leader en s&#039;imposant face \u00e0 l&#039;Atl\u00e9tico Madrid\" \/>\n<meta property=\"og:description\" content=\"LIGA - Le FC Barcelone se d\u00e9tache en prenant seul la t\u00eate du championnat espagnol, en s&#039;imposant contre l&#039;Atl\u00e9tico Madrid (0-1).\" \/>\n<meta property=\"og:url\" content=\"https:\/\/dicodusport.fr\/blog\/liga-j16-le-barca-consolide-sa-place-de-leader-en-simposant-face-a-latletico-madrid\/\" \/>\n<meta property=\"og:site_name\" content=\"Dicodusport\" \/>\n<meta property=\"article:publisher\" content=\"https:\/\/www.facebook.com\/dicodusport\" \/>\n<meta property=\"article:published_time\" content=\"2023-01-08T22:04:13+00:00\" \/>\n<meta property=\"article:modified_time\" content=\"2023-01-08T22:30:35+00:00\" \/>\n<meta property=\"og:image\" content=\"https:\/\/dicodusport.fr\/blog\/wp-content\/uploads\/2023\/01\/Liga-J16-Le-Barca-consolide-sa-place-de-leader-en-simposant-face-a-lAtletico-Madrid.png\" \/>\n\t<meta property=\"og:image:width\" content=\"800\" \/>\n\t<meta property=\"og:image:height\" content=\"445\" \/>\n\t<meta property=\"og:image:type\" content=\"image\/png\" \/>\n<meta name=\"author\" content=\"Andr\u00e9a Lamy\" \/>\n<meta name=\"twitter:card\" content=\"summary_large_image\" \/>\n<meta name=\"twitter:title\" content=\"Liga (J16) : Le Bar\u00e7a consolide sa place de leader en s&#039;imposant face \u00e0 l&#039;Atl\u00e9tico Madrid\" \/>\n<meta name=\"twitter:creator\" content=\"@dicodusport\" \/>\n<meta name=\"twitter:site\" content=\"@dicodusport\" \/>\n<script type=\"application\/ld+json\" class=\"yoast-schema-graph\">{\"@context\":\"https:\/\/schema.org\",\"@graph\":[{\"@type\":\"NewsArticle\",\"@id\":\"https:\/\/dicodusport.fr\/blog\/liga-j16-le-barca-consolide-sa-place-de-leader-en-simposant-face-a-latletico-madrid\/#article\",\"isPartOf\":{\"@id\":\"https:\/\/dicodusport.fr\/blog\/liga-j16-le-barca-consolide-sa-place-de-leader-en-simposant-face-a-latletico-madrid\/\"},\"author\":{\"name\":\"Andr\u00e9a Lamy\",\"@id\":\"https:\/\/dicodusport.fr\/blog\/#\/schema\/person\/5b73f4b55b8683f37e9f75d6dc039f31\"},\"headline\":\"Liga (J16) : Le Bar\u00e7a consolide sa place de leader en s&rsquo;imposant face \u00e0 l&rsquo;Atl\u00e9tico Madrid\",\"datePublished\":\"2023-01-08T22:04:13+00:00\",\"dateModified\":\"2023-01-08T22:30:35+00:00\",\"mainEntityOfPage\":{\"@id\":\"https:\/\/dicodusport.fr\/blog\/liga-j16-le-barca-consolide-sa-place-de-leader-en-simposant-face-a-latletico-madrid\/\"},\"wordCount\":750,\"commentCount\":0,\"publisher\":{\"@id\":\"https:\/\/dicodusport.fr\/blog\/#organization\"},\"image\":{\"@id\":\"https:\/\/dicodusport.fr\/blog\/liga-j16-le-barca-consolide-sa-place-de-leader-en-simposant-face-a-latletico-madrid\/#primaryimage\"},\"thumbnailUrl\":\"https:\/\/dicodusport.fr\/blog\/wp-content\/uploads\/2023\/01\/Liga-J16-Le-Barca-consolide-sa-place-de-leader-en-simposant-face-a-lAtletico-Madrid.png\",\"keywords\":[\"Atl\u00e9tico madrid\",\"bar\u00e7a\",\"FC Barcelone\",\"Football\",\"Liga\"],\"articleSection\":[\"Football\"],\"inLanguage\":\"fr-FR\",\"potentialAction\":[{\"@type\":\"CommentAction\",\"name\":\"Comment\",\"target\":[\"https:\/\/dicodusport.fr\/blog\/liga-j16-le-barca-consolide-sa-place-de-leader-en-simposant-face-a-latletico-madrid\/#respond\"]}],\"copyrightYear\":\"2023\",\"copyrightHolder\":{\"@id\":\"https:\/\/dicodusport.fr\/blog\/#organization\"}},{\"@type\":\"WebPage\",\"@id\":\"https:\/\/dicodusport.fr\/blog\/liga-j16-le-barca-consolide-sa-place-de-leader-en-simposant-face-a-latletico-madrid\/\",\"url\":\"https:\/\/dicodusport.fr\/blog\/liga-j16-le-barca-consolide-sa-place-de-leader-en-simposant-face-a-latletico-madrid\/\",\"name\":\"Liga (J16) : Le Bar\u00e7a consolide sa place de leader en s'imposant face \u00e0 l'Atl\u00e9tico Madrid\",\"isPartOf\":{\"@id\":\"https:\/\/dicodusport.fr\/blog\/#website\"},\"primaryImageOfPage\":{\"@id\":\"https:\/\/dicodusport.fr\/blog\/liga-j16-le-barca-consolide-sa-place-de-leader-en-simposant-face-a-latletico-madrid\/#primaryimage\"},\"image\":{\"@id\":\"https:\/\/dicodusport.fr\/blog\/liga-j16-le-barca-consolide-sa-place-de-leader-en-simposant-face-a-latletico-madrid\/#primaryimage\"},\"thumbnailUrl\":\"https:\/\/dicodusport.fr\/blog\/wp-content\/uploads\/2023\/01\/Liga-J16-Le-Barca-consolide-sa-place-de-leader-en-simposant-face-a-lAtletico-Madrid.png\",\"datePublished\":\"2023-01-08T22:04:13+00:00\",\"dateModified\":\"2023-01-08T22:30:35+00:00\",\"description\":\"LIGA - Le FC Barcelone se d\u00e9tache en prenant seul la t\u00eate du championnat espagnol, en s'imposant contre l'Atl\u00e9tico Madrid (0-1).\",\"breadcrumb\":{\"@id\":\"https:\/\/dicodusport.fr\/blog\/liga-j16-le-barca-consolide-sa-place-de-leader-en-simposant-face-a-latletico-madrid\/#breadcrumb\"},\"inLanguage\":\"fr-FR\",\"potentialAction\":[{\"@type\":\"ReadAction\",\"target\":[\"https:\/\/dicodusport.fr\/blog\/liga-j16-le-barca-consolide-sa-place-de-leader-en-simposant-face-a-latletico-madrid\/\"]}]},{\"@type\":\"ImageObject\",\"inLanguage\":\"fr-FR\",\"@id\":\"https:\/\/dicodusport.fr\/blog\/liga-j16-le-barca-consolide-sa-place-de-leader-en-simposant-face-a-latletico-madrid\/#primaryimage\",\"url\":\"https:\/\/dicodusport.fr\/blog\/wp-content\/uploads\/2023\/01\/Liga-J16-Le-Barca-consolide-sa-place-de-leader-en-simposant-face-a-lAtletico-Madrid.png\",\"contentUrl\":\"https:\/\/dicodusport.fr\/blog\/wp-content\/uploads\/2023\/01\/Liga-J16-Le-Barca-consolide-sa-place-de-leader-en-simposant-face-a-lAtletico-Madrid.png\",\"width\":800,\"height\":445,\"caption\":\"Liga (J16) Le Bar\u00e7a consolide sa place de leader en s\u2019imposant face \u00e0 l\u2019Atletico Madrid\"},{\"@type\":\"BreadcrumbList\",\"@id\":\"https:\/\/dicodusport.fr\/blog\/liga-j16-le-barca-consolide-sa-place-de-leader-en-simposant-face-a-latletico-madrid\/#breadcrumb\",\"itemListElement\":[{\"@type\":\"ListItem\",\"position\":1,\"name\":\"Accueil\",\"item\":\"https:\/\/dicodusport.fr\/blog\/\"},{\"@type\":\"ListItem\",\"position\":2,\"name\":\"Liga (J16) : Le Bar\u00e7a consolide sa place de leader en s&rsquo;imposant face \u00e0 l&rsquo;Atl\u00e9tico Madrid\"}]},{\"@type\":\"WebSite\",\"@id\":\"https:\/\/dicodusport.fr\/blog\/#website\",\"url\":\"https:\/\/dicodusport.fr\/blog\/\",\"name\":\"Dicodusport\",\"description\":\"L&#039;encyclop\u00e9die de l&#039;actualit\u00e9 sportive\",\"publisher\":{\"@id\":\"https:\/\/dicodusport.fr\/blog\/#organization\"},\"potentialAction\":[{\"@type\":\"SearchAction\",\"target\":{\"@type\":\"EntryPoint\",\"urlTemplate\":\"https:\/\/dicodusport.fr\/blog\/?s={search_term_string}\"},\"query-input\":{\"@type\":\"PropertyValueSpecification\",\"valueRequired\":true,\"valueName\":\"search_term_string\"}}],\"inLanguage\":\"fr-FR\"},{\"@type\":\"NewsMediaOrganization\",\"@id\":\"https:\/\/dicodusport.fr\/blog\/#organization\",\"name\":\"Dicodusport\",\"url\":\"https:\/\/dicodusport.fr\/blog\/\",\"logo\":{\"@type\":\"ImageObject\",\"inLanguage\":\"fr-FR\",\"@id\":\"https:\/\/dicodusport.fr\/blog\/#\/schema\/logo\/image\/\",\"url\":\"https:\/\/dicodusport.fr\/blog\/wp-content\/uploads\/2020\/06\/cropped-LOGO-DICODUSPORT-2020-SANS-FOND-SANS-TEXTE.png\",\"contentUrl\":\"https:\/\/dicodusport.fr\/blog\/wp-content\/uploads\/2020\/06\/cropped-LOGO-DICODUSPORT-2020-SANS-FOND-SANS-TEXTE.png\",\"width\":512,\"height\":512,\"caption\":\"Dicodusport\"},\"image\":{\"@id\":\"https:\/\/dicodusport.fr\/blog\/#\/schema\/logo\/image\/\"},\"sameAs\":[\"https:\/\/www.facebook.com\/dicodusport\",\"https:\/\/x.com\/dicodusport\",\"https:\/\/www.instagram.com\/dicodusport\/\",\"https:\/\/www.youtube.com\/channel\/UC7V2KZ5sd3htJivAbA4ZG3w\"],\"description\":\"Dicodusport est l'encyclop\u00e9die de l'actualit\u00e9 sportive.\",\"email\":\"bonjour@dicodusport.fr\",\"legalName\":\"DICODUSPORT\",\"foundingDate\":\"2018-01-14\",\"vatID\":\"FR71834470973\",\"taxID\":\"83447097300043\",\"numberOfEmployees\":{\"@type\":\"QuantitativeValue\",\"minValue\":\"1\",\"maxValue\":\"10\"}},{\"@type\":\"Person\",\"@id\":\"https:\/\/dicodusport.fr\/blog\/#\/schema\/person\/5b73f4b55b8683f37e9f75d6dc039f31\",\"name\":\"Andr\u00e9a Lamy\",\"image\":{\"@type\":\"ImageObject\",\"inLanguage\":\"fr-FR\",\"@id\":\"https:\/\/dicodusport.fr\/blog\/#\/schema\/person\/image\/\",\"url\":\"https:\/\/dicodusport.fr\/blog\/wp-content\/uploads\/2022\/03\/Andrea-150x150.jpg\",\"contentUrl\":\"https:\/\/dicodusport.fr\/blog\/wp-content\/uploads\/2022\/03\/Andrea-150x150.jpg\",\"caption\":\"Andr\u00e9a Lamy\"},\"url\":\"https:\/\/dicodusport.fr\/blog\/author\/andrea-lamy\/\"}]}<\/script>\n<!-- \/ Yoast SEO Premium plugin. -->","yoast_head_json":{"title":"Liga (J16) : Le Bar\u00e7a consolide sa place de leader en s'imposant face \u00e0 l'Atl\u00e9tico Madrid","description":"LIGA - Le FC Barcelone se d\u00e9tache en prenant seul la t\u00eate du championnat espagnol, en s'imposant contre l'Atl\u00e9tico Madrid (0-1).","robots":{"index":"index","follow":"follow","max-snippet":"max-snippet:-1","max-image-preview":"max-image-preview:large","max-video-preview":"max-video-preview:-1"},"canonical":"https:\/\/dicodusport.fr\/blog\/liga-j16-le-barca-consolide-sa-place-de-leader-en-simposant-face-a-latletico-madrid\/","og_locale":"fr_FR","og_type":"article","og_title":"Liga (J16) : Le Bar\u00e7a consolide sa place de leader en s'imposant face \u00e0 l'Atl\u00e9tico Madrid","og_description":"LIGA - Le FC Barcelone se d\u00e9tache en prenant seul la t\u00eate du championnat espagnol, en s'imposant contre l'Atl\u00e9tico Madrid (0-1).","og_url":"https:\/\/dicodusport.fr\/blog\/liga-j16-le-barca-consolide-sa-place-de-leader-en-simposant-face-a-latletico-madrid\/","og_site_name":"Dicodusport","article_publisher":"https:\/\/www.facebook.com\/dicodusport","article_published_time":"2023-01-08T22:04:13+00:00","article_modified_time":"2023-01-08T22:30:35+00:00","og_image":[{"width":800,"height":445,"url":"https:\/\/dicodusport.fr\/blog\/wp-content\/uploads\/2023\/01\/Liga-J16-Le-Barca-consolide-sa-place-de-leader-en-simposant-face-a-lAtletico-Madrid.png","type":"image\/png"}],"author":"Andr\u00e9a Lamy","twitter_card":"summary_large_image","twitter_title":"Liga (J16) : Le Bar\u00e7a consolide sa place de leader en s'imposant face \u00e0 l'Atl\u00e9tico Madrid","twitter_creator":"@dicodusport","twitter_site":"@dicodusport","schema":{"@context":"https:\/\/schema.org","@graph":[{"@type":"NewsArticle","@id":"https:\/\/dicodusport.fr\/blog\/liga-j16-le-barca-consolide-sa-place-de-leader-en-simposant-face-a-latletico-madrid\/#article","isPartOf":{"@id":"https:\/\/dicodusport.fr\/blog\/liga-j16-le-barca-consolide-sa-place-de-leader-en-simposant-face-a-latletico-madrid\/"},"author":{"name":"Andr\u00e9a Lamy","@id":"https:\/\/dicodusport.fr\/blog\/#\/schema\/person\/5b73f4b55b8683f37e9f75d6dc039f31"},"headline":"Liga (J16) : Le Bar\u00e7a consolide sa place de leader en s&rsquo;imposant face \u00e0 l&rsquo;Atl\u00e9tico Madrid","datePublished":"2023-01-08T22:04:13+00:00","dateModified":"2023-01-08T22:30:35+00:00","mainEntityOfPage":{"@id":"https:\/\/dicodusport.fr\/blog\/liga-j16-le-barca-consolide-sa-place-de-leader-en-simposant-face-a-latletico-madrid\/"},"wordCount":750,"commentCount":0,"publisher":{"@id":"https:\/\/dicodusport.fr\/blog\/#organization"},"image":{"@id":"https:\/\/dicodusport.fr\/blog\/liga-j16-le-barca-consolide-sa-place-de-leader-en-simposant-face-a-latletico-madrid\/#primaryimage"},"thumbnailUrl":"https:\/\/dicodusport.fr\/blog\/wp-content\/uploads\/2023\/01\/Liga-J16-Le-Barca-consolide-sa-place-de-leader-en-simposant-face-a-lAtletico-Madrid.png","keywords":["Atl\u00e9tico madrid","bar\u00e7a","FC Barcelone","Football","Liga"],"articleSection":["Football"],"inLanguage":"fr-FR","potentialAction":[{"@type":"CommentAction","name":"Comment","target":["https:\/\/dicodusport.fr\/blog\/liga-j16-le-barca-consolide-sa-place-de-leader-en-simposant-face-a-latletico-madrid\/#respond"]}],"copyrightYear":"2023","copyrightHolder":{"@id":"https:\/\/dicodusport.fr\/blog\/#organization"}},{"@type":"WebPage","@id":"https:\/\/dicodusport.fr\/blog\/liga-j16-le-barca-consolide-sa-place-de-leader-en-simposant-face-a-latletico-madrid\/","url":"https:\/\/dicodusport.fr\/blog\/liga-j16-le-barca-consolide-sa-place-de-leader-en-simposant-face-a-latletico-madrid\/","name":"Liga (J16) : Le Bar\u00e7a consolide sa place de leader en s'imposant face \u00e0 l'Atl\u00e9tico Madrid","isPartOf":{"@id":"https:\/\/dicodusport.fr\/blog\/#website"},"primaryImageOfPage":{"@id":"https:\/\/dicodusport.fr\/blog\/liga-j16-le-barca-consolide-sa-place-de-leader-en-simposant-face-a-latletico-madrid\/#primaryimage"},"image":{"@id":"https:\/\/dicodusport.fr\/blog\/liga-j16-le-barca-consolide-sa-place-de-leader-en-simposant-face-a-latletico-madrid\/#primaryimage"},"thumbnailUrl":"https:\/\/dicodusport.fr\/blog\/wp-content\/uploads\/2023\/01\/Liga-J16-Le-Barca-consolide-sa-place-de-leader-en-simposant-face-a-lAtletico-Madrid.png","datePublished":"2023-01-08T22:04:13+00:00","dateModified":"2023-01-08T22:30:35+00:00","description":"LIGA - Le FC Barcelone se d\u00e9tache en prenant seul la t\u00eate du championnat espagnol, en s'imposant contre l'Atl\u00e9tico Madrid (0-1).","breadcrumb":{"@id":"https:\/\/dicodusport.fr\/blog\/liga-j16-le-barca-consolide-sa-place-de-leader-en-simposant-face-a-latletico-madrid\/#breadcrumb"},"inLanguage":"fr-FR","potentialAction":[{"@type":"ReadAction","target":["https:\/\/dicodusport.fr\/blog\/liga-j16-le-barca-consolide-sa-place-de-leader-en-simposant-face-a-latletico-madrid\/"]}]},{"@type":"ImageObject","inLanguage":"fr-FR","@id":"https:\/\/dicodusport.fr\/blog\/liga-j16-le-barca-consolide-sa-place-de-leader-en-simposant-face-a-latletico-madrid\/#primaryimage","url":"https:\/\/dicodusport.fr\/blog\/wp-content\/uploads\/2023\/01\/Liga-J16-Le-Barca-consolide-sa-place-de-leader-en-simposant-face-a-lAtletico-Madrid.png","contentUrl":"https:\/\/dicodusport.fr\/blog\/wp-content\/uploads\/2023\/01\/Liga-J16-Le-Barca-consolide-sa-place-de-leader-en-simposant-face-a-lAtletico-Madrid.png","width":800,"height":445,"caption":"Liga (J16) Le Bar\u00e7a consolide sa place de leader en s\u2019imposant face \u00e0 l\u2019Atletico Madrid"},{"@type":"BreadcrumbList","@id":"https:\/\/dicodusport.fr\/blog\/liga-j16-le-barca-consolide-sa-place-de-leader-en-simposant-face-a-latletico-madrid\/#breadcrumb","itemListElement":[{"@type":"ListItem","position":1,"name":"Accueil","item":"https:\/\/dicodusport.fr\/blog\/"},{"@type":"ListItem","position":2,"name":"Liga (J16) : Le Bar\u00e7a consolide sa place de leader en s&rsquo;imposant face \u00e0 l&rsquo;Atl\u00e9tico Madrid"}]},{"@type":"WebSite","@id":"https:\/\/dicodusport.fr\/blog\/#website","url":"https:\/\/dicodusport.fr\/blog\/","name":"Dicodusport","description":"L&#039;encyclop\u00e9die de l&#039;actualit\u00e9 sportive","publisher":{"@id":"https:\/\/dicodusport.fr\/blog\/#organization"},"potentialAction":[{"@type":"SearchAction","target":{"@type":"EntryPoint","urlTemplate":"https:\/\/dicodusport.fr\/blog\/?s={search_term_string}"},"query-input":{"@type":"PropertyValueSpecification","valueRequired":true,"valueName":"search_term_string"}}],"inLanguage":"fr-FR"},{"@type":"NewsMediaOrganization","@id":"https:\/\/dicodusport.fr\/blog\/#organization","name":"Dicodusport","url":"https:\/\/dicodusport.fr\/blog\/","logo":{"@type":"ImageObject","inLanguage":"fr-FR","@id":"https:\/\/dicodusport.fr\/blog\/#\/schema\/logo\/image\/","url":"https:\/\/dicodusport.fr\/blog\/wp-content\/uploads\/2020\/06\/cropped-LOGO-DICODUSPORT-2020-SANS-FOND-SANS-TEXTE.png","contentUrl":"https:\/\/dicodusport.fr\/blog\/wp-content\/uploads\/2020\/06\/cropped-LOGO-DICODUSPORT-2020-SANS-FOND-SANS-TEXTE.png","width":512,"height":512,"caption":"Dicodusport"},"image":{"@id":"https:\/\/dicodusport.fr\/blog\/#\/schema\/logo\/image\/"},"sameAs":["https:\/\/www.facebook.com\/dicodusport","https:\/\/x.com\/dicodusport","https:\/\/www.instagram.com\/dicodusport\/","https:\/\/www.youtube.com\/channel\/UC7V2KZ5sd3htJivAbA4ZG3w"],"description":"Dicodusport est l'encyclop\u00e9die de l'actualit\u00e9 sportive.","email":"bonjour@dicodusport.fr","legalName":"DICODUSPORT","foundingDate":"2018-01-14","vatID":"FR71834470973","taxID":"83447097300043","numberOfEmployees":{"@type":"QuantitativeValue","minValue":"1","maxValue":"10"}},{"@type":"Person","@id":"https:\/\/dicodusport.fr\/blog\/#\/schema\/person\/5b73f4b55b8683f37e9f75d6dc039f31","name":"Andr\u00e9a Lamy","image":{"@type":"ImageObject","inLanguage":"fr-FR","@id":"https:\/\/dicodusport.fr\/blog\/#\/schema\/person\/image\/","url":"https:\/\/dicodusport.fr\/blog\/wp-content\/uploads\/2022\/03\/Andrea-150x150.jpg","contentUrl":"https:\/\/dicodusport.fr\/blog\/wp-content\/uploads\/2022\/03\/Andrea-150x150.jpg","caption":"Andr\u00e9a Lamy"},"url":"https:\/\/dicodusport.fr\/blog\/author\/andrea-lamy\/"}]}},"_links":{"self":[{"href":"https:\/\/dicodusport.fr\/blog\/wp-json\/wp\/v2\/posts\/342789","targetHints":{"allow":["GET"]}}],"collection":[{"href":"https:\/\/dicodusport.fr\/blog\/wp-json\/wp\/v2\/posts"}],"about":[{"href":"https:\/\/dicodusport.fr\/blog\/wp-json\/wp\/v2\/types\/post"}],"author":[{"embeddable":true,"href":"https:\/\/dicodusport.fr\/blog\/wp-json\/wp\/v2\/users\/62"}],"replies":[{"embeddable":true,"href":"https:\/\/dicodusport.fr\/blog\/wp-json\/wp\/v2\/comments?post=342789"}],"version-history":[{"count":0,"href":"https:\/\/dicodusport.fr\/blog\/wp-json\/wp\/v2\/posts\/342789\/revisions"}],"wp:featuredmedia":[{"embeddable":true,"href":"https:\/\/dicodusport.fr\/blog\/wp-json\/wp\/v2\/media\/342794"}],"wp:attachment":[{"href":"https:\/\/dicodusport.fr\/blog\/wp-json\/wp\/v2\/media?parent=342789"}],"wp:term":[{"taxonomy":"category","embeddable":true,"href":"https:\/\/dicodusport.fr\/blog\/wp-json\/wp\/v2\/categories?post=342789"},{"taxonomy":"post_tag","embeddable":true,"href":"https:\/\/dicodusport.fr\/blog\/wp-json\/wp\/v2\/tags?post=342789"}],"curies":[{"name":"wp","href":"https:\/\/api.w.org\/{rel}","templated":true}]}}