{"id":342926,"date":"2023-01-09T12:47:36","date_gmt":"2023-01-09T11:47:36","guid":{"rendered":"https:\/\/dicodusport.fr\/blog\/?p=342926&#038;preview=true&#038;preview_id=342926"},"modified":"2023-01-09T15:34:07","modified_gmt":"2023-01-09T14:34:07","slug":"julien-stephan-nest-plus-lentraineur-du-rc-strasbourg","status":"publish","type":"post","link":"https:\/\/dicodusport.fr\/blog\/julien-stephan-nest-plus-lentraineur-du-rc-strasbourg\/","title":{"rendered":"Julien St\u00e9phan n&rsquo;est plus l&rsquo;entra\u00eeneur du RC Strasbourg"},"content":{"rendered":"<p align=\"justify\"><em><b>LIGUE 1 2022-2023 &#8211; Les dirigeants du RC Strasbourg ont annonc\u00e9 la mise \u00e0 pied de Julien St\u00e9phan avec effet imm\u00e9diat.\u00a0<\/b><\/em><\/p>\n<p align=\"justify\">Avant-dernier au <a href=\"https:\/\/dicodusport.fr\/blog\/classement-complet-ligue-1-2022-2023\/\" target=\"_blank\" rel=\"noopener\">classement de Ligue 1<\/a>, <strong>Strasbourg<\/strong> a d\u00e9cid\u00e9 d&rsquo;\u00e9carter son entra\u00eeneur <strong>Julien<\/strong> <strong>St\u00e9phan<\/strong>. Apr\u00e8s une premi\u00e8re saison exceptionnelle avec une sixi\u00e8me place \u00e0 la cl\u00e9, le technicien n&rsquo;a pas r\u00e9ussi \u00e0 insuffler la m\u00eame dynamique ces derniers mois. C&rsquo;est par un communiqu\u00e9 que le club a annonc\u00e9 la mise \u00e0 pied de <strong>Julien<\/strong> <strong>St\u00e9phan.<\/strong><\/p>\n<blockquote>\n<p style=\"text-align: justify;\" align=\"justify\">Le Pr\u00e9sident du Racing Club de Strasbourg Alsace, Marc Keller, a notifi\u00e9 ce lundi 9 janvier 2023 \u00e0 Julien St\u00e9phan, entra\u00eeneur de l\u2019\u00e9quipe professionnelle du Racing, sa mise \u00e0 pied \u00e0 titre conservatoire. L\u2019int\u00e9rim sera assur\u00e9 d\u00e8s aujourd\u2019hui et jusqu\u2019\u00e0 nouvel ordre par Mathieu Le Scornet.<\/p>\n<\/blockquote>\n<p align=\"justify\">C&rsquo;est donc <strong>Mathieu<\/strong> <strong>Le<\/strong> <strong>Scornet<\/strong> qui prend les commandes du groupe professionnel, avant qu&rsquo;un nouvel entra\u00eeneur ne soit prochainement nomm\u00e9.<\/p>\n<blockquote class=\"twitter-tweet\">\n<p dir=\"ltr\" lang=\"fr\">\ud835\udc02\ud835\udc28\ud835\udc26\ud835\udc26\ud835\udc2e\ud835\udc27\ud835\udc22\ud835\udc2a\ud835\udc2e\ud835\udc1e\u0301 \ud835\udc28\ud835\udc1f\ud835\udc1f\ud835\udc22\ud835\udc1c\ud835\udc22\ud835\udc1e\ud835\udc25<\/p>\n<p>Le Pr\u00e9sident du Racing, Marc Keller, a notifi\u00e9 ce matin \u00e0 Julien St\u00e9phan, entra\u00eeneur de l\u2019\u00e9quipe professionnelle, sa mise \u00e0 pied \u00e0 titre conservatoire. L\u2019int\u00e9rim sera assur\u00e9 d\u00e8s aujourd\u2019hui et jusqu\u2019\u00e0 nouvel ordre par Mathieu Le Scornet \u2935\ufe0f<\/p>\n<p>\u2014 Racing Club de Strasbourg Alsace (@RCSA) <a href=\"https:\/\/twitter.com\/RCSA\/status\/1612408848517677057?ref_src=twsrc%5Etfw\">January 9, 2023<\/a><\/p><\/blockquote>\n<p><script async src=\"https:\/\/platform.twitter.com\/widgets.js\" charset=\"utf-8\"><\/script><\/p>\n","protected":false},"excerpt":{"rendered":"<p>LIGUE 1 2022-2023 &#8211; Les dirigeants du RC Strasbourg ont annonc\u00e9 la mise \u00e0 pied de Julien St\u00e9phan avec effet imm\u00e9diat.\u00a0<\/p>\n","protected":false},"author":1,"featured_media":342927,"comment_status":"open","ping_status":"closed","sticky":false,"template":"","format":"standard","meta":{"_acf_changed":false,"_daextam_enable_autolinks":"","footnotes":""},"categories":[2301,47045],"tags":[75,6888,1554,2987,1619],"class_list":["post-342926","post","type-post","status-publish","format-standard","has-post-thumbnail","hentry","category-football","category-ligue-1","tag-football","tag-julien-stephan","tag-ligue-1","tag-rc-strasbourg","tag-strasbourg"],"acf":[],"yoast_head":"<!-- This site is optimized with the Yoast SEO Premium plugin v26.7 (Yoast SEO v26.7) - https:\/\/yoast.com\/wordpress\/plugins\/seo\/ -->\n<title>Julien St\u00e9phan n&#039;est plus l&#039;entra\u00eeneur du RC Strasbourg<\/title>\n<meta name=\"description\" content=\"LIGUE 1 2022-2023 - Les dirigeants du RC Strasbourg ont annonc\u00e9 la mise \u00e0 pied de Julien St\u00e9phan avec effet imm\u00e9diat.\u00a0\" \/>\n<meta name=\"robots\" content=\"index, follow, max-snippet:-1, max-image-preview:large, max-video-preview:-1\" \/>\n<link rel=\"canonical\" href=\"https:\/\/dicodusport.fr\/blog\/julien-stephan-nest-plus-lentraineur-du-rc-strasbourg\/\" \/>\n<meta property=\"og:locale\" content=\"fr_FR\" \/>\n<meta property=\"og:type\" content=\"article\" \/>\n<meta property=\"og:title\" content=\"Julien St\u00e9phan n&#039;est plus l&#039;entra\u00eeneur du RC Strasbourg\" \/>\n<meta property=\"og:description\" content=\"LIGUE 1 2022-2023 - Les dirigeants du RC Strasbourg ont annonc\u00e9 la mise \u00e0 pied de Julien St\u00e9phan avec effet imm\u00e9diat.\u00a0\" \/>\n<meta property=\"og:url\" content=\"https:\/\/dicodusport.fr\/blog\/julien-stephan-nest-plus-lentraineur-du-rc-strasbourg\/\" \/>\n<meta property=\"og:site_name\" content=\"Dicodusport\" \/>\n<meta property=\"article:publisher\" content=\"https:\/\/www.facebook.com\/dicodusport\" \/>\n<meta property=\"article:author\" content=\"https:\/\/www.facebook.com\/dicodusport\" \/>\n<meta property=\"article:published_time\" content=\"2023-01-09T11:47:36+00:00\" \/>\n<meta property=\"article:modified_time\" content=\"2023-01-09T14:34:07+00:00\" \/>\n<meta property=\"og:image\" content=\"https:\/\/dicodusport.fr\/blog\/wp-content\/uploads\/2023\/01\/Julien-Stephan-nest-plus-lentraineur-du-RC-Strasbourg.png\" \/>\n\t<meta property=\"og:image:width\" content=\"800\" \/>\n\t<meta property=\"og:image:height\" content=\"445\" \/>\n\t<meta property=\"og:image:type\" content=\"image\/png\" \/>\n<meta name=\"author\" content=\"Nicolas Jacquemard\" \/>\n<meta name=\"twitter:card\" content=\"summary_large_image\" \/>\n<meta name=\"twitter:title\" content=\"Julien St\u00e9phan n&#039;est plus l&#039;entra\u00eeneur du RC Strasbourg\" \/>\n<meta name=\"twitter:creator\" content=\"@https:\/\/twitter.com\/Nico_Jacquemard\" \/>\n<meta name=\"twitter:site\" content=\"@dicodusport\" \/>\n<script type=\"application\/ld+json\" class=\"yoast-schema-graph\">{\"@context\":\"https:\/\/schema.org\",\"@graph\":[{\"@type\":\"NewsArticle\",\"@id\":\"https:\/\/dicodusport.fr\/blog\/julien-stephan-nest-plus-lentraineur-du-rc-strasbourg\/#article\",\"isPartOf\":{\"@id\":\"https:\/\/dicodusport.fr\/blog\/julien-stephan-nest-plus-lentraineur-du-rc-strasbourg\/\"},\"author\":{\"name\":\"Nicolas Jacquemard\",\"@id\":\"https:\/\/dicodusport.fr\/blog\/#\/schema\/person\/55dcb50ad410894e431ed812bbb70191\"},\"headline\":\"Julien St\u00e9phan n&rsquo;est plus l&rsquo;entra\u00eeneur du RC Strasbourg\",\"datePublished\":\"2023-01-09T11:47:36+00:00\",\"dateModified\":\"2023-01-09T14:34:07+00:00\",\"mainEntityOfPage\":{\"@id\":\"https:\/\/dicodusport.fr\/blog\/julien-stephan-nest-plus-lentraineur-du-rc-strasbourg\/\"},\"wordCount\":217,\"commentCount\":0,\"publisher\":{\"@id\":\"https:\/\/dicodusport.fr\/blog\/#organization\"},\"image\":{\"@id\":\"https:\/\/dicodusport.fr\/blog\/julien-stephan-nest-plus-lentraineur-du-rc-strasbourg\/#primaryimage\"},\"thumbnailUrl\":\"https:\/\/dicodusport.fr\/blog\/wp-content\/uploads\/2023\/01\/Julien-Stephan-nest-plus-lentraineur-du-RC-Strasbourg.png\",\"keywords\":[\"Football\",\"Julien St\u00e9phan\",\"Ligue 1\",\"RC Strasbourg\",\"Strasbourg\"],\"articleSection\":[\"Football\",\"Ligue 1\"],\"inLanguage\":\"fr-FR\",\"potentialAction\":[{\"@type\":\"CommentAction\",\"name\":\"Comment\",\"target\":[\"https:\/\/dicodusport.fr\/blog\/julien-stephan-nest-plus-lentraineur-du-rc-strasbourg\/#respond\"]}],\"copyrightYear\":\"2023\",\"copyrightHolder\":{\"@id\":\"https:\/\/dicodusport.fr\/blog\/#organization\"}},{\"@type\":\"WebPage\",\"@id\":\"https:\/\/dicodusport.fr\/blog\/julien-stephan-nest-plus-lentraineur-du-rc-strasbourg\/\",\"url\":\"https:\/\/dicodusport.fr\/blog\/julien-stephan-nest-plus-lentraineur-du-rc-strasbourg\/\",\"name\":\"Julien St\u00e9phan n'est plus l'entra\u00eeneur du RC Strasbourg\",\"isPartOf\":{\"@id\":\"https:\/\/dicodusport.fr\/blog\/#website\"},\"primaryImageOfPage\":{\"@id\":\"https:\/\/dicodusport.fr\/blog\/julien-stephan-nest-plus-lentraineur-du-rc-strasbourg\/#primaryimage\"},\"image\":{\"@id\":\"https:\/\/dicodusport.fr\/blog\/julien-stephan-nest-plus-lentraineur-du-rc-strasbourg\/#primaryimage\"},\"thumbnailUrl\":\"https:\/\/dicodusport.fr\/blog\/wp-content\/uploads\/2023\/01\/Julien-Stephan-nest-plus-lentraineur-du-RC-Strasbourg.png\",\"datePublished\":\"2023-01-09T11:47:36+00:00\",\"dateModified\":\"2023-01-09T14:34:07+00:00\",\"description\":\"LIGUE 1 2022-2023 - Les dirigeants du RC Strasbourg ont annonc\u00e9 la mise \u00e0 pied de Julien St\u00e9phan avec effet imm\u00e9diat.\u00a0\",\"breadcrumb\":{\"@id\":\"https:\/\/dicodusport.fr\/blog\/julien-stephan-nest-plus-lentraineur-du-rc-strasbourg\/#breadcrumb\"},\"inLanguage\":\"fr-FR\",\"potentialAction\":[{\"@type\":\"ReadAction\",\"target\":[\"https:\/\/dicodusport.fr\/blog\/julien-stephan-nest-plus-lentraineur-du-rc-strasbourg\/\"]}]},{\"@type\":\"ImageObject\",\"inLanguage\":\"fr-FR\",\"@id\":\"https:\/\/dicodusport.fr\/blog\/julien-stephan-nest-plus-lentraineur-du-rc-strasbourg\/#primaryimage\",\"url\":\"https:\/\/dicodusport.fr\/blog\/wp-content\/uploads\/2023\/01\/Julien-Stephan-nest-plus-lentraineur-du-RC-Strasbourg.png\",\"contentUrl\":\"https:\/\/dicodusport.fr\/blog\/wp-content\/uploads\/2023\/01\/Julien-Stephan-nest-plus-lentraineur-du-RC-Strasbourg.png\",\"width\":800,\"height\":445},{\"@type\":\"BreadcrumbList\",\"@id\":\"https:\/\/dicodusport.fr\/blog\/julien-stephan-nest-plus-lentraineur-du-rc-strasbourg\/#breadcrumb\",\"itemListElement\":[{\"@type\":\"ListItem\",\"position\":1,\"name\":\"Accueil\",\"item\":\"https:\/\/dicodusport.fr\/blog\/\"},{\"@type\":\"ListItem\",\"position\":2,\"name\":\"Julien St\u00e9phan n&rsquo;est plus l&rsquo;entra\u00eeneur du RC Strasbourg\"}]},{\"@type\":\"WebSite\",\"@id\":\"https:\/\/dicodusport.fr\/blog\/#website\",\"url\":\"https:\/\/dicodusport.fr\/blog\/\",\"name\":\"Dicodusport\",\"description\":\"L&#039;encyclop\u00e9die de l&#039;actualit\u00e9 sportive\",\"publisher\":{\"@id\":\"https:\/\/dicodusport.fr\/blog\/#organization\"},\"potentialAction\":[{\"@type\":\"SearchAction\",\"target\":{\"@type\":\"EntryPoint\",\"urlTemplate\":\"https:\/\/dicodusport.fr\/blog\/?s={search_term_string}\"},\"query-input\":{\"@type\":\"PropertyValueSpecification\",\"valueRequired\":true,\"valueName\":\"search_term_string\"}}],\"inLanguage\":\"fr-FR\"},{\"@type\":\"NewsMediaOrganization\",\"@id\":\"https:\/\/dicodusport.fr\/blog\/#organization\",\"name\":\"Dicodusport\",\"url\":\"https:\/\/dicodusport.fr\/blog\/\",\"logo\":{\"@type\":\"ImageObject\",\"inLanguage\":\"fr-FR\",\"@id\":\"https:\/\/dicodusport.fr\/blog\/#\/schema\/logo\/image\/\",\"url\":\"https:\/\/dicodusport.fr\/blog\/wp-content\/uploads\/2020\/06\/cropped-LOGO-DICODUSPORT-2020-SANS-FOND-SANS-TEXTE.png\",\"contentUrl\":\"https:\/\/dicodusport.fr\/blog\/wp-content\/uploads\/2020\/06\/cropped-LOGO-DICODUSPORT-2020-SANS-FOND-SANS-TEXTE.png\",\"width\":512,\"height\":512,\"caption\":\"Dicodusport\"},\"image\":{\"@id\":\"https:\/\/dicodusport.fr\/blog\/#\/schema\/logo\/image\/\"},\"sameAs\":[\"https:\/\/www.facebook.com\/dicodusport\",\"https:\/\/x.com\/dicodusport\",\"https:\/\/www.instagram.com\/dicodusport\/\",\"https:\/\/www.youtube.com\/channel\/UC7V2KZ5sd3htJivAbA4ZG3w\"],\"description\":\"Dicodusport est l'encyclop\u00e9die de l'actualit\u00e9 sportive.\",\"email\":\"bonjour@dicodusport.fr\",\"legalName\":\"DICODUSPORT\",\"foundingDate\":\"2018-01-14\",\"vatID\":\"FR71834470973\",\"taxID\":\"83447097300043\",\"numberOfEmployees\":{\"@type\":\"QuantitativeValue\",\"minValue\":\"1\",\"maxValue\":\"10\"}},{\"@type\":\"Person\",\"@id\":\"https:\/\/dicodusport.fr\/blog\/#\/schema\/person\/55dcb50ad410894e431ed812bbb70191\",\"name\":\"Nicolas Jacquemard\",\"image\":{\"@type\":\"ImageObject\",\"inLanguage\":\"fr-FR\",\"@id\":\"https:\/\/dicodusport.fr\/blog\/#\/schema\/person\/image\/\",\"url\":\"https:\/\/dicodusport.fr\/blog\/wp-content\/uploads\/2021\/05\/Nicolas-Jacquemard-150x150.jpeg\",\"contentUrl\":\"https:\/\/dicodusport.fr\/blog\/wp-content\/uploads\/2021\/05\/Nicolas-Jacquemard-150x150.jpeg\",\"caption\":\"Nicolas Jacquemard\"},\"description\":\"Passionn\u00e9 de sport et entrepreneur depuis mes 18 ans, la cr\u00e9ation de Dicodusport m'a sembl\u00e9 \u00e9vidente pour participer \u00e0 la m\u00e9diatisation d'un plus grand nombre de sports. Le chemin est long mais avec une \u00e9quipe des plus motiv\u00e9es et les Jeux Olympiques de Paris 2024 en point de mire, nous y arriverons ! Journaliste dans le monde du sport depuis plus de 5 ans, je traite aussi bien de football, de rugby, de biathlon que de cyclisme.\",\"sameAs\":[\"https:\/\/www.facebook.com\/dicodusport\",\"https:\/\/x.com\/https:\/\/twitter.com\/Nico_Jacquemard\"],\"url\":\"https:\/\/dicodusport.fr\/blog\/author\/dicodusport\/\"}]}<\/script>\n<!-- \/ Yoast SEO Premium plugin. -->","yoast_head_json":{"title":"Julien St\u00e9phan n'est plus l'entra\u00eeneur du RC Strasbourg","description":"LIGUE 1 2022-2023 - Les dirigeants du RC Strasbourg ont annonc\u00e9 la mise \u00e0 pied de Julien St\u00e9phan avec effet imm\u00e9diat.\u00a0","robots":{"index":"index","follow":"follow","max-snippet":"max-snippet:-1","max-image-preview":"max-image-preview:large","max-video-preview":"max-video-preview:-1"},"canonical":"https:\/\/dicodusport.fr\/blog\/julien-stephan-nest-plus-lentraineur-du-rc-strasbourg\/","og_locale":"fr_FR","og_type":"article","og_title":"Julien St\u00e9phan n'est plus l'entra\u00eeneur du RC Strasbourg","og_description":"LIGUE 1 2022-2023 - Les dirigeants du RC Strasbourg ont annonc\u00e9 la mise \u00e0 pied de Julien St\u00e9phan avec effet imm\u00e9diat.\u00a0","og_url":"https:\/\/dicodusport.fr\/blog\/julien-stephan-nest-plus-lentraineur-du-rc-strasbourg\/","og_site_name":"Dicodusport","article_publisher":"https:\/\/www.facebook.com\/dicodusport","article_author":"https:\/\/www.facebook.com\/dicodusport","article_published_time":"2023-01-09T11:47:36+00:00","article_modified_time":"2023-01-09T14:34:07+00:00","og_image":[{"width":800,"height":445,"url":"https:\/\/dicodusport.fr\/blog\/wp-content\/uploads\/2023\/01\/Julien-Stephan-nest-plus-lentraineur-du-RC-Strasbourg.png","type":"image\/png"}],"author":"Nicolas Jacquemard","twitter_card":"summary_large_image","twitter_title":"Julien St\u00e9phan n'est plus l'entra\u00eeneur du RC Strasbourg","twitter_creator":"@https:\/\/twitter.com\/Nico_Jacquemard","twitter_site":"@dicodusport","schema":{"@context":"https:\/\/schema.org","@graph":[{"@type":"NewsArticle","@id":"https:\/\/dicodusport.fr\/blog\/julien-stephan-nest-plus-lentraineur-du-rc-strasbourg\/#article","isPartOf":{"@id":"https:\/\/dicodusport.fr\/blog\/julien-stephan-nest-plus-lentraineur-du-rc-strasbourg\/"},"author":{"name":"Nicolas Jacquemard","@id":"https:\/\/dicodusport.fr\/blog\/#\/schema\/person\/55dcb50ad410894e431ed812bbb70191"},"headline":"Julien St\u00e9phan n&rsquo;est plus l&rsquo;entra\u00eeneur du RC Strasbourg","datePublished":"2023-01-09T11:47:36+00:00","dateModified":"2023-01-09T14:34:07+00:00","mainEntityOfPage":{"@id":"https:\/\/dicodusport.fr\/blog\/julien-stephan-nest-plus-lentraineur-du-rc-strasbourg\/"},"wordCount":217,"commentCount":0,"publisher":{"@id":"https:\/\/dicodusport.fr\/blog\/#organization"},"image":{"@id":"https:\/\/dicodusport.fr\/blog\/julien-stephan-nest-plus-lentraineur-du-rc-strasbourg\/#primaryimage"},"thumbnailUrl":"https:\/\/dicodusport.fr\/blog\/wp-content\/uploads\/2023\/01\/Julien-Stephan-nest-plus-lentraineur-du-RC-Strasbourg.png","keywords":["Football","Julien St\u00e9phan","Ligue 1","RC Strasbourg","Strasbourg"],"articleSection":["Football","Ligue 1"],"inLanguage":"fr-FR","potentialAction":[{"@type":"CommentAction","name":"Comment","target":["https:\/\/dicodusport.fr\/blog\/julien-stephan-nest-plus-lentraineur-du-rc-strasbourg\/#respond"]}],"copyrightYear":"2023","copyrightHolder":{"@id":"https:\/\/dicodusport.fr\/blog\/#organization"}},{"@type":"WebPage","@id":"https:\/\/dicodusport.fr\/blog\/julien-stephan-nest-plus-lentraineur-du-rc-strasbourg\/","url":"https:\/\/dicodusport.fr\/blog\/julien-stephan-nest-plus-lentraineur-du-rc-strasbourg\/","name":"Julien St\u00e9phan n'est plus l'entra\u00eeneur du RC Strasbourg","isPartOf":{"@id":"https:\/\/dicodusport.fr\/blog\/#website"},"primaryImageOfPage":{"@id":"https:\/\/dicodusport.fr\/blog\/julien-stephan-nest-plus-lentraineur-du-rc-strasbourg\/#primaryimage"},"image":{"@id":"https:\/\/dicodusport.fr\/blog\/julien-stephan-nest-plus-lentraineur-du-rc-strasbourg\/#primaryimage"},"thumbnailUrl":"https:\/\/dicodusport.fr\/blog\/wp-content\/uploads\/2023\/01\/Julien-Stephan-nest-plus-lentraineur-du-RC-Strasbourg.png","datePublished":"2023-01-09T11:47:36+00:00","dateModified":"2023-01-09T14:34:07+00:00","description":"LIGUE 1 2022-2023 - Les dirigeants du RC Strasbourg ont annonc\u00e9 la mise \u00e0 pied de Julien St\u00e9phan avec effet imm\u00e9diat.\u00a0","breadcrumb":{"@id":"https:\/\/dicodusport.fr\/blog\/julien-stephan-nest-plus-lentraineur-du-rc-strasbourg\/#breadcrumb"},"inLanguage":"fr-FR","potentialAction":[{"@type":"ReadAction","target":["https:\/\/dicodusport.fr\/blog\/julien-stephan-nest-plus-lentraineur-du-rc-strasbourg\/"]}]},{"@type":"ImageObject","inLanguage":"fr-FR","@id":"https:\/\/dicodusport.fr\/blog\/julien-stephan-nest-plus-lentraineur-du-rc-strasbourg\/#primaryimage","url":"https:\/\/dicodusport.fr\/blog\/wp-content\/uploads\/2023\/01\/Julien-Stephan-nest-plus-lentraineur-du-RC-Strasbourg.png","contentUrl":"https:\/\/dicodusport.fr\/blog\/wp-content\/uploads\/2023\/01\/Julien-Stephan-nest-plus-lentraineur-du-RC-Strasbourg.png","width":800,"height":445},{"@type":"BreadcrumbList","@id":"https:\/\/dicodusport.fr\/blog\/julien-stephan-nest-plus-lentraineur-du-rc-strasbourg\/#breadcrumb","itemListElement":[{"@type":"ListItem","position":1,"name":"Accueil","item":"https:\/\/dicodusport.fr\/blog\/"},{"@type":"ListItem","position":2,"name":"Julien St\u00e9phan n&rsquo;est plus l&rsquo;entra\u00eeneur du RC Strasbourg"}]},{"@type":"WebSite","@id":"https:\/\/dicodusport.fr\/blog\/#website","url":"https:\/\/dicodusport.fr\/blog\/","name":"Dicodusport","description":"L&#039;encyclop\u00e9die de l&#039;actualit\u00e9 sportive","publisher":{"@id":"https:\/\/dicodusport.fr\/blog\/#organization"},"potentialAction":[{"@type":"SearchAction","target":{"@type":"EntryPoint","urlTemplate":"https:\/\/dicodusport.fr\/blog\/?s={search_term_string}"},"query-input":{"@type":"PropertyValueSpecification","valueRequired":true,"valueName":"search_term_string"}}],"inLanguage":"fr-FR"},{"@type":"NewsMediaOrganization","@id":"https:\/\/dicodusport.fr\/blog\/#organization","name":"Dicodusport","url":"https:\/\/dicodusport.fr\/blog\/","logo":{"@type":"ImageObject","inLanguage":"fr-FR","@id":"https:\/\/dicodusport.fr\/blog\/#\/schema\/logo\/image\/","url":"https:\/\/dicodusport.fr\/blog\/wp-content\/uploads\/2020\/06\/cropped-LOGO-DICODUSPORT-2020-SANS-FOND-SANS-TEXTE.png","contentUrl":"https:\/\/dicodusport.fr\/blog\/wp-content\/uploads\/2020\/06\/cropped-LOGO-DICODUSPORT-2020-SANS-FOND-SANS-TEXTE.png","width":512,"height":512,"caption":"Dicodusport"},"image":{"@id":"https:\/\/dicodusport.fr\/blog\/#\/schema\/logo\/image\/"},"sameAs":["https:\/\/www.facebook.com\/dicodusport","https:\/\/x.com\/dicodusport","https:\/\/www.instagram.com\/dicodusport\/","https:\/\/www.youtube.com\/channel\/UC7V2KZ5sd3htJivAbA4ZG3w"],"description":"Dicodusport est l'encyclop\u00e9die de l'actualit\u00e9 sportive.","email":"bonjour@dicodusport.fr","legalName":"DICODUSPORT","foundingDate":"2018-01-14","vatID":"FR71834470973","taxID":"83447097300043","numberOfEmployees":{"@type":"QuantitativeValue","minValue":"1","maxValue":"10"}},{"@type":"Person","@id":"https:\/\/dicodusport.fr\/blog\/#\/schema\/person\/55dcb50ad410894e431ed812bbb70191","name":"Nicolas Jacquemard","image":{"@type":"ImageObject","inLanguage":"fr-FR","@id":"https:\/\/dicodusport.fr\/blog\/#\/schema\/person\/image\/","url":"https:\/\/dicodusport.fr\/blog\/wp-content\/uploads\/2021\/05\/Nicolas-Jacquemard-150x150.jpeg","contentUrl":"https:\/\/dicodusport.fr\/blog\/wp-content\/uploads\/2021\/05\/Nicolas-Jacquemard-150x150.jpeg","caption":"Nicolas Jacquemard"},"description":"Passionn\u00e9 de sport et entrepreneur depuis mes 18 ans, la cr\u00e9ation de Dicodusport m'a sembl\u00e9 \u00e9vidente pour participer \u00e0 la m\u00e9diatisation d'un plus grand nombre de sports. Le chemin est long mais avec une \u00e9quipe des plus motiv\u00e9es et les Jeux Olympiques de Paris 2024 en point de mire, nous y arriverons ! Journaliste dans le monde du sport depuis plus de 5 ans, je traite aussi bien de football, de rugby, de biathlon que de cyclisme.","sameAs":["https:\/\/www.facebook.com\/dicodusport","https:\/\/x.com\/https:\/\/twitter.com\/Nico_Jacquemard"],"url":"https:\/\/dicodusport.fr\/blog\/author\/dicodusport\/"}]}},"_links":{"self":[{"href":"https:\/\/dicodusport.fr\/blog\/wp-json\/wp\/v2\/posts\/342926","targetHints":{"allow":["GET"]}}],"collection":[{"href":"https:\/\/dicodusport.fr\/blog\/wp-json\/wp\/v2\/posts"}],"about":[{"href":"https:\/\/dicodusport.fr\/blog\/wp-json\/wp\/v2\/types\/post"}],"author":[{"embeddable":true,"href":"https:\/\/dicodusport.fr\/blog\/wp-json\/wp\/v2\/users\/1"}],"replies":[{"embeddable":true,"href":"https:\/\/dicodusport.fr\/blog\/wp-json\/wp\/v2\/comments?post=342926"}],"version-history":[{"count":0,"href":"https:\/\/dicodusport.fr\/blog\/wp-json\/wp\/v2\/posts\/342926\/revisions"}],"wp:featuredmedia":[{"embeddable":true,"href":"https:\/\/dicodusport.fr\/blog\/wp-json\/wp\/v2\/media\/342927"}],"wp:attachment":[{"href":"https:\/\/dicodusport.fr\/blog\/wp-json\/wp\/v2\/media?parent=342926"}],"wp:term":[{"taxonomy":"category","embeddable":true,"href":"https:\/\/dicodusport.fr\/blog\/wp-json\/wp\/v2\/categories?post=342926"},{"taxonomy":"post_tag","embeddable":true,"href":"https:\/\/dicodusport.fr\/blog\/wp-json\/wp\/v2\/tags?post=342926"}],"curies":[{"name":"wp","href":"https:\/\/api.w.org\/{rel}","templated":true}]}}