{"id":342995,"date":"2023-01-09T18:47:59","date_gmt":"2023-01-09T17:47:59","guid":{"rendered":"https:\/\/dicodusport.fr\/blog\/?p=342995&#038;preview=true&#038;preview_id=342995"},"modified":"2023-01-09T18:47:59","modified_gmt":"2023-01-09T17:47:59","slug":"ce-que-gagne-noel-le-graet-a-la-tete-de-la-federation-francaise-de-football","status":"publish","type":"post","link":"https:\/\/dicodusport.fr\/blog\/ce-que-gagne-noel-le-graet-a-la-tete-de-la-federation-francaise-de-football\/","title":{"rendered":"Ce que gagne No\u00ebl Le Gra\u00ebt \u00e0 la t\u00eate de la F\u00e9d\u00e9ration Fran\u00e7aise de Football"},"content":{"rendered":"<p align=\"justify\"><strong><em>FOOTBALL &#8211; En poste depuis juin 2011, le pr\u00e9sident de la F\u00e9d\u00e9ration Fran\u00e7aise de Football, No\u00ebl Le Gra\u00ebt, est plus que jamais dans la tourmente, pour les raisons que l&rsquo;on conna\u00eet. Nos confr\u00e8res de Sportune se sont pench\u00e9s sur ce que gagnait l&rsquo;ancien pr\u00e9sident de l&rsquo;En Avant Guingamp.<\/em><\/strong><\/p>\n<p align=\"justify\"><strong>No\u00ebl Le Gra\u00ebt<\/strong> vit donc une fin de dernier mandat \u00e0 la t\u00eate de la <strong>FFF<\/strong> plus que tumultueuse. Accus\u00e9 de harc\u00e8lement sexuel par plusieurs personnes travaillant ou ayant travaill\u00e9 \u00e0 ses c\u00f4t\u00e9s, le Breton de 81 ans a tenu, ce dimanche, des propos irrespectueux envers <strong>Zin\u00e9dine Zidane<\/strong>. Si depuis, <a href=\"https:\/\/dicodusport.fr\/blog\/noel-le-graet-presente-ses-excuses-a-zinedine-zidane\/\"><em>NLG<\/em> a pr\u00e9sent\u00e9 ses excuses<\/a>, il n&rsquo;en reste pas moins dans la tourmente. Si m\u00e9diatiquement, l&rsquo;ancien maire de <strong>Guingamp<\/strong> (1995-2008) est dans la sauce, financi\u00e8rement parlant, le natif des C\u00f4tes-d&rsquo;Armor s&rsquo;en sort beaucoup mieux.<\/p>\n<h2 style=\"text-align: justify;\" align=\"justify\">B\u00e9n\u00e9vole pour la FFF, r\u00e9mun\u00e9r\u00e9 par la FIFA<\/h2>\n<p style=\"text-align: justify;\">Ainsi, nos confr\u00e8res de <em>Sportune<\/em>, citant les informations <em>du Monde<\/em>, r\u00e9v\u00e8lent que <strong>No\u00ebl Le Gra\u00ebt<\/strong> <em>\u00ab exerce la pr\u00e9sidence de la FFF \u00e0 titre b\u00e9n\u00e9vole \u00bb<\/em>. En revanche, toujours selon <em>Le Monde<\/em>, NLG est r\u00e9mun\u00e9r\u00e9 par la FIFA, puisque ce dernier si\u00e8ge \u00e0 l&rsquo;instance mondiale de football. \u00c0 ce titre, <strong>il per\u00e7oit la somme de 234 000 euros pas an<\/strong>.<\/p>\n<p style=\"text-align: justify;\">Par ailleurs, les Statuts de la <strong>FFF<\/strong> pr\u00e9cisent que \u00ab certains membres du Comit\u00e9 Ex\u00e9cutif peuvent recevoir une r\u00e9mun\u00e9ration dans le cadre de l\u2019ex\u00e9cution de leur mandat \u00e9lectif. Leur nombre, les modalit\u00e9s et le montant de cette r\u00e9mun\u00e9ration sont fix\u00e9s par le Comit\u00e9 Ex\u00e9cutif, conform\u00e9ment aux dispositions des articles 261-7.1\u00b0d) et 242 C du code g\u00e9n\u00e9ral des imp\u00f4ts. Les autres membres du Comit\u00e9 Ex\u00e9cutif ne peuvent recevoir de r\u00e9tribution en raison des fonctions qui leur sont confi\u00e9es. \u00bb<\/p>\n<h2 style=\"text-align: justify;\" align=\"justify\">\u00c0 lire aussi<\/h2>\n<div class=\"vlp-link-container vlp-layout-article\"><a href=\"https:\/\/dicodusport.fr\/blog\/equipe-de-france-le-salaire-de-didier-deschamps-revele\/\" class=\"vlp-link\" title=\"\u00c9quipe de France : Le salaire de Didier Deschamps r\u00e9v\u00e9l\u00e9\"><\/a><div class=\"vlp-layout-zone-side\"><div class=\"vlp-block-4 vlp-link-image\"><img loading=\"lazy\" decoding=\"async\" style=\"max-width: 800px;\" width=\"800\" height=\"445\" src=\"https:\/\/dicodusport.fr\/blog\/wp-content\/uploads\/2022\/12\/Equipe-de-France-Le-salaire-de-Didier-Deschamps-revele.png\" class=\"attachment-800x445 size-800x445\" alt=\"\u00c9quipe de France Le salaire de Didier Deschamps r\u00e9v\u00e9l\u00e9\" srcset=\"https:\/\/dicodusport.fr\/blog\/wp-content\/uploads\/2022\/12\/Equipe-de-France-Le-salaire-de-Didier-Deschamps-revele.png 800w, https:\/\/dicodusport.fr\/blog\/wp-content\/uploads\/2022\/12\/Equipe-de-France-Le-salaire-de-Didier-Deschamps-revele-300x167.png 300w, https:\/\/dicodusport.fr\/blog\/wp-content\/uploads\/2022\/12\/Equipe-de-France-Le-salaire-de-Didier-Deschamps-revele-768x427.png 768w\" sizes=\"auto, (max-width: 800px) 100vw, 800px\" \/><\/div><\/div><div class=\"vlp-layout-zone-main\"><div class=\"vlp-block-0 vlp-link-title\">\u00c9quipe de France : Le salaire de Didier Deschamps r\u00e9v\u00e9l\u00e9<\/div><div class=\"vlp-block-1 vlp-link-summary\">\u00c9QUIPE DE FRANCE DE FOOTBALL - Ce mardi, le quotidien L'\u00c9quipe a d\u00e9voil\u00e9 le salaire de Didier Deschamps, s\u00e9lectionneur des Bleus. Une r\u00e9mun\u00e9ration compos\u00e9e de plusieurs \u00e9l\u00e9ments.<\/div><div class=\"vlp-block-2 vlp-link-button\">Lire l'article<\/div><div class=\"vlp-block-3 vlp-link-url\">dicodusport.fr<\/div><\/div><\/div>\n","protected":false},"excerpt":{"rendered":"<p>FOOTBALL &#8211; En poste depuis juin 2011, le pr\u00e9sident de la F\u00e9d\u00e9ration Fran\u00e7aise de Football, No\u00ebl Le Gra\u00ebt, est plus que jamais dans la tourmente, pour les raisons que l&rsquo;on conna\u00eet. Nos confr\u00e8res de Sportune se sont pench\u00e9s sur ce que gagnait l&rsquo;ancien pr\u00e9sident de l&rsquo;En Avant Guingamp.<\/p>\n","protected":false},"author":4,"featured_media":343005,"comment_status":"open","ping_status":"closed","sticky":false,"template":"","format":"standard","meta":{"_acf_changed":false,"_daextam_enable_autolinks":"","footnotes":""},"categories":[2301],"tags":[4856,75,9607],"class_list":["post-342995","post","type-post","status-publish","format-standard","has-post-thumbnail","hentry","category-football","tag-fff","tag-football","tag-noel-le-graet"],"acf":[],"yoast_head":"<!-- This site is optimized with the Yoast SEO Premium plugin v26.7 (Yoast SEO v26.7) - https:\/\/yoast.com\/wordpress\/plugins\/seo\/ -->\n<title>Ce que gagne No\u00ebl Le Gra\u00ebt \u00e0 la t\u00eate de la F\u00e9d\u00e9ration Fran\u00e7aise de Football<\/title>\n<meta name=\"description\" content=\"FOOTBALL - En poste depuis juin 2011, le pr\u00e9sident de la F\u00e9d\u00e9ration Fran\u00e7aise de Football, No\u00ebl Le Gra\u00ebt, est b\u00e9n\u00e9vole au sein de la FFF.\" \/>\n<meta name=\"robots\" content=\"index, follow, max-snippet:-1, max-image-preview:large, max-video-preview:-1\" \/>\n<link rel=\"canonical\" href=\"https:\/\/dicodusport.fr\/blog\/ce-que-gagne-noel-le-graet-a-la-tete-de-la-federation-francaise-de-football\/\" \/>\n<meta property=\"og:locale\" content=\"fr_FR\" \/>\n<meta property=\"og:type\" content=\"article\" \/>\n<meta property=\"og:title\" content=\"Ce que gagne No\u00ebl Le Gra\u00ebt \u00e0 la t\u00eate de la F\u00e9d\u00e9ration Fran\u00e7aise de Football\" \/>\n<meta property=\"og:description\" content=\"FOOTBALL - En poste depuis juin 2011, le pr\u00e9sident de la F\u00e9d\u00e9ration Fran\u00e7aise de Football, No\u00ebl Le Gra\u00ebt, est b\u00e9n\u00e9vole au sein de la FFF.\" \/>\n<meta property=\"og:url\" content=\"https:\/\/dicodusport.fr\/blog\/ce-que-gagne-noel-le-graet-a-la-tete-de-la-federation-francaise-de-football\/\" \/>\n<meta property=\"og:site_name\" content=\"Dicodusport\" \/>\n<meta property=\"article:publisher\" content=\"https:\/\/www.facebook.com\/dicodusport\" \/>\n<meta property=\"article:author\" content=\"https:\/\/www.facebook.com\/florent.ostermann\" \/>\n<meta property=\"article:published_time\" content=\"2023-01-09T17:47:59+00:00\" \/>\n<meta property=\"og:image\" content=\"https:\/\/dicodusport.fr\/blog\/wp-content\/uploads\/2023\/01\/Ce-que-gagne-Noel-Le-Graet-a-la-tete-de-la-Federation-Francaise-de-Football.png\" \/>\n\t<meta property=\"og:image:width\" content=\"800\" \/>\n\t<meta property=\"og:image:height\" content=\"445\" \/>\n\t<meta property=\"og:image:type\" content=\"image\/png\" \/>\n<meta name=\"author\" content=\"Flo Ostermann\" \/>\n<meta name=\"twitter:card\" content=\"summary_large_image\" \/>\n<meta name=\"twitter:title\" content=\"Ce que gagne No\u00ebl Le Gra\u00ebt \u00e0 la t\u00eate de la F\u00e9d\u00e9ration Fran\u00e7aise de Football\" \/>\n<meta name=\"twitter:creator\" content=\"@https:\/\/twitter.com\/FlOstermann\" \/>\n<meta name=\"twitter:site\" content=\"@dicodusport\" \/>\n<script type=\"application\/ld+json\" class=\"yoast-schema-graph\">{\"@context\":\"https:\/\/schema.org\",\"@graph\":[{\"@type\":\"NewsArticle\",\"@id\":\"https:\/\/dicodusport.fr\/blog\/ce-que-gagne-noel-le-graet-a-la-tete-de-la-federation-francaise-de-football\/#article\",\"isPartOf\":{\"@id\":\"https:\/\/dicodusport.fr\/blog\/ce-que-gagne-noel-le-graet-a-la-tete-de-la-federation-francaise-de-football\/\"},\"author\":{\"name\":\"Flo Ostermann\",\"@id\":\"https:\/\/dicodusport.fr\/blog\/#\/schema\/person\/cb02af4c173ce4a653b55e9baf388d4a\"},\"headline\":\"Ce que gagne No\u00ebl Le Gra\u00ebt \u00e0 la t\u00eate de la F\u00e9d\u00e9ration Fran\u00e7aise de Football\",\"datePublished\":\"2023-01-09T17:47:59+00:00\",\"mainEntityOfPage\":{\"@id\":\"https:\/\/dicodusport.fr\/blog\/ce-que-gagne-noel-le-graet-a-la-tete-de-la-federation-francaise-de-football\/\"},\"wordCount\":425,\"commentCount\":0,\"publisher\":{\"@id\":\"https:\/\/dicodusport.fr\/blog\/#organization\"},\"image\":{\"@id\":\"https:\/\/dicodusport.fr\/blog\/ce-que-gagne-noel-le-graet-a-la-tete-de-la-federation-francaise-de-football\/#primaryimage\"},\"thumbnailUrl\":\"https:\/\/dicodusport.fr\/blog\/wp-content\/uploads\/2023\/01\/Ce-que-gagne-Noel-Le-Graet-a-la-tete-de-la-Federation-Francaise-de-Football.png\",\"keywords\":[\"FFF\",\"Football\",\"No\u00ebl Le Gra\u00ebt\"],\"articleSection\":[\"Football\"],\"inLanguage\":\"fr-FR\",\"potentialAction\":[{\"@type\":\"CommentAction\",\"name\":\"Comment\",\"target\":[\"https:\/\/dicodusport.fr\/blog\/ce-que-gagne-noel-le-graet-a-la-tete-de-la-federation-francaise-de-football\/#respond\"]}],\"copyrightYear\":\"2023\",\"copyrightHolder\":{\"@id\":\"https:\/\/dicodusport.fr\/blog\/#organization\"}},{\"@type\":\"WebPage\",\"@id\":\"https:\/\/dicodusport.fr\/blog\/ce-que-gagne-noel-le-graet-a-la-tete-de-la-federation-francaise-de-football\/\",\"url\":\"https:\/\/dicodusport.fr\/blog\/ce-que-gagne-noel-le-graet-a-la-tete-de-la-federation-francaise-de-football\/\",\"name\":\"Ce que gagne No\u00ebl Le Gra\u00ebt \u00e0 la t\u00eate de la F\u00e9d\u00e9ration Fran\u00e7aise de Football\",\"isPartOf\":{\"@id\":\"https:\/\/dicodusport.fr\/blog\/#website\"},\"primaryImageOfPage\":{\"@id\":\"https:\/\/dicodusport.fr\/blog\/ce-que-gagne-noel-le-graet-a-la-tete-de-la-federation-francaise-de-football\/#primaryimage\"},\"image\":{\"@id\":\"https:\/\/dicodusport.fr\/blog\/ce-que-gagne-noel-le-graet-a-la-tete-de-la-federation-francaise-de-football\/#primaryimage\"},\"thumbnailUrl\":\"https:\/\/dicodusport.fr\/blog\/wp-content\/uploads\/2023\/01\/Ce-que-gagne-Noel-Le-Graet-a-la-tete-de-la-Federation-Francaise-de-Football.png\",\"datePublished\":\"2023-01-09T17:47:59+00:00\",\"description\":\"FOOTBALL - En poste depuis juin 2011, le pr\u00e9sident de la F\u00e9d\u00e9ration Fran\u00e7aise de Football, No\u00ebl Le Gra\u00ebt, est b\u00e9n\u00e9vole au sein de la FFF.\",\"breadcrumb\":{\"@id\":\"https:\/\/dicodusport.fr\/blog\/ce-que-gagne-noel-le-graet-a-la-tete-de-la-federation-francaise-de-football\/#breadcrumb\"},\"inLanguage\":\"fr-FR\",\"potentialAction\":[{\"@type\":\"ReadAction\",\"target\":[\"https:\/\/dicodusport.fr\/blog\/ce-que-gagne-noel-le-graet-a-la-tete-de-la-federation-francaise-de-football\/\"]}]},{\"@type\":\"ImageObject\",\"inLanguage\":\"fr-FR\",\"@id\":\"https:\/\/dicodusport.fr\/blog\/ce-que-gagne-noel-le-graet-a-la-tete-de-la-federation-francaise-de-football\/#primaryimage\",\"url\":\"https:\/\/dicodusport.fr\/blog\/wp-content\/uploads\/2023\/01\/Ce-que-gagne-Noel-Le-Graet-a-la-tete-de-la-Federation-Francaise-de-Football.png\",\"contentUrl\":\"https:\/\/dicodusport.fr\/blog\/wp-content\/uploads\/2023\/01\/Ce-que-gagne-Noel-Le-Graet-a-la-tete-de-la-Federation-Francaise-de-Football.png\",\"width\":800,\"height\":445,\"caption\":\"Ce que gagne No\u00ebl Le Gra\u00ebt \u00e0 la t\u00eate de la F\u00e9d\u00e9ration Fran\u00e7aise de Football\"},{\"@type\":\"BreadcrumbList\",\"@id\":\"https:\/\/dicodusport.fr\/blog\/ce-que-gagne-noel-le-graet-a-la-tete-de-la-federation-francaise-de-football\/#breadcrumb\",\"itemListElement\":[{\"@type\":\"ListItem\",\"position\":1,\"name\":\"Accueil\",\"item\":\"https:\/\/dicodusport.fr\/blog\/\"},{\"@type\":\"ListItem\",\"position\":2,\"name\":\"Ce que gagne No\u00ebl Le Gra\u00ebt \u00e0 la t\u00eate de la F\u00e9d\u00e9ration Fran\u00e7aise de Football\"}]},{\"@type\":\"WebSite\",\"@id\":\"https:\/\/dicodusport.fr\/blog\/#website\",\"url\":\"https:\/\/dicodusport.fr\/blog\/\",\"name\":\"Dicodusport\",\"description\":\"L&#039;encyclop\u00e9die de l&#039;actualit\u00e9 sportive\",\"publisher\":{\"@id\":\"https:\/\/dicodusport.fr\/blog\/#organization\"},\"potentialAction\":[{\"@type\":\"SearchAction\",\"target\":{\"@type\":\"EntryPoint\",\"urlTemplate\":\"https:\/\/dicodusport.fr\/blog\/?s={search_term_string}\"},\"query-input\":{\"@type\":\"PropertyValueSpecification\",\"valueRequired\":true,\"valueName\":\"search_term_string\"}}],\"inLanguage\":\"fr-FR\"},{\"@type\":\"NewsMediaOrganization\",\"@id\":\"https:\/\/dicodusport.fr\/blog\/#organization\",\"name\":\"Dicodusport\",\"url\":\"https:\/\/dicodusport.fr\/blog\/\",\"logo\":{\"@type\":\"ImageObject\",\"inLanguage\":\"fr-FR\",\"@id\":\"https:\/\/dicodusport.fr\/blog\/#\/schema\/logo\/image\/\",\"url\":\"https:\/\/dicodusport.fr\/blog\/wp-content\/uploads\/2020\/06\/cropped-LOGO-DICODUSPORT-2020-SANS-FOND-SANS-TEXTE.png\",\"contentUrl\":\"https:\/\/dicodusport.fr\/blog\/wp-content\/uploads\/2020\/06\/cropped-LOGO-DICODUSPORT-2020-SANS-FOND-SANS-TEXTE.png\",\"width\":512,\"height\":512,\"caption\":\"Dicodusport\"},\"image\":{\"@id\":\"https:\/\/dicodusport.fr\/blog\/#\/schema\/logo\/image\/\"},\"sameAs\":[\"https:\/\/www.facebook.com\/dicodusport\",\"https:\/\/x.com\/dicodusport\",\"https:\/\/www.instagram.com\/dicodusport\/\",\"https:\/\/www.youtube.com\/channel\/UC7V2KZ5sd3htJivAbA4ZG3w\"],\"description\":\"Dicodusport est l'encyclop\u00e9die de l'actualit\u00e9 sportive.\",\"email\":\"bonjour@dicodusport.fr\",\"legalName\":\"DICODUSPORT\",\"foundingDate\":\"2018-01-14\",\"vatID\":\"FR71834470973\",\"taxID\":\"83447097300043\",\"numberOfEmployees\":{\"@type\":\"QuantitativeValue\",\"minValue\":\"1\",\"maxValue\":\"10\"}},{\"@type\":\"Person\",\"@id\":\"https:\/\/dicodusport.fr\/blog\/#\/schema\/person\/cb02af4c173ce4a653b55e9baf388d4a\",\"name\":\"Flo Ostermann\",\"image\":{\"@type\":\"ImageObject\",\"inLanguage\":\"fr-FR\",\"@id\":\"https:\/\/dicodusport.fr\/blog\/#\/schema\/person\/image\/\",\"url\":\"https:\/\/dicodusport.fr\/blog\/wp-content\/uploads\/2021\/05\/Flo-Ostermann-150x150.jpg\",\"contentUrl\":\"https:\/\/dicodusport.fr\/blog\/wp-content\/uploads\/2021\/05\/Flo-Ostermann-150x150.jpg\",\"caption\":\"Flo Ostermann\"},\"description\":\"Journaliste\/R\u00e9dacteur depuis septembre 2015 - Mes premiers souvenirs dans le sport ? Les envol\u00e9es du Stade Toulousain et les duels Villeneuve-Schumacher et H\u00e4kkinen-Schumacher \u00e0 la fin des ann\u00e9es 90, la Coupe du monde de football en 1998, l\u2019exploit du XV de France face aux All Blacks en 1999, mais aussi Richard C\u0153ur de Lion qui vole sur les montagnes du Tour de France. Bien parti pour devenir professeur d\u2019EPS, les \u00e9v\u00e9nements de la vie (et la flemme d\u2019animer des s\u00e9ances de 3x500 m\u00e8tres toute ma vie) m\u2019ont conduit \u00e0 revoir mes plans. Me voil\u00e0 depuis fin 2017 sur Dicodusport, m\u00e9dia gr\u00e2ce (et pour) lequel je partage ma passion : le sport dans tous ses \u00e9tats. Le tout accompagn\u00e9 par les fous furieux et folles furieuses cit\u00e9s sur cette page !\",\"sameAs\":[\"https:\/\/www.facebook.com\/florent.ostermann\",\"https:\/\/x.com\/https:\/\/twitter.com\/FlOstermann\",\"admin\"],\"url\":\"https:\/\/dicodusport.fr\/blog\/author\/flo\/\"}]}<\/script>\n<!-- \/ Yoast SEO Premium plugin. -->","yoast_head_json":{"title":"Ce que gagne No\u00ebl Le Gra\u00ebt \u00e0 la t\u00eate de la F\u00e9d\u00e9ration Fran\u00e7aise de Football","description":"FOOTBALL - En poste depuis juin 2011, le pr\u00e9sident de la F\u00e9d\u00e9ration Fran\u00e7aise de Football, No\u00ebl Le Gra\u00ebt, est b\u00e9n\u00e9vole au sein de la FFF.","robots":{"index":"index","follow":"follow","max-snippet":"max-snippet:-1","max-image-preview":"max-image-preview:large","max-video-preview":"max-video-preview:-1"},"canonical":"https:\/\/dicodusport.fr\/blog\/ce-que-gagne-noel-le-graet-a-la-tete-de-la-federation-francaise-de-football\/","og_locale":"fr_FR","og_type":"article","og_title":"Ce que gagne No\u00ebl Le Gra\u00ebt \u00e0 la t\u00eate de la F\u00e9d\u00e9ration Fran\u00e7aise de Football","og_description":"FOOTBALL - En poste depuis juin 2011, le pr\u00e9sident de la F\u00e9d\u00e9ration Fran\u00e7aise de Football, No\u00ebl Le Gra\u00ebt, est b\u00e9n\u00e9vole au sein de la FFF.","og_url":"https:\/\/dicodusport.fr\/blog\/ce-que-gagne-noel-le-graet-a-la-tete-de-la-federation-francaise-de-football\/","og_site_name":"Dicodusport","article_publisher":"https:\/\/www.facebook.com\/dicodusport","article_author":"https:\/\/www.facebook.com\/florent.ostermann","article_published_time":"2023-01-09T17:47:59+00:00","og_image":[{"width":800,"height":445,"url":"https:\/\/dicodusport.fr\/blog\/wp-content\/uploads\/2023\/01\/Ce-que-gagne-Noel-Le-Graet-a-la-tete-de-la-Federation-Francaise-de-Football.png","type":"image\/png"}],"author":"Flo Ostermann","twitter_card":"summary_large_image","twitter_title":"Ce que gagne No\u00ebl Le Gra\u00ebt \u00e0 la t\u00eate de la F\u00e9d\u00e9ration Fran\u00e7aise de Football","twitter_creator":"@https:\/\/twitter.com\/FlOstermann","twitter_site":"@dicodusport","schema":{"@context":"https:\/\/schema.org","@graph":[{"@type":"NewsArticle","@id":"https:\/\/dicodusport.fr\/blog\/ce-que-gagne-noel-le-graet-a-la-tete-de-la-federation-francaise-de-football\/#article","isPartOf":{"@id":"https:\/\/dicodusport.fr\/blog\/ce-que-gagne-noel-le-graet-a-la-tete-de-la-federation-francaise-de-football\/"},"author":{"name":"Flo Ostermann","@id":"https:\/\/dicodusport.fr\/blog\/#\/schema\/person\/cb02af4c173ce4a653b55e9baf388d4a"},"headline":"Ce que gagne No\u00ebl Le Gra\u00ebt \u00e0 la t\u00eate de la F\u00e9d\u00e9ration Fran\u00e7aise de Football","datePublished":"2023-01-09T17:47:59+00:00","mainEntityOfPage":{"@id":"https:\/\/dicodusport.fr\/blog\/ce-que-gagne-noel-le-graet-a-la-tete-de-la-federation-francaise-de-football\/"},"wordCount":425,"commentCount":0,"publisher":{"@id":"https:\/\/dicodusport.fr\/blog\/#organization"},"image":{"@id":"https:\/\/dicodusport.fr\/blog\/ce-que-gagne-noel-le-graet-a-la-tete-de-la-federation-francaise-de-football\/#primaryimage"},"thumbnailUrl":"https:\/\/dicodusport.fr\/blog\/wp-content\/uploads\/2023\/01\/Ce-que-gagne-Noel-Le-Graet-a-la-tete-de-la-Federation-Francaise-de-Football.png","keywords":["FFF","Football","No\u00ebl Le Gra\u00ebt"],"articleSection":["Football"],"inLanguage":"fr-FR","potentialAction":[{"@type":"CommentAction","name":"Comment","target":["https:\/\/dicodusport.fr\/blog\/ce-que-gagne-noel-le-graet-a-la-tete-de-la-federation-francaise-de-football\/#respond"]}],"copyrightYear":"2023","copyrightHolder":{"@id":"https:\/\/dicodusport.fr\/blog\/#organization"}},{"@type":"WebPage","@id":"https:\/\/dicodusport.fr\/blog\/ce-que-gagne-noel-le-graet-a-la-tete-de-la-federation-francaise-de-football\/","url":"https:\/\/dicodusport.fr\/blog\/ce-que-gagne-noel-le-graet-a-la-tete-de-la-federation-francaise-de-football\/","name":"Ce que gagne No\u00ebl Le Gra\u00ebt \u00e0 la t\u00eate de la F\u00e9d\u00e9ration Fran\u00e7aise de Football","isPartOf":{"@id":"https:\/\/dicodusport.fr\/blog\/#website"},"primaryImageOfPage":{"@id":"https:\/\/dicodusport.fr\/blog\/ce-que-gagne-noel-le-graet-a-la-tete-de-la-federation-francaise-de-football\/#primaryimage"},"image":{"@id":"https:\/\/dicodusport.fr\/blog\/ce-que-gagne-noel-le-graet-a-la-tete-de-la-federation-francaise-de-football\/#primaryimage"},"thumbnailUrl":"https:\/\/dicodusport.fr\/blog\/wp-content\/uploads\/2023\/01\/Ce-que-gagne-Noel-Le-Graet-a-la-tete-de-la-Federation-Francaise-de-Football.png","datePublished":"2023-01-09T17:47:59+00:00","description":"FOOTBALL - En poste depuis juin 2011, le pr\u00e9sident de la F\u00e9d\u00e9ration Fran\u00e7aise de Football, No\u00ebl Le Gra\u00ebt, est b\u00e9n\u00e9vole au sein de la FFF.","breadcrumb":{"@id":"https:\/\/dicodusport.fr\/blog\/ce-que-gagne-noel-le-graet-a-la-tete-de-la-federation-francaise-de-football\/#breadcrumb"},"inLanguage":"fr-FR","potentialAction":[{"@type":"ReadAction","target":["https:\/\/dicodusport.fr\/blog\/ce-que-gagne-noel-le-graet-a-la-tete-de-la-federation-francaise-de-football\/"]}]},{"@type":"ImageObject","inLanguage":"fr-FR","@id":"https:\/\/dicodusport.fr\/blog\/ce-que-gagne-noel-le-graet-a-la-tete-de-la-federation-francaise-de-football\/#primaryimage","url":"https:\/\/dicodusport.fr\/blog\/wp-content\/uploads\/2023\/01\/Ce-que-gagne-Noel-Le-Graet-a-la-tete-de-la-Federation-Francaise-de-Football.png","contentUrl":"https:\/\/dicodusport.fr\/blog\/wp-content\/uploads\/2023\/01\/Ce-que-gagne-Noel-Le-Graet-a-la-tete-de-la-Federation-Francaise-de-Football.png","width":800,"height":445,"caption":"Ce que gagne No\u00ebl Le Gra\u00ebt \u00e0 la t\u00eate de la F\u00e9d\u00e9ration Fran\u00e7aise de Football"},{"@type":"BreadcrumbList","@id":"https:\/\/dicodusport.fr\/blog\/ce-que-gagne-noel-le-graet-a-la-tete-de-la-federation-francaise-de-football\/#breadcrumb","itemListElement":[{"@type":"ListItem","position":1,"name":"Accueil","item":"https:\/\/dicodusport.fr\/blog\/"},{"@type":"ListItem","position":2,"name":"Ce que gagne No\u00ebl Le Gra\u00ebt \u00e0 la t\u00eate de la F\u00e9d\u00e9ration Fran\u00e7aise de Football"}]},{"@type":"WebSite","@id":"https:\/\/dicodusport.fr\/blog\/#website","url":"https:\/\/dicodusport.fr\/blog\/","name":"Dicodusport","description":"L&#039;encyclop\u00e9die de l&#039;actualit\u00e9 sportive","publisher":{"@id":"https:\/\/dicodusport.fr\/blog\/#organization"},"potentialAction":[{"@type":"SearchAction","target":{"@type":"EntryPoint","urlTemplate":"https:\/\/dicodusport.fr\/blog\/?s={search_term_string}"},"query-input":{"@type":"PropertyValueSpecification","valueRequired":true,"valueName":"search_term_string"}}],"inLanguage":"fr-FR"},{"@type":"NewsMediaOrganization","@id":"https:\/\/dicodusport.fr\/blog\/#organization","name":"Dicodusport","url":"https:\/\/dicodusport.fr\/blog\/","logo":{"@type":"ImageObject","inLanguage":"fr-FR","@id":"https:\/\/dicodusport.fr\/blog\/#\/schema\/logo\/image\/","url":"https:\/\/dicodusport.fr\/blog\/wp-content\/uploads\/2020\/06\/cropped-LOGO-DICODUSPORT-2020-SANS-FOND-SANS-TEXTE.png","contentUrl":"https:\/\/dicodusport.fr\/blog\/wp-content\/uploads\/2020\/06\/cropped-LOGO-DICODUSPORT-2020-SANS-FOND-SANS-TEXTE.png","width":512,"height":512,"caption":"Dicodusport"},"image":{"@id":"https:\/\/dicodusport.fr\/blog\/#\/schema\/logo\/image\/"},"sameAs":["https:\/\/www.facebook.com\/dicodusport","https:\/\/x.com\/dicodusport","https:\/\/www.instagram.com\/dicodusport\/","https:\/\/www.youtube.com\/channel\/UC7V2KZ5sd3htJivAbA4ZG3w"],"description":"Dicodusport est l'encyclop\u00e9die de l'actualit\u00e9 sportive.","email":"bonjour@dicodusport.fr","legalName":"DICODUSPORT","foundingDate":"2018-01-14","vatID":"FR71834470973","taxID":"83447097300043","numberOfEmployees":{"@type":"QuantitativeValue","minValue":"1","maxValue":"10"}},{"@type":"Person","@id":"https:\/\/dicodusport.fr\/blog\/#\/schema\/person\/cb02af4c173ce4a653b55e9baf388d4a","name":"Flo Ostermann","image":{"@type":"ImageObject","inLanguage":"fr-FR","@id":"https:\/\/dicodusport.fr\/blog\/#\/schema\/person\/image\/","url":"https:\/\/dicodusport.fr\/blog\/wp-content\/uploads\/2021\/05\/Flo-Ostermann-150x150.jpg","contentUrl":"https:\/\/dicodusport.fr\/blog\/wp-content\/uploads\/2021\/05\/Flo-Ostermann-150x150.jpg","caption":"Flo Ostermann"},"description":"Journaliste\/R\u00e9dacteur depuis septembre 2015 - Mes premiers souvenirs dans le sport ? Les envol\u00e9es du Stade Toulousain et les duels Villeneuve-Schumacher et H\u00e4kkinen-Schumacher \u00e0 la fin des ann\u00e9es 90, la Coupe du monde de football en 1998, l\u2019exploit du XV de France face aux All Blacks en 1999, mais aussi Richard C\u0153ur de Lion qui vole sur les montagnes du Tour de France. Bien parti pour devenir professeur d\u2019EPS, les \u00e9v\u00e9nements de la vie (et la flemme d\u2019animer des s\u00e9ances de 3x500 m\u00e8tres toute ma vie) m\u2019ont conduit \u00e0 revoir mes plans. Me voil\u00e0 depuis fin 2017 sur Dicodusport, m\u00e9dia gr\u00e2ce (et pour) lequel je partage ma passion : le sport dans tous ses \u00e9tats. Le tout accompagn\u00e9 par les fous furieux et folles furieuses cit\u00e9s sur cette page !","sameAs":["https:\/\/www.facebook.com\/florent.ostermann","https:\/\/x.com\/https:\/\/twitter.com\/FlOstermann","admin"],"url":"https:\/\/dicodusport.fr\/blog\/author\/flo\/"}]}},"_links":{"self":[{"href":"https:\/\/dicodusport.fr\/blog\/wp-json\/wp\/v2\/posts\/342995","targetHints":{"allow":["GET"]}}],"collection":[{"href":"https:\/\/dicodusport.fr\/blog\/wp-json\/wp\/v2\/posts"}],"about":[{"href":"https:\/\/dicodusport.fr\/blog\/wp-json\/wp\/v2\/types\/post"}],"author":[{"embeddable":true,"href":"https:\/\/dicodusport.fr\/blog\/wp-json\/wp\/v2\/users\/4"}],"replies":[{"embeddable":true,"href":"https:\/\/dicodusport.fr\/blog\/wp-json\/wp\/v2\/comments?post=342995"}],"version-history":[{"count":0,"href":"https:\/\/dicodusport.fr\/blog\/wp-json\/wp\/v2\/posts\/342995\/revisions"}],"wp:featuredmedia":[{"embeddable":true,"href":"https:\/\/dicodusport.fr\/blog\/wp-json\/wp\/v2\/media\/343005"}],"wp:attachment":[{"href":"https:\/\/dicodusport.fr\/blog\/wp-json\/wp\/v2\/media?parent=342995"}],"wp:term":[{"taxonomy":"category","embeddable":true,"href":"https:\/\/dicodusport.fr\/blog\/wp-json\/wp\/v2\/categories?post=342995"},{"taxonomy":"post_tag","embeddable":true,"href":"https:\/\/dicodusport.fr\/blog\/wp-json\/wp\/v2\/tags?post=342995"}],"curies":[{"name":"wp","href":"https:\/\/api.w.org\/{rel}","templated":true}]}}