{"id":34315,"date":"2019-02-27T22:50:58","date_gmt":"2019-02-27T21:50:58","guid":{"rendered":"http:\/\/dicodusport.fr\/blog\/?p=34315"},"modified":"2019-02-27T23:17:06","modified_gmt":"2019-02-27T22:17:06","slug":"classico-un-barca-chirurgical-etrille-le-real","status":"publish","type":"post","link":"https:\/\/dicodusport.fr\/blog\/classico-un-barca-chirurgical-etrille-le-real\/","title":{"rendered":"Classico : un Bar\u00e7a chirurgical \u00e9trille le Real"},"content":{"rendered":"<p style=\"text-align: justify;\"><em><strong>Apr\u00e8s un match aller au Camp Nou o\u00f9 les deux \u00e9quipes n&rsquo;avaient pas r\u00e9ussi \u00e0 se d\u00e9partager, le Real et le Bar\u00e7a se retrouvaient \u00e0 Bernabeu pour savoir qui allait disputer la finale de la Coupe du Roi.<br \/>\n<\/strong><\/em><\/p>\n<p style=\"text-align: justify;\">Le d\u00e9but du match \u00e9tait \u00e9quilibr\u00e9, sans r\u00e9elle occasion pendant 15 minutes, mais avec quelques contacts rugueux jusqu&rsquo;\u00e0 celui entre Semedo et Vinicius dans la surface catalane, pour lequel l&rsquo;arbitre avait attendu l&rsquo;avis de la VAR. Pas suffisant selon les arbitres pour justifier un penalty. Comme \u00e0 son habitude, Karim Benzema participait \u00e0 la cr\u00e9ation entre les lignes et posait des probl\u00e8mes \u00e0 la d\u00e9fense barcelonaise. A la 18\u00e8me minute, son nouveau d\u00e9calage offrait une belle situation \u00e0 Vinicius, mais la frappe du Br\u00e9silien \u00e9tait trop enlev\u00e9e.<\/p>\n<p style=\"text-align: justify;\">A la 22\u00e8me minute, le Fran\u00e7ais combinait une nouvelle fois avec son partenaire auriverde, qui h\u00e9ritait du ballon dans la surface. Mais Ter Stegen s&rsquo;interposait pour d\u00e9tourner. Les locaux prenaient l&rsquo;ascendant dans cette rencontre mais devaient rester vigilant tant les Blaugranas avaient les moyens de d\u00e9clencher des contres \u00e9clairs. Demb\u00e9l\u00e9 \u00e9tait le plus dangereux dans cette premi\u00e8re demi-heure, mais son \u00e9quipe manquait de pr\u00e9cision dans les derniers gestes.<\/p>\n<p style=\"text-align: justify;\">A la 36\u00e8me minute, le duo Vinicius\/Benzema \u00e9tait de nouveau \u00e0 l\u2019\u0153uvre. Le Br\u00e9silien servait l&rsquo;ancien Lyonnais dont la frappe \u00e0 bout portant du gauche \u00e9tait repouss\u00e9e par le portier du Bar\u00e7a. Dans la foul\u00e9e, c&rsquo;est Reguillon qui servait id\u00e9alement Vinicius, mais la frappe du gauche du Merengue passait au-dessus, quelle double occasion pour les Madril\u00e8nes ! Cette fin de premi\u00e8re p\u00e9riode \u00e9tait largement domin\u00e9e par les joueurs de Solari, mais ils manquaient de pr\u00e9cision pour ouvrir le score. Les deux \u00e9quipes rentraient aux vestiaires dos \u00e0 dos apr\u00e8s une premi\u00e8re p\u00e9riode anim\u00e9e par le tube de l&rsquo;ann\u00e9e 2019, le duo Benzema\/Vinicius.<\/p>\n<p><span class=\"PDqFEMRvt2hITJ8SZcdd96Xsyr4aZQnwGbjagCBk07fJsoNg5WbXlkLAYuSpm25uxUYA86L\"><\/p>\n<blockquote class=\"twitter-tweet\" data-width=\"550\" data-dnt=\"true\">\n<p lang=\"fr\" dir=\"ltr\">\u23f1 45&#39; \/ REAL MADRID 0-0 FC BARCELONE<\/p>\n<p>Catastrophique premi\u00e8re p\u00e9riode&#8230;. <a href=\"https:\/\/twitter.com\/hashtag\/ElCl%C3%A1sico?src=hash&amp;ref_src=twsrc%5Etfw\">#ElCl\u00e1sico<\/a> <a href=\"https:\/\/t.co\/DPkob6EWjq\">pic.twitter.com\/DPkob6EWjq<\/a><\/p>\n<p>&mdash; FCB_NewsFR (@FCB_NewsFR) <a href=\"https:\/\/twitter.com\/FCB_NewsFR\/status\/1100859999423811584?ref_src=twsrc%5Etfw\">February 27, 2019<\/a><\/p><\/blockquote>\n<p><script async src=\"https:\/\/platform.twitter.com\/widgets.js\" charset=\"utf-8\"><\/script><\/span><\/p>\n<p style=\"text-align: justify;\">M\u00eame si le Real repartait plus fort dans ce deuxi\u00e8me acte, c&rsquo;est Barcelone qui ouvrait le score. Sur un centre de Demb\u00e9l\u00e9, Luis Suarez marquait de l&rsquo;int\u00e9rieur du pied droit, ne laissant aucune chance \u00e0 Navas. Sur leur premi\u00e8re r\u00e9elle occasion, les visiteurs prenaient donc les commandes. Le Real Madrid tentait de r\u00e9agir mais la t\u00eate de Ramos \u00e9tait trop crois\u00e9e et si Vinicius tombait \u00e0 nouveau au contact de Semedo, l&rsquo;arbitre du match ne bronchait toujours pas.<\/p>\n<p style=\"text-align: justify;\">Une nouvelle fois, Vinicius s&rsquo;amusait de Semedo dans son couloir gauche et centrait magnifiquement pour trouver la t\u00eate de Reguillon, mais Ter Stegen se d\u00e9tendait pour d\u00e9tourner \u00e0 nouveau, splendide. Apr\u00e8s un superbe num\u00e9ro individuel, Vinicius se trouvait en bonne position mais sa frappe \u00e9tait contr\u00e9e et fr\u00f4lait le poteau du portier barcelonais. Dans la foul\u00e9e, Demb\u00e9l\u00e9 \u00e9tait trouv\u00e9 \u00e0 la limite du hors-jeu et son centre devant le but obligeait Varane \u00e0 propulser le ballon dans ses propres filets.<\/p>\n<div class=\"_3_bl\" style=\"text-align: justify;\">\n<div class=\"_5w1r _3_om _5wdf\">\n<div class=\"_4gx_\">\n<div class=\"_1aa6\">\n<p><span class=\"_5yl5\">Pas le temps de souffler que Suarez, encore lui, entrait dans la surface adverse et \u00e9tait d\u00e9s\u00e9quilibr\u00e9 par Casemiro. L&rsquo;Uruguayen se chargeait lui m\u00eame de transformer le penalty avec une Panenka au passage, pour porter le score \u00e0 3 \u00e0 0. Trois occasions pour autant de buts, c&rsquo;est une le\u00e7on de r\u00e9alisme que les co\u00e9quipiers de Messi ont donn\u00e9 ce soir.<\/span><\/p>\n<p><span class=\"SAm3io2asOhIRGfwvJQkcWOzZkgsV9LwMtITPm41rDKxQDqVY9p8NMESbc0unR7yGLnA4rlU\"><\/p>\n<blockquote class=\"twitter-tweet\" data-width=\"550\" data-dnt=\"true\">\n<p lang=\"fr\" dir=\"ltr\">Suarez n\u2019a pas trembl\u00e9 au moment de transformer le penalty et de signer son doubl\u00e9&#8230; <a href=\"https:\/\/twitter.com\/hashtag\/ElCl%C3%A1sico?src=hash&amp;ref_src=twsrc%5Etfw\">#ElCl\u00e1sico<\/a> <a href=\"https:\/\/twitter.com\/hashtag\/RMAFCB?src=hash&amp;ref_src=twsrc%5Etfw\">#RMAFCB<\/a> <a href=\"https:\/\/t.co\/jqpKdWVeet\">https:\/\/t.co\/jqpKdWVeet<\/a><\/p>\n<p>&mdash; L&#39;OlymTeam \u2b50\ufe0f\u2b50\ufe0f (@OlymTeam) <a href=\"https:\/\/twitter.com\/OlymTeam\/status\/1100875148209590272?ref_src=twsrc%5Etfw\">February 27, 2019<\/a><\/p><\/blockquote>\n<p><script async src=\"https:\/\/platform.twitter.com\/widgets.js\" charset=\"utf-8\"><\/script><\/span><\/p>\n<p>Le Real essayait de r\u00e9agir dans le dernier quart d&rsquo;heure, mais le coeur n&rsquo;y \u00e9tait plus vraiment et Gareth Bale tentait un ext\u00e9rieur du pied qui finissait presque en touche. La fin de match \u00e9tait une attaque-d\u00e9fense st\u00e9rile des locaux et le Bar\u00e7a filait en finale de la Coupe du Roi.<\/p>\n<div class=\"_3_bl\" style=\"text-align: justify;\">\n<div class=\"_5w1r _3_om _5wdf\">\n<div class=\"_4gx_\">\n<p style=\"text-align: justify;\"><em style=\"font-family: -apple-system, BlinkMacSystemFont, 'Segoe UI', Roboto, Oxygen-Sans, Ubuntu, Cantarell, 'Helvetica Neue', sans-serif;\"><strong>Nicolas Jacquemard<br \/>\n<\/strong><\/em><a style=\"font-family: -apple-system, BlinkMacSystemFont, 'Segoe UI', Roboto, Oxygen-Sans, Ubuntu, Cantarell, 'Helvetica Neue', sans-serif;\" href=\"https:\/\/twitter.com\/Nico_Jacquemard\" target=\"_blank\" rel=\"noopener noreferrer\"><img loading=\"lazy\" decoding=\"async\" class=\"alignnone wp-image-2908\" src=\"http:\/\/dicodusport.fr\/blog\/wp-content\/uploads\/2017\/07\/logo-twitter-150x150.png\" alt=\"\" width=\"39\" height=\"39\" \/><\/a><a style=\"font-family: -apple-system, BlinkMacSystemFont, 'Segoe UI', Roboto, Oxygen-Sans, Ubuntu, Cantarell, 'Helvetica Neue', sans-serif;\" href=\"https:\/\/www.facebook.com\/dicodusport\/\" target=\"_blank\" rel=\"noopener noreferrer\"><img loading=\"lazy\" decoding=\"async\" class=\"alignnone wp-image-2909\" src=\"http:\/\/dicodusport.fr\/blog\/wp-content\/uploads\/2017\/07\/logo-facebook-150x150.png\" alt=\"\" width=\"40\" height=\"40\" \/><\/a><\/p>\n<\/div>\n<\/div>\n<\/div>\n<\/div>\n<\/div>\n<\/div>\n<\/div>\n","protected":false},"excerpt":{"rendered":"<p>Apr\u00e8s un match aller au Camp Nou o\u00f9 les deux \u00e9quipes n&rsquo;avaient pas r\u00e9ussi \u00e0 se d\u00e9partager, le Real et le Bar\u00e7a se retrouvaient \u00e0 Bernabeu pour savoir qui allait disputer la finale de la Coupe du Roi.<\/p>\n","protected":false},"author":1,"featured_media":34328,"comment_status":"open","ping_status":"closed","sticky":false,"template":"","format":"standard","meta":{"_acf_changed":false,"_daextam_enable_autolinks":"","footnotes":""},"categories":[2,2301],"tags":[912,2201,3690,4203,75,3073,521],"class_list":["post-34315","post","type-post","status-publish","format-standard","has-post-thumbnail","hentry","category-actualites","category-football","tag-barca","tag-classico","tag-coupe-du-roi","tag-fc-barcelone","tag-football","tag-real","tag-real-madrid"],"acf":[],"yoast_head":"<!-- This site is optimized with the Yoast SEO Premium plugin v26.7 (Yoast SEO v26.7) - https:\/\/yoast.com\/wordpress\/plugins\/seo\/ -->\n<title>Classico : un Bar\u00e7a chirurgical \u00e9trille le Real<\/title>\n<meta name=\"description\" content=\"Apr\u00e8s un match aller au Camp Nou o\u00f9 les deux \u00e9quipes n&#039;avaient pas r\u00e9ussi \u00e0 se d\u00e9partager, le Real et le Bar\u00e7a se retrouvaient \u00e0 Bernabeu pour savoir qui allait disputer la finale de la Coupe du Roi.\" \/>\n<meta name=\"robots\" content=\"index, follow, max-snippet:-1, max-image-preview:large, max-video-preview:-1\" \/>\n<link rel=\"canonical\" href=\"https:\/\/dicodusport.fr\/blog\/classico-un-barca-chirurgical-etrille-le-real\/\" \/>\n<meta property=\"og:locale\" content=\"fr_FR\" \/>\n<meta property=\"og:type\" content=\"article\" \/>\n<meta property=\"og:title\" content=\"Classico : un Bar\u00e7a chirurgical \u00e9trille le Real\" \/>\n<meta property=\"og:description\" content=\"Apr\u00e8s un match aller au Camp Nou o\u00f9 les deux \u00e9quipes n&#039;avaient pas r\u00e9ussi \u00e0 se d\u00e9partager, le Real et le Bar\u00e7a se retrouvaient \u00e0 Bernabeu pour savoir qui allait disputer la finale de la Coupe du Roi.\" \/>\n<meta property=\"og:url\" content=\"https:\/\/dicodusport.fr\/blog\/classico-un-barca-chirurgical-etrille-le-real\/\" \/>\n<meta property=\"og:site_name\" content=\"Dicodusport\" \/>\n<meta property=\"article:publisher\" content=\"https:\/\/www.facebook.com\/dicodusport\" \/>\n<meta property=\"article:author\" content=\"https:\/\/www.facebook.com\/dicodusport\" \/>\n<meta property=\"article:published_time\" content=\"2019-02-27T21:50:58+00:00\" \/>\n<meta property=\"article:modified_time\" content=\"2019-02-27T22:17:06+00:00\" \/>\n<meta property=\"og:image\" content=\"https:\/\/dicodusport.fr\/blog\/wp-content\/uploads\/2019\/02\/Suarez-Real-Bar\u00e7a-Coupe-du-Roi-2019-Classico.png\" \/>\n\t<meta property=\"og:image:width\" content=\"800\" \/>\n\t<meta property=\"og:image:height\" content=\"445\" \/>\n\t<meta property=\"og:image:type\" content=\"image\/png\" \/>\n<meta name=\"author\" content=\"Nicolas Jacquemard\" \/>\n<meta name=\"twitter:card\" content=\"summary_large_image\" \/>\n<meta name=\"twitter:creator\" content=\"@https:\/\/twitter.com\/Nico_Jacquemard\" \/>\n<meta name=\"twitter:site\" content=\"@dicodusport\" \/>\n<script type=\"application\/ld+json\" class=\"yoast-schema-graph\">{\"@context\":\"https:\/\/schema.org\",\"@graph\":[{\"@type\":\"NewsArticle\",\"@id\":\"https:\/\/dicodusport.fr\/blog\/classico-un-barca-chirurgical-etrille-le-real\/#article\",\"isPartOf\":{\"@id\":\"https:\/\/dicodusport.fr\/blog\/classico-un-barca-chirurgical-etrille-le-real\/\"},\"author\":{\"name\":\"Nicolas Jacquemard\",\"@id\":\"https:\/\/dicodusport.fr\/blog\/#\/schema\/person\/55dcb50ad410894e431ed812bbb70191\"},\"headline\":\"Classico : un Bar\u00e7a chirurgical \u00e9trille le Real\",\"datePublished\":\"2019-02-27T21:50:58+00:00\",\"dateModified\":\"2019-02-27T22:17:06+00:00\",\"mainEntityOfPage\":{\"@id\":\"https:\/\/dicodusport.fr\/blog\/classico-un-barca-chirurgical-etrille-le-real\/\"},\"wordCount\":647,\"commentCount\":0,\"publisher\":{\"@id\":\"https:\/\/dicodusport.fr\/blog\/#organization\"},\"image\":{\"@id\":\"https:\/\/dicodusport.fr\/blog\/classico-un-barca-chirurgical-etrille-le-real\/#primaryimage\"},\"thumbnailUrl\":\"https:\/\/dicodusport.fr\/blog\/wp-content\/uploads\/2019\/02\/Suarez-Real-Bar\u00e7a-Coupe-du-Roi-2019-Classico.png\",\"keywords\":[\"bar\u00e7a\",\"Classico\",\"Coupe du Roi\",\"FC Barcelone\",\"Football\",\"real\",\"Real Madrid\"],\"articleSection\":[\"Actualit\u00e9s\",\"Football\"],\"inLanguage\":\"fr-FR\",\"potentialAction\":[{\"@type\":\"CommentAction\",\"name\":\"Comment\",\"target\":[\"https:\/\/dicodusport.fr\/blog\/classico-un-barca-chirurgical-etrille-le-real\/#respond\"]}],\"copyrightYear\":\"2019\",\"copyrightHolder\":{\"@id\":\"https:\/\/dicodusport.fr\/blog\/#organization\"}},{\"@type\":\"WebPage\",\"@id\":\"https:\/\/dicodusport.fr\/blog\/classico-un-barca-chirurgical-etrille-le-real\/\",\"url\":\"https:\/\/dicodusport.fr\/blog\/classico-un-barca-chirurgical-etrille-le-real\/\",\"name\":\"Classico : un Bar\u00e7a chirurgical \u00e9trille le Real\",\"isPartOf\":{\"@id\":\"https:\/\/dicodusport.fr\/blog\/#website\"},\"primaryImageOfPage\":{\"@id\":\"https:\/\/dicodusport.fr\/blog\/classico-un-barca-chirurgical-etrille-le-real\/#primaryimage\"},\"image\":{\"@id\":\"https:\/\/dicodusport.fr\/blog\/classico-un-barca-chirurgical-etrille-le-real\/#primaryimage\"},\"thumbnailUrl\":\"https:\/\/dicodusport.fr\/blog\/wp-content\/uploads\/2019\/02\/Suarez-Real-Bar\u00e7a-Coupe-du-Roi-2019-Classico.png\",\"datePublished\":\"2019-02-27T21:50:58+00:00\",\"dateModified\":\"2019-02-27T22:17:06+00:00\",\"description\":\"Apr\u00e8s un match aller au Camp Nou o\u00f9 les deux \u00e9quipes n'avaient pas r\u00e9ussi \u00e0 se d\u00e9partager, le Real et le Bar\u00e7a se retrouvaient \u00e0 Bernabeu pour savoir qui allait disputer la finale de la Coupe du Roi.\",\"breadcrumb\":{\"@id\":\"https:\/\/dicodusport.fr\/blog\/classico-un-barca-chirurgical-etrille-le-real\/#breadcrumb\"},\"inLanguage\":\"fr-FR\",\"potentialAction\":[{\"@type\":\"ReadAction\",\"target\":[\"https:\/\/dicodusport.fr\/blog\/classico-un-barca-chirurgical-etrille-le-real\/\"]}]},{\"@type\":\"ImageObject\",\"inLanguage\":\"fr-FR\",\"@id\":\"https:\/\/dicodusport.fr\/blog\/classico-un-barca-chirurgical-etrille-le-real\/#primaryimage\",\"url\":\"https:\/\/dicodusport.fr\/blog\/wp-content\/uploads\/2019\/02\/Suarez-Real-Bar\u00e7a-Coupe-du-Roi-2019-Classico.png\",\"contentUrl\":\"https:\/\/dicodusport.fr\/blog\/wp-content\/uploads\/2019\/02\/Suarez-Real-Bar\u00e7a-Coupe-du-Roi-2019-Classico.png\",\"width\":800,\"height\":445},{\"@type\":\"BreadcrumbList\",\"@id\":\"https:\/\/dicodusport.fr\/blog\/classico-un-barca-chirurgical-etrille-le-real\/#breadcrumb\",\"itemListElement\":[{\"@type\":\"ListItem\",\"position\":1,\"name\":\"Accueil\",\"item\":\"https:\/\/dicodusport.fr\/blog\/\"},{\"@type\":\"ListItem\",\"position\":2,\"name\":\"Classico : un Bar\u00e7a chirurgical \u00e9trille le Real\"}]},{\"@type\":\"WebSite\",\"@id\":\"https:\/\/dicodusport.fr\/blog\/#website\",\"url\":\"https:\/\/dicodusport.fr\/blog\/\",\"name\":\"Dicodusport\",\"description\":\"L&#039;encyclop\u00e9die de l&#039;actualit\u00e9 sportive\",\"publisher\":{\"@id\":\"https:\/\/dicodusport.fr\/blog\/#organization\"},\"potentialAction\":[{\"@type\":\"SearchAction\",\"target\":{\"@type\":\"EntryPoint\",\"urlTemplate\":\"https:\/\/dicodusport.fr\/blog\/?s={search_term_string}\"},\"query-input\":{\"@type\":\"PropertyValueSpecification\",\"valueRequired\":true,\"valueName\":\"search_term_string\"}}],\"inLanguage\":\"fr-FR\"},{\"@type\":\"NewsMediaOrganization\",\"@id\":\"https:\/\/dicodusport.fr\/blog\/#organization\",\"name\":\"Dicodusport\",\"url\":\"https:\/\/dicodusport.fr\/blog\/\",\"logo\":{\"@type\":\"ImageObject\",\"inLanguage\":\"fr-FR\",\"@id\":\"https:\/\/dicodusport.fr\/blog\/#\/schema\/logo\/image\/\",\"url\":\"https:\/\/dicodusport.fr\/blog\/wp-content\/uploads\/2020\/06\/cropped-LOGO-DICODUSPORT-2020-SANS-FOND-SANS-TEXTE.png\",\"contentUrl\":\"https:\/\/dicodusport.fr\/blog\/wp-content\/uploads\/2020\/06\/cropped-LOGO-DICODUSPORT-2020-SANS-FOND-SANS-TEXTE.png\",\"width\":512,\"height\":512,\"caption\":\"Dicodusport\"},\"image\":{\"@id\":\"https:\/\/dicodusport.fr\/blog\/#\/schema\/logo\/image\/\"},\"sameAs\":[\"https:\/\/www.facebook.com\/dicodusport\",\"https:\/\/x.com\/dicodusport\",\"https:\/\/www.instagram.com\/dicodusport\/\",\"https:\/\/www.youtube.com\/channel\/UC7V2KZ5sd3htJivAbA4ZG3w\"],\"description\":\"Dicodusport est l'encyclop\u00e9die de l'actualit\u00e9 sportive.\",\"email\":\"bonjour@dicodusport.fr\",\"legalName\":\"DICODUSPORT\",\"foundingDate\":\"2018-01-14\",\"vatID\":\"FR71834470973\",\"taxID\":\"83447097300043\",\"numberOfEmployees\":{\"@type\":\"QuantitativeValue\",\"minValue\":\"1\",\"maxValue\":\"10\"}},{\"@type\":\"Person\",\"@id\":\"https:\/\/dicodusport.fr\/blog\/#\/schema\/person\/55dcb50ad410894e431ed812bbb70191\",\"name\":\"Nicolas Jacquemard\",\"image\":{\"@type\":\"ImageObject\",\"inLanguage\":\"fr-FR\",\"@id\":\"https:\/\/dicodusport.fr\/blog\/#\/schema\/person\/image\/\",\"url\":\"https:\/\/dicodusport.fr\/blog\/wp-content\/uploads\/2021\/05\/Nicolas-Jacquemard-150x150.jpeg\",\"contentUrl\":\"https:\/\/dicodusport.fr\/blog\/wp-content\/uploads\/2021\/05\/Nicolas-Jacquemard-150x150.jpeg\",\"caption\":\"Nicolas Jacquemard\"},\"description\":\"Passionn\u00e9 de sport et entrepreneur depuis mes 18 ans, la cr\u00e9ation de Dicodusport m'a sembl\u00e9 \u00e9vidente pour participer \u00e0 la m\u00e9diatisation d'un plus grand nombre de sports. Le chemin est long mais avec une \u00e9quipe des plus motiv\u00e9es et les Jeux Olympiques de Paris 2024 en point de mire, nous y arriverons ! Journaliste dans le monde du sport depuis plus de 5 ans, je traite aussi bien de football, de rugby, de biathlon que de cyclisme.\",\"sameAs\":[\"https:\/\/www.facebook.com\/dicodusport\",\"https:\/\/x.com\/https:\/\/twitter.com\/Nico_Jacquemard\"],\"url\":\"https:\/\/dicodusport.fr\/blog\/author\/dicodusport\/\"}]}<\/script>\n<!-- \/ Yoast SEO Premium plugin. -->","yoast_head_json":{"title":"Classico : un Bar\u00e7a chirurgical \u00e9trille le Real","description":"Apr\u00e8s un match aller au Camp Nou o\u00f9 les deux \u00e9quipes n'avaient pas r\u00e9ussi \u00e0 se d\u00e9partager, le Real et le Bar\u00e7a se retrouvaient \u00e0 Bernabeu pour savoir qui allait disputer la finale de la Coupe du Roi.","robots":{"index":"index","follow":"follow","max-snippet":"max-snippet:-1","max-image-preview":"max-image-preview:large","max-video-preview":"max-video-preview:-1"},"canonical":"https:\/\/dicodusport.fr\/blog\/classico-un-barca-chirurgical-etrille-le-real\/","og_locale":"fr_FR","og_type":"article","og_title":"Classico : un Bar\u00e7a chirurgical \u00e9trille le Real","og_description":"Apr\u00e8s un match aller au Camp Nou o\u00f9 les deux \u00e9quipes n'avaient pas r\u00e9ussi \u00e0 se d\u00e9partager, le Real et le Bar\u00e7a se retrouvaient \u00e0 Bernabeu pour savoir qui allait disputer la finale de la Coupe du Roi.","og_url":"https:\/\/dicodusport.fr\/blog\/classico-un-barca-chirurgical-etrille-le-real\/","og_site_name":"Dicodusport","article_publisher":"https:\/\/www.facebook.com\/dicodusport","article_author":"https:\/\/www.facebook.com\/dicodusport","article_published_time":"2019-02-27T21:50:58+00:00","article_modified_time":"2019-02-27T22:17:06+00:00","og_image":[{"width":800,"height":445,"url":"https:\/\/dicodusport.fr\/blog\/wp-content\/uploads\/2019\/02\/Suarez-Real-Bar\u00e7a-Coupe-du-Roi-2019-Classico.png","type":"image\/png"}],"author":"Nicolas Jacquemard","twitter_card":"summary_large_image","twitter_creator":"@https:\/\/twitter.com\/Nico_Jacquemard","twitter_site":"@dicodusport","schema":{"@context":"https:\/\/schema.org","@graph":[{"@type":"NewsArticle","@id":"https:\/\/dicodusport.fr\/blog\/classico-un-barca-chirurgical-etrille-le-real\/#article","isPartOf":{"@id":"https:\/\/dicodusport.fr\/blog\/classico-un-barca-chirurgical-etrille-le-real\/"},"author":{"name":"Nicolas Jacquemard","@id":"https:\/\/dicodusport.fr\/blog\/#\/schema\/person\/55dcb50ad410894e431ed812bbb70191"},"headline":"Classico : un Bar\u00e7a chirurgical \u00e9trille le Real","datePublished":"2019-02-27T21:50:58+00:00","dateModified":"2019-02-27T22:17:06+00:00","mainEntityOfPage":{"@id":"https:\/\/dicodusport.fr\/blog\/classico-un-barca-chirurgical-etrille-le-real\/"},"wordCount":647,"commentCount":0,"publisher":{"@id":"https:\/\/dicodusport.fr\/blog\/#organization"},"image":{"@id":"https:\/\/dicodusport.fr\/blog\/classico-un-barca-chirurgical-etrille-le-real\/#primaryimage"},"thumbnailUrl":"https:\/\/dicodusport.fr\/blog\/wp-content\/uploads\/2019\/02\/Suarez-Real-Bar\u00e7a-Coupe-du-Roi-2019-Classico.png","keywords":["bar\u00e7a","Classico","Coupe du Roi","FC Barcelone","Football","real","Real Madrid"],"articleSection":["Actualit\u00e9s","Football"],"inLanguage":"fr-FR","potentialAction":[{"@type":"CommentAction","name":"Comment","target":["https:\/\/dicodusport.fr\/blog\/classico-un-barca-chirurgical-etrille-le-real\/#respond"]}],"copyrightYear":"2019","copyrightHolder":{"@id":"https:\/\/dicodusport.fr\/blog\/#organization"}},{"@type":"WebPage","@id":"https:\/\/dicodusport.fr\/blog\/classico-un-barca-chirurgical-etrille-le-real\/","url":"https:\/\/dicodusport.fr\/blog\/classico-un-barca-chirurgical-etrille-le-real\/","name":"Classico : un Bar\u00e7a chirurgical \u00e9trille le Real","isPartOf":{"@id":"https:\/\/dicodusport.fr\/blog\/#website"},"primaryImageOfPage":{"@id":"https:\/\/dicodusport.fr\/blog\/classico-un-barca-chirurgical-etrille-le-real\/#primaryimage"},"image":{"@id":"https:\/\/dicodusport.fr\/blog\/classico-un-barca-chirurgical-etrille-le-real\/#primaryimage"},"thumbnailUrl":"https:\/\/dicodusport.fr\/blog\/wp-content\/uploads\/2019\/02\/Suarez-Real-Bar\u00e7a-Coupe-du-Roi-2019-Classico.png","datePublished":"2019-02-27T21:50:58+00:00","dateModified":"2019-02-27T22:17:06+00:00","description":"Apr\u00e8s un match aller au Camp Nou o\u00f9 les deux \u00e9quipes n'avaient pas r\u00e9ussi \u00e0 se d\u00e9partager, le Real et le Bar\u00e7a se retrouvaient \u00e0 Bernabeu pour savoir qui allait disputer la finale de la Coupe du Roi.","breadcrumb":{"@id":"https:\/\/dicodusport.fr\/blog\/classico-un-barca-chirurgical-etrille-le-real\/#breadcrumb"},"inLanguage":"fr-FR","potentialAction":[{"@type":"ReadAction","target":["https:\/\/dicodusport.fr\/blog\/classico-un-barca-chirurgical-etrille-le-real\/"]}]},{"@type":"ImageObject","inLanguage":"fr-FR","@id":"https:\/\/dicodusport.fr\/blog\/classico-un-barca-chirurgical-etrille-le-real\/#primaryimage","url":"https:\/\/dicodusport.fr\/blog\/wp-content\/uploads\/2019\/02\/Suarez-Real-Bar\u00e7a-Coupe-du-Roi-2019-Classico.png","contentUrl":"https:\/\/dicodusport.fr\/blog\/wp-content\/uploads\/2019\/02\/Suarez-Real-Bar\u00e7a-Coupe-du-Roi-2019-Classico.png","width":800,"height":445},{"@type":"BreadcrumbList","@id":"https:\/\/dicodusport.fr\/blog\/classico-un-barca-chirurgical-etrille-le-real\/#breadcrumb","itemListElement":[{"@type":"ListItem","position":1,"name":"Accueil","item":"https:\/\/dicodusport.fr\/blog\/"},{"@type":"ListItem","position":2,"name":"Classico : un Bar\u00e7a chirurgical \u00e9trille le Real"}]},{"@type":"WebSite","@id":"https:\/\/dicodusport.fr\/blog\/#website","url":"https:\/\/dicodusport.fr\/blog\/","name":"Dicodusport","description":"L&#039;encyclop\u00e9die de l&#039;actualit\u00e9 sportive","publisher":{"@id":"https:\/\/dicodusport.fr\/blog\/#organization"},"potentialAction":[{"@type":"SearchAction","target":{"@type":"EntryPoint","urlTemplate":"https:\/\/dicodusport.fr\/blog\/?s={search_term_string}"},"query-input":{"@type":"PropertyValueSpecification","valueRequired":true,"valueName":"search_term_string"}}],"inLanguage":"fr-FR"},{"@type":"NewsMediaOrganization","@id":"https:\/\/dicodusport.fr\/blog\/#organization","name":"Dicodusport","url":"https:\/\/dicodusport.fr\/blog\/","logo":{"@type":"ImageObject","inLanguage":"fr-FR","@id":"https:\/\/dicodusport.fr\/blog\/#\/schema\/logo\/image\/","url":"https:\/\/dicodusport.fr\/blog\/wp-content\/uploads\/2020\/06\/cropped-LOGO-DICODUSPORT-2020-SANS-FOND-SANS-TEXTE.png","contentUrl":"https:\/\/dicodusport.fr\/blog\/wp-content\/uploads\/2020\/06\/cropped-LOGO-DICODUSPORT-2020-SANS-FOND-SANS-TEXTE.png","width":512,"height":512,"caption":"Dicodusport"},"image":{"@id":"https:\/\/dicodusport.fr\/blog\/#\/schema\/logo\/image\/"},"sameAs":["https:\/\/www.facebook.com\/dicodusport","https:\/\/x.com\/dicodusport","https:\/\/www.instagram.com\/dicodusport\/","https:\/\/www.youtube.com\/channel\/UC7V2KZ5sd3htJivAbA4ZG3w"],"description":"Dicodusport est l'encyclop\u00e9die de l'actualit\u00e9 sportive.","email":"bonjour@dicodusport.fr","legalName":"DICODUSPORT","foundingDate":"2018-01-14","vatID":"FR71834470973","taxID":"83447097300043","numberOfEmployees":{"@type":"QuantitativeValue","minValue":"1","maxValue":"10"}},{"@type":"Person","@id":"https:\/\/dicodusport.fr\/blog\/#\/schema\/person\/55dcb50ad410894e431ed812bbb70191","name":"Nicolas Jacquemard","image":{"@type":"ImageObject","inLanguage":"fr-FR","@id":"https:\/\/dicodusport.fr\/blog\/#\/schema\/person\/image\/","url":"https:\/\/dicodusport.fr\/blog\/wp-content\/uploads\/2021\/05\/Nicolas-Jacquemard-150x150.jpeg","contentUrl":"https:\/\/dicodusport.fr\/blog\/wp-content\/uploads\/2021\/05\/Nicolas-Jacquemard-150x150.jpeg","caption":"Nicolas Jacquemard"},"description":"Passionn\u00e9 de sport et entrepreneur depuis mes 18 ans, la cr\u00e9ation de Dicodusport m'a sembl\u00e9 \u00e9vidente pour participer \u00e0 la m\u00e9diatisation d'un plus grand nombre de sports. Le chemin est long mais avec une \u00e9quipe des plus motiv\u00e9es et les Jeux Olympiques de Paris 2024 en point de mire, nous y arriverons ! Journaliste dans le monde du sport depuis plus de 5 ans, je traite aussi bien de football, de rugby, de biathlon que de cyclisme.","sameAs":["https:\/\/www.facebook.com\/dicodusport","https:\/\/x.com\/https:\/\/twitter.com\/Nico_Jacquemard"],"url":"https:\/\/dicodusport.fr\/blog\/author\/dicodusport\/"}]}},"_links":{"self":[{"href":"https:\/\/dicodusport.fr\/blog\/wp-json\/wp\/v2\/posts\/34315","targetHints":{"allow":["GET"]}}],"collection":[{"href":"https:\/\/dicodusport.fr\/blog\/wp-json\/wp\/v2\/posts"}],"about":[{"href":"https:\/\/dicodusport.fr\/blog\/wp-json\/wp\/v2\/types\/post"}],"author":[{"embeddable":true,"href":"https:\/\/dicodusport.fr\/blog\/wp-json\/wp\/v2\/users\/1"}],"replies":[{"embeddable":true,"href":"https:\/\/dicodusport.fr\/blog\/wp-json\/wp\/v2\/comments?post=34315"}],"version-history":[{"count":0,"href":"https:\/\/dicodusport.fr\/blog\/wp-json\/wp\/v2\/posts\/34315\/revisions"}],"wp:featuredmedia":[{"embeddable":true,"href":"https:\/\/dicodusport.fr\/blog\/wp-json\/wp\/v2\/media\/34328"}],"wp:attachment":[{"href":"https:\/\/dicodusport.fr\/blog\/wp-json\/wp\/v2\/media?parent=34315"}],"wp:term":[{"taxonomy":"category","embeddable":true,"href":"https:\/\/dicodusport.fr\/blog\/wp-json\/wp\/v2\/categories?post=34315"},{"taxonomy":"post_tag","embeddable":true,"href":"https:\/\/dicodusport.fr\/blog\/wp-json\/wp\/v2\/tags?post=34315"}],"curies":[{"name":"wp","href":"https:\/\/api.w.org\/{rel}","templated":true}]}}