{"id":343212,"date":"2023-01-10T17:46:57","date_gmt":"2023-01-10T16:46:57","guid":{"rendered":"https:\/\/dicodusport.fr\/blog\/?p=343212&#038;preview=true&#038;preview_id=343212"},"modified":"2023-01-20T15:47:06","modified_gmt":"2023-01-20T14:47:06","slug":"ski-alpin-fin-de-saison-pour-matthieu-bailet-et-victor-muffat-jeandet","status":"publish","type":"post","link":"https:\/\/dicodusport.fr\/blog\/ski-alpin-fin-de-saison-pour-matthieu-bailet-et-victor-muffat-jeandet\/","title":{"rendered":"Ski alpin : Fin de saison pour Matthieu Bailet et Victor Muffat-Jeandet"},"content":{"rendered":"<p style=\"text-align: justify;\" align=\"justify\"><em><strong>COUPE DU MONDE DE SKI ALPIN 2022\/2023 &#8211; Matthieu Bailet et Victor Muffat-Jeandet, tous deux bless\u00e9s dans de lourdes chutes r\u00e9cemment, se voient contraints de remiser les skis au placard jusqu&rsquo;\u00e0 la fin de la saison.\u00a0<\/strong><\/em><\/p>\n<p style=\"text-align: justify;\" align=\"justify\">Samedi, <strong>Victor Muffat-Jeandet<\/strong>, septi\u00e8me du premier trac\u00e9, avait vu sa deuxi\u00e8me manche s&rsquo;interrompre rapidement apr\u00e8s une chute sur une perte d&rsquo;appuis. Si on savait qu&rsquo;il souffrait <a href=\"https:\/\/dicodusport.fr\/blog\/ski-alpin-fracture-du-nez-pour-victor-muffat-jeandet\/\">d&rsquo;une fracture du nez<\/a>, il devait subir des examens compl\u00e9mentaires pour son genou gauche. Malheureusement, les nouvelles ne sont pas bonnes, puisqu&rsquo;il va \u00eatre op\u00e9r\u00e9 d&rsquo;une d\u2019une plastie du ligament lat\u00e9ral externe et d\u2019une r\u00e9insertion du m\u00e9nisque externe. Il joue d\u00e9cid\u00e9ment de malchance, <a href=\"https:\/\/dicodusport.fr\/blog\/fracture-de-la-cheville-pour-victor-muffat-jeandet\/\">puisqu&rsquo;il s&rsquo;\u00e9tait fractur\u00e9 la cheville l&rsquo;hiver dernier juste avant les Jeux Olympiques<\/a>. Sa saison est bien s\u00fbr termin\u00e9e.<\/p>\n<blockquote class=\"twitter-tweet\">\n<p dir=\"ltr\" lang=\"fr\">Victimes de chutes sur le circuit Coupe du Monde, la saison de <a href=\"https:\/\/twitter.com\/bailet_matthieu?ref_src=twsrc%5Etfw\">@bailet_matthieu<\/a> et de <a href=\"https:\/\/twitter.com\/vmuffatjeandet?ref_src=twsrc%5Etfw\">@vmuffatjeandet<\/a> est malheureusement termin\u00e9e.<br \/>\nCommuniqu\u00e9 d\u00e9taill\u00e9 : <a href=\"https:\/\/t.co\/OPypLkMSSL\">https:\/\/t.co\/OPypLkMSSL<\/a><br \/>\nNous leur adressons tout notre soutien.\ud83d\udc99<\/p>\n<p>\ud83d\udcf8 Agence Zoom <a href=\"https:\/\/t.co\/OV0ckYEHbB\">pic.twitter.com\/OV0ckYEHbB<\/a><\/p>\n<p>\u2014 FFS &#8211; F\u00e9d\u00e9ration Fran\u00e7aise de Ski (@FedFranceSki) <a href=\"https:\/\/twitter.com\/FedFranceSki\/status\/1612843382119989255?ref_src=twsrc%5Etfw\">January 10, 2023<\/a><\/p><\/blockquote>\n<p style=\"text-align: justify;\"><script async src=\"https:\/\/platform.twitter.com\/widgets.js\" charset=\"utf-8\"><\/script><\/p>\n<p style=\"text-align: justify;\" align=\"justify\">C&rsquo;est \u00e9galement le cas de celle de <strong>Matthieu Bailet<\/strong>. Le lendemain de No\u00ebl, <a href=\"https:\/\/dicodusport.fr\/blog\/ski-alpin-lourde-chute-de-matthieu-bailet-a-bormio\/\">il avait subi une lourde chute lors de la premi\u00e8re descente d&rsquo;entra\u00eenement \u00e0 Bormio<\/a>. \u00c9vacu\u00e9 par h\u00e9licopt\u00e8re, on pouvait craindre le pire. Et le pire s&rsquo;est r\u00e9alis\u00e9, puisqu&rsquo;il souffre d&rsquo;une rupture du ligament crois\u00e9 ant\u00e9rieur du genou gauche. Fin de saison donc, et la prochaine pourrait aussi \u00eatre impact\u00e9e. Une grosse perte, puisqu&rsquo;il avait notamment pris la cinqui\u00e8me place du Super-G de Lake Louise.<\/p>\n<h2 style=\"text-align: justify;\" align=\"justify\">\u00c0 lire aussi<\/h2>\n<ul>\n<li style=\"text-align: justify;\"><a href=\"https:\/\/dicodusport.fr\/blog\/classement-general-hommes-coupe-du-monde-ski-alpin-2022-2023\/\"><strong>Le classement g\u00e9n\u00e9ral de la Coupe du monde<\/strong><\/a><\/li>\n<li style=\"text-align: justify;\"><a href=\"https:\/\/dicodusport.fr\/blog\/calendrier-et-resultats-coupe-du-monde-ski-alpin-hommes-2022-2023\/\"><strong>Calendrier et r\u00e9sultats de la Coupe du monde<\/strong><\/a><\/li>\n<\/ul>\n","protected":false},"excerpt":{"rendered":"<p>COUPE DU MONDE DE SKI ALPIN 2022\/2023 &#8211; Matthieu Bailet et Victor Muffat-Jeandet, tous deux bless\u00e9s dans de lourdes chutes r\u00e9cemment, se voient contraints de remiser les skis au placard jusqu&rsquo;\u00e0 la fin de la saison.\u00a0<\/p>\n","protected":false},"author":59,"featured_media":343216,"comment_status":"open","ping_status":"closed","sticky":false,"template":"","format":"standard","meta":{"_acf_changed":false,"_daextam_enable_autolinks":"","footnotes":""},"categories":[47084],"tags":[3784],"class_list":["post-343212","post","type-post","status-publish","format-standard","has-post-thumbnail","hentry","category-coupe-du-monde-ski-alpin","tag-victor-muffat-jeandet"],"acf":[],"yoast_head":"<!-- This site is optimized with the Yoast SEO Premium plugin v26.7 (Yoast SEO v26.7) - https:\/\/yoast.com\/wordpress\/plugins\/seo\/ -->\n<title>Ski alpin : Fin de saison pour Matthieu Bailet et Victor Muffat-Jeandet<\/title>\n<meta name=\"description\" content=\"COUPE DU MONDE DE SKI ALPIN 2022\/2023 - Matthieu Bailet et Victor Muffat-Jeandet, se voient contraints de remiser les skis jusqu&#039;\u00e0 la fin de saison\" \/>\n<meta name=\"robots\" content=\"index, follow, max-snippet:-1, max-image-preview:large, max-video-preview:-1\" \/>\n<link rel=\"canonical\" href=\"https:\/\/dicodusport.fr\/blog\/ski-alpin-fin-de-saison-pour-matthieu-bailet-et-victor-muffat-jeandet\/\" \/>\n<meta property=\"og:locale\" content=\"fr_FR\" \/>\n<meta property=\"og:type\" content=\"article\" \/>\n<meta property=\"og:title\" content=\"Ski alpin : Fin de saison pour Matthieu Bailet et Victor Muffat-Jeandet\" \/>\n<meta property=\"og:description\" content=\"COUPE DU MONDE DE SKI ALPIN 2022\/2023 - Matthieu Bailet et Victor Muffat-Jeandet, se voient contraints de remiser les skis jusqu&#039;\u00e0 la fin de saison\" \/>\n<meta property=\"og:url\" content=\"https:\/\/dicodusport.fr\/blog\/ski-alpin-fin-de-saison-pour-matthieu-bailet-et-victor-muffat-jeandet\/\" \/>\n<meta property=\"og:site_name\" content=\"Dicodusport\" \/>\n<meta property=\"article:publisher\" content=\"https:\/\/www.facebook.com\/dicodusport\" \/>\n<meta property=\"article:author\" content=\"https:\/\/www.facebook.com\/sebastien.gente\/\" \/>\n<meta property=\"article:published_time\" content=\"2023-01-10T16:46:57+00:00\" \/>\n<meta property=\"article:modified_time\" content=\"2023-01-20T14:47:06+00:00\" \/>\n<meta property=\"og:image\" content=\"https:\/\/dicodusport.fr\/blog\/wp-content\/uploads\/2023\/01\/Ski-alpin-Fin-de-saison-pour-Matthieu-Bailet-et-Victor-Muffat-Jeandet.png\" \/>\n\t<meta property=\"og:image:width\" content=\"800\" \/>\n\t<meta property=\"og:image:height\" content=\"445\" \/>\n\t<meta property=\"og:image:type\" content=\"image\/png\" \/>\n<meta name=\"author\" content=\"S\u00e9bastien Gente\" \/>\n<meta name=\"twitter:card\" content=\"summary_large_image\" \/>\n<meta name=\"twitter:title\" content=\"Ski alpin : Fin de saison pour Matthieu Bailet et Victor Muffat-Jeandet\" \/>\n<meta name=\"twitter:creator\" content=\"@https:\/\/twitter.com\/globulo24\" \/>\n<meta name=\"twitter:site\" content=\"@dicodusport\" \/>\n<script type=\"application\/ld+json\" class=\"yoast-schema-graph\">{\"@context\":\"https:\/\/schema.org\",\"@graph\":[{\"@type\":\"NewsArticle\",\"@id\":\"https:\/\/dicodusport.fr\/blog\/ski-alpin-fin-de-saison-pour-matthieu-bailet-et-victor-muffat-jeandet\/#article\",\"isPartOf\":{\"@id\":\"https:\/\/dicodusport.fr\/blog\/ski-alpin-fin-de-saison-pour-matthieu-bailet-et-victor-muffat-jeandet\/\"},\"author\":{\"name\":\"S\u00e9bastien Gente\",\"@id\":\"https:\/\/dicodusport.fr\/blog\/#\/schema\/person\/627966a6cde45dbd8c5e36ac85d783da\"},\"headline\":\"Ski alpin : Fin de saison pour Matthieu Bailet et Victor Muffat-Jeandet\",\"datePublished\":\"2023-01-10T16:46:57+00:00\",\"dateModified\":\"2023-01-20T14:47:06+00:00\",\"mainEntityOfPage\":{\"@id\":\"https:\/\/dicodusport.fr\/blog\/ski-alpin-fin-de-saison-pour-matthieu-bailet-et-victor-muffat-jeandet\/\"},\"wordCount\":322,\"commentCount\":0,\"publisher\":{\"@id\":\"https:\/\/dicodusport.fr\/blog\/#organization\"},\"image\":{\"@id\":\"https:\/\/dicodusport.fr\/blog\/ski-alpin-fin-de-saison-pour-matthieu-bailet-et-victor-muffat-jeandet\/#primaryimage\"},\"thumbnailUrl\":\"https:\/\/dicodusport.fr\/blog\/wp-content\/uploads\/2023\/01\/Ski-alpin-Fin-de-saison-pour-Matthieu-Bailet-et-Victor-Muffat-Jeandet.png\",\"keywords\":[\"Victor Muffat-Jeandet\"],\"articleSection\":[\"Coupe du monde de ski alpin\"],\"inLanguage\":\"fr-FR\",\"potentialAction\":[{\"@type\":\"CommentAction\",\"name\":\"Comment\",\"target\":[\"https:\/\/dicodusport.fr\/blog\/ski-alpin-fin-de-saison-pour-matthieu-bailet-et-victor-muffat-jeandet\/#respond\"]}],\"copyrightYear\":\"2023\",\"copyrightHolder\":{\"@id\":\"https:\/\/dicodusport.fr\/blog\/#organization\"}},{\"@type\":\"WebPage\",\"@id\":\"https:\/\/dicodusport.fr\/blog\/ski-alpin-fin-de-saison-pour-matthieu-bailet-et-victor-muffat-jeandet\/\",\"url\":\"https:\/\/dicodusport.fr\/blog\/ski-alpin-fin-de-saison-pour-matthieu-bailet-et-victor-muffat-jeandet\/\",\"name\":\"Ski alpin : Fin de saison pour Matthieu Bailet et Victor Muffat-Jeandet\",\"isPartOf\":{\"@id\":\"https:\/\/dicodusport.fr\/blog\/#website\"},\"primaryImageOfPage\":{\"@id\":\"https:\/\/dicodusport.fr\/blog\/ski-alpin-fin-de-saison-pour-matthieu-bailet-et-victor-muffat-jeandet\/#primaryimage\"},\"image\":{\"@id\":\"https:\/\/dicodusport.fr\/blog\/ski-alpin-fin-de-saison-pour-matthieu-bailet-et-victor-muffat-jeandet\/#primaryimage\"},\"thumbnailUrl\":\"https:\/\/dicodusport.fr\/blog\/wp-content\/uploads\/2023\/01\/Ski-alpin-Fin-de-saison-pour-Matthieu-Bailet-et-Victor-Muffat-Jeandet.png\",\"datePublished\":\"2023-01-10T16:46:57+00:00\",\"dateModified\":\"2023-01-20T14:47:06+00:00\",\"description\":\"COUPE DU MONDE DE SKI ALPIN 2022\/2023 - Matthieu Bailet et Victor Muffat-Jeandet, se voient contraints de remiser les skis jusqu'\u00e0 la fin de saison\",\"breadcrumb\":{\"@id\":\"https:\/\/dicodusport.fr\/blog\/ski-alpin-fin-de-saison-pour-matthieu-bailet-et-victor-muffat-jeandet\/#breadcrumb\"},\"inLanguage\":\"fr-FR\",\"potentialAction\":[{\"@type\":\"ReadAction\",\"target\":[\"https:\/\/dicodusport.fr\/blog\/ski-alpin-fin-de-saison-pour-matthieu-bailet-et-victor-muffat-jeandet\/\"]}]},{\"@type\":\"ImageObject\",\"inLanguage\":\"fr-FR\",\"@id\":\"https:\/\/dicodusport.fr\/blog\/ski-alpin-fin-de-saison-pour-matthieu-bailet-et-victor-muffat-jeandet\/#primaryimage\",\"url\":\"https:\/\/dicodusport.fr\/blog\/wp-content\/uploads\/2023\/01\/Ski-alpin-Fin-de-saison-pour-Matthieu-Bailet-et-Victor-Muffat-Jeandet.png\",\"contentUrl\":\"https:\/\/dicodusport.fr\/blog\/wp-content\/uploads\/2023\/01\/Ski-alpin-Fin-de-saison-pour-Matthieu-Bailet-et-Victor-Muffat-Jeandet.png\",\"width\":800,\"height\":445,\"caption\":\"Ski alpin Fin de saison pour Matthieu Bailet et Victor Muffat-Jeandet\"},{\"@type\":\"BreadcrumbList\",\"@id\":\"https:\/\/dicodusport.fr\/blog\/ski-alpin-fin-de-saison-pour-matthieu-bailet-et-victor-muffat-jeandet\/#breadcrumb\",\"itemListElement\":[{\"@type\":\"ListItem\",\"position\":1,\"name\":\"Accueil\",\"item\":\"https:\/\/dicodusport.fr\/blog\/\"},{\"@type\":\"ListItem\",\"position\":2,\"name\":\"Ski alpin : Fin de saison pour Matthieu Bailet et Victor Muffat-Jeandet\"}]},{\"@type\":\"WebSite\",\"@id\":\"https:\/\/dicodusport.fr\/blog\/#website\",\"url\":\"https:\/\/dicodusport.fr\/blog\/\",\"name\":\"Dicodusport\",\"description\":\"L&#039;encyclop\u00e9die de l&#039;actualit\u00e9 sportive\",\"publisher\":{\"@id\":\"https:\/\/dicodusport.fr\/blog\/#organization\"},\"potentialAction\":[{\"@type\":\"SearchAction\",\"target\":{\"@type\":\"EntryPoint\",\"urlTemplate\":\"https:\/\/dicodusport.fr\/blog\/?s={search_term_string}\"},\"query-input\":{\"@type\":\"PropertyValueSpecification\",\"valueRequired\":true,\"valueName\":\"search_term_string\"}}],\"inLanguage\":\"fr-FR\"},{\"@type\":\"NewsMediaOrganization\",\"@id\":\"https:\/\/dicodusport.fr\/blog\/#organization\",\"name\":\"Dicodusport\",\"url\":\"https:\/\/dicodusport.fr\/blog\/\",\"logo\":{\"@type\":\"ImageObject\",\"inLanguage\":\"fr-FR\",\"@id\":\"https:\/\/dicodusport.fr\/blog\/#\/schema\/logo\/image\/\",\"url\":\"https:\/\/dicodusport.fr\/blog\/wp-content\/uploads\/2020\/06\/cropped-LOGO-DICODUSPORT-2020-SANS-FOND-SANS-TEXTE.png\",\"contentUrl\":\"https:\/\/dicodusport.fr\/blog\/wp-content\/uploads\/2020\/06\/cropped-LOGO-DICODUSPORT-2020-SANS-FOND-SANS-TEXTE.png\",\"width\":512,\"height\":512,\"caption\":\"Dicodusport\"},\"image\":{\"@id\":\"https:\/\/dicodusport.fr\/blog\/#\/schema\/logo\/image\/\"},\"sameAs\":[\"https:\/\/www.facebook.com\/dicodusport\",\"https:\/\/x.com\/dicodusport\",\"https:\/\/www.instagram.com\/dicodusport\/\",\"https:\/\/www.youtube.com\/channel\/UC7V2KZ5sd3htJivAbA4ZG3w\"],\"description\":\"Dicodusport est l'encyclop\u00e9die de l'actualit\u00e9 sportive.\",\"email\":\"bonjour@dicodusport.fr\",\"legalName\":\"DICODUSPORT\",\"foundingDate\":\"2018-01-14\",\"vatID\":\"FR71834470973\",\"taxID\":\"83447097300043\",\"numberOfEmployees\":{\"@type\":\"QuantitativeValue\",\"minValue\":\"1\",\"maxValue\":\"10\"}},{\"@type\":\"Person\",\"@id\":\"https:\/\/dicodusport.fr\/blog\/#\/schema\/person\/627966a6cde45dbd8c5e36ac85d783da\",\"name\":\"S\u00e9bastien Gente\",\"image\":{\"@type\":\"ImageObject\",\"inLanguage\":\"fr-FR\",\"@id\":\"https:\/\/dicodusport.fr\/blog\/#\/schema\/person\/image\/\",\"url\":\"https:\/\/dicodusport.fr\/blog\/wp-content\/uploads\/2021\/09\/1510990_10205810251400683_4124423575079401707_n-150x150.jpg\",\"contentUrl\":\"https:\/\/dicodusport.fr\/blog\/wp-content\/uploads\/2021\/09\/1510990_10205810251400683_4124423575079401707_n-150x150.jpg\",\"caption\":\"S\u00e9bastien Gente\"},\"description\":\"John Stockton, Gianni Bugno, Zinedine Zidane, Steffi Graf, Frode Andresen, St\u00e9phane Stoecklin, Davis Kamoga, Primoz Peterka, Werner Schlager et Aur\u00e9lien Rougerie. Point commun entre ces sportifs? Ils m'ont fait r\u00eaver et ont berc\u00e9 mon adolescence. Je suis un fondu de sports et j'essaie de retranscrire ma passion \u00e0 travers mes articles. Originaire du P\u00e9rigord, ma passion pour les Girondins, les Jaunards et les Jazzmen transpire dans mes \u00e9crits. \u00c0 Dicodusport depuis 2021, je d\u00e9niche les sports m\u00e9connus dans lesquels la France brille, et il y en a !\",\"sameAs\":[\"https:\/\/www.facebook.com\/sebastien.gente\/\",\"https:\/\/www.instagram.com\/sebgente\/\",\"https:\/\/www.linkedin.com\/in\/sbastien-gente-a29583169\/\",\"https:\/\/x.com\/https:\/\/twitter.com\/globulo24\",\"SebastienGente\"],\"worksFor\":\"S\u00e9bastien GENTE\",\"url\":\"https:\/\/dicodusport.fr\/blog\/author\/sebastiengente\/\"}]}<\/script>\n<!-- \/ Yoast SEO Premium plugin. -->","yoast_head_json":{"title":"Ski alpin : Fin de saison pour Matthieu Bailet et Victor Muffat-Jeandet","description":"COUPE DU MONDE DE SKI ALPIN 2022\/2023 - Matthieu Bailet et Victor Muffat-Jeandet, se voient contraints de remiser les skis jusqu'\u00e0 la fin de saison","robots":{"index":"index","follow":"follow","max-snippet":"max-snippet:-1","max-image-preview":"max-image-preview:large","max-video-preview":"max-video-preview:-1"},"canonical":"https:\/\/dicodusport.fr\/blog\/ski-alpin-fin-de-saison-pour-matthieu-bailet-et-victor-muffat-jeandet\/","og_locale":"fr_FR","og_type":"article","og_title":"Ski alpin : Fin de saison pour Matthieu Bailet et Victor Muffat-Jeandet","og_description":"COUPE DU MONDE DE SKI ALPIN 2022\/2023 - Matthieu Bailet et Victor Muffat-Jeandet, se voient contraints de remiser les skis jusqu'\u00e0 la fin de saison","og_url":"https:\/\/dicodusport.fr\/blog\/ski-alpin-fin-de-saison-pour-matthieu-bailet-et-victor-muffat-jeandet\/","og_site_name":"Dicodusport","article_publisher":"https:\/\/www.facebook.com\/dicodusport","article_author":"https:\/\/www.facebook.com\/sebastien.gente\/","article_published_time":"2023-01-10T16:46:57+00:00","article_modified_time":"2023-01-20T14:47:06+00:00","og_image":[{"width":800,"height":445,"url":"https:\/\/dicodusport.fr\/blog\/wp-content\/uploads\/2023\/01\/Ski-alpin-Fin-de-saison-pour-Matthieu-Bailet-et-Victor-Muffat-Jeandet.png","type":"image\/png"}],"author":"S\u00e9bastien Gente","twitter_card":"summary_large_image","twitter_title":"Ski alpin : Fin de saison pour Matthieu Bailet et Victor Muffat-Jeandet","twitter_creator":"@https:\/\/twitter.com\/globulo24","twitter_site":"@dicodusport","schema":{"@context":"https:\/\/schema.org","@graph":[{"@type":"NewsArticle","@id":"https:\/\/dicodusport.fr\/blog\/ski-alpin-fin-de-saison-pour-matthieu-bailet-et-victor-muffat-jeandet\/#article","isPartOf":{"@id":"https:\/\/dicodusport.fr\/blog\/ski-alpin-fin-de-saison-pour-matthieu-bailet-et-victor-muffat-jeandet\/"},"author":{"name":"S\u00e9bastien Gente","@id":"https:\/\/dicodusport.fr\/blog\/#\/schema\/person\/627966a6cde45dbd8c5e36ac85d783da"},"headline":"Ski alpin : Fin de saison pour Matthieu Bailet et Victor Muffat-Jeandet","datePublished":"2023-01-10T16:46:57+00:00","dateModified":"2023-01-20T14:47:06+00:00","mainEntityOfPage":{"@id":"https:\/\/dicodusport.fr\/blog\/ski-alpin-fin-de-saison-pour-matthieu-bailet-et-victor-muffat-jeandet\/"},"wordCount":322,"commentCount":0,"publisher":{"@id":"https:\/\/dicodusport.fr\/blog\/#organization"},"image":{"@id":"https:\/\/dicodusport.fr\/blog\/ski-alpin-fin-de-saison-pour-matthieu-bailet-et-victor-muffat-jeandet\/#primaryimage"},"thumbnailUrl":"https:\/\/dicodusport.fr\/blog\/wp-content\/uploads\/2023\/01\/Ski-alpin-Fin-de-saison-pour-Matthieu-Bailet-et-Victor-Muffat-Jeandet.png","keywords":["Victor Muffat-Jeandet"],"articleSection":["Coupe du monde de ski alpin"],"inLanguage":"fr-FR","potentialAction":[{"@type":"CommentAction","name":"Comment","target":["https:\/\/dicodusport.fr\/blog\/ski-alpin-fin-de-saison-pour-matthieu-bailet-et-victor-muffat-jeandet\/#respond"]}],"copyrightYear":"2023","copyrightHolder":{"@id":"https:\/\/dicodusport.fr\/blog\/#organization"}},{"@type":"WebPage","@id":"https:\/\/dicodusport.fr\/blog\/ski-alpin-fin-de-saison-pour-matthieu-bailet-et-victor-muffat-jeandet\/","url":"https:\/\/dicodusport.fr\/blog\/ski-alpin-fin-de-saison-pour-matthieu-bailet-et-victor-muffat-jeandet\/","name":"Ski alpin : Fin de saison pour Matthieu Bailet et Victor Muffat-Jeandet","isPartOf":{"@id":"https:\/\/dicodusport.fr\/blog\/#website"},"primaryImageOfPage":{"@id":"https:\/\/dicodusport.fr\/blog\/ski-alpin-fin-de-saison-pour-matthieu-bailet-et-victor-muffat-jeandet\/#primaryimage"},"image":{"@id":"https:\/\/dicodusport.fr\/blog\/ski-alpin-fin-de-saison-pour-matthieu-bailet-et-victor-muffat-jeandet\/#primaryimage"},"thumbnailUrl":"https:\/\/dicodusport.fr\/blog\/wp-content\/uploads\/2023\/01\/Ski-alpin-Fin-de-saison-pour-Matthieu-Bailet-et-Victor-Muffat-Jeandet.png","datePublished":"2023-01-10T16:46:57+00:00","dateModified":"2023-01-20T14:47:06+00:00","description":"COUPE DU MONDE DE SKI ALPIN 2022\/2023 - Matthieu Bailet et Victor Muffat-Jeandet, se voient contraints de remiser les skis jusqu'\u00e0 la fin de saison","breadcrumb":{"@id":"https:\/\/dicodusport.fr\/blog\/ski-alpin-fin-de-saison-pour-matthieu-bailet-et-victor-muffat-jeandet\/#breadcrumb"},"inLanguage":"fr-FR","potentialAction":[{"@type":"ReadAction","target":["https:\/\/dicodusport.fr\/blog\/ski-alpin-fin-de-saison-pour-matthieu-bailet-et-victor-muffat-jeandet\/"]}]},{"@type":"ImageObject","inLanguage":"fr-FR","@id":"https:\/\/dicodusport.fr\/blog\/ski-alpin-fin-de-saison-pour-matthieu-bailet-et-victor-muffat-jeandet\/#primaryimage","url":"https:\/\/dicodusport.fr\/blog\/wp-content\/uploads\/2023\/01\/Ski-alpin-Fin-de-saison-pour-Matthieu-Bailet-et-Victor-Muffat-Jeandet.png","contentUrl":"https:\/\/dicodusport.fr\/blog\/wp-content\/uploads\/2023\/01\/Ski-alpin-Fin-de-saison-pour-Matthieu-Bailet-et-Victor-Muffat-Jeandet.png","width":800,"height":445,"caption":"Ski alpin Fin de saison pour Matthieu Bailet et Victor Muffat-Jeandet"},{"@type":"BreadcrumbList","@id":"https:\/\/dicodusport.fr\/blog\/ski-alpin-fin-de-saison-pour-matthieu-bailet-et-victor-muffat-jeandet\/#breadcrumb","itemListElement":[{"@type":"ListItem","position":1,"name":"Accueil","item":"https:\/\/dicodusport.fr\/blog\/"},{"@type":"ListItem","position":2,"name":"Ski alpin : Fin de saison pour Matthieu Bailet et Victor Muffat-Jeandet"}]},{"@type":"WebSite","@id":"https:\/\/dicodusport.fr\/blog\/#website","url":"https:\/\/dicodusport.fr\/blog\/","name":"Dicodusport","description":"L&#039;encyclop\u00e9die de l&#039;actualit\u00e9 sportive","publisher":{"@id":"https:\/\/dicodusport.fr\/blog\/#organization"},"potentialAction":[{"@type":"SearchAction","target":{"@type":"EntryPoint","urlTemplate":"https:\/\/dicodusport.fr\/blog\/?s={search_term_string}"},"query-input":{"@type":"PropertyValueSpecification","valueRequired":true,"valueName":"search_term_string"}}],"inLanguage":"fr-FR"},{"@type":"NewsMediaOrganization","@id":"https:\/\/dicodusport.fr\/blog\/#organization","name":"Dicodusport","url":"https:\/\/dicodusport.fr\/blog\/","logo":{"@type":"ImageObject","inLanguage":"fr-FR","@id":"https:\/\/dicodusport.fr\/blog\/#\/schema\/logo\/image\/","url":"https:\/\/dicodusport.fr\/blog\/wp-content\/uploads\/2020\/06\/cropped-LOGO-DICODUSPORT-2020-SANS-FOND-SANS-TEXTE.png","contentUrl":"https:\/\/dicodusport.fr\/blog\/wp-content\/uploads\/2020\/06\/cropped-LOGO-DICODUSPORT-2020-SANS-FOND-SANS-TEXTE.png","width":512,"height":512,"caption":"Dicodusport"},"image":{"@id":"https:\/\/dicodusport.fr\/blog\/#\/schema\/logo\/image\/"},"sameAs":["https:\/\/www.facebook.com\/dicodusport","https:\/\/x.com\/dicodusport","https:\/\/www.instagram.com\/dicodusport\/","https:\/\/www.youtube.com\/channel\/UC7V2KZ5sd3htJivAbA4ZG3w"],"description":"Dicodusport est l'encyclop\u00e9die de l'actualit\u00e9 sportive.","email":"bonjour@dicodusport.fr","legalName":"DICODUSPORT","foundingDate":"2018-01-14","vatID":"FR71834470973","taxID":"83447097300043","numberOfEmployees":{"@type":"QuantitativeValue","minValue":"1","maxValue":"10"}},{"@type":"Person","@id":"https:\/\/dicodusport.fr\/blog\/#\/schema\/person\/627966a6cde45dbd8c5e36ac85d783da","name":"S\u00e9bastien Gente","image":{"@type":"ImageObject","inLanguage":"fr-FR","@id":"https:\/\/dicodusport.fr\/blog\/#\/schema\/person\/image\/","url":"https:\/\/dicodusport.fr\/blog\/wp-content\/uploads\/2021\/09\/1510990_10205810251400683_4124423575079401707_n-150x150.jpg","contentUrl":"https:\/\/dicodusport.fr\/blog\/wp-content\/uploads\/2021\/09\/1510990_10205810251400683_4124423575079401707_n-150x150.jpg","caption":"S\u00e9bastien Gente"},"description":"John Stockton, Gianni Bugno, Zinedine Zidane, Steffi Graf, Frode Andresen, St\u00e9phane Stoecklin, Davis Kamoga, Primoz Peterka, Werner Schlager et Aur\u00e9lien Rougerie. Point commun entre ces sportifs? Ils m'ont fait r\u00eaver et ont berc\u00e9 mon adolescence. Je suis un fondu de sports et j'essaie de retranscrire ma passion \u00e0 travers mes articles. Originaire du P\u00e9rigord, ma passion pour les Girondins, les Jaunards et les Jazzmen transpire dans mes \u00e9crits. \u00c0 Dicodusport depuis 2021, je d\u00e9niche les sports m\u00e9connus dans lesquels la France brille, et il y en a !","sameAs":["https:\/\/www.facebook.com\/sebastien.gente\/","https:\/\/www.instagram.com\/sebgente\/","https:\/\/www.linkedin.com\/in\/sbastien-gente-a29583169\/","https:\/\/x.com\/https:\/\/twitter.com\/globulo24","SebastienGente"],"worksFor":"S\u00e9bastien GENTE","url":"https:\/\/dicodusport.fr\/blog\/author\/sebastiengente\/"}]}},"_links":{"self":[{"href":"https:\/\/dicodusport.fr\/blog\/wp-json\/wp\/v2\/posts\/343212","targetHints":{"allow":["GET"]}}],"collection":[{"href":"https:\/\/dicodusport.fr\/blog\/wp-json\/wp\/v2\/posts"}],"about":[{"href":"https:\/\/dicodusport.fr\/blog\/wp-json\/wp\/v2\/types\/post"}],"author":[{"embeddable":true,"href":"https:\/\/dicodusport.fr\/blog\/wp-json\/wp\/v2\/users\/59"}],"replies":[{"embeddable":true,"href":"https:\/\/dicodusport.fr\/blog\/wp-json\/wp\/v2\/comments?post=343212"}],"version-history":[{"count":0,"href":"https:\/\/dicodusport.fr\/blog\/wp-json\/wp\/v2\/posts\/343212\/revisions"}],"wp:featuredmedia":[{"embeddable":true,"href":"https:\/\/dicodusport.fr\/blog\/wp-json\/wp\/v2\/media\/343216"}],"wp:attachment":[{"href":"https:\/\/dicodusport.fr\/blog\/wp-json\/wp\/v2\/media?parent=343212"}],"wp:term":[{"taxonomy":"category","embeddable":true,"href":"https:\/\/dicodusport.fr\/blog\/wp-json\/wp\/v2\/categories?post=343212"},{"taxonomy":"post_tag","embeddable":true,"href":"https:\/\/dicodusport.fr\/blog\/wp-json\/wp\/v2\/tags?post=343212"}],"curies":[{"name":"wp","href":"https:\/\/api.w.org\/{rel}","templated":true}]}}