{"id":343277,"date":"2023-01-14T16:21:16","date_gmt":"2023-01-14T15:21:16","guid":{"rendered":"https:\/\/dicodusport.fr\/blog\/?p=343277&#038;preview=true&#038;preview_id=343277"},"modified":"2023-01-15T16:21:42","modified_gmt":"2023-01-15T15:21:42","slug":"championnats-de-france-cyclo-cross-2023-programme-et-resultats","status":"publish","type":"post","link":"https:\/\/dicodusport.fr\/blog\/championnats-de-france-cyclo-cross-2023-programme-et-resultats\/","title":{"rendered":"Palmar\u00e8s et r\u00e9sultats Championnats de France Cyclo-cross 2023"},"content":{"rendered":"<p style=\"text-align: justify;\"><strong><em><a href=\"https:\/\/dicodusport.fr\/blog\/actualites\/cyclisme\/cyclo-cross\/\">CYCLO-CROSS<\/a> &#8211; D\u00e9couvrez le programme complet et les r\u00e9sultats des championnats de France de cyclo-cross 2023, qui se d\u00e9roulent \u00e0 Bagnoles de l\u2019Orne (Orne, Normandie), les 14 et 15 janvier 2023.<\/em><\/strong><\/p>\n<p style=\"text-align: justify;\">La localit\u00e9 de <strong>Bagnoles de l&rsquo;Orne<\/strong> accueille les <strong>championnats de France de cyclo-cross 2023<\/strong>, en ce week-end des 14 et 15 janvier. Sur le site normand, qui succ\u00e9dera, entre autres, \u00e0 <strong>Line Burquier<\/strong> chez les \u00e9lites dames et \u00e0 <strong>Joshua Dubau<\/strong> chez les \u00e9lites hommes ? Toutes les t\u00eates d&rsquo;affiche du cyclo-cross fran\u00e7ais seront de la partie. <strong>Line Burquier<\/strong> d\u00e9fendra son titre mais derri\u00e8re elle, les <strong>Amandine Fouquenet<\/strong>, <strong>H\u00e9l\u00e8ne et Perrine Clauzel <\/strong>tenteront de contrecarrer ses plans. Chez les hommes, <strong>Joshua Dubau<\/strong> sera favori \u00e0 sa propre succession. Mais derri\u00e8re, <strong>David Menut<\/strong> et <strong>Cl\u00e9ment Venturini<\/strong> pourraient lui donner du fil \u00e0 retordre.<\/p>\n<h2 style=\"text-align: justify;\">Palmar\u00e8s des championnats de France de cyclo-cross 2022<\/h2>\n<h3 style=\"text-align: justify;\">Hommes<\/h3>\n<p style=\"text-align: justify;\"><strong>\u00c9lites :<\/strong> Joshua Dubau<br \/>\n<strong>U23 :<\/strong> Romain Gr\u00e9goire<br \/>\n<strong>Juniors :<\/strong> Louka Lesueur<br \/>\n<strong>U17 :<\/strong> Paul Seixas<\/p>\n<h3 style=\"text-align: justify;\">Femmes<\/h3>\n<p style=\"text-align: justify;\"><strong>\u00c9lites :<\/strong> Line Burquier<br \/>\n<strong>U23 :<\/strong> Line Burquier<br \/>\n<strong>Juniors :<\/strong> Manon Briand<br \/>\n<strong>U17 :<\/strong> C\u00e9lia Gery<\/p>\n<p style=\"text-align: justify;\"><strong>Les courses \u00e9lites femmes et messieurs seront retransmises sur Eurosport 2.\u00a0<\/strong><\/p>\n<h2 style=\"text-align: justify;\">Cyclo-cross : Le programme des championnats de France &#8211; Janvier 2023<\/h2>\n<table style=\"width: 100%; border-collapse: collapse; font-size: 0.9em;\">\n<tbody>\n<tr>\n<td style=\"background-color: #0081b4; width: 800px; text-align: center; vertical-align: middle;\" colspan=\"6\"><span style=\"color: #ffffff;\"><strong>SAMEDI 14 JANVIER 2023<\/strong><\/span><\/td>\n<\/tr>\n<tr>\n<td style=\"text-align: center; vertical-align: middle; width: 20%; background-color: #8db5c4;\"><span style=\"color: #ffffff; font-size: 0.9em;\"><strong>Horaire<\/strong><\/span><\/td>\n<td style=\"text-align: center; vertical-align: middle; width: 20%; background-color: #8db5c4;\" colspan=\"2\"><span style=\"color: #ffffff;\"><span style=\"font-size: 0.9em;\"><b>\u00c9preuve<\/b><\/span><\/span><\/td>\n<td style=\"text-align: center; vertical-align: middle; width: 20%; background-color: #8db5c4;\"><span style=\"color: #ffffff; font-size: 0.9em;\"><strong>Vainqueur<\/strong><\/span><\/td>\n<td style=\"text-align: center; vertical-align: middle; width: 20%; background-color: #8db5c4;\"><span style=\"color: #ffffff; font-size: 0.9em;\"><strong>Deuxi\u00e8me<\/strong><\/span><\/td>\n<td style=\"text-align: center; vertical-align: middle; width: 20%; background-color: #8db5c4;\"><span style=\"color: #ffffff; font-size: 0.9em;\"><strong>Troisi\u00e8me<\/strong><\/span><\/td>\n<\/tr>\n<tr>\n<td style=\"text-align: center; vertical-align: middle; width: 20%;\"><strong>10h30 &#8211; 11h00<\/strong><\/td>\n<td style=\"text-align: center; vertical-align: middle; width: 20%;\" colspan=\"2\"><strong>Relais Comit\u00e9s R\u00e9gionaux<br \/>\n<a href=\"https:\/\/www.directvelo.com\/actualite\/101980\/cc-championnat-de-france-relais-des-comites-regionaux-classement\"><span style=\"font-size: 0.9em;\"><em><span style=\"font-size: 0.8em;\">Classement<\/span><\/em><\/span><\/a><br \/>\n<\/strong><\/td>\n<td style=\"text-align: center; vertical-align: middle; width: 20%; font-size: 0.9em;\"><strong>AUVERGNE-RH\u00d4NE-ALPES<br \/>\n<span style=\"font-size: 0.9em;\"><em><span style=\"font-size: 0.8em;\">33:52<\/span><\/em><\/span><br \/>\n<\/strong><\/td>\n<td style=\"text-align: center; vertical-align: middle; width: 20%; font-size: 0.9em;\">BOURGOGNE-FRANCHE-COMT\u00c9<br \/>\n<span style=\"font-size: 0.9em;\"><em><span style=\"font-size: 0.8em;\">+0:18<\/span><\/em><\/span><strong><br \/>\n<\/strong><\/td>\n<td style=\"text-align: center; vertical-align: middle; width: 20%; font-size: 0.9em;\">\u00ceLE-DE-FRANCE<br \/>\n<span style=\"font-size: 0.9em;\"><em><span style=\"font-size: 0.8em;\">+1:22<\/span><\/em><\/span><\/td>\n<\/tr>\n<tr>\n<td style=\"text-align: center; vertical-align: middle; width: 20%;\"><strong>13h10 &#8211; 13h40<\/strong><\/td>\n<td style=\"text-align: center; vertical-align: middle;\" colspan=\"2\"><strong>Gar\u00e7ons U17<br \/>\n<a href=\"https:\/\/www.directvelo.com\/actualite\/101983\/cc-championnat-de-france-u17-garcons-theophile-vassal-1er\"><span style=\"font-size: 0.9em;\"><em><span style=\"font-size: 0.8em;\">Classement<\/span><\/em><\/span><\/a><br \/>\n<\/strong><\/td>\n<td style=\"text-align: center; vertical-align: middle; width: 20%; font-size: 0.9em;\"><strong>TH\u00c9OPHILE VASSAL<br \/>\n<span style=\"font-size: 0.9em;\"><span style=\"font-size: 0.8em;\">BOURGOGNE-FRANCHE-COMT\u00c9<\/span><\/span><br \/>\n<span style=\"font-size: 0.9em;\"><em><span style=\"font-size: 0.8em;\">33:52<\/span><\/em><\/span><\/strong><\/td>\n<td style=\"text-align: center; vertical-align: middle; width: 20%; font-size: 0.9em;\">FLORIAN FERY<br \/>\n<span style=\"font-size: 0.9em;\"><span style=\"font-size: 0.8em;\">GRAND EST<\/span><\/span><br \/>\n<span style=\"font-size: 0.9em;\"><em><span style=\"font-size: 0.8em;\">+0:27<\/span><\/em><\/span><\/td>\n<td style=\"text-align: center; vertical-align: middle; width: 20%; font-size: 0.9em;\">TOM BREMONT<br \/>\n<span style=\"font-size: 0.9em;\"><span style=\"font-size: 0.8em;\">AUVERGNE-RH\u00d4NE-ALPES<\/span><\/span><br \/>\n<span style=\"font-size: 0.9em;\"><em><span style=\"font-size: 0.8em;\">+0:39<\/span><\/em><\/span><\/td>\n<\/tr>\n<tr>\n<td style=\"text-align: center; vertical-align: middle; width: 20%;\"><strong>14h20 &#8211; 14h50<\/strong><\/td>\n<td style=\"text-align: center; vertical-align: middle; width: 20%;\" colspan=\"2\"><strong>Filles U17<br \/>\n<a href=\"https:\/\/www.directvelo.com\/actualite\/101986\/cc-championnat-de-france-u17-filles-classement\"><span style=\"font-size: 0.9em;\"><em><span style=\"font-size: 0.8em;\">Classement<\/span><\/em><\/span><\/a><br \/>\n<\/strong><\/td>\n<td style=\"text-align: center; vertical-align: middle; width: 20%; font-size: 0.9em;\"><strong>LISE REVOL<br \/>\n<span style=\"font-size: 0.9em;\"><span style=\"font-size: 0.8em;\">R\u00c9GION SUD<\/span><\/span><br \/>\n<span style=\"font-size: 0.9em;\"><em><span style=\"font-size: 0.8em;\">31:16<\/span><\/em><\/span><\/strong><\/td>\n<td style=\"text-align: center; vertical-align: middle; width: 20%; font-size: 0.9em;\">JEANNE DUTERNE<br \/>\n<span style=\"font-size: 0.9em;\"><span style=\"font-size: 0.8em;\">GRAND EST<\/span><\/span><br \/>\n<span style=\"font-size: 0.9em;\"><em><span style=\"font-size: 0.8em;\">+0:50<\/span><\/em><\/span><\/td>\n<td style=\"text-align: center; vertical-align: middle; width: 20%; font-size: 0.9em;\">LISON DESPREZ<br \/>\n<span style=\"font-size: 0.9em;\"><span style=\"font-size: 0.8em;\">BRETAGNE<\/span><\/span><br \/>\n<span style=\"font-size: 0.9em;\"><em><span style=\"font-size: 0.8em;\">+1:18<\/span><\/em><\/span><\/td>\n<\/tr>\n<tr>\n<td style=\"text-align: center; vertical-align: middle; width: 20%;\"><strong>15h30 &#8211; 16h20<\/strong><\/td>\n<td style=\"text-align: center; vertical-align: middle;\" colspan=\"2\"><strong>Hommes U23<br \/>\n<a href=\"https:\/\/www.directvelo.com\/actualite\/101993\/cc-championnat-de-france-u23-hommes-martin-groslambert-1er\"><span style=\"font-size: 0.9em;\"><em><span style=\"font-size: 0.8em;\">Classement<\/span><\/em><\/span><\/a><br \/>\n<\/strong><\/td>\n<td style=\"text-align: center; vertical-align: middle; width: 20%; font-size: 0.9em;\"><strong>MARTIN GROSLAMBERT<br \/>\n<span style=\"font-size: 0.9em;\"><span style=\"font-size: 0.8em;\">BOURGOGNE-FRANCHE-COMT\u00c9<\/span><\/span><br \/>\n<span style=\"font-size: 0.9em;\"><em><span style=\"font-size: 0.8em;\">51:57<\/span><\/em><\/span><\/strong><\/td>\n<td style=\"text-align: center; vertical-align: middle; width: 20%; font-size: 0.9em;\">NATHAN BOMMENEL<br \/>\n<span style=\"font-size: 0.9em;\"><span style=\"font-size: 0.8em;\">AS BIKE RACING<\/span><\/span><br \/>\n<span style=\"font-size: 0.9em;\"><em><span style=\"font-size: 0.8em;\">+0:20<\/span><\/em><\/span><\/td>\n<td style=\"text-align: center; vertical-align: middle; width: 20%; font-size: 0.9em;\">R\u00c9MI LELANDAIS<br \/>\n<span style=\"font-size: 0.9em;\"><span style=\"font-size: 0.8em;\">TEAM LEGENDRE<\/span><\/span><br \/>\n<span style=\"font-size: 0.9em;\"><em><span style=\"font-size: 0.8em;\">+0:25<\/span><\/em><\/span><\/td>\n<\/tr>\n<tr>\n<td style=\"background-color: #0081b4; width: 800px; text-align: center; vertical-align: middle;\" colspan=\"6\"><span style=\"color: #ffffff;\"><strong>DIMANCHE 15 JANVIER 2023<\/strong><\/span><\/td>\n<\/tr>\n<tr>\n<td style=\"text-align: center; vertical-align: middle; width: 20%; background-color: #8db5c4;\"><span style=\"color: #ffffff; font-size: 0.9em;\"><strong>Horaire<\/strong><\/span><\/td>\n<td style=\"text-align: center; vertical-align: middle; width: 20%; background-color: #8db5c4;\" colspan=\"2\"><span style=\"color: #ffffff;\"><span style=\"font-size: 0.9em;\"><b>\u00c9preuve<\/b><\/span><\/span><\/td>\n<td style=\"text-align: center; vertical-align: middle; width: 20%; background-color: #8db5c4;\"><span style=\"color: #ffffff; font-size: 0.9em;\"><strong>Vainqueur<\/strong><\/span><\/td>\n<td style=\"text-align: center; vertical-align: middle; width: 20%; background-color: #8db5c4;\"><span style=\"color: #ffffff; font-size: 0.9em;\"><strong>Deuxi\u00e8me<\/strong><\/span><\/td>\n<td style=\"text-align: center; vertical-align: middle; width: 20%; background-color: #8db5c4;\"><span style=\"color: #ffffff; font-size: 0.9em;\"><strong>Troisi\u00e8me<\/strong><\/span><\/td>\n<\/tr>\n<tr>\n<td style=\"text-align: center; vertical-align: middle; width: 20%;\"><strong>10h00 &#8211; 10h40<\/strong><\/td>\n<td style=\"text-align: center; vertical-align: middle; width: 20%;\" colspan=\"2\"><strong>Hommes juniors<br \/>\n<a href=\"https:\/\/www.directvelo.com\/actualite\/102003\/cc-championnat-de-france-juniors-hommes-leo-bisiaux-1er\"><span style=\"font-size: 0.9em;\"><em><span style=\"font-size: 0.8em;\">Classement<\/span><\/em><\/span><\/a><br \/>\n<\/strong><\/td>\n<td style=\"text-align: center; vertical-align: middle; width: 20%; font-size: 0.9em;\"><strong>L\u00c9O BISIAUX<br \/>\n<span style=\"font-size: 0.9em;\"><span style=\"font-size: 0.8em;\">AUVERGNE-RH\u00d4NE-ALPES<\/span><\/span><br \/>\n<span style=\"font-size: 0.9em;\"><em><span style=\"font-size: 0.8em;\">36:44<\/span><\/em><\/span><\/strong><\/td>\n<td style=\"text-align: center; vertical-align: middle; width: 20%; font-size: 0.9em;\">FANTIN GLOUX<br \/>\n<span style=\"font-size: 0.9em;\"><span style=\"font-size: 0.8em;\">BRETAGNE<\/span><\/span><br \/>\n<span style=\"font-size: 0.9em;\"><em><span style=\"font-size: 0.8em;\">+0:29<\/span><\/em><\/span><\/td>\n<td style=\"text-align: center; vertical-align: middle; width: 20%; font-size: 0.9em;\">JULES SIMON<br \/>\n<span style=\"font-size: 0.9em;\"><span style=\"font-size: 0.8em;\">\u00ceLE-DE-FRANCE<\/span><\/span><br \/>\n<span style=\"font-size: 0.9em;\"><em><span style=\"font-size: 0.8em;\">+0:54<\/span><\/em><\/span><\/td>\n<\/tr>\n<tr>\n<td style=\"text-align: center; vertical-align: middle; width: 20%;\"><strong>11h15 &#8211; 11h55<\/strong><\/td>\n<td style=\"text-align: center; vertical-align: middle;\" colspan=\"2\"><strong>Femmes juniors<br \/>\n<a href=\"https:\/\/www.directvelo.com\/actualite\/102004\/cc-championnat-de-france-juniors-femmes-lise-klaes-1ere\"><span style=\"font-size: 0.9em;\"><em><span style=\"font-size: 0.8em;\">Classement<\/span><\/em><\/span><\/a><br \/>\n<i><\/i><\/strong><\/td>\n<td style=\"text-align: center; vertical-align: middle; width: 20%; font-size: 0.9em;\"><strong>LISE KLA\u00cbS<br \/>\n<span style=\"font-size: 0.9em;\"><span style=\"font-size: 0.8em;\">NORMANDIE<\/span><\/span><br \/>\n<span style=\"font-size: 0.9em;\"><em><span style=\"font-size: 0.8em;\">42:57<\/span><\/em><\/span><\/strong><\/td>\n<td style=\"text-align: center; vertical-align: middle; width: 20%; font-size: 0.9em;\">JULIE BEGO<br \/>\n<span style=\"font-size: 0.9em;\"><span style=\"font-size: 0.8em;\">AUVERGNE-RH\u00d4NE-ALPES<\/span><\/span><br \/>\n<span style=\"font-size: 0.9em;\"><em><span style=\"font-size: 0.8em;\">+1:23<\/span><\/em><\/span><\/td>\n<td style=\"text-align: center; vertical-align: middle; width: 20%; font-size: 0.9em;\">ALEXANDRA VALADE<br \/>\n<span style=\"font-size: 0.9em;\"><span style=\"font-size: 0.8em;\">GRAND EST<\/span><\/span><br \/>\n<span style=\"font-size: 0.9em;\"><em><span style=\"font-size: 0.8em;\">+1:39<\/span><\/em><\/span><\/td>\n<\/tr>\n<tr>\n<td style=\"text-align: center; vertical-align: middle; width: 20%;\"><strong>13h45 &#8211; 14h35<\/strong><\/td>\n<td style=\"text-align: center; vertical-align: middle;\" colspan=\"2\"><strong>Femmes U23<br \/>\n<a href=\"https:\/\/www.directvelo.com\/actualite\/102005\/cc-championnat-de-france-elites-et-espoirs-femmes-classements\"><span style=\"font-size: 10.368px;\"><i>Classement<\/i><\/span><\/a><br \/>\n<\/strong><\/td>\n<td style=\"text-align: center; vertical-align: middle; width: 20%; font-size: 0.9em;\"><strong>LINE BURQUIER<\/strong><br \/>\n<strong><span style=\"font-size: 0.9em;\"><span style=\"font-size: 0.8em;\">CANYON CLLCTV<\/span><\/span><\/strong><br \/>\n<strong><span style=\"font-size: 0.9em;\"><em><span style=\"font-size: 0.8em;\">46:34<\/span><\/em><\/span><\/strong><\/td>\n<td style=\"text-align: center; vertical-align: middle; width: 20%; font-size: 0.9em;\">LAURIANE DURRAFOURG<br \/>\n<span style=\"font-size: 0.9em;\"><span style=\"font-size: 0.8em;\">AS BIKE RACING<\/span><\/span><br \/>\n<span style=\"font-size: 0.9em;\"><em><span style=\"font-size: 0.8em;\">+1:05<\/span><\/em><\/span><\/td>\n<td style=\"text-align: center; vertical-align: middle; width: 20%; font-size: 0.9em;\">AMANDINE FOUQUENET<br \/>\n<span style=\"font-size: 0.9em;\"><span style=\"font-size: 0.8em;\">ARK\u00c9A<\/span><\/span><br \/>\n<span style=\"font-size: 0.9em;\"><em><span style=\"font-size: 0.8em;\">+2:27<\/span><\/em><\/span><\/td>\n<\/tr>\n<tr>\n<td style=\"text-align: center; vertical-align: middle; width: 20%;\"><strong>13h45 &#8211; 14h35<\/strong><\/td>\n<td style=\"text-align: center; vertical-align: middle; width: 20%;\" colspan=\"2\"><strong>Femmes \u00e9lites<br \/>\n<span style=\"font-size: 10.368px;\"><i><a href=\"https:\/\/dicodusport.fr\/blog\/cyclo-cross-helene-clauzel-sacree-championne-de-france-2023\/\">R\u00e9sum\u00e9<\/a> &#8211; <a href=\"https:\/\/dicodusport.fr\/blog\/classement-course-elites-femmes-championnats-de-france-cyclo-cross-2023\/\">Classement<\/a><br \/>\n<\/i><\/span><\/strong><\/td>\n<td style=\"text-align: center; vertical-align: middle; width: 20%; font-size: 0.9em;\"><strong>H\u00c9L\u00c8NE CLAUZEL<br \/>\n<span style=\"font-size: 0.9em;\"><span style=\"font-size: 0.8em;\">AS BIKE RACING<\/span><\/span><br \/>\n<span style=\"font-size: 0.9em;\"><em><span style=\"font-size: 0.8em;\">46:34<\/span><\/em><\/span><\/strong><\/td>\n<td style=\"text-align: center; vertical-align: middle; width: 20%; font-size: 0.9em;\">LINE BURQUIER<br \/>\n<span style=\"font-size: 0.9em;\"><span style=\"font-size: 0.8em;\">CANYON CLLCTV<\/span><\/span><br \/>\n<span style=\"font-size: 0.9em;\"><em><span style=\"font-size: 0.8em;\">+0:00<\/span><\/em><\/span><\/td>\n<td style=\"text-align: center; vertical-align: middle; width: 20%; font-size: 0.9em;\">PERRINE CLAUZEL<br \/>\n<span style=\"font-size: 0.9em;\"><span style=\"font-size: 0.8em;\">AS BIKE RACING<\/span><\/span><br \/>\n<span style=\"font-size: 0.9em;\"><em><span style=\"font-size: 0.8em;\">+0:45<\/span><\/em><\/span><\/td>\n<\/tr>\n<tr>\n<td style=\"text-align: center; vertical-align: middle; width: 20%;\"><strong>15h00 &#8211; 16h00<\/strong><\/td>\n<td style=\"text-align: center; vertical-align: middle;\" colspan=\"2\"><strong>Hommes \u00e9lites<br \/>\n<span style=\"font-size: 10.368px;\"><i><a href=\"https:\/\/dicodusport.fr\/blog\/cyclo-cross-cinquieme-titre-de-champion-de-france-pour-clement-venturini\/\">R\u00e9sum\u00e9<\/a> &#8211; <a href=\"https:\/\/dicodusport.fr\/blog\/classement-course-elites-hommes-championnats-de-france-cyclo-cross-2023-2\/\">Classement<\/a><\/i><\/span><br \/>\n<\/strong><\/td>\n<td style=\"text-align: center; vertical-align: middle; width: 20%; font-size: 0.9em;\"><strong>CL\u00c9MENT VENTURINI<br \/>\n<span style=\"font-size: 0.9em;\"><span style=\"font-size: 0.8em;\">AG2R CITRO\u00cbN<\/span><\/span><br \/>\n<span style=\"font-size: 0.9em;\"><em><span style=\"font-size: 0.8em;\">1:03:54<\/span><\/em><\/span><\/strong><\/td>\n<td style=\"text-align: center; vertical-align: middle; width: 20%; font-size: 0.9em;\">FABIEN DOUBEY<br \/>\n<span style=\"font-size: 0.9em;\"><span style=\"font-size: 0.8em;\">TOTALENERGIES<\/span><\/span><br \/>\n<span style=\"font-size: 0.9em;\"><em><span style=\"font-size: 0.8em;\">+0:00<\/span><\/em><\/span><\/td>\n<td style=\"text-align: center; vertical-align: middle; width: 20%; font-size: 0.9em;\">JOSHUA DOUBEY<br \/>\n<span style=\"font-size: 0.9em;\"><span style=\"font-size: 0.8em;\">VAN RYSEL CX<\/span><\/span><br \/>\n<span style=\"font-size: 0.9em;\"><em><span style=\"font-size: 0.8em;\">+0:45<\/span><\/em><\/span><\/td>\n<\/tr>\n<\/tbody>\n<\/table>\n<p>&nbsp;<\/p>\n","protected":false},"excerpt":{"rendered":"<p>CYCLO-CROSS &#8211; D\u00e9couvrez le programme complet et les r\u00e9sultats des championnats de France de cyclo-cross 2023, qui se d\u00e9roulent \u00e0 Bagnoles de l\u2019Orne (Orne, Normandie), les 14 et 15 janvier 2023.<\/p>\n","protected":false},"author":4,"featured_media":345117,"comment_status":"open","ping_status":"closed","sticky":false,"template":"","format":"standard","meta":{"_acf_changed":false,"_daextam_enable_autolinks":"","footnotes":""},"categories":[9611],"tags":[6666],"class_list":["post-343277","post","type-post","status-publish","format-standard","has-post-thumbnail","hentry","category-cyclo-cross","tag-cyclo-cross"],"acf":[],"yoast_head":"<!-- This site is optimized with the Yoast SEO Premium plugin v26.7 (Yoast SEO v26.7) - https:\/\/yoast.com\/wordpress\/plugins\/seo\/ -->\n<title>Palmar\u00e8s et r\u00e9sultats Championnats de France Cyclo-cross 2023<\/title>\n<meta name=\"description\" content=\"CYCLO-CROSS - Le programme complet et les r\u00e9sultats des championnats de France de cyclo-cross 2023, qui se d\u00e9roulent \u00e0 Bagnoles de l\u2019Orne.\" \/>\n<meta name=\"robots\" content=\"index, follow, max-snippet:-1, max-image-preview:large, max-video-preview:-1\" \/>\n<link rel=\"canonical\" href=\"https:\/\/dicodusport.fr\/blog\/championnats-de-france-cyclo-cross-2023-programme-et-resultats\/\" \/>\n<meta property=\"og:locale\" content=\"fr_FR\" \/>\n<meta property=\"og:type\" content=\"article\" \/>\n<meta property=\"og:title\" content=\"Palmar\u00e8s et r\u00e9sultats Championnats de France Cyclo-cross 2023\" \/>\n<meta property=\"og:description\" content=\"CYCLO-CROSS - Le programme complet et les r\u00e9sultats des championnats de France de cyclo-cross 2023, qui se d\u00e9roulent \u00e0 Bagnoles de l\u2019Orne.\" \/>\n<meta property=\"og:url\" content=\"https:\/\/dicodusport.fr\/blog\/championnats-de-france-cyclo-cross-2023-programme-et-resultats\/\" \/>\n<meta property=\"og:site_name\" content=\"Dicodusport\" \/>\n<meta property=\"article:publisher\" content=\"https:\/\/www.facebook.com\/dicodusport\" \/>\n<meta property=\"article:author\" content=\"https:\/\/www.facebook.com\/florent.ostermann\" \/>\n<meta property=\"article:published_time\" content=\"2023-01-14T15:21:16+00:00\" \/>\n<meta property=\"article:modified_time\" content=\"2023-01-15T15:21:42+00:00\" \/>\n<meta property=\"og:image\" content=\"https:\/\/dicodusport.fr\/blog\/wp-content\/uploads\/2023\/01\/Palmares-et-resultats-Championnats-de-France-Cyclo-cross-2023.png\" \/>\n\t<meta property=\"og:image:width\" content=\"800\" \/>\n\t<meta property=\"og:image:height\" content=\"445\" \/>\n\t<meta property=\"og:image:type\" content=\"image\/png\" \/>\n<meta name=\"author\" content=\"Flo Ostermann\" \/>\n<meta name=\"twitter:card\" content=\"summary_large_image\" \/>\n<meta name=\"twitter:title\" content=\"Palmar\u00e8s et r\u00e9sultats Championnats de France Cyclo-cross 2023\" \/>\n<meta name=\"twitter:creator\" content=\"@https:\/\/twitter.com\/FlOstermann\" \/>\n<meta name=\"twitter:site\" content=\"@dicodusport\" \/>\n<script type=\"application\/ld+json\" class=\"yoast-schema-graph\">{\"@context\":\"https:\/\/schema.org\",\"@graph\":[{\"@type\":\"NewsArticle\",\"@id\":\"https:\/\/dicodusport.fr\/blog\/championnats-de-france-cyclo-cross-2023-programme-et-resultats\/#article\",\"isPartOf\":{\"@id\":\"https:\/\/dicodusport.fr\/blog\/championnats-de-france-cyclo-cross-2023-programme-et-resultats\/\"},\"author\":{\"name\":\"Flo Ostermann\",\"@id\":\"https:\/\/dicodusport.fr\/blog\/#\/schema\/person\/cb02af4c173ce4a653b55e9baf388d4a\"},\"headline\":\"Palmar\u00e8s et r\u00e9sultats Championnats de France Cyclo-cross 2023\",\"datePublished\":\"2023-01-14T15:21:16+00:00\",\"dateModified\":\"2023-01-15T15:21:42+00:00\",\"mainEntityOfPage\":{\"@id\":\"https:\/\/dicodusport.fr\/blog\/championnats-de-france-cyclo-cross-2023-programme-et-resultats\/\"},\"wordCount\":390,\"commentCount\":0,\"publisher\":{\"@id\":\"https:\/\/dicodusport.fr\/blog\/#organization\"},\"image\":{\"@id\":\"https:\/\/dicodusport.fr\/blog\/championnats-de-france-cyclo-cross-2023-programme-et-resultats\/#primaryimage\"},\"thumbnailUrl\":\"https:\/\/dicodusport.fr\/blog\/wp-content\/uploads\/2023\/01\/Palmares-et-resultats-Championnats-de-France-Cyclo-cross-2023.png\",\"keywords\":[\"Cyclo-cross\"],\"articleSection\":[\"Cyclo-cross\"],\"inLanguage\":\"fr-FR\",\"potentialAction\":[{\"@type\":\"CommentAction\",\"name\":\"Comment\",\"target\":[\"https:\/\/dicodusport.fr\/blog\/championnats-de-france-cyclo-cross-2023-programme-et-resultats\/#respond\"]}],\"copyrightYear\":\"2023\",\"copyrightHolder\":{\"@id\":\"https:\/\/dicodusport.fr\/blog\/#organization\"}},{\"@type\":\"WebPage\",\"@id\":\"https:\/\/dicodusport.fr\/blog\/championnats-de-france-cyclo-cross-2023-programme-et-resultats\/\",\"url\":\"https:\/\/dicodusport.fr\/blog\/championnats-de-france-cyclo-cross-2023-programme-et-resultats\/\",\"name\":\"Palmar\u00e8s et r\u00e9sultats Championnats de France Cyclo-cross 2023\",\"isPartOf\":{\"@id\":\"https:\/\/dicodusport.fr\/blog\/#website\"},\"primaryImageOfPage\":{\"@id\":\"https:\/\/dicodusport.fr\/blog\/championnats-de-france-cyclo-cross-2023-programme-et-resultats\/#primaryimage\"},\"image\":{\"@id\":\"https:\/\/dicodusport.fr\/blog\/championnats-de-france-cyclo-cross-2023-programme-et-resultats\/#primaryimage\"},\"thumbnailUrl\":\"https:\/\/dicodusport.fr\/blog\/wp-content\/uploads\/2023\/01\/Palmares-et-resultats-Championnats-de-France-Cyclo-cross-2023.png\",\"datePublished\":\"2023-01-14T15:21:16+00:00\",\"dateModified\":\"2023-01-15T15:21:42+00:00\",\"description\":\"CYCLO-CROSS - Le programme complet et les r\u00e9sultats des championnats de France de cyclo-cross 2023, qui se d\u00e9roulent \u00e0 Bagnoles de l\u2019Orne.\",\"breadcrumb\":{\"@id\":\"https:\/\/dicodusport.fr\/blog\/championnats-de-france-cyclo-cross-2023-programme-et-resultats\/#breadcrumb\"},\"inLanguage\":\"fr-FR\",\"potentialAction\":[{\"@type\":\"ReadAction\",\"target\":[\"https:\/\/dicodusport.fr\/blog\/championnats-de-france-cyclo-cross-2023-programme-et-resultats\/\"]}]},{\"@type\":\"ImageObject\",\"inLanguage\":\"fr-FR\",\"@id\":\"https:\/\/dicodusport.fr\/blog\/championnats-de-france-cyclo-cross-2023-programme-et-resultats\/#primaryimage\",\"url\":\"https:\/\/dicodusport.fr\/blog\/wp-content\/uploads\/2023\/01\/Palmares-et-resultats-Championnats-de-France-Cyclo-cross-2023.png\",\"contentUrl\":\"https:\/\/dicodusport.fr\/blog\/wp-content\/uploads\/2023\/01\/Palmares-et-resultats-Championnats-de-France-Cyclo-cross-2023.png\",\"width\":800,\"height\":445,\"caption\":\"Palmar\u00e8s et r\u00e9sultats Championnats de France Cyclo-cross 2023\"},{\"@type\":\"BreadcrumbList\",\"@id\":\"https:\/\/dicodusport.fr\/blog\/championnats-de-france-cyclo-cross-2023-programme-et-resultats\/#breadcrumb\",\"itemListElement\":[{\"@type\":\"ListItem\",\"position\":1,\"name\":\"Accueil\",\"item\":\"https:\/\/dicodusport.fr\/blog\/\"},{\"@type\":\"ListItem\",\"position\":2,\"name\":\"Palmar\u00e8s et r\u00e9sultats Championnats de France Cyclo-cross 2023\"}]},{\"@type\":\"WebSite\",\"@id\":\"https:\/\/dicodusport.fr\/blog\/#website\",\"url\":\"https:\/\/dicodusport.fr\/blog\/\",\"name\":\"Dicodusport\",\"description\":\"L&#039;encyclop\u00e9die de l&#039;actualit\u00e9 sportive\",\"publisher\":{\"@id\":\"https:\/\/dicodusport.fr\/blog\/#organization\"},\"potentialAction\":[{\"@type\":\"SearchAction\",\"target\":{\"@type\":\"EntryPoint\",\"urlTemplate\":\"https:\/\/dicodusport.fr\/blog\/?s={search_term_string}\"},\"query-input\":{\"@type\":\"PropertyValueSpecification\",\"valueRequired\":true,\"valueName\":\"search_term_string\"}}],\"inLanguage\":\"fr-FR\"},{\"@type\":\"NewsMediaOrganization\",\"@id\":\"https:\/\/dicodusport.fr\/blog\/#organization\",\"name\":\"Dicodusport\",\"url\":\"https:\/\/dicodusport.fr\/blog\/\",\"logo\":{\"@type\":\"ImageObject\",\"inLanguage\":\"fr-FR\",\"@id\":\"https:\/\/dicodusport.fr\/blog\/#\/schema\/logo\/image\/\",\"url\":\"https:\/\/dicodusport.fr\/blog\/wp-content\/uploads\/2020\/06\/cropped-LOGO-DICODUSPORT-2020-SANS-FOND-SANS-TEXTE.png\",\"contentUrl\":\"https:\/\/dicodusport.fr\/blog\/wp-content\/uploads\/2020\/06\/cropped-LOGO-DICODUSPORT-2020-SANS-FOND-SANS-TEXTE.png\",\"width\":512,\"height\":512,\"caption\":\"Dicodusport\"},\"image\":{\"@id\":\"https:\/\/dicodusport.fr\/blog\/#\/schema\/logo\/image\/\"},\"sameAs\":[\"https:\/\/www.facebook.com\/dicodusport\",\"https:\/\/x.com\/dicodusport\",\"https:\/\/www.instagram.com\/dicodusport\/\",\"https:\/\/www.youtube.com\/channel\/UC7V2KZ5sd3htJivAbA4ZG3w\"],\"description\":\"Dicodusport est l'encyclop\u00e9die de l'actualit\u00e9 sportive.\",\"email\":\"bonjour@dicodusport.fr\",\"legalName\":\"DICODUSPORT\",\"foundingDate\":\"2018-01-14\",\"vatID\":\"FR71834470973\",\"taxID\":\"83447097300043\",\"numberOfEmployees\":{\"@type\":\"QuantitativeValue\",\"minValue\":\"1\",\"maxValue\":\"10\"}},{\"@type\":\"Person\",\"@id\":\"https:\/\/dicodusport.fr\/blog\/#\/schema\/person\/cb02af4c173ce4a653b55e9baf388d4a\",\"name\":\"Flo Ostermann\",\"image\":{\"@type\":\"ImageObject\",\"inLanguage\":\"fr-FR\",\"@id\":\"https:\/\/dicodusport.fr\/blog\/#\/schema\/person\/image\/\",\"url\":\"https:\/\/dicodusport.fr\/blog\/wp-content\/uploads\/2021\/05\/Flo-Ostermann-150x150.jpg\",\"contentUrl\":\"https:\/\/dicodusport.fr\/blog\/wp-content\/uploads\/2021\/05\/Flo-Ostermann-150x150.jpg\",\"caption\":\"Flo Ostermann\"},\"description\":\"Journaliste\/R\u00e9dacteur depuis septembre 2015 - Mes premiers souvenirs dans le sport ? Les envol\u00e9es du Stade Toulousain et les duels Villeneuve-Schumacher et H\u00e4kkinen-Schumacher \u00e0 la fin des ann\u00e9es 90, la Coupe du monde de football en 1998, l\u2019exploit du XV de France face aux All Blacks en 1999, mais aussi Richard C\u0153ur de Lion qui vole sur les montagnes du Tour de France. Bien parti pour devenir professeur d\u2019EPS, les \u00e9v\u00e9nements de la vie (et la flemme d\u2019animer des s\u00e9ances de 3x500 m\u00e8tres toute ma vie) m\u2019ont conduit \u00e0 revoir mes plans. Me voil\u00e0 depuis fin 2017 sur Dicodusport, m\u00e9dia gr\u00e2ce (et pour) lequel je partage ma passion : le sport dans tous ses \u00e9tats. Le tout accompagn\u00e9 par les fous furieux et folles furieuses cit\u00e9s sur cette page !\",\"sameAs\":[\"https:\/\/www.facebook.com\/florent.ostermann\",\"https:\/\/x.com\/https:\/\/twitter.com\/FlOstermann\",\"admin\"],\"url\":\"https:\/\/dicodusport.fr\/blog\/author\/flo\/\"}]}<\/script>\n<!-- \/ Yoast SEO Premium plugin. -->","yoast_head_json":{"title":"Palmar\u00e8s et r\u00e9sultats Championnats de France Cyclo-cross 2023","description":"CYCLO-CROSS - Le programme complet et les r\u00e9sultats des championnats de France de cyclo-cross 2023, qui se d\u00e9roulent \u00e0 Bagnoles de l\u2019Orne.","robots":{"index":"index","follow":"follow","max-snippet":"max-snippet:-1","max-image-preview":"max-image-preview:large","max-video-preview":"max-video-preview:-1"},"canonical":"https:\/\/dicodusport.fr\/blog\/championnats-de-france-cyclo-cross-2023-programme-et-resultats\/","og_locale":"fr_FR","og_type":"article","og_title":"Palmar\u00e8s et r\u00e9sultats Championnats de France Cyclo-cross 2023","og_description":"CYCLO-CROSS - Le programme complet et les r\u00e9sultats des championnats de France de cyclo-cross 2023, qui se d\u00e9roulent \u00e0 Bagnoles de l\u2019Orne.","og_url":"https:\/\/dicodusport.fr\/blog\/championnats-de-france-cyclo-cross-2023-programme-et-resultats\/","og_site_name":"Dicodusport","article_publisher":"https:\/\/www.facebook.com\/dicodusport","article_author":"https:\/\/www.facebook.com\/florent.ostermann","article_published_time":"2023-01-14T15:21:16+00:00","article_modified_time":"2023-01-15T15:21:42+00:00","og_image":[{"width":800,"height":445,"url":"https:\/\/dicodusport.fr\/blog\/wp-content\/uploads\/2023\/01\/Palmares-et-resultats-Championnats-de-France-Cyclo-cross-2023.png","type":"image\/png"}],"author":"Flo Ostermann","twitter_card":"summary_large_image","twitter_title":"Palmar\u00e8s et r\u00e9sultats Championnats de France Cyclo-cross 2023","twitter_creator":"@https:\/\/twitter.com\/FlOstermann","twitter_site":"@dicodusport","schema":{"@context":"https:\/\/schema.org","@graph":[{"@type":"NewsArticle","@id":"https:\/\/dicodusport.fr\/blog\/championnats-de-france-cyclo-cross-2023-programme-et-resultats\/#article","isPartOf":{"@id":"https:\/\/dicodusport.fr\/blog\/championnats-de-france-cyclo-cross-2023-programme-et-resultats\/"},"author":{"name":"Flo Ostermann","@id":"https:\/\/dicodusport.fr\/blog\/#\/schema\/person\/cb02af4c173ce4a653b55e9baf388d4a"},"headline":"Palmar\u00e8s et r\u00e9sultats Championnats de France Cyclo-cross 2023","datePublished":"2023-01-14T15:21:16+00:00","dateModified":"2023-01-15T15:21:42+00:00","mainEntityOfPage":{"@id":"https:\/\/dicodusport.fr\/blog\/championnats-de-france-cyclo-cross-2023-programme-et-resultats\/"},"wordCount":390,"commentCount":0,"publisher":{"@id":"https:\/\/dicodusport.fr\/blog\/#organization"},"image":{"@id":"https:\/\/dicodusport.fr\/blog\/championnats-de-france-cyclo-cross-2023-programme-et-resultats\/#primaryimage"},"thumbnailUrl":"https:\/\/dicodusport.fr\/blog\/wp-content\/uploads\/2023\/01\/Palmares-et-resultats-Championnats-de-France-Cyclo-cross-2023.png","keywords":["Cyclo-cross"],"articleSection":["Cyclo-cross"],"inLanguage":"fr-FR","potentialAction":[{"@type":"CommentAction","name":"Comment","target":["https:\/\/dicodusport.fr\/blog\/championnats-de-france-cyclo-cross-2023-programme-et-resultats\/#respond"]}],"copyrightYear":"2023","copyrightHolder":{"@id":"https:\/\/dicodusport.fr\/blog\/#organization"}},{"@type":"WebPage","@id":"https:\/\/dicodusport.fr\/blog\/championnats-de-france-cyclo-cross-2023-programme-et-resultats\/","url":"https:\/\/dicodusport.fr\/blog\/championnats-de-france-cyclo-cross-2023-programme-et-resultats\/","name":"Palmar\u00e8s et r\u00e9sultats Championnats de France Cyclo-cross 2023","isPartOf":{"@id":"https:\/\/dicodusport.fr\/blog\/#website"},"primaryImageOfPage":{"@id":"https:\/\/dicodusport.fr\/blog\/championnats-de-france-cyclo-cross-2023-programme-et-resultats\/#primaryimage"},"image":{"@id":"https:\/\/dicodusport.fr\/blog\/championnats-de-france-cyclo-cross-2023-programme-et-resultats\/#primaryimage"},"thumbnailUrl":"https:\/\/dicodusport.fr\/blog\/wp-content\/uploads\/2023\/01\/Palmares-et-resultats-Championnats-de-France-Cyclo-cross-2023.png","datePublished":"2023-01-14T15:21:16+00:00","dateModified":"2023-01-15T15:21:42+00:00","description":"CYCLO-CROSS - Le programme complet et les r\u00e9sultats des championnats de France de cyclo-cross 2023, qui se d\u00e9roulent \u00e0 Bagnoles de l\u2019Orne.","breadcrumb":{"@id":"https:\/\/dicodusport.fr\/blog\/championnats-de-france-cyclo-cross-2023-programme-et-resultats\/#breadcrumb"},"inLanguage":"fr-FR","potentialAction":[{"@type":"ReadAction","target":["https:\/\/dicodusport.fr\/blog\/championnats-de-france-cyclo-cross-2023-programme-et-resultats\/"]}]},{"@type":"ImageObject","inLanguage":"fr-FR","@id":"https:\/\/dicodusport.fr\/blog\/championnats-de-france-cyclo-cross-2023-programme-et-resultats\/#primaryimage","url":"https:\/\/dicodusport.fr\/blog\/wp-content\/uploads\/2023\/01\/Palmares-et-resultats-Championnats-de-France-Cyclo-cross-2023.png","contentUrl":"https:\/\/dicodusport.fr\/blog\/wp-content\/uploads\/2023\/01\/Palmares-et-resultats-Championnats-de-France-Cyclo-cross-2023.png","width":800,"height":445,"caption":"Palmar\u00e8s et r\u00e9sultats Championnats de France Cyclo-cross 2023"},{"@type":"BreadcrumbList","@id":"https:\/\/dicodusport.fr\/blog\/championnats-de-france-cyclo-cross-2023-programme-et-resultats\/#breadcrumb","itemListElement":[{"@type":"ListItem","position":1,"name":"Accueil","item":"https:\/\/dicodusport.fr\/blog\/"},{"@type":"ListItem","position":2,"name":"Palmar\u00e8s et r\u00e9sultats Championnats de France Cyclo-cross 2023"}]},{"@type":"WebSite","@id":"https:\/\/dicodusport.fr\/blog\/#website","url":"https:\/\/dicodusport.fr\/blog\/","name":"Dicodusport","description":"L&#039;encyclop\u00e9die de l&#039;actualit\u00e9 sportive","publisher":{"@id":"https:\/\/dicodusport.fr\/blog\/#organization"},"potentialAction":[{"@type":"SearchAction","target":{"@type":"EntryPoint","urlTemplate":"https:\/\/dicodusport.fr\/blog\/?s={search_term_string}"},"query-input":{"@type":"PropertyValueSpecification","valueRequired":true,"valueName":"search_term_string"}}],"inLanguage":"fr-FR"},{"@type":"NewsMediaOrganization","@id":"https:\/\/dicodusport.fr\/blog\/#organization","name":"Dicodusport","url":"https:\/\/dicodusport.fr\/blog\/","logo":{"@type":"ImageObject","inLanguage":"fr-FR","@id":"https:\/\/dicodusport.fr\/blog\/#\/schema\/logo\/image\/","url":"https:\/\/dicodusport.fr\/blog\/wp-content\/uploads\/2020\/06\/cropped-LOGO-DICODUSPORT-2020-SANS-FOND-SANS-TEXTE.png","contentUrl":"https:\/\/dicodusport.fr\/blog\/wp-content\/uploads\/2020\/06\/cropped-LOGO-DICODUSPORT-2020-SANS-FOND-SANS-TEXTE.png","width":512,"height":512,"caption":"Dicodusport"},"image":{"@id":"https:\/\/dicodusport.fr\/blog\/#\/schema\/logo\/image\/"},"sameAs":["https:\/\/www.facebook.com\/dicodusport","https:\/\/x.com\/dicodusport","https:\/\/www.instagram.com\/dicodusport\/","https:\/\/www.youtube.com\/channel\/UC7V2KZ5sd3htJivAbA4ZG3w"],"description":"Dicodusport est l'encyclop\u00e9die de l'actualit\u00e9 sportive.","email":"bonjour@dicodusport.fr","legalName":"DICODUSPORT","foundingDate":"2018-01-14","vatID":"FR71834470973","taxID":"83447097300043","numberOfEmployees":{"@type":"QuantitativeValue","minValue":"1","maxValue":"10"}},{"@type":"Person","@id":"https:\/\/dicodusport.fr\/blog\/#\/schema\/person\/cb02af4c173ce4a653b55e9baf388d4a","name":"Flo Ostermann","image":{"@type":"ImageObject","inLanguage":"fr-FR","@id":"https:\/\/dicodusport.fr\/blog\/#\/schema\/person\/image\/","url":"https:\/\/dicodusport.fr\/blog\/wp-content\/uploads\/2021\/05\/Flo-Ostermann-150x150.jpg","contentUrl":"https:\/\/dicodusport.fr\/blog\/wp-content\/uploads\/2021\/05\/Flo-Ostermann-150x150.jpg","caption":"Flo Ostermann"},"description":"Journaliste\/R\u00e9dacteur depuis septembre 2015 - Mes premiers souvenirs dans le sport ? Les envol\u00e9es du Stade Toulousain et les duels Villeneuve-Schumacher et H\u00e4kkinen-Schumacher \u00e0 la fin des ann\u00e9es 90, la Coupe du monde de football en 1998, l\u2019exploit du XV de France face aux All Blacks en 1999, mais aussi Richard C\u0153ur de Lion qui vole sur les montagnes du Tour de France. Bien parti pour devenir professeur d\u2019EPS, les \u00e9v\u00e9nements de la vie (et la flemme d\u2019animer des s\u00e9ances de 3x500 m\u00e8tres toute ma vie) m\u2019ont conduit \u00e0 revoir mes plans. Me voil\u00e0 depuis fin 2017 sur Dicodusport, m\u00e9dia gr\u00e2ce (et pour) lequel je partage ma passion : le sport dans tous ses \u00e9tats. Le tout accompagn\u00e9 par les fous furieux et folles furieuses cit\u00e9s sur cette page !","sameAs":["https:\/\/www.facebook.com\/florent.ostermann","https:\/\/x.com\/https:\/\/twitter.com\/FlOstermann","admin"],"url":"https:\/\/dicodusport.fr\/blog\/author\/flo\/"}]}},"_links":{"self":[{"href":"https:\/\/dicodusport.fr\/blog\/wp-json\/wp\/v2\/posts\/343277","targetHints":{"allow":["GET"]}}],"collection":[{"href":"https:\/\/dicodusport.fr\/blog\/wp-json\/wp\/v2\/posts"}],"about":[{"href":"https:\/\/dicodusport.fr\/blog\/wp-json\/wp\/v2\/types\/post"}],"author":[{"embeddable":true,"href":"https:\/\/dicodusport.fr\/blog\/wp-json\/wp\/v2\/users\/4"}],"replies":[{"embeddable":true,"href":"https:\/\/dicodusport.fr\/blog\/wp-json\/wp\/v2\/comments?post=343277"}],"version-history":[{"count":0,"href":"https:\/\/dicodusport.fr\/blog\/wp-json\/wp\/v2\/posts\/343277\/revisions"}],"wp:featuredmedia":[{"embeddable":true,"href":"https:\/\/dicodusport.fr\/blog\/wp-json\/wp\/v2\/media\/345117"}],"wp:attachment":[{"href":"https:\/\/dicodusport.fr\/blog\/wp-json\/wp\/v2\/media?parent=343277"}],"wp:term":[{"taxonomy":"category","embeddable":true,"href":"https:\/\/dicodusport.fr\/blog\/wp-json\/wp\/v2\/categories?post=343277"},{"taxonomy":"post_tag","embeddable":true,"href":"https:\/\/dicodusport.fr\/blog\/wp-json\/wp\/v2\/tags?post=343277"}],"curies":[{"name":"wp","href":"https:\/\/api.w.org\/{rel}","templated":true}]}}