{"id":343291,"date":"2023-01-10T21:44:47","date_gmt":"2023-01-10T20:44:47","guid":{"rendered":"https:\/\/dicodusport.fr\/blog\/?p=343291&#038;preview=true&#038;preview_id=343291"},"modified":"2023-01-10T23:21:16","modified_gmt":"2023-01-10T22:21:16","slug":"slalom-flachau-petra-vlhova-prive-mikaela-shiffrin-du-record","status":"publish","type":"post","link":"https:\/\/dicodusport.fr\/blog\/slalom-flachau-petra-vlhova-prive-mikaela-shiffrin-du-record\/","title":{"rendered":"Slalom Flachau : Petra Vlhova prive Mikaela Shiffrin du record"},"content":{"rendered":"<p style=\"text-align: justify;\" align=\"justify\"><em><strong>COUPE DU MONDE SKI ALPIN SAISON 2022-2023 &#8211; La Slovaque Petra Vlhova s&rsquo;est impos\u00e9e sur le slalom nocturne de Flachau en Autriche, ce mardi. Celle qui a d\u00e9croch\u00e9 son premier succ\u00e8s de l&rsquo;hiver a devanc\u00e9 Mikaela Shiffrin et Lena Duerr.\u00a0<\/strong><\/em><\/p>\n<h2 style=\"text-align: justify;\" align=\"justify\">Duel de reines<\/h2>\n<p style=\"text-align: justify;\" align=\"justify\">D&rsquo;abord, la championne olympique de la discipline et double vainqueur \u00e0 Flachau en 2019 et 2020, <strong>Petra Vlhova<\/strong>, a \u00e9t\u00e9 impressionnante de pr\u00e9cision et a fait la diff\u00e9rence dans la seconde partie du trac\u00e9 pour r\u00e9aliser le meilleur temps en 55 secondes et 90 centi\u00e8mes. Dominatrice dans la discipline depuis plusieurs courses, <strong>Mikaela Shiffrin<\/strong> \u00e9tait parfaitement partie avant de baisser tr\u00e8s l\u00e9g\u00e8rement le pied sur une manche difficile pour terminer \u00e0 17 centi\u00e8mes.<\/p>\n<p style=\"text-align: justify;\">Ensuite, la jeune croate <strong>Zrinka Ljutic<\/strong>, avec le dossard 17, a \u00e9pat\u00e9 avec son style moderne avec le troisi\u00e8me temps \u00e0 58 centi\u00e8mes, devant l\u2019Allemande <strong>Lena Duerr<\/strong>, quatri\u00e8me \u00e0 96 centi\u00e8mes. Par la suite, <strong>Wendy Holdener<\/strong> et <strong>Anna Svenn-Larsson<\/strong> \u00e9taient \u00e0 l&rsquo;aff\u00fbt pour le podium \u00e0 1.24 et \u00e0 1.36.<\/p>\n<p style=\"text-align: justify;\">Du c\u00f4t\u00e9 des Fran\u00e7aises, <strong>Nastasia Noens<\/strong> a l\u00e2ch\u00e9 2.94 avec le 19e temps et est la seule qualifi\u00e9e pour la seconde manche. <strong>Chiara Pogneaux<\/strong> a conc\u00e9d\u00e9 4.64 avec le 38e chrono malgr\u00e9 une bon bas de parcours. <strong>Marie Lamure<\/strong> est partie \u00e0 la faute apr\u00e8s la mi-course. <strong>Doriane Escan\u00e9<\/strong> a connu le m\u00eame sort comme 21 autres concurrentes sur un parcours avec des mouvements de terrain. Derni\u00e8re Bleue en piste, <strong>Kenza Lacheb<\/strong> a fini 40e \u00e0 4.83.<\/p>\n<div id=\"attachment_343331\" style=\"width: 750px\" class=\"wp-caption aligncenter\"><a href=\"https:\/\/dicodusport.fr\/blog\/wp-content\/uploads\/2023\/01\/Petra-Vlhova-scaled.jpg\"><img loading=\"lazy\" decoding=\"async\" aria-describedby=\"caption-attachment-343331\" class=\"size-large wp-image-343331\" src=\"https:\/\/dicodusport.fr\/blog\/wp-content\/uploads\/2023\/01\/Petra-Vlhova-1024x683.jpg\" alt=\"Petra Vlhova\" width=\"740\" height=\"494\" srcset=\"https:\/\/dicodusport.fr\/blog\/wp-content\/uploads\/2023\/01\/Petra-Vlhova-1024x683.jpg 1024w, https:\/\/dicodusport.fr\/blog\/wp-content\/uploads\/2023\/01\/Petra-Vlhova-300x200.jpg 300w, https:\/\/dicodusport.fr\/blog\/wp-content\/uploads\/2023\/01\/Petra-Vlhova-768x512.jpg 768w, https:\/\/dicodusport.fr\/blog\/wp-content\/uploads\/2023\/01\/Petra-Vlhova-1536x1024.jpg 1536w, https:\/\/dicodusport.fr\/blog\/wp-content\/uploads\/2023\/01\/Petra-Vlhova-2048x1365.jpg 2048w\" sizes=\"auto, (max-width: 740px) 100vw, 740px\" \/><\/a><p id=\"caption-attachment-343331\" class=\"wp-caption-text\">Petra Vlhova &#8211; Photo Icon Sport<\/p><\/div>\n<h2 style=\"text-align: justify;\" align=\"justify\">Petra Vlhova prend le meilleur<\/h2>\n<p style=\"text-align: justify;\" align=\"justify\">Apr\u00e8s 7 podiums cet hiver, <strong>Petra Vlhova<\/strong> a enfin retrouv\u00e9 le chemin de la victoire apr\u00e8s une seconde manche parfaitement ma\u00eetris\u00e9e, en 1 minute 51 secondes et 94 centi\u00e8mes au total des deux runs. Sa derni\u00e8re victoire remontait \u00e0 \u00c5re en mars dernier. <strong>Mikaela Shiffrin<\/strong> a trop contr\u00f4l\u00e9 sur le haut du trac\u00e9 pour jouer la victoire. L&rsquo;Am\u00e9ricaine aux 82 victoires en Coupe du monde a fini deuxi\u00e8me \u00e0 43 centi\u00e8mes. <strong>Shiffrin<\/strong> a confort\u00e9 sa position en t\u00eate du g\u00e9n\u00e9ral de la discipline avec 605 points, devant Holdener avec 407 points et Vlhova avec 405 points.<\/p>\n<p style=\"text-align: justify;\">Puis, <strong>Lena Duerr<\/strong> est mont\u00e9e sur son sixi\u00e8me podium en carri\u00e8re avec un excellent travail dans la transition entre les portes, troisi\u00e8me \u00e0 85 centi\u00e8mes. <strong>Wendy Holdener<\/strong> a fini au pied du podium \u00e0 1.54 devant <strong>Paula Moltzan<\/strong>, cinqui\u00e8me \u00e0 2.15, et <strong>Katharina Liensberger<\/strong>, sixi\u00e8me \u00e0 2.62. Malheureusement, <strong>Anna Swenn Larsson<\/strong> et <strong>Zrinka Ljutic<\/strong> ont enfourch\u00e9.<\/p>\n<blockquote class=\"twitter-tweet\">\n<p dir=\"ltr\" lang=\"en\">&#8230;wait for the screams from her fans at the end \ud83c\uddf8\ud83c\uddf0<\/p>\n<p>It&rsquo;s been a long time coming for Petra Vlhova \ud83e\udd47 <a href=\"https:\/\/t.co\/QdhBNeT2xG\">pic.twitter.com\/QdhBNeT2xG<\/a><\/p>\n<p>\u2014 Eurosport (@eurosport) <a href=\"https:\/\/twitter.com\/eurosport\/status\/1612918606995529751?ref_src=twsrc%5Etfw\">January 10, 2023<\/a><\/p><\/blockquote>\n<p><script async src=\"https:\/\/platform.twitter.com\/widgets.js\" charset=\"utf-8\"><\/script><\/p>\n<p style=\"text-align: justify;\">Finalement, <strong>Nastasia Noens<\/strong> a manqu\u00e9 de rel\u00e2chement sur une seconde manche plus directe et plus espac\u00e9e pour se classer au 18e rang \u00e0 3.93.<\/p>\n<h2 style=\"text-align: justify;\">\u00c0 lire aussi<\/h2>\n<ul>\n<li style=\"text-align: justify;\"><a href=\"https:\/\/dicodusport.fr\/blog\/classement-slalom-femmes-flachau-2023\/\"><strong>Classement du slalom de Flachau<\/strong><\/a><\/li>\n<li style=\"text-align: justify;\"><a href=\"https:\/\/dicodusport.fr\/blog\/classement-general-femmes-coupe-du-monde-ski-alpin-2022-2023\/\"><strong>Le classement g\u00e9n\u00e9ral de la Coupe du monde de ski alpin<\/strong><\/a><\/li>\n<li style=\"text-align: justify;\"><a href=\"https:\/\/dicodusport.fr\/blog\/calendrier-et-resultats-coupe-du-monde-ski-alpin-femmes-2022-2023\/\"><strong>Calendrier et r\u00e9sultats de la Coupe du monde de ski alpin<\/strong><\/a><\/li>\n<\/ul>\n","protected":false},"excerpt":{"rendered":"<p>COUPE DU MONDE SKI ALPIN SAISON 2022-2023 &#8211; Mikaela Shiffrin a remport\u00e9 le second g\u00e9ant de Kranjska Gora en devan\u00e7ant Federica Brignone et Lara Gut-Behrami. Avec cette 82\u00e8me victoire en carri\u00e8re, elle a \u00e9gal\u00e9 la marque de Lindsay Vonn.\u00a0<\/p>\n","protected":false},"author":48,"featured_media":343315,"comment_status":"open","ping_status":"closed","sticky":false,"template":"","format":"standard","meta":{"_acf_changed":false,"_daextam_enable_autolinks":"","footnotes":""},"categories":[47084],"tags":[1530,2233,24],"class_list":["post-343291","post","type-post","status-publish","format-standard","has-post-thumbnail","hentry","category-coupe-du-monde-ski-alpin","tag-coupe-du-monde","tag-ski-alpin","tag-sport"],"acf":[],"yoast_head":"<!-- This site is optimized with the Yoast SEO Premium plugin v26.7 (Yoast SEO v26.7) - https:\/\/yoast.com\/wordpress\/plugins\/seo\/ -->\n<title>Slalom Flachau : Petra Vlhova prive Mikaela Shiffrin du record<\/title>\n<meta name=\"description\" content=\"COUPE DU MONDE SKI ALPIN SAISON 2022-2023 - Petra Vlhova s&#039;est impos\u00e9e sur le slalom nocturne de Flachau en Autriche, ce mardi.\" \/>\n<meta name=\"robots\" content=\"index, follow, max-snippet:-1, max-image-preview:large, max-video-preview:-1\" \/>\n<link rel=\"canonical\" href=\"https:\/\/dicodusport.fr\/blog\/slalom-flachau-petra-vlhova-prive-mikaela-shiffrin-du-record\/\" \/>\n<meta property=\"og:locale\" content=\"fr_FR\" \/>\n<meta property=\"og:type\" content=\"article\" \/>\n<meta property=\"og:title\" content=\"Slalom Flachau : Petra Vlhova prive Mikaela Shiffrin du record\" \/>\n<meta property=\"og:description\" content=\"COUPE DU MONDE SKI ALPIN SAISON 2022-2023 - Petra Vlhova s&#039;est impos\u00e9e sur le slalom nocturne de Flachau en Autriche, ce mardi.\" \/>\n<meta property=\"og:url\" content=\"https:\/\/dicodusport.fr\/blog\/slalom-flachau-petra-vlhova-prive-mikaela-shiffrin-du-record\/\" \/>\n<meta property=\"og:site_name\" content=\"Dicodusport\" \/>\n<meta property=\"article:publisher\" content=\"https:\/\/www.facebook.com\/dicodusport\" \/>\n<meta property=\"article:author\" content=\"https:\/\/www.facebook.com\/groups\/LesRoisDuPeloton\" \/>\n<meta property=\"article:published_time\" content=\"2023-01-10T20:44:47+00:00\" \/>\n<meta property=\"article:modified_time\" content=\"2023-01-10T22:21:16+00:00\" \/>\n<meta property=\"og:image\" content=\"https:\/\/dicodusport.fr\/blog\/wp-content\/uploads\/2023\/01\/Slalom-Flachau-Petra-Vlhova-prive-Mikaela-Shiffrin-du-record.png\" \/>\n\t<meta property=\"og:image:width\" content=\"800\" \/>\n\t<meta property=\"og:image:height\" content=\"445\" \/>\n\t<meta property=\"og:image:type\" content=\"image\/png\" \/>\n<meta name=\"author\" content=\"Emilien Descampiaux\" \/>\n<meta name=\"twitter:card\" content=\"summary_large_image\" \/>\n<meta name=\"twitter:title\" content=\"Slalom Flachau : Petra Vlhova prive Mikaela Shiffrin du record\" \/>\n<meta name=\"twitter:creator\" content=\"@https:\/\/twitter.com\/LRoisDuPeloton\" \/>\n<meta name=\"twitter:site\" content=\"@dicodusport\" \/>\n<script type=\"application\/ld+json\" class=\"yoast-schema-graph\">{\"@context\":\"https:\/\/schema.org\",\"@graph\":[{\"@type\":\"NewsArticle\",\"@id\":\"https:\/\/dicodusport.fr\/blog\/slalom-flachau-petra-vlhova-prive-mikaela-shiffrin-du-record\/#article\",\"isPartOf\":{\"@id\":\"https:\/\/dicodusport.fr\/blog\/slalom-flachau-petra-vlhova-prive-mikaela-shiffrin-du-record\/\"},\"author\":{\"name\":\"Emilien Descampiaux\",\"@id\":\"https:\/\/dicodusport.fr\/blog\/#\/schema\/person\/6db4bae06b171592211be385b32876a7\"},\"headline\":\"Slalom Flachau : Petra Vlhova prive Mikaela Shiffrin du record\",\"datePublished\":\"2023-01-10T20:44:47+00:00\",\"dateModified\":\"2023-01-10T22:21:16+00:00\",\"mainEntityOfPage\":{\"@id\":\"https:\/\/dicodusport.fr\/blog\/slalom-flachau-petra-vlhova-prive-mikaela-shiffrin-du-record\/\"},\"wordCount\":514,\"commentCount\":0,\"publisher\":{\"@id\":\"https:\/\/dicodusport.fr\/blog\/#organization\"},\"image\":{\"@id\":\"https:\/\/dicodusport.fr\/blog\/slalom-flachau-petra-vlhova-prive-mikaela-shiffrin-du-record\/#primaryimage\"},\"thumbnailUrl\":\"https:\/\/dicodusport.fr\/blog\/wp-content\/uploads\/2023\/01\/Slalom-Flachau-Petra-Vlhova-prive-Mikaela-Shiffrin-du-record.png\",\"keywords\":[\"Coupe du monde\",\"Ski alpin\",\"sport\"],\"articleSection\":[\"Coupe du monde de ski alpin\"],\"inLanguage\":\"fr-FR\",\"potentialAction\":[{\"@type\":\"CommentAction\",\"name\":\"Comment\",\"target\":[\"https:\/\/dicodusport.fr\/blog\/slalom-flachau-petra-vlhova-prive-mikaela-shiffrin-du-record\/#respond\"]}],\"copyrightYear\":\"2023\",\"copyrightHolder\":{\"@id\":\"https:\/\/dicodusport.fr\/blog\/#organization\"}},{\"@type\":\"WebPage\",\"@id\":\"https:\/\/dicodusport.fr\/blog\/slalom-flachau-petra-vlhova-prive-mikaela-shiffrin-du-record\/\",\"url\":\"https:\/\/dicodusport.fr\/blog\/slalom-flachau-petra-vlhova-prive-mikaela-shiffrin-du-record\/\",\"name\":\"Slalom Flachau : Petra Vlhova prive Mikaela Shiffrin du record\",\"isPartOf\":{\"@id\":\"https:\/\/dicodusport.fr\/blog\/#website\"},\"primaryImageOfPage\":{\"@id\":\"https:\/\/dicodusport.fr\/blog\/slalom-flachau-petra-vlhova-prive-mikaela-shiffrin-du-record\/#primaryimage\"},\"image\":{\"@id\":\"https:\/\/dicodusport.fr\/blog\/slalom-flachau-petra-vlhova-prive-mikaela-shiffrin-du-record\/#primaryimage\"},\"thumbnailUrl\":\"https:\/\/dicodusport.fr\/blog\/wp-content\/uploads\/2023\/01\/Slalom-Flachau-Petra-Vlhova-prive-Mikaela-Shiffrin-du-record.png\",\"datePublished\":\"2023-01-10T20:44:47+00:00\",\"dateModified\":\"2023-01-10T22:21:16+00:00\",\"description\":\"COUPE DU MONDE SKI ALPIN SAISON 2022-2023 - Petra Vlhova s'est impos\u00e9e sur le slalom nocturne de Flachau en Autriche, ce mardi.\",\"breadcrumb\":{\"@id\":\"https:\/\/dicodusport.fr\/blog\/slalom-flachau-petra-vlhova-prive-mikaela-shiffrin-du-record\/#breadcrumb\"},\"inLanguage\":\"fr-FR\",\"potentialAction\":[{\"@type\":\"ReadAction\",\"target\":[\"https:\/\/dicodusport.fr\/blog\/slalom-flachau-petra-vlhova-prive-mikaela-shiffrin-du-record\/\"]}]},{\"@type\":\"ImageObject\",\"inLanguage\":\"fr-FR\",\"@id\":\"https:\/\/dicodusport.fr\/blog\/slalom-flachau-petra-vlhova-prive-mikaela-shiffrin-du-record\/#primaryimage\",\"url\":\"https:\/\/dicodusport.fr\/blog\/wp-content\/uploads\/2023\/01\/Slalom-Flachau-Petra-Vlhova-prive-Mikaela-Shiffrin-du-record.png\",\"contentUrl\":\"https:\/\/dicodusport.fr\/blog\/wp-content\/uploads\/2023\/01\/Slalom-Flachau-Petra-Vlhova-prive-Mikaela-Shiffrin-du-record.png\",\"width\":800,\"height\":445,\"caption\":\"Slalom Flachau Petra Vlhova prive Mikaela Shiffrin du record\"},{\"@type\":\"BreadcrumbList\",\"@id\":\"https:\/\/dicodusport.fr\/blog\/slalom-flachau-petra-vlhova-prive-mikaela-shiffrin-du-record\/#breadcrumb\",\"itemListElement\":[{\"@type\":\"ListItem\",\"position\":1,\"name\":\"Accueil\",\"item\":\"https:\/\/dicodusport.fr\/blog\/\"},{\"@type\":\"ListItem\",\"position\":2,\"name\":\"Slalom Flachau : Petra Vlhova prive Mikaela Shiffrin du record\"}]},{\"@type\":\"WebSite\",\"@id\":\"https:\/\/dicodusport.fr\/blog\/#website\",\"url\":\"https:\/\/dicodusport.fr\/blog\/\",\"name\":\"Dicodusport\",\"description\":\"L&#039;encyclop\u00e9die de l&#039;actualit\u00e9 sportive\",\"publisher\":{\"@id\":\"https:\/\/dicodusport.fr\/blog\/#organization\"},\"potentialAction\":[{\"@type\":\"SearchAction\",\"target\":{\"@type\":\"EntryPoint\",\"urlTemplate\":\"https:\/\/dicodusport.fr\/blog\/?s={search_term_string}\"},\"query-input\":{\"@type\":\"PropertyValueSpecification\",\"valueRequired\":true,\"valueName\":\"search_term_string\"}}],\"inLanguage\":\"fr-FR\"},{\"@type\":\"NewsMediaOrganization\",\"@id\":\"https:\/\/dicodusport.fr\/blog\/#organization\",\"name\":\"Dicodusport\",\"url\":\"https:\/\/dicodusport.fr\/blog\/\",\"logo\":{\"@type\":\"ImageObject\",\"inLanguage\":\"fr-FR\",\"@id\":\"https:\/\/dicodusport.fr\/blog\/#\/schema\/logo\/image\/\",\"url\":\"https:\/\/dicodusport.fr\/blog\/wp-content\/uploads\/2020\/06\/cropped-LOGO-DICODUSPORT-2020-SANS-FOND-SANS-TEXTE.png\",\"contentUrl\":\"https:\/\/dicodusport.fr\/blog\/wp-content\/uploads\/2020\/06\/cropped-LOGO-DICODUSPORT-2020-SANS-FOND-SANS-TEXTE.png\",\"width\":512,\"height\":512,\"caption\":\"Dicodusport\"},\"image\":{\"@id\":\"https:\/\/dicodusport.fr\/blog\/#\/schema\/logo\/image\/\"},\"sameAs\":[\"https:\/\/www.facebook.com\/dicodusport\",\"https:\/\/x.com\/dicodusport\",\"https:\/\/www.instagram.com\/dicodusport\/\",\"https:\/\/www.youtube.com\/channel\/UC7V2KZ5sd3htJivAbA4ZG3w\"],\"description\":\"Dicodusport est l'encyclop\u00e9die de l'actualit\u00e9 sportive.\",\"email\":\"bonjour@dicodusport.fr\",\"legalName\":\"DICODUSPORT\",\"foundingDate\":\"2018-01-14\",\"vatID\":\"FR71834470973\",\"taxID\":\"83447097300043\",\"numberOfEmployees\":{\"@type\":\"QuantitativeValue\",\"minValue\":\"1\",\"maxValue\":\"10\"}},{\"@type\":\"Person\",\"@id\":\"https:\/\/dicodusport.fr\/blog\/#\/schema\/person\/6db4bae06b171592211be385b32876a7\",\"name\":\"Emilien Descampiaux\",\"image\":{\"@type\":\"ImageObject\",\"inLanguage\":\"fr-FR\",\"@id\":\"https:\/\/dicodusport.fr\/blog\/#\/schema\/person\/image\/\",\"url\":\"https:\/\/dicodusport.fr\/blog\/wp-content\/uploads\/2021\/05\/Emilien-Descampiaux-150x150.jpg\",\"contentUrl\":\"https:\/\/dicodusport.fr\/blog\/wp-content\/uploads\/2021\/05\/Emilien-Descampiaux-150x150.jpg\",\"caption\":\"Emilien Descampiaux\"},\"description\":\"Journaliste\/r\u00e9dacteur depuis 2014 - Fan de la classe de Frank Vandenbroucke, je vis cyclisme (et de ses paysages) depuis plus de 20 ans. Je suis tr\u00e8s impliqu\u00e9 sur mes diff\u00e9rents r\u00e9seaux sociaux pour partager ma passion sur le monde et l'Histoire de la bicyclette avec ma voix sur les images en noir et blanc du succ\u00e8s de Rik Van Steenbergen lors du Ronde sur le V\u00e9lodrome de Gand.\",\"sameAs\":[\"https:\/\/www.facebook.com\/groups\/LesRoisDuPeloton\",\"https:\/\/x.com\/https:\/\/twitter.com\/LRoisDuPeloton\"],\"url\":\"https:\/\/dicodusport.fr\/blog\/author\/emiliend\/\"}]}<\/script>\n<!-- \/ Yoast SEO Premium plugin. -->","yoast_head_json":{"title":"Slalom Flachau : Petra Vlhova prive Mikaela Shiffrin du record","description":"COUPE DU MONDE SKI ALPIN SAISON 2022-2023 - Petra Vlhova s'est impos\u00e9e sur le slalom nocturne de Flachau en Autriche, ce mardi.","robots":{"index":"index","follow":"follow","max-snippet":"max-snippet:-1","max-image-preview":"max-image-preview:large","max-video-preview":"max-video-preview:-1"},"canonical":"https:\/\/dicodusport.fr\/blog\/slalom-flachau-petra-vlhova-prive-mikaela-shiffrin-du-record\/","og_locale":"fr_FR","og_type":"article","og_title":"Slalom Flachau : Petra Vlhova prive Mikaela Shiffrin du record","og_description":"COUPE DU MONDE SKI ALPIN SAISON 2022-2023 - Petra Vlhova s'est impos\u00e9e sur le slalom nocturne de Flachau en Autriche, ce mardi.","og_url":"https:\/\/dicodusport.fr\/blog\/slalom-flachau-petra-vlhova-prive-mikaela-shiffrin-du-record\/","og_site_name":"Dicodusport","article_publisher":"https:\/\/www.facebook.com\/dicodusport","article_author":"https:\/\/www.facebook.com\/groups\/LesRoisDuPeloton","article_published_time":"2023-01-10T20:44:47+00:00","article_modified_time":"2023-01-10T22:21:16+00:00","og_image":[{"width":800,"height":445,"url":"https:\/\/dicodusport.fr\/blog\/wp-content\/uploads\/2023\/01\/Slalom-Flachau-Petra-Vlhova-prive-Mikaela-Shiffrin-du-record.png","type":"image\/png"}],"author":"Emilien Descampiaux","twitter_card":"summary_large_image","twitter_title":"Slalom Flachau : Petra Vlhova prive Mikaela Shiffrin du record","twitter_creator":"@https:\/\/twitter.com\/LRoisDuPeloton","twitter_site":"@dicodusport","schema":{"@context":"https:\/\/schema.org","@graph":[{"@type":"NewsArticle","@id":"https:\/\/dicodusport.fr\/blog\/slalom-flachau-petra-vlhova-prive-mikaela-shiffrin-du-record\/#article","isPartOf":{"@id":"https:\/\/dicodusport.fr\/blog\/slalom-flachau-petra-vlhova-prive-mikaela-shiffrin-du-record\/"},"author":{"name":"Emilien Descampiaux","@id":"https:\/\/dicodusport.fr\/blog\/#\/schema\/person\/6db4bae06b171592211be385b32876a7"},"headline":"Slalom Flachau : Petra Vlhova prive Mikaela Shiffrin du record","datePublished":"2023-01-10T20:44:47+00:00","dateModified":"2023-01-10T22:21:16+00:00","mainEntityOfPage":{"@id":"https:\/\/dicodusport.fr\/blog\/slalom-flachau-petra-vlhova-prive-mikaela-shiffrin-du-record\/"},"wordCount":514,"commentCount":0,"publisher":{"@id":"https:\/\/dicodusport.fr\/blog\/#organization"},"image":{"@id":"https:\/\/dicodusport.fr\/blog\/slalom-flachau-petra-vlhova-prive-mikaela-shiffrin-du-record\/#primaryimage"},"thumbnailUrl":"https:\/\/dicodusport.fr\/blog\/wp-content\/uploads\/2023\/01\/Slalom-Flachau-Petra-Vlhova-prive-Mikaela-Shiffrin-du-record.png","keywords":["Coupe du monde","Ski alpin","sport"],"articleSection":["Coupe du monde de ski alpin"],"inLanguage":"fr-FR","potentialAction":[{"@type":"CommentAction","name":"Comment","target":["https:\/\/dicodusport.fr\/blog\/slalom-flachau-petra-vlhova-prive-mikaela-shiffrin-du-record\/#respond"]}],"copyrightYear":"2023","copyrightHolder":{"@id":"https:\/\/dicodusport.fr\/blog\/#organization"}},{"@type":"WebPage","@id":"https:\/\/dicodusport.fr\/blog\/slalom-flachau-petra-vlhova-prive-mikaela-shiffrin-du-record\/","url":"https:\/\/dicodusport.fr\/blog\/slalom-flachau-petra-vlhova-prive-mikaela-shiffrin-du-record\/","name":"Slalom Flachau : Petra Vlhova prive Mikaela Shiffrin du record","isPartOf":{"@id":"https:\/\/dicodusport.fr\/blog\/#website"},"primaryImageOfPage":{"@id":"https:\/\/dicodusport.fr\/blog\/slalom-flachau-petra-vlhova-prive-mikaela-shiffrin-du-record\/#primaryimage"},"image":{"@id":"https:\/\/dicodusport.fr\/blog\/slalom-flachau-petra-vlhova-prive-mikaela-shiffrin-du-record\/#primaryimage"},"thumbnailUrl":"https:\/\/dicodusport.fr\/blog\/wp-content\/uploads\/2023\/01\/Slalom-Flachau-Petra-Vlhova-prive-Mikaela-Shiffrin-du-record.png","datePublished":"2023-01-10T20:44:47+00:00","dateModified":"2023-01-10T22:21:16+00:00","description":"COUPE DU MONDE SKI ALPIN SAISON 2022-2023 - Petra Vlhova s'est impos\u00e9e sur le slalom nocturne de Flachau en Autriche, ce mardi.","breadcrumb":{"@id":"https:\/\/dicodusport.fr\/blog\/slalom-flachau-petra-vlhova-prive-mikaela-shiffrin-du-record\/#breadcrumb"},"inLanguage":"fr-FR","potentialAction":[{"@type":"ReadAction","target":["https:\/\/dicodusport.fr\/blog\/slalom-flachau-petra-vlhova-prive-mikaela-shiffrin-du-record\/"]}]},{"@type":"ImageObject","inLanguage":"fr-FR","@id":"https:\/\/dicodusport.fr\/blog\/slalom-flachau-petra-vlhova-prive-mikaela-shiffrin-du-record\/#primaryimage","url":"https:\/\/dicodusport.fr\/blog\/wp-content\/uploads\/2023\/01\/Slalom-Flachau-Petra-Vlhova-prive-Mikaela-Shiffrin-du-record.png","contentUrl":"https:\/\/dicodusport.fr\/blog\/wp-content\/uploads\/2023\/01\/Slalom-Flachau-Petra-Vlhova-prive-Mikaela-Shiffrin-du-record.png","width":800,"height":445,"caption":"Slalom Flachau Petra Vlhova prive Mikaela Shiffrin du record"},{"@type":"BreadcrumbList","@id":"https:\/\/dicodusport.fr\/blog\/slalom-flachau-petra-vlhova-prive-mikaela-shiffrin-du-record\/#breadcrumb","itemListElement":[{"@type":"ListItem","position":1,"name":"Accueil","item":"https:\/\/dicodusport.fr\/blog\/"},{"@type":"ListItem","position":2,"name":"Slalom Flachau : Petra Vlhova prive Mikaela Shiffrin du record"}]},{"@type":"WebSite","@id":"https:\/\/dicodusport.fr\/blog\/#website","url":"https:\/\/dicodusport.fr\/blog\/","name":"Dicodusport","description":"L&#039;encyclop\u00e9die de l&#039;actualit\u00e9 sportive","publisher":{"@id":"https:\/\/dicodusport.fr\/blog\/#organization"},"potentialAction":[{"@type":"SearchAction","target":{"@type":"EntryPoint","urlTemplate":"https:\/\/dicodusport.fr\/blog\/?s={search_term_string}"},"query-input":{"@type":"PropertyValueSpecification","valueRequired":true,"valueName":"search_term_string"}}],"inLanguage":"fr-FR"},{"@type":"NewsMediaOrganization","@id":"https:\/\/dicodusport.fr\/blog\/#organization","name":"Dicodusport","url":"https:\/\/dicodusport.fr\/blog\/","logo":{"@type":"ImageObject","inLanguage":"fr-FR","@id":"https:\/\/dicodusport.fr\/blog\/#\/schema\/logo\/image\/","url":"https:\/\/dicodusport.fr\/blog\/wp-content\/uploads\/2020\/06\/cropped-LOGO-DICODUSPORT-2020-SANS-FOND-SANS-TEXTE.png","contentUrl":"https:\/\/dicodusport.fr\/blog\/wp-content\/uploads\/2020\/06\/cropped-LOGO-DICODUSPORT-2020-SANS-FOND-SANS-TEXTE.png","width":512,"height":512,"caption":"Dicodusport"},"image":{"@id":"https:\/\/dicodusport.fr\/blog\/#\/schema\/logo\/image\/"},"sameAs":["https:\/\/www.facebook.com\/dicodusport","https:\/\/x.com\/dicodusport","https:\/\/www.instagram.com\/dicodusport\/","https:\/\/www.youtube.com\/channel\/UC7V2KZ5sd3htJivAbA4ZG3w"],"description":"Dicodusport est l'encyclop\u00e9die de l'actualit\u00e9 sportive.","email":"bonjour@dicodusport.fr","legalName":"DICODUSPORT","foundingDate":"2018-01-14","vatID":"FR71834470973","taxID":"83447097300043","numberOfEmployees":{"@type":"QuantitativeValue","minValue":"1","maxValue":"10"}},{"@type":"Person","@id":"https:\/\/dicodusport.fr\/blog\/#\/schema\/person\/6db4bae06b171592211be385b32876a7","name":"Emilien Descampiaux","image":{"@type":"ImageObject","inLanguage":"fr-FR","@id":"https:\/\/dicodusport.fr\/blog\/#\/schema\/person\/image\/","url":"https:\/\/dicodusport.fr\/blog\/wp-content\/uploads\/2021\/05\/Emilien-Descampiaux-150x150.jpg","contentUrl":"https:\/\/dicodusport.fr\/blog\/wp-content\/uploads\/2021\/05\/Emilien-Descampiaux-150x150.jpg","caption":"Emilien Descampiaux"},"description":"Journaliste\/r\u00e9dacteur depuis 2014 - Fan de la classe de Frank Vandenbroucke, je vis cyclisme (et de ses paysages) depuis plus de 20 ans. Je suis tr\u00e8s impliqu\u00e9 sur mes diff\u00e9rents r\u00e9seaux sociaux pour partager ma passion sur le monde et l'Histoire de la bicyclette avec ma voix sur les images en noir et blanc du succ\u00e8s de Rik Van Steenbergen lors du Ronde sur le V\u00e9lodrome de Gand.","sameAs":["https:\/\/www.facebook.com\/groups\/LesRoisDuPeloton","https:\/\/x.com\/https:\/\/twitter.com\/LRoisDuPeloton"],"url":"https:\/\/dicodusport.fr\/blog\/author\/emiliend\/"}]}},"_links":{"self":[{"href":"https:\/\/dicodusport.fr\/blog\/wp-json\/wp\/v2\/posts\/343291","targetHints":{"allow":["GET"]}}],"collection":[{"href":"https:\/\/dicodusport.fr\/blog\/wp-json\/wp\/v2\/posts"}],"about":[{"href":"https:\/\/dicodusport.fr\/blog\/wp-json\/wp\/v2\/types\/post"}],"author":[{"embeddable":true,"href":"https:\/\/dicodusport.fr\/blog\/wp-json\/wp\/v2\/users\/48"}],"replies":[{"embeddable":true,"href":"https:\/\/dicodusport.fr\/blog\/wp-json\/wp\/v2\/comments?post=343291"}],"version-history":[{"count":0,"href":"https:\/\/dicodusport.fr\/blog\/wp-json\/wp\/v2\/posts\/343291\/revisions"}],"wp:featuredmedia":[{"embeddable":true,"href":"https:\/\/dicodusport.fr\/blog\/wp-json\/wp\/v2\/media\/343315"}],"wp:attachment":[{"href":"https:\/\/dicodusport.fr\/blog\/wp-json\/wp\/v2\/media?parent=343291"}],"wp:term":[{"taxonomy":"category","embeddable":true,"href":"https:\/\/dicodusport.fr\/blog\/wp-json\/wp\/v2\/categories?post=343291"},{"taxonomy":"post_tag","embeddable":true,"href":"https:\/\/dicodusport.fr\/blog\/wp-json\/wp\/v2\/tags?post=343291"}],"curies":[{"name":"wp","href":"https:\/\/api.w.org\/{rel}","templated":true}]}}