{"id":343459,"date":"2023-01-11T13:59:36","date_gmt":"2023-01-11T12:59:36","guid":{"rendered":"https:\/\/dicodusport.fr\/blog\/?p=343459&#038;preview=true&#038;preview_id=343459"},"modified":"2023-01-11T16:27:14","modified_gmt":"2023-01-11T15:27:14","slug":"noel-le-graet-est-mis-en-retrait-de-la-fff-par-son-comite-executif","status":"publish","type":"post","link":"https:\/\/dicodusport.fr\/blog\/noel-le-graet-est-mis-en-retrait-de-la-fff-par-son-comite-executif\/","title":{"rendered":"No\u00ebl Le Gra\u00ebt est mis en retrait de la FFF par son comit\u00e9 ex\u00e9cutif"},"content":{"rendered":"<p align=\"justify\"><em><strong>FOOTBALL &#8211; Selon les informations de Mohamed Bouhafsi, confirm\u00e9es depuis, No\u00ebl Le Gra\u00ebt a \u00e9t\u00e9 mis en retrait de la pr\u00e9sidence de la F\u00e9d\u00e9ration Fran\u00e7aise de Football jusqu&rsquo;aux r\u00e9sultats de l&rsquo;audit.\u00a0<\/strong><\/em><\/p>\n<p align=\"justify\">Apr\u00e8s son audition mardi par les enqu\u00eateurs charg\u00e9s de l&rsquo;audit de la <strong>F\u00e9d\u00e9ration Fran\u00e7aise de Football<\/strong>, <a href=\"https:\/\/dicodusport.fr\/blog\/ce-que-gagne-noel-le-graet-a-la-tete-de-la-federation-francaise-de-football\/\"><strong>No\u00ebl<\/strong> <strong>Le<\/strong> <strong>Gra\u00ebt<\/strong><\/a> a convoqu\u00e9 un comit\u00e9 ex\u00e9cutif exceptionnel ce mercredi pour faire le point sur les diff\u00e9rentes affaires. Apr\u00e8s un peu moins de trois heures d&rsquo;\u00e9change, il a \u00e9t\u00e9 d\u00e9cid\u00e9 que l&rsquo;actuel pr\u00e9sident \u00e9tait mis en retrait jusqu&rsquo;\u00e0 la communication des r\u00e9sultats de l&rsquo;audit, fin janvier. <strong>Philippe<\/strong> <strong>Diallo<\/strong>, vice-pr\u00e9sident de l&rsquo;instance depuis le d\u00e9part de <strong>Brigitte<\/strong> <strong>Henriques<\/strong>, va assurer l&rsquo;int\u00e9rim comme le pr\u00e9voient les textes.<\/p>\n<p align=\"justify\">Trois sujets principaux ont \u00e9t\u00e9 abord\u00e9s lors de ce Comex : la prolongation de <strong>Didier<\/strong> <strong>Deschamps<\/strong>, le d\u00e9rapage de NLG sur <strong>Zin\u00e9dine<\/strong> <strong>Zidane<\/strong> et les r\u00e9v\u00e9lations de l&rsquo;agente, <strong>Sonia<\/strong> <strong>Souid<\/strong>. C&rsquo;est apr\u00e8s des \u00e9changes anim\u00e9s que la d\u00e9cision de la mise en retrait de <strong>No\u00ebl Le Gra\u00ebt<\/strong> a \u00e9t\u00e9 act\u00e9e, avec pour but de permettre \u00e0 la <strong>FFF<\/strong> de retrouver de la s\u00e9r\u00e9nit\u00e9 apr\u00e8s des semaines compliqu\u00e9es.<\/p>\n<p align=\"justify\">Le comit\u00e9 ex\u00e9cutif de la <strong>FFF<\/strong> a aussi d\u00e9cid\u00e9 de mettre \u00e0 pied la directrice g\u00e9n\u00e9rale, <strong>Florence<\/strong> <strong>Hardouin<\/strong>, principale opposante \u00e0 <strong>No\u00ebl Le Gra\u00ebt<\/strong> et en conflit avec son pr\u00e9sident depuis plusieurs mois. Enfin, la prolongation de <strong>Didier<\/strong> <strong>Deschamps<\/strong> jusqu&rsquo;en juin 2026 a \u00e9t\u00e9 valid\u00e9e par le Comex.<\/p>\n<blockquote class=\"twitter-tweet\">\n<p dir=\"ltr\" lang=\"fr\">\ud83d\udea8 Info : Selon des sources proches de la FFF, Le comex de la <a href=\"https:\/\/twitter.com\/hashtag\/FFF?src=hash&amp;ref_src=twsrc%5Etfw\">#FFF<\/a> decide de la mise en retrait de Noel le Graet de la pr\u00e9sidence de la Fede jusqu\u2019\u00e0 la publication du rapport d\u2019audit. Philippe Diallo assure l\u2019int\u00e9rim.<\/p>\n<p>\u2014 Mohamed Bouhafsi (@mohamedbouhafsi) <a href=\"https:\/\/twitter.com\/mohamedbouhafsi\/status\/1613155572299309056?ref_src=twsrc%5Etfw\">January 11, 2023<\/a><\/p><\/blockquote>\n<p><script async src=\"https:\/\/platform.twitter.com\/widgets.js\" charset=\"utf-8\"><\/script><\/p>\n","protected":false},"excerpt":{"rendered":"<p>FOOTBALL &#8211; Selon les informations de Mohamed Bouhafsi, confirm\u00e9es depuis, No\u00ebl Le Gra\u00ebt a \u00e9t\u00e9 mis en retrait de la pr\u00e9sidence de la F\u00e9d\u00e9ration Fran\u00e7aise de Football jusqu&rsquo;aux r\u00e9sultats de l&rsquo;audit.\u00a0<\/p>\n","protected":false},"author":1,"featured_media":343005,"comment_status":"open","ping_status":"closed","sticky":false,"template":"","format":"standard","meta":{"_acf_changed":false,"_daextam_enable_autolinks":"","footnotes":""},"categories":[2301],"tags":[4856,75,9607],"class_list":["post-343459","post","type-post","status-publish","format-standard","has-post-thumbnail","hentry","category-football","tag-fff","tag-football","tag-noel-le-graet"],"acf":[],"yoast_head":"<!-- This site is optimized with the Yoast SEO Premium plugin v26.7 (Yoast SEO v26.7) - https:\/\/yoast.com\/wordpress\/plugins\/seo\/ -->\n<title>No\u00ebl Le Gra\u00ebt est mis en retrait de la FFF par son comit\u00e9 ex\u00e9cutif<\/title>\n<meta name=\"description\" content=\"FOOTBALL - Selon Mohamed Bouhafsi, No\u00ebl Le Gra\u00ebt a \u00e9t\u00e9 mis en retrait de la pr\u00e9sidence de la F\u00e9d\u00e9ration Fran\u00e7aise de Football jusqu&#039;aux r\u00e9sultats de l&#039;audit.\u00a0\" \/>\n<meta name=\"robots\" content=\"index, follow, max-snippet:-1, max-image-preview:large, max-video-preview:-1\" \/>\n<link rel=\"canonical\" href=\"https:\/\/dicodusport.fr\/blog\/noel-le-graet-est-mis-en-retrait-de-la-fff-par-son-comite-executif\/\" \/>\n<meta property=\"og:locale\" content=\"fr_FR\" \/>\n<meta property=\"og:type\" content=\"article\" \/>\n<meta property=\"og:title\" content=\"No\u00ebl Le Gra\u00ebt est mis en retrait de la FFF par son comit\u00e9 ex\u00e9cutif\" \/>\n<meta property=\"og:description\" content=\"FOOTBALL - Selon Mohamed Bouhafsi, No\u00ebl Le Gra\u00ebt a \u00e9t\u00e9 mis en retrait de la pr\u00e9sidence de la F\u00e9d\u00e9ration Fran\u00e7aise de Football jusqu&#039;aux r\u00e9sultats de l&#039;audit.\u00a0\" \/>\n<meta property=\"og:url\" content=\"https:\/\/dicodusport.fr\/blog\/noel-le-graet-est-mis-en-retrait-de-la-fff-par-son-comite-executif\/\" \/>\n<meta property=\"og:site_name\" content=\"Dicodusport\" \/>\n<meta property=\"article:publisher\" content=\"https:\/\/www.facebook.com\/dicodusport\" \/>\n<meta property=\"article:author\" content=\"https:\/\/www.facebook.com\/dicodusport\" \/>\n<meta property=\"article:published_time\" content=\"2023-01-11T12:59:36+00:00\" \/>\n<meta property=\"article:modified_time\" content=\"2023-01-11T15:27:14+00:00\" \/>\n<meta property=\"og:image\" content=\"https:\/\/dicodusport.fr\/blog\/wp-content\/uploads\/2023\/01\/Ce-que-gagne-Noel-Le-Graet-a-la-tete-de-la-Federation-Francaise-de-Football.png\" \/>\n\t<meta property=\"og:image:width\" content=\"800\" \/>\n\t<meta property=\"og:image:height\" content=\"445\" \/>\n\t<meta property=\"og:image:type\" content=\"image\/png\" \/>\n<meta name=\"author\" content=\"Nicolas Jacquemard\" \/>\n<meta name=\"twitter:card\" content=\"summary_large_image\" \/>\n<meta name=\"twitter:title\" content=\"No\u00ebl Le Gra\u00ebt est mis en retrait de la FFF par son comit\u00e9 ex\u00e9cutif\" \/>\n<meta name=\"twitter:creator\" content=\"@https:\/\/twitter.com\/Nico_Jacquemard\" \/>\n<meta name=\"twitter:site\" content=\"@dicodusport\" \/>\n<script type=\"application\/ld+json\" class=\"yoast-schema-graph\">{\"@context\":\"https:\/\/schema.org\",\"@graph\":[{\"@type\":\"NewsArticle\",\"@id\":\"https:\/\/dicodusport.fr\/blog\/noel-le-graet-est-mis-en-retrait-de-la-fff-par-son-comite-executif\/#article\",\"isPartOf\":{\"@id\":\"https:\/\/dicodusport.fr\/blog\/noel-le-graet-est-mis-en-retrait-de-la-fff-par-son-comite-executif\/\"},\"author\":{\"name\":\"Nicolas Jacquemard\",\"@id\":\"https:\/\/dicodusport.fr\/blog\/#\/schema\/person\/55dcb50ad410894e431ed812bbb70191\"},\"headline\":\"No\u00ebl Le Gra\u00ebt est mis en retrait de la FFF par son comit\u00e9 ex\u00e9cutif\",\"datePublished\":\"2023-01-11T12:59:36+00:00\",\"dateModified\":\"2023-01-11T15:27:14+00:00\",\"mainEntityOfPage\":{\"@id\":\"https:\/\/dicodusport.fr\/blog\/noel-le-graet-est-mis-en-retrait-de-la-fff-par-son-comite-executif\/\"},\"wordCount\":347,\"commentCount\":0,\"publisher\":{\"@id\":\"https:\/\/dicodusport.fr\/blog\/#organization\"},\"image\":{\"@id\":\"https:\/\/dicodusport.fr\/blog\/noel-le-graet-est-mis-en-retrait-de-la-fff-par-son-comite-executif\/#primaryimage\"},\"thumbnailUrl\":\"https:\/\/dicodusport.fr\/blog\/wp-content\/uploads\/2023\/01\/Ce-que-gagne-Noel-Le-Graet-a-la-tete-de-la-Federation-Francaise-de-Football.png\",\"keywords\":[\"FFF\",\"Football\",\"No\u00ebl Le Gra\u00ebt\"],\"articleSection\":[\"Football\"],\"inLanguage\":\"fr-FR\",\"potentialAction\":[{\"@type\":\"CommentAction\",\"name\":\"Comment\",\"target\":[\"https:\/\/dicodusport.fr\/blog\/noel-le-graet-est-mis-en-retrait-de-la-fff-par-son-comite-executif\/#respond\"]}],\"copyrightYear\":\"2023\",\"copyrightHolder\":{\"@id\":\"https:\/\/dicodusport.fr\/blog\/#organization\"}},{\"@type\":\"WebPage\",\"@id\":\"https:\/\/dicodusport.fr\/blog\/noel-le-graet-est-mis-en-retrait-de-la-fff-par-son-comite-executif\/\",\"url\":\"https:\/\/dicodusport.fr\/blog\/noel-le-graet-est-mis-en-retrait-de-la-fff-par-son-comite-executif\/\",\"name\":\"No\u00ebl Le Gra\u00ebt est mis en retrait de la FFF par son comit\u00e9 ex\u00e9cutif\",\"isPartOf\":{\"@id\":\"https:\/\/dicodusport.fr\/blog\/#website\"},\"primaryImageOfPage\":{\"@id\":\"https:\/\/dicodusport.fr\/blog\/noel-le-graet-est-mis-en-retrait-de-la-fff-par-son-comite-executif\/#primaryimage\"},\"image\":{\"@id\":\"https:\/\/dicodusport.fr\/blog\/noel-le-graet-est-mis-en-retrait-de-la-fff-par-son-comite-executif\/#primaryimage\"},\"thumbnailUrl\":\"https:\/\/dicodusport.fr\/blog\/wp-content\/uploads\/2023\/01\/Ce-que-gagne-Noel-Le-Graet-a-la-tete-de-la-Federation-Francaise-de-Football.png\",\"datePublished\":\"2023-01-11T12:59:36+00:00\",\"dateModified\":\"2023-01-11T15:27:14+00:00\",\"description\":\"FOOTBALL - Selon Mohamed Bouhafsi, No\u00ebl Le Gra\u00ebt a \u00e9t\u00e9 mis en retrait de la pr\u00e9sidence de la F\u00e9d\u00e9ration Fran\u00e7aise de Football jusqu'aux r\u00e9sultats de l'audit.\u00a0\",\"breadcrumb\":{\"@id\":\"https:\/\/dicodusport.fr\/blog\/noel-le-graet-est-mis-en-retrait-de-la-fff-par-son-comite-executif\/#breadcrumb\"},\"inLanguage\":\"fr-FR\",\"potentialAction\":[{\"@type\":\"ReadAction\",\"target\":[\"https:\/\/dicodusport.fr\/blog\/noel-le-graet-est-mis-en-retrait-de-la-fff-par-son-comite-executif\/\"]}]},{\"@type\":\"ImageObject\",\"inLanguage\":\"fr-FR\",\"@id\":\"https:\/\/dicodusport.fr\/blog\/noel-le-graet-est-mis-en-retrait-de-la-fff-par-son-comite-executif\/#primaryimage\",\"url\":\"https:\/\/dicodusport.fr\/blog\/wp-content\/uploads\/2023\/01\/Ce-que-gagne-Noel-Le-Graet-a-la-tete-de-la-Federation-Francaise-de-Football.png\",\"contentUrl\":\"https:\/\/dicodusport.fr\/blog\/wp-content\/uploads\/2023\/01\/Ce-que-gagne-Noel-Le-Graet-a-la-tete-de-la-Federation-Francaise-de-Football.png\",\"width\":800,\"height\":445,\"caption\":\"Ce que gagne No\u00ebl Le Gra\u00ebt \u00e0 la t\u00eate de la F\u00e9d\u00e9ration Fran\u00e7aise de Football\"},{\"@type\":\"BreadcrumbList\",\"@id\":\"https:\/\/dicodusport.fr\/blog\/noel-le-graet-est-mis-en-retrait-de-la-fff-par-son-comite-executif\/#breadcrumb\",\"itemListElement\":[{\"@type\":\"ListItem\",\"position\":1,\"name\":\"Accueil\",\"item\":\"https:\/\/dicodusport.fr\/blog\/\"},{\"@type\":\"ListItem\",\"position\":2,\"name\":\"No\u00ebl Le Gra\u00ebt est mis en retrait de la FFF par son comit\u00e9 ex\u00e9cutif\"}]},{\"@type\":\"WebSite\",\"@id\":\"https:\/\/dicodusport.fr\/blog\/#website\",\"url\":\"https:\/\/dicodusport.fr\/blog\/\",\"name\":\"Dicodusport\",\"description\":\"L&#039;encyclop\u00e9die de l&#039;actualit\u00e9 sportive\",\"publisher\":{\"@id\":\"https:\/\/dicodusport.fr\/blog\/#organization\"},\"potentialAction\":[{\"@type\":\"SearchAction\",\"target\":{\"@type\":\"EntryPoint\",\"urlTemplate\":\"https:\/\/dicodusport.fr\/blog\/?s={search_term_string}\"},\"query-input\":{\"@type\":\"PropertyValueSpecification\",\"valueRequired\":true,\"valueName\":\"search_term_string\"}}],\"inLanguage\":\"fr-FR\"},{\"@type\":\"NewsMediaOrganization\",\"@id\":\"https:\/\/dicodusport.fr\/blog\/#organization\",\"name\":\"Dicodusport\",\"url\":\"https:\/\/dicodusport.fr\/blog\/\",\"logo\":{\"@type\":\"ImageObject\",\"inLanguage\":\"fr-FR\",\"@id\":\"https:\/\/dicodusport.fr\/blog\/#\/schema\/logo\/image\/\",\"url\":\"https:\/\/dicodusport.fr\/blog\/wp-content\/uploads\/2020\/06\/cropped-LOGO-DICODUSPORT-2020-SANS-FOND-SANS-TEXTE.png\",\"contentUrl\":\"https:\/\/dicodusport.fr\/blog\/wp-content\/uploads\/2020\/06\/cropped-LOGO-DICODUSPORT-2020-SANS-FOND-SANS-TEXTE.png\",\"width\":512,\"height\":512,\"caption\":\"Dicodusport\"},\"image\":{\"@id\":\"https:\/\/dicodusport.fr\/blog\/#\/schema\/logo\/image\/\"},\"sameAs\":[\"https:\/\/www.facebook.com\/dicodusport\",\"https:\/\/x.com\/dicodusport\",\"https:\/\/www.instagram.com\/dicodusport\/\",\"https:\/\/www.youtube.com\/channel\/UC7V2KZ5sd3htJivAbA4ZG3w\"],\"description\":\"Dicodusport est l'encyclop\u00e9die de l'actualit\u00e9 sportive.\",\"email\":\"bonjour@dicodusport.fr\",\"legalName\":\"DICODUSPORT\",\"foundingDate\":\"2018-01-14\",\"vatID\":\"FR71834470973\",\"taxID\":\"83447097300043\",\"numberOfEmployees\":{\"@type\":\"QuantitativeValue\",\"minValue\":\"1\",\"maxValue\":\"10\"}},{\"@type\":\"Person\",\"@id\":\"https:\/\/dicodusport.fr\/blog\/#\/schema\/person\/55dcb50ad410894e431ed812bbb70191\",\"name\":\"Nicolas Jacquemard\",\"image\":{\"@type\":\"ImageObject\",\"inLanguage\":\"fr-FR\",\"@id\":\"https:\/\/dicodusport.fr\/blog\/#\/schema\/person\/image\/\",\"url\":\"https:\/\/dicodusport.fr\/blog\/wp-content\/uploads\/2021\/05\/Nicolas-Jacquemard-150x150.jpeg\",\"contentUrl\":\"https:\/\/dicodusport.fr\/blog\/wp-content\/uploads\/2021\/05\/Nicolas-Jacquemard-150x150.jpeg\",\"caption\":\"Nicolas Jacquemard\"},\"description\":\"Passionn\u00e9 de sport et entrepreneur depuis mes 18 ans, la cr\u00e9ation de Dicodusport m'a sembl\u00e9 \u00e9vidente pour participer \u00e0 la m\u00e9diatisation d'un plus grand nombre de sports. Le chemin est long mais avec une \u00e9quipe des plus motiv\u00e9es et les Jeux Olympiques de Paris 2024 en point de mire, nous y arriverons ! Journaliste dans le monde du sport depuis plus de 5 ans, je traite aussi bien de football, de rugby, de biathlon que de cyclisme.\",\"sameAs\":[\"https:\/\/www.facebook.com\/dicodusport\",\"https:\/\/x.com\/https:\/\/twitter.com\/Nico_Jacquemard\"],\"url\":\"https:\/\/dicodusport.fr\/blog\/author\/dicodusport\/\"}]}<\/script>\n<!-- \/ Yoast SEO Premium plugin. -->","yoast_head_json":{"title":"No\u00ebl Le Gra\u00ebt est mis en retrait de la FFF par son comit\u00e9 ex\u00e9cutif","description":"FOOTBALL - Selon Mohamed Bouhafsi, No\u00ebl Le Gra\u00ebt a \u00e9t\u00e9 mis en retrait de la pr\u00e9sidence de la F\u00e9d\u00e9ration Fran\u00e7aise de Football jusqu'aux r\u00e9sultats de l'audit.\u00a0","robots":{"index":"index","follow":"follow","max-snippet":"max-snippet:-1","max-image-preview":"max-image-preview:large","max-video-preview":"max-video-preview:-1"},"canonical":"https:\/\/dicodusport.fr\/blog\/noel-le-graet-est-mis-en-retrait-de-la-fff-par-son-comite-executif\/","og_locale":"fr_FR","og_type":"article","og_title":"No\u00ebl Le Gra\u00ebt est mis en retrait de la FFF par son comit\u00e9 ex\u00e9cutif","og_description":"FOOTBALL - Selon Mohamed Bouhafsi, No\u00ebl Le Gra\u00ebt a \u00e9t\u00e9 mis en retrait de la pr\u00e9sidence de la F\u00e9d\u00e9ration Fran\u00e7aise de Football jusqu'aux r\u00e9sultats de l'audit.\u00a0","og_url":"https:\/\/dicodusport.fr\/blog\/noel-le-graet-est-mis-en-retrait-de-la-fff-par-son-comite-executif\/","og_site_name":"Dicodusport","article_publisher":"https:\/\/www.facebook.com\/dicodusport","article_author":"https:\/\/www.facebook.com\/dicodusport","article_published_time":"2023-01-11T12:59:36+00:00","article_modified_time":"2023-01-11T15:27:14+00:00","og_image":[{"width":800,"height":445,"url":"https:\/\/dicodusport.fr\/blog\/wp-content\/uploads\/2023\/01\/Ce-que-gagne-Noel-Le-Graet-a-la-tete-de-la-Federation-Francaise-de-Football.png","type":"image\/png"}],"author":"Nicolas Jacquemard","twitter_card":"summary_large_image","twitter_title":"No\u00ebl Le Gra\u00ebt est mis en retrait de la FFF par son comit\u00e9 ex\u00e9cutif","twitter_creator":"@https:\/\/twitter.com\/Nico_Jacquemard","twitter_site":"@dicodusport","schema":{"@context":"https:\/\/schema.org","@graph":[{"@type":"NewsArticle","@id":"https:\/\/dicodusport.fr\/blog\/noel-le-graet-est-mis-en-retrait-de-la-fff-par-son-comite-executif\/#article","isPartOf":{"@id":"https:\/\/dicodusport.fr\/blog\/noel-le-graet-est-mis-en-retrait-de-la-fff-par-son-comite-executif\/"},"author":{"name":"Nicolas Jacquemard","@id":"https:\/\/dicodusport.fr\/blog\/#\/schema\/person\/55dcb50ad410894e431ed812bbb70191"},"headline":"No\u00ebl Le Gra\u00ebt est mis en retrait de la FFF par son comit\u00e9 ex\u00e9cutif","datePublished":"2023-01-11T12:59:36+00:00","dateModified":"2023-01-11T15:27:14+00:00","mainEntityOfPage":{"@id":"https:\/\/dicodusport.fr\/blog\/noel-le-graet-est-mis-en-retrait-de-la-fff-par-son-comite-executif\/"},"wordCount":347,"commentCount":0,"publisher":{"@id":"https:\/\/dicodusport.fr\/blog\/#organization"},"image":{"@id":"https:\/\/dicodusport.fr\/blog\/noel-le-graet-est-mis-en-retrait-de-la-fff-par-son-comite-executif\/#primaryimage"},"thumbnailUrl":"https:\/\/dicodusport.fr\/blog\/wp-content\/uploads\/2023\/01\/Ce-que-gagne-Noel-Le-Graet-a-la-tete-de-la-Federation-Francaise-de-Football.png","keywords":["FFF","Football","No\u00ebl Le Gra\u00ebt"],"articleSection":["Football"],"inLanguage":"fr-FR","potentialAction":[{"@type":"CommentAction","name":"Comment","target":["https:\/\/dicodusport.fr\/blog\/noel-le-graet-est-mis-en-retrait-de-la-fff-par-son-comite-executif\/#respond"]}],"copyrightYear":"2023","copyrightHolder":{"@id":"https:\/\/dicodusport.fr\/blog\/#organization"}},{"@type":"WebPage","@id":"https:\/\/dicodusport.fr\/blog\/noel-le-graet-est-mis-en-retrait-de-la-fff-par-son-comite-executif\/","url":"https:\/\/dicodusport.fr\/blog\/noel-le-graet-est-mis-en-retrait-de-la-fff-par-son-comite-executif\/","name":"No\u00ebl Le Gra\u00ebt est mis en retrait de la FFF par son comit\u00e9 ex\u00e9cutif","isPartOf":{"@id":"https:\/\/dicodusport.fr\/blog\/#website"},"primaryImageOfPage":{"@id":"https:\/\/dicodusport.fr\/blog\/noel-le-graet-est-mis-en-retrait-de-la-fff-par-son-comite-executif\/#primaryimage"},"image":{"@id":"https:\/\/dicodusport.fr\/blog\/noel-le-graet-est-mis-en-retrait-de-la-fff-par-son-comite-executif\/#primaryimage"},"thumbnailUrl":"https:\/\/dicodusport.fr\/blog\/wp-content\/uploads\/2023\/01\/Ce-que-gagne-Noel-Le-Graet-a-la-tete-de-la-Federation-Francaise-de-Football.png","datePublished":"2023-01-11T12:59:36+00:00","dateModified":"2023-01-11T15:27:14+00:00","description":"FOOTBALL - Selon Mohamed Bouhafsi, No\u00ebl Le Gra\u00ebt a \u00e9t\u00e9 mis en retrait de la pr\u00e9sidence de la F\u00e9d\u00e9ration Fran\u00e7aise de Football jusqu'aux r\u00e9sultats de l'audit.\u00a0","breadcrumb":{"@id":"https:\/\/dicodusport.fr\/blog\/noel-le-graet-est-mis-en-retrait-de-la-fff-par-son-comite-executif\/#breadcrumb"},"inLanguage":"fr-FR","potentialAction":[{"@type":"ReadAction","target":["https:\/\/dicodusport.fr\/blog\/noel-le-graet-est-mis-en-retrait-de-la-fff-par-son-comite-executif\/"]}]},{"@type":"ImageObject","inLanguage":"fr-FR","@id":"https:\/\/dicodusport.fr\/blog\/noel-le-graet-est-mis-en-retrait-de-la-fff-par-son-comite-executif\/#primaryimage","url":"https:\/\/dicodusport.fr\/blog\/wp-content\/uploads\/2023\/01\/Ce-que-gagne-Noel-Le-Graet-a-la-tete-de-la-Federation-Francaise-de-Football.png","contentUrl":"https:\/\/dicodusport.fr\/blog\/wp-content\/uploads\/2023\/01\/Ce-que-gagne-Noel-Le-Graet-a-la-tete-de-la-Federation-Francaise-de-Football.png","width":800,"height":445,"caption":"Ce que gagne No\u00ebl Le Gra\u00ebt \u00e0 la t\u00eate de la F\u00e9d\u00e9ration Fran\u00e7aise de Football"},{"@type":"BreadcrumbList","@id":"https:\/\/dicodusport.fr\/blog\/noel-le-graet-est-mis-en-retrait-de-la-fff-par-son-comite-executif\/#breadcrumb","itemListElement":[{"@type":"ListItem","position":1,"name":"Accueil","item":"https:\/\/dicodusport.fr\/blog\/"},{"@type":"ListItem","position":2,"name":"No\u00ebl Le Gra\u00ebt est mis en retrait de la FFF par son comit\u00e9 ex\u00e9cutif"}]},{"@type":"WebSite","@id":"https:\/\/dicodusport.fr\/blog\/#website","url":"https:\/\/dicodusport.fr\/blog\/","name":"Dicodusport","description":"L&#039;encyclop\u00e9die de l&#039;actualit\u00e9 sportive","publisher":{"@id":"https:\/\/dicodusport.fr\/blog\/#organization"},"potentialAction":[{"@type":"SearchAction","target":{"@type":"EntryPoint","urlTemplate":"https:\/\/dicodusport.fr\/blog\/?s={search_term_string}"},"query-input":{"@type":"PropertyValueSpecification","valueRequired":true,"valueName":"search_term_string"}}],"inLanguage":"fr-FR"},{"@type":"NewsMediaOrganization","@id":"https:\/\/dicodusport.fr\/blog\/#organization","name":"Dicodusport","url":"https:\/\/dicodusport.fr\/blog\/","logo":{"@type":"ImageObject","inLanguage":"fr-FR","@id":"https:\/\/dicodusport.fr\/blog\/#\/schema\/logo\/image\/","url":"https:\/\/dicodusport.fr\/blog\/wp-content\/uploads\/2020\/06\/cropped-LOGO-DICODUSPORT-2020-SANS-FOND-SANS-TEXTE.png","contentUrl":"https:\/\/dicodusport.fr\/blog\/wp-content\/uploads\/2020\/06\/cropped-LOGO-DICODUSPORT-2020-SANS-FOND-SANS-TEXTE.png","width":512,"height":512,"caption":"Dicodusport"},"image":{"@id":"https:\/\/dicodusport.fr\/blog\/#\/schema\/logo\/image\/"},"sameAs":["https:\/\/www.facebook.com\/dicodusport","https:\/\/x.com\/dicodusport","https:\/\/www.instagram.com\/dicodusport\/","https:\/\/www.youtube.com\/channel\/UC7V2KZ5sd3htJivAbA4ZG3w"],"description":"Dicodusport est l'encyclop\u00e9die de l'actualit\u00e9 sportive.","email":"bonjour@dicodusport.fr","legalName":"DICODUSPORT","foundingDate":"2018-01-14","vatID":"FR71834470973","taxID":"83447097300043","numberOfEmployees":{"@type":"QuantitativeValue","minValue":"1","maxValue":"10"}},{"@type":"Person","@id":"https:\/\/dicodusport.fr\/blog\/#\/schema\/person\/55dcb50ad410894e431ed812bbb70191","name":"Nicolas Jacquemard","image":{"@type":"ImageObject","inLanguage":"fr-FR","@id":"https:\/\/dicodusport.fr\/blog\/#\/schema\/person\/image\/","url":"https:\/\/dicodusport.fr\/blog\/wp-content\/uploads\/2021\/05\/Nicolas-Jacquemard-150x150.jpeg","contentUrl":"https:\/\/dicodusport.fr\/blog\/wp-content\/uploads\/2021\/05\/Nicolas-Jacquemard-150x150.jpeg","caption":"Nicolas Jacquemard"},"description":"Passionn\u00e9 de sport et entrepreneur depuis mes 18 ans, la cr\u00e9ation de Dicodusport m'a sembl\u00e9 \u00e9vidente pour participer \u00e0 la m\u00e9diatisation d'un plus grand nombre de sports. Le chemin est long mais avec une \u00e9quipe des plus motiv\u00e9es et les Jeux Olympiques de Paris 2024 en point de mire, nous y arriverons ! Journaliste dans le monde du sport depuis plus de 5 ans, je traite aussi bien de football, de rugby, de biathlon que de cyclisme.","sameAs":["https:\/\/www.facebook.com\/dicodusport","https:\/\/x.com\/https:\/\/twitter.com\/Nico_Jacquemard"],"url":"https:\/\/dicodusport.fr\/blog\/author\/dicodusport\/"}]}},"_links":{"self":[{"href":"https:\/\/dicodusport.fr\/blog\/wp-json\/wp\/v2\/posts\/343459","targetHints":{"allow":["GET"]}}],"collection":[{"href":"https:\/\/dicodusport.fr\/blog\/wp-json\/wp\/v2\/posts"}],"about":[{"href":"https:\/\/dicodusport.fr\/blog\/wp-json\/wp\/v2\/types\/post"}],"author":[{"embeddable":true,"href":"https:\/\/dicodusport.fr\/blog\/wp-json\/wp\/v2\/users\/1"}],"replies":[{"embeddable":true,"href":"https:\/\/dicodusport.fr\/blog\/wp-json\/wp\/v2\/comments?post=343459"}],"version-history":[{"count":0,"href":"https:\/\/dicodusport.fr\/blog\/wp-json\/wp\/v2\/posts\/343459\/revisions"}],"wp:featuredmedia":[{"embeddable":true,"href":"https:\/\/dicodusport.fr\/blog\/wp-json\/wp\/v2\/media\/343005"}],"wp:attachment":[{"href":"https:\/\/dicodusport.fr\/blog\/wp-json\/wp\/v2\/media?parent=343459"}],"wp:term":[{"taxonomy":"category","embeddable":true,"href":"https:\/\/dicodusport.fr\/blog\/wp-json\/wp\/v2\/categories?post=343459"},{"taxonomy":"post_tag","embeddable":true,"href":"https:\/\/dicodusport.fr\/blog\/wp-json\/wp\/v2\/tags?post=343459"}],"curies":[{"name":"wp","href":"https:\/\/api.w.org\/{rel}","templated":true}]}}