{"id":34348,"date":"2019-02-28T11:30:48","date_gmt":"2019-02-28T10:30:48","guid":{"rendered":"http:\/\/dicodusport.fr\/blog\/?p=34348"},"modified":"2019-02-28T11:38:25","modified_gmt":"2019-02-28T10:38:25","slug":"jason-denayer-le-nouveau-patron-de-la-defense-lyonnaise","status":"publish","type":"post","link":"https:\/\/dicodusport.fr\/blog\/jason-denayer-le-nouveau-patron-de-la-defense-lyonnaise\/","title":{"rendered":"Jason Denayer, le nouveau patron de la d\u00e9fense lyonnaise"},"content":{"rendered":"<p style=\"text-align: justify;\"><strong><em>Buteur hier soir en quart de finale de Coupe de France face \u00e0 Caen (3-1), le Lyonnais Jason Denayer s\u2019impose comme le patron de la d\u00e9fense des Gones pour sa premi\u00e8re saison sous les couleurs lyonnaises. Il est la tr\u00e8s bonne pioche de l\u2019OL.<\/em> <\/strong><\/p>\n<p style=\"text-align: justify;\">Jean-Michel Aulas et tout son staff avaient un \u0153il sur ce prometteur d\u00e9fenseur belge depuis pas mal de temps d\u00e9j\u00e0, mais jamais ils n\u2019\u00e9taient parvenus \u00e0 concr\u00e9tiser l\u2019op\u00e9ration pour faire venir Jason Denayer \u00e0 l\u2019Olympique Lyonnais. C\u2019\u00e9tait enfin chose faite l\u2019\u00e9t\u00e9 dernier et de nombreux espoirs \u00e9taient plac\u00e9s dans le solide d\u00e9fenseur des Diables Rouges, et la doublette qu\u2019il allait former aux c\u00f4t\u00e9s de Marcelo.<\/p>\n<div id=\"attachment_34350\" style=\"width: 756px\" class=\"wp-caption aligncenter\"><img loading=\"lazy\" decoding=\"async\" aria-describedby=\"caption-attachment-34350\" class=\" wp-image-34350\" src=\"http:\/\/dicodusport.fr\/blog\/wp-content\/uploads\/2019\/02\/Ses-prestations-avec-lOL-devraient-lui-offrir-de-nouvelles-se\u0301lections-avec-les-Belges-RTL.be_.jpg\" alt=\"\" width=\"746\" height=\"418\" srcset=\"https:\/\/dicodusport.fr\/blog\/wp-content\/uploads\/2019\/02\/Ses-prestations-avec-lOL-devraient-lui-offrir-de-nouvelles-se\u0301lections-avec-les-Belges-RTL.be_.jpg 660w, https:\/\/dicodusport.fr\/blog\/wp-content\/uploads\/2019\/02\/Ses-prestations-avec-lOL-devraient-lui-offrir-de-nouvelles-se\u0301lections-avec-les-Belges-RTL.be_-300x168.jpg 300w\" sizes=\"auto, (max-width: 746px) 100vw, 746px\" \/><p id=\"caption-attachment-34350\" class=\"wp-caption-text\">Ses prestations avec l&rsquo;OL devraient lui offrir de nouvelles se\u0301lections avec les Belges &#8211; RTL.be<\/p><\/div>\n<p style=\"text-align: justify;\">L\u2019international belge aux 10 s\u00e9lections semble enfin avoir trouv\u00e9 un club fait pour lui pour pouvoir y trouver une certaine stabilit\u00e9, lui qui fut pr\u00eat\u00e9 de clubs en clubs ces derni\u00e8res saisons par Manchester City, club au sein duquel il n\u2019a pas r\u00e9ussi \u00e0 s\u2019imposer. D\u00e8s ses 19 ans, au cours de la saison 2014\/2015, il est pr\u00eat\u00e9 par City au Celtic Glasgow o\u00f9 il montrera d\u00e9j\u00e0 de nombreuses qualit\u00e9s pour s\u2019imposer au c\u0153ur de la d\u00e9fense celte. Les ann\u00e9es suivantes, les pr\u00eats s\u2019encha\u00eeneront, passant par Galatasaray, puis Sunderland, avant de retourner une nouvelle fois, la saison derni\u00e8re, chez les Turcs de Galatasaray, malgr\u00e9 l\u2019int\u00e9r\u00eat d\u00e9j\u00e0 prononc\u00e9 de l\u2019OL.<\/p>\n<div id=\"attachment_34351\" style=\"width: 840px\" class=\"wp-caption aligncenter\"><img loading=\"lazy\" decoding=\"async\" aria-describedby=\"caption-attachment-34351\" class=\"size-full wp-image-34351\" src=\"http:\/\/dicodusport.fr\/blog\/wp-content\/uploads\/2019\/02\/Buteur-dans-le-Derby-face-aux-Verts-Denayer-a-marque\u0301-des-points-AFP.jpg\" alt=\"\" width=\"830\" height=\"400\" srcset=\"https:\/\/dicodusport.fr\/blog\/wp-content\/uploads\/2019\/02\/Buteur-dans-le-Derby-face-aux-Verts-Denayer-a-marque\u0301-des-points-AFP.jpg 830w, https:\/\/dicodusport.fr\/blog\/wp-content\/uploads\/2019\/02\/Buteur-dans-le-Derby-face-aux-Verts-Denayer-a-marque\u0301-des-points-AFP-300x145.jpg 300w, https:\/\/dicodusport.fr\/blog\/wp-content\/uploads\/2019\/02\/Buteur-dans-le-Derby-face-aux-Verts-Denayer-a-marque\u0301-des-points-AFP-768x370.jpg 768w\" sizes=\"auto, (max-width: 830px) 100vw, 830px\" \/><p id=\"caption-attachment-34351\" class=\"wp-caption-text\">Buteur dans le Derby face aux Verts, Denayer a marque\u0301 des points &#8211; AFP<\/p><\/div>\n<p style=\"text-align: justify;\">Le jeune d\u00e9fenseur belge (23 ans), n\u2019aura pas eu besoin de beaucoup de temps pour s\u2019acclimater \u00e0 sa nouvelle \u00e9quipe et \u00e0 son nouveau championnat (le quatri\u00e8me de sa carri\u00e8re). Et quoi de mieux pour un joueur fra\u00eechement d\u00e9barqu\u00e9 \u00e0 Lyon que\u00a0d\u2019inscrire le but victorieux face \u00e0 Saint-Etienne pour son premier derby sous les couleurs lyonnaises (1-0, le 23 novembre 2018)\u00a0?<\/p>\n<p style=\"text-align: justify;\">Auteur d\u2019une prestation de tr\u00e8s haut niveau pour le huiti\u00e8me de finale aller de la Ligue des Champions face \u00e0 Barcelone, Denayer s\u2019est illustr\u00e9 aux yeux de la plan\u00e8te football au cours de cette soir\u00e9e. Imp\u00e9rial dans ses duels et dans ses anticipations, il aura permis \u00e0 l\u2019OL de conserver toutes ses chances avant le match retour au Camp Nou.<\/p>\n<p><a href=\"https:\/\/twitter.com\/OL\/status\/1097994537190993921\">https:\/\/twitter.com\/OL\/status\/1097994537190993921<\/a><\/p>\n<p style=\"text-align: justify;\">D\u00e9fenseur athl\u00e9tique, le Belge n\u2019abandonne aucune action, \u00e0 l\u2019image de son sauvetage spectaculaire de la t\u00eate sur sa ligne face au Paris Saint-Germain il y a quelques semaines. Sa pointe de vitesse est \u00e9galement un atout essentiel pour la d\u00e9fense rhodanienne, dans un secteur o\u00f9 son co\u00e9quipier axial Marcelo n\u2019excelle pas toujours. Nul doute que les dirigeants lyonnais ne regrettent pas d\u2019\u00eatre pass\u00e9s \u00e0 c\u00f4t\u00e9 du joueur du Benfica Lisbonne, Ruben Dias, tant convoit\u00e9 l\u2019\u00e9t\u00e9 dernier (avec des sommes \u00e9voqu\u00e9es aux alentours de 40 millions d\u2019euros). Finalement, le deuxi\u00e8me choix de l\u2019OL que repr\u00e9sentait Denayer \u00e0 l\u2019\u00e9poque s\u2019av\u00e8re bien plus convaincant et d\u00e9cisif qu\u2019un second choix ordinaire.<\/p>\n<p><strong><em>Bastien Pitte<br \/>\n<a href=\"https:\/\/www.facebook.com\/bastien.pitte\" target=\"_blank\" rel=\"noopener\"><img loading=\"lazy\" decoding=\"async\" class=\"alignnone wp-image-2909\" src=\"http:\/\/dicodusport.fr\/blog\/wp-content\/uploads\/2017\/07\/logo-facebook-150x150.png\" alt=\"\" width=\"39\" height=\"39\" \/><\/a><\/em><\/strong><a href=\"https:\/\/www.linkedin.com\/in\/bastien-pitte\" target=\"_blank\" rel=\"noopener\"><img loading=\"lazy\" decoding=\"async\" class=\"alignnone wp-image-3711\" src=\"http:\/\/dicodusport.fr\/blog\/wp-content\/uploads\/2017\/08\/signature-linkedin-150x150.png\" alt=\"\" width=\"39\" height=\"39\" srcset=\"https:\/\/dicodusport.fr\/blog\/wp-content\/uploads\/2017\/08\/signature-linkedin-150x150.png 150w, https:\/\/dicodusport.fr\/blog\/wp-content\/uploads\/2017\/08\/signature-linkedin.png 295w\" sizes=\"auto, (max-width: 39px) 100vw, 39px\" \/><\/a><\/p>\n","protected":false},"excerpt":{"rendered":"<p>Buteur hier soir en quart de finale de Coupe de France face \u00e0 Caen (3-1), le Lyonnais Jason Denayer s\u2019impose comme le patron de la d\u00e9fense des Gones pour sa premi\u00e8re saison sous les couleurs Lyonnaises. Il est la tr\u00e8s bonne pioche de l\u2019OL.<\/p>\n","protected":false},"author":28,"featured_media":34356,"comment_status":"open","ping_status":"closed","sticky":false,"template":"","format":"standard","meta":{"_acf_changed":false,"_daextam_enable_autolinks":"","footnotes":""},"categories":[2,2301],"tags":[75,6729,2845,3169,1145,1146],"class_list":["post-34348","post","type-post","status-publish","format-standard","has-post-thumbnail","hentry","category-actualites","category-football","tag-football","tag-galatasaray","tag-jean-michel-aulas","tag-manchester-city","tag-ol","tag-olympique-lyonnais"],"acf":[],"yoast_head":"<!-- This site is optimized with the Yoast SEO Premium plugin v26.7 (Yoast SEO v26.7) - https:\/\/yoast.com\/wordpress\/plugins\/seo\/ -->\n<title>Jason Denayer, le nouveau patron de la d\u00e9fense lyonnaise<\/title>\n<meta name=\"description\" content=\"Buteur hier soir en quart de finale de Coupe de France face \u00e0 Caen (3-1), le Lyonnais Jason Denayer s\u2019impose comme le patron de la d\u00e9fense des Gones.\" \/>\n<meta name=\"robots\" content=\"index, follow, max-snippet:-1, max-image-preview:large, max-video-preview:-1\" \/>\n<link rel=\"canonical\" href=\"https:\/\/dicodusport.fr\/blog\/jason-denayer-le-nouveau-patron-de-la-defense-lyonnaise\/\" \/>\n<meta property=\"og:locale\" content=\"fr_FR\" \/>\n<meta property=\"og:type\" content=\"article\" \/>\n<meta property=\"og:title\" content=\"Jason Denayer, le nouveau patron de la d\u00e9fense lyonnaise\" \/>\n<meta property=\"og:description\" content=\"Buteur hier soir en quart de finale de Coupe de France face \u00e0 Caen (3-1), le Lyonnais Jason Denayer s\u2019impose comme le patron de la d\u00e9fense des Gones.\" \/>\n<meta property=\"og:url\" content=\"https:\/\/dicodusport.fr\/blog\/jason-denayer-le-nouveau-patron-de-la-defense-lyonnaise\/\" \/>\n<meta property=\"og:site_name\" content=\"Dicodusport\" \/>\n<meta property=\"article:publisher\" content=\"https:\/\/www.facebook.com\/dicodusport\" \/>\n<meta property=\"article:published_time\" content=\"2019-02-28T10:30:48+00:00\" \/>\n<meta property=\"article:modified_time\" content=\"2019-02-28T10:38:25+00:00\" \/>\n<meta property=\"og:image\" content=\"https:\/\/dicodusport.fr\/blog\/wp-content\/uploads\/2019\/02\/Jason-Denayer-OL.png\" \/>\n\t<meta property=\"og:image:width\" content=\"800\" \/>\n\t<meta property=\"og:image:height\" content=\"445\" \/>\n\t<meta property=\"og:image:type\" content=\"image\/png\" \/>\n<meta name=\"author\" content=\"Bastien Pitte\" \/>\n<meta name=\"twitter:card\" content=\"summary_large_image\" \/>\n<meta name=\"twitter:creator\" content=\"@dicodusport\" \/>\n<meta name=\"twitter:site\" content=\"@dicodusport\" \/>\n<script type=\"application\/ld+json\" class=\"yoast-schema-graph\">{\"@context\":\"https:\/\/schema.org\",\"@graph\":[{\"@type\":\"NewsArticle\",\"@id\":\"https:\/\/dicodusport.fr\/blog\/jason-denayer-le-nouveau-patron-de-la-defense-lyonnaise\/#article\",\"isPartOf\":{\"@id\":\"https:\/\/dicodusport.fr\/blog\/jason-denayer-le-nouveau-patron-de-la-defense-lyonnaise\/\"},\"author\":{\"name\":\"Bastien Pitte\",\"@id\":\"https:\/\/dicodusport.fr\/blog\/#\/schema\/person\/0d3ca824646a2d0c77bdd7e45230c071\"},\"headline\":\"Jason Denayer, le nouveau patron de la d\u00e9fense lyonnaise\",\"datePublished\":\"2019-02-28T10:30:48+00:00\",\"dateModified\":\"2019-02-28T10:38:25+00:00\",\"mainEntityOfPage\":{\"@id\":\"https:\/\/dicodusport.fr\/blog\/jason-denayer-le-nouveau-patron-de-la-defense-lyonnaise\/\"},\"wordCount\":573,\"commentCount\":0,\"publisher\":{\"@id\":\"https:\/\/dicodusport.fr\/blog\/#organization\"},\"image\":{\"@id\":\"https:\/\/dicodusport.fr\/blog\/jason-denayer-le-nouveau-patron-de-la-defense-lyonnaise\/#primaryimage\"},\"thumbnailUrl\":\"https:\/\/dicodusport.fr\/blog\/wp-content\/uploads\/2019\/02\/Jason-Denayer-OL.png\",\"keywords\":[\"Football\",\"Galatasaray\",\"Jean-Michel Aulas\",\"Manchester City\",\"OL\",\"Olympique lyonnais\"],\"articleSection\":[\"Actualit\u00e9s\",\"Football\"],\"inLanguage\":\"fr-FR\",\"potentialAction\":[{\"@type\":\"CommentAction\",\"name\":\"Comment\",\"target\":[\"https:\/\/dicodusport.fr\/blog\/jason-denayer-le-nouveau-patron-de-la-defense-lyonnaise\/#respond\"]}],\"copyrightYear\":\"2019\",\"copyrightHolder\":{\"@id\":\"https:\/\/dicodusport.fr\/blog\/#organization\"}},{\"@type\":\"WebPage\",\"@id\":\"https:\/\/dicodusport.fr\/blog\/jason-denayer-le-nouveau-patron-de-la-defense-lyonnaise\/\",\"url\":\"https:\/\/dicodusport.fr\/blog\/jason-denayer-le-nouveau-patron-de-la-defense-lyonnaise\/\",\"name\":\"Jason Denayer, le nouveau patron de la d\u00e9fense lyonnaise\",\"isPartOf\":{\"@id\":\"https:\/\/dicodusport.fr\/blog\/#website\"},\"primaryImageOfPage\":{\"@id\":\"https:\/\/dicodusport.fr\/blog\/jason-denayer-le-nouveau-patron-de-la-defense-lyonnaise\/#primaryimage\"},\"image\":{\"@id\":\"https:\/\/dicodusport.fr\/blog\/jason-denayer-le-nouveau-patron-de-la-defense-lyonnaise\/#primaryimage\"},\"thumbnailUrl\":\"https:\/\/dicodusport.fr\/blog\/wp-content\/uploads\/2019\/02\/Jason-Denayer-OL.png\",\"datePublished\":\"2019-02-28T10:30:48+00:00\",\"dateModified\":\"2019-02-28T10:38:25+00:00\",\"description\":\"Buteur hier soir en quart de finale de Coupe de France face \u00e0 Caen (3-1), le Lyonnais Jason Denayer s\u2019impose comme le patron de la d\u00e9fense des Gones.\",\"breadcrumb\":{\"@id\":\"https:\/\/dicodusport.fr\/blog\/jason-denayer-le-nouveau-patron-de-la-defense-lyonnaise\/#breadcrumb\"},\"inLanguage\":\"fr-FR\",\"potentialAction\":[{\"@type\":\"ReadAction\",\"target\":[\"https:\/\/dicodusport.fr\/blog\/jason-denayer-le-nouveau-patron-de-la-defense-lyonnaise\/\"]}]},{\"@type\":\"ImageObject\",\"inLanguage\":\"fr-FR\",\"@id\":\"https:\/\/dicodusport.fr\/blog\/jason-denayer-le-nouveau-patron-de-la-defense-lyonnaise\/#primaryimage\",\"url\":\"https:\/\/dicodusport.fr\/blog\/wp-content\/uploads\/2019\/02\/Jason-Denayer-OL.png\",\"contentUrl\":\"https:\/\/dicodusport.fr\/blog\/wp-content\/uploads\/2019\/02\/Jason-Denayer-OL.png\",\"width\":800,\"height\":445},{\"@type\":\"BreadcrumbList\",\"@id\":\"https:\/\/dicodusport.fr\/blog\/jason-denayer-le-nouveau-patron-de-la-defense-lyonnaise\/#breadcrumb\",\"itemListElement\":[{\"@type\":\"ListItem\",\"position\":1,\"name\":\"Accueil\",\"item\":\"https:\/\/dicodusport.fr\/blog\/\"},{\"@type\":\"ListItem\",\"position\":2,\"name\":\"Jason Denayer, le nouveau patron de la d\u00e9fense lyonnaise\"}]},{\"@type\":\"WebSite\",\"@id\":\"https:\/\/dicodusport.fr\/blog\/#website\",\"url\":\"https:\/\/dicodusport.fr\/blog\/\",\"name\":\"Dicodusport\",\"description\":\"L&#039;encyclop\u00e9die de l&#039;actualit\u00e9 sportive\",\"publisher\":{\"@id\":\"https:\/\/dicodusport.fr\/blog\/#organization\"},\"potentialAction\":[{\"@type\":\"SearchAction\",\"target\":{\"@type\":\"EntryPoint\",\"urlTemplate\":\"https:\/\/dicodusport.fr\/blog\/?s={search_term_string}\"},\"query-input\":{\"@type\":\"PropertyValueSpecification\",\"valueRequired\":true,\"valueName\":\"search_term_string\"}}],\"inLanguage\":\"fr-FR\"},{\"@type\":\"NewsMediaOrganization\",\"@id\":\"https:\/\/dicodusport.fr\/blog\/#organization\",\"name\":\"Dicodusport\",\"url\":\"https:\/\/dicodusport.fr\/blog\/\",\"logo\":{\"@type\":\"ImageObject\",\"inLanguage\":\"fr-FR\",\"@id\":\"https:\/\/dicodusport.fr\/blog\/#\/schema\/logo\/image\/\",\"url\":\"https:\/\/dicodusport.fr\/blog\/wp-content\/uploads\/2020\/06\/cropped-LOGO-DICODUSPORT-2020-SANS-FOND-SANS-TEXTE.png\",\"contentUrl\":\"https:\/\/dicodusport.fr\/blog\/wp-content\/uploads\/2020\/06\/cropped-LOGO-DICODUSPORT-2020-SANS-FOND-SANS-TEXTE.png\",\"width\":512,\"height\":512,\"caption\":\"Dicodusport\"},\"image\":{\"@id\":\"https:\/\/dicodusport.fr\/blog\/#\/schema\/logo\/image\/\"},\"sameAs\":[\"https:\/\/www.facebook.com\/dicodusport\",\"https:\/\/x.com\/dicodusport\",\"https:\/\/www.instagram.com\/dicodusport\/\",\"https:\/\/www.youtube.com\/channel\/UC7V2KZ5sd3htJivAbA4ZG3w\"],\"description\":\"Dicodusport est l'encyclop\u00e9die de l'actualit\u00e9 sportive.\",\"email\":\"bonjour@dicodusport.fr\",\"legalName\":\"DICODUSPORT\",\"foundingDate\":\"2018-01-14\",\"vatID\":\"FR71834470973\",\"taxID\":\"83447097300043\",\"numberOfEmployees\":{\"@type\":\"QuantitativeValue\",\"minValue\":\"1\",\"maxValue\":\"10\"}},{\"@type\":\"Person\",\"@id\":\"https:\/\/dicodusport.fr\/blog\/#\/schema\/person\/0d3ca824646a2d0c77bdd7e45230c071\",\"name\":\"Bastien Pitte\",\"image\":{\"@type\":\"ImageObject\",\"inLanguage\":\"fr-FR\",\"@id\":\"https:\/\/dicodusport.fr\/blog\/#\/schema\/person\/image\/\",\"url\":\"https:\/\/dicodusport.fr\/blog\/wp-content\/uploads\/2020\/06\/cropped-LOGO-DICODUSPORT-2020-SANS-FOND-SANS-TEXTE-150x150.png\",\"contentUrl\":\"https:\/\/dicodusport.fr\/blog\/wp-content\/uploads\/2020\/06\/cropped-LOGO-DICODUSPORT-2020-SANS-FOND-SANS-TEXTE-150x150.png\",\"caption\":\"Bastien Pitte\"},\"url\":\"https:\/\/dicodusport.fr\/blog\/author\/bastien\/\"}]}<\/script>\n<!-- \/ Yoast SEO Premium plugin. -->","yoast_head_json":{"title":"Jason Denayer, le nouveau patron de la d\u00e9fense lyonnaise","description":"Buteur hier soir en quart de finale de Coupe de France face \u00e0 Caen (3-1), le Lyonnais Jason Denayer s\u2019impose comme le patron de la d\u00e9fense des Gones.","robots":{"index":"index","follow":"follow","max-snippet":"max-snippet:-1","max-image-preview":"max-image-preview:large","max-video-preview":"max-video-preview:-1"},"canonical":"https:\/\/dicodusport.fr\/blog\/jason-denayer-le-nouveau-patron-de-la-defense-lyonnaise\/","og_locale":"fr_FR","og_type":"article","og_title":"Jason Denayer, le nouveau patron de la d\u00e9fense lyonnaise","og_description":"Buteur hier soir en quart de finale de Coupe de France face \u00e0 Caen (3-1), le Lyonnais Jason Denayer s\u2019impose comme le patron de la d\u00e9fense des Gones.","og_url":"https:\/\/dicodusport.fr\/blog\/jason-denayer-le-nouveau-patron-de-la-defense-lyonnaise\/","og_site_name":"Dicodusport","article_publisher":"https:\/\/www.facebook.com\/dicodusport","article_published_time":"2019-02-28T10:30:48+00:00","article_modified_time":"2019-02-28T10:38:25+00:00","og_image":[{"width":800,"height":445,"url":"https:\/\/dicodusport.fr\/blog\/wp-content\/uploads\/2019\/02\/Jason-Denayer-OL.png","type":"image\/png"}],"author":"Bastien Pitte","twitter_card":"summary_large_image","twitter_creator":"@dicodusport","twitter_site":"@dicodusport","schema":{"@context":"https:\/\/schema.org","@graph":[{"@type":"NewsArticle","@id":"https:\/\/dicodusport.fr\/blog\/jason-denayer-le-nouveau-patron-de-la-defense-lyonnaise\/#article","isPartOf":{"@id":"https:\/\/dicodusport.fr\/blog\/jason-denayer-le-nouveau-patron-de-la-defense-lyonnaise\/"},"author":{"name":"Bastien Pitte","@id":"https:\/\/dicodusport.fr\/blog\/#\/schema\/person\/0d3ca824646a2d0c77bdd7e45230c071"},"headline":"Jason Denayer, le nouveau patron de la d\u00e9fense lyonnaise","datePublished":"2019-02-28T10:30:48+00:00","dateModified":"2019-02-28T10:38:25+00:00","mainEntityOfPage":{"@id":"https:\/\/dicodusport.fr\/blog\/jason-denayer-le-nouveau-patron-de-la-defense-lyonnaise\/"},"wordCount":573,"commentCount":0,"publisher":{"@id":"https:\/\/dicodusport.fr\/blog\/#organization"},"image":{"@id":"https:\/\/dicodusport.fr\/blog\/jason-denayer-le-nouveau-patron-de-la-defense-lyonnaise\/#primaryimage"},"thumbnailUrl":"https:\/\/dicodusport.fr\/blog\/wp-content\/uploads\/2019\/02\/Jason-Denayer-OL.png","keywords":["Football","Galatasaray","Jean-Michel Aulas","Manchester City","OL","Olympique lyonnais"],"articleSection":["Actualit\u00e9s","Football"],"inLanguage":"fr-FR","potentialAction":[{"@type":"CommentAction","name":"Comment","target":["https:\/\/dicodusport.fr\/blog\/jason-denayer-le-nouveau-patron-de-la-defense-lyonnaise\/#respond"]}],"copyrightYear":"2019","copyrightHolder":{"@id":"https:\/\/dicodusport.fr\/blog\/#organization"}},{"@type":"WebPage","@id":"https:\/\/dicodusport.fr\/blog\/jason-denayer-le-nouveau-patron-de-la-defense-lyonnaise\/","url":"https:\/\/dicodusport.fr\/blog\/jason-denayer-le-nouveau-patron-de-la-defense-lyonnaise\/","name":"Jason Denayer, le nouveau patron de la d\u00e9fense lyonnaise","isPartOf":{"@id":"https:\/\/dicodusport.fr\/blog\/#website"},"primaryImageOfPage":{"@id":"https:\/\/dicodusport.fr\/blog\/jason-denayer-le-nouveau-patron-de-la-defense-lyonnaise\/#primaryimage"},"image":{"@id":"https:\/\/dicodusport.fr\/blog\/jason-denayer-le-nouveau-patron-de-la-defense-lyonnaise\/#primaryimage"},"thumbnailUrl":"https:\/\/dicodusport.fr\/blog\/wp-content\/uploads\/2019\/02\/Jason-Denayer-OL.png","datePublished":"2019-02-28T10:30:48+00:00","dateModified":"2019-02-28T10:38:25+00:00","description":"Buteur hier soir en quart de finale de Coupe de France face \u00e0 Caen (3-1), le Lyonnais Jason Denayer s\u2019impose comme le patron de la d\u00e9fense des Gones.","breadcrumb":{"@id":"https:\/\/dicodusport.fr\/blog\/jason-denayer-le-nouveau-patron-de-la-defense-lyonnaise\/#breadcrumb"},"inLanguage":"fr-FR","potentialAction":[{"@type":"ReadAction","target":["https:\/\/dicodusport.fr\/blog\/jason-denayer-le-nouveau-patron-de-la-defense-lyonnaise\/"]}]},{"@type":"ImageObject","inLanguage":"fr-FR","@id":"https:\/\/dicodusport.fr\/blog\/jason-denayer-le-nouveau-patron-de-la-defense-lyonnaise\/#primaryimage","url":"https:\/\/dicodusport.fr\/blog\/wp-content\/uploads\/2019\/02\/Jason-Denayer-OL.png","contentUrl":"https:\/\/dicodusport.fr\/blog\/wp-content\/uploads\/2019\/02\/Jason-Denayer-OL.png","width":800,"height":445},{"@type":"BreadcrumbList","@id":"https:\/\/dicodusport.fr\/blog\/jason-denayer-le-nouveau-patron-de-la-defense-lyonnaise\/#breadcrumb","itemListElement":[{"@type":"ListItem","position":1,"name":"Accueil","item":"https:\/\/dicodusport.fr\/blog\/"},{"@type":"ListItem","position":2,"name":"Jason Denayer, le nouveau patron de la d\u00e9fense lyonnaise"}]},{"@type":"WebSite","@id":"https:\/\/dicodusport.fr\/blog\/#website","url":"https:\/\/dicodusport.fr\/blog\/","name":"Dicodusport","description":"L&#039;encyclop\u00e9die de l&#039;actualit\u00e9 sportive","publisher":{"@id":"https:\/\/dicodusport.fr\/blog\/#organization"},"potentialAction":[{"@type":"SearchAction","target":{"@type":"EntryPoint","urlTemplate":"https:\/\/dicodusport.fr\/blog\/?s={search_term_string}"},"query-input":{"@type":"PropertyValueSpecification","valueRequired":true,"valueName":"search_term_string"}}],"inLanguage":"fr-FR"},{"@type":"NewsMediaOrganization","@id":"https:\/\/dicodusport.fr\/blog\/#organization","name":"Dicodusport","url":"https:\/\/dicodusport.fr\/blog\/","logo":{"@type":"ImageObject","inLanguage":"fr-FR","@id":"https:\/\/dicodusport.fr\/blog\/#\/schema\/logo\/image\/","url":"https:\/\/dicodusport.fr\/blog\/wp-content\/uploads\/2020\/06\/cropped-LOGO-DICODUSPORT-2020-SANS-FOND-SANS-TEXTE.png","contentUrl":"https:\/\/dicodusport.fr\/blog\/wp-content\/uploads\/2020\/06\/cropped-LOGO-DICODUSPORT-2020-SANS-FOND-SANS-TEXTE.png","width":512,"height":512,"caption":"Dicodusport"},"image":{"@id":"https:\/\/dicodusport.fr\/blog\/#\/schema\/logo\/image\/"},"sameAs":["https:\/\/www.facebook.com\/dicodusport","https:\/\/x.com\/dicodusport","https:\/\/www.instagram.com\/dicodusport\/","https:\/\/www.youtube.com\/channel\/UC7V2KZ5sd3htJivAbA4ZG3w"],"description":"Dicodusport est l'encyclop\u00e9die de l'actualit\u00e9 sportive.","email":"bonjour@dicodusport.fr","legalName":"DICODUSPORT","foundingDate":"2018-01-14","vatID":"FR71834470973","taxID":"83447097300043","numberOfEmployees":{"@type":"QuantitativeValue","minValue":"1","maxValue":"10"}},{"@type":"Person","@id":"https:\/\/dicodusport.fr\/blog\/#\/schema\/person\/0d3ca824646a2d0c77bdd7e45230c071","name":"Bastien Pitte","image":{"@type":"ImageObject","inLanguage":"fr-FR","@id":"https:\/\/dicodusport.fr\/blog\/#\/schema\/person\/image\/","url":"https:\/\/dicodusport.fr\/blog\/wp-content\/uploads\/2020\/06\/cropped-LOGO-DICODUSPORT-2020-SANS-FOND-SANS-TEXTE-150x150.png","contentUrl":"https:\/\/dicodusport.fr\/blog\/wp-content\/uploads\/2020\/06\/cropped-LOGO-DICODUSPORT-2020-SANS-FOND-SANS-TEXTE-150x150.png","caption":"Bastien Pitte"},"url":"https:\/\/dicodusport.fr\/blog\/author\/bastien\/"}]}},"_links":{"self":[{"href":"https:\/\/dicodusport.fr\/blog\/wp-json\/wp\/v2\/posts\/34348","targetHints":{"allow":["GET"]}}],"collection":[{"href":"https:\/\/dicodusport.fr\/blog\/wp-json\/wp\/v2\/posts"}],"about":[{"href":"https:\/\/dicodusport.fr\/blog\/wp-json\/wp\/v2\/types\/post"}],"author":[{"embeddable":true,"href":"https:\/\/dicodusport.fr\/blog\/wp-json\/wp\/v2\/users\/28"}],"replies":[{"embeddable":true,"href":"https:\/\/dicodusport.fr\/blog\/wp-json\/wp\/v2\/comments?post=34348"}],"version-history":[{"count":0,"href":"https:\/\/dicodusport.fr\/blog\/wp-json\/wp\/v2\/posts\/34348\/revisions"}],"wp:featuredmedia":[{"embeddable":true,"href":"https:\/\/dicodusport.fr\/blog\/wp-json\/wp\/v2\/media\/34356"}],"wp:attachment":[{"href":"https:\/\/dicodusport.fr\/blog\/wp-json\/wp\/v2\/media?parent=34348"}],"wp:term":[{"taxonomy":"category","embeddable":true,"href":"https:\/\/dicodusport.fr\/blog\/wp-json\/wp\/v2\/categories?post=34348"},{"taxonomy":"post_tag","embeddable":true,"href":"https:\/\/dicodusport.fr\/blog\/wp-json\/wp\/v2\/tags?post=34348"}],"curies":[{"name":"wp","href":"https:\/\/api.w.org\/{rel}","templated":true}]}}