{"id":343517,"date":"2023-01-15T15:08:17","date_gmt":"2023-01-15T14:08:17","guid":{"rendered":"https:\/\/dicodusport.fr\/blog\/?p=343517&#038;preview=true&#038;preview_id=343517"},"modified":"2025-08-24T13:08:11","modified_gmt":"2025-08-24T11:08:11","slug":"ibu-cup-pokljuka-2023-programme-complet-et-resultats","status":"publish","type":"post","link":"https:\/\/dicodusport.fr\/blog\/ibu-cup-pokljuka-2023-programme-complet-et-resultats\/","title":{"rendered":"IBU Cup Pokljuka 2023 &#8211; Les r\u00e9sultats complets"},"content":{"rendered":"<p style=\"text-align: justify;\"><strong><em><a href=\"https:\/\/dicodusport.fr\/blog\/actualites\/biathlon\/ibu-cup-2022-2023\/\">IBU CUP BIATHLON 2022-2023<\/a> &#8211; Retrouvez les r\u00e9sultats complets de la 4\u00e8me \u00e9tape<\/em><\/strong><strong><em> de l&rsquo;IBU Cup de biathlon, qui a lieu sur le site de Pokljuka (Slov\u00e9nie)<\/em><\/strong><strong><em>, et qui se d\u00e9roule du 13 au 15 janvier 2023.<\/em><\/strong><\/p>\n<p style=\"text-align: justify;\">La 4\u00e8me \u00e9tape de l&rsquo;<strong>IBU Cup 2022-2023<\/strong> se d\u00e9roule \u00e0 <strong>Pokljuka<\/strong> (Slov\u00e9nie), du 13 au 15 janvier. \u00c0 15 jours des championnats d&rsquo;Europe de Lenzerheide (Suisse), les biathl\u00e8tes du circuit secondaire vont r\u00e9p\u00e9ter leurs gammes. <a href=\"https:\/\/dicodusport.fr\/blog\/ibu-cup-2022-2023-classement-general-femmes\/\" target=\"_blank\" rel=\"noopener\"><strong>Maren Kirikeeide<\/strong> (Norv\u00e8ge) chez les femmes<\/a> et <a href=\"https:\/\/dicodusport.fr\/blog\/ibu-cup-2022-2023-classement-general-hommes\/\"><strong>Endre Stroemsheim<\/strong> chez les hommes (Norv\u00e8ge)<\/a> dominent les classements g\u00e9n\u00e9raux. C\u00f4t\u00e9 fran\u00e7ais, \u00e0 noter qu&rsquo;\u00e0 l&rsquo;issue de l&rsquo;individuel masculin de ce mercredi 11 janvier, <strong>Oscar Lombardot<\/strong> et <strong>\u00c9milien Claude<\/strong> seront de retour sur l&rsquo;IBU Cup, \u00e0 l&rsquo;occasion des deux sprints du week-end.<\/p>\n<h2>La s\u00e9lection fran\u00e7aise pour l&rsquo;IBU Cup de <strong>Pokljuka (Slov\u00e9nie)<\/strong><\/h2>\n<h3 class=\"has-normal-font-size\" style=\"text-align: justify;\"><strong>Dames :<\/strong><\/h3>\n<ul style=\"text-align: justify;\">\n<li>Gilonne Guigonnat<\/li>\n<li>Camille Bened<\/li>\n<li>Paula Botet<\/li>\n<li>Fany Bertrand<\/li>\n<li>Ana\u00eblle Bondoux<\/li>\n<li>Oc\u00e9ane Michelon<\/li>\n<\/ul>\n<h3 class=\"has-normal-font-size\" style=\"text-align: justify;\"><strong>Hommes :<\/strong><\/h3>\n<ul>\n<li style=\"text-align: justify;\">Damien Levet<\/li>\n<li style=\"text-align: justify;\">Paul Fontaine<\/li>\n<li style=\"text-align: justify;\">Ambroise Meunier<\/li>\n<li style=\"text-align: justify;\">R\u00e9mi Broutier<\/li>\n<li style=\"text-align: justify;\">Lou Thi\u00e9vent<\/li>\n<li style=\"text-align: justify;\">Oscar Lombardot (sur les sprints)<\/li>\n<li style=\"text-align: justify;\">\u00c9milien Claude (sur les sprints)<\/li>\n<\/ul>\n<p style=\"text-align: justify;\"><strong>Les courses sont retransmises en direct sur L&rsquo;\u00c9quipe Live.<\/strong><\/p>\n<h2 style=\"text-align: justify;\">IBU Cup : Le programme complet de Pokljuka &#8211; Janvier 2023<\/h2>\n<table style=\"width: 100%; border-collapse: collapse; font-size: 0.9em;\">\n<tbody>\n<tr>\n<td style=\"background-color: #0081b4; width: 800px; text-align: center; vertical-align: middle;\" colspan=\"6\"><span style=\"color: #ffffff;\"><strong>VENDREDI 13 JANVIER 2023<\/strong><\/span><span style=\"color: #ffffff;\"><strong><br \/>\n<\/strong><\/span><\/td>\n<\/tr>\n<tr>\n<td style=\"text-align: center; vertical-align: middle; width: 20%; background-color: #8db5c4;\"><span style=\"color: #ffffff; font-size: 0.9em;\"><strong>Horaire<\/strong><\/span><\/td>\n<td style=\"text-align: center; vertical-align: middle; width: 20%; background-color: #8db5c4;\" colspan=\"2\"><span style=\"color: #ffffff;\"><span style=\"font-size: 0.9em;\"><b>\u00c9preuve<\/b><\/span><\/span><\/td>\n<td style=\"text-align: center; vertical-align: middle; width: 20%; background-color: #8db5c4;\"><span style=\"color: #ffffff; font-size: 0.9em;\"><strong>Vainqueur<\/strong><\/span><\/td>\n<td style=\"text-align: center; vertical-align: middle; width: 20%; background-color: #8db5c4;\"><span style=\"color: #ffffff; font-size: 0.9em;\"><strong>Deuxi\u00e8me<\/strong><\/span><\/td>\n<td style=\"text-align: center; vertical-align: middle; width: 20%; background-color: #8db5c4;\"><span style=\"color: #ffffff; font-size: 0.9em;\"><strong>Troisi\u00e8me<\/strong><\/span><\/td>\n<\/tr>\n<tr>\n<td style=\"text-align: center; vertical-align: middle; width: 20%;\"><strong>10h00<\/strong><\/td>\n<td style=\"text-align: center; vertical-align: middle; width: 20%;\" colspan=\"2\"><strong>Individuel court (H)<br \/>\n<span style=\"font-size: 10.368px;\"><i><a href=\"https:\/\/dicodusport.fr\/blog\/ibu-cup-pokljuka-sindre-fjellheim-jorde-sadjuge-lindividuel-court-triple-norvegien\/\">R\u00e9sum\u00e9<\/a> &#8211; <a href=\"https:\/\/dicodusport.fr\/blog\/biathlon-ibu-cup-pokljuka-classement-individuel-court-hommes\/\">Classement<\/a><\/i><\/span><span style=\"font-size: 10.368px;\"><i><br \/>\n<\/i><\/span><\/strong><\/td>\n<td style=\"text-align: center; vertical-align: middle; width: 20%; font-size: 0.9em;\"><strong><span style=\"font-size: 0.9em;\">\ud83c\uddf3\ud83c\uddf4 SINDRE FJELLHEIM JORDE<br \/>\n<span style=\"font-size: 11.52px;\"><i>38:17.2 \/ 1-0-0-0<\/i><\/span><\/span><\/strong><\/td>\n<td style=\"text-align: center; vertical-align: middle; width: 20%; font-size: 0.9em;\"><span style=\"font-size: 0.9em;\">\ud83c\uddf3\ud83c\uddf4 MATS OVERBY<br \/>\n<span style=\"font-size: 11.52px;\"><i>+39.5 \/ 0-0-0-0<\/i><\/span><\/span><\/td>\n<td style=\"text-align: center; vertical-align: middle; width: 20%; font-size: 0.9em;\"><span style=\"font-size: 0.9em;\">\ud83c\uddf3\ud83c\uddf4 VEBJOERN SOERUM<br \/>\n<span style=\"font-size: 11.52px;\"><i>+56.1 \/ 0-0-0-1<\/i><\/span><\/span><\/td>\n<\/tr>\n<tr>\n<td style=\"text-align: center; vertical-align: middle; width: 20%;\"><strong>14h00<\/strong><\/td>\n<td style=\"text-align: center; vertical-align: middle;\" colspan=\"2\"><strong>Individuel court (F)<br \/>\n<span style=\"font-size: 10.368px;\"><i><a href=\"https:\/\/dicodusport.fr\/blog\/ibu-cup-pokljuka-paula-botet-troisieme-individuel-court-hannah-auchentaller-s-impose\/\">R\u00e9sum\u00e9<\/a> &#8211; <a href=\"https:\/\/dicodusport.fr\/blog\/biathlon-ibu-cup-pokljuka-classement-individuel-court-femmes\/\">Classement<\/a><\/i><\/span><br \/>\n<\/strong><\/td>\n<td style=\"text-align: center; vertical-align: middle; width: 20%; font-size: 0.9em;\"><strong><span style=\"font-size: 0.9em;\">\ud83c\uddee\ud83c\uddf9 HANNAH AUCHENTALLER<br \/>\n<span style=\"font-size: 11.52px;\"><i>37:24.7 \/ 0-0-0-0<\/i><\/span><\/span><\/strong><\/td>\n<td style=\"text-align: center; vertical-align: middle; width: 20%; font-size: 0.9em;\"><span style=\"font-size: 0.9em;\">\ud83c\udde9\ud83c\uddea HANNA KEBINGER<br \/>\n<span style=\"font-size: 11.52px;\"><i>+27.0 \/ 1-0-0-1<\/i><\/span><\/span><\/td>\n<td style=\"text-align: center; vertical-align: middle; width: 20%; font-size: 0.9em;\"><span style=\"font-size: 0.9em;\">\ud83c\uddeb\ud83c\uddf7 PAULA BOTET<br \/>\n<span style=\"font-size: 11.52px;\"><i>+30.5 \/ 0-0-0-1<\/i><\/span><\/span><\/td>\n<\/tr>\n<tr>\n<td style=\"background-color: #0081b4; width: 800px; text-align: center; vertical-align: middle;\" colspan=\"6\"><span style=\"color: #ffffff;\"><strong>SAMEDI 14 JANVIER 2023<\/strong><\/span><\/td>\n<\/tr>\n<tr>\n<td style=\"text-align: center; vertical-align: middle; width: 20%; background-color: #8db5c4;\"><span style=\"color: #ffffff; font-size: 0.9em;\"><strong>Horaire<\/strong><\/span><\/td>\n<td style=\"text-align: center; vertical-align: middle; width: 20%; background-color: #8db5c4;\" colspan=\"2\"><span style=\"color: #ffffff;\"><span style=\"font-size: 0.9em;\"><b>\u00c9preuve<\/b><\/span><\/span><\/td>\n<td style=\"text-align: center; vertical-align: middle; width: 20%; background-color: #8db5c4;\"><span style=\"color: #ffffff; font-size: 0.9em;\"><strong>Vainqueur<\/strong><\/span><\/td>\n<td style=\"text-align: center; vertical-align: middle; width: 20%; background-color: #8db5c4;\"><span style=\"color: #ffffff; font-size: 0.9em;\"><strong>Deuxi\u00e8me<\/strong><\/span><\/td>\n<td style=\"text-align: center; vertical-align: middle; width: 20%; background-color: #8db5c4;\"><span style=\"color: #ffffff; font-size: 0.9em;\"><strong>Troisi\u00e8me<\/strong><\/span><\/td>\n<\/tr>\n<tr>\n<td style=\"text-align: center; vertical-align: middle; width: 20%;\"><strong>10h30<\/strong><\/td>\n<td style=\"text-align: center; vertical-align: middle; width: 20%;\" colspan=\"2\"><strong>Sprint (H)<br \/>\n<span style=\"font-size: 10.368px;\"><i><a href=\"https:\/\/dicodusport.fr\/blog\/biathlon-ibu-cup-pokljuka-sindre-fjellheim-jorde-remporte-le-sprint-les-francais-en-retrait\/\">R\u00e9sum\u00e9<\/a> &#8211; <a href=\"https:\/\/dicodusport.fr\/blog\/biathlon-ibu-cup-pokljuka-classement-sprint-hommes\/\">Classement<\/a><\/i><\/span><br \/>\n<\/strong><\/td>\n<td style=\"text-align: center; vertical-align: middle; width: 20%; font-size: 0.9em;\"><strong><span style=\"font-size: 0.9em;\">\ud83c\uddf3\ud83c\uddf4 SINDRE FJELLHEIM JORDE<br \/>\n<span style=\"font-size: 11.52px;\"><i>24:45.2 \/ 0-0<\/i><\/span><\/span><\/strong><\/td>\n<td style=\"text-align: center; vertical-align: middle; width: 20%; font-size: 0.9em;\"><span style=\"font-size: 0.9em;\">\ud83c\udde9\ud83c\uddea LUCAS FRATZSCHER<br \/>\n<span style=\"font-size: 11.52px;\"><i>+9.0 \/ 0-0<\/i><\/span><\/span><\/td>\n<td style=\"text-align: center; vertical-align: middle; width: 20%; font-size: 0.9em;\"><span style=\"font-size: 0.9em;\">\ud83c\uddf3\ud83c\uddf4 VEBJOERN SOERUM<br \/>\n<span style=\"font-size: 11.52px;\"><i>+33.4 \/ 0-1<\/i><\/span><\/span><\/td>\n<\/tr>\n<tr>\n<td style=\"text-align: center; vertical-align: middle; width: 20%;\"><strong>14h00<\/strong><\/td>\n<td style=\"text-align: center; vertical-align: middle;\" colspan=\"2\"><strong>Sprint (F)<br \/>\n<span style=\"font-size: 10.368px;\"><i><a href=\"https:\/\/dicodusport.fr\/blog\/biathlon-ibu-cup-pokljuka-hanna-kebinger-remporte-premier-sprint\/\">R\u00e9sum\u00e9<\/a> &#8211; <a href=\"https:\/\/dicodusport.fr\/blog\/biathlon-ibu-cup-pokljuka-classement-sprint-femmes\/\">Classement<\/a><\/i><\/span><br \/>\n<\/strong><\/td>\n<td style=\"text-align: center; vertical-align: middle; width: 20%; font-size: 0.9em;\"><strong><span style=\"font-size: 0.9em;\">\ud83c\udde9\ud83c\uddea HANNA KEBINGER<br \/>\n<span style=\"font-size: 11.52px;\"><i>21:23.4 \/ 1-0<\/i><\/span><\/span><\/strong><\/td>\n<td style=\"text-align: center; vertical-align: middle; width: 20%; font-size: 0.9em;\"><span style=\"font-size: 0.9em;\">\ud83c\uddf3\ud83c\uddf4 KAROLINE ERDAL<br \/>\n<span style=\"font-size: 11.52px;\"><i>+17.7 \/ 0-1<\/i><\/span><\/span><\/td>\n<td style=\"text-align: center; vertical-align: middle; width: 20%; font-size: 0.9em;\"><span style=\"font-size: 0.9em;\">\ud83c\uddee\ud83c\uddf9 MICHELA CARRARA<br \/>\n<span style=\"font-size: 11.52px;\"><i>+18.4 \/ 0-1<\/i><\/span><\/span><\/td>\n<\/tr>\n<tr>\n<td style=\"background-color: #0081b4; width: 800px; text-align: center; vertical-align: middle;\" colspan=\"6\"><span style=\"color: #ffffff;\"><strong>DIMANCHE 15 JANVIER 2023<\/strong><\/span><span style=\"color: #ffffff;\"><strong><br \/>\n<\/strong><\/span><\/td>\n<\/tr>\n<tr>\n<td style=\"text-align: center; vertical-align: middle; width: 20%; background-color: #8db5c4;\"><span style=\"color: #ffffff; font-size: 0.9em;\"><strong>Horaire<\/strong><\/span><\/td>\n<td style=\"text-align: center; vertical-align: middle; width: 20%; background-color: #8db5c4;\" colspan=\"2\"><span style=\"color: #ffffff;\"><span style=\"font-size: 0.9em;\"><b>\u00c9preuve<\/b><\/span><\/span><\/td>\n<td style=\"text-align: center; vertical-align: middle; width: 20%; background-color: #8db5c4;\"><span style=\"color: #ffffff; font-size: 0.9em;\"><strong>Vainqueur<\/strong><\/span><\/td>\n<td style=\"text-align: center; vertical-align: middle; width: 20%; background-color: #8db5c4;\"><span style=\"color: #ffffff; font-size: 0.9em;\"><strong>Deuxi\u00e8me<\/strong><\/span><\/td>\n<td style=\"text-align: center; vertical-align: middle; width: 20%; background-color: #8db5c4;\"><span style=\"color: #ffffff; font-size: 0.9em;\"><strong>Troisi\u00e8me<\/strong><\/span><\/td>\n<\/tr>\n<tr>\n<td style=\"text-align: center; vertical-align: middle; width: 20%;\"><strong>10h30<\/strong><\/td>\n<td style=\"text-align: center; vertical-align: middle; width: 20%;\" colspan=\"2\"><strong>Sprint (H)<br \/>\n<span style=\"font-size: 10.368px;\"><i><a href=\"https:\/\/dicodusport.fr\/blog\/biathlon-ibu-cup-pokljuka-vebjoern-soerum-soffre-le-deuxieme-sprint-les-francais-en-deroute\/\">R\u00e9sum\u00e9<\/a> &#8211; <a href=\"https:\/\/dicodusport.fr\/blog\/biathlon-ibu-cup-pokljuka-classement-deuxieme-sprint-hommes\/\">Classement<\/a><\/i><\/span><br \/>\n<\/strong><\/td>\n<td style=\"text-align: center; vertical-align: middle; width: 20%; font-size: 0.9em;\"><strong><span style=\"font-size: 0.9em;\">\ud83c\uddf3\ud83c\uddf4 VEBJOERN SOERUM<br \/>\n<span style=\"font-size: 11.52px;\"><i>25:03.2 \/ 1-0<\/i><\/span><\/span><\/strong><\/td>\n<td style=\"text-align: center; vertical-align: middle; width: 20%; font-size: 0.9em;\"><span style=\"font-size: 0.9em;\">\ud83c\uddf3\ud83c\uddf4 ALEKSANDER FJELD ANDERSEN<br \/>\n<span style=\"font-size: 11.52px;\"><i>+7.7 \/ 0-0<\/i><\/span><\/span><\/td>\n<td style=\"text-align: center; vertical-align: middle; width: 20%; font-size: 0.9em;\"><span style=\"font-size: 0.9em;\">\ud83c\udde9\ud83c\uddea LUCAS FRATZSCHER<br \/>\n<span style=\"font-size: 11.52px;\"><i>+9.2 \/ 0-1<\/i><\/span><\/span><\/td>\n<\/tr>\n<tr>\n<td style=\"text-align: center; vertical-align: middle; width: 20%;\"><strong>14h00<\/strong><\/td>\n<td style=\"text-align: center; vertical-align: middle;\" colspan=\"2\"><strong>Sprint (F)<br \/>\n<span style=\"font-size: 10.368px;\"><i><a href=\"https:\/\/dicodusport.fr\/blog\/biathlon-ibu-cup-pokljuka-paula-botet-remporte-le-deuxieme-sprint\/\">R\u00e9sum\u00e9<\/a> &#8211; <a href=\"https:\/\/dicodusport.fr\/blog\/biathlon-ibu-cup-pokljuka-classement-deuxieme-sprint-femmes\/\">Classement<\/a><\/i><\/span><br \/>\n<\/strong><\/td>\n<td style=\"text-align: center; vertical-align: middle; width: 20%; font-size: 0.9em;\"><strong><span style=\"font-size: 0.9em;\">\ud83c\uddeb\ud83c\uddf7 PAULA BOTET<br \/>\n<span style=\"font-size: 11.52px;\"><i>21:22.2 \/ 0-0<\/i><\/span><\/span><\/strong><\/td>\n<td style=\"text-align: center; vertical-align: middle; width: 20%; font-size: 0.9em;\"><span style=\"font-size: 0.9em;\">\ud83c\udde9\ud83c\uddea HANNA KEBINGER<br \/>\n<span style=\"font-size: 11.52px;\"><i>+42.1 \/ 2-0<\/i><\/span><\/span><\/td>\n<td style=\"text-align: center; vertical-align: middle; width: 20%; font-size: 0.9em;\"><span style=\"font-size: 0.9em;\">\ud83c\udde9\ud83c\uddea LISA MARIA SPARK<br \/>\n<span style=\"font-size: 11.52px;\"><i>+46.8 \/ 0-0<\/i><\/span><\/span><\/td>\n<\/tr>\n<\/tbody>\n<\/table>\n<h2 style=\"text-align: justify;\">\u00c0 lire aussi<\/h2>\n<ul>\n<li style=\"text-align: justify;\"><a href=\"https:\/\/dicodusport.fr\/blog\/biathlon-ibu-cup-2022-2023-le-calendrier-complet\/\"><strong>Le calendrier complet de l&rsquo;IBU Cup 2022-2023<\/strong><\/a><\/li>\n<\/ul>\n","protected":false},"excerpt":{"rendered":"<p>IBU CUP BIATHLON 2022-2023 &#8211; Retrouvez les r\u00e9sultats complets de la 4\u00e8me \u00e9tape de l&rsquo;IBU Cup de biathlon, qui a lieu sur le site de Pokljuka (Slov\u00e9nie), et qui se d\u00e9roule du 13 au 15 janvier 2023.<\/p>\n","protected":false},"author":4,"featured_media":288955,"comment_status":"open","ping_status":"closed","sticky":false,"template":"","format":"standard","meta":{"_acf_changed":false,"_daextam_enable_autolinks":"","footnotes":""},"categories":[2426],"tags":[],"class_list":["post-343517","post","type-post","status-publish","format-standard","has-post-thumbnail","hentry","category-biathlon"],"acf":[],"yoast_head":"<!-- This site is optimized with the Yoast SEO Premium plugin v26.7 (Yoast SEO v26.7) - https:\/\/yoast.com\/wordpress\/plugins\/seo\/ -->\n<title>IBU Cup Pokljuka 2023 - Les r\u00e9sultats complets<\/title>\n<meta name=\"description\" content=\"IBU CUP BIATHLON 2022-2023 - Retrouvez les r\u00e9sultats complets de la 4\u00e8me \u00e9tape de l&#039;IBU Cup de biathlon, qui a lieu sur le site de Pokljuka.\" \/>\n<meta name=\"robots\" content=\"index, follow, max-snippet:-1, max-image-preview:large, max-video-preview:-1\" \/>\n<link rel=\"canonical\" href=\"https:\/\/dicodusport.fr\/blog\/ibu-cup-pokljuka-2023-programme-complet-et-resultats\/\" \/>\n<meta property=\"og:locale\" content=\"fr_FR\" \/>\n<meta property=\"og:type\" content=\"article\" \/>\n<meta property=\"og:title\" content=\"IBU Cup Pokljuka 2023 - Les r\u00e9sultats complets\" \/>\n<meta property=\"og:description\" content=\"IBU CUP BIATHLON 2022-2023 - Retrouvez les r\u00e9sultats complets de la 4\u00e8me \u00e9tape de l&#039;IBU Cup de biathlon, qui a lieu sur le site de Pokljuka.\" \/>\n<meta property=\"og:url\" content=\"https:\/\/dicodusport.fr\/blog\/ibu-cup-pokljuka-2023-programme-complet-et-resultats\/\" \/>\n<meta property=\"og:site_name\" content=\"Dicodusport\" \/>\n<meta property=\"article:publisher\" content=\"https:\/\/www.facebook.com\/dicodusport\" \/>\n<meta property=\"article:author\" content=\"https:\/\/www.facebook.com\/florent.ostermann\" \/>\n<meta property=\"article:published_time\" content=\"2023-01-15T14:08:17+00:00\" \/>\n<meta property=\"article:modified_time\" content=\"2025-08-24T11:08:11+00:00\" \/>\n<meta property=\"og:image\" content=\"https:\/\/dicodusport.fr\/blog\/wp-content\/uploads\/2022\/12\/IBU-Cup-Ridnaun-Gilonne-Guigonnat-remporte-la-mass-start-60-.png\" \/>\n\t<meta property=\"og:image:width\" content=\"800\" \/>\n\t<meta property=\"og:image:height\" content=\"445\" \/>\n\t<meta property=\"og:image:type\" content=\"image\/png\" \/>\n<meta name=\"author\" content=\"Flo Ostermann\" \/>\n<meta name=\"twitter:card\" content=\"summary_large_image\" \/>\n<meta name=\"twitter:title\" content=\"IBU Cup Pokljuka 2023 - Les r\u00e9sultats complets\" \/>\n<meta name=\"twitter:creator\" content=\"@https:\/\/twitter.com\/FlOstermann\" \/>\n<meta name=\"twitter:site\" content=\"@dicodusport\" \/>\n<script type=\"application\/ld+json\" class=\"yoast-schema-graph\">{\"@context\":\"https:\/\/schema.org\",\"@graph\":[{\"@type\":\"NewsArticle\",\"@id\":\"https:\/\/dicodusport.fr\/blog\/ibu-cup-pokljuka-2023-programme-complet-et-resultats\/#article\",\"isPartOf\":{\"@id\":\"https:\/\/dicodusport.fr\/blog\/ibu-cup-pokljuka-2023-programme-complet-et-resultats\/\"},\"author\":{\"name\":\"Flo Ostermann\",\"@id\":\"https:\/\/dicodusport.fr\/blog\/#\/schema\/person\/cb02af4c173ce4a653b55e9baf388d4a\"},\"headline\":\"IBU Cup Pokljuka 2023 &#8211; Les r\u00e9sultats complets\",\"datePublished\":\"2023-01-15T14:08:17+00:00\",\"dateModified\":\"2025-08-24T11:08:11+00:00\",\"mainEntityOfPage\":{\"@id\":\"https:\/\/dicodusport.fr\/blog\/ibu-cup-pokljuka-2023-programme-complet-et-resultats\/\"},\"wordCount\":360,\"commentCount\":0,\"publisher\":{\"@id\":\"https:\/\/dicodusport.fr\/blog\/#organization\"},\"image\":{\"@id\":\"https:\/\/dicodusport.fr\/blog\/ibu-cup-pokljuka-2023-programme-complet-et-resultats\/#primaryimage\"},\"thumbnailUrl\":\"https:\/\/dicodusport.fr\/blog\/wp-content\/uploads\/2022\/12\/IBU-Cup-Ridnaun-Gilonne-Guigonnat-remporte-la-mass-start-60-.png\",\"articleSection\":[\"Biathlon\"],\"inLanguage\":\"fr-FR\",\"potentialAction\":[{\"@type\":\"CommentAction\",\"name\":\"Comment\",\"target\":[\"https:\/\/dicodusport.fr\/blog\/ibu-cup-pokljuka-2023-programme-complet-et-resultats\/#respond\"]}],\"copyrightYear\":\"2023\",\"copyrightHolder\":{\"@id\":\"https:\/\/dicodusport.fr\/blog\/#organization\"}},{\"@type\":\"WebPage\",\"@id\":\"https:\/\/dicodusport.fr\/blog\/ibu-cup-pokljuka-2023-programme-complet-et-resultats\/\",\"url\":\"https:\/\/dicodusport.fr\/blog\/ibu-cup-pokljuka-2023-programme-complet-et-resultats\/\",\"name\":\"IBU Cup Pokljuka 2023 - Les r\u00e9sultats complets\",\"isPartOf\":{\"@id\":\"https:\/\/dicodusport.fr\/blog\/#website\"},\"primaryImageOfPage\":{\"@id\":\"https:\/\/dicodusport.fr\/blog\/ibu-cup-pokljuka-2023-programme-complet-et-resultats\/#primaryimage\"},\"image\":{\"@id\":\"https:\/\/dicodusport.fr\/blog\/ibu-cup-pokljuka-2023-programme-complet-et-resultats\/#primaryimage\"},\"thumbnailUrl\":\"https:\/\/dicodusport.fr\/blog\/wp-content\/uploads\/2022\/12\/IBU-Cup-Ridnaun-Gilonne-Guigonnat-remporte-la-mass-start-60-.png\",\"datePublished\":\"2023-01-15T14:08:17+00:00\",\"dateModified\":\"2025-08-24T11:08:11+00:00\",\"description\":\"IBU CUP BIATHLON 2022-2023 - Retrouvez les r\u00e9sultats complets de la 4\u00e8me \u00e9tape de l'IBU Cup de biathlon, qui a lieu sur le site de Pokljuka.\",\"breadcrumb\":{\"@id\":\"https:\/\/dicodusport.fr\/blog\/ibu-cup-pokljuka-2023-programme-complet-et-resultats\/#breadcrumb\"},\"inLanguage\":\"fr-FR\",\"potentialAction\":[{\"@type\":\"ReadAction\",\"target\":[\"https:\/\/dicodusport.fr\/blog\/ibu-cup-pokljuka-2023-programme-complet-et-resultats\/\"]}]},{\"@type\":\"ImageObject\",\"inLanguage\":\"fr-FR\",\"@id\":\"https:\/\/dicodusport.fr\/blog\/ibu-cup-pokljuka-2023-programme-complet-et-resultats\/#primaryimage\",\"url\":\"https:\/\/dicodusport.fr\/blog\/wp-content\/uploads\/2022\/12\/IBU-Cup-Ridnaun-Gilonne-Guigonnat-remporte-la-mass-start-60-.png\",\"contentUrl\":\"https:\/\/dicodusport.fr\/blog\/wp-content\/uploads\/2022\/12\/IBU-Cup-Ridnaun-Gilonne-Guigonnat-remporte-la-mass-start-60-.png\",\"width\":800,\"height\":445,\"caption\":\"IBU Cup Ridnaun Gilonne Guigonnat remporte la mass start 60 !\"},{\"@type\":\"BreadcrumbList\",\"@id\":\"https:\/\/dicodusport.fr\/blog\/ibu-cup-pokljuka-2023-programme-complet-et-resultats\/#breadcrumb\",\"itemListElement\":[{\"@type\":\"ListItem\",\"position\":1,\"name\":\"Accueil\",\"item\":\"https:\/\/dicodusport.fr\/blog\/\"},{\"@type\":\"ListItem\",\"position\":2,\"name\":\"IBU Cup Pokljuka 2023 &#8211; Les r\u00e9sultats complets\"}]},{\"@type\":\"WebSite\",\"@id\":\"https:\/\/dicodusport.fr\/blog\/#website\",\"url\":\"https:\/\/dicodusport.fr\/blog\/\",\"name\":\"Dicodusport\",\"description\":\"L&#039;encyclop\u00e9die de l&#039;actualit\u00e9 sportive\",\"publisher\":{\"@id\":\"https:\/\/dicodusport.fr\/blog\/#organization\"},\"potentialAction\":[{\"@type\":\"SearchAction\",\"target\":{\"@type\":\"EntryPoint\",\"urlTemplate\":\"https:\/\/dicodusport.fr\/blog\/?s={search_term_string}\"},\"query-input\":{\"@type\":\"PropertyValueSpecification\",\"valueRequired\":true,\"valueName\":\"search_term_string\"}}],\"inLanguage\":\"fr-FR\"},{\"@type\":\"NewsMediaOrganization\",\"@id\":\"https:\/\/dicodusport.fr\/blog\/#organization\",\"name\":\"Dicodusport\",\"url\":\"https:\/\/dicodusport.fr\/blog\/\",\"logo\":{\"@type\":\"ImageObject\",\"inLanguage\":\"fr-FR\",\"@id\":\"https:\/\/dicodusport.fr\/blog\/#\/schema\/logo\/image\/\",\"url\":\"https:\/\/dicodusport.fr\/blog\/wp-content\/uploads\/2020\/06\/cropped-LOGO-DICODUSPORT-2020-SANS-FOND-SANS-TEXTE.png\",\"contentUrl\":\"https:\/\/dicodusport.fr\/blog\/wp-content\/uploads\/2020\/06\/cropped-LOGO-DICODUSPORT-2020-SANS-FOND-SANS-TEXTE.png\",\"width\":512,\"height\":512,\"caption\":\"Dicodusport\"},\"image\":{\"@id\":\"https:\/\/dicodusport.fr\/blog\/#\/schema\/logo\/image\/\"},\"sameAs\":[\"https:\/\/www.facebook.com\/dicodusport\",\"https:\/\/x.com\/dicodusport\",\"https:\/\/www.instagram.com\/dicodusport\/\",\"https:\/\/www.youtube.com\/channel\/UC7V2KZ5sd3htJivAbA4ZG3w\"],\"description\":\"Dicodusport est l'encyclop\u00e9die de l'actualit\u00e9 sportive.\",\"email\":\"bonjour@dicodusport.fr\",\"legalName\":\"DICODUSPORT\",\"foundingDate\":\"2018-01-14\",\"vatID\":\"FR71834470973\",\"taxID\":\"83447097300043\",\"numberOfEmployees\":{\"@type\":\"QuantitativeValue\",\"minValue\":\"1\",\"maxValue\":\"10\"}},{\"@type\":\"Person\",\"@id\":\"https:\/\/dicodusport.fr\/blog\/#\/schema\/person\/cb02af4c173ce4a653b55e9baf388d4a\",\"name\":\"Flo Ostermann\",\"image\":{\"@type\":\"ImageObject\",\"inLanguage\":\"fr-FR\",\"@id\":\"https:\/\/dicodusport.fr\/blog\/#\/schema\/person\/image\/\",\"url\":\"https:\/\/dicodusport.fr\/blog\/wp-content\/uploads\/2021\/05\/Flo-Ostermann-150x150.jpg\",\"contentUrl\":\"https:\/\/dicodusport.fr\/blog\/wp-content\/uploads\/2021\/05\/Flo-Ostermann-150x150.jpg\",\"caption\":\"Flo Ostermann\"},\"description\":\"Journaliste\/R\u00e9dacteur depuis septembre 2015 - Mes premiers souvenirs dans le sport ? Les envol\u00e9es du Stade Toulousain et les duels Villeneuve-Schumacher et H\u00e4kkinen-Schumacher \u00e0 la fin des ann\u00e9es 90, la Coupe du monde de football en 1998, l\u2019exploit du XV de France face aux All Blacks en 1999, mais aussi Richard C\u0153ur de Lion qui vole sur les montagnes du Tour de France. Bien parti pour devenir professeur d\u2019EPS, les \u00e9v\u00e9nements de la vie (et la flemme d\u2019animer des s\u00e9ances de 3x500 m\u00e8tres toute ma vie) m\u2019ont conduit \u00e0 revoir mes plans. Me voil\u00e0 depuis fin 2017 sur Dicodusport, m\u00e9dia gr\u00e2ce (et pour) lequel je partage ma passion : le sport dans tous ses \u00e9tats. Le tout accompagn\u00e9 par les fous furieux et folles furieuses cit\u00e9s sur cette page !\",\"sameAs\":[\"https:\/\/www.facebook.com\/florent.ostermann\",\"https:\/\/x.com\/https:\/\/twitter.com\/FlOstermann\",\"admin\"],\"url\":\"https:\/\/dicodusport.fr\/blog\/author\/flo\/\"}]}<\/script>\n<!-- \/ Yoast SEO Premium plugin. -->","yoast_head_json":{"title":"IBU Cup Pokljuka 2023 - Les r\u00e9sultats complets","description":"IBU CUP BIATHLON 2022-2023 - Retrouvez les r\u00e9sultats complets de la 4\u00e8me \u00e9tape de l'IBU Cup de biathlon, qui a lieu sur le site de Pokljuka.","robots":{"index":"index","follow":"follow","max-snippet":"max-snippet:-1","max-image-preview":"max-image-preview:large","max-video-preview":"max-video-preview:-1"},"canonical":"https:\/\/dicodusport.fr\/blog\/ibu-cup-pokljuka-2023-programme-complet-et-resultats\/","og_locale":"fr_FR","og_type":"article","og_title":"IBU Cup Pokljuka 2023 - Les r\u00e9sultats complets","og_description":"IBU CUP BIATHLON 2022-2023 - Retrouvez les r\u00e9sultats complets de la 4\u00e8me \u00e9tape de l'IBU Cup de biathlon, qui a lieu sur le site de Pokljuka.","og_url":"https:\/\/dicodusport.fr\/blog\/ibu-cup-pokljuka-2023-programme-complet-et-resultats\/","og_site_name":"Dicodusport","article_publisher":"https:\/\/www.facebook.com\/dicodusport","article_author":"https:\/\/www.facebook.com\/florent.ostermann","article_published_time":"2023-01-15T14:08:17+00:00","article_modified_time":"2025-08-24T11:08:11+00:00","og_image":[{"width":800,"height":445,"url":"https:\/\/dicodusport.fr\/blog\/wp-content\/uploads\/2022\/12\/IBU-Cup-Ridnaun-Gilonne-Guigonnat-remporte-la-mass-start-60-.png","type":"image\/png"}],"author":"Flo Ostermann","twitter_card":"summary_large_image","twitter_title":"IBU Cup Pokljuka 2023 - Les r\u00e9sultats complets","twitter_creator":"@https:\/\/twitter.com\/FlOstermann","twitter_site":"@dicodusport","schema":{"@context":"https:\/\/schema.org","@graph":[{"@type":"NewsArticle","@id":"https:\/\/dicodusport.fr\/blog\/ibu-cup-pokljuka-2023-programme-complet-et-resultats\/#article","isPartOf":{"@id":"https:\/\/dicodusport.fr\/blog\/ibu-cup-pokljuka-2023-programme-complet-et-resultats\/"},"author":{"name":"Flo Ostermann","@id":"https:\/\/dicodusport.fr\/blog\/#\/schema\/person\/cb02af4c173ce4a653b55e9baf388d4a"},"headline":"IBU Cup Pokljuka 2023 &#8211; Les r\u00e9sultats complets","datePublished":"2023-01-15T14:08:17+00:00","dateModified":"2025-08-24T11:08:11+00:00","mainEntityOfPage":{"@id":"https:\/\/dicodusport.fr\/blog\/ibu-cup-pokljuka-2023-programme-complet-et-resultats\/"},"wordCount":360,"commentCount":0,"publisher":{"@id":"https:\/\/dicodusport.fr\/blog\/#organization"},"image":{"@id":"https:\/\/dicodusport.fr\/blog\/ibu-cup-pokljuka-2023-programme-complet-et-resultats\/#primaryimage"},"thumbnailUrl":"https:\/\/dicodusport.fr\/blog\/wp-content\/uploads\/2022\/12\/IBU-Cup-Ridnaun-Gilonne-Guigonnat-remporte-la-mass-start-60-.png","articleSection":["Biathlon"],"inLanguage":"fr-FR","potentialAction":[{"@type":"CommentAction","name":"Comment","target":["https:\/\/dicodusport.fr\/blog\/ibu-cup-pokljuka-2023-programme-complet-et-resultats\/#respond"]}],"copyrightYear":"2023","copyrightHolder":{"@id":"https:\/\/dicodusport.fr\/blog\/#organization"}},{"@type":"WebPage","@id":"https:\/\/dicodusport.fr\/blog\/ibu-cup-pokljuka-2023-programme-complet-et-resultats\/","url":"https:\/\/dicodusport.fr\/blog\/ibu-cup-pokljuka-2023-programme-complet-et-resultats\/","name":"IBU Cup Pokljuka 2023 - Les r\u00e9sultats complets","isPartOf":{"@id":"https:\/\/dicodusport.fr\/blog\/#website"},"primaryImageOfPage":{"@id":"https:\/\/dicodusport.fr\/blog\/ibu-cup-pokljuka-2023-programme-complet-et-resultats\/#primaryimage"},"image":{"@id":"https:\/\/dicodusport.fr\/blog\/ibu-cup-pokljuka-2023-programme-complet-et-resultats\/#primaryimage"},"thumbnailUrl":"https:\/\/dicodusport.fr\/blog\/wp-content\/uploads\/2022\/12\/IBU-Cup-Ridnaun-Gilonne-Guigonnat-remporte-la-mass-start-60-.png","datePublished":"2023-01-15T14:08:17+00:00","dateModified":"2025-08-24T11:08:11+00:00","description":"IBU CUP BIATHLON 2022-2023 - Retrouvez les r\u00e9sultats complets de la 4\u00e8me \u00e9tape de l'IBU Cup de biathlon, qui a lieu sur le site de Pokljuka.","breadcrumb":{"@id":"https:\/\/dicodusport.fr\/blog\/ibu-cup-pokljuka-2023-programme-complet-et-resultats\/#breadcrumb"},"inLanguage":"fr-FR","potentialAction":[{"@type":"ReadAction","target":["https:\/\/dicodusport.fr\/blog\/ibu-cup-pokljuka-2023-programme-complet-et-resultats\/"]}]},{"@type":"ImageObject","inLanguage":"fr-FR","@id":"https:\/\/dicodusport.fr\/blog\/ibu-cup-pokljuka-2023-programme-complet-et-resultats\/#primaryimage","url":"https:\/\/dicodusport.fr\/blog\/wp-content\/uploads\/2022\/12\/IBU-Cup-Ridnaun-Gilonne-Guigonnat-remporte-la-mass-start-60-.png","contentUrl":"https:\/\/dicodusport.fr\/blog\/wp-content\/uploads\/2022\/12\/IBU-Cup-Ridnaun-Gilonne-Guigonnat-remporte-la-mass-start-60-.png","width":800,"height":445,"caption":"IBU Cup Ridnaun Gilonne Guigonnat remporte la mass start 60 !"},{"@type":"BreadcrumbList","@id":"https:\/\/dicodusport.fr\/blog\/ibu-cup-pokljuka-2023-programme-complet-et-resultats\/#breadcrumb","itemListElement":[{"@type":"ListItem","position":1,"name":"Accueil","item":"https:\/\/dicodusport.fr\/blog\/"},{"@type":"ListItem","position":2,"name":"IBU Cup Pokljuka 2023 &#8211; Les r\u00e9sultats complets"}]},{"@type":"WebSite","@id":"https:\/\/dicodusport.fr\/blog\/#website","url":"https:\/\/dicodusport.fr\/blog\/","name":"Dicodusport","description":"L&#039;encyclop\u00e9die de l&#039;actualit\u00e9 sportive","publisher":{"@id":"https:\/\/dicodusport.fr\/blog\/#organization"},"potentialAction":[{"@type":"SearchAction","target":{"@type":"EntryPoint","urlTemplate":"https:\/\/dicodusport.fr\/blog\/?s={search_term_string}"},"query-input":{"@type":"PropertyValueSpecification","valueRequired":true,"valueName":"search_term_string"}}],"inLanguage":"fr-FR"},{"@type":"NewsMediaOrganization","@id":"https:\/\/dicodusport.fr\/blog\/#organization","name":"Dicodusport","url":"https:\/\/dicodusport.fr\/blog\/","logo":{"@type":"ImageObject","inLanguage":"fr-FR","@id":"https:\/\/dicodusport.fr\/blog\/#\/schema\/logo\/image\/","url":"https:\/\/dicodusport.fr\/blog\/wp-content\/uploads\/2020\/06\/cropped-LOGO-DICODUSPORT-2020-SANS-FOND-SANS-TEXTE.png","contentUrl":"https:\/\/dicodusport.fr\/blog\/wp-content\/uploads\/2020\/06\/cropped-LOGO-DICODUSPORT-2020-SANS-FOND-SANS-TEXTE.png","width":512,"height":512,"caption":"Dicodusport"},"image":{"@id":"https:\/\/dicodusport.fr\/blog\/#\/schema\/logo\/image\/"},"sameAs":["https:\/\/www.facebook.com\/dicodusport","https:\/\/x.com\/dicodusport","https:\/\/www.instagram.com\/dicodusport\/","https:\/\/www.youtube.com\/channel\/UC7V2KZ5sd3htJivAbA4ZG3w"],"description":"Dicodusport est l'encyclop\u00e9die de l'actualit\u00e9 sportive.","email":"bonjour@dicodusport.fr","legalName":"DICODUSPORT","foundingDate":"2018-01-14","vatID":"FR71834470973","taxID":"83447097300043","numberOfEmployees":{"@type":"QuantitativeValue","minValue":"1","maxValue":"10"}},{"@type":"Person","@id":"https:\/\/dicodusport.fr\/blog\/#\/schema\/person\/cb02af4c173ce4a653b55e9baf388d4a","name":"Flo Ostermann","image":{"@type":"ImageObject","inLanguage":"fr-FR","@id":"https:\/\/dicodusport.fr\/blog\/#\/schema\/person\/image\/","url":"https:\/\/dicodusport.fr\/blog\/wp-content\/uploads\/2021\/05\/Flo-Ostermann-150x150.jpg","contentUrl":"https:\/\/dicodusport.fr\/blog\/wp-content\/uploads\/2021\/05\/Flo-Ostermann-150x150.jpg","caption":"Flo Ostermann"},"description":"Journaliste\/R\u00e9dacteur depuis septembre 2015 - Mes premiers souvenirs dans le sport ? Les envol\u00e9es du Stade Toulousain et les duels Villeneuve-Schumacher et H\u00e4kkinen-Schumacher \u00e0 la fin des ann\u00e9es 90, la Coupe du monde de football en 1998, l\u2019exploit du XV de France face aux All Blacks en 1999, mais aussi Richard C\u0153ur de Lion qui vole sur les montagnes du Tour de France. Bien parti pour devenir professeur d\u2019EPS, les \u00e9v\u00e9nements de la vie (et la flemme d\u2019animer des s\u00e9ances de 3x500 m\u00e8tres toute ma vie) m\u2019ont conduit \u00e0 revoir mes plans. Me voil\u00e0 depuis fin 2017 sur Dicodusport, m\u00e9dia gr\u00e2ce (et pour) lequel je partage ma passion : le sport dans tous ses \u00e9tats. Le tout accompagn\u00e9 par les fous furieux et folles furieuses cit\u00e9s sur cette page !","sameAs":["https:\/\/www.facebook.com\/florent.ostermann","https:\/\/x.com\/https:\/\/twitter.com\/FlOstermann","admin"],"url":"https:\/\/dicodusport.fr\/blog\/author\/flo\/"}]}},"_links":{"self":[{"href":"https:\/\/dicodusport.fr\/blog\/wp-json\/wp\/v2\/posts\/343517","targetHints":{"allow":["GET"]}}],"collection":[{"href":"https:\/\/dicodusport.fr\/blog\/wp-json\/wp\/v2\/posts"}],"about":[{"href":"https:\/\/dicodusport.fr\/blog\/wp-json\/wp\/v2\/types\/post"}],"author":[{"embeddable":true,"href":"https:\/\/dicodusport.fr\/blog\/wp-json\/wp\/v2\/users\/4"}],"replies":[{"embeddable":true,"href":"https:\/\/dicodusport.fr\/blog\/wp-json\/wp\/v2\/comments?post=343517"}],"version-history":[{"count":1,"href":"https:\/\/dicodusport.fr\/blog\/wp-json\/wp\/v2\/posts\/343517\/revisions"}],"predecessor-version":[{"id":604996,"href":"https:\/\/dicodusport.fr\/blog\/wp-json\/wp\/v2\/posts\/343517\/revisions\/604996"}],"wp:featuredmedia":[{"embeddable":true,"href":"https:\/\/dicodusport.fr\/blog\/wp-json\/wp\/v2\/media\/288955"}],"wp:attachment":[{"href":"https:\/\/dicodusport.fr\/blog\/wp-json\/wp\/v2\/media?parent=343517"}],"wp:term":[{"taxonomy":"category","embeddable":true,"href":"https:\/\/dicodusport.fr\/blog\/wp-json\/wp\/v2\/categories?post=343517"},{"taxonomy":"post_tag","embeddable":true,"href":"https:\/\/dicodusport.fr\/blog\/wp-json\/wp\/v2\/tags?post=343517"}],"curies":[{"name":"wp","href":"https:\/\/api.w.org\/{rel}","templated":true}]}}