{"id":343626,"date":"2023-01-12T15:56:55","date_gmt":"2023-01-12T14:56:55","guid":{"rendered":"https:\/\/dicodusport.fr\/blog\/?p=343626&#038;preview=true&#038;preview_id=343626"},"modified":"2023-01-12T16:03:30","modified_gmt":"2023-01-12T15:03:30","slug":"jean-philippe-krasso-le-sauveur-de-las-saint-etienne","status":"publish","type":"post","link":"https:\/\/dicodusport.fr\/blog\/jean-philippe-krasso-le-sauveur-de-las-saint-etienne\/","title":{"rendered":"Jean-Philippe Krasso : Le sauveur de l&rsquo;AS Saint-\u00c9tienne ?"},"content":{"rendered":"<p align=\"justify\"><em><strong>LIGUE 2 &#8211; Joueur le plus d\u00e9cisif en Ligue 2 BKT (8 buts et 5 passes d\u00e9cisives), l&rsquo;attaquant st\u00e9phanois Jean-Philippe Krasso r\u00e9alise une premi\u00e8re partie de saison compl\u00e8te. Bien que Saint-\u00c9tienne soit toujours \u00e0 la derni\u00e8re place du championnat, l&rsquo;influence de l&rsquo;Ivoirien sera un atout indispensable pour esp\u00e9rer un maintien des Verts en deuxi\u00e8me division.<\/strong><\/em><\/p>\n<h2 align=\"justify\">La saison de la confirmation<\/h2>\n<p style=\"text-align: justify;\">Arriv\u00e9 en 2020 dans le Forez apr\u00e8s avoir fait ses gammes \u00e0 \u00c9pinal (2018-2020), <strong>Jean-Philippe Krasso<\/strong> a su d\u00e9montrer tout son talent la saison derni\u00e8re, en pr\u00eat \u00e0 l&rsquo;AC Ajaccio. Artisan majeur de la mont\u00e9e du club corse dans l&rsquo;\u00e9lite, l&rsquo;actuel num\u00e9ro 17 des Verts a pris une nouvelle dimension, d&rsquo;autant plus depuis son retour \u00e0 Saint-\u00c9tienne. Dans un effectif fragile et instable, l&rsquo;Ivoirien a su s&rsquo;imposer rapidement comme le meilleur \u00e9l\u00e9ment st\u00e9phanois depuis le d\u00e9but de saison 2022\/2023, tant sur le plan statistique (2\u00e8me meilleur buteur de Ligue 2 BKT avec 8 buts) que dans l&rsquo;influence sur le jeu offensif.<\/p>\n<p style=\"text-align: justify;\">M\u00eame si la premi\u00e8re partie de saison de l&rsquo;<a href=\"https:\/\/www.asse.fr\/\" target=\"_blank\" rel=\"noopener\">ASSE<\/a> est catastrophique, <strong>Krasso<\/strong> a rapidement fait des diff\u00e9rences malgr\u00e9 la d\u00e9b\u00e2cle collective (20\u00e8me du championnat). En effet, lors de la victoire contre Bastia pour la 6\u00e8me journ\u00e9e (5-0), il avait inscrit un quadrupl\u00e9 historique.<\/p>\n<h2>Des suspensions perturbatrices<\/h2>\n<p style=\"text-align: justify;\">M\u00eame si sa saison reste impressionnante, l&rsquo;attaquant st\u00e9phanois a connu une p\u00e9riode de vide \u00e0 partir du mois d&rsquo;octobre. Suspendu deux matchs contre le Paris FC et Amiens (12\u00e8me et 13\u00e8me journ\u00e9es) pour un carton rouge re\u00e7u contre Sochaux (11\u00e8me journ\u00e9e) puis contre Annecy deux mois plus tard (16\u00e8me journ\u00e9e) pour une accumulation de cartons jaunes, sa s\u00e9rie s&rsquo;est interrompue. Si son retour et son influence dans le jeu st\u00e9phanois n&rsquo;est pas \u00e0 remettre en cause (passeur d\u00e9cisif lors de la victoire 1-0 contre Laval), <strong>Krasso<\/strong> n&rsquo;a plus marqu\u00e9 depuis le 2 octobre 2022 face \u00e0 Sochaux. L&rsquo;encha\u00eenement des suspensions et l&rsquo;interruption du championnat pour la Coupe du monde au Qatar n&rsquo;ont pas facilit\u00e9 sa r\u00e9gularit\u00e9.<\/p>\n<h2>Une s\u00e9lection en \u00e9quipe nationale m\u00e9rit\u00e9e<\/h2>\n<p style=\"text-align: justify;\">Avec un d\u00e9but de saison aussi tonitruant (7 buts en 1 mois de comp\u00e9tition), <strong>Jean-Philippe Krasso<\/strong> a certainement re\u00e7u la plus belle des r\u00e9compenses : une s\u00e9lection en \u00e9quipe nationale de la C\u00f4te d&rsquo;Ivoire (le 15 septembre 2022). Dans la continuit\u00e9 de son \u00e9volution fulgurante cette saison, le n\u00e9o-international a termin\u00e9 l&rsquo;ann\u00e9e 2022 avec le sentiment du devoir accompli d&rsquo;un point de vue personnel. D\u00e9sormais, ses yeux sont riv\u00e9s vers l&rsquo;objectif de maintien de l&rsquo;ASSE en Ligue 2 BKT, comme il l&rsquo;exprimait \u00e0 la fin du match contre Laval mardi dernier <em>\u00ab J&rsquo;essaie de faire au mieux pour aider mon \u00e9quipe \u00bb<\/em>.<\/p>\n<blockquote class=\"twitter-tweet\">\n<p dir=\"ltr\" lang=\"fr\">\ud83c\udf99\ufe0f Jean-Philippe Krasso : \u00ab\u00a0Cette victoire fait du bien. C&rsquo;est la premi\u00e8re pierre pour la suite de la saison.\u00a0\u00bb<\/p>\n<p>L&rsquo;<a href=\"https:\/\/twitter.com\/ASSEofficiel?ref_src=twsrc%5Etfw\">@ASSEofficiel<\/a> renoue avec la victoire contre Laval ce soir, la r\u00e9action de l&rsquo;attaquant au micro de <a href=\"https:\/\/twitter.com\/hashtag\/PrimeVideo?src=hash&amp;ref_src=twsrc%5Etfw\">#PrimeVideo<\/a> !<a href=\"https:\/\/twitter.com\/hashtag\/ASSELAVAL?src=hash&amp;ref_src=twsrc%5Etfw\">#ASSELAVAL<\/a> I <a href=\"https:\/\/twitter.com\/hashtag\/Ligue2BKT?src=hash&amp;ref_src=twsrc%5Etfw\">#Ligue2BKT<\/a> <a href=\"https:\/\/t.co\/MoTtEUrsXG\">pic.twitter.com\/MoTtEUrsXG<\/a><\/p>\n<p>\u2014 Prime Video Sport France (@PVSportFR) <a href=\"https:\/\/twitter.com\/PVSportFR\/status\/1612929848942510081?ref_src=twsrc%5Etfw\">January 10, 2023<\/a><\/p><\/blockquote>\n<p><script async src=\"https:\/\/platform.twitter.com\/widgets.js\" charset=\"utf-8\"><\/script><\/p>\n<h2>Un duo Krasso-Charbonnier prometteur<\/h2>\n<p style=\"text-align: justify;\">Les pr\u00e9mices d&rsquo;une potentielle remont\u00e9e au classement pour les Verts sont amorc\u00e9es depuis la victoire, certes poussive, face \u00e0 Laval (1-0). Si la d\u00e9cision de l&rsquo;entra\u00eeneur<strong> Laurent Battles<\/strong> de laisser Krasso sur le banc afin de placer <strong>Ibrahima Wadji<\/strong> en tant que titulaire a fait d\u00e9bat, son entr\u00e9e \u00e0 la 54\u00e8me minute de jeu a m\u00e9tamorphos\u00e9 le jeu st\u00e9phanois. Technique, rapidit\u00e9 et projection, l&rsquo;apport du meilleur r\u00e9alisateur du championnat a \u00e9t\u00e9 primordial. Auteur de la passe d\u00e9cisive sur le but de <strong>Mathieu Cafaro<\/strong>, ses prochaines titularisations semblent indiscutables. Si l&rsquo;AS Saint-\u00c9tienne garde un espoir de maintien, il passera in\u00e9vitablement par un rendement similaire de <em>JPK17<\/em>. Pour cela, l&rsquo;entraineur st\u00e9phanois ne devra pas se priver d&rsquo;un tel talent.<\/p>\n<p style=\"text-align: justify;\">Si d&rsquo;autres recrues sont attendues dans le Forez dans les jours \u00e0 venir, celle de l&rsquo;attaquant fran\u00e7ais <span class=\"mw-page-title-main\"><strong>Ga\u00ebtan Charbonnier<\/strong> a d\u00e9j\u00e0 eu un impact retentissant (buteur d\u00e9cisif lors de son premier match avec l&rsquo;ASSE contre Caen, 1-1 le 30 d\u00e9cembre 2022). Au vu de la forme et des statistiques affich\u00e9es par les deux hommes, leur association \u00e0 la pointe de l&rsquo;attaque st\u00e9phanoise parait \u00eatre une solution viable pour apporter de l&rsquo;efficacit\u00e9. Si l&rsquo;ivoirien semble pouvoir apporter davantage de cr\u00e9ation au centre du jeu par sa justesse technique, une compl\u00e9mentarit\u00e9 avec l&rsquo;ex attaquant de l&rsquo;AJ Auxerre serait tr\u00e8s int\u00e9ressante. Lors du dernier match contre Laval, les deux hommes se sont d\u00e9j\u00e0 trouv\u00e9s. Leurs \u00e9changes seront multipli\u00e9s au fil de leurs apparitions communes sous le maillot vert. Le duo Krasso-Charbonnier peut, avec tout leur potentiel, se vouer en tant que sauveur de Saint-\u00c9tienne.<\/span><\/p>\n<blockquote class=\"twitter-tweet\">\n<p dir=\"ltr\" lang=\"fr\">\ud83d\udd19\u26bd\ufe0f <a href=\"https:\/\/twitter.com\/hashtag\/ASSELAVAL?src=hash&amp;ref_src=twsrc%5Etfw\">#ASSELAVAL<\/a> (1-0)<\/p>\n<p>Le but de \ud835\udde0\ud835\uddee\ud835\ude01\ud835\uddf5\ud835\uddf6\ud835\uddf2\ud835\ude02 \ud835\uddd6\ud835\uddee\ud835\uddf3\ud835\uddee\ud835\uddff\ud835\uddfc (bien aid\u00e9 par Jean-Philippe Krasso) vu de la pelouse \ud83d\udc9a <a href=\"https:\/\/t.co\/0eE5RWWxCt\">pic.twitter.com\/0eE5RWWxCt<\/a><\/p>\n<p>\u2014 AS Saint-\u00c9tienne (@ASSEofficiel) <a href=\"https:\/\/twitter.com\/ASSEofficiel\/status\/1613130885087514624?ref_src=twsrc%5Etfw\">January 11, 2023<\/a><\/p><\/blockquote>\n<p><script async src=\"https:\/\/platform.twitter.com\/widgets.js\" charset=\"utf-8\"><\/script><\/p>\n","protected":false},"excerpt":{"rendered":"<p>LIGUE 2 &#8211; Joueur le plus d\u00e9cisif en Ligue 2 BKT (8 buts et 5 passes d\u00e9cisives), l&rsquo;attaquant st\u00e9phanois Jean-Philippe Krasso r\u00e9alise une premi\u00e8re partie de saison compl\u00e8te. Bien que Saint-\u00c9tienne soit toujours \u00e0 la derni\u00e8re place du championnat, l&rsquo;influence de l&rsquo;Ivoirien sera un atout indispensable pour esp\u00e9rer un maintien des Verts en deuxi\u00e8me division.<\/p>\n","protected":false},"author":76,"featured_media":343829,"comment_status":"open","ping_status":"closed","sticky":false,"template":"","format":"standard","meta":{"_acf_changed":false,"_daextam_enable_autolinks":"","footnotes":""},"categories":[2301],"tags":[1206,75,457],"class_list":["post-343626","post","type-post","status-publish","format-standard","has-post-thumbnail","hentry","category-football","tag-asse","tag-football","tag-saint-etienne"],"acf":[],"yoast_head":"<!-- This site is optimized with the Yoast SEO Premium plugin v26.7 (Yoast SEO v26.7) - https:\/\/yoast.com\/wordpress\/plugins\/seo\/ -->\n<title>Jean-Philippe Krasso : Le sauveur de l&#039;AS Saint-\u00c9tienne ?<\/title>\n<meta name=\"description\" content=\"Meilleur r\u00e9alisateur de Ligue 2 BKT, Jean-Philippe Krasso est un cadre de l&#039;AS Saint-\u00c9tienne. Il s&#039;impose d\u00e9j\u00e0 comme le sauveur du club.\" \/>\n<meta name=\"robots\" content=\"index, follow, max-snippet:-1, max-image-preview:large, max-video-preview:-1\" \/>\n<link rel=\"canonical\" href=\"https:\/\/dicodusport.fr\/blog\/jean-philippe-krasso-le-sauveur-de-las-saint-etienne\/\" \/>\n<meta property=\"og:locale\" content=\"fr_FR\" \/>\n<meta property=\"og:type\" content=\"article\" \/>\n<meta property=\"og:title\" content=\"Jean-Philippe Krasso : Le sauveur de l&#039;AS Saint-\u00c9tienne ?\" \/>\n<meta property=\"og:description\" content=\"Meilleur r\u00e9alisateur de Ligue 2 BKT, Jean-Philippe Krasso est un cadre de l&#039;AS Saint-\u00c9tienne. Il s&#039;impose d\u00e9j\u00e0 comme le sauveur du club.\" \/>\n<meta property=\"og:url\" content=\"https:\/\/dicodusport.fr\/blog\/jean-philippe-krasso-le-sauveur-de-las-saint-etienne\/\" \/>\n<meta property=\"og:site_name\" content=\"Dicodusport\" \/>\n<meta property=\"article:publisher\" content=\"https:\/\/www.facebook.com\/dicodusport\" \/>\n<meta property=\"article:published_time\" content=\"2023-01-12T14:56:55+00:00\" \/>\n<meta property=\"article:modified_time\" content=\"2023-01-12T15:03:30+00:00\" \/>\n<meta property=\"og:image\" content=\"https:\/\/dicodusport.fr\/blog\/wp-content\/uploads\/2023\/01\/Jean-Philippe-Krasso-Le-sauveur-de-lAS-Saint-Etienne-.png\" \/>\n\t<meta property=\"og:image:width\" content=\"800\" \/>\n\t<meta property=\"og:image:height\" content=\"445\" \/>\n\t<meta property=\"og:image:type\" content=\"image\/png\" \/>\n<meta name=\"author\" content=\"Tom Lacaille\" \/>\n<meta name=\"twitter:card\" content=\"summary_large_image\" \/>\n<meta name=\"twitter:title\" content=\"Jean-Philippe Krasso : Le sauveur de l&#039;AS Saint-\u00c9tienne ?\" \/>\n<meta name=\"twitter:creator\" content=\"@Tom Lacaille\" \/>\n<meta name=\"twitter:site\" content=\"@dicodusport\" \/>\n<script type=\"application\/ld+json\" class=\"yoast-schema-graph\">{\"@context\":\"https:\/\/schema.org\",\"@graph\":[{\"@type\":\"NewsArticle\",\"@id\":\"https:\/\/dicodusport.fr\/blog\/jean-philippe-krasso-le-sauveur-de-las-saint-etienne\/#article\",\"isPartOf\":{\"@id\":\"https:\/\/dicodusport.fr\/blog\/jean-philippe-krasso-le-sauveur-de-las-saint-etienne\/\"},\"author\":{\"name\":\"Tom Lacaille\",\"@id\":\"https:\/\/dicodusport.fr\/blog\/#\/schema\/person\/8b8ec0dc77c31efd8fe9820383d505b3\"},\"headline\":\"Jean-Philippe Krasso : Le sauveur de l&rsquo;AS Saint-\u00c9tienne ?\",\"datePublished\":\"2023-01-12T14:56:55+00:00\",\"dateModified\":\"2023-01-12T15:03:30+00:00\",\"mainEntityOfPage\":{\"@id\":\"https:\/\/dicodusport.fr\/blog\/jean-philippe-krasso-le-sauveur-de-las-saint-etienne\/\"},\"wordCount\":865,\"commentCount\":0,\"publisher\":{\"@id\":\"https:\/\/dicodusport.fr\/blog\/#organization\"},\"image\":{\"@id\":\"https:\/\/dicodusport.fr\/blog\/jean-philippe-krasso-le-sauveur-de-las-saint-etienne\/#primaryimage\"},\"thumbnailUrl\":\"https:\/\/dicodusport.fr\/blog\/wp-content\/uploads\/2023\/01\/Jean-Philippe-Krasso-Le-sauveur-de-lAS-Saint-Etienne-.png\",\"keywords\":[\"ASSE\",\"Football\",\"Saint-Etienne\"],\"articleSection\":[\"Football\"],\"inLanguage\":\"fr-FR\",\"potentialAction\":[{\"@type\":\"CommentAction\",\"name\":\"Comment\",\"target\":[\"https:\/\/dicodusport.fr\/blog\/jean-philippe-krasso-le-sauveur-de-las-saint-etienne\/#respond\"]}],\"copyrightYear\":\"2023\",\"copyrightHolder\":{\"@id\":\"https:\/\/dicodusport.fr\/blog\/#organization\"}},{\"@type\":\"WebPage\",\"@id\":\"https:\/\/dicodusport.fr\/blog\/jean-philippe-krasso-le-sauveur-de-las-saint-etienne\/\",\"url\":\"https:\/\/dicodusport.fr\/blog\/jean-philippe-krasso-le-sauveur-de-las-saint-etienne\/\",\"name\":\"Jean-Philippe Krasso : Le sauveur de l'AS Saint-\u00c9tienne ?\",\"isPartOf\":{\"@id\":\"https:\/\/dicodusport.fr\/blog\/#website\"},\"primaryImageOfPage\":{\"@id\":\"https:\/\/dicodusport.fr\/blog\/jean-philippe-krasso-le-sauveur-de-las-saint-etienne\/#primaryimage\"},\"image\":{\"@id\":\"https:\/\/dicodusport.fr\/blog\/jean-philippe-krasso-le-sauveur-de-las-saint-etienne\/#primaryimage\"},\"thumbnailUrl\":\"https:\/\/dicodusport.fr\/blog\/wp-content\/uploads\/2023\/01\/Jean-Philippe-Krasso-Le-sauveur-de-lAS-Saint-Etienne-.png\",\"datePublished\":\"2023-01-12T14:56:55+00:00\",\"dateModified\":\"2023-01-12T15:03:30+00:00\",\"description\":\"Meilleur r\u00e9alisateur de Ligue 2 BKT, Jean-Philippe Krasso est un cadre de l'AS Saint-\u00c9tienne. Il s'impose d\u00e9j\u00e0 comme le sauveur du club.\",\"breadcrumb\":{\"@id\":\"https:\/\/dicodusport.fr\/blog\/jean-philippe-krasso-le-sauveur-de-las-saint-etienne\/#breadcrumb\"},\"inLanguage\":\"fr-FR\",\"potentialAction\":[{\"@type\":\"ReadAction\",\"target\":[\"https:\/\/dicodusport.fr\/blog\/jean-philippe-krasso-le-sauveur-de-las-saint-etienne\/\"]}]},{\"@type\":\"ImageObject\",\"inLanguage\":\"fr-FR\",\"@id\":\"https:\/\/dicodusport.fr\/blog\/jean-philippe-krasso-le-sauveur-de-las-saint-etienne\/#primaryimage\",\"url\":\"https:\/\/dicodusport.fr\/blog\/wp-content\/uploads\/2023\/01\/Jean-Philippe-Krasso-Le-sauveur-de-lAS-Saint-Etienne-.png\",\"contentUrl\":\"https:\/\/dicodusport.fr\/blog\/wp-content\/uploads\/2023\/01\/Jean-Philippe-Krasso-Le-sauveur-de-lAS-Saint-Etienne-.png\",\"width\":800,\"height\":445,\"caption\":\"Jean-Philippe Krasso Le sauveur de l'AS Saint-\u00c9tienne\"},{\"@type\":\"BreadcrumbList\",\"@id\":\"https:\/\/dicodusport.fr\/blog\/jean-philippe-krasso-le-sauveur-de-las-saint-etienne\/#breadcrumb\",\"itemListElement\":[{\"@type\":\"ListItem\",\"position\":1,\"name\":\"Accueil\",\"item\":\"https:\/\/dicodusport.fr\/blog\/\"},{\"@type\":\"ListItem\",\"position\":2,\"name\":\"Jean-Philippe Krasso : Le sauveur de l&rsquo;AS Saint-\u00c9tienne ?\"}]},{\"@type\":\"WebSite\",\"@id\":\"https:\/\/dicodusport.fr\/blog\/#website\",\"url\":\"https:\/\/dicodusport.fr\/blog\/\",\"name\":\"Dicodusport\",\"description\":\"L&#039;encyclop\u00e9die de l&#039;actualit\u00e9 sportive\",\"publisher\":{\"@id\":\"https:\/\/dicodusport.fr\/blog\/#organization\"},\"potentialAction\":[{\"@type\":\"SearchAction\",\"target\":{\"@type\":\"EntryPoint\",\"urlTemplate\":\"https:\/\/dicodusport.fr\/blog\/?s={search_term_string}\"},\"query-input\":{\"@type\":\"PropertyValueSpecification\",\"valueRequired\":true,\"valueName\":\"search_term_string\"}}],\"inLanguage\":\"fr-FR\"},{\"@type\":\"NewsMediaOrganization\",\"@id\":\"https:\/\/dicodusport.fr\/blog\/#organization\",\"name\":\"Dicodusport\",\"url\":\"https:\/\/dicodusport.fr\/blog\/\",\"logo\":{\"@type\":\"ImageObject\",\"inLanguage\":\"fr-FR\",\"@id\":\"https:\/\/dicodusport.fr\/blog\/#\/schema\/logo\/image\/\",\"url\":\"https:\/\/dicodusport.fr\/blog\/wp-content\/uploads\/2020\/06\/cropped-LOGO-DICODUSPORT-2020-SANS-FOND-SANS-TEXTE.png\",\"contentUrl\":\"https:\/\/dicodusport.fr\/blog\/wp-content\/uploads\/2020\/06\/cropped-LOGO-DICODUSPORT-2020-SANS-FOND-SANS-TEXTE.png\",\"width\":512,\"height\":512,\"caption\":\"Dicodusport\"},\"image\":{\"@id\":\"https:\/\/dicodusport.fr\/blog\/#\/schema\/logo\/image\/\"},\"sameAs\":[\"https:\/\/www.facebook.com\/dicodusport\",\"https:\/\/x.com\/dicodusport\",\"https:\/\/www.instagram.com\/dicodusport\/\",\"https:\/\/www.youtube.com\/channel\/UC7V2KZ5sd3htJivAbA4ZG3w\"],\"description\":\"Dicodusport est l'encyclop\u00e9die de l'actualit\u00e9 sportive.\",\"email\":\"bonjour@dicodusport.fr\",\"legalName\":\"DICODUSPORT\",\"foundingDate\":\"2018-01-14\",\"vatID\":\"FR71834470973\",\"taxID\":\"83447097300043\",\"numberOfEmployees\":{\"@type\":\"QuantitativeValue\",\"minValue\":\"1\",\"maxValue\":\"10\"}},{\"@type\":\"Person\",\"@id\":\"https:\/\/dicodusport.fr\/blog\/#\/schema\/person\/8b8ec0dc77c31efd8fe9820383d505b3\",\"name\":\"Tom Lacaille\",\"image\":{\"@type\":\"ImageObject\",\"inLanguage\":\"fr-FR\",\"@id\":\"https:\/\/dicodusport.fr\/blog\/#\/schema\/person\/image\/\",\"url\":\"https:\/\/dicodusport.fr\/blog\/wp-content\/uploads\/2022\/10\/photo-profil-150x150.jpg\",\"contentUrl\":\"https:\/\/dicodusport.fr\/blog\/wp-content\/uploads\/2022\/10\/photo-profil-150x150.jpg\",\"caption\":\"Tom Lacaille\"},\"description\":\"Actuellement \u00e2g\u00e9 de 19 ans, ma passion du sport est berc\u00e9e par la descente aux enfers des Verts, la d\u00e9gringolade de l'ASM Clermont et le futur triomphe des Celtics. En toute logique, je suis un grand passionn\u00e9 de sport et j'essaie de retranscrire mes analyses dans les articles. Le r\u00eave d'\u00eatre journaliste est ma principale source de motivation, en esp\u00e9rant (un jour) apporter un air nouveau \u00e0 ce si beau secteur.\",\"sameAs\":[\"https:\/\/x.com\/Tom Lacaille\"],\"url\":\"https:\/\/dicodusport.fr\/blog\/author\/tom-lacaille\/\"}]}<\/script>\n<!-- \/ Yoast SEO Premium plugin. -->","yoast_head_json":{"title":"Jean-Philippe Krasso : Le sauveur de l'AS Saint-\u00c9tienne ?","description":"Meilleur r\u00e9alisateur de Ligue 2 BKT, Jean-Philippe Krasso est un cadre de l'AS Saint-\u00c9tienne. Il s'impose d\u00e9j\u00e0 comme le sauveur du club.","robots":{"index":"index","follow":"follow","max-snippet":"max-snippet:-1","max-image-preview":"max-image-preview:large","max-video-preview":"max-video-preview:-1"},"canonical":"https:\/\/dicodusport.fr\/blog\/jean-philippe-krasso-le-sauveur-de-las-saint-etienne\/","og_locale":"fr_FR","og_type":"article","og_title":"Jean-Philippe Krasso : Le sauveur de l'AS Saint-\u00c9tienne ?","og_description":"Meilleur r\u00e9alisateur de Ligue 2 BKT, Jean-Philippe Krasso est un cadre de l'AS Saint-\u00c9tienne. Il s'impose d\u00e9j\u00e0 comme le sauveur du club.","og_url":"https:\/\/dicodusport.fr\/blog\/jean-philippe-krasso-le-sauveur-de-las-saint-etienne\/","og_site_name":"Dicodusport","article_publisher":"https:\/\/www.facebook.com\/dicodusport","article_published_time":"2023-01-12T14:56:55+00:00","article_modified_time":"2023-01-12T15:03:30+00:00","og_image":[{"width":800,"height":445,"url":"https:\/\/dicodusport.fr\/blog\/wp-content\/uploads\/2023\/01\/Jean-Philippe-Krasso-Le-sauveur-de-lAS-Saint-Etienne-.png","type":"image\/png"}],"author":"Tom Lacaille","twitter_card":"summary_large_image","twitter_title":"Jean-Philippe Krasso : Le sauveur de l'AS Saint-\u00c9tienne ?","twitter_creator":"@Tom Lacaille","twitter_site":"@dicodusport","schema":{"@context":"https:\/\/schema.org","@graph":[{"@type":"NewsArticle","@id":"https:\/\/dicodusport.fr\/blog\/jean-philippe-krasso-le-sauveur-de-las-saint-etienne\/#article","isPartOf":{"@id":"https:\/\/dicodusport.fr\/blog\/jean-philippe-krasso-le-sauveur-de-las-saint-etienne\/"},"author":{"name":"Tom Lacaille","@id":"https:\/\/dicodusport.fr\/blog\/#\/schema\/person\/8b8ec0dc77c31efd8fe9820383d505b3"},"headline":"Jean-Philippe Krasso : Le sauveur de l&rsquo;AS Saint-\u00c9tienne ?","datePublished":"2023-01-12T14:56:55+00:00","dateModified":"2023-01-12T15:03:30+00:00","mainEntityOfPage":{"@id":"https:\/\/dicodusport.fr\/blog\/jean-philippe-krasso-le-sauveur-de-las-saint-etienne\/"},"wordCount":865,"commentCount":0,"publisher":{"@id":"https:\/\/dicodusport.fr\/blog\/#organization"},"image":{"@id":"https:\/\/dicodusport.fr\/blog\/jean-philippe-krasso-le-sauveur-de-las-saint-etienne\/#primaryimage"},"thumbnailUrl":"https:\/\/dicodusport.fr\/blog\/wp-content\/uploads\/2023\/01\/Jean-Philippe-Krasso-Le-sauveur-de-lAS-Saint-Etienne-.png","keywords":["ASSE","Football","Saint-Etienne"],"articleSection":["Football"],"inLanguage":"fr-FR","potentialAction":[{"@type":"CommentAction","name":"Comment","target":["https:\/\/dicodusport.fr\/blog\/jean-philippe-krasso-le-sauveur-de-las-saint-etienne\/#respond"]}],"copyrightYear":"2023","copyrightHolder":{"@id":"https:\/\/dicodusport.fr\/blog\/#organization"}},{"@type":"WebPage","@id":"https:\/\/dicodusport.fr\/blog\/jean-philippe-krasso-le-sauveur-de-las-saint-etienne\/","url":"https:\/\/dicodusport.fr\/blog\/jean-philippe-krasso-le-sauveur-de-las-saint-etienne\/","name":"Jean-Philippe Krasso : Le sauveur de l'AS Saint-\u00c9tienne ?","isPartOf":{"@id":"https:\/\/dicodusport.fr\/blog\/#website"},"primaryImageOfPage":{"@id":"https:\/\/dicodusport.fr\/blog\/jean-philippe-krasso-le-sauveur-de-las-saint-etienne\/#primaryimage"},"image":{"@id":"https:\/\/dicodusport.fr\/blog\/jean-philippe-krasso-le-sauveur-de-las-saint-etienne\/#primaryimage"},"thumbnailUrl":"https:\/\/dicodusport.fr\/blog\/wp-content\/uploads\/2023\/01\/Jean-Philippe-Krasso-Le-sauveur-de-lAS-Saint-Etienne-.png","datePublished":"2023-01-12T14:56:55+00:00","dateModified":"2023-01-12T15:03:30+00:00","description":"Meilleur r\u00e9alisateur de Ligue 2 BKT, Jean-Philippe Krasso est un cadre de l'AS Saint-\u00c9tienne. Il s'impose d\u00e9j\u00e0 comme le sauveur du club.","breadcrumb":{"@id":"https:\/\/dicodusport.fr\/blog\/jean-philippe-krasso-le-sauveur-de-las-saint-etienne\/#breadcrumb"},"inLanguage":"fr-FR","potentialAction":[{"@type":"ReadAction","target":["https:\/\/dicodusport.fr\/blog\/jean-philippe-krasso-le-sauveur-de-las-saint-etienne\/"]}]},{"@type":"ImageObject","inLanguage":"fr-FR","@id":"https:\/\/dicodusport.fr\/blog\/jean-philippe-krasso-le-sauveur-de-las-saint-etienne\/#primaryimage","url":"https:\/\/dicodusport.fr\/blog\/wp-content\/uploads\/2023\/01\/Jean-Philippe-Krasso-Le-sauveur-de-lAS-Saint-Etienne-.png","contentUrl":"https:\/\/dicodusport.fr\/blog\/wp-content\/uploads\/2023\/01\/Jean-Philippe-Krasso-Le-sauveur-de-lAS-Saint-Etienne-.png","width":800,"height":445,"caption":"Jean-Philippe Krasso Le sauveur de l'AS Saint-\u00c9tienne"},{"@type":"BreadcrumbList","@id":"https:\/\/dicodusport.fr\/blog\/jean-philippe-krasso-le-sauveur-de-las-saint-etienne\/#breadcrumb","itemListElement":[{"@type":"ListItem","position":1,"name":"Accueil","item":"https:\/\/dicodusport.fr\/blog\/"},{"@type":"ListItem","position":2,"name":"Jean-Philippe Krasso : Le sauveur de l&rsquo;AS Saint-\u00c9tienne ?"}]},{"@type":"WebSite","@id":"https:\/\/dicodusport.fr\/blog\/#website","url":"https:\/\/dicodusport.fr\/blog\/","name":"Dicodusport","description":"L&#039;encyclop\u00e9die de l&#039;actualit\u00e9 sportive","publisher":{"@id":"https:\/\/dicodusport.fr\/blog\/#organization"},"potentialAction":[{"@type":"SearchAction","target":{"@type":"EntryPoint","urlTemplate":"https:\/\/dicodusport.fr\/blog\/?s={search_term_string}"},"query-input":{"@type":"PropertyValueSpecification","valueRequired":true,"valueName":"search_term_string"}}],"inLanguage":"fr-FR"},{"@type":"NewsMediaOrganization","@id":"https:\/\/dicodusport.fr\/blog\/#organization","name":"Dicodusport","url":"https:\/\/dicodusport.fr\/blog\/","logo":{"@type":"ImageObject","inLanguage":"fr-FR","@id":"https:\/\/dicodusport.fr\/blog\/#\/schema\/logo\/image\/","url":"https:\/\/dicodusport.fr\/blog\/wp-content\/uploads\/2020\/06\/cropped-LOGO-DICODUSPORT-2020-SANS-FOND-SANS-TEXTE.png","contentUrl":"https:\/\/dicodusport.fr\/blog\/wp-content\/uploads\/2020\/06\/cropped-LOGO-DICODUSPORT-2020-SANS-FOND-SANS-TEXTE.png","width":512,"height":512,"caption":"Dicodusport"},"image":{"@id":"https:\/\/dicodusport.fr\/blog\/#\/schema\/logo\/image\/"},"sameAs":["https:\/\/www.facebook.com\/dicodusport","https:\/\/x.com\/dicodusport","https:\/\/www.instagram.com\/dicodusport\/","https:\/\/www.youtube.com\/channel\/UC7V2KZ5sd3htJivAbA4ZG3w"],"description":"Dicodusport est l'encyclop\u00e9die de l'actualit\u00e9 sportive.","email":"bonjour@dicodusport.fr","legalName":"DICODUSPORT","foundingDate":"2018-01-14","vatID":"FR71834470973","taxID":"83447097300043","numberOfEmployees":{"@type":"QuantitativeValue","minValue":"1","maxValue":"10"}},{"@type":"Person","@id":"https:\/\/dicodusport.fr\/blog\/#\/schema\/person\/8b8ec0dc77c31efd8fe9820383d505b3","name":"Tom Lacaille","image":{"@type":"ImageObject","inLanguage":"fr-FR","@id":"https:\/\/dicodusport.fr\/blog\/#\/schema\/person\/image\/","url":"https:\/\/dicodusport.fr\/blog\/wp-content\/uploads\/2022\/10\/photo-profil-150x150.jpg","contentUrl":"https:\/\/dicodusport.fr\/blog\/wp-content\/uploads\/2022\/10\/photo-profil-150x150.jpg","caption":"Tom Lacaille"},"description":"Actuellement \u00e2g\u00e9 de 19 ans, ma passion du sport est berc\u00e9e par la descente aux enfers des Verts, la d\u00e9gringolade de l'ASM Clermont et le futur triomphe des Celtics. En toute logique, je suis un grand passionn\u00e9 de sport et j'essaie de retranscrire mes analyses dans les articles. Le r\u00eave d'\u00eatre journaliste est ma principale source de motivation, en esp\u00e9rant (un jour) apporter un air nouveau \u00e0 ce si beau secteur.","sameAs":["https:\/\/x.com\/Tom Lacaille"],"url":"https:\/\/dicodusport.fr\/blog\/author\/tom-lacaille\/"}]}},"_links":{"self":[{"href":"https:\/\/dicodusport.fr\/blog\/wp-json\/wp\/v2\/posts\/343626","targetHints":{"allow":["GET"]}}],"collection":[{"href":"https:\/\/dicodusport.fr\/blog\/wp-json\/wp\/v2\/posts"}],"about":[{"href":"https:\/\/dicodusport.fr\/blog\/wp-json\/wp\/v2\/types\/post"}],"author":[{"embeddable":true,"href":"https:\/\/dicodusport.fr\/blog\/wp-json\/wp\/v2\/users\/76"}],"replies":[{"embeddable":true,"href":"https:\/\/dicodusport.fr\/blog\/wp-json\/wp\/v2\/comments?post=343626"}],"version-history":[{"count":0,"href":"https:\/\/dicodusport.fr\/blog\/wp-json\/wp\/v2\/posts\/343626\/revisions"}],"wp:featuredmedia":[{"embeddable":true,"href":"https:\/\/dicodusport.fr\/blog\/wp-json\/wp\/v2\/media\/343829"}],"wp:attachment":[{"href":"https:\/\/dicodusport.fr\/blog\/wp-json\/wp\/v2\/media?parent=343626"}],"wp:term":[{"taxonomy":"category","embeddable":true,"href":"https:\/\/dicodusport.fr\/blog\/wp-json\/wp\/v2\/categories?post=343626"},{"taxonomy":"post_tag","embeddable":true,"href":"https:\/\/dicodusport.fr\/blog\/wp-json\/wp\/v2\/tags?post=343626"}],"curies":[{"name":"wp","href":"https:\/\/api.w.org\/{rel}","templated":true}]}}