{"id":343936,"date":"2023-01-16T11:00:34","date_gmt":"2023-01-16T10:00:34","guid":{"rendered":"https:\/\/dicodusport.fr\/blog\/?p=343936&#038;preview=true&#038;preview_id=343936"},"modified":"2023-01-16T08:15:16","modified_gmt":"2023-01-16T07:15:16","slug":"les-talonneurs-du-xv-de-france-quel-numero-deux-derriere-julien-marchand","status":"publish","type":"post","link":"https:\/\/dicodusport.fr\/blog\/les-talonneurs-du-xv-de-france-quel-numero-deux-derriere-julien-marchand\/","title":{"rendered":"Les talonneurs du XV de France : Quel num\u00e9ro deux derri\u00e8re Julien Marchand ?"},"content":{"rendered":"<p style=\"text-align: justify;\" align=\"justify\"><em><strong><a href=\"https:\/\/dicodusport.fr\/blog\/actualites\/rugby\/rugby-a-xv\/tournoi-des-6-nations-2023\/\">TOURNOI DES 6 NATIONS 2023<\/a> &#8211; Alors que les annonces des blessures n&rsquo;\u00e9pargnent pas le XV de France \u00e0 quelques semaines du d\u00e9but du Tournoi des 6 Nations, le poste de talonneur est encore plus touch\u00e9. En effet, les probables forfaits pour toute la comp\u00e9tition de Peato Mauvaka et Pierre Bourgarit redistribuent les cartes et pourraient ouvrir <a href=\"https:\/\/dicodusport.fr\/blog\/xv-de-france-les-potentiels-nouveaux-joueurs-pour-le-tournoi-des-6-nations-2023\/\">les portes \u00e0 des nouveaux joueurs<\/a>, ou des \u00e9l\u00e9ments mis sur la touche ces derniers mois par Fabien Galthi\u00e9. <\/strong><strong><span class=\"mw-page-title-main\">Ga\u00ebtan Barlot et Maxime Lamothe devraient \u00eatre les heureux \u00e9lus.<\/span><\/strong><\/em><\/p>\n<h2 style=\"text-align: justify;\" align=\"justify\">Une h\u00e9catombe chez les talonneurs<\/h2>\n<p align=\"justify\">L&rsquo;habituelle hi\u00e9rarchie des talonneurs du <a href=\"https:\/\/dicodusport.fr\/blog\/actualites\/rugby\/rugby-a-xv\/xv-de-france\/\"><strong>XV de France<\/strong><\/a> est totalement bouscul\u00e9e depuis le week-end dernier et l&rsquo;officialisation des blessures de <strong>Mauvaka <\/strong>(25 ans) et <strong>Bourgarit <\/strong>(25 ans). Si l&rsquo;ind\u00e9boulonnable <strong>Julien Marchand<\/strong> (27 ans) semble \u00eatre pr\u00eat \u00e0 tenir sa place pour d\u00e9fendre le Grand Chelem des Bleus, les num\u00e9ros 2 et 3 dans la hi\u00e9rarchie \u00e0 ce poste devraient manquer l&rsquo;int\u00e9gralit\u00e9 de ce rendez-vous (Mauvaka pourrait revenir pour la fin de la comp\u00e9tition).<\/p>\n<p align=\"justify\">Pi\u00e8ce maitresse de l&rsquo;effectif, le poste de talonneur ne peut pas \u00eatre d\u00e9laiss\u00e9 par le <strong>XV de France<\/strong> et les rempla\u00e7ants de Marchand doivent \u00eatre \u00e0 la hauteur de l&rsquo;enjeu pr\u00e9sent et suffoquant en fin de match (ballons port\u00e9s, lancers en touche&#8230;). En effet, jusqu&rsquo;\u00e0 maintenant, Mauvaka avait parfaitement brill\u00e9 dans cet exercice (en tant que rempla\u00e7ant et titulaire) en \u00e9tant m\u00eame le seul joueur fran\u00e7ais \u00e0 avoir disput\u00e9 l&rsquo;ensemble des matchs sur l&rsquo;ann\u00e9e 2022.<\/p>\n<div class=\"vlp-link-container vlp-layout-article\"><a href=\"https:\/\/dicodusport.fr\/blog\/xv-de-france-une-longue-liste-de-forfaits-et-dincertains-pour-le-6-nations-2023\/\" class=\"vlp-link\" title=\"XV de France : Une longue liste de forfaits et d&#039;incertains pour le 6 Nations 2023\"><\/a><div class=\"vlp-layout-zone-side\"><div class=\"vlp-block-4 vlp-link-image\"><img loading=\"lazy\" decoding=\"async\" style=\"max-width: 800px;\" width=\"800\" height=\"445\" src=\"https:\/\/dicodusport.fr\/blog\/wp-content\/uploads\/2023\/01\/XV-de-France-Une-longue-liste-de-forfaits-et-dincertains-pour-le-6-Nations-2023.png\" class=\"attachment-800x445 size-800x445\" alt=\"\" srcset=\"https:\/\/dicodusport.fr\/blog\/wp-content\/uploads\/2023\/01\/XV-de-France-Une-longue-liste-de-forfaits-et-dincertains-pour-le-6-Nations-2023.png 800w, https:\/\/dicodusport.fr\/blog\/wp-content\/uploads\/2023\/01\/XV-de-France-Une-longue-liste-de-forfaits-et-dincertains-pour-le-6-Nations-2023-300x167.png 300w, https:\/\/dicodusport.fr\/blog\/wp-content\/uploads\/2023\/01\/XV-de-France-Une-longue-liste-de-forfaits-et-dincertains-pour-le-6-Nations-2023-768x427.png 768w\" sizes=\"auto, (max-width: 800px) 100vw, 800px\" \/><\/div><\/div><div class=\"vlp-layout-zone-main\"><div class=\"vlp-block-0 vlp-link-title\">XV de France : Une longue liste de forfaits et d'incertains pour le 6 Nations 2023<\/div><div class=\"vlp-block-1 vlp-link-summary\">XV DE FRANCE - Dans les colonnes de Rugbyrama, Fabien Galthi\u00e9 a dress\u00e9 la liste des joueurs forfaits et incertains pour le Tournoi des 6 Nations 2023.<\/div><div class=\"vlp-block-2 vlp-link-button\">Lire l'article<\/div><div class=\"vlp-block-3 vlp-link-url\">dicodusport.fr<\/div><\/div><\/div>\n<h2 style=\"text-align: justify;\" align=\"justify\">Un grand r\u00e9servoir de jeunes talents<\/h2>\n<p style=\"text-align: justify;\">Logiquement, il sera compliqu\u00e9 de demander aux rempla\u00e7ants de Mauvaka (19 s\u00e9lections) et Bourgarit (7 s\u00e9lections) d&rsquo;apporter la m\u00eame efficacit\u00e9, tant l&rsquo;exp\u00e9rience qu&rsquo;ils ont d\u00e9j\u00e0 acquis, principalement le talonneur toulousain, est importante. Pour autant, si les profils et les qualit\u00e9s sont diff\u00e9rents, les autres talonneurs fran\u00e7ais peuvent rapidement amener une r\u00e9elle concurrence au poste.<\/p>\n<p style=\"text-align: justify;\">En Top 14, les clubs fran\u00e7ais peuvent s&rsquo;appuyer sur de tr\u00e8s bons talonneurs, \u00e0 l&rsquo;image de <strong>Camille Chat<\/strong> (Racing 92), <strong>Teddy Baubigny<\/strong> (RC Toulon) ou encore <strong>Yohan Beheregaray<\/strong> (ASM Clermont). Mais les deux candidats les plus s\u00e9rieux pour \u00eatre appel\u00e9s sur la liste des 42 joueurs participant au Tournoi des 6 Nations sont <span class=\"mw-page-title-main\"><strong>Ga\u00ebtan Barlot<\/strong> (Castres) et <strong>Maxime Lamothe<\/strong> (UBB).<\/span><\/p>\n<h2 id=\"firstHeading\" class=\"firstHeading mw-first-heading\"><span class=\"mw-page-title-main\">Ga\u00ebtan Barlot : Un habitu\u00e9 des Bleus qui peine cette saison<\/span><\/h2>\n<p style=\"text-align: justify;\">Avec 4 s\u00e9lections au compteur, le talonneur castrais a l&rsquo;habitude des rendez-vous du XV de France depuis 2021, m\u00eame si g\u00e9n\u00e9ralement, il se place plut\u00f4t en tribunes. Ses premiers pas en Bleus \u00e0 l&rsquo;\u00e9t\u00e9 2021 lors de la Tourn\u00e9e en Australie avaient \u00e9t\u00e9 tonitruants, l&rsquo;aidant par la suite \u00e0 r\u00e9aliser une saison compl\u00e8te avec le CO en Top 14. \u00c0 seulement 25 ans, <strong>Ga\u00ebtan Barlot<\/strong> compte d\u00e9j\u00e0 45 matchs dans l&rsquo;\u00e9lite du championnat fran\u00e7ais, un atout de taille pour g\u00e9rer la pression. Talonneur dynamique, puissant et rapide, son profil peut se rapprocher de celui de l&rsquo;explosif Pierre Bourgarit. Des qualit\u00e9s qui, en fin de match, peuvent \u00eatre d\u00e9cisives pour \u00e9touffer et transpercer la d\u00e9fense adverse.<\/p>\n<p style=\"text-align: justify;\">Le b\u00e9mol ? Une premi\u00e8re partie de saison instable et des phases de jeu mal maitris\u00e9es, pr\u00e9cis\u00e9ment dans le secteur de la touche. S&rsquo;il a disput\u00e9 15 matchs avec Castres, il manque clairement de confiance. Son rendement dans le jeu est moins efficace que la saison pass\u00e9e, le rendant moins percutant. Mais ce n&rsquo;est pas le seul point n\u00e9gatif actuellement pour le talonneur castrais. Effectivement, avec des lancers en touche approximatifs, le staff du <strong>XV de France<\/strong> pourrait prendre en compte cette variable pour d\u00e9signer le rempla\u00e7ant de Julien Marchand. Ce secteur \u00e9tant encore plus important en fin de match, d&rsquo;autant plus lors des rencontres du Tournoi. Le Castrais devra donc retrouver sa forme qu&rsquo;il l&rsquo;a fait \u00e9clore au haut niveau s&rsquo;il veut profiter du 6 Nations pour retrouver de la confiance.<\/p>\n<div id=\"attachment_163773\" style=\"width: 750px\" class=\"wp-caption aligncenter\"><a href=\"https:\/\/dicodusport.fr\/blog\/wp-content\/uploads\/2021\/09\/Gaetan-Barlot-scaled.jpg\"><img loading=\"lazy\" decoding=\"async\" aria-describedby=\"caption-attachment-163773\" class=\"size-large wp-image-163773\" src=\"https:\/\/dicodusport.fr\/blog\/wp-content\/uploads\/2021\/09\/Gaetan-Barlot-1024x683.jpg\" alt=\"Ga\u00ebtan Barlot\" width=\"740\" height=\"494\" srcset=\"https:\/\/dicodusport.fr\/blog\/wp-content\/uploads\/2021\/09\/Gaetan-Barlot-1024x683.jpg 1024w, https:\/\/dicodusport.fr\/blog\/wp-content\/uploads\/2021\/09\/Gaetan-Barlot-300x200.jpg 300w, https:\/\/dicodusport.fr\/blog\/wp-content\/uploads\/2021\/09\/Gaetan-Barlot-768x512.jpg 768w, https:\/\/dicodusport.fr\/blog\/wp-content\/uploads\/2021\/09\/Gaetan-Barlot-1536x1024.jpg 1536w, https:\/\/dicodusport.fr\/blog\/wp-content\/uploads\/2021\/09\/Gaetan-Barlot-2048x1366.jpg 2048w\" sizes=\"auto, (max-width: 740px) 100vw, 740px\" \/><\/a><p id=\"caption-attachment-163773\" class=\"wp-caption-text\">Ga\u00ebtan Barlot &#8211; Photo Icon Sport<\/p><\/div>\n<h2 style=\"text-align: justify;\">Maxime Lamothe : Des qualit\u00e9s atypiques int\u00e9ressantes<\/h2>\n<p style=\"text-align: justify;\">Son essai de 50 m\u00e8tres avec l&rsquo;Union Bordeaux B\u00e8gles contre Montpellier en avril dernier est encore dans toutes les m\u00e9moires. Repr\u00e9sentation parfaite du talonneur \u00e0 la fois explosif, athl\u00e9tique et rapide, <strong>Maxime Lamothe<\/strong> poss\u00e8de des qualit\u00e9s rares qui font de lui un candidat s\u00e9rieux. Titulaire indiscutable \u00e0 l&rsquo;UBB, son manque d&rsquo;exp\u00e9rience en bleu (aucune s\u00e9lection mais champion du monde des moins de 20 ans en 2018) pourra \u00eatre compens\u00e9 par cette originalit\u00e9 \u00e0 ce poste. En constante am\u00e9lioration, il pourrait surprendre le rugby fran\u00e7ais dans les ann\u00e9es \u00e0 venir, peut-\u00eatre m\u00eame d\u00e8s ce Tournoi.<\/p>\n<p style=\"text-align: justify;\">En comparaison avec son compatriote Barlot, le secteur de la touche est moins fragile que pour le Castrais. Pour les fins de matchs, sa vitesse et son explosivit\u00e9 seront sans aucun doute des qualit\u00e9s que rechercheront le staff des Bleus. En effet, c&rsquo;est en partie dans ce domaine que Peato Mauvaka excelle au plus haut niveau, que ce soit avec le Stade Toulousain ou le XV de France. Sous l&rsquo;\u00e8re <strong>Galthi\u00e9<\/strong>, des nombreuses surprises ont d\u00e9j\u00e0 \u00e9t\u00e9 d\u00e9couvertes avec les Bleus, et le tour de Maxime Lamothe est certainement arriv\u00e9. Ce Tournoi serait l&rsquo;occasion parfaite pour l&rsquo;ancien Bayonnais de briller et marquer des points primordiaux \u00e0 l&rsquo;approche de la prochaine Coupe du monde 2023 en France.<\/p>\n<h2 style=\"text-align: justify;\">Votre avis ?<\/h2>\n<div class=\"dem-poll-shortcode\">\n<style id=\"democracy-poll\">.democracy:after{content:'';display:table;clear:both}.democracy ul li,.democracy ul{background:0 0;padding:0;margin:0}.democracy ul li:before{display:none}.democracy input[type=radio],.democracy input[type=checkbox]{margin:0;vertical-align:middle}.democracy input[type=radio]:focus,.democracy input[type=checkbox]:focus{outline:none}.democracy ul{list-style:none !important;border:none !important}.democracy ul li{list-style:none !important}input[type=submit].dem-button,a.dem-button,.dem-button{position:relative;display:inline-block;text-decoration:none;line-height:1;border:0;margin:0;padding:0;cursor:pointer;white-space:nowrap;-webkit-user-select:none;-moz-user-select:none;-ms-user-select:none;user-select:none}input[type=submit].dem-button:focus,a.dem-button:focus,.dem-button:focus{outline:none}input[type=submit].dem-button:disabled,a.dem-button:disabled,.dem-button:disabled{opacity:.6;cursor:not-allowed}a.dem-button:hover{text-decoration:none !important}.democracy{position:relative;margin:0 auto}.democracy input[type=radio],.democracy input[type=checkbox]{margin-right:.2em}.dem-screen{position:relative;line-height:1.3}.democracy ul.dem-vote{margin-bottom:1em}.democracy ul.dem-vote li{padding-bottom:0;margin-bottom:0}.democracy ul.dem-vote li>*{margin-bottom:.6em}.democracy ul.dem-answers li{padding-bottom:1em}.dem-answers .dem-label{margin-bottom:.2em;line-height:1.2}.dem-graph{position:relative;color:#555;color:rgba(0,0,0,.6);box-sizing:content-box;width:100%;display:table;height:1.2em;line-height:1.2em}.dem-fill{position:absolute;top:0;left:0;height:100%;background-color:#7cb4dd}.dem-voted-this .dem-fill{background-color:#ffc45a}.dem-votes-txt,.dem-percent-txt{position:relative;display:table-cell;padding-left:.3em;vertical-align:middle;font-size:90%}.dem-poll-info{padding-bottom:1em}.dem-poll-info:after{content:'';display:table;clear:both}.dem-poll-info>*{font-size:85%;display:block;float:right;clear:both;text-align:right;opacity:.7;line-height:1.3}.dem-vote label{float:none;display:block}.dem-results-link{display:inline-block;line-height:1;margin:.8em 1em}.dem-vote .dem-disabled{opacity:.5}.democracy .dem-bottom{padding-bottom:1em}.dem-bottom{text-align:center}.dem-bottom:after{content:'';display:table;clear:both}.dem-poll-title{display:block;margin-bottom:1.5em;margin-top:1.2em;font-size:120%}.dem-notice{z-index:10;position:absolute;top:0;border-radius:2px;width:100%;padding:1.5em 2em;text-align:center;background:rgba(247,241,212,.8);color:#6d6214}.dem-notice-close{position:absolute;top:0;right:0;padding:5px;cursor:pointer;line-height:.6;font-size:150%}.dem-notice-close:hover{color:#d26616}.dem-star{font-size:90%;vertical-align:baseline;padding-left:.3em;color:#ff4e00}.dem-poll-note{font-size:90%;padding:.5em;opacity:.8;line-height:1.3}.democracy .dem-copyright{position:absolute;bottom:-1em;right:0;text-decoration:none;border-bottom:0;color:#b2b2b2;opacity:.5;line-height:1}.democracy .dem-copyright:hover{opacity:1}.dem-add-answer{position:relative}.dem-add-answer>*{display:block}.dem-add-answer a{display:inline-block}input.dem-add-answer-txt{width:100%;box-sizing:border-box}.dem-add-answer-close{position:absolute;right:0;padding:0 .7em;cursor:pointer;color:#333}.dem-add-answer-close:hover{color:#ff2700}.dem-edit-link{display:block;position:absolute;top:0;right:0;line-height:1;text-decoration:none !important;border:none !important}.dem-edit-link svg{width:1.2em!important;fill:#6c6c6c}.dem-edit-link:hover svg{fill:#35a91d}.dem-loader{display:none;position:absolute;top:0;left:0;width:100%;height:100%}.dem-loader>*{display:table-cell;vertical-align:middle;text-align:center}.dem-loader svg{width:20%;max-width:100px;min-width:80px;margin-bottom:15%}.dem-loader [class^=dem-]{margin-bottom:15%!important}.dem__collapser{display:block;cursor:pointer;text-align:center;font-size:150%;line-height:1}.dem__collapser:hover{color:#f31;background:rgba(255,255,255,.3)}.dem__collapser.expanded{position:relative;height:1em}.dem__collapser.collapsed{position:absolute;top:0;bottom:0;right:0;left:0}.dem__collapser .arr{display:block;position:absolute;bottom:0;width:100%}.dem__collapser.collapsed .arr:before{content:\"\u25be\"}.dem__collapser.expanded .arr:before{content:\"\u25b4\"}.dem-poll-shortcode{margin-bottom:1.5em}.dem-archives .dem-elem-wrap{margin-bottom:2em;padding-bottom:20px;border-bottom:1px dashed rgba(0,0,0,.1)}.dem-archives .dem-archive-link{display:none}.dem-paging{text-align:center;margin:1.5em auto}.dem-paging>*{display:inline-block;padding:.3em .8em;border-radius:.2em;background:#e2e2e2;color:#333;text-decoration:none;text-transform:lowercase;user-select:none}.dem-paging>a{color:#333}.dem-paging>a:hover{background:#ccc;color:#333;text-decoration:none}.dem-paging .current{background:#656565;color:#fff}.dem-paging .dots{background:0 0}.democracy{border-color:#ccc;border:1px solid rgba(0,0,0,.1);background-color:#eee;background-color:rgba(0,0,0,.1);background-image:-webkit-linear-gradient(bottom,rgba(0,0,0,.05),transparent);background-image:linear-gradient(to top,rgba(0,0,0,.05),transparent);padding:1em;padding-bottom:.5em;margin-bottom:1em}.dem-poll-title{margin:0;font-size:115%;margin:-.9em;margin-bottom:1em;text-align:center;padding:1em;border-bottom:1px solid rgba(0,0,0,.1)}.dem-percent-txt,.dem-label-percent-txt{display:none}.dem-votes-txt-percent:before{content:'- ';display:inline}.dem-revote-button:before{content:'\u25c2 '}.dem-graph{background-color:rgba(255,255,255,.8)}.dem-results-link{margin-bottom:0}.dem__checkbox,.dem__radio{display:none !important}.dem__checkbox_label,.dem__radio_label{position:relative;box-sizing:content-box}.dem__checkbox_label .dem__spot{border-radius:3px}.dem__radio_label .dem__spot{border-radius:50%}.dem__checkbox_label .dem__spot,.dem__radio_label .dem__spot{position:relative;display:inline-block;vertical-align:baseline;width:.9em;height:.9em;margin-right:.3em;cursor:pointer;background:#fff;border:1px solid #ccc}.dem__checkbox_label .dem__spot:after{width:.9em;height:.32em;top:-.1em;left:.145em;border:.17em solid #333;border-top:none;border-right:none;-webkit-transform:rotate(-45deg);transform:rotate(-45deg);background:0 0}.dem__radio_label .dem__spot:after{width:.5em;height:.5em;border-radius:50%;top:50%;left:50%;-webkit-transform:translate(-50%,-50%);transform:translate(-50%,-50%);background:#333}.dem__checkbox_label .dem__spot:after,.dem__radio_label .dem__spot:after{content:'';position:absolute;opacity:0}.dem__checkbox_label:hover .dem__spot:after,.dem__radio_label:hover .dem__spot:after{opacity:.2}.dem__checkbox:checked+.dem__spot,.dem__radio:checked+.dem__spot{border-color:#999}.dem__checkbox:checked+.dem__spot:after,.dem__radio:checked+.dem__spot:after{opacity:1}.dem__checkbox:disabled+.dem__spot,.dem__radio:disabled+.dem__spot{opacity:.5}.dem__checkbox:not(:checked):disabled+.dem__spot:after,.dem__radio:not(:checked):disabled+.dem__spot:after{opacity:0}input[type=submit].dem-button,a.dem-button,.dem-button{font-size:90%;font-family:tahoma,arial,sans-serif;padding:.8em 1.6em !important;color:#fff;background:#61a9de;text-transform:uppercase}input[type=submit].dem-button:hover,a.dem-button:hover,.dem-button:hover{color:#fff;background:#3b8bc6}a.dem-button:visited{color:#fff}.dem-loader .fill{fill:#0248ed !important}.dem-loader .css-fill{background-color:#0248ed !important}.dem-loader .stroke{stroke:#0248ed !important}.dem-graph{background:#a5a5a5 !important}.dem-fill{background-color:#1c62ed !important}.dem-voted-this .dem-fill{background-color:#30a82a !important}.dem-graph{height:25px;line-height:25px}.dem-button{background-color:#f71339 !important}.dem-button{color:#efefef !important}.democracy{background-color:#fff;color:#000}.dem-poll-info{color:#000}.dem-votes-txt,.dem-percent-txt{color:#fff}<\/style>\n<div id=\"democracy-917\" class=\"democracy\" data-opts='{\"ajax_url\":\"https:\\\/\\\/dicodusport.fr\\\/blog\\\/wp-admin\\\/admin-ajax.php\",\"pid\":917,\"max_answs\":0,\"answs_max_height\":\"-1\",\"anim_speed\":\"400\",\"line_anim_speed\":1500}' ><strong class=\"dem-poll-title\">6 Nations : Quel talonneur num\u00e9ro deux derri\u00e8re Julien Marchand ?<\/strong><div class=\"dem-screen vote\"><form method=\"POST\" action=\"#democracy-917\">\n\t<ul class=\"dem-vote\">\n\t\t<li data-aid=\"4728\">\n\t<label class=\"dem__radio_label\">\n\t\t<input class=\"dem__radio\"  type=\"radio\" value=\"4728\" name=\"answer_ids[]\"  ><span class=\"dem__spot\"><\/span> Ga\u00ebtan Barlot (Castres)\n\t<\/label>\n<\/li><li data-aid=\"4729\">\n\t<label class=\"dem__radio_label\">\n\t\t<input class=\"dem__radio\"  type=\"radio\" value=\"4729\" name=\"answer_ids[]\"  ><span class=\"dem__spot\"><\/span> Maxime Lamothe (UBB)\n\t<\/label>\n<\/li><li data-aid=\"4730\">\n\t<label class=\"dem__radio_label\">\n\t\t<input class=\"dem__radio\"  type=\"radio\" value=\"4730\" name=\"answer_ids[]\"  ><span class=\"dem__spot\"><\/span> Yohan Beheregaray (Clermont)\n\t<\/label>\n<\/li><li data-aid=\"4731\">\n\t<label class=\"dem__radio_label\">\n\t\t<input class=\"dem__radio\"  type=\"radio\" value=\"4731\" name=\"answer_ids[]\"  ><span class=\"dem__spot\"><\/span> Camille Chat (Racing 92)\n\t<\/label>\n<\/li><li data-aid=\"4732\">\n\t<label class=\"dem__radio_label\">\n\t\t<input class=\"dem__radio\"  type=\"radio\" value=\"4732\" name=\"answer_ids[]\"  ><span class=\"dem__spot\"><\/span> Teddy Baubigny (RC Toulon)\n\t<\/label>\n<\/li>\n\t<\/ul>\n\t<div class=\"dem-bottom\"><input type=\"hidden\" name=\"dem_act\" value=\"vote\"><input type=\"hidden\" name=\"dem_pid\" value=\"917\"><div class=\"dem-vote-button\"><input class=\"dem-button \" type=\"submit\" value=\"Voter\" data-dem-act=\"vote\"><\/div><\/div>\n<\/form><\/div><noscript>Poll Options are limited because JavaScript is disabled in your browser.<\/noscript><div class=\"dem-loader\"><div><style type=\"text\/css\">\n.dem-circle {\n  width:100%;\n  height:100%;\n  min-width:40px;\n  min-height:40px;\n  max-width:70px;\n  max-height:70px;\n\n  position: relative;\n  margin: 0 auto;\n}\n\n.double-bounce1, .double-bounce2 {\n  width: 100%;\n  height: 100%;\n  border-radius: 50%;\n  background-color: #226ec6;\n  opacity: 0.6;\n  position: absolute;\n  top: 0;\n  left: 0;\n  \n  -webkit-animation: bounce 2.0s infinite ease-in-out;\n  animation: bounce 2.0s infinite ease-in-out;\n}\n\n.double-bounce2 {\n  -webkit-animation-delay: -1.0s;\n  animation-delay: -1.0s;\n}\n\n@-webkit-keyframes bounce {\n  0%, 100% { -webkit-transform: scale(0.0) }\n  50% { -webkit-transform: scale(1.0) }\n}\n\n@keyframes bounce {\n  0%, 100% { \n    transform: scale(0.0);\n    -webkit-transform: scale(0.0);\n  } 50% { \n    transform: scale(1.0);\n    -webkit-transform: scale(1.0);\n  }\n}<\/style>\n\n<div class=\"dem-circle\">\n  <div class=\"double-bounce1 css-fill\"><\/div>\n  <div class=\"double-bounce2 css-fill\"><\/div>\n<\/div><\/div><\/div><\/div><!--democracy--><\/div>\n","protected":false},"excerpt":{"rendered":"<p>TOURNOI DES 6 NATIONS 2023 &#8211; Alors que les annonces des blessures n&rsquo;\u00e9pargnent pas le XV de France \u00e0 quelques semaines du d\u00e9but du Tournoi des 6 Nations, le poste de talonneur est encore plus touch\u00e9. En effet, les probables forfaits pour toute la comp\u00e9tition de Peato Mauvaka et Pierre Bourgarit redistribuent les cartes et pourraient ouvrir les portes \u00e0 des nouveaux joueurs, ou des \u00e9l\u00e9ments mis sur la touche ces derniers mois par Fabien Galthi\u00e9. Ga\u00ebtan Barlot et Maxime Lamothe devraient \u00eatre les heureux \u00e9lus.<\/p>\n","protected":false},"author":76,"featured_media":345207,"comment_status":"open","ping_status":"closed","sticky":false,"template":"","format":"standard","meta":{"_acf_changed":false,"_daextam_enable_autolinks":"","footnotes":""},"categories":[9129,47048,19951],"tags":[28867,13,1638],"class_list":["post-343936","post","type-post","status-publish","format-standard","has-post-thumbnail","hentry","category-rugby-a-xv","category-tournoi-des-6-nations","category-xv-de-france","tag-gaetan-barlot","tag-rugby","tag-xv-de-france"],"acf":[],"yoast_head":"<!-- This site is optimized with the Yoast SEO Premium plugin v26.7 (Yoast SEO v26.7) - https:\/\/yoast.com\/wordpress\/plugins\/seo\/ -->\n<title>Les talonneurs du XV de France : Quel num\u00e9ro deux derri\u00e8re Julien Marchand ?<\/title>\n<meta name=\"description\" content=\"Perturb\u00e9 par les blessures de Peato Mauvaka et Pierre Bourgarit, le XV de France pourra s&#039;appuyer sur Ga\u00ebtan Barlot et Maxime Lamothe.\" \/>\n<meta name=\"robots\" content=\"index, follow, max-snippet:-1, max-image-preview:large, max-video-preview:-1\" \/>\n<link rel=\"canonical\" href=\"https:\/\/dicodusport.fr\/blog\/les-talonneurs-du-xv-de-france-quel-numero-deux-derriere-julien-marchand\/\" \/>\n<meta property=\"og:locale\" content=\"fr_FR\" \/>\n<meta property=\"og:type\" content=\"article\" \/>\n<meta property=\"og:title\" content=\"Les talonneurs du XV de France : Quel num\u00e9ro deux derri\u00e8re Julien Marchand ?\" \/>\n<meta property=\"og:description\" content=\"Perturb\u00e9 par les blessures de Peato Mauvaka et Pierre Bourgarit, le XV de France pourra s&#039;appuyer sur Ga\u00ebtan Barlot et Maxime Lamothe.\" \/>\n<meta property=\"og:url\" content=\"https:\/\/dicodusport.fr\/blog\/les-talonneurs-du-xv-de-france-quel-numero-deux-derriere-julien-marchand\/\" \/>\n<meta property=\"og:site_name\" content=\"Dicodusport\" \/>\n<meta property=\"article:publisher\" content=\"https:\/\/www.facebook.com\/dicodusport\" \/>\n<meta property=\"article:published_time\" content=\"2023-01-16T10:00:34+00:00\" \/>\n<meta property=\"og:image\" content=\"https:\/\/dicodusport.fr\/blog\/wp-content\/uploads\/2023\/01\/Les-talonneurs-du-XV-de-France-Quel-numero-deux-derriere-Julien-Marchand-.png\" \/>\n\t<meta property=\"og:image:width\" content=\"800\" \/>\n\t<meta property=\"og:image:height\" content=\"445\" \/>\n\t<meta property=\"og:image:type\" content=\"image\/png\" \/>\n<meta name=\"author\" content=\"Tom Lacaille\" \/>\n<meta name=\"twitter:card\" content=\"summary_large_image\" \/>\n<meta name=\"twitter:title\" content=\"Les talonneurs du XV de France : Quel num\u00e9ro deux derri\u00e8re Julien Marchand ?\" \/>\n<meta name=\"twitter:creator\" content=\"@Tom Lacaille\" \/>\n<meta name=\"twitter:site\" content=\"@dicodusport\" \/>\n<script type=\"application\/ld+json\" class=\"yoast-schema-graph\">{\"@context\":\"https:\/\/schema.org\",\"@graph\":[{\"@type\":\"NewsArticle\",\"@id\":\"https:\/\/dicodusport.fr\/blog\/les-talonneurs-du-xv-de-france-quel-numero-deux-derriere-julien-marchand\/#article\",\"isPartOf\":{\"@id\":\"https:\/\/dicodusport.fr\/blog\/les-talonneurs-du-xv-de-france-quel-numero-deux-derriere-julien-marchand\/\"},\"author\":{\"name\":\"Tom Lacaille\",\"@id\":\"https:\/\/dicodusport.fr\/blog\/#\/schema\/person\/8b8ec0dc77c31efd8fe9820383d505b3\"},\"headline\":\"Les talonneurs du XV de France : Quel num\u00e9ro deux derri\u00e8re Julien Marchand ?\",\"datePublished\":\"2023-01-16T10:00:34+00:00\",\"mainEntityOfPage\":{\"@id\":\"https:\/\/dicodusport.fr\/blog\/les-talonneurs-du-xv-de-france-quel-numero-deux-derriere-julien-marchand\/\"},\"wordCount\":1018,\"commentCount\":0,\"publisher\":{\"@id\":\"https:\/\/dicodusport.fr\/blog\/#organization\"},\"image\":{\"@id\":\"https:\/\/dicodusport.fr\/blog\/les-talonneurs-du-xv-de-france-quel-numero-deux-derriere-julien-marchand\/#primaryimage\"},\"thumbnailUrl\":\"https:\/\/dicodusport.fr\/blog\/wp-content\/uploads\/2023\/01\/Les-talonneurs-du-XV-de-France-Quel-numero-deux-derriere-Julien-Marchand-.png\",\"keywords\":[\"Ga\u00ebtan Barlot\",\"Rugby\",\"XV de France\"],\"articleSection\":[\"Rugby \u00e0 XV\",\"Tournoi des 6 Nations\",\"XV de France\"],\"inLanguage\":\"fr-FR\",\"potentialAction\":[{\"@type\":\"CommentAction\",\"name\":\"Comment\",\"target\":[\"https:\/\/dicodusport.fr\/blog\/les-talonneurs-du-xv-de-france-quel-numero-deux-derriere-julien-marchand\/#respond\"]}],\"copyrightYear\":\"2023\",\"copyrightHolder\":{\"@id\":\"https:\/\/dicodusport.fr\/blog\/#organization\"}},{\"@type\":\"WebPage\",\"@id\":\"https:\/\/dicodusport.fr\/blog\/les-talonneurs-du-xv-de-france-quel-numero-deux-derriere-julien-marchand\/\",\"url\":\"https:\/\/dicodusport.fr\/blog\/les-talonneurs-du-xv-de-france-quel-numero-deux-derriere-julien-marchand\/\",\"name\":\"Les talonneurs du XV de France : Quel num\u00e9ro deux derri\u00e8re Julien Marchand ?\",\"isPartOf\":{\"@id\":\"https:\/\/dicodusport.fr\/blog\/#website\"},\"primaryImageOfPage\":{\"@id\":\"https:\/\/dicodusport.fr\/blog\/les-talonneurs-du-xv-de-france-quel-numero-deux-derriere-julien-marchand\/#primaryimage\"},\"image\":{\"@id\":\"https:\/\/dicodusport.fr\/blog\/les-talonneurs-du-xv-de-france-quel-numero-deux-derriere-julien-marchand\/#primaryimage\"},\"thumbnailUrl\":\"https:\/\/dicodusport.fr\/blog\/wp-content\/uploads\/2023\/01\/Les-talonneurs-du-XV-de-France-Quel-numero-deux-derriere-Julien-Marchand-.png\",\"datePublished\":\"2023-01-16T10:00:34+00:00\",\"description\":\"Perturb\u00e9 par les blessures de Peato Mauvaka et Pierre Bourgarit, le XV de France pourra s'appuyer sur Ga\u00ebtan Barlot et Maxime Lamothe.\",\"breadcrumb\":{\"@id\":\"https:\/\/dicodusport.fr\/blog\/les-talonneurs-du-xv-de-france-quel-numero-deux-derriere-julien-marchand\/#breadcrumb\"},\"inLanguage\":\"fr-FR\",\"potentialAction\":[{\"@type\":\"ReadAction\",\"target\":[\"https:\/\/dicodusport.fr\/blog\/les-talonneurs-du-xv-de-france-quel-numero-deux-derriere-julien-marchand\/\"]}]},{\"@type\":\"ImageObject\",\"inLanguage\":\"fr-FR\",\"@id\":\"https:\/\/dicodusport.fr\/blog\/les-talonneurs-du-xv-de-france-quel-numero-deux-derriere-julien-marchand\/#primaryimage\",\"url\":\"https:\/\/dicodusport.fr\/blog\/wp-content\/uploads\/2023\/01\/Les-talonneurs-du-XV-de-France-Quel-numero-deux-derriere-Julien-Marchand-.png\",\"contentUrl\":\"https:\/\/dicodusport.fr\/blog\/wp-content\/uploads\/2023\/01\/Les-talonneurs-du-XV-de-France-Quel-numero-deux-derriere-Julien-Marchand-.png\",\"width\":800,\"height\":445,\"caption\":\"Les talonneurs du XV de France Quel num\u00e9ro deux derri\u00e8re Julien Marchand\"},{\"@type\":\"BreadcrumbList\",\"@id\":\"https:\/\/dicodusport.fr\/blog\/les-talonneurs-du-xv-de-france-quel-numero-deux-derriere-julien-marchand\/#breadcrumb\",\"itemListElement\":[{\"@type\":\"ListItem\",\"position\":1,\"name\":\"Accueil\",\"item\":\"https:\/\/dicodusport.fr\/blog\/\"},{\"@type\":\"ListItem\",\"position\":2,\"name\":\"Les talonneurs du XV de France : Quel num\u00e9ro deux derri\u00e8re Julien Marchand ?\"}]},{\"@type\":\"WebSite\",\"@id\":\"https:\/\/dicodusport.fr\/blog\/#website\",\"url\":\"https:\/\/dicodusport.fr\/blog\/\",\"name\":\"Dicodusport\",\"description\":\"L&#039;encyclop\u00e9die de l&#039;actualit\u00e9 sportive\",\"publisher\":{\"@id\":\"https:\/\/dicodusport.fr\/blog\/#organization\"},\"potentialAction\":[{\"@type\":\"SearchAction\",\"target\":{\"@type\":\"EntryPoint\",\"urlTemplate\":\"https:\/\/dicodusport.fr\/blog\/?s={search_term_string}\"},\"query-input\":{\"@type\":\"PropertyValueSpecification\",\"valueRequired\":true,\"valueName\":\"search_term_string\"}}],\"inLanguage\":\"fr-FR\"},{\"@type\":\"NewsMediaOrganization\",\"@id\":\"https:\/\/dicodusport.fr\/blog\/#organization\",\"name\":\"Dicodusport\",\"url\":\"https:\/\/dicodusport.fr\/blog\/\",\"logo\":{\"@type\":\"ImageObject\",\"inLanguage\":\"fr-FR\",\"@id\":\"https:\/\/dicodusport.fr\/blog\/#\/schema\/logo\/image\/\",\"url\":\"https:\/\/dicodusport.fr\/blog\/wp-content\/uploads\/2020\/06\/cropped-LOGO-DICODUSPORT-2020-SANS-FOND-SANS-TEXTE.png\",\"contentUrl\":\"https:\/\/dicodusport.fr\/blog\/wp-content\/uploads\/2020\/06\/cropped-LOGO-DICODUSPORT-2020-SANS-FOND-SANS-TEXTE.png\",\"width\":512,\"height\":512,\"caption\":\"Dicodusport\"},\"image\":{\"@id\":\"https:\/\/dicodusport.fr\/blog\/#\/schema\/logo\/image\/\"},\"sameAs\":[\"https:\/\/www.facebook.com\/dicodusport\",\"https:\/\/x.com\/dicodusport\",\"https:\/\/www.instagram.com\/dicodusport\/\",\"https:\/\/www.youtube.com\/channel\/UC7V2KZ5sd3htJivAbA4ZG3w\"],\"description\":\"Dicodusport est l'encyclop\u00e9die de l'actualit\u00e9 sportive.\",\"email\":\"bonjour@dicodusport.fr\",\"legalName\":\"DICODUSPORT\",\"foundingDate\":\"2018-01-14\",\"vatID\":\"FR71834470973\",\"taxID\":\"83447097300043\",\"numberOfEmployees\":{\"@type\":\"QuantitativeValue\",\"minValue\":\"1\",\"maxValue\":\"10\"}},{\"@type\":\"Person\",\"@id\":\"https:\/\/dicodusport.fr\/blog\/#\/schema\/person\/8b8ec0dc77c31efd8fe9820383d505b3\",\"name\":\"Tom Lacaille\",\"image\":{\"@type\":\"ImageObject\",\"inLanguage\":\"fr-FR\",\"@id\":\"https:\/\/dicodusport.fr\/blog\/#\/schema\/person\/image\/\",\"url\":\"https:\/\/dicodusport.fr\/blog\/wp-content\/uploads\/2022\/10\/photo-profil-150x150.jpg\",\"contentUrl\":\"https:\/\/dicodusport.fr\/blog\/wp-content\/uploads\/2022\/10\/photo-profil-150x150.jpg\",\"caption\":\"Tom Lacaille\"},\"description\":\"Actuellement \u00e2g\u00e9 de 19 ans, ma passion du sport est berc\u00e9e par la descente aux enfers des Verts, la d\u00e9gringolade de l'ASM Clermont et le futur triomphe des Celtics. En toute logique, je suis un grand passionn\u00e9 de sport et j'essaie de retranscrire mes analyses dans les articles. Le r\u00eave d'\u00eatre journaliste est ma principale source de motivation, en esp\u00e9rant (un jour) apporter un air nouveau \u00e0 ce si beau secteur.\",\"sameAs\":[\"https:\/\/x.com\/Tom Lacaille\"],\"url\":\"https:\/\/dicodusport.fr\/blog\/author\/tom-lacaille\/\"}]}<\/script>\n<!-- \/ Yoast SEO Premium plugin. -->","yoast_head_json":{"title":"Les talonneurs du XV de France : Quel num\u00e9ro deux derri\u00e8re Julien Marchand ?","description":"Perturb\u00e9 par les blessures de Peato Mauvaka et Pierre Bourgarit, le XV de France pourra s'appuyer sur Ga\u00ebtan Barlot et Maxime Lamothe.","robots":{"index":"index","follow":"follow","max-snippet":"max-snippet:-1","max-image-preview":"max-image-preview:large","max-video-preview":"max-video-preview:-1"},"canonical":"https:\/\/dicodusport.fr\/blog\/les-talonneurs-du-xv-de-france-quel-numero-deux-derriere-julien-marchand\/","og_locale":"fr_FR","og_type":"article","og_title":"Les talonneurs du XV de France : Quel num\u00e9ro deux derri\u00e8re Julien Marchand ?","og_description":"Perturb\u00e9 par les blessures de Peato Mauvaka et Pierre Bourgarit, le XV de France pourra s'appuyer sur Ga\u00ebtan Barlot et Maxime Lamothe.","og_url":"https:\/\/dicodusport.fr\/blog\/les-talonneurs-du-xv-de-france-quel-numero-deux-derriere-julien-marchand\/","og_site_name":"Dicodusport","article_publisher":"https:\/\/www.facebook.com\/dicodusport","article_published_time":"2023-01-16T10:00:34+00:00","og_image":[{"width":800,"height":445,"url":"https:\/\/dicodusport.fr\/blog\/wp-content\/uploads\/2023\/01\/Les-talonneurs-du-XV-de-France-Quel-numero-deux-derriere-Julien-Marchand-.png","type":"image\/png"}],"author":"Tom Lacaille","twitter_card":"summary_large_image","twitter_title":"Les talonneurs du XV de France : Quel num\u00e9ro deux derri\u00e8re Julien Marchand ?","twitter_creator":"@Tom Lacaille","twitter_site":"@dicodusport","schema":{"@context":"https:\/\/schema.org","@graph":[{"@type":"NewsArticle","@id":"https:\/\/dicodusport.fr\/blog\/les-talonneurs-du-xv-de-france-quel-numero-deux-derriere-julien-marchand\/#article","isPartOf":{"@id":"https:\/\/dicodusport.fr\/blog\/les-talonneurs-du-xv-de-france-quel-numero-deux-derriere-julien-marchand\/"},"author":{"name":"Tom Lacaille","@id":"https:\/\/dicodusport.fr\/blog\/#\/schema\/person\/8b8ec0dc77c31efd8fe9820383d505b3"},"headline":"Les talonneurs du XV de France : Quel num\u00e9ro deux derri\u00e8re Julien Marchand ?","datePublished":"2023-01-16T10:00:34+00:00","mainEntityOfPage":{"@id":"https:\/\/dicodusport.fr\/blog\/les-talonneurs-du-xv-de-france-quel-numero-deux-derriere-julien-marchand\/"},"wordCount":1018,"commentCount":0,"publisher":{"@id":"https:\/\/dicodusport.fr\/blog\/#organization"},"image":{"@id":"https:\/\/dicodusport.fr\/blog\/les-talonneurs-du-xv-de-france-quel-numero-deux-derriere-julien-marchand\/#primaryimage"},"thumbnailUrl":"https:\/\/dicodusport.fr\/blog\/wp-content\/uploads\/2023\/01\/Les-talonneurs-du-XV-de-France-Quel-numero-deux-derriere-Julien-Marchand-.png","keywords":["Ga\u00ebtan Barlot","Rugby","XV de France"],"articleSection":["Rugby \u00e0 XV","Tournoi des 6 Nations","XV de France"],"inLanguage":"fr-FR","potentialAction":[{"@type":"CommentAction","name":"Comment","target":["https:\/\/dicodusport.fr\/blog\/les-talonneurs-du-xv-de-france-quel-numero-deux-derriere-julien-marchand\/#respond"]}],"copyrightYear":"2023","copyrightHolder":{"@id":"https:\/\/dicodusport.fr\/blog\/#organization"}},{"@type":"WebPage","@id":"https:\/\/dicodusport.fr\/blog\/les-talonneurs-du-xv-de-france-quel-numero-deux-derriere-julien-marchand\/","url":"https:\/\/dicodusport.fr\/blog\/les-talonneurs-du-xv-de-france-quel-numero-deux-derriere-julien-marchand\/","name":"Les talonneurs du XV de France : Quel num\u00e9ro deux derri\u00e8re Julien Marchand ?","isPartOf":{"@id":"https:\/\/dicodusport.fr\/blog\/#website"},"primaryImageOfPage":{"@id":"https:\/\/dicodusport.fr\/blog\/les-talonneurs-du-xv-de-france-quel-numero-deux-derriere-julien-marchand\/#primaryimage"},"image":{"@id":"https:\/\/dicodusport.fr\/blog\/les-talonneurs-du-xv-de-france-quel-numero-deux-derriere-julien-marchand\/#primaryimage"},"thumbnailUrl":"https:\/\/dicodusport.fr\/blog\/wp-content\/uploads\/2023\/01\/Les-talonneurs-du-XV-de-France-Quel-numero-deux-derriere-Julien-Marchand-.png","datePublished":"2023-01-16T10:00:34+00:00","description":"Perturb\u00e9 par les blessures de Peato Mauvaka et Pierre Bourgarit, le XV de France pourra s'appuyer sur Ga\u00ebtan Barlot et Maxime Lamothe.","breadcrumb":{"@id":"https:\/\/dicodusport.fr\/blog\/les-talonneurs-du-xv-de-france-quel-numero-deux-derriere-julien-marchand\/#breadcrumb"},"inLanguage":"fr-FR","potentialAction":[{"@type":"ReadAction","target":["https:\/\/dicodusport.fr\/blog\/les-talonneurs-du-xv-de-france-quel-numero-deux-derriere-julien-marchand\/"]}]},{"@type":"ImageObject","inLanguage":"fr-FR","@id":"https:\/\/dicodusport.fr\/blog\/les-talonneurs-du-xv-de-france-quel-numero-deux-derriere-julien-marchand\/#primaryimage","url":"https:\/\/dicodusport.fr\/blog\/wp-content\/uploads\/2023\/01\/Les-talonneurs-du-XV-de-France-Quel-numero-deux-derriere-Julien-Marchand-.png","contentUrl":"https:\/\/dicodusport.fr\/blog\/wp-content\/uploads\/2023\/01\/Les-talonneurs-du-XV-de-France-Quel-numero-deux-derriere-Julien-Marchand-.png","width":800,"height":445,"caption":"Les talonneurs du XV de France Quel num\u00e9ro deux derri\u00e8re Julien Marchand"},{"@type":"BreadcrumbList","@id":"https:\/\/dicodusport.fr\/blog\/les-talonneurs-du-xv-de-france-quel-numero-deux-derriere-julien-marchand\/#breadcrumb","itemListElement":[{"@type":"ListItem","position":1,"name":"Accueil","item":"https:\/\/dicodusport.fr\/blog\/"},{"@type":"ListItem","position":2,"name":"Les talonneurs du XV de France : Quel num\u00e9ro deux derri\u00e8re Julien Marchand ?"}]},{"@type":"WebSite","@id":"https:\/\/dicodusport.fr\/blog\/#website","url":"https:\/\/dicodusport.fr\/blog\/","name":"Dicodusport","description":"L&#039;encyclop\u00e9die de l&#039;actualit\u00e9 sportive","publisher":{"@id":"https:\/\/dicodusport.fr\/blog\/#organization"},"potentialAction":[{"@type":"SearchAction","target":{"@type":"EntryPoint","urlTemplate":"https:\/\/dicodusport.fr\/blog\/?s={search_term_string}"},"query-input":{"@type":"PropertyValueSpecification","valueRequired":true,"valueName":"search_term_string"}}],"inLanguage":"fr-FR"},{"@type":"NewsMediaOrganization","@id":"https:\/\/dicodusport.fr\/blog\/#organization","name":"Dicodusport","url":"https:\/\/dicodusport.fr\/blog\/","logo":{"@type":"ImageObject","inLanguage":"fr-FR","@id":"https:\/\/dicodusport.fr\/blog\/#\/schema\/logo\/image\/","url":"https:\/\/dicodusport.fr\/blog\/wp-content\/uploads\/2020\/06\/cropped-LOGO-DICODUSPORT-2020-SANS-FOND-SANS-TEXTE.png","contentUrl":"https:\/\/dicodusport.fr\/blog\/wp-content\/uploads\/2020\/06\/cropped-LOGO-DICODUSPORT-2020-SANS-FOND-SANS-TEXTE.png","width":512,"height":512,"caption":"Dicodusport"},"image":{"@id":"https:\/\/dicodusport.fr\/blog\/#\/schema\/logo\/image\/"},"sameAs":["https:\/\/www.facebook.com\/dicodusport","https:\/\/x.com\/dicodusport","https:\/\/www.instagram.com\/dicodusport\/","https:\/\/www.youtube.com\/channel\/UC7V2KZ5sd3htJivAbA4ZG3w"],"description":"Dicodusport est l'encyclop\u00e9die de l'actualit\u00e9 sportive.","email":"bonjour@dicodusport.fr","legalName":"DICODUSPORT","foundingDate":"2018-01-14","vatID":"FR71834470973","taxID":"83447097300043","numberOfEmployees":{"@type":"QuantitativeValue","minValue":"1","maxValue":"10"}},{"@type":"Person","@id":"https:\/\/dicodusport.fr\/blog\/#\/schema\/person\/8b8ec0dc77c31efd8fe9820383d505b3","name":"Tom Lacaille","image":{"@type":"ImageObject","inLanguage":"fr-FR","@id":"https:\/\/dicodusport.fr\/blog\/#\/schema\/person\/image\/","url":"https:\/\/dicodusport.fr\/blog\/wp-content\/uploads\/2022\/10\/photo-profil-150x150.jpg","contentUrl":"https:\/\/dicodusport.fr\/blog\/wp-content\/uploads\/2022\/10\/photo-profil-150x150.jpg","caption":"Tom Lacaille"},"description":"Actuellement \u00e2g\u00e9 de 19 ans, ma passion du sport est berc\u00e9e par la descente aux enfers des Verts, la d\u00e9gringolade de l'ASM Clermont et le futur triomphe des Celtics. En toute logique, je suis un grand passionn\u00e9 de sport et j'essaie de retranscrire mes analyses dans les articles. Le r\u00eave d'\u00eatre journaliste est ma principale source de motivation, en esp\u00e9rant (un jour) apporter un air nouveau \u00e0 ce si beau secteur.","sameAs":["https:\/\/x.com\/Tom Lacaille"],"url":"https:\/\/dicodusport.fr\/blog\/author\/tom-lacaille\/"}]}},"_links":{"self":[{"href":"https:\/\/dicodusport.fr\/blog\/wp-json\/wp\/v2\/posts\/343936","targetHints":{"allow":["GET"]}}],"collection":[{"href":"https:\/\/dicodusport.fr\/blog\/wp-json\/wp\/v2\/posts"}],"about":[{"href":"https:\/\/dicodusport.fr\/blog\/wp-json\/wp\/v2\/types\/post"}],"author":[{"embeddable":true,"href":"https:\/\/dicodusport.fr\/blog\/wp-json\/wp\/v2\/users\/76"}],"replies":[{"embeddable":true,"href":"https:\/\/dicodusport.fr\/blog\/wp-json\/wp\/v2\/comments?post=343936"}],"version-history":[{"count":0,"href":"https:\/\/dicodusport.fr\/blog\/wp-json\/wp\/v2\/posts\/343936\/revisions"}],"wp:featuredmedia":[{"embeddable":true,"href":"https:\/\/dicodusport.fr\/blog\/wp-json\/wp\/v2\/media\/345207"}],"wp:attachment":[{"href":"https:\/\/dicodusport.fr\/blog\/wp-json\/wp\/v2\/media?parent=343936"}],"wp:term":[{"taxonomy":"category","embeddable":true,"href":"https:\/\/dicodusport.fr\/blog\/wp-json\/wp\/v2\/categories?post=343936"},{"taxonomy":"post_tag","embeddable":true,"href":"https:\/\/dicodusport.fr\/blog\/wp-json\/wp\/v2\/tags?post=343936"}],"curies":[{"name":"wp","href":"https:\/\/api.w.org\/{rel}","templated":true}]}}