{"id":34396,"date":"2019-03-01T15:02:07","date_gmt":"2019-03-01T14:02:07","guid":{"rendered":"http:\/\/dicodusport.fr\/blog\/?p=34396"},"modified":"2019-03-01T15:02:07","modified_gmt":"2019-03-01T14:02:07","slug":"athletisme-championnats-europe-en-salle-resultats-des-francais-apres-la-premiere-session","status":"publish","type":"post","link":"https:\/\/dicodusport.fr\/blog\/athletisme-championnats-europe-en-salle-resultats-des-francais-apres-la-premiere-session\/","title":{"rendered":"Athl\u00e9tisme &#8211; Championnats d&rsquo;Europe en salle : r\u00e9sultats des Fran\u00e7ais apr\u00e8s la premi\u00e8re session"},"content":{"rendered":"<p>&nbsp;<\/p>\n<p style=\"text-align: justify;\"><strong><em>Les hostilit\u00e9s ont d\u00e9but\u00e9 en fin de matin\u00e9e du c\u00f4t\u00e9 de Glasgow pour les athl\u00e8tes. Sol\u00e8ne Ndama qui cartonne au pentathlon, Jean-Pierre Bertrand bless\u00e9 : tous les r\u00e9sultats des Fran\u00e7ais.<\/em><\/strong><\/p>\n<p style=\"text-align: justify;\"><span style=\"text-decoration: underline;\"><strong>Longueur H \u2013 Qualifications<\/strong><\/span><br \/>\nApr\u00e8s un premier essai rat\u00e9, <strong>Jean-Pierre Bertrand<\/strong> a malheureusement d\u00fb abandonner, touch\u00e9 au pubis.<\/p>\n<p style=\"text-align: justify;\"><span style=\"text-decoration: underline;\"><strong>Pentathlon F<\/strong><\/span><br \/>\n<strong>Sol\u00e8ne Ndama<\/strong> a r\u00e9alis\u00e9 le meilleur temps (8&Prime;09) devant <strong>Katarina Johnson-Thompson<\/strong> au 60 m haies. Elle a ensuite effac\u00e9 1m66, 1m69 et 1m72 \u00e0 son premier essai \u00e0 la hauteur. Elle s&rsquo;y est reprise \u00e0 deux fois pour passer 1m75 puis trois fois pour 1m78 \u00e0 la hauteur. Elle a \u00e9chou\u00e9 trois fois \u00e0 1m81. Apr\u00e8s avoir lanc\u00e9 son poids \u00e0 13m50 puis 12m95, elle a r\u00e9alis\u00e9 un dernier lancer \u00e0 14m23 pour terminer le concours \u00e0 la 5e place.<br \/>\nLa Fran\u00e7aise est pour l&rsquo;instant 2e du pentathlon avec<strong> 118 points<\/strong> de retard sur la Britannique Johnson-Thompson.<\/p>\n<p style=\"text-align: justify;\"><span style=\"text-decoration: underline;\"><strong>400m H \u2013 1er tour<\/strong><\/span><br \/>\nDeuxi\u00e8me temps des qualifications et de sa s\u00e9rie, <strong>Fabrisio Saidy<\/strong> est qualifi\u00e9 pour les demi-finales.<\/p>\n<p style=\"text-align: justify;\"><span style=\"text-decoration: underline;\"><strong>800m F \u2013 1er tour<\/strong><\/span><br \/>\nTroisi\u00e8me de sa s\u00e9rie, <strong>R\u00e9nelle Lamotte<\/strong> est qualifi\u00e9e au temps (2&rsquo;03&Prime;54). C&rsquo;est en revanche termin\u00e9 pour <strong>Charlotte Pizzo<\/strong>, derni\u00e8re de sa s\u00e9rie en 2&rsquo;06&Prime;93.<\/p>\n<p style=\"text-align: justify;\"><span style=\"text-decoration: underline;\"><strong>1500m H \u2013 1er tour<\/strong><\/span><br \/>\nQuatri\u00e8me de sa s\u00e9rie, <strong>Simon Denissel<\/strong> s&rsquo;est qualifi\u00e9 au temps (3&rsquo;43&Prime;79). C&rsquo;est en revanche termin\u00e9 pour<strong> Mehdi Belhadj<\/strong>, 5e de sa s\u00e9rie en 3&rsquo;48&Prime;30 et <strong>Samir Dahmani<\/strong>, 3e de sa s\u00e9rie en 3&rsquo;47&Prime;69.<\/p>\n<p style=\"text-align: justify;\"><strong><span style=\"text-decoration: underline;\">Triple saut F \u2013 Qualifications<\/span><\/strong><br \/>\nRouguy Diallo et Jeanine Assani Issouf ne sont pas parvenues \u00e0 atteindre la marque qualificative pour la finale, 14m20. <strong>Rouguy Diallo<\/strong> s&rsquo;est tout de m\u00eame qualifi\u00e9e pour la finale car elle fait partie des 8 meilleures gr\u00e2ce \u00e0 son deuxi\u00e8me saut \u00e0 14m10. Pas de finale en revanche pour <strong>Jeanine Assani Issouf<\/strong> (1er essai manqu\u00e9, 13m60 et 13m74).<\/p>\n<p style=\"text-align: justify;\"><span style=\"text-decoration: underline;\"><strong>3000m H \u2013 1er tour<\/strong><\/span><\/p>\n<p style=\"text-align: justify;\"><strong>Djilali Bedrani<\/strong> a termin\u00e9 3e de\u00a0la premi\u00e8re s\u00e9rie en 7&rsquo;51&Prime;30 et est donc qualifi\u00e9 pour la finale. Record personnel pour le jeune de 21 ans <strong>Jimmy Gressier<\/strong> (7&rsquo;51&Prime;45) qui a termin\u00e9 5e de la m\u00eame\u00a0s\u00e9rie.\u00a0Il se qualifie au temps. <strong>Yoann Kowal<\/strong> a termin\u00e9 3e de sa s\u00e9rie en 7&rsquo;55&Prime;42 et est \u00e9galement qualifi\u00e9 pour la finale.<\/p>\n<p style=\"text-align: justify;\"><strong><span style=\"text-decoration: underline;\">400m F \u2013 1er tour<\/span><\/strong><br \/>\n3\/3 pour les Fran\u00e7aises ! <strong>Amandine Brossier<\/strong> a remport\u00e9 sa s\u00e9rie en 53&Prime;40. <strong>Agn\u00e8s Raharolahy<\/strong> et <strong>D\u00e9borah Sananes<\/strong> ont termin\u00e9 deuxi\u00e8mes, respectivement en 53&Prime;21 et 53&Prime;05.<\/p>\n<p><strong><em>Arlette<br \/>\n<a href=\"http:\/\/twitter.com\/Shiclette94\"><img loading=\"lazy\" decoding=\"async\" class=\"alignnone size-full wp-image-2908\" src=\"http:\/\/dicodusport.fr\/blog\/wp-content\/uploads\/2017\/07\/logo-twitter-e1516110106986.png\" alt=\"\" width=\"39\" height=\"39\" \/><\/a><\/em><\/strong><\/p>\n","protected":false},"excerpt":{"rendered":"<p>Les hostilit\u00e9s ont d\u00e9but\u00e9 en fin de matin\u00e9e du c\u00f4t\u00e9 de Glasgow pour les athl\u00e8tes. Sol\u00e8ne Ndama qui cartonne au pentathlon, Jean-Pierre Bertrand bless\u00e9 : tous les r\u00e9sultats des Fran\u00e7ais.<\/p>\n","protected":false},"author":12,"featured_media":34400,"comment_status":"open","ping_status":"closed","sticky":false,"template":"","format":"standard","meta":{"_acf_changed":false,"_daextam_enable_autolinks":"","footnotes":""},"categories":[2,2308],"tags":[143,5659,5223],"class_list":["post-34396","post","type-post","status-publish","format-standard","has-post-thumbnail","hentry","category-actualites","category-athletisme","tag-athletisme","tag-championnats-deurope-dathletisme","tag-solene-ndama"],"acf":[],"yoast_head":"<!-- This site is optimized with the Yoast SEO Premium plugin v26.7 (Yoast SEO v26.7) - https:\/\/yoast.com\/wordpress\/plugins\/seo\/ -->\n<title>Athl\u00e9tisme - Championnats d&#039;Europe en salle : r\u00e9sultats des Fran\u00e7ais apr\u00e8s la premi\u00e8re session<\/title>\n<meta name=\"description\" content=\"Les Championnats d&#039;Europe en salle d&#039;athl\u00e9tisme ont d\u00e9but\u00e9 \u00e0 Glasgow. Retrouvez tous les r\u00e9sultats des Fran\u00e7ais \u00e0 la mi-journ\u00e9e.\" \/>\n<meta name=\"robots\" content=\"index, follow, max-snippet:-1, max-image-preview:large, max-video-preview:-1\" \/>\n<link rel=\"canonical\" href=\"https:\/\/dicodusport.fr\/blog\/athletisme-championnats-europe-en-salle-resultats-des-francais-apres-la-premiere-session\/\" \/>\n<meta property=\"og:locale\" content=\"fr_FR\" \/>\n<meta property=\"og:type\" content=\"article\" \/>\n<meta property=\"og:title\" content=\"Athl\u00e9tisme - Championnats d&#039;Europe en salle : r\u00e9sultats des Fran\u00e7ais apr\u00e8s la premi\u00e8re session\" \/>\n<meta property=\"og:description\" content=\"Les Championnats d&#039;Europe en salle d&#039;athl\u00e9tisme ont d\u00e9but\u00e9 \u00e0 Glasgow. Retrouvez tous les r\u00e9sultats des Fran\u00e7ais \u00e0 la mi-journ\u00e9e.\" \/>\n<meta property=\"og:url\" content=\"https:\/\/dicodusport.fr\/blog\/athletisme-championnats-europe-en-salle-resultats-des-francais-apres-la-premiere-session\/\" \/>\n<meta property=\"og:site_name\" content=\"Dicodusport\" \/>\n<meta property=\"article:publisher\" content=\"https:\/\/www.facebook.com\/dicodusport\" \/>\n<meta property=\"article:published_time\" content=\"2019-03-01T14:02:07+00:00\" \/>\n<meta property=\"og:image\" content=\"https:\/\/dicodusport.fr\/blog\/wp-content\/uploads\/2019\/03\/Championnats-dEurope-athl\u00e9tisme-en-salle-Glasgow-2019.png\" \/>\n\t<meta property=\"og:image:width\" content=\"800\" \/>\n\t<meta property=\"og:image:height\" content=\"445\" \/>\n\t<meta property=\"og:image:type\" content=\"image\/png\" \/>\n<meta name=\"author\" content=\"Arlette Yeye\" \/>\n<meta name=\"twitter:card\" content=\"summary_large_image\" \/>\n<meta name=\"twitter:creator\" content=\"@https:\/\/twitter.com\/Shiclette94\" \/>\n<meta name=\"twitter:site\" content=\"@dicodusport\" \/>\n<script type=\"application\/ld+json\" class=\"yoast-schema-graph\">{\"@context\":\"https:\/\/schema.org\",\"@graph\":[{\"@type\":\"NewsArticle\",\"@id\":\"https:\/\/dicodusport.fr\/blog\/athletisme-championnats-europe-en-salle-resultats-des-francais-apres-la-premiere-session\/#article\",\"isPartOf\":{\"@id\":\"https:\/\/dicodusport.fr\/blog\/athletisme-championnats-europe-en-salle-resultats-des-francais-apres-la-premiere-session\/\"},\"author\":{\"name\":\"Arlette Yeye\",\"@id\":\"https:\/\/dicodusport.fr\/blog\/#\/schema\/person\/cce96fa88785bd8573e3d43078ac8c79\"},\"headline\":\"Athl\u00e9tisme &#8211; Championnats d&rsquo;Europe en salle : r\u00e9sultats des Fran\u00e7ais apr\u00e8s la premi\u00e8re session\",\"datePublished\":\"2019-03-01T14:02:07+00:00\",\"mainEntityOfPage\":{\"@id\":\"https:\/\/dicodusport.fr\/blog\/athletisme-championnats-europe-en-salle-resultats-des-francais-apres-la-premiere-session\/\"},\"wordCount\":422,\"commentCount\":0,\"publisher\":{\"@id\":\"https:\/\/dicodusport.fr\/blog\/#organization\"},\"image\":{\"@id\":\"https:\/\/dicodusport.fr\/blog\/athletisme-championnats-europe-en-salle-resultats-des-francais-apres-la-premiere-session\/#primaryimage\"},\"thumbnailUrl\":\"https:\/\/dicodusport.fr\/blog\/wp-content\/uploads\/2019\/03\/Championnats-dEurope-athl\u00e9tisme-en-salle-Glasgow-2019.png\",\"keywords\":[\"Athl\u00e9tisme\",\"Championnats d'Europe d'athl\u00e9tisme\",\"Sol\u00e8ne Ndama\"],\"articleSection\":[\"Actualit\u00e9s\",\"Athl\u00e9tisme\"],\"inLanguage\":\"fr-FR\",\"potentialAction\":[{\"@type\":\"CommentAction\",\"name\":\"Comment\",\"target\":[\"https:\/\/dicodusport.fr\/blog\/athletisme-championnats-europe-en-salle-resultats-des-francais-apres-la-premiere-session\/#respond\"]}],\"copyrightYear\":\"2019\",\"copyrightHolder\":{\"@id\":\"https:\/\/dicodusport.fr\/blog\/#organization\"}},{\"@type\":\"WebPage\",\"@id\":\"https:\/\/dicodusport.fr\/blog\/athletisme-championnats-europe-en-salle-resultats-des-francais-apres-la-premiere-session\/\",\"url\":\"https:\/\/dicodusport.fr\/blog\/athletisme-championnats-europe-en-salle-resultats-des-francais-apres-la-premiere-session\/\",\"name\":\"Athl\u00e9tisme - Championnats d'Europe en salle : r\u00e9sultats des Fran\u00e7ais apr\u00e8s la premi\u00e8re session\",\"isPartOf\":{\"@id\":\"https:\/\/dicodusport.fr\/blog\/#website\"},\"primaryImageOfPage\":{\"@id\":\"https:\/\/dicodusport.fr\/blog\/athletisme-championnats-europe-en-salle-resultats-des-francais-apres-la-premiere-session\/#primaryimage\"},\"image\":{\"@id\":\"https:\/\/dicodusport.fr\/blog\/athletisme-championnats-europe-en-salle-resultats-des-francais-apres-la-premiere-session\/#primaryimage\"},\"thumbnailUrl\":\"https:\/\/dicodusport.fr\/blog\/wp-content\/uploads\/2019\/03\/Championnats-dEurope-athl\u00e9tisme-en-salle-Glasgow-2019.png\",\"datePublished\":\"2019-03-01T14:02:07+00:00\",\"description\":\"Les Championnats d'Europe en salle d'athl\u00e9tisme ont d\u00e9but\u00e9 \u00e0 Glasgow. Retrouvez tous les r\u00e9sultats des Fran\u00e7ais \u00e0 la mi-journ\u00e9e.\",\"breadcrumb\":{\"@id\":\"https:\/\/dicodusport.fr\/blog\/athletisme-championnats-europe-en-salle-resultats-des-francais-apres-la-premiere-session\/#breadcrumb\"},\"inLanguage\":\"fr-FR\",\"potentialAction\":[{\"@type\":\"ReadAction\",\"target\":[\"https:\/\/dicodusport.fr\/blog\/athletisme-championnats-europe-en-salle-resultats-des-francais-apres-la-premiere-session\/\"]}]},{\"@type\":\"ImageObject\",\"inLanguage\":\"fr-FR\",\"@id\":\"https:\/\/dicodusport.fr\/blog\/athletisme-championnats-europe-en-salle-resultats-des-francais-apres-la-premiere-session\/#primaryimage\",\"url\":\"https:\/\/dicodusport.fr\/blog\/wp-content\/uploads\/2019\/03\/Championnats-dEurope-athl\u00e9tisme-en-salle-Glasgow-2019.png\",\"contentUrl\":\"https:\/\/dicodusport.fr\/blog\/wp-content\/uploads\/2019\/03\/Championnats-dEurope-athl\u00e9tisme-en-salle-Glasgow-2019.png\",\"width\":800,\"height\":445},{\"@type\":\"BreadcrumbList\",\"@id\":\"https:\/\/dicodusport.fr\/blog\/athletisme-championnats-europe-en-salle-resultats-des-francais-apres-la-premiere-session\/#breadcrumb\",\"itemListElement\":[{\"@type\":\"ListItem\",\"position\":1,\"name\":\"Accueil\",\"item\":\"https:\/\/dicodusport.fr\/blog\/\"},{\"@type\":\"ListItem\",\"position\":2,\"name\":\"Athl\u00e9tisme &#8211; Championnats d&rsquo;Europe en salle : r\u00e9sultats des Fran\u00e7ais apr\u00e8s la premi\u00e8re session\"}]},{\"@type\":\"WebSite\",\"@id\":\"https:\/\/dicodusport.fr\/blog\/#website\",\"url\":\"https:\/\/dicodusport.fr\/blog\/\",\"name\":\"Dicodusport\",\"description\":\"L&#039;encyclop\u00e9die de l&#039;actualit\u00e9 sportive\",\"publisher\":{\"@id\":\"https:\/\/dicodusport.fr\/blog\/#organization\"},\"potentialAction\":[{\"@type\":\"SearchAction\",\"target\":{\"@type\":\"EntryPoint\",\"urlTemplate\":\"https:\/\/dicodusport.fr\/blog\/?s={search_term_string}\"},\"query-input\":{\"@type\":\"PropertyValueSpecification\",\"valueRequired\":true,\"valueName\":\"search_term_string\"}}],\"inLanguage\":\"fr-FR\"},{\"@type\":\"NewsMediaOrganization\",\"@id\":\"https:\/\/dicodusport.fr\/blog\/#organization\",\"name\":\"Dicodusport\",\"url\":\"https:\/\/dicodusport.fr\/blog\/\",\"logo\":{\"@type\":\"ImageObject\",\"inLanguage\":\"fr-FR\",\"@id\":\"https:\/\/dicodusport.fr\/blog\/#\/schema\/logo\/image\/\",\"url\":\"https:\/\/dicodusport.fr\/blog\/wp-content\/uploads\/2020\/06\/cropped-LOGO-DICODUSPORT-2020-SANS-FOND-SANS-TEXTE.png\",\"contentUrl\":\"https:\/\/dicodusport.fr\/blog\/wp-content\/uploads\/2020\/06\/cropped-LOGO-DICODUSPORT-2020-SANS-FOND-SANS-TEXTE.png\",\"width\":512,\"height\":512,\"caption\":\"Dicodusport\"},\"image\":{\"@id\":\"https:\/\/dicodusport.fr\/blog\/#\/schema\/logo\/image\/\"},\"sameAs\":[\"https:\/\/www.facebook.com\/dicodusport\",\"https:\/\/x.com\/dicodusport\",\"https:\/\/www.instagram.com\/dicodusport\/\",\"https:\/\/www.youtube.com\/channel\/UC7V2KZ5sd3htJivAbA4ZG3w\"],\"description\":\"Dicodusport est l'encyclop\u00e9die de l'actualit\u00e9 sportive.\",\"email\":\"bonjour@dicodusport.fr\",\"legalName\":\"DICODUSPORT\",\"foundingDate\":\"2018-01-14\",\"vatID\":\"FR71834470973\",\"taxID\":\"83447097300043\",\"numberOfEmployees\":{\"@type\":\"QuantitativeValue\",\"minValue\":\"1\",\"maxValue\":\"10\"}},{\"@type\":\"Person\",\"@id\":\"https:\/\/dicodusport.fr\/blog\/#\/schema\/person\/cce96fa88785bd8573e3d43078ac8c79\",\"name\":\"Arlette Yeye\",\"image\":{\"@type\":\"ImageObject\",\"inLanguage\":\"fr-FR\",\"@id\":\"https:\/\/dicodusport.fr\/blog\/#\/schema\/person\/image\/\",\"url\":\"https:\/\/secure.gravatar.com\/avatar\/dca4a6239e6d708e46c45d60e160de6c?s=96&d=wp_user_avatar&r=g\",\"contentUrl\":\"https:\/\/secure.gravatar.com\/avatar\/dca4a6239e6d708e46c45d60e160de6c?s=96&d=wp_user_avatar&r=g\",\"caption\":\"Arlette Yeye\"},\"description\":\"Journaliste\/r\u00e9dactrice depuis septembre 2015 - Supportrice de Chelsea, j'ai pour sports de pr\u00e9dilection le handball, l'athl\u00e9tisme et le tennis. Si je tweete plus vite que mon ombre, vous pouvez aussi me retrouver les week-ends sur les playgrounds de Bruxelles pour un petit foot ou basket entre potes. Parcourir la France, l'Europe et plus si affinit\u00e9s pour suivre mes sportifs pr\u00e9f\u00e9r\u00e9s ? Mon kif ! Et c'est avec plaisir que je partage les r\u00e9sultats des sports populaires mais \u00e9galement plus confidentiels pour Dicodusport.\",\"sameAs\":[\"https:\/\/x.com\/https:\/\/twitter.com\/Shiclette94\"],\"url\":\"https:\/\/dicodusport.fr\/blog\/author\/arlette\/\"}]}<\/script>\n<!-- \/ Yoast SEO Premium plugin. -->","yoast_head_json":{"title":"Athl\u00e9tisme - Championnats d'Europe en salle : r\u00e9sultats des Fran\u00e7ais apr\u00e8s la premi\u00e8re session","description":"Les Championnats d'Europe en salle d'athl\u00e9tisme ont d\u00e9but\u00e9 \u00e0 Glasgow. Retrouvez tous les r\u00e9sultats des Fran\u00e7ais \u00e0 la mi-journ\u00e9e.","robots":{"index":"index","follow":"follow","max-snippet":"max-snippet:-1","max-image-preview":"max-image-preview:large","max-video-preview":"max-video-preview:-1"},"canonical":"https:\/\/dicodusport.fr\/blog\/athletisme-championnats-europe-en-salle-resultats-des-francais-apres-la-premiere-session\/","og_locale":"fr_FR","og_type":"article","og_title":"Athl\u00e9tisme - Championnats d'Europe en salle : r\u00e9sultats des Fran\u00e7ais apr\u00e8s la premi\u00e8re session","og_description":"Les Championnats d'Europe en salle d'athl\u00e9tisme ont d\u00e9but\u00e9 \u00e0 Glasgow. Retrouvez tous les r\u00e9sultats des Fran\u00e7ais \u00e0 la mi-journ\u00e9e.","og_url":"https:\/\/dicodusport.fr\/blog\/athletisme-championnats-europe-en-salle-resultats-des-francais-apres-la-premiere-session\/","og_site_name":"Dicodusport","article_publisher":"https:\/\/www.facebook.com\/dicodusport","article_published_time":"2019-03-01T14:02:07+00:00","og_image":[{"width":800,"height":445,"url":"https:\/\/dicodusport.fr\/blog\/wp-content\/uploads\/2019\/03\/Championnats-dEurope-athl\u00e9tisme-en-salle-Glasgow-2019.png","type":"image\/png"}],"author":"Arlette Yeye","twitter_card":"summary_large_image","twitter_creator":"@https:\/\/twitter.com\/Shiclette94","twitter_site":"@dicodusport","schema":{"@context":"https:\/\/schema.org","@graph":[{"@type":"NewsArticle","@id":"https:\/\/dicodusport.fr\/blog\/athletisme-championnats-europe-en-salle-resultats-des-francais-apres-la-premiere-session\/#article","isPartOf":{"@id":"https:\/\/dicodusport.fr\/blog\/athletisme-championnats-europe-en-salle-resultats-des-francais-apres-la-premiere-session\/"},"author":{"name":"Arlette Yeye","@id":"https:\/\/dicodusport.fr\/blog\/#\/schema\/person\/cce96fa88785bd8573e3d43078ac8c79"},"headline":"Athl\u00e9tisme &#8211; Championnats d&rsquo;Europe en salle : r\u00e9sultats des Fran\u00e7ais apr\u00e8s la premi\u00e8re session","datePublished":"2019-03-01T14:02:07+00:00","mainEntityOfPage":{"@id":"https:\/\/dicodusport.fr\/blog\/athletisme-championnats-europe-en-salle-resultats-des-francais-apres-la-premiere-session\/"},"wordCount":422,"commentCount":0,"publisher":{"@id":"https:\/\/dicodusport.fr\/blog\/#organization"},"image":{"@id":"https:\/\/dicodusport.fr\/blog\/athletisme-championnats-europe-en-salle-resultats-des-francais-apres-la-premiere-session\/#primaryimage"},"thumbnailUrl":"https:\/\/dicodusport.fr\/blog\/wp-content\/uploads\/2019\/03\/Championnats-dEurope-athl\u00e9tisme-en-salle-Glasgow-2019.png","keywords":["Athl\u00e9tisme","Championnats d'Europe d'athl\u00e9tisme","Sol\u00e8ne Ndama"],"articleSection":["Actualit\u00e9s","Athl\u00e9tisme"],"inLanguage":"fr-FR","potentialAction":[{"@type":"CommentAction","name":"Comment","target":["https:\/\/dicodusport.fr\/blog\/athletisme-championnats-europe-en-salle-resultats-des-francais-apres-la-premiere-session\/#respond"]}],"copyrightYear":"2019","copyrightHolder":{"@id":"https:\/\/dicodusport.fr\/blog\/#organization"}},{"@type":"WebPage","@id":"https:\/\/dicodusport.fr\/blog\/athletisme-championnats-europe-en-salle-resultats-des-francais-apres-la-premiere-session\/","url":"https:\/\/dicodusport.fr\/blog\/athletisme-championnats-europe-en-salle-resultats-des-francais-apres-la-premiere-session\/","name":"Athl\u00e9tisme - Championnats d'Europe en salle : r\u00e9sultats des Fran\u00e7ais apr\u00e8s la premi\u00e8re session","isPartOf":{"@id":"https:\/\/dicodusport.fr\/blog\/#website"},"primaryImageOfPage":{"@id":"https:\/\/dicodusport.fr\/blog\/athletisme-championnats-europe-en-salle-resultats-des-francais-apres-la-premiere-session\/#primaryimage"},"image":{"@id":"https:\/\/dicodusport.fr\/blog\/athletisme-championnats-europe-en-salle-resultats-des-francais-apres-la-premiere-session\/#primaryimage"},"thumbnailUrl":"https:\/\/dicodusport.fr\/blog\/wp-content\/uploads\/2019\/03\/Championnats-dEurope-athl\u00e9tisme-en-salle-Glasgow-2019.png","datePublished":"2019-03-01T14:02:07+00:00","description":"Les Championnats d'Europe en salle d'athl\u00e9tisme ont d\u00e9but\u00e9 \u00e0 Glasgow. Retrouvez tous les r\u00e9sultats des Fran\u00e7ais \u00e0 la mi-journ\u00e9e.","breadcrumb":{"@id":"https:\/\/dicodusport.fr\/blog\/athletisme-championnats-europe-en-salle-resultats-des-francais-apres-la-premiere-session\/#breadcrumb"},"inLanguage":"fr-FR","potentialAction":[{"@type":"ReadAction","target":["https:\/\/dicodusport.fr\/blog\/athletisme-championnats-europe-en-salle-resultats-des-francais-apres-la-premiere-session\/"]}]},{"@type":"ImageObject","inLanguage":"fr-FR","@id":"https:\/\/dicodusport.fr\/blog\/athletisme-championnats-europe-en-salle-resultats-des-francais-apres-la-premiere-session\/#primaryimage","url":"https:\/\/dicodusport.fr\/blog\/wp-content\/uploads\/2019\/03\/Championnats-dEurope-athl\u00e9tisme-en-salle-Glasgow-2019.png","contentUrl":"https:\/\/dicodusport.fr\/blog\/wp-content\/uploads\/2019\/03\/Championnats-dEurope-athl\u00e9tisme-en-salle-Glasgow-2019.png","width":800,"height":445},{"@type":"BreadcrumbList","@id":"https:\/\/dicodusport.fr\/blog\/athletisme-championnats-europe-en-salle-resultats-des-francais-apres-la-premiere-session\/#breadcrumb","itemListElement":[{"@type":"ListItem","position":1,"name":"Accueil","item":"https:\/\/dicodusport.fr\/blog\/"},{"@type":"ListItem","position":2,"name":"Athl\u00e9tisme &#8211; Championnats d&rsquo;Europe en salle : r\u00e9sultats des Fran\u00e7ais apr\u00e8s la premi\u00e8re session"}]},{"@type":"WebSite","@id":"https:\/\/dicodusport.fr\/blog\/#website","url":"https:\/\/dicodusport.fr\/blog\/","name":"Dicodusport","description":"L&#039;encyclop\u00e9die de l&#039;actualit\u00e9 sportive","publisher":{"@id":"https:\/\/dicodusport.fr\/blog\/#organization"},"potentialAction":[{"@type":"SearchAction","target":{"@type":"EntryPoint","urlTemplate":"https:\/\/dicodusport.fr\/blog\/?s={search_term_string}"},"query-input":{"@type":"PropertyValueSpecification","valueRequired":true,"valueName":"search_term_string"}}],"inLanguage":"fr-FR"},{"@type":"NewsMediaOrganization","@id":"https:\/\/dicodusport.fr\/blog\/#organization","name":"Dicodusport","url":"https:\/\/dicodusport.fr\/blog\/","logo":{"@type":"ImageObject","inLanguage":"fr-FR","@id":"https:\/\/dicodusport.fr\/blog\/#\/schema\/logo\/image\/","url":"https:\/\/dicodusport.fr\/blog\/wp-content\/uploads\/2020\/06\/cropped-LOGO-DICODUSPORT-2020-SANS-FOND-SANS-TEXTE.png","contentUrl":"https:\/\/dicodusport.fr\/blog\/wp-content\/uploads\/2020\/06\/cropped-LOGO-DICODUSPORT-2020-SANS-FOND-SANS-TEXTE.png","width":512,"height":512,"caption":"Dicodusport"},"image":{"@id":"https:\/\/dicodusport.fr\/blog\/#\/schema\/logo\/image\/"},"sameAs":["https:\/\/www.facebook.com\/dicodusport","https:\/\/x.com\/dicodusport","https:\/\/www.instagram.com\/dicodusport\/","https:\/\/www.youtube.com\/channel\/UC7V2KZ5sd3htJivAbA4ZG3w"],"description":"Dicodusport est l'encyclop\u00e9die de l'actualit\u00e9 sportive.","email":"bonjour@dicodusport.fr","legalName":"DICODUSPORT","foundingDate":"2018-01-14","vatID":"FR71834470973","taxID":"83447097300043","numberOfEmployees":{"@type":"QuantitativeValue","minValue":"1","maxValue":"10"}},{"@type":"Person","@id":"https:\/\/dicodusport.fr\/blog\/#\/schema\/person\/cce96fa88785bd8573e3d43078ac8c79","name":"Arlette Yeye","image":{"@type":"ImageObject","inLanguage":"fr-FR","@id":"https:\/\/dicodusport.fr\/blog\/#\/schema\/person\/image\/","url":"https:\/\/secure.gravatar.com\/avatar\/dca4a6239e6d708e46c45d60e160de6c?s=96&d=wp_user_avatar&r=g","contentUrl":"https:\/\/secure.gravatar.com\/avatar\/dca4a6239e6d708e46c45d60e160de6c?s=96&d=wp_user_avatar&r=g","caption":"Arlette Yeye"},"description":"Journaliste\/r\u00e9dactrice depuis septembre 2015 - Supportrice de Chelsea, j'ai pour sports de pr\u00e9dilection le handball, l'athl\u00e9tisme et le tennis. Si je tweete plus vite que mon ombre, vous pouvez aussi me retrouver les week-ends sur les playgrounds de Bruxelles pour un petit foot ou basket entre potes. Parcourir la France, l'Europe et plus si affinit\u00e9s pour suivre mes sportifs pr\u00e9f\u00e9r\u00e9s ? Mon kif ! Et c'est avec plaisir que je partage les r\u00e9sultats des sports populaires mais \u00e9galement plus confidentiels pour Dicodusport.","sameAs":["https:\/\/x.com\/https:\/\/twitter.com\/Shiclette94"],"url":"https:\/\/dicodusport.fr\/blog\/author\/arlette\/"}]}},"_links":{"self":[{"href":"https:\/\/dicodusport.fr\/blog\/wp-json\/wp\/v2\/posts\/34396","targetHints":{"allow":["GET"]}}],"collection":[{"href":"https:\/\/dicodusport.fr\/blog\/wp-json\/wp\/v2\/posts"}],"about":[{"href":"https:\/\/dicodusport.fr\/blog\/wp-json\/wp\/v2\/types\/post"}],"author":[{"embeddable":true,"href":"https:\/\/dicodusport.fr\/blog\/wp-json\/wp\/v2\/users\/12"}],"replies":[{"embeddable":true,"href":"https:\/\/dicodusport.fr\/blog\/wp-json\/wp\/v2\/comments?post=34396"}],"version-history":[{"count":0,"href":"https:\/\/dicodusport.fr\/blog\/wp-json\/wp\/v2\/posts\/34396\/revisions"}],"wp:featuredmedia":[{"embeddable":true,"href":"https:\/\/dicodusport.fr\/blog\/wp-json\/wp\/v2\/media\/34400"}],"wp:attachment":[{"href":"https:\/\/dicodusport.fr\/blog\/wp-json\/wp\/v2\/media?parent=34396"}],"wp:term":[{"taxonomy":"category","embeddable":true,"href":"https:\/\/dicodusport.fr\/blog\/wp-json\/wp\/v2\/categories?post=34396"},{"taxonomy":"post_tag","embeddable":true,"href":"https:\/\/dicodusport.fr\/blog\/wp-json\/wp\/v2\/tags?post=34396"}],"curies":[{"name":"wp","href":"https:\/\/api.w.org\/{rel}","templated":true}]}}