{"id":343970,"date":"2023-01-13T10:43:07","date_gmt":"2023-01-13T09:43:07","guid":{"rendered":"https:\/\/dicodusport.fr\/blog\/?p=343970&#038;preview=true&#038;preview_id=343970"},"modified":"2023-01-13T12:01:26","modified_gmt":"2023-01-13T11:01:26","slug":"thibaut-pinot-si-je-gagne-le-tour-en-2019-ce-nest-meme-pas-sur-que-je-continue-en-2020","status":"publish","type":"post","link":"https:\/\/dicodusport.fr\/blog\/thibaut-pinot-si-je-gagne-le-tour-en-2019-ce-nest-meme-pas-sur-que-je-continue-en-2020\/","title":{"rendered":"Thibaut Pinot : \u00ab\u00a0Si je gagne le Tour en 2019, ce n&rsquo;est m\u00eame pas s\u00fbr que je continue en 2020\u00a0\u00bb"},"content":{"rendered":"<p align=\"justify\"><em><strong>CYCLISME SUR ROUTE 2023 &#8211; Thibaut Pinot (Groupama-FDJ) s&rsquo;est livr\u00e9 \u00e0 un grand entretien pour nos confr\u00e8res de L&rsquo;\u00c9quipe, au moment d&rsquo;annoncer <a href=\"https:\/\/dicodusport.fr\/blog\/thibaut-pinot-prendra-sa-retraite-en-fin-de-saison\/\" target=\"_blank\" rel=\"noopener\">sa retraite en fin de saison<\/a>.\u00a0<\/strong><\/em><\/p>\n<p align=\"justify\">Le grimpeur fran\u00e7ais <strong>Thibaut Pinot<\/strong> vit ses derniers mois dans la peau d&rsquo;un cycliste professionnel. \u00c0 32 ans (33 le 29 mai prochain), <strong>Thibaut<\/strong> <strong>Pinot<\/strong> prendra sa retraite dans quelques mois, au terme de son contrat avec le <strong>Groupama-FDJ<\/strong> qui restera sa seule \u00e9quipe professionnelle. Le Franc-Comtois explique notamment qu&rsquo;il vit bien le fait d&rsquo;avoir d\u00e9cid\u00e9 de mettre un terme \u00e0 sa carri\u00e8re.<\/p>\n<blockquote>\n<p align=\"justify\">Je ne dessine pas une croix sur le mur chaque matin parce qu&rsquo;il me reste neuf mois \u00e0 faire. Je suis serein, je n&rsquo;ai aucune peur d&rsquo;une petite mort ou ce genre de choses. Depuis que j&rsquo;ai pris ma d\u00e9cision, je me sens beaucoup moins nerveux et plus libre. J&rsquo;ai toujours dit que quand je ne serais plus capable de gagner, j&rsquo;arr\u00eaterais. Et je parle de gagner \u00e0 la p\u00e9dale. J&rsquo;ai toujours \u00e9t\u00e9 lucide sur mes capacit\u00e9s. Je sais que je n&rsquo;aurai plus jamais mon niveau de 2019. Ce qu&rsquo;on attendait de moi, c&rsquo;\u00e9tait de gagner le Tour.<\/p>\n<\/blockquote>\n<h2 style=\"text-align: justify;\" align=\"justify\">2019, symbole d&rsquo;une carri\u00e8re au go\u00fbt d&rsquo;inachev\u00e9<\/h2>\n<p align=\"justify\">Ensuite, <strong>Thibaut<\/strong> <strong>Pinot<\/strong> se confie aussi sur le <strong>Tour de France 2019<\/strong> et fait une confidence de taille. S&rsquo;il avait remport\u00e9 le maillot jaune, il aurait pu mettre un terme \u00e0 sa carri\u00e8re fin 2019.<\/p>\n<blockquote>\n<p style=\"text-align: justify;\" align=\"justify\">Si je gagne le Tour en 2019, ce n&rsquo;est m\u00eame pas s\u00fbr que je continue en 2020. J&rsquo;\u00e9tais dans ma bulle et je ne comprenais pas trop ce qui m&rsquo;arrivait. C&rsquo;est apr\u00e8s que j&rsquo;ai r\u00e9alis\u00e9 que je pouvais gagner le Tour. Peut-\u00eatre que \u00e7a a \u00e9t\u00e9 un mal pour un bien, peut-\u00eatre que je n&rsquo;aurais pas support\u00e9 de gagner le Tour de France. Mais sur le coup, non \u00e7a ne hantait pas mes nuits.<\/p>\n<\/blockquote>\n<p align=\"justify\">Au moment de faire le bilan de sa carri\u00e8re, <strong>Thibaut<\/strong> <strong>Pinot<\/strong> reconna\u00eet qu&rsquo;il y aura toujours un go\u00fbt d&rsquo;inachev\u00e9. Le coureur aux 33 victoires en carri\u00e8re revient notamment sur le Giro 2017.<\/p>\n<blockquote>\n<p style=\"text-align: justify;\" align=\"justify\">Ma carri\u00e8re enti\u00e8re est un inach\u00e8vement, pas seulement le Tour 2019. Les moments o\u00f9 j&rsquo;ai \u00e9t\u00e9 \u00e0 100 % et sans aucun p\u00e9pin, \u00e7a se compte maximum sur les doigts des deux mains, sur quatorze ans. J&rsquo;ai toujours eu une merde. Si \u00e7a se trouve, le Giro 2017, si je ne tombe pas malade comme un chien pendant dix jours, je dois le gagner (il finira 4e, \u00e0 1\u203217\u2033 de Tom Dumoulin). C&rsquo;est pass\u00e9 inaper\u00e7u, mais pour moi je suis plus proche l\u00e0 que dans le Tour 2019. C&rsquo;est ma fragilit\u00e9 et finalement, je l&rsquo;ai accept\u00e9e. Maintenant si j&rsquo;ai une bronchite pendant la taille des pommiers, \u00e7a devrait aller (il rit).<\/p>\n<\/blockquote>\n<blockquote class=\"twitter-tweet\" data-conversation=\"none\">\n<p dir=\"ltr\" lang=\"fr\">Thibaut Pinot prendra sa retraite \u00e0 la fin de la saison : <a href=\"https:\/\/t.co\/EjGqqzYg2T\">https:\/\/t.co\/EjGqqzYg2T<\/a> <a href=\"https:\/\/t.co\/IyX2v2gnxl\">pic.twitter.com\/IyX2v2gnxl<\/a><\/p>\n<p>\u2014 L&rsquo;\u00c9QUIPE (@lequipe) <a href=\"https:\/\/twitter.com\/lequipe\/status\/1613578712871571461?ref_src=twsrc%5Etfw\">January 12, 2023<\/a><\/p><\/blockquote>\n<p><script async src=\"https:\/\/platform.twitter.com\/widgets.js\" charset=\"utf-8\"><\/script><\/p>\n","protected":false},"excerpt":{"rendered":"<p>CYCLISME SUR ROUTE 2023 &#8211; Thibaut Pinot (Groupama-FDJ) s&rsquo;est livr\u00e9 \u00e0 un grand entretien pour nos confr\u00e8res de L&rsquo;\u00c9quipe, au moment d&rsquo;annoncer sa retraite en fin de saison.\u00a0<\/p>\n","protected":false},"author":1,"featured_media":344013,"comment_status":"open","ping_status":"closed","sticky":false,"template":"","format":"standard","meta":{"_acf_changed":false,"_daextam_enable_autolinks":"","footnotes":""},"categories":[46994],"tags":[3279,3596,4839],"class_list":["post-343970","post","type-post","status-publish","format-standard","has-post-thumbnail","hentry","category-cyclisme-sur-route","tag-groupama-fdj","tag-pinot","tag-thibaut-pinot"],"acf":[],"yoast_head":"<!-- This site is optimized with the Yoast SEO Premium plugin v26.7 (Yoast SEO v26.7) - https:\/\/yoast.com\/wordpress\/plugins\/seo\/ -->\n<title>Thibaut Pinot : &quot;Si je gagne le Tour en 2019, ce n&#039;est m\u00eame pas s\u00fbr que je continue en 2020&quot;<\/title>\n<meta name=\"description\" content=\"CYCLISME - Thibaut Pinot s&#039;est livr\u00e9 \u00e0 un grand entretien pour nos confr\u00e8res de L&#039;\u00c9quipe au moment d&#039;annoncer sa retraite en fin de saison.\u00a0\" \/>\n<meta name=\"robots\" content=\"index, follow, max-snippet:-1, max-image-preview:large, max-video-preview:-1\" \/>\n<link rel=\"canonical\" href=\"https:\/\/dicodusport.fr\/blog\/thibaut-pinot-si-je-gagne-le-tour-en-2019-ce-nest-meme-pas-sur-que-je-continue-en-2020\/\" \/>\n<meta property=\"og:locale\" content=\"fr_FR\" \/>\n<meta property=\"og:type\" content=\"article\" \/>\n<meta property=\"og:title\" content=\"Thibaut Pinot : &quot;Si je gagne le Tour en 2019, ce n&#039;est m\u00eame pas s\u00fbr que je continue en 2020&quot;\" \/>\n<meta property=\"og:description\" content=\"CYCLISME - Thibaut Pinot s&#039;est livr\u00e9 \u00e0 un grand entretien pour nos confr\u00e8res de L&#039;\u00c9quipe au moment d&#039;annoncer sa retraite en fin de saison.\u00a0\" \/>\n<meta property=\"og:url\" content=\"https:\/\/dicodusport.fr\/blog\/thibaut-pinot-si-je-gagne-le-tour-en-2019-ce-nest-meme-pas-sur-que-je-continue-en-2020\/\" \/>\n<meta property=\"og:site_name\" content=\"Dicodusport\" \/>\n<meta property=\"article:publisher\" content=\"https:\/\/www.facebook.com\/dicodusport\" \/>\n<meta property=\"article:author\" content=\"https:\/\/www.facebook.com\/dicodusport\" \/>\n<meta property=\"article:published_time\" content=\"2023-01-13T09:43:07+00:00\" \/>\n<meta property=\"article:modified_time\" content=\"2023-01-13T11:01:26+00:00\" \/>\n<meta property=\"og:image\" content=\"https:\/\/dicodusport.fr\/blog\/wp-content\/uploads\/2023\/01\/Thibaut-Pinot-Si-je-gagne-le-Tour-en-2019-ce-nest-meme-pas-sur-que-je-continue-en-2020.png\" \/>\n\t<meta property=\"og:image:width\" content=\"800\" \/>\n\t<meta property=\"og:image:height\" content=\"445\" \/>\n\t<meta property=\"og:image:type\" content=\"image\/png\" \/>\n<meta name=\"author\" content=\"Nicolas Jacquemard\" \/>\n<meta name=\"twitter:card\" content=\"summary_large_image\" \/>\n<meta name=\"twitter:title\" content=\"Thibaut Pinot : &quot;Si je gagne le Tour en 2019, ce n&#039;est m\u00eame pas s\u00fbr que je continue en 2020&quot;\" \/>\n<meta name=\"twitter:creator\" content=\"@https:\/\/twitter.com\/Nico_Jacquemard\" \/>\n<meta name=\"twitter:site\" content=\"@dicodusport\" \/>\n<script type=\"application\/ld+json\" class=\"yoast-schema-graph\">{\"@context\":\"https:\/\/schema.org\",\"@graph\":[{\"@type\":\"NewsArticle\",\"@id\":\"https:\/\/dicodusport.fr\/blog\/thibaut-pinot-si-je-gagne-le-tour-en-2019-ce-nest-meme-pas-sur-que-je-continue-en-2020\/#article\",\"isPartOf\":{\"@id\":\"https:\/\/dicodusport.fr\/blog\/thibaut-pinot-si-je-gagne-le-tour-en-2019-ce-nest-meme-pas-sur-que-je-continue-en-2020\/\"},\"author\":{\"name\":\"Nicolas Jacquemard\",\"@id\":\"https:\/\/dicodusport.fr\/blog\/#\/schema\/person\/55dcb50ad410894e431ed812bbb70191\"},\"headline\":\"Thibaut Pinot : \u00ab\u00a0Si je gagne le Tour en 2019, ce n&rsquo;est m\u00eame pas s\u00fbr que je continue en 2020\u00a0\u00bb\",\"datePublished\":\"2023-01-13T09:43:07+00:00\",\"dateModified\":\"2023-01-13T11:01:26+00:00\",\"mainEntityOfPage\":{\"@id\":\"https:\/\/dicodusport.fr\/blog\/thibaut-pinot-si-je-gagne-le-tour-en-2019-ce-nest-meme-pas-sur-que-je-continue-en-2020\/\"},\"wordCount\":527,\"commentCount\":0,\"publisher\":{\"@id\":\"https:\/\/dicodusport.fr\/blog\/#organization\"},\"image\":{\"@id\":\"https:\/\/dicodusport.fr\/blog\/thibaut-pinot-si-je-gagne-le-tour-en-2019-ce-nest-meme-pas-sur-que-je-continue-en-2020\/#primaryimage\"},\"thumbnailUrl\":\"https:\/\/dicodusport.fr\/blog\/wp-content\/uploads\/2023\/01\/Thibaut-Pinot-Si-je-gagne-le-Tour-en-2019-ce-nest-meme-pas-sur-que-je-continue-en-2020.png\",\"keywords\":[\"Groupama FDJ\",\"Pinot\",\"Thibaut Pinot\"],\"articleSection\":[\"Cyclisme sur route\"],\"inLanguage\":\"fr-FR\",\"potentialAction\":[{\"@type\":\"CommentAction\",\"name\":\"Comment\",\"target\":[\"https:\/\/dicodusport.fr\/blog\/thibaut-pinot-si-je-gagne-le-tour-en-2019-ce-nest-meme-pas-sur-que-je-continue-en-2020\/#respond\"]}],\"copyrightYear\":\"2023\",\"copyrightHolder\":{\"@id\":\"https:\/\/dicodusport.fr\/blog\/#organization\"}},{\"@type\":\"WebPage\",\"@id\":\"https:\/\/dicodusport.fr\/blog\/thibaut-pinot-si-je-gagne-le-tour-en-2019-ce-nest-meme-pas-sur-que-je-continue-en-2020\/\",\"url\":\"https:\/\/dicodusport.fr\/blog\/thibaut-pinot-si-je-gagne-le-tour-en-2019-ce-nest-meme-pas-sur-que-je-continue-en-2020\/\",\"name\":\"Thibaut Pinot : \\\"Si je gagne le Tour en 2019, ce n'est m\u00eame pas s\u00fbr que je continue en 2020\\\"\",\"isPartOf\":{\"@id\":\"https:\/\/dicodusport.fr\/blog\/#website\"},\"primaryImageOfPage\":{\"@id\":\"https:\/\/dicodusport.fr\/blog\/thibaut-pinot-si-je-gagne-le-tour-en-2019-ce-nest-meme-pas-sur-que-je-continue-en-2020\/#primaryimage\"},\"image\":{\"@id\":\"https:\/\/dicodusport.fr\/blog\/thibaut-pinot-si-je-gagne-le-tour-en-2019-ce-nest-meme-pas-sur-que-je-continue-en-2020\/#primaryimage\"},\"thumbnailUrl\":\"https:\/\/dicodusport.fr\/blog\/wp-content\/uploads\/2023\/01\/Thibaut-Pinot-Si-je-gagne-le-Tour-en-2019-ce-nest-meme-pas-sur-que-je-continue-en-2020.png\",\"datePublished\":\"2023-01-13T09:43:07+00:00\",\"dateModified\":\"2023-01-13T11:01:26+00:00\",\"description\":\"CYCLISME - Thibaut Pinot s'est livr\u00e9 \u00e0 un grand entretien pour nos confr\u00e8res de L'\u00c9quipe au moment d'annoncer sa retraite en fin de saison.\u00a0\",\"breadcrumb\":{\"@id\":\"https:\/\/dicodusport.fr\/blog\/thibaut-pinot-si-je-gagne-le-tour-en-2019-ce-nest-meme-pas-sur-que-je-continue-en-2020\/#breadcrumb\"},\"inLanguage\":\"fr-FR\",\"potentialAction\":[{\"@type\":\"ReadAction\",\"target\":[\"https:\/\/dicodusport.fr\/blog\/thibaut-pinot-si-je-gagne-le-tour-en-2019-ce-nest-meme-pas-sur-que-je-continue-en-2020\/\"]}]},{\"@type\":\"ImageObject\",\"inLanguage\":\"fr-FR\",\"@id\":\"https:\/\/dicodusport.fr\/blog\/thibaut-pinot-si-je-gagne-le-tour-en-2019-ce-nest-meme-pas-sur-que-je-continue-en-2020\/#primaryimage\",\"url\":\"https:\/\/dicodusport.fr\/blog\/wp-content\/uploads\/2023\/01\/Thibaut-Pinot-Si-je-gagne-le-Tour-en-2019-ce-nest-meme-pas-sur-que-je-continue-en-2020.png\",\"contentUrl\":\"https:\/\/dicodusport.fr\/blog\/wp-content\/uploads\/2023\/01\/Thibaut-Pinot-Si-je-gagne-le-Tour-en-2019-ce-nest-meme-pas-sur-que-je-continue-en-2020.png\",\"width\":800,\"height\":445},{\"@type\":\"BreadcrumbList\",\"@id\":\"https:\/\/dicodusport.fr\/blog\/thibaut-pinot-si-je-gagne-le-tour-en-2019-ce-nest-meme-pas-sur-que-je-continue-en-2020\/#breadcrumb\",\"itemListElement\":[{\"@type\":\"ListItem\",\"position\":1,\"name\":\"Accueil\",\"item\":\"https:\/\/dicodusport.fr\/blog\/\"},{\"@type\":\"ListItem\",\"position\":2,\"name\":\"Thibaut Pinot : \u00ab\u00a0Si je gagne le Tour en 2019, ce n&rsquo;est m\u00eame pas s\u00fbr que je continue en 2020\u00a0\u00bb\"}]},{\"@type\":\"WebSite\",\"@id\":\"https:\/\/dicodusport.fr\/blog\/#website\",\"url\":\"https:\/\/dicodusport.fr\/blog\/\",\"name\":\"Dicodusport\",\"description\":\"L&#039;encyclop\u00e9die de l&#039;actualit\u00e9 sportive\",\"publisher\":{\"@id\":\"https:\/\/dicodusport.fr\/blog\/#organization\"},\"potentialAction\":[{\"@type\":\"SearchAction\",\"target\":{\"@type\":\"EntryPoint\",\"urlTemplate\":\"https:\/\/dicodusport.fr\/blog\/?s={search_term_string}\"},\"query-input\":{\"@type\":\"PropertyValueSpecification\",\"valueRequired\":true,\"valueName\":\"search_term_string\"}}],\"inLanguage\":\"fr-FR\"},{\"@type\":\"NewsMediaOrganization\",\"@id\":\"https:\/\/dicodusport.fr\/blog\/#organization\",\"name\":\"Dicodusport\",\"url\":\"https:\/\/dicodusport.fr\/blog\/\",\"logo\":{\"@type\":\"ImageObject\",\"inLanguage\":\"fr-FR\",\"@id\":\"https:\/\/dicodusport.fr\/blog\/#\/schema\/logo\/image\/\",\"url\":\"https:\/\/dicodusport.fr\/blog\/wp-content\/uploads\/2020\/06\/cropped-LOGO-DICODUSPORT-2020-SANS-FOND-SANS-TEXTE.png\",\"contentUrl\":\"https:\/\/dicodusport.fr\/blog\/wp-content\/uploads\/2020\/06\/cropped-LOGO-DICODUSPORT-2020-SANS-FOND-SANS-TEXTE.png\",\"width\":512,\"height\":512,\"caption\":\"Dicodusport\"},\"image\":{\"@id\":\"https:\/\/dicodusport.fr\/blog\/#\/schema\/logo\/image\/\"},\"sameAs\":[\"https:\/\/www.facebook.com\/dicodusport\",\"https:\/\/x.com\/dicodusport\",\"https:\/\/www.instagram.com\/dicodusport\/\",\"https:\/\/www.youtube.com\/channel\/UC7V2KZ5sd3htJivAbA4ZG3w\"],\"description\":\"Dicodusport est l'encyclop\u00e9die de l'actualit\u00e9 sportive.\",\"email\":\"bonjour@dicodusport.fr\",\"legalName\":\"DICODUSPORT\",\"foundingDate\":\"2018-01-14\",\"vatID\":\"FR71834470973\",\"taxID\":\"83447097300043\",\"numberOfEmployees\":{\"@type\":\"QuantitativeValue\",\"minValue\":\"1\",\"maxValue\":\"10\"}},{\"@type\":\"Person\",\"@id\":\"https:\/\/dicodusport.fr\/blog\/#\/schema\/person\/55dcb50ad410894e431ed812bbb70191\",\"name\":\"Nicolas Jacquemard\",\"image\":{\"@type\":\"ImageObject\",\"inLanguage\":\"fr-FR\",\"@id\":\"https:\/\/dicodusport.fr\/blog\/#\/schema\/person\/image\/\",\"url\":\"https:\/\/dicodusport.fr\/blog\/wp-content\/uploads\/2021\/05\/Nicolas-Jacquemard-150x150.jpeg\",\"contentUrl\":\"https:\/\/dicodusport.fr\/blog\/wp-content\/uploads\/2021\/05\/Nicolas-Jacquemard-150x150.jpeg\",\"caption\":\"Nicolas Jacquemard\"},\"description\":\"Passionn\u00e9 de sport et entrepreneur depuis mes 18 ans, la cr\u00e9ation de Dicodusport m'a sembl\u00e9 \u00e9vidente pour participer \u00e0 la m\u00e9diatisation d'un plus grand nombre de sports. Le chemin est long mais avec une \u00e9quipe des plus motiv\u00e9es et les Jeux Olympiques de Paris 2024 en point de mire, nous y arriverons ! Journaliste dans le monde du sport depuis plus de 5 ans, je traite aussi bien de football, de rugby, de biathlon que de cyclisme.\",\"sameAs\":[\"https:\/\/www.facebook.com\/dicodusport\",\"https:\/\/x.com\/https:\/\/twitter.com\/Nico_Jacquemard\"],\"url\":\"https:\/\/dicodusport.fr\/blog\/author\/dicodusport\/\"}]}<\/script>\n<!-- \/ Yoast SEO Premium plugin. -->","yoast_head_json":{"title":"Thibaut Pinot : \"Si je gagne le Tour en 2019, ce n'est m\u00eame pas s\u00fbr que je continue en 2020\"","description":"CYCLISME - Thibaut Pinot s'est livr\u00e9 \u00e0 un grand entretien pour nos confr\u00e8res de L'\u00c9quipe au moment d'annoncer sa retraite en fin de saison.\u00a0","robots":{"index":"index","follow":"follow","max-snippet":"max-snippet:-1","max-image-preview":"max-image-preview:large","max-video-preview":"max-video-preview:-1"},"canonical":"https:\/\/dicodusport.fr\/blog\/thibaut-pinot-si-je-gagne-le-tour-en-2019-ce-nest-meme-pas-sur-que-je-continue-en-2020\/","og_locale":"fr_FR","og_type":"article","og_title":"Thibaut Pinot : \"Si je gagne le Tour en 2019, ce n'est m\u00eame pas s\u00fbr que je continue en 2020\"","og_description":"CYCLISME - Thibaut Pinot s'est livr\u00e9 \u00e0 un grand entretien pour nos confr\u00e8res de L'\u00c9quipe au moment d'annoncer sa retraite en fin de saison.\u00a0","og_url":"https:\/\/dicodusport.fr\/blog\/thibaut-pinot-si-je-gagne-le-tour-en-2019-ce-nest-meme-pas-sur-que-je-continue-en-2020\/","og_site_name":"Dicodusport","article_publisher":"https:\/\/www.facebook.com\/dicodusport","article_author":"https:\/\/www.facebook.com\/dicodusport","article_published_time":"2023-01-13T09:43:07+00:00","article_modified_time":"2023-01-13T11:01:26+00:00","og_image":[{"width":800,"height":445,"url":"https:\/\/dicodusport.fr\/blog\/wp-content\/uploads\/2023\/01\/Thibaut-Pinot-Si-je-gagne-le-Tour-en-2019-ce-nest-meme-pas-sur-que-je-continue-en-2020.png","type":"image\/png"}],"author":"Nicolas Jacquemard","twitter_card":"summary_large_image","twitter_title":"Thibaut Pinot : \"Si je gagne le Tour en 2019, ce n'est m\u00eame pas s\u00fbr que je continue en 2020\"","twitter_creator":"@https:\/\/twitter.com\/Nico_Jacquemard","twitter_site":"@dicodusport","schema":{"@context":"https:\/\/schema.org","@graph":[{"@type":"NewsArticle","@id":"https:\/\/dicodusport.fr\/blog\/thibaut-pinot-si-je-gagne-le-tour-en-2019-ce-nest-meme-pas-sur-que-je-continue-en-2020\/#article","isPartOf":{"@id":"https:\/\/dicodusport.fr\/blog\/thibaut-pinot-si-je-gagne-le-tour-en-2019-ce-nest-meme-pas-sur-que-je-continue-en-2020\/"},"author":{"name":"Nicolas Jacquemard","@id":"https:\/\/dicodusport.fr\/blog\/#\/schema\/person\/55dcb50ad410894e431ed812bbb70191"},"headline":"Thibaut Pinot : \u00ab\u00a0Si je gagne le Tour en 2019, ce n&rsquo;est m\u00eame pas s\u00fbr que je continue en 2020\u00a0\u00bb","datePublished":"2023-01-13T09:43:07+00:00","dateModified":"2023-01-13T11:01:26+00:00","mainEntityOfPage":{"@id":"https:\/\/dicodusport.fr\/blog\/thibaut-pinot-si-je-gagne-le-tour-en-2019-ce-nest-meme-pas-sur-que-je-continue-en-2020\/"},"wordCount":527,"commentCount":0,"publisher":{"@id":"https:\/\/dicodusport.fr\/blog\/#organization"},"image":{"@id":"https:\/\/dicodusport.fr\/blog\/thibaut-pinot-si-je-gagne-le-tour-en-2019-ce-nest-meme-pas-sur-que-je-continue-en-2020\/#primaryimage"},"thumbnailUrl":"https:\/\/dicodusport.fr\/blog\/wp-content\/uploads\/2023\/01\/Thibaut-Pinot-Si-je-gagne-le-Tour-en-2019-ce-nest-meme-pas-sur-que-je-continue-en-2020.png","keywords":["Groupama FDJ","Pinot","Thibaut Pinot"],"articleSection":["Cyclisme sur route"],"inLanguage":"fr-FR","potentialAction":[{"@type":"CommentAction","name":"Comment","target":["https:\/\/dicodusport.fr\/blog\/thibaut-pinot-si-je-gagne-le-tour-en-2019-ce-nest-meme-pas-sur-que-je-continue-en-2020\/#respond"]}],"copyrightYear":"2023","copyrightHolder":{"@id":"https:\/\/dicodusport.fr\/blog\/#organization"}},{"@type":"WebPage","@id":"https:\/\/dicodusport.fr\/blog\/thibaut-pinot-si-je-gagne-le-tour-en-2019-ce-nest-meme-pas-sur-que-je-continue-en-2020\/","url":"https:\/\/dicodusport.fr\/blog\/thibaut-pinot-si-je-gagne-le-tour-en-2019-ce-nest-meme-pas-sur-que-je-continue-en-2020\/","name":"Thibaut Pinot : \"Si je gagne le Tour en 2019, ce n'est m\u00eame pas s\u00fbr que je continue en 2020\"","isPartOf":{"@id":"https:\/\/dicodusport.fr\/blog\/#website"},"primaryImageOfPage":{"@id":"https:\/\/dicodusport.fr\/blog\/thibaut-pinot-si-je-gagne-le-tour-en-2019-ce-nest-meme-pas-sur-que-je-continue-en-2020\/#primaryimage"},"image":{"@id":"https:\/\/dicodusport.fr\/blog\/thibaut-pinot-si-je-gagne-le-tour-en-2019-ce-nest-meme-pas-sur-que-je-continue-en-2020\/#primaryimage"},"thumbnailUrl":"https:\/\/dicodusport.fr\/blog\/wp-content\/uploads\/2023\/01\/Thibaut-Pinot-Si-je-gagne-le-Tour-en-2019-ce-nest-meme-pas-sur-que-je-continue-en-2020.png","datePublished":"2023-01-13T09:43:07+00:00","dateModified":"2023-01-13T11:01:26+00:00","description":"CYCLISME - Thibaut Pinot s'est livr\u00e9 \u00e0 un grand entretien pour nos confr\u00e8res de L'\u00c9quipe au moment d'annoncer sa retraite en fin de saison.\u00a0","breadcrumb":{"@id":"https:\/\/dicodusport.fr\/blog\/thibaut-pinot-si-je-gagne-le-tour-en-2019-ce-nest-meme-pas-sur-que-je-continue-en-2020\/#breadcrumb"},"inLanguage":"fr-FR","potentialAction":[{"@type":"ReadAction","target":["https:\/\/dicodusport.fr\/blog\/thibaut-pinot-si-je-gagne-le-tour-en-2019-ce-nest-meme-pas-sur-que-je-continue-en-2020\/"]}]},{"@type":"ImageObject","inLanguage":"fr-FR","@id":"https:\/\/dicodusport.fr\/blog\/thibaut-pinot-si-je-gagne-le-tour-en-2019-ce-nest-meme-pas-sur-que-je-continue-en-2020\/#primaryimage","url":"https:\/\/dicodusport.fr\/blog\/wp-content\/uploads\/2023\/01\/Thibaut-Pinot-Si-je-gagne-le-Tour-en-2019-ce-nest-meme-pas-sur-que-je-continue-en-2020.png","contentUrl":"https:\/\/dicodusport.fr\/blog\/wp-content\/uploads\/2023\/01\/Thibaut-Pinot-Si-je-gagne-le-Tour-en-2019-ce-nest-meme-pas-sur-que-je-continue-en-2020.png","width":800,"height":445},{"@type":"BreadcrumbList","@id":"https:\/\/dicodusport.fr\/blog\/thibaut-pinot-si-je-gagne-le-tour-en-2019-ce-nest-meme-pas-sur-que-je-continue-en-2020\/#breadcrumb","itemListElement":[{"@type":"ListItem","position":1,"name":"Accueil","item":"https:\/\/dicodusport.fr\/blog\/"},{"@type":"ListItem","position":2,"name":"Thibaut Pinot : \u00ab\u00a0Si je gagne le Tour en 2019, ce n&rsquo;est m\u00eame pas s\u00fbr que je continue en 2020\u00a0\u00bb"}]},{"@type":"WebSite","@id":"https:\/\/dicodusport.fr\/blog\/#website","url":"https:\/\/dicodusport.fr\/blog\/","name":"Dicodusport","description":"L&#039;encyclop\u00e9die de l&#039;actualit\u00e9 sportive","publisher":{"@id":"https:\/\/dicodusport.fr\/blog\/#organization"},"potentialAction":[{"@type":"SearchAction","target":{"@type":"EntryPoint","urlTemplate":"https:\/\/dicodusport.fr\/blog\/?s={search_term_string}"},"query-input":{"@type":"PropertyValueSpecification","valueRequired":true,"valueName":"search_term_string"}}],"inLanguage":"fr-FR"},{"@type":"NewsMediaOrganization","@id":"https:\/\/dicodusport.fr\/blog\/#organization","name":"Dicodusport","url":"https:\/\/dicodusport.fr\/blog\/","logo":{"@type":"ImageObject","inLanguage":"fr-FR","@id":"https:\/\/dicodusport.fr\/blog\/#\/schema\/logo\/image\/","url":"https:\/\/dicodusport.fr\/blog\/wp-content\/uploads\/2020\/06\/cropped-LOGO-DICODUSPORT-2020-SANS-FOND-SANS-TEXTE.png","contentUrl":"https:\/\/dicodusport.fr\/blog\/wp-content\/uploads\/2020\/06\/cropped-LOGO-DICODUSPORT-2020-SANS-FOND-SANS-TEXTE.png","width":512,"height":512,"caption":"Dicodusport"},"image":{"@id":"https:\/\/dicodusport.fr\/blog\/#\/schema\/logo\/image\/"},"sameAs":["https:\/\/www.facebook.com\/dicodusport","https:\/\/x.com\/dicodusport","https:\/\/www.instagram.com\/dicodusport\/","https:\/\/www.youtube.com\/channel\/UC7V2KZ5sd3htJivAbA4ZG3w"],"description":"Dicodusport est l'encyclop\u00e9die de l'actualit\u00e9 sportive.","email":"bonjour@dicodusport.fr","legalName":"DICODUSPORT","foundingDate":"2018-01-14","vatID":"FR71834470973","taxID":"83447097300043","numberOfEmployees":{"@type":"QuantitativeValue","minValue":"1","maxValue":"10"}},{"@type":"Person","@id":"https:\/\/dicodusport.fr\/blog\/#\/schema\/person\/55dcb50ad410894e431ed812bbb70191","name":"Nicolas Jacquemard","image":{"@type":"ImageObject","inLanguage":"fr-FR","@id":"https:\/\/dicodusport.fr\/blog\/#\/schema\/person\/image\/","url":"https:\/\/dicodusport.fr\/blog\/wp-content\/uploads\/2021\/05\/Nicolas-Jacquemard-150x150.jpeg","contentUrl":"https:\/\/dicodusport.fr\/blog\/wp-content\/uploads\/2021\/05\/Nicolas-Jacquemard-150x150.jpeg","caption":"Nicolas Jacquemard"},"description":"Passionn\u00e9 de sport et entrepreneur depuis mes 18 ans, la cr\u00e9ation de Dicodusport m'a sembl\u00e9 \u00e9vidente pour participer \u00e0 la m\u00e9diatisation d'un plus grand nombre de sports. Le chemin est long mais avec une \u00e9quipe des plus motiv\u00e9es et les Jeux Olympiques de Paris 2024 en point de mire, nous y arriverons ! Journaliste dans le monde du sport depuis plus de 5 ans, je traite aussi bien de football, de rugby, de biathlon que de cyclisme.","sameAs":["https:\/\/www.facebook.com\/dicodusport","https:\/\/x.com\/https:\/\/twitter.com\/Nico_Jacquemard"],"url":"https:\/\/dicodusport.fr\/blog\/author\/dicodusport\/"}]}},"_links":{"self":[{"href":"https:\/\/dicodusport.fr\/blog\/wp-json\/wp\/v2\/posts\/343970","targetHints":{"allow":["GET"]}}],"collection":[{"href":"https:\/\/dicodusport.fr\/blog\/wp-json\/wp\/v2\/posts"}],"about":[{"href":"https:\/\/dicodusport.fr\/blog\/wp-json\/wp\/v2\/types\/post"}],"author":[{"embeddable":true,"href":"https:\/\/dicodusport.fr\/blog\/wp-json\/wp\/v2\/users\/1"}],"replies":[{"embeddable":true,"href":"https:\/\/dicodusport.fr\/blog\/wp-json\/wp\/v2\/comments?post=343970"}],"version-history":[{"count":0,"href":"https:\/\/dicodusport.fr\/blog\/wp-json\/wp\/v2\/posts\/343970\/revisions"}],"wp:featuredmedia":[{"embeddable":true,"href":"https:\/\/dicodusport.fr\/blog\/wp-json\/wp\/v2\/media\/344013"}],"wp:attachment":[{"href":"https:\/\/dicodusport.fr\/blog\/wp-json\/wp\/v2\/media?parent=343970"}],"wp:term":[{"taxonomy":"category","embeddable":true,"href":"https:\/\/dicodusport.fr\/blog\/wp-json\/wp\/v2\/categories?post=343970"},{"taxonomy":"post_tag","embeddable":true,"href":"https:\/\/dicodusport.fr\/blog\/wp-json\/wp\/v2\/tags?post=343970"}],"curies":[{"name":"wp","href":"https:\/\/api.w.org\/{rel}","templated":true}]}}