{"id":343981,"date":"2023-01-13T09:20:35","date_gmt":"2023-01-13T08:20:35","guid":{"rendered":"https:\/\/dicodusport.fr\/blog\/?p=343981&#038;preview=true&#038;preview_id=343981"},"modified":"2023-01-13T09:41:13","modified_gmt":"2023-01-13T08:41:13","slug":"dakar-2023-6eme-victoire-pour-sebastien-loeb-qui-gagne-une-place-au-general","status":"publish","type":"post","link":"https:\/\/dicodusport.fr\/blog\/dakar-2023-6eme-victoire-pour-sebastien-loeb-qui-gagne-une-place-au-general\/","title":{"rendered":"Dakar 2023 : 6\u00e8me victoire pour S\u00e9bastien Loeb qui gagne une place au g\u00e9n\u00e9ral"},"content":{"rendered":"<p align=\"justify\"><em><strong>DAKAR 2023 &#8211; S\u00e9bastien Loeb (Bahrain Raid Xtreme) a remport\u00e9 la douzi\u00e8me \u00e9tape \u00e0 Shaybah ce vendredi, son sixi\u00e8me succ\u00e8s depuis le d\u00e9part, et grimpe sur la deuxi\u00e8me marche du classement g\u00e9n\u00e9ral du Dakar 2023.\u00a0<\/strong><\/em><\/p>\n<p align=\"justify\"><strong>S\u00e9bastien<\/strong> <strong>Loeb<\/strong> et <strong>Fabian<\/strong> <strong>Luquin<\/strong> sont sur un nuage ! Cinqui\u00e8me victoire cons\u00e9cutive, la sixi\u00e8me depuis le d\u00e9part du Dakar il y a une petite quinzaine de jours. Et comme les derniers jours, malgr\u00e9 le fait d&rsquo;ouvrir la route, le nonuple champion du monde WRC ne laisse que des miettes \u00e0 ses adversaires, puisqu&rsquo;il passe en t\u00eate \u00e0 tous les pointages. <strong>Mattias<\/strong> <strong>Ekstrom<\/strong>, derni\u00e8re voiture <strong>Audi<\/strong> en piste, est deuxi\u00e8me \u00e0 plus de trois minutes.<\/p>\n<p align=\"justify\"><strong>Nasser al-Attiyah<\/strong> est lui troisi\u00e8me de la sp\u00e9ciale et garde sa confortable avance au <a href=\"https:\/\/dicodusport.fr\/blog\/dakar-2023-autos-classement-general\/\" target=\"_blank\" rel=\"noopener\">classement g\u00e9n\u00e9ral du Dakar 2023<\/a>. Le tenant du titre n&rsquo;a plus le m\u00eame dauphin, puisque <strong>S\u00e9bastien<\/strong> <strong>Loeb<\/strong> passe deuxi\u00e8me, avec plus de 10 minutes reprises sur le Br\u00e9silien <strong>Luca<\/strong> <strong>Moraes <\/strong>(Overdrive Toyota). Le Fran\u00e7ais compte un peu plus d&rsquo;une heure et vingt minutes de retard au classement sur le leader. <strong>Hank<\/strong> <strong>Lategan<\/strong>, encore deuxi\u00e8me au g\u00e9n\u00e9ral il y a quelques jours, est le grand perdant de la sp\u00e9ciale, avec plus de 40 minutes l\u00e2ch\u00e9es sur ennui m\u00e9canique.<\/p>\n<blockquote class=\"twitter-tweet\">\n<p dir=\"ltr\" lang=\"en\">\ud83d\ude97\ud83d\udca8 Even with a 1:20 lead over his runner-up, <a href=\"https:\/\/twitter.com\/AlAttiyahN?ref_src=twsrc%5Etfw\">@AlAttiyahN<\/a> isn&rsquo;t taking his foot off the gas. \ud83d\ude80<a href=\"https:\/\/twitter.com\/hashtag\/Dakar2023?src=hash&amp;ref_src=twsrc%5Etfw\">#Dakar2023<\/a> <a href=\"https:\/\/t.co\/UMcf8qXqKx\">pic.twitter.com\/UMcf8qXqKx<\/a><\/p>\n<p>\u2014 DAKAR RALLY (@dakar) <a href=\"https:\/\/twitter.com\/dakar\/status\/1613802514557566978?ref_src=twsrc%5Etfw\">January 13, 2023<\/a><\/p><\/blockquote>\n<p><script async src=\"https:\/\/platform.twitter.com\/widgets.js\" charset=\"utf-8\"><\/script><\/p>\n","protected":false},"excerpt":{"rendered":"<p>DAKAR 2023 &#8211; S\u00e9bastien Loeb a remport\u00e9 la douzi\u00e8me \u00e9tape, son sixi\u00e8me succ\u00e8s depuis le d\u00e9part, et grimpe sur la deuxi\u00e8me marche du classement g\u00e9n\u00e9ral du Dakar 2023.\u00a0<\/p>\n","protected":false},"author":1,"featured_media":343982,"comment_status":"open","ping_status":"closed","sticky":false,"template":"","format":"standard","meta":{"_acf_changed":false,"_daextam_enable_autolinks":"","footnotes":""},"categories":[9493],"tags":[7001,3282],"class_list":["post-343981","post","type-post","status-publish","format-standard","has-post-thumbnail","hentry","category-dakar","tag-loeb","tag-sebastien-loeb"],"acf":[],"yoast_head":"<!-- This site is optimized with the Yoast SEO Premium plugin v26.7 (Yoast SEO v26.7) - https:\/\/yoast.com\/wordpress\/plugins\/seo\/ -->\n<title>Dakar 2023 : 6\u00e8me victoire pour S\u00e9bastien Loeb qui gagne une place au g\u00e9n\u00e9ral<\/title>\n<meta name=\"description\" content=\"DAKAR 2023 - S\u00e9bastien Loeb a remport\u00e9 la douzi\u00e8me \u00e9tape, son sixi\u00e8me succ\u00e8s depuis le d\u00e9part, et grimpe sur la deuxi\u00e8me marche du classement g\u00e9n\u00e9ral du Dakar 2023.\u00a0\" \/>\n<meta name=\"robots\" content=\"index, follow, max-snippet:-1, max-image-preview:large, max-video-preview:-1\" \/>\n<link rel=\"canonical\" href=\"https:\/\/dicodusport.fr\/blog\/dakar-2023-6eme-victoire-pour-sebastien-loeb-qui-gagne-une-place-au-general\/\" \/>\n<meta property=\"og:locale\" content=\"fr_FR\" \/>\n<meta property=\"og:type\" content=\"article\" \/>\n<meta property=\"og:title\" content=\"Dakar 2023 : 6\u00e8me victoire pour S\u00e9bastien Loeb qui gagne une place au g\u00e9n\u00e9ral\" \/>\n<meta property=\"og:description\" content=\"DAKAR 2023 - S\u00e9bastien Loeb a remport\u00e9 la douzi\u00e8me \u00e9tape, son sixi\u00e8me succ\u00e8s depuis le d\u00e9part, et grimpe sur la deuxi\u00e8me marche du classement g\u00e9n\u00e9ral du Dakar 2023.\u00a0\" \/>\n<meta property=\"og:url\" content=\"https:\/\/dicodusport.fr\/blog\/dakar-2023-6eme-victoire-pour-sebastien-loeb-qui-gagne-une-place-au-general\/\" \/>\n<meta property=\"og:site_name\" content=\"Dicodusport\" \/>\n<meta property=\"article:publisher\" content=\"https:\/\/www.facebook.com\/dicodusport\" \/>\n<meta property=\"article:author\" content=\"https:\/\/www.facebook.com\/dicodusport\" \/>\n<meta property=\"article:published_time\" content=\"2023-01-13T08:20:35+00:00\" \/>\n<meta property=\"article:modified_time\" content=\"2023-01-13T08:41:13+00:00\" \/>\n<meta property=\"og:image\" content=\"https:\/\/dicodusport.fr\/blog\/wp-content\/uploads\/2023\/01\/Dakar-2023-6eme-victoire-pour-Sebastien-Loeb-qui-gagne-une-place-au-general.png\" \/>\n\t<meta property=\"og:image:width\" content=\"800\" \/>\n\t<meta property=\"og:image:height\" content=\"445\" \/>\n\t<meta property=\"og:image:type\" content=\"image\/png\" \/>\n<meta name=\"author\" content=\"Nicolas Jacquemard\" \/>\n<meta name=\"twitter:card\" content=\"summary_large_image\" \/>\n<meta name=\"twitter:title\" content=\"Dakar 2023 : 6\u00e8me victoire pour S\u00e9bastien Loeb qui gagne une place au g\u00e9n\u00e9ral\" \/>\n<meta name=\"twitter:creator\" content=\"@https:\/\/twitter.com\/Nico_Jacquemard\" \/>\n<meta name=\"twitter:site\" content=\"@dicodusport\" \/>\n<script type=\"application\/ld+json\" class=\"yoast-schema-graph\">{\"@context\":\"https:\/\/schema.org\",\"@graph\":[{\"@type\":\"NewsArticle\",\"@id\":\"https:\/\/dicodusport.fr\/blog\/dakar-2023-6eme-victoire-pour-sebastien-loeb-qui-gagne-une-place-au-general\/#article\",\"isPartOf\":{\"@id\":\"https:\/\/dicodusport.fr\/blog\/dakar-2023-6eme-victoire-pour-sebastien-loeb-qui-gagne-une-place-au-general\/\"},\"author\":{\"name\":\"Nicolas Jacquemard\",\"@id\":\"https:\/\/dicodusport.fr\/blog\/#\/schema\/person\/55dcb50ad410894e431ed812bbb70191\"},\"headline\":\"Dakar 2023 : 6\u00e8me victoire pour S\u00e9bastien Loeb qui gagne une place au g\u00e9n\u00e9ral\",\"datePublished\":\"2023-01-13T08:20:35+00:00\",\"dateModified\":\"2023-01-13T08:41:13+00:00\",\"mainEntityOfPage\":{\"@id\":\"https:\/\/dicodusport.fr\/blog\/dakar-2023-6eme-victoire-pour-sebastien-loeb-qui-gagne-une-place-au-general\/\"},\"wordCount\":268,\"commentCount\":0,\"publisher\":{\"@id\":\"https:\/\/dicodusport.fr\/blog\/#organization\"},\"image\":{\"@id\":\"https:\/\/dicodusport.fr\/blog\/dakar-2023-6eme-victoire-pour-sebastien-loeb-qui-gagne-une-place-au-general\/#primaryimage\"},\"thumbnailUrl\":\"https:\/\/dicodusport.fr\/blog\/wp-content\/uploads\/2023\/01\/Dakar-2023-6eme-victoire-pour-Sebastien-Loeb-qui-gagne-une-place-au-general.png\",\"keywords\":[\"Loeb\",\"s\u00e9bastien loeb\"],\"articleSection\":[\"Dakar\"],\"inLanguage\":\"fr-FR\",\"potentialAction\":[{\"@type\":\"CommentAction\",\"name\":\"Comment\",\"target\":[\"https:\/\/dicodusport.fr\/blog\/dakar-2023-6eme-victoire-pour-sebastien-loeb-qui-gagne-une-place-au-general\/#respond\"]}],\"copyrightYear\":\"2023\",\"copyrightHolder\":{\"@id\":\"https:\/\/dicodusport.fr\/blog\/#organization\"}},{\"@type\":\"WebPage\",\"@id\":\"https:\/\/dicodusport.fr\/blog\/dakar-2023-6eme-victoire-pour-sebastien-loeb-qui-gagne-une-place-au-general\/\",\"url\":\"https:\/\/dicodusport.fr\/blog\/dakar-2023-6eme-victoire-pour-sebastien-loeb-qui-gagne-une-place-au-general\/\",\"name\":\"Dakar 2023 : 6\u00e8me victoire pour S\u00e9bastien Loeb qui gagne une place au g\u00e9n\u00e9ral\",\"isPartOf\":{\"@id\":\"https:\/\/dicodusport.fr\/blog\/#website\"},\"primaryImageOfPage\":{\"@id\":\"https:\/\/dicodusport.fr\/blog\/dakar-2023-6eme-victoire-pour-sebastien-loeb-qui-gagne-une-place-au-general\/#primaryimage\"},\"image\":{\"@id\":\"https:\/\/dicodusport.fr\/blog\/dakar-2023-6eme-victoire-pour-sebastien-loeb-qui-gagne-une-place-au-general\/#primaryimage\"},\"thumbnailUrl\":\"https:\/\/dicodusport.fr\/blog\/wp-content\/uploads\/2023\/01\/Dakar-2023-6eme-victoire-pour-Sebastien-Loeb-qui-gagne-une-place-au-general.png\",\"datePublished\":\"2023-01-13T08:20:35+00:00\",\"dateModified\":\"2023-01-13T08:41:13+00:00\",\"description\":\"DAKAR 2023 - S\u00e9bastien Loeb a remport\u00e9 la douzi\u00e8me \u00e9tape, son sixi\u00e8me succ\u00e8s depuis le d\u00e9part, et grimpe sur la deuxi\u00e8me marche du classement g\u00e9n\u00e9ral du Dakar 2023.\u00a0\",\"breadcrumb\":{\"@id\":\"https:\/\/dicodusport.fr\/blog\/dakar-2023-6eme-victoire-pour-sebastien-loeb-qui-gagne-une-place-au-general\/#breadcrumb\"},\"inLanguage\":\"fr-FR\",\"potentialAction\":[{\"@type\":\"ReadAction\",\"target\":[\"https:\/\/dicodusport.fr\/blog\/dakar-2023-6eme-victoire-pour-sebastien-loeb-qui-gagne-une-place-au-general\/\"]}]},{\"@type\":\"ImageObject\",\"inLanguage\":\"fr-FR\",\"@id\":\"https:\/\/dicodusport.fr\/blog\/dakar-2023-6eme-victoire-pour-sebastien-loeb-qui-gagne-une-place-au-general\/#primaryimage\",\"url\":\"https:\/\/dicodusport.fr\/blog\/wp-content\/uploads\/2023\/01\/Dakar-2023-6eme-victoire-pour-Sebastien-Loeb-qui-gagne-une-place-au-general.png\",\"contentUrl\":\"https:\/\/dicodusport.fr\/blog\/wp-content\/uploads\/2023\/01\/Dakar-2023-6eme-victoire-pour-Sebastien-Loeb-qui-gagne-une-place-au-general.png\",\"width\":800,\"height\":445},{\"@type\":\"BreadcrumbList\",\"@id\":\"https:\/\/dicodusport.fr\/blog\/dakar-2023-6eme-victoire-pour-sebastien-loeb-qui-gagne-une-place-au-general\/#breadcrumb\",\"itemListElement\":[{\"@type\":\"ListItem\",\"position\":1,\"name\":\"Accueil\",\"item\":\"https:\/\/dicodusport.fr\/blog\/\"},{\"@type\":\"ListItem\",\"position\":2,\"name\":\"Dakar 2023 : 6\u00e8me victoire pour S\u00e9bastien Loeb qui gagne une place au g\u00e9n\u00e9ral\"}]},{\"@type\":\"WebSite\",\"@id\":\"https:\/\/dicodusport.fr\/blog\/#website\",\"url\":\"https:\/\/dicodusport.fr\/blog\/\",\"name\":\"Dicodusport\",\"description\":\"L&#039;encyclop\u00e9die de l&#039;actualit\u00e9 sportive\",\"publisher\":{\"@id\":\"https:\/\/dicodusport.fr\/blog\/#organization\"},\"potentialAction\":[{\"@type\":\"SearchAction\",\"target\":{\"@type\":\"EntryPoint\",\"urlTemplate\":\"https:\/\/dicodusport.fr\/blog\/?s={search_term_string}\"},\"query-input\":{\"@type\":\"PropertyValueSpecification\",\"valueRequired\":true,\"valueName\":\"search_term_string\"}}],\"inLanguage\":\"fr-FR\"},{\"@type\":\"NewsMediaOrganization\",\"@id\":\"https:\/\/dicodusport.fr\/blog\/#organization\",\"name\":\"Dicodusport\",\"url\":\"https:\/\/dicodusport.fr\/blog\/\",\"logo\":{\"@type\":\"ImageObject\",\"inLanguage\":\"fr-FR\",\"@id\":\"https:\/\/dicodusport.fr\/blog\/#\/schema\/logo\/image\/\",\"url\":\"https:\/\/dicodusport.fr\/blog\/wp-content\/uploads\/2020\/06\/cropped-LOGO-DICODUSPORT-2020-SANS-FOND-SANS-TEXTE.png\",\"contentUrl\":\"https:\/\/dicodusport.fr\/blog\/wp-content\/uploads\/2020\/06\/cropped-LOGO-DICODUSPORT-2020-SANS-FOND-SANS-TEXTE.png\",\"width\":512,\"height\":512,\"caption\":\"Dicodusport\"},\"image\":{\"@id\":\"https:\/\/dicodusport.fr\/blog\/#\/schema\/logo\/image\/\"},\"sameAs\":[\"https:\/\/www.facebook.com\/dicodusport\",\"https:\/\/x.com\/dicodusport\",\"https:\/\/www.instagram.com\/dicodusport\/\",\"https:\/\/www.youtube.com\/channel\/UC7V2KZ5sd3htJivAbA4ZG3w\"],\"description\":\"Dicodusport est l'encyclop\u00e9die de l'actualit\u00e9 sportive.\",\"email\":\"bonjour@dicodusport.fr\",\"legalName\":\"DICODUSPORT\",\"foundingDate\":\"2018-01-14\",\"vatID\":\"FR71834470973\",\"taxID\":\"83447097300043\",\"numberOfEmployees\":{\"@type\":\"QuantitativeValue\",\"minValue\":\"1\",\"maxValue\":\"10\"}},{\"@type\":\"Person\",\"@id\":\"https:\/\/dicodusport.fr\/blog\/#\/schema\/person\/55dcb50ad410894e431ed812bbb70191\",\"name\":\"Nicolas Jacquemard\",\"image\":{\"@type\":\"ImageObject\",\"inLanguage\":\"fr-FR\",\"@id\":\"https:\/\/dicodusport.fr\/blog\/#\/schema\/person\/image\/\",\"url\":\"https:\/\/dicodusport.fr\/blog\/wp-content\/uploads\/2021\/05\/Nicolas-Jacquemard-150x150.jpeg\",\"contentUrl\":\"https:\/\/dicodusport.fr\/blog\/wp-content\/uploads\/2021\/05\/Nicolas-Jacquemard-150x150.jpeg\",\"caption\":\"Nicolas Jacquemard\"},\"description\":\"Passionn\u00e9 de sport et entrepreneur depuis mes 18 ans, la cr\u00e9ation de Dicodusport m'a sembl\u00e9 \u00e9vidente pour participer \u00e0 la m\u00e9diatisation d'un plus grand nombre de sports. Le chemin est long mais avec une \u00e9quipe des plus motiv\u00e9es et les Jeux Olympiques de Paris 2024 en point de mire, nous y arriverons ! Journaliste dans le monde du sport depuis plus de 5 ans, je traite aussi bien de football, de rugby, de biathlon que de cyclisme.\",\"sameAs\":[\"https:\/\/www.facebook.com\/dicodusport\",\"https:\/\/x.com\/https:\/\/twitter.com\/Nico_Jacquemard\"],\"url\":\"https:\/\/dicodusport.fr\/blog\/author\/dicodusport\/\"}]}<\/script>\n<!-- \/ Yoast SEO Premium plugin. -->","yoast_head_json":{"title":"Dakar 2023 : 6\u00e8me victoire pour S\u00e9bastien Loeb qui gagne une place au g\u00e9n\u00e9ral","description":"DAKAR 2023 - S\u00e9bastien Loeb a remport\u00e9 la douzi\u00e8me \u00e9tape, son sixi\u00e8me succ\u00e8s depuis le d\u00e9part, et grimpe sur la deuxi\u00e8me marche du classement g\u00e9n\u00e9ral du Dakar 2023.\u00a0","robots":{"index":"index","follow":"follow","max-snippet":"max-snippet:-1","max-image-preview":"max-image-preview:large","max-video-preview":"max-video-preview:-1"},"canonical":"https:\/\/dicodusport.fr\/blog\/dakar-2023-6eme-victoire-pour-sebastien-loeb-qui-gagne-une-place-au-general\/","og_locale":"fr_FR","og_type":"article","og_title":"Dakar 2023 : 6\u00e8me victoire pour S\u00e9bastien Loeb qui gagne une place au g\u00e9n\u00e9ral","og_description":"DAKAR 2023 - S\u00e9bastien Loeb a remport\u00e9 la douzi\u00e8me \u00e9tape, son sixi\u00e8me succ\u00e8s depuis le d\u00e9part, et grimpe sur la deuxi\u00e8me marche du classement g\u00e9n\u00e9ral du Dakar 2023.\u00a0","og_url":"https:\/\/dicodusport.fr\/blog\/dakar-2023-6eme-victoire-pour-sebastien-loeb-qui-gagne-une-place-au-general\/","og_site_name":"Dicodusport","article_publisher":"https:\/\/www.facebook.com\/dicodusport","article_author":"https:\/\/www.facebook.com\/dicodusport","article_published_time":"2023-01-13T08:20:35+00:00","article_modified_time":"2023-01-13T08:41:13+00:00","og_image":[{"width":800,"height":445,"url":"https:\/\/dicodusport.fr\/blog\/wp-content\/uploads\/2023\/01\/Dakar-2023-6eme-victoire-pour-Sebastien-Loeb-qui-gagne-une-place-au-general.png","type":"image\/png"}],"author":"Nicolas Jacquemard","twitter_card":"summary_large_image","twitter_title":"Dakar 2023 : 6\u00e8me victoire pour S\u00e9bastien Loeb qui gagne une place au g\u00e9n\u00e9ral","twitter_creator":"@https:\/\/twitter.com\/Nico_Jacquemard","twitter_site":"@dicodusport","schema":{"@context":"https:\/\/schema.org","@graph":[{"@type":"NewsArticle","@id":"https:\/\/dicodusport.fr\/blog\/dakar-2023-6eme-victoire-pour-sebastien-loeb-qui-gagne-une-place-au-general\/#article","isPartOf":{"@id":"https:\/\/dicodusport.fr\/blog\/dakar-2023-6eme-victoire-pour-sebastien-loeb-qui-gagne-une-place-au-general\/"},"author":{"name":"Nicolas Jacquemard","@id":"https:\/\/dicodusport.fr\/blog\/#\/schema\/person\/55dcb50ad410894e431ed812bbb70191"},"headline":"Dakar 2023 : 6\u00e8me victoire pour S\u00e9bastien Loeb qui gagne une place au g\u00e9n\u00e9ral","datePublished":"2023-01-13T08:20:35+00:00","dateModified":"2023-01-13T08:41:13+00:00","mainEntityOfPage":{"@id":"https:\/\/dicodusport.fr\/blog\/dakar-2023-6eme-victoire-pour-sebastien-loeb-qui-gagne-une-place-au-general\/"},"wordCount":268,"commentCount":0,"publisher":{"@id":"https:\/\/dicodusport.fr\/blog\/#organization"},"image":{"@id":"https:\/\/dicodusport.fr\/blog\/dakar-2023-6eme-victoire-pour-sebastien-loeb-qui-gagne-une-place-au-general\/#primaryimage"},"thumbnailUrl":"https:\/\/dicodusport.fr\/blog\/wp-content\/uploads\/2023\/01\/Dakar-2023-6eme-victoire-pour-Sebastien-Loeb-qui-gagne-une-place-au-general.png","keywords":["Loeb","s\u00e9bastien loeb"],"articleSection":["Dakar"],"inLanguage":"fr-FR","potentialAction":[{"@type":"CommentAction","name":"Comment","target":["https:\/\/dicodusport.fr\/blog\/dakar-2023-6eme-victoire-pour-sebastien-loeb-qui-gagne-une-place-au-general\/#respond"]}],"copyrightYear":"2023","copyrightHolder":{"@id":"https:\/\/dicodusport.fr\/blog\/#organization"}},{"@type":"WebPage","@id":"https:\/\/dicodusport.fr\/blog\/dakar-2023-6eme-victoire-pour-sebastien-loeb-qui-gagne-une-place-au-general\/","url":"https:\/\/dicodusport.fr\/blog\/dakar-2023-6eme-victoire-pour-sebastien-loeb-qui-gagne-une-place-au-general\/","name":"Dakar 2023 : 6\u00e8me victoire pour S\u00e9bastien Loeb qui gagne une place au g\u00e9n\u00e9ral","isPartOf":{"@id":"https:\/\/dicodusport.fr\/blog\/#website"},"primaryImageOfPage":{"@id":"https:\/\/dicodusport.fr\/blog\/dakar-2023-6eme-victoire-pour-sebastien-loeb-qui-gagne-une-place-au-general\/#primaryimage"},"image":{"@id":"https:\/\/dicodusport.fr\/blog\/dakar-2023-6eme-victoire-pour-sebastien-loeb-qui-gagne-une-place-au-general\/#primaryimage"},"thumbnailUrl":"https:\/\/dicodusport.fr\/blog\/wp-content\/uploads\/2023\/01\/Dakar-2023-6eme-victoire-pour-Sebastien-Loeb-qui-gagne-une-place-au-general.png","datePublished":"2023-01-13T08:20:35+00:00","dateModified":"2023-01-13T08:41:13+00:00","description":"DAKAR 2023 - S\u00e9bastien Loeb a remport\u00e9 la douzi\u00e8me \u00e9tape, son sixi\u00e8me succ\u00e8s depuis le d\u00e9part, et grimpe sur la deuxi\u00e8me marche du classement g\u00e9n\u00e9ral du Dakar 2023.\u00a0","breadcrumb":{"@id":"https:\/\/dicodusport.fr\/blog\/dakar-2023-6eme-victoire-pour-sebastien-loeb-qui-gagne-une-place-au-general\/#breadcrumb"},"inLanguage":"fr-FR","potentialAction":[{"@type":"ReadAction","target":["https:\/\/dicodusport.fr\/blog\/dakar-2023-6eme-victoire-pour-sebastien-loeb-qui-gagne-une-place-au-general\/"]}]},{"@type":"ImageObject","inLanguage":"fr-FR","@id":"https:\/\/dicodusport.fr\/blog\/dakar-2023-6eme-victoire-pour-sebastien-loeb-qui-gagne-une-place-au-general\/#primaryimage","url":"https:\/\/dicodusport.fr\/blog\/wp-content\/uploads\/2023\/01\/Dakar-2023-6eme-victoire-pour-Sebastien-Loeb-qui-gagne-une-place-au-general.png","contentUrl":"https:\/\/dicodusport.fr\/blog\/wp-content\/uploads\/2023\/01\/Dakar-2023-6eme-victoire-pour-Sebastien-Loeb-qui-gagne-une-place-au-general.png","width":800,"height":445},{"@type":"BreadcrumbList","@id":"https:\/\/dicodusport.fr\/blog\/dakar-2023-6eme-victoire-pour-sebastien-loeb-qui-gagne-une-place-au-general\/#breadcrumb","itemListElement":[{"@type":"ListItem","position":1,"name":"Accueil","item":"https:\/\/dicodusport.fr\/blog\/"},{"@type":"ListItem","position":2,"name":"Dakar 2023 : 6\u00e8me victoire pour S\u00e9bastien Loeb qui gagne une place au g\u00e9n\u00e9ral"}]},{"@type":"WebSite","@id":"https:\/\/dicodusport.fr\/blog\/#website","url":"https:\/\/dicodusport.fr\/blog\/","name":"Dicodusport","description":"L&#039;encyclop\u00e9die de l&#039;actualit\u00e9 sportive","publisher":{"@id":"https:\/\/dicodusport.fr\/blog\/#organization"},"potentialAction":[{"@type":"SearchAction","target":{"@type":"EntryPoint","urlTemplate":"https:\/\/dicodusport.fr\/blog\/?s={search_term_string}"},"query-input":{"@type":"PropertyValueSpecification","valueRequired":true,"valueName":"search_term_string"}}],"inLanguage":"fr-FR"},{"@type":"NewsMediaOrganization","@id":"https:\/\/dicodusport.fr\/blog\/#organization","name":"Dicodusport","url":"https:\/\/dicodusport.fr\/blog\/","logo":{"@type":"ImageObject","inLanguage":"fr-FR","@id":"https:\/\/dicodusport.fr\/blog\/#\/schema\/logo\/image\/","url":"https:\/\/dicodusport.fr\/blog\/wp-content\/uploads\/2020\/06\/cropped-LOGO-DICODUSPORT-2020-SANS-FOND-SANS-TEXTE.png","contentUrl":"https:\/\/dicodusport.fr\/blog\/wp-content\/uploads\/2020\/06\/cropped-LOGO-DICODUSPORT-2020-SANS-FOND-SANS-TEXTE.png","width":512,"height":512,"caption":"Dicodusport"},"image":{"@id":"https:\/\/dicodusport.fr\/blog\/#\/schema\/logo\/image\/"},"sameAs":["https:\/\/www.facebook.com\/dicodusport","https:\/\/x.com\/dicodusport","https:\/\/www.instagram.com\/dicodusport\/","https:\/\/www.youtube.com\/channel\/UC7V2KZ5sd3htJivAbA4ZG3w"],"description":"Dicodusport est l'encyclop\u00e9die de l'actualit\u00e9 sportive.","email":"bonjour@dicodusport.fr","legalName":"DICODUSPORT","foundingDate":"2018-01-14","vatID":"FR71834470973","taxID":"83447097300043","numberOfEmployees":{"@type":"QuantitativeValue","minValue":"1","maxValue":"10"}},{"@type":"Person","@id":"https:\/\/dicodusport.fr\/blog\/#\/schema\/person\/55dcb50ad410894e431ed812bbb70191","name":"Nicolas Jacquemard","image":{"@type":"ImageObject","inLanguage":"fr-FR","@id":"https:\/\/dicodusport.fr\/blog\/#\/schema\/person\/image\/","url":"https:\/\/dicodusport.fr\/blog\/wp-content\/uploads\/2021\/05\/Nicolas-Jacquemard-150x150.jpeg","contentUrl":"https:\/\/dicodusport.fr\/blog\/wp-content\/uploads\/2021\/05\/Nicolas-Jacquemard-150x150.jpeg","caption":"Nicolas Jacquemard"},"description":"Passionn\u00e9 de sport et entrepreneur depuis mes 18 ans, la cr\u00e9ation de Dicodusport m'a sembl\u00e9 \u00e9vidente pour participer \u00e0 la m\u00e9diatisation d'un plus grand nombre de sports. Le chemin est long mais avec une \u00e9quipe des plus motiv\u00e9es et les Jeux Olympiques de Paris 2024 en point de mire, nous y arriverons ! Journaliste dans le monde du sport depuis plus de 5 ans, je traite aussi bien de football, de rugby, de biathlon que de cyclisme.","sameAs":["https:\/\/www.facebook.com\/dicodusport","https:\/\/x.com\/https:\/\/twitter.com\/Nico_Jacquemard"],"url":"https:\/\/dicodusport.fr\/blog\/author\/dicodusport\/"}]}},"_links":{"self":[{"href":"https:\/\/dicodusport.fr\/blog\/wp-json\/wp\/v2\/posts\/343981","targetHints":{"allow":["GET"]}}],"collection":[{"href":"https:\/\/dicodusport.fr\/blog\/wp-json\/wp\/v2\/posts"}],"about":[{"href":"https:\/\/dicodusport.fr\/blog\/wp-json\/wp\/v2\/types\/post"}],"author":[{"embeddable":true,"href":"https:\/\/dicodusport.fr\/blog\/wp-json\/wp\/v2\/users\/1"}],"replies":[{"embeddable":true,"href":"https:\/\/dicodusport.fr\/blog\/wp-json\/wp\/v2\/comments?post=343981"}],"version-history":[{"count":0,"href":"https:\/\/dicodusport.fr\/blog\/wp-json\/wp\/v2\/posts\/343981\/revisions"}],"wp:featuredmedia":[{"embeddable":true,"href":"https:\/\/dicodusport.fr\/blog\/wp-json\/wp\/v2\/media\/343982"}],"wp:attachment":[{"href":"https:\/\/dicodusport.fr\/blog\/wp-json\/wp\/v2\/media?parent=343981"}],"wp:term":[{"taxonomy":"category","embeddable":true,"href":"https:\/\/dicodusport.fr\/blog\/wp-json\/wp\/v2\/categories?post=343981"},{"taxonomy":"post_tag","embeddable":true,"href":"https:\/\/dicodusport.fr\/blog\/wp-json\/wp\/v2\/tags?post=343981"}],"curies":[{"name":"wp","href":"https:\/\/api.w.org\/{rel}","templated":true}]}}