{"id":344007,"date":"2023-10-07T17:35:54","date_gmt":"2023-10-07T15:35:54","guid":{"rendered":"https:\/\/dicodusport.fr\/blog\/?p=344007&#038;preview=true&#038;preview_id=344007"},"modified":"2023-10-07T17:35:07","modified_gmt":"2023-10-07T15:35:07","slug":"cyclisme-world-tour-2023-calendrier-et-resultats","status":"publish","type":"post","link":"https:\/\/dicodusport.fr\/blog\/cyclisme-world-tour-2023-calendrier-et-resultats\/","title":{"rendered":"World Tour 2023 &#8211; Calendrier et r\u00e9sultats"},"content":{"rendered":"<p style=\"text-align: justify;\"><strong><em><a href=\"https:\/\/dicodusport.fr\/blog\/actualites\/cyclisme\/cyclisme-sur-route-2023\/\">CYCLISME SUR ROUTE 2023<\/a> &#8211; D\u00e9couvrez le calendrier complet et les r\u00e9sultats des \u00e9preuves du World Tour 2023, qui d\u00e9bute le 17 janvier avec le Tour Down Under et qui s&rsquo;ach\u00e8ve avec le Tour de Guangxi le 17 octobre. 34 \u00e9preuves seront au programme de cette ann\u00e9e, dont 5 en France.<\/em><\/strong><\/p>\n<h2 style=\"text-align: justify;\">Cyclisme : Calendrier et r\u00e9sultats du World Tour masculin 2023<\/h2>\n<table style=\"width: 100%; border-collapse: collapse;\">\n<tbody>\n<tr>\n<td style=\"background-color: #000000; width: 800px; text-align: center; vertical-align: middle;\" colspan=\"6\"><span style=\"color: #ffffff;\"><strong>JANVIER 2023<\/strong><\/span><span style=\"color: #ffffff;\"><strong><br \/>\n<\/strong><\/span><\/td>\n<\/tr>\n<tr>\n<td style=\"text-align: center; vertical-align: middle; width: 20%; background-color: #787878;\"><span style=\"color: #ffffff; font-size: 0.9em;\"><strong>Date(s)<\/strong><\/span><\/td>\n<td style=\"text-align: center; vertical-align: middle; width: 20%; background-color: #787878;\" colspan=\"2\"><span style=\"color: #ffffff;\"><span style=\"font-size: 0.9em;\"><b>\u00c9preuve<\/b><\/span><\/span><\/td>\n<td style=\"text-align: center; vertical-align: middle; width: 20%; background-color: #787878;\"><span style=\"color: #ffffff; font-size: 0.9em;\"><strong>Vainqueur<\/strong><\/span><\/td>\n<td style=\"text-align: center; vertical-align: middle; width: 20%; background-color: #787878;\"><span style=\"color: #ffffff; font-size: 0.9em;\"><strong>Deuxi\u00e8me<\/strong><\/span><\/td>\n<td style=\"text-align: center; vertical-align: middle; width: 20%; background-color: #787878;\"><span style=\"color: #ffffff; font-size: 0.9em;\"><strong>Troisi\u00e8me<\/strong><\/span><\/td>\n<\/tr>\n<tr>\n<td style=\"text-align: center; vertical-align: middle; width: 20%;\"><strong>17 au 22 janvier<\/strong><\/td>\n<td style=\"text-align: center; vertical-align: middle; width: 20%;\" colspan=\"2\"><strong>Tour Down Under<br \/>\n<span style=\"font-size: 10.368px;\"><i><a href=\"https:\/\/dicodusport.fr\/blog\/tour-down-under-2023-classement-general\/\">Classement g\u00e9n\u00e9ral final<\/a><\/i><\/span><br \/>\n<\/strong><\/td>\n<td style=\"text-align: center; vertical-align: middle; width: 20%;\"><strong><span style=\"font-size: 0.9em;\">\ud83c\udde6\ud83c\uddfa JAY VINE<br \/>\n<span style=\"font-size: 0.8em;\">UAE TEAM EMIRATES<\/span><\/span><\/strong><\/td>\n<td style=\"text-align: center; vertical-align: middle; width: 20%;\"><span style=\"font-size: 0.9em;\">\ud83c\uddec\ud83c\udde7 SIMON YATES<br \/>\n<span style=\"font-size: 0.8em;\">TEAM JAYCO ALULA<\/span><\/span><\/td>\n<td style=\"text-align: center; vertical-align: middle; width: 20%;\"><span style=\"font-size: 0.9em;\">\ud83c\uddea\ud83c\uddf8 PELLO BILBAO<br \/>\n<span style=\"font-size: 0.8em;\">BAHRAIN VICTORIOUS<\/span><\/span><\/td>\n<\/tr>\n<tr>\n<td style=\"text-align: center; vertical-align: middle; width: 20%;\"><strong>29 janvier<\/strong><\/td>\n<td style=\"text-align: center; vertical-align: middle; width: 20%;\" colspan=\"2\"><strong>Cadel Evans Ocean Road Race<br \/>\n<span style=\"font-size: 10.368px;\"><i><a href=\"https:\/\/dicodusport.fr\/blog\/cadel-evans-road-race-2023-marius-mayrhofer-simpose-devant-hugo-page\/\">R\u00e9sum\u00e9<\/a> &#8211; <\/i><\/span><a href=\"https:\/\/dicodusport.fr\/blog\/classement-cadel-evans-road-race-2023\/\"><span style=\"font-size: 10.368px;\"><i>Classement<\/i><\/span><\/a><\/strong><\/td>\n<td style=\"text-align: center; vertical-align: middle; width: 20%;\"><strong><span style=\"font-size: 0.9em;\">\ud83c\udde9\ud83c\uddea MARIUS MAYRHOFER<br \/>\n<span style=\"font-size: 0.8em;\">TEAM DSM<\/span><\/span><\/strong><\/td>\n<td style=\"text-align: center; vertical-align: middle; width: 20%;\"><span style=\"font-size: 0.9em;\">\ud83c\uddeb\ud83c\uddf7 HUGO PAGE<strong><br \/>\n<\/strong><span style=\"font-size: 0.8em;\">INTERMARCH\u00c9 &#8211; CIRCUS &#8211; WANTY<\/span><\/span><\/td>\n<td style=\"text-align: center; vertical-align: middle; width: 20%;\"><span style=\"font-size: 0.9em;\">\ud83c\udde6\ud83c\uddfa SIMON CLARKE<strong><br \/>\n<\/strong><span style=\"font-size: 0.8em;\">ISRAEL &#8211; PREMIER TECH<\/span><\/span><\/td>\n<\/tr>\n<tr>\n<td style=\"background-color: #000000; width: 800px; text-align: center; vertical-align: middle;\" colspan=\"6\"><span style=\"color: #ffffff;\"><strong>F\u00c9VRIER 2023<\/strong><\/span><span style=\"color: #ffffff;\"><strong><br \/>\n<\/strong><\/span><\/td>\n<\/tr>\n<tr>\n<td style=\"text-align: center; vertical-align: middle; width: 20%; background-color: #787878;\"><span style=\"color: #ffffff; font-size: 0.9em;\"><strong>Date(s)<\/strong><\/span><\/td>\n<td style=\"text-align: center; vertical-align: middle; width: 20%; background-color: #787878;\" colspan=\"2\"><span style=\"color: #ffffff;\"><span style=\"font-size: 0.9em;\"><b>\u00c9preuve<\/b><\/span><\/span><\/td>\n<td style=\"text-align: center; vertical-align: middle; width: 20%; background-color: #787878;\"><span style=\"color: #ffffff; font-size: 0.9em;\"><strong>Vainqueur<\/strong><\/span><\/td>\n<td style=\"text-align: center; vertical-align: middle; width: 20%; background-color: #787878;\"><span style=\"color: #ffffff; font-size: 0.9em;\"><strong>Deuxi\u00e8me<\/strong><\/span><\/td>\n<td style=\"text-align: center; vertical-align: middle; width: 20%; background-color: #787878;\"><span style=\"color: #ffffff; font-size: 0.9em;\"><strong>Troisi\u00e8me<\/strong><\/span><\/td>\n<\/tr>\n<tr>\n<td style=\"text-align: center; vertical-align: middle; width: 20%;\"><strong>20 au 26 f\u00e9vrier<\/strong><\/td>\n<td style=\"text-align: center; vertical-align: middle; width: 20%;\" colspan=\"2\"><strong>UAE Tour<br \/>\n<a href=\"https:\/\/dicodusport.fr\/blog\/uae-tour-2023-classement-general\/\"><span style=\"font-size: 10.368px;\"><i>Classement g\u00e9n\u00e9ral final<\/i><\/span><\/a><br \/>\n<\/strong><\/td>\n<td style=\"text-align: center; vertical-align: middle; width: 20%;\"><strong><span style=\"font-size: 0.9em;\">\ud83c\udde7\ud83c\uddea REMCO EVENEPOEL<br \/>\n<span style=\"font-size: 0.8em;\">SOUDAL QUICK &#8211; STEP<\/span><\/span><\/strong><\/td>\n<td style=\"text-align: center; vertical-align: middle; width: 20%;\"><span style=\"font-size: 0.9em;\">\ud83c\udde6\ud83c\uddfa LUKE PLAPP<strong><br \/>\n<\/strong><span style=\"font-size: 0.8em;\">INEOS GRENADIERS<\/span><\/span><\/td>\n<td style=\"text-align: center; vertical-align: middle; width: 20%;\"><span style=\"font-size: 0.9em;\">\ud83c\uddec\ud83c\udde7 ADAM YATES<br \/>\n<span style=\"font-size: 0.8em;\">UAE TEAM EMIRATES<\/span><\/span><\/td>\n<\/tr>\n<tr>\n<td style=\"text-align: center; vertical-align: middle; width: 20%;\"><strong>25 f\u00e9vrier<\/strong><\/td>\n<td style=\"text-align: center; vertical-align: middle; width: 20%;\" colspan=\"2\"><strong>Het Nieuwsblad<br \/>\n<span style=\"font-size: 10.368px;\"><i><a href=\"https:\/\/dicodusport.fr\/blog\/circuit-het-nieuwsblad-2023-dylan-van-baarle-simpose-christophe-laporte-troisieme\/\">R\u00e9sum\u00e9<\/a> &#8211; <\/i><\/span><a href=\"https:\/\/dicodusport.fr\/blog\/classement-het-nieuwsblad-2023\/\"><span style=\"font-size: 10.368px;\"><i>Classement<\/i><\/span><\/a><br \/>\n<\/strong><\/td>\n<td style=\"text-align: center; vertical-align: middle; width: 20%;\"><strong><span style=\"font-size: 0.9em;\">\ud83c\uddf3\ud83c\uddf1 DYLAN VAN BAARLE<br \/>\n<span style=\"font-size: 0.8em;\">JUMBO &#8211; VISMA<\/span><\/span><\/strong><\/td>\n<td style=\"text-align: center; vertical-align: middle; width: 20%;\"><span style=\"font-size: 0.9em;\">\ud83c\udde7\ud83c\uddea ARNAUD DE LIE<strong><br \/>\n<\/strong><span style=\"font-size: 0.8em;\">LOTTO &#8211; DSTNY<\/span><\/span><\/td>\n<td style=\"text-align: center; vertical-align: middle; width: 20%;\"><span style=\"font-size: 0.9em;\">\ud83c\uddeb\ud83c\uddf7 CHRISTOPHE LAPORTE<br \/>\n<span style=\"font-size: 0.8em;\">JUMBO &#8211; VISMA<\/span><\/span><\/td>\n<\/tr>\n<tr>\n<td style=\"background-color: #000000; width: 800px; text-align: center; vertical-align: middle;\" colspan=\"6\"><span style=\"color: #ffffff;\"><strong>MARS 2023<\/strong><\/span><\/td>\n<\/tr>\n<tr>\n<td style=\"text-align: center; vertical-align: middle; width: 20%; background-color: #787878;\"><span style=\"color: #ffffff; font-size: 0.9em;\"><strong>Date(s)<\/strong><\/span><\/td>\n<td style=\"text-align: center; vertical-align: middle; width: 20%; background-color: #787878;\" colspan=\"2\"><span style=\"color: #ffffff;\"><span style=\"font-size: 0.9em;\"><b>\u00c9preuve<\/b><\/span><\/span><\/td>\n<td style=\"text-align: center; vertical-align: middle; width: 20%; background-color: #787878;\"><span style=\"color: #ffffff; font-size: 0.9em;\"><strong>Vainqueur<\/strong><\/span><\/td>\n<td style=\"text-align: center; vertical-align: middle; width: 20%; background-color: #787878;\"><span style=\"color: #ffffff; font-size: 0.9em;\"><strong>Deuxi\u00e8me<\/strong><\/span><\/td>\n<td style=\"text-align: center; vertical-align: middle; width: 20%; background-color: #787878;\"><span style=\"color: #ffffff; font-size: 0.9em;\"><strong>Troisi\u00e8me<\/strong><\/span><\/td>\n<\/tr>\n<tr>\n<td style=\"text-align: center; vertical-align: middle; width: 20%;\"><strong>4 mars<\/strong><\/td>\n<td style=\"text-align: center; vertical-align: middle; width: 20%;\" colspan=\"2\"><strong>Strade Bianche<br \/>\n<span style=\"font-size: 10.368px;\"><i><a href=\"https:\/\/dicodusport.fr\/blog\/strade-bianche-2023-tom-pidcock-triomphe-devant-valentin-madouas\/\">R\u00e9sum\u00e9<\/a> &#8211; <\/i><\/span><a href=\"https:\/\/dicodusport.fr\/blog\/classement-strade-bianche-2023\/\"><span style=\"font-size: 10.368px;\"><i>Classement<\/i><\/span><\/a><br \/>\n<\/strong><\/td>\n<td style=\"text-align: center; vertical-align: middle; width: 20%;\"><strong><span style=\"font-size: 0.9em;\">\ud83c\uddec\ud83c\udde7 TOM PIDCOCK<br \/>\n<span style=\"font-size: 0.8em;\">INEOS GRENADIERS<\/span><\/span><\/strong><\/td>\n<td style=\"text-align: center; vertical-align: middle; width: 20%;\"><span style=\"font-size: 0.9em;\">\ud83c\uddeb\ud83c\uddf7 VALENTIN MADOUAS<br \/>\n<span style=\"font-size: 0.8em;\">GROUPAMA &#8211; FDJ<\/span><\/span><\/td>\n<td style=\"text-align: center; vertical-align: middle; width: 20%;\"><span style=\"font-size: 0.9em;\">\ud83c\udde7\ud83c\uddea TIESJ BENOOT<br \/>\n<span style=\"font-size: 0.8em;\">JUMBO &#8211; VISMA<\/span><\/span><\/td>\n<\/tr>\n<tr>\n<td style=\"text-align: center; vertical-align: middle; width: 20%;\"><strong>5 au 12 mars<\/strong><\/td>\n<td style=\"text-align: center; vertical-align: middle;\" colspan=\"2\"><strong>Paris-Nice<br \/>\n<a href=\"https:\/\/dicodusport.fr\/blog\/paris-nice-2023-classement-general\/\"><span style=\"font-size: 10.368px;\"><i>Classement g\u00e9n\u00e9ral final<\/i><\/span><\/a><br \/>\n<\/strong><\/td>\n<td style=\"text-align: center; vertical-align: middle; width: 20%;\"><strong><span style=\"font-size: 0.9em;\">\ud83c\uddf8\ud83c\uddee TADEJ POGACAR<br \/>\n<span style=\"font-size: 0.8em;\">UAE TEAM EMIRATES<\/span><\/span><\/strong><\/td>\n<td style=\"text-align: center; vertical-align: middle; width: 20%;\"><span style=\"font-size: 0.9em;\">\ud83c\uddeb\ud83c\uddf7 DAVID GAUDU<br \/>\n<span style=\"font-size: 0.8em;\">GROUPAMA &#8211; FDJ<\/span><\/span><\/td>\n<td style=\"text-align: center; vertical-align: middle; width: 20%;\"><span style=\"font-size: 0.9em;\">\ud83c\udde9\ud83c\uddf0 JONAS VINGEGAARD<br \/>\n<span style=\"font-size: 0.8em;\">JUMBO &#8211; VISMA<\/span><\/span><\/td>\n<\/tr>\n<tr>\n<td style=\"text-align: center; vertical-align: middle; width: 20%;\"><strong>6 au 12 mars<\/strong><\/td>\n<td style=\"text-align: center; vertical-align: middle;\" colspan=\"2\"><strong>Tirreno-Adriatico<br \/>\n<a href=\"https:\/\/dicodusport.fr\/blog\/tirreno-adriatico-2023-classement-general\/\"><span style=\"font-size: 10.368px;\"><i>Classement g\u00e9n\u00e9ral final<\/i><\/span><\/a><br \/>\n<\/strong><\/td>\n<td style=\"text-align: center; vertical-align: middle; width: 20%;\"><strong><span style=\"font-size: 0.9em;\">\ud83c\uddf8\ud83c\uddee PRIMOZ ROGLIC<br \/>\n<span style=\"font-size: 0.8em;\">JUMBO &#8211; VISMA<\/span><br \/>\n<\/span><\/strong><\/td>\n<td style=\"text-align: center; vertical-align: middle; width: 20%;\"><span style=\"font-size: 0.9em;\">\ud83c\uddf5\ud83c\uddf9 JOAO ALMEIDA<br \/>\n<span style=\"font-size: 0.8em;\">UAE TEAM EMIRATES<\/span><\/span><\/td>\n<td style=\"text-align: center; vertical-align: middle; width: 20%;\"><span style=\"font-size: 0.9em;\">\ud83c\uddec\ud83c\udde7 TAO GEOGHEGAN HART<br \/>\n<span style=\"font-size: 0.8em;\">INEOS GRENADIERS<\/span><\/span><\/td>\n<\/tr>\n<tr>\n<td style=\"text-align: center; vertical-align: middle; width: 20%;\"><strong>18 mars<\/strong><\/td>\n<td style=\"text-align: center; vertical-align: middle;\" colspan=\"2\"><strong>Milan-San Remo<br \/>\n<span style=\"font-size: 10.368px;\"><i><a href=\"https:\/\/dicodusport.fr\/blog\/milan-san-remo-2023-mathieu-van-der-poel-remporte-la-primavera\/\">R\u00e9sum\u00e9<\/a> &#8211; <\/i><\/span><a href=\"https:\/\/dicodusport.fr\/blog\/classement-milan-san-remo-2023\/\"><span style=\"font-size: 10.368px;\"><i>Classement<\/i><\/span><\/a><br \/>\n<\/strong><\/td>\n<td style=\"text-align: center; vertical-align: middle; width: 20%;\"><strong><span style=\"font-size: 0.9em;\">\ud83c\uddf3\ud83c\uddf1 MATHIEU VAN DER POEL<br \/>\n<span style=\"font-size: 0.8em;\">ALPECIN &#8211; DECEUNINCK<\/span><\/span><\/strong><\/td>\n<td style=\"text-align: center; vertical-align: middle; width: 20%;\"><span style=\"font-size: 0.9em;\">\ud83c\uddee\ud83c\uddf9\u00a0 FILIPPO GANNA<br \/>\n<span style=\"font-size: 0.8em;\">INEOS GRENADIERS<\/span><\/span><\/td>\n<td style=\"text-align: center; vertical-align: middle; width: 20%;\"><span style=\"font-size: 0.9em;\">\ud83c\udde7\ud83c\uddea WOUT VAN AERT<br \/>\n<span style=\"font-size: 0.8em;\">JUMBO &#8211; VISMA<\/span><\/span><\/td>\n<\/tr>\n<tr>\n<td style=\"text-align: center; vertical-align: middle; width: 20%;\"><strong>20 au 26 mars<\/strong><\/td>\n<td style=\"text-align: center; vertical-align: middle;\" colspan=\"2\"><strong>Tour de Catalogne<br \/>\n<a href=\"https:\/\/dicodusport.fr\/blog\/tour-de-catalogne-2023-classement-general\/\"><span style=\"font-size: 10.368px;\"><i>Classement g\u00e9n\u00e9ral final<\/i><\/span><\/a><br \/>\n<\/strong><\/td>\n<td style=\"text-align: center; vertical-align: middle; width: 20%;\"><strong><span style=\"font-size: 0.9em;\">\ud83c\uddf8\ud83c\uddee PRIMOZ ROGLIC<br \/>\n<span style=\"font-size: 0.8em;\">JUMBO &#8211; VISMA<\/span><\/span><\/strong><\/td>\n<td style=\"text-align: center; vertical-align: middle; width: 20%;\"><span style=\"font-size: 0.9em;\">\ud83c\udde7\ud83c\uddea REMCO EVENEPOEL<br \/>\n<span style=\"font-size: 0.8em;\">SOUDAL QUICK &#8211; STEP<\/span><\/span><\/td>\n<td style=\"text-align: center; vertical-align: middle; width: 20%;\"><span style=\"font-size: 0.9em;\">\ud83c\uddf5\ud83c\uddf9 JOAO ALMEIDA<br \/>\n<span style=\"font-size: 0.8em;\">UAE TEAM EMIRATES<\/span><\/span><\/td>\n<\/tr>\n<tr>\n<td style=\"text-align: center; vertical-align: middle; width: 20%;\"><strong>22 mars<\/strong><\/td>\n<td style=\"text-align: center; vertical-align: middle;\" colspan=\"2\"><strong>Classic Bruges-La Panne<br \/>\n<span style=\"font-size: 10.368px;\"><i><a href=\"https:\/\/dicodusport.fr\/blog\/classic-bruges-la-panne-2023-jasper-philipsen-simpose\/\">R\u00e9sum\u00e9<\/a> &#8211; <\/i><\/span><a href=\"https:\/\/dicodusport.fr\/blog\/classement-classic-bruges-la-panne-2023\/\"><span style=\"font-size: 10.368px;\"><i>Classement<\/i><\/span><\/a><br \/>\n<\/strong><\/td>\n<td style=\"text-align: center; vertical-align: middle; width: 20%;\"><strong><span style=\"font-size: 0.9em;\">\ud83c\udde7\ud83c\uddea JASPER PHILIPSEN<br \/>\n<span style=\"font-size: 0.8em;\">ALPECIN &#8211; DECEUNINCK<\/span><\/span><\/strong><\/td>\n<td style=\"text-align: center; vertical-align: middle; width: 20%;\"><span style=\"font-size: 0.9em;\">\ud83c\uddf3\ud83c\uddf1 OLAV KOOIJ<br \/>\n<span style=\"font-size: 0.8em;\">JUMBO &#8211; VISMA<\/span><\/span><\/td>\n<td style=\"text-align: center; vertical-align: middle; width: 20%;\"><span style=\"font-size: 0.9em;\">\ud83c\udde7\ud83c\uddea YVES LAMPAERT<br \/>\n<span style=\"font-size: 0.8em;\">SOUDAL QUICK-STEP<\/span><\/span><\/td>\n<\/tr>\n<tr>\n<td style=\"text-align: center; vertical-align: middle; width: 20%;\"><strong>24 mars<\/strong><\/td>\n<td style=\"text-align: center; vertical-align: middle;\" colspan=\"2\"><strong>Grand Prix E3<br \/>\n<span style=\"font-size: 10.368px;\"><i><a href=\"https:\/\/dicodusport.fr\/blog\/grand-prix-e3-2023-wout-van-aert-garde-sa-couronne\/\">R\u00e9sum\u00e9<\/a> &#8211; <\/i><\/span><a href=\"https:\/\/dicodusport.fr\/blog\/classement-grand-prix-e3-2023\/\"><span style=\"font-size: 10.368px;\"><i>Classement<\/i><\/span><\/a><br \/>\n<\/strong><\/td>\n<td style=\"text-align: center; vertical-align: middle; width: 20%;\"><strong><span style=\"font-size: 0.9em;\">\ud83c\udde7\ud83c\uddea WOUT VAN AERT<br \/>\n<span style=\"font-size: 0.8em;\">JUMBO &#8211; VISMA<\/span><\/span><\/strong><\/td>\n<td style=\"text-align: center; vertical-align: middle; width: 20%;\"><span style=\"font-size: 0.9em;\">\ud83c\uddf3\ud83c\uddf1 MATHIEU VAN DER POEL<br \/>\n<span style=\"font-size: 0.8em;\">ALPECIN &#8211; DECEUNINCK<\/span><\/span><\/td>\n<td style=\"text-align: center; vertical-align: middle; width: 20%;\"><span style=\"font-size: 0.9em;\">\ud83c\uddf8\ud83c\uddee TADEJ POGACAR<br \/>\n<span style=\"font-size: 0.8em;\">UAE TEAM EMIRATES<\/span><\/span><\/td>\n<\/tr>\n<tr>\n<td style=\"text-align: center; vertical-align: middle; width: 20%;\"><strong>26 mars<\/strong><\/td>\n<td style=\"text-align: center; vertical-align: middle;\" colspan=\"2\"><strong>Gand-Wevelgem<br \/>\n<span style=\"font-size: 10.368px;\"><i><a href=\"https:\/\/dicodusport.fr\/blog\/gand-wevelgem-2023-christophe-laporte-vainqueur-devant-wout-van-aert\/\">R\u00e9sum\u00e9<\/a> &#8211; <\/i><\/span><a href=\"https:\/\/dicodusport.fr\/blog\/classement-gand-wevelgem-2023\/\"><span style=\"font-size: 10.368px;\"><i>Classement<\/i><\/span><\/a><br \/>\n<\/strong><\/td>\n<td style=\"text-align: center; vertical-align: middle; width: 20%;\"><strong><span style=\"font-size: 0.9em;\">\ud83c\uddeb\ud83c\uddf7 CHRISTOPHE LAPORTE<br \/>\n<span style=\"font-size: 0.8em;\">JUMBO &#8211; VISMA<\/span><\/span><\/strong><\/td>\n<td style=\"text-align: center; vertical-align: middle; width: 20%;\"><span style=\"font-size: 0.9em;\">\ud83c\udde7\ud83c\uddea WOUT VAN AERT<br \/>\n<span style=\"font-size: 0.8em;\">JUMBO &#8211; VISMA<\/span><\/span><\/td>\n<td style=\"text-align: center; vertical-align: middle; width: 20%;\"><span style=\"font-size: 0.9em;\">\ud83c\udde7\ud83c\uddea SEP VANMARCKE<strong><br \/>\n<\/strong><span style=\"font-size: 0.8em;\">ISRAEL &#8211; PREMIER TECH<\/span><\/span><\/td>\n<\/tr>\n<tr>\n<td style=\"text-align: center; vertical-align: middle; width: 20%;\"><strong>29 mars<\/strong><\/td>\n<td style=\"text-align: center; vertical-align: middle; width: 20%;\" colspan=\"2\"><strong>\u00c0 Travers la Flandre<br \/>\n<span style=\"font-size: 10.368px;\"><i><a href=\"https:\/\/dicodusport.fr\/blog\/a-travers-la-flandre-2023-christophe-laporte-simpose-en-patron\/\">R\u00e9sum\u00e9<\/a> &#8211; <\/i><\/span><a href=\"https:\/\/dicodusport.fr\/blog\/classement-a-travers-la-flandre-2023\/\"><span style=\"font-size: 10.368px;\"><i>Classement<\/i><\/span><\/a><br \/>\n<\/strong><\/td>\n<td style=\"text-align: center; vertical-align: middle; width: 20%;\"><strong><span style=\"font-size: 0.9em;\">\ud83c\uddeb\ud83c\uddf7 CHRISTOPHE LAPORTE<br \/>\n<span style=\"font-size: 0.8em;\">JUMBO &#8211; VISMA<\/span><\/span><\/strong><\/td>\n<td style=\"text-align: center; vertical-align: middle; width: 20%;\"><span style=\"font-size: 0.9em;\">\ud83c\uddea\ud83c\uddf8 OIER LAZKANO<\/span><br \/>\n<span style=\"font-size: 0.9em;\"><span style=\"font-size: 0.8em;\">MOVISTAR<\/span><\/span><\/td>\n<td style=\"text-align: center; vertical-align: middle; width: 20%;\"><span style=\"font-size: 0.9em;\">\ud83c\uddfa\ud83c\uddf8 NEILSON POWLESS<br style=\"font-size: 14.4px;\" \/><span style=\"font-size: 0.8em;\">EF EDUCATION &#8211; EASYPOST<\/span><\/span><\/td>\n<\/tr>\n<tr>\n<td style=\"background-color: #000000; width: 800px; text-align: center; vertical-align: middle;\" colspan=\"6\"><span style=\"color: #ffffff;\"><strong>AVRIL 2023<\/strong><\/span><\/td>\n<\/tr>\n<tr>\n<td style=\"text-align: center; vertical-align: middle; width: 20%; background-color: #787878;\"><span style=\"color: #ffffff; font-size: 0.9em;\"><strong>Date(s)<\/strong><\/span><\/td>\n<td style=\"text-align: center; vertical-align: middle; width: 20%; background-color: #787878;\" colspan=\"2\"><span style=\"color: #ffffff;\"><span style=\"font-size: 0.9em;\"><b>\u00c9preuve<\/b><\/span><\/span><\/td>\n<td style=\"text-align: center; vertical-align: middle; width: 20%; background-color: #787878;\"><span style=\"color: #ffffff; font-size: 0.9em;\"><strong>Vainqueur<\/strong><\/span><\/td>\n<td style=\"text-align: center; vertical-align: middle; width: 20%; background-color: #787878;\"><span style=\"color: #ffffff; font-size: 0.9em;\"><strong>Deuxi\u00e8me<\/strong><\/span><\/td>\n<td style=\"text-align: center; vertical-align: middle; width: 20%; background-color: #787878;\"><span style=\"color: #ffffff; font-size: 0.9em;\"><strong>Troisi\u00e8me<\/strong><\/span><\/td>\n<\/tr>\n<tr>\n<td style=\"text-align: center; vertical-align: middle; width: 20%;\"><strong>2 avril<\/strong><\/td>\n<td style=\"text-align: center; vertical-align: middle; width: 20%;\" colspan=\"2\"><strong>Tour des Flandres<br \/>\n<span style=\"font-size: 10.368px;\"><i><a href=\"https:\/\/dicodusport.fr\/blog\/tour-des-flandres-2023-le-triomphe-de-tadej-pogacar\/\">R\u00e9sum\u00e9<\/a> &#8211; <\/i><\/span><a href=\"https:\/\/dicodusport.fr\/blog\/classement-tour-des-flandres-2023\/\"><span style=\"font-size: 10.368px;\"><i>Classement<\/i><\/span><\/a><br \/>\n<\/strong><\/td>\n<td style=\"text-align: center; vertical-align: middle; width: 20%;\"><strong><span style=\"font-size: 0.9em;\">\ud83c\uddf8\ud83c\uddee TADEJ POGACAR<br \/>\n<span style=\"font-size: 0.8em;\">UAE TEAM EMIRATES<\/span><\/span><\/strong><\/td>\n<td style=\"text-align: center; vertical-align: middle; width: 20%;\"><span style=\"font-size: 0.9em;\">\ud83c\uddf3\ud83c\uddf1 MATHIEU VAN DER POEL<br \/>\n<span style=\"font-size: 0.8em;\">ALPECIN &#8211; DECEUNINCK<\/span><\/span><\/td>\n<td style=\"text-align: center; vertical-align: middle; width: 20%;\"><span style=\"font-size: 0.9em;\">\ud83c\udde9\ud83c\uddf0 MADS PEDERSEN<br \/>\n<span style=\"font-size: 0.8em;\">TREK &#8211; SEGAFREDO<\/span><\/span><\/td>\n<\/tr>\n<tr>\n<td style=\"text-align: center; vertical-align: middle; width: 20%;\"><strong>3 au 8 avril<\/strong><\/td>\n<td style=\"text-align: center; vertical-align: middle;\" colspan=\"2\"><strong>Tour du Pays Basque<br \/>\n<i><\/i><a title=\"Tour du Pays Basque 2023 \u2013 Classement g\u00e9n\u00e9ral\" href=\"https:\/\/dicodusport.fr\/blog\/tour-du-pays-basque-2023-classement-general\/\" rel=\"\"><span style=\"font-size: 10.368px;\"><i>Classement g\u00e9n\u00e9ral final<\/i><\/span><\/a><br \/>\n<\/strong><\/td>\n<td style=\"text-align: center; vertical-align: middle; width: 20%;\"><strong><span style=\"font-size: 0.9em;\">\ud83c\udde9\ud83c\uddf0 JONAS VINGEGAARD<br \/>\n<span style=\"font-size: 0.8em;\">JUMBO &#8211; VISMA<\/span><\/span><\/strong><\/td>\n<td style=\"text-align: center; vertical-align: middle; width: 20%;\"><span style=\"font-size: 0.9em;\">\ud83c\uddea\ud83c\uddf8 MIKEL LANDA<\/span><br \/>\n<span style=\"font-size: 0.9em;\"><span style=\"font-size: 0.8em;\">BAHRAIN VICTORIOUS<\/span><\/span><\/td>\n<td style=\"text-align: center; vertical-align: middle; width: 20%;\"><span style=\"font-size: 0.9em;\">\ud83c\uddea\ud83c\uddf8 ION IZAGIRRE<\/span><br \/>\n<span style=\"font-size: 0.9em;\"><span style=\"font-size: 0.8em;\">COFIDIS<\/span><\/span><\/td>\n<\/tr>\n<tr>\n<td style=\"text-align: center; vertical-align: middle; width: 20%;\"><strong>9 avril<\/strong><\/td>\n<td style=\"text-align: center; vertical-align: middle;\" colspan=\"2\"><strong>Paris-Roubaix<br \/>\n<span style=\"font-size: 10.368px;\"><i><a href=\"https:\/\/dicodusport.fr\/blog\/paris-roubaix-2023-mathieu-van-der-poel-dompte-l-enfer-du-nord-devant-philipsen\/\">R\u00e9sum\u00e9<\/a> &#8211; <\/i><\/span><a href=\"https:\/\/dicodusport.fr\/blog\/classement-paris-roubaix-2023\/\"><span style=\"font-size: 10.368px;\"><i>Classement<\/i><\/span><\/a><br \/>\n<\/strong><\/td>\n<td style=\"text-align: center; vertical-align: middle; width: 20%;\"><strong><span style=\"font-size: 0.9em;\">\ud83c\uddf3\ud83c\uddf1 MATHIEU VAN DER POEL<br \/>\n<span style=\"font-size: 0.8em;\">ALPECIN &#8211; DECEUNINCK<\/span><\/span><\/strong><\/td>\n<td style=\"text-align: center; vertical-align: middle; width: 20%;\"><span style=\"font-size: 0.9em;\">\ud83c\udde7\ud83c\uddea JASPER PHILIPSEN<br \/>\n<span style=\"font-size: 0.8em;\">ALPECIN &#8211; DECEUNINCK<\/span><\/span><\/td>\n<td style=\"text-align: center; vertical-align: middle; width: 20%;\"><span style=\"font-size: 0.9em;\">\ud83c\udde7\ud83c\uddea WOUT VAN AERT<br \/>\n<span style=\"font-size: 0.8em;\">JUMBO &#8211; VISMA<\/span><\/span><\/td>\n<\/tr>\n<tr>\n<td style=\"text-align: center; vertical-align: middle; width: 20%;\"><strong>16 avril<\/strong><\/td>\n<td style=\"text-align: center; vertical-align: middle;\" colspan=\"2\"><strong>Amstel Gold Race<br \/>\n<span style=\"font-size: 10.368px;\"><i><a href=\"https:\/\/dicodusport.fr\/blog\/amstel-gold-race-2023-le-numero-de-tadej-pogacar\/\">R\u00e9sum\u00e9<\/a> &#8211; <\/i><\/span><a href=\"https:\/\/dicodusport.fr\/blog\/classement-amstel-gold-race-2023\/\"><span style=\"font-size: 10.368px;\"><i>Classement<\/i><\/span><\/a><br \/>\n<\/strong><\/td>\n<td style=\"text-align: center; vertical-align: middle; width: 20%;\"><strong><span style=\"font-size: 0.9em;\">\ud83c\uddf8\ud83c\uddee TADEJ POGACAR<br \/>\n<span style=\"font-size: 0.8em;\">UAE TEAM EMIRATES<\/span><\/span><\/strong><\/td>\n<td style=\"text-align: center; vertical-align: middle; width: 20%;\"><span style=\"font-size: 0.9em;\">\ud83c\uddee\ud83c\uddea BEN HEALY<br style=\"font-size: 14.4px;\" \/><span style=\"font-size: 0.8em;\">EF EDUCATION &#8211; EASYPOST<\/span><\/span><\/td>\n<td style=\"text-align: center; vertical-align: middle; width: 20%;\"><span style=\"font-size: 0.9em;\">\ud83c\uddec\ud83c\udde7 TOM PIDCOCK<br \/>\n<span style=\"font-size: 0.8em;\">INEOS GRENADIERS<\/span><\/span><\/td>\n<\/tr>\n<tr>\n<td style=\"text-align: center; vertical-align: middle; width: 20%;\"><strong>19 avril<\/strong><\/td>\n<td style=\"text-align: center; vertical-align: middle;\" colspan=\"2\"><strong>Fl\u00e8che Wallonne<br \/>\n<span style=\"font-size: 10.368px;\"><i><a href=\"https:\/\/dicodusport.fr\/blog\/la-fleche-wallonne-2023-tadej-pogacar-en-patron\/\">R\u00e9sum\u00e9<\/a> &#8211; <\/i><\/span><a href=\"https:\/\/dicodusport.fr\/blog\/classement-la-fleche-wallonne-2023\/\"><span style=\"font-size: 10.368px;\"><i>Classement<\/i><\/span><\/a><br \/>\n<\/strong><\/td>\n<td style=\"text-align: center; vertical-align: middle; width: 20%;\"><strong><span style=\"font-size: 0.9em;\">\ud83c\uddf8\ud83c\uddee TADEJ POGACAR<br \/>\n<span style=\"font-size: 0.8em;\">UAE TEAM EMIRATES<\/span><\/span><\/strong><\/td>\n<td style=\"text-align: center; vertical-align: middle; width: 20%;\"><span style=\"font-size: 0.9em;\">\ud83c\udde9\ud83c\uddf0 MATTIAS SKJELMOSE JENSEN<br \/>\n<span style=\"font-size: 0.8em;\">TREK &#8211; SEGAFREDO<\/span><\/span><\/td>\n<td style=\"text-align: center; vertical-align: middle; width: 20%;\"><span style=\"font-size: 0.9em;\">\ud83c\uddea\ud83c\uddf8 MIKEL LANDA<\/span><br \/>\n<span style=\"font-size: 0.9em;\"><span style=\"font-size: 0.8em;\">BAHRAIN VICTORIOUS<\/span><\/span><\/td>\n<\/tr>\n<tr>\n<td style=\"text-align: center; vertical-align: middle; width: 20%;\"><strong>23 avril<\/strong><\/td>\n<td style=\"text-align: center; vertical-align: middle;\" colspan=\"2\"><strong>Li\u00e8ge-Bastogne-Li\u00e8ge<br \/>\n<span style=\"font-size: 10.368px;\"><i><a href=\"https:\/\/dicodusport.fr\/blog\/liege-bastogne-liege-2023-victoire-de-remco-evenepoel-seul-au-monde\/\">R\u00e9sum\u00e9<\/a> &#8211; <\/i><\/span><a href=\"https:\/\/dicodusport.fr\/blog\/classement-liege-bastogne-liege-2023\/\"><span style=\"font-size: 10.368px;\"><i>Classement<\/i><\/span><\/a><br \/>\n<\/strong><\/td>\n<td style=\"text-align: center; vertical-align: middle; width: 20%;\"><strong><span style=\"font-size: 0.9em;\">\ud83c\udde7\ud83c\uddea REMCO EVENEPOEL<br \/>\n<span style=\"font-size: 0.8em;\">SOUDAL QUICK &#8211; STEP<\/span><\/span><\/strong><\/td>\n<td style=\"text-align: center; vertical-align: middle; width: 20%;\"><span style=\"font-size: 0.9em;\">\ud83c\uddec\ud83c\udde7 TOM PIDCOCK<br \/>\n<span style=\"font-size: 0.8em;\">INEOS GRENADIERS<\/span><\/span><\/td>\n<td style=\"text-align: center; vertical-align: middle; width: 20%;\"><span style=\"font-size: 0.9em;\">\ud83c\udde8\ud83c\uddf4 SANTIAGO BUITRAGO<\/span><br \/>\n<span style=\"font-size: 0.9em;\"><span style=\"font-size: 0.8em;\">BAHRAIN VICTORIOUS<\/span><\/span><\/td>\n<\/tr>\n<tr>\n<td style=\"text-align: center; vertical-align: middle; width: 20%;\"><strong>25 au 30 avril<\/strong><\/td>\n<td style=\"text-align: center; vertical-align: middle; width: 20%;\" colspan=\"2\"><strong>Tour de Romandie<br \/>\n<a href=\"https:\/\/dicodusport.fr\/blog\/tour-de-romandie-2023-classement-general\/\"><span style=\"font-size: 10.368px;\"><i>Classement g\u00e9n\u00e9ral final<\/i><\/span><\/a><br \/>\n<\/strong><\/td>\n<td style=\"text-align: center; vertical-align: middle; width: 20%;\"><strong style=\"font-size: 0.9em;\">\ud83c\uddec\ud83c\udde7 ADAM YATES<\/strong><br \/>\n<strong><span style=\"font-size: 0.9em;\"><span style=\"font-size: 0.8em;\">UAE TEAM EMIRATES<\/span><\/span><\/strong><\/td>\n<td style=\"text-align: center; vertical-align: middle; width: 20%;\"><span style=\"font-size: 0.9em;\">\ud83c\uddfa\ud83c\uddf8 MATTEO JORGENSON<\/span><br style=\"font-size: 14.4px;\" \/><span style=\"font-size: 0.9em;\"><span style=\"font-size: 0.8em;\">MOVISTAR<\/span><\/span><\/td>\n<td style=\"text-align: center; vertical-align: middle; width: 20%;\"><span style=\"font-size: 0.9em;\">\ud83c\uddee\ud83c\uddf9 DAMIANO CARUSO<br \/>\n<span style=\"font-size: 0.8em;\">BAHRAIN VICTORIOUS<\/span><br \/>\n<\/span><\/td>\n<\/tr>\n<tr>\n<td style=\"background-color: #000000; width: 800px; text-align: center; vertical-align: middle;\" colspan=\"6\"><span style=\"color: #ffffff;\"><strong>MAI 2023<\/strong><\/span><\/td>\n<\/tr>\n<tr>\n<td style=\"text-align: center; vertical-align: middle; width: 20%; background-color: #787878;\"><span style=\"color: #ffffff; font-size: 0.9em;\"><strong>Date(s)<\/strong><\/span><\/td>\n<td style=\"text-align: center; vertical-align: middle; width: 20%; background-color: #787878;\" colspan=\"2\"><span style=\"color: #ffffff;\"><span style=\"font-size: 0.9em;\"><b>\u00c9preuve<\/b><\/span><\/span><\/td>\n<td style=\"text-align: center; vertical-align: middle; width: 20%; background-color: #787878;\"><span style=\"color: #ffffff; font-size: 0.9em;\"><strong>Vainqueur<\/strong><\/span><\/td>\n<td style=\"text-align: center; vertical-align: middle; width: 20%; background-color: #787878;\"><span style=\"color: #ffffff; font-size: 0.9em;\"><strong>Deuxi\u00e8me<\/strong><\/span><\/td>\n<td style=\"text-align: center; vertical-align: middle; width: 20%; background-color: #787878;\"><span style=\"color: #ffffff; font-size: 0.9em;\"><strong>Troisi\u00e8me<\/strong><\/span><\/td>\n<\/tr>\n<tr>\n<td style=\"text-align: center; vertical-align: middle; width: 20%;\"><strong>1er mai<\/strong><\/td>\n<td style=\"text-align: center; vertical-align: middle;\" colspan=\"2\"><strong>Eschborn-Francfort<br \/>\n<span style=\"font-size: 10.368px;\"><i><a href=\"https:\/\/dicodusport.fr\/blog\/eschborn-francfort-2023-soren-kragh-andersen-s-impose\/\">R\u00e9sum\u00e9<\/a> &#8211; <\/i><\/span><a href=\"https:\/\/dicodusport.fr\/blog\/classement-eschborn-francfort-2023\/\"><span style=\"font-size: 10.368px;\"><i>Classement<\/i><\/span><\/a><br \/>\n<\/strong><\/td>\n<td style=\"text-align: center; vertical-align: middle; width: 20%;\"><strong><span style=\"font-size: 0.9em;\">\ud83c\udde9\ud83c\uddf0 SOREN KRAGH ANDERSEN<br \/>\n<span style=\"font-size: 0.8em;\">ALPECIN &#8211; DECEUNINCK<\/span><\/span><\/strong><\/td>\n<td style=\"text-align: center; vertical-align: middle; width: 20%;\"><span style=\"font-size: 0.9em;\">\ud83c\udde6\ud83c\uddf9 PATRICK KONRAD<\/span><br style=\"font-size: 14.4px;\" \/><span style=\"font-size: 0.9em;\"><span style=\"font-size: 0.8em;\">BORA &#8211; HANSGROHE<\/span><\/span><\/td>\n<td style=\"text-align: center; vertical-align: middle; width: 20%;\"><span style=\"font-size: 0.9em;\">\ud83c\uddee\ud83c\uddf9 ALESSANDRO FEDELI<br \/>\n<span style=\"font-size: 0.8em;\">Q36.5 PRO CYCLING TEAM<\/span><\/span><\/td>\n<\/tr>\n<tr>\n<td style=\"text-align: center; vertical-align: middle; width: 20%;\"><strong>6 au 28 mai<\/strong><\/td>\n<td style=\"text-align: center; vertical-align: middle; width: 20%;\" colspan=\"2\"><strong>Tour d&rsquo;Italie<br \/>\n<a href=\"https:\/\/dicodusport.fr\/blog\/tour-d-italie-2023-classement-general-maillot-rose\/\"><span style=\"font-size: 10.368px;\"><i>Classement g\u00e9n\u00e9ral final<\/i><\/span><\/a><br \/>\n<\/strong><\/td>\n<td style=\"text-align: center; vertical-align: middle; width: 20%;\"><strong><span style=\"font-size: 0.9em;\">\ud83c\uddf8\ud83c\uddee PRIMOZ ROGLIC<br \/>\n<span style=\"font-size: 0.8em;\">JUMBO &#8211; VISMA<\/span><\/span><\/strong><\/td>\n<td style=\"text-align: center; vertical-align: middle; width: 20%;\"><span style=\"font-size: 0.9em;\">\ud83c\uddec\ud83c\udde7 GERAINT THOMAS<br \/>\n<span style=\"font-size: 0.8em;\">INEOS GRENADIERS<\/span><\/span><\/td>\n<td style=\"text-align: center; vertical-align: middle; width: 20%;\"><span style=\"font-size: 0.9em;\">\ud83c\uddf5\ud83c\uddf9 JOAO ALMEIDA<br \/>\n<span style=\"font-size: 0.8em;\">UAE TEAM EMIRATES<\/span><\/span><\/td>\n<\/tr>\n<tr>\n<td style=\"background-color: #000000; width: 800px; text-align: center; vertical-align: middle;\" colspan=\"6\"><span style=\"color: #ffffff;\"><strong>JUIN 2023<\/strong><\/span><\/td>\n<\/tr>\n<tr>\n<td style=\"text-align: center; vertical-align: middle; width: 20%; background-color: #787878;\"><span style=\"color: #ffffff; font-size: 0.9em;\"><strong>Date(s)<\/strong><\/span><\/td>\n<td style=\"text-align: center; vertical-align: middle; width: 20%; background-color: #787878;\" colspan=\"2\"><span style=\"color: #ffffff;\"><span style=\"font-size: 0.9em;\"><b>\u00c9preuve<\/b><\/span><\/span><\/td>\n<td style=\"text-align: center; vertical-align: middle; width: 20%; background-color: #787878;\"><span style=\"color: #ffffff; font-size: 0.9em;\"><strong>Vainqueur<\/strong><\/span><\/td>\n<td style=\"text-align: center; vertical-align: middle; width: 20%; background-color: #787878;\"><span style=\"color: #ffffff; font-size: 0.9em;\"><strong>Deuxi\u00e8me<\/strong><\/span><\/td>\n<td style=\"text-align: center; vertical-align: middle; width: 20%; background-color: #787878;\"><span style=\"color: #ffffff; font-size: 0.9em;\"><strong>Troisi\u00e8me<\/strong><\/span><\/td>\n<\/tr>\n<tr>\n<td style=\"text-align: center; vertical-align: middle; width: 20%;\"><strong>4 au 11 juin<\/strong><\/td>\n<td style=\"text-align: center; vertical-align: middle;\" colspan=\"2\"><strong>Crit\u00e9rium du Dauphin\u00e9<br \/>\n<a href=\"https:\/\/dicodusport.fr\/blog\/criterium-du-dauphine-2023-classement-general\/\"><span style=\"font-size: 10.368px;\"><i>Classement g\u00e9n\u00e9ral final<\/i><\/span><\/a><br \/>\n<\/strong><\/td>\n<td style=\"text-align: center; vertical-align: middle; width: 20%;\"><strong><span style=\"font-size: 0.9em;\">\ud83c\udde9\ud83c\uddf0 JONAS VINGEGAARD<br \/>\n<span style=\"font-size: 0.8em;\">JUMBO &#8211; VISMA<\/span><\/span><\/strong><\/td>\n<td style=\"text-align: center; vertical-align: middle; width: 20%;\"><span style=\"font-size: 0.9em;\">\ud83c\uddec\ud83c\udde7 ADAM YATES<br \/>\n<span style=\"font-size: 0.9em;\"><span style=\"font-size: 0.8em;\">UAE TEAM EMIRATES<\/span><\/span><\/span><\/td>\n<td style=\"text-align: center; vertical-align: middle; width: 20%;\"><span style=\"font-size: 0.9em;\">\ud83c\udde6\ud83c\uddfa BEN O&rsquo;CONNOR<strong><br \/>\n<\/strong><span style=\"font-size: 0.8em;\">AG2R CITRO\u00cbN<\/span><\/span><\/td>\n<\/tr>\n<tr>\n<td style=\"text-align: center; vertical-align: middle; width: 20%;\"><strong>11 au 18 juin<\/strong><\/td>\n<td style=\"text-align: center; vertical-align: middle; width: 20%;\" colspan=\"2\"><strong>Tour de Suisse<br \/>\n<a href=\"https:\/\/dicodusport.fr\/blog\/tour-de-suisse-2023-classement-general\/\"><span style=\"font-size: 10.368px;\"><i>Classement g\u00e9n\u00e9ral final<\/i><\/span><\/a><br \/>\n<\/strong><\/td>\n<td style=\"text-align: center; vertical-align: middle; width: 20%;\"><strong><span style=\"font-size: 0.9em;\">\ud83c\udde9\ud83c\uddf0 MATTIAS SKJELMOSE JENSEN<br \/>\n<span style=\"font-size: 0.8em;\">TREK &#8211; SEGAFREDO<\/span><\/span><\/strong><\/td>\n<td style=\"text-align: center; vertical-align: middle; width: 20%;\"><span style=\"font-size: 0.9em;\">\ud83c\uddea\ud83c\uddf8 JUAN AYUSO<br \/>\n<span style=\"font-size: 0.8em;\">UAE TEAM EMIRATES<\/span><\/span><\/td>\n<td style=\"text-align: center; vertical-align: middle; width: 20%;\"><span style=\"font-size: 0.9em;\">\ud83c\udde7\ud83c\uddea REMCO EVENEPOEL<br \/>\n<span style=\"font-size: 0.8em;\">SOUDAL QUICK &#8211; STEP<\/span><\/span><\/td>\n<\/tr>\n<tr>\n<td style=\"background-color: #000000; width: 800px; text-align: center; vertical-align: middle;\" colspan=\"6\"><span style=\"color: #ffffff;\"><strong>JUILLET 2023<\/strong><\/span><\/td>\n<\/tr>\n<tr>\n<td style=\"text-align: center; vertical-align: middle; width: 20%; background-color: #787878;\"><span style=\"color: #ffffff; font-size: 0.9em;\"><strong>Date(s)<\/strong><\/span><\/td>\n<td style=\"text-align: center; vertical-align: middle; width: 20%; background-color: #787878;\" colspan=\"2\"><span style=\"color: #ffffff;\"><span style=\"font-size: 0.9em;\"><b>\u00c9preuve<\/b><\/span><\/span><\/td>\n<td style=\"text-align: center; vertical-align: middle; width: 20%; background-color: #787878;\"><span style=\"color: #ffffff; font-size: 0.9em;\"><strong>Vainqueur<\/strong><\/span><\/td>\n<td style=\"text-align: center; vertical-align: middle; width: 20%; background-color: #787878;\"><span style=\"color: #ffffff; font-size: 0.9em;\"><strong>Deuxi\u00e8me<\/strong><\/span><\/td>\n<td style=\"text-align: center; vertical-align: middle; width: 20%; background-color: #787878;\"><span style=\"color: #ffffff; font-size: 0.9em;\"><strong>Troisi\u00e8me<\/strong><\/span><\/td>\n<\/tr>\n<tr>\n<td style=\"text-align: center; vertical-align: middle; width: 20%;\"><strong>1er au 23 juillet<\/strong><\/td>\n<td style=\"text-align: center; vertical-align: middle;\" colspan=\"2\"><strong>Tour de France<br \/>\n<a href=\"https:\/\/dicodusport.fr\/blog\/tour-de-france-2023-classement-general-maillot-jaune\/\"><span style=\"font-size: 10.368px;\"><i>Classement g\u00e9n\u00e9ral final<\/i><\/span><\/a><br \/>\n<\/strong><\/td>\n<td style=\"text-align: center; vertical-align: middle; width: 20%;\"><strong><span style=\"font-size: 0.9em;\">\ud83c\udde9\ud83c\uddf0 JONAS VINGEGAARD<br \/>\n<span style=\"font-size: 0.8em;\">JUMBO &#8211; VISMA<\/span><\/span><\/strong><\/td>\n<td style=\"text-align: center; vertical-align: middle; width: 20%;\"><span style=\"font-size: 0.9em;\">\ud83c\uddf8\ud83c\uddee TADEJ POGACAR<br \/>\n<span style=\"font-size: 0.8em;\">UAE TEAM EMIRATES<\/span><\/span><\/td>\n<td style=\"text-align: center; vertical-align: middle; width: 20%;\"><span style=\"font-size: 0.9em;\">\ud83c\uddec\ud83c\udde7 ADAM YATES<br \/>\n<span style=\"font-size: 0.8em;\">UAE TEAM EMIRATES<\/span><\/span><\/td>\n<\/tr>\n<tr>\n<td style=\"text-align: center; vertical-align: middle; width: 20%;\"><strong>29 juillet<\/strong><\/td>\n<td style=\"text-align: center; vertical-align: middle;\" colspan=\"2\"><strong>Clasica San Sebastian<br \/>\n<span style=\"font-size: 10.368px;\"><i><a href=\"https:\/\/dicodusport.fr\/blog\/clasica-san-sebastian-2023-remco-evenepoel-remporte-sa-3e-victoire-en-battant-bilbao-au-sprint\/\">R\u00e9sum\u00e9<\/a> &#8211; <\/i><\/span><a href=\"https:\/\/dicodusport.fr\/blog\/classement-clasica-san-sebastian-2023\/\"><span style=\"font-size: 10.368px;\"><i>Classement<\/i><\/span><\/a><br \/>\n<\/strong><\/td>\n<td style=\"text-align: center; vertical-align: middle; width: 20%;\"><strong><span style=\"font-size: 0.9em;\">\ud83c\udde7\ud83c\uddea REMCO EVENEPOEL<br \/>\n<span style=\"font-size: 0.8em;\">SOUDAL QUICK &#8211; STEP<\/span><\/span><\/strong><\/td>\n<td style=\"text-align: center; vertical-align: middle; width: 20%;\"><span style=\"font-size: 0.9em;\">\ud83c\uddea\ud83c\uddf8 PELLO BILBAO<\/span><br \/>\n<span style=\"font-size: 0.9em;\"><span style=\"font-size: 0.8em;\">BAHRAIN VICTORIOUS<\/span><\/span><\/td>\n<td style=\"text-align: center; vertical-align: middle; width: 20%;\"><span style=\"font-size: 0.9em;\">\ud83c\uddf7\ud83c\uddfa ALEKSANDR VLASOV<\/span><br \/>\n<span style=\"font-size: 0.9em;\"><span style=\"font-size: 0.8em;\">BORA &#8211; HANSGROHE<\/span><\/span><\/td>\n<\/tr>\n<tr>\n<td style=\"text-align: center; vertical-align: middle; width: 20%;\"><strong>29 juillet au 4 ao\u00fbt<\/strong><\/td>\n<td style=\"text-align: center; vertical-align: middle; width: 20%;\" colspan=\"2\"><strong>Tour de Pologne<br \/>\n<a href=\"https:\/\/dicodusport.fr\/blog\/tour-de-pologne-2023-classement-general\/\"><span style=\"font-size: 10.368px;\"><i>Classement g\u00e9n\u00e9ral final<\/i><\/span><\/a><br \/>\n<\/strong><\/td>\n<td style=\"text-align: center; vertical-align: middle; width: 20%;\"><strong><span style=\"font-size: 0.9em;\">\ud83c\uddf8\ud83c\uddee MATEJ MOHORIC<\/span><\/strong><br \/>\n<strong><span style=\"font-size: 0.9em;\"><span style=\"font-size: 0.8em;\">BAHRAIN VICTORIOUS<\/span><\/span><\/strong><\/td>\n<td style=\"text-align: center; vertical-align: middle; width: 20%;\"><span style=\"font-size: 0.9em;\">\ud83c\uddf5\ud83c\uddf9 JOAO ALMEIDA<br \/>\n<span style=\"font-size: 0.8em;\">UAE TEAM EMIRATES<\/span><\/span><\/td>\n<td style=\"text-align: center; vertical-align: middle; width: 20%;\"><span style=\"font-size: 0.9em;\">\ud83c\uddf5\ud83c\uddf1 MICHAL KWIATKOWSKI<br \/>\n<span style=\"font-size: 0.8em;\">INEOS GRENADIERS<\/span><\/span><\/td>\n<\/tr>\n<tr>\n<td style=\"background-color: #000000; width: 800px; text-align: center; vertical-align: middle;\" colspan=\"6\"><span style=\"color: #ffffff;\"><strong>AO\u00dbT 2023<\/strong><\/span><\/td>\n<\/tr>\n<tr>\n<td style=\"text-align: center; vertical-align: middle; width: 20%; background-color: #787878;\"><span style=\"color: #ffffff; font-size: 0.9em;\"><strong>Date(s)<\/strong><\/span><\/td>\n<td style=\"text-align: center; vertical-align: middle; width: 20%; background-color: #787878;\" colspan=\"2\"><span style=\"color: #ffffff;\"><span style=\"font-size: 0.9em;\"><b>\u00c9preuve<\/b><\/span><\/span><\/td>\n<td style=\"text-align: center; vertical-align: middle; width: 20%; background-color: #787878;\"><span style=\"color: #ffffff; font-size: 0.9em;\"><strong>Vainqueur<\/strong><\/span><\/td>\n<td style=\"text-align: center; vertical-align: middle; width: 20%; background-color: #787878;\"><span style=\"color: #ffffff; font-size: 0.9em;\"><strong>Deuxi\u00e8me<\/strong><\/span><\/td>\n<td style=\"text-align: center; vertical-align: middle; width: 20%; background-color: #787878;\"><span style=\"color: #ffffff; font-size: 0.9em;\"><strong>Troisi\u00e8me<\/strong><\/span><\/td>\n<\/tr>\n<tr>\n<td style=\"text-align: center; vertical-align: middle; width: 20%;\"><strong>20 ao\u00fbt<\/strong><\/td>\n<td style=\"text-align: center; vertical-align: middle;\" colspan=\"2\"><strong>Hambourg Cyclassics<br \/>\n<span style=\"font-size: 10.368px;\"><i><a href=\"https:\/\/dicodusport.fr\/blog\/bemer-cyclassics-hambourg-2023-mads-pedersen-simpose-en-costaud\/\">R\u00e9sum\u00e9<\/a> &#8211; <\/i><\/span><a href=\"https:\/\/dicodusport.fr\/blog\/classement-bemer-cyclassics-hambourg-2023\/\"><span style=\"font-size: 10.368px;\"><i>Classement<\/i><\/span><\/a><br \/>\n<\/strong><\/td>\n<td style=\"text-align: center; vertical-align: middle; width: 20%;\"><strong><span style=\"font-size: 0.9em;\">\ud83c\udde9\ud83c\uddf0 MADS PEDERSEN<br \/>\n<span style=\"font-size: 0.8em;\">TREK &#8211; SEGAFREDO<\/span><\/span><\/strong><\/td>\n<td style=\"text-align: center; vertical-align: middle; width: 20%;\"><span style=\"font-size: 0.9em;\">\ud83c\uddf3\ud83c\uddf1 DANNY VAN POPPEL<\/span><br \/>\n<span style=\"font-size: 0.9em;\"><span style=\"font-size: 0.8em;\">BORA &#8211; HANSGROHE<\/span><\/span><\/td>\n<td style=\"text-align: center; vertical-align: middle; width: 20%;\"><span style=\"font-size: 0.9em;\">\ud83c\uddee\ud83c\uddf9 ELIA VIVIANI<br \/>\n<span style=\"font-size: 0.8em;\">INEOS GRENADIERS<\/span><\/span><\/td>\n<\/tr>\n<tr>\n<td style=\"text-align: center; vertical-align: middle; width: 20%;\"><strong>23 au 29 ao\u00fbt<\/strong><\/td>\n<td style=\"text-align: center; vertical-align: middle;\" colspan=\"2\"><strong>Renewi Tour<br \/>\n<a href=\"https:\/\/dicodusport.fr\/blog\/renewi-tour-2023-classement-general\/\"><span style=\"font-size: 10.368px;\"><i>Classement g\u00e9n\u00e9ral final<\/i><\/span><\/a><br \/>\n<\/strong><\/td>\n<td style=\"text-align: center; vertical-align: middle; width: 20%;\"><strong><span style=\"font-size: 0.9em;\">\ud83c\udde7\ud83c\uddea TIM WELLENS<br \/>\n<span style=\"font-size: 0.8em;\">UAE TEAM EMIRATES<\/span><\/span><\/strong><\/td>\n<td style=\"text-align: center; vertical-align: middle; width: 20%;\"><span style=\"font-size: 0.9em;\">\ud83c\udde7\ud83c\uddea FLORIAN VERMEERSCH<strong><br \/>\n<\/strong><span style=\"font-size: 0.8em;\">LOTTO &#8211; DSTNY<\/span><\/span><\/td>\n<td style=\"text-align: center; vertical-align: middle; width: 20%;\"><span style=\"font-size: 0.9em;\">\ud83c\udde7\ud83c\uddea YVES LAMPAERT<br \/>\n<span style=\"font-size: 0.8em;\">SOUDAL QUICK &#8211; STEP<\/span><\/span><\/td>\n<\/tr>\n<tr>\n<td style=\"text-align: center; vertical-align: middle; width: 20%;\"><strong>26 ao\u00fbt au 14 septembre<\/strong><\/td>\n<td style=\"text-align: center; vertical-align: middle;\" colspan=\"2\"><strong>Tour d&rsquo;Espagne<br \/>\n<a href=\"https:\/\/dicodusport.fr\/blog\/tour-despagne-2023-classement-general-maillot-rouge\/\"><span style=\"font-size: 10.368px;\"><i>Classement g\u00e9n\u00e9ral final<\/i><\/span><\/a><br \/>\n<\/strong><\/td>\n<td style=\"text-align: center; vertical-align: middle; width: 20%;\"><strong><span style=\"font-size: 0.9em;\">\ud83c\uddfa\ud83c\uddf8 SEPP KUSS<br \/>\n<span style=\"font-size: 0.8em;\">JUMBO &#8211; VISMA<\/span><\/span><\/strong><\/td>\n<td style=\"text-align: center; vertical-align: middle; width: 20%;\"><span style=\"font-size: 0.9em;\">\ud83c\udde9\ud83c\uddf0 JONAS VINGEGAARD<br \/>\n<span style=\"font-size: 0.8em;\">JUMBO &#8211; VISMA<\/span><\/span><\/td>\n<td style=\"text-align: center; vertical-align: middle; width: 20%;\"><span style=\"font-size: 0.9em;\">\ud83c\uddf8\ud83c\uddee PRIMOZ ROGLIC<br \/>\n<span style=\"font-size: 0.8em;\">JUMBO &#8211; VISMA<\/span><\/span><\/td>\n<\/tr>\n<tr>\n<td style=\"background-color: #000000; width: 800px; text-align: center; vertical-align: middle;\" colspan=\"6\"><span style=\"color: #ffffff;\"><strong>SEPTEMBRE 2023<\/strong><\/span><\/td>\n<\/tr>\n<tr>\n<td style=\"text-align: center; vertical-align: middle; width: 20%; background-color: #787878;\"><span style=\"color: #ffffff; font-size: 0.9em;\"><strong>Date(s)<\/strong><\/span><\/td>\n<td style=\"text-align: center; vertical-align: middle; width: 20%; background-color: #787878;\" colspan=\"2\"><span style=\"color: #ffffff;\"><span style=\"font-size: 0.9em;\"><b>\u00c9preuve<\/b><\/span><\/span><\/td>\n<td style=\"text-align: center; vertical-align: middle; width: 20%; background-color: #787878;\"><span style=\"color: #ffffff; font-size: 0.9em;\"><strong>Vainqueur<\/strong><\/span><\/td>\n<td style=\"text-align: center; vertical-align: middle; width: 20%; background-color: #787878;\"><span style=\"color: #ffffff; font-size: 0.9em;\"><strong>Deuxi\u00e8me<\/strong><\/span><\/td>\n<td style=\"text-align: center; vertical-align: middle; width: 20%; background-color: #787878;\"><span style=\"color: #ffffff; font-size: 0.9em;\"><strong>Troisi\u00e8me<\/strong><\/span><\/td>\n<\/tr>\n<tr>\n<td style=\"text-align: center; vertical-align: middle; width: 20%;\"><strong>3 septembre<\/strong><\/td>\n<td style=\"text-align: center; vertical-align: middle;\" colspan=\"2\"><strong>Bretagne Classic<br \/>\n<span style=\"font-size: 10.368px;\"><i><a href=\"https:\/\/dicodusport.fr\/blog\/bretagne-classic-2023-valentin-madouas-simpose-sur-ses-terres\/\">R\u00e9sum\u00e9<\/a> &#8211; <\/i><\/span><a href=\"https:\/\/dicodusport.fr\/blog\/classement-bretagne-classic-2023\/\"><span style=\"font-size: 10.368px;\"><i>Classement<\/i><\/span><\/a><br \/>\n<\/strong><\/td>\n<td style=\"text-align: center; vertical-align: middle; width: 20%;\"><strong><span style=\"font-size: 0.9em;\">\ud83c\uddeb\ud83c\uddf7 VALENTIN MADOUAS<br \/>\n<span style=\"font-size: 0.8em;\">GROUPAMA &#8211; FDJ<\/span><\/span><\/strong><\/td>\n<td style=\"text-align: center; vertical-align: middle; width: 20%;\"><span style=\"font-size: 0.9em;\">\ud83c\uddeb\ud83c\uddf7 MATHIEU BURGAUDEAU<br \/>\n<span style=\"font-size: 0.8em;\">TOTALENERGIES<\/span><\/span><\/td>\n<td style=\"text-align: center; vertical-align: middle; width: 20%;\"><span style=\"font-size: 0.9em;\">\ud83c\udde6\ud83c\uddf9 FELIX GROSSSCHARTNER<br \/>\n<span style=\"font-size: 0.8em;\">UAE TEAM EMIRATES<\/span><\/span><\/td>\n<\/tr>\n<tr>\n<td style=\"text-align: center; vertical-align: middle; width: 20%;\"><strong>8 septembre<\/strong><\/td>\n<td style=\"text-align: center; vertical-align: middle;\" colspan=\"2\"><strong>Grand Prix de Qu\u00e9bec<br \/>\n<span style=\"font-size: 10.368px;\"><i><a href=\"https:\/\/dicodusport.fr\/blog\/grand-prix-de-quebec-2023-arnaud-de-lie-impose-sa-puissance\/\">R\u00e9sum\u00e9<\/a> &#8211; <\/i><\/span><a href=\"https:\/\/dicodusport.fr\/blog\/classement-grand-prix-de-quebec-2023\/\"><span style=\"font-size: 10.368px;\"><i>Classement<\/i><\/span><\/a><br \/>\n<\/strong><\/td>\n<td style=\"text-align: center; vertical-align: middle; width: 20%;\"><strong><span style=\"font-size: 0.9em;\">\ud83c\udde7\ud83c\uddea ARNAUD DE LIE<br \/>\n<span style=\"font-size: 0.8em;\">LOTTO &#8211; DSTNY<\/span><\/span><\/strong><\/td>\n<td style=\"text-align: center; vertical-align: middle; width: 20%;\"><span style=\"font-size: 0.9em;\">\ud83c\uddf3\ud83c\uddff CORBIN STRONG<strong><br \/>\n<\/strong><span style=\"font-size: 0.8em;\">ISRAEL &#8211; PREMIER TECH<\/span><\/span><\/td>\n<td style=\"text-align: center; vertical-align: middle; width: 20%;\"><span style=\"font-size: 0.9em;\">\ud83c\udde6\ud83c\uddfa MICHAEL MATTHEWS<br \/>\n<span style=\"font-size: 0.8em;\">TEAM JAYCO ALULA<\/span><\/span><\/td>\n<\/tr>\n<tr>\n<td style=\"text-align: center; vertical-align: middle; width: 20%;\"><strong>10 septembre<\/strong><\/td>\n<td style=\"text-align: center; vertical-align: middle;\" colspan=\"2\"><strong>Grand Prix de Montr\u00e9al<br \/>\n<span style=\"font-size: 10.368px;\"><i><a href=\"https:\/\/dicodusport.fr\/blog\/grand-prix-cycliste-de-montreal-adam-yates-simpose-devant-pavel-sivakov\/\">R\u00e9sum\u00e9<\/a> &#8211; <\/i><\/span><a href=\"https:\/\/dicodusport.fr\/blog\/classement-grand-prix-cycliste-de-montreal-2023\/\"><span style=\"font-size: 10.368px;\"><i>Classement<\/i><\/span><\/a><br \/>\n<\/strong><\/td>\n<td style=\"text-align: center; vertical-align: middle; width: 20%;\"><strong><span style=\"font-size: 0.9em;\">\ud83c\uddec\ud83c\udde7 ADAM YATES<br \/>\n<span style=\"font-size: 0.8em;\">UAE TEAM EMIRATES<\/span><\/span><\/strong><\/td>\n<td style=\"text-align: center; vertical-align: middle; width: 20%;\"><span style=\"font-size: 0.9em;\">\ud83c\uddeb\ud83c\uddf7 PAVEL SIVAKOV<br \/>\n<span style=\"font-size: 0.8em;\">INEOS GRENADIERS<\/span><\/span><\/td>\n<td style=\"text-align: center; vertical-align: middle; width: 20%;\"><span style=\"font-size: 0.9em;\">\ud83c\uddea\ud83c\uddf8 ALEX ARANBURU<\/span><br \/>\n<span style=\"font-size: 0.9em;\"><span style=\"font-size: 0.8em;\">MOVISTAR<\/span><\/span><\/td>\n<\/tr>\n<tr>\n<td style=\"background-color: #000000; width: 800px; text-align: center; vertical-align: middle;\" colspan=\"6\"><span style=\"color: #ffffff;\"><strong>OCTOBRE 2023<\/strong><\/span><\/td>\n<\/tr>\n<tr>\n<td style=\"text-align: center; vertical-align: middle; width: 20%; background-color: #787878;\"><span style=\"color: #ffffff; font-size: 0.9em;\"><strong>Date(s)<\/strong><\/span><\/td>\n<td style=\"text-align: center; vertical-align: middle; width: 20%; background-color: #787878;\" colspan=\"2\"><span style=\"color: #ffffff;\"><span style=\"font-size: 0.9em;\"><b>\u00c9preuve<\/b><\/span><\/span><\/td>\n<td style=\"text-align: center; vertical-align: middle; width: 20%; background-color: #787878;\"><span style=\"color: #ffffff; font-size: 0.9em;\"><strong>Vainqueur<\/strong><\/span><\/td>\n<td style=\"text-align: center; vertical-align: middle; width: 20%; background-color: #787878;\"><span style=\"color: #ffffff; font-size: 0.9em;\"><strong>Deuxi\u00e8me<\/strong><\/span><\/td>\n<td style=\"text-align: center; vertical-align: middle; width: 20%; background-color: #787878;\"><span style=\"color: #ffffff; font-size: 0.9em;\"><strong>Troisi\u00e8me<\/strong><\/span><\/td>\n<\/tr>\n<tr>\n<td style=\"text-align: center; vertical-align: middle; width: 20%;\"><strong>7 octobre<\/strong><\/td>\n<td style=\"text-align: center; vertical-align: middle;\" colspan=\"2\"><strong>Tour de Lombardie<br \/>\n<span style=\"font-size: 10.368px;\"><i><a href=\"https:\/\/dicodusport.fr\/blog\/tour-de-lombardie-2023-la-passe-de-trois-pour-tadej-pogacar\/\">R\u00e9sum\u00e9<\/a> &#8211; <\/i><\/span><a href=\"https:\/\/dicodusport.fr\/blog\/classement-tour-de-lombardie-2023\/\"><span style=\"font-size: 10.368px;\"><i>Classement<\/i><\/span><\/a><br \/>\n<\/strong><\/td>\n<td style=\"text-align: center; vertical-align: middle; width: 20%;\"><strong><span style=\"font-size: 0.9em;\">\ud83c\uddf8\ud83c\uddee TADEJ POGACAR<br \/>\n<span style=\"font-size: 0.8em;\">UAE TEAM EMIRATES<\/span><\/span><\/strong><\/td>\n<td style=\"text-align: center; vertical-align: middle; width: 20%;\"><span style=\"font-size: 0.9em;\">\ud83c\uddee\ud83c\uddf9 ANDREA BAGIOLI<br \/>\n<span style=\"font-size: 0.8em;\">SOUDAL QUICK &#8211; STEP<\/span><\/span><\/td>\n<td style=\"text-align: center; vertical-align: middle; width: 20%;\"><span style=\"font-size: 0.9em;\">\ud83c\uddf8\ud83c\uddee PRIMOZ ROGLIC<br \/>\n<span style=\"font-size: 0.8em;\">JUMBO &#8211; VISMA<\/span><\/span><\/td>\n<\/tr>\n<tr>\n<td style=\"text-align: center; vertical-align: middle; width: 20%;\"><strong>12 au 17 octobre<\/strong><\/td>\n<td style=\"text-align: center; vertical-align: middle;\" colspan=\"2\"><strong>Tour de Guangxi<\/strong><\/td>\n<td style=\"text-align: center; vertical-align: middle; width: 20%;\"><\/td>\n<td style=\"text-align: center; vertical-align: middle; width: 20%;\"><\/td>\n<td style=\"text-align: center; vertical-align: middle; width: 20%;\"><\/td>\n<\/tr>\n<\/tbody>\n<\/table>\n","protected":false},"excerpt":{"rendered":"<p>CYCLISME SUR ROUTE 2023 &#8211; D\u00e9couvrez le calendrier complet et les r\u00e9sultats des \u00e9preuves du World Tour 2023, qui d\u00e9bute le 17 janvier avec le Tour Down Under et qui s&rsquo;ach\u00e8ve avec le Tour de Guangxi le 17 octobre. 34 \u00e9preuves seront au programme de cette ann\u00e9e, dont 5 en France.<\/p>\n","protected":false},"author":4,"featured_media":369344,"comment_status":"open","ping_status":"closed","sticky":false,"template":"","format":"standard","meta":{"_acf_changed":false,"_daextam_enable_autolinks":"1","footnotes":""},"categories":[46994],"tags":[16878,5773],"class_list":["post-344007","post","type-post","status-publish","format-standard","has-post-thumbnail","hentry","category-cyclisme-sur-route","tag-breve","tag-world-tour"],"acf":[],"yoast_head":"<!-- This site is optimized with the Yoast SEO Premium plugin v26.7 (Yoast SEO v26.7) - https:\/\/yoast.com\/wordpress\/plugins\/seo\/ -->\n<title>Cyclisme - Calendrier World Tour 2023<\/title>\n<meta name=\"description\" content=\"CYCLISME SUR ROUTE 2023 - D\u00e9couvrez le calendrier complet et les r\u00e9sultats des \u00e9preuves du World Tour 2023.\" \/>\n<meta name=\"robots\" content=\"index, follow, max-snippet:-1, max-image-preview:large, max-video-preview:-1\" \/>\n<link rel=\"canonical\" href=\"https:\/\/dicodusport.fr\/blog\/cyclisme-world-tour-2023-calendrier-et-resultats\/\" \/>\n<meta property=\"og:locale\" content=\"fr_FR\" \/>\n<meta property=\"og:type\" content=\"article\" \/>\n<meta property=\"og:title\" content=\"World Tour 2023 - Calendrier et r\u00e9sultats\" \/>\n<meta property=\"og:description\" content=\"CYCLISME SUR ROUTE 2023 - D\u00e9couvrez le calendrier complet et les r\u00e9sultats des \u00e9preuves du World Tour 2023.\" \/>\n<meta property=\"og:url\" content=\"https:\/\/dicodusport.fr\/blog\/cyclisme-world-tour-2023-calendrier-et-resultats\/\" \/>\n<meta property=\"og:site_name\" content=\"Dicodusport\" \/>\n<meta property=\"article:publisher\" content=\"https:\/\/www.facebook.com\/dicodusport\" \/>\n<meta property=\"article:author\" content=\"https:\/\/www.facebook.com\/florent.ostermann\" \/>\n<meta property=\"article:published_time\" content=\"2023-10-07T15:35:54+00:00\" \/>\n<meta property=\"og:image\" content=\"https:\/\/dicodusport.fr\/blog\/wp-content\/uploads\/2023\/03\/Cyclisme-Calendrier-World-Tour-2023.png\" \/>\n\t<meta property=\"og:image:width\" content=\"800\" \/>\n\t<meta property=\"og:image:height\" content=\"445\" \/>\n\t<meta property=\"og:image:type\" content=\"image\/png\" \/>\n<meta name=\"author\" content=\"Flo Ostermann\" \/>\n<meta name=\"twitter:card\" content=\"summary_large_image\" \/>\n<meta name=\"twitter:title\" content=\"World Tour 2023 - Calendrier et r\u00e9sultats\" \/>\n<meta name=\"twitter:creator\" content=\"@https:\/\/twitter.com\/FlOstermann\" \/>\n<meta name=\"twitter:site\" content=\"@dicodusport\" \/>\n<script type=\"application\/ld+json\" class=\"yoast-schema-graph\">{\"@context\":\"https:\/\/schema.org\",\"@graph\":[{\"@type\":\"NewsArticle\",\"@id\":\"https:\/\/dicodusport.fr\/blog\/cyclisme-world-tour-2023-calendrier-et-resultats\/#article\",\"isPartOf\":{\"@id\":\"https:\/\/dicodusport.fr\/blog\/cyclisme-world-tour-2023-calendrier-et-resultats\/\"},\"author\":{\"name\":\"Flo Ostermann\",\"@id\":\"https:\/\/dicodusport.fr\/blog\/#\/schema\/person\/cb02af4c173ce4a653b55e9baf388d4a\"},\"headline\":\"World Tour 2023 &#8211; Calendrier et r\u00e9sultats\",\"datePublished\":\"2023-10-07T15:35:54+00:00\",\"mainEntityOfPage\":{\"@id\":\"https:\/\/dicodusport.fr\/blog\/cyclisme-world-tour-2023-calendrier-et-resultats\/\"},\"wordCount\":983,\"commentCount\":1,\"publisher\":{\"@id\":\"https:\/\/dicodusport.fr\/blog\/#organization\"},\"image\":{\"@id\":\"https:\/\/dicodusport.fr\/blog\/cyclisme-world-tour-2023-calendrier-et-resultats\/#primaryimage\"},\"thumbnailUrl\":\"https:\/\/dicodusport.fr\/blog\/wp-content\/uploads\/2023\/03\/Cyclisme-Calendrier-World-Tour-2023.png\",\"keywords\":[\"br\u00e8ve\",\"World Tour\"],\"articleSection\":[\"Cyclisme sur route\"],\"inLanguage\":\"fr-FR\",\"potentialAction\":[{\"@type\":\"CommentAction\",\"name\":\"Comment\",\"target\":[\"https:\/\/dicodusport.fr\/blog\/cyclisme-world-tour-2023-calendrier-et-resultats\/#respond\"]}],\"copyrightYear\":\"2023\",\"copyrightHolder\":{\"@id\":\"https:\/\/dicodusport.fr\/blog\/#organization\"}},{\"@type\":\"WebPage\",\"@id\":\"https:\/\/dicodusport.fr\/blog\/cyclisme-world-tour-2023-calendrier-et-resultats\/\",\"url\":\"https:\/\/dicodusport.fr\/blog\/cyclisme-world-tour-2023-calendrier-et-resultats\/\",\"name\":\"Cyclisme - Calendrier World Tour 2023\",\"isPartOf\":{\"@id\":\"https:\/\/dicodusport.fr\/blog\/#website\"},\"primaryImageOfPage\":{\"@id\":\"https:\/\/dicodusport.fr\/blog\/cyclisme-world-tour-2023-calendrier-et-resultats\/#primaryimage\"},\"image\":{\"@id\":\"https:\/\/dicodusport.fr\/blog\/cyclisme-world-tour-2023-calendrier-et-resultats\/#primaryimage\"},\"thumbnailUrl\":\"https:\/\/dicodusport.fr\/blog\/wp-content\/uploads\/2023\/03\/Cyclisme-Calendrier-World-Tour-2023.png\",\"datePublished\":\"2023-10-07T15:35:54+00:00\",\"description\":\"CYCLISME SUR ROUTE 2023 - D\u00e9couvrez le calendrier complet et les r\u00e9sultats des \u00e9preuves du World Tour 2023.\",\"breadcrumb\":{\"@id\":\"https:\/\/dicodusport.fr\/blog\/cyclisme-world-tour-2023-calendrier-et-resultats\/#breadcrumb\"},\"inLanguage\":\"fr-FR\",\"potentialAction\":[{\"@type\":\"ReadAction\",\"target\":[\"https:\/\/dicodusport.fr\/blog\/cyclisme-world-tour-2023-calendrier-et-resultats\/\"]}]},{\"@type\":\"ImageObject\",\"inLanguage\":\"fr-FR\",\"@id\":\"https:\/\/dicodusport.fr\/blog\/cyclisme-world-tour-2023-calendrier-et-resultats\/#primaryimage\",\"url\":\"https:\/\/dicodusport.fr\/blog\/wp-content\/uploads\/2023\/03\/Cyclisme-Calendrier-World-Tour-2023.png\",\"contentUrl\":\"https:\/\/dicodusport.fr\/blog\/wp-content\/uploads\/2023\/03\/Cyclisme-Calendrier-World-Tour-2023.png\",\"width\":800,\"height\":445,\"caption\":\"Cyclisme - Calendrier World Tour 2023\"},{\"@type\":\"BreadcrumbList\",\"@id\":\"https:\/\/dicodusport.fr\/blog\/cyclisme-world-tour-2023-calendrier-et-resultats\/#breadcrumb\",\"itemListElement\":[{\"@type\":\"ListItem\",\"position\":1,\"name\":\"Accueil\",\"item\":\"https:\/\/dicodusport.fr\/blog\/\"},{\"@type\":\"ListItem\",\"position\":2,\"name\":\"World Tour 2023 &#8211; Calendrier et r\u00e9sultats\"}]},{\"@type\":\"WebSite\",\"@id\":\"https:\/\/dicodusport.fr\/blog\/#website\",\"url\":\"https:\/\/dicodusport.fr\/blog\/\",\"name\":\"Dicodusport\",\"description\":\"L&#039;encyclop\u00e9die de l&#039;actualit\u00e9 sportive\",\"publisher\":{\"@id\":\"https:\/\/dicodusport.fr\/blog\/#organization\"},\"potentialAction\":[{\"@type\":\"SearchAction\",\"target\":{\"@type\":\"EntryPoint\",\"urlTemplate\":\"https:\/\/dicodusport.fr\/blog\/?s={search_term_string}\"},\"query-input\":{\"@type\":\"PropertyValueSpecification\",\"valueRequired\":true,\"valueName\":\"search_term_string\"}}],\"inLanguage\":\"fr-FR\"},{\"@type\":\"NewsMediaOrganization\",\"@id\":\"https:\/\/dicodusport.fr\/blog\/#organization\",\"name\":\"Dicodusport\",\"url\":\"https:\/\/dicodusport.fr\/blog\/\",\"logo\":{\"@type\":\"ImageObject\",\"inLanguage\":\"fr-FR\",\"@id\":\"https:\/\/dicodusport.fr\/blog\/#\/schema\/logo\/image\/\",\"url\":\"https:\/\/dicodusport.fr\/blog\/wp-content\/uploads\/2020\/06\/cropped-LOGO-DICODUSPORT-2020-SANS-FOND-SANS-TEXTE.png\",\"contentUrl\":\"https:\/\/dicodusport.fr\/blog\/wp-content\/uploads\/2020\/06\/cropped-LOGO-DICODUSPORT-2020-SANS-FOND-SANS-TEXTE.png\",\"width\":512,\"height\":512,\"caption\":\"Dicodusport\"},\"image\":{\"@id\":\"https:\/\/dicodusport.fr\/blog\/#\/schema\/logo\/image\/\"},\"sameAs\":[\"https:\/\/www.facebook.com\/dicodusport\",\"https:\/\/x.com\/dicodusport\",\"https:\/\/www.instagram.com\/dicodusport\/\",\"https:\/\/www.youtube.com\/channel\/UC7V2KZ5sd3htJivAbA4ZG3w\"],\"description\":\"Dicodusport est l'encyclop\u00e9die de l'actualit\u00e9 sportive.\",\"email\":\"bonjour@dicodusport.fr\",\"legalName\":\"DICODUSPORT\",\"foundingDate\":\"2018-01-14\",\"vatID\":\"FR71834470973\",\"taxID\":\"83447097300043\",\"numberOfEmployees\":{\"@type\":\"QuantitativeValue\",\"minValue\":\"1\",\"maxValue\":\"10\"}},{\"@type\":\"Person\",\"@id\":\"https:\/\/dicodusport.fr\/blog\/#\/schema\/person\/cb02af4c173ce4a653b55e9baf388d4a\",\"name\":\"Flo Ostermann\",\"image\":{\"@type\":\"ImageObject\",\"inLanguage\":\"fr-FR\",\"@id\":\"https:\/\/dicodusport.fr\/blog\/#\/schema\/person\/image\/\",\"url\":\"https:\/\/dicodusport.fr\/blog\/wp-content\/uploads\/2021\/05\/Flo-Ostermann-150x150.jpg\",\"contentUrl\":\"https:\/\/dicodusport.fr\/blog\/wp-content\/uploads\/2021\/05\/Flo-Ostermann-150x150.jpg\",\"caption\":\"Flo Ostermann\"},\"description\":\"Journaliste\/R\u00e9dacteur depuis septembre 2015 - Mes premiers souvenirs dans le sport ? Les envol\u00e9es du Stade Toulousain et les duels Villeneuve-Schumacher et H\u00e4kkinen-Schumacher \u00e0 la fin des ann\u00e9es 90, la Coupe du monde de football en 1998, l\u2019exploit du XV de France face aux All Blacks en 1999, mais aussi Richard C\u0153ur de Lion qui vole sur les montagnes du Tour de France. Bien parti pour devenir professeur d\u2019EPS, les \u00e9v\u00e9nements de la vie (et la flemme d\u2019animer des s\u00e9ances de 3x500 m\u00e8tres toute ma vie) m\u2019ont conduit \u00e0 revoir mes plans. Me voil\u00e0 depuis fin 2017 sur Dicodusport, m\u00e9dia gr\u00e2ce (et pour) lequel je partage ma passion : le sport dans tous ses \u00e9tats. Le tout accompagn\u00e9 par les fous furieux et folles furieuses cit\u00e9s sur cette page !\",\"sameAs\":[\"https:\/\/www.facebook.com\/florent.ostermann\",\"https:\/\/x.com\/https:\/\/twitter.com\/FlOstermann\",\"admin\"],\"url\":\"https:\/\/dicodusport.fr\/blog\/author\/flo\/\"}]}<\/script>\n<!-- \/ Yoast SEO Premium plugin. -->","yoast_head_json":{"title":"Cyclisme - Calendrier World Tour 2023","description":"CYCLISME SUR ROUTE 2023 - D\u00e9couvrez le calendrier complet et les r\u00e9sultats des \u00e9preuves du World Tour 2023.","robots":{"index":"index","follow":"follow","max-snippet":"max-snippet:-1","max-image-preview":"max-image-preview:large","max-video-preview":"max-video-preview:-1"},"canonical":"https:\/\/dicodusport.fr\/blog\/cyclisme-world-tour-2023-calendrier-et-resultats\/","og_locale":"fr_FR","og_type":"article","og_title":"World Tour 2023 - Calendrier et r\u00e9sultats","og_description":"CYCLISME SUR ROUTE 2023 - D\u00e9couvrez le calendrier complet et les r\u00e9sultats des \u00e9preuves du World Tour 2023.","og_url":"https:\/\/dicodusport.fr\/blog\/cyclisme-world-tour-2023-calendrier-et-resultats\/","og_site_name":"Dicodusport","article_publisher":"https:\/\/www.facebook.com\/dicodusport","article_author":"https:\/\/www.facebook.com\/florent.ostermann","article_published_time":"2023-10-07T15:35:54+00:00","og_image":[{"width":800,"height":445,"url":"https:\/\/dicodusport.fr\/blog\/wp-content\/uploads\/2023\/03\/Cyclisme-Calendrier-World-Tour-2023.png","type":"image\/png"}],"author":"Flo Ostermann","twitter_card":"summary_large_image","twitter_title":"World Tour 2023 - Calendrier et r\u00e9sultats","twitter_creator":"@https:\/\/twitter.com\/FlOstermann","twitter_site":"@dicodusport","schema":{"@context":"https:\/\/schema.org","@graph":[{"@type":"NewsArticle","@id":"https:\/\/dicodusport.fr\/blog\/cyclisme-world-tour-2023-calendrier-et-resultats\/#article","isPartOf":{"@id":"https:\/\/dicodusport.fr\/blog\/cyclisme-world-tour-2023-calendrier-et-resultats\/"},"author":{"name":"Flo Ostermann","@id":"https:\/\/dicodusport.fr\/blog\/#\/schema\/person\/cb02af4c173ce4a653b55e9baf388d4a"},"headline":"World Tour 2023 &#8211; Calendrier et r\u00e9sultats","datePublished":"2023-10-07T15:35:54+00:00","mainEntityOfPage":{"@id":"https:\/\/dicodusport.fr\/blog\/cyclisme-world-tour-2023-calendrier-et-resultats\/"},"wordCount":983,"commentCount":1,"publisher":{"@id":"https:\/\/dicodusport.fr\/blog\/#organization"},"image":{"@id":"https:\/\/dicodusport.fr\/blog\/cyclisme-world-tour-2023-calendrier-et-resultats\/#primaryimage"},"thumbnailUrl":"https:\/\/dicodusport.fr\/blog\/wp-content\/uploads\/2023\/03\/Cyclisme-Calendrier-World-Tour-2023.png","keywords":["br\u00e8ve","World Tour"],"articleSection":["Cyclisme sur route"],"inLanguage":"fr-FR","potentialAction":[{"@type":"CommentAction","name":"Comment","target":["https:\/\/dicodusport.fr\/blog\/cyclisme-world-tour-2023-calendrier-et-resultats\/#respond"]}],"copyrightYear":"2023","copyrightHolder":{"@id":"https:\/\/dicodusport.fr\/blog\/#organization"}},{"@type":"WebPage","@id":"https:\/\/dicodusport.fr\/blog\/cyclisme-world-tour-2023-calendrier-et-resultats\/","url":"https:\/\/dicodusport.fr\/blog\/cyclisme-world-tour-2023-calendrier-et-resultats\/","name":"Cyclisme - Calendrier World Tour 2023","isPartOf":{"@id":"https:\/\/dicodusport.fr\/blog\/#website"},"primaryImageOfPage":{"@id":"https:\/\/dicodusport.fr\/blog\/cyclisme-world-tour-2023-calendrier-et-resultats\/#primaryimage"},"image":{"@id":"https:\/\/dicodusport.fr\/blog\/cyclisme-world-tour-2023-calendrier-et-resultats\/#primaryimage"},"thumbnailUrl":"https:\/\/dicodusport.fr\/blog\/wp-content\/uploads\/2023\/03\/Cyclisme-Calendrier-World-Tour-2023.png","datePublished":"2023-10-07T15:35:54+00:00","description":"CYCLISME SUR ROUTE 2023 - D\u00e9couvrez le calendrier complet et les r\u00e9sultats des \u00e9preuves du World Tour 2023.","breadcrumb":{"@id":"https:\/\/dicodusport.fr\/blog\/cyclisme-world-tour-2023-calendrier-et-resultats\/#breadcrumb"},"inLanguage":"fr-FR","potentialAction":[{"@type":"ReadAction","target":["https:\/\/dicodusport.fr\/blog\/cyclisme-world-tour-2023-calendrier-et-resultats\/"]}]},{"@type":"ImageObject","inLanguage":"fr-FR","@id":"https:\/\/dicodusport.fr\/blog\/cyclisme-world-tour-2023-calendrier-et-resultats\/#primaryimage","url":"https:\/\/dicodusport.fr\/blog\/wp-content\/uploads\/2023\/03\/Cyclisme-Calendrier-World-Tour-2023.png","contentUrl":"https:\/\/dicodusport.fr\/blog\/wp-content\/uploads\/2023\/03\/Cyclisme-Calendrier-World-Tour-2023.png","width":800,"height":445,"caption":"Cyclisme - Calendrier World Tour 2023"},{"@type":"BreadcrumbList","@id":"https:\/\/dicodusport.fr\/blog\/cyclisme-world-tour-2023-calendrier-et-resultats\/#breadcrumb","itemListElement":[{"@type":"ListItem","position":1,"name":"Accueil","item":"https:\/\/dicodusport.fr\/blog\/"},{"@type":"ListItem","position":2,"name":"World Tour 2023 &#8211; Calendrier et r\u00e9sultats"}]},{"@type":"WebSite","@id":"https:\/\/dicodusport.fr\/blog\/#website","url":"https:\/\/dicodusport.fr\/blog\/","name":"Dicodusport","description":"L&#039;encyclop\u00e9die de l&#039;actualit\u00e9 sportive","publisher":{"@id":"https:\/\/dicodusport.fr\/blog\/#organization"},"potentialAction":[{"@type":"SearchAction","target":{"@type":"EntryPoint","urlTemplate":"https:\/\/dicodusport.fr\/blog\/?s={search_term_string}"},"query-input":{"@type":"PropertyValueSpecification","valueRequired":true,"valueName":"search_term_string"}}],"inLanguage":"fr-FR"},{"@type":"NewsMediaOrganization","@id":"https:\/\/dicodusport.fr\/blog\/#organization","name":"Dicodusport","url":"https:\/\/dicodusport.fr\/blog\/","logo":{"@type":"ImageObject","inLanguage":"fr-FR","@id":"https:\/\/dicodusport.fr\/blog\/#\/schema\/logo\/image\/","url":"https:\/\/dicodusport.fr\/blog\/wp-content\/uploads\/2020\/06\/cropped-LOGO-DICODUSPORT-2020-SANS-FOND-SANS-TEXTE.png","contentUrl":"https:\/\/dicodusport.fr\/blog\/wp-content\/uploads\/2020\/06\/cropped-LOGO-DICODUSPORT-2020-SANS-FOND-SANS-TEXTE.png","width":512,"height":512,"caption":"Dicodusport"},"image":{"@id":"https:\/\/dicodusport.fr\/blog\/#\/schema\/logo\/image\/"},"sameAs":["https:\/\/www.facebook.com\/dicodusport","https:\/\/x.com\/dicodusport","https:\/\/www.instagram.com\/dicodusport\/","https:\/\/www.youtube.com\/channel\/UC7V2KZ5sd3htJivAbA4ZG3w"],"description":"Dicodusport est l'encyclop\u00e9die de l'actualit\u00e9 sportive.","email":"bonjour@dicodusport.fr","legalName":"DICODUSPORT","foundingDate":"2018-01-14","vatID":"FR71834470973","taxID":"83447097300043","numberOfEmployees":{"@type":"QuantitativeValue","minValue":"1","maxValue":"10"}},{"@type":"Person","@id":"https:\/\/dicodusport.fr\/blog\/#\/schema\/person\/cb02af4c173ce4a653b55e9baf388d4a","name":"Flo Ostermann","image":{"@type":"ImageObject","inLanguage":"fr-FR","@id":"https:\/\/dicodusport.fr\/blog\/#\/schema\/person\/image\/","url":"https:\/\/dicodusport.fr\/blog\/wp-content\/uploads\/2021\/05\/Flo-Ostermann-150x150.jpg","contentUrl":"https:\/\/dicodusport.fr\/blog\/wp-content\/uploads\/2021\/05\/Flo-Ostermann-150x150.jpg","caption":"Flo Ostermann"},"description":"Journaliste\/R\u00e9dacteur depuis septembre 2015 - Mes premiers souvenirs dans le sport ? Les envol\u00e9es du Stade Toulousain et les duels Villeneuve-Schumacher et H\u00e4kkinen-Schumacher \u00e0 la fin des ann\u00e9es 90, la Coupe du monde de football en 1998, l\u2019exploit du XV de France face aux All Blacks en 1999, mais aussi Richard C\u0153ur de Lion qui vole sur les montagnes du Tour de France. Bien parti pour devenir professeur d\u2019EPS, les \u00e9v\u00e9nements de la vie (et la flemme d\u2019animer des s\u00e9ances de 3x500 m\u00e8tres toute ma vie) m\u2019ont conduit \u00e0 revoir mes plans. Me voil\u00e0 depuis fin 2017 sur Dicodusport, m\u00e9dia gr\u00e2ce (et pour) lequel je partage ma passion : le sport dans tous ses \u00e9tats. Le tout accompagn\u00e9 par les fous furieux et folles furieuses cit\u00e9s sur cette page !","sameAs":["https:\/\/www.facebook.com\/florent.ostermann","https:\/\/x.com\/https:\/\/twitter.com\/FlOstermann","admin"],"url":"https:\/\/dicodusport.fr\/blog\/author\/flo\/"}]}},"_links":{"self":[{"href":"https:\/\/dicodusport.fr\/blog\/wp-json\/wp\/v2\/posts\/344007","targetHints":{"allow":["GET"]}}],"collection":[{"href":"https:\/\/dicodusport.fr\/blog\/wp-json\/wp\/v2\/posts"}],"about":[{"href":"https:\/\/dicodusport.fr\/blog\/wp-json\/wp\/v2\/types\/post"}],"author":[{"embeddable":true,"href":"https:\/\/dicodusport.fr\/blog\/wp-json\/wp\/v2\/users\/4"}],"replies":[{"embeddable":true,"href":"https:\/\/dicodusport.fr\/blog\/wp-json\/wp\/v2\/comments?post=344007"}],"version-history":[{"count":0,"href":"https:\/\/dicodusport.fr\/blog\/wp-json\/wp\/v2\/posts\/344007\/revisions"}],"wp:featuredmedia":[{"embeddable":true,"href":"https:\/\/dicodusport.fr\/blog\/wp-json\/wp\/v2\/media\/369344"}],"wp:attachment":[{"href":"https:\/\/dicodusport.fr\/blog\/wp-json\/wp\/v2\/media?parent=344007"}],"wp:term":[{"taxonomy":"category","embeddable":true,"href":"https:\/\/dicodusport.fr\/blog\/wp-json\/wp\/v2\/categories?post=344007"},{"taxonomy":"post_tag","embeddable":true,"href":"https:\/\/dicodusport.fr\/blog\/wp-json\/wp\/v2\/tags?post=344007"}],"curies":[{"name":"wp","href":"https:\/\/api.w.org\/{rel}","templated":true}]}}