{"id":344321,"date":"2023-01-14T08:31:08","date_gmt":"2023-01-14T07:31:08","guid":{"rendered":"https:\/\/dicodusport.fr\/blog\/?p=344321&#038;preview=true&#038;preview_id=344321"},"modified":"2023-01-14T09:35:09","modified_gmt":"2023-01-14T08:35:09","slug":"wta-adelaide-2-belinda-bencic-titree-lors-dune-finale-a-sens-unique","status":"publish","type":"post","link":"https:\/\/dicodusport.fr\/blog\/wta-adelaide-2-belinda-bencic-titree-lors-dune-finale-a-sens-unique\/","title":{"rendered":"WTA Ad\u00e9la\u00efde 2 : Belinda Bencic titr\u00e9e lors d&rsquo;une finale \u00e0 sens unique"},"content":{"rendered":"<p style=\"text-align: justify;\" align=\"justify\"><em><strong>WTA 500 AD\u00c9LA\u00cfDE<\/strong><\/em> &#8211;\u00a0<em><strong>Il n&rsquo;y aura pas eu match. Belinda Bencic n&rsquo;a laiss\u00e9 que des miettes \u00e0 une Daria Kasatkina f\u00e9brile d\u00e8s les premiers points. Le score est sans appel, 6-0, 6-2. La Suissesse revient dans le Top 10 gr\u00e2ce \u00e0 l&rsquo;obtention de ce 7e titre en carri\u00e8re.<\/strong><\/em><\/p>\n<p style=\"text-align: justify;\"><span style=\"font-weight: 400;\">C&rsquo;est assez commun de voir des joueuses arriver en finale sans jouer l&rsquo;un de leurs matchs. Cette semaine, c&rsquo;est arriv\u00e9 aux deux finalistes \u00e0 Ad\u00e9la\u00efde : <\/span><b>Belinda Bencic <\/b><span style=\"font-weight: 400;\">et <\/span><b>Daria Kasatkina<\/b><span style=\"font-weight: 400;\">. Elles ont respectivement profit\u00e9 des retraits, en demi-finale, de <\/span><b>Veronika Kudermetova<\/b><span style=\"font-weight: 400;\"> et <\/span><b>Paula Badosa<\/b><span style=\"font-weight: 400;\">. C&rsquo;est m\u00eame plus grave que pr\u00e9vu pour la derni\u00e8re cit\u00e9e, forfait pour le premier Grand Chelem de la saison \u00e0 Melbourne. Bref, elles ont d\u00fb appr\u00e9cier le fait d&rsquo;avoir 48 heures pour se pr\u00e9parer.<\/span><\/p>\n<h2 style=\"text-align: justify;\">Bencic plane sur la finale<\/h2>\n<p style=\"text-align: justify;\"><b>Daria Kasatkina <\/b><span style=\"font-weight: 400;\">a remport\u00e9 le toss et a d\u00e9cid\u00e9 de servir. Mais <\/span><b>Belinda Bencic <\/b><span style=\"font-weight: 400;\">a d\u00e9but\u00e9 pied au plancher en breakant blanc la Russe puis en prenant \u00e0 nouveau le service de son adversaire. La Suissesse m\u00e8ne 4-0 apr\u00e8s 15 petites minutes sur le court. La championne olympique de Tokyo joue son jeu, un jeu agressif, m\u00ealant puissance et pr\u00e9cision. Ses acc\u00e9l\u00e9rations, qu&rsquo;elles soient de coup droit ou de revers, d\u00e9boussolent totalement la num\u00e9ro 8 mondiale.\u00a0 <\/span><b>Bencic<\/b><span style=\"font-weight: 400;\"> vient clore rapidement ce set. Moins d&rsquo;une demi-heure et une bulle plus tard, elle est \u00e0 une manche de remporter le titre.<\/span><\/p>\n<p style=\"text-align: justify;\"><span style=\"font-weight: 400;\">La Russe<\/span> <span style=\"font-weight: 400;\">aura mis 9 jeux pour enfin en gagner un. \u00c0 nouveau break\u00e9e d&rsquo;entr\u00e9e, <\/span><b>Kasatkina<\/b><span style=\"font-weight: 400;\"> est d\u00e9j\u00e0 au bord du pr\u00e9cipice. Elle ne trouve que peu de solutions, ses coups gagnants se comptent sur les doigts d&rsquo;une main. De l&rsquo;autre c\u00f4t\u00e9 du filet, <\/span><b>Belinda Bencic <\/b><span style=\"font-weight: 400;\">ne baisse pas son rythme et garde la t\u00eate de sa concurrente sous l&rsquo;eau. Ce sera le cas quasiment jusqu&rsquo;au bout. <\/span><b>Kasatkina <\/b><span style=\"font-weight: 400;\">marque un nouveau jeu mais s&rsquo;incline <strong>6-0 6-2<\/strong> dans cette finale \u00e0 sens unique. La Suissesse s&rsquo;adjuge son 7e titre sur le circuit WTA, sans contestation possible. Elle arrive \u00e0 l&rsquo;Open d&rsquo;Australie avec une confiance maximale. Pour l&rsquo;anecdote, <\/span><b>Bencic<\/b><span style=\"font-weight: 400;\"> devient num\u00e9ro 1 \u00e0 la Race en ce 14 janvier 2023.<\/span><\/p>\n<blockquote class=\"twitter-tweet\">\n<p dir=\"ltr\" lang=\"en\">Congratulations to the Women Singles Champion <a href=\"https:\/\/twitter.com\/BelindaBencic?ref_src=twsrc%5Etfw\">@BelindaBencic<\/a> \ud83d\udd25\ud83c\udfc6<\/p>\n<p>She takes out the tournament after defeating Daria Kasatkina 6-0 6-2! <a href=\"https:\/\/twitter.com\/hashtag\/AdelaideTennis?src=hash&amp;ref_src=twsrc%5Etfw\">#AdelaideTennis<\/a> <a href=\"https:\/\/t.co\/CuSjpAMxUR\">pic.twitter.com\/CuSjpAMxUR<\/a><\/p>\n<p>\u2014 Adelaide International (@AdelaideTennis) <a href=\"https:\/\/twitter.com\/AdelaideTennis\/status\/1614152951886643201?ref_src=twsrc%5Etfw\">January 14, 2023<\/a><\/p><\/blockquote>\n<p style=\"text-align: justify;\"><script async src=\"https:\/\/platform.twitter.com\/widgets.js\" charset=\"utf-8\"><\/script><\/p>\n<h2 style=\"text-align: justify;\">\u00c0 lire aussi<\/h2>\n<ul>\n<li style=\"text-align: justify;\"><a href=\"https:\/\/dicodusport.fr\/blog\/wta-500-le-tableau-du-tournoi-dadelaide-2-2023\/\"><strong>Le tableau du tournoi d&rsquo;Adela\u00efde 2<\/strong><\/a><\/li>\n<\/ul>\n","protected":false},"excerpt":{"rendered":"<p>WTA 500 AD\u00c9LA\u00cfDE &#8211;\u00a0Il n&rsquo;y aura pas eu match. Belinda Bencic n&rsquo;a laiss\u00e9 que des miettes \u00e0 une Daria Kasatkina f\u00e9brile d\u00e8s les premiers points. Le score est sans appel, 6-0, 6-2. La Suissesse revient dans le Top 10 gr\u00e2ce \u00e0 l&rsquo;obtention de ce 7e titre en carri\u00e8re.<\/p>\n","protected":false},"author":61,"featured_media":344350,"comment_status":"open","ping_status":"closed","sticky":false,"template":"","format":"standard","meta":{"_acf_changed":false,"_daextam_enable_autolinks":"","footnotes":""},"categories":[2302],"tags":[4189],"class_list":["post-344321","post","type-post","status-publish","format-standard","has-post-thumbnail","hentry","category-tennis","tag-daria-kasatkina"],"acf":[],"yoast_head":"<!-- This site is optimized with the Yoast SEO Premium plugin v26.7 (Yoast SEO v26.7) - https:\/\/yoast.com\/wordpress\/plugins\/seo\/ -->\n<title>WTA Ad\u00e9la\u00efde 2 : Belinda Bencic titr\u00e9e lors d&#039;une finale \u00e0 sens unique<\/title>\n<meta name=\"description\" content=\"WTA 500 ADELA\u00cfDE - Belinda Bencic n&#039;a laiss\u00e9 que des miettes \u00e0 une Daria Kasatkina f\u00e9brile d\u00e8s les premiers points, 6-0, 6-2\" \/>\n<meta name=\"robots\" content=\"index, follow, max-snippet:-1, max-image-preview:large, max-video-preview:-1\" \/>\n<link rel=\"canonical\" href=\"https:\/\/dicodusport.fr\/blog\/wta-adelaide-2-belinda-bencic-titree-lors-dune-finale-a-sens-unique\/\" \/>\n<meta property=\"og:locale\" content=\"fr_FR\" \/>\n<meta property=\"og:type\" content=\"article\" \/>\n<meta property=\"og:title\" content=\"WTA Ad\u00e9la\u00efde 2 : Belinda Bencic titr\u00e9e lors d&#039;une finale \u00e0 sens unique\" \/>\n<meta property=\"og:description\" content=\"WTA 500 ADELA\u00cfDE - Belinda Bencic n&#039;a laiss\u00e9 que des miettes \u00e0 une Daria Kasatkina f\u00e9brile d\u00e8s les premiers points, 6-0, 6-2\" \/>\n<meta property=\"og:url\" content=\"https:\/\/dicodusport.fr\/blog\/wta-adelaide-2-belinda-bencic-titree-lors-dune-finale-a-sens-unique\/\" \/>\n<meta property=\"og:site_name\" content=\"Dicodusport\" \/>\n<meta property=\"article:publisher\" content=\"https:\/\/www.facebook.com\/dicodusport\" \/>\n<meta property=\"article:published_time\" content=\"2023-01-14T07:31:08+00:00\" \/>\n<meta property=\"article:modified_time\" content=\"2023-01-14T08:35:09+00:00\" \/>\n<meta property=\"og:image\" content=\"https:\/\/dicodusport.fr\/blog\/wp-content\/uploads\/2023\/01\/WTA-Adelaide-2-Belinda-Bencic-titree-lors-dune-finale-a-sens-unique.png\" \/>\n\t<meta property=\"og:image:width\" content=\"800\" \/>\n\t<meta property=\"og:image:height\" content=\"445\" \/>\n\t<meta property=\"og:image:type\" content=\"image\/png\" \/>\n<meta name=\"author\" content=\"Pierre Gorce\" \/>\n<meta name=\"twitter:card\" content=\"summary_large_image\" \/>\n<meta name=\"twitter:title\" content=\"WTA Ad\u00e9la\u00efde 2 : Belinda Bencic titr\u00e9e lors d&#039;une finale \u00e0 sens unique\" \/>\n<meta name=\"twitter:creator\" content=\"@https:\/\/twitter.com\/pierregorce12\" \/>\n<meta name=\"twitter:site\" content=\"@dicodusport\" \/>\n<script type=\"application\/ld+json\" class=\"yoast-schema-graph\">{\"@context\":\"https:\/\/schema.org\",\"@graph\":[{\"@type\":\"NewsArticle\",\"@id\":\"https:\/\/dicodusport.fr\/blog\/wta-adelaide-2-belinda-bencic-titree-lors-dune-finale-a-sens-unique\/#article\",\"isPartOf\":{\"@id\":\"https:\/\/dicodusport.fr\/blog\/wta-adelaide-2-belinda-bencic-titree-lors-dune-finale-a-sens-unique\/\"},\"author\":{\"name\":\"Pierre Gorce\",\"@id\":\"https:\/\/dicodusport.fr\/blog\/#\/schema\/person\/0eaf70b33d703a1a66b1155ac1bda018\"},\"headline\":\"WTA Ad\u00e9la\u00efde 2 : Belinda Bencic titr\u00e9e lors d&rsquo;une finale \u00e0 sens unique\",\"datePublished\":\"2023-01-14T07:31:08+00:00\",\"dateModified\":\"2023-01-14T08:35:09+00:00\",\"mainEntityOfPage\":{\"@id\":\"https:\/\/dicodusport.fr\/blog\/wta-adelaide-2-belinda-bencic-titree-lors-dune-finale-a-sens-unique\/\"},\"wordCount\":431,\"commentCount\":0,\"publisher\":{\"@id\":\"https:\/\/dicodusport.fr\/blog\/#organization\"},\"image\":{\"@id\":\"https:\/\/dicodusport.fr\/blog\/wta-adelaide-2-belinda-bencic-titree-lors-dune-finale-a-sens-unique\/#primaryimage\"},\"thumbnailUrl\":\"https:\/\/dicodusport.fr\/blog\/wp-content\/uploads\/2023\/01\/WTA-Adelaide-2-Belinda-Bencic-titree-lors-dune-finale-a-sens-unique.png\",\"keywords\":[\"Daria Kasatkina\"],\"articleSection\":[\"Tennis\"],\"inLanguage\":\"fr-FR\",\"potentialAction\":[{\"@type\":\"CommentAction\",\"name\":\"Comment\",\"target\":[\"https:\/\/dicodusport.fr\/blog\/wta-adelaide-2-belinda-bencic-titree-lors-dune-finale-a-sens-unique\/#respond\"]}],\"copyrightYear\":\"2023\",\"copyrightHolder\":{\"@id\":\"https:\/\/dicodusport.fr\/blog\/#organization\"}},{\"@type\":\"WebPage\",\"@id\":\"https:\/\/dicodusport.fr\/blog\/wta-adelaide-2-belinda-bencic-titree-lors-dune-finale-a-sens-unique\/\",\"url\":\"https:\/\/dicodusport.fr\/blog\/wta-adelaide-2-belinda-bencic-titree-lors-dune-finale-a-sens-unique\/\",\"name\":\"WTA Ad\u00e9la\u00efde 2 : Belinda Bencic titr\u00e9e lors d'une finale \u00e0 sens unique\",\"isPartOf\":{\"@id\":\"https:\/\/dicodusport.fr\/blog\/#website\"},\"primaryImageOfPage\":{\"@id\":\"https:\/\/dicodusport.fr\/blog\/wta-adelaide-2-belinda-bencic-titree-lors-dune-finale-a-sens-unique\/#primaryimage\"},\"image\":{\"@id\":\"https:\/\/dicodusport.fr\/blog\/wta-adelaide-2-belinda-bencic-titree-lors-dune-finale-a-sens-unique\/#primaryimage\"},\"thumbnailUrl\":\"https:\/\/dicodusport.fr\/blog\/wp-content\/uploads\/2023\/01\/WTA-Adelaide-2-Belinda-Bencic-titree-lors-dune-finale-a-sens-unique.png\",\"datePublished\":\"2023-01-14T07:31:08+00:00\",\"dateModified\":\"2023-01-14T08:35:09+00:00\",\"description\":\"WTA 500 ADELA\u00cfDE - Belinda Bencic n'a laiss\u00e9 que des miettes \u00e0 une Daria Kasatkina f\u00e9brile d\u00e8s les premiers points, 6-0, 6-2\",\"breadcrumb\":{\"@id\":\"https:\/\/dicodusport.fr\/blog\/wta-adelaide-2-belinda-bencic-titree-lors-dune-finale-a-sens-unique\/#breadcrumb\"},\"inLanguage\":\"fr-FR\",\"potentialAction\":[{\"@type\":\"ReadAction\",\"target\":[\"https:\/\/dicodusport.fr\/blog\/wta-adelaide-2-belinda-bencic-titree-lors-dune-finale-a-sens-unique\/\"]}]},{\"@type\":\"ImageObject\",\"inLanguage\":\"fr-FR\",\"@id\":\"https:\/\/dicodusport.fr\/blog\/wta-adelaide-2-belinda-bencic-titree-lors-dune-finale-a-sens-unique\/#primaryimage\",\"url\":\"https:\/\/dicodusport.fr\/blog\/wp-content\/uploads\/2023\/01\/WTA-Adelaide-2-Belinda-Bencic-titree-lors-dune-finale-a-sens-unique.png\",\"contentUrl\":\"https:\/\/dicodusport.fr\/blog\/wp-content\/uploads\/2023\/01\/WTA-Adelaide-2-Belinda-Bencic-titree-lors-dune-finale-a-sens-unique.png\",\"width\":800,\"height\":445,\"caption\":\"WTA Ad\u00e9la\u00efde 2 Belinda Bencic titr\u00e9e lors d'une finale \u00e0 sens unique\"},{\"@type\":\"BreadcrumbList\",\"@id\":\"https:\/\/dicodusport.fr\/blog\/wta-adelaide-2-belinda-bencic-titree-lors-dune-finale-a-sens-unique\/#breadcrumb\",\"itemListElement\":[{\"@type\":\"ListItem\",\"position\":1,\"name\":\"Accueil\",\"item\":\"https:\/\/dicodusport.fr\/blog\/\"},{\"@type\":\"ListItem\",\"position\":2,\"name\":\"WTA Ad\u00e9la\u00efde 2 : Belinda Bencic titr\u00e9e lors d&rsquo;une finale \u00e0 sens unique\"}]},{\"@type\":\"WebSite\",\"@id\":\"https:\/\/dicodusport.fr\/blog\/#website\",\"url\":\"https:\/\/dicodusport.fr\/blog\/\",\"name\":\"Dicodusport\",\"description\":\"L&#039;encyclop\u00e9die de l&#039;actualit\u00e9 sportive\",\"publisher\":{\"@id\":\"https:\/\/dicodusport.fr\/blog\/#organization\"},\"potentialAction\":[{\"@type\":\"SearchAction\",\"target\":{\"@type\":\"EntryPoint\",\"urlTemplate\":\"https:\/\/dicodusport.fr\/blog\/?s={search_term_string}\"},\"query-input\":{\"@type\":\"PropertyValueSpecification\",\"valueRequired\":true,\"valueName\":\"search_term_string\"}}],\"inLanguage\":\"fr-FR\"},{\"@type\":\"NewsMediaOrganization\",\"@id\":\"https:\/\/dicodusport.fr\/blog\/#organization\",\"name\":\"Dicodusport\",\"url\":\"https:\/\/dicodusport.fr\/blog\/\",\"logo\":{\"@type\":\"ImageObject\",\"inLanguage\":\"fr-FR\",\"@id\":\"https:\/\/dicodusport.fr\/blog\/#\/schema\/logo\/image\/\",\"url\":\"https:\/\/dicodusport.fr\/blog\/wp-content\/uploads\/2020\/06\/cropped-LOGO-DICODUSPORT-2020-SANS-FOND-SANS-TEXTE.png\",\"contentUrl\":\"https:\/\/dicodusport.fr\/blog\/wp-content\/uploads\/2020\/06\/cropped-LOGO-DICODUSPORT-2020-SANS-FOND-SANS-TEXTE.png\",\"width\":512,\"height\":512,\"caption\":\"Dicodusport\"},\"image\":{\"@id\":\"https:\/\/dicodusport.fr\/blog\/#\/schema\/logo\/image\/\"},\"sameAs\":[\"https:\/\/www.facebook.com\/dicodusport\",\"https:\/\/x.com\/dicodusport\",\"https:\/\/www.instagram.com\/dicodusport\/\",\"https:\/\/www.youtube.com\/channel\/UC7V2KZ5sd3htJivAbA4ZG3w\"],\"description\":\"Dicodusport est l'encyclop\u00e9die de l'actualit\u00e9 sportive.\",\"email\":\"bonjour@dicodusport.fr\",\"legalName\":\"DICODUSPORT\",\"foundingDate\":\"2018-01-14\",\"vatID\":\"FR71834470973\",\"taxID\":\"83447097300043\",\"numberOfEmployees\":{\"@type\":\"QuantitativeValue\",\"minValue\":\"1\",\"maxValue\":\"10\"}},{\"@type\":\"Person\",\"@id\":\"https:\/\/dicodusport.fr\/blog\/#\/schema\/person\/0eaf70b33d703a1a66b1155ac1bda018\",\"name\":\"Pierre Gorce\",\"image\":{\"@type\":\"ImageObject\",\"inLanguage\":\"fr-FR\",\"@id\":\"https:\/\/dicodusport.fr\/blog\/#\/schema\/person\/image\/\",\"url\":\"https:\/\/dicodusport.fr\/blog\/wp-content\/uploads\/2022\/03\/IMG_20211214_233053_722-150x150.jpg\",\"contentUrl\":\"https:\/\/dicodusport.fr\/blog\/wp-content\/uploads\/2022\/03\/IMG_20211214_233053_722-150x150.jpg\",\"caption\":\"Pierre Gorce\"},\"description\":\"Couteau suisse venant tout droit de Haute-Savoie. Habitu\u00e9 \u00e0 regarder du sport depuis petit, j'en ai maintenant fait mon m\u00e9tier. Des sports d'hiver au surf, en passant par le tennis, la F1, le handball et l'athl\u00e9tisme, j'essaie d'avoir mes yeux sur l'enti\u00e8ret\u00e9 de l'actualit\u00e9. Jeune homme berc\u00e9 par les exploits de Jean-Baptiste Grange, Sebastian Vettel et des Experts. Membre de la g\u00e9n\u00e9ration 1999 comme Luka Doncic, Sydney McLaughlin, Lando Norris et Loana Lecomte, mais avec beaucoup moins de talent qu'eux.\",\"sameAs\":[\"https:\/\/x.com\/https:\/\/twitter.com\/pierregorce12\"],\"birthDate\":\"1999-08-29\",\"url\":\"https:\/\/dicodusport.fr\/blog\/author\/pierreg\/\"}]}<\/script>\n<!-- \/ Yoast SEO Premium plugin. -->","yoast_head_json":{"title":"WTA Ad\u00e9la\u00efde 2 : Belinda Bencic titr\u00e9e lors d'une finale \u00e0 sens unique","description":"WTA 500 ADELA\u00cfDE - Belinda Bencic n'a laiss\u00e9 que des miettes \u00e0 une Daria Kasatkina f\u00e9brile d\u00e8s les premiers points, 6-0, 6-2","robots":{"index":"index","follow":"follow","max-snippet":"max-snippet:-1","max-image-preview":"max-image-preview:large","max-video-preview":"max-video-preview:-1"},"canonical":"https:\/\/dicodusport.fr\/blog\/wta-adelaide-2-belinda-bencic-titree-lors-dune-finale-a-sens-unique\/","og_locale":"fr_FR","og_type":"article","og_title":"WTA Ad\u00e9la\u00efde 2 : Belinda Bencic titr\u00e9e lors d'une finale \u00e0 sens unique","og_description":"WTA 500 ADELA\u00cfDE - Belinda Bencic n'a laiss\u00e9 que des miettes \u00e0 une Daria Kasatkina f\u00e9brile d\u00e8s les premiers points, 6-0, 6-2","og_url":"https:\/\/dicodusport.fr\/blog\/wta-adelaide-2-belinda-bencic-titree-lors-dune-finale-a-sens-unique\/","og_site_name":"Dicodusport","article_publisher":"https:\/\/www.facebook.com\/dicodusport","article_published_time":"2023-01-14T07:31:08+00:00","article_modified_time":"2023-01-14T08:35:09+00:00","og_image":[{"width":800,"height":445,"url":"https:\/\/dicodusport.fr\/blog\/wp-content\/uploads\/2023\/01\/WTA-Adelaide-2-Belinda-Bencic-titree-lors-dune-finale-a-sens-unique.png","type":"image\/png"}],"author":"Pierre Gorce","twitter_card":"summary_large_image","twitter_title":"WTA Ad\u00e9la\u00efde 2 : Belinda Bencic titr\u00e9e lors d'une finale \u00e0 sens unique","twitter_creator":"@https:\/\/twitter.com\/pierregorce12","twitter_site":"@dicodusport","schema":{"@context":"https:\/\/schema.org","@graph":[{"@type":"NewsArticle","@id":"https:\/\/dicodusport.fr\/blog\/wta-adelaide-2-belinda-bencic-titree-lors-dune-finale-a-sens-unique\/#article","isPartOf":{"@id":"https:\/\/dicodusport.fr\/blog\/wta-adelaide-2-belinda-bencic-titree-lors-dune-finale-a-sens-unique\/"},"author":{"name":"Pierre Gorce","@id":"https:\/\/dicodusport.fr\/blog\/#\/schema\/person\/0eaf70b33d703a1a66b1155ac1bda018"},"headline":"WTA Ad\u00e9la\u00efde 2 : Belinda Bencic titr\u00e9e lors d&rsquo;une finale \u00e0 sens unique","datePublished":"2023-01-14T07:31:08+00:00","dateModified":"2023-01-14T08:35:09+00:00","mainEntityOfPage":{"@id":"https:\/\/dicodusport.fr\/blog\/wta-adelaide-2-belinda-bencic-titree-lors-dune-finale-a-sens-unique\/"},"wordCount":431,"commentCount":0,"publisher":{"@id":"https:\/\/dicodusport.fr\/blog\/#organization"},"image":{"@id":"https:\/\/dicodusport.fr\/blog\/wta-adelaide-2-belinda-bencic-titree-lors-dune-finale-a-sens-unique\/#primaryimage"},"thumbnailUrl":"https:\/\/dicodusport.fr\/blog\/wp-content\/uploads\/2023\/01\/WTA-Adelaide-2-Belinda-Bencic-titree-lors-dune-finale-a-sens-unique.png","keywords":["Daria Kasatkina"],"articleSection":["Tennis"],"inLanguage":"fr-FR","potentialAction":[{"@type":"CommentAction","name":"Comment","target":["https:\/\/dicodusport.fr\/blog\/wta-adelaide-2-belinda-bencic-titree-lors-dune-finale-a-sens-unique\/#respond"]}],"copyrightYear":"2023","copyrightHolder":{"@id":"https:\/\/dicodusport.fr\/blog\/#organization"}},{"@type":"WebPage","@id":"https:\/\/dicodusport.fr\/blog\/wta-adelaide-2-belinda-bencic-titree-lors-dune-finale-a-sens-unique\/","url":"https:\/\/dicodusport.fr\/blog\/wta-adelaide-2-belinda-bencic-titree-lors-dune-finale-a-sens-unique\/","name":"WTA Ad\u00e9la\u00efde 2 : Belinda Bencic titr\u00e9e lors d'une finale \u00e0 sens unique","isPartOf":{"@id":"https:\/\/dicodusport.fr\/blog\/#website"},"primaryImageOfPage":{"@id":"https:\/\/dicodusport.fr\/blog\/wta-adelaide-2-belinda-bencic-titree-lors-dune-finale-a-sens-unique\/#primaryimage"},"image":{"@id":"https:\/\/dicodusport.fr\/blog\/wta-adelaide-2-belinda-bencic-titree-lors-dune-finale-a-sens-unique\/#primaryimage"},"thumbnailUrl":"https:\/\/dicodusport.fr\/blog\/wp-content\/uploads\/2023\/01\/WTA-Adelaide-2-Belinda-Bencic-titree-lors-dune-finale-a-sens-unique.png","datePublished":"2023-01-14T07:31:08+00:00","dateModified":"2023-01-14T08:35:09+00:00","description":"WTA 500 ADELA\u00cfDE - Belinda Bencic n'a laiss\u00e9 que des miettes \u00e0 une Daria Kasatkina f\u00e9brile d\u00e8s les premiers points, 6-0, 6-2","breadcrumb":{"@id":"https:\/\/dicodusport.fr\/blog\/wta-adelaide-2-belinda-bencic-titree-lors-dune-finale-a-sens-unique\/#breadcrumb"},"inLanguage":"fr-FR","potentialAction":[{"@type":"ReadAction","target":["https:\/\/dicodusport.fr\/blog\/wta-adelaide-2-belinda-bencic-titree-lors-dune-finale-a-sens-unique\/"]}]},{"@type":"ImageObject","inLanguage":"fr-FR","@id":"https:\/\/dicodusport.fr\/blog\/wta-adelaide-2-belinda-bencic-titree-lors-dune-finale-a-sens-unique\/#primaryimage","url":"https:\/\/dicodusport.fr\/blog\/wp-content\/uploads\/2023\/01\/WTA-Adelaide-2-Belinda-Bencic-titree-lors-dune-finale-a-sens-unique.png","contentUrl":"https:\/\/dicodusport.fr\/blog\/wp-content\/uploads\/2023\/01\/WTA-Adelaide-2-Belinda-Bencic-titree-lors-dune-finale-a-sens-unique.png","width":800,"height":445,"caption":"WTA Ad\u00e9la\u00efde 2 Belinda Bencic titr\u00e9e lors d'une finale \u00e0 sens unique"},{"@type":"BreadcrumbList","@id":"https:\/\/dicodusport.fr\/blog\/wta-adelaide-2-belinda-bencic-titree-lors-dune-finale-a-sens-unique\/#breadcrumb","itemListElement":[{"@type":"ListItem","position":1,"name":"Accueil","item":"https:\/\/dicodusport.fr\/blog\/"},{"@type":"ListItem","position":2,"name":"WTA Ad\u00e9la\u00efde 2 : Belinda Bencic titr\u00e9e lors d&rsquo;une finale \u00e0 sens unique"}]},{"@type":"WebSite","@id":"https:\/\/dicodusport.fr\/blog\/#website","url":"https:\/\/dicodusport.fr\/blog\/","name":"Dicodusport","description":"L&#039;encyclop\u00e9die de l&#039;actualit\u00e9 sportive","publisher":{"@id":"https:\/\/dicodusport.fr\/blog\/#organization"},"potentialAction":[{"@type":"SearchAction","target":{"@type":"EntryPoint","urlTemplate":"https:\/\/dicodusport.fr\/blog\/?s={search_term_string}"},"query-input":{"@type":"PropertyValueSpecification","valueRequired":true,"valueName":"search_term_string"}}],"inLanguage":"fr-FR"},{"@type":"NewsMediaOrganization","@id":"https:\/\/dicodusport.fr\/blog\/#organization","name":"Dicodusport","url":"https:\/\/dicodusport.fr\/blog\/","logo":{"@type":"ImageObject","inLanguage":"fr-FR","@id":"https:\/\/dicodusport.fr\/blog\/#\/schema\/logo\/image\/","url":"https:\/\/dicodusport.fr\/blog\/wp-content\/uploads\/2020\/06\/cropped-LOGO-DICODUSPORT-2020-SANS-FOND-SANS-TEXTE.png","contentUrl":"https:\/\/dicodusport.fr\/blog\/wp-content\/uploads\/2020\/06\/cropped-LOGO-DICODUSPORT-2020-SANS-FOND-SANS-TEXTE.png","width":512,"height":512,"caption":"Dicodusport"},"image":{"@id":"https:\/\/dicodusport.fr\/blog\/#\/schema\/logo\/image\/"},"sameAs":["https:\/\/www.facebook.com\/dicodusport","https:\/\/x.com\/dicodusport","https:\/\/www.instagram.com\/dicodusport\/","https:\/\/www.youtube.com\/channel\/UC7V2KZ5sd3htJivAbA4ZG3w"],"description":"Dicodusport est l'encyclop\u00e9die de l'actualit\u00e9 sportive.","email":"bonjour@dicodusport.fr","legalName":"DICODUSPORT","foundingDate":"2018-01-14","vatID":"FR71834470973","taxID":"83447097300043","numberOfEmployees":{"@type":"QuantitativeValue","minValue":"1","maxValue":"10"}},{"@type":"Person","@id":"https:\/\/dicodusport.fr\/blog\/#\/schema\/person\/0eaf70b33d703a1a66b1155ac1bda018","name":"Pierre Gorce","image":{"@type":"ImageObject","inLanguage":"fr-FR","@id":"https:\/\/dicodusport.fr\/blog\/#\/schema\/person\/image\/","url":"https:\/\/dicodusport.fr\/blog\/wp-content\/uploads\/2022\/03\/IMG_20211214_233053_722-150x150.jpg","contentUrl":"https:\/\/dicodusport.fr\/blog\/wp-content\/uploads\/2022\/03\/IMG_20211214_233053_722-150x150.jpg","caption":"Pierre Gorce"},"description":"Couteau suisse venant tout droit de Haute-Savoie. Habitu\u00e9 \u00e0 regarder du sport depuis petit, j'en ai maintenant fait mon m\u00e9tier. Des sports d'hiver au surf, en passant par le tennis, la F1, le handball et l'athl\u00e9tisme, j'essaie d'avoir mes yeux sur l'enti\u00e8ret\u00e9 de l'actualit\u00e9. Jeune homme berc\u00e9 par les exploits de Jean-Baptiste Grange, Sebastian Vettel et des Experts. Membre de la g\u00e9n\u00e9ration 1999 comme Luka Doncic, Sydney McLaughlin, Lando Norris et Loana Lecomte, mais avec beaucoup moins de talent qu'eux.","sameAs":["https:\/\/x.com\/https:\/\/twitter.com\/pierregorce12"],"birthDate":"1999-08-29","url":"https:\/\/dicodusport.fr\/blog\/author\/pierreg\/"}]}},"_links":{"self":[{"href":"https:\/\/dicodusport.fr\/blog\/wp-json\/wp\/v2\/posts\/344321","targetHints":{"allow":["GET"]}}],"collection":[{"href":"https:\/\/dicodusport.fr\/blog\/wp-json\/wp\/v2\/posts"}],"about":[{"href":"https:\/\/dicodusport.fr\/blog\/wp-json\/wp\/v2\/types\/post"}],"author":[{"embeddable":true,"href":"https:\/\/dicodusport.fr\/blog\/wp-json\/wp\/v2\/users\/61"}],"replies":[{"embeddable":true,"href":"https:\/\/dicodusport.fr\/blog\/wp-json\/wp\/v2\/comments?post=344321"}],"version-history":[{"count":0,"href":"https:\/\/dicodusport.fr\/blog\/wp-json\/wp\/v2\/posts\/344321\/revisions"}],"wp:featuredmedia":[{"embeddable":true,"href":"https:\/\/dicodusport.fr\/blog\/wp-json\/wp\/v2\/media\/344350"}],"wp:attachment":[{"href":"https:\/\/dicodusport.fr\/blog\/wp-json\/wp\/v2\/media?parent=344321"}],"wp:term":[{"taxonomy":"category","embeddable":true,"href":"https:\/\/dicodusport.fr\/blog\/wp-json\/wp\/v2\/categories?post=344321"},{"taxonomy":"post_tag","embeddable":true,"href":"https:\/\/dicodusport.fr\/blog\/wp-json\/wp\/v2\/tags?post=344321"}],"curies":[{"name":"wp","href":"https:\/\/api.w.org\/{rel}","templated":true}]}}