{"id":344380,"date":"2023-01-14T13:47:31","date_gmt":"2023-01-14T12:47:31","guid":{"rendered":"https:\/\/dicodusport.fr\/blog\/?p=344380&#038;preview=true&#038;preview_id=344380"},"modified":"2023-01-14T14:10:37","modified_gmt":"2023-01-14T13:10:37","slug":"descente-de-wengen-aleksander-aamodt-kilde-devance-marco-odermatt","status":"publish","type":"post","link":"https:\/\/dicodusport.fr\/blog\/descente-de-wengen-aleksander-aamodt-kilde-devance-marco-odermatt\/","title":{"rendered":"Descente de Wengen : Aleksander Aamodt Kilde devance Marco Odermatt"},"content":{"rendered":"<p style=\"text-align: justify;\"><b><i><a href=\"https:\/\/dicodusport.fr\/blog\/actualites\/sports-dhiver\/ski\/coupe-du-monde-ski-alpin-2022-2023\/\">COUPE DU MONDE DE SKI ALPIN 2022-2023<\/a> &#8211; D\u00e9j\u00e0 <a href=\"https:\/\/dicodusport.fr\/blog\/super-g-de-wengen-aleksander-aamodt-kilde-en-demonstration\/\">vainqueur du Super-G vendredi<\/a>, Aleksander Aamodt Kilde a remport\u00e9 la mythique descente de Wengen en Suisse ce samedi. Il a devanc\u00e9 le leader suisse de la Coupe du monde Marco Odermatt et l&rsquo;Italien Mattia Casse.\u00a0<\/i><\/b><b><i><br \/>\n<\/i><\/b><\/p>\n<h2 style=\"text-align: justify;\">Aleksander Aamodt Kilde surpuissant<\/h2>\n<p style=\"text-align: justify;\">Avec un d\u00e9part rabaiss\u00e9 \u00e0 cause du vent, <strong>Aleksander Aamodt Kilde<\/strong> a construit sa victoire sur les deux premi\u00e8res portions avec un passage \u00e0 plus de 107 km\/h dans l&rsquo;entr\u00e9e du S de Kernen. Le Norv\u00e9gien a sign\u00e9 un temps de 1 minute 43 secondes et 14 centi\u00e8mes sur la mythique piste du Lauberhorn.<\/p>\n<p style=\"text-align: justify;\">Son rival suisse <strong>Marco Odermatt<\/strong>\u00a0a fini deuxi\u00e8me \u00e0 88 centi\u00e8mes avec un petite frayeur sur la Minschkante et la quatri\u00e8me vitesse de la Hanneggschuss. <strong>Kilde<\/strong> a sign\u00e9 sa quatri\u00e8me victoire en six descentes cette saison et a confort\u00e9 son dossard rouge avec 120 points d&rsquo;avance sur Odermatt.<\/p>\n<blockquote class=\"twitter-tweet\">\n<p dir=\"ltr\" lang=\"fr\">Le saut ? 36 m\u00e8tres. L&rsquo;arriv\u00e9e ? Une seconde d&rsquo;avance : \ud835\udc00\ud835\udc25\ud835\udc1e\ud835\udc24\ud835\udc2c\ud835\udc1a\ud835\udc27\ud835\udc1d\ud835\udc1e\ud835\udc2b \ud835\udc00\ud835\udc1a\ud835\udc26\ud835\udc28\ud835\udc1d\ud835\udc2d \ud835\udc0a\ud835\udc22\ud835\udc25\ud835\udc1d\ud835\udc1e dans ses oeuvres (et bien parti pour faire le doubl\u00e9) \ud83d\udc4f <a href=\"https:\/\/twitter.com\/hashtag\/ChaletClub?src=hash&amp;ref_src=twsrc%5Etfw\">#ChaletClub<\/a> <a href=\"https:\/\/t.co\/NQVtkosOyy\">pic.twitter.com\/NQVtkosOyy<\/a><\/p>\n<p>\u2014 Eurosport France (@Eurosport_FR) <a href=\"https:\/\/twitter.com\/Eurosport_FR\/status\/1614228181736722434?ref_src=twsrc%5Etfw\">January 14, 2023<\/a><\/p><\/blockquote>\n<p><script async src=\"https:\/\/platform.twitter.com\/widgets.js\" charset=\"utf-8\"><\/script><\/p>\n<p style=\"text-align: justify;\">Ensuite, <strong>Mattia Casse<\/strong> a compl\u00e9t\u00e9 le podium \u00e0 1 seconde et 1 centi\u00e8me, avec un excellent haut, devant <strong>Vincent Kriechmayr,<\/strong>\u00a0quatri\u00e8me \u00e0 1.15 et le futur retrait\u00e9 <strong>Beat Feuz,<\/strong>\u00a0cinqui\u00e8me \u00e0 1.25. Casse est mont\u00e9 sur son deuxi\u00e8me podium apr\u00e8s la seconde descente de Val Gardena. Pour sa premi\u00e8re descente en Coupe du monde avec le dossard 31, le technicien <strong>Marco Schwarz<\/strong> a pris une superbe sixi\u00e8me place \u00e0 1.29 avec le deuxi\u00e8me temps de la derni\u00e8re section.<\/p>\n<h2 style=\"text-align: justify;\">Des Bleus dans le dur<\/h2>\n<p style=\"text-align: justify;\">Du c\u00f4t\u00e9 du clan fran\u00e7ais, <strong>Maxence Muzaton<\/strong> a fait sa meilleure descente de la saison avec le 11e temps \u00e0 \u00e9galit\u00e9 avec <strong>Matteo Marsiglia<\/strong>. Puis, <strong>Adrien Th\u00e9aux<\/strong> a r\u00e9alis\u00e9 une descente r\u00e9guli\u00e8re mais un peu en-dedans en c\u00e9dant 2.05 au 17e rang. Apr\u00e8s un d\u00e9but de course difficile, <strong>Nils All\u00e8gre<\/strong> a fini sa course de meilleure mani\u00e8re, en 19e position \u00e0 2.18. Par la suite, <strong>Blaise Griezendanner<\/strong> a perdu trop de temps dans le passage du chemin pour perdre 3.25 au final. Enfin, <strong>Cyprien Sarrazin<\/strong> a chut\u00e9 dans le S Kernen.<\/p>\n<h2 style=\"text-align: justify;\">\u00c0 lire aussi<\/h2>\n<ul>\n<li style=\"text-align: justify;\"><a href=\"https:\/\/dicodusport.fr\/blog\/classement-descente-hommes-wengen-2023\/\"><strong>Le classement de la descente de Wengen<\/strong><\/a><\/li>\n<li style=\"text-align: justify;\"><a href=\"https:\/\/dicodusport.fr\/blog\/classement-general-hommes-coupe-du-monde-ski-alpin-2022-2023\/\" target=\"_blank\" rel=\"noopener\"><strong>Le classement g\u00e9n\u00e9ral de la Coupe du monde<\/strong><\/a><\/li>\n<\/ul>\n","protected":false},"excerpt":{"rendered":"<p>COUPE DU MONDE DE SKI ALPIN 2022-2023 &#8211; D\u00e9j\u00e0 vainqueur du Super-G vendredi, Aleksander Aamodt Kilde a remport\u00e9 la mythique descente de Wengen en Suisse ce samedi. Il a devanc\u00e9 Marco Odermatt et Mattia Casse.\u00a0<\/p>\n","protected":false},"author":48,"featured_media":344555,"comment_status":"open","ping_status":"closed","sticky":false,"template":"","format":"standard","meta":{"_acf_changed":false,"_daextam_enable_autolinks":"","footnotes":""},"categories":[47084],"tags":[21237,15042,2233,24],"class_list":["post-344380","post","type-post","status-publish","format-standard","has-post-thumbnail","hentry","category-coupe-du-monde-ski-alpin","tag-descente-wengen","tag-marco-odermatt","tag-ski-alpin","tag-sport"],"acf":[],"yoast_head":"<!-- This site is optimized with the Yoast SEO Premium plugin v26.7 (Yoast SEO v26.7) - https:\/\/yoast.com\/wordpress\/plugins\/seo\/ -->\n<title>Descente de Wengen : Aleksander Aamodt Kilde devance Marco Odermatt<\/title>\n<meta name=\"description\" content=\"COUPE DU MONDE DE SKI ALPIN - D\u00e9j\u00e0 vainqueur du Super-G vendredi, Aleksander Aamodt Kilde a remport\u00e9 la descente de Wengen ce samedi.\" \/>\n<meta name=\"robots\" content=\"index, follow, max-snippet:-1, max-image-preview:large, max-video-preview:-1\" \/>\n<link rel=\"canonical\" href=\"https:\/\/dicodusport.fr\/blog\/descente-de-wengen-aleksander-aamodt-kilde-devance-marco-odermatt\/\" \/>\n<meta property=\"og:locale\" content=\"fr_FR\" \/>\n<meta property=\"og:type\" content=\"article\" \/>\n<meta property=\"og:title\" content=\"Descente de Wengen : Aleksander Aamodt Kilde devance Marco Odermatt\" \/>\n<meta property=\"og:description\" content=\"COUPE DU MONDE DE SKI ALPIN - D\u00e9j\u00e0 vainqueur du Super-G vendredi, Aleksander Aamodt Kilde a remport\u00e9 la descente de Wengen ce samedi.\" \/>\n<meta property=\"og:url\" content=\"https:\/\/dicodusport.fr\/blog\/descente-de-wengen-aleksander-aamodt-kilde-devance-marco-odermatt\/\" \/>\n<meta property=\"og:site_name\" content=\"Dicodusport\" \/>\n<meta property=\"article:publisher\" content=\"https:\/\/www.facebook.com\/dicodusport\" \/>\n<meta property=\"article:author\" content=\"https:\/\/www.facebook.com\/groups\/LesRoisDuPeloton\" \/>\n<meta property=\"article:published_time\" content=\"2023-01-14T12:47:31+00:00\" \/>\n<meta property=\"article:modified_time\" content=\"2023-01-14T13:10:37+00:00\" \/>\n<meta property=\"og:image\" content=\"https:\/\/dicodusport.fr\/blog\/wp-content\/uploads\/2023\/01\/Descente-de-Wengen-Aleksander-Aamodt-Kilde-devance-Marco-Odermatt.png\" \/>\n\t<meta property=\"og:image:width\" content=\"800\" \/>\n\t<meta property=\"og:image:height\" content=\"445\" \/>\n\t<meta property=\"og:image:type\" content=\"image\/png\" \/>\n<meta name=\"author\" content=\"Emilien Descampiaux\" \/>\n<meta name=\"twitter:card\" content=\"summary_large_image\" \/>\n<meta name=\"twitter:title\" content=\"Descente de Wengen : Aleksander Aamodt Kilde devance Marco Odermatt\" \/>\n<meta name=\"twitter:creator\" content=\"@https:\/\/twitter.com\/LRoisDuPeloton\" \/>\n<meta name=\"twitter:site\" content=\"@dicodusport\" \/>\n<script type=\"application\/ld+json\" class=\"yoast-schema-graph\">{\"@context\":\"https:\/\/schema.org\",\"@graph\":[{\"@type\":\"NewsArticle\",\"@id\":\"https:\/\/dicodusport.fr\/blog\/descente-de-wengen-aleksander-aamodt-kilde-devance-marco-odermatt\/#article\",\"isPartOf\":{\"@id\":\"https:\/\/dicodusport.fr\/blog\/descente-de-wengen-aleksander-aamodt-kilde-devance-marco-odermatt\/\"},\"author\":{\"name\":\"Emilien Descampiaux\",\"@id\":\"https:\/\/dicodusport.fr\/blog\/#\/schema\/person\/6db4bae06b171592211be385b32876a7\"},\"headline\":\"Descente de Wengen : Aleksander Aamodt Kilde devance Marco Odermatt\",\"datePublished\":\"2023-01-14T12:47:31+00:00\",\"dateModified\":\"2023-01-14T13:10:37+00:00\",\"mainEntityOfPage\":{\"@id\":\"https:\/\/dicodusport.fr\/blog\/descente-de-wengen-aleksander-aamodt-kilde-devance-marco-odermatt\/\"},\"wordCount\":394,\"commentCount\":0,\"publisher\":{\"@id\":\"https:\/\/dicodusport.fr\/blog\/#organization\"},\"image\":{\"@id\":\"https:\/\/dicodusport.fr\/blog\/descente-de-wengen-aleksander-aamodt-kilde-devance-marco-odermatt\/#primaryimage\"},\"thumbnailUrl\":\"https:\/\/dicodusport.fr\/blog\/wp-content\/uploads\/2023\/01\/Descente-de-Wengen-Aleksander-Aamodt-Kilde-devance-Marco-Odermatt.png\",\"keywords\":[\"Descente Wengen\",\"Marco Odermatt\",\"Ski alpin\",\"sport\"],\"articleSection\":[\"Coupe du monde de ski alpin\"],\"inLanguage\":\"fr-FR\",\"potentialAction\":[{\"@type\":\"CommentAction\",\"name\":\"Comment\",\"target\":[\"https:\/\/dicodusport.fr\/blog\/descente-de-wengen-aleksander-aamodt-kilde-devance-marco-odermatt\/#respond\"]}],\"copyrightYear\":\"2023\",\"copyrightHolder\":{\"@id\":\"https:\/\/dicodusport.fr\/blog\/#organization\"}},{\"@type\":\"WebPage\",\"@id\":\"https:\/\/dicodusport.fr\/blog\/descente-de-wengen-aleksander-aamodt-kilde-devance-marco-odermatt\/\",\"url\":\"https:\/\/dicodusport.fr\/blog\/descente-de-wengen-aleksander-aamodt-kilde-devance-marco-odermatt\/\",\"name\":\"Descente de Wengen : Aleksander Aamodt Kilde devance Marco Odermatt\",\"isPartOf\":{\"@id\":\"https:\/\/dicodusport.fr\/blog\/#website\"},\"primaryImageOfPage\":{\"@id\":\"https:\/\/dicodusport.fr\/blog\/descente-de-wengen-aleksander-aamodt-kilde-devance-marco-odermatt\/#primaryimage\"},\"image\":{\"@id\":\"https:\/\/dicodusport.fr\/blog\/descente-de-wengen-aleksander-aamodt-kilde-devance-marco-odermatt\/#primaryimage\"},\"thumbnailUrl\":\"https:\/\/dicodusport.fr\/blog\/wp-content\/uploads\/2023\/01\/Descente-de-Wengen-Aleksander-Aamodt-Kilde-devance-Marco-Odermatt.png\",\"datePublished\":\"2023-01-14T12:47:31+00:00\",\"dateModified\":\"2023-01-14T13:10:37+00:00\",\"description\":\"COUPE DU MONDE DE SKI ALPIN - D\u00e9j\u00e0 vainqueur du Super-G vendredi, Aleksander Aamodt Kilde a remport\u00e9 la descente de Wengen ce samedi.\",\"breadcrumb\":{\"@id\":\"https:\/\/dicodusport.fr\/blog\/descente-de-wengen-aleksander-aamodt-kilde-devance-marco-odermatt\/#breadcrumb\"},\"inLanguage\":\"fr-FR\",\"potentialAction\":[{\"@type\":\"ReadAction\",\"target\":[\"https:\/\/dicodusport.fr\/blog\/descente-de-wengen-aleksander-aamodt-kilde-devance-marco-odermatt\/\"]}]},{\"@type\":\"ImageObject\",\"inLanguage\":\"fr-FR\",\"@id\":\"https:\/\/dicodusport.fr\/blog\/descente-de-wengen-aleksander-aamodt-kilde-devance-marco-odermatt\/#primaryimage\",\"url\":\"https:\/\/dicodusport.fr\/blog\/wp-content\/uploads\/2023\/01\/Descente-de-Wengen-Aleksander-Aamodt-Kilde-devance-Marco-Odermatt.png\",\"contentUrl\":\"https:\/\/dicodusport.fr\/blog\/wp-content\/uploads\/2023\/01\/Descente-de-Wengen-Aleksander-Aamodt-Kilde-devance-Marco-Odermatt.png\",\"width\":800,\"height\":445,\"caption\":\"Descente de Wengen Aleksander Aamodt Kilde devance Marco Odermatt\"},{\"@type\":\"BreadcrumbList\",\"@id\":\"https:\/\/dicodusport.fr\/blog\/descente-de-wengen-aleksander-aamodt-kilde-devance-marco-odermatt\/#breadcrumb\",\"itemListElement\":[{\"@type\":\"ListItem\",\"position\":1,\"name\":\"Accueil\",\"item\":\"https:\/\/dicodusport.fr\/blog\/\"},{\"@type\":\"ListItem\",\"position\":2,\"name\":\"Descente de Wengen : Aleksander Aamodt Kilde devance Marco Odermatt\"}]},{\"@type\":\"WebSite\",\"@id\":\"https:\/\/dicodusport.fr\/blog\/#website\",\"url\":\"https:\/\/dicodusport.fr\/blog\/\",\"name\":\"Dicodusport\",\"description\":\"L&#039;encyclop\u00e9die de l&#039;actualit\u00e9 sportive\",\"publisher\":{\"@id\":\"https:\/\/dicodusport.fr\/blog\/#organization\"},\"potentialAction\":[{\"@type\":\"SearchAction\",\"target\":{\"@type\":\"EntryPoint\",\"urlTemplate\":\"https:\/\/dicodusport.fr\/blog\/?s={search_term_string}\"},\"query-input\":{\"@type\":\"PropertyValueSpecification\",\"valueRequired\":true,\"valueName\":\"search_term_string\"}}],\"inLanguage\":\"fr-FR\"},{\"@type\":\"NewsMediaOrganization\",\"@id\":\"https:\/\/dicodusport.fr\/blog\/#organization\",\"name\":\"Dicodusport\",\"url\":\"https:\/\/dicodusport.fr\/blog\/\",\"logo\":{\"@type\":\"ImageObject\",\"inLanguage\":\"fr-FR\",\"@id\":\"https:\/\/dicodusport.fr\/blog\/#\/schema\/logo\/image\/\",\"url\":\"https:\/\/dicodusport.fr\/blog\/wp-content\/uploads\/2020\/06\/cropped-LOGO-DICODUSPORT-2020-SANS-FOND-SANS-TEXTE.png\",\"contentUrl\":\"https:\/\/dicodusport.fr\/blog\/wp-content\/uploads\/2020\/06\/cropped-LOGO-DICODUSPORT-2020-SANS-FOND-SANS-TEXTE.png\",\"width\":512,\"height\":512,\"caption\":\"Dicodusport\"},\"image\":{\"@id\":\"https:\/\/dicodusport.fr\/blog\/#\/schema\/logo\/image\/\"},\"sameAs\":[\"https:\/\/www.facebook.com\/dicodusport\",\"https:\/\/x.com\/dicodusport\",\"https:\/\/www.instagram.com\/dicodusport\/\",\"https:\/\/www.youtube.com\/channel\/UC7V2KZ5sd3htJivAbA4ZG3w\"],\"description\":\"Dicodusport est l'encyclop\u00e9die de l'actualit\u00e9 sportive.\",\"email\":\"bonjour@dicodusport.fr\",\"legalName\":\"DICODUSPORT\",\"foundingDate\":\"2018-01-14\",\"vatID\":\"FR71834470973\",\"taxID\":\"83447097300043\",\"numberOfEmployees\":{\"@type\":\"QuantitativeValue\",\"minValue\":\"1\",\"maxValue\":\"10\"}},{\"@type\":\"Person\",\"@id\":\"https:\/\/dicodusport.fr\/blog\/#\/schema\/person\/6db4bae06b171592211be385b32876a7\",\"name\":\"Emilien Descampiaux\",\"image\":{\"@type\":\"ImageObject\",\"inLanguage\":\"fr-FR\",\"@id\":\"https:\/\/dicodusport.fr\/blog\/#\/schema\/person\/image\/\",\"url\":\"https:\/\/dicodusport.fr\/blog\/wp-content\/uploads\/2021\/05\/Emilien-Descampiaux-150x150.jpg\",\"contentUrl\":\"https:\/\/dicodusport.fr\/blog\/wp-content\/uploads\/2021\/05\/Emilien-Descampiaux-150x150.jpg\",\"caption\":\"Emilien Descampiaux\"},\"description\":\"Journaliste\/r\u00e9dacteur depuis 2014 - Fan de la classe de Frank Vandenbroucke, je vis cyclisme (et de ses paysages) depuis plus de 20 ans. Je suis tr\u00e8s impliqu\u00e9 sur mes diff\u00e9rents r\u00e9seaux sociaux pour partager ma passion sur le monde et l'Histoire de la bicyclette avec ma voix sur les images en noir et blanc du succ\u00e8s de Rik Van Steenbergen lors du Ronde sur le V\u00e9lodrome de Gand.\",\"sameAs\":[\"https:\/\/www.facebook.com\/groups\/LesRoisDuPeloton\",\"https:\/\/x.com\/https:\/\/twitter.com\/LRoisDuPeloton\"],\"url\":\"https:\/\/dicodusport.fr\/blog\/author\/emiliend\/\"}]}<\/script>\n<!-- \/ Yoast SEO Premium plugin. -->","yoast_head_json":{"title":"Descente de Wengen : Aleksander Aamodt Kilde devance Marco Odermatt","description":"COUPE DU MONDE DE SKI ALPIN - D\u00e9j\u00e0 vainqueur du Super-G vendredi, Aleksander Aamodt Kilde a remport\u00e9 la descente de Wengen ce samedi.","robots":{"index":"index","follow":"follow","max-snippet":"max-snippet:-1","max-image-preview":"max-image-preview:large","max-video-preview":"max-video-preview:-1"},"canonical":"https:\/\/dicodusport.fr\/blog\/descente-de-wengen-aleksander-aamodt-kilde-devance-marco-odermatt\/","og_locale":"fr_FR","og_type":"article","og_title":"Descente de Wengen : Aleksander Aamodt Kilde devance Marco Odermatt","og_description":"COUPE DU MONDE DE SKI ALPIN - D\u00e9j\u00e0 vainqueur du Super-G vendredi, Aleksander Aamodt Kilde a remport\u00e9 la descente de Wengen ce samedi.","og_url":"https:\/\/dicodusport.fr\/blog\/descente-de-wengen-aleksander-aamodt-kilde-devance-marco-odermatt\/","og_site_name":"Dicodusport","article_publisher":"https:\/\/www.facebook.com\/dicodusport","article_author":"https:\/\/www.facebook.com\/groups\/LesRoisDuPeloton","article_published_time":"2023-01-14T12:47:31+00:00","article_modified_time":"2023-01-14T13:10:37+00:00","og_image":[{"width":800,"height":445,"url":"https:\/\/dicodusport.fr\/blog\/wp-content\/uploads\/2023\/01\/Descente-de-Wengen-Aleksander-Aamodt-Kilde-devance-Marco-Odermatt.png","type":"image\/png"}],"author":"Emilien Descampiaux","twitter_card":"summary_large_image","twitter_title":"Descente de Wengen : Aleksander Aamodt Kilde devance Marco Odermatt","twitter_creator":"@https:\/\/twitter.com\/LRoisDuPeloton","twitter_site":"@dicodusport","schema":{"@context":"https:\/\/schema.org","@graph":[{"@type":"NewsArticle","@id":"https:\/\/dicodusport.fr\/blog\/descente-de-wengen-aleksander-aamodt-kilde-devance-marco-odermatt\/#article","isPartOf":{"@id":"https:\/\/dicodusport.fr\/blog\/descente-de-wengen-aleksander-aamodt-kilde-devance-marco-odermatt\/"},"author":{"name":"Emilien Descampiaux","@id":"https:\/\/dicodusport.fr\/blog\/#\/schema\/person\/6db4bae06b171592211be385b32876a7"},"headline":"Descente de Wengen : Aleksander Aamodt Kilde devance Marco Odermatt","datePublished":"2023-01-14T12:47:31+00:00","dateModified":"2023-01-14T13:10:37+00:00","mainEntityOfPage":{"@id":"https:\/\/dicodusport.fr\/blog\/descente-de-wengen-aleksander-aamodt-kilde-devance-marco-odermatt\/"},"wordCount":394,"commentCount":0,"publisher":{"@id":"https:\/\/dicodusport.fr\/blog\/#organization"},"image":{"@id":"https:\/\/dicodusport.fr\/blog\/descente-de-wengen-aleksander-aamodt-kilde-devance-marco-odermatt\/#primaryimage"},"thumbnailUrl":"https:\/\/dicodusport.fr\/blog\/wp-content\/uploads\/2023\/01\/Descente-de-Wengen-Aleksander-Aamodt-Kilde-devance-Marco-Odermatt.png","keywords":["Descente Wengen","Marco Odermatt","Ski alpin","sport"],"articleSection":["Coupe du monde de ski alpin"],"inLanguage":"fr-FR","potentialAction":[{"@type":"CommentAction","name":"Comment","target":["https:\/\/dicodusport.fr\/blog\/descente-de-wengen-aleksander-aamodt-kilde-devance-marco-odermatt\/#respond"]}],"copyrightYear":"2023","copyrightHolder":{"@id":"https:\/\/dicodusport.fr\/blog\/#organization"}},{"@type":"WebPage","@id":"https:\/\/dicodusport.fr\/blog\/descente-de-wengen-aleksander-aamodt-kilde-devance-marco-odermatt\/","url":"https:\/\/dicodusport.fr\/blog\/descente-de-wengen-aleksander-aamodt-kilde-devance-marco-odermatt\/","name":"Descente de Wengen : Aleksander Aamodt Kilde devance Marco Odermatt","isPartOf":{"@id":"https:\/\/dicodusport.fr\/blog\/#website"},"primaryImageOfPage":{"@id":"https:\/\/dicodusport.fr\/blog\/descente-de-wengen-aleksander-aamodt-kilde-devance-marco-odermatt\/#primaryimage"},"image":{"@id":"https:\/\/dicodusport.fr\/blog\/descente-de-wengen-aleksander-aamodt-kilde-devance-marco-odermatt\/#primaryimage"},"thumbnailUrl":"https:\/\/dicodusport.fr\/blog\/wp-content\/uploads\/2023\/01\/Descente-de-Wengen-Aleksander-Aamodt-Kilde-devance-Marco-Odermatt.png","datePublished":"2023-01-14T12:47:31+00:00","dateModified":"2023-01-14T13:10:37+00:00","description":"COUPE DU MONDE DE SKI ALPIN - D\u00e9j\u00e0 vainqueur du Super-G vendredi, Aleksander Aamodt Kilde a remport\u00e9 la descente de Wengen ce samedi.","breadcrumb":{"@id":"https:\/\/dicodusport.fr\/blog\/descente-de-wengen-aleksander-aamodt-kilde-devance-marco-odermatt\/#breadcrumb"},"inLanguage":"fr-FR","potentialAction":[{"@type":"ReadAction","target":["https:\/\/dicodusport.fr\/blog\/descente-de-wengen-aleksander-aamodt-kilde-devance-marco-odermatt\/"]}]},{"@type":"ImageObject","inLanguage":"fr-FR","@id":"https:\/\/dicodusport.fr\/blog\/descente-de-wengen-aleksander-aamodt-kilde-devance-marco-odermatt\/#primaryimage","url":"https:\/\/dicodusport.fr\/blog\/wp-content\/uploads\/2023\/01\/Descente-de-Wengen-Aleksander-Aamodt-Kilde-devance-Marco-Odermatt.png","contentUrl":"https:\/\/dicodusport.fr\/blog\/wp-content\/uploads\/2023\/01\/Descente-de-Wengen-Aleksander-Aamodt-Kilde-devance-Marco-Odermatt.png","width":800,"height":445,"caption":"Descente de Wengen Aleksander Aamodt Kilde devance Marco Odermatt"},{"@type":"BreadcrumbList","@id":"https:\/\/dicodusport.fr\/blog\/descente-de-wengen-aleksander-aamodt-kilde-devance-marco-odermatt\/#breadcrumb","itemListElement":[{"@type":"ListItem","position":1,"name":"Accueil","item":"https:\/\/dicodusport.fr\/blog\/"},{"@type":"ListItem","position":2,"name":"Descente de Wengen : Aleksander Aamodt Kilde devance Marco Odermatt"}]},{"@type":"WebSite","@id":"https:\/\/dicodusport.fr\/blog\/#website","url":"https:\/\/dicodusport.fr\/blog\/","name":"Dicodusport","description":"L&#039;encyclop\u00e9die de l&#039;actualit\u00e9 sportive","publisher":{"@id":"https:\/\/dicodusport.fr\/blog\/#organization"},"potentialAction":[{"@type":"SearchAction","target":{"@type":"EntryPoint","urlTemplate":"https:\/\/dicodusport.fr\/blog\/?s={search_term_string}"},"query-input":{"@type":"PropertyValueSpecification","valueRequired":true,"valueName":"search_term_string"}}],"inLanguage":"fr-FR"},{"@type":"NewsMediaOrganization","@id":"https:\/\/dicodusport.fr\/blog\/#organization","name":"Dicodusport","url":"https:\/\/dicodusport.fr\/blog\/","logo":{"@type":"ImageObject","inLanguage":"fr-FR","@id":"https:\/\/dicodusport.fr\/blog\/#\/schema\/logo\/image\/","url":"https:\/\/dicodusport.fr\/blog\/wp-content\/uploads\/2020\/06\/cropped-LOGO-DICODUSPORT-2020-SANS-FOND-SANS-TEXTE.png","contentUrl":"https:\/\/dicodusport.fr\/blog\/wp-content\/uploads\/2020\/06\/cropped-LOGO-DICODUSPORT-2020-SANS-FOND-SANS-TEXTE.png","width":512,"height":512,"caption":"Dicodusport"},"image":{"@id":"https:\/\/dicodusport.fr\/blog\/#\/schema\/logo\/image\/"},"sameAs":["https:\/\/www.facebook.com\/dicodusport","https:\/\/x.com\/dicodusport","https:\/\/www.instagram.com\/dicodusport\/","https:\/\/www.youtube.com\/channel\/UC7V2KZ5sd3htJivAbA4ZG3w"],"description":"Dicodusport est l'encyclop\u00e9die de l'actualit\u00e9 sportive.","email":"bonjour@dicodusport.fr","legalName":"DICODUSPORT","foundingDate":"2018-01-14","vatID":"FR71834470973","taxID":"83447097300043","numberOfEmployees":{"@type":"QuantitativeValue","minValue":"1","maxValue":"10"}},{"@type":"Person","@id":"https:\/\/dicodusport.fr\/blog\/#\/schema\/person\/6db4bae06b171592211be385b32876a7","name":"Emilien Descampiaux","image":{"@type":"ImageObject","inLanguage":"fr-FR","@id":"https:\/\/dicodusport.fr\/blog\/#\/schema\/person\/image\/","url":"https:\/\/dicodusport.fr\/blog\/wp-content\/uploads\/2021\/05\/Emilien-Descampiaux-150x150.jpg","contentUrl":"https:\/\/dicodusport.fr\/blog\/wp-content\/uploads\/2021\/05\/Emilien-Descampiaux-150x150.jpg","caption":"Emilien Descampiaux"},"description":"Journaliste\/r\u00e9dacteur depuis 2014 - Fan de la classe de Frank Vandenbroucke, je vis cyclisme (et de ses paysages) depuis plus de 20 ans. Je suis tr\u00e8s impliqu\u00e9 sur mes diff\u00e9rents r\u00e9seaux sociaux pour partager ma passion sur le monde et l'Histoire de la bicyclette avec ma voix sur les images en noir et blanc du succ\u00e8s de Rik Van Steenbergen lors du Ronde sur le V\u00e9lodrome de Gand.","sameAs":["https:\/\/www.facebook.com\/groups\/LesRoisDuPeloton","https:\/\/x.com\/https:\/\/twitter.com\/LRoisDuPeloton"],"url":"https:\/\/dicodusport.fr\/blog\/author\/emiliend\/"}]}},"_links":{"self":[{"href":"https:\/\/dicodusport.fr\/blog\/wp-json\/wp\/v2\/posts\/344380","targetHints":{"allow":["GET"]}}],"collection":[{"href":"https:\/\/dicodusport.fr\/blog\/wp-json\/wp\/v2\/posts"}],"about":[{"href":"https:\/\/dicodusport.fr\/blog\/wp-json\/wp\/v2\/types\/post"}],"author":[{"embeddable":true,"href":"https:\/\/dicodusport.fr\/blog\/wp-json\/wp\/v2\/users\/48"}],"replies":[{"embeddable":true,"href":"https:\/\/dicodusport.fr\/blog\/wp-json\/wp\/v2\/comments?post=344380"}],"version-history":[{"count":0,"href":"https:\/\/dicodusport.fr\/blog\/wp-json\/wp\/v2\/posts\/344380\/revisions"}],"wp:featuredmedia":[{"embeddable":true,"href":"https:\/\/dicodusport.fr\/blog\/wp-json\/wp\/v2\/media\/344555"}],"wp:attachment":[{"href":"https:\/\/dicodusport.fr\/blog\/wp-json\/wp\/v2\/media?parent=344380"}],"wp:term":[{"taxonomy":"category","embeddable":true,"href":"https:\/\/dicodusport.fr\/blog\/wp-json\/wp\/v2\/categories?post=344380"},{"taxonomy":"post_tag","embeddable":true,"href":"https:\/\/dicodusport.fr\/blog\/wp-json\/wp\/v2\/tags?post=344380"}],"curies":[{"name":"wp","href":"https:\/\/api.w.org\/{rel}","templated":true}]}}