{"id":344395,"date":"2023-01-14T11:03:40","date_gmt":"2023-01-14T10:03:40","guid":{"rendered":"https:\/\/dicodusport.fr\/blog\/?p=344395&#038;preview=true&#038;preview_id=344395"},"modified":"2023-01-14T15:41:25","modified_gmt":"2023-01-14T14:41:25","slug":"caleb-ewan-remporte-au-sprint-la-schwable-classic","status":"publish","type":"post","link":"https:\/\/dicodusport.fr\/blog\/caleb-ewan-remporte-au-sprint-la-schwable-classic\/","title":{"rendered":"Caleb Ewan remporte au sprint la Schwalbe Classic"},"content":{"rendered":"<p style=\"text-align: justify;\"><b><i><a href=\"https:\/\/dicodusport.fr\/blog\/actualites\/cyclisme\/cyclisme-sur-route-2023\/\">CYCLISME SUR ROUTE 2023<\/a> &#8211; Caleb Ewan (Australie) <\/i><\/b><em><b>s&rsquo;est impos\u00e9 au sprint sur la Schwalbe Classic \u00e0 Adela\u00efde, ce samedi. Il a devanc\u00e9 Jordi Meeus (Bora Hansgrohe) et Kaden Groves (Alpecin-Deceuninck).\u00a0<\/b><\/em><\/p>\n<p style=\"text-align: justify;\">Tout d&rsquo;abord, la Schwalbe Classic est un crit\u00e9rium australien qui se d\u00e9roule le weekend avant le Tour Down Under. Le parcours est simple puisqu&rsquo;il s&rsquo;agit d&rsquo;un petit circuit de 1350 m\u00e8tres dans le centre-ville d&rsquo;Adela\u00efde. Bien s\u00fbr sur ce type de parcours, l&rsquo;allure de la course est tr\u00e8s rapide avec notamment deux lignes droites de pr\u00e8s de 400 m\u00e8tres et quatre virages. Cette course se d\u00e9roule pendant une heure plus un tour.<\/p>\n<p style=\"text-align: justify;\">Le premier \u00e0 lancer les hostilit\u00e9s est le grimpeur <strong>Ben O&rsquo;Connor<\/strong> (AG2r Citro\u00ebn) lors du 4e tour. Mais, le champion d&rsquo;Australie de cyclisme sur route <strong>Luke Plapp<\/strong> (INEOS Grenadiers) et <strong>Lucas Hamilton<\/strong> (Team Jayco AlUla) ont d\u00e9pass\u00e9 le grimpeur australien pour mener la course lors du sixi\u00e8me tour avant d&rsquo;\u00eatre repris par le peloton. Ensuite, le laur\u00e9at du Tour de Belgique 2022 <strong>Mauro Schmid<\/strong> (Soudal Quick-Step) s&rsquo;est adjug\u00e9 le premier sprint interm\u00e9diaire au 10e tour.<\/p>\n<p style=\"text-align: justify;\">Par la suite, de nombreuses acc\u00e9l\u00e9rations ont eu lieu au sein du peloton \u00e0 l&rsquo;approche de la mi-course. 6 coureurs dont <strong>Sven Erik Bystr\u00f8m<\/strong> (<span class=\"css-901oao css-16my406 css-1hf3ou5 r-poiln3 r-bcqeeo r-qvutc0\"><span class=\"css-901oao css-16my406 r-poiln3 r-bcqeeo r-qvutc0\">Intermarch\u00e9-Circus-Wanty) <\/span><\/span>ont r\u00e9ussi \u00e0 avoir 30 secondes d&rsquo;avance sur le peloton. Face \u00e0 une telle avance, le peloton a rapidement r\u00e9agi sous l&rsquo;impulsion des \u00e9quipes Team DSM et Team Jayco AlUla. Cependant, <strong>Marco Haller<\/strong> (Bora Hansgrohe) a fait la jonction avec le groupe de t\u00eate au 22e tour avant d&rsquo;\u00eatre aval\u00e9 par le peloton.<\/p>\n<h2 style=\"text-align: justify;\">La cinqui\u00e8me de Caleb Ewan<\/h2>\n<p style=\"text-align: justify;\">Puis, 9 coureurs sont sortis du peloton avec notamment la recrue du Team DSM <strong>Patrick Bevin <\/strong>et <span class=\"css-901oao css-16my406 r-1awozwy r-18jsvk2 r-6koalj r-37j5jr r-1inkyih r-b88u0q r-rjixqe r-bcqeeo r-1udh08x r-1ddef8g r-3s2u2q r-qvutc0\" dir=\"ltr\"><span class=\"css-901oao css-16my406 css-1hf3ou5 r-poiln3 r-bcqeeo r-qvutc0\"><span class=\"css-901oao css-16my406 r-poiln3 r-bcqeeo r-qvutc0\"><strong>Marc Brustenga<\/strong> (Trek Segafredo) apr\u00e8s plus de 25 tours<\/span><\/span><\/span>. Mais, une fois de plus, les attaquants ont \u00e9t\u00e9 repris par le peloton alors que <strong>Patrick Bevin\u00a0<\/strong>(Team DSM) a \u00e9t\u00e9 victime d&rsquo;une chute sans gravit\u00e9.<\/p>\n<p style=\"text-align: justify;\">Finalement, sur la Flinders Street, apr\u00e8s 38 tours, <strong>Caleb Ewan<\/strong>, sous les couleurs de la s\u00e9lection australienne, s&rsquo;est montr\u00e9 le plus rapide au sprint. Le sprinteur de la Lotto Dstny a remport\u00e9 ce crit\u00e9rium pour la cinqui\u00e8me fois apr\u00e8s ses succ\u00e8s en 2016, 2017, 2019 et 2020. Il a devanc\u00e9 <strong>Jordi Meeus (Bora<\/strong> Hansgrohe) et <strong>Kaden Groves<\/strong> (Alpecin-Deceuninck).<strong> Phil Bauhaus<\/strong> (Bahrain Victorious) a pris la quatri\u00e8me place devant <strong>Marius Mayrhofer<\/strong> (Team DSM) et <strong>Campbell Stewart<\/strong> (Team Jayco AlUla). <strong>Paul Penho\u00ebt<\/strong> (Groupama FDJ) et <strong>Bryan Coquard<\/strong> (Cofidis) ont fini dans le top 10, \u00e0 la huiti\u00e8me et \u00e0 la neuvi\u00e8me place.<\/p>\n<blockquote class=\"twitter-tweet\">\n<p dir=\"ltr\" lang=\"fr\">Maillot de la s\u00e9lection nationale sur le dos, Caleb Ewan remporte la Schwalbe Classic, soit le crit\u00e9rium qui se tient chaque ann\u00e9e quelques jours avant le Tour Down Under. L&rsquo;Australien a devanc\u00e9 au sprint Jordi Meeus, Kaden Groves et Phil Bauhaus. <a href=\"https:\/\/t.co\/zPnfGWM0tX\">pic.twitter.com\/zPnfGWM0tX<\/a><\/p>\n<p>\u2014 Le Gruppetto (@LeGruppetto) <a href=\"https:\/\/twitter.com\/LeGruppetto\/status\/1614198211123777536?ref_src=twsrc%5Etfw\">January 14, 2023<\/a><\/p><\/blockquote>\n<p><script async src=\"https:\/\/platform.twitter.com\/widgets.js\" charset=\"utf-8\"><\/script><\/p>\n<p style=\"text-align: justify;\">Enfin, sur la course f\u00e9minine qui a eu lieu un peu plus t\u00f4t, la N\u00e9o-Z\u00e9landaise <strong>Ally Wollaston<\/strong> (AG Insurance-Soudal-Quick-Step) a remport\u00e9 la course en r\u00e9glant un groupe de 7 coureuses au sprint. Elle a devanc\u00e9 <strong>Michaela Drummond<\/strong> (Zaaf Cycling Team) et <strong>Nina Buijsman <\/strong>(Human Powered Health). La Fran\u00e7aise <strong>Clara Copponi<\/strong> (FDJ Suez Futuroscope) a termin\u00e9 \u00e0 la neuvi\u00e8me place \u00e0 17 secondes.<\/p>\n","protected":false},"excerpt":{"rendered":"<p>CYCLISME SUR ROUTE 2023 &#8211; Caleb Ewan (Australie) s&rsquo;est impos\u00e9 au sprint sur la Schwable Classic \u00e0 Adela\u00efde, ce samedi. Il a devanc\u00e9 Jordi Meeus (Bora Hansgrohe) et Kaden Groves (Alpecin-Deceuninck).\u00a0<\/p>\n","protected":false},"author":48,"featured_media":344440,"comment_status":"open","ping_status":"closed","sticky":false,"template":"","format":"standard","meta":{"_acf_changed":false,"_daextam_enable_autolinks":"","footnotes":""},"categories":[46994],"tags":[7060,574],"class_list":["post-344395","post","type-post","status-publish","format-standard","has-post-thumbnail","hentry","category-cyclisme-sur-route","tag-caleb-ewan","tag-cyclisme"],"acf":[],"yoast_head":"<!-- This site is optimized with the Yoast SEO Premium plugin v26.7 (Yoast SEO v26.7) - https:\/\/yoast.com\/wordpress\/plugins\/seo\/ -->\n<title>Caleb Ewan remporte au sprint la Schwalbe Classic<\/title>\n<meta name=\"description\" content=\"CYCLISME SUR ROUTE 2023 - Caleb Ewan (Australie) s&#039;est impos\u00e9 au sprint sur la Schwable Classic \u00e0 Adela\u00efde, ce samedi.\" \/>\n<meta name=\"robots\" content=\"index, follow, max-snippet:-1, max-image-preview:large, max-video-preview:-1\" \/>\n<link rel=\"canonical\" href=\"https:\/\/dicodusport.fr\/blog\/caleb-ewan-remporte-au-sprint-la-schwable-classic\/\" \/>\n<meta property=\"og:locale\" content=\"fr_FR\" \/>\n<meta property=\"og:type\" content=\"article\" \/>\n<meta property=\"og:title\" content=\"Caleb Ewan remporte au sprint la Schwalbe Classic\" \/>\n<meta property=\"og:description\" content=\"CYCLISME SUR ROUTE 2023 - Caleb Ewan (Australie) s&#039;est impos\u00e9 au sprint sur la Schwable Classic \u00e0 Adela\u00efde, ce samedi.\" \/>\n<meta property=\"og:url\" content=\"https:\/\/dicodusport.fr\/blog\/caleb-ewan-remporte-au-sprint-la-schwable-classic\/\" \/>\n<meta property=\"og:site_name\" content=\"Dicodusport\" \/>\n<meta property=\"article:publisher\" content=\"https:\/\/www.facebook.com\/dicodusport\" \/>\n<meta property=\"article:author\" content=\"https:\/\/www.facebook.com\/groups\/LesRoisDuPeloton\" \/>\n<meta property=\"article:published_time\" content=\"2023-01-14T10:03:40+00:00\" \/>\n<meta property=\"article:modified_time\" content=\"2023-01-14T14:41:25+00:00\" \/>\n<meta property=\"og:image\" content=\"https:\/\/dicodusport.fr\/blog\/wp-content\/uploads\/2023\/01\/Caleb-Ewan-remporte-au-sprint-la-Schwable-Classic.png\" \/>\n\t<meta property=\"og:image:width\" content=\"800\" \/>\n\t<meta property=\"og:image:height\" content=\"445\" \/>\n\t<meta property=\"og:image:type\" content=\"image\/png\" \/>\n<meta name=\"author\" content=\"Emilien Descampiaux\" \/>\n<meta name=\"twitter:card\" content=\"summary_large_image\" \/>\n<meta name=\"twitter:title\" content=\"Caleb Ewan remporte au sprint la Schwalbe Classic\" \/>\n<meta name=\"twitter:creator\" content=\"@https:\/\/twitter.com\/LRoisDuPeloton\" \/>\n<meta name=\"twitter:site\" content=\"@dicodusport\" \/>\n<script type=\"application\/ld+json\" class=\"yoast-schema-graph\">{\"@context\":\"https:\/\/schema.org\",\"@graph\":[{\"@type\":\"NewsArticle\",\"@id\":\"https:\/\/dicodusport.fr\/blog\/caleb-ewan-remporte-au-sprint-la-schwable-classic\/#article\",\"isPartOf\":{\"@id\":\"https:\/\/dicodusport.fr\/blog\/caleb-ewan-remporte-au-sprint-la-schwable-classic\/\"},\"author\":{\"name\":\"Emilien Descampiaux\",\"@id\":\"https:\/\/dicodusport.fr\/blog\/#\/schema\/person\/6db4bae06b171592211be385b32876a7\"},\"headline\":\"Caleb Ewan remporte au sprint la Schwalbe Classic\",\"datePublished\":\"2023-01-14T10:03:40+00:00\",\"dateModified\":\"2023-01-14T14:41:25+00:00\",\"mainEntityOfPage\":{\"@id\":\"https:\/\/dicodusport.fr\/blog\/caleb-ewan-remporte-au-sprint-la-schwable-classic\/\"},\"wordCount\":572,\"commentCount\":0,\"publisher\":{\"@id\":\"https:\/\/dicodusport.fr\/blog\/#organization\"},\"image\":{\"@id\":\"https:\/\/dicodusport.fr\/blog\/caleb-ewan-remporte-au-sprint-la-schwable-classic\/#primaryimage\"},\"thumbnailUrl\":\"https:\/\/dicodusport.fr\/blog\/wp-content\/uploads\/2023\/01\/Caleb-Ewan-remporte-au-sprint-la-Schwable-Classic.png\",\"keywords\":[\"Caleb Ewan\",\"Cyclisme\"],\"articleSection\":[\"Cyclisme sur route\"],\"inLanguage\":\"fr-FR\",\"potentialAction\":[{\"@type\":\"CommentAction\",\"name\":\"Comment\",\"target\":[\"https:\/\/dicodusport.fr\/blog\/caleb-ewan-remporte-au-sprint-la-schwable-classic\/#respond\"]}],\"copyrightYear\":\"2023\",\"copyrightHolder\":{\"@id\":\"https:\/\/dicodusport.fr\/blog\/#organization\"}},{\"@type\":\"WebPage\",\"@id\":\"https:\/\/dicodusport.fr\/blog\/caleb-ewan-remporte-au-sprint-la-schwable-classic\/\",\"url\":\"https:\/\/dicodusport.fr\/blog\/caleb-ewan-remporte-au-sprint-la-schwable-classic\/\",\"name\":\"Caleb Ewan remporte au sprint la Schwalbe Classic\",\"isPartOf\":{\"@id\":\"https:\/\/dicodusport.fr\/blog\/#website\"},\"primaryImageOfPage\":{\"@id\":\"https:\/\/dicodusport.fr\/blog\/caleb-ewan-remporte-au-sprint-la-schwable-classic\/#primaryimage\"},\"image\":{\"@id\":\"https:\/\/dicodusport.fr\/blog\/caleb-ewan-remporte-au-sprint-la-schwable-classic\/#primaryimage\"},\"thumbnailUrl\":\"https:\/\/dicodusport.fr\/blog\/wp-content\/uploads\/2023\/01\/Caleb-Ewan-remporte-au-sprint-la-Schwable-Classic.png\",\"datePublished\":\"2023-01-14T10:03:40+00:00\",\"dateModified\":\"2023-01-14T14:41:25+00:00\",\"description\":\"CYCLISME SUR ROUTE 2023 - Caleb Ewan (Australie) s'est impos\u00e9 au sprint sur la Schwable Classic \u00e0 Adela\u00efde, ce samedi.\",\"breadcrumb\":{\"@id\":\"https:\/\/dicodusport.fr\/blog\/caleb-ewan-remporte-au-sprint-la-schwable-classic\/#breadcrumb\"},\"inLanguage\":\"fr-FR\",\"potentialAction\":[{\"@type\":\"ReadAction\",\"target\":[\"https:\/\/dicodusport.fr\/blog\/caleb-ewan-remporte-au-sprint-la-schwable-classic\/\"]}]},{\"@type\":\"ImageObject\",\"inLanguage\":\"fr-FR\",\"@id\":\"https:\/\/dicodusport.fr\/blog\/caleb-ewan-remporte-au-sprint-la-schwable-classic\/#primaryimage\",\"url\":\"https:\/\/dicodusport.fr\/blog\/wp-content\/uploads\/2023\/01\/Caleb-Ewan-remporte-au-sprint-la-Schwable-Classic.png\",\"contentUrl\":\"https:\/\/dicodusport.fr\/blog\/wp-content\/uploads\/2023\/01\/Caleb-Ewan-remporte-au-sprint-la-Schwable-Classic.png\",\"width\":800,\"height\":445,\"caption\":\"Caleb Ewan remporte au sprint la Schwable Classic\"},{\"@type\":\"BreadcrumbList\",\"@id\":\"https:\/\/dicodusport.fr\/blog\/caleb-ewan-remporte-au-sprint-la-schwable-classic\/#breadcrumb\",\"itemListElement\":[{\"@type\":\"ListItem\",\"position\":1,\"name\":\"Accueil\",\"item\":\"https:\/\/dicodusport.fr\/blog\/\"},{\"@type\":\"ListItem\",\"position\":2,\"name\":\"Caleb Ewan remporte au sprint la Schwalbe Classic\"}]},{\"@type\":\"WebSite\",\"@id\":\"https:\/\/dicodusport.fr\/blog\/#website\",\"url\":\"https:\/\/dicodusport.fr\/blog\/\",\"name\":\"Dicodusport\",\"description\":\"L&#039;encyclop\u00e9die de l&#039;actualit\u00e9 sportive\",\"publisher\":{\"@id\":\"https:\/\/dicodusport.fr\/blog\/#organization\"},\"potentialAction\":[{\"@type\":\"SearchAction\",\"target\":{\"@type\":\"EntryPoint\",\"urlTemplate\":\"https:\/\/dicodusport.fr\/blog\/?s={search_term_string}\"},\"query-input\":{\"@type\":\"PropertyValueSpecification\",\"valueRequired\":true,\"valueName\":\"search_term_string\"}}],\"inLanguage\":\"fr-FR\"},{\"@type\":\"NewsMediaOrganization\",\"@id\":\"https:\/\/dicodusport.fr\/blog\/#organization\",\"name\":\"Dicodusport\",\"url\":\"https:\/\/dicodusport.fr\/blog\/\",\"logo\":{\"@type\":\"ImageObject\",\"inLanguage\":\"fr-FR\",\"@id\":\"https:\/\/dicodusport.fr\/blog\/#\/schema\/logo\/image\/\",\"url\":\"https:\/\/dicodusport.fr\/blog\/wp-content\/uploads\/2020\/06\/cropped-LOGO-DICODUSPORT-2020-SANS-FOND-SANS-TEXTE.png\",\"contentUrl\":\"https:\/\/dicodusport.fr\/blog\/wp-content\/uploads\/2020\/06\/cropped-LOGO-DICODUSPORT-2020-SANS-FOND-SANS-TEXTE.png\",\"width\":512,\"height\":512,\"caption\":\"Dicodusport\"},\"image\":{\"@id\":\"https:\/\/dicodusport.fr\/blog\/#\/schema\/logo\/image\/\"},\"sameAs\":[\"https:\/\/www.facebook.com\/dicodusport\",\"https:\/\/x.com\/dicodusport\",\"https:\/\/www.instagram.com\/dicodusport\/\",\"https:\/\/www.youtube.com\/channel\/UC7V2KZ5sd3htJivAbA4ZG3w\"],\"description\":\"Dicodusport est l'encyclop\u00e9die de l'actualit\u00e9 sportive.\",\"email\":\"bonjour@dicodusport.fr\",\"legalName\":\"DICODUSPORT\",\"foundingDate\":\"2018-01-14\",\"vatID\":\"FR71834470973\",\"taxID\":\"83447097300043\",\"numberOfEmployees\":{\"@type\":\"QuantitativeValue\",\"minValue\":\"1\",\"maxValue\":\"10\"}},{\"@type\":\"Person\",\"@id\":\"https:\/\/dicodusport.fr\/blog\/#\/schema\/person\/6db4bae06b171592211be385b32876a7\",\"name\":\"Emilien Descampiaux\",\"image\":{\"@type\":\"ImageObject\",\"inLanguage\":\"fr-FR\",\"@id\":\"https:\/\/dicodusport.fr\/blog\/#\/schema\/person\/image\/\",\"url\":\"https:\/\/dicodusport.fr\/blog\/wp-content\/uploads\/2021\/05\/Emilien-Descampiaux-150x150.jpg\",\"contentUrl\":\"https:\/\/dicodusport.fr\/blog\/wp-content\/uploads\/2021\/05\/Emilien-Descampiaux-150x150.jpg\",\"caption\":\"Emilien Descampiaux\"},\"description\":\"Journaliste\/r\u00e9dacteur depuis 2014 - Fan de la classe de Frank Vandenbroucke, je vis cyclisme (et de ses paysages) depuis plus de 20 ans. Je suis tr\u00e8s impliqu\u00e9 sur mes diff\u00e9rents r\u00e9seaux sociaux pour partager ma passion sur le monde et l'Histoire de la bicyclette avec ma voix sur les images en noir et blanc du succ\u00e8s de Rik Van Steenbergen lors du Ronde sur le V\u00e9lodrome de Gand.\",\"sameAs\":[\"https:\/\/www.facebook.com\/groups\/LesRoisDuPeloton\",\"https:\/\/x.com\/https:\/\/twitter.com\/LRoisDuPeloton\"],\"url\":\"https:\/\/dicodusport.fr\/blog\/author\/emiliend\/\"}]}<\/script>\n<!-- \/ Yoast SEO Premium plugin. -->","yoast_head_json":{"title":"Caleb Ewan remporte au sprint la Schwalbe Classic","description":"CYCLISME SUR ROUTE 2023 - Caleb Ewan (Australie) s'est impos\u00e9 au sprint sur la Schwable Classic \u00e0 Adela\u00efde, ce samedi.","robots":{"index":"index","follow":"follow","max-snippet":"max-snippet:-1","max-image-preview":"max-image-preview:large","max-video-preview":"max-video-preview:-1"},"canonical":"https:\/\/dicodusport.fr\/blog\/caleb-ewan-remporte-au-sprint-la-schwable-classic\/","og_locale":"fr_FR","og_type":"article","og_title":"Caleb Ewan remporte au sprint la Schwalbe Classic","og_description":"CYCLISME SUR ROUTE 2023 - Caleb Ewan (Australie) s'est impos\u00e9 au sprint sur la Schwable Classic \u00e0 Adela\u00efde, ce samedi.","og_url":"https:\/\/dicodusport.fr\/blog\/caleb-ewan-remporte-au-sprint-la-schwable-classic\/","og_site_name":"Dicodusport","article_publisher":"https:\/\/www.facebook.com\/dicodusport","article_author":"https:\/\/www.facebook.com\/groups\/LesRoisDuPeloton","article_published_time":"2023-01-14T10:03:40+00:00","article_modified_time":"2023-01-14T14:41:25+00:00","og_image":[{"width":800,"height":445,"url":"https:\/\/dicodusport.fr\/blog\/wp-content\/uploads\/2023\/01\/Caleb-Ewan-remporte-au-sprint-la-Schwable-Classic.png","type":"image\/png"}],"author":"Emilien Descampiaux","twitter_card":"summary_large_image","twitter_title":"Caleb Ewan remporte au sprint la Schwalbe Classic","twitter_creator":"@https:\/\/twitter.com\/LRoisDuPeloton","twitter_site":"@dicodusport","schema":{"@context":"https:\/\/schema.org","@graph":[{"@type":"NewsArticle","@id":"https:\/\/dicodusport.fr\/blog\/caleb-ewan-remporte-au-sprint-la-schwable-classic\/#article","isPartOf":{"@id":"https:\/\/dicodusport.fr\/blog\/caleb-ewan-remporte-au-sprint-la-schwable-classic\/"},"author":{"name":"Emilien Descampiaux","@id":"https:\/\/dicodusport.fr\/blog\/#\/schema\/person\/6db4bae06b171592211be385b32876a7"},"headline":"Caleb Ewan remporte au sprint la Schwalbe Classic","datePublished":"2023-01-14T10:03:40+00:00","dateModified":"2023-01-14T14:41:25+00:00","mainEntityOfPage":{"@id":"https:\/\/dicodusport.fr\/blog\/caleb-ewan-remporte-au-sprint-la-schwable-classic\/"},"wordCount":572,"commentCount":0,"publisher":{"@id":"https:\/\/dicodusport.fr\/blog\/#organization"},"image":{"@id":"https:\/\/dicodusport.fr\/blog\/caleb-ewan-remporte-au-sprint-la-schwable-classic\/#primaryimage"},"thumbnailUrl":"https:\/\/dicodusport.fr\/blog\/wp-content\/uploads\/2023\/01\/Caleb-Ewan-remporte-au-sprint-la-Schwable-Classic.png","keywords":["Caleb Ewan","Cyclisme"],"articleSection":["Cyclisme sur route"],"inLanguage":"fr-FR","potentialAction":[{"@type":"CommentAction","name":"Comment","target":["https:\/\/dicodusport.fr\/blog\/caleb-ewan-remporte-au-sprint-la-schwable-classic\/#respond"]}],"copyrightYear":"2023","copyrightHolder":{"@id":"https:\/\/dicodusport.fr\/blog\/#organization"}},{"@type":"WebPage","@id":"https:\/\/dicodusport.fr\/blog\/caleb-ewan-remporte-au-sprint-la-schwable-classic\/","url":"https:\/\/dicodusport.fr\/blog\/caleb-ewan-remporte-au-sprint-la-schwable-classic\/","name":"Caleb Ewan remporte au sprint la Schwalbe Classic","isPartOf":{"@id":"https:\/\/dicodusport.fr\/blog\/#website"},"primaryImageOfPage":{"@id":"https:\/\/dicodusport.fr\/blog\/caleb-ewan-remporte-au-sprint-la-schwable-classic\/#primaryimage"},"image":{"@id":"https:\/\/dicodusport.fr\/blog\/caleb-ewan-remporte-au-sprint-la-schwable-classic\/#primaryimage"},"thumbnailUrl":"https:\/\/dicodusport.fr\/blog\/wp-content\/uploads\/2023\/01\/Caleb-Ewan-remporte-au-sprint-la-Schwable-Classic.png","datePublished":"2023-01-14T10:03:40+00:00","dateModified":"2023-01-14T14:41:25+00:00","description":"CYCLISME SUR ROUTE 2023 - Caleb Ewan (Australie) s'est impos\u00e9 au sprint sur la Schwable Classic \u00e0 Adela\u00efde, ce samedi.","breadcrumb":{"@id":"https:\/\/dicodusport.fr\/blog\/caleb-ewan-remporte-au-sprint-la-schwable-classic\/#breadcrumb"},"inLanguage":"fr-FR","potentialAction":[{"@type":"ReadAction","target":["https:\/\/dicodusport.fr\/blog\/caleb-ewan-remporte-au-sprint-la-schwable-classic\/"]}]},{"@type":"ImageObject","inLanguage":"fr-FR","@id":"https:\/\/dicodusport.fr\/blog\/caleb-ewan-remporte-au-sprint-la-schwable-classic\/#primaryimage","url":"https:\/\/dicodusport.fr\/blog\/wp-content\/uploads\/2023\/01\/Caleb-Ewan-remporte-au-sprint-la-Schwable-Classic.png","contentUrl":"https:\/\/dicodusport.fr\/blog\/wp-content\/uploads\/2023\/01\/Caleb-Ewan-remporte-au-sprint-la-Schwable-Classic.png","width":800,"height":445,"caption":"Caleb Ewan remporte au sprint la Schwable Classic"},{"@type":"BreadcrumbList","@id":"https:\/\/dicodusport.fr\/blog\/caleb-ewan-remporte-au-sprint-la-schwable-classic\/#breadcrumb","itemListElement":[{"@type":"ListItem","position":1,"name":"Accueil","item":"https:\/\/dicodusport.fr\/blog\/"},{"@type":"ListItem","position":2,"name":"Caleb Ewan remporte au sprint la Schwalbe Classic"}]},{"@type":"WebSite","@id":"https:\/\/dicodusport.fr\/blog\/#website","url":"https:\/\/dicodusport.fr\/blog\/","name":"Dicodusport","description":"L&#039;encyclop\u00e9die de l&#039;actualit\u00e9 sportive","publisher":{"@id":"https:\/\/dicodusport.fr\/blog\/#organization"},"potentialAction":[{"@type":"SearchAction","target":{"@type":"EntryPoint","urlTemplate":"https:\/\/dicodusport.fr\/blog\/?s={search_term_string}"},"query-input":{"@type":"PropertyValueSpecification","valueRequired":true,"valueName":"search_term_string"}}],"inLanguage":"fr-FR"},{"@type":"NewsMediaOrganization","@id":"https:\/\/dicodusport.fr\/blog\/#organization","name":"Dicodusport","url":"https:\/\/dicodusport.fr\/blog\/","logo":{"@type":"ImageObject","inLanguage":"fr-FR","@id":"https:\/\/dicodusport.fr\/blog\/#\/schema\/logo\/image\/","url":"https:\/\/dicodusport.fr\/blog\/wp-content\/uploads\/2020\/06\/cropped-LOGO-DICODUSPORT-2020-SANS-FOND-SANS-TEXTE.png","contentUrl":"https:\/\/dicodusport.fr\/blog\/wp-content\/uploads\/2020\/06\/cropped-LOGO-DICODUSPORT-2020-SANS-FOND-SANS-TEXTE.png","width":512,"height":512,"caption":"Dicodusport"},"image":{"@id":"https:\/\/dicodusport.fr\/blog\/#\/schema\/logo\/image\/"},"sameAs":["https:\/\/www.facebook.com\/dicodusport","https:\/\/x.com\/dicodusport","https:\/\/www.instagram.com\/dicodusport\/","https:\/\/www.youtube.com\/channel\/UC7V2KZ5sd3htJivAbA4ZG3w"],"description":"Dicodusport est l'encyclop\u00e9die de l'actualit\u00e9 sportive.","email":"bonjour@dicodusport.fr","legalName":"DICODUSPORT","foundingDate":"2018-01-14","vatID":"FR71834470973","taxID":"83447097300043","numberOfEmployees":{"@type":"QuantitativeValue","minValue":"1","maxValue":"10"}},{"@type":"Person","@id":"https:\/\/dicodusport.fr\/blog\/#\/schema\/person\/6db4bae06b171592211be385b32876a7","name":"Emilien Descampiaux","image":{"@type":"ImageObject","inLanguage":"fr-FR","@id":"https:\/\/dicodusport.fr\/blog\/#\/schema\/person\/image\/","url":"https:\/\/dicodusport.fr\/blog\/wp-content\/uploads\/2021\/05\/Emilien-Descampiaux-150x150.jpg","contentUrl":"https:\/\/dicodusport.fr\/blog\/wp-content\/uploads\/2021\/05\/Emilien-Descampiaux-150x150.jpg","caption":"Emilien Descampiaux"},"description":"Journaliste\/r\u00e9dacteur depuis 2014 - Fan de la classe de Frank Vandenbroucke, je vis cyclisme (et de ses paysages) depuis plus de 20 ans. Je suis tr\u00e8s impliqu\u00e9 sur mes diff\u00e9rents r\u00e9seaux sociaux pour partager ma passion sur le monde et l'Histoire de la bicyclette avec ma voix sur les images en noir et blanc du succ\u00e8s de Rik Van Steenbergen lors du Ronde sur le V\u00e9lodrome de Gand.","sameAs":["https:\/\/www.facebook.com\/groups\/LesRoisDuPeloton","https:\/\/x.com\/https:\/\/twitter.com\/LRoisDuPeloton"],"url":"https:\/\/dicodusport.fr\/blog\/author\/emiliend\/"}]}},"_links":{"self":[{"href":"https:\/\/dicodusport.fr\/blog\/wp-json\/wp\/v2\/posts\/344395","targetHints":{"allow":["GET"]}}],"collection":[{"href":"https:\/\/dicodusport.fr\/blog\/wp-json\/wp\/v2\/posts"}],"about":[{"href":"https:\/\/dicodusport.fr\/blog\/wp-json\/wp\/v2\/types\/post"}],"author":[{"embeddable":true,"href":"https:\/\/dicodusport.fr\/blog\/wp-json\/wp\/v2\/users\/48"}],"replies":[{"embeddable":true,"href":"https:\/\/dicodusport.fr\/blog\/wp-json\/wp\/v2\/comments?post=344395"}],"version-history":[{"count":0,"href":"https:\/\/dicodusport.fr\/blog\/wp-json\/wp\/v2\/posts\/344395\/revisions"}],"wp:featuredmedia":[{"embeddable":true,"href":"https:\/\/dicodusport.fr\/blog\/wp-json\/wp\/v2\/media\/344440"}],"wp:attachment":[{"href":"https:\/\/dicodusport.fr\/blog\/wp-json\/wp\/v2\/media?parent=344395"}],"wp:term":[{"taxonomy":"category","embeddable":true,"href":"https:\/\/dicodusport.fr\/blog\/wp-json\/wp\/v2\/categories?post=344395"},{"taxonomy":"post_tag","embeddable":true,"href":"https:\/\/dicodusport.fr\/blog\/wp-json\/wp\/v2\/tags?post=344395"}],"curies":[{"name":"wp","href":"https:\/\/api.w.org\/{rel}","templated":true}]}}