{"id":34444,"date":"2019-03-01T22:57:23","date_gmt":"2019-03-01T21:57:23","guid":{"rendered":"http:\/\/dicodusport.fr\/blog\/?p=34444"},"modified":"2019-03-03T02:12:43","modified_gmt":"2019-03-03T01:12:43","slug":"glasgow-championnats-europe-athletisme-en-salle-medaille-de-bronze-pour-solene-ndama","status":"publish","type":"post","link":"https:\/\/dicodusport.fr\/blog\/glasgow-championnats-europe-athletisme-en-salle-medaille-de-bronze-pour-solene-ndama\/","title":{"rendered":"Glasgow &#8211; Championnats d&rsquo;Europe d&rsquo;athl\u00e9tisme en salle : m\u00e9daille de bronze pour Sol\u00e8ne Ndama"},"content":{"rendered":"<p style=\"text-align: justify;\"><em><strong>Belle premi\u00e8re soir\u00e9e pour les Fran\u00e7ais avec une premi\u00e8re m\u00e9daille, remport\u00e9e par Sol\u00e8ne Ndama.<\/strong><\/em><\/p>\n<p style=\"text-align: justify;\"><span style=\"text-decoration: underline;\"><strong>Pentathlon F<\/strong><\/span><br \/>\n<strong>Sol\u00e8ne Ndama<\/strong> a laiss\u00e9 des plumes \u00e0 la longueur. En effet, 2e avant les deux derni\u00e8res \u00e9preuves, elle est retomb\u00e9e \u00e0 la 4e place avant le 800 m final. Son meilleur saut a \u00e9t\u00e9 mesur\u00e9 \u00e0 6m21 (7e rang) contre 6m53 pour Katarina Johnson-Thompson. Num\u00e9ro une avant la derni\u00e8re \u00e9preuve, la Britannique a tout donn\u00e9 sur le 800 m et a acc\u00e9l\u00e9r\u00e9 dans les derniers 200 m. Elle s&rsquo;est impos\u00e9e et a \u00e9tabli le record des championnats en 2&rsquo;09&Prime;13. Ce 800 m a permis \u00e0 5 athl\u00e8tes d&rsquo;am\u00e9liorer leur record personnel dont Sol\u00e8ne Ndama ! La Fran\u00e7aise a termin\u00e9 4e en 2&rsquo;11&Prime;92. Elle remporte sa <strong>premi\u00e8re m\u00e9daille internationale chez les s\u00e9niors, le bronze<\/strong>. Avec 4723 points, elle a \u00e9gal\u00e9 le record de France d&rsquo;Antoinette Nana Djimou \u00e9tabli \u00e0 Paris il y a 8 ans. <strong>Katarina Johnson-Thompson<\/strong> et <strong>Niamh Emerson<\/strong> r\u00e9alisent le doubl\u00e9 pour la Grande-Bretagne. Avec 4983, Katerina Johnson-Thompson a r\u00e9alis\u00e9 la meilleure performance mondiale et Niamh Emerson son record personnel (4731 points).<br \/>\nA noter l&rsquo;abandon d&rsquo;<strong>Anouk Vetter<\/strong> avant la longueur, touch\u00e9e au pied droit.<\/p>\n<p style=\"text-align: justify;\"><span style=\"text-decoration: underline;\"><strong>Perche H \u2013 Qualifications<\/strong><\/span><br \/>\nD\u00e9ception pour <strong>Axel Chapelle<\/strong>, premier non qualifi\u00e9. Si aucun perchiste n&rsquo;a pass\u00e9 la barre de qualification directe \u00e0 5m80, il n&rsquo;est pas parvenu \u00e0 sauter plus haut que 5m50. Il avait fait l&rsquo;impasse \u00e0 5m20 et 5m35. Apr\u00e8s avoir pass\u00e9 5m50 \u00e0 son premier essai, il a \u00e9chou\u00e9 une fois \u00e0 5m60. Il a ensuite pr\u00e9f\u00e9r\u00e9 garder ses essais suivants pour 5m70 mais il n&rsquo;a pas r\u00e9ussi \u00e0 franchir la barre.<br \/>\n<strong>Alioune Sene<\/strong> n&rsquo;a pas pu faire mieux que 5m35 \u00e0 son 3e essai. Il n&rsquo;a pas r\u00e9ussi \u00e0 franchir la barre de 5m50.<\/p>\n<p style=\"text-align: justify;\"><span style=\"text-decoration: underline;\"><strong>Hauteur F \u2013 Qualifications<\/strong><\/span><br \/>\nR\u00e9cente championne de France en salle, <strong>Prisca Duvernay<\/strong> n&rsquo;est pas parvenue \u00e0 rentrer en finale. Apr\u00e8s avoir pass\u00e9 1m75 et 1m85 \u00e0 son premier essai et 1m89 \u00e0 son deuxi\u00e8me essai, elle a but\u00e9 \u00e0 1m93.<\/p>\n<p style=\"text-align: justify;\"><span style=\"text-decoration: underline;\"><strong>800m H \u2013 1er tour<\/strong><\/span><br \/>\nDeuxi\u00e8me de sa s\u00e9rie en 1&rsquo;49&Prime;62, <strong>Aymeric Lusine<\/strong> s&rsquo;est qualifi\u00e9 pour les demi-finales. C&rsquo;est en revanche termin\u00e9 pour <strong>Nasredine Khatir<\/strong> qui a termin\u00e9 4e de sa s\u00e9rie en 1&rsquo;48&Prime;90.<\/p>\n<p style=\"text-align: justify;\"><span style=\"text-decoration: underline;\"><strong>Triple saut H \u2013 Qualifications<\/strong><\/span><br \/>\n5e avec 16m65 (meilleure performance de la saison) et 7e avec 16m55, <strong>K\u00e9vin Luron<\/strong> et <strong>Yoann Rapinier<\/strong> se sont qualifi\u00e9s pour la finale. Avec ses 16m89 \u00e0 son deuxi\u00e8me saut, le v\u00e9t\u00e9ran <strong>Nelson Evora<\/strong> a montr\u00e9 qu&rsquo;il comptait bien remporter un troisi\u00e8me titre europ\u00e9en en salle cons\u00e9cutif.<\/p>\n<p style=\"text-align: justify;\"><span style=\"text-decoration: underline;\"><strong>400m F \u2013 Demi-finales<\/strong><\/span><br \/>\nEn difficult\u00e9 lors de la premi\u00e8re demi-finale, <strong>Agn\u00e8s Raharolahy<\/strong> a termin\u00e9 5e en 53&Prime;43. M\u00eames places pour <strong>Amandine Brossier<\/strong> (54&Prime;56) et <strong>D\u00e9borah Sananes<\/strong> (53&Prime;34) qui n&rsquo;entreront pas non plus en finale.<\/p>\n<p style=\"text-align: justify;\"><span style=\"text-decoration: underline;\"><strong>400m H \u2013 Demi-finales<\/strong><\/span><br \/>\nTroisi\u00e8me de sa s\u00e9rie en 47&Prime;07, <strong>Fabrisio Saidy<\/strong> s&rsquo;est qualifi\u00e9 au temps pour la finale.<\/p>\n<p style=\"text-align: justify;\"><span style=\"text-decoration: underline;\"><strong>3000m F \u2013 Finale<br \/>\n<\/strong><\/span>Impressionnante performance de <strong>Laura Muir<\/strong> qui s&rsquo;est impos\u00e9e en 8&rsquo;30&Prime;61avec 4 secondes d&rsquo;avance sur Konstanze Klosterhalfen. <strong>Oph\u00e9lie Claude-Boxberger<\/strong> termine \u00e0 la 15e place en 9&rsquo;19&Prime;55.<span style=\"text-decoration: underline;\"><strong><br \/>\n<\/strong><\/span><\/p>\n<p><em><strong>Arlette<br \/>\n<a href=\"http:\/\/twitter.com\/Shiclette94\"><img loading=\"lazy\" decoding=\"async\" class=\"alignnone size-full wp-image-2908\" src=\"http:\/\/dicodusport.fr\/blog\/wp-content\/uploads\/2017\/07\/logo-twitter-e1516110106986.png\" alt=\"\" width=\"39\" height=\"39\" \/><\/a><br \/>\n<\/strong><\/em><\/p>\n","protected":false},"excerpt":{"rendered":"<p>Belle premi\u00e8re soir\u00e9e pour les Fran\u00e7ais avec une premi\u00e8re m\u00e9daille, remport\u00e9e par Sol\u00e8ne Ndama.<\/p>\n","protected":false},"author":12,"featured_media":34430,"comment_status":"open","ping_status":"closed","sticky":false,"template":"","format":"standard","meta":{"_acf_changed":false,"_daextam_enable_autolinks":"","footnotes":""},"categories":[2,2308],"tags":[5659,7359,5497,150,5223],"class_list":["post-34444","post","type-post","status-publish","format-standard","has-post-thumbnail","hentry","category-actualites","category-athletisme","tag-championnats-deurope-dathletisme","tag-championnats-deurope-dathletisme-en-salle","tag-glasgow","tag-pentathlon","tag-solene-ndama"],"acf":[],"yoast_head":"<!-- This site is optimized with the Yoast SEO Premium plugin v26.7 (Yoast SEO v26.7) - https:\/\/yoast.com\/wordpress\/plugins\/seo\/ -->\n<title>Glasgow - Championnats d&#039;Europe d&#039;athl\u00e9tisme en salle : m\u00e9daille de bronze pour Sol\u00e8ne Ndama<\/title>\n<meta name=\"description\" content=\"Belle premi\u00e8re soir\u00e9e pour les Fran\u00e7ais avec une premi\u00e8re m\u00e9daille, remport\u00e9e par Sol\u00e8ne Ndama.\" \/>\n<meta name=\"robots\" content=\"index, follow, max-snippet:-1, max-image-preview:large, max-video-preview:-1\" \/>\n<link rel=\"canonical\" href=\"https:\/\/dicodusport.fr\/blog\/glasgow-championnats-europe-athletisme-en-salle-medaille-de-bronze-pour-solene-ndama\/\" \/>\n<meta property=\"og:locale\" content=\"fr_FR\" \/>\n<meta property=\"og:type\" content=\"article\" \/>\n<meta property=\"og:title\" content=\"Glasgow - Championnats d&#039;Europe d&#039;athl\u00e9tisme en salle : m\u00e9daille de bronze pour Sol\u00e8ne Ndama\" \/>\n<meta property=\"og:description\" content=\"Belle premi\u00e8re soir\u00e9e pour les Fran\u00e7ais avec une premi\u00e8re m\u00e9daille, remport\u00e9e par Sol\u00e8ne Ndama.\" \/>\n<meta property=\"og:url\" content=\"https:\/\/dicodusport.fr\/blog\/glasgow-championnats-europe-athletisme-en-salle-medaille-de-bronze-pour-solene-ndama\/\" \/>\n<meta property=\"og:site_name\" content=\"Dicodusport\" \/>\n<meta property=\"article:publisher\" content=\"https:\/\/www.facebook.com\/dicodusport\" \/>\n<meta property=\"article:published_time\" content=\"2019-03-01T21:57:23+00:00\" \/>\n<meta property=\"article:modified_time\" content=\"2019-03-03T01:12:43+00:00\" \/>\n<meta property=\"og:image\" content=\"https:\/\/dicodusport.fr\/blog\/wp-content\/uploads\/2019\/03\/Sans-titre2.png\" \/>\n\t<meta property=\"og:image:width\" content=\"800\" \/>\n\t<meta property=\"og:image:height\" content=\"445\" \/>\n\t<meta property=\"og:image:type\" content=\"image\/png\" \/>\n<meta name=\"author\" content=\"Arlette Yeye\" \/>\n<meta name=\"twitter:card\" content=\"summary_large_image\" \/>\n<meta name=\"twitter:creator\" content=\"@https:\/\/twitter.com\/Shiclette94\" \/>\n<meta name=\"twitter:site\" content=\"@dicodusport\" \/>\n<script type=\"application\/ld+json\" class=\"yoast-schema-graph\">{\"@context\":\"https:\/\/schema.org\",\"@graph\":[{\"@type\":\"NewsArticle\",\"@id\":\"https:\/\/dicodusport.fr\/blog\/glasgow-championnats-europe-athletisme-en-salle-medaille-de-bronze-pour-solene-ndama\/#article\",\"isPartOf\":{\"@id\":\"https:\/\/dicodusport.fr\/blog\/glasgow-championnats-europe-athletisme-en-salle-medaille-de-bronze-pour-solene-ndama\/\"},\"author\":{\"name\":\"Arlette Yeye\",\"@id\":\"https:\/\/dicodusport.fr\/blog\/#\/schema\/person\/cce96fa88785bd8573e3d43078ac8c79\"},\"headline\":\"Glasgow &#8211; Championnats d&rsquo;Europe d&rsquo;athl\u00e9tisme en salle : m\u00e9daille de bronze pour Sol\u00e8ne Ndama\",\"datePublished\":\"2019-03-01T21:57:23+00:00\",\"dateModified\":\"2019-03-03T01:12:43+00:00\",\"mainEntityOfPage\":{\"@id\":\"https:\/\/dicodusport.fr\/blog\/glasgow-championnats-europe-athletisme-en-salle-medaille-de-bronze-pour-solene-ndama\/\"},\"wordCount\":543,\"commentCount\":0,\"publisher\":{\"@id\":\"https:\/\/dicodusport.fr\/blog\/#organization\"},\"image\":{\"@id\":\"https:\/\/dicodusport.fr\/blog\/glasgow-championnats-europe-athletisme-en-salle-medaille-de-bronze-pour-solene-ndama\/#primaryimage\"},\"thumbnailUrl\":\"https:\/\/dicodusport.fr\/blog\/wp-content\/uploads\/2019\/03\/Sans-titre2.png\",\"keywords\":[\"Championnats d'Europe d'athl\u00e9tisme\",\"Championnats d'Europe d'athl\u00e9tisme en salle\",\"Glasgow\",\"Pentathlon\",\"Sol\u00e8ne Ndama\"],\"articleSection\":[\"Actualit\u00e9s\",\"Athl\u00e9tisme\"],\"inLanguage\":\"fr-FR\",\"potentialAction\":[{\"@type\":\"CommentAction\",\"name\":\"Comment\",\"target\":[\"https:\/\/dicodusport.fr\/blog\/glasgow-championnats-europe-athletisme-en-salle-medaille-de-bronze-pour-solene-ndama\/#respond\"]}],\"copyrightYear\":\"2019\",\"copyrightHolder\":{\"@id\":\"https:\/\/dicodusport.fr\/blog\/#organization\"}},{\"@type\":\"WebPage\",\"@id\":\"https:\/\/dicodusport.fr\/blog\/glasgow-championnats-europe-athletisme-en-salle-medaille-de-bronze-pour-solene-ndama\/\",\"url\":\"https:\/\/dicodusport.fr\/blog\/glasgow-championnats-europe-athletisme-en-salle-medaille-de-bronze-pour-solene-ndama\/\",\"name\":\"Glasgow - Championnats d'Europe d'athl\u00e9tisme en salle : m\u00e9daille de bronze pour Sol\u00e8ne Ndama\",\"isPartOf\":{\"@id\":\"https:\/\/dicodusport.fr\/blog\/#website\"},\"primaryImageOfPage\":{\"@id\":\"https:\/\/dicodusport.fr\/blog\/glasgow-championnats-europe-athletisme-en-salle-medaille-de-bronze-pour-solene-ndama\/#primaryimage\"},\"image\":{\"@id\":\"https:\/\/dicodusport.fr\/blog\/glasgow-championnats-europe-athletisme-en-salle-medaille-de-bronze-pour-solene-ndama\/#primaryimage\"},\"thumbnailUrl\":\"https:\/\/dicodusport.fr\/blog\/wp-content\/uploads\/2019\/03\/Sans-titre2.png\",\"datePublished\":\"2019-03-01T21:57:23+00:00\",\"dateModified\":\"2019-03-03T01:12:43+00:00\",\"description\":\"Belle premi\u00e8re soir\u00e9e pour les Fran\u00e7ais avec une premi\u00e8re m\u00e9daille, remport\u00e9e par Sol\u00e8ne Ndama.\",\"breadcrumb\":{\"@id\":\"https:\/\/dicodusport.fr\/blog\/glasgow-championnats-europe-athletisme-en-salle-medaille-de-bronze-pour-solene-ndama\/#breadcrumb\"},\"inLanguage\":\"fr-FR\",\"potentialAction\":[{\"@type\":\"ReadAction\",\"target\":[\"https:\/\/dicodusport.fr\/blog\/glasgow-championnats-europe-athletisme-en-salle-medaille-de-bronze-pour-solene-ndama\/\"]}]},{\"@type\":\"ImageObject\",\"inLanguage\":\"fr-FR\",\"@id\":\"https:\/\/dicodusport.fr\/blog\/glasgow-championnats-europe-athletisme-en-salle-medaille-de-bronze-pour-solene-ndama\/#primaryimage\",\"url\":\"https:\/\/dicodusport.fr\/blog\/wp-content\/uploads\/2019\/03\/Sans-titre2.png\",\"contentUrl\":\"https:\/\/dicodusport.fr\/blog\/wp-content\/uploads\/2019\/03\/Sans-titre2.png\",\"width\":800,\"height\":445},{\"@type\":\"BreadcrumbList\",\"@id\":\"https:\/\/dicodusport.fr\/blog\/glasgow-championnats-europe-athletisme-en-salle-medaille-de-bronze-pour-solene-ndama\/#breadcrumb\",\"itemListElement\":[{\"@type\":\"ListItem\",\"position\":1,\"name\":\"Accueil\",\"item\":\"https:\/\/dicodusport.fr\/blog\/\"},{\"@type\":\"ListItem\",\"position\":2,\"name\":\"Glasgow &#8211; Championnats d&rsquo;Europe d&rsquo;athl\u00e9tisme en salle : m\u00e9daille de bronze pour Sol\u00e8ne Ndama\"}]},{\"@type\":\"WebSite\",\"@id\":\"https:\/\/dicodusport.fr\/blog\/#website\",\"url\":\"https:\/\/dicodusport.fr\/blog\/\",\"name\":\"Dicodusport\",\"description\":\"L&#039;encyclop\u00e9die de l&#039;actualit\u00e9 sportive\",\"publisher\":{\"@id\":\"https:\/\/dicodusport.fr\/blog\/#organization\"},\"potentialAction\":[{\"@type\":\"SearchAction\",\"target\":{\"@type\":\"EntryPoint\",\"urlTemplate\":\"https:\/\/dicodusport.fr\/blog\/?s={search_term_string}\"},\"query-input\":{\"@type\":\"PropertyValueSpecification\",\"valueRequired\":true,\"valueName\":\"search_term_string\"}}],\"inLanguage\":\"fr-FR\"},{\"@type\":\"NewsMediaOrganization\",\"@id\":\"https:\/\/dicodusport.fr\/blog\/#organization\",\"name\":\"Dicodusport\",\"url\":\"https:\/\/dicodusport.fr\/blog\/\",\"logo\":{\"@type\":\"ImageObject\",\"inLanguage\":\"fr-FR\",\"@id\":\"https:\/\/dicodusport.fr\/blog\/#\/schema\/logo\/image\/\",\"url\":\"https:\/\/dicodusport.fr\/blog\/wp-content\/uploads\/2020\/06\/cropped-LOGO-DICODUSPORT-2020-SANS-FOND-SANS-TEXTE.png\",\"contentUrl\":\"https:\/\/dicodusport.fr\/blog\/wp-content\/uploads\/2020\/06\/cropped-LOGO-DICODUSPORT-2020-SANS-FOND-SANS-TEXTE.png\",\"width\":512,\"height\":512,\"caption\":\"Dicodusport\"},\"image\":{\"@id\":\"https:\/\/dicodusport.fr\/blog\/#\/schema\/logo\/image\/\"},\"sameAs\":[\"https:\/\/www.facebook.com\/dicodusport\",\"https:\/\/x.com\/dicodusport\",\"https:\/\/www.instagram.com\/dicodusport\/\",\"https:\/\/www.youtube.com\/channel\/UC7V2KZ5sd3htJivAbA4ZG3w\"],\"description\":\"Dicodusport est l'encyclop\u00e9die de l'actualit\u00e9 sportive.\",\"email\":\"bonjour@dicodusport.fr\",\"legalName\":\"DICODUSPORT\",\"foundingDate\":\"2018-01-14\",\"vatID\":\"FR71834470973\",\"taxID\":\"83447097300043\",\"numberOfEmployees\":{\"@type\":\"QuantitativeValue\",\"minValue\":\"1\",\"maxValue\":\"10\"}},{\"@type\":\"Person\",\"@id\":\"https:\/\/dicodusport.fr\/blog\/#\/schema\/person\/cce96fa88785bd8573e3d43078ac8c79\",\"name\":\"Arlette Yeye\",\"image\":{\"@type\":\"ImageObject\",\"inLanguage\":\"fr-FR\",\"@id\":\"https:\/\/dicodusport.fr\/blog\/#\/schema\/person\/image\/\",\"url\":\"https:\/\/secure.gravatar.com\/avatar\/dca4a6239e6d708e46c45d60e160de6c?s=96&d=wp_user_avatar&r=g\",\"contentUrl\":\"https:\/\/secure.gravatar.com\/avatar\/dca4a6239e6d708e46c45d60e160de6c?s=96&d=wp_user_avatar&r=g\",\"caption\":\"Arlette Yeye\"},\"description\":\"Journaliste\/r\u00e9dactrice depuis septembre 2015 - Supportrice de Chelsea, j'ai pour sports de pr\u00e9dilection le handball, l'athl\u00e9tisme et le tennis. Si je tweete plus vite que mon ombre, vous pouvez aussi me retrouver les week-ends sur les playgrounds de Bruxelles pour un petit foot ou basket entre potes. Parcourir la France, l'Europe et plus si affinit\u00e9s pour suivre mes sportifs pr\u00e9f\u00e9r\u00e9s ? Mon kif ! Et c'est avec plaisir que je partage les r\u00e9sultats des sports populaires mais \u00e9galement plus confidentiels pour Dicodusport.\",\"sameAs\":[\"https:\/\/x.com\/https:\/\/twitter.com\/Shiclette94\"],\"url\":\"https:\/\/dicodusport.fr\/blog\/author\/arlette\/\"}]}<\/script>\n<!-- \/ Yoast SEO Premium plugin. -->","yoast_head_json":{"title":"Glasgow - Championnats d'Europe d'athl\u00e9tisme en salle : m\u00e9daille de bronze pour Sol\u00e8ne Ndama","description":"Belle premi\u00e8re soir\u00e9e pour les Fran\u00e7ais avec une premi\u00e8re m\u00e9daille, remport\u00e9e par Sol\u00e8ne Ndama.","robots":{"index":"index","follow":"follow","max-snippet":"max-snippet:-1","max-image-preview":"max-image-preview:large","max-video-preview":"max-video-preview:-1"},"canonical":"https:\/\/dicodusport.fr\/blog\/glasgow-championnats-europe-athletisme-en-salle-medaille-de-bronze-pour-solene-ndama\/","og_locale":"fr_FR","og_type":"article","og_title":"Glasgow - Championnats d'Europe d'athl\u00e9tisme en salle : m\u00e9daille de bronze pour Sol\u00e8ne Ndama","og_description":"Belle premi\u00e8re soir\u00e9e pour les Fran\u00e7ais avec une premi\u00e8re m\u00e9daille, remport\u00e9e par Sol\u00e8ne Ndama.","og_url":"https:\/\/dicodusport.fr\/blog\/glasgow-championnats-europe-athletisme-en-salle-medaille-de-bronze-pour-solene-ndama\/","og_site_name":"Dicodusport","article_publisher":"https:\/\/www.facebook.com\/dicodusport","article_published_time":"2019-03-01T21:57:23+00:00","article_modified_time":"2019-03-03T01:12:43+00:00","og_image":[{"width":800,"height":445,"url":"https:\/\/dicodusport.fr\/blog\/wp-content\/uploads\/2019\/03\/Sans-titre2.png","type":"image\/png"}],"author":"Arlette Yeye","twitter_card":"summary_large_image","twitter_creator":"@https:\/\/twitter.com\/Shiclette94","twitter_site":"@dicodusport","schema":{"@context":"https:\/\/schema.org","@graph":[{"@type":"NewsArticle","@id":"https:\/\/dicodusport.fr\/blog\/glasgow-championnats-europe-athletisme-en-salle-medaille-de-bronze-pour-solene-ndama\/#article","isPartOf":{"@id":"https:\/\/dicodusport.fr\/blog\/glasgow-championnats-europe-athletisme-en-salle-medaille-de-bronze-pour-solene-ndama\/"},"author":{"name":"Arlette Yeye","@id":"https:\/\/dicodusport.fr\/blog\/#\/schema\/person\/cce96fa88785bd8573e3d43078ac8c79"},"headline":"Glasgow &#8211; Championnats d&rsquo;Europe d&rsquo;athl\u00e9tisme en salle : m\u00e9daille de bronze pour Sol\u00e8ne Ndama","datePublished":"2019-03-01T21:57:23+00:00","dateModified":"2019-03-03T01:12:43+00:00","mainEntityOfPage":{"@id":"https:\/\/dicodusport.fr\/blog\/glasgow-championnats-europe-athletisme-en-salle-medaille-de-bronze-pour-solene-ndama\/"},"wordCount":543,"commentCount":0,"publisher":{"@id":"https:\/\/dicodusport.fr\/blog\/#organization"},"image":{"@id":"https:\/\/dicodusport.fr\/blog\/glasgow-championnats-europe-athletisme-en-salle-medaille-de-bronze-pour-solene-ndama\/#primaryimage"},"thumbnailUrl":"https:\/\/dicodusport.fr\/blog\/wp-content\/uploads\/2019\/03\/Sans-titre2.png","keywords":["Championnats d'Europe d'athl\u00e9tisme","Championnats d'Europe d'athl\u00e9tisme en salle","Glasgow","Pentathlon","Sol\u00e8ne Ndama"],"articleSection":["Actualit\u00e9s","Athl\u00e9tisme"],"inLanguage":"fr-FR","potentialAction":[{"@type":"CommentAction","name":"Comment","target":["https:\/\/dicodusport.fr\/blog\/glasgow-championnats-europe-athletisme-en-salle-medaille-de-bronze-pour-solene-ndama\/#respond"]}],"copyrightYear":"2019","copyrightHolder":{"@id":"https:\/\/dicodusport.fr\/blog\/#organization"}},{"@type":"WebPage","@id":"https:\/\/dicodusport.fr\/blog\/glasgow-championnats-europe-athletisme-en-salle-medaille-de-bronze-pour-solene-ndama\/","url":"https:\/\/dicodusport.fr\/blog\/glasgow-championnats-europe-athletisme-en-salle-medaille-de-bronze-pour-solene-ndama\/","name":"Glasgow - Championnats d'Europe d'athl\u00e9tisme en salle : m\u00e9daille de bronze pour Sol\u00e8ne Ndama","isPartOf":{"@id":"https:\/\/dicodusport.fr\/blog\/#website"},"primaryImageOfPage":{"@id":"https:\/\/dicodusport.fr\/blog\/glasgow-championnats-europe-athletisme-en-salle-medaille-de-bronze-pour-solene-ndama\/#primaryimage"},"image":{"@id":"https:\/\/dicodusport.fr\/blog\/glasgow-championnats-europe-athletisme-en-salle-medaille-de-bronze-pour-solene-ndama\/#primaryimage"},"thumbnailUrl":"https:\/\/dicodusport.fr\/blog\/wp-content\/uploads\/2019\/03\/Sans-titre2.png","datePublished":"2019-03-01T21:57:23+00:00","dateModified":"2019-03-03T01:12:43+00:00","description":"Belle premi\u00e8re soir\u00e9e pour les Fran\u00e7ais avec une premi\u00e8re m\u00e9daille, remport\u00e9e par Sol\u00e8ne Ndama.","breadcrumb":{"@id":"https:\/\/dicodusport.fr\/blog\/glasgow-championnats-europe-athletisme-en-salle-medaille-de-bronze-pour-solene-ndama\/#breadcrumb"},"inLanguage":"fr-FR","potentialAction":[{"@type":"ReadAction","target":["https:\/\/dicodusport.fr\/blog\/glasgow-championnats-europe-athletisme-en-salle-medaille-de-bronze-pour-solene-ndama\/"]}]},{"@type":"ImageObject","inLanguage":"fr-FR","@id":"https:\/\/dicodusport.fr\/blog\/glasgow-championnats-europe-athletisme-en-salle-medaille-de-bronze-pour-solene-ndama\/#primaryimage","url":"https:\/\/dicodusport.fr\/blog\/wp-content\/uploads\/2019\/03\/Sans-titre2.png","contentUrl":"https:\/\/dicodusport.fr\/blog\/wp-content\/uploads\/2019\/03\/Sans-titre2.png","width":800,"height":445},{"@type":"BreadcrumbList","@id":"https:\/\/dicodusport.fr\/blog\/glasgow-championnats-europe-athletisme-en-salle-medaille-de-bronze-pour-solene-ndama\/#breadcrumb","itemListElement":[{"@type":"ListItem","position":1,"name":"Accueil","item":"https:\/\/dicodusport.fr\/blog\/"},{"@type":"ListItem","position":2,"name":"Glasgow &#8211; Championnats d&rsquo;Europe d&rsquo;athl\u00e9tisme en salle : m\u00e9daille de bronze pour Sol\u00e8ne Ndama"}]},{"@type":"WebSite","@id":"https:\/\/dicodusport.fr\/blog\/#website","url":"https:\/\/dicodusport.fr\/blog\/","name":"Dicodusport","description":"L&#039;encyclop\u00e9die de l&#039;actualit\u00e9 sportive","publisher":{"@id":"https:\/\/dicodusport.fr\/blog\/#organization"},"potentialAction":[{"@type":"SearchAction","target":{"@type":"EntryPoint","urlTemplate":"https:\/\/dicodusport.fr\/blog\/?s={search_term_string}"},"query-input":{"@type":"PropertyValueSpecification","valueRequired":true,"valueName":"search_term_string"}}],"inLanguage":"fr-FR"},{"@type":"NewsMediaOrganization","@id":"https:\/\/dicodusport.fr\/blog\/#organization","name":"Dicodusport","url":"https:\/\/dicodusport.fr\/blog\/","logo":{"@type":"ImageObject","inLanguage":"fr-FR","@id":"https:\/\/dicodusport.fr\/blog\/#\/schema\/logo\/image\/","url":"https:\/\/dicodusport.fr\/blog\/wp-content\/uploads\/2020\/06\/cropped-LOGO-DICODUSPORT-2020-SANS-FOND-SANS-TEXTE.png","contentUrl":"https:\/\/dicodusport.fr\/blog\/wp-content\/uploads\/2020\/06\/cropped-LOGO-DICODUSPORT-2020-SANS-FOND-SANS-TEXTE.png","width":512,"height":512,"caption":"Dicodusport"},"image":{"@id":"https:\/\/dicodusport.fr\/blog\/#\/schema\/logo\/image\/"},"sameAs":["https:\/\/www.facebook.com\/dicodusport","https:\/\/x.com\/dicodusport","https:\/\/www.instagram.com\/dicodusport\/","https:\/\/www.youtube.com\/channel\/UC7V2KZ5sd3htJivAbA4ZG3w"],"description":"Dicodusport est l'encyclop\u00e9die de l'actualit\u00e9 sportive.","email":"bonjour@dicodusport.fr","legalName":"DICODUSPORT","foundingDate":"2018-01-14","vatID":"FR71834470973","taxID":"83447097300043","numberOfEmployees":{"@type":"QuantitativeValue","minValue":"1","maxValue":"10"}},{"@type":"Person","@id":"https:\/\/dicodusport.fr\/blog\/#\/schema\/person\/cce96fa88785bd8573e3d43078ac8c79","name":"Arlette Yeye","image":{"@type":"ImageObject","inLanguage":"fr-FR","@id":"https:\/\/dicodusport.fr\/blog\/#\/schema\/person\/image\/","url":"https:\/\/secure.gravatar.com\/avatar\/dca4a6239e6d708e46c45d60e160de6c?s=96&d=wp_user_avatar&r=g","contentUrl":"https:\/\/secure.gravatar.com\/avatar\/dca4a6239e6d708e46c45d60e160de6c?s=96&d=wp_user_avatar&r=g","caption":"Arlette Yeye"},"description":"Journaliste\/r\u00e9dactrice depuis septembre 2015 - Supportrice de Chelsea, j'ai pour sports de pr\u00e9dilection le handball, l'athl\u00e9tisme et le tennis. Si je tweete plus vite que mon ombre, vous pouvez aussi me retrouver les week-ends sur les playgrounds de Bruxelles pour un petit foot ou basket entre potes. Parcourir la France, l'Europe et plus si affinit\u00e9s pour suivre mes sportifs pr\u00e9f\u00e9r\u00e9s ? Mon kif ! Et c'est avec plaisir que je partage les r\u00e9sultats des sports populaires mais \u00e9galement plus confidentiels pour Dicodusport.","sameAs":["https:\/\/x.com\/https:\/\/twitter.com\/Shiclette94"],"url":"https:\/\/dicodusport.fr\/blog\/author\/arlette\/"}]}},"_links":{"self":[{"href":"https:\/\/dicodusport.fr\/blog\/wp-json\/wp\/v2\/posts\/34444","targetHints":{"allow":["GET"]}}],"collection":[{"href":"https:\/\/dicodusport.fr\/blog\/wp-json\/wp\/v2\/posts"}],"about":[{"href":"https:\/\/dicodusport.fr\/blog\/wp-json\/wp\/v2\/types\/post"}],"author":[{"embeddable":true,"href":"https:\/\/dicodusport.fr\/blog\/wp-json\/wp\/v2\/users\/12"}],"replies":[{"embeddable":true,"href":"https:\/\/dicodusport.fr\/blog\/wp-json\/wp\/v2\/comments?post=34444"}],"version-history":[{"count":0,"href":"https:\/\/dicodusport.fr\/blog\/wp-json\/wp\/v2\/posts\/34444\/revisions"}],"wp:featuredmedia":[{"embeddable":true,"href":"https:\/\/dicodusport.fr\/blog\/wp-json\/wp\/v2\/media\/34430"}],"wp:attachment":[{"href":"https:\/\/dicodusport.fr\/blog\/wp-json\/wp\/v2\/media?parent=34444"}],"wp:term":[{"taxonomy":"category","embeddable":true,"href":"https:\/\/dicodusport.fr\/blog\/wp-json\/wp\/v2\/categories?post=34444"},{"taxonomy":"post_tag","embeddable":true,"href":"https:\/\/dicodusport.fr\/blog\/wp-json\/wp\/v2\/tags?post=34444"}],"curies":[{"name":"wp","href":"https:\/\/api.w.org\/{rel}","templated":true}]}}