{"id":344498,"date":"2023-01-14T13:58:13","date_gmt":"2023-01-14T12:58:13","guid":{"rendered":"https:\/\/dicodusport.fr\/blog\/?p=344498&#038;preview=true&#038;preview_id=344498"},"modified":"2023-01-14T15:37:51","modified_gmt":"2023-01-14T14:37:51","slug":"atp-challenger-2023-premier-titre-professionnel-pour-arthur-fils","status":"publish","type":"post","link":"https:\/\/dicodusport.fr\/blog\/atp-challenger-2023-premier-titre-professionnel-pour-arthur-fils\/","title":{"rendered":"ATP Challenger 2023 : Premier titre professionnel pour Arthur Fils"},"content":{"rendered":"<p align=\"justify\"><em><b>ATP CHALLENGER 2023 &#8211; L&rsquo;ann\u00e9e commence bien pour les Bleus sur le circuit Challenger. Deux titres aujourd&rsquo;hui, dont celui d&rsquo;Arthur Fils \u00e0 Oeiras, apr\u00e8s une finale bien men\u00e9e.\u00a0<\/b><\/em><\/p>\n<p align=\"justify\">L&rsquo;explosion d&rsquo;<strong>Arthur Fils<\/strong> \u00e9tait attendue en 2023, et le jeune espoir a bien commenc\u00e9 la saison. Au Challenger d&rsquo;Oeiras (Portugal), il a r\u00e9alis\u00e9 un parcours de qualit\u00e9, notamment en \u00e9cartant <strong>Ricardas Berankis<\/strong> hier en demi-finales. Pour sa premi\u00e8re finale professionnelle, il se mesurait \u00e0 <strong>Joris de Loore<\/strong>. D&rsquo;un classement \u00e9quivalent, le Belge avait remport\u00e9 le Challenger de la semaine derni\u00e8re dans cette ville en sortant des qualifications, et restait donc sur 12 victoires cons\u00e9cutives.<\/p>\n<h2 align=\"justify\">Grande premi\u00e8re pour Fils<\/h2>\n<p align=\"justify\">Pas de quoi impressionner le Fran\u00e7ais, qui a fait du petit bois avec son rival dans la premi\u00e8re manche. Poursuivant sur sa lanc\u00e9e, il menait <strong>4-2<\/strong> avant de fl\u00e9chir. Servant pour rester dans la deuxi\u00e8me manche \u00e0 <strong>4-5<\/strong>, il va sortir indemne d&rsquo;un jeu de service de 15 minutes au cours duquel il va sauver sept balles de set. C&rsquo;est au tie-break que va alors se r\u00e9gler l&rsquo;affaire.<\/p>\n<p align=\"justify\">Un jeu d\u00e9cisif o\u00f9 le Fran\u00e7ais va prendre les devants, et mener son avantage au bout, concluant avec une belle ma\u00eetrise d\u00e8s sa premi\u00e8re balle de match. C&rsquo;est donc un premier titre professionnel pour<strong> Arthur Fils, 6-1, 7-6 (4)<\/strong>. Et surtout la confirmation d&rsquo;un grand talent, remarqu\u00e9 lors de sa finale \u00e0 Roland-Garros juniors en 2021. Gr\u00e2ce \u00e0 ce succ\u00e8s, il atteint le meilleur classement de sa carri\u00e8re avec une 195\u00e8me place, et int\u00e8gre pour la premi\u00e8re fois le top 200.<\/p>\n<blockquote class=\"twitter-tweet\">\n<p dir=\"ltr\" lang=\"fr\">PREMIER CHALLENGER POUR ARTHUR FILS \ud83c\udfc6\ud83c\uddeb\ud83c\uddf7<\/p>\n<p>\u00c0 18 ans, le Fran\u00e7ais s&rsquo;offre son premier titre en battant le Belge Joris De Loore (6-1, 7-6) en finale du Challenger d&rsquo;Oeiras. \ud83d\udd25<\/p>\n<p>Il fera son entr\u00e9e dans le TOP 200 pour la premi\u00e8re fois \u00e0 la 195e place. Bravo ! \ud83d\udc4f <a href=\"https:\/\/t.co\/pfk4Q3FAa4\">pic.twitter.com\/pfk4Q3FAa4<\/a><\/p>\n<p>\u2014 Univers Tennis \ud83c\udfbe (@UniversTennis) <a href=\"https:\/\/twitter.com\/UniversTennis\/status\/1614244409507254272?ref_src=twsrc%5Etfw\">January 14, 2023<\/a><\/p><\/blockquote>\n<p><script async src=\"https:\/\/platform.twitter.com\/widgets.js\" charset=\"utf-8\"><\/script><\/p>\n<h2 align=\"justify\">\u00c0 lire aussi<\/h2>\n<ul>\n<li><a href=\"https:\/\/dicodusport.fr\/blog\/atp-challenger-2023-nouveau-titre-pour-arthur-cazaux-apres-une-grosse-semaine-en-thailande\/\"><strong>Arthur Cazaux s&rsquo;impose en Tha\u00eflande\u00a0<\/strong><\/a><\/li>\n<\/ul>\n","protected":false},"excerpt":{"rendered":"<p>ATP CHALLENGER 2023 &#8211; L&rsquo;ann\u00e9e commence bien pour les Bleus sur le circuit Challenger. Deux titres aujourd&rsquo;hui, dont celui d&rsquo;Arthur Fils \u00e0 Oeiras, apr\u00e8s une finale bien men\u00e9e.\u00a0<\/p>\n","protected":false},"author":59,"featured_media":344564,"comment_status":"open","ping_status":"closed","sticky":false,"template":"","format":"standard","meta":{"_acf_changed":false,"_daextam_enable_autolinks":"","footnotes":""},"categories":[2302],"tags":[17250,23734],"class_list":["post-344498","post","type-post","status-publish","format-standard","has-post-thumbnail","hentry","category-tennis","tag-arthur-fils","tag-jeune-francais-tennis"],"acf":[],"yoast_head":"<!-- This site is optimized with the Yoast SEO Premium plugin v26.7 (Yoast SEO v26.7) - https:\/\/yoast.com\/wordpress\/plugins\/seo\/ -->\n<title>ATP Challenger 2023 : Premier titre professionnel pour Arthur Fils<\/title>\n<meta name=\"description\" content=\"ATP CHALLENGER 2023 - L&#039;ann\u00e9e commence bien pour les Bleus, avec deux titres, dont celui d&#039;Arthur Fils \u00e0 Oeiras, apr\u00e8s une finale bien men\u00e9e.\u00a0\" \/>\n<meta name=\"robots\" content=\"index, follow, max-snippet:-1, max-image-preview:large, max-video-preview:-1\" \/>\n<link rel=\"canonical\" href=\"https:\/\/dicodusport.fr\/blog\/atp-challenger-2023-premier-titre-professionnel-pour-arthur-fils\/\" \/>\n<meta property=\"og:locale\" content=\"fr_FR\" \/>\n<meta property=\"og:type\" content=\"article\" \/>\n<meta property=\"og:title\" content=\"ATP Challenger 2023 : Premier titre professionnel pour Arthur Fils\" \/>\n<meta property=\"og:description\" content=\"ATP CHALLENGER 2023 - L&#039;ann\u00e9e commence bien pour les Bleus, avec deux titres, dont celui d&#039;Arthur Fils \u00e0 Oeiras, apr\u00e8s une finale bien men\u00e9e.\u00a0\" \/>\n<meta property=\"og:url\" content=\"https:\/\/dicodusport.fr\/blog\/atp-challenger-2023-premier-titre-professionnel-pour-arthur-fils\/\" \/>\n<meta property=\"og:site_name\" content=\"Dicodusport\" \/>\n<meta property=\"article:publisher\" content=\"https:\/\/www.facebook.com\/dicodusport\" \/>\n<meta property=\"article:author\" content=\"https:\/\/www.facebook.com\/sebastien.gente\/\" \/>\n<meta property=\"article:published_time\" content=\"2023-01-14T12:58:13+00:00\" \/>\n<meta property=\"article:modified_time\" content=\"2023-01-14T14:37:51+00:00\" \/>\n<meta property=\"og:image\" content=\"https:\/\/dicodusport.fr\/blog\/wp-content\/uploads\/2023\/01\/ATP-Challenger-2023-Premier-titre-professionnel-pour-Arthur-Fils.png\" \/>\n\t<meta property=\"og:image:width\" content=\"800\" \/>\n\t<meta property=\"og:image:height\" content=\"445\" \/>\n\t<meta property=\"og:image:type\" content=\"image\/png\" \/>\n<meta name=\"author\" content=\"S\u00e9bastien Gente\" \/>\n<meta name=\"twitter:card\" content=\"summary_large_image\" \/>\n<meta name=\"twitter:title\" content=\"ATP Challenger 2023 : Premier titre professionnel pour Arthur Fils\" \/>\n<meta name=\"twitter:creator\" content=\"@https:\/\/twitter.com\/globulo24\" \/>\n<meta name=\"twitter:site\" content=\"@dicodusport\" \/>\n<script type=\"application\/ld+json\" class=\"yoast-schema-graph\">{\"@context\":\"https:\/\/schema.org\",\"@graph\":[{\"@type\":\"NewsArticle\",\"@id\":\"https:\/\/dicodusport.fr\/blog\/atp-challenger-2023-premier-titre-professionnel-pour-arthur-fils\/#article\",\"isPartOf\":{\"@id\":\"https:\/\/dicodusport.fr\/blog\/atp-challenger-2023-premier-titre-professionnel-pour-arthur-fils\/\"},\"author\":{\"name\":\"S\u00e9bastien Gente\",\"@id\":\"https:\/\/dicodusport.fr\/blog\/#\/schema\/person\/627966a6cde45dbd8c5e36ac85d783da\"},\"headline\":\"ATP Challenger 2023 : Premier titre professionnel pour Arthur Fils\",\"datePublished\":\"2023-01-14T12:58:13+00:00\",\"dateModified\":\"2023-01-14T14:37:51+00:00\",\"mainEntityOfPage\":{\"@id\":\"https:\/\/dicodusport.fr\/blog\/atp-challenger-2023-premier-titre-professionnel-pour-arthur-fils\/\"},\"wordCount\":352,\"commentCount\":0,\"publisher\":{\"@id\":\"https:\/\/dicodusport.fr\/blog\/#organization\"},\"image\":{\"@id\":\"https:\/\/dicodusport.fr\/blog\/atp-challenger-2023-premier-titre-professionnel-pour-arthur-fils\/#primaryimage\"},\"thumbnailUrl\":\"https:\/\/dicodusport.fr\/blog\/wp-content\/uploads\/2023\/01\/ATP-Challenger-2023-Premier-titre-professionnel-pour-Arthur-Fils.png\",\"keywords\":[\"Arthur Fils\",\"jeune fran\u00e7ais tennis\"],\"articleSection\":[\"Tennis\"],\"inLanguage\":\"fr-FR\",\"potentialAction\":[{\"@type\":\"CommentAction\",\"name\":\"Comment\",\"target\":[\"https:\/\/dicodusport.fr\/blog\/atp-challenger-2023-premier-titre-professionnel-pour-arthur-fils\/#respond\"]}],\"copyrightYear\":\"2023\",\"copyrightHolder\":{\"@id\":\"https:\/\/dicodusport.fr\/blog\/#organization\"}},{\"@type\":\"WebPage\",\"@id\":\"https:\/\/dicodusport.fr\/blog\/atp-challenger-2023-premier-titre-professionnel-pour-arthur-fils\/\",\"url\":\"https:\/\/dicodusport.fr\/blog\/atp-challenger-2023-premier-titre-professionnel-pour-arthur-fils\/\",\"name\":\"ATP Challenger 2023 : Premier titre professionnel pour Arthur Fils\",\"isPartOf\":{\"@id\":\"https:\/\/dicodusport.fr\/blog\/#website\"},\"primaryImageOfPage\":{\"@id\":\"https:\/\/dicodusport.fr\/blog\/atp-challenger-2023-premier-titre-professionnel-pour-arthur-fils\/#primaryimage\"},\"image\":{\"@id\":\"https:\/\/dicodusport.fr\/blog\/atp-challenger-2023-premier-titre-professionnel-pour-arthur-fils\/#primaryimage\"},\"thumbnailUrl\":\"https:\/\/dicodusport.fr\/blog\/wp-content\/uploads\/2023\/01\/ATP-Challenger-2023-Premier-titre-professionnel-pour-Arthur-Fils.png\",\"datePublished\":\"2023-01-14T12:58:13+00:00\",\"dateModified\":\"2023-01-14T14:37:51+00:00\",\"description\":\"ATP CHALLENGER 2023 - L'ann\u00e9e commence bien pour les Bleus, avec deux titres, dont celui d'Arthur Fils \u00e0 Oeiras, apr\u00e8s une finale bien men\u00e9e.\u00a0\",\"breadcrumb\":{\"@id\":\"https:\/\/dicodusport.fr\/blog\/atp-challenger-2023-premier-titre-professionnel-pour-arthur-fils\/#breadcrumb\"},\"inLanguage\":\"fr-FR\",\"potentialAction\":[{\"@type\":\"ReadAction\",\"target\":[\"https:\/\/dicodusport.fr\/blog\/atp-challenger-2023-premier-titre-professionnel-pour-arthur-fils\/\"]}]},{\"@type\":\"ImageObject\",\"inLanguage\":\"fr-FR\",\"@id\":\"https:\/\/dicodusport.fr\/blog\/atp-challenger-2023-premier-titre-professionnel-pour-arthur-fils\/#primaryimage\",\"url\":\"https:\/\/dicodusport.fr\/blog\/wp-content\/uploads\/2023\/01\/ATP-Challenger-2023-Premier-titre-professionnel-pour-Arthur-Fils.png\",\"contentUrl\":\"https:\/\/dicodusport.fr\/blog\/wp-content\/uploads\/2023\/01\/ATP-Challenger-2023-Premier-titre-professionnel-pour-Arthur-Fils.png\",\"width\":800,\"height\":445,\"caption\":\"ATP Challenger 2023 Premier titre professionnel pour Arthur Fils\"},{\"@type\":\"BreadcrumbList\",\"@id\":\"https:\/\/dicodusport.fr\/blog\/atp-challenger-2023-premier-titre-professionnel-pour-arthur-fils\/#breadcrumb\",\"itemListElement\":[{\"@type\":\"ListItem\",\"position\":1,\"name\":\"Accueil\",\"item\":\"https:\/\/dicodusport.fr\/blog\/\"},{\"@type\":\"ListItem\",\"position\":2,\"name\":\"ATP Challenger 2023 : Premier titre professionnel pour Arthur Fils\"}]},{\"@type\":\"WebSite\",\"@id\":\"https:\/\/dicodusport.fr\/blog\/#website\",\"url\":\"https:\/\/dicodusport.fr\/blog\/\",\"name\":\"Dicodusport\",\"description\":\"L&#039;encyclop\u00e9die de l&#039;actualit\u00e9 sportive\",\"publisher\":{\"@id\":\"https:\/\/dicodusport.fr\/blog\/#organization\"},\"potentialAction\":[{\"@type\":\"SearchAction\",\"target\":{\"@type\":\"EntryPoint\",\"urlTemplate\":\"https:\/\/dicodusport.fr\/blog\/?s={search_term_string}\"},\"query-input\":{\"@type\":\"PropertyValueSpecification\",\"valueRequired\":true,\"valueName\":\"search_term_string\"}}],\"inLanguage\":\"fr-FR\"},{\"@type\":\"NewsMediaOrganization\",\"@id\":\"https:\/\/dicodusport.fr\/blog\/#organization\",\"name\":\"Dicodusport\",\"url\":\"https:\/\/dicodusport.fr\/blog\/\",\"logo\":{\"@type\":\"ImageObject\",\"inLanguage\":\"fr-FR\",\"@id\":\"https:\/\/dicodusport.fr\/blog\/#\/schema\/logo\/image\/\",\"url\":\"https:\/\/dicodusport.fr\/blog\/wp-content\/uploads\/2020\/06\/cropped-LOGO-DICODUSPORT-2020-SANS-FOND-SANS-TEXTE.png\",\"contentUrl\":\"https:\/\/dicodusport.fr\/blog\/wp-content\/uploads\/2020\/06\/cropped-LOGO-DICODUSPORT-2020-SANS-FOND-SANS-TEXTE.png\",\"width\":512,\"height\":512,\"caption\":\"Dicodusport\"},\"image\":{\"@id\":\"https:\/\/dicodusport.fr\/blog\/#\/schema\/logo\/image\/\"},\"sameAs\":[\"https:\/\/www.facebook.com\/dicodusport\",\"https:\/\/x.com\/dicodusport\",\"https:\/\/www.instagram.com\/dicodusport\/\",\"https:\/\/www.youtube.com\/channel\/UC7V2KZ5sd3htJivAbA4ZG3w\"],\"description\":\"Dicodusport est l'encyclop\u00e9die de l'actualit\u00e9 sportive.\",\"email\":\"bonjour@dicodusport.fr\",\"legalName\":\"DICODUSPORT\",\"foundingDate\":\"2018-01-14\",\"vatID\":\"FR71834470973\",\"taxID\":\"83447097300043\",\"numberOfEmployees\":{\"@type\":\"QuantitativeValue\",\"minValue\":\"1\",\"maxValue\":\"10\"}},{\"@type\":\"Person\",\"@id\":\"https:\/\/dicodusport.fr\/blog\/#\/schema\/person\/627966a6cde45dbd8c5e36ac85d783da\",\"name\":\"S\u00e9bastien Gente\",\"image\":{\"@type\":\"ImageObject\",\"inLanguage\":\"fr-FR\",\"@id\":\"https:\/\/dicodusport.fr\/blog\/#\/schema\/person\/image\/\",\"url\":\"https:\/\/dicodusport.fr\/blog\/wp-content\/uploads\/2021\/09\/1510990_10205810251400683_4124423575079401707_n-150x150.jpg\",\"contentUrl\":\"https:\/\/dicodusport.fr\/blog\/wp-content\/uploads\/2021\/09\/1510990_10205810251400683_4124423575079401707_n-150x150.jpg\",\"caption\":\"S\u00e9bastien Gente\"},\"description\":\"John Stockton, Gianni Bugno, Zinedine Zidane, Steffi Graf, Frode Andresen, St\u00e9phane Stoecklin, Davis Kamoga, Primoz Peterka, Werner Schlager et Aur\u00e9lien Rougerie. Point commun entre ces sportifs? Ils m'ont fait r\u00eaver et ont berc\u00e9 mon adolescence. Je suis un fondu de sports et j'essaie de retranscrire ma passion \u00e0 travers mes articles. Originaire du P\u00e9rigord, ma passion pour les Girondins, les Jaunards et les Jazzmen transpire dans mes \u00e9crits. \u00c0 Dicodusport depuis 2021, je d\u00e9niche les sports m\u00e9connus dans lesquels la France brille, et il y en a !\",\"sameAs\":[\"https:\/\/www.facebook.com\/sebastien.gente\/\",\"https:\/\/www.instagram.com\/sebgente\/\",\"https:\/\/www.linkedin.com\/in\/sbastien-gente-a29583169\/\",\"https:\/\/x.com\/https:\/\/twitter.com\/globulo24\",\"SebastienGente\"],\"worksFor\":\"S\u00e9bastien GENTE\",\"url\":\"https:\/\/dicodusport.fr\/blog\/author\/sebastiengente\/\"}]}<\/script>\n<!-- \/ Yoast SEO Premium plugin. -->","yoast_head_json":{"title":"ATP Challenger 2023 : Premier titre professionnel pour Arthur Fils","description":"ATP CHALLENGER 2023 - L'ann\u00e9e commence bien pour les Bleus, avec deux titres, dont celui d'Arthur Fils \u00e0 Oeiras, apr\u00e8s une finale bien men\u00e9e.\u00a0","robots":{"index":"index","follow":"follow","max-snippet":"max-snippet:-1","max-image-preview":"max-image-preview:large","max-video-preview":"max-video-preview:-1"},"canonical":"https:\/\/dicodusport.fr\/blog\/atp-challenger-2023-premier-titre-professionnel-pour-arthur-fils\/","og_locale":"fr_FR","og_type":"article","og_title":"ATP Challenger 2023 : Premier titre professionnel pour Arthur Fils","og_description":"ATP CHALLENGER 2023 - L'ann\u00e9e commence bien pour les Bleus, avec deux titres, dont celui d'Arthur Fils \u00e0 Oeiras, apr\u00e8s une finale bien men\u00e9e.\u00a0","og_url":"https:\/\/dicodusport.fr\/blog\/atp-challenger-2023-premier-titre-professionnel-pour-arthur-fils\/","og_site_name":"Dicodusport","article_publisher":"https:\/\/www.facebook.com\/dicodusport","article_author":"https:\/\/www.facebook.com\/sebastien.gente\/","article_published_time":"2023-01-14T12:58:13+00:00","article_modified_time":"2023-01-14T14:37:51+00:00","og_image":[{"width":800,"height":445,"url":"https:\/\/dicodusport.fr\/blog\/wp-content\/uploads\/2023\/01\/ATP-Challenger-2023-Premier-titre-professionnel-pour-Arthur-Fils.png","type":"image\/png"}],"author":"S\u00e9bastien Gente","twitter_card":"summary_large_image","twitter_title":"ATP Challenger 2023 : Premier titre professionnel pour Arthur Fils","twitter_creator":"@https:\/\/twitter.com\/globulo24","twitter_site":"@dicodusport","schema":{"@context":"https:\/\/schema.org","@graph":[{"@type":"NewsArticle","@id":"https:\/\/dicodusport.fr\/blog\/atp-challenger-2023-premier-titre-professionnel-pour-arthur-fils\/#article","isPartOf":{"@id":"https:\/\/dicodusport.fr\/blog\/atp-challenger-2023-premier-titre-professionnel-pour-arthur-fils\/"},"author":{"name":"S\u00e9bastien Gente","@id":"https:\/\/dicodusport.fr\/blog\/#\/schema\/person\/627966a6cde45dbd8c5e36ac85d783da"},"headline":"ATP Challenger 2023 : Premier titre professionnel pour Arthur Fils","datePublished":"2023-01-14T12:58:13+00:00","dateModified":"2023-01-14T14:37:51+00:00","mainEntityOfPage":{"@id":"https:\/\/dicodusport.fr\/blog\/atp-challenger-2023-premier-titre-professionnel-pour-arthur-fils\/"},"wordCount":352,"commentCount":0,"publisher":{"@id":"https:\/\/dicodusport.fr\/blog\/#organization"},"image":{"@id":"https:\/\/dicodusport.fr\/blog\/atp-challenger-2023-premier-titre-professionnel-pour-arthur-fils\/#primaryimage"},"thumbnailUrl":"https:\/\/dicodusport.fr\/blog\/wp-content\/uploads\/2023\/01\/ATP-Challenger-2023-Premier-titre-professionnel-pour-Arthur-Fils.png","keywords":["Arthur Fils","jeune fran\u00e7ais tennis"],"articleSection":["Tennis"],"inLanguage":"fr-FR","potentialAction":[{"@type":"CommentAction","name":"Comment","target":["https:\/\/dicodusport.fr\/blog\/atp-challenger-2023-premier-titre-professionnel-pour-arthur-fils\/#respond"]}],"copyrightYear":"2023","copyrightHolder":{"@id":"https:\/\/dicodusport.fr\/blog\/#organization"}},{"@type":"WebPage","@id":"https:\/\/dicodusport.fr\/blog\/atp-challenger-2023-premier-titre-professionnel-pour-arthur-fils\/","url":"https:\/\/dicodusport.fr\/blog\/atp-challenger-2023-premier-titre-professionnel-pour-arthur-fils\/","name":"ATP Challenger 2023 : Premier titre professionnel pour Arthur Fils","isPartOf":{"@id":"https:\/\/dicodusport.fr\/blog\/#website"},"primaryImageOfPage":{"@id":"https:\/\/dicodusport.fr\/blog\/atp-challenger-2023-premier-titre-professionnel-pour-arthur-fils\/#primaryimage"},"image":{"@id":"https:\/\/dicodusport.fr\/blog\/atp-challenger-2023-premier-titre-professionnel-pour-arthur-fils\/#primaryimage"},"thumbnailUrl":"https:\/\/dicodusport.fr\/blog\/wp-content\/uploads\/2023\/01\/ATP-Challenger-2023-Premier-titre-professionnel-pour-Arthur-Fils.png","datePublished":"2023-01-14T12:58:13+00:00","dateModified":"2023-01-14T14:37:51+00:00","description":"ATP CHALLENGER 2023 - L'ann\u00e9e commence bien pour les Bleus, avec deux titres, dont celui d'Arthur Fils \u00e0 Oeiras, apr\u00e8s une finale bien men\u00e9e.\u00a0","breadcrumb":{"@id":"https:\/\/dicodusport.fr\/blog\/atp-challenger-2023-premier-titre-professionnel-pour-arthur-fils\/#breadcrumb"},"inLanguage":"fr-FR","potentialAction":[{"@type":"ReadAction","target":["https:\/\/dicodusport.fr\/blog\/atp-challenger-2023-premier-titre-professionnel-pour-arthur-fils\/"]}]},{"@type":"ImageObject","inLanguage":"fr-FR","@id":"https:\/\/dicodusport.fr\/blog\/atp-challenger-2023-premier-titre-professionnel-pour-arthur-fils\/#primaryimage","url":"https:\/\/dicodusport.fr\/blog\/wp-content\/uploads\/2023\/01\/ATP-Challenger-2023-Premier-titre-professionnel-pour-Arthur-Fils.png","contentUrl":"https:\/\/dicodusport.fr\/blog\/wp-content\/uploads\/2023\/01\/ATP-Challenger-2023-Premier-titre-professionnel-pour-Arthur-Fils.png","width":800,"height":445,"caption":"ATP Challenger 2023 Premier titre professionnel pour Arthur Fils"},{"@type":"BreadcrumbList","@id":"https:\/\/dicodusport.fr\/blog\/atp-challenger-2023-premier-titre-professionnel-pour-arthur-fils\/#breadcrumb","itemListElement":[{"@type":"ListItem","position":1,"name":"Accueil","item":"https:\/\/dicodusport.fr\/blog\/"},{"@type":"ListItem","position":2,"name":"ATP Challenger 2023 : Premier titre professionnel pour Arthur Fils"}]},{"@type":"WebSite","@id":"https:\/\/dicodusport.fr\/blog\/#website","url":"https:\/\/dicodusport.fr\/blog\/","name":"Dicodusport","description":"L&#039;encyclop\u00e9die de l&#039;actualit\u00e9 sportive","publisher":{"@id":"https:\/\/dicodusport.fr\/blog\/#organization"},"potentialAction":[{"@type":"SearchAction","target":{"@type":"EntryPoint","urlTemplate":"https:\/\/dicodusport.fr\/blog\/?s={search_term_string}"},"query-input":{"@type":"PropertyValueSpecification","valueRequired":true,"valueName":"search_term_string"}}],"inLanguage":"fr-FR"},{"@type":"NewsMediaOrganization","@id":"https:\/\/dicodusport.fr\/blog\/#organization","name":"Dicodusport","url":"https:\/\/dicodusport.fr\/blog\/","logo":{"@type":"ImageObject","inLanguage":"fr-FR","@id":"https:\/\/dicodusport.fr\/blog\/#\/schema\/logo\/image\/","url":"https:\/\/dicodusport.fr\/blog\/wp-content\/uploads\/2020\/06\/cropped-LOGO-DICODUSPORT-2020-SANS-FOND-SANS-TEXTE.png","contentUrl":"https:\/\/dicodusport.fr\/blog\/wp-content\/uploads\/2020\/06\/cropped-LOGO-DICODUSPORT-2020-SANS-FOND-SANS-TEXTE.png","width":512,"height":512,"caption":"Dicodusport"},"image":{"@id":"https:\/\/dicodusport.fr\/blog\/#\/schema\/logo\/image\/"},"sameAs":["https:\/\/www.facebook.com\/dicodusport","https:\/\/x.com\/dicodusport","https:\/\/www.instagram.com\/dicodusport\/","https:\/\/www.youtube.com\/channel\/UC7V2KZ5sd3htJivAbA4ZG3w"],"description":"Dicodusport est l'encyclop\u00e9die de l'actualit\u00e9 sportive.","email":"bonjour@dicodusport.fr","legalName":"DICODUSPORT","foundingDate":"2018-01-14","vatID":"FR71834470973","taxID":"83447097300043","numberOfEmployees":{"@type":"QuantitativeValue","minValue":"1","maxValue":"10"}},{"@type":"Person","@id":"https:\/\/dicodusport.fr\/blog\/#\/schema\/person\/627966a6cde45dbd8c5e36ac85d783da","name":"S\u00e9bastien Gente","image":{"@type":"ImageObject","inLanguage":"fr-FR","@id":"https:\/\/dicodusport.fr\/blog\/#\/schema\/person\/image\/","url":"https:\/\/dicodusport.fr\/blog\/wp-content\/uploads\/2021\/09\/1510990_10205810251400683_4124423575079401707_n-150x150.jpg","contentUrl":"https:\/\/dicodusport.fr\/blog\/wp-content\/uploads\/2021\/09\/1510990_10205810251400683_4124423575079401707_n-150x150.jpg","caption":"S\u00e9bastien Gente"},"description":"John Stockton, Gianni Bugno, Zinedine Zidane, Steffi Graf, Frode Andresen, St\u00e9phane Stoecklin, Davis Kamoga, Primoz Peterka, Werner Schlager et Aur\u00e9lien Rougerie. Point commun entre ces sportifs? Ils m'ont fait r\u00eaver et ont berc\u00e9 mon adolescence. Je suis un fondu de sports et j'essaie de retranscrire ma passion \u00e0 travers mes articles. Originaire du P\u00e9rigord, ma passion pour les Girondins, les Jaunards et les Jazzmen transpire dans mes \u00e9crits. \u00c0 Dicodusport depuis 2021, je d\u00e9niche les sports m\u00e9connus dans lesquels la France brille, et il y en a !","sameAs":["https:\/\/www.facebook.com\/sebastien.gente\/","https:\/\/www.instagram.com\/sebgente\/","https:\/\/www.linkedin.com\/in\/sbastien-gente-a29583169\/","https:\/\/x.com\/https:\/\/twitter.com\/globulo24","SebastienGente"],"worksFor":"S\u00e9bastien GENTE","url":"https:\/\/dicodusport.fr\/blog\/author\/sebastiengente\/"}]}},"_links":{"self":[{"href":"https:\/\/dicodusport.fr\/blog\/wp-json\/wp\/v2\/posts\/344498","targetHints":{"allow":["GET"]}}],"collection":[{"href":"https:\/\/dicodusport.fr\/blog\/wp-json\/wp\/v2\/posts"}],"about":[{"href":"https:\/\/dicodusport.fr\/blog\/wp-json\/wp\/v2\/types\/post"}],"author":[{"embeddable":true,"href":"https:\/\/dicodusport.fr\/blog\/wp-json\/wp\/v2\/users\/59"}],"replies":[{"embeddable":true,"href":"https:\/\/dicodusport.fr\/blog\/wp-json\/wp\/v2\/comments?post=344498"}],"version-history":[{"count":0,"href":"https:\/\/dicodusport.fr\/blog\/wp-json\/wp\/v2\/posts\/344498\/revisions"}],"wp:featuredmedia":[{"embeddable":true,"href":"https:\/\/dicodusport.fr\/blog\/wp-json\/wp\/v2\/media\/344564"}],"wp:attachment":[{"href":"https:\/\/dicodusport.fr\/blog\/wp-json\/wp\/v2\/media?parent=344498"}],"wp:term":[{"taxonomy":"category","embeddable":true,"href":"https:\/\/dicodusport.fr\/blog\/wp-json\/wp\/v2\/categories?post=344498"},{"taxonomy":"post_tag","embeddable":true,"href":"https:\/\/dicodusport.fr\/blog\/wp-json\/wp\/v2\/tags?post=344498"}],"curies":[{"name":"wp","href":"https:\/\/api.w.org\/{rel}","templated":true}]}}