{"id":344579,"date":"2023-01-14T14:58:21","date_gmt":"2023-01-14T13:58:21","guid":{"rendered":"https:\/\/dicodusport.fr\/blog\/?p=344579&#038;preview=true&#038;preview_id=344579"},"modified":"2025-08-24T13:08:45","modified_gmt":"2025-08-24T11:08:45","slug":"biathlon-ibu-cup-pokljuka-hanna-kebinger-remporte-premier-sprint","status":"publish","type":"post","link":"https:\/\/dicodusport.fr\/blog\/biathlon-ibu-cup-pokljuka-hanna-kebinger-remporte-premier-sprint\/","title":{"rendered":"Biathlon IBU Cup Pokljuka : L&rsquo;Allemande Hanna Kebinger remporte le premier sprint"},"content":{"rendered":"<p style=\"text-align: justify;\"><b><i><a href=\"https:\/\/dicodusport.fr\/blog\/ibu-cup-pokljuka-2023-programme-complet-et-resultats\/\">BIATHLON &#8211; IBU CUP DE POKLJUKA 2023<\/a> &#8211; Deuxi\u00e8me de l&rsquo;individuel court vendredi, l&rsquo;Allemande Hanna Kebinger a remport\u00e9 le premier sprint de Pokljuka (Slov\u00e9nie), ce samedi. Elle devance la Norv\u00e9gienne Karoline Erdal et l&rsquo;Italienne Michela <em>Carrara. Paula Botet se classe 4\u00e8me.<\/em><\/i><\/b><\/p>\n<p style=\"text-align: justify;\">Succ\u00e8s allemand sur le sprint f\u00e9minin ce samedi \u00e0 <strong>Pokljuka<\/strong>. Deuxi\u00e8me de l&rsquo;individuel court vendredi, <strong>Hanna Kebinger<\/strong> s&rsquo;est cette fois impos\u00e9e. Une seule faute au tir (1-0) et un tr\u00e8s bon temps de ski ont suffi \u00e0 <strong>Kebinger<\/strong> pour l&#8217;emporter en patronne. La Norv\u00e9gienne <strong>Karoline Erdal<\/strong> prend la deuxi\u00e8me place, elle aussi \u00e0 9\/10, \u00e0 17 secondes de la gagne. L&rsquo;Italienne <strong>Michela Carrara<\/strong> compl\u00e8te le podium (9\/10, +18.4). Troisi\u00e8me la veille, <strong>Paula Botet<\/strong> termine cette fois au pied de la bo\u00eete (9\/10, +24.2).<\/p>\n<div id=\"attachment_288108\" style=\"width: 810px\" class=\"wp-caption aligncenter\"><a href=\"https:\/\/dicodusport.fr\/blog\/wp-content\/uploads\/2022\/12\/IBU-Cup-Ridnaun-Paula-Botet-troisieme-du-sprint-Federica-Sanfilippo-simpose.png\"><img loading=\"lazy\" decoding=\"async\" aria-describedby=\"caption-attachment-288108\" class=\"size-full wp-image-288108\" src=\"https:\/\/dicodusport.fr\/blog\/wp-content\/uploads\/2022\/12\/IBU-Cup-Ridnaun-Paula-Botet-troisieme-du-sprint-Federica-Sanfilippo-simpose.png\" alt=\"IBU Cup Ridnaun Paula Botet troisi\u00e8me du sprint, Federica Sanfilippo s'impose\" width=\"800\" height=\"445\" srcset=\"https:\/\/dicodusport.fr\/blog\/wp-content\/uploads\/2022\/12\/IBU-Cup-Ridnaun-Paula-Botet-troisieme-du-sprint-Federica-Sanfilippo-simpose.png 800w, https:\/\/dicodusport.fr\/blog\/wp-content\/uploads\/2022\/12\/IBU-Cup-Ridnaun-Paula-Botet-troisieme-du-sprint-Federica-Sanfilippo-simpose-300x167.png 300w, https:\/\/dicodusport.fr\/blog\/wp-content\/uploads\/2022\/12\/IBU-Cup-Ridnaun-Paula-Botet-troisieme-du-sprint-Federica-Sanfilippo-simpose-768x427.png 768w\" sizes=\"auto, (max-width: 800px) 100vw, 800px\" \/><\/a><p id=\"caption-attachment-288108\" class=\"wp-caption-text\">Paula Botet &#8211; Photo Icon Sport<\/p><\/div>\n<h2 style=\"text-align: justify;\">Classement des Fran\u00e7aises<\/h2>\n<p style=\"text-align: justify;\"><strong>4. Paula Botet<\/strong> \u00e0 24.2 (0-1)<br \/>\n<strong>12. Camille Bened<\/strong> \u00e0 1:12.7 (0-1)<br \/>\n<strong>15. Gilonne Guigonnat<\/strong> \u00e0 1:27.6 (1-0)<br \/>\n<strong>18. Ana\u00eblle Bondoux<\/strong> \u00e0 1:34.3 (2-1)<br \/>\n<strong>34. Oc\u00e9ane Michelon<\/strong> \u00e0 2:11.7 (0-3)<br \/>\n<strong>40. Fany Bertrand<\/strong> \u00e0 2:20.2 (1-1)<\/p>\n<h2 style=\"text-align: justify;\">\u00c0 lire aussi<\/h2>\n<ul>\n<li style=\"text-align: justify;\"><a href=\"https:\/\/dicodusport.fr\/blog\/biathlon-ibu-cup-pokljuka-classement-sprint-femmes\/\"><strong>Le classement complet du sprint femmes<\/strong><\/a><\/li>\n<li style=\"text-align: justify;\"><a href=\"https:\/\/dicodusport.fr\/blog\/ibu-cup-2022-2023-classement-general-femmes\/\"><strong>Classement g\u00e9n\u00e9ral de l&rsquo;IBU Cup<\/strong><\/a><\/li>\n<li style=\"text-align: justify;\"><a href=\"https:\/\/dicodusport.fr\/blog\/biathlon-ibu-cup-2022-2023-le-calendrier-complet\/\"><strong>Le calendrier complet de l&rsquo;IBU Cup 2022-2023<\/strong><\/a><\/li>\n<\/ul>\n","protected":false},"excerpt":{"rendered":"<p>BIATHLON &#8211; IBU CUP DE POKLJUKA 2023 &#8211; Deuxi\u00e8me de l&rsquo;individuel court vendredi, l&rsquo;Allemande Hanna Kebinger a remport\u00e9 le premier sprint de Pokljuka (Slov\u00e9nie), ce samedi. Elle devance la Norv\u00e9gienne Karoline Erdal et l&rsquo;Italienne Michela\u00a0Carrara. Paula Botet se classe 4\u00e8me.<\/p>\n","protected":false},"author":4,"featured_media":344595,"comment_status":"open","ping_status":"closed","sticky":false,"template":"","format":"standard","meta":{"_acf_changed":false,"_daextam_enable_autolinks":"","footnotes":""},"categories":[2426],"tags":[2427,14230,28870,28891],"class_list":["post-344579","post","type-post","status-publish","format-standard","has-post-thumbnail","hentry","category-biathlon","tag-biathlon","tag-biathlon-pokljuka","tag-ibu-cup-pokljuka","tag-sprint-ibu-cup-pokljuka"],"acf":[],"yoast_head":"<!-- This site is optimized with the Yoast SEO Premium plugin v26.7 (Yoast SEO v26.7) - https:\/\/yoast.com\/wordpress\/plugins\/seo\/ -->\n<title>Biathlon IBU Cup Pokljuka : L&#039;Allemande Hanna Kebinger remporte le premier sprint<\/title>\n<meta name=\"description\" content=\"BIATHLON - IBU CUP DE POKLJUKA 2023 - L&#039;Allemande Hanna Kebinger a remport\u00e9 le premier sprint de Pokljuka (Slov\u00e9nie), ce samedi.\" \/>\n<meta name=\"robots\" content=\"index, follow, max-snippet:-1, max-image-preview:large, max-video-preview:-1\" \/>\n<link rel=\"canonical\" href=\"https:\/\/dicodusport.fr\/blog\/biathlon-ibu-cup-pokljuka-hanna-kebinger-remporte-premier-sprint\/\" \/>\n<meta property=\"og:locale\" content=\"fr_FR\" \/>\n<meta property=\"og:type\" content=\"article\" \/>\n<meta property=\"og:title\" content=\"Biathlon IBU Cup Pokljuka : L&#039;Allemande Hanna Kebinger remporte le premier sprint\" \/>\n<meta property=\"og:description\" content=\"BIATHLON - IBU CUP DE POKLJUKA 2023 - L&#039;Allemande Hanna Kebinger a remport\u00e9 le premier sprint de Pokljuka (Slov\u00e9nie), ce samedi.\" \/>\n<meta property=\"og:url\" content=\"https:\/\/dicodusport.fr\/blog\/biathlon-ibu-cup-pokljuka-hanna-kebinger-remporte-premier-sprint\/\" \/>\n<meta property=\"og:site_name\" content=\"Dicodusport\" \/>\n<meta property=\"article:publisher\" content=\"https:\/\/www.facebook.com\/dicodusport\" \/>\n<meta property=\"article:author\" content=\"https:\/\/www.facebook.com\/florent.ostermann\" \/>\n<meta property=\"article:published_time\" content=\"2023-01-14T13:58:21+00:00\" \/>\n<meta property=\"article:modified_time\" content=\"2025-08-24T11:08:45+00:00\" \/>\n<meta property=\"og:image\" content=\"https:\/\/dicodusport.fr\/blog\/wp-content\/uploads\/2023\/01\/Biathlon-IBU-Cup-Pokljuka-LAllemande-Hanna-Kebinger-remporte-le-premier-sprint.png\" \/>\n\t<meta property=\"og:image:width\" content=\"800\" \/>\n\t<meta property=\"og:image:height\" content=\"445\" \/>\n\t<meta property=\"og:image:type\" content=\"image\/png\" \/>\n<meta name=\"author\" content=\"Flo Ostermann\" \/>\n<meta name=\"twitter:card\" content=\"summary_large_image\" \/>\n<meta name=\"twitter:title\" content=\"Biathlon IBU Cup Pokljuka : L&#039;Allemande Hanna Kebinger remporte le premier sprint\" \/>\n<meta name=\"twitter:creator\" content=\"@https:\/\/twitter.com\/FlOstermann\" \/>\n<meta name=\"twitter:site\" content=\"@dicodusport\" \/>\n<script type=\"application\/ld+json\" class=\"yoast-schema-graph\">{\"@context\":\"https:\/\/schema.org\",\"@graph\":[{\"@type\":\"NewsArticle\",\"@id\":\"https:\/\/dicodusport.fr\/blog\/biathlon-ibu-cup-pokljuka-hanna-kebinger-remporte-premier-sprint\/#article\",\"isPartOf\":{\"@id\":\"https:\/\/dicodusport.fr\/blog\/biathlon-ibu-cup-pokljuka-hanna-kebinger-remporte-premier-sprint\/\"},\"author\":{\"name\":\"Flo Ostermann\",\"@id\":\"https:\/\/dicodusport.fr\/blog\/#\/schema\/person\/cb02af4c173ce4a653b55e9baf388d4a\"},\"headline\":\"Biathlon IBU Cup Pokljuka : L&rsquo;Allemande Hanna Kebinger remporte le premier sprint\",\"datePublished\":\"2023-01-14T13:58:21+00:00\",\"dateModified\":\"2025-08-24T11:08:45+00:00\",\"mainEntityOfPage\":{\"@id\":\"https:\/\/dicodusport.fr\/blog\/biathlon-ibu-cup-pokljuka-hanna-kebinger-remporte-premier-sprint\/\"},\"wordCount\":206,\"commentCount\":0,\"publisher\":{\"@id\":\"https:\/\/dicodusport.fr\/blog\/#organization\"},\"image\":{\"@id\":\"https:\/\/dicodusport.fr\/blog\/biathlon-ibu-cup-pokljuka-hanna-kebinger-remporte-premier-sprint\/#primaryimage\"},\"thumbnailUrl\":\"https:\/\/dicodusport.fr\/blog\/wp-content\/uploads\/2023\/01\/Biathlon-IBU-Cup-Pokljuka-LAllemande-Hanna-Kebinger-remporte-le-premier-sprint.png\",\"keywords\":[\"Biathlon\",\"Biathlon Pokljuka\",\"IBU Cup Pokljuka\",\"Sprint IBU Cup Pokljuka\"],\"articleSection\":[\"Biathlon\"],\"inLanguage\":\"fr-FR\",\"potentialAction\":[{\"@type\":\"CommentAction\",\"name\":\"Comment\",\"target\":[\"https:\/\/dicodusport.fr\/blog\/biathlon-ibu-cup-pokljuka-hanna-kebinger-remporte-premier-sprint\/#respond\"]}],\"copyrightYear\":\"2023\",\"copyrightHolder\":{\"@id\":\"https:\/\/dicodusport.fr\/blog\/#organization\"}},{\"@type\":\"WebPage\",\"@id\":\"https:\/\/dicodusport.fr\/blog\/biathlon-ibu-cup-pokljuka-hanna-kebinger-remporte-premier-sprint\/\",\"url\":\"https:\/\/dicodusport.fr\/blog\/biathlon-ibu-cup-pokljuka-hanna-kebinger-remporte-premier-sprint\/\",\"name\":\"Biathlon IBU Cup Pokljuka : L'Allemande Hanna Kebinger remporte le premier sprint\",\"isPartOf\":{\"@id\":\"https:\/\/dicodusport.fr\/blog\/#website\"},\"primaryImageOfPage\":{\"@id\":\"https:\/\/dicodusport.fr\/blog\/biathlon-ibu-cup-pokljuka-hanna-kebinger-remporte-premier-sprint\/#primaryimage\"},\"image\":{\"@id\":\"https:\/\/dicodusport.fr\/blog\/biathlon-ibu-cup-pokljuka-hanna-kebinger-remporte-premier-sprint\/#primaryimage\"},\"thumbnailUrl\":\"https:\/\/dicodusport.fr\/blog\/wp-content\/uploads\/2023\/01\/Biathlon-IBU-Cup-Pokljuka-LAllemande-Hanna-Kebinger-remporte-le-premier-sprint.png\",\"datePublished\":\"2023-01-14T13:58:21+00:00\",\"dateModified\":\"2025-08-24T11:08:45+00:00\",\"description\":\"BIATHLON - IBU CUP DE POKLJUKA 2023 - L'Allemande Hanna Kebinger a remport\u00e9 le premier sprint de Pokljuka (Slov\u00e9nie), ce samedi.\",\"breadcrumb\":{\"@id\":\"https:\/\/dicodusport.fr\/blog\/biathlon-ibu-cup-pokljuka-hanna-kebinger-remporte-premier-sprint\/#breadcrumb\"},\"inLanguage\":\"fr-FR\",\"potentialAction\":[{\"@type\":\"ReadAction\",\"target\":[\"https:\/\/dicodusport.fr\/blog\/biathlon-ibu-cup-pokljuka-hanna-kebinger-remporte-premier-sprint\/\"]}]},{\"@type\":\"ImageObject\",\"inLanguage\":\"fr-FR\",\"@id\":\"https:\/\/dicodusport.fr\/blog\/biathlon-ibu-cup-pokljuka-hanna-kebinger-remporte-premier-sprint\/#primaryimage\",\"url\":\"https:\/\/dicodusport.fr\/blog\/wp-content\/uploads\/2023\/01\/Biathlon-IBU-Cup-Pokljuka-LAllemande-Hanna-Kebinger-remporte-le-premier-sprint.png\",\"contentUrl\":\"https:\/\/dicodusport.fr\/blog\/wp-content\/uploads\/2023\/01\/Biathlon-IBU-Cup-Pokljuka-LAllemande-Hanna-Kebinger-remporte-le-premier-sprint.png\",\"width\":800,\"height\":445,\"caption\":\"Biathlon IBU Cup Pokljuka L'Allemande Hanna Kebinger remporte le premier sprint\"},{\"@type\":\"BreadcrumbList\",\"@id\":\"https:\/\/dicodusport.fr\/blog\/biathlon-ibu-cup-pokljuka-hanna-kebinger-remporte-premier-sprint\/#breadcrumb\",\"itemListElement\":[{\"@type\":\"ListItem\",\"position\":1,\"name\":\"Accueil\",\"item\":\"https:\/\/dicodusport.fr\/blog\/\"},{\"@type\":\"ListItem\",\"position\":2,\"name\":\"Biathlon IBU Cup Pokljuka : L&rsquo;Allemande Hanna Kebinger remporte le premier sprint\"}]},{\"@type\":\"WebSite\",\"@id\":\"https:\/\/dicodusport.fr\/blog\/#website\",\"url\":\"https:\/\/dicodusport.fr\/blog\/\",\"name\":\"Dicodusport\",\"description\":\"L&#039;encyclop\u00e9die de l&#039;actualit\u00e9 sportive\",\"publisher\":{\"@id\":\"https:\/\/dicodusport.fr\/blog\/#organization\"},\"potentialAction\":[{\"@type\":\"SearchAction\",\"target\":{\"@type\":\"EntryPoint\",\"urlTemplate\":\"https:\/\/dicodusport.fr\/blog\/?s={search_term_string}\"},\"query-input\":{\"@type\":\"PropertyValueSpecification\",\"valueRequired\":true,\"valueName\":\"search_term_string\"}}],\"inLanguage\":\"fr-FR\"},{\"@type\":\"NewsMediaOrganization\",\"@id\":\"https:\/\/dicodusport.fr\/blog\/#organization\",\"name\":\"Dicodusport\",\"url\":\"https:\/\/dicodusport.fr\/blog\/\",\"logo\":{\"@type\":\"ImageObject\",\"inLanguage\":\"fr-FR\",\"@id\":\"https:\/\/dicodusport.fr\/blog\/#\/schema\/logo\/image\/\",\"url\":\"https:\/\/dicodusport.fr\/blog\/wp-content\/uploads\/2020\/06\/cropped-LOGO-DICODUSPORT-2020-SANS-FOND-SANS-TEXTE.png\",\"contentUrl\":\"https:\/\/dicodusport.fr\/blog\/wp-content\/uploads\/2020\/06\/cropped-LOGO-DICODUSPORT-2020-SANS-FOND-SANS-TEXTE.png\",\"width\":512,\"height\":512,\"caption\":\"Dicodusport\"},\"image\":{\"@id\":\"https:\/\/dicodusport.fr\/blog\/#\/schema\/logo\/image\/\"},\"sameAs\":[\"https:\/\/www.facebook.com\/dicodusport\",\"https:\/\/x.com\/dicodusport\",\"https:\/\/www.instagram.com\/dicodusport\/\",\"https:\/\/www.youtube.com\/channel\/UC7V2KZ5sd3htJivAbA4ZG3w\"],\"description\":\"Dicodusport est l'encyclop\u00e9die de l'actualit\u00e9 sportive.\",\"email\":\"bonjour@dicodusport.fr\",\"legalName\":\"DICODUSPORT\",\"foundingDate\":\"2018-01-14\",\"vatID\":\"FR71834470973\",\"taxID\":\"83447097300043\",\"numberOfEmployees\":{\"@type\":\"QuantitativeValue\",\"minValue\":\"1\",\"maxValue\":\"10\"}},{\"@type\":\"Person\",\"@id\":\"https:\/\/dicodusport.fr\/blog\/#\/schema\/person\/cb02af4c173ce4a653b55e9baf388d4a\",\"name\":\"Flo Ostermann\",\"image\":{\"@type\":\"ImageObject\",\"inLanguage\":\"fr-FR\",\"@id\":\"https:\/\/dicodusport.fr\/blog\/#\/schema\/person\/image\/\",\"url\":\"https:\/\/dicodusport.fr\/blog\/wp-content\/uploads\/2021\/05\/Flo-Ostermann-150x150.jpg\",\"contentUrl\":\"https:\/\/dicodusport.fr\/blog\/wp-content\/uploads\/2021\/05\/Flo-Ostermann-150x150.jpg\",\"caption\":\"Flo Ostermann\"},\"description\":\"Journaliste\/R\u00e9dacteur depuis septembre 2015 - Mes premiers souvenirs dans le sport ? Les envol\u00e9es du Stade Toulousain et les duels Villeneuve-Schumacher et H\u00e4kkinen-Schumacher \u00e0 la fin des ann\u00e9es 90, la Coupe du monde de football en 1998, l\u2019exploit du XV de France face aux All Blacks en 1999, mais aussi Richard C\u0153ur de Lion qui vole sur les montagnes du Tour de France. Bien parti pour devenir professeur d\u2019EPS, les \u00e9v\u00e9nements de la vie (et la flemme d\u2019animer des s\u00e9ances de 3x500 m\u00e8tres toute ma vie) m\u2019ont conduit \u00e0 revoir mes plans. Me voil\u00e0 depuis fin 2017 sur Dicodusport, m\u00e9dia gr\u00e2ce (et pour) lequel je partage ma passion : le sport dans tous ses \u00e9tats. Le tout accompagn\u00e9 par les fous furieux et folles furieuses cit\u00e9s sur cette page !\",\"sameAs\":[\"https:\/\/www.facebook.com\/florent.ostermann\",\"https:\/\/x.com\/https:\/\/twitter.com\/FlOstermann\",\"admin\"],\"url\":\"https:\/\/dicodusport.fr\/blog\/author\/flo\/\"}]}<\/script>\n<!-- \/ Yoast SEO Premium plugin. -->","yoast_head_json":{"title":"Biathlon IBU Cup Pokljuka : L'Allemande Hanna Kebinger remporte le premier sprint","description":"BIATHLON - IBU CUP DE POKLJUKA 2023 - L'Allemande Hanna Kebinger a remport\u00e9 le premier sprint de Pokljuka (Slov\u00e9nie), ce samedi.","robots":{"index":"index","follow":"follow","max-snippet":"max-snippet:-1","max-image-preview":"max-image-preview:large","max-video-preview":"max-video-preview:-1"},"canonical":"https:\/\/dicodusport.fr\/blog\/biathlon-ibu-cup-pokljuka-hanna-kebinger-remporte-premier-sprint\/","og_locale":"fr_FR","og_type":"article","og_title":"Biathlon IBU Cup Pokljuka : L'Allemande Hanna Kebinger remporte le premier sprint","og_description":"BIATHLON - IBU CUP DE POKLJUKA 2023 - L'Allemande Hanna Kebinger a remport\u00e9 le premier sprint de Pokljuka (Slov\u00e9nie), ce samedi.","og_url":"https:\/\/dicodusport.fr\/blog\/biathlon-ibu-cup-pokljuka-hanna-kebinger-remporte-premier-sprint\/","og_site_name":"Dicodusport","article_publisher":"https:\/\/www.facebook.com\/dicodusport","article_author":"https:\/\/www.facebook.com\/florent.ostermann","article_published_time":"2023-01-14T13:58:21+00:00","article_modified_time":"2025-08-24T11:08:45+00:00","og_image":[{"width":800,"height":445,"url":"https:\/\/dicodusport.fr\/blog\/wp-content\/uploads\/2023\/01\/Biathlon-IBU-Cup-Pokljuka-LAllemande-Hanna-Kebinger-remporte-le-premier-sprint.png","type":"image\/png"}],"author":"Flo Ostermann","twitter_card":"summary_large_image","twitter_title":"Biathlon IBU Cup Pokljuka : L'Allemande Hanna Kebinger remporte le premier sprint","twitter_creator":"@https:\/\/twitter.com\/FlOstermann","twitter_site":"@dicodusport","schema":{"@context":"https:\/\/schema.org","@graph":[{"@type":"NewsArticle","@id":"https:\/\/dicodusport.fr\/blog\/biathlon-ibu-cup-pokljuka-hanna-kebinger-remporte-premier-sprint\/#article","isPartOf":{"@id":"https:\/\/dicodusport.fr\/blog\/biathlon-ibu-cup-pokljuka-hanna-kebinger-remporte-premier-sprint\/"},"author":{"name":"Flo Ostermann","@id":"https:\/\/dicodusport.fr\/blog\/#\/schema\/person\/cb02af4c173ce4a653b55e9baf388d4a"},"headline":"Biathlon IBU Cup Pokljuka : L&rsquo;Allemande Hanna Kebinger remporte le premier sprint","datePublished":"2023-01-14T13:58:21+00:00","dateModified":"2025-08-24T11:08:45+00:00","mainEntityOfPage":{"@id":"https:\/\/dicodusport.fr\/blog\/biathlon-ibu-cup-pokljuka-hanna-kebinger-remporte-premier-sprint\/"},"wordCount":206,"commentCount":0,"publisher":{"@id":"https:\/\/dicodusport.fr\/blog\/#organization"},"image":{"@id":"https:\/\/dicodusport.fr\/blog\/biathlon-ibu-cup-pokljuka-hanna-kebinger-remporte-premier-sprint\/#primaryimage"},"thumbnailUrl":"https:\/\/dicodusport.fr\/blog\/wp-content\/uploads\/2023\/01\/Biathlon-IBU-Cup-Pokljuka-LAllemande-Hanna-Kebinger-remporte-le-premier-sprint.png","keywords":["Biathlon","Biathlon Pokljuka","IBU Cup Pokljuka","Sprint IBU Cup Pokljuka"],"articleSection":["Biathlon"],"inLanguage":"fr-FR","potentialAction":[{"@type":"CommentAction","name":"Comment","target":["https:\/\/dicodusport.fr\/blog\/biathlon-ibu-cup-pokljuka-hanna-kebinger-remporte-premier-sprint\/#respond"]}],"copyrightYear":"2023","copyrightHolder":{"@id":"https:\/\/dicodusport.fr\/blog\/#organization"}},{"@type":"WebPage","@id":"https:\/\/dicodusport.fr\/blog\/biathlon-ibu-cup-pokljuka-hanna-kebinger-remporte-premier-sprint\/","url":"https:\/\/dicodusport.fr\/blog\/biathlon-ibu-cup-pokljuka-hanna-kebinger-remporte-premier-sprint\/","name":"Biathlon IBU Cup Pokljuka : L'Allemande Hanna Kebinger remporte le premier sprint","isPartOf":{"@id":"https:\/\/dicodusport.fr\/blog\/#website"},"primaryImageOfPage":{"@id":"https:\/\/dicodusport.fr\/blog\/biathlon-ibu-cup-pokljuka-hanna-kebinger-remporte-premier-sprint\/#primaryimage"},"image":{"@id":"https:\/\/dicodusport.fr\/blog\/biathlon-ibu-cup-pokljuka-hanna-kebinger-remporte-premier-sprint\/#primaryimage"},"thumbnailUrl":"https:\/\/dicodusport.fr\/blog\/wp-content\/uploads\/2023\/01\/Biathlon-IBU-Cup-Pokljuka-LAllemande-Hanna-Kebinger-remporte-le-premier-sprint.png","datePublished":"2023-01-14T13:58:21+00:00","dateModified":"2025-08-24T11:08:45+00:00","description":"BIATHLON - IBU CUP DE POKLJUKA 2023 - L'Allemande Hanna Kebinger a remport\u00e9 le premier sprint de Pokljuka (Slov\u00e9nie), ce samedi.","breadcrumb":{"@id":"https:\/\/dicodusport.fr\/blog\/biathlon-ibu-cup-pokljuka-hanna-kebinger-remporte-premier-sprint\/#breadcrumb"},"inLanguage":"fr-FR","potentialAction":[{"@type":"ReadAction","target":["https:\/\/dicodusport.fr\/blog\/biathlon-ibu-cup-pokljuka-hanna-kebinger-remporte-premier-sprint\/"]}]},{"@type":"ImageObject","inLanguage":"fr-FR","@id":"https:\/\/dicodusport.fr\/blog\/biathlon-ibu-cup-pokljuka-hanna-kebinger-remporte-premier-sprint\/#primaryimage","url":"https:\/\/dicodusport.fr\/blog\/wp-content\/uploads\/2023\/01\/Biathlon-IBU-Cup-Pokljuka-LAllemande-Hanna-Kebinger-remporte-le-premier-sprint.png","contentUrl":"https:\/\/dicodusport.fr\/blog\/wp-content\/uploads\/2023\/01\/Biathlon-IBU-Cup-Pokljuka-LAllemande-Hanna-Kebinger-remporte-le-premier-sprint.png","width":800,"height":445,"caption":"Biathlon IBU Cup Pokljuka L'Allemande Hanna Kebinger remporte le premier sprint"},{"@type":"BreadcrumbList","@id":"https:\/\/dicodusport.fr\/blog\/biathlon-ibu-cup-pokljuka-hanna-kebinger-remporte-premier-sprint\/#breadcrumb","itemListElement":[{"@type":"ListItem","position":1,"name":"Accueil","item":"https:\/\/dicodusport.fr\/blog\/"},{"@type":"ListItem","position":2,"name":"Biathlon IBU Cup Pokljuka : L&rsquo;Allemande Hanna Kebinger remporte le premier sprint"}]},{"@type":"WebSite","@id":"https:\/\/dicodusport.fr\/blog\/#website","url":"https:\/\/dicodusport.fr\/blog\/","name":"Dicodusport","description":"L&#039;encyclop\u00e9die de l&#039;actualit\u00e9 sportive","publisher":{"@id":"https:\/\/dicodusport.fr\/blog\/#organization"},"potentialAction":[{"@type":"SearchAction","target":{"@type":"EntryPoint","urlTemplate":"https:\/\/dicodusport.fr\/blog\/?s={search_term_string}"},"query-input":{"@type":"PropertyValueSpecification","valueRequired":true,"valueName":"search_term_string"}}],"inLanguage":"fr-FR"},{"@type":"NewsMediaOrganization","@id":"https:\/\/dicodusport.fr\/blog\/#organization","name":"Dicodusport","url":"https:\/\/dicodusport.fr\/blog\/","logo":{"@type":"ImageObject","inLanguage":"fr-FR","@id":"https:\/\/dicodusport.fr\/blog\/#\/schema\/logo\/image\/","url":"https:\/\/dicodusport.fr\/blog\/wp-content\/uploads\/2020\/06\/cropped-LOGO-DICODUSPORT-2020-SANS-FOND-SANS-TEXTE.png","contentUrl":"https:\/\/dicodusport.fr\/blog\/wp-content\/uploads\/2020\/06\/cropped-LOGO-DICODUSPORT-2020-SANS-FOND-SANS-TEXTE.png","width":512,"height":512,"caption":"Dicodusport"},"image":{"@id":"https:\/\/dicodusport.fr\/blog\/#\/schema\/logo\/image\/"},"sameAs":["https:\/\/www.facebook.com\/dicodusport","https:\/\/x.com\/dicodusport","https:\/\/www.instagram.com\/dicodusport\/","https:\/\/www.youtube.com\/channel\/UC7V2KZ5sd3htJivAbA4ZG3w"],"description":"Dicodusport est l'encyclop\u00e9die de l'actualit\u00e9 sportive.","email":"bonjour@dicodusport.fr","legalName":"DICODUSPORT","foundingDate":"2018-01-14","vatID":"FR71834470973","taxID":"83447097300043","numberOfEmployees":{"@type":"QuantitativeValue","minValue":"1","maxValue":"10"}},{"@type":"Person","@id":"https:\/\/dicodusport.fr\/blog\/#\/schema\/person\/cb02af4c173ce4a653b55e9baf388d4a","name":"Flo Ostermann","image":{"@type":"ImageObject","inLanguage":"fr-FR","@id":"https:\/\/dicodusport.fr\/blog\/#\/schema\/person\/image\/","url":"https:\/\/dicodusport.fr\/blog\/wp-content\/uploads\/2021\/05\/Flo-Ostermann-150x150.jpg","contentUrl":"https:\/\/dicodusport.fr\/blog\/wp-content\/uploads\/2021\/05\/Flo-Ostermann-150x150.jpg","caption":"Flo Ostermann"},"description":"Journaliste\/R\u00e9dacteur depuis septembre 2015 - Mes premiers souvenirs dans le sport ? Les envol\u00e9es du Stade Toulousain et les duels Villeneuve-Schumacher et H\u00e4kkinen-Schumacher \u00e0 la fin des ann\u00e9es 90, la Coupe du monde de football en 1998, l\u2019exploit du XV de France face aux All Blacks en 1999, mais aussi Richard C\u0153ur de Lion qui vole sur les montagnes du Tour de France. Bien parti pour devenir professeur d\u2019EPS, les \u00e9v\u00e9nements de la vie (et la flemme d\u2019animer des s\u00e9ances de 3x500 m\u00e8tres toute ma vie) m\u2019ont conduit \u00e0 revoir mes plans. Me voil\u00e0 depuis fin 2017 sur Dicodusport, m\u00e9dia gr\u00e2ce (et pour) lequel je partage ma passion : le sport dans tous ses \u00e9tats. Le tout accompagn\u00e9 par les fous furieux et folles furieuses cit\u00e9s sur cette page !","sameAs":["https:\/\/www.facebook.com\/florent.ostermann","https:\/\/x.com\/https:\/\/twitter.com\/FlOstermann","admin"],"url":"https:\/\/dicodusport.fr\/blog\/author\/flo\/"}]}},"_links":{"self":[{"href":"https:\/\/dicodusport.fr\/blog\/wp-json\/wp\/v2\/posts\/344579","targetHints":{"allow":["GET"]}}],"collection":[{"href":"https:\/\/dicodusport.fr\/blog\/wp-json\/wp\/v2\/posts"}],"about":[{"href":"https:\/\/dicodusport.fr\/blog\/wp-json\/wp\/v2\/types\/post"}],"author":[{"embeddable":true,"href":"https:\/\/dicodusport.fr\/blog\/wp-json\/wp\/v2\/users\/4"}],"replies":[{"embeddable":true,"href":"https:\/\/dicodusport.fr\/blog\/wp-json\/wp\/v2\/comments?post=344579"}],"version-history":[{"count":1,"href":"https:\/\/dicodusport.fr\/blog\/wp-json\/wp\/v2\/posts\/344579\/revisions"}],"predecessor-version":[{"id":605000,"href":"https:\/\/dicodusport.fr\/blog\/wp-json\/wp\/v2\/posts\/344579\/revisions\/605000"}],"wp:featuredmedia":[{"embeddable":true,"href":"https:\/\/dicodusport.fr\/blog\/wp-json\/wp\/v2\/media\/344595"}],"wp:attachment":[{"href":"https:\/\/dicodusport.fr\/blog\/wp-json\/wp\/v2\/media?parent=344579"}],"wp:term":[{"taxonomy":"category","embeddable":true,"href":"https:\/\/dicodusport.fr\/blog\/wp-json\/wp\/v2\/categories?post=344579"},{"taxonomy":"post_tag","embeddable":true,"href":"https:\/\/dicodusport.fr\/blog\/wp-json\/wp\/v2\/tags?post=344579"}],"curies":[{"name":"wp","href":"https:\/\/api.w.org\/{rel}","templated":true}]}}