{"id":344674,"date":"2023-01-14T17:41:20","date_gmt":"2023-01-14T16:41:20","guid":{"rendered":"https:\/\/dicodusport.fr\/blog\/?p=344674&#038;preview=true&#038;preview_id=344674"},"modified":"2023-01-14T17:41:20","modified_gmt":"2023-01-14T16:41:20","slug":"hockey-sur-glace-del-pour-son-retour-en-allemagne-anthony-rech-marque-deja-lhistoire","status":"publish","type":"post","link":"https:\/\/dicodusport.fr\/blog\/hockey-sur-glace-del-pour-son-retour-en-allemagne-anthony-rech-marque-deja-lhistoire\/","title":{"rendered":"Hockey sur glace DEL : Pour son retour en Allemagne, Anthony Rech marque d\u00e9j\u00e0 l\u2019histoire"},"content":{"rendered":"<p align=\"justify\"><i><b>HOCKEY SUR GLACE \/ DEL \u2013 Revenu en Allemagne il y a quelques jours, Anthony Rech n\u2019a pas attendu pour entrer dans l\u2019histoire du championnat. En marquant ce vendredi, l\u2019international tricolore a inscrit son 153<sup>e<\/sup> point en DEL, ce qui fait de lui le meilleur pointeur tricolore de l\u2019histoire outre-Rhin.<\/b><\/i><\/p>\n<p align=\"justify\"><b>Anthony Rech<\/b> a enfin remarqu\u00e9. Lib\u00e9r\u00e9 par le <b>TPS Turku<\/b> il y a une semaine, l\u2019international fran\u00e7ais connaissait un terrible coup de mou en Finlande apr\u00e8s un d\u00e9but de saison canon lors duquel il fut m\u00eame durant quelques jours le meilleur buteur du championnat. \u00c0 son d\u00e9part, il reste d\u2019ailleurs le meilleur buteur actuel du TPS avec 7 r\u00e9alisations.<\/p>\n<h2 style=\"text-align: justify;\" align=\"justify\">La marque de Laurent Meunier effac\u00e9e<\/h2>\n<p align=\"justify\">Afin de se relancer, le joueur de 30 ans a fait le choix de revenir en Allemagne, au sein de la <b>DEL<\/b>. Un championnat qu\u2019il conna\u00eet sur le bout des doigts pour y avoir \u00e9volu\u00e9 cinq ans entre 2017 et 2022, tout d\u2019abord \u00e0 <b>Schwenniger<\/b>, puis surtout \u00e0 <b>Wolfsbourg<\/b>. Avec ce dernier, il avait d\u2019ailleurs atteint les finales du championnat. Il d\u00e9couvre ainsi son troisi\u00e8me club outre-Rhin depuis quelques jours, les <b>Roosters d\u2019Iserlohn<\/b>. Align\u00e9 imm\u00e9diatement sur le premier trio d\u2019attaque du 11<sup>e<\/sup> du championnat, il a pris part \u00e0 la victoire face \u00e0 Bremerhaven vendredi dernier, puis \u00e0 la d\u00e9faite subie sur la glace de ses anciens co\u00e9quipiers de Wolfsbourg dimanche dernier.<\/p>\n<p align=\"justify\">Ce vendredi, la d\u00e9faite a encore \u00e9t\u00e9 au rendez-vous face \u00e0 <b>N\u00fcremberg<\/b> (3-4), concurrent direct pour un acc\u00e8s aux playoffs, alors que les Roosters menaient 3-0 \u00e0 l\u2019entame de la derni\u00e8re p\u00e9riode. <b>Anthony Rech<\/b> a inscrit le troisi\u00e8me but des siens. Une v\u00e9ritable lib\u00e9ration personnelle qui lui permet d\u2019\u00e9tablir une nouvelle marque historique. Effectivement, avant de quitter l\u2019Allemagne l\u2019\u00e9t\u00e9 dernier, il cumulait 152 points en <b>DEL<\/b>, soit le m\u00eame total que l\u2019ancien capitaine de l\u2019\u00e9quipe de France, <b>Laurent Meunier<\/b>. En ajoutant une unit\u00e9 \u00e0 son compteur, le natif de <b>Sallanches<\/b> a ainsi d\u00e9pass\u00e9 son ancien co\u00e9quipier pour devenir le meilleur pointeur tricolore de l\u2019histoire de la DEL. Une belle r\u00e9compense pour celui qui s\u2019est impos\u00e9 comme un joueur fiable au haut niveau europ\u00e9en depuis de longues ann\u00e9es.<\/p>\n<blockquote class=\"twitter-tweet\">\n<p dir=\"ltr\" lang=\"fr\">1er but pour son retour en <a href=\"https:\/\/twitter.com\/hashtag\/DEL?src=hash&amp;ref_src=twsrc%5Etfw\">#DEL<\/a> \ud83c\udde9\ud83c\uddea de Toto, <a href=\"https:\/\/twitter.com\/AnthonyRech?ref_src=twsrc%5Etfw\">@AnthonyRech<\/a> \ud83c\uddeb\ud83c\uddf7 \ud83d\udc4f <a href=\"https:\/\/t.co\/JrxK0qEfZy\">pic.twitter.com\/JrxK0qEfZy<\/a><\/p>\n<p>\u2014 Nicolas Jacquet (@Nico_Jt_) <a href=\"https:\/\/twitter.com\/Nico_Jt_\/status\/1614175854334038019?ref_src=twsrc%5Etfw\">January 14, 2023<\/a><\/p><\/blockquote>\n<p><script async src=\"https:\/\/platform.twitter.com\/widgets.js\" charset=\"utf-8\"><\/script><\/p>\n","protected":false},"excerpt":{"rendered":"<p>HOCKEY SUR GLACE \/ DEL \u2013 Revenu en Allemagne il y a quelques jours, Anthony Rech n\u2019a pas attendu pour entrer dans l\u2019histoire du championnat. En marquant ce vendredi, l\u2019international tricolore a inscrit son 153e point en DEL, ce qui fait de lui le meilleur pointeur tricolore de l\u2019histoire outre-Rhin.<\/p>\n","protected":false},"author":55,"featured_media":344688,"comment_status":"open","ping_status":"closed","sticky":false,"template":"","format":"standard","meta":{"_acf_changed":false,"_daextam_enable_autolinks":"","footnotes":""},"categories":[10575],"tags":[3058,16339,838],"class_list":["post-344674","post","type-post","status-publish","format-standard","has-post-thumbnail","hentry","category-hockey-sur-glace","tag-anthony-rech","tag-del","tag-hockey-sur-glace"],"acf":[],"yoast_head":"<!-- This site is optimized with the Yoast SEO Premium plugin v26.7 (Yoast SEO v26.7) - https:\/\/yoast.com\/wordpress\/plugins\/seo\/ -->\n<title>Hockey sur glace DEL : Pour son retour en Allemagne, Anthony Rech marque d\u00e9j\u00e0 l\u2019histoire<\/title>\n<meta name=\"description\" content=\"Anthony Rech est devenu le meilleur pointeur tricolore en DEL en inscrivant son 153e point vendredi, d\u00e9tr\u00f4nant ainsi Laurent Meunier.\" \/>\n<meta name=\"robots\" content=\"index, follow, max-snippet:-1, max-image-preview:large, max-video-preview:-1\" \/>\n<link rel=\"canonical\" href=\"https:\/\/dicodusport.fr\/blog\/hockey-sur-glace-del-pour-son-retour-en-allemagne-anthony-rech-marque-deja-lhistoire\/\" \/>\n<meta property=\"og:locale\" content=\"fr_FR\" \/>\n<meta property=\"og:type\" content=\"article\" \/>\n<meta property=\"og:title\" content=\"Hockey sur glace DEL : Pour son retour en Allemagne, Anthony Rech marque d\u00e9j\u00e0 l\u2019histoire\" \/>\n<meta property=\"og:description\" content=\"Anthony Rech est devenu le meilleur pointeur tricolore en DEL en inscrivant son 153e point vendredi, d\u00e9tr\u00f4nant ainsi Laurent Meunier.\" \/>\n<meta property=\"og:url\" content=\"https:\/\/dicodusport.fr\/blog\/hockey-sur-glace-del-pour-son-retour-en-allemagne-anthony-rech-marque-deja-lhistoire\/\" \/>\n<meta property=\"og:site_name\" content=\"Dicodusport\" \/>\n<meta property=\"article:publisher\" content=\"https:\/\/www.facebook.com\/dicodusport\" \/>\n<meta property=\"article:published_time\" content=\"2023-01-14T16:41:20+00:00\" \/>\n<meta property=\"og:image\" content=\"https:\/\/dicodusport.fr\/blog\/wp-content\/uploads\/2023\/01\/Hockey-sur-glace-DEL-Pour-son-retour-en-Allemagne-Anthony-Rech-marque-deja-lhistoire.png\" \/>\n\t<meta property=\"og:image:width\" content=\"800\" \/>\n\t<meta property=\"og:image:height\" content=\"445\" \/>\n\t<meta property=\"og:image:type\" content=\"image\/png\" \/>\n<meta name=\"author\" content=\"Maxime Cazenave\" \/>\n<meta name=\"twitter:card\" content=\"summary_large_image\" \/>\n<meta name=\"twitter:title\" content=\"Hockey sur glace DEL : Pour son retour en Allemagne, Anthony Rech marque d\u00e9j\u00e0 l\u2019histoire\" \/>\n<meta name=\"twitter:creator\" content=\"@https:\/\/twitter.com\/Maxime_Caze\" \/>\n<meta name=\"twitter:site\" content=\"@dicodusport\" \/>\n<script type=\"application\/ld+json\" class=\"yoast-schema-graph\">{\"@context\":\"https:\/\/schema.org\",\"@graph\":[{\"@type\":\"NewsArticle\",\"@id\":\"https:\/\/dicodusport.fr\/blog\/hockey-sur-glace-del-pour-son-retour-en-allemagne-anthony-rech-marque-deja-lhistoire\/#article\",\"isPartOf\":{\"@id\":\"https:\/\/dicodusport.fr\/blog\/hockey-sur-glace-del-pour-son-retour-en-allemagne-anthony-rech-marque-deja-lhistoire\/\"},\"author\":{\"name\":\"Maxime Cazenave\",\"@id\":\"https:\/\/dicodusport.fr\/blog\/#\/schema\/person\/37def232098a7a5cbab3974a3690abb0\"},\"headline\":\"Hockey sur glace DEL : Pour son retour en Allemagne, Anthony Rech marque d\u00e9j\u00e0 l\u2019histoire\",\"datePublished\":\"2023-01-14T16:41:20+00:00\",\"mainEntityOfPage\":{\"@id\":\"https:\/\/dicodusport.fr\/blog\/hockey-sur-glace-del-pour-son-retour-en-allemagne-anthony-rech-marque-deja-lhistoire\/\"},\"wordCount\":421,\"commentCount\":0,\"publisher\":{\"@id\":\"https:\/\/dicodusport.fr\/blog\/#organization\"},\"image\":{\"@id\":\"https:\/\/dicodusport.fr\/blog\/hockey-sur-glace-del-pour-son-retour-en-allemagne-anthony-rech-marque-deja-lhistoire\/#primaryimage\"},\"thumbnailUrl\":\"https:\/\/dicodusport.fr\/blog\/wp-content\/uploads\/2023\/01\/Hockey-sur-glace-DEL-Pour-son-retour-en-Allemagne-Anthony-Rech-marque-deja-lhistoire.png\",\"keywords\":[\"Anthony Rech\",\"DEL\",\"hockey sur glace\"],\"articleSection\":[\"Hockey sur glace\"],\"inLanguage\":\"fr-FR\",\"potentialAction\":[{\"@type\":\"CommentAction\",\"name\":\"Comment\",\"target\":[\"https:\/\/dicodusport.fr\/blog\/hockey-sur-glace-del-pour-son-retour-en-allemagne-anthony-rech-marque-deja-lhistoire\/#respond\"]}],\"copyrightYear\":\"2023\",\"copyrightHolder\":{\"@id\":\"https:\/\/dicodusport.fr\/blog\/#organization\"}},{\"@type\":\"WebPage\",\"@id\":\"https:\/\/dicodusport.fr\/blog\/hockey-sur-glace-del-pour-son-retour-en-allemagne-anthony-rech-marque-deja-lhistoire\/\",\"url\":\"https:\/\/dicodusport.fr\/blog\/hockey-sur-glace-del-pour-son-retour-en-allemagne-anthony-rech-marque-deja-lhistoire\/\",\"name\":\"Hockey sur glace DEL : Pour son retour en Allemagne, Anthony Rech marque d\u00e9j\u00e0 l\u2019histoire\",\"isPartOf\":{\"@id\":\"https:\/\/dicodusport.fr\/blog\/#website\"},\"primaryImageOfPage\":{\"@id\":\"https:\/\/dicodusport.fr\/blog\/hockey-sur-glace-del-pour-son-retour-en-allemagne-anthony-rech-marque-deja-lhistoire\/#primaryimage\"},\"image\":{\"@id\":\"https:\/\/dicodusport.fr\/blog\/hockey-sur-glace-del-pour-son-retour-en-allemagne-anthony-rech-marque-deja-lhistoire\/#primaryimage\"},\"thumbnailUrl\":\"https:\/\/dicodusport.fr\/blog\/wp-content\/uploads\/2023\/01\/Hockey-sur-glace-DEL-Pour-son-retour-en-Allemagne-Anthony-Rech-marque-deja-lhistoire.png\",\"datePublished\":\"2023-01-14T16:41:20+00:00\",\"description\":\"Anthony Rech est devenu le meilleur pointeur tricolore en DEL en inscrivant son 153e point vendredi, d\u00e9tr\u00f4nant ainsi Laurent Meunier.\",\"breadcrumb\":{\"@id\":\"https:\/\/dicodusport.fr\/blog\/hockey-sur-glace-del-pour-son-retour-en-allemagne-anthony-rech-marque-deja-lhistoire\/#breadcrumb\"},\"inLanguage\":\"fr-FR\",\"potentialAction\":[{\"@type\":\"ReadAction\",\"target\":[\"https:\/\/dicodusport.fr\/blog\/hockey-sur-glace-del-pour-son-retour-en-allemagne-anthony-rech-marque-deja-lhistoire\/\"]}]},{\"@type\":\"ImageObject\",\"inLanguage\":\"fr-FR\",\"@id\":\"https:\/\/dicodusport.fr\/blog\/hockey-sur-glace-del-pour-son-retour-en-allemagne-anthony-rech-marque-deja-lhistoire\/#primaryimage\",\"url\":\"https:\/\/dicodusport.fr\/blog\/wp-content\/uploads\/2023\/01\/Hockey-sur-glace-DEL-Pour-son-retour-en-Allemagne-Anthony-Rech-marque-deja-lhistoire.png\",\"contentUrl\":\"https:\/\/dicodusport.fr\/blog\/wp-content\/uploads\/2023\/01\/Hockey-sur-glace-DEL-Pour-son-retour-en-Allemagne-Anthony-Rech-marque-deja-lhistoire.png\",\"width\":800,\"height\":445,\"caption\":\"Hockey sur glace DEL Pour son retour en Allemagne, Anthony Rech marque d\u00e9j\u00e0 l\u2019histoire\"},{\"@type\":\"BreadcrumbList\",\"@id\":\"https:\/\/dicodusport.fr\/blog\/hockey-sur-glace-del-pour-son-retour-en-allemagne-anthony-rech-marque-deja-lhistoire\/#breadcrumb\",\"itemListElement\":[{\"@type\":\"ListItem\",\"position\":1,\"name\":\"Accueil\",\"item\":\"https:\/\/dicodusport.fr\/blog\/\"},{\"@type\":\"ListItem\",\"position\":2,\"name\":\"Hockey sur glace DEL : Pour son retour en Allemagne, Anthony Rech marque d\u00e9j\u00e0 l\u2019histoire\"}]},{\"@type\":\"WebSite\",\"@id\":\"https:\/\/dicodusport.fr\/blog\/#website\",\"url\":\"https:\/\/dicodusport.fr\/blog\/\",\"name\":\"Dicodusport\",\"description\":\"L&#039;encyclop\u00e9die de l&#039;actualit\u00e9 sportive\",\"publisher\":{\"@id\":\"https:\/\/dicodusport.fr\/blog\/#organization\"},\"potentialAction\":[{\"@type\":\"SearchAction\",\"target\":{\"@type\":\"EntryPoint\",\"urlTemplate\":\"https:\/\/dicodusport.fr\/blog\/?s={search_term_string}\"},\"query-input\":{\"@type\":\"PropertyValueSpecification\",\"valueRequired\":true,\"valueName\":\"search_term_string\"}}],\"inLanguage\":\"fr-FR\"},{\"@type\":\"NewsMediaOrganization\",\"@id\":\"https:\/\/dicodusport.fr\/blog\/#organization\",\"name\":\"Dicodusport\",\"url\":\"https:\/\/dicodusport.fr\/blog\/\",\"logo\":{\"@type\":\"ImageObject\",\"inLanguage\":\"fr-FR\",\"@id\":\"https:\/\/dicodusport.fr\/blog\/#\/schema\/logo\/image\/\",\"url\":\"https:\/\/dicodusport.fr\/blog\/wp-content\/uploads\/2020\/06\/cropped-LOGO-DICODUSPORT-2020-SANS-FOND-SANS-TEXTE.png\",\"contentUrl\":\"https:\/\/dicodusport.fr\/blog\/wp-content\/uploads\/2020\/06\/cropped-LOGO-DICODUSPORT-2020-SANS-FOND-SANS-TEXTE.png\",\"width\":512,\"height\":512,\"caption\":\"Dicodusport\"},\"image\":{\"@id\":\"https:\/\/dicodusport.fr\/blog\/#\/schema\/logo\/image\/\"},\"sameAs\":[\"https:\/\/www.facebook.com\/dicodusport\",\"https:\/\/x.com\/dicodusport\",\"https:\/\/www.instagram.com\/dicodusport\/\",\"https:\/\/www.youtube.com\/channel\/UC7V2KZ5sd3htJivAbA4ZG3w\"],\"description\":\"Dicodusport est l'encyclop\u00e9die de l'actualit\u00e9 sportive.\",\"email\":\"bonjour@dicodusport.fr\",\"legalName\":\"DICODUSPORT\",\"foundingDate\":\"2018-01-14\",\"vatID\":\"FR71834470973\",\"taxID\":\"83447097300043\",\"numberOfEmployees\":{\"@type\":\"QuantitativeValue\",\"minValue\":\"1\",\"maxValue\":\"10\"}},{\"@type\":\"Person\",\"@id\":\"https:\/\/dicodusport.fr\/blog\/#\/schema\/person\/37def232098a7a5cbab3974a3690abb0\",\"name\":\"Maxime Cazenave\",\"image\":{\"@type\":\"ImageObject\",\"inLanguage\":\"fr-FR\",\"@id\":\"https:\/\/dicodusport.fr\/blog\/#\/schema\/person\/image\/\",\"url\":\"https:\/\/dicodusport.fr\/blog\/wp-content\/uploads\/2021\/05\/Maxime-Cazenave-150x150.jpg\",\"contentUrl\":\"https:\/\/dicodusport.fr\/blog\/wp-content\/uploads\/2021\/05\/Maxime-Cazenave-150x150.jpg\",\"caption\":\"Maxime Cazenave\"},\"description\":\"Journaliste\/R\u00e9dacteur depuis 2012 - Berc\u00e9 par l\u2019amour des Girondins de Bordeaux, les \u00e9checs de Christophe Moreau sur le Tour de France sous l'\u00e8re Lance Armstrong et le fade-away l\u00e9tal de Dirk Nowitzki, ma passion d\u00e9vorante pour le sport a toujours \u00e9t\u00e9 un pan incontournable de ma vie. Transmettre ma passion \u00e0 l\u2019\u00e9crit a \u00e9t\u00e9 une transition naturelle. Suiveur assidu de basket et de hockey sur glace, je garde toujours un peu de place pour suivre le cyclisme, le football et le maximum de performances fran\u00e7aises.\",\"sameAs\":[\"https:\/\/x.com\/https:\/\/twitter.com\/Maxime_Caze\"],\"url\":\"https:\/\/dicodusport.fr\/blog\/author\/maximec\/\"}]}<\/script>\n<!-- \/ Yoast SEO Premium plugin. -->","yoast_head_json":{"title":"Hockey sur glace DEL : Pour son retour en Allemagne, Anthony Rech marque d\u00e9j\u00e0 l\u2019histoire","description":"Anthony Rech est devenu le meilleur pointeur tricolore en DEL en inscrivant son 153e point vendredi, d\u00e9tr\u00f4nant ainsi Laurent Meunier.","robots":{"index":"index","follow":"follow","max-snippet":"max-snippet:-1","max-image-preview":"max-image-preview:large","max-video-preview":"max-video-preview:-1"},"canonical":"https:\/\/dicodusport.fr\/blog\/hockey-sur-glace-del-pour-son-retour-en-allemagne-anthony-rech-marque-deja-lhistoire\/","og_locale":"fr_FR","og_type":"article","og_title":"Hockey sur glace DEL : Pour son retour en Allemagne, Anthony Rech marque d\u00e9j\u00e0 l\u2019histoire","og_description":"Anthony Rech est devenu le meilleur pointeur tricolore en DEL en inscrivant son 153e point vendredi, d\u00e9tr\u00f4nant ainsi Laurent Meunier.","og_url":"https:\/\/dicodusport.fr\/blog\/hockey-sur-glace-del-pour-son-retour-en-allemagne-anthony-rech-marque-deja-lhistoire\/","og_site_name":"Dicodusport","article_publisher":"https:\/\/www.facebook.com\/dicodusport","article_published_time":"2023-01-14T16:41:20+00:00","og_image":[{"width":800,"height":445,"url":"https:\/\/dicodusport.fr\/blog\/wp-content\/uploads\/2023\/01\/Hockey-sur-glace-DEL-Pour-son-retour-en-Allemagne-Anthony-Rech-marque-deja-lhistoire.png","type":"image\/png"}],"author":"Maxime Cazenave","twitter_card":"summary_large_image","twitter_title":"Hockey sur glace DEL : Pour son retour en Allemagne, Anthony Rech marque d\u00e9j\u00e0 l\u2019histoire","twitter_creator":"@https:\/\/twitter.com\/Maxime_Caze","twitter_site":"@dicodusport","schema":{"@context":"https:\/\/schema.org","@graph":[{"@type":"NewsArticle","@id":"https:\/\/dicodusport.fr\/blog\/hockey-sur-glace-del-pour-son-retour-en-allemagne-anthony-rech-marque-deja-lhistoire\/#article","isPartOf":{"@id":"https:\/\/dicodusport.fr\/blog\/hockey-sur-glace-del-pour-son-retour-en-allemagne-anthony-rech-marque-deja-lhistoire\/"},"author":{"name":"Maxime Cazenave","@id":"https:\/\/dicodusport.fr\/blog\/#\/schema\/person\/37def232098a7a5cbab3974a3690abb0"},"headline":"Hockey sur glace DEL : Pour son retour en Allemagne, Anthony Rech marque d\u00e9j\u00e0 l\u2019histoire","datePublished":"2023-01-14T16:41:20+00:00","mainEntityOfPage":{"@id":"https:\/\/dicodusport.fr\/blog\/hockey-sur-glace-del-pour-son-retour-en-allemagne-anthony-rech-marque-deja-lhistoire\/"},"wordCount":421,"commentCount":0,"publisher":{"@id":"https:\/\/dicodusport.fr\/blog\/#organization"},"image":{"@id":"https:\/\/dicodusport.fr\/blog\/hockey-sur-glace-del-pour-son-retour-en-allemagne-anthony-rech-marque-deja-lhistoire\/#primaryimage"},"thumbnailUrl":"https:\/\/dicodusport.fr\/blog\/wp-content\/uploads\/2023\/01\/Hockey-sur-glace-DEL-Pour-son-retour-en-Allemagne-Anthony-Rech-marque-deja-lhistoire.png","keywords":["Anthony Rech","DEL","hockey sur glace"],"articleSection":["Hockey sur glace"],"inLanguage":"fr-FR","potentialAction":[{"@type":"CommentAction","name":"Comment","target":["https:\/\/dicodusport.fr\/blog\/hockey-sur-glace-del-pour-son-retour-en-allemagne-anthony-rech-marque-deja-lhistoire\/#respond"]}],"copyrightYear":"2023","copyrightHolder":{"@id":"https:\/\/dicodusport.fr\/blog\/#organization"}},{"@type":"WebPage","@id":"https:\/\/dicodusport.fr\/blog\/hockey-sur-glace-del-pour-son-retour-en-allemagne-anthony-rech-marque-deja-lhistoire\/","url":"https:\/\/dicodusport.fr\/blog\/hockey-sur-glace-del-pour-son-retour-en-allemagne-anthony-rech-marque-deja-lhistoire\/","name":"Hockey sur glace DEL : Pour son retour en Allemagne, Anthony Rech marque d\u00e9j\u00e0 l\u2019histoire","isPartOf":{"@id":"https:\/\/dicodusport.fr\/blog\/#website"},"primaryImageOfPage":{"@id":"https:\/\/dicodusport.fr\/blog\/hockey-sur-glace-del-pour-son-retour-en-allemagne-anthony-rech-marque-deja-lhistoire\/#primaryimage"},"image":{"@id":"https:\/\/dicodusport.fr\/blog\/hockey-sur-glace-del-pour-son-retour-en-allemagne-anthony-rech-marque-deja-lhistoire\/#primaryimage"},"thumbnailUrl":"https:\/\/dicodusport.fr\/blog\/wp-content\/uploads\/2023\/01\/Hockey-sur-glace-DEL-Pour-son-retour-en-Allemagne-Anthony-Rech-marque-deja-lhistoire.png","datePublished":"2023-01-14T16:41:20+00:00","description":"Anthony Rech est devenu le meilleur pointeur tricolore en DEL en inscrivant son 153e point vendredi, d\u00e9tr\u00f4nant ainsi Laurent Meunier.","breadcrumb":{"@id":"https:\/\/dicodusport.fr\/blog\/hockey-sur-glace-del-pour-son-retour-en-allemagne-anthony-rech-marque-deja-lhistoire\/#breadcrumb"},"inLanguage":"fr-FR","potentialAction":[{"@type":"ReadAction","target":["https:\/\/dicodusport.fr\/blog\/hockey-sur-glace-del-pour-son-retour-en-allemagne-anthony-rech-marque-deja-lhistoire\/"]}]},{"@type":"ImageObject","inLanguage":"fr-FR","@id":"https:\/\/dicodusport.fr\/blog\/hockey-sur-glace-del-pour-son-retour-en-allemagne-anthony-rech-marque-deja-lhistoire\/#primaryimage","url":"https:\/\/dicodusport.fr\/blog\/wp-content\/uploads\/2023\/01\/Hockey-sur-glace-DEL-Pour-son-retour-en-Allemagne-Anthony-Rech-marque-deja-lhistoire.png","contentUrl":"https:\/\/dicodusport.fr\/blog\/wp-content\/uploads\/2023\/01\/Hockey-sur-glace-DEL-Pour-son-retour-en-Allemagne-Anthony-Rech-marque-deja-lhistoire.png","width":800,"height":445,"caption":"Hockey sur glace DEL Pour son retour en Allemagne, Anthony Rech marque d\u00e9j\u00e0 l\u2019histoire"},{"@type":"BreadcrumbList","@id":"https:\/\/dicodusport.fr\/blog\/hockey-sur-glace-del-pour-son-retour-en-allemagne-anthony-rech-marque-deja-lhistoire\/#breadcrumb","itemListElement":[{"@type":"ListItem","position":1,"name":"Accueil","item":"https:\/\/dicodusport.fr\/blog\/"},{"@type":"ListItem","position":2,"name":"Hockey sur glace DEL : Pour son retour en Allemagne, Anthony Rech marque d\u00e9j\u00e0 l\u2019histoire"}]},{"@type":"WebSite","@id":"https:\/\/dicodusport.fr\/blog\/#website","url":"https:\/\/dicodusport.fr\/blog\/","name":"Dicodusport","description":"L&#039;encyclop\u00e9die de l&#039;actualit\u00e9 sportive","publisher":{"@id":"https:\/\/dicodusport.fr\/blog\/#organization"},"potentialAction":[{"@type":"SearchAction","target":{"@type":"EntryPoint","urlTemplate":"https:\/\/dicodusport.fr\/blog\/?s={search_term_string}"},"query-input":{"@type":"PropertyValueSpecification","valueRequired":true,"valueName":"search_term_string"}}],"inLanguage":"fr-FR"},{"@type":"NewsMediaOrganization","@id":"https:\/\/dicodusport.fr\/blog\/#organization","name":"Dicodusport","url":"https:\/\/dicodusport.fr\/blog\/","logo":{"@type":"ImageObject","inLanguage":"fr-FR","@id":"https:\/\/dicodusport.fr\/blog\/#\/schema\/logo\/image\/","url":"https:\/\/dicodusport.fr\/blog\/wp-content\/uploads\/2020\/06\/cropped-LOGO-DICODUSPORT-2020-SANS-FOND-SANS-TEXTE.png","contentUrl":"https:\/\/dicodusport.fr\/blog\/wp-content\/uploads\/2020\/06\/cropped-LOGO-DICODUSPORT-2020-SANS-FOND-SANS-TEXTE.png","width":512,"height":512,"caption":"Dicodusport"},"image":{"@id":"https:\/\/dicodusport.fr\/blog\/#\/schema\/logo\/image\/"},"sameAs":["https:\/\/www.facebook.com\/dicodusport","https:\/\/x.com\/dicodusport","https:\/\/www.instagram.com\/dicodusport\/","https:\/\/www.youtube.com\/channel\/UC7V2KZ5sd3htJivAbA4ZG3w"],"description":"Dicodusport est l'encyclop\u00e9die de l'actualit\u00e9 sportive.","email":"bonjour@dicodusport.fr","legalName":"DICODUSPORT","foundingDate":"2018-01-14","vatID":"FR71834470973","taxID":"83447097300043","numberOfEmployees":{"@type":"QuantitativeValue","minValue":"1","maxValue":"10"}},{"@type":"Person","@id":"https:\/\/dicodusport.fr\/blog\/#\/schema\/person\/37def232098a7a5cbab3974a3690abb0","name":"Maxime Cazenave","image":{"@type":"ImageObject","inLanguage":"fr-FR","@id":"https:\/\/dicodusport.fr\/blog\/#\/schema\/person\/image\/","url":"https:\/\/dicodusport.fr\/blog\/wp-content\/uploads\/2021\/05\/Maxime-Cazenave-150x150.jpg","contentUrl":"https:\/\/dicodusport.fr\/blog\/wp-content\/uploads\/2021\/05\/Maxime-Cazenave-150x150.jpg","caption":"Maxime Cazenave"},"description":"Journaliste\/R\u00e9dacteur depuis 2012 - Berc\u00e9 par l\u2019amour des Girondins de Bordeaux, les \u00e9checs de Christophe Moreau sur le Tour de France sous l'\u00e8re Lance Armstrong et le fade-away l\u00e9tal de Dirk Nowitzki, ma passion d\u00e9vorante pour le sport a toujours \u00e9t\u00e9 un pan incontournable de ma vie. Transmettre ma passion \u00e0 l\u2019\u00e9crit a \u00e9t\u00e9 une transition naturelle. Suiveur assidu de basket et de hockey sur glace, je garde toujours un peu de place pour suivre le cyclisme, le football et le maximum de performances fran\u00e7aises.","sameAs":["https:\/\/x.com\/https:\/\/twitter.com\/Maxime_Caze"],"url":"https:\/\/dicodusport.fr\/blog\/author\/maximec\/"}]}},"_links":{"self":[{"href":"https:\/\/dicodusport.fr\/blog\/wp-json\/wp\/v2\/posts\/344674","targetHints":{"allow":["GET"]}}],"collection":[{"href":"https:\/\/dicodusport.fr\/blog\/wp-json\/wp\/v2\/posts"}],"about":[{"href":"https:\/\/dicodusport.fr\/blog\/wp-json\/wp\/v2\/types\/post"}],"author":[{"embeddable":true,"href":"https:\/\/dicodusport.fr\/blog\/wp-json\/wp\/v2\/users\/55"}],"replies":[{"embeddable":true,"href":"https:\/\/dicodusport.fr\/blog\/wp-json\/wp\/v2\/comments?post=344674"}],"version-history":[{"count":0,"href":"https:\/\/dicodusport.fr\/blog\/wp-json\/wp\/v2\/posts\/344674\/revisions"}],"wp:featuredmedia":[{"embeddable":true,"href":"https:\/\/dicodusport.fr\/blog\/wp-json\/wp\/v2\/media\/344688"}],"wp:attachment":[{"href":"https:\/\/dicodusport.fr\/blog\/wp-json\/wp\/v2\/media?parent=344674"}],"wp:term":[{"taxonomy":"category","embeddable":true,"href":"https:\/\/dicodusport.fr\/blog\/wp-json\/wp\/v2\/categories?post=344674"},{"taxonomy":"post_tag","embeddable":true,"href":"https:\/\/dicodusport.fr\/blog\/wp-json\/wp\/v2\/tags?post=344674"}],"curies":[{"name":"wp","href":"https:\/\/api.w.org\/{rel}","templated":true}]}}