{"id":345016,"date":"2023-01-15T15:06:06","date_gmt":"2023-01-15T14:06:06","guid":{"rendered":"https:\/\/dicodusport.fr\/blog\/?p=345016&#038;preview=true&#038;preview_id=345016"},"modified":"2025-08-24T13:08:12","modified_gmt":"2025-08-24T11:08:12","slug":"biathlon-ibu-cup-pokljuka-paula-botet-remporte-le-deuxieme-sprint","status":"publish","type":"post","link":"https:\/\/dicodusport.fr\/blog\/biathlon-ibu-cup-pokljuka-paula-botet-remporte-le-deuxieme-sprint\/","title":{"rendered":"Biathlon IBU Cup Pokljuka : Paula Botet remporte le deuxi\u00e8me sprint !"},"content":{"rendered":"<p style=\"text-align: justify;\"><b><i><a href=\"https:\/\/dicodusport.fr\/blog\/ibu-cup-pokljuka-2023-programme-complet-et-resultats\/\">BIATHLON &#8211; IBU CUP DE POKLJUKA 2023<\/a> &#8211; Troisi\u00e8me de l&rsquo;individuel et quatri\u00e8me du premier sprint de la semaine, la Fran\u00e7aise Paula Botet a remport\u00e9 le deuxi\u00e8me sprint en Slov\u00e9nie ce dimanche. Elle devance les Allemandes Hanna Kebinger et Lisa Maria Spark<em>. Camille Bened se classe 4\u00e8me.<\/em><\/i><\/b><\/p>\n<p style=\"text-align: justify;\">\u00c0 l\u2019occasion de l\u2019\u00e9tape de l\u2019IBU Cup \u00e0 Pokljuka en Slov\u00e9nie, six jeunes biathl\u00e8tes fran\u00e7aises \u00e9taient align\u00e9es sur le sprint du jour. On retrouvait d\u2019abord <strong>Paula Botet<\/strong> avec le dossard 30, elle qui a fait troisi\u00e8me de l\u2019individuel et 4<sup>\u00e8me<\/sup> du premier sprint cette semaine. Ensuite, <strong>Ana\u00eblle Bondoux<\/strong>, <strong>Gilonne Guigonnat<\/strong>, <strong>Fany Bertrand<\/strong>, <strong>Oc\u00e9ane Michelon<\/strong> et <strong>Camille Bened<\/strong> s\u2019\u00e9lan\u00e7aient pour la course.<\/p>\n<h2 style=\"text-align: justify;\"><strong>Paula Botet largement\u00a0<\/strong>vainqueur<\/h2>\n<p style=\"text-align: justify;\">Les 85 biathl\u00e8tes ont pris le d\u00e9part de la course. Les Fran\u00e7aises ont \u00e9t\u00e9 lanc\u00e9es par <strong>Paula Botet<\/strong>. Sur son tir couch\u00e9, la Tricolore n\u2019a rien rat\u00e9 et a fait le plein. Arriv\u00e9e au tir debout, elle n\u2019a pas trembl\u00e9 pour blanchir toutes ses cibles et r\u00e9aliser l\u2019un des seuls 10\/10 du jour. \u00a0Avec un tr\u00e8s bon temps de ski, elle a franchi la ligne d\u2019arriv\u00e9e avec le premier temps et le conservera jusqu\u2019\u00e0 la fin de la course. Elle devance les deux Allemandes <strong>Hanna Kebinger<\/strong> et <strong>Lisa Maria Spark<\/strong> qui compl\u00e8tent le podium.<\/p>\n<blockquote class=\"twitter-tweet\">\n<p dir=\"ltr\" lang=\"en\">Final competition of <a href=\"https:\/\/twitter.com\/BiatlonPokljuka?ref_src=twsrc%5Etfw\">@BiatlonPokljuka<\/a> &#8211; Women Sprint &#8211; is history!\ud83d\udcab<\/p>\n<p>1.\ud83c\uddeb\ud83c\uddf7Paula Botet<br \/>\n2.\ud83c\udde9\ud83c\uddeaHanna Kebinger<br \/>\n3.\ud83c\udde9\ud83c\uddeaLisa Maria Spark<\/p>\n<p>\ud83d\udcf7Deubert\/IBU | <a href=\"https:\/\/twitter.com\/hashtag\/biathlon?src=hash&amp;ref_src=twsrc%5Etfw\">#biathlon<\/a> | <a href=\"https:\/\/twitter.com\/hashtag\/ibucup?src=hash&amp;ref_src=twsrc%5Etfw\">#ibucup<\/a> <a href=\"https:\/\/t.co\/IiUMyrE1MB\">pic.twitter.com\/IiUMyrE1MB<\/a><\/p>\n<p>\u2014 IBU Cup Biathlon (@IBU_CUP) <a href=\"https:\/\/twitter.com\/IBU_CUP\/status\/1614635093682950148?ref_src=twsrc%5Etfw\">January 15, 2023<\/a><\/p><\/blockquote>\n<p><script async src=\"https:\/\/platform.twitter.com\/widgets.js\" charset=\"utf-8\"><\/script><\/p>\n<p style=\"text-align: justify;\"><strong>Camille Bened <\/strong>\u00e9tait la derni\u00e8re tricolore \u00e0 prendre le d\u00e9part avec le dossard 65. Elle a imit\u00e9 ses compatriotes avec un tir couch\u00e9 impeccable. De plus, elle compl\u00e8te cette belle performance avec un 10\/10 au final. La biathl\u00e8te est ressortie \u00e0 la bataille pour le podium. Finalement, elle n\u2019a pu faire mieux que 4<sup>\u00e8me<\/sup> aujourd\u2019hui.<\/p>\n<h2><strong>Les autres Fran\u00e7aises \u00e9galement solides<\/strong><\/h2>\n<p style=\"text-align: justify;\">Dossard 31, sa compatriote et d\u00e9butante <strong>Ana\u00eblle Bondoux<\/strong> a fait deux fautes sur son tir couch\u00e9 puis trois sur son debout. Un score sur le pas de tir insuffisant mais ressemblant \u00e0 de nombreuses biathl\u00e8tes aujourd\u2019hui. Elle prendra finalement la 31<sup>\u00e8me<\/sup> place. Apr\u00e8s une faute \u00e0 son premier tir, <strong>Gilonne Guigonnat<\/strong> s\u2019en est finalement sortie avec le 9\/10. En difficult\u00e9 sur les skis, elle a tout de m\u00eame s\u00e9curis\u00e9 une 15<sup>\u00e8me<\/sup> place \u00e0 l\u2019arriv\u00e9e et prend des points sur ses adversaires directes au classement g\u00e9n\u00e9ral.<\/p>\n<p style=\"text-align: justify;\"><strong>Fany Bertrand<\/strong> a \u00e9t\u00e9 au top sur le pas de tir aujourd\u2019hui avec un 10\/10. Elle a bien assur\u00e9 pour se placer en 13<sup>\u00e8me<\/sup> position de cette course. La toute jeune <strong>Oc\u00e9ane Michelon<\/strong> partait avec le dossard 60. Elle a parfaitement g\u00e9r\u00e9 son tir couch\u00e9 avec le 5\/5. Avec une faute sur son tir debout, la Fran\u00e7aise a r\u00e9alis\u00e9 une belle course pour se placer 18<sup>\u00e8me<\/sup> \u00e0 l\u2019arriv\u00e9e.<\/p>\n<h2><strong>Le classement des Fran\u00e7aises<\/strong><\/h2>\n<p>1. <strong>Paula Botet<\/strong> (+0.0) 0-0<br \/>\n4. <strong>Camille Bened<\/strong> (+54.9) 0-0<br \/>\n13. <strong>Fany Bertrand<\/strong> (+1:32.0) 0-0<br \/>\n15. <strong>Gilonne Guigonnat <\/strong>(+1:34.7) 1-0<br \/>\n18. <strong>Oc\u00e9ane Michelon<\/strong> (+2:03.4) 0-1<br \/>\n31. <strong>Ana\u00eblle Bondoux<\/strong> (+2:45.2) 2-3<\/p>\n<h2 style=\"text-align: justify;\">\u00c0 lire aussi<\/h2>\n<ul>\n<li style=\"text-align: justify;\"><a href=\"https:\/\/dicodusport.fr\/blog\/biathlon-ibu-cup-pokljuka-classement-deuxieme-sprint-femmes\/\"><strong>Le classement complet du deuxi\u00e8me sprint femmes<\/strong><\/a><\/li>\n<li style=\"text-align: justify;\"><a href=\"https:\/\/dicodusport.fr\/blog\/ibu-cup-2022-2023-classement-general-femmes\/\"><strong>Classement g\u00e9n\u00e9ral de l&rsquo;IBU Cup<\/strong><\/a><\/li>\n<li style=\"text-align: justify;\"><a href=\"https:\/\/dicodusport.fr\/blog\/biathlon-ibu-cup-2022-2023-le-calendrier-complet\/\"><strong>Le calendrier complet de l&rsquo;IBU Cup 2022-2023<\/strong><\/a><\/li>\n<\/ul>\n","protected":false},"excerpt":{"rendered":"<p>BIATHLON &#8211; IBU CUP DE POKLJUKA 2023 &#8211; Troisi\u00e8me de l&rsquo;individuel et quatri\u00e8me du premier sprint de la semaine, la Fran\u00e7aise Paula Botet a remport\u00e9 le deuxi\u00e8me sprint en Slov\u00e9nie ce dimanche. Elle devance les Allemandes Hanna Kebinger et Lisa Maria Spark. Camille Bened se classe 4\u00e8me.<\/p>\n","protected":false},"author":54,"featured_media":345121,"comment_status":"open","ping_status":"closed","sticky":false,"template":"","format":"standard","meta":{"_acf_changed":false,"_daextam_enable_autolinks":"","footnotes":""},"categories":[2426],"tags":[2427,14230,28870,20988,28891],"class_list":["post-345016","post","type-post","status-publish","format-standard","has-post-thumbnail","hentry","category-biathlon","tag-biathlon","tag-biathlon-pokljuka","tag-ibu-cup-pokljuka","tag-paula-botet","tag-sprint-ibu-cup-pokljuka"],"acf":[],"yoast_head":"<!-- This site is optimized with the Yoast SEO Premium plugin v26.7 (Yoast SEO v26.7) - https:\/\/yoast.com\/wordpress\/plugins\/seo\/ -->\n<title>Biathlon IBU Cup Pokljuka : Paula Botet remporte le deuxi\u00e8me sprint !<\/title>\n<meta name=\"description\" content=\"BIATHLON - IBU CUP DE POKLJUKA 2023 - La Fran\u00e7aise Paula Botet s&#039;impose en Slov\u00e9nie pour le deuxi\u00e8me sprint de la saison.\" \/>\n<meta name=\"robots\" content=\"index, follow, max-snippet:-1, max-image-preview:large, max-video-preview:-1\" \/>\n<link rel=\"canonical\" href=\"https:\/\/dicodusport.fr\/blog\/biathlon-ibu-cup-pokljuka-paula-botet-remporte-le-deuxieme-sprint\/\" \/>\n<meta property=\"og:locale\" content=\"fr_FR\" \/>\n<meta property=\"og:type\" content=\"article\" \/>\n<meta property=\"og:title\" content=\"Biathlon IBU Cup Pokljuka : Paula Botet remporte le deuxi\u00e8me sprint !\" \/>\n<meta property=\"og:description\" content=\"BIATHLON - IBU CUP DE POKLJUKA 2023 - La Fran\u00e7aise Paula Botet s&#039;impose en Slov\u00e9nie pour le deuxi\u00e8me sprint de la saison.\" \/>\n<meta property=\"og:url\" content=\"https:\/\/dicodusport.fr\/blog\/biathlon-ibu-cup-pokljuka-paula-botet-remporte-le-deuxieme-sprint\/\" \/>\n<meta property=\"og:site_name\" content=\"Dicodusport\" \/>\n<meta property=\"article:publisher\" content=\"https:\/\/www.facebook.com\/dicodusport\" \/>\n<meta property=\"article:author\" content=\"https:\/\/www.facebook.com\/roxane.lecacher\" \/>\n<meta property=\"article:published_time\" content=\"2023-01-15T14:06:06+00:00\" \/>\n<meta property=\"article:modified_time\" content=\"2025-08-24T11:08:12+00:00\" \/>\n<meta property=\"og:image\" content=\"https:\/\/dicodusport.fr\/blog\/wp-content\/uploads\/2023\/01\/Biathlon-IBU-Cup-Pokljuka-Paula-Botet-remporte-le-deuxieme-sprint-.png\" \/>\n\t<meta property=\"og:image:width\" content=\"800\" \/>\n\t<meta property=\"og:image:height\" content=\"445\" \/>\n\t<meta property=\"og:image:type\" content=\"image\/png\" \/>\n<meta name=\"author\" content=\"Roxane Lecacher\" \/>\n<meta name=\"twitter:card\" content=\"summary_large_image\" \/>\n<meta name=\"twitter:title\" content=\"Biathlon IBU Cup Pokljuka : Paula Botet remporte le deuxi\u00e8me sprint !\" \/>\n<meta name=\"twitter:creator\" content=\"@dicodusport\" \/>\n<meta name=\"twitter:site\" content=\"@dicodusport\" \/>\n<script type=\"application\/ld+json\" class=\"yoast-schema-graph\">{\"@context\":\"https:\/\/schema.org\",\"@graph\":[{\"@type\":\"NewsArticle\",\"@id\":\"https:\/\/dicodusport.fr\/blog\/biathlon-ibu-cup-pokljuka-paula-botet-remporte-le-deuxieme-sprint\/#article\",\"isPartOf\":{\"@id\":\"https:\/\/dicodusport.fr\/blog\/biathlon-ibu-cup-pokljuka-paula-botet-remporte-le-deuxieme-sprint\/\"},\"author\":{\"name\":\"Roxane Lecacher\",\"@id\":\"https:\/\/dicodusport.fr\/blog\/#\/schema\/person\/819fb2545dd2715bd7c0580d6d4b411a\"},\"headline\":\"Biathlon IBU Cup Pokljuka : Paula Botet remporte le deuxi\u00e8me sprint !\",\"datePublished\":\"2023-01-15T14:06:06+00:00\",\"dateModified\":\"2025-08-24T11:08:12+00:00\",\"mainEntityOfPage\":{\"@id\":\"https:\/\/dicodusport.fr\/blog\/biathlon-ibu-cup-pokljuka-paula-botet-remporte-le-deuxieme-sprint\/\"},\"wordCount\":553,\"commentCount\":0,\"publisher\":{\"@id\":\"https:\/\/dicodusport.fr\/blog\/#organization\"},\"image\":{\"@id\":\"https:\/\/dicodusport.fr\/blog\/biathlon-ibu-cup-pokljuka-paula-botet-remporte-le-deuxieme-sprint\/#primaryimage\"},\"thumbnailUrl\":\"https:\/\/dicodusport.fr\/blog\/wp-content\/uploads\/2023\/01\/Biathlon-IBU-Cup-Pokljuka-Paula-Botet-remporte-le-deuxieme-sprint-.png\",\"keywords\":[\"Biathlon\",\"Biathlon Pokljuka\",\"IBU Cup Pokljuka\",\"Paula Botet\",\"Sprint IBU Cup Pokljuka\"],\"articleSection\":[\"Biathlon\"],\"inLanguage\":\"fr-FR\",\"potentialAction\":[{\"@type\":\"CommentAction\",\"name\":\"Comment\",\"target\":[\"https:\/\/dicodusport.fr\/blog\/biathlon-ibu-cup-pokljuka-paula-botet-remporte-le-deuxieme-sprint\/#respond\"]}],\"copyrightYear\":\"2023\",\"copyrightHolder\":{\"@id\":\"https:\/\/dicodusport.fr\/blog\/#organization\"}},{\"@type\":\"WebPage\",\"@id\":\"https:\/\/dicodusport.fr\/blog\/biathlon-ibu-cup-pokljuka-paula-botet-remporte-le-deuxieme-sprint\/\",\"url\":\"https:\/\/dicodusport.fr\/blog\/biathlon-ibu-cup-pokljuka-paula-botet-remporte-le-deuxieme-sprint\/\",\"name\":\"Biathlon IBU Cup Pokljuka : Paula Botet remporte le deuxi\u00e8me sprint !\",\"isPartOf\":{\"@id\":\"https:\/\/dicodusport.fr\/blog\/#website\"},\"primaryImageOfPage\":{\"@id\":\"https:\/\/dicodusport.fr\/blog\/biathlon-ibu-cup-pokljuka-paula-botet-remporte-le-deuxieme-sprint\/#primaryimage\"},\"image\":{\"@id\":\"https:\/\/dicodusport.fr\/blog\/biathlon-ibu-cup-pokljuka-paula-botet-remporte-le-deuxieme-sprint\/#primaryimage\"},\"thumbnailUrl\":\"https:\/\/dicodusport.fr\/blog\/wp-content\/uploads\/2023\/01\/Biathlon-IBU-Cup-Pokljuka-Paula-Botet-remporte-le-deuxieme-sprint-.png\",\"datePublished\":\"2023-01-15T14:06:06+00:00\",\"dateModified\":\"2025-08-24T11:08:12+00:00\",\"description\":\"BIATHLON - IBU CUP DE POKLJUKA 2023 - La Fran\u00e7aise Paula Botet s'impose en Slov\u00e9nie pour le deuxi\u00e8me sprint de la saison.\",\"breadcrumb\":{\"@id\":\"https:\/\/dicodusport.fr\/blog\/biathlon-ibu-cup-pokljuka-paula-botet-remporte-le-deuxieme-sprint\/#breadcrumb\"},\"inLanguage\":\"fr-FR\",\"potentialAction\":[{\"@type\":\"ReadAction\",\"target\":[\"https:\/\/dicodusport.fr\/blog\/biathlon-ibu-cup-pokljuka-paula-botet-remporte-le-deuxieme-sprint\/\"]}]},{\"@type\":\"ImageObject\",\"inLanguage\":\"fr-FR\",\"@id\":\"https:\/\/dicodusport.fr\/blog\/biathlon-ibu-cup-pokljuka-paula-botet-remporte-le-deuxieme-sprint\/#primaryimage\",\"url\":\"https:\/\/dicodusport.fr\/blog\/wp-content\/uploads\/2023\/01\/Biathlon-IBU-Cup-Pokljuka-Paula-Botet-remporte-le-deuxieme-sprint-.png\",\"contentUrl\":\"https:\/\/dicodusport.fr\/blog\/wp-content\/uploads\/2023\/01\/Biathlon-IBU-Cup-Pokljuka-Paula-Botet-remporte-le-deuxieme-sprint-.png\",\"width\":800,\"height\":445,\"caption\":\"Biathlon IBU Cup Pokljuka Paula Botet remporte le deuxi\u00e8me sprint !\"},{\"@type\":\"BreadcrumbList\",\"@id\":\"https:\/\/dicodusport.fr\/blog\/biathlon-ibu-cup-pokljuka-paula-botet-remporte-le-deuxieme-sprint\/#breadcrumb\",\"itemListElement\":[{\"@type\":\"ListItem\",\"position\":1,\"name\":\"Accueil\",\"item\":\"https:\/\/dicodusport.fr\/blog\/\"},{\"@type\":\"ListItem\",\"position\":2,\"name\":\"Biathlon IBU Cup Pokljuka : Paula Botet remporte le deuxi\u00e8me sprint !\"}]},{\"@type\":\"WebSite\",\"@id\":\"https:\/\/dicodusport.fr\/blog\/#website\",\"url\":\"https:\/\/dicodusport.fr\/blog\/\",\"name\":\"Dicodusport\",\"description\":\"L&#039;encyclop\u00e9die de l&#039;actualit\u00e9 sportive\",\"publisher\":{\"@id\":\"https:\/\/dicodusport.fr\/blog\/#organization\"},\"potentialAction\":[{\"@type\":\"SearchAction\",\"target\":{\"@type\":\"EntryPoint\",\"urlTemplate\":\"https:\/\/dicodusport.fr\/blog\/?s={search_term_string}\"},\"query-input\":{\"@type\":\"PropertyValueSpecification\",\"valueRequired\":true,\"valueName\":\"search_term_string\"}}],\"inLanguage\":\"fr-FR\"},{\"@type\":\"NewsMediaOrganization\",\"@id\":\"https:\/\/dicodusport.fr\/blog\/#organization\",\"name\":\"Dicodusport\",\"url\":\"https:\/\/dicodusport.fr\/blog\/\",\"logo\":{\"@type\":\"ImageObject\",\"inLanguage\":\"fr-FR\",\"@id\":\"https:\/\/dicodusport.fr\/blog\/#\/schema\/logo\/image\/\",\"url\":\"https:\/\/dicodusport.fr\/blog\/wp-content\/uploads\/2020\/06\/cropped-LOGO-DICODUSPORT-2020-SANS-FOND-SANS-TEXTE.png\",\"contentUrl\":\"https:\/\/dicodusport.fr\/blog\/wp-content\/uploads\/2020\/06\/cropped-LOGO-DICODUSPORT-2020-SANS-FOND-SANS-TEXTE.png\",\"width\":512,\"height\":512,\"caption\":\"Dicodusport\"},\"image\":{\"@id\":\"https:\/\/dicodusport.fr\/blog\/#\/schema\/logo\/image\/\"},\"sameAs\":[\"https:\/\/www.facebook.com\/dicodusport\",\"https:\/\/x.com\/dicodusport\",\"https:\/\/www.instagram.com\/dicodusport\/\",\"https:\/\/www.youtube.com\/channel\/UC7V2KZ5sd3htJivAbA4ZG3w\"],\"description\":\"Dicodusport est l'encyclop\u00e9die de l'actualit\u00e9 sportive.\",\"email\":\"bonjour@dicodusport.fr\",\"legalName\":\"DICODUSPORT\",\"foundingDate\":\"2018-01-14\",\"vatID\":\"FR71834470973\",\"taxID\":\"83447097300043\",\"numberOfEmployees\":{\"@type\":\"QuantitativeValue\",\"minValue\":\"1\",\"maxValue\":\"10\"}},{\"@type\":\"Person\",\"@id\":\"https:\/\/dicodusport.fr\/blog\/#\/schema\/person\/819fb2545dd2715bd7c0580d6d4b411a\",\"name\":\"Roxane Lecacher\",\"image\":{\"@type\":\"ImageObject\",\"inLanguage\":\"fr-FR\",\"@id\":\"https:\/\/dicodusport.fr\/blog\/#\/schema\/person\/image\/\",\"url\":\"https:\/\/dicodusport.fr\/blog\/wp-content\/uploads\/2021\/05\/Roxane-Lecacher-150x150.jpg\",\"contentUrl\":\"https:\/\/dicodusport.fr\/blog\/wp-content\/uploads\/2021\/05\/Roxane-Lecacher-150x150.jpg\",\"caption\":\"Roxane Lecacher\"},\"description\":\"Journaliste\/r\u00e9dactrice depuis janvier 2021 - N\u00e9e quelques jours avant la premi\u00e8re \u00e9toile des Bleus, je baigne dans une famille tr\u00e8s sportive. Je n\u2019ai eu d\u2019autres choix que de me passionner pour le sujet. Pratiquante de l\u2019athl\u00e9tisme depuis toute petite, j\u2019ai aussi un attrait tout particulier pour la Formule 1, le biathlon et le foot. Pendant les grands \u00e9v\u00e9nements, il est impossible de d\u00e9crocher de ma t\u00e9l\u00e9. C\u2019est \u00e0 travers Dicodusport que j\u2019aime d\u00e9sormais vous transmettre mes \u00e9motions et ma passion.\",\"sameAs\":[\"https:\/\/www.facebook.com\/roxane.lecacher\",\"https:\/\/fr.linkedin.com\/in\/roxane-lecacher-23368313b\"],\"url\":\"https:\/\/dicodusport.fr\/blog\/author\/roxanel\/\"}]}<\/script>\n<!-- \/ Yoast SEO Premium plugin. -->","yoast_head_json":{"title":"Biathlon IBU Cup Pokljuka : Paula Botet remporte le deuxi\u00e8me sprint !","description":"BIATHLON - IBU CUP DE POKLJUKA 2023 - La Fran\u00e7aise Paula Botet s'impose en Slov\u00e9nie pour le deuxi\u00e8me sprint de la saison.","robots":{"index":"index","follow":"follow","max-snippet":"max-snippet:-1","max-image-preview":"max-image-preview:large","max-video-preview":"max-video-preview:-1"},"canonical":"https:\/\/dicodusport.fr\/blog\/biathlon-ibu-cup-pokljuka-paula-botet-remporte-le-deuxieme-sprint\/","og_locale":"fr_FR","og_type":"article","og_title":"Biathlon IBU Cup Pokljuka : Paula Botet remporte le deuxi\u00e8me sprint !","og_description":"BIATHLON - IBU CUP DE POKLJUKA 2023 - La Fran\u00e7aise Paula Botet s'impose en Slov\u00e9nie pour le deuxi\u00e8me sprint de la saison.","og_url":"https:\/\/dicodusport.fr\/blog\/biathlon-ibu-cup-pokljuka-paula-botet-remporte-le-deuxieme-sprint\/","og_site_name":"Dicodusport","article_publisher":"https:\/\/www.facebook.com\/dicodusport","article_author":"https:\/\/www.facebook.com\/roxane.lecacher","article_published_time":"2023-01-15T14:06:06+00:00","article_modified_time":"2025-08-24T11:08:12+00:00","og_image":[{"width":800,"height":445,"url":"https:\/\/dicodusport.fr\/blog\/wp-content\/uploads\/2023\/01\/Biathlon-IBU-Cup-Pokljuka-Paula-Botet-remporte-le-deuxieme-sprint-.png","type":"image\/png"}],"author":"Roxane Lecacher","twitter_card":"summary_large_image","twitter_title":"Biathlon IBU Cup Pokljuka : Paula Botet remporte le deuxi\u00e8me sprint !","twitter_creator":"@dicodusport","twitter_site":"@dicodusport","schema":{"@context":"https:\/\/schema.org","@graph":[{"@type":"NewsArticle","@id":"https:\/\/dicodusport.fr\/blog\/biathlon-ibu-cup-pokljuka-paula-botet-remporte-le-deuxieme-sprint\/#article","isPartOf":{"@id":"https:\/\/dicodusport.fr\/blog\/biathlon-ibu-cup-pokljuka-paula-botet-remporte-le-deuxieme-sprint\/"},"author":{"name":"Roxane Lecacher","@id":"https:\/\/dicodusport.fr\/blog\/#\/schema\/person\/819fb2545dd2715bd7c0580d6d4b411a"},"headline":"Biathlon IBU Cup Pokljuka : Paula Botet remporte le deuxi\u00e8me sprint !","datePublished":"2023-01-15T14:06:06+00:00","dateModified":"2025-08-24T11:08:12+00:00","mainEntityOfPage":{"@id":"https:\/\/dicodusport.fr\/blog\/biathlon-ibu-cup-pokljuka-paula-botet-remporte-le-deuxieme-sprint\/"},"wordCount":553,"commentCount":0,"publisher":{"@id":"https:\/\/dicodusport.fr\/blog\/#organization"},"image":{"@id":"https:\/\/dicodusport.fr\/blog\/biathlon-ibu-cup-pokljuka-paula-botet-remporte-le-deuxieme-sprint\/#primaryimage"},"thumbnailUrl":"https:\/\/dicodusport.fr\/blog\/wp-content\/uploads\/2023\/01\/Biathlon-IBU-Cup-Pokljuka-Paula-Botet-remporte-le-deuxieme-sprint-.png","keywords":["Biathlon","Biathlon Pokljuka","IBU Cup Pokljuka","Paula Botet","Sprint IBU Cup Pokljuka"],"articleSection":["Biathlon"],"inLanguage":"fr-FR","potentialAction":[{"@type":"CommentAction","name":"Comment","target":["https:\/\/dicodusport.fr\/blog\/biathlon-ibu-cup-pokljuka-paula-botet-remporte-le-deuxieme-sprint\/#respond"]}],"copyrightYear":"2023","copyrightHolder":{"@id":"https:\/\/dicodusport.fr\/blog\/#organization"}},{"@type":"WebPage","@id":"https:\/\/dicodusport.fr\/blog\/biathlon-ibu-cup-pokljuka-paula-botet-remporte-le-deuxieme-sprint\/","url":"https:\/\/dicodusport.fr\/blog\/biathlon-ibu-cup-pokljuka-paula-botet-remporte-le-deuxieme-sprint\/","name":"Biathlon IBU Cup Pokljuka : Paula Botet remporte le deuxi\u00e8me sprint !","isPartOf":{"@id":"https:\/\/dicodusport.fr\/blog\/#website"},"primaryImageOfPage":{"@id":"https:\/\/dicodusport.fr\/blog\/biathlon-ibu-cup-pokljuka-paula-botet-remporte-le-deuxieme-sprint\/#primaryimage"},"image":{"@id":"https:\/\/dicodusport.fr\/blog\/biathlon-ibu-cup-pokljuka-paula-botet-remporte-le-deuxieme-sprint\/#primaryimage"},"thumbnailUrl":"https:\/\/dicodusport.fr\/blog\/wp-content\/uploads\/2023\/01\/Biathlon-IBU-Cup-Pokljuka-Paula-Botet-remporte-le-deuxieme-sprint-.png","datePublished":"2023-01-15T14:06:06+00:00","dateModified":"2025-08-24T11:08:12+00:00","description":"BIATHLON - IBU CUP DE POKLJUKA 2023 - La Fran\u00e7aise Paula Botet s'impose en Slov\u00e9nie pour le deuxi\u00e8me sprint de la saison.","breadcrumb":{"@id":"https:\/\/dicodusport.fr\/blog\/biathlon-ibu-cup-pokljuka-paula-botet-remporte-le-deuxieme-sprint\/#breadcrumb"},"inLanguage":"fr-FR","potentialAction":[{"@type":"ReadAction","target":["https:\/\/dicodusport.fr\/blog\/biathlon-ibu-cup-pokljuka-paula-botet-remporte-le-deuxieme-sprint\/"]}]},{"@type":"ImageObject","inLanguage":"fr-FR","@id":"https:\/\/dicodusport.fr\/blog\/biathlon-ibu-cup-pokljuka-paula-botet-remporte-le-deuxieme-sprint\/#primaryimage","url":"https:\/\/dicodusport.fr\/blog\/wp-content\/uploads\/2023\/01\/Biathlon-IBU-Cup-Pokljuka-Paula-Botet-remporte-le-deuxieme-sprint-.png","contentUrl":"https:\/\/dicodusport.fr\/blog\/wp-content\/uploads\/2023\/01\/Biathlon-IBU-Cup-Pokljuka-Paula-Botet-remporte-le-deuxieme-sprint-.png","width":800,"height":445,"caption":"Biathlon IBU Cup Pokljuka Paula Botet remporte le deuxi\u00e8me sprint !"},{"@type":"BreadcrumbList","@id":"https:\/\/dicodusport.fr\/blog\/biathlon-ibu-cup-pokljuka-paula-botet-remporte-le-deuxieme-sprint\/#breadcrumb","itemListElement":[{"@type":"ListItem","position":1,"name":"Accueil","item":"https:\/\/dicodusport.fr\/blog\/"},{"@type":"ListItem","position":2,"name":"Biathlon IBU Cup Pokljuka : Paula Botet remporte le deuxi\u00e8me sprint !"}]},{"@type":"WebSite","@id":"https:\/\/dicodusport.fr\/blog\/#website","url":"https:\/\/dicodusport.fr\/blog\/","name":"Dicodusport","description":"L&#039;encyclop\u00e9die de l&#039;actualit\u00e9 sportive","publisher":{"@id":"https:\/\/dicodusport.fr\/blog\/#organization"},"potentialAction":[{"@type":"SearchAction","target":{"@type":"EntryPoint","urlTemplate":"https:\/\/dicodusport.fr\/blog\/?s={search_term_string}"},"query-input":{"@type":"PropertyValueSpecification","valueRequired":true,"valueName":"search_term_string"}}],"inLanguage":"fr-FR"},{"@type":"NewsMediaOrganization","@id":"https:\/\/dicodusport.fr\/blog\/#organization","name":"Dicodusport","url":"https:\/\/dicodusport.fr\/blog\/","logo":{"@type":"ImageObject","inLanguage":"fr-FR","@id":"https:\/\/dicodusport.fr\/blog\/#\/schema\/logo\/image\/","url":"https:\/\/dicodusport.fr\/blog\/wp-content\/uploads\/2020\/06\/cropped-LOGO-DICODUSPORT-2020-SANS-FOND-SANS-TEXTE.png","contentUrl":"https:\/\/dicodusport.fr\/blog\/wp-content\/uploads\/2020\/06\/cropped-LOGO-DICODUSPORT-2020-SANS-FOND-SANS-TEXTE.png","width":512,"height":512,"caption":"Dicodusport"},"image":{"@id":"https:\/\/dicodusport.fr\/blog\/#\/schema\/logo\/image\/"},"sameAs":["https:\/\/www.facebook.com\/dicodusport","https:\/\/x.com\/dicodusport","https:\/\/www.instagram.com\/dicodusport\/","https:\/\/www.youtube.com\/channel\/UC7V2KZ5sd3htJivAbA4ZG3w"],"description":"Dicodusport est l'encyclop\u00e9die de l'actualit\u00e9 sportive.","email":"bonjour@dicodusport.fr","legalName":"DICODUSPORT","foundingDate":"2018-01-14","vatID":"FR71834470973","taxID":"83447097300043","numberOfEmployees":{"@type":"QuantitativeValue","minValue":"1","maxValue":"10"}},{"@type":"Person","@id":"https:\/\/dicodusport.fr\/blog\/#\/schema\/person\/819fb2545dd2715bd7c0580d6d4b411a","name":"Roxane Lecacher","image":{"@type":"ImageObject","inLanguage":"fr-FR","@id":"https:\/\/dicodusport.fr\/blog\/#\/schema\/person\/image\/","url":"https:\/\/dicodusport.fr\/blog\/wp-content\/uploads\/2021\/05\/Roxane-Lecacher-150x150.jpg","contentUrl":"https:\/\/dicodusport.fr\/blog\/wp-content\/uploads\/2021\/05\/Roxane-Lecacher-150x150.jpg","caption":"Roxane Lecacher"},"description":"Journaliste\/r\u00e9dactrice depuis janvier 2021 - N\u00e9e quelques jours avant la premi\u00e8re \u00e9toile des Bleus, je baigne dans une famille tr\u00e8s sportive. Je n\u2019ai eu d\u2019autres choix que de me passionner pour le sujet. Pratiquante de l\u2019athl\u00e9tisme depuis toute petite, j\u2019ai aussi un attrait tout particulier pour la Formule 1, le biathlon et le foot. Pendant les grands \u00e9v\u00e9nements, il est impossible de d\u00e9crocher de ma t\u00e9l\u00e9. C\u2019est \u00e0 travers Dicodusport que j\u2019aime d\u00e9sormais vous transmettre mes \u00e9motions et ma passion.","sameAs":["https:\/\/www.facebook.com\/roxane.lecacher","https:\/\/fr.linkedin.com\/in\/roxane-lecacher-23368313b"],"url":"https:\/\/dicodusport.fr\/blog\/author\/roxanel\/"}]}},"_links":{"self":[{"href":"https:\/\/dicodusport.fr\/blog\/wp-json\/wp\/v2\/posts\/345016","targetHints":{"allow":["GET"]}}],"collection":[{"href":"https:\/\/dicodusport.fr\/blog\/wp-json\/wp\/v2\/posts"}],"about":[{"href":"https:\/\/dicodusport.fr\/blog\/wp-json\/wp\/v2\/types\/post"}],"author":[{"embeddable":true,"href":"https:\/\/dicodusport.fr\/blog\/wp-json\/wp\/v2\/users\/54"}],"replies":[{"embeddable":true,"href":"https:\/\/dicodusport.fr\/blog\/wp-json\/wp\/v2\/comments?post=345016"}],"version-history":[{"count":1,"href":"https:\/\/dicodusport.fr\/blog\/wp-json\/wp\/v2\/posts\/345016\/revisions"}],"predecessor-version":[{"id":604997,"href":"https:\/\/dicodusport.fr\/blog\/wp-json\/wp\/v2\/posts\/345016\/revisions\/604997"}],"wp:featuredmedia":[{"embeddable":true,"href":"https:\/\/dicodusport.fr\/blog\/wp-json\/wp\/v2\/media\/345121"}],"wp:attachment":[{"href":"https:\/\/dicodusport.fr\/blog\/wp-json\/wp\/v2\/media?parent=345016"}],"wp:term":[{"taxonomy":"category","embeddable":true,"href":"https:\/\/dicodusport.fr\/blog\/wp-json\/wp\/v2\/categories?post=345016"},{"taxonomy":"post_tag","embeddable":true,"href":"https:\/\/dicodusport.fr\/blog\/wp-json\/wp\/v2\/tags?post=345016"}],"curies":[{"name":"wp","href":"https:\/\/api.w.org\/{rel}","templated":true}]}}