{"id":34520,"date":"2019-03-03T16:28:44","date_gmt":"2019-03-03T15:28:44","guid":{"rendered":"http:\/\/dicodusport.fr\/blog\/?p=34520"},"modified":"2019-03-04T14:08:46","modified_gmt":"2019-03-04T13:08:46","slug":"drome-classic-alexis-vuillermoz-s-impose-en-costaud","status":"publish","type":"post","link":"https:\/\/dicodusport.fr\/blog\/drome-classic-alexis-vuillermoz-s-impose-en-costaud\/","title":{"rendered":"Dr\u00f4me Classic : Alexis Vuillermoz s&rsquo;impose en costaud"},"content":{"rendered":"<p style=\"text-align: justify;\"><em><strong>Alexis Vuillermoz (AG2R La Mondiale) a remport\u00e9 la Dr\u00f4me Classic cet apr\u00e8s-midi. Il devance Valentin Madouas (Groupama-FDJ), de nouveau deuxi\u00e8me apr\u00e8s la Classic de l&rsquo;Ard\u00e8che hier et Warren Barguil (Ark\u00e9a-Samsic).<\/strong><\/em><\/p>\n<p style=\"text-align: justify;\">Au terme d&rsquo;un final anim\u00e9, c&rsquo;est Alexis Vuillermoz qui s&rsquo;est montr\u00e9 le plus fort sur la Dr\u00f4me Classic. Le Jurassien s&rsquo;est impos\u00e9 en solitaire dans les rues de Livron-sur-Dr\u00f4me, apr\u00e8s avoir attaqu\u00e9 dans le mur situ\u00e9 \u00e0 deux kilom\u00e8tres de l&rsquo;arriv\u00e9e. Derri\u00e8re lui, Valentin Madouas, qui n&rsquo;a pas pu suivre l&rsquo;acc\u00e9l\u00e9ration du natif de Saint-Claude, prend la deuxi\u00e8me place devant Warren Barguil. Le Breton, qui a chut\u00e9 hier sur la Classic de l&rsquo;Ard\u00e8che, s&rsquo;est bien ressaisi aujourd&rsquo;hui en se montrant offensif.<\/p>\n<p>https:\/\/twitter.com\/lachainelequipe\/status\/1102231053090127872<\/p>\n<p><strong><em>Flo Ostermann<br \/>\n<a href=\"https:\/\/www.facebook.com\/florent.ostermann\"><img loading=\"lazy\" decoding=\"async\" class=\"alignnone wp-image-2909\" src=\"http:\/\/dicodusport.fr\/blog\/wp-content\/uploads\/2017\/07\/logo-facebook-150x150.png\" sizes=\"auto, (max-width: 40px) 100vw, 40px\" srcset=\"https:\/\/dicodusport.fr\/blog\/wp-content\/uploads\/2017\/07\/logo-facebook-150x150.png 150w, https:\/\/dicodusport.fr\/blog\/wp-content\/uploads\/2017\/07\/logo-facebook-300x300.png 300w, https:\/\/dicodusport.fr\/blog\/wp-content\/uploads\/2017\/07\/logo-facebook.png 400w\" alt=\"\" width=\"40\" height=\"40\" \/><\/a><a href=\"https:\/\/twitter.com\/SportInsideMag\"><img loading=\"lazy\" decoding=\"async\" class=\"alignnone wp-image-2908\" src=\"http:\/\/dicodusport.fr\/blog\/wp-content\/uploads\/2017\/07\/logo-twitter-150x150.png\" alt=\"\" width=\"39\" height=\"39\" \/><\/a><\/em><\/strong><\/p>\n","protected":false},"excerpt":{"rendered":"<p>Alexis Vuillermoz (AG2R La Mondiale) a remport\u00e9 la Dr\u00f4me Classic cet apr\u00e8s-midi. Il devance Valentin Madouas (Groupama-FDJ) et Warren Barguil (Ark\u00e9a-Samsic).<\/p>\n","protected":false},"author":4,"featured_media":34541,"comment_status":"open","ping_status":"closed","sticky":false,"template":"","format":"standard","meta":{"_acf_changed":false,"_daextam_enable_autolinks":"","footnotes":""},"categories":[2,2307],"tags":[5985,574,7372],"class_list":["post-34520","post","type-post","status-publish","format-standard","has-post-thumbnail","hentry","category-actualites","category-cyclisme","tag-alexis-vuillermoz","tag-cyclisme","tag-drome-classic"],"acf":[],"yoast_head":"<!-- This site is optimized with the Yoast SEO Premium plugin v26.7 (Yoast SEO v26.7) - https:\/\/yoast.com\/wordpress\/plugins\/seo\/ -->\n<title>Dr\u00f4me Classic : Alexis Vuillermoz s&#039;impose en costaud<\/title>\n<meta name=\"description\" content=\"Alexis Vuillermoz a remport\u00e9 la Dr\u00f4me Classic cet apr\u00e8s-midi. Il devance Valentin Madouas (Groupama-FDJ) et Warren Barguil (Ark\u00e9a-Samsic).\" \/>\n<meta name=\"robots\" content=\"index, follow, max-snippet:-1, max-image-preview:large, max-video-preview:-1\" \/>\n<link rel=\"canonical\" href=\"https:\/\/dicodusport.fr\/blog\/drome-classic-alexis-vuillermoz-s-impose-en-costaud\/\" \/>\n<meta property=\"og:locale\" content=\"fr_FR\" \/>\n<meta property=\"og:type\" content=\"article\" \/>\n<meta property=\"og:title\" content=\"Dr\u00f4me Classic : Alexis Vuillermoz s&#039;impose en costaud\" \/>\n<meta property=\"og:description\" content=\"Alexis Vuillermoz a remport\u00e9 la Dr\u00f4me Classic cet apr\u00e8s-midi. Il devance Valentin Madouas (Groupama-FDJ) et Warren Barguil (Ark\u00e9a-Samsic).\" \/>\n<meta property=\"og:url\" content=\"https:\/\/dicodusport.fr\/blog\/drome-classic-alexis-vuillermoz-s-impose-en-costaud\/\" \/>\n<meta property=\"og:site_name\" content=\"Dicodusport\" \/>\n<meta property=\"article:publisher\" content=\"https:\/\/www.facebook.com\/dicodusport\" \/>\n<meta property=\"article:author\" content=\"https:\/\/www.facebook.com\/florent.ostermann\" \/>\n<meta property=\"article:published_time\" content=\"2019-03-03T15:28:44+00:00\" \/>\n<meta property=\"article:modified_time\" content=\"2019-03-04T13:08:46+00:00\" \/>\n<meta property=\"og:image\" content=\"https:\/\/dicodusport.fr\/blog\/wp-content\/uploads\/2019\/03\/Alexis-Vuillermoz-Dr\u00f4me-Classic.png\" \/>\n\t<meta property=\"og:image:width\" content=\"800\" \/>\n\t<meta property=\"og:image:height\" content=\"445\" \/>\n\t<meta property=\"og:image:type\" content=\"image\/png\" \/>\n<meta name=\"author\" content=\"Flo Ostermann\" \/>\n<meta name=\"twitter:card\" content=\"summary_large_image\" \/>\n<meta name=\"twitter:creator\" content=\"@https:\/\/twitter.com\/FlOstermann\" \/>\n<meta name=\"twitter:site\" content=\"@dicodusport\" \/>\n<script type=\"application\/ld+json\" class=\"yoast-schema-graph\">{\"@context\":\"https:\/\/schema.org\",\"@graph\":[{\"@type\":\"NewsArticle\",\"@id\":\"https:\/\/dicodusport.fr\/blog\/drome-classic-alexis-vuillermoz-s-impose-en-costaud\/#article\",\"isPartOf\":{\"@id\":\"https:\/\/dicodusport.fr\/blog\/drome-classic-alexis-vuillermoz-s-impose-en-costaud\/\"},\"author\":{\"name\":\"Flo Ostermann\",\"@id\":\"https:\/\/dicodusport.fr\/blog\/#\/schema\/person\/cb02af4c173ce4a653b55e9baf388d4a\"},\"headline\":\"Dr\u00f4me Classic : Alexis Vuillermoz s&rsquo;impose en costaud\",\"datePublished\":\"2019-03-03T15:28:44+00:00\",\"dateModified\":\"2019-03-04T13:08:46+00:00\",\"mainEntityOfPage\":{\"@id\":\"https:\/\/dicodusport.fr\/blog\/drome-classic-alexis-vuillermoz-s-impose-en-costaud\/\"},\"wordCount\":154,\"commentCount\":0,\"publisher\":{\"@id\":\"https:\/\/dicodusport.fr\/blog\/#organization\"},\"image\":{\"@id\":\"https:\/\/dicodusport.fr\/blog\/drome-classic-alexis-vuillermoz-s-impose-en-costaud\/#primaryimage\"},\"thumbnailUrl\":\"https:\/\/dicodusport.fr\/blog\/wp-content\/uploads\/2019\/03\/Alexis-Vuillermoz-Dr\u00f4me-Classic.png\",\"keywords\":[\"Alexis Vuillermoz\",\"Cyclisme\",\"Dr\u00f4me Classic\"],\"articleSection\":[\"Actualit\u00e9s\",\"Cyclisme\"],\"inLanguage\":\"fr-FR\",\"potentialAction\":[{\"@type\":\"CommentAction\",\"name\":\"Comment\",\"target\":[\"https:\/\/dicodusport.fr\/blog\/drome-classic-alexis-vuillermoz-s-impose-en-costaud\/#respond\"]}],\"copyrightYear\":\"2019\",\"copyrightHolder\":{\"@id\":\"https:\/\/dicodusport.fr\/blog\/#organization\"}},{\"@type\":\"WebPage\",\"@id\":\"https:\/\/dicodusport.fr\/blog\/drome-classic-alexis-vuillermoz-s-impose-en-costaud\/\",\"url\":\"https:\/\/dicodusport.fr\/blog\/drome-classic-alexis-vuillermoz-s-impose-en-costaud\/\",\"name\":\"Dr\u00f4me Classic : Alexis Vuillermoz s'impose en costaud\",\"isPartOf\":{\"@id\":\"https:\/\/dicodusport.fr\/blog\/#website\"},\"primaryImageOfPage\":{\"@id\":\"https:\/\/dicodusport.fr\/blog\/drome-classic-alexis-vuillermoz-s-impose-en-costaud\/#primaryimage\"},\"image\":{\"@id\":\"https:\/\/dicodusport.fr\/blog\/drome-classic-alexis-vuillermoz-s-impose-en-costaud\/#primaryimage\"},\"thumbnailUrl\":\"https:\/\/dicodusport.fr\/blog\/wp-content\/uploads\/2019\/03\/Alexis-Vuillermoz-Dr\u00f4me-Classic.png\",\"datePublished\":\"2019-03-03T15:28:44+00:00\",\"dateModified\":\"2019-03-04T13:08:46+00:00\",\"description\":\"Alexis Vuillermoz a remport\u00e9 la Dr\u00f4me Classic cet apr\u00e8s-midi. Il devance Valentin Madouas (Groupama-FDJ) et Warren Barguil (Ark\u00e9a-Samsic).\",\"breadcrumb\":{\"@id\":\"https:\/\/dicodusport.fr\/blog\/drome-classic-alexis-vuillermoz-s-impose-en-costaud\/#breadcrumb\"},\"inLanguage\":\"fr-FR\",\"potentialAction\":[{\"@type\":\"ReadAction\",\"target\":[\"https:\/\/dicodusport.fr\/blog\/drome-classic-alexis-vuillermoz-s-impose-en-costaud\/\"]}]},{\"@type\":\"ImageObject\",\"inLanguage\":\"fr-FR\",\"@id\":\"https:\/\/dicodusport.fr\/blog\/drome-classic-alexis-vuillermoz-s-impose-en-costaud\/#primaryimage\",\"url\":\"https:\/\/dicodusport.fr\/blog\/wp-content\/uploads\/2019\/03\/Alexis-Vuillermoz-Dr\u00f4me-Classic.png\",\"contentUrl\":\"https:\/\/dicodusport.fr\/blog\/wp-content\/uploads\/2019\/03\/Alexis-Vuillermoz-Dr\u00f4me-Classic.png\",\"width\":800,\"height\":445},{\"@type\":\"BreadcrumbList\",\"@id\":\"https:\/\/dicodusport.fr\/blog\/drome-classic-alexis-vuillermoz-s-impose-en-costaud\/#breadcrumb\",\"itemListElement\":[{\"@type\":\"ListItem\",\"position\":1,\"name\":\"Accueil\",\"item\":\"https:\/\/dicodusport.fr\/blog\/\"},{\"@type\":\"ListItem\",\"position\":2,\"name\":\"Dr\u00f4me Classic : Alexis Vuillermoz s&rsquo;impose en costaud\"}]},{\"@type\":\"WebSite\",\"@id\":\"https:\/\/dicodusport.fr\/blog\/#website\",\"url\":\"https:\/\/dicodusport.fr\/blog\/\",\"name\":\"Dicodusport\",\"description\":\"L&#039;encyclop\u00e9die de l&#039;actualit\u00e9 sportive\",\"publisher\":{\"@id\":\"https:\/\/dicodusport.fr\/blog\/#organization\"},\"potentialAction\":[{\"@type\":\"SearchAction\",\"target\":{\"@type\":\"EntryPoint\",\"urlTemplate\":\"https:\/\/dicodusport.fr\/blog\/?s={search_term_string}\"},\"query-input\":{\"@type\":\"PropertyValueSpecification\",\"valueRequired\":true,\"valueName\":\"search_term_string\"}}],\"inLanguage\":\"fr-FR\"},{\"@type\":\"NewsMediaOrganization\",\"@id\":\"https:\/\/dicodusport.fr\/blog\/#organization\",\"name\":\"Dicodusport\",\"url\":\"https:\/\/dicodusport.fr\/blog\/\",\"logo\":{\"@type\":\"ImageObject\",\"inLanguage\":\"fr-FR\",\"@id\":\"https:\/\/dicodusport.fr\/blog\/#\/schema\/logo\/image\/\",\"url\":\"https:\/\/dicodusport.fr\/blog\/wp-content\/uploads\/2020\/06\/cropped-LOGO-DICODUSPORT-2020-SANS-FOND-SANS-TEXTE.png\",\"contentUrl\":\"https:\/\/dicodusport.fr\/blog\/wp-content\/uploads\/2020\/06\/cropped-LOGO-DICODUSPORT-2020-SANS-FOND-SANS-TEXTE.png\",\"width\":512,\"height\":512,\"caption\":\"Dicodusport\"},\"image\":{\"@id\":\"https:\/\/dicodusport.fr\/blog\/#\/schema\/logo\/image\/\"},\"sameAs\":[\"https:\/\/www.facebook.com\/dicodusport\",\"https:\/\/x.com\/dicodusport\",\"https:\/\/www.instagram.com\/dicodusport\/\",\"https:\/\/www.youtube.com\/channel\/UC7V2KZ5sd3htJivAbA4ZG3w\"],\"description\":\"Dicodusport est l'encyclop\u00e9die de l'actualit\u00e9 sportive.\",\"email\":\"bonjour@dicodusport.fr\",\"legalName\":\"DICODUSPORT\",\"foundingDate\":\"2018-01-14\",\"vatID\":\"FR71834470973\",\"taxID\":\"83447097300043\",\"numberOfEmployees\":{\"@type\":\"QuantitativeValue\",\"minValue\":\"1\",\"maxValue\":\"10\"}},{\"@type\":\"Person\",\"@id\":\"https:\/\/dicodusport.fr\/blog\/#\/schema\/person\/cb02af4c173ce4a653b55e9baf388d4a\",\"name\":\"Flo Ostermann\",\"image\":{\"@type\":\"ImageObject\",\"inLanguage\":\"fr-FR\",\"@id\":\"https:\/\/dicodusport.fr\/blog\/#\/schema\/person\/image\/\",\"url\":\"https:\/\/dicodusport.fr\/blog\/wp-content\/uploads\/2021\/05\/Flo-Ostermann-150x150.jpg\",\"contentUrl\":\"https:\/\/dicodusport.fr\/blog\/wp-content\/uploads\/2021\/05\/Flo-Ostermann-150x150.jpg\",\"caption\":\"Flo Ostermann\"},\"description\":\"Journaliste\/R\u00e9dacteur depuis septembre 2015 - Mes premiers souvenirs dans le sport ? Les envol\u00e9es du Stade Toulousain et les duels Villeneuve-Schumacher et H\u00e4kkinen-Schumacher \u00e0 la fin des ann\u00e9es 90, la Coupe du monde de football en 1998, l\u2019exploit du XV de France face aux All Blacks en 1999, mais aussi Richard C\u0153ur de Lion qui vole sur les montagnes du Tour de France. Bien parti pour devenir professeur d\u2019EPS, les \u00e9v\u00e9nements de la vie (et la flemme d\u2019animer des s\u00e9ances de 3x500 m\u00e8tres toute ma vie) m\u2019ont conduit \u00e0 revoir mes plans. Me voil\u00e0 depuis fin 2017 sur Dicodusport, m\u00e9dia gr\u00e2ce (et pour) lequel je partage ma passion : le sport dans tous ses \u00e9tats. Le tout accompagn\u00e9 par les fous furieux et folles furieuses cit\u00e9s sur cette page !\",\"sameAs\":[\"https:\/\/www.facebook.com\/florent.ostermann\",\"https:\/\/x.com\/https:\/\/twitter.com\/FlOstermann\",\"admin\"],\"url\":\"https:\/\/dicodusport.fr\/blog\/author\/flo\/\"}]}<\/script>\n<!-- \/ Yoast SEO Premium plugin. -->","yoast_head_json":{"title":"Dr\u00f4me Classic : Alexis Vuillermoz s'impose en costaud","description":"Alexis Vuillermoz a remport\u00e9 la Dr\u00f4me Classic cet apr\u00e8s-midi. Il devance Valentin Madouas (Groupama-FDJ) et Warren Barguil (Ark\u00e9a-Samsic).","robots":{"index":"index","follow":"follow","max-snippet":"max-snippet:-1","max-image-preview":"max-image-preview:large","max-video-preview":"max-video-preview:-1"},"canonical":"https:\/\/dicodusport.fr\/blog\/drome-classic-alexis-vuillermoz-s-impose-en-costaud\/","og_locale":"fr_FR","og_type":"article","og_title":"Dr\u00f4me Classic : Alexis Vuillermoz s'impose en costaud","og_description":"Alexis Vuillermoz a remport\u00e9 la Dr\u00f4me Classic cet apr\u00e8s-midi. Il devance Valentin Madouas (Groupama-FDJ) et Warren Barguil (Ark\u00e9a-Samsic).","og_url":"https:\/\/dicodusport.fr\/blog\/drome-classic-alexis-vuillermoz-s-impose-en-costaud\/","og_site_name":"Dicodusport","article_publisher":"https:\/\/www.facebook.com\/dicodusport","article_author":"https:\/\/www.facebook.com\/florent.ostermann","article_published_time":"2019-03-03T15:28:44+00:00","article_modified_time":"2019-03-04T13:08:46+00:00","og_image":[{"width":800,"height":445,"url":"https:\/\/dicodusport.fr\/blog\/wp-content\/uploads\/2019\/03\/Alexis-Vuillermoz-Dr\u00f4me-Classic.png","type":"image\/png"}],"author":"Flo Ostermann","twitter_card":"summary_large_image","twitter_creator":"@https:\/\/twitter.com\/FlOstermann","twitter_site":"@dicodusport","schema":{"@context":"https:\/\/schema.org","@graph":[{"@type":"NewsArticle","@id":"https:\/\/dicodusport.fr\/blog\/drome-classic-alexis-vuillermoz-s-impose-en-costaud\/#article","isPartOf":{"@id":"https:\/\/dicodusport.fr\/blog\/drome-classic-alexis-vuillermoz-s-impose-en-costaud\/"},"author":{"name":"Flo Ostermann","@id":"https:\/\/dicodusport.fr\/blog\/#\/schema\/person\/cb02af4c173ce4a653b55e9baf388d4a"},"headline":"Dr\u00f4me Classic : Alexis Vuillermoz s&rsquo;impose en costaud","datePublished":"2019-03-03T15:28:44+00:00","dateModified":"2019-03-04T13:08:46+00:00","mainEntityOfPage":{"@id":"https:\/\/dicodusport.fr\/blog\/drome-classic-alexis-vuillermoz-s-impose-en-costaud\/"},"wordCount":154,"commentCount":0,"publisher":{"@id":"https:\/\/dicodusport.fr\/blog\/#organization"},"image":{"@id":"https:\/\/dicodusport.fr\/blog\/drome-classic-alexis-vuillermoz-s-impose-en-costaud\/#primaryimage"},"thumbnailUrl":"https:\/\/dicodusport.fr\/blog\/wp-content\/uploads\/2019\/03\/Alexis-Vuillermoz-Dr\u00f4me-Classic.png","keywords":["Alexis Vuillermoz","Cyclisme","Dr\u00f4me Classic"],"articleSection":["Actualit\u00e9s","Cyclisme"],"inLanguage":"fr-FR","potentialAction":[{"@type":"CommentAction","name":"Comment","target":["https:\/\/dicodusport.fr\/blog\/drome-classic-alexis-vuillermoz-s-impose-en-costaud\/#respond"]}],"copyrightYear":"2019","copyrightHolder":{"@id":"https:\/\/dicodusport.fr\/blog\/#organization"}},{"@type":"WebPage","@id":"https:\/\/dicodusport.fr\/blog\/drome-classic-alexis-vuillermoz-s-impose-en-costaud\/","url":"https:\/\/dicodusport.fr\/blog\/drome-classic-alexis-vuillermoz-s-impose-en-costaud\/","name":"Dr\u00f4me Classic : Alexis Vuillermoz s'impose en costaud","isPartOf":{"@id":"https:\/\/dicodusport.fr\/blog\/#website"},"primaryImageOfPage":{"@id":"https:\/\/dicodusport.fr\/blog\/drome-classic-alexis-vuillermoz-s-impose-en-costaud\/#primaryimage"},"image":{"@id":"https:\/\/dicodusport.fr\/blog\/drome-classic-alexis-vuillermoz-s-impose-en-costaud\/#primaryimage"},"thumbnailUrl":"https:\/\/dicodusport.fr\/blog\/wp-content\/uploads\/2019\/03\/Alexis-Vuillermoz-Dr\u00f4me-Classic.png","datePublished":"2019-03-03T15:28:44+00:00","dateModified":"2019-03-04T13:08:46+00:00","description":"Alexis Vuillermoz a remport\u00e9 la Dr\u00f4me Classic cet apr\u00e8s-midi. Il devance Valentin Madouas (Groupama-FDJ) et Warren Barguil (Ark\u00e9a-Samsic).","breadcrumb":{"@id":"https:\/\/dicodusport.fr\/blog\/drome-classic-alexis-vuillermoz-s-impose-en-costaud\/#breadcrumb"},"inLanguage":"fr-FR","potentialAction":[{"@type":"ReadAction","target":["https:\/\/dicodusport.fr\/blog\/drome-classic-alexis-vuillermoz-s-impose-en-costaud\/"]}]},{"@type":"ImageObject","inLanguage":"fr-FR","@id":"https:\/\/dicodusport.fr\/blog\/drome-classic-alexis-vuillermoz-s-impose-en-costaud\/#primaryimage","url":"https:\/\/dicodusport.fr\/blog\/wp-content\/uploads\/2019\/03\/Alexis-Vuillermoz-Dr\u00f4me-Classic.png","contentUrl":"https:\/\/dicodusport.fr\/blog\/wp-content\/uploads\/2019\/03\/Alexis-Vuillermoz-Dr\u00f4me-Classic.png","width":800,"height":445},{"@type":"BreadcrumbList","@id":"https:\/\/dicodusport.fr\/blog\/drome-classic-alexis-vuillermoz-s-impose-en-costaud\/#breadcrumb","itemListElement":[{"@type":"ListItem","position":1,"name":"Accueil","item":"https:\/\/dicodusport.fr\/blog\/"},{"@type":"ListItem","position":2,"name":"Dr\u00f4me Classic : Alexis Vuillermoz s&rsquo;impose en costaud"}]},{"@type":"WebSite","@id":"https:\/\/dicodusport.fr\/blog\/#website","url":"https:\/\/dicodusport.fr\/blog\/","name":"Dicodusport","description":"L&#039;encyclop\u00e9die de l&#039;actualit\u00e9 sportive","publisher":{"@id":"https:\/\/dicodusport.fr\/blog\/#organization"},"potentialAction":[{"@type":"SearchAction","target":{"@type":"EntryPoint","urlTemplate":"https:\/\/dicodusport.fr\/blog\/?s={search_term_string}"},"query-input":{"@type":"PropertyValueSpecification","valueRequired":true,"valueName":"search_term_string"}}],"inLanguage":"fr-FR"},{"@type":"NewsMediaOrganization","@id":"https:\/\/dicodusport.fr\/blog\/#organization","name":"Dicodusport","url":"https:\/\/dicodusport.fr\/blog\/","logo":{"@type":"ImageObject","inLanguage":"fr-FR","@id":"https:\/\/dicodusport.fr\/blog\/#\/schema\/logo\/image\/","url":"https:\/\/dicodusport.fr\/blog\/wp-content\/uploads\/2020\/06\/cropped-LOGO-DICODUSPORT-2020-SANS-FOND-SANS-TEXTE.png","contentUrl":"https:\/\/dicodusport.fr\/blog\/wp-content\/uploads\/2020\/06\/cropped-LOGO-DICODUSPORT-2020-SANS-FOND-SANS-TEXTE.png","width":512,"height":512,"caption":"Dicodusport"},"image":{"@id":"https:\/\/dicodusport.fr\/blog\/#\/schema\/logo\/image\/"},"sameAs":["https:\/\/www.facebook.com\/dicodusport","https:\/\/x.com\/dicodusport","https:\/\/www.instagram.com\/dicodusport\/","https:\/\/www.youtube.com\/channel\/UC7V2KZ5sd3htJivAbA4ZG3w"],"description":"Dicodusport est l'encyclop\u00e9die de l'actualit\u00e9 sportive.","email":"bonjour@dicodusport.fr","legalName":"DICODUSPORT","foundingDate":"2018-01-14","vatID":"FR71834470973","taxID":"83447097300043","numberOfEmployees":{"@type":"QuantitativeValue","minValue":"1","maxValue":"10"}},{"@type":"Person","@id":"https:\/\/dicodusport.fr\/blog\/#\/schema\/person\/cb02af4c173ce4a653b55e9baf388d4a","name":"Flo Ostermann","image":{"@type":"ImageObject","inLanguage":"fr-FR","@id":"https:\/\/dicodusport.fr\/blog\/#\/schema\/person\/image\/","url":"https:\/\/dicodusport.fr\/blog\/wp-content\/uploads\/2021\/05\/Flo-Ostermann-150x150.jpg","contentUrl":"https:\/\/dicodusport.fr\/blog\/wp-content\/uploads\/2021\/05\/Flo-Ostermann-150x150.jpg","caption":"Flo Ostermann"},"description":"Journaliste\/R\u00e9dacteur depuis septembre 2015 - Mes premiers souvenirs dans le sport ? Les envol\u00e9es du Stade Toulousain et les duels Villeneuve-Schumacher et H\u00e4kkinen-Schumacher \u00e0 la fin des ann\u00e9es 90, la Coupe du monde de football en 1998, l\u2019exploit du XV de France face aux All Blacks en 1999, mais aussi Richard C\u0153ur de Lion qui vole sur les montagnes du Tour de France. Bien parti pour devenir professeur d\u2019EPS, les \u00e9v\u00e9nements de la vie (et la flemme d\u2019animer des s\u00e9ances de 3x500 m\u00e8tres toute ma vie) m\u2019ont conduit \u00e0 revoir mes plans. Me voil\u00e0 depuis fin 2017 sur Dicodusport, m\u00e9dia gr\u00e2ce (et pour) lequel je partage ma passion : le sport dans tous ses \u00e9tats. Le tout accompagn\u00e9 par les fous furieux et folles furieuses cit\u00e9s sur cette page !","sameAs":["https:\/\/www.facebook.com\/florent.ostermann","https:\/\/x.com\/https:\/\/twitter.com\/FlOstermann","admin"],"url":"https:\/\/dicodusport.fr\/blog\/author\/flo\/"}]}},"_links":{"self":[{"href":"https:\/\/dicodusport.fr\/blog\/wp-json\/wp\/v2\/posts\/34520","targetHints":{"allow":["GET"]}}],"collection":[{"href":"https:\/\/dicodusport.fr\/blog\/wp-json\/wp\/v2\/posts"}],"about":[{"href":"https:\/\/dicodusport.fr\/blog\/wp-json\/wp\/v2\/types\/post"}],"author":[{"embeddable":true,"href":"https:\/\/dicodusport.fr\/blog\/wp-json\/wp\/v2\/users\/4"}],"replies":[{"embeddable":true,"href":"https:\/\/dicodusport.fr\/blog\/wp-json\/wp\/v2\/comments?post=34520"}],"version-history":[{"count":0,"href":"https:\/\/dicodusport.fr\/blog\/wp-json\/wp\/v2\/posts\/34520\/revisions"}],"wp:featuredmedia":[{"embeddable":true,"href":"https:\/\/dicodusport.fr\/blog\/wp-json\/wp\/v2\/media\/34541"}],"wp:attachment":[{"href":"https:\/\/dicodusport.fr\/blog\/wp-json\/wp\/v2\/media?parent=34520"}],"wp:term":[{"taxonomy":"category","embeddable":true,"href":"https:\/\/dicodusport.fr\/blog\/wp-json\/wp\/v2\/categories?post=34520"},{"taxonomy":"post_tag","embeddable":true,"href":"https:\/\/dicodusport.fr\/blog\/wp-json\/wp\/v2\/tags?post=34520"}],"curies":[{"name":"wp","href":"https:\/\/api.w.org\/{rel}","templated":true}]}}