{"id":34522,"date":"2019-03-03T13:19:02","date_gmt":"2019-03-03T12:19:02","guid":{"rendered":"http:\/\/dicodusport.fr\/blog\/?p=34522"},"modified":"2019-03-03T13:20:10","modified_gmt":"2019-03-03T12:20:10","slug":"glasgow-2019-championnats-europe-athletisme-en-salle-les-hurdlers-francais-en-forme","status":"publish","type":"post","link":"https:\/\/dicodusport.fr\/blog\/glasgow-2019-championnats-europe-athletisme-en-salle-les-hurdlers-francais-en-forme\/","title":{"rendered":"Glasgow 2019 &#8211; Championnats d&rsquo;Europe d&rsquo;athl\u00e9tisme en salle : les hurdlers fran\u00e7ais en forme"},"content":{"rendered":"<p style=\"text-align: justify;\"><strong><em>Les hurdlers fran\u00e7ais ont fait le plein, fin de parcours pour Sol\u00e8ne Ndama aux haies : tous les r\u00e9sultats fran\u00e7ais de la matin\u00e9e.<\/em><\/strong><\/p>\n<p style=\"text-align: justify;\"><span style=\"text-decoration: underline;\"><strong>Triple saut F \u2013 Finale<\/strong><\/span><br \/>\n7e place pour <strong>Rouguy Diallo<\/strong> avec 14m18 r\u00e9alis\u00e9 \u00e0 son 6e essai. Elle a mordu 4 essais, r\u00e9alisant 13m98 \u00e0 son 3e essai.<\/p>\n<p style=\"text-align: justify;\"><span style=\"text-decoration: underline;\"><strong>Heptathlon H<\/strong><\/span><br \/>\nEn raison d&rsquo;une douleur au tendon d&rsquo;Achille, <strong>Basile Bolnin<\/strong> n&rsquo;a pas pris part aux \u00e9preuves de l&rsquo;heptathlon du jour.<\/p>\n<p style=\"text-align: justify;\"><span style=\"text-decoration: underline;\"><strong>60m haies H \u2013 Demi-finales<\/strong><\/span><br \/>\nToujours 3\/3 pour les hurdlers fran\u00e7ais qui sont tous qualifi\u00e9s pour la finale ! <strong>Aurel Manga<\/strong> a remport\u00e9 sa s\u00e9rie en 7&Prime;63 devant <strong>Pascal Martinot-Lagarde<\/strong> (7&Prime;64). Dans l&rsquo;autre demie, <strong>Wilhmm Belocian<\/strong> a pris la 3e place en 7&Prime;66.<br \/>\nRendez-vous \u00e0 19h10 pour la finale !<\/p>\n<p style=\"text-align: justify;\"><span style=\"text-decoration: underline;\"><strong>60m haies F \u2013 Demi-finales<\/strong><\/span><br \/>\n<strong>Sol\u00e8ne Ndama<\/strong>, 5e de sa demie est la premi\u00e8re non qualifi\u00e9e pour la finale avec un temps de 8&Prime;09. La jeune fran\u00e7aise \u00e9tait touch\u00e9e \u00e0 la cheville droite suite \u00e0 une chute lors de son \u00e9chauffement.<\/p>\n<p><em><strong>Arlette<\/strong><\/em><br \/>\n<a href=\"http:\/\/twitter.com\/Shiclette94\"><img loading=\"lazy\" decoding=\"async\" class=\"alignnone size-full wp-image-2908\" src=\"http:\/\/dicodusport.fr\/blog\/wp-content\/uploads\/2017\/07\/logo-twitter-e1516110106986.png\" alt=\"\" width=\"39\" height=\"39\" \/><\/a><\/p>\n","protected":false},"excerpt":{"rendered":"<p>Les hurdlers fran\u00e7ais ont fait le plein, fin de parcours pour Sol\u00e8ne Ndama aux haies : tous les r\u00e9sultats fran\u00e7ais de la matin\u00e9e.<\/p>\n","protected":false},"author":12,"featured_media":34523,"comment_status":"open","ping_status":"closed","sticky":false,"template":"","format":"standard","meta":{"_acf_changed":false,"_daextam_enable_autolinks":"","footnotes":""},"categories":[2,2308],"tags":[143,4068,7359,5497,5225,5223,7375],"class_list":["post-34522","post","type-post","status-publish","format-standard","has-post-thumbnail","hentry","category-actualites","category-athletisme","tag-athletisme","tag-aurel-manga","tag-championnats-deurope-dathletisme-en-salle","tag-glasgow","tag-pascal-martinot-lagarde","tag-solene-ndama","tag-wilhem-belocian"],"acf":[],"yoast_head":"<!-- This site is optimized with the Yoast SEO Premium plugin v26.7 (Yoast SEO v26.7) - https:\/\/yoast.com\/wordpress\/plugins\/seo\/ -->\n<title>Glasgow 2019 - Championnats d&#039;Europe d&#039;athl\u00e9tisme en salle : les hurdlers fran\u00e7ais en forme<\/title>\n<meta name=\"description\" content=\"Les hurdlers fran\u00e7ais ont fait le plein, fin de parcours pour Sol\u00e8ne Ndama aux haies : tous les r\u00e9sultats fran\u00e7ais de la matin\u00e9e.\" \/>\n<meta name=\"robots\" content=\"index, follow, max-snippet:-1, max-image-preview:large, max-video-preview:-1\" \/>\n<link rel=\"canonical\" href=\"https:\/\/dicodusport.fr\/blog\/glasgow-2019-championnats-europe-athletisme-en-salle-les-hurdlers-francais-en-forme\/\" \/>\n<meta property=\"og:locale\" content=\"fr_FR\" \/>\n<meta property=\"og:type\" content=\"article\" \/>\n<meta property=\"og:title\" content=\"Glasgow 2019 - Championnats d&#039;Europe d&#039;athl\u00e9tisme en salle : les hurdlers fran\u00e7ais en forme\" \/>\n<meta property=\"og:description\" content=\"Les hurdlers fran\u00e7ais ont fait le plein, fin de parcours pour Sol\u00e8ne Ndama aux haies : tous les r\u00e9sultats fran\u00e7ais de la matin\u00e9e.\" \/>\n<meta property=\"og:url\" content=\"https:\/\/dicodusport.fr\/blog\/glasgow-2019-championnats-europe-athletisme-en-salle-les-hurdlers-francais-en-forme\/\" \/>\n<meta property=\"og:site_name\" content=\"Dicodusport\" \/>\n<meta property=\"article:publisher\" content=\"https:\/\/www.facebook.com\/dicodusport\" \/>\n<meta property=\"article:published_time\" content=\"2019-03-03T12:19:02+00:00\" \/>\n<meta property=\"article:modified_time\" content=\"2019-03-03T12:20:10+00:00\" \/>\n<meta property=\"og:image\" content=\"https:\/\/dicodusport.fr\/blog\/wp-content\/uploads\/2019\/03\/PML-haies.png\" \/>\n\t<meta property=\"og:image:width\" content=\"800\" \/>\n\t<meta property=\"og:image:height\" content=\"445\" \/>\n\t<meta property=\"og:image:type\" content=\"image\/png\" \/>\n<meta name=\"author\" content=\"Arlette Yeye\" \/>\n<meta name=\"twitter:card\" content=\"summary_large_image\" \/>\n<meta name=\"twitter:creator\" content=\"@https:\/\/twitter.com\/Shiclette94\" \/>\n<meta name=\"twitter:site\" content=\"@dicodusport\" \/>\n<script type=\"application\/ld+json\" class=\"yoast-schema-graph\">{\"@context\":\"https:\/\/schema.org\",\"@graph\":[{\"@type\":\"NewsArticle\",\"@id\":\"https:\/\/dicodusport.fr\/blog\/glasgow-2019-championnats-europe-athletisme-en-salle-les-hurdlers-francais-en-forme\/#article\",\"isPartOf\":{\"@id\":\"https:\/\/dicodusport.fr\/blog\/glasgow-2019-championnats-europe-athletisme-en-salle-les-hurdlers-francais-en-forme\/\"},\"author\":{\"name\":\"Arlette Yeye\",\"@id\":\"https:\/\/dicodusport.fr\/blog\/#\/schema\/person\/cce96fa88785bd8573e3d43078ac8c79\"},\"headline\":\"Glasgow 2019 &#8211; Championnats d&rsquo;Europe d&rsquo;athl\u00e9tisme en salle : les hurdlers fran\u00e7ais en forme\",\"datePublished\":\"2019-03-03T12:19:02+00:00\",\"dateModified\":\"2019-03-03T12:20:10+00:00\",\"mainEntityOfPage\":{\"@id\":\"https:\/\/dicodusport.fr\/blog\/glasgow-2019-championnats-europe-athletisme-en-salle-les-hurdlers-francais-en-forme\/\"},\"wordCount\":183,\"commentCount\":0,\"publisher\":{\"@id\":\"https:\/\/dicodusport.fr\/blog\/#organization\"},\"image\":{\"@id\":\"https:\/\/dicodusport.fr\/blog\/glasgow-2019-championnats-europe-athletisme-en-salle-les-hurdlers-francais-en-forme\/#primaryimage\"},\"thumbnailUrl\":\"https:\/\/dicodusport.fr\/blog\/wp-content\/uploads\/2019\/03\/PML-haies.png\",\"keywords\":[\"Athl\u00e9tisme\",\"Aurel Manga\",\"Championnats d'Europe d'athl\u00e9tisme en salle\",\"Glasgow\",\"Pascal Martinot-Lagarde\",\"Sol\u00e8ne Ndama\",\"Wilhem Belocian\"],\"articleSection\":[\"Actualit\u00e9s\",\"Athl\u00e9tisme\"],\"inLanguage\":\"fr-FR\",\"potentialAction\":[{\"@type\":\"CommentAction\",\"name\":\"Comment\",\"target\":[\"https:\/\/dicodusport.fr\/blog\/glasgow-2019-championnats-europe-athletisme-en-salle-les-hurdlers-francais-en-forme\/#respond\"]}],\"copyrightYear\":\"2019\",\"copyrightHolder\":{\"@id\":\"https:\/\/dicodusport.fr\/blog\/#organization\"}},{\"@type\":\"WebPage\",\"@id\":\"https:\/\/dicodusport.fr\/blog\/glasgow-2019-championnats-europe-athletisme-en-salle-les-hurdlers-francais-en-forme\/\",\"url\":\"https:\/\/dicodusport.fr\/blog\/glasgow-2019-championnats-europe-athletisme-en-salle-les-hurdlers-francais-en-forme\/\",\"name\":\"Glasgow 2019 - Championnats d'Europe d'athl\u00e9tisme en salle : les hurdlers fran\u00e7ais en forme\",\"isPartOf\":{\"@id\":\"https:\/\/dicodusport.fr\/blog\/#website\"},\"primaryImageOfPage\":{\"@id\":\"https:\/\/dicodusport.fr\/blog\/glasgow-2019-championnats-europe-athletisme-en-salle-les-hurdlers-francais-en-forme\/#primaryimage\"},\"image\":{\"@id\":\"https:\/\/dicodusport.fr\/blog\/glasgow-2019-championnats-europe-athletisme-en-salle-les-hurdlers-francais-en-forme\/#primaryimage\"},\"thumbnailUrl\":\"https:\/\/dicodusport.fr\/blog\/wp-content\/uploads\/2019\/03\/PML-haies.png\",\"datePublished\":\"2019-03-03T12:19:02+00:00\",\"dateModified\":\"2019-03-03T12:20:10+00:00\",\"description\":\"Les hurdlers fran\u00e7ais ont fait le plein, fin de parcours pour Sol\u00e8ne Ndama aux haies : tous les r\u00e9sultats fran\u00e7ais de la matin\u00e9e.\",\"breadcrumb\":{\"@id\":\"https:\/\/dicodusport.fr\/blog\/glasgow-2019-championnats-europe-athletisme-en-salle-les-hurdlers-francais-en-forme\/#breadcrumb\"},\"inLanguage\":\"fr-FR\",\"potentialAction\":[{\"@type\":\"ReadAction\",\"target\":[\"https:\/\/dicodusport.fr\/blog\/glasgow-2019-championnats-europe-athletisme-en-salle-les-hurdlers-francais-en-forme\/\"]}]},{\"@type\":\"ImageObject\",\"inLanguage\":\"fr-FR\",\"@id\":\"https:\/\/dicodusport.fr\/blog\/glasgow-2019-championnats-europe-athletisme-en-salle-les-hurdlers-francais-en-forme\/#primaryimage\",\"url\":\"https:\/\/dicodusport.fr\/blog\/wp-content\/uploads\/2019\/03\/PML-haies.png\",\"contentUrl\":\"https:\/\/dicodusport.fr\/blog\/wp-content\/uploads\/2019\/03\/PML-haies.png\",\"width\":800,\"height\":445},{\"@type\":\"BreadcrumbList\",\"@id\":\"https:\/\/dicodusport.fr\/blog\/glasgow-2019-championnats-europe-athletisme-en-salle-les-hurdlers-francais-en-forme\/#breadcrumb\",\"itemListElement\":[{\"@type\":\"ListItem\",\"position\":1,\"name\":\"Accueil\",\"item\":\"https:\/\/dicodusport.fr\/blog\/\"},{\"@type\":\"ListItem\",\"position\":2,\"name\":\"Glasgow 2019 &#8211; Championnats d&rsquo;Europe d&rsquo;athl\u00e9tisme en salle : les hurdlers fran\u00e7ais en forme\"}]},{\"@type\":\"WebSite\",\"@id\":\"https:\/\/dicodusport.fr\/blog\/#website\",\"url\":\"https:\/\/dicodusport.fr\/blog\/\",\"name\":\"Dicodusport\",\"description\":\"L&#039;encyclop\u00e9die de l&#039;actualit\u00e9 sportive\",\"publisher\":{\"@id\":\"https:\/\/dicodusport.fr\/blog\/#organization\"},\"potentialAction\":[{\"@type\":\"SearchAction\",\"target\":{\"@type\":\"EntryPoint\",\"urlTemplate\":\"https:\/\/dicodusport.fr\/blog\/?s={search_term_string}\"},\"query-input\":{\"@type\":\"PropertyValueSpecification\",\"valueRequired\":true,\"valueName\":\"search_term_string\"}}],\"inLanguage\":\"fr-FR\"},{\"@type\":\"NewsMediaOrganization\",\"@id\":\"https:\/\/dicodusport.fr\/blog\/#organization\",\"name\":\"Dicodusport\",\"url\":\"https:\/\/dicodusport.fr\/blog\/\",\"logo\":{\"@type\":\"ImageObject\",\"inLanguage\":\"fr-FR\",\"@id\":\"https:\/\/dicodusport.fr\/blog\/#\/schema\/logo\/image\/\",\"url\":\"https:\/\/dicodusport.fr\/blog\/wp-content\/uploads\/2020\/06\/cropped-LOGO-DICODUSPORT-2020-SANS-FOND-SANS-TEXTE.png\",\"contentUrl\":\"https:\/\/dicodusport.fr\/blog\/wp-content\/uploads\/2020\/06\/cropped-LOGO-DICODUSPORT-2020-SANS-FOND-SANS-TEXTE.png\",\"width\":512,\"height\":512,\"caption\":\"Dicodusport\"},\"image\":{\"@id\":\"https:\/\/dicodusport.fr\/blog\/#\/schema\/logo\/image\/\"},\"sameAs\":[\"https:\/\/www.facebook.com\/dicodusport\",\"https:\/\/x.com\/dicodusport\",\"https:\/\/www.instagram.com\/dicodusport\/\",\"https:\/\/www.youtube.com\/channel\/UC7V2KZ5sd3htJivAbA4ZG3w\"],\"description\":\"Dicodusport est l'encyclop\u00e9die de l'actualit\u00e9 sportive.\",\"email\":\"bonjour@dicodusport.fr\",\"legalName\":\"DICODUSPORT\",\"foundingDate\":\"2018-01-14\",\"vatID\":\"FR71834470973\",\"taxID\":\"83447097300043\",\"numberOfEmployees\":{\"@type\":\"QuantitativeValue\",\"minValue\":\"1\",\"maxValue\":\"10\"}},{\"@type\":\"Person\",\"@id\":\"https:\/\/dicodusport.fr\/blog\/#\/schema\/person\/cce96fa88785bd8573e3d43078ac8c79\",\"name\":\"Arlette Yeye\",\"image\":{\"@type\":\"ImageObject\",\"inLanguage\":\"fr-FR\",\"@id\":\"https:\/\/dicodusport.fr\/blog\/#\/schema\/person\/image\/\",\"url\":\"https:\/\/secure.gravatar.com\/avatar\/dca4a6239e6d708e46c45d60e160de6c?s=96&d=wp_user_avatar&r=g\",\"contentUrl\":\"https:\/\/secure.gravatar.com\/avatar\/dca4a6239e6d708e46c45d60e160de6c?s=96&d=wp_user_avatar&r=g\",\"caption\":\"Arlette Yeye\"},\"description\":\"Journaliste\/r\u00e9dactrice depuis septembre 2015 - Supportrice de Chelsea, j'ai pour sports de pr\u00e9dilection le handball, l'athl\u00e9tisme et le tennis. Si je tweete plus vite que mon ombre, vous pouvez aussi me retrouver les week-ends sur les playgrounds de Bruxelles pour un petit foot ou basket entre potes. Parcourir la France, l'Europe et plus si affinit\u00e9s pour suivre mes sportifs pr\u00e9f\u00e9r\u00e9s ? Mon kif ! Et c'est avec plaisir que je partage les r\u00e9sultats des sports populaires mais \u00e9galement plus confidentiels pour Dicodusport.\",\"sameAs\":[\"https:\/\/x.com\/https:\/\/twitter.com\/Shiclette94\"],\"url\":\"https:\/\/dicodusport.fr\/blog\/author\/arlette\/\"}]}<\/script>\n<!-- \/ Yoast SEO Premium plugin. -->","yoast_head_json":{"title":"Glasgow 2019 - Championnats d'Europe d'athl\u00e9tisme en salle : les hurdlers fran\u00e7ais en forme","description":"Les hurdlers fran\u00e7ais ont fait le plein, fin de parcours pour Sol\u00e8ne Ndama aux haies : tous les r\u00e9sultats fran\u00e7ais de la matin\u00e9e.","robots":{"index":"index","follow":"follow","max-snippet":"max-snippet:-1","max-image-preview":"max-image-preview:large","max-video-preview":"max-video-preview:-1"},"canonical":"https:\/\/dicodusport.fr\/blog\/glasgow-2019-championnats-europe-athletisme-en-salle-les-hurdlers-francais-en-forme\/","og_locale":"fr_FR","og_type":"article","og_title":"Glasgow 2019 - Championnats d'Europe d'athl\u00e9tisme en salle : les hurdlers fran\u00e7ais en forme","og_description":"Les hurdlers fran\u00e7ais ont fait le plein, fin de parcours pour Sol\u00e8ne Ndama aux haies : tous les r\u00e9sultats fran\u00e7ais de la matin\u00e9e.","og_url":"https:\/\/dicodusport.fr\/blog\/glasgow-2019-championnats-europe-athletisme-en-salle-les-hurdlers-francais-en-forme\/","og_site_name":"Dicodusport","article_publisher":"https:\/\/www.facebook.com\/dicodusport","article_published_time":"2019-03-03T12:19:02+00:00","article_modified_time":"2019-03-03T12:20:10+00:00","og_image":[{"width":800,"height":445,"url":"https:\/\/dicodusport.fr\/blog\/wp-content\/uploads\/2019\/03\/PML-haies.png","type":"image\/png"}],"author":"Arlette Yeye","twitter_card":"summary_large_image","twitter_creator":"@https:\/\/twitter.com\/Shiclette94","twitter_site":"@dicodusport","schema":{"@context":"https:\/\/schema.org","@graph":[{"@type":"NewsArticle","@id":"https:\/\/dicodusport.fr\/blog\/glasgow-2019-championnats-europe-athletisme-en-salle-les-hurdlers-francais-en-forme\/#article","isPartOf":{"@id":"https:\/\/dicodusport.fr\/blog\/glasgow-2019-championnats-europe-athletisme-en-salle-les-hurdlers-francais-en-forme\/"},"author":{"name":"Arlette Yeye","@id":"https:\/\/dicodusport.fr\/blog\/#\/schema\/person\/cce96fa88785bd8573e3d43078ac8c79"},"headline":"Glasgow 2019 &#8211; Championnats d&rsquo;Europe d&rsquo;athl\u00e9tisme en salle : les hurdlers fran\u00e7ais en forme","datePublished":"2019-03-03T12:19:02+00:00","dateModified":"2019-03-03T12:20:10+00:00","mainEntityOfPage":{"@id":"https:\/\/dicodusport.fr\/blog\/glasgow-2019-championnats-europe-athletisme-en-salle-les-hurdlers-francais-en-forme\/"},"wordCount":183,"commentCount":0,"publisher":{"@id":"https:\/\/dicodusport.fr\/blog\/#organization"},"image":{"@id":"https:\/\/dicodusport.fr\/blog\/glasgow-2019-championnats-europe-athletisme-en-salle-les-hurdlers-francais-en-forme\/#primaryimage"},"thumbnailUrl":"https:\/\/dicodusport.fr\/blog\/wp-content\/uploads\/2019\/03\/PML-haies.png","keywords":["Athl\u00e9tisme","Aurel Manga","Championnats d'Europe d'athl\u00e9tisme en salle","Glasgow","Pascal Martinot-Lagarde","Sol\u00e8ne Ndama","Wilhem Belocian"],"articleSection":["Actualit\u00e9s","Athl\u00e9tisme"],"inLanguage":"fr-FR","potentialAction":[{"@type":"CommentAction","name":"Comment","target":["https:\/\/dicodusport.fr\/blog\/glasgow-2019-championnats-europe-athletisme-en-salle-les-hurdlers-francais-en-forme\/#respond"]}],"copyrightYear":"2019","copyrightHolder":{"@id":"https:\/\/dicodusport.fr\/blog\/#organization"}},{"@type":"WebPage","@id":"https:\/\/dicodusport.fr\/blog\/glasgow-2019-championnats-europe-athletisme-en-salle-les-hurdlers-francais-en-forme\/","url":"https:\/\/dicodusport.fr\/blog\/glasgow-2019-championnats-europe-athletisme-en-salle-les-hurdlers-francais-en-forme\/","name":"Glasgow 2019 - Championnats d'Europe d'athl\u00e9tisme en salle : les hurdlers fran\u00e7ais en forme","isPartOf":{"@id":"https:\/\/dicodusport.fr\/blog\/#website"},"primaryImageOfPage":{"@id":"https:\/\/dicodusport.fr\/blog\/glasgow-2019-championnats-europe-athletisme-en-salle-les-hurdlers-francais-en-forme\/#primaryimage"},"image":{"@id":"https:\/\/dicodusport.fr\/blog\/glasgow-2019-championnats-europe-athletisme-en-salle-les-hurdlers-francais-en-forme\/#primaryimage"},"thumbnailUrl":"https:\/\/dicodusport.fr\/blog\/wp-content\/uploads\/2019\/03\/PML-haies.png","datePublished":"2019-03-03T12:19:02+00:00","dateModified":"2019-03-03T12:20:10+00:00","description":"Les hurdlers fran\u00e7ais ont fait le plein, fin de parcours pour Sol\u00e8ne Ndama aux haies : tous les r\u00e9sultats fran\u00e7ais de la matin\u00e9e.","breadcrumb":{"@id":"https:\/\/dicodusport.fr\/blog\/glasgow-2019-championnats-europe-athletisme-en-salle-les-hurdlers-francais-en-forme\/#breadcrumb"},"inLanguage":"fr-FR","potentialAction":[{"@type":"ReadAction","target":["https:\/\/dicodusport.fr\/blog\/glasgow-2019-championnats-europe-athletisme-en-salle-les-hurdlers-francais-en-forme\/"]}]},{"@type":"ImageObject","inLanguage":"fr-FR","@id":"https:\/\/dicodusport.fr\/blog\/glasgow-2019-championnats-europe-athletisme-en-salle-les-hurdlers-francais-en-forme\/#primaryimage","url":"https:\/\/dicodusport.fr\/blog\/wp-content\/uploads\/2019\/03\/PML-haies.png","contentUrl":"https:\/\/dicodusport.fr\/blog\/wp-content\/uploads\/2019\/03\/PML-haies.png","width":800,"height":445},{"@type":"BreadcrumbList","@id":"https:\/\/dicodusport.fr\/blog\/glasgow-2019-championnats-europe-athletisme-en-salle-les-hurdlers-francais-en-forme\/#breadcrumb","itemListElement":[{"@type":"ListItem","position":1,"name":"Accueil","item":"https:\/\/dicodusport.fr\/blog\/"},{"@type":"ListItem","position":2,"name":"Glasgow 2019 &#8211; Championnats d&rsquo;Europe d&rsquo;athl\u00e9tisme en salle : les hurdlers fran\u00e7ais en forme"}]},{"@type":"WebSite","@id":"https:\/\/dicodusport.fr\/blog\/#website","url":"https:\/\/dicodusport.fr\/blog\/","name":"Dicodusport","description":"L&#039;encyclop\u00e9die de l&#039;actualit\u00e9 sportive","publisher":{"@id":"https:\/\/dicodusport.fr\/blog\/#organization"},"potentialAction":[{"@type":"SearchAction","target":{"@type":"EntryPoint","urlTemplate":"https:\/\/dicodusport.fr\/blog\/?s={search_term_string}"},"query-input":{"@type":"PropertyValueSpecification","valueRequired":true,"valueName":"search_term_string"}}],"inLanguage":"fr-FR"},{"@type":"NewsMediaOrganization","@id":"https:\/\/dicodusport.fr\/blog\/#organization","name":"Dicodusport","url":"https:\/\/dicodusport.fr\/blog\/","logo":{"@type":"ImageObject","inLanguage":"fr-FR","@id":"https:\/\/dicodusport.fr\/blog\/#\/schema\/logo\/image\/","url":"https:\/\/dicodusport.fr\/blog\/wp-content\/uploads\/2020\/06\/cropped-LOGO-DICODUSPORT-2020-SANS-FOND-SANS-TEXTE.png","contentUrl":"https:\/\/dicodusport.fr\/blog\/wp-content\/uploads\/2020\/06\/cropped-LOGO-DICODUSPORT-2020-SANS-FOND-SANS-TEXTE.png","width":512,"height":512,"caption":"Dicodusport"},"image":{"@id":"https:\/\/dicodusport.fr\/blog\/#\/schema\/logo\/image\/"},"sameAs":["https:\/\/www.facebook.com\/dicodusport","https:\/\/x.com\/dicodusport","https:\/\/www.instagram.com\/dicodusport\/","https:\/\/www.youtube.com\/channel\/UC7V2KZ5sd3htJivAbA4ZG3w"],"description":"Dicodusport est l'encyclop\u00e9die de l'actualit\u00e9 sportive.","email":"bonjour@dicodusport.fr","legalName":"DICODUSPORT","foundingDate":"2018-01-14","vatID":"FR71834470973","taxID":"83447097300043","numberOfEmployees":{"@type":"QuantitativeValue","minValue":"1","maxValue":"10"}},{"@type":"Person","@id":"https:\/\/dicodusport.fr\/blog\/#\/schema\/person\/cce96fa88785bd8573e3d43078ac8c79","name":"Arlette Yeye","image":{"@type":"ImageObject","inLanguage":"fr-FR","@id":"https:\/\/dicodusport.fr\/blog\/#\/schema\/person\/image\/","url":"https:\/\/secure.gravatar.com\/avatar\/dca4a6239e6d708e46c45d60e160de6c?s=96&d=wp_user_avatar&r=g","contentUrl":"https:\/\/secure.gravatar.com\/avatar\/dca4a6239e6d708e46c45d60e160de6c?s=96&d=wp_user_avatar&r=g","caption":"Arlette Yeye"},"description":"Journaliste\/r\u00e9dactrice depuis septembre 2015 - Supportrice de Chelsea, j'ai pour sports de pr\u00e9dilection le handball, l'athl\u00e9tisme et le tennis. Si je tweete plus vite que mon ombre, vous pouvez aussi me retrouver les week-ends sur les playgrounds de Bruxelles pour un petit foot ou basket entre potes. Parcourir la France, l'Europe et plus si affinit\u00e9s pour suivre mes sportifs pr\u00e9f\u00e9r\u00e9s ? Mon kif ! Et c'est avec plaisir que je partage les r\u00e9sultats des sports populaires mais \u00e9galement plus confidentiels pour Dicodusport.","sameAs":["https:\/\/x.com\/https:\/\/twitter.com\/Shiclette94"],"url":"https:\/\/dicodusport.fr\/blog\/author\/arlette\/"}]}},"_links":{"self":[{"href":"https:\/\/dicodusport.fr\/blog\/wp-json\/wp\/v2\/posts\/34522","targetHints":{"allow":["GET"]}}],"collection":[{"href":"https:\/\/dicodusport.fr\/blog\/wp-json\/wp\/v2\/posts"}],"about":[{"href":"https:\/\/dicodusport.fr\/blog\/wp-json\/wp\/v2\/types\/post"}],"author":[{"embeddable":true,"href":"https:\/\/dicodusport.fr\/blog\/wp-json\/wp\/v2\/users\/12"}],"replies":[{"embeddable":true,"href":"https:\/\/dicodusport.fr\/blog\/wp-json\/wp\/v2\/comments?post=34522"}],"version-history":[{"count":0,"href":"https:\/\/dicodusport.fr\/blog\/wp-json\/wp\/v2\/posts\/34522\/revisions"}],"wp:featuredmedia":[{"embeddable":true,"href":"https:\/\/dicodusport.fr\/blog\/wp-json\/wp\/v2\/media\/34523"}],"wp:attachment":[{"href":"https:\/\/dicodusport.fr\/blog\/wp-json\/wp\/v2\/media?parent=34522"}],"wp:term":[{"taxonomy":"category","embeddable":true,"href":"https:\/\/dicodusport.fr\/blog\/wp-json\/wp\/v2\/categories?post=34522"},{"taxonomy":"post_tag","embeddable":true,"href":"https:\/\/dicodusport.fr\/blog\/wp-json\/wp\/v2\/tags?post=34522"}],"curies":[{"name":"wp","href":"https:\/\/api.w.org\/{rel}","templated":true}]}}