{"id":345512,"date":"2023-01-19T11:49:03","date_gmt":"2023-01-19T10:49:03","guid":{"rendered":"https:\/\/dicodusport.fr\/blog\/?p=345512&#038;preview=true&#038;preview_id=345512"},"modified":"2023-01-19T13:51:27","modified_gmt":"2023-01-19T12:51:27","slug":"baptiste-jauneau-tete-daffiche-de-la-nouvelle-generation-clermontoise","status":"publish","type":"post","link":"https:\/\/dicodusport.fr\/blog\/baptiste-jauneau-tete-daffiche-de-la-nouvelle-generation-clermontoise\/","title":{"rendered":"Baptiste Jauneau : T\u00eate d&rsquo;affiche de la nouvelle g\u00e9n\u00e9ration clermontoise"},"content":{"rendered":"<p align=\"justify\"><em><b><a href=\"https:\/\/dicodusport.fr\/blog\/classement-top-14-2022-2023\/\">TOP 14 2022-2023<\/a> &#8211; Auteur d&rsquo;une prestation remarquable avec l&rsquo;ASM Clermont en Champions Cup face \u00e0 Leicester (malgr\u00e9 <a href=\"https:\/\/dicodusport.fr\/blog\/champions-cup-j3-clermont-tombe-a-domicile-face-a-leicester\/\">la d\u00e9faite 29-44 des Auvergnats<\/a>), Baptiste Jauneau impressionne le monde du rugby. \u00c0 seulement 19 ans, le demi de m\u00eal\u00e9e as\u00e9miste acc\u00e8de d\u00e9j\u00e0 au plus haut niveau, dans les traces de son pr\u00e9d\u00e9cesseur clermontois, Morgan Parra.<\/b><\/em><\/p>\n<h2 style=\"text-align: justify;\" align=\"justify\">Des prestations de plus en plus impressionnantes<\/h2>\n<p style=\"text-align: justify;\">Depuis le d\u00e9but de saison 2022\/2023, <a href=\"https:\/\/www.allrugby.com\/joueurs\/baptiste-jauneau-10021.html\"><strong>Baptiste Jauneau<\/strong><\/a> a disput\u00e9 16 matchs avec l&rsquo;ASM Clermont (13 en Top 14 et trois en Champions Cup), et seulement deux en tant que titulaire. Dans une concurrence saine avec l&rsquo;ancien Toulousain <strong>S\u00e9bastien B\u00e9zy<\/strong>, le jeune demi de m\u00eal\u00e9e de 19 ans saisit chaque opportunit\u00e9 pour apporter sa fra\u00eecheur et son dynamisme \u00e0 l&rsquo;effectif clermontois en fin de match. Mais r\u00e9cemment, dans une p\u00e9riode inqui\u00e9tante pour l&rsquo;ASM, les associations de la charni\u00e8re clermontoise ont laiss\u00e9 planer de nombreux doutes. Si l&rsquo;apport des deux nouveaux demis d&rsquo;ouverture, <strong>Anthony Belleau<\/strong> et <strong>Jules Plisson<\/strong>, est d\u00e9j\u00e0 remis en cause, les performances de B\u00e9zy ne sont pas totalement convaincantes. Une occasion pour le joueur aux neuf s\u00e9lections en \u00e9quipe de France de moins de 20 ans de briller.<\/p>\n<p style=\"text-align: justify;\">Malgr\u00e9 une faible moyenne de 19 minutes de temps de jeu par match, <strong>Jauneau<\/strong> concurrence r\u00e9ellement <strong>B\u00e9zy<\/strong> pour une place de titulaire ces derniers temps. Si la question se pose de plus en plus, c&rsquo;est tout simplement le fruit de r\u00e9cents r\u00e9sultats impressionnants du jeune demi de m\u00eal\u00e9e. Entr\u00e9 en jeu \u00e0 la 72\u00e8me minute contre Perpignan lors de la 15\u00e8me journ\u00e9e de Top 14 (victoire 31-20), c&rsquo;est lui qui a inscrit l&rsquo;essai de la d\u00e9livrance pour les Clermontois (il en a d&rsquo;ailleurs marqu\u00e9 deux depuis le d\u00e9but de saison). Mais c&rsquo;est surtout gr\u00e2ce \u00e0 une performance XXL contre le champion d&rsquo;Angleterre en titre, Leicester, en Champions Cup, que Jauneau a r\u00e9v\u00e9l\u00e9 son talent \u00e0 la plan\u00e8te rugby.<\/p>\n<div id=\"attachment_346143\" style=\"width: 810px\" class=\"wp-caption aligncenter\"><a href=\"https:\/\/dicodusport.fr\/blog\/wp-content\/uploads\/2023\/01\/Baptiste-Jauneau-face-a-Leicester-en-Champions-Cup.png\"><img loading=\"lazy\" decoding=\"async\" aria-describedby=\"caption-attachment-346143\" class=\"size-full wp-image-346143\" src=\"https:\/\/dicodusport.fr\/blog\/wp-content\/uploads\/2023\/01\/Baptiste-Jauneau-face-a-Leicester-en-Champions-Cup.png\" alt=\"Baptiste Jauneau face \u00e0 Leicester en Champions Cup\" width=\"800\" height=\"445\" srcset=\"https:\/\/dicodusport.fr\/blog\/wp-content\/uploads\/2023\/01\/Baptiste-Jauneau-face-a-Leicester-en-Champions-Cup.png 800w, https:\/\/dicodusport.fr\/blog\/wp-content\/uploads\/2023\/01\/Baptiste-Jauneau-face-a-Leicester-en-Champions-Cup-300x167.png 300w, https:\/\/dicodusport.fr\/blog\/wp-content\/uploads\/2023\/01\/Baptiste-Jauneau-face-a-Leicester-en-Champions-Cup-768x427.png 768w\" sizes=\"auto, (max-width: 800px) 100vw, 800px\" \/><\/a><p id=\"caption-attachment-346143\" class=\"wp-caption-text\">Baptiste Jauneau face \u00e0 Leicester en Champions Cup &#8211; Photo Icon Sport<\/p><\/div>\n<h2>Un match r\u00e9v\u00e9lateur<\/h2>\n<p style=\"text-align: justify;\">V\u00eatu de son casque rouge ab\u00eem\u00e9 apr\u00e8s quelques minutes de match, <strong>Baptiste Jauneau<\/strong> aura occup\u00e9 tous les r\u00f4les sur le terrain contre Leicester. Motiv\u00e9 \u00e0 l&rsquo;id\u00e9e de pouvoir s&rsquo;exprimer en tant que titulaire, qui plus est dans un match de Coupe d&rsquo;Europe, c&rsquo;est sa r\u00e9gularit\u00e9 tout au long de la partie qui a bluff\u00e9 les spectateurs. Avec ses appuis tr\u00e8s bas (1m78) et sa vitesse fulgurante, il a su acc\u00e9l\u00e9rer le jeu clermontois d\u00e8s qu&rsquo;il en avait l&rsquo;occasion. Dans un effectif o\u00f9 les seules fulgurances offensives proviennent g\u00e9n\u00e9ralement d&rsquo;exploits individuels (<strong>Alivereti Raka<\/strong> est le ma\u00eetre en la mati\u00e8re), sa capacit\u00e9 \u00e0 dynamiser le jeu en sortie de rucks a justement permis de se cr\u00e9er de telles occasions.<\/p>\n<p style=\"text-align: justify;\">Dans un match d&rsquo;une folle intensit\u00e9 (neuf essais au total), <strong>Jauneau<\/strong> aura disput\u00e9 70 minutes de jeu qui resteront dans les m\u00e9moires (logiquement \u00e9lu homme de match). Au sein de cet effectif instable, tant sur le terrain que dans le staff (<strong>Jono Gibbes<\/strong> a \u00e9t\u00e9 \u00e9vinc\u00e9 de ses fonctions de manager, <a href=\"https:\/\/dicodusport.fr\/blog\/christophe-urios-nomme-manager-de-lasm-clermont-avec-un-contrat-longue-duree\/\"><strong>Christophe Urios<\/strong> a \u00e9t\u00e9 nomm\u00e9 \u00e0 sa place<\/a>), la place des jeunes est primordiale pour envisager une reconstruction. Et si c&rsquo;\u00e9tait ce joueur n\u00e9 en 2003 la t\u00eate d&rsquo;affiche de cette nouvelle g\u00e9n\u00e9ration ?<\/p>\n<p style=\"text-align: justify;\">Une chose est s\u00fbre, avec de telles performances que ce soit en tant que rempla\u00e7ant ou titulaire, il m\u00e9rite de s&rsquo;installer durablement dans la rotation des demis de m\u00eal\u00e9e, voire d&rsquo;aller chercher une place de titulaire. L&rsquo;exp\u00e9rience manquante qu&rsquo;il a \u00e0 19 ans face \u00e0 celle de S\u00e9bastien B\u00e9zy (31 ans, huit s\u00e9lections en \u00e9quipe de France) entrera peut-\u00eatre en compte, mais si ce crit\u00e8re est d\u00e9terminant, autant y rem\u00e9dier d\u00e8s cette ann\u00e9e.<\/p>\n<blockquote class=\"twitter-tweet\">\n<p dir=\"ltr\" lang=\"fr\"><a href=\"https:\/\/twitter.com\/hashtag\/ASMUSAP?src=hash&amp;ref_src=twsrc%5Etfw\">#ASMUSAP<\/a> Baptiste Jauneau est le <a href=\"https:\/\/twitter.com\/hashtag\/JoueurDuMatch?src=hash&amp;ref_src=twsrc%5Etfw\">#JoueurDuMatch<\/a> avec notre partenaire <a href=\"https:\/\/twitter.com\/VolaillesAuv?ref_src=twsrc%5Etfw\">@VolaillesAuv<\/a> \ud83c\udfc9\ud83d\udc13<a href=\"https:\/\/twitter.com\/hashtag\/YellowArmy?src=hash&amp;ref_src=twsrc%5Etfw\">#YellowArmy<\/a> <a href=\"https:\/\/t.co\/ripS6sKFsd\">pic.twitter.com\/ripS6sKFsd<\/a><\/p>\n<p>\u2014 ASM Rugby (@ASMOfficiel) <a href=\"https:\/\/twitter.com\/ASMOfficiel\/status\/1612730436052025344?ref_src=twsrc%5Etfw\">January 10, 2023<\/a><\/p><\/blockquote>\n<p><script async src=\"https:\/\/platform.twitter.com\/widgets.js\" charset=\"utf-8\"><\/script><\/p>\n<h2>Une \u00e9closion pr\u00e9coce mais pas \u00e9tonnante<\/h2>\n<p style=\"text-align: justify;\">D\u00e9barqu\u00e9 en 2021 \u00e0 l&rsquo;ASM Clermont, <strong>Baptiste Jauneau<\/strong> a pris ses marques au Biarritz Olympique d\u00e8s 2018. Rapidement, les \u00e9quipes de France jeunes ont rep\u00e9r\u00e9 le demi de m\u00eal\u00e9e, puisqu&rsquo;il a d\u00e9j\u00e0 disput\u00e9 deux fois le Tournoi des Six Nations avec l&rsquo;\u00e9quipe de France des moins de 20 ans, dont l&rsquo;\u00e9dition 2022 en tant que titulaire sur les 5 matchs. La saison pass\u00e9e avec Clermont, alors que Morgan Parra n&rsquo;avait pas encore fait ses valises pour le Stade Fran\u00e7ais, il avait seulement eu deux occasions de s&rsquo;illustrer dans la saison. Sans surprise en regardant sa saison actuelle, il avait d\u00e9j\u00e0 r\u00e9ussi \u00e0 se faire remarquer, d&rsquo;o\u00f9 sa place de num\u00e9ro 2 dans la hi\u00e9rarchie des demis de m\u00eal\u00e9e de l&rsquo;ASM, derri\u00e8re S\u00e9bastien B\u00e9zy mais devant un autre jeune talentueux, <strong>K\u00e9vin Viallard<\/strong>.<\/p>\n<p style=\"text-align: justify;\">L&rsquo;heure est maintenant \u00e0 la confirmation pour lui. Sans se mettre trop de pression, il faudra profiter de cette saison pour (d\u00e9j\u00e0) s&rsquo;imposer comme un leader de l&rsquo;effectif clermontois pour les prochaines saisons. D&rsquo;ailleurs, pendant le match face \u00e0 Leicester, son importance s&rsquo;\u00e9tait d\u00e9j\u00e0 fait ressentir lorsqu&rsquo;en fin de match, du haut de ses 19 ans, il a pris la parole en anglais au r\u00e8s de l&rsquo;arbitre Frank Murphy pour discuter d&rsquo;une d\u00e9cision litigieuse.<\/p>\n<p style=\"text-align: justify;\">Avant de certainement disputer le prochain Tournoi des Six Nations avec les Bleuets en 2023, Jauneau peut s&rsquo;appuyer sur des \u00e9loges prestigieuses : celles de son adversaire anglais \u00e0 la m\u00eal\u00e9e de Leicester, <strong>Ben Youngs<\/strong> (128 matchs avec le XV de la Rose) qui a qualifi\u00e9 le jeune Fran\u00e7ais de <em>\u00ab<\/em> <em>joueur impressionnant qui a su faire avancer son \u00e9quipe, en amenant beaucoup de vitesse \u00bb<\/em>. Rien que \u00e7a.<\/p>\n<p>&nbsp;<\/p>\n","protected":false},"excerpt":{"rendered":"<p>TOP 14 2022-2023 &#8211; Auteur d&rsquo;une prestation remarquable avec l&rsquo;ASM Clermont en Champions Cup face \u00e0 Leicester (malgr\u00e9 la d\u00e9faite 29-44 des Auvergnats), Baptiste Jauneau impressionne le monde du rugby. \u00c0 seulement 19 ans, le demi de m\u00eal\u00e9e as\u00e9miste acc\u00e8de d\u00e9j\u00e0 au plus haut niveau, dans les traces de son pr\u00e9d\u00e9cesseur clermontois, Morgan Parra.<\/p>\n","protected":false},"author":76,"featured_media":346144,"comment_status":"open","ping_status":"closed","sticky":false,"template":"","format":"standard","meta":{"_acf_changed":false,"_daextam_enable_autolinks":"","footnotes":""},"categories":[9129],"tags":[28972,13,12009,24],"class_list":["post-345512","post","type-post","status-publish","format-standard","has-post-thumbnail","hentry","category-rugby-a-xv","tag-baptiste-jauneau","tag-rugby","tag-sebastien-bezy","tag-sport"],"acf":[],"yoast_head":"<!-- This site is optimized with the Yoast SEO Premium plugin v26.7 (Yoast SEO v26.7) - https:\/\/yoast.com\/wordpress\/plugins\/seo\/ -->\n<title>Baptiste Jauneau : T\u00eate d&#039;affiche de la nouvelle g\u00e9n\u00e9ration clermontoise<\/title>\n<meta name=\"description\" content=\"Baptiste Jauneau, 19 ans, est d\u00e9j\u00e0 impressionnant avec l&#039;ASM Clermont. Avec un talent fou, un avenir prestigieux lui est promis.\" \/>\n<meta name=\"robots\" content=\"index, follow, max-snippet:-1, max-image-preview:large, max-video-preview:-1\" \/>\n<link rel=\"canonical\" href=\"https:\/\/dicodusport.fr\/blog\/baptiste-jauneau-tete-daffiche-de-la-nouvelle-generation-clermontoise\/\" \/>\n<meta property=\"og:locale\" content=\"fr_FR\" \/>\n<meta property=\"og:type\" content=\"article\" \/>\n<meta property=\"og:title\" content=\"Baptiste Jauneau : T\u00eate d&#039;affiche de la nouvelle g\u00e9n\u00e9ration clermontoise\" \/>\n<meta property=\"og:description\" content=\"Baptiste Jauneau, 19 ans, est d\u00e9j\u00e0 impressionnant avec l&#039;ASM Clermont. Avec un talent fou, un avenir prestigieux lui est promis.\" \/>\n<meta property=\"og:url\" content=\"https:\/\/dicodusport.fr\/blog\/baptiste-jauneau-tete-daffiche-de-la-nouvelle-generation-clermontoise\/\" \/>\n<meta property=\"og:site_name\" content=\"Dicodusport\" \/>\n<meta property=\"article:publisher\" content=\"https:\/\/www.facebook.com\/dicodusport\" \/>\n<meta property=\"article:published_time\" content=\"2023-01-19T10:49:03+00:00\" \/>\n<meta property=\"article:modified_time\" content=\"2023-01-19T12:51:27+00:00\" \/>\n<meta property=\"og:image\" content=\"https:\/\/dicodusport.fr\/blog\/wp-content\/uploads\/2023\/01\/Baptiste-Jauneau-Tete-daffiche-de-la-nouvelle-generation-clermontoise.png\" \/>\n\t<meta property=\"og:image:width\" content=\"800\" \/>\n\t<meta property=\"og:image:height\" content=\"445\" \/>\n\t<meta property=\"og:image:type\" content=\"image\/png\" \/>\n<meta name=\"author\" content=\"Tom Lacaille\" \/>\n<meta name=\"twitter:card\" content=\"summary_large_image\" \/>\n<meta name=\"twitter:title\" content=\"Baptiste Jauneau : T\u00eate d&#039;affiche de la nouvelle g\u00e9n\u00e9ration clermontoise\" \/>\n<meta name=\"twitter:creator\" content=\"@Tom Lacaille\" \/>\n<meta name=\"twitter:site\" content=\"@dicodusport\" \/>\n<script type=\"application\/ld+json\" class=\"yoast-schema-graph\">{\"@context\":\"https:\/\/schema.org\",\"@graph\":[{\"@type\":\"NewsArticle\",\"@id\":\"https:\/\/dicodusport.fr\/blog\/baptiste-jauneau-tete-daffiche-de-la-nouvelle-generation-clermontoise\/#article\",\"isPartOf\":{\"@id\":\"https:\/\/dicodusport.fr\/blog\/baptiste-jauneau-tete-daffiche-de-la-nouvelle-generation-clermontoise\/\"},\"author\":{\"name\":\"Tom Lacaille\",\"@id\":\"https:\/\/dicodusport.fr\/blog\/#\/schema\/person\/8b8ec0dc77c31efd8fe9820383d505b3\"},\"headline\":\"Baptiste Jauneau : T\u00eate d&rsquo;affiche de la nouvelle g\u00e9n\u00e9ration clermontoise\",\"datePublished\":\"2023-01-19T10:49:03+00:00\",\"dateModified\":\"2023-01-19T12:51:27+00:00\",\"mainEntityOfPage\":{\"@id\":\"https:\/\/dicodusport.fr\/blog\/baptiste-jauneau-tete-daffiche-de-la-nouvelle-generation-clermontoise\/\"},\"wordCount\":1017,\"commentCount\":0,\"publisher\":{\"@id\":\"https:\/\/dicodusport.fr\/blog\/#organization\"},\"image\":{\"@id\":\"https:\/\/dicodusport.fr\/blog\/baptiste-jauneau-tete-daffiche-de-la-nouvelle-generation-clermontoise\/#primaryimage\"},\"thumbnailUrl\":\"https:\/\/dicodusport.fr\/blog\/wp-content\/uploads\/2023\/01\/Baptiste-Jauneau-Tete-daffiche-de-la-nouvelle-generation-clermontoise.png\",\"keywords\":[\"Baptiste Jauneau\",\"Rugby\",\"S\u00e9bastien B\u00e9zy\",\"sport\"],\"articleSection\":[\"Rugby \u00e0 XV\"],\"inLanguage\":\"fr-FR\",\"potentialAction\":[{\"@type\":\"CommentAction\",\"name\":\"Comment\",\"target\":[\"https:\/\/dicodusport.fr\/blog\/baptiste-jauneau-tete-daffiche-de-la-nouvelle-generation-clermontoise\/#respond\"]}],\"copyrightYear\":\"2023\",\"copyrightHolder\":{\"@id\":\"https:\/\/dicodusport.fr\/blog\/#organization\"}},{\"@type\":\"WebPage\",\"@id\":\"https:\/\/dicodusport.fr\/blog\/baptiste-jauneau-tete-daffiche-de-la-nouvelle-generation-clermontoise\/\",\"url\":\"https:\/\/dicodusport.fr\/blog\/baptiste-jauneau-tete-daffiche-de-la-nouvelle-generation-clermontoise\/\",\"name\":\"Baptiste Jauneau : T\u00eate d'affiche de la nouvelle g\u00e9n\u00e9ration clermontoise\",\"isPartOf\":{\"@id\":\"https:\/\/dicodusport.fr\/blog\/#website\"},\"primaryImageOfPage\":{\"@id\":\"https:\/\/dicodusport.fr\/blog\/baptiste-jauneau-tete-daffiche-de-la-nouvelle-generation-clermontoise\/#primaryimage\"},\"image\":{\"@id\":\"https:\/\/dicodusport.fr\/blog\/baptiste-jauneau-tete-daffiche-de-la-nouvelle-generation-clermontoise\/#primaryimage\"},\"thumbnailUrl\":\"https:\/\/dicodusport.fr\/blog\/wp-content\/uploads\/2023\/01\/Baptiste-Jauneau-Tete-daffiche-de-la-nouvelle-generation-clermontoise.png\",\"datePublished\":\"2023-01-19T10:49:03+00:00\",\"dateModified\":\"2023-01-19T12:51:27+00:00\",\"description\":\"Baptiste Jauneau, 19 ans, est d\u00e9j\u00e0 impressionnant avec l'ASM Clermont. Avec un talent fou, un avenir prestigieux lui est promis.\",\"breadcrumb\":{\"@id\":\"https:\/\/dicodusport.fr\/blog\/baptiste-jauneau-tete-daffiche-de-la-nouvelle-generation-clermontoise\/#breadcrumb\"},\"inLanguage\":\"fr-FR\",\"potentialAction\":[{\"@type\":\"ReadAction\",\"target\":[\"https:\/\/dicodusport.fr\/blog\/baptiste-jauneau-tete-daffiche-de-la-nouvelle-generation-clermontoise\/\"]}]},{\"@type\":\"ImageObject\",\"inLanguage\":\"fr-FR\",\"@id\":\"https:\/\/dicodusport.fr\/blog\/baptiste-jauneau-tete-daffiche-de-la-nouvelle-generation-clermontoise\/#primaryimage\",\"url\":\"https:\/\/dicodusport.fr\/blog\/wp-content\/uploads\/2023\/01\/Baptiste-Jauneau-Tete-daffiche-de-la-nouvelle-generation-clermontoise.png\",\"contentUrl\":\"https:\/\/dicodusport.fr\/blog\/wp-content\/uploads\/2023\/01\/Baptiste-Jauneau-Tete-daffiche-de-la-nouvelle-generation-clermontoise.png\",\"width\":800,\"height\":445,\"caption\":\"Baptiste Jauneau T\u00eate d'affiche de la nouvelle g\u00e9n\u00e9ration clermontoise\"},{\"@type\":\"BreadcrumbList\",\"@id\":\"https:\/\/dicodusport.fr\/blog\/baptiste-jauneau-tete-daffiche-de-la-nouvelle-generation-clermontoise\/#breadcrumb\",\"itemListElement\":[{\"@type\":\"ListItem\",\"position\":1,\"name\":\"Accueil\",\"item\":\"https:\/\/dicodusport.fr\/blog\/\"},{\"@type\":\"ListItem\",\"position\":2,\"name\":\"Baptiste Jauneau : T\u00eate d&rsquo;affiche de la nouvelle g\u00e9n\u00e9ration clermontoise\"}]},{\"@type\":\"WebSite\",\"@id\":\"https:\/\/dicodusport.fr\/blog\/#website\",\"url\":\"https:\/\/dicodusport.fr\/blog\/\",\"name\":\"Dicodusport\",\"description\":\"L&#039;encyclop\u00e9die de l&#039;actualit\u00e9 sportive\",\"publisher\":{\"@id\":\"https:\/\/dicodusport.fr\/blog\/#organization\"},\"potentialAction\":[{\"@type\":\"SearchAction\",\"target\":{\"@type\":\"EntryPoint\",\"urlTemplate\":\"https:\/\/dicodusport.fr\/blog\/?s={search_term_string}\"},\"query-input\":{\"@type\":\"PropertyValueSpecification\",\"valueRequired\":true,\"valueName\":\"search_term_string\"}}],\"inLanguage\":\"fr-FR\"},{\"@type\":\"NewsMediaOrganization\",\"@id\":\"https:\/\/dicodusport.fr\/blog\/#organization\",\"name\":\"Dicodusport\",\"url\":\"https:\/\/dicodusport.fr\/blog\/\",\"logo\":{\"@type\":\"ImageObject\",\"inLanguage\":\"fr-FR\",\"@id\":\"https:\/\/dicodusport.fr\/blog\/#\/schema\/logo\/image\/\",\"url\":\"https:\/\/dicodusport.fr\/blog\/wp-content\/uploads\/2020\/06\/cropped-LOGO-DICODUSPORT-2020-SANS-FOND-SANS-TEXTE.png\",\"contentUrl\":\"https:\/\/dicodusport.fr\/blog\/wp-content\/uploads\/2020\/06\/cropped-LOGO-DICODUSPORT-2020-SANS-FOND-SANS-TEXTE.png\",\"width\":512,\"height\":512,\"caption\":\"Dicodusport\"},\"image\":{\"@id\":\"https:\/\/dicodusport.fr\/blog\/#\/schema\/logo\/image\/\"},\"sameAs\":[\"https:\/\/www.facebook.com\/dicodusport\",\"https:\/\/x.com\/dicodusport\",\"https:\/\/www.instagram.com\/dicodusport\/\",\"https:\/\/www.youtube.com\/channel\/UC7V2KZ5sd3htJivAbA4ZG3w\"],\"description\":\"Dicodusport est l'encyclop\u00e9die de l'actualit\u00e9 sportive.\",\"email\":\"bonjour@dicodusport.fr\",\"legalName\":\"DICODUSPORT\",\"foundingDate\":\"2018-01-14\",\"vatID\":\"FR71834470973\",\"taxID\":\"83447097300043\",\"numberOfEmployees\":{\"@type\":\"QuantitativeValue\",\"minValue\":\"1\",\"maxValue\":\"10\"}},{\"@type\":\"Person\",\"@id\":\"https:\/\/dicodusport.fr\/blog\/#\/schema\/person\/8b8ec0dc77c31efd8fe9820383d505b3\",\"name\":\"Tom Lacaille\",\"image\":{\"@type\":\"ImageObject\",\"inLanguage\":\"fr-FR\",\"@id\":\"https:\/\/dicodusport.fr\/blog\/#\/schema\/person\/image\/\",\"url\":\"https:\/\/dicodusport.fr\/blog\/wp-content\/uploads\/2022\/10\/photo-profil-150x150.jpg\",\"contentUrl\":\"https:\/\/dicodusport.fr\/blog\/wp-content\/uploads\/2022\/10\/photo-profil-150x150.jpg\",\"caption\":\"Tom Lacaille\"},\"description\":\"Actuellement \u00e2g\u00e9 de 19 ans, ma passion du sport est berc\u00e9e par la descente aux enfers des Verts, la d\u00e9gringolade de l'ASM Clermont et le futur triomphe des Celtics. En toute logique, je suis un grand passionn\u00e9 de sport et j'essaie de retranscrire mes analyses dans les articles. Le r\u00eave d'\u00eatre journaliste est ma principale source de motivation, en esp\u00e9rant (un jour) apporter un air nouveau \u00e0 ce si beau secteur.\",\"sameAs\":[\"https:\/\/x.com\/Tom Lacaille\"],\"url\":\"https:\/\/dicodusport.fr\/blog\/author\/tom-lacaille\/\"}]}<\/script>\n<!-- \/ Yoast SEO Premium plugin. -->","yoast_head_json":{"title":"Baptiste Jauneau : T\u00eate d'affiche de la nouvelle g\u00e9n\u00e9ration clermontoise","description":"Baptiste Jauneau, 19 ans, est d\u00e9j\u00e0 impressionnant avec l'ASM Clermont. Avec un talent fou, un avenir prestigieux lui est promis.","robots":{"index":"index","follow":"follow","max-snippet":"max-snippet:-1","max-image-preview":"max-image-preview:large","max-video-preview":"max-video-preview:-1"},"canonical":"https:\/\/dicodusport.fr\/blog\/baptiste-jauneau-tete-daffiche-de-la-nouvelle-generation-clermontoise\/","og_locale":"fr_FR","og_type":"article","og_title":"Baptiste Jauneau : T\u00eate d'affiche de la nouvelle g\u00e9n\u00e9ration clermontoise","og_description":"Baptiste Jauneau, 19 ans, est d\u00e9j\u00e0 impressionnant avec l'ASM Clermont. Avec un talent fou, un avenir prestigieux lui est promis.","og_url":"https:\/\/dicodusport.fr\/blog\/baptiste-jauneau-tete-daffiche-de-la-nouvelle-generation-clermontoise\/","og_site_name":"Dicodusport","article_publisher":"https:\/\/www.facebook.com\/dicodusport","article_published_time":"2023-01-19T10:49:03+00:00","article_modified_time":"2023-01-19T12:51:27+00:00","og_image":[{"width":800,"height":445,"url":"https:\/\/dicodusport.fr\/blog\/wp-content\/uploads\/2023\/01\/Baptiste-Jauneau-Tete-daffiche-de-la-nouvelle-generation-clermontoise.png","type":"image\/png"}],"author":"Tom Lacaille","twitter_card":"summary_large_image","twitter_title":"Baptiste Jauneau : T\u00eate d'affiche de la nouvelle g\u00e9n\u00e9ration clermontoise","twitter_creator":"@Tom Lacaille","twitter_site":"@dicodusport","schema":{"@context":"https:\/\/schema.org","@graph":[{"@type":"NewsArticle","@id":"https:\/\/dicodusport.fr\/blog\/baptiste-jauneau-tete-daffiche-de-la-nouvelle-generation-clermontoise\/#article","isPartOf":{"@id":"https:\/\/dicodusport.fr\/blog\/baptiste-jauneau-tete-daffiche-de-la-nouvelle-generation-clermontoise\/"},"author":{"name":"Tom Lacaille","@id":"https:\/\/dicodusport.fr\/blog\/#\/schema\/person\/8b8ec0dc77c31efd8fe9820383d505b3"},"headline":"Baptiste Jauneau : T\u00eate d&rsquo;affiche de la nouvelle g\u00e9n\u00e9ration clermontoise","datePublished":"2023-01-19T10:49:03+00:00","dateModified":"2023-01-19T12:51:27+00:00","mainEntityOfPage":{"@id":"https:\/\/dicodusport.fr\/blog\/baptiste-jauneau-tete-daffiche-de-la-nouvelle-generation-clermontoise\/"},"wordCount":1017,"commentCount":0,"publisher":{"@id":"https:\/\/dicodusport.fr\/blog\/#organization"},"image":{"@id":"https:\/\/dicodusport.fr\/blog\/baptiste-jauneau-tete-daffiche-de-la-nouvelle-generation-clermontoise\/#primaryimage"},"thumbnailUrl":"https:\/\/dicodusport.fr\/blog\/wp-content\/uploads\/2023\/01\/Baptiste-Jauneau-Tete-daffiche-de-la-nouvelle-generation-clermontoise.png","keywords":["Baptiste Jauneau","Rugby","S\u00e9bastien B\u00e9zy","sport"],"articleSection":["Rugby \u00e0 XV"],"inLanguage":"fr-FR","potentialAction":[{"@type":"CommentAction","name":"Comment","target":["https:\/\/dicodusport.fr\/blog\/baptiste-jauneau-tete-daffiche-de-la-nouvelle-generation-clermontoise\/#respond"]}],"copyrightYear":"2023","copyrightHolder":{"@id":"https:\/\/dicodusport.fr\/blog\/#organization"}},{"@type":"WebPage","@id":"https:\/\/dicodusport.fr\/blog\/baptiste-jauneau-tete-daffiche-de-la-nouvelle-generation-clermontoise\/","url":"https:\/\/dicodusport.fr\/blog\/baptiste-jauneau-tete-daffiche-de-la-nouvelle-generation-clermontoise\/","name":"Baptiste Jauneau : T\u00eate d'affiche de la nouvelle g\u00e9n\u00e9ration clermontoise","isPartOf":{"@id":"https:\/\/dicodusport.fr\/blog\/#website"},"primaryImageOfPage":{"@id":"https:\/\/dicodusport.fr\/blog\/baptiste-jauneau-tete-daffiche-de-la-nouvelle-generation-clermontoise\/#primaryimage"},"image":{"@id":"https:\/\/dicodusport.fr\/blog\/baptiste-jauneau-tete-daffiche-de-la-nouvelle-generation-clermontoise\/#primaryimage"},"thumbnailUrl":"https:\/\/dicodusport.fr\/blog\/wp-content\/uploads\/2023\/01\/Baptiste-Jauneau-Tete-daffiche-de-la-nouvelle-generation-clermontoise.png","datePublished":"2023-01-19T10:49:03+00:00","dateModified":"2023-01-19T12:51:27+00:00","description":"Baptiste Jauneau, 19 ans, est d\u00e9j\u00e0 impressionnant avec l'ASM Clermont. Avec un talent fou, un avenir prestigieux lui est promis.","breadcrumb":{"@id":"https:\/\/dicodusport.fr\/blog\/baptiste-jauneau-tete-daffiche-de-la-nouvelle-generation-clermontoise\/#breadcrumb"},"inLanguage":"fr-FR","potentialAction":[{"@type":"ReadAction","target":["https:\/\/dicodusport.fr\/blog\/baptiste-jauneau-tete-daffiche-de-la-nouvelle-generation-clermontoise\/"]}]},{"@type":"ImageObject","inLanguage":"fr-FR","@id":"https:\/\/dicodusport.fr\/blog\/baptiste-jauneau-tete-daffiche-de-la-nouvelle-generation-clermontoise\/#primaryimage","url":"https:\/\/dicodusport.fr\/blog\/wp-content\/uploads\/2023\/01\/Baptiste-Jauneau-Tete-daffiche-de-la-nouvelle-generation-clermontoise.png","contentUrl":"https:\/\/dicodusport.fr\/blog\/wp-content\/uploads\/2023\/01\/Baptiste-Jauneau-Tete-daffiche-de-la-nouvelle-generation-clermontoise.png","width":800,"height":445,"caption":"Baptiste Jauneau T\u00eate d'affiche de la nouvelle g\u00e9n\u00e9ration clermontoise"},{"@type":"BreadcrumbList","@id":"https:\/\/dicodusport.fr\/blog\/baptiste-jauneau-tete-daffiche-de-la-nouvelle-generation-clermontoise\/#breadcrumb","itemListElement":[{"@type":"ListItem","position":1,"name":"Accueil","item":"https:\/\/dicodusport.fr\/blog\/"},{"@type":"ListItem","position":2,"name":"Baptiste Jauneau : T\u00eate d&rsquo;affiche de la nouvelle g\u00e9n\u00e9ration clermontoise"}]},{"@type":"WebSite","@id":"https:\/\/dicodusport.fr\/blog\/#website","url":"https:\/\/dicodusport.fr\/blog\/","name":"Dicodusport","description":"L&#039;encyclop\u00e9die de l&#039;actualit\u00e9 sportive","publisher":{"@id":"https:\/\/dicodusport.fr\/blog\/#organization"},"potentialAction":[{"@type":"SearchAction","target":{"@type":"EntryPoint","urlTemplate":"https:\/\/dicodusport.fr\/blog\/?s={search_term_string}"},"query-input":{"@type":"PropertyValueSpecification","valueRequired":true,"valueName":"search_term_string"}}],"inLanguage":"fr-FR"},{"@type":"NewsMediaOrganization","@id":"https:\/\/dicodusport.fr\/blog\/#organization","name":"Dicodusport","url":"https:\/\/dicodusport.fr\/blog\/","logo":{"@type":"ImageObject","inLanguage":"fr-FR","@id":"https:\/\/dicodusport.fr\/blog\/#\/schema\/logo\/image\/","url":"https:\/\/dicodusport.fr\/blog\/wp-content\/uploads\/2020\/06\/cropped-LOGO-DICODUSPORT-2020-SANS-FOND-SANS-TEXTE.png","contentUrl":"https:\/\/dicodusport.fr\/blog\/wp-content\/uploads\/2020\/06\/cropped-LOGO-DICODUSPORT-2020-SANS-FOND-SANS-TEXTE.png","width":512,"height":512,"caption":"Dicodusport"},"image":{"@id":"https:\/\/dicodusport.fr\/blog\/#\/schema\/logo\/image\/"},"sameAs":["https:\/\/www.facebook.com\/dicodusport","https:\/\/x.com\/dicodusport","https:\/\/www.instagram.com\/dicodusport\/","https:\/\/www.youtube.com\/channel\/UC7V2KZ5sd3htJivAbA4ZG3w"],"description":"Dicodusport est l'encyclop\u00e9die de l'actualit\u00e9 sportive.","email":"bonjour@dicodusport.fr","legalName":"DICODUSPORT","foundingDate":"2018-01-14","vatID":"FR71834470973","taxID":"83447097300043","numberOfEmployees":{"@type":"QuantitativeValue","minValue":"1","maxValue":"10"}},{"@type":"Person","@id":"https:\/\/dicodusport.fr\/blog\/#\/schema\/person\/8b8ec0dc77c31efd8fe9820383d505b3","name":"Tom Lacaille","image":{"@type":"ImageObject","inLanguage":"fr-FR","@id":"https:\/\/dicodusport.fr\/blog\/#\/schema\/person\/image\/","url":"https:\/\/dicodusport.fr\/blog\/wp-content\/uploads\/2022\/10\/photo-profil-150x150.jpg","contentUrl":"https:\/\/dicodusport.fr\/blog\/wp-content\/uploads\/2022\/10\/photo-profil-150x150.jpg","caption":"Tom Lacaille"},"description":"Actuellement \u00e2g\u00e9 de 19 ans, ma passion du sport est berc\u00e9e par la descente aux enfers des Verts, la d\u00e9gringolade de l'ASM Clermont et le futur triomphe des Celtics. En toute logique, je suis un grand passionn\u00e9 de sport et j'essaie de retranscrire mes analyses dans les articles. Le r\u00eave d'\u00eatre journaliste est ma principale source de motivation, en esp\u00e9rant (un jour) apporter un air nouveau \u00e0 ce si beau secteur.","sameAs":["https:\/\/x.com\/Tom Lacaille"],"url":"https:\/\/dicodusport.fr\/blog\/author\/tom-lacaille\/"}]}},"_links":{"self":[{"href":"https:\/\/dicodusport.fr\/blog\/wp-json\/wp\/v2\/posts\/345512","targetHints":{"allow":["GET"]}}],"collection":[{"href":"https:\/\/dicodusport.fr\/blog\/wp-json\/wp\/v2\/posts"}],"about":[{"href":"https:\/\/dicodusport.fr\/blog\/wp-json\/wp\/v2\/types\/post"}],"author":[{"embeddable":true,"href":"https:\/\/dicodusport.fr\/blog\/wp-json\/wp\/v2\/users\/76"}],"replies":[{"embeddable":true,"href":"https:\/\/dicodusport.fr\/blog\/wp-json\/wp\/v2\/comments?post=345512"}],"version-history":[{"count":0,"href":"https:\/\/dicodusport.fr\/blog\/wp-json\/wp\/v2\/posts\/345512\/revisions"}],"wp:featuredmedia":[{"embeddable":true,"href":"https:\/\/dicodusport.fr\/blog\/wp-json\/wp\/v2\/media\/346144"}],"wp:attachment":[{"href":"https:\/\/dicodusport.fr\/blog\/wp-json\/wp\/v2\/media?parent=345512"}],"wp:term":[{"taxonomy":"category","embeddable":true,"href":"https:\/\/dicodusport.fr\/blog\/wp-json\/wp\/v2\/categories?post=345512"},{"taxonomy":"post_tag","embeddable":true,"href":"https:\/\/dicodusport.fr\/blog\/wp-json\/wp\/v2\/tags?post=345512"}],"curies":[{"name":"wp","href":"https:\/\/api.w.org\/{rel}","templated":true}]}}