{"id":345713,"date":"2023-01-17T19:01:08","date_gmt":"2023-01-17T18:01:08","guid":{"rendered":"https:\/\/dicodusport.fr\/blog\/?p=345713&#038;preview=true&#038;preview_id=345713"},"modified":"2023-01-18T08:48:08","modified_gmt":"2023-01-18T07:48:08","slug":"mercato-leandro-paredes-pourrait-revenir-au-psg","status":"publish","type":"post","link":"https:\/\/dicodusport.fr\/blog\/mercato-leandro-paredes-pourrait-revenir-au-psg\/","title":{"rendered":"Mercato : Leandro Paredes pourrait revenir au PSG"},"content":{"rendered":"<p align=\"justify\"><em><b>LIGUE 1 2022-2023 &#8211; Selon plusieurs journalistes italiens dont Gast\u00f3n Edul, Leandro Paredes (Juventus) pourrait revenir au PSG l&rsquo;\u00e9t\u00e9 prochain.\u00a0<\/b><\/em><\/p>\n<p align=\"justify\">Le <strong>Paris Saint-Germain<\/strong> a pr\u00eat\u00e9 le champion du monde argentin, <strong>Leandro Paredes<\/strong>, \u00e0 la <strong>Juventus<\/strong> cette saison, avec une option d&rsquo;achat obligatoire comprise entre 20 et 25 millions d&rsquo;euros. <strong>Leandro<\/strong> <strong>Paredes<\/strong> devrait donc rester en Italie au-del\u00e0 de cette saison. Mais la <strong>Vieille Dame<\/strong> fait face \u00e0 des probl\u00e8mes financiers depuis quelques mois, et <a href=\"https:\/\/dicodusport.fr\/blog\/juventus-andrea-agnelli-pavel-nedved-et-le-conseil-dadministration-demissionnent\/\">le conseil d&rsquo;administration a d\u00fb d\u00e9missionner<\/a> fin novembre.<\/p>\n<p align=\"justify\">Dans le cadre du fairplay financier, l&rsquo;<strong>UEFA<\/strong> pourrait limiter les possibilit\u00e9s de transaction du club transalpin, et cela pourrait remettre en cause l&rsquo;option d&rsquo;achat. Comme <strong>Leandro<\/strong> <strong>Paredes<\/strong> ne convainc pas forc\u00e9ment sur le terrain, le club turinois ne devrait pas se battre \u00e0 tout prix pour respecter son engagement. Il est donc bien possible de revoir l&rsquo;Argentin au <strong>PSG<\/strong> d\u00e8s cet \u00e9t\u00e9. Affaire \u00e0 suivre.<\/p>\n<blockquote class=\"twitter-tweet\">\n<p dir=\"ltr\" lang=\"es\">Sobre Leandro Paredes:<br \/>\n\u00c9l hab\u00eda llegado a Juventus en un pr\u00e9stamo con obligaci\u00f3n de compra que se activa en junio. Si Juventus no puede incorporar -FairPlay- se cae esa obligaci\u00f3n. Eso pasar\u00eda en junio y est\u00e1 obligado a volver al PSG. Es decir: no va a estar mucho tiempo en Juve. <a href=\"https:\/\/t.co\/M4LM8hSmdA\">pic.twitter.com\/M4LM8hSmdA<\/a><\/p>\n<p>\u2014 Gast\u00f3n Edul (@gastonedul) <a href=\"https:\/\/twitter.com\/gastonedul\/status\/1615159488075407360?ref_src=twsrc%5Etfw\">January 17, 2023<\/a><\/p><\/blockquote>\n<p><script async src=\"https:\/\/platform.twitter.com\/widgets.js\" charset=\"utf-8\"><\/script><\/p>\n","protected":false},"excerpt":{"rendered":"<p>LIGUE 1 2022-2023 &#8211; Selon plusieurs journalistes italiens dont Gast\u00f3n Edul, Leandro Paredes pourrait revenir au PSG l&rsquo;\u00e9t\u00e9 prochain.\u00a0<\/p>\n","protected":false},"author":1,"featured_media":345714,"comment_status":"open","ping_status":"closed","sticky":false,"template":"","format":"standard","meta":{"_acf_changed":false,"_daextam_enable_autolinks":"","footnotes":""},"categories":[2301,47045],"tags":[75,2454,910],"class_list":["post-345713","post","type-post","status-publish","format-standard","has-post-thumbnail","hentry","category-football","category-ligue-1","tag-football","tag-juventus","tag-psg"],"acf":[],"yoast_head":"<!-- This site is optimized with the Yoast SEO Premium plugin v26.7 (Yoast SEO v26.7) - https:\/\/yoast.com\/wordpress\/plugins\/seo\/ -->\n<title>Mercato : Leandro Paredes pourrait revenir au PSG<\/title>\n<meta name=\"description\" content=\"LIGUE 1 2022-2023 - Selon plusieurs journalistes italiens dont Gast\u00f3n Edul, Leandro Paredes pourrait revenir au PSG l&#039;\u00e9t\u00e9 prochain.\u00a0\" \/>\n<meta name=\"robots\" content=\"index, follow, max-snippet:-1, max-image-preview:large, max-video-preview:-1\" \/>\n<link rel=\"canonical\" href=\"https:\/\/dicodusport.fr\/blog\/mercato-leandro-paredes-pourrait-revenir-au-psg\/\" \/>\n<meta property=\"og:locale\" content=\"fr_FR\" \/>\n<meta property=\"og:type\" content=\"article\" \/>\n<meta property=\"og:title\" content=\"Mercato : Leandro Paredes pourrait revenir au PSG\" \/>\n<meta property=\"og:description\" content=\"LIGUE 1 2022-2023 - Selon plusieurs journalistes italiens dont Gast\u00f3n Edul, Leandro Paredes pourrait revenir au PSG l&#039;\u00e9t\u00e9 prochain.\u00a0\" \/>\n<meta property=\"og:url\" content=\"https:\/\/dicodusport.fr\/blog\/mercato-leandro-paredes-pourrait-revenir-au-psg\/\" \/>\n<meta property=\"og:site_name\" content=\"Dicodusport\" \/>\n<meta property=\"article:publisher\" content=\"https:\/\/www.facebook.com\/dicodusport\" \/>\n<meta property=\"article:author\" content=\"https:\/\/www.facebook.com\/dicodusport\" \/>\n<meta property=\"article:published_time\" content=\"2023-01-17T18:01:08+00:00\" \/>\n<meta property=\"article:modified_time\" content=\"2023-01-18T07:48:08+00:00\" \/>\n<meta property=\"og:image\" content=\"https:\/\/dicodusport.fr\/blog\/wp-content\/uploads\/2023\/01\/Mercato-Leandro-Paredes-pourrait-revenir-au-PSG.png\" \/>\n\t<meta property=\"og:image:width\" content=\"800\" \/>\n\t<meta property=\"og:image:height\" content=\"445\" \/>\n\t<meta property=\"og:image:type\" content=\"image\/png\" \/>\n<meta name=\"author\" content=\"Nicolas Jacquemard\" \/>\n<meta name=\"twitter:card\" content=\"summary_large_image\" \/>\n<meta name=\"twitter:title\" content=\"Mercato : Leandro Paredes pourrait revenir au PSG\" \/>\n<meta name=\"twitter:creator\" content=\"@https:\/\/twitter.com\/Nico_Jacquemard\" \/>\n<meta name=\"twitter:site\" content=\"@dicodusport\" \/>\n<script type=\"application\/ld+json\" class=\"yoast-schema-graph\">{\"@context\":\"https:\/\/schema.org\",\"@graph\":[{\"@type\":\"NewsArticle\",\"@id\":\"https:\/\/dicodusport.fr\/blog\/mercato-leandro-paredes-pourrait-revenir-au-psg\/#article\",\"isPartOf\":{\"@id\":\"https:\/\/dicodusport.fr\/blog\/mercato-leandro-paredes-pourrait-revenir-au-psg\/\"},\"author\":{\"name\":\"Nicolas Jacquemard\",\"@id\":\"https:\/\/dicodusport.fr\/blog\/#\/schema\/person\/55dcb50ad410894e431ed812bbb70191\"},\"headline\":\"Mercato : Leandro Paredes pourrait revenir au PSG\",\"datePublished\":\"2023-01-17T18:01:08+00:00\",\"dateModified\":\"2023-01-18T07:48:08+00:00\",\"mainEntityOfPage\":{\"@id\":\"https:\/\/dicodusport.fr\/blog\/mercato-leandro-paredes-pourrait-revenir-au-psg\/\"},\"wordCount\":229,\"commentCount\":0,\"publisher\":{\"@id\":\"https:\/\/dicodusport.fr\/blog\/#organization\"},\"image\":{\"@id\":\"https:\/\/dicodusport.fr\/blog\/mercato-leandro-paredes-pourrait-revenir-au-psg\/#primaryimage\"},\"thumbnailUrl\":\"https:\/\/dicodusport.fr\/blog\/wp-content\/uploads\/2023\/01\/Mercato-Leandro-Paredes-pourrait-revenir-au-PSG.png\",\"keywords\":[\"Football\",\"juventus\",\"PSG\"],\"articleSection\":[\"Football\",\"Ligue 1\"],\"inLanguage\":\"fr-FR\",\"potentialAction\":[{\"@type\":\"CommentAction\",\"name\":\"Comment\",\"target\":[\"https:\/\/dicodusport.fr\/blog\/mercato-leandro-paredes-pourrait-revenir-au-psg\/#respond\"]}],\"copyrightYear\":\"2023\",\"copyrightHolder\":{\"@id\":\"https:\/\/dicodusport.fr\/blog\/#organization\"}},{\"@type\":\"WebPage\",\"@id\":\"https:\/\/dicodusport.fr\/blog\/mercato-leandro-paredes-pourrait-revenir-au-psg\/\",\"url\":\"https:\/\/dicodusport.fr\/blog\/mercato-leandro-paredes-pourrait-revenir-au-psg\/\",\"name\":\"Mercato : Leandro Paredes pourrait revenir au PSG\",\"isPartOf\":{\"@id\":\"https:\/\/dicodusport.fr\/blog\/#website\"},\"primaryImageOfPage\":{\"@id\":\"https:\/\/dicodusport.fr\/blog\/mercato-leandro-paredes-pourrait-revenir-au-psg\/#primaryimage\"},\"image\":{\"@id\":\"https:\/\/dicodusport.fr\/blog\/mercato-leandro-paredes-pourrait-revenir-au-psg\/#primaryimage\"},\"thumbnailUrl\":\"https:\/\/dicodusport.fr\/blog\/wp-content\/uploads\/2023\/01\/Mercato-Leandro-Paredes-pourrait-revenir-au-PSG.png\",\"datePublished\":\"2023-01-17T18:01:08+00:00\",\"dateModified\":\"2023-01-18T07:48:08+00:00\",\"description\":\"LIGUE 1 2022-2023 - Selon plusieurs journalistes italiens dont Gast\u00f3n Edul, Leandro Paredes pourrait revenir au PSG l'\u00e9t\u00e9 prochain.\u00a0\",\"breadcrumb\":{\"@id\":\"https:\/\/dicodusport.fr\/blog\/mercato-leandro-paredes-pourrait-revenir-au-psg\/#breadcrumb\"},\"inLanguage\":\"fr-FR\",\"potentialAction\":[{\"@type\":\"ReadAction\",\"target\":[\"https:\/\/dicodusport.fr\/blog\/mercato-leandro-paredes-pourrait-revenir-au-psg\/\"]}]},{\"@type\":\"ImageObject\",\"inLanguage\":\"fr-FR\",\"@id\":\"https:\/\/dicodusport.fr\/blog\/mercato-leandro-paredes-pourrait-revenir-au-psg\/#primaryimage\",\"url\":\"https:\/\/dicodusport.fr\/blog\/wp-content\/uploads\/2023\/01\/Mercato-Leandro-Paredes-pourrait-revenir-au-PSG.png\",\"contentUrl\":\"https:\/\/dicodusport.fr\/blog\/wp-content\/uploads\/2023\/01\/Mercato-Leandro-Paredes-pourrait-revenir-au-PSG.png\",\"width\":800,\"height\":445},{\"@type\":\"BreadcrumbList\",\"@id\":\"https:\/\/dicodusport.fr\/blog\/mercato-leandro-paredes-pourrait-revenir-au-psg\/#breadcrumb\",\"itemListElement\":[{\"@type\":\"ListItem\",\"position\":1,\"name\":\"Accueil\",\"item\":\"https:\/\/dicodusport.fr\/blog\/\"},{\"@type\":\"ListItem\",\"position\":2,\"name\":\"Mercato : Leandro Paredes pourrait revenir au PSG\"}]},{\"@type\":\"WebSite\",\"@id\":\"https:\/\/dicodusport.fr\/blog\/#website\",\"url\":\"https:\/\/dicodusport.fr\/blog\/\",\"name\":\"Dicodusport\",\"description\":\"L&#039;encyclop\u00e9die de l&#039;actualit\u00e9 sportive\",\"publisher\":{\"@id\":\"https:\/\/dicodusport.fr\/blog\/#organization\"},\"potentialAction\":[{\"@type\":\"SearchAction\",\"target\":{\"@type\":\"EntryPoint\",\"urlTemplate\":\"https:\/\/dicodusport.fr\/blog\/?s={search_term_string}\"},\"query-input\":{\"@type\":\"PropertyValueSpecification\",\"valueRequired\":true,\"valueName\":\"search_term_string\"}}],\"inLanguage\":\"fr-FR\"},{\"@type\":\"NewsMediaOrganization\",\"@id\":\"https:\/\/dicodusport.fr\/blog\/#organization\",\"name\":\"Dicodusport\",\"url\":\"https:\/\/dicodusport.fr\/blog\/\",\"logo\":{\"@type\":\"ImageObject\",\"inLanguage\":\"fr-FR\",\"@id\":\"https:\/\/dicodusport.fr\/blog\/#\/schema\/logo\/image\/\",\"url\":\"https:\/\/dicodusport.fr\/blog\/wp-content\/uploads\/2020\/06\/cropped-LOGO-DICODUSPORT-2020-SANS-FOND-SANS-TEXTE.png\",\"contentUrl\":\"https:\/\/dicodusport.fr\/blog\/wp-content\/uploads\/2020\/06\/cropped-LOGO-DICODUSPORT-2020-SANS-FOND-SANS-TEXTE.png\",\"width\":512,\"height\":512,\"caption\":\"Dicodusport\"},\"image\":{\"@id\":\"https:\/\/dicodusport.fr\/blog\/#\/schema\/logo\/image\/\"},\"sameAs\":[\"https:\/\/www.facebook.com\/dicodusport\",\"https:\/\/x.com\/dicodusport\",\"https:\/\/www.instagram.com\/dicodusport\/\",\"https:\/\/www.youtube.com\/channel\/UC7V2KZ5sd3htJivAbA4ZG3w\"],\"description\":\"Dicodusport est l'encyclop\u00e9die de l'actualit\u00e9 sportive.\",\"email\":\"bonjour@dicodusport.fr\",\"legalName\":\"DICODUSPORT\",\"foundingDate\":\"2018-01-14\",\"vatID\":\"FR71834470973\",\"taxID\":\"83447097300043\",\"numberOfEmployees\":{\"@type\":\"QuantitativeValue\",\"minValue\":\"1\",\"maxValue\":\"10\"}},{\"@type\":\"Person\",\"@id\":\"https:\/\/dicodusport.fr\/blog\/#\/schema\/person\/55dcb50ad410894e431ed812bbb70191\",\"name\":\"Nicolas Jacquemard\",\"image\":{\"@type\":\"ImageObject\",\"inLanguage\":\"fr-FR\",\"@id\":\"https:\/\/dicodusport.fr\/blog\/#\/schema\/person\/image\/\",\"url\":\"https:\/\/dicodusport.fr\/blog\/wp-content\/uploads\/2021\/05\/Nicolas-Jacquemard-150x150.jpeg\",\"contentUrl\":\"https:\/\/dicodusport.fr\/blog\/wp-content\/uploads\/2021\/05\/Nicolas-Jacquemard-150x150.jpeg\",\"caption\":\"Nicolas Jacquemard\"},\"description\":\"Passionn\u00e9 de sport et entrepreneur depuis mes 18 ans, la cr\u00e9ation de Dicodusport m'a sembl\u00e9 \u00e9vidente pour participer \u00e0 la m\u00e9diatisation d'un plus grand nombre de sports. Le chemin est long mais avec une \u00e9quipe des plus motiv\u00e9es et les Jeux Olympiques de Paris 2024 en point de mire, nous y arriverons ! Journaliste dans le monde du sport depuis plus de 5 ans, je traite aussi bien de football, de rugby, de biathlon que de cyclisme.\",\"sameAs\":[\"https:\/\/www.facebook.com\/dicodusport\",\"https:\/\/x.com\/https:\/\/twitter.com\/Nico_Jacquemard\"],\"url\":\"https:\/\/dicodusport.fr\/blog\/author\/dicodusport\/\"}]}<\/script>\n<!-- \/ Yoast SEO Premium plugin. -->","yoast_head_json":{"title":"Mercato : Leandro Paredes pourrait revenir au PSG","description":"LIGUE 1 2022-2023 - Selon plusieurs journalistes italiens dont Gast\u00f3n Edul, Leandro Paredes pourrait revenir au PSG l'\u00e9t\u00e9 prochain.\u00a0","robots":{"index":"index","follow":"follow","max-snippet":"max-snippet:-1","max-image-preview":"max-image-preview:large","max-video-preview":"max-video-preview:-1"},"canonical":"https:\/\/dicodusport.fr\/blog\/mercato-leandro-paredes-pourrait-revenir-au-psg\/","og_locale":"fr_FR","og_type":"article","og_title":"Mercato : Leandro Paredes pourrait revenir au PSG","og_description":"LIGUE 1 2022-2023 - Selon plusieurs journalistes italiens dont Gast\u00f3n Edul, Leandro Paredes pourrait revenir au PSG l'\u00e9t\u00e9 prochain.\u00a0","og_url":"https:\/\/dicodusport.fr\/blog\/mercato-leandro-paredes-pourrait-revenir-au-psg\/","og_site_name":"Dicodusport","article_publisher":"https:\/\/www.facebook.com\/dicodusport","article_author":"https:\/\/www.facebook.com\/dicodusport","article_published_time":"2023-01-17T18:01:08+00:00","article_modified_time":"2023-01-18T07:48:08+00:00","og_image":[{"width":800,"height":445,"url":"https:\/\/dicodusport.fr\/blog\/wp-content\/uploads\/2023\/01\/Mercato-Leandro-Paredes-pourrait-revenir-au-PSG.png","type":"image\/png"}],"author":"Nicolas Jacquemard","twitter_card":"summary_large_image","twitter_title":"Mercato : Leandro Paredes pourrait revenir au PSG","twitter_creator":"@https:\/\/twitter.com\/Nico_Jacquemard","twitter_site":"@dicodusport","schema":{"@context":"https:\/\/schema.org","@graph":[{"@type":"NewsArticle","@id":"https:\/\/dicodusport.fr\/blog\/mercato-leandro-paredes-pourrait-revenir-au-psg\/#article","isPartOf":{"@id":"https:\/\/dicodusport.fr\/blog\/mercato-leandro-paredes-pourrait-revenir-au-psg\/"},"author":{"name":"Nicolas Jacquemard","@id":"https:\/\/dicodusport.fr\/blog\/#\/schema\/person\/55dcb50ad410894e431ed812bbb70191"},"headline":"Mercato : Leandro Paredes pourrait revenir au PSG","datePublished":"2023-01-17T18:01:08+00:00","dateModified":"2023-01-18T07:48:08+00:00","mainEntityOfPage":{"@id":"https:\/\/dicodusport.fr\/blog\/mercato-leandro-paredes-pourrait-revenir-au-psg\/"},"wordCount":229,"commentCount":0,"publisher":{"@id":"https:\/\/dicodusport.fr\/blog\/#organization"},"image":{"@id":"https:\/\/dicodusport.fr\/blog\/mercato-leandro-paredes-pourrait-revenir-au-psg\/#primaryimage"},"thumbnailUrl":"https:\/\/dicodusport.fr\/blog\/wp-content\/uploads\/2023\/01\/Mercato-Leandro-Paredes-pourrait-revenir-au-PSG.png","keywords":["Football","juventus","PSG"],"articleSection":["Football","Ligue 1"],"inLanguage":"fr-FR","potentialAction":[{"@type":"CommentAction","name":"Comment","target":["https:\/\/dicodusport.fr\/blog\/mercato-leandro-paredes-pourrait-revenir-au-psg\/#respond"]}],"copyrightYear":"2023","copyrightHolder":{"@id":"https:\/\/dicodusport.fr\/blog\/#organization"}},{"@type":"WebPage","@id":"https:\/\/dicodusport.fr\/blog\/mercato-leandro-paredes-pourrait-revenir-au-psg\/","url":"https:\/\/dicodusport.fr\/blog\/mercato-leandro-paredes-pourrait-revenir-au-psg\/","name":"Mercato : Leandro Paredes pourrait revenir au PSG","isPartOf":{"@id":"https:\/\/dicodusport.fr\/blog\/#website"},"primaryImageOfPage":{"@id":"https:\/\/dicodusport.fr\/blog\/mercato-leandro-paredes-pourrait-revenir-au-psg\/#primaryimage"},"image":{"@id":"https:\/\/dicodusport.fr\/blog\/mercato-leandro-paredes-pourrait-revenir-au-psg\/#primaryimage"},"thumbnailUrl":"https:\/\/dicodusport.fr\/blog\/wp-content\/uploads\/2023\/01\/Mercato-Leandro-Paredes-pourrait-revenir-au-PSG.png","datePublished":"2023-01-17T18:01:08+00:00","dateModified":"2023-01-18T07:48:08+00:00","description":"LIGUE 1 2022-2023 - Selon plusieurs journalistes italiens dont Gast\u00f3n Edul, Leandro Paredes pourrait revenir au PSG l'\u00e9t\u00e9 prochain.\u00a0","breadcrumb":{"@id":"https:\/\/dicodusport.fr\/blog\/mercato-leandro-paredes-pourrait-revenir-au-psg\/#breadcrumb"},"inLanguage":"fr-FR","potentialAction":[{"@type":"ReadAction","target":["https:\/\/dicodusport.fr\/blog\/mercato-leandro-paredes-pourrait-revenir-au-psg\/"]}]},{"@type":"ImageObject","inLanguage":"fr-FR","@id":"https:\/\/dicodusport.fr\/blog\/mercato-leandro-paredes-pourrait-revenir-au-psg\/#primaryimage","url":"https:\/\/dicodusport.fr\/blog\/wp-content\/uploads\/2023\/01\/Mercato-Leandro-Paredes-pourrait-revenir-au-PSG.png","contentUrl":"https:\/\/dicodusport.fr\/blog\/wp-content\/uploads\/2023\/01\/Mercato-Leandro-Paredes-pourrait-revenir-au-PSG.png","width":800,"height":445},{"@type":"BreadcrumbList","@id":"https:\/\/dicodusport.fr\/blog\/mercato-leandro-paredes-pourrait-revenir-au-psg\/#breadcrumb","itemListElement":[{"@type":"ListItem","position":1,"name":"Accueil","item":"https:\/\/dicodusport.fr\/blog\/"},{"@type":"ListItem","position":2,"name":"Mercato : Leandro Paredes pourrait revenir au PSG"}]},{"@type":"WebSite","@id":"https:\/\/dicodusport.fr\/blog\/#website","url":"https:\/\/dicodusport.fr\/blog\/","name":"Dicodusport","description":"L&#039;encyclop\u00e9die de l&#039;actualit\u00e9 sportive","publisher":{"@id":"https:\/\/dicodusport.fr\/blog\/#organization"},"potentialAction":[{"@type":"SearchAction","target":{"@type":"EntryPoint","urlTemplate":"https:\/\/dicodusport.fr\/blog\/?s={search_term_string}"},"query-input":{"@type":"PropertyValueSpecification","valueRequired":true,"valueName":"search_term_string"}}],"inLanguage":"fr-FR"},{"@type":"NewsMediaOrganization","@id":"https:\/\/dicodusport.fr\/blog\/#organization","name":"Dicodusport","url":"https:\/\/dicodusport.fr\/blog\/","logo":{"@type":"ImageObject","inLanguage":"fr-FR","@id":"https:\/\/dicodusport.fr\/blog\/#\/schema\/logo\/image\/","url":"https:\/\/dicodusport.fr\/blog\/wp-content\/uploads\/2020\/06\/cropped-LOGO-DICODUSPORT-2020-SANS-FOND-SANS-TEXTE.png","contentUrl":"https:\/\/dicodusport.fr\/blog\/wp-content\/uploads\/2020\/06\/cropped-LOGO-DICODUSPORT-2020-SANS-FOND-SANS-TEXTE.png","width":512,"height":512,"caption":"Dicodusport"},"image":{"@id":"https:\/\/dicodusport.fr\/blog\/#\/schema\/logo\/image\/"},"sameAs":["https:\/\/www.facebook.com\/dicodusport","https:\/\/x.com\/dicodusport","https:\/\/www.instagram.com\/dicodusport\/","https:\/\/www.youtube.com\/channel\/UC7V2KZ5sd3htJivAbA4ZG3w"],"description":"Dicodusport est l'encyclop\u00e9die de l'actualit\u00e9 sportive.","email":"bonjour@dicodusport.fr","legalName":"DICODUSPORT","foundingDate":"2018-01-14","vatID":"FR71834470973","taxID":"83447097300043","numberOfEmployees":{"@type":"QuantitativeValue","minValue":"1","maxValue":"10"}},{"@type":"Person","@id":"https:\/\/dicodusport.fr\/blog\/#\/schema\/person\/55dcb50ad410894e431ed812bbb70191","name":"Nicolas Jacquemard","image":{"@type":"ImageObject","inLanguage":"fr-FR","@id":"https:\/\/dicodusport.fr\/blog\/#\/schema\/person\/image\/","url":"https:\/\/dicodusport.fr\/blog\/wp-content\/uploads\/2021\/05\/Nicolas-Jacquemard-150x150.jpeg","contentUrl":"https:\/\/dicodusport.fr\/blog\/wp-content\/uploads\/2021\/05\/Nicolas-Jacquemard-150x150.jpeg","caption":"Nicolas Jacquemard"},"description":"Passionn\u00e9 de sport et entrepreneur depuis mes 18 ans, la cr\u00e9ation de Dicodusport m'a sembl\u00e9 \u00e9vidente pour participer \u00e0 la m\u00e9diatisation d'un plus grand nombre de sports. Le chemin est long mais avec une \u00e9quipe des plus motiv\u00e9es et les Jeux Olympiques de Paris 2024 en point de mire, nous y arriverons ! Journaliste dans le monde du sport depuis plus de 5 ans, je traite aussi bien de football, de rugby, de biathlon que de cyclisme.","sameAs":["https:\/\/www.facebook.com\/dicodusport","https:\/\/x.com\/https:\/\/twitter.com\/Nico_Jacquemard"],"url":"https:\/\/dicodusport.fr\/blog\/author\/dicodusport\/"}]}},"_links":{"self":[{"href":"https:\/\/dicodusport.fr\/blog\/wp-json\/wp\/v2\/posts\/345713","targetHints":{"allow":["GET"]}}],"collection":[{"href":"https:\/\/dicodusport.fr\/blog\/wp-json\/wp\/v2\/posts"}],"about":[{"href":"https:\/\/dicodusport.fr\/blog\/wp-json\/wp\/v2\/types\/post"}],"author":[{"embeddable":true,"href":"https:\/\/dicodusport.fr\/blog\/wp-json\/wp\/v2\/users\/1"}],"replies":[{"embeddable":true,"href":"https:\/\/dicodusport.fr\/blog\/wp-json\/wp\/v2\/comments?post=345713"}],"version-history":[{"count":0,"href":"https:\/\/dicodusport.fr\/blog\/wp-json\/wp\/v2\/posts\/345713\/revisions"}],"wp:featuredmedia":[{"embeddable":true,"href":"https:\/\/dicodusport.fr\/blog\/wp-json\/wp\/v2\/media\/345714"}],"wp:attachment":[{"href":"https:\/\/dicodusport.fr\/blog\/wp-json\/wp\/v2\/media?parent=345713"}],"wp:term":[{"taxonomy":"category","embeddable":true,"href":"https:\/\/dicodusport.fr\/blog\/wp-json\/wp\/v2\/categories?post=345713"},{"taxonomy":"post_tag","embeddable":true,"href":"https:\/\/dicodusport.fr\/blog\/wp-json\/wp\/v2\/tags?post=345713"}],"curies":[{"name":"wp","href":"https:\/\/api.w.org\/{rel}","templated":true}]}}