{"id":345740,"date":"2023-01-18T08:43:24","date_gmt":"2023-01-18T07:43:24","guid":{"rendered":"https:\/\/dicodusport.fr\/blog\/?p=345740&#038;preview=true&#038;preview_id=345740"},"modified":"2023-01-18T13:31:49","modified_gmt":"2023-01-18T12:31:49","slug":"betclic-elite-ray-mccallum-et-sadio-doucoure-au-chevet-de-nanterre","status":"publish","type":"post","link":"https:\/\/dicodusport.fr\/blog\/betclic-elite-ray-mccallum-et-sadio-doucoure-au-chevet-de-nanterre\/","title":{"rendered":"Betclic \u00c9lite\u00a0: Ray McCallum et Sadio Doucour\u00e9 au chevet de Nanterre"},"content":{"rendered":"<p align=\"justify\"><em><strong><a href=\"https:\/\/dicodusport.fr\/blog\/?s=betclic+%C3%89lite\">BETCLIC \u00c9LITE 2022-2023<\/a> &#8211; <\/strong><\/em><i><b>Alors que son effectif \u00e9tait amenuis\u00e9 par les blessures, la JSF n\u2019a pas tard\u00e9 \u00e0 r\u00e9agir. En moins de 48h, le club francilien a d\u00e9bauch\u00e9 Ray McCallum et Sadio Doucour\u00e9.<\/b><\/i><\/p>\n<p align=\"justify\">L\u2019effectif de la JSF Nanterre retrouve de l\u2019\u00e9paisseur \u00e0 l\u2019heure d\u2019aborder la phase retour de <b>Betclic \u00c9lite<\/b>. En qu\u00eate de jokers m\u00e9dicaux pour pallier les longues absences de <b>Justin Bibbins<\/b> et <b>Rion Brown<\/b>, le club francilien a fait signer deux joueurs rompus aux joutes du championnat tricolore, avec <b>Ray McCallum<\/b> et <b>Sadio Doucour\u00e9<\/b>.<\/p>\n<h2 style=\"text-align: justify;\" align=\"justify\">Deux vieilles connaissances de Betclic \u00c9lite<\/h2>\n<p align=\"justify\">L\u2019arri\u00e8re am\u00e9ricain de 31 ans repr\u00e9sente une superbe prise pour \u00e9pauler Keith Hornsby et Benjamin Sene sur le backcourt. Pass\u00e9 par Gravelines-Dunkerque la saison derni\u00e8re (13,4 points, 5,1 passes), il \u00e9voluait depuis le d\u00e9but de la saison au <b>Legia Varsovie<\/b>. Avec le club polonais, il a brill\u00e9 sur la sc\u00e8ne europ\u00e9enne en <b>Ligue des Champions<\/b>, tournant \u00e0 plus de 17 points de moyenne en six matchs. Afin de le rapatrier en France, la <b>JSF<\/b> a d\u00fb taper dans la caisse en laissant une indemnit\u00e9 de transfert. Par ailleurs, avec son pass\u00e9 de joueur NBA (148 matchs), il est le 10e joueur ayant disput\u00e9 au moins 100 rencontres \u00e0 actuellement garnir les rangs du championnat. Une premi\u00e8re dans l\u2019histoire.<\/p>\n<p align=\"justify\">\u00c0 l\u2019aile, la JSF a d\u00e9cid\u00e9 de miser sur un autre profil exp\u00e9riment\u00e9. Comme <a href=\"https:\/\/dicodusport.fr\/blog\/betclic-elite-fos-sur-mer-mise-sur-rudy-demahis-ballou\/\">Rudy Demanhis-Ballou \u00e0 Fos la semaine derni\u00e8re<\/a>, <b>Sadio Doucour\u00e9<\/b> va lancer sa campagne 2022-2023 au mois de janvier durant deux mois. \u00c0 30 ans, le joueur de 2,01m \u00e9tait libre depuis son d\u00e9part de <b>Fos<\/b> o\u00f9 il avait connu une saison d\u00e9licate (3,8 points, 2,5 rebonds en 18 matchs) apr\u00e8s. Du haut de ses 74 matchs de Betclic \u00c9lite et 106 de Pro B, il apportera des minutes pr\u00e9cieuses sur les postes 3 et 4.<\/p>\n<p style=\"text-align: justify;\" align=\"justify\">Ainsi, <strong>Pascal Donnadieu<\/strong> a d\u00e9sormais neuf joueurs professionnels sous la main, sans oublier le jeune <strong>Lucas Fischer<\/strong>, int\u00e9gr\u00e9 lors des deux derniers matchs de championnat. De quoi esp\u00e9rer relancer une JSF englu\u00e9e dans le ventre mou (12e\/7V-10D) \u00e0 mi-saison.<span style=\"text-align: center;\">\u00a0<\/span><\/p>\n<blockquote class=\"twitter-tweet\">\n<p dir=\"ltr\" lang=\"fr\">Bienvenue Sadio ! \ud83e\udd17<\/p>\n<p>Sadio Doucour\u00e9 (2,01 m, 30 ans) signe avec <a href=\"https:\/\/twitter.com\/Nanterre92?ref_src=twsrc%5Etfw\">@Nanterre92<\/a> pour 2 mois, en qualit\u00e9 de pigiste m\u00e9dical (suite \u00e0 la blessure de Rion Brown).<\/p>\n<p>Plus d&rsquo;informations :<a href=\"https:\/\/t.co\/SPGcZgQDxR\">https:\/\/t.co\/SPGcZgQDxR<\/a> <a href=\"https:\/\/t.co\/R9CGwofVNe\">pic.twitter.com\/R9CGwofVNe<\/a><\/p>\n<p>\u2014 Nanterre 92 (@Nanterre92) <a href=\"https:\/\/twitter.com\/Nanterre92\/status\/1615431750670245894?ref_src=twsrc%5Etfw\">January 17, 2023<\/a><\/p><\/blockquote>\n<p><script async src=\"https:\/\/platform.twitter.com\/widgets.js\" charset=\"utf-8\"><\/script><\/p>\n","protected":false},"excerpt":{"rendered":"<p>BETCLIC \u00c9LITE 2022-2023 &#8211; Alors que son effectif \u00e9tait amenuis\u00e9 par les blessures, la JSF n\u2019a pas tard\u00e9 \u00e0 r\u00e9agir. En moins de 48h, le club francilien a d\u00e9bauch\u00e9 Ray McCallum et Sadio Doucour\u00e9.<\/p>\n","protected":false},"author":55,"featured_media":345780,"comment_status":"open","ping_status":"closed","sticky":false,"template":"","format":"standard","meta":{"_acf_changed":false,"_daextam_enable_autolinks":"","footnotes":""},"categories":[46998],"tags":[17909,16433],"class_list":["post-345740","post","type-post","status-publish","format-standard","has-post-thumbnail","hentry","category-betclic-elite","tag-betclic-elite","tag-jsf-nanterre"],"acf":[],"yoast_head":"<!-- This site is optimized with the Yoast SEO Premium plugin v26.7 (Yoast SEO v26.7) - https:\/\/yoast.com\/wordpress\/plugins\/seo\/ -->\n<title>Betclic \u00c9lite\u00a0: Ray McCallum et Sadio Doucour\u00e9 au chevet de Nanterre<\/title>\n<meta name=\"description\" content=\"La JSF Nanterre a officialis\u00e9 les signatures de Ray McCallum et Sadio Doucour\u00e9 pour compl\u00e9ter son effectif.\" \/>\n<meta name=\"robots\" content=\"index, follow, max-snippet:-1, max-image-preview:large, max-video-preview:-1\" \/>\n<link rel=\"canonical\" href=\"https:\/\/dicodusport.fr\/blog\/betclic-elite-ray-mccallum-et-sadio-doucoure-au-chevet-de-nanterre\/\" \/>\n<meta property=\"og:locale\" content=\"fr_FR\" \/>\n<meta property=\"og:type\" content=\"article\" \/>\n<meta property=\"og:title\" content=\"Betclic \u00c9lite\u00a0: Ray McCallum et Sadio Doucour\u00e9 au chevet de Nanterre\" \/>\n<meta property=\"og:description\" content=\"La JSF Nanterre a officialis\u00e9 les signatures de Ray McCallum et Sadio Doucour\u00e9 pour compl\u00e9ter son effectif.\" \/>\n<meta property=\"og:url\" content=\"https:\/\/dicodusport.fr\/blog\/betclic-elite-ray-mccallum-et-sadio-doucoure-au-chevet-de-nanterre\/\" \/>\n<meta property=\"og:site_name\" content=\"Dicodusport\" \/>\n<meta property=\"article:publisher\" content=\"https:\/\/www.facebook.com\/dicodusport\" \/>\n<meta property=\"article:published_time\" content=\"2023-01-18T07:43:24+00:00\" \/>\n<meta property=\"article:modified_time\" content=\"2023-01-18T12:31:49+00:00\" \/>\n<meta property=\"og:image\" content=\"https:\/\/dicodusport.fr\/blog\/wp-content\/uploads\/2023\/01\/Betclic-Elite-Ray-McCallum-et-Sadio-Doucoure-au-chevet-de-Nanterre.png\" \/>\n\t<meta property=\"og:image:width\" content=\"800\" \/>\n\t<meta property=\"og:image:height\" content=\"445\" \/>\n\t<meta property=\"og:image:type\" content=\"image\/png\" \/>\n<meta name=\"author\" content=\"Maxime Cazenave\" \/>\n<meta name=\"twitter:card\" content=\"summary_large_image\" \/>\n<meta name=\"twitter:title\" content=\"Betclic \u00c9lite\u00a0: Ray McCallum et Sadio Doucour\u00e9 au chevet de Nanterre\" \/>\n<meta name=\"twitter:creator\" content=\"@https:\/\/twitter.com\/Maxime_Caze\" \/>\n<meta name=\"twitter:site\" content=\"@dicodusport\" \/>\n<script type=\"application\/ld+json\" class=\"yoast-schema-graph\">{\"@context\":\"https:\/\/schema.org\",\"@graph\":[{\"@type\":\"NewsArticle\",\"@id\":\"https:\/\/dicodusport.fr\/blog\/betclic-elite-ray-mccallum-et-sadio-doucoure-au-chevet-de-nanterre\/#article\",\"isPartOf\":{\"@id\":\"https:\/\/dicodusport.fr\/blog\/betclic-elite-ray-mccallum-et-sadio-doucoure-au-chevet-de-nanterre\/\"},\"author\":{\"name\":\"Maxime Cazenave\",\"@id\":\"https:\/\/dicodusport.fr\/blog\/#\/schema\/person\/37def232098a7a5cbab3974a3690abb0\"},\"headline\":\"Betclic \u00c9lite\u00a0: Ray McCallum et Sadio Doucour\u00e9 au chevet de Nanterre\",\"datePublished\":\"2023-01-18T07:43:24+00:00\",\"dateModified\":\"2023-01-18T12:31:49+00:00\",\"mainEntityOfPage\":{\"@id\":\"https:\/\/dicodusport.fr\/blog\/betclic-elite-ray-mccallum-et-sadio-doucoure-au-chevet-de-nanterre\/\"},\"wordCount\":399,\"commentCount\":0,\"publisher\":{\"@id\":\"https:\/\/dicodusport.fr\/blog\/#organization\"},\"image\":{\"@id\":\"https:\/\/dicodusport.fr\/blog\/betclic-elite-ray-mccallum-et-sadio-doucoure-au-chevet-de-nanterre\/#primaryimage\"},\"thumbnailUrl\":\"https:\/\/dicodusport.fr\/blog\/wp-content\/uploads\/2023\/01\/Betclic-Elite-Ray-McCallum-et-Sadio-Doucoure-au-chevet-de-Nanterre.png\",\"keywords\":[\"Betclic Elite\",\"JSF Nanterre\"],\"articleSection\":[\"Betclic \u00c9lite\"],\"inLanguage\":\"fr-FR\",\"potentialAction\":[{\"@type\":\"CommentAction\",\"name\":\"Comment\",\"target\":[\"https:\/\/dicodusport.fr\/blog\/betclic-elite-ray-mccallum-et-sadio-doucoure-au-chevet-de-nanterre\/#respond\"]}],\"copyrightYear\":\"2023\",\"copyrightHolder\":{\"@id\":\"https:\/\/dicodusport.fr\/blog\/#organization\"}},{\"@type\":\"WebPage\",\"@id\":\"https:\/\/dicodusport.fr\/blog\/betclic-elite-ray-mccallum-et-sadio-doucoure-au-chevet-de-nanterre\/\",\"url\":\"https:\/\/dicodusport.fr\/blog\/betclic-elite-ray-mccallum-et-sadio-doucoure-au-chevet-de-nanterre\/\",\"name\":\"Betclic \u00c9lite\u00a0: Ray McCallum et Sadio Doucour\u00e9 au chevet de Nanterre\",\"isPartOf\":{\"@id\":\"https:\/\/dicodusport.fr\/blog\/#website\"},\"primaryImageOfPage\":{\"@id\":\"https:\/\/dicodusport.fr\/blog\/betclic-elite-ray-mccallum-et-sadio-doucoure-au-chevet-de-nanterre\/#primaryimage\"},\"image\":{\"@id\":\"https:\/\/dicodusport.fr\/blog\/betclic-elite-ray-mccallum-et-sadio-doucoure-au-chevet-de-nanterre\/#primaryimage\"},\"thumbnailUrl\":\"https:\/\/dicodusport.fr\/blog\/wp-content\/uploads\/2023\/01\/Betclic-Elite-Ray-McCallum-et-Sadio-Doucoure-au-chevet-de-Nanterre.png\",\"datePublished\":\"2023-01-18T07:43:24+00:00\",\"dateModified\":\"2023-01-18T12:31:49+00:00\",\"description\":\"La JSF Nanterre a officialis\u00e9 les signatures de Ray McCallum et Sadio Doucour\u00e9 pour compl\u00e9ter son effectif.\",\"breadcrumb\":{\"@id\":\"https:\/\/dicodusport.fr\/blog\/betclic-elite-ray-mccallum-et-sadio-doucoure-au-chevet-de-nanterre\/#breadcrumb\"},\"inLanguage\":\"fr-FR\",\"potentialAction\":[{\"@type\":\"ReadAction\",\"target\":[\"https:\/\/dicodusport.fr\/blog\/betclic-elite-ray-mccallum-et-sadio-doucoure-au-chevet-de-nanterre\/\"]}]},{\"@type\":\"ImageObject\",\"inLanguage\":\"fr-FR\",\"@id\":\"https:\/\/dicodusport.fr\/blog\/betclic-elite-ray-mccallum-et-sadio-doucoure-au-chevet-de-nanterre\/#primaryimage\",\"url\":\"https:\/\/dicodusport.fr\/blog\/wp-content\/uploads\/2023\/01\/Betclic-Elite-Ray-McCallum-et-Sadio-Doucoure-au-chevet-de-Nanterre.png\",\"contentUrl\":\"https:\/\/dicodusport.fr\/blog\/wp-content\/uploads\/2023\/01\/Betclic-Elite-Ray-McCallum-et-Sadio-Doucoure-au-chevet-de-Nanterre.png\",\"width\":800,\"height\":445,\"caption\":\"Betclic \u00c9lite\u00a0 Ray McCallum et Sadio Doucour\u00e9 au chevet de Nanterre\"},{\"@type\":\"BreadcrumbList\",\"@id\":\"https:\/\/dicodusport.fr\/blog\/betclic-elite-ray-mccallum-et-sadio-doucoure-au-chevet-de-nanterre\/#breadcrumb\",\"itemListElement\":[{\"@type\":\"ListItem\",\"position\":1,\"name\":\"Accueil\",\"item\":\"https:\/\/dicodusport.fr\/blog\/\"},{\"@type\":\"ListItem\",\"position\":2,\"name\":\"Betclic \u00c9lite\u00a0: Ray McCallum et Sadio Doucour\u00e9 au chevet de Nanterre\"}]},{\"@type\":\"WebSite\",\"@id\":\"https:\/\/dicodusport.fr\/blog\/#website\",\"url\":\"https:\/\/dicodusport.fr\/blog\/\",\"name\":\"Dicodusport\",\"description\":\"L&#039;encyclop\u00e9die de l&#039;actualit\u00e9 sportive\",\"publisher\":{\"@id\":\"https:\/\/dicodusport.fr\/blog\/#organization\"},\"potentialAction\":[{\"@type\":\"SearchAction\",\"target\":{\"@type\":\"EntryPoint\",\"urlTemplate\":\"https:\/\/dicodusport.fr\/blog\/?s={search_term_string}\"},\"query-input\":{\"@type\":\"PropertyValueSpecification\",\"valueRequired\":true,\"valueName\":\"search_term_string\"}}],\"inLanguage\":\"fr-FR\"},{\"@type\":\"NewsMediaOrganization\",\"@id\":\"https:\/\/dicodusport.fr\/blog\/#organization\",\"name\":\"Dicodusport\",\"url\":\"https:\/\/dicodusport.fr\/blog\/\",\"logo\":{\"@type\":\"ImageObject\",\"inLanguage\":\"fr-FR\",\"@id\":\"https:\/\/dicodusport.fr\/blog\/#\/schema\/logo\/image\/\",\"url\":\"https:\/\/dicodusport.fr\/blog\/wp-content\/uploads\/2020\/06\/cropped-LOGO-DICODUSPORT-2020-SANS-FOND-SANS-TEXTE.png\",\"contentUrl\":\"https:\/\/dicodusport.fr\/blog\/wp-content\/uploads\/2020\/06\/cropped-LOGO-DICODUSPORT-2020-SANS-FOND-SANS-TEXTE.png\",\"width\":512,\"height\":512,\"caption\":\"Dicodusport\"},\"image\":{\"@id\":\"https:\/\/dicodusport.fr\/blog\/#\/schema\/logo\/image\/\"},\"sameAs\":[\"https:\/\/www.facebook.com\/dicodusport\",\"https:\/\/x.com\/dicodusport\",\"https:\/\/www.instagram.com\/dicodusport\/\",\"https:\/\/www.youtube.com\/channel\/UC7V2KZ5sd3htJivAbA4ZG3w\"],\"description\":\"Dicodusport est l'encyclop\u00e9die de l'actualit\u00e9 sportive.\",\"email\":\"bonjour@dicodusport.fr\",\"legalName\":\"DICODUSPORT\",\"foundingDate\":\"2018-01-14\",\"vatID\":\"FR71834470973\",\"taxID\":\"83447097300043\",\"numberOfEmployees\":{\"@type\":\"QuantitativeValue\",\"minValue\":\"1\",\"maxValue\":\"10\"}},{\"@type\":\"Person\",\"@id\":\"https:\/\/dicodusport.fr\/blog\/#\/schema\/person\/37def232098a7a5cbab3974a3690abb0\",\"name\":\"Maxime Cazenave\",\"image\":{\"@type\":\"ImageObject\",\"inLanguage\":\"fr-FR\",\"@id\":\"https:\/\/dicodusport.fr\/blog\/#\/schema\/person\/image\/\",\"url\":\"https:\/\/dicodusport.fr\/blog\/wp-content\/uploads\/2021\/05\/Maxime-Cazenave-150x150.jpg\",\"contentUrl\":\"https:\/\/dicodusport.fr\/blog\/wp-content\/uploads\/2021\/05\/Maxime-Cazenave-150x150.jpg\",\"caption\":\"Maxime Cazenave\"},\"description\":\"Journaliste\/R\u00e9dacteur depuis 2012 - Berc\u00e9 par l\u2019amour des Girondins de Bordeaux, les \u00e9checs de Christophe Moreau sur le Tour de France sous l'\u00e8re Lance Armstrong et le fade-away l\u00e9tal de Dirk Nowitzki, ma passion d\u00e9vorante pour le sport a toujours \u00e9t\u00e9 un pan incontournable de ma vie. Transmettre ma passion \u00e0 l\u2019\u00e9crit a \u00e9t\u00e9 une transition naturelle. Suiveur assidu de basket et de hockey sur glace, je garde toujours un peu de place pour suivre le cyclisme, le football et le maximum de performances fran\u00e7aises.\",\"sameAs\":[\"https:\/\/x.com\/https:\/\/twitter.com\/Maxime_Caze\"],\"url\":\"https:\/\/dicodusport.fr\/blog\/author\/maximec\/\"}]}<\/script>\n<!-- \/ Yoast SEO Premium plugin. -->","yoast_head_json":{"title":"Betclic \u00c9lite\u00a0: Ray McCallum et Sadio Doucour\u00e9 au chevet de Nanterre","description":"La JSF Nanterre a officialis\u00e9 les signatures de Ray McCallum et Sadio Doucour\u00e9 pour compl\u00e9ter son effectif.","robots":{"index":"index","follow":"follow","max-snippet":"max-snippet:-1","max-image-preview":"max-image-preview:large","max-video-preview":"max-video-preview:-1"},"canonical":"https:\/\/dicodusport.fr\/blog\/betclic-elite-ray-mccallum-et-sadio-doucoure-au-chevet-de-nanterre\/","og_locale":"fr_FR","og_type":"article","og_title":"Betclic \u00c9lite\u00a0: Ray McCallum et Sadio Doucour\u00e9 au chevet de Nanterre","og_description":"La JSF Nanterre a officialis\u00e9 les signatures de Ray McCallum et Sadio Doucour\u00e9 pour compl\u00e9ter son effectif.","og_url":"https:\/\/dicodusport.fr\/blog\/betclic-elite-ray-mccallum-et-sadio-doucoure-au-chevet-de-nanterre\/","og_site_name":"Dicodusport","article_publisher":"https:\/\/www.facebook.com\/dicodusport","article_published_time":"2023-01-18T07:43:24+00:00","article_modified_time":"2023-01-18T12:31:49+00:00","og_image":[{"width":800,"height":445,"url":"https:\/\/dicodusport.fr\/blog\/wp-content\/uploads\/2023\/01\/Betclic-Elite-Ray-McCallum-et-Sadio-Doucoure-au-chevet-de-Nanterre.png","type":"image\/png"}],"author":"Maxime Cazenave","twitter_card":"summary_large_image","twitter_title":"Betclic \u00c9lite\u00a0: Ray McCallum et Sadio Doucour\u00e9 au chevet de Nanterre","twitter_creator":"@https:\/\/twitter.com\/Maxime_Caze","twitter_site":"@dicodusport","schema":{"@context":"https:\/\/schema.org","@graph":[{"@type":"NewsArticle","@id":"https:\/\/dicodusport.fr\/blog\/betclic-elite-ray-mccallum-et-sadio-doucoure-au-chevet-de-nanterre\/#article","isPartOf":{"@id":"https:\/\/dicodusport.fr\/blog\/betclic-elite-ray-mccallum-et-sadio-doucoure-au-chevet-de-nanterre\/"},"author":{"name":"Maxime Cazenave","@id":"https:\/\/dicodusport.fr\/blog\/#\/schema\/person\/37def232098a7a5cbab3974a3690abb0"},"headline":"Betclic \u00c9lite\u00a0: Ray McCallum et Sadio Doucour\u00e9 au chevet de Nanterre","datePublished":"2023-01-18T07:43:24+00:00","dateModified":"2023-01-18T12:31:49+00:00","mainEntityOfPage":{"@id":"https:\/\/dicodusport.fr\/blog\/betclic-elite-ray-mccallum-et-sadio-doucoure-au-chevet-de-nanterre\/"},"wordCount":399,"commentCount":0,"publisher":{"@id":"https:\/\/dicodusport.fr\/blog\/#organization"},"image":{"@id":"https:\/\/dicodusport.fr\/blog\/betclic-elite-ray-mccallum-et-sadio-doucoure-au-chevet-de-nanterre\/#primaryimage"},"thumbnailUrl":"https:\/\/dicodusport.fr\/blog\/wp-content\/uploads\/2023\/01\/Betclic-Elite-Ray-McCallum-et-Sadio-Doucoure-au-chevet-de-Nanterre.png","keywords":["Betclic Elite","JSF Nanterre"],"articleSection":["Betclic \u00c9lite"],"inLanguage":"fr-FR","potentialAction":[{"@type":"CommentAction","name":"Comment","target":["https:\/\/dicodusport.fr\/blog\/betclic-elite-ray-mccallum-et-sadio-doucoure-au-chevet-de-nanterre\/#respond"]}],"copyrightYear":"2023","copyrightHolder":{"@id":"https:\/\/dicodusport.fr\/blog\/#organization"}},{"@type":"WebPage","@id":"https:\/\/dicodusport.fr\/blog\/betclic-elite-ray-mccallum-et-sadio-doucoure-au-chevet-de-nanterre\/","url":"https:\/\/dicodusport.fr\/blog\/betclic-elite-ray-mccallum-et-sadio-doucoure-au-chevet-de-nanterre\/","name":"Betclic \u00c9lite\u00a0: Ray McCallum et Sadio Doucour\u00e9 au chevet de Nanterre","isPartOf":{"@id":"https:\/\/dicodusport.fr\/blog\/#website"},"primaryImageOfPage":{"@id":"https:\/\/dicodusport.fr\/blog\/betclic-elite-ray-mccallum-et-sadio-doucoure-au-chevet-de-nanterre\/#primaryimage"},"image":{"@id":"https:\/\/dicodusport.fr\/blog\/betclic-elite-ray-mccallum-et-sadio-doucoure-au-chevet-de-nanterre\/#primaryimage"},"thumbnailUrl":"https:\/\/dicodusport.fr\/blog\/wp-content\/uploads\/2023\/01\/Betclic-Elite-Ray-McCallum-et-Sadio-Doucoure-au-chevet-de-Nanterre.png","datePublished":"2023-01-18T07:43:24+00:00","dateModified":"2023-01-18T12:31:49+00:00","description":"La JSF Nanterre a officialis\u00e9 les signatures de Ray McCallum et Sadio Doucour\u00e9 pour compl\u00e9ter son effectif.","breadcrumb":{"@id":"https:\/\/dicodusport.fr\/blog\/betclic-elite-ray-mccallum-et-sadio-doucoure-au-chevet-de-nanterre\/#breadcrumb"},"inLanguage":"fr-FR","potentialAction":[{"@type":"ReadAction","target":["https:\/\/dicodusport.fr\/blog\/betclic-elite-ray-mccallum-et-sadio-doucoure-au-chevet-de-nanterre\/"]}]},{"@type":"ImageObject","inLanguage":"fr-FR","@id":"https:\/\/dicodusport.fr\/blog\/betclic-elite-ray-mccallum-et-sadio-doucoure-au-chevet-de-nanterre\/#primaryimage","url":"https:\/\/dicodusport.fr\/blog\/wp-content\/uploads\/2023\/01\/Betclic-Elite-Ray-McCallum-et-Sadio-Doucoure-au-chevet-de-Nanterre.png","contentUrl":"https:\/\/dicodusport.fr\/blog\/wp-content\/uploads\/2023\/01\/Betclic-Elite-Ray-McCallum-et-Sadio-Doucoure-au-chevet-de-Nanterre.png","width":800,"height":445,"caption":"Betclic \u00c9lite\u00a0 Ray McCallum et Sadio Doucour\u00e9 au chevet de Nanterre"},{"@type":"BreadcrumbList","@id":"https:\/\/dicodusport.fr\/blog\/betclic-elite-ray-mccallum-et-sadio-doucoure-au-chevet-de-nanterre\/#breadcrumb","itemListElement":[{"@type":"ListItem","position":1,"name":"Accueil","item":"https:\/\/dicodusport.fr\/blog\/"},{"@type":"ListItem","position":2,"name":"Betclic \u00c9lite\u00a0: Ray McCallum et Sadio Doucour\u00e9 au chevet de Nanterre"}]},{"@type":"WebSite","@id":"https:\/\/dicodusport.fr\/blog\/#website","url":"https:\/\/dicodusport.fr\/blog\/","name":"Dicodusport","description":"L&#039;encyclop\u00e9die de l&#039;actualit\u00e9 sportive","publisher":{"@id":"https:\/\/dicodusport.fr\/blog\/#organization"},"potentialAction":[{"@type":"SearchAction","target":{"@type":"EntryPoint","urlTemplate":"https:\/\/dicodusport.fr\/blog\/?s={search_term_string}"},"query-input":{"@type":"PropertyValueSpecification","valueRequired":true,"valueName":"search_term_string"}}],"inLanguage":"fr-FR"},{"@type":"NewsMediaOrganization","@id":"https:\/\/dicodusport.fr\/blog\/#organization","name":"Dicodusport","url":"https:\/\/dicodusport.fr\/blog\/","logo":{"@type":"ImageObject","inLanguage":"fr-FR","@id":"https:\/\/dicodusport.fr\/blog\/#\/schema\/logo\/image\/","url":"https:\/\/dicodusport.fr\/blog\/wp-content\/uploads\/2020\/06\/cropped-LOGO-DICODUSPORT-2020-SANS-FOND-SANS-TEXTE.png","contentUrl":"https:\/\/dicodusport.fr\/blog\/wp-content\/uploads\/2020\/06\/cropped-LOGO-DICODUSPORT-2020-SANS-FOND-SANS-TEXTE.png","width":512,"height":512,"caption":"Dicodusport"},"image":{"@id":"https:\/\/dicodusport.fr\/blog\/#\/schema\/logo\/image\/"},"sameAs":["https:\/\/www.facebook.com\/dicodusport","https:\/\/x.com\/dicodusport","https:\/\/www.instagram.com\/dicodusport\/","https:\/\/www.youtube.com\/channel\/UC7V2KZ5sd3htJivAbA4ZG3w"],"description":"Dicodusport est l'encyclop\u00e9die de l'actualit\u00e9 sportive.","email":"bonjour@dicodusport.fr","legalName":"DICODUSPORT","foundingDate":"2018-01-14","vatID":"FR71834470973","taxID":"83447097300043","numberOfEmployees":{"@type":"QuantitativeValue","minValue":"1","maxValue":"10"}},{"@type":"Person","@id":"https:\/\/dicodusport.fr\/blog\/#\/schema\/person\/37def232098a7a5cbab3974a3690abb0","name":"Maxime Cazenave","image":{"@type":"ImageObject","inLanguage":"fr-FR","@id":"https:\/\/dicodusport.fr\/blog\/#\/schema\/person\/image\/","url":"https:\/\/dicodusport.fr\/blog\/wp-content\/uploads\/2021\/05\/Maxime-Cazenave-150x150.jpg","contentUrl":"https:\/\/dicodusport.fr\/blog\/wp-content\/uploads\/2021\/05\/Maxime-Cazenave-150x150.jpg","caption":"Maxime Cazenave"},"description":"Journaliste\/R\u00e9dacteur depuis 2012 - Berc\u00e9 par l\u2019amour des Girondins de Bordeaux, les \u00e9checs de Christophe Moreau sur le Tour de France sous l'\u00e8re Lance Armstrong et le fade-away l\u00e9tal de Dirk Nowitzki, ma passion d\u00e9vorante pour le sport a toujours \u00e9t\u00e9 un pan incontournable de ma vie. Transmettre ma passion \u00e0 l\u2019\u00e9crit a \u00e9t\u00e9 une transition naturelle. Suiveur assidu de basket et de hockey sur glace, je garde toujours un peu de place pour suivre le cyclisme, le football et le maximum de performances fran\u00e7aises.","sameAs":["https:\/\/x.com\/https:\/\/twitter.com\/Maxime_Caze"],"url":"https:\/\/dicodusport.fr\/blog\/author\/maximec\/"}]}},"_links":{"self":[{"href":"https:\/\/dicodusport.fr\/blog\/wp-json\/wp\/v2\/posts\/345740","targetHints":{"allow":["GET"]}}],"collection":[{"href":"https:\/\/dicodusport.fr\/blog\/wp-json\/wp\/v2\/posts"}],"about":[{"href":"https:\/\/dicodusport.fr\/blog\/wp-json\/wp\/v2\/types\/post"}],"author":[{"embeddable":true,"href":"https:\/\/dicodusport.fr\/blog\/wp-json\/wp\/v2\/users\/55"}],"replies":[{"embeddable":true,"href":"https:\/\/dicodusport.fr\/blog\/wp-json\/wp\/v2\/comments?post=345740"}],"version-history":[{"count":0,"href":"https:\/\/dicodusport.fr\/blog\/wp-json\/wp\/v2\/posts\/345740\/revisions"}],"wp:featuredmedia":[{"embeddable":true,"href":"https:\/\/dicodusport.fr\/blog\/wp-json\/wp\/v2\/media\/345780"}],"wp:attachment":[{"href":"https:\/\/dicodusport.fr\/blog\/wp-json\/wp\/v2\/media?parent=345740"}],"wp:term":[{"taxonomy":"category","embeddable":true,"href":"https:\/\/dicodusport.fr\/blog\/wp-json\/wp\/v2\/categories?post=345740"},{"taxonomy":"post_tag","embeddable":true,"href":"https:\/\/dicodusport.fr\/blog\/wp-json\/wp\/v2\/tags?post=345740"}],"curies":[{"name":"wp","href":"https:\/\/api.w.org\/{rel}","templated":true}]}}