{"id":345752,"date":"2023-01-18T07:37:46","date_gmt":"2023-01-18T06:37:46","guid":{"rendered":"https:\/\/dicodusport.fr\/blog\/?p=345752&#038;preview=true&#038;preview_id=345752"},"modified":"2023-01-18T08:37:09","modified_gmt":"2023-01-18T07:37:09","slug":"open-daustralie-2023-rafael-nadal-sorti-des-le-deuxieme-tour","status":"publish","type":"post","link":"https:\/\/dicodusport.fr\/blog\/open-daustralie-2023-rafael-nadal-sorti-des-le-deuxieme-tour\/","title":{"rendered":"Open d&rsquo;Australie 2023 : Rafael Nadal sorti d\u00e8s le deuxi\u00e8me tour !"},"content":{"rendered":"<p style=\"text-align: justify;\" align=\"justify\"><em><strong>OPEN D&rsquo;AUSTRALIE HOMMES 2023 &#8211; Coup de tonnerre avec l&rsquo;\u00e9limination du tenant du titre. Rafael Nadal, visiblement diminu\u00e9 physiquement, a subi la loi de l&rsquo;Am\u00e9ricain Mackenzie McDonald en trois manches.<\/strong><\/em><\/p>\n<p style=\"text-align: justify;\" align=\"justify\">Le roi est tomb\u00e9. On ne savait pas quoi penser du d\u00e9but de saison de <strong>Rafael Nadal,<\/strong> l&rsquo;Espagnol a apport\u00e9 la r\u00e9ponse. En effet, contre un joueur en pleine ascension, <strong>Mackenzie McDonald,<\/strong> l&rsquo;Espagnol a \u00e9t\u00e9 domin\u00e9 en d\u00e9but de partie. Avant de visiblement subir une nouvelle blessure qui a n\u00e9cessit\u00e9 un temps mort m\u00e9dical. Le roi de la terre battue n&rsquo;avait alors plus que sa combativit\u00e9 \u00e0 opposer, mais ce n&rsquo;\u00e9tait pas assez pour aujourd&rsquo;hui. En trois manches et moins de deux heures trente, <strong>Rafael Nadal<\/strong> rend son tr\u00f4ne acquis de haute lutte l&rsquo;an dernier. De quoi craindre pour la suite de sa saison. <strong>McDonald,<\/strong> lui, remporte le plus grand succ\u00e8s de sa carri\u00e8re.<\/p>\n<blockquote class=\"twitter-tweet\">\n<p dir=\"ltr\" lang=\"fr\">\ud83d\udea8\ud83d\udea8 NADAL OUT \u274c\ufe0f<\/p>\n<p>Le tenant du titre est dehors ! Diminu\u00e9 en fin de match par une nouvelle blessure, Rafael Nadal s&rsquo;incline (6-4, 6-4, 7-5) face \u00e0 un tr\u00e8s bon Mackenzie McDonald au 2e tour de l&rsquo;Open d&rsquo;Australie.<\/p>\n<p>L&rsquo;Espagnol perd son titre et va quitter le TOP 5 ATP. \ud83c\uddea\ud83c\udde6 <a href=\"https:\/\/t.co\/hhlub2DRaS\">pic.twitter.com\/hhlub2DRaS<\/a><\/p>\n<p>\u2014 Univers Tennis \ud83c\udfbe (@UniversTennis) <a href=\"https:\/\/twitter.com\/UniversTennis\/status\/1615597451960020992?ref_src=twsrc%5Etfw\">January 18, 2023<\/a><\/p><\/blockquote>\n<p style=\"text-align: justify;\"><script async src=\"https:\/\/platform.twitter.com\/widgets.js\" charset=\"utf-8\"><\/script><\/p>\n<h2 style=\"text-align: justify;\">\u00c0 lire aussi<\/h2>\n<ul>\n<li style=\"text-align: justify;\"><a href=\"https:\/\/dicodusport.fr\/blog\/open-daustralie-2023-le-tableau-de-simple-hommes\/\"><strong>Le tableau de simple messieurs de l&rsquo;Open d&rsquo;Australie<\/strong><\/a><\/li>\n<\/ul>\n","protected":false},"excerpt":{"rendered":"<p>OPEN D&rsquo;AUSTRALIE HOMMES 2023 &#8211; Coup de tonnerre avec l&rsquo;\u00e9limination du tenant du titre. Rafael Nadal, visiblement diminu\u00e9 physiquement, a subi la loi de l&rsquo;Am\u00e9ricain Mackenzie McDonald en trois manches.<\/p>\n","protected":false},"author":59,"featured_media":345753,"comment_status":"open","ping_status":"closed","sticky":false,"template":"","format":"standard","meta":{"_acf_changed":false,"_daextam_enable_autolinks":"","footnotes":""},"categories":[47089],"tags":[3223,24],"class_list":["post-345752","post","type-post","status-publish","format-standard","has-post-thumbnail","hentry","category-open-d-australie","tag-rafael-nadal","tag-sport"],"acf":[],"yoast_head":"<!-- This site is optimized with the Yoast SEO Premium plugin v26.7 (Yoast SEO v26.7) - https:\/\/yoast.com\/wordpress\/plugins\/seo\/ -->\n<title>Open d&#039;Australie 2023 : Rafael Nadal sorti d\u00e8s le deuxi\u00e8me tour !<\/title>\n<meta name=\"description\" content=\"OPEN D&#039;AUSTRALIE HOMMES 2023 - Rafael Nadal, visiblement diminu\u00e9 physiquement, a subi la loi de l&#039;Am\u00e9ricain Mackenzie McDonald\" \/>\n<meta name=\"robots\" content=\"index, follow, max-snippet:-1, max-image-preview:large, max-video-preview:-1\" \/>\n<link rel=\"canonical\" href=\"https:\/\/dicodusport.fr\/blog\/open-daustralie-2023-rafael-nadal-sorti-des-le-deuxieme-tour\/\" \/>\n<meta property=\"og:locale\" content=\"fr_FR\" \/>\n<meta property=\"og:type\" content=\"article\" \/>\n<meta property=\"og:title\" content=\"Open d&#039;Australie 2023 : Rafael Nadal sorti d\u00e8s le deuxi\u00e8me tour !\" \/>\n<meta property=\"og:description\" content=\"OPEN D&#039;AUSTRALIE HOMMES 2023 - Rafael Nadal, visiblement diminu\u00e9 physiquement, a subi la loi de l&#039;Am\u00e9ricain Mackenzie McDonald\" \/>\n<meta property=\"og:url\" content=\"https:\/\/dicodusport.fr\/blog\/open-daustralie-2023-rafael-nadal-sorti-des-le-deuxieme-tour\/\" \/>\n<meta property=\"og:site_name\" content=\"Dicodusport\" \/>\n<meta property=\"article:publisher\" content=\"https:\/\/www.facebook.com\/dicodusport\" \/>\n<meta property=\"article:author\" content=\"https:\/\/www.facebook.com\/sebastien.gente\/\" \/>\n<meta property=\"article:published_time\" content=\"2023-01-18T06:37:46+00:00\" \/>\n<meta property=\"article:modified_time\" content=\"2023-01-18T07:37:09+00:00\" \/>\n<meta property=\"og:image\" content=\"https:\/\/dicodusport.fr\/blog\/wp-content\/uploads\/2023\/01\/Open-dAustralie-2023-Rafael-Nadal-sorti-des-le-deuxieme-tour-.png\" \/>\n\t<meta property=\"og:image:width\" content=\"800\" \/>\n\t<meta property=\"og:image:height\" content=\"445\" \/>\n\t<meta property=\"og:image:type\" content=\"image\/png\" \/>\n<meta name=\"author\" content=\"S\u00e9bastien Gente\" \/>\n<meta name=\"twitter:card\" content=\"summary_large_image\" \/>\n<meta name=\"twitter:title\" content=\"Open d&#039;Australie 2023 : Rafael Nadal sorti d\u00e8s le deuxi\u00e8me tour !\" \/>\n<meta name=\"twitter:creator\" content=\"@https:\/\/twitter.com\/globulo24\" \/>\n<meta name=\"twitter:site\" content=\"@dicodusport\" \/>\n<script type=\"application\/ld+json\" class=\"yoast-schema-graph\">{\"@context\":\"https:\/\/schema.org\",\"@graph\":[{\"@type\":\"NewsArticle\",\"@id\":\"https:\/\/dicodusport.fr\/blog\/open-daustralie-2023-rafael-nadal-sorti-des-le-deuxieme-tour\/#article\",\"isPartOf\":{\"@id\":\"https:\/\/dicodusport.fr\/blog\/open-daustralie-2023-rafael-nadal-sorti-des-le-deuxieme-tour\/\"},\"author\":{\"name\":\"S\u00e9bastien Gente\",\"@id\":\"https:\/\/dicodusport.fr\/blog\/#\/schema\/person\/627966a6cde45dbd8c5e36ac85d783da\"},\"headline\":\"Open d&rsquo;Australie 2023 : Rafael Nadal sorti d\u00e8s le deuxi\u00e8me tour !\",\"datePublished\":\"2023-01-18T06:37:46+00:00\",\"dateModified\":\"2023-01-18T07:37:09+00:00\",\"mainEntityOfPage\":{\"@id\":\"https:\/\/dicodusport.fr\/blog\/open-daustralie-2023-rafael-nadal-sorti-des-le-deuxieme-tour\/\"},\"wordCount\":243,\"commentCount\":0,\"publisher\":{\"@id\":\"https:\/\/dicodusport.fr\/blog\/#organization\"},\"image\":{\"@id\":\"https:\/\/dicodusport.fr\/blog\/open-daustralie-2023-rafael-nadal-sorti-des-le-deuxieme-tour\/#primaryimage\"},\"thumbnailUrl\":\"https:\/\/dicodusport.fr\/blog\/wp-content\/uploads\/2023\/01\/Open-dAustralie-2023-Rafael-Nadal-sorti-des-le-deuxieme-tour-.png\",\"keywords\":[\"Rafael Nadal\",\"sport\"],\"articleSection\":[\"Open d'Australie\"],\"inLanguage\":\"fr-FR\",\"potentialAction\":[{\"@type\":\"CommentAction\",\"name\":\"Comment\",\"target\":[\"https:\/\/dicodusport.fr\/blog\/open-daustralie-2023-rafael-nadal-sorti-des-le-deuxieme-tour\/#respond\"]}],\"copyrightYear\":\"2023\",\"copyrightHolder\":{\"@id\":\"https:\/\/dicodusport.fr\/blog\/#organization\"}},{\"@type\":\"WebPage\",\"@id\":\"https:\/\/dicodusport.fr\/blog\/open-daustralie-2023-rafael-nadal-sorti-des-le-deuxieme-tour\/\",\"url\":\"https:\/\/dicodusport.fr\/blog\/open-daustralie-2023-rafael-nadal-sorti-des-le-deuxieme-tour\/\",\"name\":\"Open d'Australie 2023 : Rafael Nadal sorti d\u00e8s le deuxi\u00e8me tour !\",\"isPartOf\":{\"@id\":\"https:\/\/dicodusport.fr\/blog\/#website\"},\"primaryImageOfPage\":{\"@id\":\"https:\/\/dicodusport.fr\/blog\/open-daustralie-2023-rafael-nadal-sorti-des-le-deuxieme-tour\/#primaryimage\"},\"image\":{\"@id\":\"https:\/\/dicodusport.fr\/blog\/open-daustralie-2023-rafael-nadal-sorti-des-le-deuxieme-tour\/#primaryimage\"},\"thumbnailUrl\":\"https:\/\/dicodusport.fr\/blog\/wp-content\/uploads\/2023\/01\/Open-dAustralie-2023-Rafael-Nadal-sorti-des-le-deuxieme-tour-.png\",\"datePublished\":\"2023-01-18T06:37:46+00:00\",\"dateModified\":\"2023-01-18T07:37:09+00:00\",\"description\":\"OPEN D'AUSTRALIE HOMMES 2023 - Rafael Nadal, visiblement diminu\u00e9 physiquement, a subi la loi de l'Am\u00e9ricain Mackenzie McDonald\",\"breadcrumb\":{\"@id\":\"https:\/\/dicodusport.fr\/blog\/open-daustralie-2023-rafael-nadal-sorti-des-le-deuxieme-tour\/#breadcrumb\"},\"inLanguage\":\"fr-FR\",\"potentialAction\":[{\"@type\":\"ReadAction\",\"target\":[\"https:\/\/dicodusport.fr\/blog\/open-daustralie-2023-rafael-nadal-sorti-des-le-deuxieme-tour\/\"]}]},{\"@type\":\"ImageObject\",\"inLanguage\":\"fr-FR\",\"@id\":\"https:\/\/dicodusport.fr\/blog\/open-daustralie-2023-rafael-nadal-sorti-des-le-deuxieme-tour\/#primaryimage\",\"url\":\"https:\/\/dicodusport.fr\/blog\/wp-content\/uploads\/2023\/01\/Open-dAustralie-2023-Rafael-Nadal-sorti-des-le-deuxieme-tour-.png\",\"contentUrl\":\"https:\/\/dicodusport.fr\/blog\/wp-content\/uploads\/2023\/01\/Open-dAustralie-2023-Rafael-Nadal-sorti-des-le-deuxieme-tour-.png\",\"width\":800,\"height\":445,\"caption\":\"Open d'Australie 2023 Rafael Nadal sorti d\u00e8s le deuxi\u00e8me tour !\"},{\"@type\":\"BreadcrumbList\",\"@id\":\"https:\/\/dicodusport.fr\/blog\/open-daustralie-2023-rafael-nadal-sorti-des-le-deuxieme-tour\/#breadcrumb\",\"itemListElement\":[{\"@type\":\"ListItem\",\"position\":1,\"name\":\"Accueil\",\"item\":\"https:\/\/dicodusport.fr\/blog\/\"},{\"@type\":\"ListItem\",\"position\":2,\"name\":\"Open d&rsquo;Australie 2023 : Rafael Nadal sorti d\u00e8s le deuxi\u00e8me tour !\"}]},{\"@type\":\"WebSite\",\"@id\":\"https:\/\/dicodusport.fr\/blog\/#website\",\"url\":\"https:\/\/dicodusport.fr\/blog\/\",\"name\":\"Dicodusport\",\"description\":\"L&#039;encyclop\u00e9die de l&#039;actualit\u00e9 sportive\",\"publisher\":{\"@id\":\"https:\/\/dicodusport.fr\/blog\/#organization\"},\"potentialAction\":[{\"@type\":\"SearchAction\",\"target\":{\"@type\":\"EntryPoint\",\"urlTemplate\":\"https:\/\/dicodusport.fr\/blog\/?s={search_term_string}\"},\"query-input\":{\"@type\":\"PropertyValueSpecification\",\"valueRequired\":true,\"valueName\":\"search_term_string\"}}],\"inLanguage\":\"fr-FR\"},{\"@type\":\"NewsMediaOrganization\",\"@id\":\"https:\/\/dicodusport.fr\/blog\/#organization\",\"name\":\"Dicodusport\",\"url\":\"https:\/\/dicodusport.fr\/blog\/\",\"logo\":{\"@type\":\"ImageObject\",\"inLanguage\":\"fr-FR\",\"@id\":\"https:\/\/dicodusport.fr\/blog\/#\/schema\/logo\/image\/\",\"url\":\"https:\/\/dicodusport.fr\/blog\/wp-content\/uploads\/2020\/06\/cropped-LOGO-DICODUSPORT-2020-SANS-FOND-SANS-TEXTE.png\",\"contentUrl\":\"https:\/\/dicodusport.fr\/blog\/wp-content\/uploads\/2020\/06\/cropped-LOGO-DICODUSPORT-2020-SANS-FOND-SANS-TEXTE.png\",\"width\":512,\"height\":512,\"caption\":\"Dicodusport\"},\"image\":{\"@id\":\"https:\/\/dicodusport.fr\/blog\/#\/schema\/logo\/image\/\"},\"sameAs\":[\"https:\/\/www.facebook.com\/dicodusport\",\"https:\/\/x.com\/dicodusport\",\"https:\/\/www.instagram.com\/dicodusport\/\",\"https:\/\/www.youtube.com\/channel\/UC7V2KZ5sd3htJivAbA4ZG3w\"],\"description\":\"Dicodusport est l'encyclop\u00e9die de l'actualit\u00e9 sportive.\",\"email\":\"bonjour@dicodusport.fr\",\"legalName\":\"DICODUSPORT\",\"foundingDate\":\"2018-01-14\",\"vatID\":\"FR71834470973\",\"taxID\":\"83447097300043\",\"numberOfEmployees\":{\"@type\":\"QuantitativeValue\",\"minValue\":\"1\",\"maxValue\":\"10\"}},{\"@type\":\"Person\",\"@id\":\"https:\/\/dicodusport.fr\/blog\/#\/schema\/person\/627966a6cde45dbd8c5e36ac85d783da\",\"name\":\"S\u00e9bastien Gente\",\"image\":{\"@type\":\"ImageObject\",\"inLanguage\":\"fr-FR\",\"@id\":\"https:\/\/dicodusport.fr\/blog\/#\/schema\/person\/image\/\",\"url\":\"https:\/\/dicodusport.fr\/blog\/wp-content\/uploads\/2021\/09\/1510990_10205810251400683_4124423575079401707_n-150x150.jpg\",\"contentUrl\":\"https:\/\/dicodusport.fr\/blog\/wp-content\/uploads\/2021\/09\/1510990_10205810251400683_4124423575079401707_n-150x150.jpg\",\"caption\":\"S\u00e9bastien Gente\"},\"description\":\"John Stockton, Gianni Bugno, Zinedine Zidane, Steffi Graf, Frode Andresen, St\u00e9phane Stoecklin, Davis Kamoga, Primoz Peterka, Werner Schlager et Aur\u00e9lien Rougerie. Point commun entre ces sportifs? Ils m'ont fait r\u00eaver et ont berc\u00e9 mon adolescence. Je suis un fondu de sports et j'essaie de retranscrire ma passion \u00e0 travers mes articles. Originaire du P\u00e9rigord, ma passion pour les Girondins, les Jaunards et les Jazzmen transpire dans mes \u00e9crits. \u00c0 Dicodusport depuis 2021, je d\u00e9niche les sports m\u00e9connus dans lesquels la France brille, et il y en a !\",\"sameAs\":[\"https:\/\/www.facebook.com\/sebastien.gente\/\",\"https:\/\/www.instagram.com\/sebgente\/\",\"https:\/\/www.linkedin.com\/in\/sbastien-gente-a29583169\/\",\"https:\/\/x.com\/https:\/\/twitter.com\/globulo24\",\"SebastienGente\"],\"worksFor\":\"S\u00e9bastien GENTE\",\"url\":\"https:\/\/dicodusport.fr\/blog\/author\/sebastiengente\/\"}]}<\/script>\n<!-- \/ Yoast SEO Premium plugin. -->","yoast_head_json":{"title":"Open d'Australie 2023 : Rafael Nadal sorti d\u00e8s le deuxi\u00e8me tour !","description":"OPEN D'AUSTRALIE HOMMES 2023 - Rafael Nadal, visiblement diminu\u00e9 physiquement, a subi la loi de l'Am\u00e9ricain Mackenzie McDonald","robots":{"index":"index","follow":"follow","max-snippet":"max-snippet:-1","max-image-preview":"max-image-preview:large","max-video-preview":"max-video-preview:-1"},"canonical":"https:\/\/dicodusport.fr\/blog\/open-daustralie-2023-rafael-nadal-sorti-des-le-deuxieme-tour\/","og_locale":"fr_FR","og_type":"article","og_title":"Open d'Australie 2023 : Rafael Nadal sorti d\u00e8s le deuxi\u00e8me tour !","og_description":"OPEN D'AUSTRALIE HOMMES 2023 - Rafael Nadal, visiblement diminu\u00e9 physiquement, a subi la loi de l'Am\u00e9ricain Mackenzie McDonald","og_url":"https:\/\/dicodusport.fr\/blog\/open-daustralie-2023-rafael-nadal-sorti-des-le-deuxieme-tour\/","og_site_name":"Dicodusport","article_publisher":"https:\/\/www.facebook.com\/dicodusport","article_author":"https:\/\/www.facebook.com\/sebastien.gente\/","article_published_time":"2023-01-18T06:37:46+00:00","article_modified_time":"2023-01-18T07:37:09+00:00","og_image":[{"width":800,"height":445,"url":"https:\/\/dicodusport.fr\/blog\/wp-content\/uploads\/2023\/01\/Open-dAustralie-2023-Rafael-Nadal-sorti-des-le-deuxieme-tour-.png","type":"image\/png"}],"author":"S\u00e9bastien Gente","twitter_card":"summary_large_image","twitter_title":"Open d'Australie 2023 : Rafael Nadal sorti d\u00e8s le deuxi\u00e8me tour !","twitter_creator":"@https:\/\/twitter.com\/globulo24","twitter_site":"@dicodusport","schema":{"@context":"https:\/\/schema.org","@graph":[{"@type":"NewsArticle","@id":"https:\/\/dicodusport.fr\/blog\/open-daustralie-2023-rafael-nadal-sorti-des-le-deuxieme-tour\/#article","isPartOf":{"@id":"https:\/\/dicodusport.fr\/blog\/open-daustralie-2023-rafael-nadal-sorti-des-le-deuxieme-tour\/"},"author":{"name":"S\u00e9bastien Gente","@id":"https:\/\/dicodusport.fr\/blog\/#\/schema\/person\/627966a6cde45dbd8c5e36ac85d783da"},"headline":"Open d&rsquo;Australie 2023 : Rafael Nadal sorti d\u00e8s le deuxi\u00e8me tour !","datePublished":"2023-01-18T06:37:46+00:00","dateModified":"2023-01-18T07:37:09+00:00","mainEntityOfPage":{"@id":"https:\/\/dicodusport.fr\/blog\/open-daustralie-2023-rafael-nadal-sorti-des-le-deuxieme-tour\/"},"wordCount":243,"commentCount":0,"publisher":{"@id":"https:\/\/dicodusport.fr\/blog\/#organization"},"image":{"@id":"https:\/\/dicodusport.fr\/blog\/open-daustralie-2023-rafael-nadal-sorti-des-le-deuxieme-tour\/#primaryimage"},"thumbnailUrl":"https:\/\/dicodusport.fr\/blog\/wp-content\/uploads\/2023\/01\/Open-dAustralie-2023-Rafael-Nadal-sorti-des-le-deuxieme-tour-.png","keywords":["Rafael Nadal","sport"],"articleSection":["Open d'Australie"],"inLanguage":"fr-FR","potentialAction":[{"@type":"CommentAction","name":"Comment","target":["https:\/\/dicodusport.fr\/blog\/open-daustralie-2023-rafael-nadal-sorti-des-le-deuxieme-tour\/#respond"]}],"copyrightYear":"2023","copyrightHolder":{"@id":"https:\/\/dicodusport.fr\/blog\/#organization"}},{"@type":"WebPage","@id":"https:\/\/dicodusport.fr\/blog\/open-daustralie-2023-rafael-nadal-sorti-des-le-deuxieme-tour\/","url":"https:\/\/dicodusport.fr\/blog\/open-daustralie-2023-rafael-nadal-sorti-des-le-deuxieme-tour\/","name":"Open d'Australie 2023 : Rafael Nadal sorti d\u00e8s le deuxi\u00e8me tour !","isPartOf":{"@id":"https:\/\/dicodusport.fr\/blog\/#website"},"primaryImageOfPage":{"@id":"https:\/\/dicodusport.fr\/blog\/open-daustralie-2023-rafael-nadal-sorti-des-le-deuxieme-tour\/#primaryimage"},"image":{"@id":"https:\/\/dicodusport.fr\/blog\/open-daustralie-2023-rafael-nadal-sorti-des-le-deuxieme-tour\/#primaryimage"},"thumbnailUrl":"https:\/\/dicodusport.fr\/blog\/wp-content\/uploads\/2023\/01\/Open-dAustralie-2023-Rafael-Nadal-sorti-des-le-deuxieme-tour-.png","datePublished":"2023-01-18T06:37:46+00:00","dateModified":"2023-01-18T07:37:09+00:00","description":"OPEN D'AUSTRALIE HOMMES 2023 - Rafael Nadal, visiblement diminu\u00e9 physiquement, a subi la loi de l'Am\u00e9ricain Mackenzie McDonald","breadcrumb":{"@id":"https:\/\/dicodusport.fr\/blog\/open-daustralie-2023-rafael-nadal-sorti-des-le-deuxieme-tour\/#breadcrumb"},"inLanguage":"fr-FR","potentialAction":[{"@type":"ReadAction","target":["https:\/\/dicodusport.fr\/blog\/open-daustralie-2023-rafael-nadal-sorti-des-le-deuxieme-tour\/"]}]},{"@type":"ImageObject","inLanguage":"fr-FR","@id":"https:\/\/dicodusport.fr\/blog\/open-daustralie-2023-rafael-nadal-sorti-des-le-deuxieme-tour\/#primaryimage","url":"https:\/\/dicodusport.fr\/blog\/wp-content\/uploads\/2023\/01\/Open-dAustralie-2023-Rafael-Nadal-sorti-des-le-deuxieme-tour-.png","contentUrl":"https:\/\/dicodusport.fr\/blog\/wp-content\/uploads\/2023\/01\/Open-dAustralie-2023-Rafael-Nadal-sorti-des-le-deuxieme-tour-.png","width":800,"height":445,"caption":"Open d'Australie 2023 Rafael Nadal sorti d\u00e8s le deuxi\u00e8me tour !"},{"@type":"BreadcrumbList","@id":"https:\/\/dicodusport.fr\/blog\/open-daustralie-2023-rafael-nadal-sorti-des-le-deuxieme-tour\/#breadcrumb","itemListElement":[{"@type":"ListItem","position":1,"name":"Accueil","item":"https:\/\/dicodusport.fr\/blog\/"},{"@type":"ListItem","position":2,"name":"Open d&rsquo;Australie 2023 : Rafael Nadal sorti d\u00e8s le deuxi\u00e8me tour !"}]},{"@type":"WebSite","@id":"https:\/\/dicodusport.fr\/blog\/#website","url":"https:\/\/dicodusport.fr\/blog\/","name":"Dicodusport","description":"L&#039;encyclop\u00e9die de l&#039;actualit\u00e9 sportive","publisher":{"@id":"https:\/\/dicodusport.fr\/blog\/#organization"},"potentialAction":[{"@type":"SearchAction","target":{"@type":"EntryPoint","urlTemplate":"https:\/\/dicodusport.fr\/blog\/?s={search_term_string}"},"query-input":{"@type":"PropertyValueSpecification","valueRequired":true,"valueName":"search_term_string"}}],"inLanguage":"fr-FR"},{"@type":"NewsMediaOrganization","@id":"https:\/\/dicodusport.fr\/blog\/#organization","name":"Dicodusport","url":"https:\/\/dicodusport.fr\/blog\/","logo":{"@type":"ImageObject","inLanguage":"fr-FR","@id":"https:\/\/dicodusport.fr\/blog\/#\/schema\/logo\/image\/","url":"https:\/\/dicodusport.fr\/blog\/wp-content\/uploads\/2020\/06\/cropped-LOGO-DICODUSPORT-2020-SANS-FOND-SANS-TEXTE.png","contentUrl":"https:\/\/dicodusport.fr\/blog\/wp-content\/uploads\/2020\/06\/cropped-LOGO-DICODUSPORT-2020-SANS-FOND-SANS-TEXTE.png","width":512,"height":512,"caption":"Dicodusport"},"image":{"@id":"https:\/\/dicodusport.fr\/blog\/#\/schema\/logo\/image\/"},"sameAs":["https:\/\/www.facebook.com\/dicodusport","https:\/\/x.com\/dicodusport","https:\/\/www.instagram.com\/dicodusport\/","https:\/\/www.youtube.com\/channel\/UC7V2KZ5sd3htJivAbA4ZG3w"],"description":"Dicodusport est l'encyclop\u00e9die de l'actualit\u00e9 sportive.","email":"bonjour@dicodusport.fr","legalName":"DICODUSPORT","foundingDate":"2018-01-14","vatID":"FR71834470973","taxID":"83447097300043","numberOfEmployees":{"@type":"QuantitativeValue","minValue":"1","maxValue":"10"}},{"@type":"Person","@id":"https:\/\/dicodusport.fr\/blog\/#\/schema\/person\/627966a6cde45dbd8c5e36ac85d783da","name":"S\u00e9bastien Gente","image":{"@type":"ImageObject","inLanguage":"fr-FR","@id":"https:\/\/dicodusport.fr\/blog\/#\/schema\/person\/image\/","url":"https:\/\/dicodusport.fr\/blog\/wp-content\/uploads\/2021\/09\/1510990_10205810251400683_4124423575079401707_n-150x150.jpg","contentUrl":"https:\/\/dicodusport.fr\/blog\/wp-content\/uploads\/2021\/09\/1510990_10205810251400683_4124423575079401707_n-150x150.jpg","caption":"S\u00e9bastien Gente"},"description":"John Stockton, Gianni Bugno, Zinedine Zidane, Steffi Graf, Frode Andresen, St\u00e9phane Stoecklin, Davis Kamoga, Primoz Peterka, Werner Schlager et Aur\u00e9lien Rougerie. Point commun entre ces sportifs? Ils m'ont fait r\u00eaver et ont berc\u00e9 mon adolescence. Je suis un fondu de sports et j'essaie de retranscrire ma passion \u00e0 travers mes articles. Originaire du P\u00e9rigord, ma passion pour les Girondins, les Jaunards et les Jazzmen transpire dans mes \u00e9crits. \u00c0 Dicodusport depuis 2021, je d\u00e9niche les sports m\u00e9connus dans lesquels la France brille, et il y en a !","sameAs":["https:\/\/www.facebook.com\/sebastien.gente\/","https:\/\/www.instagram.com\/sebgente\/","https:\/\/www.linkedin.com\/in\/sbastien-gente-a29583169\/","https:\/\/x.com\/https:\/\/twitter.com\/globulo24","SebastienGente"],"worksFor":"S\u00e9bastien GENTE","url":"https:\/\/dicodusport.fr\/blog\/author\/sebastiengente\/"}]}},"_links":{"self":[{"href":"https:\/\/dicodusport.fr\/blog\/wp-json\/wp\/v2\/posts\/345752","targetHints":{"allow":["GET"]}}],"collection":[{"href":"https:\/\/dicodusport.fr\/blog\/wp-json\/wp\/v2\/posts"}],"about":[{"href":"https:\/\/dicodusport.fr\/blog\/wp-json\/wp\/v2\/types\/post"}],"author":[{"embeddable":true,"href":"https:\/\/dicodusport.fr\/blog\/wp-json\/wp\/v2\/users\/59"}],"replies":[{"embeddable":true,"href":"https:\/\/dicodusport.fr\/blog\/wp-json\/wp\/v2\/comments?post=345752"}],"version-history":[{"count":0,"href":"https:\/\/dicodusport.fr\/blog\/wp-json\/wp\/v2\/posts\/345752\/revisions"}],"wp:featuredmedia":[{"embeddable":true,"href":"https:\/\/dicodusport.fr\/blog\/wp-json\/wp\/v2\/media\/345753"}],"wp:attachment":[{"href":"https:\/\/dicodusport.fr\/blog\/wp-json\/wp\/v2\/media?parent=345752"}],"wp:term":[{"taxonomy":"category","embeddable":true,"href":"https:\/\/dicodusport.fr\/blog\/wp-json\/wp\/v2\/categories?post=345752"},{"taxonomy":"post_tag","embeddable":true,"href":"https:\/\/dicodusport.fr\/blog\/wp-json\/wp\/v2\/tags?post=345752"}],"curies":[{"name":"wp","href":"https:\/\/api.w.org\/{rel}","templated":true}]}}