{"id":34585,"date":"2019-03-03T22:13:58","date_gmt":"2019-03-03T21:13:58","guid":{"rendered":"http:\/\/dicodusport.fr\/blog\/?p=34585"},"modified":"2019-03-05T05:46:30","modified_gmt":"2019-03-05T04:46:30","slug":"glasgow-2019-championnats-europe-athletisme-en-salle-quatre-nouvelles-medailles-pour-conclure","status":"publish","type":"post","link":"https:\/\/dicodusport.fr\/blog\/glasgow-2019-championnats-europe-athletisme-en-salle-quatre-nouvelles-medailles-pour-conclure\/","title":{"rendered":"Glasgow 2019 &#8211; Championnats d&rsquo;Europe d&rsquo;athl\u00e9tisme en salle : quatre nouvelles m\u00e9dailles pour conclure"},"content":{"rendered":"<p style=\"text-align: justify;\"><strong><em>La<\/em><em> France a remport\u00e9 quatre m\u00e9dailles lors de la derni\u00e8re soir\u00e9e des Championnats d&rsquo;Europe d&rsquo;athl\u00e9tisme en salle.<\/em><\/strong><\/p>\n<p style=\"text-align: justify;\"><span style=\"text-decoration: underline;\"><strong>60m haies H \u2013 Finale<\/strong><\/span><br \/>\nDeux nouvelles m\u00e9dailles fran\u00e7aises aux haies avec l&rsquo;argent de <strong>Pascal Martinot-Lagarde<\/strong> (7&Prime;61) et le bronze d&rsquo;<strong>Aurel Manga<\/strong> (7&Prime;63). <strong>Wilhem Belocian<\/strong> a termin\u00e9 \u00e0 la 7e place en 7&Prime;68.<\/p>\n<p style=\"text-align: justify;\"><span style=\"text-decoration: underline;\"><strong>800m F \u2013 Finale<\/strong><\/span><br \/>\n<strong>R\u00e9nelle Lamote<\/strong> a remport\u00e9 une nouvelle m\u00e9daille d&rsquo;argent europ\u00e9enne. Elle a fini derri\u00e8re Shelayna Oskan-Clarke en 2&rsquo;03&Prime;00.<\/p>\n<p style=\"text-align: justify;\"><span style=\"text-decoration: underline;\"><strong>4 X 400m H \u2013 Finale<\/strong><\/span><br \/>\nCela faisait longtemps que les athl\u00e8tes fran\u00e7ais n&rsquo;avaient pas d\u00e9croch\u00e9 une m\u00e9daille au relais 4X400 m ! Mame-Ibra Anne, Thomas Jordier, Nicolas Courbi\u00e8re et Fabrisio Saidy, finaliste en individuel, <a href=\"http:\/\/dicodusport.fr\/blog\/glasgow-2019-relais-4x400-m-hommes-france-bronze\/\" target=\"_blank\" rel=\"noopener\">ont d\u00e9croch\u00e9 le bronze<\/a>.<\/p>\n<p style=\"text-align: justify;\"><span style=\"text-decoration: underline;\"><strong>Perche F \u2013 Finale<\/strong><\/span><br \/>\nHabitu\u00e9e \u00e0 d\u00e9buter ses concours \u00e0 4m40, <strong>Ninon Guillon-Romarin<\/strong> a eu un coup de chaud, s&rsquo;y reprenant \u00e0 trois fois avant de franchir 4m45. Apr\u00e8s avoir pass\u00e9 4m55 (deuxi\u00e8me essai) et 4m65 (troisi\u00e8me essai), elle n&rsquo;est pas parvenu \u00e0 franchir 4m75. La mal\u00e9diction de la perche s&rsquo;est poursuivie : en effet, aucune athl\u00e8te n&rsquo;est parvenue \u00e0 conserver son titre en salle et Stefanidi n&rsquo;a pas fait exception \u00e0 la r\u00e8gle. La championne d&rsquo;Europe en titre \u00e9galement championne du monde et d&rsquo;Europe en plein air a but\u00e9 sur la barre \u00e0 4m75 apr\u00e8s \u00eatre pass\u00e9e \u00e0 4m65 \u00e0 son troisi\u00e8me essai. C&rsquo;est la Russe sou banni\u00e8re neutre <strong>Anzhilika Sidorova<\/strong> qui s&rsquo;est impos\u00e9e avec 4m85 devant la Britannique <strong>Holly Bradshaw<\/strong> (4m75) et l&rsquo;autre Grecque <strong>Nikoleta Kiriakopoulou <\/strong>(4m65).<\/p>\n<p style=\"text-align: justify;\"><span style=\"text-decoration: underline;\"><strong>1500m H \u2013 Finale<\/strong><\/span><br \/>\n<strong>Simon Denissel<\/strong> a termin\u00e9 \u00e0 la 5e place en 3&rsquo;45&Prime;50. Le Polonais <strong>Marcin Lewandowski<\/strong> a r\u00e9ussi son pari en s&rsquo;imposant en 3&rsquo;42&Prime;85 devant le champion du 3000 m, <strong>Jakob Ingebrigsten<\/strong>.<\/p>\n<p style=\"text-align: justify;\"><span style=\"text-decoration: underline;\"><strong>Triple saut H \u2013 Finale<\/strong><\/span><br \/>\nLongtemps troisi\u00e8me, <strong>Yoann Rapinier<\/strong> a finalement termin\u00e9 le concours \u00e0 la quatri\u00e8me place avec 16m72 \u00e0 son deuxi\u00e8me essai. Il a mordu ses deux derniers essais. Il a \u00e9t\u00e9 d\u00e9pass\u00e9 par l&rsquo;Allemand <strong>Max Hess<\/strong> qui a r\u00e9alis\u00e9 17m10 \u00e0 son cinqui\u00e8me essai. <strong>K\u00e9vin Luron<\/strong> quant \u00e0 lui a termin\u00e9 cinqui\u00e8me avec 16m63 r\u00e9alis\u00e9 lors de son premier essai.<br \/>\n<strong>Nelson Evora<\/strong> a abandonn\u00e9 son titre \u00e0 <strong>Nazim Babayev<\/strong>. L&rsquo;Az\u00e9ri de 21 ans a battu son record personnel avec 17m29. Evora quant \u00e0 lui remporte l&rsquo;argent avec 17m11.<\/p>\n<p><span style=\"text-decoration: underline;\"><strong>4 X 400m F \u2013 Finale<\/strong><\/span><br \/>\nLes Bleues D\u00e9borah Sananes, Amandine Brossier, Kalyl Amaro et Agn\u00e8s Raharolahy ont termin\u00e9 au pied du podium en 3&rsquo;32&Prime;12. D\u00e9borah Sananes a bien lanc\u00e9 les siennes se pla\u00e7ant en 2e position derri\u00e8re la Pologne. Amandine Brossier a pass\u00e9 le t\u00e9moin en 4e position, place qu&rsquo;elles n&rsquo;ont plus quitt\u00e9. En derni\u00e8re position, Agn\u00e8s Raharolahy a bien tent\u00e9 de refaire son retard mais elle a fini la course \u00e0 un peu \u00e0 moins de 2 m de l&rsquo;Italienne Marta Milani. La Pologne, grande favorite, a fait la course en t\u00eate et s&rsquo;est naturellement impos\u00e9e devant la Grande-Bretagne et l&rsquo;Italie.<\/p>\n<p><strong>La jeune \u00e9quipe de France, priv\u00e9e de quelques cadres, termine donc ces championnats avec un bilan moyen de 5 m\u00e9dailles (Sol\u00e8ne Ndama a obtenu le bronze vendredi soir au pentathlon). C&rsquo;est mieux que les 3 m\u00e9dailles de 2017 mais cette ann\u00e9e-l\u00e0, Kevin Mayer et Floria Gue\u00ef avaient remport\u00e9 l&rsquo;or.<\/strong><\/p>\n<p><em><strong>Arlette<\/strong><\/em><br \/>\n<a href=\"http:\/\/twitter.com\/Shiclette94\"><img loading=\"lazy\" decoding=\"async\" class=\"alignnone size-full wp-image-2908\" src=\"http:\/\/dicodusport.fr\/blog\/wp-content\/uploads\/2017\/07\/logo-twitter-e1516110106986.png\" alt=\"\" width=\"39\" height=\"39\" \/><\/a><\/p>\n","protected":false},"excerpt":{"rendered":"<p>La France a remport\u00e9 quatre m\u00e9dailles lors de la derni\u00e8re soir\u00e9e des Championnats d&rsquo;Europe d&rsquo;athl\u00e9tisme en salle.<\/p>\n","protected":false},"author":12,"featured_media":34575,"comment_status":"open","ping_status":"closed","sticky":false,"template":"","format":"standard","meta":{"_acf_changed":false,"_daextam_enable_autolinks":"","footnotes":""},"categories":[2,2308],"tags":[7383,7359,5497],"class_list":["post-34585","post","type-post","status-publish","format-standard","has-post-thumbnail","hentry","category-actualites","category-athletisme","tag-athletisme-indoor","tag-championnats-deurope-dathletisme-en-salle","tag-glasgow"],"acf":[],"yoast_head":"<!-- This site is optimized with the Yoast SEO Premium plugin v26.7 (Yoast SEO v26.7) - https:\/\/yoast.com\/wordpress\/plugins\/seo\/ -->\n<title>Glasgow 2019 - Championnats d&#039;Europe d&#039;athl\u00e9tisme en salle : quatre nouvelles m\u00e9dailles pour conclure<\/title>\n<meta name=\"description\" content=\"La France a remport\u00e9 quatre m\u00e9dailles lors de la derni\u00e8re soir\u00e9e des Championnats d&#039;Europe d&#039;athl\u00e9tisme en salle.\" \/>\n<meta name=\"robots\" content=\"index, follow, max-snippet:-1, max-image-preview:large, max-video-preview:-1\" \/>\n<link rel=\"canonical\" href=\"https:\/\/dicodusport.fr\/blog\/glasgow-2019-championnats-europe-athletisme-en-salle-quatre-nouvelles-medailles-pour-conclure\/\" \/>\n<meta property=\"og:locale\" content=\"fr_FR\" \/>\n<meta property=\"og:type\" content=\"article\" \/>\n<meta property=\"og:title\" content=\"Glasgow 2019 - Championnats d&#039;Europe d&#039;athl\u00e9tisme en salle : quatre nouvelles m\u00e9dailles pour conclure\" \/>\n<meta property=\"og:description\" content=\"La France a remport\u00e9 quatre m\u00e9dailles lors de la derni\u00e8re soir\u00e9e des Championnats d&#039;Europe d&#039;athl\u00e9tisme en salle.\" \/>\n<meta property=\"og:url\" content=\"https:\/\/dicodusport.fr\/blog\/glasgow-2019-championnats-europe-athletisme-en-salle-quatre-nouvelles-medailles-pour-conclure\/\" \/>\n<meta property=\"og:site_name\" content=\"Dicodusport\" \/>\n<meta property=\"article:publisher\" content=\"https:\/\/www.facebook.com\/dicodusport\" \/>\n<meta property=\"article:published_time\" content=\"2019-03-03T21:13:58+00:00\" \/>\n<meta property=\"article:modified_time\" content=\"2019-03-05T04:46:30+00:00\" \/>\n<meta property=\"og:image\" content=\"https:\/\/dicodusport.fr\/blog\/wp-content\/uploads\/2019\/03\/Sans-titre9.png\" \/>\n\t<meta property=\"og:image:width\" content=\"800\" \/>\n\t<meta property=\"og:image:height\" content=\"445\" \/>\n\t<meta property=\"og:image:type\" content=\"image\/png\" \/>\n<meta name=\"author\" content=\"Arlette Yeye\" \/>\n<meta name=\"twitter:card\" content=\"summary_large_image\" \/>\n<meta name=\"twitter:creator\" content=\"@https:\/\/twitter.com\/Shiclette94\" \/>\n<meta name=\"twitter:site\" content=\"@dicodusport\" \/>\n<script type=\"application\/ld+json\" class=\"yoast-schema-graph\">{\"@context\":\"https:\/\/schema.org\",\"@graph\":[{\"@type\":\"NewsArticle\",\"@id\":\"https:\/\/dicodusport.fr\/blog\/glasgow-2019-championnats-europe-athletisme-en-salle-quatre-nouvelles-medailles-pour-conclure\/#article\",\"isPartOf\":{\"@id\":\"https:\/\/dicodusport.fr\/blog\/glasgow-2019-championnats-europe-athletisme-en-salle-quatre-nouvelles-medailles-pour-conclure\/\"},\"author\":{\"name\":\"Arlette Yeye\",\"@id\":\"https:\/\/dicodusport.fr\/blog\/#\/schema\/person\/cce96fa88785bd8573e3d43078ac8c79\"},\"headline\":\"Glasgow 2019 &#8211; Championnats d&rsquo;Europe d&rsquo;athl\u00e9tisme en salle : quatre nouvelles m\u00e9dailles pour conclure\",\"datePublished\":\"2019-03-03T21:13:58+00:00\",\"dateModified\":\"2019-03-05T04:46:30+00:00\",\"mainEntityOfPage\":{\"@id\":\"https:\/\/dicodusport.fr\/blog\/glasgow-2019-championnats-europe-athletisme-en-salle-quatre-nouvelles-medailles-pour-conclure\/\"},\"wordCount\":572,\"commentCount\":0,\"publisher\":{\"@id\":\"https:\/\/dicodusport.fr\/blog\/#organization\"},\"image\":{\"@id\":\"https:\/\/dicodusport.fr\/blog\/glasgow-2019-championnats-europe-athletisme-en-salle-quatre-nouvelles-medailles-pour-conclure\/#primaryimage\"},\"thumbnailUrl\":\"https:\/\/dicodusport.fr\/blog\/wp-content\/uploads\/2019\/03\/Sans-titre9.png\",\"keywords\":[\"athl\u00e9tisme indoor\",\"Championnats d'Europe d'athl\u00e9tisme en salle\",\"Glasgow\"],\"articleSection\":[\"Actualit\u00e9s\",\"Athl\u00e9tisme\"],\"inLanguage\":\"fr-FR\",\"potentialAction\":[{\"@type\":\"CommentAction\",\"name\":\"Comment\",\"target\":[\"https:\/\/dicodusport.fr\/blog\/glasgow-2019-championnats-europe-athletisme-en-salle-quatre-nouvelles-medailles-pour-conclure\/#respond\"]}],\"copyrightYear\":\"2019\",\"copyrightHolder\":{\"@id\":\"https:\/\/dicodusport.fr\/blog\/#organization\"}},{\"@type\":\"WebPage\",\"@id\":\"https:\/\/dicodusport.fr\/blog\/glasgow-2019-championnats-europe-athletisme-en-salle-quatre-nouvelles-medailles-pour-conclure\/\",\"url\":\"https:\/\/dicodusport.fr\/blog\/glasgow-2019-championnats-europe-athletisme-en-salle-quatre-nouvelles-medailles-pour-conclure\/\",\"name\":\"Glasgow 2019 - Championnats d'Europe d'athl\u00e9tisme en salle : quatre nouvelles m\u00e9dailles pour conclure\",\"isPartOf\":{\"@id\":\"https:\/\/dicodusport.fr\/blog\/#website\"},\"primaryImageOfPage\":{\"@id\":\"https:\/\/dicodusport.fr\/blog\/glasgow-2019-championnats-europe-athletisme-en-salle-quatre-nouvelles-medailles-pour-conclure\/#primaryimage\"},\"image\":{\"@id\":\"https:\/\/dicodusport.fr\/blog\/glasgow-2019-championnats-europe-athletisme-en-salle-quatre-nouvelles-medailles-pour-conclure\/#primaryimage\"},\"thumbnailUrl\":\"https:\/\/dicodusport.fr\/blog\/wp-content\/uploads\/2019\/03\/Sans-titre9.png\",\"datePublished\":\"2019-03-03T21:13:58+00:00\",\"dateModified\":\"2019-03-05T04:46:30+00:00\",\"description\":\"La France a remport\u00e9 quatre m\u00e9dailles lors de la derni\u00e8re soir\u00e9e des Championnats d'Europe d'athl\u00e9tisme en salle.\",\"breadcrumb\":{\"@id\":\"https:\/\/dicodusport.fr\/blog\/glasgow-2019-championnats-europe-athletisme-en-salle-quatre-nouvelles-medailles-pour-conclure\/#breadcrumb\"},\"inLanguage\":\"fr-FR\",\"potentialAction\":[{\"@type\":\"ReadAction\",\"target\":[\"https:\/\/dicodusport.fr\/blog\/glasgow-2019-championnats-europe-athletisme-en-salle-quatre-nouvelles-medailles-pour-conclure\/\"]}]},{\"@type\":\"ImageObject\",\"inLanguage\":\"fr-FR\",\"@id\":\"https:\/\/dicodusport.fr\/blog\/glasgow-2019-championnats-europe-athletisme-en-salle-quatre-nouvelles-medailles-pour-conclure\/#primaryimage\",\"url\":\"https:\/\/dicodusport.fr\/blog\/wp-content\/uploads\/2019\/03\/Sans-titre9.png\",\"contentUrl\":\"https:\/\/dicodusport.fr\/blog\/wp-content\/uploads\/2019\/03\/Sans-titre9.png\",\"width\":800,\"height\":445},{\"@type\":\"BreadcrumbList\",\"@id\":\"https:\/\/dicodusport.fr\/blog\/glasgow-2019-championnats-europe-athletisme-en-salle-quatre-nouvelles-medailles-pour-conclure\/#breadcrumb\",\"itemListElement\":[{\"@type\":\"ListItem\",\"position\":1,\"name\":\"Accueil\",\"item\":\"https:\/\/dicodusport.fr\/blog\/\"},{\"@type\":\"ListItem\",\"position\":2,\"name\":\"Glasgow 2019 &#8211; Championnats d&rsquo;Europe d&rsquo;athl\u00e9tisme en salle : quatre nouvelles m\u00e9dailles pour conclure\"}]},{\"@type\":\"WebSite\",\"@id\":\"https:\/\/dicodusport.fr\/blog\/#website\",\"url\":\"https:\/\/dicodusport.fr\/blog\/\",\"name\":\"Dicodusport\",\"description\":\"L&#039;encyclop\u00e9die de l&#039;actualit\u00e9 sportive\",\"publisher\":{\"@id\":\"https:\/\/dicodusport.fr\/blog\/#organization\"},\"potentialAction\":[{\"@type\":\"SearchAction\",\"target\":{\"@type\":\"EntryPoint\",\"urlTemplate\":\"https:\/\/dicodusport.fr\/blog\/?s={search_term_string}\"},\"query-input\":{\"@type\":\"PropertyValueSpecification\",\"valueRequired\":true,\"valueName\":\"search_term_string\"}}],\"inLanguage\":\"fr-FR\"},{\"@type\":\"NewsMediaOrganization\",\"@id\":\"https:\/\/dicodusport.fr\/blog\/#organization\",\"name\":\"Dicodusport\",\"url\":\"https:\/\/dicodusport.fr\/blog\/\",\"logo\":{\"@type\":\"ImageObject\",\"inLanguage\":\"fr-FR\",\"@id\":\"https:\/\/dicodusport.fr\/blog\/#\/schema\/logo\/image\/\",\"url\":\"https:\/\/dicodusport.fr\/blog\/wp-content\/uploads\/2020\/06\/cropped-LOGO-DICODUSPORT-2020-SANS-FOND-SANS-TEXTE.png\",\"contentUrl\":\"https:\/\/dicodusport.fr\/blog\/wp-content\/uploads\/2020\/06\/cropped-LOGO-DICODUSPORT-2020-SANS-FOND-SANS-TEXTE.png\",\"width\":512,\"height\":512,\"caption\":\"Dicodusport\"},\"image\":{\"@id\":\"https:\/\/dicodusport.fr\/blog\/#\/schema\/logo\/image\/\"},\"sameAs\":[\"https:\/\/www.facebook.com\/dicodusport\",\"https:\/\/x.com\/dicodusport\",\"https:\/\/www.instagram.com\/dicodusport\/\",\"https:\/\/www.youtube.com\/channel\/UC7V2KZ5sd3htJivAbA4ZG3w\"],\"description\":\"Dicodusport est l'encyclop\u00e9die de l'actualit\u00e9 sportive.\",\"email\":\"bonjour@dicodusport.fr\",\"legalName\":\"DICODUSPORT\",\"foundingDate\":\"2018-01-14\",\"vatID\":\"FR71834470973\",\"taxID\":\"83447097300043\",\"numberOfEmployees\":{\"@type\":\"QuantitativeValue\",\"minValue\":\"1\",\"maxValue\":\"10\"}},{\"@type\":\"Person\",\"@id\":\"https:\/\/dicodusport.fr\/blog\/#\/schema\/person\/cce96fa88785bd8573e3d43078ac8c79\",\"name\":\"Arlette Yeye\",\"image\":{\"@type\":\"ImageObject\",\"inLanguage\":\"fr-FR\",\"@id\":\"https:\/\/dicodusport.fr\/blog\/#\/schema\/person\/image\/\",\"url\":\"https:\/\/secure.gravatar.com\/avatar\/dca4a6239e6d708e46c45d60e160de6c?s=96&d=wp_user_avatar&r=g\",\"contentUrl\":\"https:\/\/secure.gravatar.com\/avatar\/dca4a6239e6d708e46c45d60e160de6c?s=96&d=wp_user_avatar&r=g\",\"caption\":\"Arlette Yeye\"},\"description\":\"Journaliste\/r\u00e9dactrice depuis septembre 2015 - Supportrice de Chelsea, j'ai pour sports de pr\u00e9dilection le handball, l'athl\u00e9tisme et le tennis. Si je tweete plus vite que mon ombre, vous pouvez aussi me retrouver les week-ends sur les playgrounds de Bruxelles pour un petit foot ou basket entre potes. Parcourir la France, l'Europe et plus si affinit\u00e9s pour suivre mes sportifs pr\u00e9f\u00e9r\u00e9s ? Mon kif ! Et c'est avec plaisir que je partage les r\u00e9sultats des sports populaires mais \u00e9galement plus confidentiels pour Dicodusport.\",\"sameAs\":[\"https:\/\/x.com\/https:\/\/twitter.com\/Shiclette94\"],\"url\":\"https:\/\/dicodusport.fr\/blog\/author\/arlette\/\"}]}<\/script>\n<!-- \/ Yoast SEO Premium plugin. -->","yoast_head_json":{"title":"Glasgow 2019 - Championnats d'Europe d'athl\u00e9tisme en salle : quatre nouvelles m\u00e9dailles pour conclure","description":"La France a remport\u00e9 quatre m\u00e9dailles lors de la derni\u00e8re soir\u00e9e des Championnats d'Europe d'athl\u00e9tisme en salle.","robots":{"index":"index","follow":"follow","max-snippet":"max-snippet:-1","max-image-preview":"max-image-preview:large","max-video-preview":"max-video-preview:-1"},"canonical":"https:\/\/dicodusport.fr\/blog\/glasgow-2019-championnats-europe-athletisme-en-salle-quatre-nouvelles-medailles-pour-conclure\/","og_locale":"fr_FR","og_type":"article","og_title":"Glasgow 2019 - Championnats d'Europe d'athl\u00e9tisme en salle : quatre nouvelles m\u00e9dailles pour conclure","og_description":"La France a remport\u00e9 quatre m\u00e9dailles lors de la derni\u00e8re soir\u00e9e des Championnats d'Europe d'athl\u00e9tisme en salle.","og_url":"https:\/\/dicodusport.fr\/blog\/glasgow-2019-championnats-europe-athletisme-en-salle-quatre-nouvelles-medailles-pour-conclure\/","og_site_name":"Dicodusport","article_publisher":"https:\/\/www.facebook.com\/dicodusport","article_published_time":"2019-03-03T21:13:58+00:00","article_modified_time":"2019-03-05T04:46:30+00:00","og_image":[{"width":800,"height":445,"url":"https:\/\/dicodusport.fr\/blog\/wp-content\/uploads\/2019\/03\/Sans-titre9.png","type":"image\/png"}],"author":"Arlette Yeye","twitter_card":"summary_large_image","twitter_creator":"@https:\/\/twitter.com\/Shiclette94","twitter_site":"@dicodusport","schema":{"@context":"https:\/\/schema.org","@graph":[{"@type":"NewsArticle","@id":"https:\/\/dicodusport.fr\/blog\/glasgow-2019-championnats-europe-athletisme-en-salle-quatre-nouvelles-medailles-pour-conclure\/#article","isPartOf":{"@id":"https:\/\/dicodusport.fr\/blog\/glasgow-2019-championnats-europe-athletisme-en-salle-quatre-nouvelles-medailles-pour-conclure\/"},"author":{"name":"Arlette Yeye","@id":"https:\/\/dicodusport.fr\/blog\/#\/schema\/person\/cce96fa88785bd8573e3d43078ac8c79"},"headline":"Glasgow 2019 &#8211; Championnats d&rsquo;Europe d&rsquo;athl\u00e9tisme en salle : quatre nouvelles m\u00e9dailles pour conclure","datePublished":"2019-03-03T21:13:58+00:00","dateModified":"2019-03-05T04:46:30+00:00","mainEntityOfPage":{"@id":"https:\/\/dicodusport.fr\/blog\/glasgow-2019-championnats-europe-athletisme-en-salle-quatre-nouvelles-medailles-pour-conclure\/"},"wordCount":572,"commentCount":0,"publisher":{"@id":"https:\/\/dicodusport.fr\/blog\/#organization"},"image":{"@id":"https:\/\/dicodusport.fr\/blog\/glasgow-2019-championnats-europe-athletisme-en-salle-quatre-nouvelles-medailles-pour-conclure\/#primaryimage"},"thumbnailUrl":"https:\/\/dicodusport.fr\/blog\/wp-content\/uploads\/2019\/03\/Sans-titre9.png","keywords":["athl\u00e9tisme indoor","Championnats d'Europe d'athl\u00e9tisme en salle","Glasgow"],"articleSection":["Actualit\u00e9s","Athl\u00e9tisme"],"inLanguage":"fr-FR","potentialAction":[{"@type":"CommentAction","name":"Comment","target":["https:\/\/dicodusport.fr\/blog\/glasgow-2019-championnats-europe-athletisme-en-salle-quatre-nouvelles-medailles-pour-conclure\/#respond"]}],"copyrightYear":"2019","copyrightHolder":{"@id":"https:\/\/dicodusport.fr\/blog\/#organization"}},{"@type":"WebPage","@id":"https:\/\/dicodusport.fr\/blog\/glasgow-2019-championnats-europe-athletisme-en-salle-quatre-nouvelles-medailles-pour-conclure\/","url":"https:\/\/dicodusport.fr\/blog\/glasgow-2019-championnats-europe-athletisme-en-salle-quatre-nouvelles-medailles-pour-conclure\/","name":"Glasgow 2019 - Championnats d'Europe d'athl\u00e9tisme en salle : quatre nouvelles m\u00e9dailles pour conclure","isPartOf":{"@id":"https:\/\/dicodusport.fr\/blog\/#website"},"primaryImageOfPage":{"@id":"https:\/\/dicodusport.fr\/blog\/glasgow-2019-championnats-europe-athletisme-en-salle-quatre-nouvelles-medailles-pour-conclure\/#primaryimage"},"image":{"@id":"https:\/\/dicodusport.fr\/blog\/glasgow-2019-championnats-europe-athletisme-en-salle-quatre-nouvelles-medailles-pour-conclure\/#primaryimage"},"thumbnailUrl":"https:\/\/dicodusport.fr\/blog\/wp-content\/uploads\/2019\/03\/Sans-titre9.png","datePublished":"2019-03-03T21:13:58+00:00","dateModified":"2019-03-05T04:46:30+00:00","description":"La France a remport\u00e9 quatre m\u00e9dailles lors de la derni\u00e8re soir\u00e9e des Championnats d'Europe d'athl\u00e9tisme en salle.","breadcrumb":{"@id":"https:\/\/dicodusport.fr\/blog\/glasgow-2019-championnats-europe-athletisme-en-salle-quatre-nouvelles-medailles-pour-conclure\/#breadcrumb"},"inLanguage":"fr-FR","potentialAction":[{"@type":"ReadAction","target":["https:\/\/dicodusport.fr\/blog\/glasgow-2019-championnats-europe-athletisme-en-salle-quatre-nouvelles-medailles-pour-conclure\/"]}]},{"@type":"ImageObject","inLanguage":"fr-FR","@id":"https:\/\/dicodusport.fr\/blog\/glasgow-2019-championnats-europe-athletisme-en-salle-quatre-nouvelles-medailles-pour-conclure\/#primaryimage","url":"https:\/\/dicodusport.fr\/blog\/wp-content\/uploads\/2019\/03\/Sans-titre9.png","contentUrl":"https:\/\/dicodusport.fr\/blog\/wp-content\/uploads\/2019\/03\/Sans-titre9.png","width":800,"height":445},{"@type":"BreadcrumbList","@id":"https:\/\/dicodusport.fr\/blog\/glasgow-2019-championnats-europe-athletisme-en-salle-quatre-nouvelles-medailles-pour-conclure\/#breadcrumb","itemListElement":[{"@type":"ListItem","position":1,"name":"Accueil","item":"https:\/\/dicodusport.fr\/blog\/"},{"@type":"ListItem","position":2,"name":"Glasgow 2019 &#8211; Championnats d&rsquo;Europe d&rsquo;athl\u00e9tisme en salle : quatre nouvelles m\u00e9dailles pour conclure"}]},{"@type":"WebSite","@id":"https:\/\/dicodusport.fr\/blog\/#website","url":"https:\/\/dicodusport.fr\/blog\/","name":"Dicodusport","description":"L&#039;encyclop\u00e9die de l&#039;actualit\u00e9 sportive","publisher":{"@id":"https:\/\/dicodusport.fr\/blog\/#organization"},"potentialAction":[{"@type":"SearchAction","target":{"@type":"EntryPoint","urlTemplate":"https:\/\/dicodusport.fr\/blog\/?s={search_term_string}"},"query-input":{"@type":"PropertyValueSpecification","valueRequired":true,"valueName":"search_term_string"}}],"inLanguage":"fr-FR"},{"@type":"NewsMediaOrganization","@id":"https:\/\/dicodusport.fr\/blog\/#organization","name":"Dicodusport","url":"https:\/\/dicodusport.fr\/blog\/","logo":{"@type":"ImageObject","inLanguage":"fr-FR","@id":"https:\/\/dicodusport.fr\/blog\/#\/schema\/logo\/image\/","url":"https:\/\/dicodusport.fr\/blog\/wp-content\/uploads\/2020\/06\/cropped-LOGO-DICODUSPORT-2020-SANS-FOND-SANS-TEXTE.png","contentUrl":"https:\/\/dicodusport.fr\/blog\/wp-content\/uploads\/2020\/06\/cropped-LOGO-DICODUSPORT-2020-SANS-FOND-SANS-TEXTE.png","width":512,"height":512,"caption":"Dicodusport"},"image":{"@id":"https:\/\/dicodusport.fr\/blog\/#\/schema\/logo\/image\/"},"sameAs":["https:\/\/www.facebook.com\/dicodusport","https:\/\/x.com\/dicodusport","https:\/\/www.instagram.com\/dicodusport\/","https:\/\/www.youtube.com\/channel\/UC7V2KZ5sd3htJivAbA4ZG3w"],"description":"Dicodusport est l'encyclop\u00e9die de l'actualit\u00e9 sportive.","email":"bonjour@dicodusport.fr","legalName":"DICODUSPORT","foundingDate":"2018-01-14","vatID":"FR71834470973","taxID":"83447097300043","numberOfEmployees":{"@type":"QuantitativeValue","minValue":"1","maxValue":"10"}},{"@type":"Person","@id":"https:\/\/dicodusport.fr\/blog\/#\/schema\/person\/cce96fa88785bd8573e3d43078ac8c79","name":"Arlette Yeye","image":{"@type":"ImageObject","inLanguage":"fr-FR","@id":"https:\/\/dicodusport.fr\/blog\/#\/schema\/person\/image\/","url":"https:\/\/secure.gravatar.com\/avatar\/dca4a6239e6d708e46c45d60e160de6c?s=96&d=wp_user_avatar&r=g","contentUrl":"https:\/\/secure.gravatar.com\/avatar\/dca4a6239e6d708e46c45d60e160de6c?s=96&d=wp_user_avatar&r=g","caption":"Arlette Yeye"},"description":"Journaliste\/r\u00e9dactrice depuis septembre 2015 - Supportrice de Chelsea, j'ai pour sports de pr\u00e9dilection le handball, l'athl\u00e9tisme et le tennis. Si je tweete plus vite que mon ombre, vous pouvez aussi me retrouver les week-ends sur les playgrounds de Bruxelles pour un petit foot ou basket entre potes. Parcourir la France, l'Europe et plus si affinit\u00e9s pour suivre mes sportifs pr\u00e9f\u00e9r\u00e9s ? Mon kif ! Et c'est avec plaisir que je partage les r\u00e9sultats des sports populaires mais \u00e9galement plus confidentiels pour Dicodusport.","sameAs":["https:\/\/x.com\/https:\/\/twitter.com\/Shiclette94"],"url":"https:\/\/dicodusport.fr\/blog\/author\/arlette\/"}]}},"_links":{"self":[{"href":"https:\/\/dicodusport.fr\/blog\/wp-json\/wp\/v2\/posts\/34585","targetHints":{"allow":["GET"]}}],"collection":[{"href":"https:\/\/dicodusport.fr\/blog\/wp-json\/wp\/v2\/posts"}],"about":[{"href":"https:\/\/dicodusport.fr\/blog\/wp-json\/wp\/v2\/types\/post"}],"author":[{"embeddable":true,"href":"https:\/\/dicodusport.fr\/blog\/wp-json\/wp\/v2\/users\/12"}],"replies":[{"embeddable":true,"href":"https:\/\/dicodusport.fr\/blog\/wp-json\/wp\/v2\/comments?post=34585"}],"version-history":[{"count":0,"href":"https:\/\/dicodusport.fr\/blog\/wp-json\/wp\/v2\/posts\/34585\/revisions"}],"wp:featuredmedia":[{"embeddable":true,"href":"https:\/\/dicodusport.fr\/blog\/wp-json\/wp\/v2\/media\/34575"}],"wp:attachment":[{"href":"https:\/\/dicodusport.fr\/blog\/wp-json\/wp\/v2\/media?parent=34585"}],"wp:term":[{"taxonomy":"category","embeddable":true,"href":"https:\/\/dicodusport.fr\/blog\/wp-json\/wp\/v2\/categories?post=34585"},{"taxonomy":"post_tag","embeddable":true,"href":"https:\/\/dicodusport.fr\/blog\/wp-json\/wp\/v2\/tags?post=34585"}],"curies":[{"name":"wp","href":"https:\/\/api.w.org\/{rel}","templated":true}]}}