{"id":345917,"date":"2023-01-18T17:24:26","date_gmt":"2023-01-18T16:24:26","guid":{"rendered":"https:\/\/dicodusport.fr\/blog\/?p=345917&#038;preview=true&#038;preview_id=345917"},"modified":"2023-01-18T18:00:24","modified_gmt":"2023-01-18T17:00:24","slug":"mercato-castres-va-signer-deux-joueurs-de-pro-d2","status":"publish","type":"post","link":"https:\/\/dicodusport.fr\/blog\/mercato-castres-va-signer-deux-joueurs-de-pro-d2\/","title":{"rendered":"Mercato : Castres va signer deux joueurs de Pro D2"},"content":{"rendered":"<p align=\"justify\"><em><strong>TOP 14 2022-2023 &#8211; Selon La D\u00e9p\u00eache, Castres a act\u00e9 les signatures de Yann Peysson (Colomiers) et Nathana\u00ebl Hulleu (Vannes) pour la saison prochaine.\u00a0<\/strong><\/em><\/p>\n<p align=\"justify\">Form\u00e9 \u00e0 Colomiers, <strong>Yann<\/strong> <strong>Peysson<\/strong> a franchi toutes les \u00e9tapes avec son club jusqu&rsquo;\u00e0 devenir un des meilleurs troisi\u00e8mes lignes centres de <strong>Pro D2<\/strong>. \u00c0 seulement 22 ans, il compte d\u00e9j\u00e0 25 feuilles de match chez les professionnels, dont pr\u00e8s de la moiti\u00e9 cette saison. International U20 \u00e0 deux reprises, <strong>Yann<\/strong> <strong>Peysson<\/strong> va s&rsquo;engager avec le <strong>Castres<\/strong> <strong>Olympique<\/strong> pour les trois prochaines saisons. Un bon coup pour la formation de <strong>Top<\/strong> <strong>14<\/strong> qui continue, ann\u00e9e apr\u00e8s ann\u00e9e, sa politique de recrutement en <strong>Pro D2<\/strong>.<\/p>\n<p align=\"justify\">Comme annonc\u00e9 depuis quelques semaines, <strong>Nathana\u00ebl<\/strong> <strong>Hulleu<\/strong> va aussi rejoindre le CO la saison prochaine. Lui aussi international U20, il avait rejoint l&rsquo;<strong>UBB<\/strong> en 2020 sans vraiment parvenir \u00e0 se faire une place dans la rotation de <strong>Christophe<\/strong> <strong>Urios<\/strong>. Pr\u00eat\u00e9 \u00e0 Vannes cette saison, il encha\u00eene les grosses performances avec d\u00e9j\u00e0 sept essais en 17 apparitions. <strong>Nathana\u00ebl<\/strong> <strong>Hulleu<\/strong> \u00a0retrouvera le Top 14 avec le <strong>Castres<\/strong> <strong>Olympique<\/strong> la saison prochaine, mais la dur\u00e9e de son futur contrat n&rsquo;a pas encore filtr\u00e9.<\/p>\n<blockquote class=\"twitter-tweet\">\n<p dir=\"ltr\" lang=\"fr\">Rugby &#8211; Transferts : Yann Peysson et Nathana\u00ebl Hulleu rejoindraient le Castres Olympique la saison prochaine <a href=\"https:\/\/t.co\/mhZDzMd8Vt\">https:\/\/t.co\/mhZDzMd8Vt<\/a><\/p>\n<p>\u2014 La D\u00e9p\u00eache Tarn (@ladepeche81) <a href=\"https:\/\/twitter.com\/ladepeche81\/status\/1615418540785373185?ref_src=twsrc%5Etfw\">January 17, 2023<\/a><\/p><\/blockquote>\n<p><script async src=\"https:\/\/platform.twitter.com\/widgets.js\" charset=\"utf-8\"><\/script><\/p>\n","protected":false},"excerpt":{"rendered":"<p>TOP 14 2022-2023 &#8211; Selon La D\u00e9p\u00eache, Castres a act\u00e9 les signatures de Yann Peysson et Nathana\u00ebl Hulleu pour la saison prochaine.\u00a0<\/p>\n","protected":false},"author":1,"featured_media":345921,"comment_status":"open","ping_status":"closed","sticky":false,"template":"","format":"standard","meta":{"_acf_changed":false,"_daextam_enable_autolinks":"","footnotes":""},"categories":[9129,47050],"tags":[3077,6714,111],"class_list":["post-345917","post","type-post","status-publish","format-standard","has-post-thumbnail","hentry","category-rugby-a-xv","category-top-14","tag-castres","tag-nathanael-hulleu","tag-top-14"],"acf":[],"yoast_head":"<!-- This site is optimized with the Yoast SEO Premium plugin v26.7 (Yoast SEO v26.7) - https:\/\/yoast.com\/wordpress\/plugins\/seo\/ -->\n<title>Mercato : Castres va signer deux joueurs de Pro D2<\/title>\n<meta name=\"description\" content=\"TOP 14 2022-2023 - Selon La D\u00e9p\u00eache, Castres a act\u00e9 les signatures de Yann Peysson et Nathana\u00ebl Hulleu pour la saison prochaine.\u00a0\" \/>\n<meta name=\"robots\" content=\"index, follow, max-snippet:-1, max-image-preview:large, max-video-preview:-1\" \/>\n<link rel=\"canonical\" href=\"https:\/\/dicodusport.fr\/blog\/mercato-castres-va-signer-deux-joueurs-de-pro-d2\/\" \/>\n<meta property=\"og:locale\" content=\"fr_FR\" \/>\n<meta property=\"og:type\" content=\"article\" \/>\n<meta property=\"og:title\" content=\"Mercato : Castres va signer deux joueurs de Pro D2\" \/>\n<meta property=\"og:description\" content=\"TOP 14 2022-2023 - Selon La D\u00e9p\u00eache, Castres a act\u00e9 les signatures de Yann Peysson et Nathana\u00ebl Hulleu pour la saison prochaine.\u00a0\" \/>\n<meta property=\"og:url\" content=\"https:\/\/dicodusport.fr\/blog\/mercato-castres-va-signer-deux-joueurs-de-pro-d2\/\" \/>\n<meta property=\"og:site_name\" content=\"Dicodusport\" \/>\n<meta property=\"article:publisher\" content=\"https:\/\/www.facebook.com\/dicodusport\" \/>\n<meta property=\"article:author\" content=\"https:\/\/www.facebook.com\/dicodusport\" \/>\n<meta property=\"article:published_time\" content=\"2023-01-18T16:24:26+00:00\" \/>\n<meta property=\"article:modified_time\" content=\"2023-01-18T17:00:24+00:00\" \/>\n<meta property=\"og:image\" content=\"https:\/\/dicodusport.fr\/blog\/wp-content\/uploads\/2023\/01\/Mercato-Castres-va-signer-deux-joueurs-de-Pro-D2.png\" \/>\n\t<meta property=\"og:image:width\" content=\"800\" \/>\n\t<meta property=\"og:image:height\" content=\"445\" \/>\n\t<meta property=\"og:image:type\" content=\"image\/png\" \/>\n<meta name=\"author\" content=\"Nicolas Jacquemard\" \/>\n<meta name=\"twitter:card\" content=\"summary_large_image\" \/>\n<meta name=\"twitter:title\" content=\"Mercato : Castres va signer deux joueurs de Pro D2\" \/>\n<meta name=\"twitter:creator\" content=\"@https:\/\/twitter.com\/Nico_Jacquemard\" \/>\n<meta name=\"twitter:site\" content=\"@dicodusport\" \/>\n<script type=\"application\/ld+json\" class=\"yoast-schema-graph\">{\"@context\":\"https:\/\/schema.org\",\"@graph\":[{\"@type\":\"NewsArticle\",\"@id\":\"https:\/\/dicodusport.fr\/blog\/mercato-castres-va-signer-deux-joueurs-de-pro-d2\/#article\",\"isPartOf\":{\"@id\":\"https:\/\/dicodusport.fr\/blog\/mercato-castres-va-signer-deux-joueurs-de-pro-d2\/\"},\"author\":{\"name\":\"Nicolas Jacquemard\",\"@id\":\"https:\/\/dicodusport.fr\/blog\/#\/schema\/person\/55dcb50ad410894e431ed812bbb70191\"},\"headline\":\"Mercato : Castres va signer deux joueurs de Pro D2\",\"datePublished\":\"2023-01-18T16:24:26+00:00\",\"dateModified\":\"2023-01-18T17:00:24+00:00\",\"mainEntityOfPage\":{\"@id\":\"https:\/\/dicodusport.fr\/blog\/mercato-castres-va-signer-deux-joueurs-de-pro-d2\/\"},\"wordCount\":231,\"commentCount\":0,\"publisher\":{\"@id\":\"https:\/\/dicodusport.fr\/blog\/#organization\"},\"image\":{\"@id\":\"https:\/\/dicodusport.fr\/blog\/mercato-castres-va-signer-deux-joueurs-de-pro-d2\/#primaryimage\"},\"thumbnailUrl\":\"https:\/\/dicodusport.fr\/blog\/wp-content\/uploads\/2023\/01\/Mercato-Castres-va-signer-deux-joueurs-de-Pro-D2.png\",\"keywords\":[\"Castres\",\"Nathanael Hulleu\",\"Top 14\"],\"articleSection\":[\"Rugby \u00e0 XV\",\"Top 14\"],\"inLanguage\":\"fr-FR\",\"potentialAction\":[{\"@type\":\"CommentAction\",\"name\":\"Comment\",\"target\":[\"https:\/\/dicodusport.fr\/blog\/mercato-castres-va-signer-deux-joueurs-de-pro-d2\/#respond\"]}],\"copyrightYear\":\"2023\",\"copyrightHolder\":{\"@id\":\"https:\/\/dicodusport.fr\/blog\/#organization\"}},{\"@type\":\"WebPage\",\"@id\":\"https:\/\/dicodusport.fr\/blog\/mercato-castres-va-signer-deux-joueurs-de-pro-d2\/\",\"url\":\"https:\/\/dicodusport.fr\/blog\/mercato-castres-va-signer-deux-joueurs-de-pro-d2\/\",\"name\":\"Mercato : Castres va signer deux joueurs de Pro D2\",\"isPartOf\":{\"@id\":\"https:\/\/dicodusport.fr\/blog\/#website\"},\"primaryImageOfPage\":{\"@id\":\"https:\/\/dicodusport.fr\/blog\/mercato-castres-va-signer-deux-joueurs-de-pro-d2\/#primaryimage\"},\"image\":{\"@id\":\"https:\/\/dicodusport.fr\/blog\/mercato-castres-va-signer-deux-joueurs-de-pro-d2\/#primaryimage\"},\"thumbnailUrl\":\"https:\/\/dicodusport.fr\/blog\/wp-content\/uploads\/2023\/01\/Mercato-Castres-va-signer-deux-joueurs-de-Pro-D2.png\",\"datePublished\":\"2023-01-18T16:24:26+00:00\",\"dateModified\":\"2023-01-18T17:00:24+00:00\",\"description\":\"TOP 14 2022-2023 - Selon La D\u00e9p\u00eache, Castres a act\u00e9 les signatures de Yann Peysson et Nathana\u00ebl Hulleu pour la saison prochaine.\u00a0\",\"breadcrumb\":{\"@id\":\"https:\/\/dicodusport.fr\/blog\/mercato-castres-va-signer-deux-joueurs-de-pro-d2\/#breadcrumb\"},\"inLanguage\":\"fr-FR\",\"potentialAction\":[{\"@type\":\"ReadAction\",\"target\":[\"https:\/\/dicodusport.fr\/blog\/mercato-castres-va-signer-deux-joueurs-de-pro-d2\/\"]}]},{\"@type\":\"ImageObject\",\"inLanguage\":\"fr-FR\",\"@id\":\"https:\/\/dicodusport.fr\/blog\/mercato-castres-va-signer-deux-joueurs-de-pro-d2\/#primaryimage\",\"url\":\"https:\/\/dicodusport.fr\/blog\/wp-content\/uploads\/2023\/01\/Mercato-Castres-va-signer-deux-joueurs-de-Pro-D2.png\",\"contentUrl\":\"https:\/\/dicodusport.fr\/blog\/wp-content\/uploads\/2023\/01\/Mercato-Castres-va-signer-deux-joueurs-de-Pro-D2.png\",\"width\":800,\"height\":445},{\"@type\":\"BreadcrumbList\",\"@id\":\"https:\/\/dicodusport.fr\/blog\/mercato-castres-va-signer-deux-joueurs-de-pro-d2\/#breadcrumb\",\"itemListElement\":[{\"@type\":\"ListItem\",\"position\":1,\"name\":\"Accueil\",\"item\":\"https:\/\/dicodusport.fr\/blog\/\"},{\"@type\":\"ListItem\",\"position\":2,\"name\":\"Mercato : Castres va signer deux joueurs de Pro D2\"}]},{\"@type\":\"WebSite\",\"@id\":\"https:\/\/dicodusport.fr\/blog\/#website\",\"url\":\"https:\/\/dicodusport.fr\/blog\/\",\"name\":\"Dicodusport\",\"description\":\"L&#039;encyclop\u00e9die de l&#039;actualit\u00e9 sportive\",\"publisher\":{\"@id\":\"https:\/\/dicodusport.fr\/blog\/#organization\"},\"potentialAction\":[{\"@type\":\"SearchAction\",\"target\":{\"@type\":\"EntryPoint\",\"urlTemplate\":\"https:\/\/dicodusport.fr\/blog\/?s={search_term_string}\"},\"query-input\":{\"@type\":\"PropertyValueSpecification\",\"valueRequired\":true,\"valueName\":\"search_term_string\"}}],\"inLanguage\":\"fr-FR\"},{\"@type\":\"NewsMediaOrganization\",\"@id\":\"https:\/\/dicodusport.fr\/blog\/#organization\",\"name\":\"Dicodusport\",\"url\":\"https:\/\/dicodusport.fr\/blog\/\",\"logo\":{\"@type\":\"ImageObject\",\"inLanguage\":\"fr-FR\",\"@id\":\"https:\/\/dicodusport.fr\/blog\/#\/schema\/logo\/image\/\",\"url\":\"https:\/\/dicodusport.fr\/blog\/wp-content\/uploads\/2020\/06\/cropped-LOGO-DICODUSPORT-2020-SANS-FOND-SANS-TEXTE.png\",\"contentUrl\":\"https:\/\/dicodusport.fr\/blog\/wp-content\/uploads\/2020\/06\/cropped-LOGO-DICODUSPORT-2020-SANS-FOND-SANS-TEXTE.png\",\"width\":512,\"height\":512,\"caption\":\"Dicodusport\"},\"image\":{\"@id\":\"https:\/\/dicodusport.fr\/blog\/#\/schema\/logo\/image\/\"},\"sameAs\":[\"https:\/\/www.facebook.com\/dicodusport\",\"https:\/\/x.com\/dicodusport\",\"https:\/\/www.instagram.com\/dicodusport\/\",\"https:\/\/www.youtube.com\/channel\/UC7V2KZ5sd3htJivAbA4ZG3w\"],\"description\":\"Dicodusport est l'encyclop\u00e9die de l'actualit\u00e9 sportive.\",\"email\":\"bonjour@dicodusport.fr\",\"legalName\":\"DICODUSPORT\",\"foundingDate\":\"2018-01-14\",\"vatID\":\"FR71834470973\",\"taxID\":\"83447097300043\",\"numberOfEmployees\":{\"@type\":\"QuantitativeValue\",\"minValue\":\"1\",\"maxValue\":\"10\"}},{\"@type\":\"Person\",\"@id\":\"https:\/\/dicodusport.fr\/blog\/#\/schema\/person\/55dcb50ad410894e431ed812bbb70191\",\"name\":\"Nicolas Jacquemard\",\"image\":{\"@type\":\"ImageObject\",\"inLanguage\":\"fr-FR\",\"@id\":\"https:\/\/dicodusport.fr\/blog\/#\/schema\/person\/image\/\",\"url\":\"https:\/\/dicodusport.fr\/blog\/wp-content\/uploads\/2021\/05\/Nicolas-Jacquemard-150x150.jpeg\",\"contentUrl\":\"https:\/\/dicodusport.fr\/blog\/wp-content\/uploads\/2021\/05\/Nicolas-Jacquemard-150x150.jpeg\",\"caption\":\"Nicolas Jacquemard\"},\"description\":\"Passionn\u00e9 de sport et entrepreneur depuis mes 18 ans, la cr\u00e9ation de Dicodusport m'a sembl\u00e9 \u00e9vidente pour participer \u00e0 la m\u00e9diatisation d'un plus grand nombre de sports. Le chemin est long mais avec une \u00e9quipe des plus motiv\u00e9es et les Jeux Olympiques de Paris 2024 en point de mire, nous y arriverons ! Journaliste dans le monde du sport depuis plus de 5 ans, je traite aussi bien de football, de rugby, de biathlon que de cyclisme.\",\"sameAs\":[\"https:\/\/www.facebook.com\/dicodusport\",\"https:\/\/x.com\/https:\/\/twitter.com\/Nico_Jacquemard\"],\"url\":\"https:\/\/dicodusport.fr\/blog\/author\/dicodusport\/\"}]}<\/script>\n<!-- \/ Yoast SEO Premium plugin. -->","yoast_head_json":{"title":"Mercato : Castres va signer deux joueurs de Pro D2","description":"TOP 14 2022-2023 - Selon La D\u00e9p\u00eache, Castres a act\u00e9 les signatures de Yann Peysson et Nathana\u00ebl Hulleu pour la saison prochaine.\u00a0","robots":{"index":"index","follow":"follow","max-snippet":"max-snippet:-1","max-image-preview":"max-image-preview:large","max-video-preview":"max-video-preview:-1"},"canonical":"https:\/\/dicodusport.fr\/blog\/mercato-castres-va-signer-deux-joueurs-de-pro-d2\/","og_locale":"fr_FR","og_type":"article","og_title":"Mercato : Castres va signer deux joueurs de Pro D2","og_description":"TOP 14 2022-2023 - Selon La D\u00e9p\u00eache, Castres a act\u00e9 les signatures de Yann Peysson et Nathana\u00ebl Hulleu pour la saison prochaine.\u00a0","og_url":"https:\/\/dicodusport.fr\/blog\/mercato-castres-va-signer-deux-joueurs-de-pro-d2\/","og_site_name":"Dicodusport","article_publisher":"https:\/\/www.facebook.com\/dicodusport","article_author":"https:\/\/www.facebook.com\/dicodusport","article_published_time":"2023-01-18T16:24:26+00:00","article_modified_time":"2023-01-18T17:00:24+00:00","og_image":[{"width":800,"height":445,"url":"https:\/\/dicodusport.fr\/blog\/wp-content\/uploads\/2023\/01\/Mercato-Castres-va-signer-deux-joueurs-de-Pro-D2.png","type":"image\/png"}],"author":"Nicolas Jacquemard","twitter_card":"summary_large_image","twitter_title":"Mercato : Castres va signer deux joueurs de Pro D2","twitter_creator":"@https:\/\/twitter.com\/Nico_Jacquemard","twitter_site":"@dicodusport","schema":{"@context":"https:\/\/schema.org","@graph":[{"@type":"NewsArticle","@id":"https:\/\/dicodusport.fr\/blog\/mercato-castres-va-signer-deux-joueurs-de-pro-d2\/#article","isPartOf":{"@id":"https:\/\/dicodusport.fr\/blog\/mercato-castres-va-signer-deux-joueurs-de-pro-d2\/"},"author":{"name":"Nicolas Jacquemard","@id":"https:\/\/dicodusport.fr\/blog\/#\/schema\/person\/55dcb50ad410894e431ed812bbb70191"},"headline":"Mercato : Castres va signer deux joueurs de Pro D2","datePublished":"2023-01-18T16:24:26+00:00","dateModified":"2023-01-18T17:00:24+00:00","mainEntityOfPage":{"@id":"https:\/\/dicodusport.fr\/blog\/mercato-castres-va-signer-deux-joueurs-de-pro-d2\/"},"wordCount":231,"commentCount":0,"publisher":{"@id":"https:\/\/dicodusport.fr\/blog\/#organization"},"image":{"@id":"https:\/\/dicodusport.fr\/blog\/mercato-castres-va-signer-deux-joueurs-de-pro-d2\/#primaryimage"},"thumbnailUrl":"https:\/\/dicodusport.fr\/blog\/wp-content\/uploads\/2023\/01\/Mercato-Castres-va-signer-deux-joueurs-de-Pro-D2.png","keywords":["Castres","Nathanael Hulleu","Top 14"],"articleSection":["Rugby \u00e0 XV","Top 14"],"inLanguage":"fr-FR","potentialAction":[{"@type":"CommentAction","name":"Comment","target":["https:\/\/dicodusport.fr\/blog\/mercato-castres-va-signer-deux-joueurs-de-pro-d2\/#respond"]}],"copyrightYear":"2023","copyrightHolder":{"@id":"https:\/\/dicodusport.fr\/blog\/#organization"}},{"@type":"WebPage","@id":"https:\/\/dicodusport.fr\/blog\/mercato-castres-va-signer-deux-joueurs-de-pro-d2\/","url":"https:\/\/dicodusport.fr\/blog\/mercato-castres-va-signer-deux-joueurs-de-pro-d2\/","name":"Mercato : Castres va signer deux joueurs de Pro D2","isPartOf":{"@id":"https:\/\/dicodusport.fr\/blog\/#website"},"primaryImageOfPage":{"@id":"https:\/\/dicodusport.fr\/blog\/mercato-castres-va-signer-deux-joueurs-de-pro-d2\/#primaryimage"},"image":{"@id":"https:\/\/dicodusport.fr\/blog\/mercato-castres-va-signer-deux-joueurs-de-pro-d2\/#primaryimage"},"thumbnailUrl":"https:\/\/dicodusport.fr\/blog\/wp-content\/uploads\/2023\/01\/Mercato-Castres-va-signer-deux-joueurs-de-Pro-D2.png","datePublished":"2023-01-18T16:24:26+00:00","dateModified":"2023-01-18T17:00:24+00:00","description":"TOP 14 2022-2023 - Selon La D\u00e9p\u00eache, Castres a act\u00e9 les signatures de Yann Peysson et Nathana\u00ebl Hulleu pour la saison prochaine.\u00a0","breadcrumb":{"@id":"https:\/\/dicodusport.fr\/blog\/mercato-castres-va-signer-deux-joueurs-de-pro-d2\/#breadcrumb"},"inLanguage":"fr-FR","potentialAction":[{"@type":"ReadAction","target":["https:\/\/dicodusport.fr\/blog\/mercato-castres-va-signer-deux-joueurs-de-pro-d2\/"]}]},{"@type":"ImageObject","inLanguage":"fr-FR","@id":"https:\/\/dicodusport.fr\/blog\/mercato-castres-va-signer-deux-joueurs-de-pro-d2\/#primaryimage","url":"https:\/\/dicodusport.fr\/blog\/wp-content\/uploads\/2023\/01\/Mercato-Castres-va-signer-deux-joueurs-de-Pro-D2.png","contentUrl":"https:\/\/dicodusport.fr\/blog\/wp-content\/uploads\/2023\/01\/Mercato-Castres-va-signer-deux-joueurs-de-Pro-D2.png","width":800,"height":445},{"@type":"BreadcrumbList","@id":"https:\/\/dicodusport.fr\/blog\/mercato-castres-va-signer-deux-joueurs-de-pro-d2\/#breadcrumb","itemListElement":[{"@type":"ListItem","position":1,"name":"Accueil","item":"https:\/\/dicodusport.fr\/blog\/"},{"@type":"ListItem","position":2,"name":"Mercato : Castres va signer deux joueurs de Pro D2"}]},{"@type":"WebSite","@id":"https:\/\/dicodusport.fr\/blog\/#website","url":"https:\/\/dicodusport.fr\/blog\/","name":"Dicodusport","description":"L&#039;encyclop\u00e9die de l&#039;actualit\u00e9 sportive","publisher":{"@id":"https:\/\/dicodusport.fr\/blog\/#organization"},"potentialAction":[{"@type":"SearchAction","target":{"@type":"EntryPoint","urlTemplate":"https:\/\/dicodusport.fr\/blog\/?s={search_term_string}"},"query-input":{"@type":"PropertyValueSpecification","valueRequired":true,"valueName":"search_term_string"}}],"inLanguage":"fr-FR"},{"@type":"NewsMediaOrganization","@id":"https:\/\/dicodusport.fr\/blog\/#organization","name":"Dicodusport","url":"https:\/\/dicodusport.fr\/blog\/","logo":{"@type":"ImageObject","inLanguage":"fr-FR","@id":"https:\/\/dicodusport.fr\/blog\/#\/schema\/logo\/image\/","url":"https:\/\/dicodusport.fr\/blog\/wp-content\/uploads\/2020\/06\/cropped-LOGO-DICODUSPORT-2020-SANS-FOND-SANS-TEXTE.png","contentUrl":"https:\/\/dicodusport.fr\/blog\/wp-content\/uploads\/2020\/06\/cropped-LOGO-DICODUSPORT-2020-SANS-FOND-SANS-TEXTE.png","width":512,"height":512,"caption":"Dicodusport"},"image":{"@id":"https:\/\/dicodusport.fr\/blog\/#\/schema\/logo\/image\/"},"sameAs":["https:\/\/www.facebook.com\/dicodusport","https:\/\/x.com\/dicodusport","https:\/\/www.instagram.com\/dicodusport\/","https:\/\/www.youtube.com\/channel\/UC7V2KZ5sd3htJivAbA4ZG3w"],"description":"Dicodusport est l'encyclop\u00e9die de l'actualit\u00e9 sportive.","email":"bonjour@dicodusport.fr","legalName":"DICODUSPORT","foundingDate":"2018-01-14","vatID":"FR71834470973","taxID":"83447097300043","numberOfEmployees":{"@type":"QuantitativeValue","minValue":"1","maxValue":"10"}},{"@type":"Person","@id":"https:\/\/dicodusport.fr\/blog\/#\/schema\/person\/55dcb50ad410894e431ed812bbb70191","name":"Nicolas Jacquemard","image":{"@type":"ImageObject","inLanguage":"fr-FR","@id":"https:\/\/dicodusport.fr\/blog\/#\/schema\/person\/image\/","url":"https:\/\/dicodusport.fr\/blog\/wp-content\/uploads\/2021\/05\/Nicolas-Jacquemard-150x150.jpeg","contentUrl":"https:\/\/dicodusport.fr\/blog\/wp-content\/uploads\/2021\/05\/Nicolas-Jacquemard-150x150.jpeg","caption":"Nicolas Jacquemard"},"description":"Passionn\u00e9 de sport et entrepreneur depuis mes 18 ans, la cr\u00e9ation de Dicodusport m'a sembl\u00e9 \u00e9vidente pour participer \u00e0 la m\u00e9diatisation d'un plus grand nombre de sports. Le chemin est long mais avec une \u00e9quipe des plus motiv\u00e9es et les Jeux Olympiques de Paris 2024 en point de mire, nous y arriverons ! Journaliste dans le monde du sport depuis plus de 5 ans, je traite aussi bien de football, de rugby, de biathlon que de cyclisme.","sameAs":["https:\/\/www.facebook.com\/dicodusport","https:\/\/x.com\/https:\/\/twitter.com\/Nico_Jacquemard"],"url":"https:\/\/dicodusport.fr\/blog\/author\/dicodusport\/"}]}},"_links":{"self":[{"href":"https:\/\/dicodusport.fr\/blog\/wp-json\/wp\/v2\/posts\/345917","targetHints":{"allow":["GET"]}}],"collection":[{"href":"https:\/\/dicodusport.fr\/blog\/wp-json\/wp\/v2\/posts"}],"about":[{"href":"https:\/\/dicodusport.fr\/blog\/wp-json\/wp\/v2\/types\/post"}],"author":[{"embeddable":true,"href":"https:\/\/dicodusport.fr\/blog\/wp-json\/wp\/v2\/users\/1"}],"replies":[{"embeddable":true,"href":"https:\/\/dicodusport.fr\/blog\/wp-json\/wp\/v2\/comments?post=345917"}],"version-history":[{"count":0,"href":"https:\/\/dicodusport.fr\/blog\/wp-json\/wp\/v2\/posts\/345917\/revisions"}],"wp:featuredmedia":[{"embeddable":true,"href":"https:\/\/dicodusport.fr\/blog\/wp-json\/wp\/v2\/media\/345921"}],"wp:attachment":[{"href":"https:\/\/dicodusport.fr\/blog\/wp-json\/wp\/v2\/media?parent=345917"}],"wp:term":[{"taxonomy":"category","embeddable":true,"href":"https:\/\/dicodusport.fr\/blog\/wp-json\/wp\/v2\/categories?post=345917"},{"taxonomy":"post_tag","embeddable":true,"href":"https:\/\/dicodusport.fr\/blog\/wp-json\/wp\/v2\/tags?post=345917"}],"curies":[{"name":"wp","href":"https:\/\/api.w.org\/{rel}","templated":true}]}}