{"id":34601,"date":"2019-03-05T08:27:02","date_gmt":"2019-03-05T07:27:02","guid":{"rendered":"http:\/\/dicodusport.fr\/blog\/?p=34601"},"modified":"2019-03-05T08:27:02","modified_gmt":"2019-03-05T07:27:02","slug":"le-mois-de-fevrier-sportif-vu-par-les-reseaux-sociaux","status":"publish","type":"post","link":"https:\/\/dicodusport.fr\/blog\/le-mois-de-fevrier-sportif-vu-par-les-reseaux-sociaux\/","title":{"rendered":"Le mois de f\u00e9vrier sportif vu par les r\u00e9seaux sociaux"},"content":{"rendered":"<p style=\"text-align: justify;\"><em><strong>Les r\u00e9seaux sociaux, et notamment Twitter, sont des endroits o\u00f9 les sportifs peuvent s&rsquo;exprimer librement. Si certains ont des \u00e9quipes de communication pour s&rsquo;en occuper, la plupart n&rsquo;en ont pas, pour le meilleur ou pour le pire. Cela peut donner lieu \u00e0 des moments marquants donnant une image positive ou n\u00e9gative des sportifs. Vous retrouverez dans cette rubrique mensuelle le meilleur et le pire de l&rsquo;internet sportif. Pour voir l&rsquo;\u00e9pisode du mois de janvier,<a href=\"https:\/\/dicodusport.fr\/blog\/le-mois-de-janvier-sportif-vu-par-les-reseaux-sociaux\/\"> cliquez ici.<\/a><\/strong><\/em><\/p>\n<h1>\u00c7a a fait parler<\/h1>\n<p style=\"text-align: justify;\"><a href=\"https:\/\/dicodusport.fr\/blog\/le-mois-de-janvier-sportif-vu-par-les-reseaux-sociaux\/\">On l&rsquo;a vu le mois dernier, les internautes fran\u00e7ais sont avides de d\u00e9bats et de scandales sur les r\u00e9seaux sociaux.<\/a> Et \u00e0 la t\u00e9l\u00e9vision, le moindre \u00e9cart ne pardonne pas. Un mot de travers et on peut se retrouver quelques minutes plus tard faire le tour d&rsquo;Internet. Dans ce cas-ci, ce n&rsquo;est m\u00eame pas un mot qui a pos\u00e9 probl\u00e8me mais bien une onomatop\u00e9e. Sur le plateau de beIN Sports, \u00e0 la question pos\u00e9e par la journaliste Claire Arnoux <em>\u00ab\u00a0Quel est le meilleur footballeur fran\u00e7ais actuel ?\u00a0\u00bb<\/em>, son coll\u00e8gue Xavier Vaution a l\u00e9gitimement r\u00e9pondu Antoine Griezmann. Mais cette r\u00e9ponse n&rsquo;a pas sembl\u00e9 plaire \u00e0 la journaliste, qui avait plut\u00f4t en t\u00eate Kylian Mbapp\u00e9. Un soupir <em>\u00ab\u00a0pff\u00a0\u00bb<\/em> lui a alors \u00e9chapp\u00e9, comme si le joueur de l&rsquo;Atl\u00e9tico n&rsquo;\u00e9tait m\u00eame pas dans le d\u00e9bat. Ce lapsus n&rsquo;a pas \u00e9chapp\u00e9 \u00e0 Twitter et encore moins au principal int\u00e9ress\u00e9, qui a exprim\u00e9 son \u00e9tonnement en commentaire d&rsquo;une rediffusion de la s\u00e9quence. Le post a alors pris une ampleur incroyable, et comme souvent sur les r\u00e9seaux sociaux, Claire Arnoux s&rsquo;est retrouv\u00e9e sous une avalanche d&rsquo;insultes.<\/p>\n<p>https:\/\/twitter.com\/AntoGriezmann\/status\/1099787676050485251<\/p>\n<h1>On a aim\u00e9<\/h1>\n<p style=\"text-align: justify;\">Et c&rsquo;est une nouvelle campagne publicitaire parfaitement men\u00e9e par Nike. Cette fois-ci, c&rsquo;est Serena Williams qui a \u00e9t\u00e9 choisie \u00e0 la fois comme \u00e9g\u00e9rie et comme voix pour cette publicit\u00e9 de grande classe. <em>\u00ab\u00a0Dream Crazier\u00a0\u00bb<\/em> met en sc\u00e8ne les plus grandes sportives au monde en pointant du doigt la place de la femme dans le sport. L&rsquo;objectif \u00e9tant d&rsquo;inspirer des vocations sportives chez les jeunes filles et de convaincre celles-ci de se battre pour avoir les m\u00eames opportunit\u00e9s que leurs homologues masculins, chose qui ne devrait pas \u00eatre n\u00e9cessaire. Pr\u00e9sent\u00e9 aux Oscars, le spot a fait le tour des r\u00e9seaux sociaux, suscitant des dizaines de milliers de r\u00e9actions. Ci-dessous la publicit\u00e9 en question, publi\u00e9e fin f\u00e9vrier sur le compte Twitter de Serena Williams.<\/p>\n<p><span class=\"oULcJX0x1tG3KIAOrVSumjHfgvFaEen429bCBdYkMspl6hQq7RPW8TywZ5z\"><\/p>\n<blockquote class=\"twitter-tweet\" data-width=\"550\" data-dnt=\"true\">\n<p lang=\"en\" dir=\"ltr\">If they think your dreams are crazy, show them what crazy dreams can do. <a href=\"https:\/\/twitter.com\/hashtag\/justdoit?src=hash&amp;ref_src=twsrc%5Etfw\">#justdoit<\/a> <a href=\"https:\/\/t.co\/m5xMlC3vhc\">pic.twitter.com\/m5xMlC3vhc<\/a><\/p>\n<p>&mdash; Serena Williams (@serenawilliams) <a href=\"https:\/\/twitter.com\/serenawilliams\/status\/1099719010441138176?ref_src=twsrc%5Etfw\">February 24, 2019<\/a><\/p><\/blockquote>\n<p><script async src=\"https:\/\/platform.twitter.com\/widgets.js\" charset=\"utf-8\"><\/script><\/span><\/p>\n<h1>Le trolleur du mois<\/h1>\n<p style=\"text-align: justify;\">Ce mois-ci, l&rsquo;Oscar du meilleur troll sur les r\u00e9seaux sociaux est attribu\u00e9 \u00e0 Dani Carvajal. L&rsquo;arri\u00e8re-droit du Real Madrid a profit\u00e9 d&rsquo;une publication du compte Twitter officiel de l&rsquo;Atl\u00e9tico Madrid qui demandait \u00e0 sa communaut\u00e9 de supporters :\u00a0<em>\u00ab<\/em> <cite>La nuit des Oscars commence fort. Un film ? L&rsquo;histoire interminable. Supporters de l&rsquo;Atl\u00e9tico, lequel\u00a0choisissez-vous ? \u00bb<\/cite>. Cette question \u00e9tant une r\u00e9f\u00e9rence cach\u00e9e \u00e0\u00a0la rencontre opposant le\u00a0Real\u00a0\u00e0\u00a0Levante\u00a0le soir m\u00eame, dans laquelle un penalty litigieux a \u00e9t\u00e9 obtenu par Casemiro en simulant une chute digne des grands acteurs hollywoodiens. Le lat\u00e9ral espagnol s&rsquo;est saisi de l&rsquo;occasion en r\u00e9pliquant dans un post :\u00a0<em>\u00ab Je vous recommande le \u00ab\u00a0C\u0153ur de la Decima\u00a0\u00bb et de la \u00ab\u00a0Undecima\u00a0\u00bb. Je les ai en DVD! \u00bb. <\/em>Une r\u00e9f\u00e9rence \u00e9vidente\u00a0aux deux victoires en finale du Real en Champions League (2014 et 2016) en battant l&rsquo;Atl\u00e9tico Madrid\u00a0pour s&rsquo;offrir les dixi\u00e8mes et onzi\u00e8mes\u00a0troph\u00e9es europ\u00e9ens de l&rsquo;histoire du club. L&rsquo;arroseur arros\u00e9.<\/p>\n<p><span class=\"HZ62n\"><\/p>\n<blockquote class=\"twitter-tweet\" data-width=\"550\" data-dnt=\"true\">\n<p lang=\"es\" dir=\"ltr\">Os recomiendo la del \u201cCoraz\u00f3n de la D\u00c9CIMA\u201d y \u201cUND\u00c9CIMA\u201d. yo las tengo hasta en dvd!! \ud83d\ude09<\/p>\n<p>&mdash; Dani Carvajal Ramos (@DaniCarvajal92) <a href=\"https:\/\/twitter.com\/DaniCarvajal92\/status\/1099808838641950721?ref_src=twsrc%5Etfw\">February 24, 2019<\/a><\/p><\/blockquote>\n<p><script async src=\"https:\/\/platform.twitter.com\/widgets.js\" charset=\"utf-8\"><\/script><\/span><\/p>\n<p style=\"text-align: justify;\"><em><strong>Le mois de f\u00e9vrier aura \u00e9t\u00e9 au final assez calme en ce qui concerne les scandales et dramas. Rendez-vous le mois prochain pour le troisi\u00e8me \u00e9pisode de cette s\u00e9rie, avec on esp\u00e8re un mois de mars riche en moments marquants !<\/strong><\/em><\/p>\n<p><em><strong>Tom Compayrot<\/strong><br \/>\n<\/em><a href=\"https:\/\/twitter.com\/tomxcpt?lang=fr\" target=\"_blank\" rel=\"noopener noreferrer\"><img loading=\"lazy\" decoding=\"async\" class=\"alignnone wp-image-2908\" src=\"http:\/\/dicodusport.fr\/blog\/wp-content\/uploads\/2017\/07\/logo-twitter-150x150.png\" alt=\"\" width=\"39\" height=\"39\" \/><\/a><\/p>\n","protected":false},"excerpt":{"rendered":"<p>La rubrique mensuelle avec le meilleur et le pire de l&rsquo;internet sportif. Au menu de janvier, Antoine Griezmann, Serena Williams et Dani Carvajal.<\/p>\n","protected":false},"author":13,"featured_media":34658,"comment_status":"open","ping_status":"closed","sticky":false,"template":"","format":"standard","meta":{"_acf_changed":false,"_daextam_enable_autolinks":"","footnotes":""},"categories":[2,2366],"tags":[],"class_list":["post-34601","post","type-post","status-publish","format-standard","has-post-thumbnail","hentry","category-actualites","category-multisports"],"acf":[],"yoast_head":"<!-- This site is optimized with the Yoast SEO Premium plugin v26.7 (Yoast SEO v26.7) - https:\/\/yoast.com\/wordpress\/plugins\/seo\/ -->\n<title>Le mois de f\u00e9vrier sportif vu par les r\u00e9seaux sociaux<\/title>\n<meta name=\"description\" content=\"La rubrique mensuelle avec le meilleur et le pire de l&#039;internet sportif. Au menu de janvier, Antoine Griezmann, Serena Williams et Dani Carvajal.\" \/>\n<meta name=\"robots\" content=\"index, follow, max-snippet:-1, max-image-preview:large, max-video-preview:-1\" \/>\n<link rel=\"canonical\" href=\"https:\/\/dicodusport.fr\/blog\/le-mois-de-fevrier-sportif-vu-par-les-reseaux-sociaux\/\" \/>\n<meta property=\"og:locale\" content=\"fr_FR\" \/>\n<meta property=\"og:type\" content=\"article\" \/>\n<meta property=\"og:title\" content=\"Le mois de f\u00e9vrier sportif vu par les r\u00e9seaux sociaux\" \/>\n<meta property=\"og:description\" content=\"La rubrique mensuelle avec le meilleur et le pire de l&#039;internet sportif. Au menu de janvier, Antoine Griezmann, Serena Williams et Dani Carvajal.\" \/>\n<meta property=\"og:url\" content=\"https:\/\/dicodusport.fr\/blog\/le-mois-de-fevrier-sportif-vu-par-les-reseaux-sociaux\/\" \/>\n<meta property=\"og:site_name\" content=\"Dicodusport\" \/>\n<meta property=\"article:publisher\" content=\"https:\/\/www.facebook.com\/dicodusport\" \/>\n<meta property=\"article:published_time\" content=\"2019-03-05T07:27:02+00:00\" \/>\n<meta property=\"og:image\" content=\"https:\/\/dicodusport.fr\/blog\/wp-content\/uploads\/2019\/03\/Visuel-dicodusport-f\u00e9vrier-RS.png\" \/>\n\t<meta property=\"og:image:width\" content=\"1200\" \/>\n\t<meta property=\"og:image:height\" content=\"670\" \/>\n\t<meta property=\"og:image:type\" content=\"image\/png\" \/>\n<meta name=\"author\" content=\"Tom Compayrot\" \/>\n<meta name=\"twitter:card\" content=\"summary_large_image\" \/>\n<meta name=\"twitter:creator\" content=\"@https:\/\/twitter.com\/Tom_Cprt\" \/>\n<meta name=\"twitter:site\" content=\"@dicodusport\" \/>\n<script type=\"application\/ld+json\" class=\"yoast-schema-graph\">{\"@context\":\"https:\/\/schema.org\",\"@graph\":[{\"@type\":\"NewsArticle\",\"@id\":\"https:\/\/dicodusport.fr\/blog\/le-mois-de-fevrier-sportif-vu-par-les-reseaux-sociaux\/#article\",\"isPartOf\":{\"@id\":\"https:\/\/dicodusport.fr\/blog\/le-mois-de-fevrier-sportif-vu-par-les-reseaux-sociaux\/\"},\"author\":{\"name\":\"Tom Compayrot\",\"@id\":\"https:\/\/dicodusport.fr\/blog\/#\/schema\/person\/bf1e4f404e108bd2be5b447b16bde9a7\"},\"headline\":\"Le mois de f\u00e9vrier sportif vu par les r\u00e9seaux sociaux\",\"datePublished\":\"2019-03-05T07:27:02+00:00\",\"mainEntityOfPage\":{\"@id\":\"https:\/\/dicodusport.fr\/blog\/le-mois-de-fevrier-sportif-vu-par-les-reseaux-sociaux\/\"},\"wordCount\":686,\"commentCount\":0,\"publisher\":{\"@id\":\"https:\/\/dicodusport.fr\/blog\/#organization\"},\"image\":{\"@id\":\"https:\/\/dicodusport.fr\/blog\/le-mois-de-fevrier-sportif-vu-par-les-reseaux-sociaux\/#primaryimage\"},\"thumbnailUrl\":\"https:\/\/dicodusport.fr\/blog\/wp-content\/uploads\/2019\/03\/Visuel-dicodusport-f\u00e9vrier-RS.png\",\"articleSection\":[\"Actualit\u00e9s\",\"Multisports\"],\"inLanguage\":\"fr-FR\",\"potentialAction\":[{\"@type\":\"CommentAction\",\"name\":\"Comment\",\"target\":[\"https:\/\/dicodusport.fr\/blog\/le-mois-de-fevrier-sportif-vu-par-les-reseaux-sociaux\/#respond\"]}],\"copyrightYear\":\"2019\",\"copyrightHolder\":{\"@id\":\"https:\/\/dicodusport.fr\/blog\/#organization\"}},{\"@type\":\"WebPage\",\"@id\":\"https:\/\/dicodusport.fr\/blog\/le-mois-de-fevrier-sportif-vu-par-les-reseaux-sociaux\/\",\"url\":\"https:\/\/dicodusport.fr\/blog\/le-mois-de-fevrier-sportif-vu-par-les-reseaux-sociaux\/\",\"name\":\"Le mois de f\u00e9vrier sportif vu par les r\u00e9seaux sociaux\",\"isPartOf\":{\"@id\":\"https:\/\/dicodusport.fr\/blog\/#website\"},\"primaryImageOfPage\":{\"@id\":\"https:\/\/dicodusport.fr\/blog\/le-mois-de-fevrier-sportif-vu-par-les-reseaux-sociaux\/#primaryimage\"},\"image\":{\"@id\":\"https:\/\/dicodusport.fr\/blog\/le-mois-de-fevrier-sportif-vu-par-les-reseaux-sociaux\/#primaryimage\"},\"thumbnailUrl\":\"https:\/\/dicodusport.fr\/blog\/wp-content\/uploads\/2019\/03\/Visuel-dicodusport-f\u00e9vrier-RS.png\",\"datePublished\":\"2019-03-05T07:27:02+00:00\",\"description\":\"La rubrique mensuelle avec le meilleur et le pire de l'internet sportif. Au menu de janvier, Antoine Griezmann, Serena Williams et Dani Carvajal.\",\"breadcrumb\":{\"@id\":\"https:\/\/dicodusport.fr\/blog\/le-mois-de-fevrier-sportif-vu-par-les-reseaux-sociaux\/#breadcrumb\"},\"inLanguage\":\"fr-FR\",\"potentialAction\":[{\"@type\":\"ReadAction\",\"target\":[\"https:\/\/dicodusport.fr\/blog\/le-mois-de-fevrier-sportif-vu-par-les-reseaux-sociaux\/\"]}]},{\"@type\":\"ImageObject\",\"inLanguage\":\"fr-FR\",\"@id\":\"https:\/\/dicodusport.fr\/blog\/le-mois-de-fevrier-sportif-vu-par-les-reseaux-sociaux\/#primaryimage\",\"url\":\"https:\/\/dicodusport.fr\/blog\/wp-content\/uploads\/2019\/03\/Visuel-dicodusport-f\u00e9vrier-RS.png\",\"contentUrl\":\"https:\/\/dicodusport.fr\/blog\/wp-content\/uploads\/2019\/03\/Visuel-dicodusport-f\u00e9vrier-RS.png\",\"width\":1200,\"height\":670},{\"@type\":\"BreadcrumbList\",\"@id\":\"https:\/\/dicodusport.fr\/blog\/le-mois-de-fevrier-sportif-vu-par-les-reseaux-sociaux\/#breadcrumb\",\"itemListElement\":[{\"@type\":\"ListItem\",\"position\":1,\"name\":\"Accueil\",\"item\":\"https:\/\/dicodusport.fr\/blog\/\"},{\"@type\":\"ListItem\",\"position\":2,\"name\":\"Le mois de f\u00e9vrier sportif vu par les r\u00e9seaux sociaux\"}]},{\"@type\":\"WebSite\",\"@id\":\"https:\/\/dicodusport.fr\/blog\/#website\",\"url\":\"https:\/\/dicodusport.fr\/blog\/\",\"name\":\"Dicodusport\",\"description\":\"L&#039;encyclop\u00e9die de l&#039;actualit\u00e9 sportive\",\"publisher\":{\"@id\":\"https:\/\/dicodusport.fr\/blog\/#organization\"},\"potentialAction\":[{\"@type\":\"SearchAction\",\"target\":{\"@type\":\"EntryPoint\",\"urlTemplate\":\"https:\/\/dicodusport.fr\/blog\/?s={search_term_string}\"},\"query-input\":{\"@type\":\"PropertyValueSpecification\",\"valueRequired\":true,\"valueName\":\"search_term_string\"}}],\"inLanguage\":\"fr-FR\"},{\"@type\":\"NewsMediaOrganization\",\"@id\":\"https:\/\/dicodusport.fr\/blog\/#organization\",\"name\":\"Dicodusport\",\"url\":\"https:\/\/dicodusport.fr\/blog\/\",\"logo\":{\"@type\":\"ImageObject\",\"inLanguage\":\"fr-FR\",\"@id\":\"https:\/\/dicodusport.fr\/blog\/#\/schema\/logo\/image\/\",\"url\":\"https:\/\/dicodusport.fr\/blog\/wp-content\/uploads\/2020\/06\/cropped-LOGO-DICODUSPORT-2020-SANS-FOND-SANS-TEXTE.png\",\"contentUrl\":\"https:\/\/dicodusport.fr\/blog\/wp-content\/uploads\/2020\/06\/cropped-LOGO-DICODUSPORT-2020-SANS-FOND-SANS-TEXTE.png\",\"width\":512,\"height\":512,\"caption\":\"Dicodusport\"},\"image\":{\"@id\":\"https:\/\/dicodusport.fr\/blog\/#\/schema\/logo\/image\/\"},\"sameAs\":[\"https:\/\/www.facebook.com\/dicodusport\",\"https:\/\/x.com\/dicodusport\",\"https:\/\/www.instagram.com\/dicodusport\/\",\"https:\/\/www.youtube.com\/channel\/UC7V2KZ5sd3htJivAbA4ZG3w\"],\"description\":\"Dicodusport est l'encyclop\u00e9die de l'actualit\u00e9 sportive.\",\"email\":\"bonjour@dicodusport.fr\",\"legalName\":\"DICODUSPORT\",\"foundingDate\":\"2018-01-14\",\"vatID\":\"FR71834470973\",\"taxID\":\"83447097300043\",\"numberOfEmployees\":{\"@type\":\"QuantitativeValue\",\"minValue\":\"1\",\"maxValue\":\"10\"}},{\"@type\":\"Person\",\"@id\":\"https:\/\/dicodusport.fr\/blog\/#\/schema\/person\/bf1e4f404e108bd2be5b447b16bde9a7\",\"name\":\"Tom Compayrot\",\"image\":{\"@type\":\"ImageObject\",\"inLanguage\":\"fr-FR\",\"@id\":\"https:\/\/dicodusport.fr\/blog\/#\/schema\/person\/image\/\",\"url\":\"https:\/\/dicodusport.fr\/blog\/wp-content\/uploads\/2021\/05\/Tom-Compayrot-150x150.jpg\",\"contentUrl\":\"https:\/\/dicodusport.fr\/blog\/wp-content\/uploads\/2021\/05\/Tom-Compayrot-150x150.jpg\",\"caption\":\"Tom Compayrot\"},\"description\":\"Journaliste\/r\u00e9dacteur depuis mars 2017 - Amoureux de la petite balle jaune et du gros ballon orange qui tra\u00eene sa carcasse sur Dicodusport depuis 2017. Rafael Nadal et LeBron James sont les meilleurs joueurs de l'histoire.\",\"sameAs\":[\"https:\/\/x.com\/https:\/\/twitter.com\/Tom_Cprt\"],\"url\":\"https:\/\/dicodusport.fr\/blog\/author\/tom\/\"}]}<\/script>\n<!-- \/ Yoast SEO Premium plugin. -->","yoast_head_json":{"title":"Le mois de f\u00e9vrier sportif vu par les r\u00e9seaux sociaux","description":"La rubrique mensuelle avec le meilleur et le pire de l'internet sportif. Au menu de janvier, Antoine Griezmann, Serena Williams et Dani Carvajal.","robots":{"index":"index","follow":"follow","max-snippet":"max-snippet:-1","max-image-preview":"max-image-preview:large","max-video-preview":"max-video-preview:-1"},"canonical":"https:\/\/dicodusport.fr\/blog\/le-mois-de-fevrier-sportif-vu-par-les-reseaux-sociaux\/","og_locale":"fr_FR","og_type":"article","og_title":"Le mois de f\u00e9vrier sportif vu par les r\u00e9seaux sociaux","og_description":"La rubrique mensuelle avec le meilleur et le pire de l'internet sportif. Au menu de janvier, Antoine Griezmann, Serena Williams et Dani Carvajal.","og_url":"https:\/\/dicodusport.fr\/blog\/le-mois-de-fevrier-sportif-vu-par-les-reseaux-sociaux\/","og_site_name":"Dicodusport","article_publisher":"https:\/\/www.facebook.com\/dicodusport","article_published_time":"2019-03-05T07:27:02+00:00","og_image":[{"width":1200,"height":670,"url":"https:\/\/dicodusport.fr\/blog\/wp-content\/uploads\/2019\/03\/Visuel-dicodusport-f\u00e9vrier-RS.png","type":"image\/png"}],"author":"Tom Compayrot","twitter_card":"summary_large_image","twitter_creator":"@https:\/\/twitter.com\/Tom_Cprt","twitter_site":"@dicodusport","schema":{"@context":"https:\/\/schema.org","@graph":[{"@type":"NewsArticle","@id":"https:\/\/dicodusport.fr\/blog\/le-mois-de-fevrier-sportif-vu-par-les-reseaux-sociaux\/#article","isPartOf":{"@id":"https:\/\/dicodusport.fr\/blog\/le-mois-de-fevrier-sportif-vu-par-les-reseaux-sociaux\/"},"author":{"name":"Tom Compayrot","@id":"https:\/\/dicodusport.fr\/blog\/#\/schema\/person\/bf1e4f404e108bd2be5b447b16bde9a7"},"headline":"Le mois de f\u00e9vrier sportif vu par les r\u00e9seaux sociaux","datePublished":"2019-03-05T07:27:02+00:00","mainEntityOfPage":{"@id":"https:\/\/dicodusport.fr\/blog\/le-mois-de-fevrier-sportif-vu-par-les-reseaux-sociaux\/"},"wordCount":686,"commentCount":0,"publisher":{"@id":"https:\/\/dicodusport.fr\/blog\/#organization"},"image":{"@id":"https:\/\/dicodusport.fr\/blog\/le-mois-de-fevrier-sportif-vu-par-les-reseaux-sociaux\/#primaryimage"},"thumbnailUrl":"https:\/\/dicodusport.fr\/blog\/wp-content\/uploads\/2019\/03\/Visuel-dicodusport-f\u00e9vrier-RS.png","articleSection":["Actualit\u00e9s","Multisports"],"inLanguage":"fr-FR","potentialAction":[{"@type":"CommentAction","name":"Comment","target":["https:\/\/dicodusport.fr\/blog\/le-mois-de-fevrier-sportif-vu-par-les-reseaux-sociaux\/#respond"]}],"copyrightYear":"2019","copyrightHolder":{"@id":"https:\/\/dicodusport.fr\/blog\/#organization"}},{"@type":"WebPage","@id":"https:\/\/dicodusport.fr\/blog\/le-mois-de-fevrier-sportif-vu-par-les-reseaux-sociaux\/","url":"https:\/\/dicodusport.fr\/blog\/le-mois-de-fevrier-sportif-vu-par-les-reseaux-sociaux\/","name":"Le mois de f\u00e9vrier sportif vu par les r\u00e9seaux sociaux","isPartOf":{"@id":"https:\/\/dicodusport.fr\/blog\/#website"},"primaryImageOfPage":{"@id":"https:\/\/dicodusport.fr\/blog\/le-mois-de-fevrier-sportif-vu-par-les-reseaux-sociaux\/#primaryimage"},"image":{"@id":"https:\/\/dicodusport.fr\/blog\/le-mois-de-fevrier-sportif-vu-par-les-reseaux-sociaux\/#primaryimage"},"thumbnailUrl":"https:\/\/dicodusport.fr\/blog\/wp-content\/uploads\/2019\/03\/Visuel-dicodusport-f\u00e9vrier-RS.png","datePublished":"2019-03-05T07:27:02+00:00","description":"La rubrique mensuelle avec le meilleur et le pire de l'internet sportif. Au menu de janvier, Antoine Griezmann, Serena Williams et Dani Carvajal.","breadcrumb":{"@id":"https:\/\/dicodusport.fr\/blog\/le-mois-de-fevrier-sportif-vu-par-les-reseaux-sociaux\/#breadcrumb"},"inLanguage":"fr-FR","potentialAction":[{"@type":"ReadAction","target":["https:\/\/dicodusport.fr\/blog\/le-mois-de-fevrier-sportif-vu-par-les-reseaux-sociaux\/"]}]},{"@type":"ImageObject","inLanguage":"fr-FR","@id":"https:\/\/dicodusport.fr\/blog\/le-mois-de-fevrier-sportif-vu-par-les-reseaux-sociaux\/#primaryimage","url":"https:\/\/dicodusport.fr\/blog\/wp-content\/uploads\/2019\/03\/Visuel-dicodusport-f\u00e9vrier-RS.png","contentUrl":"https:\/\/dicodusport.fr\/blog\/wp-content\/uploads\/2019\/03\/Visuel-dicodusport-f\u00e9vrier-RS.png","width":1200,"height":670},{"@type":"BreadcrumbList","@id":"https:\/\/dicodusport.fr\/blog\/le-mois-de-fevrier-sportif-vu-par-les-reseaux-sociaux\/#breadcrumb","itemListElement":[{"@type":"ListItem","position":1,"name":"Accueil","item":"https:\/\/dicodusport.fr\/blog\/"},{"@type":"ListItem","position":2,"name":"Le mois de f\u00e9vrier sportif vu par les r\u00e9seaux sociaux"}]},{"@type":"WebSite","@id":"https:\/\/dicodusport.fr\/blog\/#website","url":"https:\/\/dicodusport.fr\/blog\/","name":"Dicodusport","description":"L&#039;encyclop\u00e9die de l&#039;actualit\u00e9 sportive","publisher":{"@id":"https:\/\/dicodusport.fr\/blog\/#organization"},"potentialAction":[{"@type":"SearchAction","target":{"@type":"EntryPoint","urlTemplate":"https:\/\/dicodusport.fr\/blog\/?s={search_term_string}"},"query-input":{"@type":"PropertyValueSpecification","valueRequired":true,"valueName":"search_term_string"}}],"inLanguage":"fr-FR"},{"@type":"NewsMediaOrganization","@id":"https:\/\/dicodusport.fr\/blog\/#organization","name":"Dicodusport","url":"https:\/\/dicodusport.fr\/blog\/","logo":{"@type":"ImageObject","inLanguage":"fr-FR","@id":"https:\/\/dicodusport.fr\/blog\/#\/schema\/logo\/image\/","url":"https:\/\/dicodusport.fr\/blog\/wp-content\/uploads\/2020\/06\/cropped-LOGO-DICODUSPORT-2020-SANS-FOND-SANS-TEXTE.png","contentUrl":"https:\/\/dicodusport.fr\/blog\/wp-content\/uploads\/2020\/06\/cropped-LOGO-DICODUSPORT-2020-SANS-FOND-SANS-TEXTE.png","width":512,"height":512,"caption":"Dicodusport"},"image":{"@id":"https:\/\/dicodusport.fr\/blog\/#\/schema\/logo\/image\/"},"sameAs":["https:\/\/www.facebook.com\/dicodusport","https:\/\/x.com\/dicodusport","https:\/\/www.instagram.com\/dicodusport\/","https:\/\/www.youtube.com\/channel\/UC7V2KZ5sd3htJivAbA4ZG3w"],"description":"Dicodusport est l'encyclop\u00e9die de l'actualit\u00e9 sportive.","email":"bonjour@dicodusport.fr","legalName":"DICODUSPORT","foundingDate":"2018-01-14","vatID":"FR71834470973","taxID":"83447097300043","numberOfEmployees":{"@type":"QuantitativeValue","minValue":"1","maxValue":"10"}},{"@type":"Person","@id":"https:\/\/dicodusport.fr\/blog\/#\/schema\/person\/bf1e4f404e108bd2be5b447b16bde9a7","name":"Tom Compayrot","image":{"@type":"ImageObject","inLanguage":"fr-FR","@id":"https:\/\/dicodusport.fr\/blog\/#\/schema\/person\/image\/","url":"https:\/\/dicodusport.fr\/blog\/wp-content\/uploads\/2021\/05\/Tom-Compayrot-150x150.jpg","contentUrl":"https:\/\/dicodusport.fr\/blog\/wp-content\/uploads\/2021\/05\/Tom-Compayrot-150x150.jpg","caption":"Tom Compayrot"},"description":"Journaliste\/r\u00e9dacteur depuis mars 2017 - Amoureux de la petite balle jaune et du gros ballon orange qui tra\u00eene sa carcasse sur Dicodusport depuis 2017. Rafael Nadal et LeBron James sont les meilleurs joueurs de l'histoire.","sameAs":["https:\/\/x.com\/https:\/\/twitter.com\/Tom_Cprt"],"url":"https:\/\/dicodusport.fr\/blog\/author\/tom\/"}]}},"_links":{"self":[{"href":"https:\/\/dicodusport.fr\/blog\/wp-json\/wp\/v2\/posts\/34601","targetHints":{"allow":["GET"]}}],"collection":[{"href":"https:\/\/dicodusport.fr\/blog\/wp-json\/wp\/v2\/posts"}],"about":[{"href":"https:\/\/dicodusport.fr\/blog\/wp-json\/wp\/v2\/types\/post"}],"author":[{"embeddable":true,"href":"https:\/\/dicodusport.fr\/blog\/wp-json\/wp\/v2\/users\/13"}],"replies":[{"embeddable":true,"href":"https:\/\/dicodusport.fr\/blog\/wp-json\/wp\/v2\/comments?post=34601"}],"version-history":[{"count":0,"href":"https:\/\/dicodusport.fr\/blog\/wp-json\/wp\/v2\/posts\/34601\/revisions"}],"wp:featuredmedia":[{"embeddable":true,"href":"https:\/\/dicodusport.fr\/blog\/wp-json\/wp\/v2\/media\/34658"}],"wp:attachment":[{"href":"https:\/\/dicodusport.fr\/blog\/wp-json\/wp\/v2\/media?parent=34601"}],"wp:term":[{"taxonomy":"category","embeddable":true,"href":"https:\/\/dicodusport.fr\/blog\/wp-json\/wp\/v2\/categories?post=34601"},{"taxonomy":"post_tag","embeddable":true,"href":"https:\/\/dicodusport.fr\/blog\/wp-json\/wp\/v2\/tags?post=34601"}],"curies":[{"name":"wp","href":"https:\/\/api.w.org\/{rel}","templated":true}]}}