{"id":346437,"date":"2023-01-20T11:33:29","date_gmt":"2023-01-20T10:33:29","guid":{"rendered":"https:\/\/dicodusport.fr\/blog\/?p=346437&#038;preview=true&#038;preview_id=346437"},"modified":"2023-01-20T17:28:43","modified_gmt":"2023-01-20T16:28:43","slug":"descente-cortina-dampezzo-sofia-goggia-gagne-en-patronne","status":"publish","type":"post","link":"https:\/\/dicodusport.fr\/blog\/descente-cortina-dampezzo-sofia-goggia-gagne-en-patronne\/","title":{"rendered":"Descente Cortina d&rsquo;Ampezzo : Sofia Goggia gagne en patronne"},"content":{"rendered":"<p style=\"text-align: justify;\" align=\"justify\"><em><strong>COUPE DU MONDE SKI ALPIN SAISON 2022-2023 &#8211; La Transalpine Sofia Goggia s&rsquo;est impos\u00e9e ce vendredi sur la premi\u00e8re descente de Cortina d&rsquo;Ampezzo en Italie. Elle a devanc\u00e9 Ilka Stuhec et Kira Weidle.\u00a0<\/strong><\/em><\/p>\n<h2 style=\"text-align: justify;\"><strong>16\u00e8me victoire en descente pour Goggia\u00a0<\/strong><\/h2>\n<p style=\"text-align: justify;\"><span style=\"font-weight: 400;\"><strong>Sofia Goggia<\/strong> s&rsquo;est montr\u00e9e la plus rapide sur les 2 560 m\u00e8tres de l&rsquo;Olympia delle Tofane, en faisant la diff\u00e9rence sur Pale Di Rumerlo avec ses rollers, l\u00e0 o\u00f9 elle avait chut\u00e9 l&rsquo;an dernier. L&rsquo;Italienne a sign\u00e9 le meilleur temps en 1 minute 33 secondes et 44 centi\u00e8mes. Elle s&rsquo;est adjug\u00e9e sa quatri\u00e8me victoire de la saison dans la discipline apr\u00e8s ses deux succ\u00e8s \u00e0 Lake Louise et sa victoire \u00e0 Saint-Moritz.\u00a0<\/span><\/p>\n<div id=\"attachment_346495\" style=\"width: 750px\" class=\"wp-caption aligncenter\"><a href=\"https:\/\/dicodusport.fr\/blog\/wp-content\/uploads\/2023\/01\/Sofia-Goggia-en-patronne-sur-la-descente-de-Cortina-dAmpezzo-scaled.jpg\"><img loading=\"lazy\" decoding=\"async\" aria-describedby=\"caption-attachment-346495\" class=\"size-large wp-image-346495\" src=\"https:\/\/dicodusport.fr\/blog\/wp-content\/uploads\/2023\/01\/Sofia-Goggia-en-patronne-sur-la-descente-de-Cortina-dAmpezzo-1024x683.jpg\" alt=\"Sofia Goggia en patronne sur la descente de Cortina d'Ampezzo\" width=\"740\" height=\"494\" srcset=\"https:\/\/dicodusport.fr\/blog\/wp-content\/uploads\/2023\/01\/Sofia-Goggia-en-patronne-sur-la-descente-de-Cortina-dAmpezzo-1024x683.jpg 1024w, https:\/\/dicodusport.fr\/blog\/wp-content\/uploads\/2023\/01\/Sofia-Goggia-en-patronne-sur-la-descente-de-Cortina-dAmpezzo-300x200.jpg 300w, https:\/\/dicodusport.fr\/blog\/wp-content\/uploads\/2023\/01\/Sofia-Goggia-en-patronne-sur-la-descente-de-Cortina-dAmpezzo-768x512.jpg 768w, https:\/\/dicodusport.fr\/blog\/wp-content\/uploads\/2023\/01\/Sofia-Goggia-en-patronne-sur-la-descente-de-Cortina-dAmpezzo-1536x1024.jpg 1536w, https:\/\/dicodusport.fr\/blog\/wp-content\/uploads\/2023\/01\/Sofia-Goggia-en-patronne-sur-la-descente-de-Cortina-dAmpezzo-2048x1366.jpg 2048w\" sizes=\"auto, (max-width: 740px) 100vw, 740px\" \/><\/a><p id=\"caption-attachment-346495\" class=\"wp-caption-text\">Sofia Goggia en patronne sur la descente de Cortina d&rsquo;Ampezzo &#8211; Photo Icon Sport<\/p><\/div>\n<p style=\"text-align: justify;\"><span style=\"font-weight: 400;\">Ensuite, <strong>Ilka Stuhec<\/strong> a fini deuxi\u00e8me \u00e0 13 centi\u00e8mes en \u00e9tant la plus rapide dans le schuss de d\u00e9part de Pomedes et sur la portion de glisse finale. Puis, <strong>Kira Weidle<\/strong> a compl\u00e9t\u00e9 le podium \u00e0 36 centi\u00e8mes en \u00e9tant excellente dans le Duc d&rsquo;Aoste avant le replat. Avec le meilleur temps sur le haut, <strong>Mikaela Shiffrin<\/strong> a pris une belle quatri\u00e8me place \u00e0 une demi-seconde devant <strong>Lara Gut-Behrami<\/strong>, cinqui\u00e8me \u00e0 53 centi\u00e8mes. <strong>Laura Gauch\u00e9<\/strong> a pratiqu\u00e9 un ski tr\u00e8s vivant au milieu du trac\u00e9 pour signer un excellent septi\u00e8me temps \u00e0 70 centi\u00e8mes, derri\u00e8re <strong>Tamara Tippler<\/strong>.\u00a0<\/span><\/p>\n<p style=\"text-align: justify;\"><span style=\"font-weight: 400;\">Apr\u00e8s un haut difficile, <strong>Romane Miradoli<\/strong> a bien ski\u00e9 la partie technique pour finir quatorzi\u00e8me \u00e0 1.04, \u00e0 \u00e9galit\u00e9 avec <strong>Nina Ortlieb.<\/strong> Malheureusement, pas de points pour les autres Fran\u00e7aises puisqu&rsquo;<strong>Anouck Errard<\/strong> a fini 33e \u00e0 3.35. De retour depuis plusieurs semaines, <strong>Camille Cerutti<\/strong> a termin\u00e9 42e \u00e0 4.01. Enfin, <strong>Karen Smadja Cl\u00e9ment<\/strong> a perdu 4.50 au 44e rang.\u00a0<\/span><\/p>\n<p style=\"text-align: justify;\"><span style=\"font-weight: 400;\">\u00a0<\/span><\/p>\n<h2 style=\"text-align: justify;\">\u00c0 lire aussi<\/h2>\n<ul>\n<li style=\"text-align: justify;\"><strong><a href=\"https:\/\/dicodusport.fr\/blog\/classement-descente-femmes-cortina-dampezzo-2023\/\">Classement de la premi\u00e8re descente de Cortina d&rsquo;Ampezzo<\/a>\u00a0<\/strong><\/li>\n<li style=\"text-align: justify;\"><a href=\"https:\/\/dicodusport.fr\/blog\/classement-general-femmes-coupe-du-monde-ski-alpin-2022-2023\/\"><strong>Le classement g\u00e9n\u00e9ral de la Coupe du monde de ski alpin<\/strong><\/a><\/li>\n<li style=\"text-align: justify;\"><a href=\"https:\/\/dicodusport.fr\/blog\/calendrier-et-resultats-coupe-du-monde-ski-alpin-femmes-2022-2023\/\"><strong>Calendrier et r\u00e9sultats de la Coupe du monde de ski alpin<\/strong><\/a><\/li>\n<\/ul>\n","protected":false},"excerpt":{"rendered":"<p>COUPE DU MONDE SKI ALPIN SAISON 2022-2023 &#8211; La Transalpine Sofia Goggia s&rsquo;est impos\u00e9e ce vendredi sur la premi\u00e8re descente de Cortina d&rsquo;Ampezzo en Italie. Elle a devanc\u00e9 Ilka Stuhec et Kira Weidle.\u00a0<\/p>\n","protected":false},"author":48,"featured_media":346756,"comment_status":"open","ping_status":"closed","sticky":false,"template":"","format":"standard","meta":{"_acf_changed":false,"_daextam_enable_autolinks":"","footnotes":""},"categories":[47084],"tags":[1530,2233,24],"class_list":["post-346437","post","type-post","status-publish","format-standard","has-post-thumbnail","hentry","category-coupe-du-monde-ski-alpin","tag-coupe-du-monde","tag-ski-alpin","tag-sport"],"acf":[],"yoast_head":"<!-- This site is optimized with the Yoast SEO Premium plugin v26.7 (Yoast SEO v26.7) - https:\/\/yoast.com\/wordpress\/plugins\/seo\/ -->\n<title>Descente Cortina d&#039;Ampezzo : Sofia Goggia gagne en patronne<\/title>\n<meta name=\"description\" content=\"COUPE DU MONDE DE SKI ALPIN 2022-2023 - Sofia Goggia a remport\u00e9 la premi\u00e8re descente de Cortina d&#039;Ampezzo, ce vendredi.\" \/>\n<meta name=\"robots\" content=\"index, follow, max-snippet:-1, max-image-preview:large, max-video-preview:-1\" \/>\n<link rel=\"canonical\" href=\"https:\/\/dicodusport.fr\/blog\/descente-cortina-dampezzo-sofia-goggia-gagne-en-patronne\/\" \/>\n<meta property=\"og:locale\" content=\"fr_FR\" \/>\n<meta property=\"og:type\" content=\"article\" \/>\n<meta property=\"og:title\" content=\"Descente Cortina d&#039;Ampezzo : Sofia Goggia gagne en patronne\" \/>\n<meta property=\"og:description\" content=\"COUPE DU MONDE DE SKI ALPIN 2022-2023 - Sofia Goggia a remport\u00e9 la premi\u00e8re descente de Cortina d&#039;Ampezzo, ce vendredi.\" \/>\n<meta property=\"og:url\" content=\"https:\/\/dicodusport.fr\/blog\/descente-cortina-dampezzo-sofia-goggia-gagne-en-patronne\/\" \/>\n<meta property=\"og:site_name\" content=\"Dicodusport\" \/>\n<meta property=\"article:publisher\" content=\"https:\/\/www.facebook.com\/dicodusport\" \/>\n<meta property=\"article:author\" content=\"https:\/\/www.facebook.com\/groups\/LesRoisDuPeloton\" \/>\n<meta property=\"article:published_time\" content=\"2023-01-20T10:33:29+00:00\" \/>\n<meta property=\"article:modified_time\" content=\"2023-01-20T16:28:43+00:00\" \/>\n<meta property=\"og:image\" content=\"https:\/\/dicodusport.fr\/blog\/wp-content\/uploads\/2023\/01\/Descente-Cortina-dAmpezzo-Sofia-Goggia-gagne-en-patronne-1.png\" \/>\n\t<meta property=\"og:image:width\" content=\"800\" \/>\n\t<meta property=\"og:image:height\" content=\"445\" \/>\n\t<meta property=\"og:image:type\" content=\"image\/png\" \/>\n<meta name=\"author\" content=\"Emilien Descampiaux\" \/>\n<meta name=\"twitter:card\" content=\"summary_large_image\" \/>\n<meta name=\"twitter:title\" content=\"Descente Cortina d&#039;Ampezzo : Sofia Goggia gagne en patronne\" \/>\n<meta name=\"twitter:creator\" content=\"@https:\/\/twitter.com\/LRoisDuPeloton\" \/>\n<meta name=\"twitter:site\" content=\"@dicodusport\" \/>\n<script type=\"application\/ld+json\" class=\"yoast-schema-graph\">{\"@context\":\"https:\/\/schema.org\",\"@graph\":[{\"@type\":\"NewsArticle\",\"@id\":\"https:\/\/dicodusport.fr\/blog\/descente-cortina-dampezzo-sofia-goggia-gagne-en-patronne\/#article\",\"isPartOf\":{\"@id\":\"https:\/\/dicodusport.fr\/blog\/descente-cortina-dampezzo-sofia-goggia-gagne-en-patronne\/\"},\"author\":{\"name\":\"Emilien Descampiaux\",\"@id\":\"https:\/\/dicodusport.fr\/blog\/#\/schema\/person\/6db4bae06b171592211be385b32876a7\"},\"headline\":\"Descente Cortina d&rsquo;Ampezzo : Sofia Goggia gagne en patronne\",\"datePublished\":\"2023-01-20T10:33:29+00:00\",\"dateModified\":\"2023-01-20T16:28:43+00:00\",\"mainEntityOfPage\":{\"@id\":\"https:\/\/dicodusport.fr\/blog\/descente-cortina-dampezzo-sofia-goggia-gagne-en-patronne\/\"},\"wordCount\":346,\"commentCount\":0,\"publisher\":{\"@id\":\"https:\/\/dicodusport.fr\/blog\/#organization\"},\"image\":{\"@id\":\"https:\/\/dicodusport.fr\/blog\/descente-cortina-dampezzo-sofia-goggia-gagne-en-patronne\/#primaryimage\"},\"thumbnailUrl\":\"https:\/\/dicodusport.fr\/blog\/wp-content\/uploads\/2023\/01\/Descente-Cortina-dAmpezzo-Sofia-Goggia-gagne-en-patronne-1.png\",\"keywords\":[\"Coupe du monde\",\"Ski alpin\",\"sport\"],\"articleSection\":[\"Coupe du monde de ski alpin\"],\"inLanguage\":\"fr-FR\",\"potentialAction\":[{\"@type\":\"CommentAction\",\"name\":\"Comment\",\"target\":[\"https:\/\/dicodusport.fr\/blog\/descente-cortina-dampezzo-sofia-goggia-gagne-en-patronne\/#respond\"]}],\"copyrightYear\":\"2023\",\"copyrightHolder\":{\"@id\":\"https:\/\/dicodusport.fr\/blog\/#organization\"}},{\"@type\":\"WebPage\",\"@id\":\"https:\/\/dicodusport.fr\/blog\/descente-cortina-dampezzo-sofia-goggia-gagne-en-patronne\/\",\"url\":\"https:\/\/dicodusport.fr\/blog\/descente-cortina-dampezzo-sofia-goggia-gagne-en-patronne\/\",\"name\":\"Descente Cortina d'Ampezzo : Sofia Goggia gagne en patronne\",\"isPartOf\":{\"@id\":\"https:\/\/dicodusport.fr\/blog\/#website\"},\"primaryImageOfPage\":{\"@id\":\"https:\/\/dicodusport.fr\/blog\/descente-cortina-dampezzo-sofia-goggia-gagne-en-patronne\/#primaryimage\"},\"image\":{\"@id\":\"https:\/\/dicodusport.fr\/blog\/descente-cortina-dampezzo-sofia-goggia-gagne-en-patronne\/#primaryimage\"},\"thumbnailUrl\":\"https:\/\/dicodusport.fr\/blog\/wp-content\/uploads\/2023\/01\/Descente-Cortina-dAmpezzo-Sofia-Goggia-gagne-en-patronne-1.png\",\"datePublished\":\"2023-01-20T10:33:29+00:00\",\"dateModified\":\"2023-01-20T16:28:43+00:00\",\"description\":\"COUPE DU MONDE DE SKI ALPIN 2022-2023 - Sofia Goggia a remport\u00e9 la premi\u00e8re descente de Cortina d'Ampezzo, ce vendredi.\",\"breadcrumb\":{\"@id\":\"https:\/\/dicodusport.fr\/blog\/descente-cortina-dampezzo-sofia-goggia-gagne-en-patronne\/#breadcrumb\"},\"inLanguage\":\"fr-FR\",\"potentialAction\":[{\"@type\":\"ReadAction\",\"target\":[\"https:\/\/dicodusport.fr\/blog\/descente-cortina-dampezzo-sofia-goggia-gagne-en-patronne\/\"]}]},{\"@type\":\"ImageObject\",\"inLanguage\":\"fr-FR\",\"@id\":\"https:\/\/dicodusport.fr\/blog\/descente-cortina-dampezzo-sofia-goggia-gagne-en-patronne\/#primaryimage\",\"url\":\"https:\/\/dicodusport.fr\/blog\/wp-content\/uploads\/2023\/01\/Descente-Cortina-dAmpezzo-Sofia-Goggia-gagne-en-patronne-1.png\",\"contentUrl\":\"https:\/\/dicodusport.fr\/blog\/wp-content\/uploads\/2023\/01\/Descente-Cortina-dAmpezzo-Sofia-Goggia-gagne-en-patronne-1.png\",\"width\":800,\"height\":445,\"caption\":\"Descente Cortina d'Ampezzo Sofia Goggia gagne en patronne (1)\"},{\"@type\":\"BreadcrumbList\",\"@id\":\"https:\/\/dicodusport.fr\/blog\/descente-cortina-dampezzo-sofia-goggia-gagne-en-patronne\/#breadcrumb\",\"itemListElement\":[{\"@type\":\"ListItem\",\"position\":1,\"name\":\"Accueil\",\"item\":\"https:\/\/dicodusport.fr\/blog\/\"},{\"@type\":\"ListItem\",\"position\":2,\"name\":\"Descente Cortina d&rsquo;Ampezzo : Sofia Goggia gagne en patronne\"}]},{\"@type\":\"WebSite\",\"@id\":\"https:\/\/dicodusport.fr\/blog\/#website\",\"url\":\"https:\/\/dicodusport.fr\/blog\/\",\"name\":\"Dicodusport\",\"description\":\"L&#039;encyclop\u00e9die de l&#039;actualit\u00e9 sportive\",\"publisher\":{\"@id\":\"https:\/\/dicodusport.fr\/blog\/#organization\"},\"potentialAction\":[{\"@type\":\"SearchAction\",\"target\":{\"@type\":\"EntryPoint\",\"urlTemplate\":\"https:\/\/dicodusport.fr\/blog\/?s={search_term_string}\"},\"query-input\":{\"@type\":\"PropertyValueSpecification\",\"valueRequired\":true,\"valueName\":\"search_term_string\"}}],\"inLanguage\":\"fr-FR\"},{\"@type\":\"NewsMediaOrganization\",\"@id\":\"https:\/\/dicodusport.fr\/blog\/#organization\",\"name\":\"Dicodusport\",\"url\":\"https:\/\/dicodusport.fr\/blog\/\",\"logo\":{\"@type\":\"ImageObject\",\"inLanguage\":\"fr-FR\",\"@id\":\"https:\/\/dicodusport.fr\/blog\/#\/schema\/logo\/image\/\",\"url\":\"https:\/\/dicodusport.fr\/blog\/wp-content\/uploads\/2020\/06\/cropped-LOGO-DICODUSPORT-2020-SANS-FOND-SANS-TEXTE.png\",\"contentUrl\":\"https:\/\/dicodusport.fr\/blog\/wp-content\/uploads\/2020\/06\/cropped-LOGO-DICODUSPORT-2020-SANS-FOND-SANS-TEXTE.png\",\"width\":512,\"height\":512,\"caption\":\"Dicodusport\"},\"image\":{\"@id\":\"https:\/\/dicodusport.fr\/blog\/#\/schema\/logo\/image\/\"},\"sameAs\":[\"https:\/\/www.facebook.com\/dicodusport\",\"https:\/\/x.com\/dicodusport\",\"https:\/\/www.instagram.com\/dicodusport\/\",\"https:\/\/www.youtube.com\/channel\/UC7V2KZ5sd3htJivAbA4ZG3w\"],\"description\":\"Dicodusport est l'encyclop\u00e9die de l'actualit\u00e9 sportive.\",\"email\":\"bonjour@dicodusport.fr\",\"legalName\":\"DICODUSPORT\",\"foundingDate\":\"2018-01-14\",\"vatID\":\"FR71834470973\",\"taxID\":\"83447097300043\",\"numberOfEmployees\":{\"@type\":\"QuantitativeValue\",\"minValue\":\"1\",\"maxValue\":\"10\"}},{\"@type\":\"Person\",\"@id\":\"https:\/\/dicodusport.fr\/blog\/#\/schema\/person\/6db4bae06b171592211be385b32876a7\",\"name\":\"Emilien Descampiaux\",\"image\":{\"@type\":\"ImageObject\",\"inLanguage\":\"fr-FR\",\"@id\":\"https:\/\/dicodusport.fr\/blog\/#\/schema\/person\/image\/\",\"url\":\"https:\/\/dicodusport.fr\/blog\/wp-content\/uploads\/2021\/05\/Emilien-Descampiaux-150x150.jpg\",\"contentUrl\":\"https:\/\/dicodusport.fr\/blog\/wp-content\/uploads\/2021\/05\/Emilien-Descampiaux-150x150.jpg\",\"caption\":\"Emilien Descampiaux\"},\"description\":\"Journaliste\/r\u00e9dacteur depuis 2014 - Fan de la classe de Frank Vandenbroucke, je vis cyclisme (et de ses paysages) depuis plus de 20 ans. Je suis tr\u00e8s impliqu\u00e9 sur mes diff\u00e9rents r\u00e9seaux sociaux pour partager ma passion sur le monde et l'Histoire de la bicyclette avec ma voix sur les images en noir et blanc du succ\u00e8s de Rik Van Steenbergen lors du Ronde sur le V\u00e9lodrome de Gand.\",\"sameAs\":[\"https:\/\/www.facebook.com\/groups\/LesRoisDuPeloton\",\"https:\/\/x.com\/https:\/\/twitter.com\/LRoisDuPeloton\"],\"url\":\"https:\/\/dicodusport.fr\/blog\/author\/emiliend\/\"}]}<\/script>\n<!-- \/ Yoast SEO Premium plugin. -->","yoast_head_json":{"title":"Descente Cortina d'Ampezzo : Sofia Goggia gagne en patronne","description":"COUPE DU MONDE DE SKI ALPIN 2022-2023 - Sofia Goggia a remport\u00e9 la premi\u00e8re descente de Cortina d'Ampezzo, ce vendredi.","robots":{"index":"index","follow":"follow","max-snippet":"max-snippet:-1","max-image-preview":"max-image-preview:large","max-video-preview":"max-video-preview:-1"},"canonical":"https:\/\/dicodusport.fr\/blog\/descente-cortina-dampezzo-sofia-goggia-gagne-en-patronne\/","og_locale":"fr_FR","og_type":"article","og_title":"Descente Cortina d'Ampezzo : Sofia Goggia gagne en patronne","og_description":"COUPE DU MONDE DE SKI ALPIN 2022-2023 - Sofia Goggia a remport\u00e9 la premi\u00e8re descente de Cortina d'Ampezzo, ce vendredi.","og_url":"https:\/\/dicodusport.fr\/blog\/descente-cortina-dampezzo-sofia-goggia-gagne-en-patronne\/","og_site_name":"Dicodusport","article_publisher":"https:\/\/www.facebook.com\/dicodusport","article_author":"https:\/\/www.facebook.com\/groups\/LesRoisDuPeloton","article_published_time":"2023-01-20T10:33:29+00:00","article_modified_time":"2023-01-20T16:28:43+00:00","og_image":[{"width":800,"height":445,"url":"https:\/\/dicodusport.fr\/blog\/wp-content\/uploads\/2023\/01\/Descente-Cortina-dAmpezzo-Sofia-Goggia-gagne-en-patronne-1.png","type":"image\/png"}],"author":"Emilien Descampiaux","twitter_card":"summary_large_image","twitter_title":"Descente Cortina d'Ampezzo : Sofia Goggia gagne en patronne","twitter_creator":"@https:\/\/twitter.com\/LRoisDuPeloton","twitter_site":"@dicodusport","schema":{"@context":"https:\/\/schema.org","@graph":[{"@type":"NewsArticle","@id":"https:\/\/dicodusport.fr\/blog\/descente-cortina-dampezzo-sofia-goggia-gagne-en-patronne\/#article","isPartOf":{"@id":"https:\/\/dicodusport.fr\/blog\/descente-cortina-dampezzo-sofia-goggia-gagne-en-patronne\/"},"author":{"name":"Emilien Descampiaux","@id":"https:\/\/dicodusport.fr\/blog\/#\/schema\/person\/6db4bae06b171592211be385b32876a7"},"headline":"Descente Cortina d&rsquo;Ampezzo : Sofia Goggia gagne en patronne","datePublished":"2023-01-20T10:33:29+00:00","dateModified":"2023-01-20T16:28:43+00:00","mainEntityOfPage":{"@id":"https:\/\/dicodusport.fr\/blog\/descente-cortina-dampezzo-sofia-goggia-gagne-en-patronne\/"},"wordCount":346,"commentCount":0,"publisher":{"@id":"https:\/\/dicodusport.fr\/blog\/#organization"},"image":{"@id":"https:\/\/dicodusport.fr\/blog\/descente-cortina-dampezzo-sofia-goggia-gagne-en-patronne\/#primaryimage"},"thumbnailUrl":"https:\/\/dicodusport.fr\/blog\/wp-content\/uploads\/2023\/01\/Descente-Cortina-dAmpezzo-Sofia-Goggia-gagne-en-patronne-1.png","keywords":["Coupe du monde","Ski alpin","sport"],"articleSection":["Coupe du monde de ski alpin"],"inLanguage":"fr-FR","potentialAction":[{"@type":"CommentAction","name":"Comment","target":["https:\/\/dicodusport.fr\/blog\/descente-cortina-dampezzo-sofia-goggia-gagne-en-patronne\/#respond"]}],"copyrightYear":"2023","copyrightHolder":{"@id":"https:\/\/dicodusport.fr\/blog\/#organization"}},{"@type":"WebPage","@id":"https:\/\/dicodusport.fr\/blog\/descente-cortina-dampezzo-sofia-goggia-gagne-en-patronne\/","url":"https:\/\/dicodusport.fr\/blog\/descente-cortina-dampezzo-sofia-goggia-gagne-en-patronne\/","name":"Descente Cortina d'Ampezzo : Sofia Goggia gagne en patronne","isPartOf":{"@id":"https:\/\/dicodusport.fr\/blog\/#website"},"primaryImageOfPage":{"@id":"https:\/\/dicodusport.fr\/blog\/descente-cortina-dampezzo-sofia-goggia-gagne-en-patronne\/#primaryimage"},"image":{"@id":"https:\/\/dicodusport.fr\/blog\/descente-cortina-dampezzo-sofia-goggia-gagne-en-patronne\/#primaryimage"},"thumbnailUrl":"https:\/\/dicodusport.fr\/blog\/wp-content\/uploads\/2023\/01\/Descente-Cortina-dAmpezzo-Sofia-Goggia-gagne-en-patronne-1.png","datePublished":"2023-01-20T10:33:29+00:00","dateModified":"2023-01-20T16:28:43+00:00","description":"COUPE DU MONDE DE SKI ALPIN 2022-2023 - Sofia Goggia a remport\u00e9 la premi\u00e8re descente de Cortina d'Ampezzo, ce vendredi.","breadcrumb":{"@id":"https:\/\/dicodusport.fr\/blog\/descente-cortina-dampezzo-sofia-goggia-gagne-en-patronne\/#breadcrumb"},"inLanguage":"fr-FR","potentialAction":[{"@type":"ReadAction","target":["https:\/\/dicodusport.fr\/blog\/descente-cortina-dampezzo-sofia-goggia-gagne-en-patronne\/"]}]},{"@type":"ImageObject","inLanguage":"fr-FR","@id":"https:\/\/dicodusport.fr\/blog\/descente-cortina-dampezzo-sofia-goggia-gagne-en-patronne\/#primaryimage","url":"https:\/\/dicodusport.fr\/blog\/wp-content\/uploads\/2023\/01\/Descente-Cortina-dAmpezzo-Sofia-Goggia-gagne-en-patronne-1.png","contentUrl":"https:\/\/dicodusport.fr\/blog\/wp-content\/uploads\/2023\/01\/Descente-Cortina-dAmpezzo-Sofia-Goggia-gagne-en-patronne-1.png","width":800,"height":445,"caption":"Descente Cortina d'Ampezzo Sofia Goggia gagne en patronne (1)"},{"@type":"BreadcrumbList","@id":"https:\/\/dicodusport.fr\/blog\/descente-cortina-dampezzo-sofia-goggia-gagne-en-patronne\/#breadcrumb","itemListElement":[{"@type":"ListItem","position":1,"name":"Accueil","item":"https:\/\/dicodusport.fr\/blog\/"},{"@type":"ListItem","position":2,"name":"Descente Cortina d&rsquo;Ampezzo : Sofia Goggia gagne en patronne"}]},{"@type":"WebSite","@id":"https:\/\/dicodusport.fr\/blog\/#website","url":"https:\/\/dicodusport.fr\/blog\/","name":"Dicodusport","description":"L&#039;encyclop\u00e9die de l&#039;actualit\u00e9 sportive","publisher":{"@id":"https:\/\/dicodusport.fr\/blog\/#organization"},"potentialAction":[{"@type":"SearchAction","target":{"@type":"EntryPoint","urlTemplate":"https:\/\/dicodusport.fr\/blog\/?s={search_term_string}"},"query-input":{"@type":"PropertyValueSpecification","valueRequired":true,"valueName":"search_term_string"}}],"inLanguage":"fr-FR"},{"@type":"NewsMediaOrganization","@id":"https:\/\/dicodusport.fr\/blog\/#organization","name":"Dicodusport","url":"https:\/\/dicodusport.fr\/blog\/","logo":{"@type":"ImageObject","inLanguage":"fr-FR","@id":"https:\/\/dicodusport.fr\/blog\/#\/schema\/logo\/image\/","url":"https:\/\/dicodusport.fr\/blog\/wp-content\/uploads\/2020\/06\/cropped-LOGO-DICODUSPORT-2020-SANS-FOND-SANS-TEXTE.png","contentUrl":"https:\/\/dicodusport.fr\/blog\/wp-content\/uploads\/2020\/06\/cropped-LOGO-DICODUSPORT-2020-SANS-FOND-SANS-TEXTE.png","width":512,"height":512,"caption":"Dicodusport"},"image":{"@id":"https:\/\/dicodusport.fr\/blog\/#\/schema\/logo\/image\/"},"sameAs":["https:\/\/www.facebook.com\/dicodusport","https:\/\/x.com\/dicodusport","https:\/\/www.instagram.com\/dicodusport\/","https:\/\/www.youtube.com\/channel\/UC7V2KZ5sd3htJivAbA4ZG3w"],"description":"Dicodusport est l'encyclop\u00e9die de l'actualit\u00e9 sportive.","email":"bonjour@dicodusport.fr","legalName":"DICODUSPORT","foundingDate":"2018-01-14","vatID":"FR71834470973","taxID":"83447097300043","numberOfEmployees":{"@type":"QuantitativeValue","minValue":"1","maxValue":"10"}},{"@type":"Person","@id":"https:\/\/dicodusport.fr\/blog\/#\/schema\/person\/6db4bae06b171592211be385b32876a7","name":"Emilien Descampiaux","image":{"@type":"ImageObject","inLanguage":"fr-FR","@id":"https:\/\/dicodusport.fr\/blog\/#\/schema\/person\/image\/","url":"https:\/\/dicodusport.fr\/blog\/wp-content\/uploads\/2021\/05\/Emilien-Descampiaux-150x150.jpg","contentUrl":"https:\/\/dicodusport.fr\/blog\/wp-content\/uploads\/2021\/05\/Emilien-Descampiaux-150x150.jpg","caption":"Emilien Descampiaux"},"description":"Journaliste\/r\u00e9dacteur depuis 2014 - Fan de la classe de Frank Vandenbroucke, je vis cyclisme (et de ses paysages) depuis plus de 20 ans. Je suis tr\u00e8s impliqu\u00e9 sur mes diff\u00e9rents r\u00e9seaux sociaux pour partager ma passion sur le monde et l'Histoire de la bicyclette avec ma voix sur les images en noir et blanc du succ\u00e8s de Rik Van Steenbergen lors du Ronde sur le V\u00e9lodrome de Gand.","sameAs":["https:\/\/www.facebook.com\/groups\/LesRoisDuPeloton","https:\/\/x.com\/https:\/\/twitter.com\/LRoisDuPeloton"],"url":"https:\/\/dicodusport.fr\/blog\/author\/emiliend\/"}]}},"_links":{"self":[{"href":"https:\/\/dicodusport.fr\/blog\/wp-json\/wp\/v2\/posts\/346437","targetHints":{"allow":["GET"]}}],"collection":[{"href":"https:\/\/dicodusport.fr\/blog\/wp-json\/wp\/v2\/posts"}],"about":[{"href":"https:\/\/dicodusport.fr\/blog\/wp-json\/wp\/v2\/types\/post"}],"author":[{"embeddable":true,"href":"https:\/\/dicodusport.fr\/blog\/wp-json\/wp\/v2\/users\/48"}],"replies":[{"embeddable":true,"href":"https:\/\/dicodusport.fr\/blog\/wp-json\/wp\/v2\/comments?post=346437"}],"version-history":[{"count":0,"href":"https:\/\/dicodusport.fr\/blog\/wp-json\/wp\/v2\/posts\/346437\/revisions"}],"wp:featuredmedia":[{"embeddable":true,"href":"https:\/\/dicodusport.fr\/blog\/wp-json\/wp\/v2\/media\/346756"}],"wp:attachment":[{"href":"https:\/\/dicodusport.fr\/blog\/wp-json\/wp\/v2\/media?parent=346437"}],"wp:term":[{"taxonomy":"category","embeddable":true,"href":"https:\/\/dicodusport.fr\/blog\/wp-json\/wp\/v2\/categories?post=346437"},{"taxonomy":"post_tag","embeddable":true,"href":"https:\/\/dicodusport.fr\/blog\/wp-json\/wp\/v2\/tags?post=346437"}],"curies":[{"name":"wp","href":"https:\/\/api.w.org\/{rel}","templated":true}]}}