{"id":34679,"date":"2019-03-06T16:30:07","date_gmt":"2019-03-06T15:30:07","guid":{"rendered":"http:\/\/dicodusport.fr\/blog\/?p=34679"},"modified":"2019-03-07T08:03:26","modified_gmt":"2019-03-07T07:03:26","slug":"qui-est-joao-felix-la-nouvelle-pepite-du-foot-portugais","status":"publish","type":"post","link":"https:\/\/dicodusport.fr\/blog\/qui-est-joao-felix-la-nouvelle-pepite-du-foot-portugais\/","title":{"rendered":"Qui est Joao F\u00e9lix, la nouvelle p\u00e9pite du foot portugais ?"},"content":{"rendered":"<p style=\"text-align: justify;\"><em><strong>Alors que son club affronte demain soir le Dinamo Zagreb en Europa League, il est devenu la nouvelle coqueluche du SL Benfica et attise les convoitises des plus grands clubs europ\u00e9ens. Lui ? C&rsquo;est Joao F\u00e9lix jeune et talentueux joueur de 19 ans qui semble promis \u00e0 un tr\u00e8s bel avenir.<\/strong><\/em><\/p>\n<p style=\"text-align: justify;\">Rien ne semble arr\u00eater Joao F\u00e9lix ces derniers temps. Le jeune joueur \u00e2g\u00e9 de 19 ans conna\u00eet une progression constante et fulgurante depuis que Bruno Lage a repris les commandes du club lisbo\u00e8te. Alors qu&rsquo;il devait se contenter de quelques miettes lorsque Rui Vitoria dirigeait l&rsquo;\u00e9quipe, le num\u00e9ro 79 des Aigles a bel et bien pris son envol.<\/p>\n<h1 style=\"text-align: justify;\">Des d\u00e9buts&#8230; au FC Porto !<\/h1>\n<p style=\"text-align: justify;\">C&rsquo;est devenu une marque de fabrique, les clubs portugais excellent dans l&rsquo;art du recrutement de joueurs m\u00e9connus, le tout \u00e0 bas prix pour ensuite r\u00e9aliser des plus-values cons\u00e9quentes, \u00e0 l&rsquo;image de joueurs comme Hulk, Falcao, James Rodriguez, Alex Witsel ou encore David Luiz. Cependant, ils peuvent \u00e9galement passer \u00e0 c\u00f4t\u00e9 de v\u00e9ritables p\u00e9pites, et cela peut \u00eatre d&rsquo;autant plus rageant lorsque le joueur en question \u00e9clos dans le club rival. C&rsquo;est le cas de Joao F\u00e9lix, le natif de Viseu dans le centre du Portugal avait fait ses gammes au sein du FC Porto entre 2008 et 2015 avant de rejoindre les U17 de Benfica \u00e0 l&rsquo;\u00e9t\u00e9 2015.<\/p>\n<p style=\"text-align: justify;\">Celui qui \u00e9tait d\u00e9j\u00e0 dot\u00e9 d&rsquo;une technique et d&rsquo;une vision de jeu au-dessus de la moyenne pour certains observateurs, justifia son d\u00e9part pour les raisons suivantes : <em>\u00ab<\/em> <em>Ils n&rsquo;ont pas cru en moi quand moi j&rsquo;y croyais. Ils n&rsquo;avaient pas confiance en moi sur le terrain. Ils critiquaient ma taille. Ils me sortaient du terrain, me privaient de ballon. Au FC Porto, j&rsquo;ai perdu ma joie. \u00c0\u00a0Lisbonne, je l&rsquo;ai r\u00e9cup\u00e9r\u00e9e. Cela a pris du temps. J&rsquo;ai d\u00fb me prouver de nouveau ma valeur.\u00a0\u00bb<\/em> Cela n&rsquo;a peut-\u00eatre pas \u00e9t\u00e9 assez vite pour le joueur, mais ses performances en Youth League, notamment lors de la saison derni\u00e8re et son instauration dans le onze type de Bruno Lage, ont permis de mettre en lumi\u00e8re les qualit\u00e9s hors-normes du joueur portugais. Les dirigeants du FC Porto doivent aujourd&rsquo;hui s&rsquo;en mordre les doigts.<\/p>\n<h1 style=\"text-align: justify;\">Les clubs europ\u00e9ens sont \u00e0 ses pieds<\/h1>\n<p style=\"text-align: justify;\">Buteur lors de\u00a0<em>O Cl\u00e1ssico,\u00a0<\/em>le match opposant le FC Porto \u00e0 son club du SL Benfica, Joao F\u00e9lix a de nouveau \u00e9clabouss\u00e9 de son talent la rencontre en permettant \u00e0 son club d&rsquo;\u00e9galiser avant que Rafa ne donne un avantage d\u00e9finitif aux siens (2-1), dans une rencontre qui pourrait \u00eatre cruciale dans l&rsquo;attribution du titre. Celui qui est un num\u00e9ro 10 de formation, qui a comme idole Kaka, s&rsquo;inspire \u00e9galement d&rsquo;un joueur comme Neymar qu&rsquo;il admire. Alors qu&rsquo;il \u00e9voluait plut\u00f4t sur un c\u00f4t\u00e9 de l&rsquo;attaque lorsque Rui Vitoria dirigeait l&rsquo;\u00e9quipe, il est le plus souvent utilis\u00e9 comme 9 et demi sous les ordres de Bruno Lage qui avait pu d\u00e9couvrir les qualit\u00e9s du joueur lorsqu&rsquo;il l&rsquo;avait sous ses ordres au sein de l&rsquo;\u00e9quipe r\u00e9serve du club.<\/p>\n<p style=\"text-align: justify;\">Le fait que Rui Vitoria soit d\u00e9barqu\u00e9 au profit de Bruno Lage a v\u00e9ritablement marqu\u00e9 un tournant dans la saison de l&rsquo;international espoir, qui a pris de plus en plus d&rsquo;importance au sein de l&rsquo;effectif, devenant en l&rsquo;espace de quelques semaines l&rsquo;une des pi\u00e8ces essentielles de l&rsquo;\u00e9quipe. Pour aller dans ce sens, il suffit de jeter un \u0153il aux statistiques impressionnantes du jeune prodige consid\u00e9r\u00e9 par Rui Gomes Da Silva ancien vice-pr\u00e9sident du club, comme<em> \u00ab le meilleur joueur portugais du moment \u00bb.<\/em> En l&rsquo;espace de 16 matchs de championnat disput\u00e9s cette saison, dont 10 dans la peau d&rsquo;un titulaire, le joueur a inscrit la bagatelle de 9 buts et d\u00e9livr\u00e9 5 passes d\u00e9cisives, rien que \u00e7a.<\/p>\n<p style=\"text-align: justify;\">Celui qui se consid\u00e8re comme \u00ab <em>un joueur intelligent et impr\u00e9visible qui aime rester en contact avec le ballon \u00bb, <\/em>ne cesse de faire augmenter sa cote et d&rsquo;attirer les plus grands clubs europ\u00e9ens. En tous les cas, si le club portugais sait qu&rsquo;il ne pourra garder ind\u00e9finiment le joueur, il a pris les devants en le prolongeant en novembre dernier jusqu&rsquo;en 2023 et en y int\u00e9grant une clause \u00e0 120 millions d&rsquo;euros qui pourrait m\u00eame atteindre les 200 millions d&rsquo;euros prochainement. Si des cracks sont souvent annonc\u00e9s, le joueur semble v\u00e9ritablement avoir ce truc en plus qui fait de lui \u00e0 l&rsquo;heure actuelle, l&rsquo;un des joueurs les plus dou\u00e9s de sa g\u00e9n\u00e9ration.<\/p>\n<div id=\"attachment_34767\" style=\"width: 834px\" class=\"wp-caption aligncenter\"><img loading=\"lazy\" decoding=\"async\" aria-describedby=\"caption-attachment-34767\" class=\" wp-image-34767\" src=\"http:\/\/dicodusport.fr\/blog\/wp-content\/uploads\/2019\/03\/Joao-F\u00e9lix-joueur-du-mois-de-f\u00e9vrier-au-Portugal-SL-Benfica.jpg\" alt=\"\" width=\"824\" height=\"546\" srcset=\"https:\/\/dicodusport.fr\/blog\/wp-content\/uploads\/2019\/03\/Joao-F\u00e9lix-joueur-du-mois-de-f\u00e9vrier-au-Portugal-SL-Benfica.jpg 960w, https:\/\/dicodusport.fr\/blog\/wp-content\/uploads\/2019\/03\/Joao-F\u00e9lix-joueur-du-mois-de-f\u00e9vrier-au-Portugal-SL-Benfica-300x199.jpg 300w, https:\/\/dicodusport.fr\/blog\/wp-content\/uploads\/2019\/03\/Joao-F\u00e9lix-joueur-du-mois-de-f\u00e9vrier-au-Portugal-SL-Benfica-768x509.jpg 768w\" sizes=\"auto, (max-width: 824px) 100vw, 824px\" \/><p id=\"caption-attachment-34767\" class=\"wp-caption-text\">Joao F\u00e9lix joueur du mois de f\u00e9vrier au Portugal &#8211; SL Benfica<\/p><\/div>\n<h1 style=\"text-align: justify;\">Attention \u00e0 ne pas br\u00fbler les \u00e9tapes<\/h1>\n<p style=\"text-align: justify;\">Au sein de l&rsquo;effectif actuel du SL Benfica, d&rsquo;autres jeunes joueurs ont affich\u00e9 de belles promesses et pourraient r\u00e9aliser une belle carri\u00e8re. Parmi eux, on peut recenser notamment Gedson Fernandes, un temps annonc\u00e9 \u00eatre suivi par le PSG entre autres. Le milieu de terrain polyvalent \u00e2g\u00e9 de 20 ans, qui jouit d&rsquo;une certaine aisance technique, s&rsquo;est r\u00e9v\u00e9l\u00e9 en d\u00e9but de saison en Ligue des Champions malgr\u00e9 la 3\u00e8me place de son \u00e9quipe en phase de poules et accumulait les titularisations sous Rui Vitoria, \u00e0 l&rsquo;inverse de Joao F\u00e9lix. L&rsquo;instauration de Bruno Lage a clairement chang\u00e9 la donne le concernant et il b\u00e9n\u00e9ficie d&rsquo;un temps de jeu r\u00e9duit, mais nul doute que le joueur est amen\u00e9 \u00e0 progresser davantage afin de s&rsquo;installer durablement dans l&rsquo;\u00e9quipe.<\/p>\n<p style=\"text-align: justify;\">On peut \u00e9galement citer le d\u00e9fenseur central Ruben Dias (21 ans), \u00e0 qui l&rsquo;Olympique Lyonnais a fait les yeux doux tout l&rsquo;\u00e9t\u00e9 dernier ou encore son comp\u00e8re de d\u00e9fense centrale Francisco Ferro (22ans). Si tous ces joueurs vont faire l&rsquo;objet d&rsquo;offres ou d&rsquo;approches des plus grands clubs europ\u00e9ens dans les mois \u00e0 venir, il sera important pour eux de ne pas br\u00fbler les \u00e9tapes. A l&rsquo;image de Renato Sanches, \u00e9poustouflant lors de la saison 2015\/2016 sous le maillot du SLB, le joueur allait r\u00e9pondre aux avances du Bayern Munich qui \u00e9tait notamment tomb\u00e9 sous son charme lors de la double confrontation des deux \u00e9quipes en quart de finale de la Ligue des Champions (1-0\/2-2 en faveur des Bavarois).<\/p>\n<p style=\"text-align: justify;\">Transf\u00e9r\u00e9 pour 35 millions (hors bonus), celui qui a \u00e9t\u00e9 \u00e9lu meilleur jeune de l&rsquo;Euro 2016, et plus jeune vainqueur de la comp\u00e9tition alors qu&rsquo;il n&rsquo;avait pas encore 19 ans, peine \u00e0 confirmer tout son talent outre-Rhin, en t\u00e9moigne son pr\u00eat en 2017\/2018 du c\u00f4t\u00e9 de Swansea qui n&rsquo;avait gu\u00e8re \u00e9t\u00e9 concluant. Dans une moindre mesure, on peut \u00e9galement citer Gon\u00e7alo Guedes qui, achet\u00e9 par le PSG \u00e0 tout juste 20 ans, s&rsquo;est r\u00e9v\u00e9l\u00e9 l&rsquo;an pass\u00e9 \u00e0 Valence mais\u00a0a toutes les peines du monde \u00e0 confirmer cette saison. Il n&rsquo;a pas inscrit le moindre but et d\u00e9livr\u00e9 seulement une passe d\u00e9cisive.<\/p>\n<p style=\"text-align: justify;\">Si l&rsquo;histoire peut s&rsquo;av\u00e9rer \u00eatre tr\u00e8s belle pour Joao F\u00e9lix, il ne devra donc pas br\u00fbler les \u00e9tapes, et suivre un chemin de carri\u00e8re coh\u00e9rent. A l&rsquo;aise ballon aux pieds, le joueur semble \u00e9galement (du moins pour le moment) avoir la t\u00eate sur les \u00e9paules. A l&rsquo;instar du proverbe portugais qui dit \u00ab\u00a0<em>Agora \u00e9 que a porca torce o rabo\u00a0\u00bb*, <\/em>le joueur devra confirmer. On esp\u00e8re pour lui, et pour le plaisir de nos yeux, qu&rsquo;il sera amen\u00e9 \u00e0 \u00e9crire une belle histoire.<\/p>\n<p style=\"text-align: justify;\">* Proverbe portugais se traduisant par : \u00ab\u00a0Maintenant les truies vont commencer \u00e0 remuer la queue\u00a0\u00bb, comprendre les choses vont se corser.<\/p>\n<p><strong><em>Julien Corr\u00e9ia<br \/>\n<a href=\"https:\/\/www.facebook.com\/julien.correia.52\" target=\"_blank\" rel=\"noopener\"><img loading=\"lazy\" decoding=\"async\" class=\"alignnone wp-image-2909\" src=\"http:\/\/dicodusport.fr\/blog\/wp-content\/uploads\/2017\/07\/logo-facebook-150x150.png\" alt=\"\" width=\"40\" height=\"40\" \/><\/a><a href=\"https:\/\/twitter.com\/julienco_psg70\" target=\"_blank\" rel=\"noopener\"><img loading=\"lazy\" decoding=\"async\" class=\"alignnone wp-image-2908\" src=\"http:\/\/dicodusport.fr\/blog\/wp-content\/uploads\/2017\/07\/logo-twitter-150x150.png\" alt=\"\" width=\"39\" height=\"39\" \/><\/a><\/em><\/strong><\/p>\n","protected":false},"excerpt":{"rendered":"<p>Pr\u00e9sentation de Joao F\u00e9lix, le jeune joueur de 19 ans du SL Benfica, futur crack qui attise la convoitise des plus grands clubs europ\u00e9ens.<\/p>\n","protected":false},"author":37,"featured_media":34766,"comment_status":"open","ping_status":"closed","sticky":false,"template":"","format":"standard","meta":{"_acf_changed":false,"_daextam_enable_autolinks":"","footnotes":""},"categories":[2,2301],"tags":[75,89],"class_list":["post-34679","post","type-post","status-publish","format-standard","has-post-thumbnail","hentry","category-actualites","category-football","tag-football","tag-portugal"],"acf":[],"yoast_head":"<!-- This site is optimized with the Yoast SEO Premium plugin v26.7 (Yoast SEO v26.7) - https:\/\/yoast.com\/wordpress\/plugins\/seo\/ -->\n<title>Qui est Joao F\u00e9lix, la nouvelle p\u00e9pite du foot portugais ?<\/title>\n<meta name=\"description\" content=\"Pr\u00e9sentation de Joao F\u00e9lix, le jeune joueur de 19 ans du SL Benfica, futur crack qui attise la convoitise des plus grands clubs europ\u00e9ens.\" \/>\n<meta name=\"robots\" content=\"index, follow, max-snippet:-1, max-image-preview:large, max-video-preview:-1\" \/>\n<link rel=\"canonical\" href=\"https:\/\/dicodusport.fr\/blog\/qui-est-joao-felix-la-nouvelle-pepite-du-foot-portugais\/\" \/>\n<meta property=\"og:locale\" content=\"fr_FR\" \/>\n<meta property=\"og:type\" content=\"article\" \/>\n<meta property=\"og:title\" content=\"Qui est Joao F\u00e9lix, la nouvelle p\u00e9pite du foot portugais ?\" \/>\n<meta property=\"og:description\" content=\"Pr\u00e9sentation de Joao F\u00e9lix, le jeune joueur de 19 ans du SL Benfica, futur crack qui attise la convoitise des plus grands clubs europ\u00e9ens.\" \/>\n<meta property=\"og:url\" content=\"https:\/\/dicodusport.fr\/blog\/qui-est-joao-felix-la-nouvelle-pepite-du-foot-portugais\/\" \/>\n<meta property=\"og:site_name\" content=\"Dicodusport\" \/>\n<meta property=\"article:publisher\" content=\"https:\/\/www.facebook.com\/dicodusport\" \/>\n<meta property=\"article:author\" content=\"https:\/\/www.facebook.com\/julien.correia.52\" \/>\n<meta property=\"article:published_time\" content=\"2019-03-06T15:30:07+00:00\" \/>\n<meta property=\"article:modified_time\" content=\"2019-03-07T07:03:26+00:00\" \/>\n<meta property=\"og:image\" content=\"https:\/\/dicodusport.fr\/blog\/wp-content\/uploads\/2019\/03\/Joao-F\u00e9lix-SL-Benfica.png\" \/>\n\t<meta property=\"og:image:width\" content=\"800\" \/>\n\t<meta property=\"og:image:height\" content=\"445\" \/>\n\t<meta property=\"og:image:type\" content=\"image\/png\" \/>\n<meta name=\"author\" content=\"Julien Correia\" \/>\n<meta name=\"twitter:card\" content=\"summary_large_image\" \/>\n<meta name=\"twitter:creator\" content=\"@https:\/\/twitter.com\/julienco_psg70\" \/>\n<meta name=\"twitter:site\" content=\"@dicodusport\" \/>\n<script type=\"application\/ld+json\" class=\"yoast-schema-graph\">{\"@context\":\"https:\/\/schema.org\",\"@graph\":[{\"@type\":\"NewsArticle\",\"@id\":\"https:\/\/dicodusport.fr\/blog\/qui-est-joao-felix-la-nouvelle-pepite-du-foot-portugais\/#article\",\"isPartOf\":{\"@id\":\"https:\/\/dicodusport.fr\/blog\/qui-est-joao-felix-la-nouvelle-pepite-du-foot-portugais\/\"},\"author\":{\"name\":\"Julien Correia\",\"@id\":\"https:\/\/dicodusport.fr\/blog\/#\/schema\/person\/0f73d157e4670e108e23009fa82f2239\"},\"headline\":\"Qui est Joao F\u00e9lix, la nouvelle p\u00e9pite du foot portugais ?\",\"datePublished\":\"2019-03-06T15:30:07+00:00\",\"dateModified\":\"2019-03-07T07:03:26+00:00\",\"mainEntityOfPage\":{\"@id\":\"https:\/\/dicodusport.fr\/blog\/qui-est-joao-felix-la-nouvelle-pepite-du-foot-portugais\/\"},\"wordCount\":1326,\"commentCount\":0,\"publisher\":{\"@id\":\"https:\/\/dicodusport.fr\/blog\/#organization\"},\"image\":{\"@id\":\"https:\/\/dicodusport.fr\/blog\/qui-est-joao-felix-la-nouvelle-pepite-du-foot-portugais\/#primaryimage\"},\"thumbnailUrl\":\"https:\/\/dicodusport.fr\/blog\/wp-content\/uploads\/2019\/03\/Joao-F\u00e9lix-SL-Benfica.png\",\"keywords\":[\"Football\",\"Portugal\"],\"articleSection\":[\"Actualit\u00e9s\",\"Football\"],\"inLanguage\":\"fr-FR\",\"potentialAction\":[{\"@type\":\"CommentAction\",\"name\":\"Comment\",\"target\":[\"https:\/\/dicodusport.fr\/blog\/qui-est-joao-felix-la-nouvelle-pepite-du-foot-portugais\/#respond\"]}],\"copyrightYear\":\"2019\",\"copyrightHolder\":{\"@id\":\"https:\/\/dicodusport.fr\/blog\/#organization\"}},{\"@type\":\"WebPage\",\"@id\":\"https:\/\/dicodusport.fr\/blog\/qui-est-joao-felix-la-nouvelle-pepite-du-foot-portugais\/\",\"url\":\"https:\/\/dicodusport.fr\/blog\/qui-est-joao-felix-la-nouvelle-pepite-du-foot-portugais\/\",\"name\":\"Qui est Joao F\u00e9lix, la nouvelle p\u00e9pite du foot portugais ?\",\"isPartOf\":{\"@id\":\"https:\/\/dicodusport.fr\/blog\/#website\"},\"primaryImageOfPage\":{\"@id\":\"https:\/\/dicodusport.fr\/blog\/qui-est-joao-felix-la-nouvelle-pepite-du-foot-portugais\/#primaryimage\"},\"image\":{\"@id\":\"https:\/\/dicodusport.fr\/blog\/qui-est-joao-felix-la-nouvelle-pepite-du-foot-portugais\/#primaryimage\"},\"thumbnailUrl\":\"https:\/\/dicodusport.fr\/blog\/wp-content\/uploads\/2019\/03\/Joao-F\u00e9lix-SL-Benfica.png\",\"datePublished\":\"2019-03-06T15:30:07+00:00\",\"dateModified\":\"2019-03-07T07:03:26+00:00\",\"description\":\"Pr\u00e9sentation de Joao F\u00e9lix, le jeune joueur de 19 ans du SL Benfica, futur crack qui attise la convoitise des plus grands clubs europ\u00e9ens.\",\"breadcrumb\":{\"@id\":\"https:\/\/dicodusport.fr\/blog\/qui-est-joao-felix-la-nouvelle-pepite-du-foot-portugais\/#breadcrumb\"},\"inLanguage\":\"fr-FR\",\"potentialAction\":[{\"@type\":\"ReadAction\",\"target\":[\"https:\/\/dicodusport.fr\/blog\/qui-est-joao-felix-la-nouvelle-pepite-du-foot-portugais\/\"]}]},{\"@type\":\"ImageObject\",\"inLanguage\":\"fr-FR\",\"@id\":\"https:\/\/dicodusport.fr\/blog\/qui-est-joao-felix-la-nouvelle-pepite-du-foot-portugais\/#primaryimage\",\"url\":\"https:\/\/dicodusport.fr\/blog\/wp-content\/uploads\/2019\/03\/Joao-F\u00e9lix-SL-Benfica.png\",\"contentUrl\":\"https:\/\/dicodusport.fr\/blog\/wp-content\/uploads\/2019\/03\/Joao-F\u00e9lix-SL-Benfica.png\",\"width\":800,\"height\":445},{\"@type\":\"BreadcrumbList\",\"@id\":\"https:\/\/dicodusport.fr\/blog\/qui-est-joao-felix-la-nouvelle-pepite-du-foot-portugais\/#breadcrumb\",\"itemListElement\":[{\"@type\":\"ListItem\",\"position\":1,\"name\":\"Accueil\",\"item\":\"https:\/\/dicodusport.fr\/blog\/\"},{\"@type\":\"ListItem\",\"position\":2,\"name\":\"Qui est Joao F\u00e9lix, la nouvelle p\u00e9pite du foot portugais ?\"}]},{\"@type\":\"WebSite\",\"@id\":\"https:\/\/dicodusport.fr\/blog\/#website\",\"url\":\"https:\/\/dicodusport.fr\/blog\/\",\"name\":\"Dicodusport\",\"description\":\"L&#039;encyclop\u00e9die de l&#039;actualit\u00e9 sportive\",\"publisher\":{\"@id\":\"https:\/\/dicodusport.fr\/blog\/#organization\"},\"potentialAction\":[{\"@type\":\"SearchAction\",\"target\":{\"@type\":\"EntryPoint\",\"urlTemplate\":\"https:\/\/dicodusport.fr\/blog\/?s={search_term_string}\"},\"query-input\":{\"@type\":\"PropertyValueSpecification\",\"valueRequired\":true,\"valueName\":\"search_term_string\"}}],\"inLanguage\":\"fr-FR\"},{\"@type\":\"NewsMediaOrganization\",\"@id\":\"https:\/\/dicodusport.fr\/blog\/#organization\",\"name\":\"Dicodusport\",\"url\":\"https:\/\/dicodusport.fr\/blog\/\",\"logo\":{\"@type\":\"ImageObject\",\"inLanguage\":\"fr-FR\",\"@id\":\"https:\/\/dicodusport.fr\/blog\/#\/schema\/logo\/image\/\",\"url\":\"https:\/\/dicodusport.fr\/blog\/wp-content\/uploads\/2020\/06\/cropped-LOGO-DICODUSPORT-2020-SANS-FOND-SANS-TEXTE.png\",\"contentUrl\":\"https:\/\/dicodusport.fr\/blog\/wp-content\/uploads\/2020\/06\/cropped-LOGO-DICODUSPORT-2020-SANS-FOND-SANS-TEXTE.png\",\"width\":512,\"height\":512,\"caption\":\"Dicodusport\"},\"image\":{\"@id\":\"https:\/\/dicodusport.fr\/blog\/#\/schema\/logo\/image\/\"},\"sameAs\":[\"https:\/\/www.facebook.com\/dicodusport\",\"https:\/\/x.com\/dicodusport\",\"https:\/\/www.instagram.com\/dicodusport\/\",\"https:\/\/www.youtube.com\/channel\/UC7V2KZ5sd3htJivAbA4ZG3w\"],\"description\":\"Dicodusport est l'encyclop\u00e9die de l'actualit\u00e9 sportive.\",\"email\":\"bonjour@dicodusport.fr\",\"legalName\":\"DICODUSPORT\",\"foundingDate\":\"2018-01-14\",\"vatID\":\"FR71834470973\",\"taxID\":\"83447097300043\",\"numberOfEmployees\":{\"@type\":\"QuantitativeValue\",\"minValue\":\"1\",\"maxValue\":\"10\"}},{\"@type\":\"Person\",\"@id\":\"https:\/\/dicodusport.fr\/blog\/#\/schema\/person\/0f73d157e4670e108e23009fa82f2239\",\"name\":\"Julien Correia\",\"image\":{\"@type\":\"ImageObject\",\"inLanguage\":\"fr-FR\",\"@id\":\"https:\/\/dicodusport.fr\/blog\/#\/schema\/person\/image\/\",\"url\":\"https:\/\/dicodusport.fr\/blog\/wp-content\/uploads\/2021\/05\/Julien-Correia-150x150.jpg\",\"contentUrl\":\"https:\/\/dicodusport.fr\/blog\/wp-content\/uploads\/2021\/05\/Julien-Correia-150x150.jpg\",\"caption\":\"Julien Correia\"},\"description\":\"Journaliste\/r\u00e9dacteur depuis janvier 2019 - Tomb\u00e9 dans le monde du ballon rond \u00e9tant petit, j\u2019aurais pu devenir pro sans ces foutus ligaments crois\u00e9s. D\u00e9filant sur les champs (mais pas Elys\u00e9es) en 98, j\u2019ai \u00e9t\u00e9 berc\u00e9 par les exploits de Mister George, piqu\u00e9 par la technique du Snake, grandi avec Captain Rai et Ronnie, m\u00fbri avec Pauleta et Edi. Mais Ibracadabra, je suis d\u00e9sormais reconverti en runner\/traileur. Moins rapide que Bolt et moins endurant que Jornet, c\u2019est donc plume \u00e0 la main que je partage les exploits de ces athl\u00e8tes !\",\"sameAs\":[\"https:\/\/www.facebook.com\/julien.correia.52\",\"https:\/\/x.com\/https:\/\/twitter.com\/julienco_psg70\"],\"url\":\"https:\/\/dicodusport.fr\/blog\/author\/julien-c\/\"}]}<\/script>\n<!-- \/ Yoast SEO Premium plugin. -->","yoast_head_json":{"title":"Qui est Joao F\u00e9lix, la nouvelle p\u00e9pite du foot portugais ?","description":"Pr\u00e9sentation de Joao F\u00e9lix, le jeune joueur de 19 ans du SL Benfica, futur crack qui attise la convoitise des plus grands clubs europ\u00e9ens.","robots":{"index":"index","follow":"follow","max-snippet":"max-snippet:-1","max-image-preview":"max-image-preview:large","max-video-preview":"max-video-preview:-1"},"canonical":"https:\/\/dicodusport.fr\/blog\/qui-est-joao-felix-la-nouvelle-pepite-du-foot-portugais\/","og_locale":"fr_FR","og_type":"article","og_title":"Qui est Joao F\u00e9lix, la nouvelle p\u00e9pite du foot portugais ?","og_description":"Pr\u00e9sentation de Joao F\u00e9lix, le jeune joueur de 19 ans du SL Benfica, futur crack qui attise la convoitise des plus grands clubs europ\u00e9ens.","og_url":"https:\/\/dicodusport.fr\/blog\/qui-est-joao-felix-la-nouvelle-pepite-du-foot-portugais\/","og_site_name":"Dicodusport","article_publisher":"https:\/\/www.facebook.com\/dicodusport","article_author":"https:\/\/www.facebook.com\/julien.correia.52","article_published_time":"2019-03-06T15:30:07+00:00","article_modified_time":"2019-03-07T07:03:26+00:00","og_image":[{"width":800,"height":445,"url":"https:\/\/dicodusport.fr\/blog\/wp-content\/uploads\/2019\/03\/Joao-F\u00e9lix-SL-Benfica.png","type":"image\/png"}],"author":"Julien Correia","twitter_card":"summary_large_image","twitter_creator":"@https:\/\/twitter.com\/julienco_psg70","twitter_site":"@dicodusport","schema":{"@context":"https:\/\/schema.org","@graph":[{"@type":"NewsArticle","@id":"https:\/\/dicodusport.fr\/blog\/qui-est-joao-felix-la-nouvelle-pepite-du-foot-portugais\/#article","isPartOf":{"@id":"https:\/\/dicodusport.fr\/blog\/qui-est-joao-felix-la-nouvelle-pepite-du-foot-portugais\/"},"author":{"name":"Julien Correia","@id":"https:\/\/dicodusport.fr\/blog\/#\/schema\/person\/0f73d157e4670e108e23009fa82f2239"},"headline":"Qui est Joao F\u00e9lix, la nouvelle p\u00e9pite du foot portugais ?","datePublished":"2019-03-06T15:30:07+00:00","dateModified":"2019-03-07T07:03:26+00:00","mainEntityOfPage":{"@id":"https:\/\/dicodusport.fr\/blog\/qui-est-joao-felix-la-nouvelle-pepite-du-foot-portugais\/"},"wordCount":1326,"commentCount":0,"publisher":{"@id":"https:\/\/dicodusport.fr\/blog\/#organization"},"image":{"@id":"https:\/\/dicodusport.fr\/blog\/qui-est-joao-felix-la-nouvelle-pepite-du-foot-portugais\/#primaryimage"},"thumbnailUrl":"https:\/\/dicodusport.fr\/blog\/wp-content\/uploads\/2019\/03\/Joao-F\u00e9lix-SL-Benfica.png","keywords":["Football","Portugal"],"articleSection":["Actualit\u00e9s","Football"],"inLanguage":"fr-FR","potentialAction":[{"@type":"CommentAction","name":"Comment","target":["https:\/\/dicodusport.fr\/blog\/qui-est-joao-felix-la-nouvelle-pepite-du-foot-portugais\/#respond"]}],"copyrightYear":"2019","copyrightHolder":{"@id":"https:\/\/dicodusport.fr\/blog\/#organization"}},{"@type":"WebPage","@id":"https:\/\/dicodusport.fr\/blog\/qui-est-joao-felix-la-nouvelle-pepite-du-foot-portugais\/","url":"https:\/\/dicodusport.fr\/blog\/qui-est-joao-felix-la-nouvelle-pepite-du-foot-portugais\/","name":"Qui est Joao F\u00e9lix, la nouvelle p\u00e9pite du foot portugais ?","isPartOf":{"@id":"https:\/\/dicodusport.fr\/blog\/#website"},"primaryImageOfPage":{"@id":"https:\/\/dicodusport.fr\/blog\/qui-est-joao-felix-la-nouvelle-pepite-du-foot-portugais\/#primaryimage"},"image":{"@id":"https:\/\/dicodusport.fr\/blog\/qui-est-joao-felix-la-nouvelle-pepite-du-foot-portugais\/#primaryimage"},"thumbnailUrl":"https:\/\/dicodusport.fr\/blog\/wp-content\/uploads\/2019\/03\/Joao-F\u00e9lix-SL-Benfica.png","datePublished":"2019-03-06T15:30:07+00:00","dateModified":"2019-03-07T07:03:26+00:00","description":"Pr\u00e9sentation de Joao F\u00e9lix, le jeune joueur de 19 ans du SL Benfica, futur crack qui attise la convoitise des plus grands clubs europ\u00e9ens.","breadcrumb":{"@id":"https:\/\/dicodusport.fr\/blog\/qui-est-joao-felix-la-nouvelle-pepite-du-foot-portugais\/#breadcrumb"},"inLanguage":"fr-FR","potentialAction":[{"@type":"ReadAction","target":["https:\/\/dicodusport.fr\/blog\/qui-est-joao-felix-la-nouvelle-pepite-du-foot-portugais\/"]}]},{"@type":"ImageObject","inLanguage":"fr-FR","@id":"https:\/\/dicodusport.fr\/blog\/qui-est-joao-felix-la-nouvelle-pepite-du-foot-portugais\/#primaryimage","url":"https:\/\/dicodusport.fr\/blog\/wp-content\/uploads\/2019\/03\/Joao-F\u00e9lix-SL-Benfica.png","contentUrl":"https:\/\/dicodusport.fr\/blog\/wp-content\/uploads\/2019\/03\/Joao-F\u00e9lix-SL-Benfica.png","width":800,"height":445},{"@type":"BreadcrumbList","@id":"https:\/\/dicodusport.fr\/blog\/qui-est-joao-felix-la-nouvelle-pepite-du-foot-portugais\/#breadcrumb","itemListElement":[{"@type":"ListItem","position":1,"name":"Accueil","item":"https:\/\/dicodusport.fr\/blog\/"},{"@type":"ListItem","position":2,"name":"Qui est Joao F\u00e9lix, la nouvelle p\u00e9pite du foot portugais ?"}]},{"@type":"WebSite","@id":"https:\/\/dicodusport.fr\/blog\/#website","url":"https:\/\/dicodusport.fr\/blog\/","name":"Dicodusport","description":"L&#039;encyclop\u00e9die de l&#039;actualit\u00e9 sportive","publisher":{"@id":"https:\/\/dicodusport.fr\/blog\/#organization"},"potentialAction":[{"@type":"SearchAction","target":{"@type":"EntryPoint","urlTemplate":"https:\/\/dicodusport.fr\/blog\/?s={search_term_string}"},"query-input":{"@type":"PropertyValueSpecification","valueRequired":true,"valueName":"search_term_string"}}],"inLanguage":"fr-FR"},{"@type":"NewsMediaOrganization","@id":"https:\/\/dicodusport.fr\/blog\/#organization","name":"Dicodusport","url":"https:\/\/dicodusport.fr\/blog\/","logo":{"@type":"ImageObject","inLanguage":"fr-FR","@id":"https:\/\/dicodusport.fr\/blog\/#\/schema\/logo\/image\/","url":"https:\/\/dicodusport.fr\/blog\/wp-content\/uploads\/2020\/06\/cropped-LOGO-DICODUSPORT-2020-SANS-FOND-SANS-TEXTE.png","contentUrl":"https:\/\/dicodusport.fr\/blog\/wp-content\/uploads\/2020\/06\/cropped-LOGO-DICODUSPORT-2020-SANS-FOND-SANS-TEXTE.png","width":512,"height":512,"caption":"Dicodusport"},"image":{"@id":"https:\/\/dicodusport.fr\/blog\/#\/schema\/logo\/image\/"},"sameAs":["https:\/\/www.facebook.com\/dicodusport","https:\/\/x.com\/dicodusport","https:\/\/www.instagram.com\/dicodusport\/","https:\/\/www.youtube.com\/channel\/UC7V2KZ5sd3htJivAbA4ZG3w"],"description":"Dicodusport est l'encyclop\u00e9die de l'actualit\u00e9 sportive.","email":"bonjour@dicodusport.fr","legalName":"DICODUSPORT","foundingDate":"2018-01-14","vatID":"FR71834470973","taxID":"83447097300043","numberOfEmployees":{"@type":"QuantitativeValue","minValue":"1","maxValue":"10"}},{"@type":"Person","@id":"https:\/\/dicodusport.fr\/blog\/#\/schema\/person\/0f73d157e4670e108e23009fa82f2239","name":"Julien Correia","image":{"@type":"ImageObject","inLanguage":"fr-FR","@id":"https:\/\/dicodusport.fr\/blog\/#\/schema\/person\/image\/","url":"https:\/\/dicodusport.fr\/blog\/wp-content\/uploads\/2021\/05\/Julien-Correia-150x150.jpg","contentUrl":"https:\/\/dicodusport.fr\/blog\/wp-content\/uploads\/2021\/05\/Julien-Correia-150x150.jpg","caption":"Julien Correia"},"description":"Journaliste\/r\u00e9dacteur depuis janvier 2019 - Tomb\u00e9 dans le monde du ballon rond \u00e9tant petit, j\u2019aurais pu devenir pro sans ces foutus ligaments crois\u00e9s. D\u00e9filant sur les champs (mais pas Elys\u00e9es) en 98, j\u2019ai \u00e9t\u00e9 berc\u00e9 par les exploits de Mister George, piqu\u00e9 par la technique du Snake, grandi avec Captain Rai et Ronnie, m\u00fbri avec Pauleta et Edi. Mais Ibracadabra, je suis d\u00e9sormais reconverti en runner\/traileur. Moins rapide que Bolt et moins endurant que Jornet, c\u2019est donc plume \u00e0 la main que je partage les exploits de ces athl\u00e8tes !","sameAs":["https:\/\/www.facebook.com\/julien.correia.52","https:\/\/x.com\/https:\/\/twitter.com\/julienco_psg70"],"url":"https:\/\/dicodusport.fr\/blog\/author\/julien-c\/"}]}},"_links":{"self":[{"href":"https:\/\/dicodusport.fr\/blog\/wp-json\/wp\/v2\/posts\/34679","targetHints":{"allow":["GET"]}}],"collection":[{"href":"https:\/\/dicodusport.fr\/blog\/wp-json\/wp\/v2\/posts"}],"about":[{"href":"https:\/\/dicodusport.fr\/blog\/wp-json\/wp\/v2\/types\/post"}],"author":[{"embeddable":true,"href":"https:\/\/dicodusport.fr\/blog\/wp-json\/wp\/v2\/users\/37"}],"replies":[{"embeddable":true,"href":"https:\/\/dicodusport.fr\/blog\/wp-json\/wp\/v2\/comments?post=34679"}],"version-history":[{"count":0,"href":"https:\/\/dicodusport.fr\/blog\/wp-json\/wp\/v2\/posts\/34679\/revisions"}],"wp:featuredmedia":[{"embeddable":true,"href":"https:\/\/dicodusport.fr\/blog\/wp-json\/wp\/v2\/media\/34766"}],"wp:attachment":[{"href":"https:\/\/dicodusport.fr\/blog\/wp-json\/wp\/v2\/media?parent=34679"}],"wp:term":[{"taxonomy":"category","embeddable":true,"href":"https:\/\/dicodusport.fr\/blog\/wp-json\/wp\/v2\/categories?post=34679"},{"taxonomy":"post_tag","embeddable":true,"href":"https:\/\/dicodusport.fr\/blog\/wp-json\/wp\/v2\/tags?post=34679"}],"curies":[{"name":"wp","href":"https:\/\/api.w.org\/{rel}","templated":true}]}}