{"id":346916,"date":"2023-01-21T11:20:57","date_gmt":"2023-01-21T10:20:57","guid":{"rendered":"https:\/\/dicodusport.fr\/blog\/?p=346916&#038;preview=true&#038;preview_id=346916"},"modified":"2023-01-21T14:51:09","modified_gmt":"2023-01-21T13:51:09","slug":"descente-cortina-dampezzo-la-revenante-ilka-stuhec-simpose","status":"publish","type":"post","link":"https:\/\/dicodusport.fr\/blog\/descente-cortina-dampezzo-la-revenante-ilka-stuhec-simpose\/","title":{"rendered":"Descente Cortina d&rsquo;Ampezzo : La revenante Ilka Stuhec s&rsquo;impose"},"content":{"rendered":"<p style=\"text-align: justify;\" align=\"justify\"><em><b>COUPE DU MONDE SKI ALPIN SAISON 2022-2023 &#8211; La Slov\u00e8ne Ilka Stuhec s&rsquo;est impos\u00e9e ce samedi sur la seconde descente de Cortina d&rsquo;Ampezzo, en Italie. Elle a devanc\u00e9 la Norv\u00e9gienne Kajsa Vickhoff Lie et l&rsquo;Italienne Elena Curtoni.\u00a0<\/b><\/em><\/p>\n<h2 style=\"text-align: justify;\" align=\"justify\">Le grand retour d&rsquo;Ilka Stuhec<\/h2>\n<p style=\"text-align: justify;\"><span style=\"font-weight: 400;\">D&rsquo;abord, le d\u00e9part a \u00e9t\u00e9 abaiss\u00e9 en raison du vent \u00e0 partir du Duc d&rsquo;Aoste. <strong>Ilka Stuhec<\/strong> s&rsquo;est donc montr\u00e9e la plus rapide sur l&rsquo;Olimpia delle Tofane raccourcie en 1 minute 4 secondes et 73 centi\u00e8mes. La Slov\u00e8ne a pris un gros d\u00e9part avant de prendre des courbes id\u00e9ales avec beaucoup d&rsquo;engagement et le meilleur schuss final. Elle a sign\u00e9 son premier succ\u00e8s en Coupe du monde depuis d\u00e9cembre 2018 \u00e0 Val Gardena. <\/span><\/p>\n<p style=\"text-align: justify;\"><span style=\"font-weight: 400;\"><strong>Stuhec<\/strong> a devanc\u00e9 la surprenante norv\u00e9gienne <strong>Kajsa Vickhoff Lie<\/strong> qui a pris la deuxi\u00e8me place \u00e0 26 centi\u00e8mes avec le dossard 30. Elle est mont\u00e9e sur le deuxi\u00e8me podium de sa carri\u00e8re apr\u00e8s le Super-G de Garmisch-Partenkirchen en janvier 2021.\u00a0<\/span><\/p>\n<p style=\"text-align: justify;\" align=\"justify\">Puis, <strong>Elena Curtoni<\/strong> a marqu\u00e9 un peu sur le bas apr\u00e8s le meilleur troisi\u00e8me tron\u00e7on pour prendre la troisi\u00e8me place \u00e0 35 centi\u00e8mes. Puis, <strong>Ragnhild Mowinckel<\/strong> a fini au pied du podium ex-aequo avec <strong>Lara Gut-Behrami<\/strong>, \u00e0 35 centi\u00e8mes. La Norv\u00e9gienne avait une grosse vitesse sur le bas \u00e0 109 km\/h tandis que la Suissesse a laiss\u00e9 parler sa technique au milieu de la piste.<\/p>\n<p style=\"text-align: justify;\"><span style=\"font-weight: 400;\">Ensuite, <strong>Priska Nufer<\/strong> a r\u00e9ussi sa meilleure course de l&rsquo;hiver malgr\u00e9 des fautes dans la partie la plus technique du trac\u00e9, pour c\u00e9der 37 centi\u00e8mes au sixi\u00e8me rang. Juste derri\u00e8re, <strong>Mikaela Shiffrin<\/strong> a \u00e9t\u00e9 trop gourmande avec des trajectoires directes pour le meilleur haut. Mais, elle a manqu\u00e9 de vitesse sur le bas pour terminer avec le septi\u00e8me chrono \u00e0 39 centi\u00e8mes, devant <strong>St\u00e9phanie Vernier<\/strong>, huiti\u00e8me \u00e0 0.44.\u00a0\u00a0<\/span><\/p>\n<div id=\"attachment_347006\" style=\"width: 750px\" class=\"wp-caption aligncenter\"><a href=\"https:\/\/dicodusport.fr\/blog\/wp-content\/uploads\/2023\/01\/Ilka-Stuhec-en-piste-sur-la-descente-de-Cortina-dAmpezzo-scaled.jpg\"><img loading=\"lazy\" decoding=\"async\" aria-describedby=\"caption-attachment-347006\" class=\"size-large wp-image-347006\" src=\"https:\/\/dicodusport.fr\/blog\/wp-content\/uploads\/2023\/01\/Ilka-Stuhec-en-piste-sur-la-descente-de-Cortina-dAmpezzo-1024x640.jpg\" alt=\"Ilka Stuhec en piste sur la descente de Cortina d'Ampezzo\" width=\"740\" height=\"463\" srcset=\"https:\/\/dicodusport.fr\/blog\/wp-content\/uploads\/2023\/01\/Ilka-Stuhec-en-piste-sur-la-descente-de-Cortina-dAmpezzo-1024x640.jpg 1024w, https:\/\/dicodusport.fr\/blog\/wp-content\/uploads\/2023\/01\/Ilka-Stuhec-en-piste-sur-la-descente-de-Cortina-dAmpezzo-300x188.jpg 300w, https:\/\/dicodusport.fr\/blog\/wp-content\/uploads\/2023\/01\/Ilka-Stuhec-en-piste-sur-la-descente-de-Cortina-dAmpezzo-768x480.jpg 768w, https:\/\/dicodusport.fr\/blog\/wp-content\/uploads\/2023\/01\/Ilka-Stuhec-en-piste-sur-la-descente-de-Cortina-dAmpezzo-1536x960.jpg 1536w, https:\/\/dicodusport.fr\/blog\/wp-content\/uploads\/2023\/01\/Ilka-Stuhec-en-piste-sur-la-descente-de-Cortina-dAmpezzo-2048x1280.jpg 2048w\" sizes=\"auto, (max-width: 740px) 100vw, 740px\" \/><\/a><p id=\"caption-attachment-347006\" class=\"wp-caption-text\">Ilka Stuhec en piste sur la descente de Cortina d&rsquo;Ampezzo<\/p><\/div>\n<h2 style=\"text-align: justify;\"><span style=\"font-weight: 400;\"><strong>Pas de chance pour les Bleues<\/strong>\u00a0<\/span><\/h2>\n<p style=\"text-align: justify;\"><span style=\"font-weight: 400;\"><strong>Romane Miradoli<\/strong> a manqu\u00e9 cruellement de vitesse sur la partie haute avec un fort vent de face. Elle a mieux ski\u00e9 le bas avec une belle portion technique pour finir avec le 19e chrono \u00e0 1.12. Alors qu&rsquo;elle n&rsquo;\u00e9tait qu&rsquo;\u00e0 un dixi\u00e8me au deuxi\u00e8me interm\u00e9diaire, <strong>Laura Gauch\u00e9<\/strong> est sortie de la piste \u00e0 cause d&rsquo;une faute d&rsquo;int\u00e9rieur.<\/span><\/p>\n<p style=\"text-align: justify;\"><span style=\"font-weight: 400;\">Victorieuse de 4 des 5 premi\u00e8res descentes, <strong>Sofia Goggia<\/strong> est elle aussi sortie dans le deuxi\u00e8me tron\u00e7on de la course. L&rsquo;Italienne \u00e9tait d\u00e9j\u00e0 \u00e0 la limite sur plusieurs portes. Heureusement, elle s&rsquo;est rapidement relev\u00e9e. Enfin, victime d&rsquo;une grosse chute hier, sans gravit\u00e9, <strong>Corinne Suter<\/strong> n&rsquo;a pas pris le d\u00e9part.<\/span><\/p>\n<h2 style=\"text-align: justify;\">\u00c0 lire aussi<\/h2>\n<ul>\n<li style=\"text-align: justify;\"><strong><a href=\"https:\/\/dicodusport.fr\/blog\/classement-deuxieme-descente-femmes-cortina-d-ampezzo-2023\/\">Classement de la seconde descente de Cortina d&rsquo;Ampezzo<\/a>\u00a0<\/strong><\/li>\n<li style=\"text-align: justify;\"><a href=\"https:\/\/dicodusport.fr\/blog\/classement-general-femmes-coupe-du-monde-ski-alpin-2022-2023\/\"><strong>Le classement g\u00e9n\u00e9ral de la Coupe du monde de ski alpin<\/strong><\/a><\/li>\n<li style=\"text-align: justify;\"><a href=\"https:\/\/dicodusport.fr\/blog\/calendrier-et-resultats-coupe-du-monde-ski-alpin-femmes-2022-2023\/\"><strong>Calendrier et r\u00e9sultats de la Coupe du monde de ski alpin<\/strong><\/a><\/li>\n<\/ul>\n","protected":false},"excerpt":{"rendered":"<p>COUPE DU MONDE SKI ALPIN SAISON 2022-2023 &#8211; La Slov\u00e8ne Ilka Stuhec s&rsquo;est impos\u00e9e ce samedi sur la seconde descente de Cortina d&rsquo;Ampezzo, en Italie. Elle a devanc\u00e9 la Norv\u00e9gienne Kajsa Vickhoff Lie et l&rsquo;Italienne Elena Curtoni.\u00a0<\/p>\n","protected":false},"author":48,"featured_media":346989,"comment_status":"open","ping_status":"closed","sticky":false,"template":"","format":"standard","meta":{"_acf_changed":false,"_daextam_enable_autolinks":"","footnotes":""},"categories":[47084],"tags":[1530,2233],"class_list":["post-346916","post","type-post","status-publish","format-standard","has-post-thumbnail","hentry","category-coupe-du-monde-ski-alpin","tag-coupe-du-monde","tag-ski-alpin"],"acf":[],"yoast_head":"<!-- This site is optimized with the Yoast SEO Premium plugin v26.7 (Yoast SEO v26.7) - https:\/\/yoast.com\/wordpress\/plugins\/seo\/ -->\n<title>Descente Cortina d&#039;Ampezzo : La revenante Ilka Stuhec s&#039;impose<\/title>\n<meta name=\"description\" content=\"COUPE DU MONDE DE SKI ALPIN 2022-2023 - Ilka Stuhec a gagn\u00e9 la seconde descente de Cortina d&#039;Ampezzo, samedi.\" \/>\n<meta name=\"robots\" content=\"index, follow, max-snippet:-1, max-image-preview:large, max-video-preview:-1\" \/>\n<link rel=\"canonical\" href=\"https:\/\/dicodusport.fr\/blog\/descente-cortina-dampezzo-la-revenante-ilka-stuhec-simpose\/\" \/>\n<meta property=\"og:locale\" content=\"fr_FR\" \/>\n<meta property=\"og:type\" content=\"article\" \/>\n<meta property=\"og:title\" content=\"Descente Cortina d&#039;Ampezzo : La revenante Ilka Stuhec s&#039;impose\" \/>\n<meta property=\"og:description\" content=\"COUPE DU MONDE DE SKI ALPIN 2022-2023 - Ilka Stuhec a gagn\u00e9 la seconde descente de Cortina d&#039;Ampezzo, samedi.\" \/>\n<meta property=\"og:url\" content=\"https:\/\/dicodusport.fr\/blog\/descente-cortina-dampezzo-la-revenante-ilka-stuhec-simpose\/\" \/>\n<meta property=\"og:site_name\" content=\"Dicodusport\" \/>\n<meta property=\"article:publisher\" content=\"https:\/\/www.facebook.com\/dicodusport\" \/>\n<meta property=\"article:author\" content=\"https:\/\/www.facebook.com\/groups\/LesRoisDuPeloton\" \/>\n<meta property=\"article:published_time\" content=\"2023-01-21T10:20:57+00:00\" \/>\n<meta property=\"article:modified_time\" content=\"2023-01-21T13:51:09+00:00\" \/>\n<meta property=\"og:image\" content=\"https:\/\/dicodusport.fr\/blog\/wp-content\/uploads\/2023\/01\/Descente-Cortina-dAmpezzo-La-revenante-Ilka-Stuhec-simpose.png\" \/>\n\t<meta property=\"og:image:width\" content=\"800\" \/>\n\t<meta property=\"og:image:height\" content=\"445\" \/>\n\t<meta property=\"og:image:type\" content=\"image\/png\" \/>\n<meta name=\"author\" content=\"Emilien Descampiaux\" \/>\n<meta name=\"twitter:card\" content=\"summary_large_image\" \/>\n<meta name=\"twitter:title\" content=\"Descente Cortina d&#039;Ampezzo : La revenante Ilka Stuhec s&#039;impose\" \/>\n<meta name=\"twitter:creator\" content=\"@https:\/\/twitter.com\/LRoisDuPeloton\" \/>\n<meta name=\"twitter:site\" content=\"@dicodusport\" \/>\n<script type=\"application\/ld+json\" class=\"yoast-schema-graph\">{\"@context\":\"https:\/\/schema.org\",\"@graph\":[{\"@type\":\"NewsArticle\",\"@id\":\"https:\/\/dicodusport.fr\/blog\/descente-cortina-dampezzo-la-revenante-ilka-stuhec-simpose\/#article\",\"isPartOf\":{\"@id\":\"https:\/\/dicodusport.fr\/blog\/descente-cortina-dampezzo-la-revenante-ilka-stuhec-simpose\/\"},\"author\":{\"name\":\"Emilien Descampiaux\",\"@id\":\"https:\/\/dicodusport.fr\/blog\/#\/schema\/person\/6db4bae06b171592211be385b32876a7\"},\"headline\":\"Descente Cortina d&rsquo;Ampezzo : La revenante Ilka Stuhec s&rsquo;impose\",\"datePublished\":\"2023-01-21T10:20:57+00:00\",\"dateModified\":\"2023-01-21T13:51:09+00:00\",\"mainEntityOfPage\":{\"@id\":\"https:\/\/dicodusport.fr\/blog\/descente-cortina-dampezzo-la-revenante-ilka-stuhec-simpose\/\"},\"wordCount\":500,\"commentCount\":0,\"publisher\":{\"@id\":\"https:\/\/dicodusport.fr\/blog\/#organization\"},\"image\":{\"@id\":\"https:\/\/dicodusport.fr\/blog\/descente-cortina-dampezzo-la-revenante-ilka-stuhec-simpose\/#primaryimage\"},\"thumbnailUrl\":\"https:\/\/dicodusport.fr\/blog\/wp-content\/uploads\/2023\/01\/Descente-Cortina-dAmpezzo-La-revenante-Ilka-Stuhec-simpose.png\",\"keywords\":[\"Coupe du monde\",\"Ski alpin\"],\"articleSection\":[\"Coupe du monde de ski alpin\"],\"inLanguage\":\"fr-FR\",\"potentialAction\":[{\"@type\":\"CommentAction\",\"name\":\"Comment\",\"target\":[\"https:\/\/dicodusport.fr\/blog\/descente-cortina-dampezzo-la-revenante-ilka-stuhec-simpose\/#respond\"]}],\"copyrightYear\":\"2023\",\"copyrightHolder\":{\"@id\":\"https:\/\/dicodusport.fr\/blog\/#organization\"}},{\"@type\":\"WebPage\",\"@id\":\"https:\/\/dicodusport.fr\/blog\/descente-cortina-dampezzo-la-revenante-ilka-stuhec-simpose\/\",\"url\":\"https:\/\/dicodusport.fr\/blog\/descente-cortina-dampezzo-la-revenante-ilka-stuhec-simpose\/\",\"name\":\"Descente Cortina d'Ampezzo : La revenante Ilka Stuhec s'impose\",\"isPartOf\":{\"@id\":\"https:\/\/dicodusport.fr\/blog\/#website\"},\"primaryImageOfPage\":{\"@id\":\"https:\/\/dicodusport.fr\/blog\/descente-cortina-dampezzo-la-revenante-ilka-stuhec-simpose\/#primaryimage\"},\"image\":{\"@id\":\"https:\/\/dicodusport.fr\/blog\/descente-cortina-dampezzo-la-revenante-ilka-stuhec-simpose\/#primaryimage\"},\"thumbnailUrl\":\"https:\/\/dicodusport.fr\/blog\/wp-content\/uploads\/2023\/01\/Descente-Cortina-dAmpezzo-La-revenante-Ilka-Stuhec-simpose.png\",\"datePublished\":\"2023-01-21T10:20:57+00:00\",\"dateModified\":\"2023-01-21T13:51:09+00:00\",\"description\":\"COUPE DU MONDE DE SKI ALPIN 2022-2023 - Ilka Stuhec a gagn\u00e9 la seconde descente de Cortina d'Ampezzo, samedi.\",\"breadcrumb\":{\"@id\":\"https:\/\/dicodusport.fr\/blog\/descente-cortina-dampezzo-la-revenante-ilka-stuhec-simpose\/#breadcrumb\"},\"inLanguage\":\"fr-FR\",\"potentialAction\":[{\"@type\":\"ReadAction\",\"target\":[\"https:\/\/dicodusport.fr\/blog\/descente-cortina-dampezzo-la-revenante-ilka-stuhec-simpose\/\"]}]},{\"@type\":\"ImageObject\",\"inLanguage\":\"fr-FR\",\"@id\":\"https:\/\/dicodusport.fr\/blog\/descente-cortina-dampezzo-la-revenante-ilka-stuhec-simpose\/#primaryimage\",\"url\":\"https:\/\/dicodusport.fr\/blog\/wp-content\/uploads\/2023\/01\/Descente-Cortina-dAmpezzo-La-revenante-Ilka-Stuhec-simpose.png\",\"contentUrl\":\"https:\/\/dicodusport.fr\/blog\/wp-content\/uploads\/2023\/01\/Descente-Cortina-dAmpezzo-La-revenante-Ilka-Stuhec-simpose.png\",\"width\":800,\"height\":445,\"caption\":\"Descente Cortina d'Ampezzo La revenante Ilka Stuhec s'impose\"},{\"@type\":\"BreadcrumbList\",\"@id\":\"https:\/\/dicodusport.fr\/blog\/descente-cortina-dampezzo-la-revenante-ilka-stuhec-simpose\/#breadcrumb\",\"itemListElement\":[{\"@type\":\"ListItem\",\"position\":1,\"name\":\"Accueil\",\"item\":\"https:\/\/dicodusport.fr\/blog\/\"},{\"@type\":\"ListItem\",\"position\":2,\"name\":\"Descente Cortina d&rsquo;Ampezzo : La revenante Ilka Stuhec s&rsquo;impose\"}]},{\"@type\":\"WebSite\",\"@id\":\"https:\/\/dicodusport.fr\/blog\/#website\",\"url\":\"https:\/\/dicodusport.fr\/blog\/\",\"name\":\"Dicodusport\",\"description\":\"L&#039;encyclop\u00e9die de l&#039;actualit\u00e9 sportive\",\"publisher\":{\"@id\":\"https:\/\/dicodusport.fr\/blog\/#organization\"},\"potentialAction\":[{\"@type\":\"SearchAction\",\"target\":{\"@type\":\"EntryPoint\",\"urlTemplate\":\"https:\/\/dicodusport.fr\/blog\/?s={search_term_string}\"},\"query-input\":{\"@type\":\"PropertyValueSpecification\",\"valueRequired\":true,\"valueName\":\"search_term_string\"}}],\"inLanguage\":\"fr-FR\"},{\"@type\":\"NewsMediaOrganization\",\"@id\":\"https:\/\/dicodusport.fr\/blog\/#organization\",\"name\":\"Dicodusport\",\"url\":\"https:\/\/dicodusport.fr\/blog\/\",\"logo\":{\"@type\":\"ImageObject\",\"inLanguage\":\"fr-FR\",\"@id\":\"https:\/\/dicodusport.fr\/blog\/#\/schema\/logo\/image\/\",\"url\":\"https:\/\/dicodusport.fr\/blog\/wp-content\/uploads\/2020\/06\/cropped-LOGO-DICODUSPORT-2020-SANS-FOND-SANS-TEXTE.png\",\"contentUrl\":\"https:\/\/dicodusport.fr\/blog\/wp-content\/uploads\/2020\/06\/cropped-LOGO-DICODUSPORT-2020-SANS-FOND-SANS-TEXTE.png\",\"width\":512,\"height\":512,\"caption\":\"Dicodusport\"},\"image\":{\"@id\":\"https:\/\/dicodusport.fr\/blog\/#\/schema\/logo\/image\/\"},\"sameAs\":[\"https:\/\/www.facebook.com\/dicodusport\",\"https:\/\/x.com\/dicodusport\",\"https:\/\/www.instagram.com\/dicodusport\/\",\"https:\/\/www.youtube.com\/channel\/UC7V2KZ5sd3htJivAbA4ZG3w\"],\"description\":\"Dicodusport est l'encyclop\u00e9die de l'actualit\u00e9 sportive.\",\"email\":\"bonjour@dicodusport.fr\",\"legalName\":\"DICODUSPORT\",\"foundingDate\":\"2018-01-14\",\"vatID\":\"FR71834470973\",\"taxID\":\"83447097300043\",\"numberOfEmployees\":{\"@type\":\"QuantitativeValue\",\"minValue\":\"1\",\"maxValue\":\"10\"}},{\"@type\":\"Person\",\"@id\":\"https:\/\/dicodusport.fr\/blog\/#\/schema\/person\/6db4bae06b171592211be385b32876a7\",\"name\":\"Emilien Descampiaux\",\"image\":{\"@type\":\"ImageObject\",\"inLanguage\":\"fr-FR\",\"@id\":\"https:\/\/dicodusport.fr\/blog\/#\/schema\/person\/image\/\",\"url\":\"https:\/\/dicodusport.fr\/blog\/wp-content\/uploads\/2021\/05\/Emilien-Descampiaux-150x150.jpg\",\"contentUrl\":\"https:\/\/dicodusport.fr\/blog\/wp-content\/uploads\/2021\/05\/Emilien-Descampiaux-150x150.jpg\",\"caption\":\"Emilien Descampiaux\"},\"description\":\"Journaliste\/r\u00e9dacteur depuis 2014 - Fan de la classe de Frank Vandenbroucke, je vis cyclisme (et de ses paysages) depuis plus de 20 ans. Je suis tr\u00e8s impliqu\u00e9 sur mes diff\u00e9rents r\u00e9seaux sociaux pour partager ma passion sur le monde et l'Histoire de la bicyclette avec ma voix sur les images en noir et blanc du succ\u00e8s de Rik Van Steenbergen lors du Ronde sur le V\u00e9lodrome de Gand.\",\"sameAs\":[\"https:\/\/www.facebook.com\/groups\/LesRoisDuPeloton\",\"https:\/\/x.com\/https:\/\/twitter.com\/LRoisDuPeloton\"],\"url\":\"https:\/\/dicodusport.fr\/blog\/author\/emiliend\/\"}]}<\/script>\n<!-- \/ Yoast SEO Premium plugin. -->","yoast_head_json":{"title":"Descente Cortina d'Ampezzo : La revenante Ilka Stuhec s'impose","description":"COUPE DU MONDE DE SKI ALPIN 2022-2023 - Ilka Stuhec a gagn\u00e9 la seconde descente de Cortina d'Ampezzo, samedi.","robots":{"index":"index","follow":"follow","max-snippet":"max-snippet:-1","max-image-preview":"max-image-preview:large","max-video-preview":"max-video-preview:-1"},"canonical":"https:\/\/dicodusport.fr\/blog\/descente-cortina-dampezzo-la-revenante-ilka-stuhec-simpose\/","og_locale":"fr_FR","og_type":"article","og_title":"Descente Cortina d'Ampezzo : La revenante Ilka Stuhec s'impose","og_description":"COUPE DU MONDE DE SKI ALPIN 2022-2023 - Ilka Stuhec a gagn\u00e9 la seconde descente de Cortina d'Ampezzo, samedi.","og_url":"https:\/\/dicodusport.fr\/blog\/descente-cortina-dampezzo-la-revenante-ilka-stuhec-simpose\/","og_site_name":"Dicodusport","article_publisher":"https:\/\/www.facebook.com\/dicodusport","article_author":"https:\/\/www.facebook.com\/groups\/LesRoisDuPeloton","article_published_time":"2023-01-21T10:20:57+00:00","article_modified_time":"2023-01-21T13:51:09+00:00","og_image":[{"width":800,"height":445,"url":"https:\/\/dicodusport.fr\/blog\/wp-content\/uploads\/2023\/01\/Descente-Cortina-dAmpezzo-La-revenante-Ilka-Stuhec-simpose.png","type":"image\/png"}],"author":"Emilien Descampiaux","twitter_card":"summary_large_image","twitter_title":"Descente Cortina d'Ampezzo : La revenante Ilka Stuhec s'impose","twitter_creator":"@https:\/\/twitter.com\/LRoisDuPeloton","twitter_site":"@dicodusport","schema":{"@context":"https:\/\/schema.org","@graph":[{"@type":"NewsArticle","@id":"https:\/\/dicodusport.fr\/blog\/descente-cortina-dampezzo-la-revenante-ilka-stuhec-simpose\/#article","isPartOf":{"@id":"https:\/\/dicodusport.fr\/blog\/descente-cortina-dampezzo-la-revenante-ilka-stuhec-simpose\/"},"author":{"name":"Emilien Descampiaux","@id":"https:\/\/dicodusport.fr\/blog\/#\/schema\/person\/6db4bae06b171592211be385b32876a7"},"headline":"Descente Cortina d&rsquo;Ampezzo : La revenante Ilka Stuhec s&rsquo;impose","datePublished":"2023-01-21T10:20:57+00:00","dateModified":"2023-01-21T13:51:09+00:00","mainEntityOfPage":{"@id":"https:\/\/dicodusport.fr\/blog\/descente-cortina-dampezzo-la-revenante-ilka-stuhec-simpose\/"},"wordCount":500,"commentCount":0,"publisher":{"@id":"https:\/\/dicodusport.fr\/blog\/#organization"},"image":{"@id":"https:\/\/dicodusport.fr\/blog\/descente-cortina-dampezzo-la-revenante-ilka-stuhec-simpose\/#primaryimage"},"thumbnailUrl":"https:\/\/dicodusport.fr\/blog\/wp-content\/uploads\/2023\/01\/Descente-Cortina-dAmpezzo-La-revenante-Ilka-Stuhec-simpose.png","keywords":["Coupe du monde","Ski alpin"],"articleSection":["Coupe du monde de ski alpin"],"inLanguage":"fr-FR","potentialAction":[{"@type":"CommentAction","name":"Comment","target":["https:\/\/dicodusport.fr\/blog\/descente-cortina-dampezzo-la-revenante-ilka-stuhec-simpose\/#respond"]}],"copyrightYear":"2023","copyrightHolder":{"@id":"https:\/\/dicodusport.fr\/blog\/#organization"}},{"@type":"WebPage","@id":"https:\/\/dicodusport.fr\/blog\/descente-cortina-dampezzo-la-revenante-ilka-stuhec-simpose\/","url":"https:\/\/dicodusport.fr\/blog\/descente-cortina-dampezzo-la-revenante-ilka-stuhec-simpose\/","name":"Descente Cortina d'Ampezzo : La revenante Ilka Stuhec s'impose","isPartOf":{"@id":"https:\/\/dicodusport.fr\/blog\/#website"},"primaryImageOfPage":{"@id":"https:\/\/dicodusport.fr\/blog\/descente-cortina-dampezzo-la-revenante-ilka-stuhec-simpose\/#primaryimage"},"image":{"@id":"https:\/\/dicodusport.fr\/blog\/descente-cortina-dampezzo-la-revenante-ilka-stuhec-simpose\/#primaryimage"},"thumbnailUrl":"https:\/\/dicodusport.fr\/blog\/wp-content\/uploads\/2023\/01\/Descente-Cortina-dAmpezzo-La-revenante-Ilka-Stuhec-simpose.png","datePublished":"2023-01-21T10:20:57+00:00","dateModified":"2023-01-21T13:51:09+00:00","description":"COUPE DU MONDE DE SKI ALPIN 2022-2023 - Ilka Stuhec a gagn\u00e9 la seconde descente de Cortina d'Ampezzo, samedi.","breadcrumb":{"@id":"https:\/\/dicodusport.fr\/blog\/descente-cortina-dampezzo-la-revenante-ilka-stuhec-simpose\/#breadcrumb"},"inLanguage":"fr-FR","potentialAction":[{"@type":"ReadAction","target":["https:\/\/dicodusport.fr\/blog\/descente-cortina-dampezzo-la-revenante-ilka-stuhec-simpose\/"]}]},{"@type":"ImageObject","inLanguage":"fr-FR","@id":"https:\/\/dicodusport.fr\/blog\/descente-cortina-dampezzo-la-revenante-ilka-stuhec-simpose\/#primaryimage","url":"https:\/\/dicodusport.fr\/blog\/wp-content\/uploads\/2023\/01\/Descente-Cortina-dAmpezzo-La-revenante-Ilka-Stuhec-simpose.png","contentUrl":"https:\/\/dicodusport.fr\/blog\/wp-content\/uploads\/2023\/01\/Descente-Cortina-dAmpezzo-La-revenante-Ilka-Stuhec-simpose.png","width":800,"height":445,"caption":"Descente Cortina d'Ampezzo La revenante Ilka Stuhec s'impose"},{"@type":"BreadcrumbList","@id":"https:\/\/dicodusport.fr\/blog\/descente-cortina-dampezzo-la-revenante-ilka-stuhec-simpose\/#breadcrumb","itemListElement":[{"@type":"ListItem","position":1,"name":"Accueil","item":"https:\/\/dicodusport.fr\/blog\/"},{"@type":"ListItem","position":2,"name":"Descente Cortina d&rsquo;Ampezzo : La revenante Ilka Stuhec s&rsquo;impose"}]},{"@type":"WebSite","@id":"https:\/\/dicodusport.fr\/blog\/#website","url":"https:\/\/dicodusport.fr\/blog\/","name":"Dicodusport","description":"L&#039;encyclop\u00e9die de l&#039;actualit\u00e9 sportive","publisher":{"@id":"https:\/\/dicodusport.fr\/blog\/#organization"},"potentialAction":[{"@type":"SearchAction","target":{"@type":"EntryPoint","urlTemplate":"https:\/\/dicodusport.fr\/blog\/?s={search_term_string}"},"query-input":{"@type":"PropertyValueSpecification","valueRequired":true,"valueName":"search_term_string"}}],"inLanguage":"fr-FR"},{"@type":"NewsMediaOrganization","@id":"https:\/\/dicodusport.fr\/blog\/#organization","name":"Dicodusport","url":"https:\/\/dicodusport.fr\/blog\/","logo":{"@type":"ImageObject","inLanguage":"fr-FR","@id":"https:\/\/dicodusport.fr\/blog\/#\/schema\/logo\/image\/","url":"https:\/\/dicodusport.fr\/blog\/wp-content\/uploads\/2020\/06\/cropped-LOGO-DICODUSPORT-2020-SANS-FOND-SANS-TEXTE.png","contentUrl":"https:\/\/dicodusport.fr\/blog\/wp-content\/uploads\/2020\/06\/cropped-LOGO-DICODUSPORT-2020-SANS-FOND-SANS-TEXTE.png","width":512,"height":512,"caption":"Dicodusport"},"image":{"@id":"https:\/\/dicodusport.fr\/blog\/#\/schema\/logo\/image\/"},"sameAs":["https:\/\/www.facebook.com\/dicodusport","https:\/\/x.com\/dicodusport","https:\/\/www.instagram.com\/dicodusport\/","https:\/\/www.youtube.com\/channel\/UC7V2KZ5sd3htJivAbA4ZG3w"],"description":"Dicodusport est l'encyclop\u00e9die de l'actualit\u00e9 sportive.","email":"bonjour@dicodusport.fr","legalName":"DICODUSPORT","foundingDate":"2018-01-14","vatID":"FR71834470973","taxID":"83447097300043","numberOfEmployees":{"@type":"QuantitativeValue","minValue":"1","maxValue":"10"}},{"@type":"Person","@id":"https:\/\/dicodusport.fr\/blog\/#\/schema\/person\/6db4bae06b171592211be385b32876a7","name":"Emilien Descampiaux","image":{"@type":"ImageObject","inLanguage":"fr-FR","@id":"https:\/\/dicodusport.fr\/blog\/#\/schema\/person\/image\/","url":"https:\/\/dicodusport.fr\/blog\/wp-content\/uploads\/2021\/05\/Emilien-Descampiaux-150x150.jpg","contentUrl":"https:\/\/dicodusport.fr\/blog\/wp-content\/uploads\/2021\/05\/Emilien-Descampiaux-150x150.jpg","caption":"Emilien Descampiaux"},"description":"Journaliste\/r\u00e9dacteur depuis 2014 - Fan de la classe de Frank Vandenbroucke, je vis cyclisme (et de ses paysages) depuis plus de 20 ans. Je suis tr\u00e8s impliqu\u00e9 sur mes diff\u00e9rents r\u00e9seaux sociaux pour partager ma passion sur le monde et l'Histoire de la bicyclette avec ma voix sur les images en noir et blanc du succ\u00e8s de Rik Van Steenbergen lors du Ronde sur le V\u00e9lodrome de Gand.","sameAs":["https:\/\/www.facebook.com\/groups\/LesRoisDuPeloton","https:\/\/x.com\/https:\/\/twitter.com\/LRoisDuPeloton"],"url":"https:\/\/dicodusport.fr\/blog\/author\/emiliend\/"}]}},"_links":{"self":[{"href":"https:\/\/dicodusport.fr\/blog\/wp-json\/wp\/v2\/posts\/346916","targetHints":{"allow":["GET"]}}],"collection":[{"href":"https:\/\/dicodusport.fr\/blog\/wp-json\/wp\/v2\/posts"}],"about":[{"href":"https:\/\/dicodusport.fr\/blog\/wp-json\/wp\/v2\/types\/post"}],"author":[{"embeddable":true,"href":"https:\/\/dicodusport.fr\/blog\/wp-json\/wp\/v2\/users\/48"}],"replies":[{"embeddable":true,"href":"https:\/\/dicodusport.fr\/blog\/wp-json\/wp\/v2\/comments?post=346916"}],"version-history":[{"count":0,"href":"https:\/\/dicodusport.fr\/blog\/wp-json\/wp\/v2\/posts\/346916\/revisions"}],"wp:featuredmedia":[{"embeddable":true,"href":"https:\/\/dicodusport.fr\/blog\/wp-json\/wp\/v2\/media\/346989"}],"wp:attachment":[{"href":"https:\/\/dicodusport.fr\/blog\/wp-json\/wp\/v2\/media?parent=346916"}],"wp:term":[{"taxonomy":"category","embeddable":true,"href":"https:\/\/dicodusport.fr\/blog\/wp-json\/wp\/v2\/categories?post=346916"},{"taxonomy":"post_tag","embeddable":true,"href":"https:\/\/dicodusport.fr\/blog\/wp-json\/wp\/v2\/tags?post=346916"}],"curies":[{"name":"wp","href":"https:\/\/api.w.org\/{rel}","templated":true}]}}