{"id":34698,"date":"2019-03-05T14:24:41","date_gmt":"2019-03-05T13:24:41","guid":{"rendered":"http:\/\/dicodusport.fr\/blog\/?p=34698"},"modified":"2019-03-05T14:24:41","modified_gmt":"2019-03-05T13:24:41","slug":"pays-de-galles-une-fusion-entre-les-scarlets-et-les-ospreys-bientot-officialisee","status":"publish","type":"post","link":"https:\/\/dicodusport.fr\/blog\/pays-de-galles-une-fusion-entre-les-scarlets-et-les-ospreys-bientot-officialisee\/","title":{"rendered":"Pays de Galles : une fusion entre les Scarlets et les Ospreys bient\u00f4t officialis\u00e9e"},"content":{"rendered":"<p style=\"text-align: justify;\"><em><strong>Dans les tuyaux depuis quelques semaines, l&rsquo;information devrait \u00eatre officialis\u00e9e prochainement. La WRU, la f\u00e9d\u00e9ration galloise de rugby, va annoncer la cr\u00e9ation d&rsquo;une province regroupant les Scarlets et les Ospreys. Une r\u00e9volution dans la Principaut\u00e9, qui fait d\u00e9j\u00e0 pol\u00e9mique.<\/strong><\/em><\/p>\n<p style=\"text-align: justify;\">Le <em>Project Reset<\/em>, projet lanc\u00e9 par la WRU pour permettre au rugby gallois de (re)devenir une nation de haut niveau, continue de faire des remous. Alors que les supporters avaient d\u00e9j\u00e0 r\u00e9fut\u00e9 l&rsquo;id\u00e9e d&rsquo;une fusion entre les quatre provinces du pays (Scarlets, Ospreys, Blues et Dragons), celle qui va certainement voir le jour entre les deux premi\u00e8res cit\u00e9es risque de ne rien arranger. Et pour cause, selon le <a href=\"https:\/\/www.walesonline.co.uk\/sport\/rugby\/rugby-news\/scarlets-ospreys-set-merge-major-15921430\" target=\"_blank\" rel=\"noopener\">Wales Online<\/a>, la WRU devrait annoncer dans les prochains jours l&rsquo;officialisation de celle-ci, et ce \u00e0 compter de la saison 2019\/2020.<\/p>\n<h1 style=\"text-align: justify;\">Et ce n&rsquo;est pas fini&#8230;<\/h1>\n<p style=\"text-align: justify;\">En effet, la F\u00e9d\u00e9ration galloise a plus d&rsquo;un tour dans son sac. Apr\u00e8s cette premi\u00e8re fusion, elle souhaiterait \u00e0 terme voir les provinces des Blues et des Dragons faire de m\u00eame d\u00e8s 2020. Si les instances du pays \u00e9voquent \u00e9galement des raisons financi\u00e8res, la situation rugbystique au nord du pays justifierait cette d\u00e9cision. Ces diff\u00e9rentes fusions favoriseraient ainsi une nouvelle province dans une r\u00e9gion d\u00e9pourvue d&rsquo;une \u00e9quipe r\u00e9f\u00e9rence. Cependant, la F\u00e9d\u00e9ration souhaiterait garder quatre provinces afin de disputer les comp\u00e9titions continentales et le Pro 14. Une r\u00e9union est pr\u00e9vue aujourd&rsquo;hui pour \u00e9claircir certains points, comme les modalit\u00e9s des fusions.<\/p>\n<p><strong><em>Flo Ostermann<br \/>\n<a href=\"https:\/\/www.facebook.com\/florent.ostermann\"><img loading=\"lazy\" decoding=\"async\" class=\"alignnone wp-image-2909\" src=\"http:\/\/dicodusport.fr\/blog\/wp-content\/uploads\/2017\/07\/logo-facebook-150x150.png\" sizes=\"auto, (max-width: 40px) 100vw, 40px\" srcset=\"https:\/\/dicodusport.fr\/blog\/wp-content\/uploads\/2017\/07\/logo-facebook-150x150.png 150w, https:\/\/dicodusport.fr\/blog\/wp-content\/uploads\/2017\/07\/logo-facebook-300x300.png 300w, https:\/\/dicodusport.fr\/blog\/wp-content\/uploads\/2017\/07\/logo-facebook.png 400w\" alt=\"\" width=\"40\" height=\"40\" \/><\/a><a href=\"https:\/\/twitter.com\/SportInsideMag\"><img loading=\"lazy\" decoding=\"async\" class=\"alignnone wp-image-2908\" src=\"http:\/\/dicodusport.fr\/blog\/wp-content\/uploads\/2017\/07\/logo-twitter-150x150.png\" alt=\"\" width=\"39\" height=\"39\" \/><\/a><\/em><\/strong><\/p>\n","protected":false},"excerpt":{"rendered":"<p>La WRU, la f\u00e9d\u00e9ration galloise de rugby, va annoncer la cr\u00e9ation d&rsquo;une province regroupant les Scarlets et les Ospreys. Une r\u00e9volution dans la Principaut\u00e9, qui fait d\u00e9j\u00e0 pol\u00e9mique.<\/p>\n","protected":false},"author":4,"featured_media":34700,"comment_status":"open","ping_status":"closed","sticky":false,"template":"","format":"standard","meta":{"_acf_changed":false,"_daextam_enable_autolinks":"","footnotes":""},"categories":[2,2303],"tags":[5709,338,13,4338],"class_list":["post-34698","post","type-post","status-publish","format-standard","has-post-thumbnail","hentry","category-actualites","category-rugby","tag-ospreys","tag-pays-de-galles","tag-rugby","tag-scarlets"],"acf":[],"yoast_head":"<!-- This site is optimized with the Yoast SEO Premium plugin v26.7 (Yoast SEO v26.7) - https:\/\/yoast.com\/wordpress\/plugins\/seo\/ -->\n<title>Pays de Galles : une fusion entre les Scarlets et les Ospreys bient\u00f4t officialis\u00e9e<\/title>\n<meta name=\"description\" content=\"La WRU va annoncer la cr\u00e9ation d&#039;une province regroupant les Scarlets et les Ospreys. Une r\u00e9volution dans la Principaut\u00e9, qui fait d\u00e9j\u00e0 pol\u00e9mique.\" \/>\n<meta name=\"robots\" content=\"index, follow, max-snippet:-1, max-image-preview:large, max-video-preview:-1\" \/>\n<link rel=\"canonical\" href=\"https:\/\/dicodusport.fr\/blog\/pays-de-galles-une-fusion-entre-les-scarlets-et-les-ospreys-bientot-officialisee\/\" \/>\n<meta property=\"og:locale\" content=\"fr_FR\" \/>\n<meta property=\"og:type\" content=\"article\" \/>\n<meta property=\"og:title\" content=\"Pays de Galles : une fusion entre les Scarlets et les Ospreys bient\u00f4t officialis\u00e9e\" \/>\n<meta property=\"og:description\" content=\"La WRU va annoncer la cr\u00e9ation d&#039;une province regroupant les Scarlets et les Ospreys. Une r\u00e9volution dans la Principaut\u00e9, qui fait d\u00e9j\u00e0 pol\u00e9mique.\" \/>\n<meta property=\"og:url\" content=\"https:\/\/dicodusport.fr\/blog\/pays-de-galles-une-fusion-entre-les-scarlets-et-les-ospreys-bientot-officialisee\/\" \/>\n<meta property=\"og:site_name\" content=\"Dicodusport\" \/>\n<meta property=\"article:publisher\" content=\"https:\/\/www.facebook.com\/dicodusport\" \/>\n<meta property=\"article:author\" content=\"https:\/\/www.facebook.com\/florent.ostermann\" \/>\n<meta property=\"article:published_time\" content=\"2019-03-05T13:24:41+00:00\" \/>\n<meta property=\"og:image\" content=\"https:\/\/dicodusport.fr\/blog\/wp-content\/uploads\/2019\/03\/Fusion-Scarlets-Ospreys-Pays-de-Galles.png\" \/>\n\t<meta property=\"og:image:width\" content=\"800\" \/>\n\t<meta property=\"og:image:height\" content=\"445\" \/>\n\t<meta property=\"og:image:type\" content=\"image\/png\" \/>\n<meta name=\"author\" content=\"Flo Ostermann\" \/>\n<meta name=\"twitter:card\" content=\"summary_large_image\" \/>\n<meta name=\"twitter:creator\" content=\"@https:\/\/twitter.com\/FlOstermann\" \/>\n<meta name=\"twitter:site\" content=\"@dicodusport\" \/>\n<script type=\"application\/ld+json\" class=\"yoast-schema-graph\">{\"@context\":\"https:\/\/schema.org\",\"@graph\":[{\"@type\":\"NewsArticle\",\"@id\":\"https:\/\/dicodusport.fr\/blog\/pays-de-galles-une-fusion-entre-les-scarlets-et-les-ospreys-bientot-officialisee\/#article\",\"isPartOf\":{\"@id\":\"https:\/\/dicodusport.fr\/blog\/pays-de-galles-une-fusion-entre-les-scarlets-et-les-ospreys-bientot-officialisee\/\"},\"author\":{\"name\":\"Flo Ostermann\",\"@id\":\"https:\/\/dicodusport.fr\/blog\/#\/schema\/person\/cb02af4c173ce4a653b55e9baf388d4a\"},\"headline\":\"Pays de Galles : une fusion entre les Scarlets et les Ospreys bient\u00f4t officialis\u00e9e\",\"datePublished\":\"2019-03-05T13:24:41+00:00\",\"mainEntityOfPage\":{\"@id\":\"https:\/\/dicodusport.fr\/blog\/pays-de-galles-une-fusion-entre-les-scarlets-et-les-ospreys-bientot-officialisee\/\"},\"wordCount\":285,\"commentCount\":0,\"publisher\":{\"@id\":\"https:\/\/dicodusport.fr\/blog\/#organization\"},\"image\":{\"@id\":\"https:\/\/dicodusport.fr\/blog\/pays-de-galles-une-fusion-entre-les-scarlets-et-les-ospreys-bientot-officialisee\/#primaryimage\"},\"thumbnailUrl\":\"https:\/\/dicodusport.fr\/blog\/wp-content\/uploads\/2019\/03\/Fusion-Scarlets-Ospreys-Pays-de-Galles.png\",\"keywords\":[\"Ospreys\",\"Pays De Galles\",\"Rugby\",\"Scarlets\"],\"articleSection\":[\"Actualit\u00e9s\",\"Rugby\"],\"inLanguage\":\"fr-FR\",\"potentialAction\":[{\"@type\":\"CommentAction\",\"name\":\"Comment\",\"target\":[\"https:\/\/dicodusport.fr\/blog\/pays-de-galles-une-fusion-entre-les-scarlets-et-les-ospreys-bientot-officialisee\/#respond\"]}],\"copyrightYear\":\"2019\",\"copyrightHolder\":{\"@id\":\"https:\/\/dicodusport.fr\/blog\/#organization\"}},{\"@type\":\"WebPage\",\"@id\":\"https:\/\/dicodusport.fr\/blog\/pays-de-galles-une-fusion-entre-les-scarlets-et-les-ospreys-bientot-officialisee\/\",\"url\":\"https:\/\/dicodusport.fr\/blog\/pays-de-galles-une-fusion-entre-les-scarlets-et-les-ospreys-bientot-officialisee\/\",\"name\":\"Pays de Galles : une fusion entre les Scarlets et les Ospreys bient\u00f4t officialis\u00e9e\",\"isPartOf\":{\"@id\":\"https:\/\/dicodusport.fr\/blog\/#website\"},\"primaryImageOfPage\":{\"@id\":\"https:\/\/dicodusport.fr\/blog\/pays-de-galles-une-fusion-entre-les-scarlets-et-les-ospreys-bientot-officialisee\/#primaryimage\"},\"image\":{\"@id\":\"https:\/\/dicodusport.fr\/blog\/pays-de-galles-une-fusion-entre-les-scarlets-et-les-ospreys-bientot-officialisee\/#primaryimage\"},\"thumbnailUrl\":\"https:\/\/dicodusport.fr\/blog\/wp-content\/uploads\/2019\/03\/Fusion-Scarlets-Ospreys-Pays-de-Galles.png\",\"datePublished\":\"2019-03-05T13:24:41+00:00\",\"description\":\"La WRU va annoncer la cr\u00e9ation d'une province regroupant les Scarlets et les Ospreys. Une r\u00e9volution dans la Principaut\u00e9, qui fait d\u00e9j\u00e0 pol\u00e9mique.\",\"breadcrumb\":{\"@id\":\"https:\/\/dicodusport.fr\/blog\/pays-de-galles-une-fusion-entre-les-scarlets-et-les-ospreys-bientot-officialisee\/#breadcrumb\"},\"inLanguage\":\"fr-FR\",\"potentialAction\":[{\"@type\":\"ReadAction\",\"target\":[\"https:\/\/dicodusport.fr\/blog\/pays-de-galles-une-fusion-entre-les-scarlets-et-les-ospreys-bientot-officialisee\/\"]}]},{\"@type\":\"ImageObject\",\"inLanguage\":\"fr-FR\",\"@id\":\"https:\/\/dicodusport.fr\/blog\/pays-de-galles-une-fusion-entre-les-scarlets-et-les-ospreys-bientot-officialisee\/#primaryimage\",\"url\":\"https:\/\/dicodusport.fr\/blog\/wp-content\/uploads\/2019\/03\/Fusion-Scarlets-Ospreys-Pays-de-Galles.png\",\"contentUrl\":\"https:\/\/dicodusport.fr\/blog\/wp-content\/uploads\/2019\/03\/Fusion-Scarlets-Ospreys-Pays-de-Galles.png\",\"width\":800,\"height\":445},{\"@type\":\"BreadcrumbList\",\"@id\":\"https:\/\/dicodusport.fr\/blog\/pays-de-galles-une-fusion-entre-les-scarlets-et-les-ospreys-bientot-officialisee\/#breadcrumb\",\"itemListElement\":[{\"@type\":\"ListItem\",\"position\":1,\"name\":\"Accueil\",\"item\":\"https:\/\/dicodusport.fr\/blog\/\"},{\"@type\":\"ListItem\",\"position\":2,\"name\":\"Pays de Galles : une fusion entre les Scarlets et les Ospreys bient\u00f4t officialis\u00e9e\"}]},{\"@type\":\"WebSite\",\"@id\":\"https:\/\/dicodusport.fr\/blog\/#website\",\"url\":\"https:\/\/dicodusport.fr\/blog\/\",\"name\":\"Dicodusport\",\"description\":\"L&#039;encyclop\u00e9die de l&#039;actualit\u00e9 sportive\",\"publisher\":{\"@id\":\"https:\/\/dicodusport.fr\/blog\/#organization\"},\"potentialAction\":[{\"@type\":\"SearchAction\",\"target\":{\"@type\":\"EntryPoint\",\"urlTemplate\":\"https:\/\/dicodusport.fr\/blog\/?s={search_term_string}\"},\"query-input\":{\"@type\":\"PropertyValueSpecification\",\"valueRequired\":true,\"valueName\":\"search_term_string\"}}],\"inLanguage\":\"fr-FR\"},{\"@type\":\"NewsMediaOrganization\",\"@id\":\"https:\/\/dicodusport.fr\/blog\/#organization\",\"name\":\"Dicodusport\",\"url\":\"https:\/\/dicodusport.fr\/blog\/\",\"logo\":{\"@type\":\"ImageObject\",\"inLanguage\":\"fr-FR\",\"@id\":\"https:\/\/dicodusport.fr\/blog\/#\/schema\/logo\/image\/\",\"url\":\"https:\/\/dicodusport.fr\/blog\/wp-content\/uploads\/2020\/06\/cropped-LOGO-DICODUSPORT-2020-SANS-FOND-SANS-TEXTE.png\",\"contentUrl\":\"https:\/\/dicodusport.fr\/blog\/wp-content\/uploads\/2020\/06\/cropped-LOGO-DICODUSPORT-2020-SANS-FOND-SANS-TEXTE.png\",\"width\":512,\"height\":512,\"caption\":\"Dicodusport\"},\"image\":{\"@id\":\"https:\/\/dicodusport.fr\/blog\/#\/schema\/logo\/image\/\"},\"sameAs\":[\"https:\/\/www.facebook.com\/dicodusport\",\"https:\/\/x.com\/dicodusport\",\"https:\/\/www.instagram.com\/dicodusport\/\",\"https:\/\/www.youtube.com\/channel\/UC7V2KZ5sd3htJivAbA4ZG3w\"],\"description\":\"Dicodusport est l'encyclop\u00e9die de l'actualit\u00e9 sportive.\",\"email\":\"bonjour@dicodusport.fr\",\"legalName\":\"DICODUSPORT\",\"foundingDate\":\"2018-01-14\",\"vatID\":\"FR71834470973\",\"taxID\":\"83447097300043\",\"numberOfEmployees\":{\"@type\":\"QuantitativeValue\",\"minValue\":\"1\",\"maxValue\":\"10\"}},{\"@type\":\"Person\",\"@id\":\"https:\/\/dicodusport.fr\/blog\/#\/schema\/person\/cb02af4c173ce4a653b55e9baf388d4a\",\"name\":\"Flo Ostermann\",\"image\":{\"@type\":\"ImageObject\",\"inLanguage\":\"fr-FR\",\"@id\":\"https:\/\/dicodusport.fr\/blog\/#\/schema\/person\/image\/\",\"url\":\"https:\/\/dicodusport.fr\/blog\/wp-content\/uploads\/2021\/05\/Flo-Ostermann-150x150.jpg\",\"contentUrl\":\"https:\/\/dicodusport.fr\/blog\/wp-content\/uploads\/2021\/05\/Flo-Ostermann-150x150.jpg\",\"caption\":\"Flo Ostermann\"},\"description\":\"Journaliste\/R\u00e9dacteur depuis septembre 2015 - Mes premiers souvenirs dans le sport ? Les envol\u00e9es du Stade Toulousain et les duels Villeneuve-Schumacher et H\u00e4kkinen-Schumacher \u00e0 la fin des ann\u00e9es 90, la Coupe du monde de football en 1998, l\u2019exploit du XV de France face aux All Blacks en 1999, mais aussi Richard C\u0153ur de Lion qui vole sur les montagnes du Tour de France. Bien parti pour devenir professeur d\u2019EPS, les \u00e9v\u00e9nements de la vie (et la flemme d\u2019animer des s\u00e9ances de 3x500 m\u00e8tres toute ma vie) m\u2019ont conduit \u00e0 revoir mes plans. Me voil\u00e0 depuis fin 2017 sur Dicodusport, m\u00e9dia gr\u00e2ce (et pour) lequel je partage ma passion : le sport dans tous ses \u00e9tats. Le tout accompagn\u00e9 par les fous furieux et folles furieuses cit\u00e9s sur cette page !\",\"sameAs\":[\"https:\/\/www.facebook.com\/florent.ostermann\",\"https:\/\/x.com\/https:\/\/twitter.com\/FlOstermann\",\"admin\"],\"url\":\"https:\/\/dicodusport.fr\/blog\/author\/flo\/\"}]}<\/script>\n<!-- \/ Yoast SEO Premium plugin. -->","yoast_head_json":{"title":"Pays de Galles : une fusion entre les Scarlets et les Ospreys bient\u00f4t officialis\u00e9e","description":"La WRU va annoncer la cr\u00e9ation d'une province regroupant les Scarlets et les Ospreys. Une r\u00e9volution dans la Principaut\u00e9, qui fait d\u00e9j\u00e0 pol\u00e9mique.","robots":{"index":"index","follow":"follow","max-snippet":"max-snippet:-1","max-image-preview":"max-image-preview:large","max-video-preview":"max-video-preview:-1"},"canonical":"https:\/\/dicodusport.fr\/blog\/pays-de-galles-une-fusion-entre-les-scarlets-et-les-ospreys-bientot-officialisee\/","og_locale":"fr_FR","og_type":"article","og_title":"Pays de Galles : une fusion entre les Scarlets et les Ospreys bient\u00f4t officialis\u00e9e","og_description":"La WRU va annoncer la cr\u00e9ation d'une province regroupant les Scarlets et les Ospreys. Une r\u00e9volution dans la Principaut\u00e9, qui fait d\u00e9j\u00e0 pol\u00e9mique.","og_url":"https:\/\/dicodusport.fr\/blog\/pays-de-galles-une-fusion-entre-les-scarlets-et-les-ospreys-bientot-officialisee\/","og_site_name":"Dicodusport","article_publisher":"https:\/\/www.facebook.com\/dicodusport","article_author":"https:\/\/www.facebook.com\/florent.ostermann","article_published_time":"2019-03-05T13:24:41+00:00","og_image":[{"width":800,"height":445,"url":"https:\/\/dicodusport.fr\/blog\/wp-content\/uploads\/2019\/03\/Fusion-Scarlets-Ospreys-Pays-de-Galles.png","type":"image\/png"}],"author":"Flo Ostermann","twitter_card":"summary_large_image","twitter_creator":"@https:\/\/twitter.com\/FlOstermann","twitter_site":"@dicodusport","schema":{"@context":"https:\/\/schema.org","@graph":[{"@type":"NewsArticle","@id":"https:\/\/dicodusport.fr\/blog\/pays-de-galles-une-fusion-entre-les-scarlets-et-les-ospreys-bientot-officialisee\/#article","isPartOf":{"@id":"https:\/\/dicodusport.fr\/blog\/pays-de-galles-une-fusion-entre-les-scarlets-et-les-ospreys-bientot-officialisee\/"},"author":{"name":"Flo Ostermann","@id":"https:\/\/dicodusport.fr\/blog\/#\/schema\/person\/cb02af4c173ce4a653b55e9baf388d4a"},"headline":"Pays de Galles : une fusion entre les Scarlets et les Ospreys bient\u00f4t officialis\u00e9e","datePublished":"2019-03-05T13:24:41+00:00","mainEntityOfPage":{"@id":"https:\/\/dicodusport.fr\/blog\/pays-de-galles-une-fusion-entre-les-scarlets-et-les-ospreys-bientot-officialisee\/"},"wordCount":285,"commentCount":0,"publisher":{"@id":"https:\/\/dicodusport.fr\/blog\/#organization"},"image":{"@id":"https:\/\/dicodusport.fr\/blog\/pays-de-galles-une-fusion-entre-les-scarlets-et-les-ospreys-bientot-officialisee\/#primaryimage"},"thumbnailUrl":"https:\/\/dicodusport.fr\/blog\/wp-content\/uploads\/2019\/03\/Fusion-Scarlets-Ospreys-Pays-de-Galles.png","keywords":["Ospreys","Pays De Galles","Rugby","Scarlets"],"articleSection":["Actualit\u00e9s","Rugby"],"inLanguage":"fr-FR","potentialAction":[{"@type":"CommentAction","name":"Comment","target":["https:\/\/dicodusport.fr\/blog\/pays-de-galles-une-fusion-entre-les-scarlets-et-les-ospreys-bientot-officialisee\/#respond"]}],"copyrightYear":"2019","copyrightHolder":{"@id":"https:\/\/dicodusport.fr\/blog\/#organization"}},{"@type":"WebPage","@id":"https:\/\/dicodusport.fr\/blog\/pays-de-galles-une-fusion-entre-les-scarlets-et-les-ospreys-bientot-officialisee\/","url":"https:\/\/dicodusport.fr\/blog\/pays-de-galles-une-fusion-entre-les-scarlets-et-les-ospreys-bientot-officialisee\/","name":"Pays de Galles : une fusion entre les Scarlets et les Ospreys bient\u00f4t officialis\u00e9e","isPartOf":{"@id":"https:\/\/dicodusport.fr\/blog\/#website"},"primaryImageOfPage":{"@id":"https:\/\/dicodusport.fr\/blog\/pays-de-galles-une-fusion-entre-les-scarlets-et-les-ospreys-bientot-officialisee\/#primaryimage"},"image":{"@id":"https:\/\/dicodusport.fr\/blog\/pays-de-galles-une-fusion-entre-les-scarlets-et-les-ospreys-bientot-officialisee\/#primaryimage"},"thumbnailUrl":"https:\/\/dicodusport.fr\/blog\/wp-content\/uploads\/2019\/03\/Fusion-Scarlets-Ospreys-Pays-de-Galles.png","datePublished":"2019-03-05T13:24:41+00:00","description":"La WRU va annoncer la cr\u00e9ation d'une province regroupant les Scarlets et les Ospreys. Une r\u00e9volution dans la Principaut\u00e9, qui fait d\u00e9j\u00e0 pol\u00e9mique.","breadcrumb":{"@id":"https:\/\/dicodusport.fr\/blog\/pays-de-galles-une-fusion-entre-les-scarlets-et-les-ospreys-bientot-officialisee\/#breadcrumb"},"inLanguage":"fr-FR","potentialAction":[{"@type":"ReadAction","target":["https:\/\/dicodusport.fr\/blog\/pays-de-galles-une-fusion-entre-les-scarlets-et-les-ospreys-bientot-officialisee\/"]}]},{"@type":"ImageObject","inLanguage":"fr-FR","@id":"https:\/\/dicodusport.fr\/blog\/pays-de-galles-une-fusion-entre-les-scarlets-et-les-ospreys-bientot-officialisee\/#primaryimage","url":"https:\/\/dicodusport.fr\/blog\/wp-content\/uploads\/2019\/03\/Fusion-Scarlets-Ospreys-Pays-de-Galles.png","contentUrl":"https:\/\/dicodusport.fr\/blog\/wp-content\/uploads\/2019\/03\/Fusion-Scarlets-Ospreys-Pays-de-Galles.png","width":800,"height":445},{"@type":"BreadcrumbList","@id":"https:\/\/dicodusport.fr\/blog\/pays-de-galles-une-fusion-entre-les-scarlets-et-les-ospreys-bientot-officialisee\/#breadcrumb","itemListElement":[{"@type":"ListItem","position":1,"name":"Accueil","item":"https:\/\/dicodusport.fr\/blog\/"},{"@type":"ListItem","position":2,"name":"Pays de Galles : une fusion entre les Scarlets et les Ospreys bient\u00f4t officialis\u00e9e"}]},{"@type":"WebSite","@id":"https:\/\/dicodusport.fr\/blog\/#website","url":"https:\/\/dicodusport.fr\/blog\/","name":"Dicodusport","description":"L&#039;encyclop\u00e9die de l&#039;actualit\u00e9 sportive","publisher":{"@id":"https:\/\/dicodusport.fr\/blog\/#organization"},"potentialAction":[{"@type":"SearchAction","target":{"@type":"EntryPoint","urlTemplate":"https:\/\/dicodusport.fr\/blog\/?s={search_term_string}"},"query-input":{"@type":"PropertyValueSpecification","valueRequired":true,"valueName":"search_term_string"}}],"inLanguage":"fr-FR"},{"@type":"NewsMediaOrganization","@id":"https:\/\/dicodusport.fr\/blog\/#organization","name":"Dicodusport","url":"https:\/\/dicodusport.fr\/blog\/","logo":{"@type":"ImageObject","inLanguage":"fr-FR","@id":"https:\/\/dicodusport.fr\/blog\/#\/schema\/logo\/image\/","url":"https:\/\/dicodusport.fr\/blog\/wp-content\/uploads\/2020\/06\/cropped-LOGO-DICODUSPORT-2020-SANS-FOND-SANS-TEXTE.png","contentUrl":"https:\/\/dicodusport.fr\/blog\/wp-content\/uploads\/2020\/06\/cropped-LOGO-DICODUSPORT-2020-SANS-FOND-SANS-TEXTE.png","width":512,"height":512,"caption":"Dicodusport"},"image":{"@id":"https:\/\/dicodusport.fr\/blog\/#\/schema\/logo\/image\/"},"sameAs":["https:\/\/www.facebook.com\/dicodusport","https:\/\/x.com\/dicodusport","https:\/\/www.instagram.com\/dicodusport\/","https:\/\/www.youtube.com\/channel\/UC7V2KZ5sd3htJivAbA4ZG3w"],"description":"Dicodusport est l'encyclop\u00e9die de l'actualit\u00e9 sportive.","email":"bonjour@dicodusport.fr","legalName":"DICODUSPORT","foundingDate":"2018-01-14","vatID":"FR71834470973","taxID":"83447097300043","numberOfEmployees":{"@type":"QuantitativeValue","minValue":"1","maxValue":"10"}},{"@type":"Person","@id":"https:\/\/dicodusport.fr\/blog\/#\/schema\/person\/cb02af4c173ce4a653b55e9baf388d4a","name":"Flo Ostermann","image":{"@type":"ImageObject","inLanguage":"fr-FR","@id":"https:\/\/dicodusport.fr\/blog\/#\/schema\/person\/image\/","url":"https:\/\/dicodusport.fr\/blog\/wp-content\/uploads\/2021\/05\/Flo-Ostermann-150x150.jpg","contentUrl":"https:\/\/dicodusport.fr\/blog\/wp-content\/uploads\/2021\/05\/Flo-Ostermann-150x150.jpg","caption":"Flo Ostermann"},"description":"Journaliste\/R\u00e9dacteur depuis septembre 2015 - Mes premiers souvenirs dans le sport ? Les envol\u00e9es du Stade Toulousain et les duels Villeneuve-Schumacher et H\u00e4kkinen-Schumacher \u00e0 la fin des ann\u00e9es 90, la Coupe du monde de football en 1998, l\u2019exploit du XV de France face aux All Blacks en 1999, mais aussi Richard C\u0153ur de Lion qui vole sur les montagnes du Tour de France. Bien parti pour devenir professeur d\u2019EPS, les \u00e9v\u00e9nements de la vie (et la flemme d\u2019animer des s\u00e9ances de 3x500 m\u00e8tres toute ma vie) m\u2019ont conduit \u00e0 revoir mes plans. Me voil\u00e0 depuis fin 2017 sur Dicodusport, m\u00e9dia gr\u00e2ce (et pour) lequel je partage ma passion : le sport dans tous ses \u00e9tats. Le tout accompagn\u00e9 par les fous furieux et folles furieuses cit\u00e9s sur cette page !","sameAs":["https:\/\/www.facebook.com\/florent.ostermann","https:\/\/x.com\/https:\/\/twitter.com\/FlOstermann","admin"],"url":"https:\/\/dicodusport.fr\/blog\/author\/flo\/"}]}},"_links":{"self":[{"href":"https:\/\/dicodusport.fr\/blog\/wp-json\/wp\/v2\/posts\/34698","targetHints":{"allow":["GET"]}}],"collection":[{"href":"https:\/\/dicodusport.fr\/blog\/wp-json\/wp\/v2\/posts"}],"about":[{"href":"https:\/\/dicodusport.fr\/blog\/wp-json\/wp\/v2\/types\/post"}],"author":[{"embeddable":true,"href":"https:\/\/dicodusport.fr\/blog\/wp-json\/wp\/v2\/users\/4"}],"replies":[{"embeddable":true,"href":"https:\/\/dicodusport.fr\/blog\/wp-json\/wp\/v2\/comments?post=34698"}],"version-history":[{"count":0,"href":"https:\/\/dicodusport.fr\/blog\/wp-json\/wp\/v2\/posts\/34698\/revisions"}],"wp:featuredmedia":[{"embeddable":true,"href":"https:\/\/dicodusport.fr\/blog\/wp-json\/wp\/v2\/media\/34700"}],"wp:attachment":[{"href":"https:\/\/dicodusport.fr\/blog\/wp-json\/wp\/v2\/media?parent=34698"}],"wp:term":[{"taxonomy":"category","embeddable":true,"href":"https:\/\/dicodusport.fr\/blog\/wp-json\/wp\/v2\/categories?post=34698"},{"taxonomy":"post_tag","embeddable":true,"href":"https:\/\/dicodusport.fr\/blog\/wp-json\/wp\/v2\/tags?post=34698"}],"curies":[{"name":"wp","href":"https:\/\/api.w.org\/{rel}","templated":true}]}}