{"id":347294,"date":"2023-01-23T12:57:37","date_gmt":"2023-01-23T11:57:37","guid":{"rendered":"https:\/\/dicodusport.fr\/blog\/?p=347294&#038;preview=true&#038;preview_id=347294"},"modified":"2023-01-23T14:25:31","modified_gmt":"2023-01-23T13:25:31","slug":"andy-murray-l-homme-au-mental-dacier","status":"publish","type":"post","link":"https:\/\/dicodusport.fr\/blog\/andy-murray-l-homme-au-mental-dacier\/","title":{"rendered":"Andy Murray : L&rsquo;homme au mental d&rsquo;acier"},"content":{"rendered":"<p align=\"justify\"><em><b><a href=\"https:\/\/dicodusport.fr\/blog\/actualites\/tennis\/open-australie-2023\/\">OPEN D&rsquo;AUSTRALIE 2023<\/a> &#8211; Andy Murray, \u00e9limin\u00e9 au troisi\u00e8me tour de l&rsquo;Open d&rsquo;Australie contre l&rsquo;Espagnol Roberto Bautista-Agut, a incontestablement marqu\u00e9 cette \u00e9dition 2023. Apr\u00e8s deux premiers tours historiques (contre Matteo Berrettini puis Thanasi Kokkinakis en plus de 10 heures de jeu), l&rsquo;\u00c9cossais qui avait annonc\u00e9 sa retraite ici m\u00eame en 2019, revient de loin pour proposer un tel niveau de jeu.\u00a0<\/b><\/em><\/p>\n<h2 align=\"justify\">Le retour au premier plan<\/h2>\n<p align=\"justify\">Alors qu&rsquo;il \u00e9tait oppos\u00e9 \u00e0 la t\u00eate de s\u00e9rie num\u00e9ro 13 au premier tour de l&rsquo;Open d&rsquo;Australie, en la personne de l&rsquo;Italien <strong>Matteo Berrettini<\/strong>, les chances d&rsquo;aller loin dans ce tournoi paraissaient faibles pour <strong>Andy Murray<\/strong>. Mais ne pas croire en lui, c&rsquo;est ne pas le conna\u00eetre. En effet, avec un mental \u00e0 toute \u00e9preuve, un tennis retrouv\u00e9 et une d\u00e9fense imperm\u00e9able, l&rsquo;\u00c9cossais n&rsquo;a cess\u00e9 de nous surprendre. Avec sa d\u00e9marche atypique entre chaque point, nous laissant \u00e0 penser qu&rsquo;il est au bord de l&rsquo;abandon, <strong>Murray<\/strong> retrouve une forme \u00e9tincelante d\u00e8s que la balle est en jeu.<\/p>\n<p align=\"justify\">Le premier tour contre <strong>Berrettini<\/strong> a \u00e9t\u00e9 la premi\u00e8re preuve de sa force mentale et de son abn\u00e9gation. Pourtant, il a d\u00fb faire face \u00e0 une balle de match (sauv\u00e9e par un \u00e9norme rat\u00e9 de l&rsquo;Italien) et \u00e0 la puissance de frappe du demi-finaliste de l&rsquo;an pass\u00e9. Mais c&rsquo;est sa d\u00e9fense sur chaque point qui a impressionn\u00e9. Une force rare et d\u00e9cisive pour lui, qui l&rsquo;a men\u00e9 \u00e0 devenir, pour le moment, l&rsquo;ic\u00f4ne de cet <strong>Open d&rsquo;Australie 2023<\/strong>.<\/p>\n<h2 style=\"text-align: justify;\" align=\"justify\">Andy Murray et sa hanche en m\u00e9tal<\/h2>\n<p align=\"justify\">Revoir l&rsquo;ancien num\u00e9ro 1 mondial \u00e0 ce niveau, apr\u00e8s tous les p\u00e9pins physiques qu&rsquo;il rencontre, pr\u00e9cis\u00e9ment depuis 2017 et ses probl\u00e8mes \u00e0 la hanche, \u00e9tait inesp\u00e9r\u00e9. Op\u00e9r\u00e9 en janvier 2019 pour r\u00e9soudre ce probl\u00e8me, <strong>Andy Murray<\/strong> s&rsquo;\u00e9tait fait poser une proth\u00e8se en m\u00e9tal au niveau de la hanche. Apr\u00e8s sa d\u00e9faite contre <strong>Roberto Bautista-Agut<\/strong>, l&rsquo;\u00c9cossais avouait sur Twitter que son m\u00e9decin de 2017 lui avait dit qu&rsquo;il <em>\u00ab<\/em> <em>ne pourrait plus pratiquer de sport professionnel \u00bb.<\/em><\/p>\n<p align=\"justify\">M\u00eame si l&rsquo;ancien membre du Big 4 (<strong>Nadal, Djokovic, Federer<\/strong> et <strong>Murray<\/strong>) poss\u00e8de l&rsquo;un des plus beaux palmar\u00e8s du tennis mondial, il a tout fait pour revenir au top niveau, quatre ans apr\u00e8s son op\u00e9ration. Dans ce m\u00eame tweet, il rajoutait qu&rsquo;il pensait <em>\u00ab<\/em> <em>avoir dissip\u00e9 ce mythe ces 5 derniers jours \u00bb<\/em>. Avec un tel niveau de jeu, si aucun souci physique ne vient perturber sa saison, <strong>Andy Murray<\/strong> sera certainement un pr\u00e9tendant s\u00e9rieux pour les prochains tournois du Grand Chelem. Cette motivation \u00e0 revenir au meilleur niveau sera sans aucun doute son objectif principal.<\/p>\n<blockquote class=\"twitter-tweet\">\n<p dir=\"ltr\" lang=\"en\">2 days ago I randomly bumped into the doctor who in 2017 told me \u201cthe good news is the problem you have in your hip can be fixed but you won\u2019t be able to play professional sport again.\u201d I think we dispelled that myth the last 5 days.\ud83d\ude09Goodnight \u2764\ufe0f<\/p>\n<p>\u2014 Andy Murray (@andy_murray) <a href=\"https:\/\/twitter.com\/andy_murray\/status\/1616819150453870594?ref_src=twsrc%5Etfw\">January 21, 2023<\/a><\/p><\/blockquote>\n<p><script async src=\"https:\/\/platform.twitter.com\/widgets.js\" charset=\"utf-8\"><\/script><\/p>\n<h2 style=\"text-align: justify;\" align=\"justify\">Le match historique contre Thanasi Kokkinakis<\/h2>\n<p style=\"text-align: justify;\">Comment aurait-on pu croire \u00e0 un tel combat entre <strong>Murray<\/strong> et l&rsquo;Australien <strong>Thanasi Kokkinakis<\/strong> ? Le premier joue avec une hanche en m\u00e9tal \u00e0 35 ans et le second est (seulement) class\u00e9 159\u00e8me joueur mondial. Et pourtant, les deux hommes ont livr\u00e9 une bataille historique en 5h45 de jeu, jusqu&rsquo;\u00e0 4h05 du matin dans la nuit australienne. Men\u00e9 2 sets \u00e0 0 (6-4, 7-6) et 5-2 dans le troisi\u00e8me set, l&rsquo;\u00c9cossais semblait au bord du gouffre. Mais il est l&rsquo;un des seuls \u00e0 d\u00e9tenir le secret de cette <em>remontada<\/em> historique qui restera un des plus beaux exploits de ce Grand Chelem.<\/p>\n<p style=\"text-align: justify;\">Retrouver une force mentale en \u00e9tant men\u00e9 de cette mani\u00e8re est exceptionnel, mais c&rsquo;est son niveau de jeu, \u00e0 35 ans et plus de 5 heures de jeu, qui a surpris le monde du tennis. Si <strong>Thanasi Kokkinakis<\/strong>\u00a0a r\u00e9alis\u00e9 un grand match et a oblig\u00e9 <strong>Murray<\/strong> \u00e0 hausser son niveau de jeu, la r\u00e9action de l&rsquo;ancien num\u00e9ro 1 mondial a \u00e9t\u00e9 magistrale. D\u00e9cisif sur les balles de break, puissant avec son coup droit et avec une d\u00e9fense monumentale face aux assauts incessants de l&rsquo;Australien, voici les cl\u00e9s de cette victoire.<\/p>\n<p style=\"text-align: justify;\">Personne n&rsquo;aurait pu pr\u00e9dire un tel renversement, mais finalement, personne n&rsquo;est surpris de la qualit\u00e9 de jeu de Murray, ni du r\u00e9sultat final. Cinq fois finaliste en Australie, il aura laiss\u00e9 une empreinte encore plus forte sur la plan\u00e8te tennis. Il a r\u00e9ussi, en prime, \u00e0 recevoir le soutien total du public australien pour son 3\u00e8me tour contre <strong>Bautista-Agut<\/strong>.<\/p>\n<blockquote class=\"twitter-tweet\">\n<p dir=\"ltr\" lang=\"en\">Speechless. Simply speechless.<\/p>\n<p>He&rsquo;s at it again! <a href=\"https:\/\/twitter.com\/andy_murray?ref_src=twsrc%5Etfw\">@andy_murray<\/a> \ud83c\uddec\ud83c\udde7 takes the breaker 9-7 to level the match at a set apiece. <a href=\"https:\/\/twitter.com\/hashtag\/AusOpen?src=hash&amp;ref_src=twsrc%5Etfw\">#AusOpen<\/a> \u2022 <a href=\"https:\/\/twitter.com\/hashtag\/AO2023?src=hash&amp;ref_src=twsrc%5Etfw\">#AO2023<\/a> <a href=\"https:\/\/t.co\/R7F0nHC9AH\">pic.twitter.com\/R7F0nHC9AH<\/a><\/p>\n<p>\u2014 #AusOpen (@AustralianOpen) <a href=\"https:\/\/twitter.com\/AustralianOpen\/status\/1616738142391861249?ref_src=twsrc%5Etfw\">January 21, 2023<\/a><\/p><\/blockquote>\n<p><script async src=\"https:\/\/platform.twitter.com\/widgets.js\" charset=\"utf-8\"><\/script><\/p>\n","protected":false},"excerpt":{"rendered":"<p>OPEN D&rsquo;AUSTRALIE 2023 &#8211; Andy Murray, \u00e9limin\u00e9 au troisi\u00e8me tour de l&rsquo;Open d&rsquo;Australie contre l&rsquo;Espagnol Roberto Bautista-Agut, a incontestablement marqu\u00e9 cette \u00e9dition 2023. Apr\u00e8s deux premiers tours historiques (contre Matteo Berrettini puis Thanasi Kokkinakis en plus de 10 heures de jeu), l&rsquo;\u00c9cossais qui avait annonc\u00e9 sa retraite ici m\u00eame en 2019, revient de loin pour proposer un tel niveau de jeu.\u00a0<\/p>\n","protected":false},"author":76,"featured_media":347890,"comment_status":"open","ping_status":"closed","sticky":false,"template":"","format":"standard","meta":{"_acf_changed":false,"_daextam_enable_autolinks":"","footnotes":""},"categories":[47089],"tags":[3222,136],"class_list":["post-347294","post","type-post","status-publish","format-standard","has-post-thumbnail","hentry","category-open-d-australie","tag-andy-murray","tag-tennis"],"acf":[],"yoast_head":"<!-- This site is optimized with the Yoast SEO Premium plugin v26.7 (Yoast SEO v26.7) - https:\/\/yoast.com\/wordpress\/plugins\/seo\/ -->\n<title>Andy Murray : L&#039;homme au mental d&#039;acier<\/title>\n<meta name=\"description\" content=\"Elimin\u00e9 au troisi\u00e8me tour de l&#039;Open d&#039;Australie par Roberto Bautista-Agut, l&#039;\u00c9cossais Andy Murray aura marqu\u00e9 cette \u00e9dition de son empreinte.\" \/>\n<meta name=\"robots\" content=\"index, follow, max-snippet:-1, max-image-preview:large, max-video-preview:-1\" \/>\n<link rel=\"canonical\" href=\"https:\/\/dicodusport.fr\/blog\/andy-murray-l-homme-au-mental-dacier\/\" \/>\n<meta property=\"og:locale\" content=\"fr_FR\" \/>\n<meta property=\"og:type\" content=\"article\" \/>\n<meta property=\"og:title\" content=\"Andy Murray : L&#039;homme au mental d&#039;acier\" \/>\n<meta property=\"og:description\" content=\"Elimin\u00e9 au troisi\u00e8me tour de l&#039;Open d&#039;Australie par Roberto Bautista-Agut, l&#039;\u00c9cossais Andy Murray aura marqu\u00e9 cette \u00e9dition de son empreinte.\" \/>\n<meta property=\"og:url\" content=\"https:\/\/dicodusport.fr\/blog\/andy-murray-l-homme-au-mental-dacier\/\" \/>\n<meta property=\"og:site_name\" content=\"Dicodusport\" \/>\n<meta property=\"article:publisher\" content=\"https:\/\/www.facebook.com\/dicodusport\" \/>\n<meta property=\"article:published_time\" content=\"2023-01-23T11:57:37+00:00\" \/>\n<meta property=\"article:modified_time\" content=\"2023-01-23T13:25:31+00:00\" \/>\n<meta property=\"og:image\" content=\"https:\/\/dicodusport.fr\/blog\/wp-content\/uploads\/2023\/01\/Andy-Murray-Lhomme-au-mental-dacier.png\" \/>\n\t<meta property=\"og:image:width\" content=\"800\" \/>\n\t<meta property=\"og:image:height\" content=\"445\" \/>\n\t<meta property=\"og:image:type\" content=\"image\/png\" \/>\n<meta name=\"author\" content=\"Tom Lacaille\" \/>\n<meta name=\"twitter:card\" content=\"summary_large_image\" \/>\n<meta name=\"twitter:title\" content=\"Andy Murray : L&#039;homme au mental d&#039;acier\" \/>\n<meta name=\"twitter:creator\" content=\"@Tom Lacaille\" \/>\n<meta name=\"twitter:site\" content=\"@dicodusport\" \/>\n<script type=\"application\/ld+json\" class=\"yoast-schema-graph\">{\"@context\":\"https:\/\/schema.org\",\"@graph\":[{\"@type\":\"NewsArticle\",\"@id\":\"https:\/\/dicodusport.fr\/blog\/andy-murray-l-homme-au-mental-dacier\/#article\",\"isPartOf\":{\"@id\":\"https:\/\/dicodusport.fr\/blog\/andy-murray-l-homme-au-mental-dacier\/\"},\"author\":{\"name\":\"Tom Lacaille\",\"@id\":\"https:\/\/dicodusport.fr\/blog\/#\/schema\/person\/8b8ec0dc77c31efd8fe9820383d505b3\"},\"headline\":\"Andy Murray : L&rsquo;homme au mental d&rsquo;acier\",\"datePublished\":\"2023-01-23T11:57:37+00:00\",\"dateModified\":\"2023-01-23T13:25:31+00:00\",\"mainEntityOfPage\":{\"@id\":\"https:\/\/dicodusport.fr\/blog\/andy-murray-l-homme-au-mental-dacier\/\"},\"wordCount\":824,\"commentCount\":0,\"publisher\":{\"@id\":\"https:\/\/dicodusport.fr\/blog\/#organization\"},\"image\":{\"@id\":\"https:\/\/dicodusport.fr\/blog\/andy-murray-l-homme-au-mental-dacier\/#primaryimage\"},\"thumbnailUrl\":\"https:\/\/dicodusport.fr\/blog\/wp-content\/uploads\/2023\/01\/Andy-Murray-Lhomme-au-mental-dacier.png\",\"keywords\":[\"Andy Murray\",\"Tennis\"],\"articleSection\":[\"Open d'Australie\"],\"inLanguage\":\"fr-FR\",\"potentialAction\":[{\"@type\":\"CommentAction\",\"name\":\"Comment\",\"target\":[\"https:\/\/dicodusport.fr\/blog\/andy-murray-l-homme-au-mental-dacier\/#respond\"]}],\"copyrightYear\":\"2023\",\"copyrightHolder\":{\"@id\":\"https:\/\/dicodusport.fr\/blog\/#organization\"}},{\"@type\":\"WebPage\",\"@id\":\"https:\/\/dicodusport.fr\/blog\/andy-murray-l-homme-au-mental-dacier\/\",\"url\":\"https:\/\/dicodusport.fr\/blog\/andy-murray-l-homme-au-mental-dacier\/\",\"name\":\"Andy Murray : L'homme au mental d'acier\",\"isPartOf\":{\"@id\":\"https:\/\/dicodusport.fr\/blog\/#website\"},\"primaryImageOfPage\":{\"@id\":\"https:\/\/dicodusport.fr\/blog\/andy-murray-l-homme-au-mental-dacier\/#primaryimage\"},\"image\":{\"@id\":\"https:\/\/dicodusport.fr\/blog\/andy-murray-l-homme-au-mental-dacier\/#primaryimage\"},\"thumbnailUrl\":\"https:\/\/dicodusport.fr\/blog\/wp-content\/uploads\/2023\/01\/Andy-Murray-Lhomme-au-mental-dacier.png\",\"datePublished\":\"2023-01-23T11:57:37+00:00\",\"dateModified\":\"2023-01-23T13:25:31+00:00\",\"description\":\"Elimin\u00e9 au troisi\u00e8me tour de l'Open d'Australie par Roberto Bautista-Agut, l'\u00c9cossais Andy Murray aura marqu\u00e9 cette \u00e9dition de son empreinte.\",\"breadcrumb\":{\"@id\":\"https:\/\/dicodusport.fr\/blog\/andy-murray-l-homme-au-mental-dacier\/#breadcrumb\"},\"inLanguage\":\"fr-FR\",\"potentialAction\":[{\"@type\":\"ReadAction\",\"target\":[\"https:\/\/dicodusport.fr\/blog\/andy-murray-l-homme-au-mental-dacier\/\"]}]},{\"@type\":\"ImageObject\",\"inLanguage\":\"fr-FR\",\"@id\":\"https:\/\/dicodusport.fr\/blog\/andy-murray-l-homme-au-mental-dacier\/#primaryimage\",\"url\":\"https:\/\/dicodusport.fr\/blog\/wp-content\/uploads\/2023\/01\/Andy-Murray-Lhomme-au-mental-dacier.png\",\"contentUrl\":\"https:\/\/dicodusport.fr\/blog\/wp-content\/uploads\/2023\/01\/Andy-Murray-Lhomme-au-mental-dacier.png\",\"width\":800,\"height\":445,\"caption\":\"Andy Murray L'homme au mental d'acier\"},{\"@type\":\"BreadcrumbList\",\"@id\":\"https:\/\/dicodusport.fr\/blog\/andy-murray-l-homme-au-mental-dacier\/#breadcrumb\",\"itemListElement\":[{\"@type\":\"ListItem\",\"position\":1,\"name\":\"Accueil\",\"item\":\"https:\/\/dicodusport.fr\/blog\/\"},{\"@type\":\"ListItem\",\"position\":2,\"name\":\"Andy Murray : L&rsquo;homme au mental d&rsquo;acier\"}]},{\"@type\":\"WebSite\",\"@id\":\"https:\/\/dicodusport.fr\/blog\/#website\",\"url\":\"https:\/\/dicodusport.fr\/blog\/\",\"name\":\"Dicodusport\",\"description\":\"L&#039;encyclop\u00e9die de l&#039;actualit\u00e9 sportive\",\"publisher\":{\"@id\":\"https:\/\/dicodusport.fr\/blog\/#organization\"},\"potentialAction\":[{\"@type\":\"SearchAction\",\"target\":{\"@type\":\"EntryPoint\",\"urlTemplate\":\"https:\/\/dicodusport.fr\/blog\/?s={search_term_string}\"},\"query-input\":{\"@type\":\"PropertyValueSpecification\",\"valueRequired\":true,\"valueName\":\"search_term_string\"}}],\"inLanguage\":\"fr-FR\"},{\"@type\":\"NewsMediaOrganization\",\"@id\":\"https:\/\/dicodusport.fr\/blog\/#organization\",\"name\":\"Dicodusport\",\"url\":\"https:\/\/dicodusport.fr\/blog\/\",\"logo\":{\"@type\":\"ImageObject\",\"inLanguage\":\"fr-FR\",\"@id\":\"https:\/\/dicodusport.fr\/blog\/#\/schema\/logo\/image\/\",\"url\":\"https:\/\/dicodusport.fr\/blog\/wp-content\/uploads\/2020\/06\/cropped-LOGO-DICODUSPORT-2020-SANS-FOND-SANS-TEXTE.png\",\"contentUrl\":\"https:\/\/dicodusport.fr\/blog\/wp-content\/uploads\/2020\/06\/cropped-LOGO-DICODUSPORT-2020-SANS-FOND-SANS-TEXTE.png\",\"width\":512,\"height\":512,\"caption\":\"Dicodusport\"},\"image\":{\"@id\":\"https:\/\/dicodusport.fr\/blog\/#\/schema\/logo\/image\/\"},\"sameAs\":[\"https:\/\/www.facebook.com\/dicodusport\",\"https:\/\/x.com\/dicodusport\",\"https:\/\/www.instagram.com\/dicodusport\/\",\"https:\/\/www.youtube.com\/channel\/UC7V2KZ5sd3htJivAbA4ZG3w\"],\"description\":\"Dicodusport est l'encyclop\u00e9die de l'actualit\u00e9 sportive.\",\"email\":\"bonjour@dicodusport.fr\",\"legalName\":\"DICODUSPORT\",\"foundingDate\":\"2018-01-14\",\"vatID\":\"FR71834470973\",\"taxID\":\"83447097300043\",\"numberOfEmployees\":{\"@type\":\"QuantitativeValue\",\"minValue\":\"1\",\"maxValue\":\"10\"}},{\"@type\":\"Person\",\"@id\":\"https:\/\/dicodusport.fr\/blog\/#\/schema\/person\/8b8ec0dc77c31efd8fe9820383d505b3\",\"name\":\"Tom Lacaille\",\"image\":{\"@type\":\"ImageObject\",\"inLanguage\":\"fr-FR\",\"@id\":\"https:\/\/dicodusport.fr\/blog\/#\/schema\/person\/image\/\",\"url\":\"https:\/\/dicodusport.fr\/blog\/wp-content\/uploads\/2022\/10\/photo-profil-150x150.jpg\",\"contentUrl\":\"https:\/\/dicodusport.fr\/blog\/wp-content\/uploads\/2022\/10\/photo-profil-150x150.jpg\",\"caption\":\"Tom Lacaille\"},\"description\":\"Actuellement \u00e2g\u00e9 de 19 ans, ma passion du sport est berc\u00e9e par la descente aux enfers des Verts, la d\u00e9gringolade de l'ASM Clermont et le futur triomphe des Celtics. En toute logique, je suis un grand passionn\u00e9 de sport et j'essaie de retranscrire mes analyses dans les articles. Le r\u00eave d'\u00eatre journaliste est ma principale source de motivation, en esp\u00e9rant (un jour) apporter un air nouveau \u00e0 ce si beau secteur.\",\"sameAs\":[\"https:\/\/x.com\/Tom Lacaille\"],\"url\":\"https:\/\/dicodusport.fr\/blog\/author\/tom-lacaille\/\"}]}<\/script>\n<!-- \/ Yoast SEO Premium plugin. -->","yoast_head_json":{"title":"Andy Murray : L'homme au mental d'acier","description":"Elimin\u00e9 au troisi\u00e8me tour de l'Open d'Australie par Roberto Bautista-Agut, l'\u00c9cossais Andy Murray aura marqu\u00e9 cette \u00e9dition de son empreinte.","robots":{"index":"index","follow":"follow","max-snippet":"max-snippet:-1","max-image-preview":"max-image-preview:large","max-video-preview":"max-video-preview:-1"},"canonical":"https:\/\/dicodusport.fr\/blog\/andy-murray-l-homme-au-mental-dacier\/","og_locale":"fr_FR","og_type":"article","og_title":"Andy Murray : L'homme au mental d'acier","og_description":"Elimin\u00e9 au troisi\u00e8me tour de l'Open d'Australie par Roberto Bautista-Agut, l'\u00c9cossais Andy Murray aura marqu\u00e9 cette \u00e9dition de son empreinte.","og_url":"https:\/\/dicodusport.fr\/blog\/andy-murray-l-homme-au-mental-dacier\/","og_site_name":"Dicodusport","article_publisher":"https:\/\/www.facebook.com\/dicodusport","article_published_time":"2023-01-23T11:57:37+00:00","article_modified_time":"2023-01-23T13:25:31+00:00","og_image":[{"width":800,"height":445,"url":"https:\/\/dicodusport.fr\/blog\/wp-content\/uploads\/2023\/01\/Andy-Murray-Lhomme-au-mental-dacier.png","type":"image\/png"}],"author":"Tom Lacaille","twitter_card":"summary_large_image","twitter_title":"Andy Murray : L'homme au mental d'acier","twitter_creator":"@Tom Lacaille","twitter_site":"@dicodusport","schema":{"@context":"https:\/\/schema.org","@graph":[{"@type":"NewsArticle","@id":"https:\/\/dicodusport.fr\/blog\/andy-murray-l-homme-au-mental-dacier\/#article","isPartOf":{"@id":"https:\/\/dicodusport.fr\/blog\/andy-murray-l-homme-au-mental-dacier\/"},"author":{"name":"Tom Lacaille","@id":"https:\/\/dicodusport.fr\/blog\/#\/schema\/person\/8b8ec0dc77c31efd8fe9820383d505b3"},"headline":"Andy Murray : L&rsquo;homme au mental d&rsquo;acier","datePublished":"2023-01-23T11:57:37+00:00","dateModified":"2023-01-23T13:25:31+00:00","mainEntityOfPage":{"@id":"https:\/\/dicodusport.fr\/blog\/andy-murray-l-homme-au-mental-dacier\/"},"wordCount":824,"commentCount":0,"publisher":{"@id":"https:\/\/dicodusport.fr\/blog\/#organization"},"image":{"@id":"https:\/\/dicodusport.fr\/blog\/andy-murray-l-homme-au-mental-dacier\/#primaryimage"},"thumbnailUrl":"https:\/\/dicodusport.fr\/blog\/wp-content\/uploads\/2023\/01\/Andy-Murray-Lhomme-au-mental-dacier.png","keywords":["Andy Murray","Tennis"],"articleSection":["Open d'Australie"],"inLanguage":"fr-FR","potentialAction":[{"@type":"CommentAction","name":"Comment","target":["https:\/\/dicodusport.fr\/blog\/andy-murray-l-homme-au-mental-dacier\/#respond"]}],"copyrightYear":"2023","copyrightHolder":{"@id":"https:\/\/dicodusport.fr\/blog\/#organization"}},{"@type":"WebPage","@id":"https:\/\/dicodusport.fr\/blog\/andy-murray-l-homme-au-mental-dacier\/","url":"https:\/\/dicodusport.fr\/blog\/andy-murray-l-homme-au-mental-dacier\/","name":"Andy Murray : L'homme au mental d'acier","isPartOf":{"@id":"https:\/\/dicodusport.fr\/blog\/#website"},"primaryImageOfPage":{"@id":"https:\/\/dicodusport.fr\/blog\/andy-murray-l-homme-au-mental-dacier\/#primaryimage"},"image":{"@id":"https:\/\/dicodusport.fr\/blog\/andy-murray-l-homme-au-mental-dacier\/#primaryimage"},"thumbnailUrl":"https:\/\/dicodusport.fr\/blog\/wp-content\/uploads\/2023\/01\/Andy-Murray-Lhomme-au-mental-dacier.png","datePublished":"2023-01-23T11:57:37+00:00","dateModified":"2023-01-23T13:25:31+00:00","description":"Elimin\u00e9 au troisi\u00e8me tour de l'Open d'Australie par Roberto Bautista-Agut, l'\u00c9cossais Andy Murray aura marqu\u00e9 cette \u00e9dition de son empreinte.","breadcrumb":{"@id":"https:\/\/dicodusport.fr\/blog\/andy-murray-l-homme-au-mental-dacier\/#breadcrumb"},"inLanguage":"fr-FR","potentialAction":[{"@type":"ReadAction","target":["https:\/\/dicodusport.fr\/blog\/andy-murray-l-homme-au-mental-dacier\/"]}]},{"@type":"ImageObject","inLanguage":"fr-FR","@id":"https:\/\/dicodusport.fr\/blog\/andy-murray-l-homme-au-mental-dacier\/#primaryimage","url":"https:\/\/dicodusport.fr\/blog\/wp-content\/uploads\/2023\/01\/Andy-Murray-Lhomme-au-mental-dacier.png","contentUrl":"https:\/\/dicodusport.fr\/blog\/wp-content\/uploads\/2023\/01\/Andy-Murray-Lhomme-au-mental-dacier.png","width":800,"height":445,"caption":"Andy Murray L'homme au mental d'acier"},{"@type":"BreadcrumbList","@id":"https:\/\/dicodusport.fr\/blog\/andy-murray-l-homme-au-mental-dacier\/#breadcrumb","itemListElement":[{"@type":"ListItem","position":1,"name":"Accueil","item":"https:\/\/dicodusport.fr\/blog\/"},{"@type":"ListItem","position":2,"name":"Andy Murray : L&rsquo;homme au mental d&rsquo;acier"}]},{"@type":"WebSite","@id":"https:\/\/dicodusport.fr\/blog\/#website","url":"https:\/\/dicodusport.fr\/blog\/","name":"Dicodusport","description":"L&#039;encyclop\u00e9die de l&#039;actualit\u00e9 sportive","publisher":{"@id":"https:\/\/dicodusport.fr\/blog\/#organization"},"potentialAction":[{"@type":"SearchAction","target":{"@type":"EntryPoint","urlTemplate":"https:\/\/dicodusport.fr\/blog\/?s={search_term_string}"},"query-input":{"@type":"PropertyValueSpecification","valueRequired":true,"valueName":"search_term_string"}}],"inLanguage":"fr-FR"},{"@type":"NewsMediaOrganization","@id":"https:\/\/dicodusport.fr\/blog\/#organization","name":"Dicodusport","url":"https:\/\/dicodusport.fr\/blog\/","logo":{"@type":"ImageObject","inLanguage":"fr-FR","@id":"https:\/\/dicodusport.fr\/blog\/#\/schema\/logo\/image\/","url":"https:\/\/dicodusport.fr\/blog\/wp-content\/uploads\/2020\/06\/cropped-LOGO-DICODUSPORT-2020-SANS-FOND-SANS-TEXTE.png","contentUrl":"https:\/\/dicodusport.fr\/blog\/wp-content\/uploads\/2020\/06\/cropped-LOGO-DICODUSPORT-2020-SANS-FOND-SANS-TEXTE.png","width":512,"height":512,"caption":"Dicodusport"},"image":{"@id":"https:\/\/dicodusport.fr\/blog\/#\/schema\/logo\/image\/"},"sameAs":["https:\/\/www.facebook.com\/dicodusport","https:\/\/x.com\/dicodusport","https:\/\/www.instagram.com\/dicodusport\/","https:\/\/www.youtube.com\/channel\/UC7V2KZ5sd3htJivAbA4ZG3w"],"description":"Dicodusport est l'encyclop\u00e9die de l'actualit\u00e9 sportive.","email":"bonjour@dicodusport.fr","legalName":"DICODUSPORT","foundingDate":"2018-01-14","vatID":"FR71834470973","taxID":"83447097300043","numberOfEmployees":{"@type":"QuantitativeValue","minValue":"1","maxValue":"10"}},{"@type":"Person","@id":"https:\/\/dicodusport.fr\/blog\/#\/schema\/person\/8b8ec0dc77c31efd8fe9820383d505b3","name":"Tom Lacaille","image":{"@type":"ImageObject","inLanguage":"fr-FR","@id":"https:\/\/dicodusport.fr\/blog\/#\/schema\/person\/image\/","url":"https:\/\/dicodusport.fr\/blog\/wp-content\/uploads\/2022\/10\/photo-profil-150x150.jpg","contentUrl":"https:\/\/dicodusport.fr\/blog\/wp-content\/uploads\/2022\/10\/photo-profil-150x150.jpg","caption":"Tom Lacaille"},"description":"Actuellement \u00e2g\u00e9 de 19 ans, ma passion du sport est berc\u00e9e par la descente aux enfers des Verts, la d\u00e9gringolade de l'ASM Clermont et le futur triomphe des Celtics. En toute logique, je suis un grand passionn\u00e9 de sport et j'essaie de retranscrire mes analyses dans les articles. Le r\u00eave d'\u00eatre journaliste est ma principale source de motivation, en esp\u00e9rant (un jour) apporter un air nouveau \u00e0 ce si beau secteur.","sameAs":["https:\/\/x.com\/Tom Lacaille"],"url":"https:\/\/dicodusport.fr\/blog\/author\/tom-lacaille\/"}]}},"_links":{"self":[{"href":"https:\/\/dicodusport.fr\/blog\/wp-json\/wp\/v2\/posts\/347294","targetHints":{"allow":["GET"]}}],"collection":[{"href":"https:\/\/dicodusport.fr\/blog\/wp-json\/wp\/v2\/posts"}],"about":[{"href":"https:\/\/dicodusport.fr\/blog\/wp-json\/wp\/v2\/types\/post"}],"author":[{"embeddable":true,"href":"https:\/\/dicodusport.fr\/blog\/wp-json\/wp\/v2\/users\/76"}],"replies":[{"embeddable":true,"href":"https:\/\/dicodusport.fr\/blog\/wp-json\/wp\/v2\/comments?post=347294"}],"version-history":[{"count":0,"href":"https:\/\/dicodusport.fr\/blog\/wp-json\/wp\/v2\/posts\/347294\/revisions"}],"wp:featuredmedia":[{"embeddable":true,"href":"https:\/\/dicodusport.fr\/blog\/wp-json\/wp\/v2\/media\/347890"}],"wp:attachment":[{"href":"https:\/\/dicodusport.fr\/blog\/wp-json\/wp\/v2\/media?parent=347294"}],"wp:term":[{"taxonomy":"category","embeddable":true,"href":"https:\/\/dicodusport.fr\/blog\/wp-json\/wp\/v2\/categories?post=347294"},{"taxonomy":"post_tag","embeddable":true,"href":"https:\/\/dicodusport.fr\/blog\/wp-json\/wp\/v2\/tags?post=347294"}],"curies":[{"name":"wp","href":"https:\/\/api.w.org\/{rel}","templated":true}]}}