{"id":34769,"date":"2019-03-06T22:57:26","date_gmt":"2019-03-06T21:57:26","guid":{"rendered":"http:\/\/dicodusport.fr\/blog\/?p=34769"},"modified":"2025-09-16T09:14:42","modified_gmt":"2025-09-16T07:14:42","slug":"psg-manchester-united-les-notes-des-parisiens","status":"publish","type":"post","link":"https:\/\/dicodusport.fr\/blog\/psg-manchester-united-les-notes-des-parisiens\/","title":{"rendered":"PSG &#8211; Manchester United : les notes des Parisiens"},"content":{"rendered":"<p style=\"text-align: justify;\"><em><strong>Champions League &#8211; Un cauchemar ! Deux ans apr\u00e8s la Remontada, Paris est \u00e9limin\u00e9 de la Ligue des Champions apr\u00e8s sa d\u00e9faite au Parc des Princes (1-3). Nos notes des Parisiens.<\/strong><\/em><\/p>\n<p style=\"text-align: justify;\"><strong><em>Gianluigi Buffon &#8211; 2 : <\/em><\/strong>Une boulette qui co\u00fbte cher sur le deuxi\u00e8me but de Lukaku (30&prime;). Il n&rsquo;est pas loin d&rsquo;une deuxi\u00e8me bourde apr\u00e8s la pause sur un mauvais contr\u00f4le. Le poids des ann\u00e9es n&rsquo;est sans doute\u00a0pas \u00e9tranger \u00e0 cette mauvaise performance, mais le fait est que le gardien italien n&rsquo;a pas \u00e9t\u00e9 au rendez-vous.<\/p>\n<p style=\"text-align: justify;\"><strong><em>Thilo Kehrer &#8211; 2 : <\/em><\/strong>Pris sur le premier but de Lukaku (2&prime;), il perd un nouveau ballon dangereux deux minutes apr\u00e8s. Il a souffert sur chaque duel face \u00e0 Pereira et Rashford. Remplac\u00e9 \u00e0 la 69\u00e8me minute par <strong>Thomas Meunier<\/strong>.<strong><em><br \/>\n<\/em><\/strong><\/p>\n<p style=\"text-align: justify;\"><strong><em>Thiago Silva &#8211; 3 :\u00a0<\/em><\/strong>F\u00e9brile, le capitaine parisien manque \u00e9galement de concentration sur l&rsquo;ouverture du score mancunienne (2&prime;). L&rsquo;habituel tour de contr\u00f4le de la d\u00e9fense parisienne a globalement manqu\u00e9 d\u2019agressivit\u00e9. O\u00f9 \u00e9tait le Thiago Silva du match aller ?<\/p>\n<p style=\"text-align: justify;\"><strong><em>Presnel Kimpembe &#8211; 3 : <\/em><\/strong>L&rsquo;international fran\u00e7ais n&rsquo;a pas eu l&rsquo;impact que l&rsquo;on attend de lui d\u00e9fensivement, sans faire d&rsquo;erreurs pour autant, jusqu&rsquo;\u00e0 cette 92\u00e8me minute de jeu&#8230; On l&rsquo;a vu tenter de relancer la machine sur certaines s\u00e9quences, et c&rsquo;est \u00e0 peu pr\u00e8s tout.<\/p>\n<p style=\"text-align: justify;\"><strong><em>Juan Bernat &#8211; 5 :\u00a0<\/em><\/strong>Auteur d&rsquo;une grosse premi\u00e8re demi-heure couronn\u00e9e par un but, l&rsquo;Espagnol a \u00e9t\u00e9 tr\u00e8s actif sur son c\u00f4t\u00e9 gauche durant le premier tiers de la rencontre. Moins en vue offensivement ensuite, il a r\u00e9alis\u00e9 quelques interventions d\u00e9fensives importantes. Le meilleur Parisien dans le marasme ce soir.<\/p>\n<p style=\"text-align: justify;\"><strong><em>Marquinhos &#8211; 3 :<\/em>\u00a0<\/strong>Beaucoup moins imp\u00e9rial au milieu du terrain qu&rsquo;\u00e0 l&rsquo;aller, le Br\u00e9silien n&rsquo;a pas eu le m\u00eame rendement \u00e0 la r\u00e9cup\u00e9ration. On l&rsquo;a vu s&rsquo;agacer \u00e0 l&rsquo;heure de jeu apr\u00e8s un coup re\u00e7u par McTominay. Un manque de s\u00e9r\u00e9nit\u00e9 qui contraste avec son aisance au match aller.<\/p>\n<p style=\"text-align: justify;\"><strong><em>Marco Verratti &#8211; 3 :<\/em><\/strong> L&rsquo;Italien a fait du Verratti. En plus de d\u00e9jouer et de perdre de nombreux ballons,\u00a0il est retomb\u00e9 dans ses travers en parlant beaucoup trop avec l&rsquo;arbitre. Une prestation qui en dit long sur le match du PSG ce soir.<\/p>\n<p style=\"text-align: center;\"><a href=\"http:\/\/dicodusport.fr\/blog\/psg-manchester-united-les-notes-des-parisiens\/2\/#attaquants\" class=\"su-button su-button-style-flat\" style=\"color:#FFFFFF;background-color:#005f9b;border-color:#004c7c;border-radius:4px\" target=\"_self\"><span style=\"color:#FFFFFF;padding:0px 26px;font-size:20px;line-height:40px;border-color:#4d8fb9;border-radius:4px;text-shadow:none\"> Les notes des attaquants<\/span><\/a>\n<p><!--nextpage--><\/p>\n<p style=\"text-align: justify;\"><a id=\"attaquants\"><\/a><strong>Dani Alves &#8211; 3,5 : <\/strong>Auteur d&rsquo;un bon d\u00e9but de match, c&rsquo;est lui qui lance Mbapp\u00e9 sur le but de Bernat. Le Br\u00e9silien a \u00e9t\u00e9 plus discret ensuite.<\/p>\n<p style=\"text-align: justify;\"><strong><em>Julian Draxler &#8211; 3,5 :\u00a0<\/em><\/strong>L&rsquo;Allemand n&rsquo;a pas d\u00e9m\u00e9rit\u00e9, mais il a manqu\u00e9 de mordant et de pr\u00e9cision offensivement. Pour ne rien arranger, il sort bless\u00e9 apr\u00e8s l&rsquo;heure de jeu, remplac\u00e9 par <strong>Leandro Paredes<\/strong>.<\/p>\n<p style=\"text-align: justify;\"><strong><em>Angel Di Maria &#8211; 4 :\u00a0<\/em><\/strong>Un bon d\u00e9but de match pour l&rsquo;Argentin lors duquel il s&rsquo;est souvent trouv\u00e9 avec Bernat. Il a ensuite souffert comme l&rsquo;ensemble de son \u00e9quipe avant de voir son but refus\u00e9 (56&prime;). Loin d&rsquo;\u00eatre le plus mauvais Parisien ce soir.<\/p>\n<p style=\"text-align: justify;\"><strong><em>Kylian Mbapp\u00e9 &#8211; 3 : <\/em><\/strong>Hormis sa passe d\u00e9cisive, le prodige fran\u00e7ais n&rsquo;a pas vraiment \u00e9t\u00e9 \u00e0 son avantage. Sa passe pour Di Maria d&rsquo;une talonnade somptueuse aurait m\u00e9rit\u00e9 une meilleure issue, mais l&rsquo;Argentin \u00e9tait hors-jeu (56&prime;). Pour le reste, Kylian Mbapp\u00e9 a r\u00e9alis\u00e9 un match d\u00e9cevant dans sa globalit\u00e9, ratant beaucoup de choses dans la surface des Red Devils.<\/p>\n<p style=\"text-align: center;\"><a href=\"http:\/\/dicodusport.fr\/blog\/psg-manchester-united-les-notes-des-parisiens\/\" class=\"su-button su-button-style-flat\" style=\"color:#FFFFFF;background-color:#005f9b;border-color:#004c7c;border-radius:4px\" target=\"_self\"><span style=\"color:#FFFFFF;padding:0px 26px;font-size:20px;line-height:40px;border-color:#4d8fb9;border-radius:4px;text-shadow:none\"> Revenir au d\u00e9but<\/span><\/a>\n<p><strong><em>Flo Ostermann<br \/>\n<a href=\"https:\/\/www.facebook.com\/florent.ostermann\"><img loading=\"lazy\" decoding=\"async\" class=\"alignnone wp-image-2909\" src=\"http:\/\/dicodusport.fr\/blog\/wp-content\/uploads\/2017\/07\/logo-facebook-150x150.png\" sizes=\"auto, (max-width: 40px) 100vw, 40px\" srcset=\"https:\/\/dicodusport.fr\/blog\/wp-content\/uploads\/2017\/07\/logo-facebook-150x150.png 150w, https:\/\/dicodusport.fr\/blog\/wp-content\/uploads\/2017\/07\/logo-facebook-300x300.png 300w, https:\/\/dicodusport.fr\/blog\/wp-content\/uploads\/2017\/07\/logo-facebook.png 400w\" alt=\"\" width=\"40\" height=\"40\" \/><\/a><a href=\"https:\/\/twitter.com\/SportInsideMag\"><img loading=\"lazy\" decoding=\"async\" class=\"alignnone wp-image-2908\" src=\"http:\/\/dicodusport.fr\/blog\/wp-content\/uploads\/2017\/07\/logo-twitter-150x150.png\" alt=\"\" width=\"39\" height=\"39\" \/><\/a><\/em><\/strong><\/p>\n","protected":false},"excerpt":{"rendered":"<p>Champions League &#8211; Un cauchemar ! Paris est \u00e9limin\u00e9 de la Ligue des Champions apr\u00e8s sa d\u00e9faite au Parc des Princes (1-3). Nos notes des Parisiens.<\/p>\n","protected":false},"author":4,"featured_media":34780,"comment_status":"open","ping_status":"closed","sticky":false,"template":"","format":"standard","meta":{"_acf_changed":false,"_daextam_enable_autolinks":"","footnotes":""},"categories":[2301,47250],"tags":[914,75,419,4155,6545,429,910],"class_list":["post-34769","post","type-post","status-publish","format-standard","has-post-thumbnail","hentry","category-football","category-ligue-des-champions-de-football","tag-champions-league","tag-football","tag-ligue-des-champions","tag-manchester-united","tag-notes-paris","tag-paris","tag-psg"],"acf":[],"yoast_head":"<!-- This site is optimized with the Yoast SEO Premium plugin v26.7 (Yoast SEO v26.7) - https:\/\/yoast.com\/wordpress\/plugins\/seo\/ -->\n<title>PSG - Manchester United : les notes des Parisiens<\/title>\n<meta name=\"description\" content=\"Champions League - Un cauchemar ! Paris est \u00e9limin\u00e9 de la Ligue des Champions apr\u00e8s sa d\u00e9faite au Parc des Princes (1-3). Nos notes des Parisiens.\" \/>\n<meta name=\"robots\" content=\"index, follow, max-snippet:-1, max-image-preview:large, max-video-preview:-1\" \/>\n<link rel=\"canonical\" href=\"https:\/\/dicodusport.fr\/blog\/psg-manchester-united-les-notes-des-parisiens\/\" \/>\n<link rel=\"next\" href=\"https:\/\/dicodusport.fr\/blog\/psg-manchester-united-les-notes-des-parisiens\/2\/\" \/>\n<meta property=\"og:locale\" content=\"fr_FR\" \/>\n<meta property=\"og:type\" content=\"article\" \/>\n<meta property=\"og:title\" content=\"PSG - Manchester United : les notes des Parisiens\" \/>\n<meta property=\"og:description\" content=\"Champions League - Un cauchemar ! Paris est \u00e9limin\u00e9 de la Ligue des Champions apr\u00e8s sa d\u00e9faite au Parc des Princes (1-3). Nos notes des Parisiens.\" \/>\n<meta property=\"og:url\" content=\"https:\/\/dicodusport.fr\/blog\/psg-manchester-united-les-notes-des-parisiens\/\" \/>\n<meta property=\"og:site_name\" content=\"Dicodusport\" \/>\n<meta property=\"article:publisher\" content=\"https:\/\/www.facebook.com\/dicodusport\" \/>\n<meta property=\"article:author\" content=\"https:\/\/www.facebook.com\/florent.ostermann\" \/>\n<meta property=\"article:published_time\" content=\"2019-03-06T21:57:26+00:00\" \/>\n<meta property=\"article:modified_time\" content=\"2025-09-16T07:14:42+00:00\" \/>\n<meta property=\"og:image\" content=\"https:\/\/dicodusport.fr\/blog\/wp-content\/uploads\/2019\/03\/Notes-PSG-Manchester-United-Ligue-des-Champions-2019.png\" \/>\n\t<meta property=\"og:image:width\" content=\"800\" \/>\n\t<meta property=\"og:image:height\" content=\"445\" \/>\n\t<meta property=\"og:image:type\" content=\"image\/png\" \/>\n<meta name=\"author\" content=\"Flo Ostermann\" \/>\n<meta name=\"twitter:card\" content=\"summary_large_image\" \/>\n<meta name=\"twitter:creator\" content=\"@https:\/\/twitter.com\/FlOstermann\" \/>\n<meta name=\"twitter:site\" content=\"@dicodusport\" \/>\n<script type=\"application\/ld+json\" class=\"yoast-schema-graph\">{\"@context\":\"https:\/\/schema.org\",\"@graph\":[{\"@type\":\"NewsArticle\",\"@id\":\"https:\/\/dicodusport.fr\/blog\/psg-manchester-united-les-notes-des-parisiens\/#article\",\"isPartOf\":{\"@id\":\"https:\/\/dicodusport.fr\/blog\/psg-manchester-united-les-notes-des-parisiens\/\"},\"author\":{\"name\":\"Flo Ostermann\",\"@id\":\"https:\/\/dicodusport.fr\/blog\/#\/schema\/person\/cb02af4c173ce4a653b55e9baf388d4a\"},\"headline\":\"PSG &#8211; Manchester United : les notes des Parisiens\",\"datePublished\":\"2019-03-06T21:57:26+00:00\",\"dateModified\":\"2025-09-16T07:14:42+00:00\",\"mainEntityOfPage\":{\"@id\":\"https:\/\/dicodusport.fr\/blog\/psg-manchester-united-les-notes-des-parisiens\/\"},\"wordCount\":623,\"commentCount\":0,\"publisher\":{\"@id\":\"https:\/\/dicodusport.fr\/blog\/#organization\"},\"image\":{\"@id\":\"https:\/\/dicodusport.fr\/blog\/psg-manchester-united-les-notes-des-parisiens\/#primaryimage\"},\"thumbnailUrl\":\"https:\/\/dicodusport.fr\/blog\/wp-content\/uploads\/2019\/03\/Notes-PSG-Manchester-United-Ligue-des-Champions-2019.png\",\"keywords\":[\"champions league\",\"Football\",\"Ligue des champions\",\"Manchester United\",\"Notes Paris\",\"Paris\",\"PSG\"],\"articleSection\":[\"Football\",\"Ligue des Champions de football\"],\"inLanguage\":\"fr-FR\",\"potentialAction\":[{\"@type\":\"CommentAction\",\"name\":\"Comment\",\"target\":[\"https:\/\/dicodusport.fr\/blog\/psg-manchester-united-les-notes-des-parisiens\/#respond\"]}],\"copyrightYear\":\"2019\",\"copyrightHolder\":{\"@id\":\"https:\/\/dicodusport.fr\/blog\/#organization\"}},{\"@type\":\"WebPage\",\"@id\":\"https:\/\/dicodusport.fr\/blog\/psg-manchester-united-les-notes-des-parisiens\/\",\"url\":\"https:\/\/dicodusport.fr\/blog\/psg-manchester-united-les-notes-des-parisiens\/\",\"name\":\"PSG - Manchester United : les notes des Parisiens\",\"isPartOf\":{\"@id\":\"https:\/\/dicodusport.fr\/blog\/#website\"},\"primaryImageOfPage\":{\"@id\":\"https:\/\/dicodusport.fr\/blog\/psg-manchester-united-les-notes-des-parisiens\/#primaryimage\"},\"image\":{\"@id\":\"https:\/\/dicodusport.fr\/blog\/psg-manchester-united-les-notes-des-parisiens\/#primaryimage\"},\"thumbnailUrl\":\"https:\/\/dicodusport.fr\/blog\/wp-content\/uploads\/2019\/03\/Notes-PSG-Manchester-United-Ligue-des-Champions-2019.png\",\"datePublished\":\"2019-03-06T21:57:26+00:00\",\"dateModified\":\"2025-09-16T07:14:42+00:00\",\"description\":\"Champions League - Un cauchemar ! Paris est \u00e9limin\u00e9 de la Ligue des Champions apr\u00e8s sa d\u00e9faite au Parc des Princes (1-3). Nos notes des Parisiens.\",\"inLanguage\":\"fr-FR\",\"potentialAction\":[{\"@type\":\"ReadAction\",\"target\":[\"https:\/\/dicodusport.fr\/blog\/psg-manchester-united-les-notes-des-parisiens\/\"]}]},{\"@type\":\"ImageObject\",\"inLanguage\":\"fr-FR\",\"@id\":\"https:\/\/dicodusport.fr\/blog\/psg-manchester-united-les-notes-des-parisiens\/#primaryimage\",\"url\":\"https:\/\/dicodusport.fr\/blog\/wp-content\/uploads\/2019\/03\/Notes-PSG-Manchester-United-Ligue-des-Champions-2019.png\",\"contentUrl\":\"https:\/\/dicodusport.fr\/blog\/wp-content\/uploads\/2019\/03\/Notes-PSG-Manchester-United-Ligue-des-Champions-2019.png\",\"width\":800,\"height\":445},{\"@type\":\"WebSite\",\"@id\":\"https:\/\/dicodusport.fr\/blog\/#website\",\"url\":\"https:\/\/dicodusport.fr\/blog\/\",\"name\":\"Dicodusport\",\"description\":\"L&#039;encyclop\u00e9die de l&#039;actualit\u00e9 sportive\",\"publisher\":{\"@id\":\"https:\/\/dicodusport.fr\/blog\/#organization\"},\"potentialAction\":[{\"@type\":\"SearchAction\",\"target\":{\"@type\":\"EntryPoint\",\"urlTemplate\":\"https:\/\/dicodusport.fr\/blog\/?s={search_term_string}\"},\"query-input\":{\"@type\":\"PropertyValueSpecification\",\"valueRequired\":true,\"valueName\":\"search_term_string\"}}],\"inLanguage\":\"fr-FR\"},{\"@type\":\"NewsMediaOrganization\",\"@id\":\"https:\/\/dicodusport.fr\/blog\/#organization\",\"name\":\"Dicodusport\",\"url\":\"https:\/\/dicodusport.fr\/blog\/\",\"logo\":{\"@type\":\"ImageObject\",\"inLanguage\":\"fr-FR\",\"@id\":\"https:\/\/dicodusport.fr\/blog\/#\/schema\/logo\/image\/\",\"url\":\"https:\/\/dicodusport.fr\/blog\/wp-content\/uploads\/2020\/06\/cropped-LOGO-DICODUSPORT-2020-SANS-FOND-SANS-TEXTE.png\",\"contentUrl\":\"https:\/\/dicodusport.fr\/blog\/wp-content\/uploads\/2020\/06\/cropped-LOGO-DICODUSPORT-2020-SANS-FOND-SANS-TEXTE.png\",\"width\":512,\"height\":512,\"caption\":\"Dicodusport\"},\"image\":{\"@id\":\"https:\/\/dicodusport.fr\/blog\/#\/schema\/logo\/image\/\"},\"sameAs\":[\"https:\/\/www.facebook.com\/dicodusport\",\"https:\/\/x.com\/dicodusport\",\"https:\/\/www.instagram.com\/dicodusport\/\",\"https:\/\/www.youtube.com\/channel\/UC7V2KZ5sd3htJivAbA4ZG3w\"],\"description\":\"Dicodusport est l'encyclop\u00e9die de l'actualit\u00e9 sportive.\",\"email\":\"bonjour@dicodusport.fr\",\"legalName\":\"DICODUSPORT\",\"foundingDate\":\"2018-01-14\",\"vatID\":\"FR71834470973\",\"taxID\":\"83447097300043\",\"numberOfEmployees\":{\"@type\":\"QuantitativeValue\",\"minValue\":\"1\",\"maxValue\":\"10\"}},{\"@type\":\"Person\",\"@id\":\"https:\/\/dicodusport.fr\/blog\/#\/schema\/person\/cb02af4c173ce4a653b55e9baf388d4a\",\"name\":\"Flo Ostermann\",\"image\":{\"@type\":\"ImageObject\",\"inLanguage\":\"fr-FR\",\"@id\":\"https:\/\/dicodusport.fr\/blog\/#\/schema\/person\/image\/\",\"url\":\"https:\/\/dicodusport.fr\/blog\/wp-content\/uploads\/2021\/05\/Flo-Ostermann-150x150.jpg\",\"contentUrl\":\"https:\/\/dicodusport.fr\/blog\/wp-content\/uploads\/2021\/05\/Flo-Ostermann-150x150.jpg\",\"caption\":\"Flo Ostermann\"},\"description\":\"Journaliste\/R\u00e9dacteur depuis septembre 2015 - Mes premiers souvenirs dans le sport ? Les envol\u00e9es du Stade Toulousain et les duels Villeneuve-Schumacher et H\u00e4kkinen-Schumacher \u00e0 la fin des ann\u00e9es 90, la Coupe du monde de football en 1998, l\u2019exploit du XV de France face aux All Blacks en 1999, mais aussi Richard C\u0153ur de Lion qui vole sur les montagnes du Tour de France. Bien parti pour devenir professeur d\u2019EPS, les \u00e9v\u00e9nements de la vie (et la flemme d\u2019animer des s\u00e9ances de 3x500 m\u00e8tres toute ma vie) m\u2019ont conduit \u00e0 revoir mes plans. Me voil\u00e0 depuis fin 2017 sur Dicodusport, m\u00e9dia gr\u00e2ce (et pour) lequel je partage ma passion : le sport dans tous ses \u00e9tats. Le tout accompagn\u00e9 par les fous furieux et folles furieuses cit\u00e9s sur cette page !\",\"sameAs\":[\"https:\/\/www.facebook.com\/florent.ostermann\",\"https:\/\/x.com\/https:\/\/twitter.com\/FlOstermann\",\"admin\"],\"url\":\"https:\/\/dicodusport.fr\/blog\/author\/flo\/\"}]}<\/script>\n<!-- \/ Yoast SEO Premium plugin. -->","yoast_head_json":{"title":"PSG - Manchester United : les notes des Parisiens","description":"Champions League - Un cauchemar ! Paris est \u00e9limin\u00e9 de la Ligue des Champions apr\u00e8s sa d\u00e9faite au Parc des Princes (1-3). Nos notes des Parisiens.","robots":{"index":"index","follow":"follow","max-snippet":"max-snippet:-1","max-image-preview":"max-image-preview:large","max-video-preview":"max-video-preview:-1"},"canonical":"https:\/\/dicodusport.fr\/blog\/psg-manchester-united-les-notes-des-parisiens\/","next":"https:\/\/dicodusport.fr\/blog\/psg-manchester-united-les-notes-des-parisiens\/2\/","og_locale":"fr_FR","og_type":"article","og_title":"PSG - Manchester United : les notes des Parisiens","og_description":"Champions League - Un cauchemar ! Paris est \u00e9limin\u00e9 de la Ligue des Champions apr\u00e8s sa d\u00e9faite au Parc des Princes (1-3). Nos notes des Parisiens.","og_url":"https:\/\/dicodusport.fr\/blog\/psg-manchester-united-les-notes-des-parisiens\/","og_site_name":"Dicodusport","article_publisher":"https:\/\/www.facebook.com\/dicodusport","article_author":"https:\/\/www.facebook.com\/florent.ostermann","article_published_time":"2019-03-06T21:57:26+00:00","article_modified_time":"2025-09-16T07:14:42+00:00","og_image":[{"width":800,"height":445,"url":"https:\/\/dicodusport.fr\/blog\/wp-content\/uploads\/2019\/03\/Notes-PSG-Manchester-United-Ligue-des-Champions-2019.png","type":"image\/png"}],"author":"Flo Ostermann","twitter_card":"summary_large_image","twitter_creator":"@https:\/\/twitter.com\/FlOstermann","twitter_site":"@dicodusport","schema":{"@context":"https:\/\/schema.org","@graph":[{"@type":"NewsArticle","@id":"https:\/\/dicodusport.fr\/blog\/psg-manchester-united-les-notes-des-parisiens\/#article","isPartOf":{"@id":"https:\/\/dicodusport.fr\/blog\/psg-manchester-united-les-notes-des-parisiens\/"},"author":{"name":"Flo Ostermann","@id":"https:\/\/dicodusport.fr\/blog\/#\/schema\/person\/cb02af4c173ce4a653b55e9baf388d4a"},"headline":"PSG &#8211; Manchester United : les notes des Parisiens","datePublished":"2019-03-06T21:57:26+00:00","dateModified":"2025-09-16T07:14:42+00:00","mainEntityOfPage":{"@id":"https:\/\/dicodusport.fr\/blog\/psg-manchester-united-les-notes-des-parisiens\/"},"wordCount":623,"commentCount":0,"publisher":{"@id":"https:\/\/dicodusport.fr\/blog\/#organization"},"image":{"@id":"https:\/\/dicodusport.fr\/blog\/psg-manchester-united-les-notes-des-parisiens\/#primaryimage"},"thumbnailUrl":"https:\/\/dicodusport.fr\/blog\/wp-content\/uploads\/2019\/03\/Notes-PSG-Manchester-United-Ligue-des-Champions-2019.png","keywords":["champions league","Football","Ligue des champions","Manchester United","Notes Paris","Paris","PSG"],"articleSection":["Football","Ligue des Champions de football"],"inLanguage":"fr-FR","potentialAction":[{"@type":"CommentAction","name":"Comment","target":["https:\/\/dicodusport.fr\/blog\/psg-manchester-united-les-notes-des-parisiens\/#respond"]}],"copyrightYear":"2019","copyrightHolder":{"@id":"https:\/\/dicodusport.fr\/blog\/#organization"}},{"@type":"WebPage","@id":"https:\/\/dicodusport.fr\/blog\/psg-manchester-united-les-notes-des-parisiens\/","url":"https:\/\/dicodusport.fr\/blog\/psg-manchester-united-les-notes-des-parisiens\/","name":"PSG - Manchester United : les notes des Parisiens","isPartOf":{"@id":"https:\/\/dicodusport.fr\/blog\/#website"},"primaryImageOfPage":{"@id":"https:\/\/dicodusport.fr\/blog\/psg-manchester-united-les-notes-des-parisiens\/#primaryimage"},"image":{"@id":"https:\/\/dicodusport.fr\/blog\/psg-manchester-united-les-notes-des-parisiens\/#primaryimage"},"thumbnailUrl":"https:\/\/dicodusport.fr\/blog\/wp-content\/uploads\/2019\/03\/Notes-PSG-Manchester-United-Ligue-des-Champions-2019.png","datePublished":"2019-03-06T21:57:26+00:00","dateModified":"2025-09-16T07:14:42+00:00","description":"Champions League - Un cauchemar ! Paris est \u00e9limin\u00e9 de la Ligue des Champions apr\u00e8s sa d\u00e9faite au Parc des Princes (1-3). Nos notes des Parisiens.","inLanguage":"fr-FR","potentialAction":[{"@type":"ReadAction","target":["https:\/\/dicodusport.fr\/blog\/psg-manchester-united-les-notes-des-parisiens\/"]}]},{"@type":"ImageObject","inLanguage":"fr-FR","@id":"https:\/\/dicodusport.fr\/blog\/psg-manchester-united-les-notes-des-parisiens\/#primaryimage","url":"https:\/\/dicodusport.fr\/blog\/wp-content\/uploads\/2019\/03\/Notes-PSG-Manchester-United-Ligue-des-Champions-2019.png","contentUrl":"https:\/\/dicodusport.fr\/blog\/wp-content\/uploads\/2019\/03\/Notes-PSG-Manchester-United-Ligue-des-Champions-2019.png","width":800,"height":445},{"@type":"WebSite","@id":"https:\/\/dicodusport.fr\/blog\/#website","url":"https:\/\/dicodusport.fr\/blog\/","name":"Dicodusport","description":"L&#039;encyclop\u00e9die de l&#039;actualit\u00e9 sportive","publisher":{"@id":"https:\/\/dicodusport.fr\/blog\/#organization"},"potentialAction":[{"@type":"SearchAction","target":{"@type":"EntryPoint","urlTemplate":"https:\/\/dicodusport.fr\/blog\/?s={search_term_string}"},"query-input":{"@type":"PropertyValueSpecification","valueRequired":true,"valueName":"search_term_string"}}],"inLanguage":"fr-FR"},{"@type":"NewsMediaOrganization","@id":"https:\/\/dicodusport.fr\/blog\/#organization","name":"Dicodusport","url":"https:\/\/dicodusport.fr\/blog\/","logo":{"@type":"ImageObject","inLanguage":"fr-FR","@id":"https:\/\/dicodusport.fr\/blog\/#\/schema\/logo\/image\/","url":"https:\/\/dicodusport.fr\/blog\/wp-content\/uploads\/2020\/06\/cropped-LOGO-DICODUSPORT-2020-SANS-FOND-SANS-TEXTE.png","contentUrl":"https:\/\/dicodusport.fr\/blog\/wp-content\/uploads\/2020\/06\/cropped-LOGO-DICODUSPORT-2020-SANS-FOND-SANS-TEXTE.png","width":512,"height":512,"caption":"Dicodusport"},"image":{"@id":"https:\/\/dicodusport.fr\/blog\/#\/schema\/logo\/image\/"},"sameAs":["https:\/\/www.facebook.com\/dicodusport","https:\/\/x.com\/dicodusport","https:\/\/www.instagram.com\/dicodusport\/","https:\/\/www.youtube.com\/channel\/UC7V2KZ5sd3htJivAbA4ZG3w"],"description":"Dicodusport est l'encyclop\u00e9die de l'actualit\u00e9 sportive.","email":"bonjour@dicodusport.fr","legalName":"DICODUSPORT","foundingDate":"2018-01-14","vatID":"FR71834470973","taxID":"83447097300043","numberOfEmployees":{"@type":"QuantitativeValue","minValue":"1","maxValue":"10"}},{"@type":"Person","@id":"https:\/\/dicodusport.fr\/blog\/#\/schema\/person\/cb02af4c173ce4a653b55e9baf388d4a","name":"Flo Ostermann","image":{"@type":"ImageObject","inLanguage":"fr-FR","@id":"https:\/\/dicodusport.fr\/blog\/#\/schema\/person\/image\/","url":"https:\/\/dicodusport.fr\/blog\/wp-content\/uploads\/2021\/05\/Flo-Ostermann-150x150.jpg","contentUrl":"https:\/\/dicodusport.fr\/blog\/wp-content\/uploads\/2021\/05\/Flo-Ostermann-150x150.jpg","caption":"Flo Ostermann"},"description":"Journaliste\/R\u00e9dacteur depuis septembre 2015 - Mes premiers souvenirs dans le sport ? Les envol\u00e9es du Stade Toulousain et les duels Villeneuve-Schumacher et H\u00e4kkinen-Schumacher \u00e0 la fin des ann\u00e9es 90, la Coupe du monde de football en 1998, l\u2019exploit du XV de France face aux All Blacks en 1999, mais aussi Richard C\u0153ur de Lion qui vole sur les montagnes du Tour de France. Bien parti pour devenir professeur d\u2019EPS, les \u00e9v\u00e9nements de la vie (et la flemme d\u2019animer des s\u00e9ances de 3x500 m\u00e8tres toute ma vie) m\u2019ont conduit \u00e0 revoir mes plans. Me voil\u00e0 depuis fin 2017 sur Dicodusport, m\u00e9dia gr\u00e2ce (et pour) lequel je partage ma passion : le sport dans tous ses \u00e9tats. Le tout accompagn\u00e9 par les fous furieux et folles furieuses cit\u00e9s sur cette page !","sameAs":["https:\/\/www.facebook.com\/florent.ostermann","https:\/\/x.com\/https:\/\/twitter.com\/FlOstermann","admin"],"url":"https:\/\/dicodusport.fr\/blog\/author\/flo\/"}]}},"_links":{"self":[{"href":"https:\/\/dicodusport.fr\/blog\/wp-json\/wp\/v2\/posts\/34769","targetHints":{"allow":["GET"]}}],"collection":[{"href":"https:\/\/dicodusport.fr\/blog\/wp-json\/wp\/v2\/posts"}],"about":[{"href":"https:\/\/dicodusport.fr\/blog\/wp-json\/wp\/v2\/types\/post"}],"author":[{"embeddable":true,"href":"https:\/\/dicodusport.fr\/blog\/wp-json\/wp\/v2\/users\/4"}],"replies":[{"embeddable":true,"href":"https:\/\/dicodusport.fr\/blog\/wp-json\/wp\/v2\/comments?post=34769"}],"version-history":[{"count":1,"href":"https:\/\/dicodusport.fr\/blog\/wp-json\/wp\/v2\/posts\/34769\/revisions"}],"predecessor-version":[{"id":611774,"href":"https:\/\/dicodusport.fr\/blog\/wp-json\/wp\/v2\/posts\/34769\/revisions\/611774"}],"wp:featuredmedia":[{"embeddable":true,"href":"https:\/\/dicodusport.fr\/blog\/wp-json\/wp\/v2\/media\/34780"}],"wp:attachment":[{"href":"https:\/\/dicodusport.fr\/blog\/wp-json\/wp\/v2\/media?parent=34769"}],"wp:term":[{"taxonomy":"category","embeddable":true,"href":"https:\/\/dicodusport.fr\/blog\/wp-json\/wp\/v2\/categories?post=34769"},{"taxonomy":"post_tag","embeddable":true,"href":"https:\/\/dicodusport.fr\/blog\/wp-json\/wp\/v2\/tags?post=34769"}],"curies":[{"name":"wp","href":"https:\/\/api.w.org\/{rel}","templated":true}]}}